{"id":14124,"date":"2014-05-27T19:54:49","date_gmt":"2014-05-27T21:54:49","guid":{"rendered":"http:\/\/eldigitaldeasturias.com\/magazine365\/?p=14124"},"modified":"2014-05-27T19:54:49","modified_gmt":"2014-05-27T21:54:49","slug":"tom-cruise-asegura-que-al-filo-del-manana-tiene-una-primera-escena-impresionante","status":"publish","type":"post","link":"https:\/\/eldigitaldeasturias.com\/magazine365\/tom-cruise-asegura-que-al-filo-del-manana-tiene-una-primera-escena-impresionante\/","title":{"rendered":"Tom Cruise asegura que \u00abAl filo del ma\u00f1ana\u00bb tiene una primera escena impresionante\u00bb"},"content":{"rendered":"<p><img fetchpriority=\"high\" decoding=\"async\" class=\"alignleft size-medium wp-image-14125\" alt=\"6305548w\" src=\"https:\/\/eldigitaldeasturias.com\/magazine365\/wp-content\/uploads\/2014\/05\/6305548w-360x242.jpg\" width=\"360\" height=\"242\" \/>Londres, 27 may (EFE).- Tom Cruise destac\u00f3 hoy la calidad de la primera escena de la pel\u00edcula \u00abAl dilo del ma\u00f1ana\u00bb, filme de acci\u00f3n que protagoniza junto a Emily Blunt y que se estrena ma\u00f1ana en Par\u00eds, Londres y Nueva York.<\/p>\n<p>La primera escena es un plano a\u00e9reo de la c\u00e9ntrica Plaza de Trafalgar de Londres, con un resultado \u00abimpresionante\u00bb, seg\u00fan el actor de 51 a\u00f1os.<\/p>\n<p>En declaraciones a la cadena brit\u00e1nica BBC, Cruise, que interpreta al comandante William Cage en la cinta, explic\u00f3 que fue la primera vez que un helic\u00f3ptero civil tuvo permiso para sobrevolar la c\u00e9ntrica plaza de la capital brit\u00e1nica.<\/p>\n<p>A su vez, Emily Blunt de 31 a\u00f1os cont\u00f3 a la cadena p\u00fablica brit\u00e1nica lo divertido que fue el rodaje y las bromas que se gastaron dentro del equipo.<\/p>\n<p>\u00abEmpuj\u00e1bamos a Tom al suelo con el traje que lleva en la pel\u00edcula ya que era tan pesado que necesitaba al menos cuatro personas para que se pudiera levantar\u00bb, relat\u00f3 la actriz inglesa.<\/p>\n<p>La presentaci\u00f3n de la pel\u00edcula supondr\u00e1 adem\u00e1s un reto para los protagonistas, pues la llevar\u00e1n a cabo en solo 24 horas en Londres, Par\u00eds y Nueva York.<\/p>\n<p>El desaf\u00edo de Cruise y Blunt comenzar\u00e1 a las 07.00 de la ma\u00f1ana con una alfombra roja en Londres, donde a las 09.00 se proyectar\u00e1 el filme, un \u00abthriller\u00bb de acci\u00f3n y ciencia-ficci\u00f3n dirigido por Doug Liman (\u00abEl caso Bourne\u00bb).<\/p>\n<p>Sin pausa, los actores se dirigir\u00e1n a Par\u00eds, donde a las 14.00 del mediod\u00eda desfilar\u00e1n ante sus fans, antes de que se exhiba la pel\u00edcula a las 16.00 horas.<\/p>\n<p>La \u00faltima parada de esta sorprendente promoci\u00f3n de \u00abAl filo del ma\u00f1ana\u00bb tendr\u00e1 lugar en Nueva York, donde a las 22.00 horas los actores llegar\u00e1n a la \u00abpremiere\u00bb de la cinta, antes de que, a las 23.59 horas, al filo del d\u00eda 29, se proyecte la pel\u00edcula.<\/p>\n<p>Londres y Par\u00eds son dos de los escenarios en los que transcurre \u00abEdge of Tomorrow\u00bb, pel\u00edcula en la que el comandante William Cage (Cruise) se enfrenta a una invasi\u00f3n alien\u00edgena, en apariencia invencible, y muere a los pocos minutos de iniciar la lucha.<\/p>\n<p>Sin embargo, Cage se encuentra atrapado en un bucle temporal que provoca que, tras fallecer, vuelva a la vida y siga con su lucha repetidamente, de manera que, cada vez que muere, es m\u00e1s habilidoso y est\u00e1 cada vez m\u00e1s cerca de vencer por fin a los invasores junto a la agente de las fuerzas especiales Rita Vrataski (Blunt).<\/p>\n<p>La pel\u00edcula est\u00e1 basada en la novela \u00abAll you need is kill\u00bb de Hiroshi Sakuraza y cuenta en el reparto con otros actores como Bill Paxton o Brendan Gleeson.<\/p>\n","protected":false},"excerpt":{"rendered":"<p>Londres, 27 may (EFE).- Tom Cruise destac\u00f3 hoy la calidad de la primera escena de la pel\u00edcula \u00abAl dilo del ma\u00f1ana\u00bb, filme de acci\u00f3n que protagoniza junto a Emily Blunt y que se estrena ma\u00f1ana en Par\u00eds, Londres y Nueva York. La primera escena es un plano a\u00e9reo de la c\u00e9ntrica Plaza de Trafalgar de<\/p>\n","protected":false},"author":1,"featured_media":14125,"comment_status":"open","ping_status":"closed","sticky":false,"template":"","format":"standard","meta":{"footnotes":""},"categories":[224],"tags":[],"class_list":{"0":"post-14124","1":"post","2":"type-post","3":"status-publish","4":"format-standard","5":"has-post-thumbnail","7":"category-noticias-actualidad"},"aioseo_notices":[],"aioseo_head":"\n\t\t<!-- All in One SEO Pro 4.9.6.1 - aioseo.com -->\n\t<meta name=\"description\" content=\"Londres, 27 may (EFE).- Tom Cruise destac\u00f3 hoy la calidad de la primera escena de la pel\u00edcula &quot;Al dilo del ma\u00f1ana&quot;, filme de acci\u00f3n que protagoniza junto a Emily Blunt y que se estrena ma\u00f1ana en Par\u00eds, Londres y Nueva York. La primera escena es un plano a\u00e9reo de la c\u00e9ntrica Plaza de Trafalgar de\" \/>\n\t<meta name=\"robots\" content=\"max-image-preview:large\" \/>\n\t<meta name=\"author\" content=\"admin\"\/>\n\t<meta name=\"google-site-verification\" content=\"UA-38556648-1\" \/>\n\t<meta name=\"keywords\" content=\"noticias y actualidad\" \/>\n\t<link rel=\"canonical\" href=\"https:\/\/eldigitaldeasturias.com\/magazine365\/tom-cruise-asegura-que-al-filo-del-manana-tiene-una-primera-escena-impresionante\/\" \/>\n\t<meta name=\"generator\" content=\"All in One SEO Pro (AIOSEO) 4.9.6.1\" \/>\n\t\t<meta property=\"og:locale\" content=\"es_ES\" \/>\n\t\t<meta property=\"og:site_name\" content=\"El Digital de Asturias \u2013 Revista de ocio, turismo y estilo de vida\" \/>\n\t\t<meta property=\"og:type\" content=\"article\" \/>\n\t\t<meta property=\"og:title\" content=\"Tom Cruise asegura que \u00abAl filo del ma\u00f1ana\u00bb tiene una primera escena impresionante\u00bb | El Digital de Asturias\" \/>\n\t\t<meta property=\"og:description\" content=\"Londres, 27 may (EFE).- Tom Cruise destac\u00f3 hoy la calidad de la primera escena de la pel\u00edcula &quot;Al dilo del ma\u00f1ana&quot;, filme de acci\u00f3n que protagoniza junto a Emily Blunt y que se estrena ma\u00f1ana en Par\u00eds, Londres y Nueva York. La primera escena es un plano a\u00e9reo de la c\u00e9ntrica Plaza de Trafalgar de\" \/>\n\t\t<meta property=\"og:url\" content=\"https:\/\/eldigitaldeasturias.com\/magazine365\/tom-cruise-asegura-que-al-filo-del-manana-tiene-una-primera-escena-impresionante\/\" \/>\n\t\t<meta property=\"og:image\" content=\"https:\/\/eldigitaldeasturias.com\/magazine365\/wp-content\/uploads\/2014\/05\/6305548w.jpg\" \/>\n\t\t<meta property=\"og:image:secure_url\" content=\"https:\/\/eldigitaldeasturias.com\/magazine365\/wp-content\/uploads\/2014\/05\/6305548w.jpg\" \/>\n\t\t<meta property=\"og:image:width\" content=\"800\" \/>\n\t\t<meta property=\"og:image:height\" content=\"539\" \/>\n\t\t<meta property=\"article:published_time\" content=\"2014-05-27T21:54:49+00:00\" \/>\n\t\t<meta property=\"article:modified_time\" content=\"2014-05-27T21:54:49+00:00\" \/>\n\t\t<meta name=\"twitter:card\" content=\"summary_large_image\" \/>\n\t\t<meta name=\"twitter:title\" content=\"Tom Cruise asegura que \u00abAl filo del ma\u00f1ana\u00bb tiene una primera escena impresionante\u00bb | El Digital de Asturias\" \/>\n\t\t<meta name=\"twitter:description\" content=\"Londres, 27 may (EFE).- Tom Cruise destac\u00f3 hoy la calidad de la primera escena de la pel\u00edcula &quot;Al dilo del ma\u00f1ana&quot;, filme de acci\u00f3n que protagoniza junto a Emily Blunt y que se estrena ma\u00f1ana en Par\u00eds, Londres y Nueva York. La primera escena es un plano a\u00e9reo de la c\u00e9ntrica Plaza de Trafalgar de\" \/>\n\t\t<meta name=\"twitter:image\" content=\"https:\/\/eldigitaldeasturias.com\/magazine365\/wp-content\/uploads\/2014\/05\/6305548w.jpg\" \/>\n\t\t<script type=\"application\/ld+json\" class=\"aioseo-schema\">\n\t\t\t{\"@context\":\"https:\\\/\\\/schema.org\",\"@graph\":[{\"@type\":\"Article\",\"@id\":\"https:\\\/\\\/eldigitaldeasturias.com\\\/magazine365\\\/tom-cruise-asegura-que-al-filo-del-manana-tiene-una-primera-escena-impresionante\\\/#article\",\"name\":\"Tom Cruise asegura que \\u00abAl filo del ma\\u00f1ana\\u00bb tiene una primera escena impresionante\\u00bb | El Digital de Asturias\",\"headline\":\"Tom Cruise asegura que \\u00abAl filo del ma\\u00f1ana\\u00bb tiene una primera escena impresionante\\u00bb\",\"author\":{\"@id\":\"https:\\\/\\\/eldigitaldeasturias.com\\\/magazine365\\\/author\\\/admin\\\/#author\"},\"publisher\":{\"@id\":\"https:\\\/\\\/eldigitaldeasturias.com\\\/magazine365\\\/#organization\"},\"image\":{\"@type\":\"ImageObject\",\"url\":\"https:\\\/\\\/eldigitaldeasturias.com\\\/magazine365\\\/wp-content\\\/uploads\\\/2014\\\/05\\\/6305548w.jpg\",\"width\":800,\"height\":539},\"datePublished\":\"2014-05-27T19:54:49+02:00\",\"dateModified\":\"2014-05-27T19:54:49+02:00\",\"inLanguage\":\"es-ES\",\"mainEntityOfPage\":{\"@id\":\"https:\\\/\\\/eldigitaldeasturias.com\\\/magazine365\\\/tom-cruise-asegura-que-al-filo-del-manana-tiene-una-primera-escena-impresionante\\\/#webpage\"},\"isPartOf\":{\"@id\":\"https:\\\/\\\/eldigitaldeasturias.com\\\/magazine365\\\/tom-cruise-asegura-que-al-filo-del-manana-tiene-una-primera-escena-impresionante\\\/#webpage\"},\"articleSection\":\"Noticias y Actualidad\"},{\"@type\":\"BreadcrumbList\",\"@id\":\"https:\\\/\\\/eldigitaldeasturias.com\\\/magazine365\\\/tom-cruise-asegura-que-al-filo-del-manana-tiene-una-primera-escena-impresionante\\\/#breadcrumblist\",\"itemListElement\":[{\"@type\":\"ListItem\",\"@id\":\"https:\\\/\\\/eldigitaldeasturias.com\\\/magazine365#listItem\",\"position\":1,\"name\":\"Home\",\"item\":\"https:\\\/\\\/eldigitaldeasturias.com\\\/magazine365\",\"nextItem\":{\"@type\":\"ListItem\",\"@id\":\"https:\\\/\\\/eldigitaldeasturias.com\\\/magazine365\\\/category\\\/noticias-actualidad\\\/#listItem\",\"name\":\"Noticias y Actualidad\"}},{\"@type\":\"ListItem\",\"@id\":\"https:\\\/\\\/eldigitaldeasturias.com\\\/magazine365\\\/category\\\/noticias-actualidad\\\/#listItem\",\"position\":2,\"name\":\"Noticias y Actualidad\",\"item\":\"https:\\\/\\\/eldigitaldeasturias.com\\\/magazine365\\\/category\\\/noticias-actualidad\\\/\",\"nextItem\":{\"@type\":\"ListItem\",\"@id\":\"https:\\\/\\\/eldigitaldeasturias.com\\\/magazine365\\\/tom-cruise-asegura-que-al-filo-del-manana-tiene-una-primera-escena-impresionante\\\/#listItem\",\"name\":\"Tom Cruise asegura que \\u00abAl filo del ma\\u00f1ana\\u00bb tiene una primera escena impresionante\\u00bb\"},\"previousItem\":{\"@type\":\"ListItem\",\"@id\":\"https:\\\/\\\/eldigitaldeasturias.com\\\/magazine365#listItem\",\"name\":\"Home\"}},{\"@type\":\"ListItem\",\"@id\":\"https:\\\/\\\/eldigitaldeasturias.com\\\/magazine365\\\/tom-cruise-asegura-que-al-filo-del-manana-tiene-una-primera-escena-impresionante\\\/#listItem\",\"position\":3,\"name\":\"Tom Cruise asegura que \\u00abAl filo del ma\\u00f1ana\\u00bb tiene una primera escena impresionante\\u00bb\",\"previousItem\":{\"@type\":\"ListItem\",\"@id\":\"https:\\\/\\\/eldigitaldeasturias.com\\\/magazine365\\\/category\\\/noticias-actualidad\\\/#listItem\",\"name\":\"Noticias y Actualidad\"}}]},{\"@type\":\"Organization\",\"@id\":\"https:\\\/\\\/eldigitaldeasturias.com\\\/magazine365\\\/#organization\",\"name\":\"El digital de Asturias\",\"description\":\"Revista de ocio, turismo y estilo de vida\",\"url\":\"https:\\\/\\\/eldigitaldeasturias.com\\\/magazine365\\\/\",\"logo\":{\"@type\":\"ImageObject\",\"url\":\"https:\\\/\\\/www.eldigitaldeasturias.com\\\/noticias\\\/wp-content\\\/uploads\\\/2020\\\/12\\\/EDA.jpg\",\"@id\":\"https:\\\/\\\/eldigitaldeasturias.com\\\/magazine365\\\/tom-cruise-asegura-que-al-filo-del-manana-tiene-una-primera-escena-impresionante\\\/#organizationLogo\"},\"image\":{\"@id\":\"https:\\\/\\\/eldigitaldeasturias.com\\\/magazine365\\\/tom-cruise-asegura-que-al-filo-del-manana-tiene-una-primera-escena-impresionante\\\/#organizationLogo\"}},{\"@type\":\"Person\",\"@id\":\"https:\\\/\\\/eldigitaldeasturias.com\\\/magazine365\\\/author\\\/admin\\\/#author\",\"url\":\"https:\\\/\\\/eldigitaldeasturias.com\\\/magazine365\\\/author\\\/admin\\\/\",\"name\":\"admin\",\"image\":{\"@type\":\"ImageObject\",\"@id\":\"https:\\\/\\\/eldigitaldeasturias.com\\\/magazine365\\\/tom-cruise-asegura-que-al-filo-del-manana-tiene-una-primera-escena-impresionante\\\/#authorImage\",\"url\":\"https:\\\/\\\/eldigitaldeasturias.com\\\/magazine365\\\/wp-content\\\/litespeed\\\/avatar\\\/e571bcf59a0edd6fa6838245a470f2fe.jpg?ver=1776969259\",\"width\":96,\"height\":96,\"caption\":\"admin\"}},{\"@type\":\"WebPage\",\"@id\":\"https:\\\/\\\/eldigitaldeasturias.com\\\/magazine365\\\/tom-cruise-asegura-que-al-filo-del-manana-tiene-una-primera-escena-impresionante\\\/#webpage\",\"url\":\"https:\\\/\\\/eldigitaldeasturias.com\\\/magazine365\\\/tom-cruise-asegura-que-al-filo-del-manana-tiene-una-primera-escena-impresionante\\\/\",\"name\":\"Tom Cruise asegura que \\u00abAl filo del ma\\u00f1ana\\u00bb tiene una primera escena impresionante\\u00bb | El Digital de Asturias\",\"description\":\"Londres, 27 may (EFE).- Tom Cruise destac\\u00f3 hoy la calidad de la primera escena de la pel\\u00edcula \\\"Al dilo del ma\\u00f1ana\\\", filme de acci\\u00f3n que protagoniza junto a Emily Blunt y que se estrena ma\\u00f1ana en Par\\u00eds, Londres y Nueva York. La primera escena es un plano a\\u00e9reo de la c\\u00e9ntrica Plaza de Trafalgar de\",\"inLanguage\":\"es-ES\",\"isPartOf\":{\"@id\":\"https:\\\/\\\/eldigitaldeasturias.com\\\/magazine365\\\/#website\"},\"breadcrumb\":{\"@id\":\"https:\\\/\\\/eldigitaldeasturias.com\\\/magazine365\\\/tom-cruise-asegura-que-al-filo-del-manana-tiene-una-primera-escena-impresionante\\\/#breadcrumblist\"},\"author\":{\"@id\":\"https:\\\/\\\/eldigitaldeasturias.com\\\/magazine365\\\/author\\\/admin\\\/#author\"},\"creator\":{\"@id\":\"https:\\\/\\\/eldigitaldeasturias.com\\\/magazine365\\\/author\\\/admin\\\/#author\"},\"image\":{\"@type\":\"ImageObject\",\"url\":\"https:\\\/\\\/eldigitaldeasturias.com\\\/magazine365\\\/wp-content\\\/uploads\\\/2014\\\/05\\\/6305548w.jpg\",\"@id\":\"https:\\\/\\\/eldigitaldeasturias.com\\\/magazine365\\\/tom-cruise-asegura-que-al-filo-del-manana-tiene-una-primera-escena-impresionante\\\/#mainImage\",\"width\":800,\"height\":539},\"primaryImageOfPage\":{\"@id\":\"https:\\\/\\\/eldigitaldeasturias.com\\\/magazine365\\\/tom-cruise-asegura-que-al-filo-del-manana-tiene-una-primera-escena-impresionante\\\/#mainImage\"},\"datePublished\":\"2014-05-27T19:54:49+02:00\",\"dateModified\":\"2014-05-27T19:54:49+02:00\"},{\"@type\":\"WebSite\",\"@id\":\"https:\\\/\\\/eldigitaldeasturias.com\\\/magazine365\\\/#website\",\"url\":\"https:\\\/\\\/eldigitaldeasturias.com\\\/magazine365\\\/\",\"name\":\"El Digital de Asturias\",\"description\":\"Revista de ocio, turismo y estilo de vida\",\"inLanguage\":\"es-ES\",\"publisher\":{\"@id\":\"https:\\\/\\\/eldigitaldeasturias.com\\\/magazine365\\\/#organization\"}}]}\n\t\t<\/script>\n\t\t<!-- All in One SEO Pro -->\r\n\t\t<title>Tom Cruise asegura que \u00abAl filo del ma\u00f1ana\u00bb tiene una primera escena impresionante\u00bb | El Digital de Asturias<\/title>\n\n","aioseo_head_json":{"title":"Tom Cruise asegura que \u00abAl filo del ma\u00f1ana\u00bb tiene una primera escena impresionante\u00bb | El Digital de Asturias","description":"Londres, 27 may (EFE).- Tom Cruise destac\u00f3 hoy la calidad de la primera escena de la pel\u00edcula \"Al dilo del ma\u00f1ana\", filme de acci\u00f3n que protagoniza junto a Emily Blunt y que se estrena ma\u00f1ana en Par\u00eds, Londres y Nueva York. La primera escena es un plano a\u00e9reo de la c\u00e9ntrica Plaza de Trafalgar de","canonical_url":"https:\/\/eldigitaldeasturias.com\/magazine365\/tom-cruise-asegura-que-al-filo-del-manana-tiene-una-primera-escena-impresionante\/","robots":"max-image-preview:large","keywords":"noticias y actualidad","webmasterTools":{"google-site-verification":"UA-38556648-1","miscellaneous":""},"schema":{"@context":"https:\/\/schema.org","@graph":[{"@type":"Article","@id":"https:\/\/eldigitaldeasturias.com\/magazine365\/tom-cruise-asegura-que-al-filo-del-manana-tiene-una-primera-escena-impresionante\/#article","name":"Tom Cruise asegura que \u00abAl filo del ma\u00f1ana\u00bb tiene una primera escena impresionante\u00bb | El Digital de Asturias","headline":"Tom Cruise asegura que \u00abAl filo del ma\u00f1ana\u00bb tiene una primera escena impresionante\u00bb","author":{"@id":"https:\/\/eldigitaldeasturias.com\/magazine365\/author\/admin\/#author"},"publisher":{"@id":"https:\/\/eldigitaldeasturias.com\/magazine365\/#organization"},"image":{"@type":"ImageObject","url":"https:\/\/eldigitaldeasturias.com\/magazine365\/wp-content\/uploads\/2014\/05\/6305548w.jpg","width":800,"height":539},"datePublished":"2014-05-27T19:54:49+02:00","dateModified":"2014-05-27T19:54:49+02:00","inLanguage":"es-ES","mainEntityOfPage":{"@id":"https:\/\/eldigitaldeasturias.com\/magazine365\/tom-cruise-asegura-que-al-filo-del-manana-tiene-una-primera-escena-impresionante\/#webpage"},"isPartOf":{"@id":"https:\/\/eldigitaldeasturias.com\/magazine365\/tom-cruise-asegura-que-al-filo-del-manana-tiene-una-primera-escena-impresionante\/#webpage"},"articleSection":"Noticias y Actualidad"},{"@type":"BreadcrumbList","@id":"https:\/\/eldigitaldeasturias.com\/magazine365\/tom-cruise-asegura-que-al-filo-del-manana-tiene-una-primera-escena-impresionante\/#breadcrumblist","itemListElement":[{"@type":"ListItem","@id":"https:\/\/eldigitaldeasturias.com\/magazine365#listItem","position":1,"name":"Home","item":"https:\/\/eldigitaldeasturias.com\/magazine365","nextItem":{"@type":"ListItem","@id":"https:\/\/eldigitaldeasturias.com\/magazine365\/category\/noticias-actualidad\/#listItem","name":"Noticias y Actualidad"}},{"@type":"ListItem","@id":"https:\/\/eldigitaldeasturias.com\/magazine365\/category\/noticias-actualidad\/#listItem","position":2,"name":"Noticias y Actualidad","item":"https:\/\/eldigitaldeasturias.com\/magazine365\/category\/noticias-actualidad\/","nextItem":{"@type":"ListItem","@id":"https:\/\/eldigitaldeasturias.com\/magazine365\/tom-cruise-asegura-que-al-filo-del-manana-tiene-una-primera-escena-impresionante\/#listItem","name":"Tom Cruise asegura que \u00abAl filo del ma\u00f1ana\u00bb tiene una primera escena impresionante\u00bb"},"previousItem":{"@type":"ListItem","@id":"https:\/\/eldigitaldeasturias.com\/magazine365#listItem","name":"Home"}},{"@type":"ListItem","@id":"https:\/\/eldigitaldeasturias.com\/magazine365\/tom-cruise-asegura-que-al-filo-del-manana-tiene-una-primera-escena-impresionante\/#listItem","position":3,"name":"Tom Cruise asegura que \u00abAl filo del ma\u00f1ana\u00bb tiene una primera escena impresionante\u00bb","previousItem":{"@type":"ListItem","@id":"https:\/\/eldigitaldeasturias.com\/magazine365\/category\/noticias-actualidad\/#listItem","name":"Noticias y Actualidad"}}]},{"@type":"Organization","@id":"https:\/\/eldigitaldeasturias.com\/magazine365\/#organization","name":"El digital de Asturias","description":"Revista de ocio, turismo y estilo de vida","url":"https:\/\/eldigitaldeasturias.com\/magazine365\/","logo":{"@type":"ImageObject","url":"https:\/\/www.eldigitaldeasturias.com\/noticias\/wp-content\/uploads\/2020\/12\/EDA.jpg","@id":"https:\/\/eldigitaldeasturias.com\/magazine365\/tom-cruise-asegura-que-al-filo-del-manana-tiene-una-primera-escena-impresionante\/#organizationLogo"},"image":{"@id":"https:\/\/eldigitaldeasturias.com\/magazine365\/tom-cruise-asegura-que-al-filo-del-manana-tiene-una-primera-escena-impresionante\/#organizationLogo"}},{"@type":"Person","@id":"https:\/\/eldigitaldeasturias.com\/magazine365\/author\/admin\/#author","url":"https:\/\/eldigitaldeasturias.com\/magazine365\/author\/admin\/","name":"admin","image":{"@type":"ImageObject","@id":"https:\/\/eldigitaldeasturias.com\/magazine365\/tom-cruise-asegura-que-al-filo-del-manana-tiene-una-primera-escena-impresionante\/#authorImage","url":"https:\/\/eldigitaldeasturias.com\/magazine365\/wp-content\/litespeed\/avatar\/e571bcf59a0edd6fa6838245a470f2fe.jpg?ver=1776969259","width":96,"height":96,"caption":"admin"}},{"@type":"WebPage","@id":"https:\/\/eldigitaldeasturias.com\/magazine365\/tom-cruise-asegura-que-al-filo-del-manana-tiene-una-primera-escena-impresionante\/#webpage","url":"https:\/\/eldigitaldeasturias.com\/magazine365\/tom-cruise-asegura-que-al-filo-del-manana-tiene-una-primera-escena-impresionante\/","name":"Tom Cruise asegura que \u00abAl filo del ma\u00f1ana\u00bb tiene una primera escena impresionante\u00bb | El Digital de Asturias","description":"Londres, 27 may (EFE).- Tom Cruise destac\u00f3 hoy la calidad de la primera escena de la pel\u00edcula \"Al dilo del ma\u00f1ana\", filme de acci\u00f3n que protagoniza junto a Emily Blunt y que se estrena ma\u00f1ana en Par\u00eds, Londres y Nueva York. La primera escena es un plano a\u00e9reo de la c\u00e9ntrica Plaza de Trafalgar de","inLanguage":"es-ES","isPartOf":{"@id":"https:\/\/eldigitaldeasturias.com\/magazine365\/#website"},"breadcrumb":{"@id":"https:\/\/eldigitaldeasturias.com\/magazine365\/tom-cruise-asegura-que-al-filo-del-manana-tiene-una-primera-escena-impresionante\/#breadcrumblist"},"author":{"@id":"https:\/\/eldigitaldeasturias.com\/magazine365\/author\/admin\/#author"},"creator":{"@id":"https:\/\/eldigitaldeasturias.com\/magazine365\/author\/admin\/#author"},"image":{"@type":"ImageObject","url":"https:\/\/eldigitaldeasturias.com\/magazine365\/wp-content\/uploads\/2014\/05\/6305548w.jpg","@id":"https:\/\/eldigitaldeasturias.com\/magazine365\/tom-cruise-asegura-que-al-filo-del-manana-tiene-una-primera-escena-impresionante\/#mainImage","width":800,"height":539},"primaryImageOfPage":{"@id":"https:\/\/eldigitaldeasturias.com\/magazine365\/tom-cruise-asegura-que-al-filo-del-manana-tiene-una-primera-escena-impresionante\/#mainImage"},"datePublished":"2014-05-27T19:54:49+02:00","dateModified":"2014-05-27T19:54:49+02:00"},{"@type":"WebSite","@id":"https:\/\/eldigitaldeasturias.com\/magazine365\/#website","url":"https:\/\/eldigitaldeasturias.com\/magazine365\/","name":"El Digital de Asturias","description":"Revista de ocio, turismo y estilo de vida","inLanguage":"es-ES","publisher":{"@id":"https:\/\/eldigitaldeasturias.com\/magazine365\/#organization"}}]},"og:locale":"es_ES","og:site_name":"El Digital de Asturias \u2013 Revista de ocio, turismo y estilo de vida","og:type":"article","og:title":"Tom Cruise asegura que \u00abAl filo del ma\u00f1ana\u00bb tiene una primera escena impresionante\u00bb | El Digital de Asturias","og:description":"Londres, 27 may (EFE).- Tom Cruise destac\u00f3 hoy la calidad de la primera escena de la pel\u00edcula &quot;Al dilo del ma\u00f1ana&quot;, filme de acci\u00f3n que protagoniza junto a Emily Blunt y que se estrena ma\u00f1ana en Par\u00eds, Londres y Nueva York. La primera escena es un plano a\u00e9reo de la c\u00e9ntrica Plaza de Trafalgar de","og:url":"https:\/\/eldigitaldeasturias.com\/magazine365\/tom-cruise-asegura-que-al-filo-del-manana-tiene-una-primera-escena-impresionante\/","og:image":"https:\/\/eldigitaldeasturias.com\/magazine365\/wp-content\/uploads\/2014\/05\/6305548w.jpg","og:image:secure_url":"https:\/\/eldigitaldeasturias.com\/magazine365\/wp-content\/uploads\/2014\/05\/6305548w.jpg","og:image:width":800,"og:image:height":539,"article:published_time":"2014-05-27T21:54:49+00:00","article:modified_time":"2014-05-27T21:54:49+00:00","twitter:card":"summary_large_image","twitter:title":"Tom Cruise asegura que \u00abAl filo del ma\u00f1ana\u00bb tiene una primera escena impresionante\u00bb | El Digital de Asturias","twitter:description":"Londres, 27 may (EFE).- Tom Cruise destac\u00f3 hoy la calidad de la primera escena de la pel\u00edcula &quot;Al dilo del ma\u00f1ana&quot;, filme de acci\u00f3n que protagoniza junto a Emily Blunt y que se estrena ma\u00f1ana en Par\u00eds, Londres y Nueva York. La primera escena es un plano a\u00e9reo de la c\u00e9ntrica Plaza de Trafalgar de","twitter:image":"https:\/\/eldigitaldeasturias.com\/magazine365\/wp-content\/uploads\/2014\/05\/6305548w.jpg"},"aioseo_meta_data":{"post_id":"14124","title":null,"description":null,"keywords":null,"keyphrases":null,"primary_term":null,"canonical_url":null,"og_title":null,"og_description":null,"og_object_type":"default","og_image_type":"default","og_image_url":null,"og_image_width":null,"og_image_height":null,"og_image_custom_url":null,"og_image_custom_fields":null,"og_video":null,"og_custom_url":null,"og_article_section":null,"og_article_tags":null,"twitter_use_og":false,"twitter_card":"default","twitter_image_type":"default","twitter_image_url":null,"twitter_image_custom_url":null,"twitter_image_custom_fields":null,"twitter_title":null,"twitter_description":null,"schema":{"blockGraphs":[],"customGraphs":[],"default":{"data":{"Article":[],"Course":[],"Dataset":[],"FAQPage":[],"Movie":[],"Person":[],"Product":[],"ProductReview":[],"Car":[],"Recipe":[],"Service":[],"SoftwareApplication":[],"WebPage":[]},"graphName":"","isEnabled":true},"graphs":[],"defaultGraph":"","defaultPostTypeGraph":""},"schema_type":null,"schema_type_options":null,"pillar_content":false,"robots_default":true,"robots_noindex":false,"robots_noarchive":false,"robots_nosnippet":false,"robots_nofollow":false,"robots_noimageindex":false,"robots_noodp":false,"robots_notranslate":false,"robots_max_snippet":null,"robots_max_videopreview":null,"robots_max_imagepreview":"large","priority":null,"frequency":null,"location":null,"local_seo":null,"seo_analyzer_scan_date":"2025-09-17 09:34:00","breadcrumb_settings":null,"limit_modified_date":false,"open_ai":null,"ai":null,"created":"2021-03-09 08:19:40","updated":"2025-09-17 09:34:00"},"aioseo_breadcrumb":"<div class=\"aioseo-breadcrumbs\"><span class=\"aioseo-breadcrumb\">\n\t<a href=\"https:\/\/eldigitaldeasturias.com\/magazine365\" title=\"Home\">Home<\/a>\n<\/span><span class=\"aioseo-breadcrumb-separator\">\u2013<\/span><span class=\"aioseo-breadcrumb\">\n\t<a href=\"https:\/\/eldigitaldeasturias.com\/magazine365\/category\/noticias-actualidad\/\" title=\"Noticias y Actualidad\">Noticias y Actualidad<\/a>\n<\/span><span class=\"aioseo-breadcrumb-separator\">\u2013<\/span><span class=\"aioseo-breadcrumb\">\n\t<a href=\"https:\/\/eldigitaldeasturias.com\/magazine365\/tom-cruise-asegura-que-al-filo-del-manana-tiene-una-primera-escena-impresionante\/\" title=\"Tom Cruise asegura que \u00abAl filo del ma\u00f1ana\u00bb tiene una primera escena impresionante\u00bb\">Tom Cruise asegura que \u00abAl filo del ma\u00f1ana\u00bb tiene una primera escena impresionante\u00bb<\/a>\n<\/span><\/div>","aioseo_breadcrumb_json":[{"label":"Home","link":"https:\/\/eldigitaldeasturias.com\/magazine365"},{"label":"Noticias y Actualidad","link":"https:\/\/eldigitaldeasturias.com\/magazine365\/category\/noticias-actualidad\/"},{"label":"Tom Cruise asegura que \u00abAl filo del ma\u00f1ana\u00bb tiene una primera escena impresionante\u00bb","link":"https:\/\/eldigitaldeasturias.com\/magazine365\/tom-cruise-asegura-que-al-filo-del-manana-tiene-una-primera-escena-impresionante\/"}],"_links":{"self":[{"href":"https:\/\/eldigitaldeasturias.com\/magazine365\/wp-json\/wp\/v2\/posts\/14124","targetHints":{"allow":["GET"]}}],"collection":[{"href":"https:\/\/eldigitaldeasturias.com\/magazine365\/wp-json\/wp\/v2\/posts"}],"about":[{"href":"https:\/\/eldigitaldeasturias.com\/magazine365\/wp-json\/wp\/v2\/types\/post"}],"author":[{"embeddable":true,"href":"https:\/\/eldigitaldeasturias.com\/magazine365\/wp-json\/wp\/v2\/users\/1"}],"replies":[{"embeddable":true,"href":"https:\/\/eldigitaldeasturias.com\/magazine365\/wp-json\/wp\/v2\/comments?post=14124"}],"version-history":[{"count":0,"href":"https:\/\/eldigitaldeasturias.com\/magazine365\/wp-json\/wp\/v2\/posts\/14124\/revisions"}],"wp:featuredmedia":[{"embeddable":true,"href":"https:\/\/eldigitaldeasturias.com\/magazine365\/wp-json\/wp\/v2\/media\/14125"}],"wp:attachment":[{"href":"https:\/\/eldigitaldeasturias.com\/magazine365\/wp-json\/wp\/v2\/media?parent=14124"}],"wp:term":[{"taxonomy":"category","embeddable":true,"href":"https:\/\/eldigitaldeasturias.com\/magazine365\/wp-json\/wp\/v2\/categories?post=14124"},{"taxonomy":"post_tag","embeddable":true,"href":"https:\/\/eldigitaldeasturias.com\/magazine365\/wp-json\/wp\/v2\/tags?post=14124"}],"curies":[{"name":"wp","href":"https:\/\/api.w.org\/{rel}","templated":true}]}}