{"id":14121,"date":"2014-05-27T19:53:27","date_gmt":"2014-05-27T21:53:27","guid":{"rendered":"http:\/\/eldigitaldeasturias.com\/magazine365\/?p=14121"},"modified":"2014-05-27T19:53:27","modified_gmt":"2014-05-27T21:53:27","slug":"henry-mendez-quiere-ser-algo-mas-que-la-cancion-del-verano-con-su-primer-cd","status":"publish","type":"post","link":"https:\/\/eldigitaldeasturias.com\/magazine365\/henry-mendez-quiere-ser-algo-mas-que-la-cancion-del-verano-con-su-primer-cd\/","title":{"rendered":"Henry M\u00e9ndez quiere ser \u00abalgo m\u00e1s\u00bb que la canci\u00f3n del verano con su primer CD"},"content":{"rendered":"<p><img fetchpriority=\"high\" decoding=\"async\" class=\"alignleft size-medium wp-image-14122\" alt=\"6305521w\" src=\"https:\/\/eldigitaldeasturias.com\/magazine365\/wp-content\/uploads\/2014\/05\/6305521w-360x256.jpg\" width=\"360\" height=\"256\" \/>Madrid, 27 may (EFE)- Aunque su madre le dec\u00eda que cantaba mal hasta en la ducha, Henry M\u00e9ndez ha logrado hacerse un hueco en el mundo de la m\u00fasica y tras conseguir s\u00faperventas con \u00abRayos de sol\u00bb o \u00abEl tibur\u00f3n\u00bb, presenta \u00abDale Mambo\u00bb, su primer \u00e1lbum en solitario con el que pretende ser \u00abalgo m\u00e1s\u00bb que la canci\u00f3n del verano.<\/p>\n<p>El cantante dominicano, afincado en Barcelona, ha reconocido hoy en una entrevista con Efe que est\u00e1 \u00abun poco nervioso\u00bb con la salida de su primer CD, desde hoy a la venta, porque es \u00abuna responsabilidad mucho m\u00e1s grande que sacar sencillos\u00bb.<\/p>\n<p>\u00abDale Mambo\u00bb, que contiene versiones de sus canciones m\u00e1s conocidas, incluye temas in\u00e9ditos en los que ha contado con la colaboraci\u00f3n de artistas como Dulce Mar\u00eda, ex componente del grupo Rebelde, con la que interpreta \u00abNo regresa m\u00e1s\u00bb o la espa\u00f1ola Dama, que le acompa\u00f1a en la versi\u00f3n ac\u00fastica de \u00abNoche de estrellas\u00bb.<\/p>\n<p>Sus primeros pasos en la m\u00fasica, muy presente en su vida desde que era peque\u00f1o gracias a su abuelo, que tocaba el acorde\u00f3n en un conjunto de m\u00fasica regional de Rep\u00fablica Dominicana, fueron en el hip hop.<\/p>\n<p>\u00abCon el rap aprendes a &#8216;disuadir&#8217; los problemas a trav\u00e9s de la m\u00fasica, soltando lo que se te pasa por la cabeza sin ning\u00fan tipo de censura\u00bb, destaca.<\/p>\n<p>Aun as\u00ed, M\u00e9ndez nunca ha utilizado frases agresivas en sus letras, ya que pretende \u00abser dulce\u00bb con un lenguaje \u00abcuidado y simp\u00e1tico\u00bb que pueda llegar a todos los p\u00fablicos, desde los m\u00e1s ni\u00f1os a los adultos.<\/p>\n<p>En cuanto a la pirater\u00eda, el interprete dominicano considera que es un dilema y que aunque se deber\u00eda \u00abcortar de forma tajante\u00bb es normal que la gente no se compre un disco o pague una entrada de cine con un sueldo de 800 euros.<\/p>\n<p>\u00abEs verdad que a muchos les cuesta meter mi m\u00fasica en la cultura pero la verdad es que los n\u00fameros hablan por s\u00ed mismos y seguimos trabajando con el objetivo de que todo el mundo baile, disfrute y que no piense en problemas\u00bb, se\u00f1ala.<\/p>\n<p>El cantante, que no imagina su vida sin la m\u00fasica, tiene su propio sello discogr\u00e1fico, Flow Records, con el que apuesta por nuevos talentos, a los que tiende la mano con la intenci\u00f3n de que puedan firmar su primer contrato.<\/p>\n<p>Con \u00abDale Mambo\u00bb sigue en la misma onda de hacer letras positivas porque, argumenta, \u00abpara hablar de problemas est\u00e1 la pol\u00edtica\u00bb e intenta sonre\u00edr siempre ya que considera que su felicidad y su \u00abbuen rollo\u00bb es lo que logra que sus canciones sean m\u00e1s pegadizas y bailables.<\/p>\n<p>M\u00e9ndez se considera un privilegiado por dedicarse a lo que m\u00e1s le gusta, reconoce, pero tiene claro los sue\u00f1os que le quedan por cumplir, como ganar un premio importante que le de reconocimiento, aunque es un tema que no le obsesiona: \u00abintento disfrutar de mi carrera, mi familia y mis amigos\u00bb, concluye.<\/p>\n","protected":false},"excerpt":{"rendered":"<p>Madrid, 27 may (EFE)- Aunque su madre le dec\u00eda que cantaba mal hasta en la ducha, Henry M\u00e9ndez ha logrado hacerse un hueco en el mundo de la m\u00fasica y tras conseguir s\u00faperventas con \u00abRayos de sol\u00bb o \u00abEl tibur\u00f3n\u00bb, presenta \u00abDale Mambo\u00bb, su primer \u00e1lbum en solitario con el que pretende ser \u00abalgo m\u00e1s\u00bb<\/p>\n","protected":false},"author":1,"featured_media":14122,"comment_status":"open","ping_status":"closed","sticky":false,"template":"","format":"standard","meta":{"footnotes":""},"categories":[224],"tags":[],"class_list":{"0":"post-14121","1":"post","2":"type-post","3":"status-publish","4":"format-standard","5":"has-post-thumbnail","7":"category-noticias-actualidad"},"aioseo_notices":[],"aioseo_head":"\n\t\t<!-- All in One SEO Pro 4.9.6.1 - aioseo.com -->\n\t<meta name=\"description\" content=\"Madrid, 27 may (EFE)- Aunque su madre le dec\u00eda que cantaba mal hasta en la ducha, Henry M\u00e9ndez ha logrado hacerse un hueco en el mundo de la m\u00fasica y tras conseguir s\u00faperventas con &quot;Rayos de sol&quot; o &quot;El tibur\u00f3n&quot;, presenta &quot;Dale Mambo&quot;, su primer \u00e1lbum en solitario con el que pretende ser &quot;algo m\u00e1s&quot;\" \/>\n\t<meta name=\"robots\" content=\"max-image-preview:large\" \/>\n\t<meta name=\"author\" content=\"admin\"\/>\n\t<meta name=\"google-site-verification\" content=\"UA-38556648-1\" \/>\n\t<meta name=\"keywords\" content=\"noticias y actualidad\" \/>\n\t<link rel=\"canonical\" href=\"https:\/\/eldigitaldeasturias.com\/magazine365\/henry-mendez-quiere-ser-algo-mas-que-la-cancion-del-verano-con-su-primer-cd\/\" \/>\n\t<meta name=\"generator\" content=\"All in One SEO Pro (AIOSEO) 4.9.6.1\" \/>\n\t\t<meta property=\"og:locale\" content=\"es_ES\" \/>\n\t\t<meta property=\"og:site_name\" content=\"El Digital de Asturias \u2013 Revista de ocio, turismo y estilo de vida\" \/>\n\t\t<meta property=\"og:type\" content=\"article\" \/>\n\t\t<meta property=\"og:title\" content=\"Henry M\u00e9ndez quiere ser \u00abalgo m\u00e1s\u00bb que la canci\u00f3n del verano con su primer CD | El Digital de Asturias\" \/>\n\t\t<meta property=\"og:description\" content=\"Madrid, 27 may (EFE)- Aunque su madre le dec\u00eda que cantaba mal hasta en la ducha, Henry M\u00e9ndez ha logrado hacerse un hueco en el mundo de la m\u00fasica y tras conseguir s\u00faperventas con &quot;Rayos de sol&quot; o &quot;El tibur\u00f3n&quot;, presenta &quot;Dale Mambo&quot;, su primer \u00e1lbum en solitario con el que pretende ser &quot;algo m\u00e1s&quot;\" \/>\n\t\t<meta property=\"og:url\" content=\"https:\/\/eldigitaldeasturias.com\/magazine365\/henry-mendez-quiere-ser-algo-mas-que-la-cancion-del-verano-con-su-primer-cd\/\" \/>\n\t\t<meta property=\"og:image\" content=\"https:\/\/eldigitaldeasturias.com\/magazine365\/wp-content\/uploads\/2014\/05\/6305521w.jpg\" \/>\n\t\t<meta property=\"og:image:secure_url\" content=\"https:\/\/eldigitaldeasturias.com\/magazine365\/wp-content\/uploads\/2014\/05\/6305521w.jpg\" \/>\n\t\t<meta property=\"og:image:width\" content=\"800\" \/>\n\t\t<meta property=\"og:image:height\" content=\"571\" \/>\n\t\t<meta property=\"article:published_time\" content=\"2014-05-27T21:53:27+00:00\" \/>\n\t\t<meta property=\"article:modified_time\" content=\"2014-05-27T21:53:27+00:00\" \/>\n\t\t<meta name=\"twitter:card\" content=\"summary_large_image\" \/>\n\t\t<meta name=\"twitter:title\" content=\"Henry M\u00e9ndez quiere ser \u00abalgo m\u00e1s\u00bb que la canci\u00f3n del verano con su primer CD | El Digital de Asturias\" \/>\n\t\t<meta name=\"twitter:description\" content=\"Madrid, 27 may (EFE)- Aunque su madre le dec\u00eda que cantaba mal hasta en la ducha, Henry M\u00e9ndez ha logrado hacerse un hueco en el mundo de la m\u00fasica y tras conseguir s\u00faperventas con &quot;Rayos de sol&quot; o &quot;El tibur\u00f3n&quot;, presenta &quot;Dale Mambo&quot;, su primer \u00e1lbum en solitario con el que pretende ser &quot;algo m\u00e1s&quot;\" \/>\n\t\t<meta name=\"twitter:image\" content=\"https:\/\/eldigitaldeasturias.com\/magazine365\/wp-content\/uploads\/2014\/05\/6305521w.jpg\" \/>\n\t\t<script type=\"application\/ld+json\" class=\"aioseo-schema\">\n\t\t\t{\"@context\":\"https:\\\/\\\/schema.org\",\"@graph\":[{\"@type\":\"Article\",\"@id\":\"https:\\\/\\\/eldigitaldeasturias.com\\\/magazine365\\\/henry-mendez-quiere-ser-algo-mas-que-la-cancion-del-verano-con-su-primer-cd\\\/#article\",\"name\":\"Henry M\\u00e9ndez quiere ser \\u00abalgo m\\u00e1s\\u00bb que la canci\\u00f3n del verano con su primer CD | El Digital de Asturias\",\"headline\":\"Henry M\\u00e9ndez quiere ser \\u00abalgo m\\u00e1s\\u00bb que la canci\\u00f3n del verano con su primer CD\",\"author\":{\"@id\":\"https:\\\/\\\/eldigitaldeasturias.com\\\/magazine365\\\/author\\\/admin\\\/#author\"},\"publisher\":{\"@id\":\"https:\\\/\\\/eldigitaldeasturias.com\\\/magazine365\\\/#organization\"},\"image\":{\"@type\":\"ImageObject\",\"url\":\"https:\\\/\\\/eldigitaldeasturias.com\\\/magazine365\\\/wp-content\\\/uploads\\\/2014\\\/05\\\/6305521w.jpg\",\"width\":800,\"height\":571},\"datePublished\":\"2014-05-27T19:53:27+02:00\",\"dateModified\":\"2014-05-27T19:53:27+02:00\",\"inLanguage\":\"es-ES\",\"mainEntityOfPage\":{\"@id\":\"https:\\\/\\\/eldigitaldeasturias.com\\\/magazine365\\\/henry-mendez-quiere-ser-algo-mas-que-la-cancion-del-verano-con-su-primer-cd\\\/#webpage\"},\"isPartOf\":{\"@id\":\"https:\\\/\\\/eldigitaldeasturias.com\\\/magazine365\\\/henry-mendez-quiere-ser-algo-mas-que-la-cancion-del-verano-con-su-primer-cd\\\/#webpage\"},\"articleSection\":\"Noticias y Actualidad\"},{\"@type\":\"BreadcrumbList\",\"@id\":\"https:\\\/\\\/eldigitaldeasturias.com\\\/magazine365\\\/henry-mendez-quiere-ser-algo-mas-que-la-cancion-del-verano-con-su-primer-cd\\\/#breadcrumblist\",\"itemListElement\":[{\"@type\":\"ListItem\",\"@id\":\"https:\\\/\\\/eldigitaldeasturias.com\\\/magazine365#listItem\",\"position\":1,\"name\":\"Home\",\"item\":\"https:\\\/\\\/eldigitaldeasturias.com\\\/magazine365\",\"nextItem\":{\"@type\":\"ListItem\",\"@id\":\"https:\\\/\\\/eldigitaldeasturias.com\\\/magazine365\\\/category\\\/noticias-actualidad\\\/#listItem\",\"name\":\"Noticias y Actualidad\"}},{\"@type\":\"ListItem\",\"@id\":\"https:\\\/\\\/eldigitaldeasturias.com\\\/magazine365\\\/category\\\/noticias-actualidad\\\/#listItem\",\"position\":2,\"name\":\"Noticias y Actualidad\",\"item\":\"https:\\\/\\\/eldigitaldeasturias.com\\\/magazine365\\\/category\\\/noticias-actualidad\\\/\",\"nextItem\":{\"@type\":\"ListItem\",\"@id\":\"https:\\\/\\\/eldigitaldeasturias.com\\\/magazine365\\\/henry-mendez-quiere-ser-algo-mas-que-la-cancion-del-verano-con-su-primer-cd\\\/#listItem\",\"name\":\"Henry M\\u00e9ndez quiere ser \\u00abalgo m\\u00e1s\\u00bb que la canci\\u00f3n del verano con su primer CD\"},\"previousItem\":{\"@type\":\"ListItem\",\"@id\":\"https:\\\/\\\/eldigitaldeasturias.com\\\/magazine365#listItem\",\"name\":\"Home\"}},{\"@type\":\"ListItem\",\"@id\":\"https:\\\/\\\/eldigitaldeasturias.com\\\/magazine365\\\/henry-mendez-quiere-ser-algo-mas-que-la-cancion-del-verano-con-su-primer-cd\\\/#listItem\",\"position\":3,\"name\":\"Henry M\\u00e9ndez quiere ser \\u00abalgo m\\u00e1s\\u00bb que la canci\\u00f3n del verano con su primer CD\",\"previousItem\":{\"@type\":\"ListItem\",\"@id\":\"https:\\\/\\\/eldigitaldeasturias.com\\\/magazine365\\\/category\\\/noticias-actualidad\\\/#listItem\",\"name\":\"Noticias y Actualidad\"}}]},{\"@type\":\"Organization\",\"@id\":\"https:\\\/\\\/eldigitaldeasturias.com\\\/magazine365\\\/#organization\",\"name\":\"El digital de Asturias\",\"description\":\"Revista de ocio, turismo y estilo de vida\",\"url\":\"https:\\\/\\\/eldigitaldeasturias.com\\\/magazine365\\\/\",\"logo\":{\"@type\":\"ImageObject\",\"url\":\"https:\\\/\\\/www.eldigitaldeasturias.com\\\/noticias\\\/wp-content\\\/uploads\\\/2020\\\/12\\\/EDA.jpg\",\"@id\":\"https:\\\/\\\/eldigitaldeasturias.com\\\/magazine365\\\/henry-mendez-quiere-ser-algo-mas-que-la-cancion-del-verano-con-su-primer-cd\\\/#organizationLogo\"},\"image\":{\"@id\":\"https:\\\/\\\/eldigitaldeasturias.com\\\/magazine365\\\/henry-mendez-quiere-ser-algo-mas-que-la-cancion-del-verano-con-su-primer-cd\\\/#organizationLogo\"}},{\"@type\":\"Person\",\"@id\":\"https:\\\/\\\/eldigitaldeasturias.com\\\/magazine365\\\/author\\\/admin\\\/#author\",\"url\":\"https:\\\/\\\/eldigitaldeasturias.com\\\/magazine365\\\/author\\\/admin\\\/\",\"name\":\"admin\",\"image\":{\"@type\":\"ImageObject\",\"@id\":\"https:\\\/\\\/eldigitaldeasturias.com\\\/magazine365\\\/henry-mendez-quiere-ser-algo-mas-que-la-cancion-del-verano-con-su-primer-cd\\\/#authorImage\",\"url\":\"https:\\\/\\\/eldigitaldeasturias.com\\\/magazine365\\\/wp-content\\\/litespeed\\\/avatar\\\/e571bcf59a0edd6fa6838245a470f2fe.jpg?ver=1776969259\",\"width\":96,\"height\":96,\"caption\":\"admin\"}},{\"@type\":\"WebPage\",\"@id\":\"https:\\\/\\\/eldigitaldeasturias.com\\\/magazine365\\\/henry-mendez-quiere-ser-algo-mas-que-la-cancion-del-verano-con-su-primer-cd\\\/#webpage\",\"url\":\"https:\\\/\\\/eldigitaldeasturias.com\\\/magazine365\\\/henry-mendez-quiere-ser-algo-mas-que-la-cancion-del-verano-con-su-primer-cd\\\/\",\"name\":\"Henry M\\u00e9ndez quiere ser \\u00abalgo m\\u00e1s\\u00bb que la canci\\u00f3n del verano con su primer CD | El Digital de Asturias\",\"description\":\"Madrid, 27 may (EFE)- Aunque su madre le dec\\u00eda que cantaba mal hasta en la ducha, Henry M\\u00e9ndez ha logrado hacerse un hueco en el mundo de la m\\u00fasica y tras conseguir s\\u00faperventas con \\\"Rayos de sol\\\" o \\\"El tibur\\u00f3n\\\", presenta \\\"Dale Mambo\\\", su primer \\u00e1lbum en solitario con el que pretende ser \\\"algo m\\u00e1s\\\"\",\"inLanguage\":\"es-ES\",\"isPartOf\":{\"@id\":\"https:\\\/\\\/eldigitaldeasturias.com\\\/magazine365\\\/#website\"},\"breadcrumb\":{\"@id\":\"https:\\\/\\\/eldigitaldeasturias.com\\\/magazine365\\\/henry-mendez-quiere-ser-algo-mas-que-la-cancion-del-verano-con-su-primer-cd\\\/#breadcrumblist\"},\"author\":{\"@id\":\"https:\\\/\\\/eldigitaldeasturias.com\\\/magazine365\\\/author\\\/admin\\\/#author\"},\"creator\":{\"@id\":\"https:\\\/\\\/eldigitaldeasturias.com\\\/magazine365\\\/author\\\/admin\\\/#author\"},\"image\":{\"@type\":\"ImageObject\",\"url\":\"https:\\\/\\\/eldigitaldeasturias.com\\\/magazine365\\\/wp-content\\\/uploads\\\/2014\\\/05\\\/6305521w.jpg\",\"@id\":\"https:\\\/\\\/eldigitaldeasturias.com\\\/magazine365\\\/henry-mendez-quiere-ser-algo-mas-que-la-cancion-del-verano-con-su-primer-cd\\\/#mainImage\",\"width\":800,\"height\":571},\"primaryImageOfPage\":{\"@id\":\"https:\\\/\\\/eldigitaldeasturias.com\\\/magazine365\\\/henry-mendez-quiere-ser-algo-mas-que-la-cancion-del-verano-con-su-primer-cd\\\/#mainImage\"},\"datePublished\":\"2014-05-27T19:53:27+02:00\",\"dateModified\":\"2014-05-27T19:53:27+02:00\"},{\"@type\":\"WebSite\",\"@id\":\"https:\\\/\\\/eldigitaldeasturias.com\\\/magazine365\\\/#website\",\"url\":\"https:\\\/\\\/eldigitaldeasturias.com\\\/magazine365\\\/\",\"name\":\"El Digital de Asturias\",\"description\":\"Revista de ocio, turismo y estilo de vida\",\"inLanguage\":\"es-ES\",\"publisher\":{\"@id\":\"https:\\\/\\\/eldigitaldeasturias.com\\\/magazine365\\\/#organization\"}}]}\n\t\t<\/script>\n\t\t<!-- All in One SEO Pro -->\r\n\t\t<title>Henry M\u00e9ndez quiere ser \u00abalgo m\u00e1s\u00bb que la canci\u00f3n del verano con su primer CD | El Digital de Asturias<\/title>\n\n","aioseo_head_json":{"title":"Henry M\u00e9ndez quiere ser \u00abalgo m\u00e1s\u00bb que la canci\u00f3n del verano con su primer CD | El Digital de Asturias","description":"Madrid, 27 may (EFE)- Aunque su madre le dec\u00eda que cantaba mal hasta en la ducha, Henry M\u00e9ndez ha logrado hacerse un hueco en el mundo de la m\u00fasica y tras conseguir s\u00faperventas con \"Rayos de sol\" o \"El tibur\u00f3n\", presenta \"Dale Mambo\", su primer \u00e1lbum en solitario con el que pretende ser \"algo m\u00e1s\"","canonical_url":"https:\/\/eldigitaldeasturias.com\/magazine365\/henry-mendez-quiere-ser-algo-mas-que-la-cancion-del-verano-con-su-primer-cd\/","robots":"max-image-preview:large","keywords":"noticias y actualidad","webmasterTools":{"google-site-verification":"UA-38556648-1","miscellaneous":""},"schema":{"@context":"https:\/\/schema.org","@graph":[{"@type":"Article","@id":"https:\/\/eldigitaldeasturias.com\/magazine365\/henry-mendez-quiere-ser-algo-mas-que-la-cancion-del-verano-con-su-primer-cd\/#article","name":"Henry M\u00e9ndez quiere ser \u00abalgo m\u00e1s\u00bb que la canci\u00f3n del verano con su primer CD | El Digital de Asturias","headline":"Henry M\u00e9ndez quiere ser \u00abalgo m\u00e1s\u00bb que la canci\u00f3n del verano con su primer CD","author":{"@id":"https:\/\/eldigitaldeasturias.com\/magazine365\/author\/admin\/#author"},"publisher":{"@id":"https:\/\/eldigitaldeasturias.com\/magazine365\/#organization"},"image":{"@type":"ImageObject","url":"https:\/\/eldigitaldeasturias.com\/magazine365\/wp-content\/uploads\/2014\/05\/6305521w.jpg","width":800,"height":571},"datePublished":"2014-05-27T19:53:27+02:00","dateModified":"2014-05-27T19:53:27+02:00","inLanguage":"es-ES","mainEntityOfPage":{"@id":"https:\/\/eldigitaldeasturias.com\/magazine365\/henry-mendez-quiere-ser-algo-mas-que-la-cancion-del-verano-con-su-primer-cd\/#webpage"},"isPartOf":{"@id":"https:\/\/eldigitaldeasturias.com\/magazine365\/henry-mendez-quiere-ser-algo-mas-que-la-cancion-del-verano-con-su-primer-cd\/#webpage"},"articleSection":"Noticias y Actualidad"},{"@type":"BreadcrumbList","@id":"https:\/\/eldigitaldeasturias.com\/magazine365\/henry-mendez-quiere-ser-algo-mas-que-la-cancion-del-verano-con-su-primer-cd\/#breadcrumblist","itemListElement":[{"@type":"ListItem","@id":"https:\/\/eldigitaldeasturias.com\/magazine365#listItem","position":1,"name":"Home","item":"https:\/\/eldigitaldeasturias.com\/magazine365","nextItem":{"@type":"ListItem","@id":"https:\/\/eldigitaldeasturias.com\/magazine365\/category\/noticias-actualidad\/#listItem","name":"Noticias y Actualidad"}},{"@type":"ListItem","@id":"https:\/\/eldigitaldeasturias.com\/magazine365\/category\/noticias-actualidad\/#listItem","position":2,"name":"Noticias y Actualidad","item":"https:\/\/eldigitaldeasturias.com\/magazine365\/category\/noticias-actualidad\/","nextItem":{"@type":"ListItem","@id":"https:\/\/eldigitaldeasturias.com\/magazine365\/henry-mendez-quiere-ser-algo-mas-que-la-cancion-del-verano-con-su-primer-cd\/#listItem","name":"Henry M\u00e9ndez quiere ser \u00abalgo m\u00e1s\u00bb que la canci\u00f3n del verano con su primer CD"},"previousItem":{"@type":"ListItem","@id":"https:\/\/eldigitaldeasturias.com\/magazine365#listItem","name":"Home"}},{"@type":"ListItem","@id":"https:\/\/eldigitaldeasturias.com\/magazine365\/henry-mendez-quiere-ser-algo-mas-que-la-cancion-del-verano-con-su-primer-cd\/#listItem","position":3,"name":"Henry M\u00e9ndez quiere ser \u00abalgo m\u00e1s\u00bb que la canci\u00f3n del verano con su primer CD","previousItem":{"@type":"ListItem","@id":"https:\/\/eldigitaldeasturias.com\/magazine365\/category\/noticias-actualidad\/#listItem","name":"Noticias y Actualidad"}}]},{"@type":"Organization","@id":"https:\/\/eldigitaldeasturias.com\/magazine365\/#organization","name":"El digital de Asturias","description":"Revista de ocio, turismo y estilo de vida","url":"https:\/\/eldigitaldeasturias.com\/magazine365\/","logo":{"@type":"ImageObject","url":"https:\/\/www.eldigitaldeasturias.com\/noticias\/wp-content\/uploads\/2020\/12\/EDA.jpg","@id":"https:\/\/eldigitaldeasturias.com\/magazine365\/henry-mendez-quiere-ser-algo-mas-que-la-cancion-del-verano-con-su-primer-cd\/#organizationLogo"},"image":{"@id":"https:\/\/eldigitaldeasturias.com\/magazine365\/henry-mendez-quiere-ser-algo-mas-que-la-cancion-del-verano-con-su-primer-cd\/#organizationLogo"}},{"@type":"Person","@id":"https:\/\/eldigitaldeasturias.com\/magazine365\/author\/admin\/#author","url":"https:\/\/eldigitaldeasturias.com\/magazine365\/author\/admin\/","name":"admin","image":{"@type":"ImageObject","@id":"https:\/\/eldigitaldeasturias.com\/magazine365\/henry-mendez-quiere-ser-algo-mas-que-la-cancion-del-verano-con-su-primer-cd\/#authorImage","url":"https:\/\/eldigitaldeasturias.com\/magazine365\/wp-content\/litespeed\/avatar\/e571bcf59a0edd6fa6838245a470f2fe.jpg?ver=1776969259","width":96,"height":96,"caption":"admin"}},{"@type":"WebPage","@id":"https:\/\/eldigitaldeasturias.com\/magazine365\/henry-mendez-quiere-ser-algo-mas-que-la-cancion-del-verano-con-su-primer-cd\/#webpage","url":"https:\/\/eldigitaldeasturias.com\/magazine365\/henry-mendez-quiere-ser-algo-mas-que-la-cancion-del-verano-con-su-primer-cd\/","name":"Henry M\u00e9ndez quiere ser \u00abalgo m\u00e1s\u00bb que la canci\u00f3n del verano con su primer CD | El Digital de Asturias","description":"Madrid, 27 may (EFE)- Aunque su madre le dec\u00eda que cantaba mal hasta en la ducha, Henry M\u00e9ndez ha logrado hacerse un hueco en el mundo de la m\u00fasica y tras conseguir s\u00faperventas con \"Rayos de sol\" o \"El tibur\u00f3n\", presenta \"Dale Mambo\", su primer \u00e1lbum en solitario con el que pretende ser \"algo m\u00e1s\"","inLanguage":"es-ES","isPartOf":{"@id":"https:\/\/eldigitaldeasturias.com\/magazine365\/#website"},"breadcrumb":{"@id":"https:\/\/eldigitaldeasturias.com\/magazine365\/henry-mendez-quiere-ser-algo-mas-que-la-cancion-del-verano-con-su-primer-cd\/#breadcrumblist"},"author":{"@id":"https:\/\/eldigitaldeasturias.com\/magazine365\/author\/admin\/#author"},"creator":{"@id":"https:\/\/eldigitaldeasturias.com\/magazine365\/author\/admin\/#author"},"image":{"@type":"ImageObject","url":"https:\/\/eldigitaldeasturias.com\/magazine365\/wp-content\/uploads\/2014\/05\/6305521w.jpg","@id":"https:\/\/eldigitaldeasturias.com\/magazine365\/henry-mendez-quiere-ser-algo-mas-que-la-cancion-del-verano-con-su-primer-cd\/#mainImage","width":800,"height":571},"primaryImageOfPage":{"@id":"https:\/\/eldigitaldeasturias.com\/magazine365\/henry-mendez-quiere-ser-algo-mas-que-la-cancion-del-verano-con-su-primer-cd\/#mainImage"},"datePublished":"2014-05-27T19:53:27+02:00","dateModified":"2014-05-27T19:53:27+02:00"},{"@type":"WebSite","@id":"https:\/\/eldigitaldeasturias.com\/magazine365\/#website","url":"https:\/\/eldigitaldeasturias.com\/magazine365\/","name":"El Digital de Asturias","description":"Revista de ocio, turismo y estilo de vida","inLanguage":"es-ES","publisher":{"@id":"https:\/\/eldigitaldeasturias.com\/magazine365\/#organization"}}]},"og:locale":"es_ES","og:site_name":"El Digital de Asturias \u2013 Revista de ocio, turismo y estilo de vida","og:type":"article","og:title":"Henry M\u00e9ndez quiere ser \u00abalgo m\u00e1s\u00bb que la canci\u00f3n del verano con su primer CD | El Digital de Asturias","og:description":"Madrid, 27 may (EFE)- Aunque su madre le dec\u00eda que cantaba mal hasta en la ducha, Henry M\u00e9ndez ha logrado hacerse un hueco en el mundo de la m\u00fasica y tras conseguir s\u00faperventas con &quot;Rayos de sol&quot; o &quot;El tibur\u00f3n&quot;, presenta &quot;Dale Mambo&quot;, su primer \u00e1lbum en solitario con el que pretende ser &quot;algo m\u00e1s&quot;","og:url":"https:\/\/eldigitaldeasturias.com\/magazine365\/henry-mendez-quiere-ser-algo-mas-que-la-cancion-del-verano-con-su-primer-cd\/","og:image":"https:\/\/eldigitaldeasturias.com\/magazine365\/wp-content\/uploads\/2014\/05\/6305521w.jpg","og:image:secure_url":"https:\/\/eldigitaldeasturias.com\/magazine365\/wp-content\/uploads\/2014\/05\/6305521w.jpg","og:image:width":800,"og:image:height":571,"article:published_time":"2014-05-27T21:53:27+00:00","article:modified_time":"2014-05-27T21:53:27+00:00","twitter:card":"summary_large_image","twitter:title":"Henry M\u00e9ndez quiere ser \u00abalgo m\u00e1s\u00bb que la canci\u00f3n del verano con su primer CD | El Digital de Asturias","twitter:description":"Madrid, 27 may (EFE)- Aunque su madre le dec\u00eda que cantaba mal hasta en la ducha, Henry M\u00e9ndez ha logrado hacerse un hueco en el mundo de la m\u00fasica y tras conseguir s\u00faperventas con &quot;Rayos de sol&quot; o &quot;El tibur\u00f3n&quot;, presenta &quot;Dale Mambo&quot;, su primer \u00e1lbum en solitario con el que pretende ser &quot;algo m\u00e1s&quot;","twitter:image":"https:\/\/eldigitaldeasturias.com\/magazine365\/wp-content\/uploads\/2014\/05\/6305521w.jpg"},"aioseo_meta_data":{"post_id":"14121","title":null,"description":null,"keywords":null,"keyphrases":null,"primary_term":null,"canonical_url":null,"og_title":null,"og_description":null,"og_object_type":"default","og_image_type":"default","og_image_url":null,"og_image_width":null,"og_image_height":null,"og_image_custom_url":null,"og_image_custom_fields":null,"og_video":null,"og_custom_url":null,"og_article_section":null,"og_article_tags":null,"twitter_use_og":false,"twitter_card":"default","twitter_image_type":"default","twitter_image_url":null,"twitter_image_custom_url":null,"twitter_image_custom_fields":null,"twitter_title":null,"twitter_description":null,"schema":{"blockGraphs":[],"customGraphs":[],"default":{"data":{"Article":[],"Course":[],"Dataset":[],"FAQPage":[],"Movie":[],"Person":[],"Product":[],"ProductReview":[],"Car":[],"Recipe":[],"Service":[],"SoftwareApplication":[],"WebPage":[]},"graphName":"","isEnabled":true},"graphs":[],"defaultGraph":"","defaultPostTypeGraph":""},"schema_type":null,"schema_type_options":null,"pillar_content":false,"robots_default":true,"robots_noindex":false,"robots_noarchive":false,"robots_nosnippet":false,"robots_nofollow":false,"robots_noimageindex":false,"robots_noodp":false,"robots_notranslate":false,"robots_max_snippet":null,"robots_max_videopreview":null,"robots_max_imagepreview":"large","priority":null,"frequency":null,"location":null,"local_seo":null,"seo_analyzer_scan_date":"2025-09-17 09:33:58","breadcrumb_settings":null,"limit_modified_date":false,"open_ai":null,"ai":null,"created":"2021-03-09 08:19:40","updated":"2025-09-17 09:33:58"},"aioseo_breadcrumb":"<div class=\"aioseo-breadcrumbs\"><span class=\"aioseo-breadcrumb\">\n\t<a href=\"https:\/\/eldigitaldeasturias.com\/magazine365\" title=\"Home\">Home<\/a>\n<\/span><span class=\"aioseo-breadcrumb-separator\">\u2013<\/span><span class=\"aioseo-breadcrumb\">\n\t<a href=\"https:\/\/eldigitaldeasturias.com\/magazine365\/category\/noticias-actualidad\/\" title=\"Noticias y Actualidad\">Noticias y Actualidad<\/a>\n<\/span><span class=\"aioseo-breadcrumb-separator\">\u2013<\/span><span class=\"aioseo-breadcrumb\">\n\t<a href=\"https:\/\/eldigitaldeasturias.com\/magazine365\/henry-mendez-quiere-ser-algo-mas-que-la-cancion-del-verano-con-su-primer-cd\/\" title=\"Henry M\u00e9ndez quiere ser \u00abalgo m\u00e1s\u00bb que la canci\u00f3n del verano con su primer CD\">Henry M\u00e9ndez quiere ser \u00abalgo m\u00e1s\u00bb que la canci\u00f3n del verano con su primer CD<\/a>\n<\/span><\/div>","aioseo_breadcrumb_json":[{"label":"Home","link":"https:\/\/eldigitaldeasturias.com\/magazine365"},{"label":"Noticias y Actualidad","link":"https:\/\/eldigitaldeasturias.com\/magazine365\/category\/noticias-actualidad\/"},{"label":"Henry M\u00e9ndez quiere ser \u00abalgo m\u00e1s\u00bb que la canci\u00f3n del verano con su primer CD","link":"https:\/\/eldigitaldeasturias.com\/magazine365\/henry-mendez-quiere-ser-algo-mas-que-la-cancion-del-verano-con-su-primer-cd\/"}],"_links":{"self":[{"href":"https:\/\/eldigitaldeasturias.com\/magazine365\/wp-json\/wp\/v2\/posts\/14121","targetHints":{"allow":["GET"]}}],"collection":[{"href":"https:\/\/eldigitaldeasturias.com\/magazine365\/wp-json\/wp\/v2\/posts"}],"about":[{"href":"https:\/\/eldigitaldeasturias.com\/magazine365\/wp-json\/wp\/v2\/types\/post"}],"author":[{"embeddable":true,"href":"https:\/\/eldigitaldeasturias.com\/magazine365\/wp-json\/wp\/v2\/users\/1"}],"replies":[{"embeddable":true,"href":"https:\/\/eldigitaldeasturias.com\/magazine365\/wp-json\/wp\/v2\/comments?post=14121"}],"version-history":[{"count":0,"href":"https:\/\/eldigitaldeasturias.com\/magazine365\/wp-json\/wp\/v2\/posts\/14121\/revisions"}],"wp:featuredmedia":[{"embeddable":true,"href":"https:\/\/eldigitaldeasturias.com\/magazine365\/wp-json\/wp\/v2\/media\/14122"}],"wp:attachment":[{"href":"https:\/\/eldigitaldeasturias.com\/magazine365\/wp-json\/wp\/v2\/media?parent=14121"}],"wp:term":[{"taxonomy":"category","embeddable":true,"href":"https:\/\/eldigitaldeasturias.com\/magazine365\/wp-json\/wp\/v2\/categories?post=14121"},{"taxonomy":"post_tag","embeddable":true,"href":"https:\/\/eldigitaldeasturias.com\/magazine365\/wp-json\/wp\/v2\/tags?post=14121"}],"curies":[{"name":"wp","href":"https:\/\/api.w.org\/{rel}","templated":true}]}}