{"id":14115,"date":"2014-05-27T19:50:54","date_gmt":"2014-05-27T21:50:54","guid":{"rendered":"http:\/\/eldigitaldeasturias.com\/magazine365\/?p=14115"},"modified":"2014-05-27T19:50:54","modified_gmt":"2014-05-27T21:50:54","slug":"ocho-apellidos-vascos-recupera-el-primer-puesto-en-la-taquilla-espanola","status":"publish","type":"post","link":"https:\/\/eldigitaldeasturias.com\/magazine365\/ocho-apellidos-vascos-recupera-el-primer-puesto-en-la-taquilla-espanola\/","title":{"rendered":"\u00abOcho apellidos vascos\u00bb recupera el primer puesto en la taquilla espa\u00f1ola"},"content":{"rendered":"<p><img fetchpriority=\"high\" decoding=\"async\" class=\"alignleft size-medium wp-image-14116\" alt=\"6305627w\" src=\"https:\/\/eldigitaldeasturias.com\/magazine365\/wp-content\/uploads\/2014\/05\/6305627w-360x235.jpg\" width=\"360\" height=\"235\" srcset=\"https:\/\/eldigitaldeasturias.com\/magazine365\/wp-content\/uploads\/2014\/05\/6305627w-360x235.jpg 360w, https:\/\/eldigitaldeasturias.com\/magazine365\/wp-content\/uploads\/2014\/05\/6305627w-650x425.jpg 650w, https:\/\/eldigitaldeasturias.com\/magazine365\/wp-content\/uploads\/2014\/05\/6305627w-768x502.jpg 768w, https:\/\/eldigitaldeasturias.com\/magazine365\/wp-content\/uploads\/2014\/05\/6305627w-150x98.jpg 150w, https:\/\/eldigitaldeasturias.com\/magazine365\/wp-content\/uploads\/2014\/05\/6305627w-450x294.jpg 450w, https:\/\/eldigitaldeasturias.com\/magazine365\/wp-content\/uploads\/2014\/05\/6305627w-696x455.jpg 696w, https:\/\/eldigitaldeasturias.com\/magazine365\/wp-content\/uploads\/2014\/05\/6305627w-741x486.jpg 741w, https:\/\/eldigitaldeasturias.com\/magazine365\/wp-content\/uploads\/2014\/05\/6305627w-642x420.jpg 642w, https:\/\/eldigitaldeasturias.com\/magazine365\/wp-content\/uploads\/2014\/05\/6305627w-84x55.jpg 84w, https:\/\/eldigitaldeasturias.com\/magazine365\/wp-content\/uploads\/2014\/05\/6305627w.jpg 800w\" sizes=\"(max-width: 360px) 100vw, 360px\" \/>Madrid, 27 may (EFE).- \u00abOcho apellidos vascos\u00bb ha recuperado el primer puesto de la taquilla espa\u00f1ola y se ha convertido en el largometraje que m\u00e1s tiempo ha permanecido en el n\u00famero uno del \u00abranking\u00bb, tras 63 d\u00edas consecutivos en lo m\u00e1s alto, inform\u00f3 hoy en una nota Mediaset, coproductora del filme.<\/p>\n<p>La comedia, estrenada el 14 de marzo, ha logrado ser la segunda cinta con mayor recaudaci\u00f3n, con 54 millones de euros, solo por detr\u00e1s de \u00abAvatar\u00bb, de James Cameron, y la tercera m\u00e1s vista de la historia del pa\u00eds, con m\u00e1s de 9 millones de espectadores.<\/p>\n<p>\u00abOcho apellidos vascos\u00bb, dirigida por Emilio Mart\u00ednez-L\u00e1zaro y con gui\u00f3n de Borja Cobeaga y Diego San Jos\u00e9, hab\u00eda perdido su privilegiada posici\u00f3n en las \u00faltimas semanas y hab\u00eda descendido al puesto n\u00famero dos.<\/p>\n<p>La pel\u00edcula, de la que se ha anunciado una segunda parte, est\u00e1 protagonizada por Dani Rovira, que se mete en la piel de Rafa, un andaluz de \u00abpura cepa\u00bb y por Clara Lago, que da vida a Amaia, una vasca que se resiste a sus encantos.<\/p>\n","protected":false},"excerpt":{"rendered":"<p>Madrid, 27 may (EFE).- \u00abOcho apellidos vascos\u00bb ha recuperado el primer puesto de la taquilla espa\u00f1ola y se ha convertido en el largometraje que m\u00e1s tiempo ha permanecido en el n\u00famero uno del \u00abranking\u00bb, tras 63 d\u00edas consecutivos en lo m\u00e1s alto, inform\u00f3 hoy en una nota Mediaset, coproductora del filme. La comedia, estrenada el<\/p>\n","protected":false},"author":1,"featured_media":14116,"comment_status":"open","ping_status":"closed","sticky":false,"template":"","format":"standard","meta":{"footnotes":""},"categories":[224],"tags":[],"class_list":{"0":"post-14115","1":"post","2":"type-post","3":"status-publish","4":"format-standard","5":"has-post-thumbnail","7":"category-noticias-actualidad"},"aioseo_notices":[],"aioseo_head":"\n\t\t<!-- All in One SEO Pro 4.9.6.1 - aioseo.com -->\n\t<meta name=\"description\" content=\"Madrid, 27 may (EFE).- &quot;Ocho apellidos vascos&quot; ha recuperado el primer puesto de la taquilla espa\u00f1ola y se ha convertido en el largometraje que m\u00e1s tiempo ha permanecido en el n\u00famero uno del &quot;ranking&quot;, tras 63 d\u00edas consecutivos en lo m\u00e1s alto, inform\u00f3 hoy en una nota Mediaset, coproductora del filme. La comedia, estrenada el\" \/>\n\t<meta name=\"robots\" content=\"max-image-preview:large\" \/>\n\t<meta name=\"author\" content=\"admin\"\/>\n\t<meta name=\"google-site-verification\" content=\"UA-38556648-1\" \/>\n\t<meta name=\"keywords\" content=\"noticias y actualidad\" \/>\n\t<link rel=\"canonical\" href=\"https:\/\/eldigitaldeasturias.com\/magazine365\/ocho-apellidos-vascos-recupera-el-primer-puesto-en-la-taquilla-espanola\/\" \/>\n\t<meta name=\"generator\" content=\"All in One SEO Pro (AIOSEO) 4.9.6.1\" \/>\n\t\t<meta property=\"og:locale\" content=\"es_ES\" \/>\n\t\t<meta property=\"og:site_name\" content=\"El Digital de Asturias \u2013 Revista de ocio, turismo y estilo de vida\" \/>\n\t\t<meta property=\"og:type\" content=\"article\" \/>\n\t\t<meta property=\"og:title\" content=\"\u00abOcho apellidos vascos\u00bb recupera el primer puesto en la taquilla espa\u00f1ola | El Digital de Asturias\" \/>\n\t\t<meta property=\"og:description\" content=\"Madrid, 27 may (EFE).- &quot;Ocho apellidos vascos&quot; ha recuperado el primer puesto de la taquilla espa\u00f1ola y se ha convertido en el largometraje que m\u00e1s tiempo ha permanecido en el n\u00famero uno del &quot;ranking&quot;, tras 63 d\u00edas consecutivos en lo m\u00e1s alto, inform\u00f3 hoy en una nota Mediaset, coproductora del filme. La comedia, estrenada el\" \/>\n\t\t<meta property=\"og:url\" content=\"https:\/\/eldigitaldeasturias.com\/magazine365\/ocho-apellidos-vascos-recupera-el-primer-puesto-en-la-taquilla-espanola\/\" \/>\n\t\t<meta property=\"og:image\" content=\"https:\/\/eldigitaldeasturias.com\/magazine365\/wp-content\/uploads\/2014\/05\/6305627w.jpg\" \/>\n\t\t<meta property=\"og:image:secure_url\" content=\"https:\/\/eldigitaldeasturias.com\/magazine365\/wp-content\/uploads\/2014\/05\/6305627w.jpg\" \/>\n\t\t<meta property=\"og:image:width\" content=\"800\" \/>\n\t\t<meta property=\"og:image:height\" content=\"523\" \/>\n\t\t<meta property=\"article:published_time\" content=\"2014-05-27T21:50:54+00:00\" \/>\n\t\t<meta property=\"article:modified_time\" content=\"2014-05-27T21:50:54+00:00\" \/>\n\t\t<meta name=\"twitter:card\" content=\"summary_large_image\" \/>\n\t\t<meta name=\"twitter:title\" content=\"\u00abOcho apellidos vascos\u00bb recupera el primer puesto en la taquilla espa\u00f1ola | El Digital de Asturias\" \/>\n\t\t<meta name=\"twitter:description\" content=\"Madrid, 27 may (EFE).- &quot;Ocho apellidos vascos&quot; ha recuperado el primer puesto de la taquilla espa\u00f1ola y se ha convertido en el largometraje que m\u00e1s tiempo ha permanecido en el n\u00famero uno del &quot;ranking&quot;, tras 63 d\u00edas consecutivos en lo m\u00e1s alto, inform\u00f3 hoy en una nota Mediaset, coproductora del filme. La comedia, estrenada el\" \/>\n\t\t<meta name=\"twitter:image\" content=\"https:\/\/eldigitaldeasturias.com\/magazine365\/wp-content\/uploads\/2014\/05\/6305627w.jpg\" \/>\n\t\t<script type=\"application\/ld+json\" class=\"aioseo-schema\">\n\t\t\t{\"@context\":\"https:\\\/\\\/schema.org\",\"@graph\":[{\"@type\":\"Article\",\"@id\":\"https:\\\/\\\/eldigitaldeasturias.com\\\/magazine365\\\/ocho-apellidos-vascos-recupera-el-primer-puesto-en-la-taquilla-espanola\\\/#article\",\"name\":\"\\u00abOcho apellidos vascos\\u00bb recupera el primer puesto en la taquilla espa\\u00f1ola | El Digital de Asturias\",\"headline\":\"\\u00abOcho apellidos vascos\\u00bb recupera el primer puesto en la taquilla espa\\u00f1ola\",\"author\":{\"@id\":\"https:\\\/\\\/eldigitaldeasturias.com\\\/magazine365\\\/author\\\/admin\\\/#author\"},\"publisher\":{\"@id\":\"https:\\\/\\\/eldigitaldeasturias.com\\\/magazine365\\\/#organization\"},\"image\":{\"@type\":\"ImageObject\",\"url\":\"https:\\\/\\\/eldigitaldeasturias.com\\\/magazine365\\\/wp-content\\\/uploads\\\/2014\\\/05\\\/6305627w.jpg\",\"width\":800,\"height\":523},\"datePublished\":\"2014-05-27T19:50:54+02:00\",\"dateModified\":\"2014-05-27T19:50:54+02:00\",\"inLanguage\":\"es-ES\",\"mainEntityOfPage\":{\"@id\":\"https:\\\/\\\/eldigitaldeasturias.com\\\/magazine365\\\/ocho-apellidos-vascos-recupera-el-primer-puesto-en-la-taquilla-espanola\\\/#webpage\"},\"isPartOf\":{\"@id\":\"https:\\\/\\\/eldigitaldeasturias.com\\\/magazine365\\\/ocho-apellidos-vascos-recupera-el-primer-puesto-en-la-taquilla-espanola\\\/#webpage\"},\"articleSection\":\"Noticias y Actualidad\"},{\"@type\":\"BreadcrumbList\",\"@id\":\"https:\\\/\\\/eldigitaldeasturias.com\\\/magazine365\\\/ocho-apellidos-vascos-recupera-el-primer-puesto-en-la-taquilla-espanola\\\/#breadcrumblist\",\"itemListElement\":[{\"@type\":\"ListItem\",\"@id\":\"https:\\\/\\\/eldigitaldeasturias.com\\\/magazine365#listItem\",\"position\":1,\"name\":\"Home\",\"item\":\"https:\\\/\\\/eldigitaldeasturias.com\\\/magazine365\",\"nextItem\":{\"@type\":\"ListItem\",\"@id\":\"https:\\\/\\\/eldigitaldeasturias.com\\\/magazine365\\\/category\\\/noticias-actualidad\\\/#listItem\",\"name\":\"Noticias y Actualidad\"}},{\"@type\":\"ListItem\",\"@id\":\"https:\\\/\\\/eldigitaldeasturias.com\\\/magazine365\\\/category\\\/noticias-actualidad\\\/#listItem\",\"position\":2,\"name\":\"Noticias y Actualidad\",\"item\":\"https:\\\/\\\/eldigitaldeasturias.com\\\/magazine365\\\/category\\\/noticias-actualidad\\\/\",\"nextItem\":{\"@type\":\"ListItem\",\"@id\":\"https:\\\/\\\/eldigitaldeasturias.com\\\/magazine365\\\/ocho-apellidos-vascos-recupera-el-primer-puesto-en-la-taquilla-espanola\\\/#listItem\",\"name\":\"\\u00abOcho apellidos vascos\\u00bb recupera el primer puesto en la taquilla espa\\u00f1ola\"},\"previousItem\":{\"@type\":\"ListItem\",\"@id\":\"https:\\\/\\\/eldigitaldeasturias.com\\\/magazine365#listItem\",\"name\":\"Home\"}},{\"@type\":\"ListItem\",\"@id\":\"https:\\\/\\\/eldigitaldeasturias.com\\\/magazine365\\\/ocho-apellidos-vascos-recupera-el-primer-puesto-en-la-taquilla-espanola\\\/#listItem\",\"position\":3,\"name\":\"\\u00abOcho apellidos vascos\\u00bb recupera el primer puesto en la taquilla espa\\u00f1ola\",\"previousItem\":{\"@type\":\"ListItem\",\"@id\":\"https:\\\/\\\/eldigitaldeasturias.com\\\/magazine365\\\/category\\\/noticias-actualidad\\\/#listItem\",\"name\":\"Noticias y Actualidad\"}}]},{\"@type\":\"Organization\",\"@id\":\"https:\\\/\\\/eldigitaldeasturias.com\\\/magazine365\\\/#organization\",\"name\":\"El digital de Asturias\",\"description\":\"Revista de ocio, turismo y estilo de vida\",\"url\":\"https:\\\/\\\/eldigitaldeasturias.com\\\/magazine365\\\/\",\"logo\":{\"@type\":\"ImageObject\",\"url\":\"https:\\\/\\\/www.eldigitaldeasturias.com\\\/noticias\\\/wp-content\\\/uploads\\\/2020\\\/12\\\/EDA.jpg\",\"@id\":\"https:\\\/\\\/eldigitaldeasturias.com\\\/magazine365\\\/ocho-apellidos-vascos-recupera-el-primer-puesto-en-la-taquilla-espanola\\\/#organizationLogo\"},\"image\":{\"@id\":\"https:\\\/\\\/eldigitaldeasturias.com\\\/magazine365\\\/ocho-apellidos-vascos-recupera-el-primer-puesto-en-la-taquilla-espanola\\\/#organizationLogo\"}},{\"@type\":\"Person\",\"@id\":\"https:\\\/\\\/eldigitaldeasturias.com\\\/magazine365\\\/author\\\/admin\\\/#author\",\"url\":\"https:\\\/\\\/eldigitaldeasturias.com\\\/magazine365\\\/author\\\/admin\\\/\",\"name\":\"admin\",\"image\":{\"@type\":\"ImageObject\",\"@id\":\"https:\\\/\\\/eldigitaldeasturias.com\\\/magazine365\\\/ocho-apellidos-vascos-recupera-el-primer-puesto-en-la-taquilla-espanola\\\/#authorImage\",\"url\":\"https:\\\/\\\/eldigitaldeasturias.com\\\/magazine365\\\/wp-content\\\/litespeed\\\/avatar\\\/e571bcf59a0edd6fa6838245a470f2fe.jpg?ver=1776969259\",\"width\":96,\"height\":96,\"caption\":\"admin\"}},{\"@type\":\"WebPage\",\"@id\":\"https:\\\/\\\/eldigitaldeasturias.com\\\/magazine365\\\/ocho-apellidos-vascos-recupera-el-primer-puesto-en-la-taquilla-espanola\\\/#webpage\",\"url\":\"https:\\\/\\\/eldigitaldeasturias.com\\\/magazine365\\\/ocho-apellidos-vascos-recupera-el-primer-puesto-en-la-taquilla-espanola\\\/\",\"name\":\"\\u00abOcho apellidos vascos\\u00bb recupera el primer puesto en la taquilla espa\\u00f1ola | El Digital de Asturias\",\"description\":\"Madrid, 27 may (EFE).- \\\"Ocho apellidos vascos\\\" ha recuperado el primer puesto de la taquilla espa\\u00f1ola y se ha convertido en el largometraje que m\\u00e1s tiempo ha permanecido en el n\\u00famero uno del \\\"ranking\\\", tras 63 d\\u00edas consecutivos en lo m\\u00e1s alto, inform\\u00f3 hoy en una nota Mediaset, coproductora del filme. La comedia, estrenada el\",\"inLanguage\":\"es-ES\",\"isPartOf\":{\"@id\":\"https:\\\/\\\/eldigitaldeasturias.com\\\/magazine365\\\/#website\"},\"breadcrumb\":{\"@id\":\"https:\\\/\\\/eldigitaldeasturias.com\\\/magazine365\\\/ocho-apellidos-vascos-recupera-el-primer-puesto-en-la-taquilla-espanola\\\/#breadcrumblist\"},\"author\":{\"@id\":\"https:\\\/\\\/eldigitaldeasturias.com\\\/magazine365\\\/author\\\/admin\\\/#author\"},\"creator\":{\"@id\":\"https:\\\/\\\/eldigitaldeasturias.com\\\/magazine365\\\/author\\\/admin\\\/#author\"},\"image\":{\"@type\":\"ImageObject\",\"url\":\"https:\\\/\\\/eldigitaldeasturias.com\\\/magazine365\\\/wp-content\\\/uploads\\\/2014\\\/05\\\/6305627w.jpg\",\"@id\":\"https:\\\/\\\/eldigitaldeasturias.com\\\/magazine365\\\/ocho-apellidos-vascos-recupera-el-primer-puesto-en-la-taquilla-espanola\\\/#mainImage\",\"width\":800,\"height\":523},\"primaryImageOfPage\":{\"@id\":\"https:\\\/\\\/eldigitaldeasturias.com\\\/magazine365\\\/ocho-apellidos-vascos-recupera-el-primer-puesto-en-la-taquilla-espanola\\\/#mainImage\"},\"datePublished\":\"2014-05-27T19:50:54+02:00\",\"dateModified\":\"2014-05-27T19:50:54+02:00\"},{\"@type\":\"WebSite\",\"@id\":\"https:\\\/\\\/eldigitaldeasturias.com\\\/magazine365\\\/#website\",\"url\":\"https:\\\/\\\/eldigitaldeasturias.com\\\/magazine365\\\/\",\"name\":\"El Digital de Asturias\",\"description\":\"Revista de ocio, turismo y estilo de vida\",\"inLanguage\":\"es-ES\",\"publisher\":{\"@id\":\"https:\\\/\\\/eldigitaldeasturias.com\\\/magazine365\\\/#organization\"}}]}\n\t\t<\/script>\n\t\t<!-- All in One SEO Pro -->\r\n\t\t<title>\u00abOcho apellidos vascos\u00bb recupera el primer puesto en la taquilla espa\u00f1ola | El Digital de Asturias<\/title>\n\n","aioseo_head_json":{"title":"\u00abOcho apellidos vascos\u00bb recupera el primer puesto en la taquilla espa\u00f1ola | El Digital de Asturias","description":"Madrid, 27 may (EFE).- \"Ocho apellidos vascos\" ha recuperado el primer puesto de la taquilla espa\u00f1ola y se ha convertido en el largometraje que m\u00e1s tiempo ha permanecido en el n\u00famero uno del \"ranking\", tras 63 d\u00edas consecutivos en lo m\u00e1s alto, inform\u00f3 hoy en una nota Mediaset, coproductora del filme. La comedia, estrenada el","canonical_url":"https:\/\/eldigitaldeasturias.com\/magazine365\/ocho-apellidos-vascos-recupera-el-primer-puesto-en-la-taquilla-espanola\/","robots":"max-image-preview:large","keywords":"noticias y actualidad","webmasterTools":{"google-site-verification":"UA-38556648-1","miscellaneous":""},"schema":{"@context":"https:\/\/schema.org","@graph":[{"@type":"Article","@id":"https:\/\/eldigitaldeasturias.com\/magazine365\/ocho-apellidos-vascos-recupera-el-primer-puesto-en-la-taquilla-espanola\/#article","name":"\u00abOcho apellidos vascos\u00bb recupera el primer puesto en la taquilla espa\u00f1ola | El Digital de Asturias","headline":"\u00abOcho apellidos vascos\u00bb recupera el primer puesto en la taquilla espa\u00f1ola","author":{"@id":"https:\/\/eldigitaldeasturias.com\/magazine365\/author\/admin\/#author"},"publisher":{"@id":"https:\/\/eldigitaldeasturias.com\/magazine365\/#organization"},"image":{"@type":"ImageObject","url":"https:\/\/eldigitaldeasturias.com\/magazine365\/wp-content\/uploads\/2014\/05\/6305627w.jpg","width":800,"height":523},"datePublished":"2014-05-27T19:50:54+02:00","dateModified":"2014-05-27T19:50:54+02:00","inLanguage":"es-ES","mainEntityOfPage":{"@id":"https:\/\/eldigitaldeasturias.com\/magazine365\/ocho-apellidos-vascos-recupera-el-primer-puesto-en-la-taquilla-espanola\/#webpage"},"isPartOf":{"@id":"https:\/\/eldigitaldeasturias.com\/magazine365\/ocho-apellidos-vascos-recupera-el-primer-puesto-en-la-taquilla-espanola\/#webpage"},"articleSection":"Noticias y Actualidad"},{"@type":"BreadcrumbList","@id":"https:\/\/eldigitaldeasturias.com\/magazine365\/ocho-apellidos-vascos-recupera-el-primer-puesto-en-la-taquilla-espanola\/#breadcrumblist","itemListElement":[{"@type":"ListItem","@id":"https:\/\/eldigitaldeasturias.com\/magazine365#listItem","position":1,"name":"Home","item":"https:\/\/eldigitaldeasturias.com\/magazine365","nextItem":{"@type":"ListItem","@id":"https:\/\/eldigitaldeasturias.com\/magazine365\/category\/noticias-actualidad\/#listItem","name":"Noticias y Actualidad"}},{"@type":"ListItem","@id":"https:\/\/eldigitaldeasturias.com\/magazine365\/category\/noticias-actualidad\/#listItem","position":2,"name":"Noticias y Actualidad","item":"https:\/\/eldigitaldeasturias.com\/magazine365\/category\/noticias-actualidad\/","nextItem":{"@type":"ListItem","@id":"https:\/\/eldigitaldeasturias.com\/magazine365\/ocho-apellidos-vascos-recupera-el-primer-puesto-en-la-taquilla-espanola\/#listItem","name":"\u00abOcho apellidos vascos\u00bb recupera el primer puesto en la taquilla espa\u00f1ola"},"previousItem":{"@type":"ListItem","@id":"https:\/\/eldigitaldeasturias.com\/magazine365#listItem","name":"Home"}},{"@type":"ListItem","@id":"https:\/\/eldigitaldeasturias.com\/magazine365\/ocho-apellidos-vascos-recupera-el-primer-puesto-en-la-taquilla-espanola\/#listItem","position":3,"name":"\u00abOcho apellidos vascos\u00bb recupera el primer puesto en la taquilla espa\u00f1ola","previousItem":{"@type":"ListItem","@id":"https:\/\/eldigitaldeasturias.com\/magazine365\/category\/noticias-actualidad\/#listItem","name":"Noticias y Actualidad"}}]},{"@type":"Organization","@id":"https:\/\/eldigitaldeasturias.com\/magazine365\/#organization","name":"El digital de Asturias","description":"Revista de ocio, turismo y estilo de vida","url":"https:\/\/eldigitaldeasturias.com\/magazine365\/","logo":{"@type":"ImageObject","url":"https:\/\/www.eldigitaldeasturias.com\/noticias\/wp-content\/uploads\/2020\/12\/EDA.jpg","@id":"https:\/\/eldigitaldeasturias.com\/magazine365\/ocho-apellidos-vascos-recupera-el-primer-puesto-en-la-taquilla-espanola\/#organizationLogo"},"image":{"@id":"https:\/\/eldigitaldeasturias.com\/magazine365\/ocho-apellidos-vascos-recupera-el-primer-puesto-en-la-taquilla-espanola\/#organizationLogo"}},{"@type":"Person","@id":"https:\/\/eldigitaldeasturias.com\/magazine365\/author\/admin\/#author","url":"https:\/\/eldigitaldeasturias.com\/magazine365\/author\/admin\/","name":"admin","image":{"@type":"ImageObject","@id":"https:\/\/eldigitaldeasturias.com\/magazine365\/ocho-apellidos-vascos-recupera-el-primer-puesto-en-la-taquilla-espanola\/#authorImage","url":"https:\/\/eldigitaldeasturias.com\/magazine365\/wp-content\/litespeed\/avatar\/e571bcf59a0edd6fa6838245a470f2fe.jpg?ver=1776969259","width":96,"height":96,"caption":"admin"}},{"@type":"WebPage","@id":"https:\/\/eldigitaldeasturias.com\/magazine365\/ocho-apellidos-vascos-recupera-el-primer-puesto-en-la-taquilla-espanola\/#webpage","url":"https:\/\/eldigitaldeasturias.com\/magazine365\/ocho-apellidos-vascos-recupera-el-primer-puesto-en-la-taquilla-espanola\/","name":"\u00abOcho apellidos vascos\u00bb recupera el primer puesto en la taquilla espa\u00f1ola | El Digital de Asturias","description":"Madrid, 27 may (EFE).- \"Ocho apellidos vascos\" ha recuperado el primer puesto de la taquilla espa\u00f1ola y se ha convertido en el largometraje que m\u00e1s tiempo ha permanecido en el n\u00famero uno del \"ranking\", tras 63 d\u00edas consecutivos en lo m\u00e1s alto, inform\u00f3 hoy en una nota Mediaset, coproductora del filme. La comedia, estrenada el","inLanguage":"es-ES","isPartOf":{"@id":"https:\/\/eldigitaldeasturias.com\/magazine365\/#website"},"breadcrumb":{"@id":"https:\/\/eldigitaldeasturias.com\/magazine365\/ocho-apellidos-vascos-recupera-el-primer-puesto-en-la-taquilla-espanola\/#breadcrumblist"},"author":{"@id":"https:\/\/eldigitaldeasturias.com\/magazine365\/author\/admin\/#author"},"creator":{"@id":"https:\/\/eldigitaldeasturias.com\/magazine365\/author\/admin\/#author"},"image":{"@type":"ImageObject","url":"https:\/\/eldigitaldeasturias.com\/magazine365\/wp-content\/uploads\/2014\/05\/6305627w.jpg","@id":"https:\/\/eldigitaldeasturias.com\/magazine365\/ocho-apellidos-vascos-recupera-el-primer-puesto-en-la-taquilla-espanola\/#mainImage","width":800,"height":523},"primaryImageOfPage":{"@id":"https:\/\/eldigitaldeasturias.com\/magazine365\/ocho-apellidos-vascos-recupera-el-primer-puesto-en-la-taquilla-espanola\/#mainImage"},"datePublished":"2014-05-27T19:50:54+02:00","dateModified":"2014-05-27T19:50:54+02:00"},{"@type":"WebSite","@id":"https:\/\/eldigitaldeasturias.com\/magazine365\/#website","url":"https:\/\/eldigitaldeasturias.com\/magazine365\/","name":"El Digital de Asturias","description":"Revista de ocio, turismo y estilo de vida","inLanguage":"es-ES","publisher":{"@id":"https:\/\/eldigitaldeasturias.com\/magazine365\/#organization"}}]},"og:locale":"es_ES","og:site_name":"El Digital de Asturias \u2013 Revista de ocio, turismo y estilo de vida","og:type":"article","og:title":"\u00abOcho apellidos vascos\u00bb recupera el primer puesto en la taquilla espa\u00f1ola | El Digital de Asturias","og:description":"Madrid, 27 may (EFE).- &quot;Ocho apellidos vascos&quot; ha recuperado el primer puesto de la taquilla espa\u00f1ola y se ha convertido en el largometraje que m\u00e1s tiempo ha permanecido en el n\u00famero uno del &quot;ranking&quot;, tras 63 d\u00edas consecutivos en lo m\u00e1s alto, inform\u00f3 hoy en una nota Mediaset, coproductora del filme. La comedia, estrenada el","og:url":"https:\/\/eldigitaldeasturias.com\/magazine365\/ocho-apellidos-vascos-recupera-el-primer-puesto-en-la-taquilla-espanola\/","og:image":"https:\/\/eldigitaldeasturias.com\/magazine365\/wp-content\/uploads\/2014\/05\/6305627w.jpg","og:image:secure_url":"https:\/\/eldigitaldeasturias.com\/magazine365\/wp-content\/uploads\/2014\/05\/6305627w.jpg","og:image:width":800,"og:image:height":523,"article:published_time":"2014-05-27T21:50:54+00:00","article:modified_time":"2014-05-27T21:50:54+00:00","twitter:card":"summary_large_image","twitter:title":"\u00abOcho apellidos vascos\u00bb recupera el primer puesto en la taquilla espa\u00f1ola | El Digital de Asturias","twitter:description":"Madrid, 27 may (EFE).- &quot;Ocho apellidos vascos&quot; ha recuperado el primer puesto de la taquilla espa\u00f1ola y se ha convertido en el largometraje que m\u00e1s tiempo ha permanecido en el n\u00famero uno del &quot;ranking&quot;, tras 63 d\u00edas consecutivos en lo m\u00e1s alto, inform\u00f3 hoy en una nota Mediaset, coproductora del filme. La comedia, estrenada el","twitter:image":"https:\/\/eldigitaldeasturias.com\/magazine365\/wp-content\/uploads\/2014\/05\/6305627w.jpg"},"aioseo_meta_data":{"post_id":"14115","title":null,"description":null,"keywords":null,"keyphrases":null,"primary_term":null,"canonical_url":null,"og_title":null,"og_description":null,"og_object_type":"default","og_image_type":"default","og_image_url":null,"og_image_width":null,"og_image_height":null,"og_image_custom_url":null,"og_image_custom_fields":null,"og_video":null,"og_custom_url":null,"og_article_section":null,"og_article_tags":null,"twitter_use_og":false,"twitter_card":"default","twitter_image_type":"default","twitter_image_url":null,"twitter_image_custom_url":null,"twitter_image_custom_fields":null,"twitter_title":null,"twitter_description":null,"schema":{"blockGraphs":[],"customGraphs":[],"default":{"data":{"Article":[],"Course":[],"Dataset":[],"FAQPage":[],"Movie":[],"Person":[],"Product":[],"ProductReview":[],"Car":[],"Recipe":[],"Service":[],"SoftwareApplication":[],"WebPage":[]},"graphName":"","isEnabled":true},"graphs":[],"defaultGraph":"","defaultPostTypeGraph":""},"schema_type":null,"schema_type_options":null,"pillar_content":false,"robots_default":true,"robots_noindex":false,"robots_noarchive":false,"robots_nosnippet":false,"robots_nofollow":false,"robots_noimageindex":false,"robots_noodp":false,"robots_notranslate":false,"robots_max_snippet":null,"robots_max_videopreview":null,"robots_max_imagepreview":"large","priority":null,"frequency":null,"location":null,"local_seo":null,"seo_analyzer_scan_date":"2025-09-17 09:33:55","breadcrumb_settings":null,"limit_modified_date":false,"open_ai":null,"ai":null,"created":"2021-03-09 08:19:40","updated":"2025-09-17 09:33:55"},"aioseo_breadcrumb":"<div class=\"aioseo-breadcrumbs\"><span class=\"aioseo-breadcrumb\">\n\t<a href=\"https:\/\/eldigitaldeasturias.com\/magazine365\" title=\"Home\">Home<\/a>\n<\/span><span class=\"aioseo-breadcrumb-separator\">\u2013<\/span><span class=\"aioseo-breadcrumb\">\n\t<a href=\"https:\/\/eldigitaldeasturias.com\/magazine365\/category\/noticias-actualidad\/\" title=\"Noticias y Actualidad\">Noticias y Actualidad<\/a>\n<\/span><span class=\"aioseo-breadcrumb-separator\">\u2013<\/span><span class=\"aioseo-breadcrumb\">\n\t<a href=\"https:\/\/eldigitaldeasturias.com\/magazine365\/ocho-apellidos-vascos-recupera-el-primer-puesto-en-la-taquilla-espanola\/\" title=\"\u00abOcho apellidos vascos\u00bb recupera el primer puesto en la taquilla espa\u00f1ola\">\u00abOcho apellidos vascos\u00bb recupera el primer puesto en la taquilla espa\u00f1ola<\/a>\n<\/span><\/div>","aioseo_breadcrumb_json":[{"label":"Home","link":"https:\/\/eldigitaldeasturias.com\/magazine365"},{"label":"Noticias y Actualidad","link":"https:\/\/eldigitaldeasturias.com\/magazine365\/category\/noticias-actualidad\/"},{"label":"\u00abOcho apellidos vascos\u00bb recupera el primer puesto en la taquilla espa\u00f1ola","link":"https:\/\/eldigitaldeasturias.com\/magazine365\/ocho-apellidos-vascos-recupera-el-primer-puesto-en-la-taquilla-espanola\/"}],"_links":{"self":[{"href":"https:\/\/eldigitaldeasturias.com\/magazine365\/wp-json\/wp\/v2\/posts\/14115","targetHints":{"allow":["GET"]}}],"collection":[{"href":"https:\/\/eldigitaldeasturias.com\/magazine365\/wp-json\/wp\/v2\/posts"}],"about":[{"href":"https:\/\/eldigitaldeasturias.com\/magazine365\/wp-json\/wp\/v2\/types\/post"}],"author":[{"embeddable":true,"href":"https:\/\/eldigitaldeasturias.com\/magazine365\/wp-json\/wp\/v2\/users\/1"}],"replies":[{"embeddable":true,"href":"https:\/\/eldigitaldeasturias.com\/magazine365\/wp-json\/wp\/v2\/comments?post=14115"}],"version-history":[{"count":0,"href":"https:\/\/eldigitaldeasturias.com\/magazine365\/wp-json\/wp\/v2\/posts\/14115\/revisions"}],"wp:featuredmedia":[{"embeddable":true,"href":"https:\/\/eldigitaldeasturias.com\/magazine365\/wp-json\/wp\/v2\/media\/14116"}],"wp:attachment":[{"href":"https:\/\/eldigitaldeasturias.com\/magazine365\/wp-json\/wp\/v2\/media?parent=14115"}],"wp:term":[{"taxonomy":"category","embeddable":true,"href":"https:\/\/eldigitaldeasturias.com\/magazine365\/wp-json\/wp\/v2\/categories?post=14115"},{"taxonomy":"post_tag","embeddable":true,"href":"https:\/\/eldigitaldeasturias.com\/magazine365\/wp-json\/wp\/v2\/tags?post=14115"}],"curies":[{"name":"wp","href":"https:\/\/api.w.org\/{rel}","templated":true}]}}