{"id":14112,"date":"2014-05-27T19:49:35","date_gmt":"2014-05-27T21:49:35","guid":{"rendered":"http:\/\/eldigitaldeasturias.com\/magazine365\/?p=14112"},"modified":"2014-05-27T19:49:35","modified_gmt":"2014-05-27T21:49:35","slug":"el-tenor-espanol-celso-albelo-confirma-su-idilio-con-japon-en-tres-recitales","status":"publish","type":"post","link":"https:\/\/eldigitaldeasturias.com\/magazine365\/el-tenor-espanol-celso-albelo-confirma-su-idilio-con-japon-en-tres-recitales\/","title":{"rendered":"El tenor espa\u00f1ol Celso Albelo confirma su idilio con Jap\u00f3n en tres recitales"},"content":{"rendered":"<p><img fetchpriority=\"high\" decoding=\"async\" class=\"alignleft size-medium wp-image-14113\" alt=\"6305467w\" src=\"https:\/\/eldigitaldeasturias.com\/magazine365\/wp-content\/uploads\/2014\/05\/6305467w-360x239.jpg\" width=\"360\" height=\"239\" \/>Tokio, 27 may (EFE).- El tenor espa\u00f1ol Celso Albelo se encuentra en Jap\u00f3n, un pa\u00eds que ya ha visitado profesionalmente en cinco ocasiones y donde vuelve a encontrarse con un p\u00fablico entregado en tres recitales centrados en su repertorio de \u00abbel canto\u00bb.<\/p>\n<p>\u00abCon cualquier manifestaci\u00f3n art\u00edstica los japoneses son super cuidadosos y adem\u00e1s te muestran mucho su cari\u00f1o. Cuando termina la actuaci\u00f3n siempre hay una larga fila de gente que viene a darte la enhorabuena\u00bb, explic\u00f3 hoy a Efe el tenor tinerfe\u00f1o que asegur\u00f3 estar \u00abfeliz\u00bb de volver a Jap\u00f3n.<\/p>\n<p>Acompa\u00f1ado del pianista tambi\u00e9n canario Juan Francisco Parra, Albelo actu\u00f3 el pasado 25 de mayo en el Yokosuka Arts Theather donde repetir\u00e1 ma\u00f1ana con una revisi\u00f3n de su amplio catalogo de m\u00fasica de c\u00e1mara.<\/p>\n<p>Dentro de su gira en el pa\u00eds asi\u00e1tico, el tenor de 37 a\u00f1os actuar\u00e1 adem\u00e1s el 7 de junio en el Olympus Hall Hachioji, tambi\u00e9n en la capital nipona, con una selecci\u00f3n de fragmentos de \u00abLucia de Lammermoor\u00bb, de Gaetano Donizetti, acompa\u00f1ado de la pianista japonesa Tomoko Ishibashi.<\/p>\n<p>Albelo asegur\u00f3 que actuar en Jap\u00f3n es como \u00abjugar en casa\u00bb, gracias a un p\u00fablico que le sigue y le aprecia y adem\u00e1s calific\u00f3 de \u00abgustazo\u00bb el poder interpretar el papel de Edgardo, uno de los m\u00e1s conocidos del \u00abbel canto\u00bb rom\u00e1ntico.<\/p>\n<p>Jap\u00f3n, record\u00f3 el tenor, es un pa\u00eds muy particular a nivel oper\u00edstico, ya que a parte de los recitales no se hacen producciones propias y el sistema es traer hasta aqu\u00ed montajes enteros de grandes teatros.<\/p>\n<p>\u00abLo llevan haciendo muchos a\u00f1os, as\u00ed que creo que les debe funcionar\u00bb, apunt\u00f3 tras reconocer que cuando trabajas en Jap\u00f3n sabes que nunca vas a tener un problema ya que el pa\u00eds \u00abes como una m\u00e1quina de relojer\u00eda que funciona a la perfecci\u00f3n\u00bb.<\/p>\n<p>En cuanto a su pr\u00f3ximos proyectos destac\u00f3 que el m\u00e1s importante es, sin duda, el convertirse por primera vez en padre este verano, por lo que se tomar\u00e1 unos meses libres.<\/p>\n<p>A nivel profesional, este reconocido int\u00e9rprete cuya carrera empez\u00f3 tarde pero que se puede calificar de mete\u00f3rica, se enfrenta a su debut en enero de 2016 en el Metropolitan de Nueva York, uno de los grandes teatros en los que le queda actuar.<\/p>\n<p>De momento, no da mas detalles hasta que el gran templo americano de la \u00f3pera haga p\u00fablica la programaci\u00f3n de esa temporada.<\/p>\n<p>Mientras, otro reto importante es interpretar en la \u00d3pera de Montecarlo, en enero de 2015, uno de los roles fetiches de los tenores, el Arnold de \u00abGuillermo Tell\u00bb.<\/p>\n<p>\u00abSiempre he hecho el personaje de \u00abel pescador\u00bb pero ahora me han dado la oportunidad y me he animado a hacer el tenor grande\u00bb, explic\u00f3 el tinerfe\u00f1o que de momento mantiene su residencia en Roma.<\/p>\n<p>Aunque es consciente de c\u00f3mo la crisis y los recortes han golpeado a las artes esc\u00e9nicas a nivel mundial se muestra optimista ya que considera que \u00abde los momentos m\u00e1s duros de la historia han surgido las mejores ideas\u00bb.<\/p>\n<p>En cuanto al panorama de la \u00f3pera en Espa\u00f1a dijo que \u00abse est\u00e1n haciendo esfuerzos muy importantes por mantener el nivel\u00bb y destac\u00f3 que \u00abes un pa\u00eds con mucho nivel, le pese a quien le pese\u00bb, y que \u00abla historia y el presente nos avala\u00bb.<\/p>\n","protected":false},"excerpt":{"rendered":"<p>Tokio, 27 may (EFE).- El tenor espa\u00f1ol Celso Albelo se encuentra en Jap\u00f3n, un pa\u00eds que ya ha visitado profesionalmente en cinco ocasiones y donde vuelve a encontrarse con un p\u00fablico entregado en tres recitales centrados en su repertorio de \u00abbel canto\u00bb. \u00abCon cualquier manifestaci\u00f3n art\u00edstica los japoneses son super cuidadosos y adem\u00e1s te muestran<\/p>\n","protected":false},"author":1,"featured_media":14113,"comment_status":"open","ping_status":"closed","sticky":false,"template":"","format":"standard","meta":{"footnotes":""},"categories":[224],"tags":[],"class_list":{"0":"post-14112","1":"post","2":"type-post","3":"status-publish","4":"format-standard","5":"has-post-thumbnail","7":"category-noticias-actualidad"},"aioseo_notices":[],"aioseo_head":"\n\t\t<!-- All in One SEO Pro 4.9.6.1 - aioseo.com -->\n\t<meta name=\"description\" content=\"Tokio, 27 may (EFE).- El tenor espa\u00f1ol Celso Albelo se encuentra en Jap\u00f3n, un pa\u00eds que ya ha visitado profesionalmente en cinco ocasiones y donde vuelve a encontrarse con un p\u00fablico entregado en tres recitales centrados en su repertorio de &quot;bel canto&quot;. &quot;Con cualquier manifestaci\u00f3n art\u00edstica los japoneses son super cuidadosos y adem\u00e1s te muestran\" \/>\n\t<meta name=\"robots\" content=\"max-image-preview:large\" \/>\n\t<meta name=\"author\" content=\"admin\"\/>\n\t<meta name=\"google-site-verification\" content=\"UA-38556648-1\" \/>\n\t<meta name=\"keywords\" content=\"noticias y actualidad\" \/>\n\t<link rel=\"canonical\" href=\"https:\/\/eldigitaldeasturias.com\/magazine365\/el-tenor-espanol-celso-albelo-confirma-su-idilio-con-japon-en-tres-recitales\/\" \/>\n\t<meta name=\"generator\" content=\"All in One SEO Pro (AIOSEO) 4.9.6.1\" \/>\n\t\t<meta property=\"og:locale\" content=\"es_ES\" \/>\n\t\t<meta property=\"og:site_name\" content=\"El Digital de Asturias \u2013 Revista de ocio, turismo y estilo de vida\" \/>\n\t\t<meta property=\"og:type\" content=\"article\" \/>\n\t\t<meta property=\"og:title\" content=\"El tenor espa\u00f1ol Celso Albelo confirma su idilio con Jap\u00f3n en tres recitales | El Digital de Asturias\" \/>\n\t\t<meta property=\"og:description\" content=\"Tokio, 27 may (EFE).- El tenor espa\u00f1ol Celso Albelo se encuentra en Jap\u00f3n, un pa\u00eds que ya ha visitado profesionalmente en cinco ocasiones y donde vuelve a encontrarse con un p\u00fablico entregado en tres recitales centrados en su repertorio de &quot;bel canto&quot;. &quot;Con cualquier manifestaci\u00f3n art\u00edstica los japoneses son super cuidadosos y adem\u00e1s te muestran\" \/>\n\t\t<meta property=\"og:url\" content=\"https:\/\/eldigitaldeasturias.com\/magazine365\/el-tenor-espanol-celso-albelo-confirma-su-idilio-con-japon-en-tres-recitales\/\" \/>\n\t\t<meta property=\"og:image\" content=\"https:\/\/eldigitaldeasturias.com\/magazine365\/wp-content\/uploads\/2014\/05\/6305467w.jpg\" \/>\n\t\t<meta property=\"og:image:secure_url\" content=\"https:\/\/eldigitaldeasturias.com\/magazine365\/wp-content\/uploads\/2014\/05\/6305467w.jpg\" \/>\n\t\t<meta property=\"og:image:width\" content=\"800\" \/>\n\t\t<meta property=\"og:image:height\" content=\"533\" \/>\n\t\t<meta property=\"article:published_time\" content=\"2014-05-27T21:49:35+00:00\" \/>\n\t\t<meta property=\"article:modified_time\" content=\"2014-05-27T21:49:35+00:00\" \/>\n\t\t<meta name=\"twitter:card\" content=\"summary_large_image\" \/>\n\t\t<meta name=\"twitter:title\" content=\"El tenor espa\u00f1ol Celso Albelo confirma su idilio con Jap\u00f3n en tres recitales | El Digital de Asturias\" \/>\n\t\t<meta name=\"twitter:description\" content=\"Tokio, 27 may (EFE).- El tenor espa\u00f1ol Celso Albelo se encuentra en Jap\u00f3n, un pa\u00eds que ya ha visitado profesionalmente en cinco ocasiones y donde vuelve a encontrarse con un p\u00fablico entregado en tres recitales centrados en su repertorio de &quot;bel canto&quot;. &quot;Con cualquier manifestaci\u00f3n art\u00edstica los japoneses son super cuidadosos y adem\u00e1s te muestran\" \/>\n\t\t<meta name=\"twitter:image\" content=\"https:\/\/eldigitaldeasturias.com\/magazine365\/wp-content\/uploads\/2014\/05\/6305467w.jpg\" \/>\n\t\t<script type=\"application\/ld+json\" class=\"aioseo-schema\">\n\t\t\t{\"@context\":\"https:\\\/\\\/schema.org\",\"@graph\":[{\"@type\":\"Article\",\"@id\":\"https:\\\/\\\/eldigitaldeasturias.com\\\/magazine365\\\/el-tenor-espanol-celso-albelo-confirma-su-idilio-con-japon-en-tres-recitales\\\/#article\",\"name\":\"El tenor espa\\u00f1ol Celso Albelo confirma su idilio con Jap\\u00f3n en tres recitales | El Digital de Asturias\",\"headline\":\"El tenor espa\\u00f1ol Celso Albelo confirma su idilio con Jap\\u00f3n en tres recitales\",\"author\":{\"@id\":\"https:\\\/\\\/eldigitaldeasturias.com\\\/magazine365\\\/author\\\/admin\\\/#author\"},\"publisher\":{\"@id\":\"https:\\\/\\\/eldigitaldeasturias.com\\\/magazine365\\\/#organization\"},\"image\":{\"@type\":\"ImageObject\",\"url\":\"https:\\\/\\\/eldigitaldeasturias.com\\\/magazine365\\\/wp-content\\\/uploads\\\/2014\\\/05\\\/6305467w.jpg\",\"width\":800,\"height\":533},\"datePublished\":\"2014-05-27T19:49:35+02:00\",\"dateModified\":\"2014-05-27T19:49:35+02:00\",\"inLanguage\":\"es-ES\",\"mainEntityOfPage\":{\"@id\":\"https:\\\/\\\/eldigitaldeasturias.com\\\/magazine365\\\/el-tenor-espanol-celso-albelo-confirma-su-idilio-con-japon-en-tres-recitales\\\/#webpage\"},\"isPartOf\":{\"@id\":\"https:\\\/\\\/eldigitaldeasturias.com\\\/magazine365\\\/el-tenor-espanol-celso-albelo-confirma-su-idilio-con-japon-en-tres-recitales\\\/#webpage\"},\"articleSection\":\"Noticias y Actualidad\"},{\"@type\":\"BreadcrumbList\",\"@id\":\"https:\\\/\\\/eldigitaldeasturias.com\\\/magazine365\\\/el-tenor-espanol-celso-albelo-confirma-su-idilio-con-japon-en-tres-recitales\\\/#breadcrumblist\",\"itemListElement\":[{\"@type\":\"ListItem\",\"@id\":\"https:\\\/\\\/eldigitaldeasturias.com\\\/magazine365#listItem\",\"position\":1,\"name\":\"Home\",\"item\":\"https:\\\/\\\/eldigitaldeasturias.com\\\/magazine365\",\"nextItem\":{\"@type\":\"ListItem\",\"@id\":\"https:\\\/\\\/eldigitaldeasturias.com\\\/magazine365\\\/category\\\/noticias-actualidad\\\/#listItem\",\"name\":\"Noticias y Actualidad\"}},{\"@type\":\"ListItem\",\"@id\":\"https:\\\/\\\/eldigitaldeasturias.com\\\/magazine365\\\/category\\\/noticias-actualidad\\\/#listItem\",\"position\":2,\"name\":\"Noticias y Actualidad\",\"item\":\"https:\\\/\\\/eldigitaldeasturias.com\\\/magazine365\\\/category\\\/noticias-actualidad\\\/\",\"nextItem\":{\"@type\":\"ListItem\",\"@id\":\"https:\\\/\\\/eldigitaldeasturias.com\\\/magazine365\\\/el-tenor-espanol-celso-albelo-confirma-su-idilio-con-japon-en-tres-recitales\\\/#listItem\",\"name\":\"El tenor espa\\u00f1ol Celso Albelo confirma su idilio con Jap\\u00f3n en tres recitales\"},\"previousItem\":{\"@type\":\"ListItem\",\"@id\":\"https:\\\/\\\/eldigitaldeasturias.com\\\/magazine365#listItem\",\"name\":\"Home\"}},{\"@type\":\"ListItem\",\"@id\":\"https:\\\/\\\/eldigitaldeasturias.com\\\/magazine365\\\/el-tenor-espanol-celso-albelo-confirma-su-idilio-con-japon-en-tres-recitales\\\/#listItem\",\"position\":3,\"name\":\"El tenor espa\\u00f1ol Celso Albelo confirma su idilio con Jap\\u00f3n en tres recitales\",\"previousItem\":{\"@type\":\"ListItem\",\"@id\":\"https:\\\/\\\/eldigitaldeasturias.com\\\/magazine365\\\/category\\\/noticias-actualidad\\\/#listItem\",\"name\":\"Noticias y Actualidad\"}}]},{\"@type\":\"Organization\",\"@id\":\"https:\\\/\\\/eldigitaldeasturias.com\\\/magazine365\\\/#organization\",\"name\":\"El digital de Asturias\",\"description\":\"Revista de ocio, turismo y estilo de vida\",\"url\":\"https:\\\/\\\/eldigitaldeasturias.com\\\/magazine365\\\/\",\"logo\":{\"@type\":\"ImageObject\",\"url\":\"https:\\\/\\\/www.eldigitaldeasturias.com\\\/noticias\\\/wp-content\\\/uploads\\\/2020\\\/12\\\/EDA.jpg\",\"@id\":\"https:\\\/\\\/eldigitaldeasturias.com\\\/magazine365\\\/el-tenor-espanol-celso-albelo-confirma-su-idilio-con-japon-en-tres-recitales\\\/#organizationLogo\"},\"image\":{\"@id\":\"https:\\\/\\\/eldigitaldeasturias.com\\\/magazine365\\\/el-tenor-espanol-celso-albelo-confirma-su-idilio-con-japon-en-tres-recitales\\\/#organizationLogo\"}},{\"@type\":\"Person\",\"@id\":\"https:\\\/\\\/eldigitaldeasturias.com\\\/magazine365\\\/author\\\/admin\\\/#author\",\"url\":\"https:\\\/\\\/eldigitaldeasturias.com\\\/magazine365\\\/author\\\/admin\\\/\",\"name\":\"admin\",\"image\":{\"@type\":\"ImageObject\",\"@id\":\"https:\\\/\\\/eldigitaldeasturias.com\\\/magazine365\\\/el-tenor-espanol-celso-albelo-confirma-su-idilio-con-japon-en-tres-recitales\\\/#authorImage\",\"url\":\"https:\\\/\\\/eldigitaldeasturias.com\\\/magazine365\\\/wp-content\\\/litespeed\\\/avatar\\\/e571bcf59a0edd6fa6838245a470f2fe.jpg?ver=1776969259\",\"width\":96,\"height\":96,\"caption\":\"admin\"}},{\"@type\":\"WebPage\",\"@id\":\"https:\\\/\\\/eldigitaldeasturias.com\\\/magazine365\\\/el-tenor-espanol-celso-albelo-confirma-su-idilio-con-japon-en-tres-recitales\\\/#webpage\",\"url\":\"https:\\\/\\\/eldigitaldeasturias.com\\\/magazine365\\\/el-tenor-espanol-celso-albelo-confirma-su-idilio-con-japon-en-tres-recitales\\\/\",\"name\":\"El tenor espa\\u00f1ol Celso Albelo confirma su idilio con Jap\\u00f3n en tres recitales | El Digital de Asturias\",\"description\":\"Tokio, 27 may (EFE).- El tenor espa\\u00f1ol Celso Albelo se encuentra en Jap\\u00f3n, un pa\\u00eds que ya ha visitado profesionalmente en cinco ocasiones y donde vuelve a encontrarse con un p\\u00fablico entregado en tres recitales centrados en su repertorio de \\\"bel canto\\\". \\\"Con cualquier manifestaci\\u00f3n art\\u00edstica los japoneses son super cuidadosos y adem\\u00e1s te muestran\",\"inLanguage\":\"es-ES\",\"isPartOf\":{\"@id\":\"https:\\\/\\\/eldigitaldeasturias.com\\\/magazine365\\\/#website\"},\"breadcrumb\":{\"@id\":\"https:\\\/\\\/eldigitaldeasturias.com\\\/magazine365\\\/el-tenor-espanol-celso-albelo-confirma-su-idilio-con-japon-en-tres-recitales\\\/#breadcrumblist\"},\"author\":{\"@id\":\"https:\\\/\\\/eldigitaldeasturias.com\\\/magazine365\\\/author\\\/admin\\\/#author\"},\"creator\":{\"@id\":\"https:\\\/\\\/eldigitaldeasturias.com\\\/magazine365\\\/author\\\/admin\\\/#author\"},\"image\":{\"@type\":\"ImageObject\",\"url\":\"https:\\\/\\\/eldigitaldeasturias.com\\\/magazine365\\\/wp-content\\\/uploads\\\/2014\\\/05\\\/6305467w.jpg\",\"@id\":\"https:\\\/\\\/eldigitaldeasturias.com\\\/magazine365\\\/el-tenor-espanol-celso-albelo-confirma-su-idilio-con-japon-en-tres-recitales\\\/#mainImage\",\"width\":800,\"height\":533},\"primaryImageOfPage\":{\"@id\":\"https:\\\/\\\/eldigitaldeasturias.com\\\/magazine365\\\/el-tenor-espanol-celso-albelo-confirma-su-idilio-con-japon-en-tres-recitales\\\/#mainImage\"},\"datePublished\":\"2014-05-27T19:49:35+02:00\",\"dateModified\":\"2014-05-27T19:49:35+02:00\"},{\"@type\":\"WebSite\",\"@id\":\"https:\\\/\\\/eldigitaldeasturias.com\\\/magazine365\\\/#website\",\"url\":\"https:\\\/\\\/eldigitaldeasturias.com\\\/magazine365\\\/\",\"name\":\"El Digital de Asturias\",\"description\":\"Revista de ocio, turismo y estilo de vida\",\"inLanguage\":\"es-ES\",\"publisher\":{\"@id\":\"https:\\\/\\\/eldigitaldeasturias.com\\\/magazine365\\\/#organization\"}}]}\n\t\t<\/script>\n\t\t<!-- All in One SEO Pro -->\r\n\t\t<title>El tenor espa\u00f1ol Celso Albelo confirma su idilio con Jap\u00f3n en tres recitales | El Digital de Asturias<\/title>\n\n","aioseo_head_json":{"title":"El tenor espa\u00f1ol Celso Albelo confirma su idilio con Jap\u00f3n en tres recitales | El Digital de Asturias","description":"Tokio, 27 may (EFE).- El tenor espa\u00f1ol Celso Albelo se encuentra en Jap\u00f3n, un pa\u00eds que ya ha visitado profesionalmente en cinco ocasiones y donde vuelve a encontrarse con un p\u00fablico entregado en tres recitales centrados en su repertorio de \"bel canto\". \"Con cualquier manifestaci\u00f3n art\u00edstica los japoneses son super cuidadosos y adem\u00e1s te muestran","canonical_url":"https:\/\/eldigitaldeasturias.com\/magazine365\/el-tenor-espanol-celso-albelo-confirma-su-idilio-con-japon-en-tres-recitales\/","robots":"max-image-preview:large","keywords":"noticias y actualidad","webmasterTools":{"google-site-verification":"UA-38556648-1","miscellaneous":""},"schema":{"@context":"https:\/\/schema.org","@graph":[{"@type":"Article","@id":"https:\/\/eldigitaldeasturias.com\/magazine365\/el-tenor-espanol-celso-albelo-confirma-su-idilio-con-japon-en-tres-recitales\/#article","name":"El tenor espa\u00f1ol Celso Albelo confirma su idilio con Jap\u00f3n en tres recitales | El Digital de Asturias","headline":"El tenor espa\u00f1ol Celso Albelo confirma su idilio con Jap\u00f3n en tres recitales","author":{"@id":"https:\/\/eldigitaldeasturias.com\/magazine365\/author\/admin\/#author"},"publisher":{"@id":"https:\/\/eldigitaldeasturias.com\/magazine365\/#organization"},"image":{"@type":"ImageObject","url":"https:\/\/eldigitaldeasturias.com\/magazine365\/wp-content\/uploads\/2014\/05\/6305467w.jpg","width":800,"height":533},"datePublished":"2014-05-27T19:49:35+02:00","dateModified":"2014-05-27T19:49:35+02:00","inLanguage":"es-ES","mainEntityOfPage":{"@id":"https:\/\/eldigitaldeasturias.com\/magazine365\/el-tenor-espanol-celso-albelo-confirma-su-idilio-con-japon-en-tres-recitales\/#webpage"},"isPartOf":{"@id":"https:\/\/eldigitaldeasturias.com\/magazine365\/el-tenor-espanol-celso-albelo-confirma-su-idilio-con-japon-en-tres-recitales\/#webpage"},"articleSection":"Noticias y Actualidad"},{"@type":"BreadcrumbList","@id":"https:\/\/eldigitaldeasturias.com\/magazine365\/el-tenor-espanol-celso-albelo-confirma-su-idilio-con-japon-en-tres-recitales\/#breadcrumblist","itemListElement":[{"@type":"ListItem","@id":"https:\/\/eldigitaldeasturias.com\/magazine365#listItem","position":1,"name":"Home","item":"https:\/\/eldigitaldeasturias.com\/magazine365","nextItem":{"@type":"ListItem","@id":"https:\/\/eldigitaldeasturias.com\/magazine365\/category\/noticias-actualidad\/#listItem","name":"Noticias y Actualidad"}},{"@type":"ListItem","@id":"https:\/\/eldigitaldeasturias.com\/magazine365\/category\/noticias-actualidad\/#listItem","position":2,"name":"Noticias y Actualidad","item":"https:\/\/eldigitaldeasturias.com\/magazine365\/category\/noticias-actualidad\/","nextItem":{"@type":"ListItem","@id":"https:\/\/eldigitaldeasturias.com\/magazine365\/el-tenor-espanol-celso-albelo-confirma-su-idilio-con-japon-en-tres-recitales\/#listItem","name":"El tenor espa\u00f1ol Celso Albelo confirma su idilio con Jap\u00f3n en tres recitales"},"previousItem":{"@type":"ListItem","@id":"https:\/\/eldigitaldeasturias.com\/magazine365#listItem","name":"Home"}},{"@type":"ListItem","@id":"https:\/\/eldigitaldeasturias.com\/magazine365\/el-tenor-espanol-celso-albelo-confirma-su-idilio-con-japon-en-tres-recitales\/#listItem","position":3,"name":"El tenor espa\u00f1ol Celso Albelo confirma su idilio con Jap\u00f3n en tres recitales","previousItem":{"@type":"ListItem","@id":"https:\/\/eldigitaldeasturias.com\/magazine365\/category\/noticias-actualidad\/#listItem","name":"Noticias y Actualidad"}}]},{"@type":"Organization","@id":"https:\/\/eldigitaldeasturias.com\/magazine365\/#organization","name":"El digital de Asturias","description":"Revista de ocio, turismo y estilo de vida","url":"https:\/\/eldigitaldeasturias.com\/magazine365\/","logo":{"@type":"ImageObject","url":"https:\/\/www.eldigitaldeasturias.com\/noticias\/wp-content\/uploads\/2020\/12\/EDA.jpg","@id":"https:\/\/eldigitaldeasturias.com\/magazine365\/el-tenor-espanol-celso-albelo-confirma-su-idilio-con-japon-en-tres-recitales\/#organizationLogo"},"image":{"@id":"https:\/\/eldigitaldeasturias.com\/magazine365\/el-tenor-espanol-celso-albelo-confirma-su-idilio-con-japon-en-tres-recitales\/#organizationLogo"}},{"@type":"Person","@id":"https:\/\/eldigitaldeasturias.com\/magazine365\/author\/admin\/#author","url":"https:\/\/eldigitaldeasturias.com\/magazine365\/author\/admin\/","name":"admin","image":{"@type":"ImageObject","@id":"https:\/\/eldigitaldeasturias.com\/magazine365\/el-tenor-espanol-celso-albelo-confirma-su-idilio-con-japon-en-tres-recitales\/#authorImage","url":"https:\/\/eldigitaldeasturias.com\/magazine365\/wp-content\/litespeed\/avatar\/e571bcf59a0edd6fa6838245a470f2fe.jpg?ver=1776969259","width":96,"height":96,"caption":"admin"}},{"@type":"WebPage","@id":"https:\/\/eldigitaldeasturias.com\/magazine365\/el-tenor-espanol-celso-albelo-confirma-su-idilio-con-japon-en-tres-recitales\/#webpage","url":"https:\/\/eldigitaldeasturias.com\/magazine365\/el-tenor-espanol-celso-albelo-confirma-su-idilio-con-japon-en-tres-recitales\/","name":"El tenor espa\u00f1ol Celso Albelo confirma su idilio con Jap\u00f3n en tres recitales | El Digital de Asturias","description":"Tokio, 27 may (EFE).- El tenor espa\u00f1ol Celso Albelo se encuentra en Jap\u00f3n, un pa\u00eds que ya ha visitado profesionalmente en cinco ocasiones y donde vuelve a encontrarse con un p\u00fablico entregado en tres recitales centrados en su repertorio de \"bel canto\". \"Con cualquier manifestaci\u00f3n art\u00edstica los japoneses son super cuidadosos y adem\u00e1s te muestran","inLanguage":"es-ES","isPartOf":{"@id":"https:\/\/eldigitaldeasturias.com\/magazine365\/#website"},"breadcrumb":{"@id":"https:\/\/eldigitaldeasturias.com\/magazine365\/el-tenor-espanol-celso-albelo-confirma-su-idilio-con-japon-en-tres-recitales\/#breadcrumblist"},"author":{"@id":"https:\/\/eldigitaldeasturias.com\/magazine365\/author\/admin\/#author"},"creator":{"@id":"https:\/\/eldigitaldeasturias.com\/magazine365\/author\/admin\/#author"},"image":{"@type":"ImageObject","url":"https:\/\/eldigitaldeasturias.com\/magazine365\/wp-content\/uploads\/2014\/05\/6305467w.jpg","@id":"https:\/\/eldigitaldeasturias.com\/magazine365\/el-tenor-espanol-celso-albelo-confirma-su-idilio-con-japon-en-tres-recitales\/#mainImage","width":800,"height":533},"primaryImageOfPage":{"@id":"https:\/\/eldigitaldeasturias.com\/magazine365\/el-tenor-espanol-celso-albelo-confirma-su-idilio-con-japon-en-tres-recitales\/#mainImage"},"datePublished":"2014-05-27T19:49:35+02:00","dateModified":"2014-05-27T19:49:35+02:00"},{"@type":"WebSite","@id":"https:\/\/eldigitaldeasturias.com\/magazine365\/#website","url":"https:\/\/eldigitaldeasturias.com\/magazine365\/","name":"El Digital de Asturias","description":"Revista de ocio, turismo y estilo de vida","inLanguage":"es-ES","publisher":{"@id":"https:\/\/eldigitaldeasturias.com\/magazine365\/#organization"}}]},"og:locale":"es_ES","og:site_name":"El Digital de Asturias \u2013 Revista de ocio, turismo y estilo de vida","og:type":"article","og:title":"El tenor espa\u00f1ol Celso Albelo confirma su idilio con Jap\u00f3n en tres recitales | El Digital de Asturias","og:description":"Tokio, 27 may (EFE).- El tenor espa\u00f1ol Celso Albelo se encuentra en Jap\u00f3n, un pa\u00eds que ya ha visitado profesionalmente en cinco ocasiones y donde vuelve a encontrarse con un p\u00fablico entregado en tres recitales centrados en su repertorio de &quot;bel canto&quot;. &quot;Con cualquier manifestaci\u00f3n art\u00edstica los japoneses son super cuidadosos y adem\u00e1s te muestran","og:url":"https:\/\/eldigitaldeasturias.com\/magazine365\/el-tenor-espanol-celso-albelo-confirma-su-idilio-con-japon-en-tres-recitales\/","og:image":"https:\/\/eldigitaldeasturias.com\/magazine365\/wp-content\/uploads\/2014\/05\/6305467w.jpg","og:image:secure_url":"https:\/\/eldigitaldeasturias.com\/magazine365\/wp-content\/uploads\/2014\/05\/6305467w.jpg","og:image:width":800,"og:image:height":533,"article:published_time":"2014-05-27T21:49:35+00:00","article:modified_time":"2014-05-27T21:49:35+00:00","twitter:card":"summary_large_image","twitter:title":"El tenor espa\u00f1ol Celso Albelo confirma su idilio con Jap\u00f3n en tres recitales | El Digital de Asturias","twitter:description":"Tokio, 27 may (EFE).- El tenor espa\u00f1ol Celso Albelo se encuentra en Jap\u00f3n, un pa\u00eds que ya ha visitado profesionalmente en cinco ocasiones y donde vuelve a encontrarse con un p\u00fablico entregado en tres recitales centrados en su repertorio de &quot;bel canto&quot;. &quot;Con cualquier manifestaci\u00f3n art\u00edstica los japoneses son super cuidadosos y adem\u00e1s te muestran","twitter:image":"https:\/\/eldigitaldeasturias.com\/magazine365\/wp-content\/uploads\/2014\/05\/6305467w.jpg"},"aioseo_meta_data":{"post_id":"14112","title":null,"description":null,"keywords":null,"keyphrases":null,"primary_term":null,"canonical_url":null,"og_title":null,"og_description":null,"og_object_type":"default","og_image_type":"default","og_image_url":null,"og_image_width":null,"og_image_height":null,"og_image_custom_url":null,"og_image_custom_fields":null,"og_video":null,"og_custom_url":null,"og_article_section":null,"og_article_tags":null,"twitter_use_og":false,"twitter_card":"default","twitter_image_type":"default","twitter_image_url":null,"twitter_image_custom_url":null,"twitter_image_custom_fields":null,"twitter_title":null,"twitter_description":null,"schema":{"blockGraphs":[],"customGraphs":[],"default":{"data":{"Article":[],"Course":[],"Dataset":[],"FAQPage":[],"Movie":[],"Person":[],"Product":[],"ProductReview":[],"Car":[],"Recipe":[],"Service":[],"SoftwareApplication":[],"WebPage":[]},"graphName":"","isEnabled":true},"graphs":[],"defaultGraph":"","defaultPostTypeGraph":""},"schema_type":null,"schema_type_options":null,"pillar_content":false,"robots_default":true,"robots_noindex":false,"robots_noarchive":false,"robots_nosnippet":false,"robots_nofollow":false,"robots_noimageindex":false,"robots_noodp":false,"robots_notranslate":false,"robots_max_snippet":null,"robots_max_videopreview":null,"robots_max_imagepreview":"large","priority":null,"frequency":null,"location":null,"local_seo":null,"seo_analyzer_scan_date":"2025-09-17 09:32:16","breadcrumb_settings":null,"limit_modified_date":false,"open_ai":null,"ai":null,"created":"2021-03-09 08:19:40","updated":"2025-09-17 09:32:16"},"aioseo_breadcrumb":"<div class=\"aioseo-breadcrumbs\"><span class=\"aioseo-breadcrumb\">\n\t<a href=\"https:\/\/eldigitaldeasturias.com\/magazine365\" title=\"Home\">Home<\/a>\n<\/span><span class=\"aioseo-breadcrumb-separator\">\u2013<\/span><span class=\"aioseo-breadcrumb\">\n\t<a href=\"https:\/\/eldigitaldeasturias.com\/magazine365\/category\/noticias-actualidad\/\" title=\"Noticias y Actualidad\">Noticias y Actualidad<\/a>\n<\/span><span class=\"aioseo-breadcrumb-separator\">\u2013<\/span><span class=\"aioseo-breadcrumb\">\n\t<a href=\"https:\/\/eldigitaldeasturias.com\/magazine365\/el-tenor-espanol-celso-albelo-confirma-su-idilio-con-japon-en-tres-recitales\/\" title=\"El tenor espa\u00f1ol Celso Albelo confirma su idilio con Jap\u00f3n en tres recitales\">El tenor espa\u00f1ol Celso Albelo confirma su idilio con Jap\u00f3n en tres recitales<\/a>\n<\/span><\/div>","aioseo_breadcrumb_json":[{"label":"Home","link":"https:\/\/eldigitaldeasturias.com\/magazine365"},{"label":"Noticias y Actualidad","link":"https:\/\/eldigitaldeasturias.com\/magazine365\/category\/noticias-actualidad\/"},{"label":"El tenor espa\u00f1ol Celso Albelo confirma su idilio con Jap\u00f3n en tres recitales","link":"https:\/\/eldigitaldeasturias.com\/magazine365\/el-tenor-espanol-celso-albelo-confirma-su-idilio-con-japon-en-tres-recitales\/"}],"_links":{"self":[{"href":"https:\/\/eldigitaldeasturias.com\/magazine365\/wp-json\/wp\/v2\/posts\/14112","targetHints":{"allow":["GET"]}}],"collection":[{"href":"https:\/\/eldigitaldeasturias.com\/magazine365\/wp-json\/wp\/v2\/posts"}],"about":[{"href":"https:\/\/eldigitaldeasturias.com\/magazine365\/wp-json\/wp\/v2\/types\/post"}],"author":[{"embeddable":true,"href":"https:\/\/eldigitaldeasturias.com\/magazine365\/wp-json\/wp\/v2\/users\/1"}],"replies":[{"embeddable":true,"href":"https:\/\/eldigitaldeasturias.com\/magazine365\/wp-json\/wp\/v2\/comments?post=14112"}],"version-history":[{"count":0,"href":"https:\/\/eldigitaldeasturias.com\/magazine365\/wp-json\/wp\/v2\/posts\/14112\/revisions"}],"wp:featuredmedia":[{"embeddable":true,"href":"https:\/\/eldigitaldeasturias.com\/magazine365\/wp-json\/wp\/v2\/media\/14113"}],"wp:attachment":[{"href":"https:\/\/eldigitaldeasturias.com\/magazine365\/wp-json\/wp\/v2\/media?parent=14112"}],"wp:term":[{"taxonomy":"category","embeddable":true,"href":"https:\/\/eldigitaldeasturias.com\/magazine365\/wp-json\/wp\/v2\/categories?post=14112"},{"taxonomy":"post_tag","embeddable":true,"href":"https:\/\/eldigitaldeasturias.com\/magazine365\/wp-json\/wp\/v2\/tags?post=14112"}],"curies":[{"name":"wp","href":"https:\/\/api.w.org\/{rel}","templated":true}]}}