{"id":14109,"date":"2014-05-27T19:47:24","date_gmt":"2014-05-27T21:47:24","guid":{"rendered":"http:\/\/eldigitaldeasturias.com\/magazine365\/?p=14109"},"modified":"2014-05-27T19:47:24","modified_gmt":"2014-05-27T21:47:24","slug":"axel-se-estrena-en-espana-y-canta-al-origen-de-las-emociones","status":"publish","type":"post","link":"https:\/\/eldigitaldeasturias.com\/magazine365\/axel-se-estrena-en-espana-y-canta-al-origen-de-las-emociones\/","title":{"rendered":"Axel se estrena en Espa\u00f1a y canta al \u00aborigen de las emociones\u00bb"},"content":{"rendered":"<p><img fetchpriority=\"high\" decoding=\"async\" class=\"alignleft size-medium wp-image-14110\" alt=\"6305460w\" src=\"https:\/\/eldigitaldeasturias.com\/magazine365\/wp-content\/uploads\/2014\/05\/6305460w-360x230.jpg\" width=\"360\" height=\"230\" \/>Madrid, 27 may (EFE).- Tras arrasar en Argentina y triunfar por toda Am\u00e9rica, el m\u00fasico argentino Axel se estrena con dos conciertos en Espa\u00f1a para presentar su nuevo disco, \u00abTus ojos, mis ojos\u00bb, en el que canta al \u00aborigen de las emociones\u00bb y a la complicidad \u00abde la mirada\u00bb.<\/p>\n<p>\u00abVolver al origen, volver a conectar, volver a sentir sin necesidad de decir muchas palabras\u00bb, dice en entrevista con Efe el m\u00fasico sobre la tem\u00e1tica que articula su s\u00e9ptimo disco, que presenta \u00abun titulo metaf\u00f3rico\u00bb.<\/p>\n<p>\u00abLos ojos son el puente de conexi\u00f3n entre las personas\u00bb, explica acerca del \u00abjuego\u00bb que estableci\u00f3 en Twitter con sus fans con el \u00abhashtag\u00bb #MisOjos, para mostrar al mundo lo que ve\u00eda, y que ahora se ha convertido en la primera y en\u00e9rgica canci\u00f3n del \u00e1lbum.<\/p>\n<p>Poco conocido todav\u00eda en Espa\u00f1a, donde actuar\u00e1 hoy en Madrid y dos d\u00edas despu\u00e9s en Barcelona, Axel es toda una celebridad en su pa\u00eds natal y su anterior disco, \u00abUn nuevo sol\u00bb, fue triple platino, gracias, entre otras razones, al \u00e9xito del \u00absingle\u00bb \u00abTe voy a amar\u00bb.<\/p>\n<p>Ahora cruza el Atl\u00e1ntico y lo hace acompa\u00f1ado de un padrino y amigo muy especial, el m\u00fasico Dani Mart\u00edn, con quien pudo cantar la pasada semana en los dos conciertos que llen\u00f3 el espa\u00f1ol en el Palacio de los Deportes de Madrid.<\/p>\n<p>\u00abEstoy muy agradecido con \u00e9l, por compartir su p\u00fablico conmigo\u00bb, dice Axel, quien adem\u00e1s ha invitado al espa\u00f1ol a cantar en el dueto \u00abSiempre estar\u00e9\u00bb, que aparece en el disco, una canci\u00f3n \u00abde amigos\u00bb y del apoyo que supone la amistad, m\u00e1s all\u00e1 de la distancia y de lo que depare la vida.<\/p>\n<p>Junto a este corte, Axel asegura que \u00abhay un poco para todos los gustos\u00bb en \u00abTus ojos, mis ojos\u00bb: desde canciones rom\u00e1nticas \u00abpero modernas\u00bb, \u00abde historias profundas\u00bb, como \u00abQu\u00e9date\u00bb o \u00abS\u00f3lo una vez\u00bb, hasta temas \u00abde mucha energ\u00eda\u00bb, como \u00abAfinidad\u00bb, que, en conjunto, suponen una \u00abgran evoluci\u00f3n sonora\u00bb.<\/p>\n<p>\u00abSiempre busco evolucionar y sorprender a la gente. Me gusta correr riesgos en la vida en general y me gusta que, cuando la gente reciba el disco, diga, &#8216;ah, no me dio lo mismo, me sorprendi\u00f3, me dio algo que no esperaba'\u00bb, explica.<\/p>\n<p>As\u00ed, \u00abSomos uno\u00bb, que comparte con el argentino Abel Pintos, es una canci\u00f3n \u00aboptimista\u00bb y vitalista que traslada un mensaje que Axel quiere dejar muy claro: \u00abNo importa la raza, el color, el idioma, la religi\u00f3n, la creencia pol\u00edtica&#8230; Todos somos uno, y para m\u00ed es la gran verdad\u00bb, afirma con rotundidad.<\/p>\n<p>El \u00e1lbum se contagia de los sonidos contempor\u00e1neos y toma como referencias a Bruno Mars y bandas como Coldplay, aunque el gran faro musical de Axel sigan siendo The Beatles.<\/p>\n<p>Adem\u00e1s, explica que ha podido trabajar en su propio estudio, algo que le ha permitido tener \u00abtodo el tiempo del mundo\u00bb para investigar diferentes sonidos y posibilidades que ha plasmado en el \u00e1lbum.<\/p>\n<p>Ahora que est\u00e1 \u00abechando sus primeros pasos en Espa\u00f1a\u00bb con mucha \u00abilusi\u00f3n\u00bb, Axel subraya que su objetivo es \u00abmostrar el disco por todos lados\u00bb, algo que podr\u00e1 hacer pr\u00f3ximamente ya que pretende recorrer Am\u00e9rica de arriba a abajo en los pr\u00f3ximos meses.<\/p>\n<p>\u00abUno como cantautor quiere mostrar sus historias, sus canciones y ojal\u00e1 que la gente se sienta identificada y conecte con lo que escribo\u00bb, concluye.<\/p>\n","protected":false},"excerpt":{"rendered":"<p>Madrid, 27 may (EFE).- Tras arrasar en Argentina y triunfar por toda Am\u00e9rica, el m\u00fasico argentino Axel se estrena con dos conciertos en Espa\u00f1a para presentar su nuevo disco, \u00abTus ojos, mis ojos\u00bb, en el que canta al \u00aborigen de las emociones\u00bb y a la complicidad \u00abde la mirada\u00bb. \u00abVolver al origen, volver a conectar,<\/p>\n","protected":false},"author":1,"featured_media":14110,"comment_status":"open","ping_status":"closed","sticky":false,"template":"","format":"standard","meta":{"footnotes":""},"categories":[224],"tags":[],"class_list":{"0":"post-14109","1":"post","2":"type-post","3":"status-publish","4":"format-standard","5":"has-post-thumbnail","7":"category-noticias-actualidad"},"aioseo_notices":[],"aioseo_head":"\n\t\t<!-- All in One SEO Pro 4.9.6.1 - aioseo.com -->\n\t<meta name=\"description\" content=\"Madrid, 27 may (EFE).- Tras arrasar en Argentina y triunfar por toda Am\u00e9rica, el m\u00fasico argentino Axel se estrena con dos conciertos en Espa\u00f1a para presentar su nuevo disco, &quot;Tus ojos, mis ojos&quot;, en el que canta al &quot;origen de las emociones&quot; y a la complicidad &quot;de la mirada&quot;. &quot;Volver al origen, volver a conectar,\" \/>\n\t<meta name=\"robots\" content=\"max-image-preview:large\" \/>\n\t<meta name=\"author\" content=\"admin\"\/>\n\t<meta name=\"google-site-verification\" content=\"UA-38556648-1\" \/>\n\t<meta name=\"keywords\" content=\"noticias y actualidad\" \/>\n\t<link rel=\"canonical\" href=\"https:\/\/eldigitaldeasturias.com\/magazine365\/axel-se-estrena-en-espana-y-canta-al-origen-de-las-emociones\/\" \/>\n\t<meta name=\"generator\" content=\"All in One SEO Pro (AIOSEO) 4.9.6.1\" \/>\n\t\t<meta property=\"og:locale\" content=\"es_ES\" \/>\n\t\t<meta property=\"og:site_name\" content=\"El Digital de Asturias \u2013 Revista de ocio, turismo y estilo de vida\" \/>\n\t\t<meta property=\"og:type\" content=\"article\" \/>\n\t\t<meta property=\"og:title\" content=\"Axel se estrena en Espa\u00f1a y canta al \u00aborigen de las emociones\u00bb | El Digital de Asturias\" \/>\n\t\t<meta property=\"og:description\" content=\"Madrid, 27 may (EFE).- Tras arrasar en Argentina y triunfar por toda Am\u00e9rica, el m\u00fasico argentino Axel se estrena con dos conciertos en Espa\u00f1a para presentar su nuevo disco, &quot;Tus ojos, mis ojos&quot;, en el que canta al &quot;origen de las emociones&quot; y a la complicidad &quot;de la mirada&quot;. &quot;Volver al origen, volver a conectar,\" \/>\n\t\t<meta property=\"og:url\" content=\"https:\/\/eldigitaldeasturias.com\/magazine365\/axel-se-estrena-en-espana-y-canta-al-origen-de-las-emociones\/\" \/>\n\t\t<meta property=\"og:image\" content=\"https:\/\/eldigitaldeasturias.com\/magazine365\/wp-content\/uploads\/2014\/05\/6305460w.jpg\" \/>\n\t\t<meta property=\"og:image:secure_url\" content=\"https:\/\/eldigitaldeasturias.com\/magazine365\/wp-content\/uploads\/2014\/05\/6305460w.jpg\" \/>\n\t\t<meta property=\"og:image:width\" content=\"800\" \/>\n\t\t<meta property=\"og:image:height\" content=\"513\" \/>\n\t\t<meta property=\"article:published_time\" content=\"2014-05-27T21:47:24+00:00\" \/>\n\t\t<meta property=\"article:modified_time\" content=\"2014-05-27T21:47:24+00:00\" \/>\n\t\t<meta name=\"twitter:card\" content=\"summary_large_image\" \/>\n\t\t<meta name=\"twitter:title\" content=\"Axel se estrena en Espa\u00f1a y canta al \u00aborigen de las emociones\u00bb | El Digital de Asturias\" \/>\n\t\t<meta name=\"twitter:description\" content=\"Madrid, 27 may (EFE).- Tras arrasar en Argentina y triunfar por toda Am\u00e9rica, el m\u00fasico argentino Axel se estrena con dos conciertos en Espa\u00f1a para presentar su nuevo disco, &quot;Tus ojos, mis ojos&quot;, en el que canta al &quot;origen de las emociones&quot; y a la complicidad &quot;de la mirada&quot;. &quot;Volver al origen, volver a conectar,\" \/>\n\t\t<meta name=\"twitter:image\" content=\"https:\/\/eldigitaldeasturias.com\/magazine365\/wp-content\/uploads\/2014\/05\/6305460w.jpg\" \/>\n\t\t<script type=\"application\/ld+json\" class=\"aioseo-schema\">\n\t\t\t{\"@context\":\"https:\\\/\\\/schema.org\",\"@graph\":[{\"@type\":\"Article\",\"@id\":\"https:\\\/\\\/eldigitaldeasturias.com\\\/magazine365\\\/axel-se-estrena-en-espana-y-canta-al-origen-de-las-emociones\\\/#article\",\"name\":\"Axel se estrena en Espa\\u00f1a y canta al \\u00aborigen de las emociones\\u00bb | El Digital de Asturias\",\"headline\":\"Axel se estrena en Espa\\u00f1a y canta al \\u00aborigen de las emociones\\u00bb\",\"author\":{\"@id\":\"https:\\\/\\\/eldigitaldeasturias.com\\\/magazine365\\\/author\\\/admin\\\/#author\"},\"publisher\":{\"@id\":\"https:\\\/\\\/eldigitaldeasturias.com\\\/magazine365\\\/#organization\"},\"image\":{\"@type\":\"ImageObject\",\"url\":\"https:\\\/\\\/eldigitaldeasturias.com\\\/magazine365\\\/wp-content\\\/uploads\\\/2014\\\/05\\\/6305460w.jpg\",\"width\":800,\"height\":513},\"datePublished\":\"2014-05-27T19:47:24+02:00\",\"dateModified\":\"2014-05-27T19:47:24+02:00\",\"inLanguage\":\"es-ES\",\"mainEntityOfPage\":{\"@id\":\"https:\\\/\\\/eldigitaldeasturias.com\\\/magazine365\\\/axel-se-estrena-en-espana-y-canta-al-origen-de-las-emociones\\\/#webpage\"},\"isPartOf\":{\"@id\":\"https:\\\/\\\/eldigitaldeasturias.com\\\/magazine365\\\/axel-se-estrena-en-espana-y-canta-al-origen-de-las-emociones\\\/#webpage\"},\"articleSection\":\"Noticias y Actualidad\"},{\"@type\":\"BreadcrumbList\",\"@id\":\"https:\\\/\\\/eldigitaldeasturias.com\\\/magazine365\\\/axel-se-estrena-en-espana-y-canta-al-origen-de-las-emociones\\\/#breadcrumblist\",\"itemListElement\":[{\"@type\":\"ListItem\",\"@id\":\"https:\\\/\\\/eldigitaldeasturias.com\\\/magazine365#listItem\",\"position\":1,\"name\":\"Home\",\"item\":\"https:\\\/\\\/eldigitaldeasturias.com\\\/magazine365\",\"nextItem\":{\"@type\":\"ListItem\",\"@id\":\"https:\\\/\\\/eldigitaldeasturias.com\\\/magazine365\\\/category\\\/noticias-actualidad\\\/#listItem\",\"name\":\"Noticias y Actualidad\"}},{\"@type\":\"ListItem\",\"@id\":\"https:\\\/\\\/eldigitaldeasturias.com\\\/magazine365\\\/category\\\/noticias-actualidad\\\/#listItem\",\"position\":2,\"name\":\"Noticias y Actualidad\",\"item\":\"https:\\\/\\\/eldigitaldeasturias.com\\\/magazine365\\\/category\\\/noticias-actualidad\\\/\",\"nextItem\":{\"@type\":\"ListItem\",\"@id\":\"https:\\\/\\\/eldigitaldeasturias.com\\\/magazine365\\\/axel-se-estrena-en-espana-y-canta-al-origen-de-las-emociones\\\/#listItem\",\"name\":\"Axel se estrena en Espa\\u00f1a y canta al \\u00aborigen de las emociones\\u00bb\"},\"previousItem\":{\"@type\":\"ListItem\",\"@id\":\"https:\\\/\\\/eldigitaldeasturias.com\\\/magazine365#listItem\",\"name\":\"Home\"}},{\"@type\":\"ListItem\",\"@id\":\"https:\\\/\\\/eldigitaldeasturias.com\\\/magazine365\\\/axel-se-estrena-en-espana-y-canta-al-origen-de-las-emociones\\\/#listItem\",\"position\":3,\"name\":\"Axel se estrena en Espa\\u00f1a y canta al \\u00aborigen de las emociones\\u00bb\",\"previousItem\":{\"@type\":\"ListItem\",\"@id\":\"https:\\\/\\\/eldigitaldeasturias.com\\\/magazine365\\\/category\\\/noticias-actualidad\\\/#listItem\",\"name\":\"Noticias y Actualidad\"}}]},{\"@type\":\"Organization\",\"@id\":\"https:\\\/\\\/eldigitaldeasturias.com\\\/magazine365\\\/#organization\",\"name\":\"El digital de Asturias\",\"description\":\"Revista de ocio, turismo y estilo de vida\",\"url\":\"https:\\\/\\\/eldigitaldeasturias.com\\\/magazine365\\\/\",\"logo\":{\"@type\":\"ImageObject\",\"url\":\"https:\\\/\\\/www.eldigitaldeasturias.com\\\/noticias\\\/wp-content\\\/uploads\\\/2020\\\/12\\\/EDA.jpg\",\"@id\":\"https:\\\/\\\/eldigitaldeasturias.com\\\/magazine365\\\/axel-se-estrena-en-espana-y-canta-al-origen-de-las-emociones\\\/#organizationLogo\"},\"image\":{\"@id\":\"https:\\\/\\\/eldigitaldeasturias.com\\\/magazine365\\\/axel-se-estrena-en-espana-y-canta-al-origen-de-las-emociones\\\/#organizationLogo\"}},{\"@type\":\"Person\",\"@id\":\"https:\\\/\\\/eldigitaldeasturias.com\\\/magazine365\\\/author\\\/admin\\\/#author\",\"url\":\"https:\\\/\\\/eldigitaldeasturias.com\\\/magazine365\\\/author\\\/admin\\\/\",\"name\":\"admin\",\"image\":{\"@type\":\"ImageObject\",\"@id\":\"https:\\\/\\\/eldigitaldeasturias.com\\\/magazine365\\\/axel-se-estrena-en-espana-y-canta-al-origen-de-las-emociones\\\/#authorImage\",\"url\":\"https:\\\/\\\/eldigitaldeasturias.com\\\/magazine365\\\/wp-content\\\/litespeed\\\/avatar\\\/e571bcf59a0edd6fa6838245a470f2fe.jpg?ver=1776969259\",\"width\":96,\"height\":96,\"caption\":\"admin\"}},{\"@type\":\"WebPage\",\"@id\":\"https:\\\/\\\/eldigitaldeasturias.com\\\/magazine365\\\/axel-se-estrena-en-espana-y-canta-al-origen-de-las-emociones\\\/#webpage\",\"url\":\"https:\\\/\\\/eldigitaldeasturias.com\\\/magazine365\\\/axel-se-estrena-en-espana-y-canta-al-origen-de-las-emociones\\\/\",\"name\":\"Axel se estrena en Espa\\u00f1a y canta al \\u00aborigen de las emociones\\u00bb | El Digital de Asturias\",\"description\":\"Madrid, 27 may (EFE).- Tras arrasar en Argentina y triunfar por toda Am\\u00e9rica, el m\\u00fasico argentino Axel se estrena con dos conciertos en Espa\\u00f1a para presentar su nuevo disco, \\\"Tus ojos, mis ojos\\\", en el que canta al \\\"origen de las emociones\\\" y a la complicidad \\\"de la mirada\\\". \\\"Volver al origen, volver a conectar,\",\"inLanguage\":\"es-ES\",\"isPartOf\":{\"@id\":\"https:\\\/\\\/eldigitaldeasturias.com\\\/magazine365\\\/#website\"},\"breadcrumb\":{\"@id\":\"https:\\\/\\\/eldigitaldeasturias.com\\\/magazine365\\\/axel-se-estrena-en-espana-y-canta-al-origen-de-las-emociones\\\/#breadcrumblist\"},\"author\":{\"@id\":\"https:\\\/\\\/eldigitaldeasturias.com\\\/magazine365\\\/author\\\/admin\\\/#author\"},\"creator\":{\"@id\":\"https:\\\/\\\/eldigitaldeasturias.com\\\/magazine365\\\/author\\\/admin\\\/#author\"},\"image\":{\"@type\":\"ImageObject\",\"url\":\"https:\\\/\\\/eldigitaldeasturias.com\\\/magazine365\\\/wp-content\\\/uploads\\\/2014\\\/05\\\/6305460w.jpg\",\"@id\":\"https:\\\/\\\/eldigitaldeasturias.com\\\/magazine365\\\/axel-se-estrena-en-espana-y-canta-al-origen-de-las-emociones\\\/#mainImage\",\"width\":800,\"height\":513},\"primaryImageOfPage\":{\"@id\":\"https:\\\/\\\/eldigitaldeasturias.com\\\/magazine365\\\/axel-se-estrena-en-espana-y-canta-al-origen-de-las-emociones\\\/#mainImage\"},\"datePublished\":\"2014-05-27T19:47:24+02:00\",\"dateModified\":\"2014-05-27T19:47:24+02:00\"},{\"@type\":\"WebSite\",\"@id\":\"https:\\\/\\\/eldigitaldeasturias.com\\\/magazine365\\\/#website\",\"url\":\"https:\\\/\\\/eldigitaldeasturias.com\\\/magazine365\\\/\",\"name\":\"El Digital de Asturias\",\"description\":\"Revista de ocio, turismo y estilo de vida\",\"inLanguage\":\"es-ES\",\"publisher\":{\"@id\":\"https:\\\/\\\/eldigitaldeasturias.com\\\/magazine365\\\/#organization\"}}]}\n\t\t<\/script>\n\t\t<!-- All in One SEO Pro -->\r\n\t\t<title>Axel se estrena en Espa\u00f1a y canta al \u00aborigen de las emociones\u00bb | El Digital de Asturias<\/title>\n\n","aioseo_head_json":{"title":"Axel se estrena en Espa\u00f1a y canta al \u00aborigen de las emociones\u00bb | El Digital de Asturias","description":"Madrid, 27 may (EFE).- Tras arrasar en Argentina y triunfar por toda Am\u00e9rica, el m\u00fasico argentino Axel se estrena con dos conciertos en Espa\u00f1a para presentar su nuevo disco, \"Tus ojos, mis ojos\", en el que canta al \"origen de las emociones\" y a la complicidad \"de la mirada\". \"Volver al origen, volver a conectar,","canonical_url":"https:\/\/eldigitaldeasturias.com\/magazine365\/axel-se-estrena-en-espana-y-canta-al-origen-de-las-emociones\/","robots":"max-image-preview:large","keywords":"noticias y actualidad","webmasterTools":{"google-site-verification":"UA-38556648-1","miscellaneous":""},"schema":{"@context":"https:\/\/schema.org","@graph":[{"@type":"Article","@id":"https:\/\/eldigitaldeasturias.com\/magazine365\/axel-se-estrena-en-espana-y-canta-al-origen-de-las-emociones\/#article","name":"Axel se estrena en Espa\u00f1a y canta al \u00aborigen de las emociones\u00bb | El Digital de Asturias","headline":"Axel se estrena en Espa\u00f1a y canta al \u00aborigen de las emociones\u00bb","author":{"@id":"https:\/\/eldigitaldeasturias.com\/magazine365\/author\/admin\/#author"},"publisher":{"@id":"https:\/\/eldigitaldeasturias.com\/magazine365\/#organization"},"image":{"@type":"ImageObject","url":"https:\/\/eldigitaldeasturias.com\/magazine365\/wp-content\/uploads\/2014\/05\/6305460w.jpg","width":800,"height":513},"datePublished":"2014-05-27T19:47:24+02:00","dateModified":"2014-05-27T19:47:24+02:00","inLanguage":"es-ES","mainEntityOfPage":{"@id":"https:\/\/eldigitaldeasturias.com\/magazine365\/axel-se-estrena-en-espana-y-canta-al-origen-de-las-emociones\/#webpage"},"isPartOf":{"@id":"https:\/\/eldigitaldeasturias.com\/magazine365\/axel-se-estrena-en-espana-y-canta-al-origen-de-las-emociones\/#webpage"},"articleSection":"Noticias y Actualidad"},{"@type":"BreadcrumbList","@id":"https:\/\/eldigitaldeasturias.com\/magazine365\/axel-se-estrena-en-espana-y-canta-al-origen-de-las-emociones\/#breadcrumblist","itemListElement":[{"@type":"ListItem","@id":"https:\/\/eldigitaldeasturias.com\/magazine365#listItem","position":1,"name":"Home","item":"https:\/\/eldigitaldeasturias.com\/magazine365","nextItem":{"@type":"ListItem","@id":"https:\/\/eldigitaldeasturias.com\/magazine365\/category\/noticias-actualidad\/#listItem","name":"Noticias y Actualidad"}},{"@type":"ListItem","@id":"https:\/\/eldigitaldeasturias.com\/magazine365\/category\/noticias-actualidad\/#listItem","position":2,"name":"Noticias y Actualidad","item":"https:\/\/eldigitaldeasturias.com\/magazine365\/category\/noticias-actualidad\/","nextItem":{"@type":"ListItem","@id":"https:\/\/eldigitaldeasturias.com\/magazine365\/axel-se-estrena-en-espana-y-canta-al-origen-de-las-emociones\/#listItem","name":"Axel se estrena en Espa\u00f1a y canta al \u00aborigen de las emociones\u00bb"},"previousItem":{"@type":"ListItem","@id":"https:\/\/eldigitaldeasturias.com\/magazine365#listItem","name":"Home"}},{"@type":"ListItem","@id":"https:\/\/eldigitaldeasturias.com\/magazine365\/axel-se-estrena-en-espana-y-canta-al-origen-de-las-emociones\/#listItem","position":3,"name":"Axel se estrena en Espa\u00f1a y canta al \u00aborigen de las emociones\u00bb","previousItem":{"@type":"ListItem","@id":"https:\/\/eldigitaldeasturias.com\/magazine365\/category\/noticias-actualidad\/#listItem","name":"Noticias y Actualidad"}}]},{"@type":"Organization","@id":"https:\/\/eldigitaldeasturias.com\/magazine365\/#organization","name":"El digital de Asturias","description":"Revista de ocio, turismo y estilo de vida","url":"https:\/\/eldigitaldeasturias.com\/magazine365\/","logo":{"@type":"ImageObject","url":"https:\/\/www.eldigitaldeasturias.com\/noticias\/wp-content\/uploads\/2020\/12\/EDA.jpg","@id":"https:\/\/eldigitaldeasturias.com\/magazine365\/axel-se-estrena-en-espana-y-canta-al-origen-de-las-emociones\/#organizationLogo"},"image":{"@id":"https:\/\/eldigitaldeasturias.com\/magazine365\/axel-se-estrena-en-espana-y-canta-al-origen-de-las-emociones\/#organizationLogo"}},{"@type":"Person","@id":"https:\/\/eldigitaldeasturias.com\/magazine365\/author\/admin\/#author","url":"https:\/\/eldigitaldeasturias.com\/magazine365\/author\/admin\/","name":"admin","image":{"@type":"ImageObject","@id":"https:\/\/eldigitaldeasturias.com\/magazine365\/axel-se-estrena-en-espana-y-canta-al-origen-de-las-emociones\/#authorImage","url":"https:\/\/eldigitaldeasturias.com\/magazine365\/wp-content\/litespeed\/avatar\/e571bcf59a0edd6fa6838245a470f2fe.jpg?ver=1776969259","width":96,"height":96,"caption":"admin"}},{"@type":"WebPage","@id":"https:\/\/eldigitaldeasturias.com\/magazine365\/axel-se-estrena-en-espana-y-canta-al-origen-de-las-emociones\/#webpage","url":"https:\/\/eldigitaldeasturias.com\/magazine365\/axel-se-estrena-en-espana-y-canta-al-origen-de-las-emociones\/","name":"Axel se estrena en Espa\u00f1a y canta al \u00aborigen de las emociones\u00bb | El Digital de Asturias","description":"Madrid, 27 may (EFE).- Tras arrasar en Argentina y triunfar por toda Am\u00e9rica, el m\u00fasico argentino Axel se estrena con dos conciertos en Espa\u00f1a para presentar su nuevo disco, \"Tus ojos, mis ojos\", en el que canta al \"origen de las emociones\" y a la complicidad \"de la mirada\". \"Volver al origen, volver a conectar,","inLanguage":"es-ES","isPartOf":{"@id":"https:\/\/eldigitaldeasturias.com\/magazine365\/#website"},"breadcrumb":{"@id":"https:\/\/eldigitaldeasturias.com\/magazine365\/axel-se-estrena-en-espana-y-canta-al-origen-de-las-emociones\/#breadcrumblist"},"author":{"@id":"https:\/\/eldigitaldeasturias.com\/magazine365\/author\/admin\/#author"},"creator":{"@id":"https:\/\/eldigitaldeasturias.com\/magazine365\/author\/admin\/#author"},"image":{"@type":"ImageObject","url":"https:\/\/eldigitaldeasturias.com\/magazine365\/wp-content\/uploads\/2014\/05\/6305460w.jpg","@id":"https:\/\/eldigitaldeasturias.com\/magazine365\/axel-se-estrena-en-espana-y-canta-al-origen-de-las-emociones\/#mainImage","width":800,"height":513},"primaryImageOfPage":{"@id":"https:\/\/eldigitaldeasturias.com\/magazine365\/axel-se-estrena-en-espana-y-canta-al-origen-de-las-emociones\/#mainImage"},"datePublished":"2014-05-27T19:47:24+02:00","dateModified":"2014-05-27T19:47:24+02:00"},{"@type":"WebSite","@id":"https:\/\/eldigitaldeasturias.com\/magazine365\/#website","url":"https:\/\/eldigitaldeasturias.com\/magazine365\/","name":"El Digital de Asturias","description":"Revista de ocio, turismo y estilo de vida","inLanguage":"es-ES","publisher":{"@id":"https:\/\/eldigitaldeasturias.com\/magazine365\/#organization"}}]},"og:locale":"es_ES","og:site_name":"El Digital de Asturias \u2013 Revista de ocio, turismo y estilo de vida","og:type":"article","og:title":"Axel se estrena en Espa\u00f1a y canta al \u00aborigen de las emociones\u00bb | El Digital de Asturias","og:description":"Madrid, 27 may (EFE).- Tras arrasar en Argentina y triunfar por toda Am\u00e9rica, el m\u00fasico argentino Axel se estrena con dos conciertos en Espa\u00f1a para presentar su nuevo disco, &quot;Tus ojos, mis ojos&quot;, en el que canta al &quot;origen de las emociones&quot; y a la complicidad &quot;de la mirada&quot;. &quot;Volver al origen, volver a conectar,","og:url":"https:\/\/eldigitaldeasturias.com\/magazine365\/axel-se-estrena-en-espana-y-canta-al-origen-de-las-emociones\/","og:image":"https:\/\/eldigitaldeasturias.com\/magazine365\/wp-content\/uploads\/2014\/05\/6305460w.jpg","og:image:secure_url":"https:\/\/eldigitaldeasturias.com\/magazine365\/wp-content\/uploads\/2014\/05\/6305460w.jpg","og:image:width":800,"og:image:height":513,"article:published_time":"2014-05-27T21:47:24+00:00","article:modified_time":"2014-05-27T21:47:24+00:00","twitter:card":"summary_large_image","twitter:title":"Axel se estrena en Espa\u00f1a y canta al \u00aborigen de las emociones\u00bb | El Digital de Asturias","twitter:description":"Madrid, 27 may (EFE).- Tras arrasar en Argentina y triunfar por toda Am\u00e9rica, el m\u00fasico argentino Axel se estrena con dos conciertos en Espa\u00f1a para presentar su nuevo disco, &quot;Tus ojos, mis ojos&quot;, en el que canta al &quot;origen de las emociones&quot; y a la complicidad &quot;de la mirada&quot;. &quot;Volver al origen, volver a conectar,","twitter:image":"https:\/\/eldigitaldeasturias.com\/magazine365\/wp-content\/uploads\/2014\/05\/6305460w.jpg"},"aioseo_meta_data":{"post_id":"14109","title":null,"description":null,"keywords":null,"keyphrases":null,"primary_term":null,"canonical_url":null,"og_title":null,"og_description":null,"og_object_type":"default","og_image_type":"default","og_image_url":null,"og_image_width":null,"og_image_height":null,"og_image_custom_url":null,"og_image_custom_fields":null,"og_video":null,"og_custom_url":null,"og_article_section":null,"og_article_tags":null,"twitter_use_og":false,"twitter_card":"default","twitter_image_type":"default","twitter_image_url":null,"twitter_image_custom_url":null,"twitter_image_custom_fields":null,"twitter_title":null,"twitter_description":null,"schema":{"blockGraphs":[],"customGraphs":[],"default":{"data":{"Article":[],"Course":[],"Dataset":[],"FAQPage":[],"Movie":[],"Person":[],"Product":[],"ProductReview":[],"Car":[],"Recipe":[],"Service":[],"SoftwareApplication":[],"WebPage":[]},"graphName":"","isEnabled":true},"graphs":[],"defaultGraph":"","defaultPostTypeGraph":""},"schema_type":null,"schema_type_options":null,"pillar_content":false,"robots_default":true,"robots_noindex":false,"robots_noarchive":false,"robots_nosnippet":false,"robots_nofollow":false,"robots_noimageindex":false,"robots_noodp":false,"robots_notranslate":false,"robots_max_snippet":null,"robots_max_videopreview":null,"robots_max_imagepreview":"large","priority":null,"frequency":null,"location":null,"local_seo":null,"seo_analyzer_scan_date":"2025-09-17 09:32:14","breadcrumb_settings":null,"limit_modified_date":false,"open_ai":null,"ai":null,"created":"2021-03-09 08:19:40","updated":"2025-09-17 09:32:14"},"aioseo_breadcrumb":"<div class=\"aioseo-breadcrumbs\"><span class=\"aioseo-breadcrumb\">\n\t<a href=\"https:\/\/eldigitaldeasturias.com\/magazine365\" title=\"Home\">Home<\/a>\n<\/span><span class=\"aioseo-breadcrumb-separator\">\u2013<\/span><span class=\"aioseo-breadcrumb\">\n\t<a href=\"https:\/\/eldigitaldeasturias.com\/magazine365\/category\/noticias-actualidad\/\" title=\"Noticias y Actualidad\">Noticias y Actualidad<\/a>\n<\/span><span class=\"aioseo-breadcrumb-separator\">\u2013<\/span><span class=\"aioseo-breadcrumb\">\n\t<a href=\"https:\/\/eldigitaldeasturias.com\/magazine365\/axel-se-estrena-en-espana-y-canta-al-origen-de-las-emociones\/\" title=\"Axel se estrena en Espa\u00f1a y canta al \u00aborigen de las emociones\u00bb\">Axel se estrena en Espa\u00f1a y canta al \u00aborigen de las emociones\u00bb<\/a>\n<\/span><\/div>","aioseo_breadcrumb_json":[{"label":"Home","link":"https:\/\/eldigitaldeasturias.com\/magazine365"},{"label":"Noticias y Actualidad","link":"https:\/\/eldigitaldeasturias.com\/magazine365\/category\/noticias-actualidad\/"},{"label":"Axel se estrena en Espa\u00f1a y canta al \u00aborigen de las emociones\u00bb","link":"https:\/\/eldigitaldeasturias.com\/magazine365\/axel-se-estrena-en-espana-y-canta-al-origen-de-las-emociones\/"}],"_links":{"self":[{"href":"https:\/\/eldigitaldeasturias.com\/magazine365\/wp-json\/wp\/v2\/posts\/14109","targetHints":{"allow":["GET"]}}],"collection":[{"href":"https:\/\/eldigitaldeasturias.com\/magazine365\/wp-json\/wp\/v2\/posts"}],"about":[{"href":"https:\/\/eldigitaldeasturias.com\/magazine365\/wp-json\/wp\/v2\/types\/post"}],"author":[{"embeddable":true,"href":"https:\/\/eldigitaldeasturias.com\/magazine365\/wp-json\/wp\/v2\/users\/1"}],"replies":[{"embeddable":true,"href":"https:\/\/eldigitaldeasturias.com\/magazine365\/wp-json\/wp\/v2\/comments?post=14109"}],"version-history":[{"count":0,"href":"https:\/\/eldigitaldeasturias.com\/magazine365\/wp-json\/wp\/v2\/posts\/14109\/revisions"}],"wp:featuredmedia":[{"embeddable":true,"href":"https:\/\/eldigitaldeasturias.com\/magazine365\/wp-json\/wp\/v2\/media\/14110"}],"wp:attachment":[{"href":"https:\/\/eldigitaldeasturias.com\/magazine365\/wp-json\/wp\/v2\/media?parent=14109"}],"wp:term":[{"taxonomy":"category","embeddable":true,"href":"https:\/\/eldigitaldeasturias.com\/magazine365\/wp-json\/wp\/v2\/categories?post=14109"},{"taxonomy":"post_tag","embeddable":true,"href":"https:\/\/eldigitaldeasturias.com\/magazine365\/wp-json\/wp\/v2\/tags?post=14109"}],"curies":[{"name":"wp","href":"https:\/\/api.w.org\/{rel}","templated":true}]}}