{"id":14106,"date":"2014-05-27T19:45:54","date_gmt":"2014-05-27T21:45:54","guid":{"rendered":"http:\/\/eldigitaldeasturias.com\/magazine365\/?p=14106"},"modified":"2014-05-27T19:45:54","modified_gmt":"2014-05-27T21:45:54","slug":"la-oms-establecera-recomendaciones-sobre-el-uso-del-cigarro-electronico","status":"publish","type":"post","link":"https:\/\/eldigitaldeasturias.com\/magazine365\/la-oms-establecera-recomendaciones-sobre-el-uso-del-cigarro-electronico\/","title":{"rendered":"La OMS establecer\u00e1 recomendaciones sobre el uso del cigarro electr\u00f3nico"},"content":{"rendered":"<p><img fetchpriority=\"high\" decoding=\"async\" class=\"alignleft size-medium wp-image-14107\" alt=\"6305223w\" src=\"https:\/\/eldigitaldeasturias.com\/magazine365\/wp-content\/uploads\/2014\/05\/6305223w-360x246.jpg\" width=\"360\" height=\"246\" \/>Ginebra, 27 may (EFE).- La Organizaci\u00f3n Mundial de la Salud (OMS) est\u00e1 preparando unas recomendaciones para los estados miembros sobre c\u00f3mo intentar luchar contra el creciente fen\u00f3meno del uso de los cigarrillos electr\u00f3nicos.<\/p>\n<p>\u00abLos cigarrillos electr\u00f3nicos son claramente un problema de salud p\u00fablica, es por ello que estamos estudi\u00e1ndolos\u00bb, afirm\u00f3 hoy Armando Peruga, director del programa sobre prevenci\u00f3n de enfermedades no transmisibles.<\/p>\n<p>Peruga explic\u00f3 que un grupo de trabajo en el seno de la OMS ha estudiado el fen\u00f3meno durante este a\u00f1o y har\u00e1 un informe sobre c\u00f3mo luchar contra un consumo creciente.<\/p>\n<p>Este informe se har\u00e1 p\u00fablico en \u00abdos o tres meses\u00bb, se\u00f1al\u00f3, sin querer dar m\u00e1s detalles al respecto.<\/p>\n<p>El uso de tabaco es la principal causa de muerte \u00abevitable\u00bb en el mundo.<\/p>\n<p>Anualmente, seis millones de personas mueren por causas ligadas al consumo de tabaco, de las cuales 600.000 son fumadores pasivos.<\/p>\n<p>La OMS advierte de que, si no se act\u00faa con prontitud y eficacia, hacia 2030 ocho millones de personas morir\u00e1n anualmente de causas ligadas al consumo de tabaco, el 80 por ciento de ellas en pa\u00edses de ingresos bajos y medios.<\/p>\n","protected":false},"excerpt":{"rendered":"<p>Ginebra, 27 may (EFE).- La Organizaci\u00f3n Mundial de la Salud (OMS) est\u00e1 preparando unas recomendaciones para los estados miembros sobre c\u00f3mo intentar luchar contra el creciente fen\u00f3meno del uso de los cigarrillos electr\u00f3nicos. \u00abLos cigarrillos electr\u00f3nicos son claramente un problema de salud p\u00fablica, es por ello que estamos estudi\u00e1ndolos\u00bb, afirm\u00f3 hoy Armando Peruga, director del<\/p>\n","protected":false},"author":1,"featured_media":14107,"comment_status":"open","ping_status":"closed","sticky":false,"template":"","format":"standard","meta":{"footnotes":""},"categories":[224],"tags":[],"class_list":{"0":"post-14106","1":"post","2":"type-post","3":"status-publish","4":"format-standard","5":"has-post-thumbnail","7":"category-noticias-actualidad"},"aioseo_notices":[],"aioseo_head":"\n\t\t<!-- All in One SEO Pro 4.9.6.1 - aioseo.com -->\n\t<meta name=\"description\" content=\"Ginebra, 27 may (EFE).- La Organizaci\u00f3n Mundial de la Salud (OMS) est\u00e1 preparando unas recomendaciones para los estados miembros sobre c\u00f3mo intentar luchar contra el creciente fen\u00f3meno del uso de los cigarrillos electr\u00f3nicos. &quot;Los cigarrillos electr\u00f3nicos son claramente un problema de salud p\u00fablica, es por ello que estamos estudi\u00e1ndolos&quot;, afirm\u00f3 hoy Armando Peruga, director del\" \/>\n\t<meta name=\"robots\" content=\"max-image-preview:large\" \/>\n\t<meta name=\"author\" content=\"admin\"\/>\n\t<meta name=\"google-site-verification\" content=\"UA-38556648-1\" \/>\n\t<meta name=\"keywords\" content=\"noticias y actualidad\" \/>\n\t<link rel=\"canonical\" href=\"https:\/\/eldigitaldeasturias.com\/magazine365\/la-oms-establecera-recomendaciones-sobre-el-uso-del-cigarro-electronico\/\" \/>\n\t<meta name=\"generator\" content=\"All in One SEO Pro (AIOSEO) 4.9.6.1\" \/>\n\t\t<meta property=\"og:locale\" content=\"es_ES\" \/>\n\t\t<meta property=\"og:site_name\" content=\"El Digital de Asturias \u2013 Revista de ocio, turismo y estilo de vida\" \/>\n\t\t<meta property=\"og:type\" content=\"article\" \/>\n\t\t<meta property=\"og:title\" content=\"La OMS establecer\u00e1 recomendaciones sobre el uso del cigarro electr\u00f3nico | El Digital de Asturias\" \/>\n\t\t<meta property=\"og:description\" content=\"Ginebra, 27 may (EFE).- La Organizaci\u00f3n Mundial de la Salud (OMS) est\u00e1 preparando unas recomendaciones para los estados miembros sobre c\u00f3mo intentar luchar contra el creciente fen\u00f3meno del uso de los cigarrillos electr\u00f3nicos. &quot;Los cigarrillos electr\u00f3nicos son claramente un problema de salud p\u00fablica, es por ello que estamos estudi\u00e1ndolos&quot;, afirm\u00f3 hoy Armando Peruga, director del\" \/>\n\t\t<meta property=\"og:url\" content=\"https:\/\/eldigitaldeasturias.com\/magazine365\/la-oms-establecera-recomendaciones-sobre-el-uso-del-cigarro-electronico\/\" \/>\n\t\t<meta property=\"og:image\" content=\"https:\/\/eldigitaldeasturias.com\/magazine365\/wp-content\/uploads\/2014\/05\/6305223w.jpg\" \/>\n\t\t<meta property=\"og:image:secure_url\" content=\"https:\/\/eldigitaldeasturias.com\/magazine365\/wp-content\/uploads\/2014\/05\/6305223w.jpg\" \/>\n\t\t<meta property=\"og:image:width\" content=\"800\" \/>\n\t\t<meta property=\"og:image:height\" content=\"548\" \/>\n\t\t<meta property=\"article:published_time\" content=\"2014-05-27T21:45:54+00:00\" \/>\n\t\t<meta property=\"article:modified_time\" content=\"2014-05-27T21:45:54+00:00\" \/>\n\t\t<meta name=\"twitter:card\" content=\"summary_large_image\" \/>\n\t\t<meta name=\"twitter:title\" content=\"La OMS establecer\u00e1 recomendaciones sobre el uso del cigarro electr\u00f3nico | El Digital de Asturias\" \/>\n\t\t<meta name=\"twitter:description\" content=\"Ginebra, 27 may (EFE).- La Organizaci\u00f3n Mundial de la Salud (OMS) est\u00e1 preparando unas recomendaciones para los estados miembros sobre c\u00f3mo intentar luchar contra el creciente fen\u00f3meno del uso de los cigarrillos electr\u00f3nicos. &quot;Los cigarrillos electr\u00f3nicos son claramente un problema de salud p\u00fablica, es por ello que estamos estudi\u00e1ndolos&quot;, afirm\u00f3 hoy Armando Peruga, director del\" \/>\n\t\t<meta name=\"twitter:image\" content=\"https:\/\/eldigitaldeasturias.com\/magazine365\/wp-content\/uploads\/2014\/05\/6305223w.jpg\" \/>\n\t\t<script type=\"application\/ld+json\" class=\"aioseo-schema\">\n\t\t\t{\"@context\":\"https:\\\/\\\/schema.org\",\"@graph\":[{\"@type\":\"Article\",\"@id\":\"https:\\\/\\\/eldigitaldeasturias.com\\\/magazine365\\\/la-oms-establecera-recomendaciones-sobre-el-uso-del-cigarro-electronico\\\/#article\",\"name\":\"La OMS establecer\\u00e1 recomendaciones sobre el uso del cigarro electr\\u00f3nico | El Digital de Asturias\",\"headline\":\"La OMS establecer\\u00e1 recomendaciones sobre el uso del cigarro electr\\u00f3nico\",\"author\":{\"@id\":\"https:\\\/\\\/eldigitaldeasturias.com\\\/magazine365\\\/author\\\/admin\\\/#author\"},\"publisher\":{\"@id\":\"https:\\\/\\\/eldigitaldeasturias.com\\\/magazine365\\\/#organization\"},\"image\":{\"@type\":\"ImageObject\",\"url\":\"https:\\\/\\\/eldigitaldeasturias.com\\\/magazine365\\\/wp-content\\\/uploads\\\/2014\\\/05\\\/6305223w.jpg\",\"width\":800,\"height\":548},\"datePublished\":\"2014-05-27T19:45:54+02:00\",\"dateModified\":\"2014-05-27T19:45:54+02:00\",\"inLanguage\":\"es-ES\",\"mainEntityOfPage\":{\"@id\":\"https:\\\/\\\/eldigitaldeasturias.com\\\/magazine365\\\/la-oms-establecera-recomendaciones-sobre-el-uso-del-cigarro-electronico\\\/#webpage\"},\"isPartOf\":{\"@id\":\"https:\\\/\\\/eldigitaldeasturias.com\\\/magazine365\\\/la-oms-establecera-recomendaciones-sobre-el-uso-del-cigarro-electronico\\\/#webpage\"},\"articleSection\":\"Noticias y Actualidad\"},{\"@type\":\"BreadcrumbList\",\"@id\":\"https:\\\/\\\/eldigitaldeasturias.com\\\/magazine365\\\/la-oms-establecera-recomendaciones-sobre-el-uso-del-cigarro-electronico\\\/#breadcrumblist\",\"itemListElement\":[{\"@type\":\"ListItem\",\"@id\":\"https:\\\/\\\/eldigitaldeasturias.com\\\/magazine365#listItem\",\"position\":1,\"name\":\"Home\",\"item\":\"https:\\\/\\\/eldigitaldeasturias.com\\\/magazine365\",\"nextItem\":{\"@type\":\"ListItem\",\"@id\":\"https:\\\/\\\/eldigitaldeasturias.com\\\/magazine365\\\/category\\\/noticias-actualidad\\\/#listItem\",\"name\":\"Noticias y Actualidad\"}},{\"@type\":\"ListItem\",\"@id\":\"https:\\\/\\\/eldigitaldeasturias.com\\\/magazine365\\\/category\\\/noticias-actualidad\\\/#listItem\",\"position\":2,\"name\":\"Noticias y Actualidad\",\"item\":\"https:\\\/\\\/eldigitaldeasturias.com\\\/magazine365\\\/category\\\/noticias-actualidad\\\/\",\"nextItem\":{\"@type\":\"ListItem\",\"@id\":\"https:\\\/\\\/eldigitaldeasturias.com\\\/magazine365\\\/la-oms-establecera-recomendaciones-sobre-el-uso-del-cigarro-electronico\\\/#listItem\",\"name\":\"La OMS establecer\\u00e1 recomendaciones sobre el uso del cigarro electr\\u00f3nico\"},\"previousItem\":{\"@type\":\"ListItem\",\"@id\":\"https:\\\/\\\/eldigitaldeasturias.com\\\/magazine365#listItem\",\"name\":\"Home\"}},{\"@type\":\"ListItem\",\"@id\":\"https:\\\/\\\/eldigitaldeasturias.com\\\/magazine365\\\/la-oms-establecera-recomendaciones-sobre-el-uso-del-cigarro-electronico\\\/#listItem\",\"position\":3,\"name\":\"La OMS establecer\\u00e1 recomendaciones sobre el uso del cigarro electr\\u00f3nico\",\"previousItem\":{\"@type\":\"ListItem\",\"@id\":\"https:\\\/\\\/eldigitaldeasturias.com\\\/magazine365\\\/category\\\/noticias-actualidad\\\/#listItem\",\"name\":\"Noticias y Actualidad\"}}]},{\"@type\":\"Organization\",\"@id\":\"https:\\\/\\\/eldigitaldeasturias.com\\\/magazine365\\\/#organization\",\"name\":\"El digital de Asturias\",\"description\":\"Revista de ocio, turismo y estilo de vida\",\"url\":\"https:\\\/\\\/eldigitaldeasturias.com\\\/magazine365\\\/\",\"logo\":{\"@type\":\"ImageObject\",\"url\":\"https:\\\/\\\/www.eldigitaldeasturias.com\\\/noticias\\\/wp-content\\\/uploads\\\/2020\\\/12\\\/EDA.jpg\",\"@id\":\"https:\\\/\\\/eldigitaldeasturias.com\\\/magazine365\\\/la-oms-establecera-recomendaciones-sobre-el-uso-del-cigarro-electronico\\\/#organizationLogo\"},\"image\":{\"@id\":\"https:\\\/\\\/eldigitaldeasturias.com\\\/magazine365\\\/la-oms-establecera-recomendaciones-sobre-el-uso-del-cigarro-electronico\\\/#organizationLogo\"}},{\"@type\":\"Person\",\"@id\":\"https:\\\/\\\/eldigitaldeasturias.com\\\/magazine365\\\/author\\\/admin\\\/#author\",\"url\":\"https:\\\/\\\/eldigitaldeasturias.com\\\/magazine365\\\/author\\\/admin\\\/\",\"name\":\"admin\",\"image\":{\"@type\":\"ImageObject\",\"@id\":\"https:\\\/\\\/eldigitaldeasturias.com\\\/magazine365\\\/la-oms-establecera-recomendaciones-sobre-el-uso-del-cigarro-electronico\\\/#authorImage\",\"url\":\"https:\\\/\\\/eldigitaldeasturias.com\\\/magazine365\\\/wp-content\\\/litespeed\\\/avatar\\\/e571bcf59a0edd6fa6838245a470f2fe.jpg?ver=1776969259\",\"width\":96,\"height\":96,\"caption\":\"admin\"}},{\"@type\":\"WebPage\",\"@id\":\"https:\\\/\\\/eldigitaldeasturias.com\\\/magazine365\\\/la-oms-establecera-recomendaciones-sobre-el-uso-del-cigarro-electronico\\\/#webpage\",\"url\":\"https:\\\/\\\/eldigitaldeasturias.com\\\/magazine365\\\/la-oms-establecera-recomendaciones-sobre-el-uso-del-cigarro-electronico\\\/\",\"name\":\"La OMS establecer\\u00e1 recomendaciones sobre el uso del cigarro electr\\u00f3nico | El Digital de Asturias\",\"description\":\"Ginebra, 27 may (EFE).- La Organizaci\\u00f3n Mundial de la Salud (OMS) est\\u00e1 preparando unas recomendaciones para los estados miembros sobre c\\u00f3mo intentar luchar contra el creciente fen\\u00f3meno del uso de los cigarrillos electr\\u00f3nicos. \\\"Los cigarrillos electr\\u00f3nicos son claramente un problema de salud p\\u00fablica, es por ello que estamos estudi\\u00e1ndolos\\\", afirm\\u00f3 hoy Armando Peruga, director del\",\"inLanguage\":\"es-ES\",\"isPartOf\":{\"@id\":\"https:\\\/\\\/eldigitaldeasturias.com\\\/magazine365\\\/#website\"},\"breadcrumb\":{\"@id\":\"https:\\\/\\\/eldigitaldeasturias.com\\\/magazine365\\\/la-oms-establecera-recomendaciones-sobre-el-uso-del-cigarro-electronico\\\/#breadcrumblist\"},\"author\":{\"@id\":\"https:\\\/\\\/eldigitaldeasturias.com\\\/magazine365\\\/author\\\/admin\\\/#author\"},\"creator\":{\"@id\":\"https:\\\/\\\/eldigitaldeasturias.com\\\/magazine365\\\/author\\\/admin\\\/#author\"},\"image\":{\"@type\":\"ImageObject\",\"url\":\"https:\\\/\\\/eldigitaldeasturias.com\\\/magazine365\\\/wp-content\\\/uploads\\\/2014\\\/05\\\/6305223w.jpg\",\"@id\":\"https:\\\/\\\/eldigitaldeasturias.com\\\/magazine365\\\/la-oms-establecera-recomendaciones-sobre-el-uso-del-cigarro-electronico\\\/#mainImage\",\"width\":800,\"height\":548},\"primaryImageOfPage\":{\"@id\":\"https:\\\/\\\/eldigitaldeasturias.com\\\/magazine365\\\/la-oms-establecera-recomendaciones-sobre-el-uso-del-cigarro-electronico\\\/#mainImage\"},\"datePublished\":\"2014-05-27T19:45:54+02:00\",\"dateModified\":\"2014-05-27T19:45:54+02:00\"},{\"@type\":\"WebSite\",\"@id\":\"https:\\\/\\\/eldigitaldeasturias.com\\\/magazine365\\\/#website\",\"url\":\"https:\\\/\\\/eldigitaldeasturias.com\\\/magazine365\\\/\",\"name\":\"El Digital de Asturias\",\"description\":\"Revista de ocio, turismo y estilo de vida\",\"inLanguage\":\"es-ES\",\"publisher\":{\"@id\":\"https:\\\/\\\/eldigitaldeasturias.com\\\/magazine365\\\/#organization\"}}]}\n\t\t<\/script>\n\t\t<!-- All in One SEO Pro -->\r\n\t\t<title>La OMS establecer\u00e1 recomendaciones sobre el uso del cigarro electr\u00f3nico | El Digital de Asturias<\/title>\n\n","aioseo_head_json":{"title":"La OMS establecer\u00e1 recomendaciones sobre el uso del cigarro electr\u00f3nico | El Digital de Asturias","description":"Ginebra, 27 may (EFE).- La Organizaci\u00f3n Mundial de la Salud (OMS) est\u00e1 preparando unas recomendaciones para los estados miembros sobre c\u00f3mo intentar luchar contra el creciente fen\u00f3meno del uso de los cigarrillos electr\u00f3nicos. \"Los cigarrillos electr\u00f3nicos son claramente un problema de salud p\u00fablica, es por ello que estamos estudi\u00e1ndolos\", afirm\u00f3 hoy Armando Peruga, director del","canonical_url":"https:\/\/eldigitaldeasturias.com\/magazine365\/la-oms-establecera-recomendaciones-sobre-el-uso-del-cigarro-electronico\/","robots":"max-image-preview:large","keywords":"noticias y actualidad","webmasterTools":{"google-site-verification":"UA-38556648-1","miscellaneous":""},"schema":{"@context":"https:\/\/schema.org","@graph":[{"@type":"Article","@id":"https:\/\/eldigitaldeasturias.com\/magazine365\/la-oms-establecera-recomendaciones-sobre-el-uso-del-cigarro-electronico\/#article","name":"La OMS establecer\u00e1 recomendaciones sobre el uso del cigarro electr\u00f3nico | El Digital de Asturias","headline":"La OMS establecer\u00e1 recomendaciones sobre el uso del cigarro electr\u00f3nico","author":{"@id":"https:\/\/eldigitaldeasturias.com\/magazine365\/author\/admin\/#author"},"publisher":{"@id":"https:\/\/eldigitaldeasturias.com\/magazine365\/#organization"},"image":{"@type":"ImageObject","url":"https:\/\/eldigitaldeasturias.com\/magazine365\/wp-content\/uploads\/2014\/05\/6305223w.jpg","width":800,"height":548},"datePublished":"2014-05-27T19:45:54+02:00","dateModified":"2014-05-27T19:45:54+02:00","inLanguage":"es-ES","mainEntityOfPage":{"@id":"https:\/\/eldigitaldeasturias.com\/magazine365\/la-oms-establecera-recomendaciones-sobre-el-uso-del-cigarro-electronico\/#webpage"},"isPartOf":{"@id":"https:\/\/eldigitaldeasturias.com\/magazine365\/la-oms-establecera-recomendaciones-sobre-el-uso-del-cigarro-electronico\/#webpage"},"articleSection":"Noticias y Actualidad"},{"@type":"BreadcrumbList","@id":"https:\/\/eldigitaldeasturias.com\/magazine365\/la-oms-establecera-recomendaciones-sobre-el-uso-del-cigarro-electronico\/#breadcrumblist","itemListElement":[{"@type":"ListItem","@id":"https:\/\/eldigitaldeasturias.com\/magazine365#listItem","position":1,"name":"Home","item":"https:\/\/eldigitaldeasturias.com\/magazine365","nextItem":{"@type":"ListItem","@id":"https:\/\/eldigitaldeasturias.com\/magazine365\/category\/noticias-actualidad\/#listItem","name":"Noticias y Actualidad"}},{"@type":"ListItem","@id":"https:\/\/eldigitaldeasturias.com\/magazine365\/category\/noticias-actualidad\/#listItem","position":2,"name":"Noticias y Actualidad","item":"https:\/\/eldigitaldeasturias.com\/magazine365\/category\/noticias-actualidad\/","nextItem":{"@type":"ListItem","@id":"https:\/\/eldigitaldeasturias.com\/magazine365\/la-oms-establecera-recomendaciones-sobre-el-uso-del-cigarro-electronico\/#listItem","name":"La OMS establecer\u00e1 recomendaciones sobre el uso del cigarro electr\u00f3nico"},"previousItem":{"@type":"ListItem","@id":"https:\/\/eldigitaldeasturias.com\/magazine365#listItem","name":"Home"}},{"@type":"ListItem","@id":"https:\/\/eldigitaldeasturias.com\/magazine365\/la-oms-establecera-recomendaciones-sobre-el-uso-del-cigarro-electronico\/#listItem","position":3,"name":"La OMS establecer\u00e1 recomendaciones sobre el uso del cigarro electr\u00f3nico","previousItem":{"@type":"ListItem","@id":"https:\/\/eldigitaldeasturias.com\/magazine365\/category\/noticias-actualidad\/#listItem","name":"Noticias y Actualidad"}}]},{"@type":"Organization","@id":"https:\/\/eldigitaldeasturias.com\/magazine365\/#organization","name":"El digital de Asturias","description":"Revista de ocio, turismo y estilo de vida","url":"https:\/\/eldigitaldeasturias.com\/magazine365\/","logo":{"@type":"ImageObject","url":"https:\/\/www.eldigitaldeasturias.com\/noticias\/wp-content\/uploads\/2020\/12\/EDA.jpg","@id":"https:\/\/eldigitaldeasturias.com\/magazine365\/la-oms-establecera-recomendaciones-sobre-el-uso-del-cigarro-electronico\/#organizationLogo"},"image":{"@id":"https:\/\/eldigitaldeasturias.com\/magazine365\/la-oms-establecera-recomendaciones-sobre-el-uso-del-cigarro-electronico\/#organizationLogo"}},{"@type":"Person","@id":"https:\/\/eldigitaldeasturias.com\/magazine365\/author\/admin\/#author","url":"https:\/\/eldigitaldeasturias.com\/magazine365\/author\/admin\/","name":"admin","image":{"@type":"ImageObject","@id":"https:\/\/eldigitaldeasturias.com\/magazine365\/la-oms-establecera-recomendaciones-sobre-el-uso-del-cigarro-electronico\/#authorImage","url":"https:\/\/eldigitaldeasturias.com\/magazine365\/wp-content\/litespeed\/avatar\/e571bcf59a0edd6fa6838245a470f2fe.jpg?ver=1776969259","width":96,"height":96,"caption":"admin"}},{"@type":"WebPage","@id":"https:\/\/eldigitaldeasturias.com\/magazine365\/la-oms-establecera-recomendaciones-sobre-el-uso-del-cigarro-electronico\/#webpage","url":"https:\/\/eldigitaldeasturias.com\/magazine365\/la-oms-establecera-recomendaciones-sobre-el-uso-del-cigarro-electronico\/","name":"La OMS establecer\u00e1 recomendaciones sobre el uso del cigarro electr\u00f3nico | El Digital de Asturias","description":"Ginebra, 27 may (EFE).- La Organizaci\u00f3n Mundial de la Salud (OMS) est\u00e1 preparando unas recomendaciones para los estados miembros sobre c\u00f3mo intentar luchar contra el creciente fen\u00f3meno del uso de los cigarrillos electr\u00f3nicos. \"Los cigarrillos electr\u00f3nicos son claramente un problema de salud p\u00fablica, es por ello que estamos estudi\u00e1ndolos\", afirm\u00f3 hoy Armando Peruga, director del","inLanguage":"es-ES","isPartOf":{"@id":"https:\/\/eldigitaldeasturias.com\/magazine365\/#website"},"breadcrumb":{"@id":"https:\/\/eldigitaldeasturias.com\/magazine365\/la-oms-establecera-recomendaciones-sobre-el-uso-del-cigarro-electronico\/#breadcrumblist"},"author":{"@id":"https:\/\/eldigitaldeasturias.com\/magazine365\/author\/admin\/#author"},"creator":{"@id":"https:\/\/eldigitaldeasturias.com\/magazine365\/author\/admin\/#author"},"image":{"@type":"ImageObject","url":"https:\/\/eldigitaldeasturias.com\/magazine365\/wp-content\/uploads\/2014\/05\/6305223w.jpg","@id":"https:\/\/eldigitaldeasturias.com\/magazine365\/la-oms-establecera-recomendaciones-sobre-el-uso-del-cigarro-electronico\/#mainImage","width":800,"height":548},"primaryImageOfPage":{"@id":"https:\/\/eldigitaldeasturias.com\/magazine365\/la-oms-establecera-recomendaciones-sobre-el-uso-del-cigarro-electronico\/#mainImage"},"datePublished":"2014-05-27T19:45:54+02:00","dateModified":"2014-05-27T19:45:54+02:00"},{"@type":"WebSite","@id":"https:\/\/eldigitaldeasturias.com\/magazine365\/#website","url":"https:\/\/eldigitaldeasturias.com\/magazine365\/","name":"El Digital de Asturias","description":"Revista de ocio, turismo y estilo de vida","inLanguage":"es-ES","publisher":{"@id":"https:\/\/eldigitaldeasturias.com\/magazine365\/#organization"}}]},"og:locale":"es_ES","og:site_name":"El Digital de Asturias \u2013 Revista de ocio, turismo y estilo de vida","og:type":"article","og:title":"La OMS establecer\u00e1 recomendaciones sobre el uso del cigarro electr\u00f3nico | El Digital de Asturias","og:description":"Ginebra, 27 may (EFE).- La Organizaci\u00f3n Mundial de la Salud (OMS) est\u00e1 preparando unas recomendaciones para los estados miembros sobre c\u00f3mo intentar luchar contra el creciente fen\u00f3meno del uso de los cigarrillos electr\u00f3nicos. &quot;Los cigarrillos electr\u00f3nicos son claramente un problema de salud p\u00fablica, es por ello que estamos estudi\u00e1ndolos&quot;, afirm\u00f3 hoy Armando Peruga, director del","og:url":"https:\/\/eldigitaldeasturias.com\/magazine365\/la-oms-establecera-recomendaciones-sobre-el-uso-del-cigarro-electronico\/","og:image":"https:\/\/eldigitaldeasturias.com\/magazine365\/wp-content\/uploads\/2014\/05\/6305223w.jpg","og:image:secure_url":"https:\/\/eldigitaldeasturias.com\/magazine365\/wp-content\/uploads\/2014\/05\/6305223w.jpg","og:image:width":800,"og:image:height":548,"article:published_time":"2014-05-27T21:45:54+00:00","article:modified_time":"2014-05-27T21:45:54+00:00","twitter:card":"summary_large_image","twitter:title":"La OMS establecer\u00e1 recomendaciones sobre el uso del cigarro electr\u00f3nico | El Digital de Asturias","twitter:description":"Ginebra, 27 may (EFE).- La Organizaci\u00f3n Mundial de la Salud (OMS) est\u00e1 preparando unas recomendaciones para los estados miembros sobre c\u00f3mo intentar luchar contra el creciente fen\u00f3meno del uso de los cigarrillos electr\u00f3nicos. &quot;Los cigarrillos electr\u00f3nicos son claramente un problema de salud p\u00fablica, es por ello que estamos estudi\u00e1ndolos&quot;, afirm\u00f3 hoy Armando Peruga, director del","twitter:image":"https:\/\/eldigitaldeasturias.com\/magazine365\/wp-content\/uploads\/2014\/05\/6305223w.jpg"},"aioseo_meta_data":{"post_id":"14106","title":null,"description":null,"keywords":null,"keyphrases":null,"primary_term":null,"canonical_url":null,"og_title":null,"og_description":null,"og_object_type":"default","og_image_type":"default","og_image_url":null,"og_image_width":null,"og_image_height":null,"og_image_custom_url":null,"og_image_custom_fields":null,"og_video":null,"og_custom_url":null,"og_article_section":null,"og_article_tags":null,"twitter_use_og":false,"twitter_card":"default","twitter_image_type":"default","twitter_image_url":null,"twitter_image_custom_url":null,"twitter_image_custom_fields":null,"twitter_title":null,"twitter_description":null,"schema":{"blockGraphs":[],"customGraphs":[],"default":{"data":{"Article":[],"Course":[],"Dataset":[],"FAQPage":[],"Movie":[],"Person":[],"Product":[],"ProductReview":[],"Car":[],"Recipe":[],"Service":[],"SoftwareApplication":[],"WebPage":[]},"graphName":"","isEnabled":true},"graphs":[],"defaultGraph":"","defaultPostTypeGraph":""},"schema_type":null,"schema_type_options":null,"pillar_content":false,"robots_default":true,"robots_noindex":false,"robots_noarchive":false,"robots_nosnippet":false,"robots_nofollow":false,"robots_noimageindex":false,"robots_noodp":false,"robots_notranslate":false,"robots_max_snippet":null,"robots_max_videopreview":null,"robots_max_imagepreview":"large","priority":null,"frequency":null,"location":null,"local_seo":null,"seo_analyzer_scan_date":"2025-09-17 09:32:13","breadcrumb_settings":null,"limit_modified_date":false,"open_ai":null,"ai":null,"created":"2021-03-09 08:19:40","updated":"2025-09-17 09:32:13"},"aioseo_breadcrumb":"<div class=\"aioseo-breadcrumbs\"><span class=\"aioseo-breadcrumb\">\n\t<a href=\"https:\/\/eldigitaldeasturias.com\/magazine365\" title=\"Home\">Home<\/a>\n<\/span><span class=\"aioseo-breadcrumb-separator\">\u2013<\/span><span class=\"aioseo-breadcrumb\">\n\t<a href=\"https:\/\/eldigitaldeasturias.com\/magazine365\/category\/noticias-actualidad\/\" title=\"Noticias y Actualidad\">Noticias y Actualidad<\/a>\n<\/span><span class=\"aioseo-breadcrumb-separator\">\u2013<\/span><span class=\"aioseo-breadcrumb\">\n\t<a href=\"https:\/\/eldigitaldeasturias.com\/magazine365\/la-oms-establecera-recomendaciones-sobre-el-uso-del-cigarro-electronico\/\" title=\"La OMS establecer\u00e1 recomendaciones sobre el uso del cigarro electr\u00f3nico\">La OMS establecer\u00e1 recomendaciones sobre el uso del cigarro electr\u00f3nico<\/a>\n<\/span><\/div>","aioseo_breadcrumb_json":[{"label":"Home","link":"https:\/\/eldigitaldeasturias.com\/magazine365"},{"label":"Noticias y Actualidad","link":"https:\/\/eldigitaldeasturias.com\/magazine365\/category\/noticias-actualidad\/"},{"label":"La OMS establecer\u00e1 recomendaciones sobre el uso del cigarro electr\u00f3nico","link":"https:\/\/eldigitaldeasturias.com\/magazine365\/la-oms-establecera-recomendaciones-sobre-el-uso-del-cigarro-electronico\/"}],"_links":{"self":[{"href":"https:\/\/eldigitaldeasturias.com\/magazine365\/wp-json\/wp\/v2\/posts\/14106","targetHints":{"allow":["GET"]}}],"collection":[{"href":"https:\/\/eldigitaldeasturias.com\/magazine365\/wp-json\/wp\/v2\/posts"}],"about":[{"href":"https:\/\/eldigitaldeasturias.com\/magazine365\/wp-json\/wp\/v2\/types\/post"}],"author":[{"embeddable":true,"href":"https:\/\/eldigitaldeasturias.com\/magazine365\/wp-json\/wp\/v2\/users\/1"}],"replies":[{"embeddable":true,"href":"https:\/\/eldigitaldeasturias.com\/magazine365\/wp-json\/wp\/v2\/comments?post=14106"}],"version-history":[{"count":0,"href":"https:\/\/eldigitaldeasturias.com\/magazine365\/wp-json\/wp\/v2\/posts\/14106\/revisions"}],"wp:featuredmedia":[{"embeddable":true,"href":"https:\/\/eldigitaldeasturias.com\/magazine365\/wp-json\/wp\/v2\/media\/14107"}],"wp:attachment":[{"href":"https:\/\/eldigitaldeasturias.com\/magazine365\/wp-json\/wp\/v2\/media?parent=14106"}],"wp:term":[{"taxonomy":"category","embeddable":true,"href":"https:\/\/eldigitaldeasturias.com\/magazine365\/wp-json\/wp\/v2\/categories?post=14106"},{"taxonomy":"post_tag","embeddable":true,"href":"https:\/\/eldigitaldeasturias.com\/magazine365\/wp-json\/wp\/v2\/tags?post=14106"}],"curies":[{"name":"wp","href":"https:\/\/api.w.org\/{rel}","templated":true}]}}