{"id":14079,"date":"2014-05-27T19:22:09","date_gmt":"2014-05-27T21:22:09","guid":{"rendered":"http:\/\/eldigitaldeasturias.com\/magazine365\/?p=14079"},"modified":"2014-05-27T19:22:09","modified_gmt":"2014-05-27T21:22:09","slug":"george-clooney-y-amal-alamuddin-podrian-casarse-el-12-de-septiembre","status":"publish","type":"post","link":"https:\/\/eldigitaldeasturias.com\/magazine365\/george-clooney-y-amal-alamuddin-podrian-casarse-el-12-de-septiembre\/","title":{"rendered":"George Clooney y Amal Alamuddin podr\u00edan casarse el 12 de septiembre"},"content":{"rendered":"<p><img fetchpriority=\"high\" decoding=\"async\" class=\"alignleft size-medium wp-image-14080\" alt=\"BAFTA LA 2013 Jaguar Britannia Awards\" src=\"https:\/\/eldigitaldeasturias.com\/magazine365\/wp-content\/uploads\/2014\/05\/George-Clooney-y-Amal-Alamuddin-300x300.jpg\" width=\"300\" height=\"300\" srcset=\"https:\/\/eldigitaldeasturias.com\/magazine365\/wp-content\/uploads\/2014\/05\/George-Clooney-y-Amal-Alamuddin-300x300.jpg 300w, https:\/\/eldigitaldeasturias.com\/magazine365\/wp-content\/uploads\/2014\/05\/George-Clooney-y-Amal-Alamuddin-640x640.jpg 640w, https:\/\/eldigitaldeasturias.com\/magazine365\/wp-content\/uploads\/2014\/05\/George-Clooney-y-Amal-Alamuddin-150x150.jpg 150w, https:\/\/eldigitaldeasturias.com\/magazine365\/wp-content\/uploads\/2014\/05\/George-Clooney-y-Amal-Alamuddin-450x450.jpg 450w, https:\/\/eldigitaldeasturias.com\/magazine365\/wp-content\/uploads\/2014\/05\/George-Clooney-y-Amal-Alamuddin-420x420.jpg 420w, https:\/\/eldigitaldeasturias.com\/magazine365\/wp-content\/uploads\/2014\/05\/George-Clooney-y-Amal-Alamuddin-50x50.jpg 50w, https:\/\/eldigitaldeasturias.com\/magazine365\/wp-content\/uploads\/2014\/05\/George-Clooney-y-Amal-Alamuddin.jpg 650w\" sizes=\"(max-width: 300px) 100vw, 300px\" \/>Desde que se hiciera p\u00fablico su compromiso hace apenas un mes, los medios no han parado de especular sobre la fecha elegida por el actor George Clooney para abandonar de una vez por todas su papel como soltero de oro de la mano de la abogada de derechos humanos Amal Alamuddin, un enlace que podr\u00eda estar m\u00e1s cerca de lo esperado, ya que parece ser que la pareja ha elegido ya el pr\u00f3ximo 12 de septiembre para sellar su compromiso.<\/p>\n<p>Sin embargo, la abogada brit\u00e1nica se muestra reacia a casarse en el lago Como, en Italia, donde el actor cuenta con una magn\u00edfica propiedad ya que considera que no cuenta con los requisitos necesarios para ofrecerles todas las garant\u00edas de privacidad en su gran d\u00eda.<\/p>\n<p>\u00abEl 12 de septiembre es la fecha que tienen programada. Todo el mundo cree que el enlace tendr\u00e1 lugar en el lago Como, donde George tiene una casa estupenda, pero Amal prefiere algo m\u00e1s \u00edntimo. A ambos les gustar\u00eda hacer una boda peque\u00f1a en una villa italiana donde pudieran controlar a los fot\u00f3grafos, pero a\u00fan no tienen nada decidido. Despu\u00e9s celebrar\u00e1n fiestas en L\u00edbano y Londres para sus familiares\u00bb, ha declarado una fuente a la revista brit\u00e1nica HELLO!<\/p>\n<p>Independientemente del lugar que finalmente elijan, se espera que la boda de Clooney y Amal est\u00e9 repleta de personalidades de la industria cinematogr\u00e1fica, como Matt Damon -quien ser\u00e1 el padrino del actor-, su \u00edntimo amigo Brad Pitt y su mujer Angelina Jolie, adem\u00e1s de Bono -cantante de U2- con quien el futuro novio comparte intereses humanitarios.<\/p>\n<p>Recientemente, Clooney protagoniz\u00f3 una escapada rom\u00e1ntica junto a su futura esposa en la que la pareja visit\u00f3 el suroeste de Inglaterra donde acudi\u00f3 al castillo Highclere, en Surrey,\u00a0 donde se rueda la famosa serie de televisi\u00f3n &#8216;Downton Abbey&#8217;. Amal qued\u00f3 tan enamorada del id\u00edlico escenario que desde entonces la prensa brit\u00e1nica ha incluido la abad\u00eda en la lista de posibles enclaves para el enlace.<\/p>\n","protected":false},"excerpt":{"rendered":"<p>Desde que se hiciera p\u00fablico su compromiso hace apenas un mes, los medios no han parado de especular sobre la fecha elegida por el actor George Clooney para abandonar de una vez por todas su papel como soltero de oro de la mano de la abogada de derechos humanos Amal Alamuddin, un enlace que podr\u00eda<\/p>\n","protected":false},"author":1,"featured_media":14080,"comment_status":"open","ping_status":"closed","sticky":false,"template":"","format":"standard","meta":{"footnotes":""},"categories":[224],"tags":[],"class_list":{"0":"post-14079","1":"post","2":"type-post","3":"status-publish","4":"format-standard","5":"has-post-thumbnail","7":"category-noticias-actualidad"},"aioseo_notices":[],"aioseo_head":"\n\t\t<!-- All in One SEO Pro 4.9.6.1 - aioseo.com -->\n\t<meta name=\"description\" content=\"Desde que se hiciera p\u00fablico su compromiso hace apenas un mes, los medios no han parado de especular sobre la fecha elegida por el actor George Clooney para abandonar de una vez por todas su papel como soltero de oro de la mano de la abogada de derechos humanos Amal Alamuddin, un enlace que podr\u00eda\" \/>\n\t<meta name=\"robots\" content=\"max-image-preview:large\" \/>\n\t<meta name=\"author\" content=\"admin\"\/>\n\t<meta name=\"google-site-verification\" content=\"UA-38556648-1\" \/>\n\t<meta name=\"keywords\" content=\"noticias y actualidad\" \/>\n\t<link rel=\"canonical\" href=\"https:\/\/eldigitaldeasturias.com\/magazine365\/george-clooney-y-amal-alamuddin-podrian-casarse-el-12-de-septiembre\/\" \/>\n\t<meta name=\"generator\" content=\"All in One SEO Pro (AIOSEO) 4.9.6.1\" \/>\n\t\t<meta property=\"og:locale\" content=\"es_ES\" \/>\n\t\t<meta property=\"og:site_name\" content=\"El Digital de Asturias \u2013 Revista de ocio, turismo y estilo de vida\" \/>\n\t\t<meta property=\"og:type\" content=\"article\" \/>\n\t\t<meta property=\"og:title\" content=\"George Clooney y Amal Alamuddin podr\u00edan casarse el 12 de septiembre | El Digital de Asturias\" \/>\n\t\t<meta property=\"og:description\" content=\"Desde que se hiciera p\u00fablico su compromiso hace apenas un mes, los medios no han parado de especular sobre la fecha elegida por el actor George Clooney para abandonar de una vez por todas su papel como soltero de oro de la mano de la abogada de derechos humanos Amal Alamuddin, un enlace que podr\u00eda\" \/>\n\t\t<meta property=\"og:url\" content=\"https:\/\/eldigitaldeasturias.com\/magazine365\/george-clooney-y-amal-alamuddin-podrian-casarse-el-12-de-septiembre\/\" \/>\n\t\t<meta property=\"og:image\" content=\"https:\/\/eldigitaldeasturias.com\/magazine365\/wp-content\/uploads\/2014\/05\/George-Clooney-y-Amal-Alamuddin.jpg\" \/>\n\t\t<meta property=\"og:image:secure_url\" content=\"https:\/\/eldigitaldeasturias.com\/magazine365\/wp-content\/uploads\/2014\/05\/George-Clooney-y-Amal-Alamuddin.jpg\" \/>\n\t\t<meta property=\"og:image:width\" content=\"650\" \/>\n\t\t<meta property=\"og:image:height\" content=\"650\" \/>\n\t\t<meta property=\"article:published_time\" content=\"2014-05-27T21:22:09+00:00\" \/>\n\t\t<meta property=\"article:modified_time\" content=\"2014-05-27T21:22:09+00:00\" \/>\n\t\t<meta name=\"twitter:card\" content=\"summary_large_image\" \/>\n\t\t<meta name=\"twitter:title\" content=\"George Clooney y Amal Alamuddin podr\u00edan casarse el 12 de septiembre | El Digital de Asturias\" \/>\n\t\t<meta name=\"twitter:description\" content=\"Desde que se hiciera p\u00fablico su compromiso hace apenas un mes, los medios no han parado de especular sobre la fecha elegida por el actor George Clooney para abandonar de una vez por todas su papel como soltero de oro de la mano de la abogada de derechos humanos Amal Alamuddin, un enlace que podr\u00eda\" \/>\n\t\t<meta name=\"twitter:image\" content=\"https:\/\/eldigitaldeasturias.com\/magazine365\/wp-content\/uploads\/2014\/05\/George-Clooney-y-Amal-Alamuddin.jpg\" \/>\n\t\t<script type=\"application\/ld+json\" class=\"aioseo-schema\">\n\t\t\t{\"@context\":\"https:\\\/\\\/schema.org\",\"@graph\":[{\"@type\":\"Article\",\"@id\":\"https:\\\/\\\/eldigitaldeasturias.com\\\/magazine365\\\/george-clooney-y-amal-alamuddin-podrian-casarse-el-12-de-septiembre\\\/#article\",\"name\":\"George Clooney y Amal Alamuddin podr\\u00edan casarse el 12 de septiembre | El Digital de Asturias\",\"headline\":\"George Clooney y Amal Alamuddin podr\\u00edan casarse el 12 de septiembre\",\"author\":{\"@id\":\"https:\\\/\\\/eldigitaldeasturias.com\\\/magazine365\\\/author\\\/admin\\\/#author\"},\"publisher\":{\"@id\":\"https:\\\/\\\/eldigitaldeasturias.com\\\/magazine365\\\/#organization\"},\"image\":{\"@type\":\"ImageObject\",\"url\":\"https:\\\/\\\/eldigitaldeasturias.com\\\/magazine365\\\/wp-content\\\/uploads\\\/2014\\\/05\\\/George-Clooney-y-Amal-Alamuddin.jpg\",\"width\":650,\"height\":650},\"datePublished\":\"2014-05-27T19:22:09+02:00\",\"dateModified\":\"2014-05-27T19:22:09+02:00\",\"inLanguage\":\"es-ES\",\"mainEntityOfPage\":{\"@id\":\"https:\\\/\\\/eldigitaldeasturias.com\\\/magazine365\\\/george-clooney-y-amal-alamuddin-podrian-casarse-el-12-de-septiembre\\\/#webpage\"},\"isPartOf\":{\"@id\":\"https:\\\/\\\/eldigitaldeasturias.com\\\/magazine365\\\/george-clooney-y-amal-alamuddin-podrian-casarse-el-12-de-septiembre\\\/#webpage\"},\"articleSection\":\"Noticias y Actualidad\"},{\"@type\":\"BreadcrumbList\",\"@id\":\"https:\\\/\\\/eldigitaldeasturias.com\\\/magazine365\\\/george-clooney-y-amal-alamuddin-podrian-casarse-el-12-de-septiembre\\\/#breadcrumblist\",\"itemListElement\":[{\"@type\":\"ListItem\",\"@id\":\"https:\\\/\\\/eldigitaldeasturias.com\\\/magazine365#listItem\",\"position\":1,\"name\":\"Home\",\"item\":\"https:\\\/\\\/eldigitaldeasturias.com\\\/magazine365\",\"nextItem\":{\"@type\":\"ListItem\",\"@id\":\"https:\\\/\\\/eldigitaldeasturias.com\\\/magazine365\\\/category\\\/noticias-actualidad\\\/#listItem\",\"name\":\"Noticias y Actualidad\"}},{\"@type\":\"ListItem\",\"@id\":\"https:\\\/\\\/eldigitaldeasturias.com\\\/magazine365\\\/category\\\/noticias-actualidad\\\/#listItem\",\"position\":2,\"name\":\"Noticias y Actualidad\",\"item\":\"https:\\\/\\\/eldigitaldeasturias.com\\\/magazine365\\\/category\\\/noticias-actualidad\\\/\",\"nextItem\":{\"@type\":\"ListItem\",\"@id\":\"https:\\\/\\\/eldigitaldeasturias.com\\\/magazine365\\\/george-clooney-y-amal-alamuddin-podrian-casarse-el-12-de-septiembre\\\/#listItem\",\"name\":\"George Clooney y Amal Alamuddin podr\\u00edan casarse el 12 de septiembre\"},\"previousItem\":{\"@type\":\"ListItem\",\"@id\":\"https:\\\/\\\/eldigitaldeasturias.com\\\/magazine365#listItem\",\"name\":\"Home\"}},{\"@type\":\"ListItem\",\"@id\":\"https:\\\/\\\/eldigitaldeasturias.com\\\/magazine365\\\/george-clooney-y-amal-alamuddin-podrian-casarse-el-12-de-septiembre\\\/#listItem\",\"position\":3,\"name\":\"George Clooney y Amal Alamuddin podr\\u00edan casarse el 12 de septiembre\",\"previousItem\":{\"@type\":\"ListItem\",\"@id\":\"https:\\\/\\\/eldigitaldeasturias.com\\\/magazine365\\\/category\\\/noticias-actualidad\\\/#listItem\",\"name\":\"Noticias y Actualidad\"}}]},{\"@type\":\"Organization\",\"@id\":\"https:\\\/\\\/eldigitaldeasturias.com\\\/magazine365\\\/#organization\",\"name\":\"El digital de Asturias\",\"description\":\"Revista de ocio, turismo y estilo de vida\",\"url\":\"https:\\\/\\\/eldigitaldeasturias.com\\\/magazine365\\\/\",\"logo\":{\"@type\":\"ImageObject\",\"url\":\"https:\\\/\\\/www.eldigitaldeasturias.com\\\/noticias\\\/wp-content\\\/uploads\\\/2020\\\/12\\\/EDA.jpg\",\"@id\":\"https:\\\/\\\/eldigitaldeasturias.com\\\/magazine365\\\/george-clooney-y-amal-alamuddin-podrian-casarse-el-12-de-septiembre\\\/#organizationLogo\"},\"image\":{\"@id\":\"https:\\\/\\\/eldigitaldeasturias.com\\\/magazine365\\\/george-clooney-y-amal-alamuddin-podrian-casarse-el-12-de-septiembre\\\/#organizationLogo\"}},{\"@type\":\"Person\",\"@id\":\"https:\\\/\\\/eldigitaldeasturias.com\\\/magazine365\\\/author\\\/admin\\\/#author\",\"url\":\"https:\\\/\\\/eldigitaldeasturias.com\\\/magazine365\\\/author\\\/admin\\\/\",\"name\":\"admin\",\"image\":{\"@type\":\"ImageObject\",\"@id\":\"https:\\\/\\\/eldigitaldeasturias.com\\\/magazine365\\\/george-clooney-y-amal-alamuddin-podrian-casarse-el-12-de-septiembre\\\/#authorImage\",\"url\":\"https:\\\/\\\/eldigitaldeasturias.com\\\/magazine365\\\/wp-content\\\/litespeed\\\/avatar\\\/e571bcf59a0edd6fa6838245a470f2fe.jpg?ver=1776969259\",\"width\":96,\"height\":96,\"caption\":\"admin\"}},{\"@type\":\"WebPage\",\"@id\":\"https:\\\/\\\/eldigitaldeasturias.com\\\/magazine365\\\/george-clooney-y-amal-alamuddin-podrian-casarse-el-12-de-septiembre\\\/#webpage\",\"url\":\"https:\\\/\\\/eldigitaldeasturias.com\\\/magazine365\\\/george-clooney-y-amal-alamuddin-podrian-casarse-el-12-de-septiembre\\\/\",\"name\":\"George Clooney y Amal Alamuddin podr\\u00edan casarse el 12 de septiembre | El Digital de Asturias\",\"description\":\"Desde que se hiciera p\\u00fablico su compromiso hace apenas un mes, los medios no han parado de especular sobre la fecha elegida por el actor George Clooney para abandonar de una vez por todas su papel como soltero de oro de la mano de la abogada de derechos humanos Amal Alamuddin, un enlace que podr\\u00eda\",\"inLanguage\":\"es-ES\",\"isPartOf\":{\"@id\":\"https:\\\/\\\/eldigitaldeasturias.com\\\/magazine365\\\/#website\"},\"breadcrumb\":{\"@id\":\"https:\\\/\\\/eldigitaldeasturias.com\\\/magazine365\\\/george-clooney-y-amal-alamuddin-podrian-casarse-el-12-de-septiembre\\\/#breadcrumblist\"},\"author\":{\"@id\":\"https:\\\/\\\/eldigitaldeasturias.com\\\/magazine365\\\/author\\\/admin\\\/#author\"},\"creator\":{\"@id\":\"https:\\\/\\\/eldigitaldeasturias.com\\\/magazine365\\\/author\\\/admin\\\/#author\"},\"image\":{\"@type\":\"ImageObject\",\"url\":\"https:\\\/\\\/eldigitaldeasturias.com\\\/magazine365\\\/wp-content\\\/uploads\\\/2014\\\/05\\\/George-Clooney-y-Amal-Alamuddin.jpg\",\"@id\":\"https:\\\/\\\/eldigitaldeasturias.com\\\/magazine365\\\/george-clooney-y-amal-alamuddin-podrian-casarse-el-12-de-septiembre\\\/#mainImage\",\"width\":650,\"height\":650},\"primaryImageOfPage\":{\"@id\":\"https:\\\/\\\/eldigitaldeasturias.com\\\/magazine365\\\/george-clooney-y-amal-alamuddin-podrian-casarse-el-12-de-septiembre\\\/#mainImage\"},\"datePublished\":\"2014-05-27T19:22:09+02:00\",\"dateModified\":\"2014-05-27T19:22:09+02:00\"},{\"@type\":\"WebSite\",\"@id\":\"https:\\\/\\\/eldigitaldeasturias.com\\\/magazine365\\\/#website\",\"url\":\"https:\\\/\\\/eldigitaldeasturias.com\\\/magazine365\\\/\",\"name\":\"El Digital de Asturias\",\"description\":\"Revista de ocio, turismo y estilo de vida\",\"inLanguage\":\"es-ES\",\"publisher\":{\"@id\":\"https:\\\/\\\/eldigitaldeasturias.com\\\/magazine365\\\/#organization\"}}]}\n\t\t<\/script>\n\t\t<!-- All in One SEO Pro -->\r\n\t\t<title>George Clooney y Amal Alamuddin podr\u00edan casarse el 12 de septiembre | El Digital de Asturias<\/title>\n\n","aioseo_head_json":{"title":"George Clooney y Amal Alamuddin podr\u00edan casarse el 12 de septiembre | El Digital de Asturias","description":"Desde que se hiciera p\u00fablico su compromiso hace apenas un mes, los medios no han parado de especular sobre la fecha elegida por el actor George Clooney para abandonar de una vez por todas su papel como soltero de oro de la mano de la abogada de derechos humanos Amal Alamuddin, un enlace que podr\u00eda","canonical_url":"https:\/\/eldigitaldeasturias.com\/magazine365\/george-clooney-y-amal-alamuddin-podrian-casarse-el-12-de-septiembre\/","robots":"max-image-preview:large","keywords":"noticias y actualidad","webmasterTools":{"google-site-verification":"UA-38556648-1","miscellaneous":""},"schema":{"@context":"https:\/\/schema.org","@graph":[{"@type":"Article","@id":"https:\/\/eldigitaldeasturias.com\/magazine365\/george-clooney-y-amal-alamuddin-podrian-casarse-el-12-de-septiembre\/#article","name":"George Clooney y Amal Alamuddin podr\u00edan casarse el 12 de septiembre | El Digital de Asturias","headline":"George Clooney y Amal Alamuddin podr\u00edan casarse el 12 de septiembre","author":{"@id":"https:\/\/eldigitaldeasturias.com\/magazine365\/author\/admin\/#author"},"publisher":{"@id":"https:\/\/eldigitaldeasturias.com\/magazine365\/#organization"},"image":{"@type":"ImageObject","url":"https:\/\/eldigitaldeasturias.com\/magazine365\/wp-content\/uploads\/2014\/05\/George-Clooney-y-Amal-Alamuddin.jpg","width":650,"height":650},"datePublished":"2014-05-27T19:22:09+02:00","dateModified":"2014-05-27T19:22:09+02:00","inLanguage":"es-ES","mainEntityOfPage":{"@id":"https:\/\/eldigitaldeasturias.com\/magazine365\/george-clooney-y-amal-alamuddin-podrian-casarse-el-12-de-septiembre\/#webpage"},"isPartOf":{"@id":"https:\/\/eldigitaldeasturias.com\/magazine365\/george-clooney-y-amal-alamuddin-podrian-casarse-el-12-de-septiembre\/#webpage"},"articleSection":"Noticias y Actualidad"},{"@type":"BreadcrumbList","@id":"https:\/\/eldigitaldeasturias.com\/magazine365\/george-clooney-y-amal-alamuddin-podrian-casarse-el-12-de-septiembre\/#breadcrumblist","itemListElement":[{"@type":"ListItem","@id":"https:\/\/eldigitaldeasturias.com\/magazine365#listItem","position":1,"name":"Home","item":"https:\/\/eldigitaldeasturias.com\/magazine365","nextItem":{"@type":"ListItem","@id":"https:\/\/eldigitaldeasturias.com\/magazine365\/category\/noticias-actualidad\/#listItem","name":"Noticias y Actualidad"}},{"@type":"ListItem","@id":"https:\/\/eldigitaldeasturias.com\/magazine365\/category\/noticias-actualidad\/#listItem","position":2,"name":"Noticias y Actualidad","item":"https:\/\/eldigitaldeasturias.com\/magazine365\/category\/noticias-actualidad\/","nextItem":{"@type":"ListItem","@id":"https:\/\/eldigitaldeasturias.com\/magazine365\/george-clooney-y-amal-alamuddin-podrian-casarse-el-12-de-septiembre\/#listItem","name":"George Clooney y Amal Alamuddin podr\u00edan casarse el 12 de septiembre"},"previousItem":{"@type":"ListItem","@id":"https:\/\/eldigitaldeasturias.com\/magazine365#listItem","name":"Home"}},{"@type":"ListItem","@id":"https:\/\/eldigitaldeasturias.com\/magazine365\/george-clooney-y-amal-alamuddin-podrian-casarse-el-12-de-septiembre\/#listItem","position":3,"name":"George Clooney y Amal Alamuddin podr\u00edan casarse el 12 de septiembre","previousItem":{"@type":"ListItem","@id":"https:\/\/eldigitaldeasturias.com\/magazine365\/category\/noticias-actualidad\/#listItem","name":"Noticias y Actualidad"}}]},{"@type":"Organization","@id":"https:\/\/eldigitaldeasturias.com\/magazine365\/#organization","name":"El digital de Asturias","description":"Revista de ocio, turismo y estilo de vida","url":"https:\/\/eldigitaldeasturias.com\/magazine365\/","logo":{"@type":"ImageObject","url":"https:\/\/www.eldigitaldeasturias.com\/noticias\/wp-content\/uploads\/2020\/12\/EDA.jpg","@id":"https:\/\/eldigitaldeasturias.com\/magazine365\/george-clooney-y-amal-alamuddin-podrian-casarse-el-12-de-septiembre\/#organizationLogo"},"image":{"@id":"https:\/\/eldigitaldeasturias.com\/magazine365\/george-clooney-y-amal-alamuddin-podrian-casarse-el-12-de-septiembre\/#organizationLogo"}},{"@type":"Person","@id":"https:\/\/eldigitaldeasturias.com\/magazine365\/author\/admin\/#author","url":"https:\/\/eldigitaldeasturias.com\/magazine365\/author\/admin\/","name":"admin","image":{"@type":"ImageObject","@id":"https:\/\/eldigitaldeasturias.com\/magazine365\/george-clooney-y-amal-alamuddin-podrian-casarse-el-12-de-septiembre\/#authorImage","url":"https:\/\/eldigitaldeasturias.com\/magazine365\/wp-content\/litespeed\/avatar\/e571bcf59a0edd6fa6838245a470f2fe.jpg?ver=1776969259","width":96,"height":96,"caption":"admin"}},{"@type":"WebPage","@id":"https:\/\/eldigitaldeasturias.com\/magazine365\/george-clooney-y-amal-alamuddin-podrian-casarse-el-12-de-septiembre\/#webpage","url":"https:\/\/eldigitaldeasturias.com\/magazine365\/george-clooney-y-amal-alamuddin-podrian-casarse-el-12-de-septiembre\/","name":"George Clooney y Amal Alamuddin podr\u00edan casarse el 12 de septiembre | El Digital de Asturias","description":"Desde que se hiciera p\u00fablico su compromiso hace apenas un mes, los medios no han parado de especular sobre la fecha elegida por el actor George Clooney para abandonar de una vez por todas su papel como soltero de oro de la mano de la abogada de derechos humanos Amal Alamuddin, un enlace que podr\u00eda","inLanguage":"es-ES","isPartOf":{"@id":"https:\/\/eldigitaldeasturias.com\/magazine365\/#website"},"breadcrumb":{"@id":"https:\/\/eldigitaldeasturias.com\/magazine365\/george-clooney-y-amal-alamuddin-podrian-casarse-el-12-de-septiembre\/#breadcrumblist"},"author":{"@id":"https:\/\/eldigitaldeasturias.com\/magazine365\/author\/admin\/#author"},"creator":{"@id":"https:\/\/eldigitaldeasturias.com\/magazine365\/author\/admin\/#author"},"image":{"@type":"ImageObject","url":"https:\/\/eldigitaldeasturias.com\/magazine365\/wp-content\/uploads\/2014\/05\/George-Clooney-y-Amal-Alamuddin.jpg","@id":"https:\/\/eldigitaldeasturias.com\/magazine365\/george-clooney-y-amal-alamuddin-podrian-casarse-el-12-de-septiembre\/#mainImage","width":650,"height":650},"primaryImageOfPage":{"@id":"https:\/\/eldigitaldeasturias.com\/magazine365\/george-clooney-y-amal-alamuddin-podrian-casarse-el-12-de-septiembre\/#mainImage"},"datePublished":"2014-05-27T19:22:09+02:00","dateModified":"2014-05-27T19:22:09+02:00"},{"@type":"WebSite","@id":"https:\/\/eldigitaldeasturias.com\/magazine365\/#website","url":"https:\/\/eldigitaldeasturias.com\/magazine365\/","name":"El Digital de Asturias","description":"Revista de ocio, turismo y estilo de vida","inLanguage":"es-ES","publisher":{"@id":"https:\/\/eldigitaldeasturias.com\/magazine365\/#organization"}}]},"og:locale":"es_ES","og:site_name":"El Digital de Asturias \u2013 Revista de ocio, turismo y estilo de vida","og:type":"article","og:title":"George Clooney y Amal Alamuddin podr\u00edan casarse el 12 de septiembre | El Digital de Asturias","og:description":"Desde que se hiciera p\u00fablico su compromiso hace apenas un mes, los medios no han parado de especular sobre la fecha elegida por el actor George Clooney para abandonar de una vez por todas su papel como soltero de oro de la mano de la abogada de derechos humanos Amal Alamuddin, un enlace que podr\u00eda","og:url":"https:\/\/eldigitaldeasturias.com\/magazine365\/george-clooney-y-amal-alamuddin-podrian-casarse-el-12-de-septiembre\/","og:image":"https:\/\/eldigitaldeasturias.com\/magazine365\/wp-content\/uploads\/2014\/05\/George-Clooney-y-Amal-Alamuddin.jpg","og:image:secure_url":"https:\/\/eldigitaldeasturias.com\/magazine365\/wp-content\/uploads\/2014\/05\/George-Clooney-y-Amal-Alamuddin.jpg","og:image:width":650,"og:image:height":650,"article:published_time":"2014-05-27T21:22:09+00:00","article:modified_time":"2014-05-27T21:22:09+00:00","twitter:card":"summary_large_image","twitter:title":"George Clooney y Amal Alamuddin podr\u00edan casarse el 12 de septiembre | El Digital de Asturias","twitter:description":"Desde que se hiciera p\u00fablico su compromiso hace apenas un mes, los medios no han parado de especular sobre la fecha elegida por el actor George Clooney para abandonar de una vez por todas su papel como soltero de oro de la mano de la abogada de derechos humanos Amal Alamuddin, un enlace que podr\u00eda","twitter:image":"https:\/\/eldigitaldeasturias.com\/magazine365\/wp-content\/uploads\/2014\/05\/George-Clooney-y-Amal-Alamuddin.jpg"},"aioseo_meta_data":{"post_id":"14079","title":null,"description":null,"keywords":null,"keyphrases":null,"primary_term":null,"canonical_url":null,"og_title":null,"og_description":null,"og_object_type":"default","og_image_type":"default","og_image_url":null,"og_image_width":null,"og_image_height":null,"og_image_custom_url":null,"og_image_custom_fields":null,"og_video":null,"og_custom_url":null,"og_article_section":null,"og_article_tags":null,"twitter_use_og":false,"twitter_card":"default","twitter_image_type":"default","twitter_image_url":null,"twitter_image_custom_url":null,"twitter_image_custom_fields":null,"twitter_title":null,"twitter_description":null,"schema":{"blockGraphs":[],"customGraphs":[],"default":{"data":{"Article":[],"Course":[],"Dataset":[],"FAQPage":[],"Movie":[],"Person":[],"Product":[],"ProductReview":[],"Car":[],"Recipe":[],"Service":[],"SoftwareApplication":[],"WebPage":[]},"graphName":"","isEnabled":true},"graphs":[],"defaultGraph":"","defaultPostTypeGraph":""},"schema_type":null,"schema_type_options":null,"pillar_content":false,"robots_default":true,"robots_noindex":false,"robots_noarchive":false,"robots_nosnippet":false,"robots_nofollow":false,"robots_noimageindex":false,"robots_noodp":false,"robots_notranslate":false,"robots_max_snippet":null,"robots_max_videopreview":null,"robots_max_imagepreview":"large","priority":null,"frequency":null,"location":null,"local_seo":null,"seo_analyzer_scan_date":"2025-09-17 09:29:00","breadcrumb_settings":null,"limit_modified_date":false,"open_ai":null,"ai":null,"created":"2021-03-09 08:19:40","updated":"2025-09-17 09:29:00"},"aioseo_breadcrumb":"<div class=\"aioseo-breadcrumbs\"><span class=\"aioseo-breadcrumb\">\n\t<a href=\"https:\/\/eldigitaldeasturias.com\/magazine365\" title=\"Home\">Home<\/a>\n<\/span><span class=\"aioseo-breadcrumb-separator\">\u2013<\/span><span class=\"aioseo-breadcrumb\">\n\t<a href=\"https:\/\/eldigitaldeasturias.com\/magazine365\/category\/noticias-actualidad\/\" title=\"Noticias y Actualidad\">Noticias y Actualidad<\/a>\n<\/span><span class=\"aioseo-breadcrumb-separator\">\u2013<\/span><span class=\"aioseo-breadcrumb\">\n\t<a href=\"https:\/\/eldigitaldeasturias.com\/magazine365\/george-clooney-y-amal-alamuddin-podrian-casarse-el-12-de-septiembre\/\" title=\"George Clooney y Amal Alamuddin podr\u00edan casarse el 12 de septiembre\">George Clooney y Amal Alamuddin podr\u00edan casarse el 12 de septiembre<\/a>\n<\/span><\/div>","aioseo_breadcrumb_json":[{"label":"Home","link":"https:\/\/eldigitaldeasturias.com\/magazine365"},{"label":"Noticias y Actualidad","link":"https:\/\/eldigitaldeasturias.com\/magazine365\/category\/noticias-actualidad\/"},{"label":"George Clooney y Amal Alamuddin podr\u00edan casarse el 12 de septiembre","link":"https:\/\/eldigitaldeasturias.com\/magazine365\/george-clooney-y-amal-alamuddin-podrian-casarse-el-12-de-septiembre\/"}],"_links":{"self":[{"href":"https:\/\/eldigitaldeasturias.com\/magazine365\/wp-json\/wp\/v2\/posts\/14079","targetHints":{"allow":["GET"]}}],"collection":[{"href":"https:\/\/eldigitaldeasturias.com\/magazine365\/wp-json\/wp\/v2\/posts"}],"about":[{"href":"https:\/\/eldigitaldeasturias.com\/magazine365\/wp-json\/wp\/v2\/types\/post"}],"author":[{"embeddable":true,"href":"https:\/\/eldigitaldeasturias.com\/magazine365\/wp-json\/wp\/v2\/users\/1"}],"replies":[{"embeddable":true,"href":"https:\/\/eldigitaldeasturias.com\/magazine365\/wp-json\/wp\/v2\/comments?post=14079"}],"version-history":[{"count":0,"href":"https:\/\/eldigitaldeasturias.com\/magazine365\/wp-json\/wp\/v2\/posts\/14079\/revisions"}],"wp:featuredmedia":[{"embeddable":true,"href":"https:\/\/eldigitaldeasturias.com\/magazine365\/wp-json\/wp\/v2\/media\/14080"}],"wp:attachment":[{"href":"https:\/\/eldigitaldeasturias.com\/magazine365\/wp-json\/wp\/v2\/media?parent=14079"}],"wp:term":[{"taxonomy":"category","embeddable":true,"href":"https:\/\/eldigitaldeasturias.com\/magazine365\/wp-json\/wp\/v2\/categories?post=14079"},{"taxonomy":"post_tag","embeddable":true,"href":"https:\/\/eldigitaldeasturias.com\/magazine365\/wp-json\/wp\/v2\/tags?post=14079"}],"curies":[{"name":"wp","href":"https:\/\/api.w.org\/{rel}","templated":true}]}}