{"id":14076,"date":"2014-05-27T19:20:28","date_gmt":"2014-05-27T21:20:28","guid":{"rendered":"http:\/\/eldigitaldeasturias.com\/magazine365\/?p=14076"},"modified":"2014-05-27T19:20:28","modified_gmt":"2014-05-27T21:20:28","slug":"johnny-depp-y-el-caracter-de-amber-heard","status":"publish","type":"post","link":"https:\/\/eldigitaldeasturias.com\/magazine365\/johnny-depp-y-el-caracter-de-amber-heard\/","title":{"rendered":"Johnny Depp y el car\u00e1cter de Amber Heard"},"content":{"rendered":"<p><img fetchpriority=\"high\" decoding=\"async\" class=\"alignleft size-medium wp-image-14077\" alt=\"Alertan a Johnny Depp del fuerte car\u00e1cter de Amber Heard\" src=\"https:\/\/eldigitaldeasturias.com\/magazine365\/wp-content\/uploads\/2014\/05\/Alertan-a-Johnny-Depp-del-fuerte-car\u00e1cter-de-Amber-Heard-300x300.jpg\" width=\"300\" height=\"300\" srcset=\"https:\/\/eldigitaldeasturias.com\/magazine365\/wp-content\/uploads\/2014\/05\/Alertan-a-Johnny-Depp-del-fuerte-car\u00e1cter-de-Amber-Heard-300x300.jpg 300w, https:\/\/eldigitaldeasturias.com\/magazine365\/wp-content\/uploads\/2014\/05\/Alertan-a-Johnny-Depp-del-fuerte-car\u00e1cter-de-Amber-Heard-640x640.jpg 640w, https:\/\/eldigitaldeasturias.com\/magazine365\/wp-content\/uploads\/2014\/05\/Alertan-a-Johnny-Depp-del-fuerte-car\u00e1cter-de-Amber-Heard-150x150.jpg 150w, https:\/\/eldigitaldeasturias.com\/magazine365\/wp-content\/uploads\/2014\/05\/Alertan-a-Johnny-Depp-del-fuerte-car\u00e1cter-de-Amber-Heard-450x450.jpg 450w, https:\/\/eldigitaldeasturias.com\/magazine365\/wp-content\/uploads\/2014\/05\/Alertan-a-Johnny-Depp-del-fuerte-car\u00e1cter-de-Amber-Heard-420x420.jpg 420w, https:\/\/eldigitaldeasturias.com\/magazine365\/wp-content\/uploads\/2014\/05\/Alertan-a-Johnny-Depp-del-fuerte-car\u00e1cter-de-Amber-Heard-50x50.jpg 50w, https:\/\/eldigitaldeasturias.com\/magazine365\/wp-content\/uploads\/2014\/05\/Alertan-a-Johnny-Depp-del-fuerte-car\u00e1cter-de-Amber-Heard.jpg 650w\" sizes=\"(max-width: 300px) 100vw, 300px\" \/>Aunque es cierto que cada grupo de amigos tiene sus propias tradiciones a la hora de recibir a las nuevas parejas de su c\u00edrculo, en el caso de los allegados a la actriz Amber Heard no queda muy claro si se trata de una bonita costumbre o m\u00e1s bien de una pesada broma, ya que no han tenido ning\u00fan reparo a la hora de alertar al tambi\u00e9n actor Johnny Depp sobre el car\u00e1cter \u00abpele\u00f3n\u00bb de su prometida.<\/p>\n<p>\u00abCada vez que mi grupo de viejos amigos conoce a alguien con quien mantengo alg\u00fan tipo de relaci\u00f3n, comienzan a advertirle acerca de mi temperamento inmediatamente. Siempre le repiten: &#8216;Puede que parezca refinada y toda una se\u00f1orita, pero cuando se enfada, saca su lado m\u00e1s salvaje y pele\u00f3n con mucha facilidad'\u00bb, confes\u00f3 durante un entrevista para el nuevo n\u00famero de la revista W.<\/p>\n<p>Por el momento el carism\u00e1tico Johnny Depp no se ha dejado amilanar por las advertencias de los amigos de su prometida y todo apunta a que su compromiso -que se hizo p\u00fablico el pasado mes de abril- contin\u00faa adelante con m\u00e1s energ\u00eda que nunca, sobre todo en el caso de Amber, que no teme la idea de quedarse encasillada en el papel de se\u00f1ora Depp.<\/p>\n<p>\u00abNo he notado ning\u00fan cambio en mi carrera desde que estamos juntos. Y para bien o para mal, siempre he tenido una vida amorosa que parece ser de particular inter\u00e9s para cierto tipo de personas. Antes, tambi\u00e9n era considerada como poco convencional\u00bb, a\u00f1adi\u00f3.<\/p>\n<p>El peculiar historial sentimental al que hace referencia la int\u00e9rprete incluye sin duda su relaci\u00f3n de cuatro a\u00f1os con la fot\u00f3grafa Tasy van Ree, un romance que ya atrajo la atenci\u00f3n de los medios en su momento, y del que Amber -que ha reconocido abiertamente su bisexualidad en varias ocasiones- asegura no sentirse \u00abavergonzada\u00bb en absoluto.<\/p>\n<p>\u00abNo quiero dar la sensaci\u00f3n de estar ocultando algo. Ni estoy, ni he estado nunca, avergonzada. No me imagino mi vida, mi trabajo o a m\u00ed misma encajando en ning\u00fan tipo de camino estandarizado. De hecho, la mera idea de que existan categor\u00edas me produce escalofr\u00edos\u00bb, concluy\u00f3.<\/p>\n","protected":false},"excerpt":{"rendered":"<p>Aunque es cierto que cada grupo de amigos tiene sus propias tradiciones a la hora de recibir a las nuevas parejas de su c\u00edrculo, en el caso de los allegados a la actriz Amber Heard no queda muy claro si se trata de una bonita costumbre o m\u00e1s bien de una pesada broma, ya que<\/p>\n","protected":false},"author":1,"featured_media":14077,"comment_status":"open","ping_status":"closed","sticky":false,"template":"","format":"standard","meta":{"footnotes":""},"categories":[224],"tags":[],"class_list":{"0":"post-14076","1":"post","2":"type-post","3":"status-publish","4":"format-standard","5":"has-post-thumbnail","7":"category-noticias-actualidad"},"aioseo_notices":[],"aioseo_head":"\n\t\t<!-- All in One SEO Pro 4.9.6.1 - aioseo.com -->\n\t<meta name=\"description\" content=\"Aunque es cierto que cada grupo de amigos tiene sus propias tradiciones a la hora de recibir a las nuevas parejas de su c\u00edrculo, en el caso de los allegados a la actriz Amber Heard no queda muy claro si se trata de una bonita costumbre o m\u00e1s bien de una pesada broma, ya que\" \/>\n\t<meta name=\"robots\" content=\"max-image-preview:large\" \/>\n\t<meta name=\"author\" content=\"admin\"\/>\n\t<meta name=\"google-site-verification\" content=\"UA-38556648-1\" \/>\n\t<meta name=\"keywords\" content=\"noticias y actualidad\" \/>\n\t<link rel=\"canonical\" href=\"https:\/\/eldigitaldeasturias.com\/magazine365\/johnny-depp-y-el-caracter-de-amber-heard\/\" \/>\n\t<meta name=\"generator\" content=\"All in One SEO Pro (AIOSEO) 4.9.6.1\" \/>\n\t\t<meta property=\"og:locale\" content=\"es_ES\" \/>\n\t\t<meta property=\"og:site_name\" content=\"El Digital de Asturias \u2013 Revista de ocio, turismo y estilo de vida\" \/>\n\t\t<meta property=\"og:type\" content=\"article\" \/>\n\t\t<meta property=\"og:title\" content=\"Johnny Depp y el car\u00e1cter de Amber Heard | El Digital de Asturias\" \/>\n\t\t<meta property=\"og:description\" content=\"Aunque es cierto que cada grupo de amigos tiene sus propias tradiciones a la hora de recibir a las nuevas parejas de su c\u00edrculo, en el caso de los allegados a la actriz Amber Heard no queda muy claro si se trata de una bonita costumbre o m\u00e1s bien de una pesada broma, ya que\" \/>\n\t\t<meta property=\"og:url\" content=\"https:\/\/eldigitaldeasturias.com\/magazine365\/johnny-depp-y-el-caracter-de-amber-heard\/\" \/>\n\t\t<meta property=\"og:image\" content=\"https:\/\/eldigitaldeasturias.com\/magazine365\/wp-content\/uploads\/2014\/05\/Alertan-a-Johnny-Depp-del-fuerte-car\u00e1cter-de-Amber-Heard.jpg\" \/>\n\t\t<meta property=\"og:image:secure_url\" content=\"https:\/\/eldigitaldeasturias.com\/magazine365\/wp-content\/uploads\/2014\/05\/Alertan-a-Johnny-Depp-del-fuerte-car\u00e1cter-de-Amber-Heard.jpg\" \/>\n\t\t<meta property=\"og:image:width\" content=\"650\" \/>\n\t\t<meta property=\"og:image:height\" content=\"650\" \/>\n\t\t<meta property=\"article:published_time\" content=\"2014-05-27T21:20:28+00:00\" \/>\n\t\t<meta property=\"article:modified_time\" content=\"2014-05-27T21:20:28+00:00\" \/>\n\t\t<meta name=\"twitter:card\" content=\"summary_large_image\" \/>\n\t\t<meta name=\"twitter:title\" content=\"Johnny Depp y el car\u00e1cter de Amber Heard | El Digital de Asturias\" \/>\n\t\t<meta name=\"twitter:description\" content=\"Aunque es cierto que cada grupo de amigos tiene sus propias tradiciones a la hora de recibir a las nuevas parejas de su c\u00edrculo, en el caso de los allegados a la actriz Amber Heard no queda muy claro si se trata de una bonita costumbre o m\u00e1s bien de una pesada broma, ya que\" \/>\n\t\t<meta name=\"twitter:image\" content=\"https:\/\/eldigitaldeasturias.com\/magazine365\/wp-content\/uploads\/2014\/05\/Alertan-a-Johnny-Depp-del-fuerte-car\u00e1cter-de-Amber-Heard.jpg\" \/>\n\t\t<script type=\"application\/ld+json\" class=\"aioseo-schema\">\n\t\t\t{\"@context\":\"https:\\\/\\\/schema.org\",\"@graph\":[{\"@type\":\"Article\",\"@id\":\"https:\\\/\\\/eldigitaldeasturias.com\\\/magazine365\\\/johnny-depp-y-el-caracter-de-amber-heard\\\/#article\",\"name\":\"Johnny Depp y el car\\u00e1cter de Amber Heard | El Digital de Asturias\",\"headline\":\"Johnny Depp y el car\\u00e1cter de Amber Heard\",\"author\":{\"@id\":\"https:\\\/\\\/eldigitaldeasturias.com\\\/magazine365\\\/author\\\/admin\\\/#author\"},\"publisher\":{\"@id\":\"https:\\\/\\\/eldigitaldeasturias.com\\\/magazine365\\\/#organization\"},\"image\":{\"@type\":\"ImageObject\",\"url\":\"https:\\\/\\\/eldigitaldeasturias.com\\\/magazine365\\\/wp-content\\\/uploads\\\/2014\\\/05\\\/Alertan-a-Johnny-Depp-del-fuerte-car\\u00e1cter-de-Amber-Heard.jpg\",\"width\":650,\"height\":650},\"datePublished\":\"2014-05-27T19:20:28+02:00\",\"dateModified\":\"2014-05-27T19:20:28+02:00\",\"inLanguage\":\"es-ES\",\"mainEntityOfPage\":{\"@id\":\"https:\\\/\\\/eldigitaldeasturias.com\\\/magazine365\\\/johnny-depp-y-el-caracter-de-amber-heard\\\/#webpage\"},\"isPartOf\":{\"@id\":\"https:\\\/\\\/eldigitaldeasturias.com\\\/magazine365\\\/johnny-depp-y-el-caracter-de-amber-heard\\\/#webpage\"},\"articleSection\":\"Noticias y Actualidad\"},{\"@type\":\"BreadcrumbList\",\"@id\":\"https:\\\/\\\/eldigitaldeasturias.com\\\/magazine365\\\/johnny-depp-y-el-caracter-de-amber-heard\\\/#breadcrumblist\",\"itemListElement\":[{\"@type\":\"ListItem\",\"@id\":\"https:\\\/\\\/eldigitaldeasturias.com\\\/magazine365#listItem\",\"position\":1,\"name\":\"Home\",\"item\":\"https:\\\/\\\/eldigitaldeasturias.com\\\/magazine365\",\"nextItem\":{\"@type\":\"ListItem\",\"@id\":\"https:\\\/\\\/eldigitaldeasturias.com\\\/magazine365\\\/category\\\/noticias-actualidad\\\/#listItem\",\"name\":\"Noticias y Actualidad\"}},{\"@type\":\"ListItem\",\"@id\":\"https:\\\/\\\/eldigitaldeasturias.com\\\/magazine365\\\/category\\\/noticias-actualidad\\\/#listItem\",\"position\":2,\"name\":\"Noticias y Actualidad\",\"item\":\"https:\\\/\\\/eldigitaldeasturias.com\\\/magazine365\\\/category\\\/noticias-actualidad\\\/\",\"nextItem\":{\"@type\":\"ListItem\",\"@id\":\"https:\\\/\\\/eldigitaldeasturias.com\\\/magazine365\\\/johnny-depp-y-el-caracter-de-amber-heard\\\/#listItem\",\"name\":\"Johnny Depp y el car\\u00e1cter de Amber Heard\"},\"previousItem\":{\"@type\":\"ListItem\",\"@id\":\"https:\\\/\\\/eldigitaldeasturias.com\\\/magazine365#listItem\",\"name\":\"Home\"}},{\"@type\":\"ListItem\",\"@id\":\"https:\\\/\\\/eldigitaldeasturias.com\\\/magazine365\\\/johnny-depp-y-el-caracter-de-amber-heard\\\/#listItem\",\"position\":3,\"name\":\"Johnny Depp y el car\\u00e1cter de Amber Heard\",\"previousItem\":{\"@type\":\"ListItem\",\"@id\":\"https:\\\/\\\/eldigitaldeasturias.com\\\/magazine365\\\/category\\\/noticias-actualidad\\\/#listItem\",\"name\":\"Noticias y Actualidad\"}}]},{\"@type\":\"Organization\",\"@id\":\"https:\\\/\\\/eldigitaldeasturias.com\\\/magazine365\\\/#organization\",\"name\":\"El digital de Asturias\",\"description\":\"Revista de ocio, turismo y estilo de vida\",\"url\":\"https:\\\/\\\/eldigitaldeasturias.com\\\/magazine365\\\/\",\"logo\":{\"@type\":\"ImageObject\",\"url\":\"https:\\\/\\\/www.eldigitaldeasturias.com\\\/noticias\\\/wp-content\\\/uploads\\\/2020\\\/12\\\/EDA.jpg\",\"@id\":\"https:\\\/\\\/eldigitaldeasturias.com\\\/magazine365\\\/johnny-depp-y-el-caracter-de-amber-heard\\\/#organizationLogo\"},\"image\":{\"@id\":\"https:\\\/\\\/eldigitaldeasturias.com\\\/magazine365\\\/johnny-depp-y-el-caracter-de-amber-heard\\\/#organizationLogo\"}},{\"@type\":\"Person\",\"@id\":\"https:\\\/\\\/eldigitaldeasturias.com\\\/magazine365\\\/author\\\/admin\\\/#author\",\"url\":\"https:\\\/\\\/eldigitaldeasturias.com\\\/magazine365\\\/author\\\/admin\\\/\",\"name\":\"admin\",\"image\":{\"@type\":\"ImageObject\",\"@id\":\"https:\\\/\\\/eldigitaldeasturias.com\\\/magazine365\\\/johnny-depp-y-el-caracter-de-amber-heard\\\/#authorImage\",\"url\":\"https:\\\/\\\/eldigitaldeasturias.com\\\/magazine365\\\/wp-content\\\/litespeed\\\/avatar\\\/e571bcf59a0edd6fa6838245a470f2fe.jpg?ver=1776969259\",\"width\":96,\"height\":96,\"caption\":\"admin\"}},{\"@type\":\"WebPage\",\"@id\":\"https:\\\/\\\/eldigitaldeasturias.com\\\/magazine365\\\/johnny-depp-y-el-caracter-de-amber-heard\\\/#webpage\",\"url\":\"https:\\\/\\\/eldigitaldeasturias.com\\\/magazine365\\\/johnny-depp-y-el-caracter-de-amber-heard\\\/\",\"name\":\"Johnny Depp y el car\\u00e1cter de Amber Heard | El Digital de Asturias\",\"description\":\"Aunque es cierto que cada grupo de amigos tiene sus propias tradiciones a la hora de recibir a las nuevas parejas de su c\\u00edrculo, en el caso de los allegados a la actriz Amber Heard no queda muy claro si se trata de una bonita costumbre o m\\u00e1s bien de una pesada broma, ya que\",\"inLanguage\":\"es-ES\",\"isPartOf\":{\"@id\":\"https:\\\/\\\/eldigitaldeasturias.com\\\/magazine365\\\/#website\"},\"breadcrumb\":{\"@id\":\"https:\\\/\\\/eldigitaldeasturias.com\\\/magazine365\\\/johnny-depp-y-el-caracter-de-amber-heard\\\/#breadcrumblist\"},\"author\":{\"@id\":\"https:\\\/\\\/eldigitaldeasturias.com\\\/magazine365\\\/author\\\/admin\\\/#author\"},\"creator\":{\"@id\":\"https:\\\/\\\/eldigitaldeasturias.com\\\/magazine365\\\/author\\\/admin\\\/#author\"},\"image\":{\"@type\":\"ImageObject\",\"url\":\"https:\\\/\\\/eldigitaldeasturias.com\\\/magazine365\\\/wp-content\\\/uploads\\\/2014\\\/05\\\/Alertan-a-Johnny-Depp-del-fuerte-car\\u00e1cter-de-Amber-Heard.jpg\",\"@id\":\"https:\\\/\\\/eldigitaldeasturias.com\\\/magazine365\\\/johnny-depp-y-el-caracter-de-amber-heard\\\/#mainImage\",\"width\":650,\"height\":650},\"primaryImageOfPage\":{\"@id\":\"https:\\\/\\\/eldigitaldeasturias.com\\\/magazine365\\\/johnny-depp-y-el-caracter-de-amber-heard\\\/#mainImage\"},\"datePublished\":\"2014-05-27T19:20:28+02:00\",\"dateModified\":\"2014-05-27T19:20:28+02:00\"},{\"@type\":\"WebSite\",\"@id\":\"https:\\\/\\\/eldigitaldeasturias.com\\\/magazine365\\\/#website\",\"url\":\"https:\\\/\\\/eldigitaldeasturias.com\\\/magazine365\\\/\",\"name\":\"El Digital de Asturias\",\"description\":\"Revista de ocio, turismo y estilo de vida\",\"inLanguage\":\"es-ES\",\"publisher\":{\"@id\":\"https:\\\/\\\/eldigitaldeasturias.com\\\/magazine365\\\/#organization\"}}]}\n\t\t<\/script>\n\t\t<!-- All in One SEO Pro -->\r\n\t\t<title>Johnny Depp y el car\u00e1cter de Amber Heard | El Digital de Asturias<\/title>\n\n","aioseo_head_json":{"title":"Johnny Depp y el car\u00e1cter de Amber Heard | El Digital de Asturias","description":"Aunque es cierto que cada grupo de amigos tiene sus propias tradiciones a la hora de recibir a las nuevas parejas de su c\u00edrculo, en el caso de los allegados a la actriz Amber Heard no queda muy claro si se trata de una bonita costumbre o m\u00e1s bien de una pesada broma, ya que","canonical_url":"https:\/\/eldigitaldeasturias.com\/magazine365\/johnny-depp-y-el-caracter-de-amber-heard\/","robots":"max-image-preview:large","keywords":"noticias y actualidad","webmasterTools":{"google-site-verification":"UA-38556648-1","miscellaneous":""},"schema":{"@context":"https:\/\/schema.org","@graph":[{"@type":"Article","@id":"https:\/\/eldigitaldeasturias.com\/magazine365\/johnny-depp-y-el-caracter-de-amber-heard\/#article","name":"Johnny Depp y el car\u00e1cter de Amber Heard | El Digital de Asturias","headline":"Johnny Depp y el car\u00e1cter de Amber Heard","author":{"@id":"https:\/\/eldigitaldeasturias.com\/magazine365\/author\/admin\/#author"},"publisher":{"@id":"https:\/\/eldigitaldeasturias.com\/magazine365\/#organization"},"image":{"@type":"ImageObject","url":"https:\/\/eldigitaldeasturias.com\/magazine365\/wp-content\/uploads\/2014\/05\/Alertan-a-Johnny-Depp-del-fuerte-car\u00e1cter-de-Amber-Heard.jpg","width":650,"height":650},"datePublished":"2014-05-27T19:20:28+02:00","dateModified":"2014-05-27T19:20:28+02:00","inLanguage":"es-ES","mainEntityOfPage":{"@id":"https:\/\/eldigitaldeasturias.com\/magazine365\/johnny-depp-y-el-caracter-de-amber-heard\/#webpage"},"isPartOf":{"@id":"https:\/\/eldigitaldeasturias.com\/magazine365\/johnny-depp-y-el-caracter-de-amber-heard\/#webpage"},"articleSection":"Noticias y Actualidad"},{"@type":"BreadcrumbList","@id":"https:\/\/eldigitaldeasturias.com\/magazine365\/johnny-depp-y-el-caracter-de-amber-heard\/#breadcrumblist","itemListElement":[{"@type":"ListItem","@id":"https:\/\/eldigitaldeasturias.com\/magazine365#listItem","position":1,"name":"Home","item":"https:\/\/eldigitaldeasturias.com\/magazine365","nextItem":{"@type":"ListItem","@id":"https:\/\/eldigitaldeasturias.com\/magazine365\/category\/noticias-actualidad\/#listItem","name":"Noticias y Actualidad"}},{"@type":"ListItem","@id":"https:\/\/eldigitaldeasturias.com\/magazine365\/category\/noticias-actualidad\/#listItem","position":2,"name":"Noticias y Actualidad","item":"https:\/\/eldigitaldeasturias.com\/magazine365\/category\/noticias-actualidad\/","nextItem":{"@type":"ListItem","@id":"https:\/\/eldigitaldeasturias.com\/magazine365\/johnny-depp-y-el-caracter-de-amber-heard\/#listItem","name":"Johnny Depp y el car\u00e1cter de Amber Heard"},"previousItem":{"@type":"ListItem","@id":"https:\/\/eldigitaldeasturias.com\/magazine365#listItem","name":"Home"}},{"@type":"ListItem","@id":"https:\/\/eldigitaldeasturias.com\/magazine365\/johnny-depp-y-el-caracter-de-amber-heard\/#listItem","position":3,"name":"Johnny Depp y el car\u00e1cter de Amber Heard","previousItem":{"@type":"ListItem","@id":"https:\/\/eldigitaldeasturias.com\/magazine365\/category\/noticias-actualidad\/#listItem","name":"Noticias y Actualidad"}}]},{"@type":"Organization","@id":"https:\/\/eldigitaldeasturias.com\/magazine365\/#organization","name":"El digital de Asturias","description":"Revista de ocio, turismo y estilo de vida","url":"https:\/\/eldigitaldeasturias.com\/magazine365\/","logo":{"@type":"ImageObject","url":"https:\/\/www.eldigitaldeasturias.com\/noticias\/wp-content\/uploads\/2020\/12\/EDA.jpg","@id":"https:\/\/eldigitaldeasturias.com\/magazine365\/johnny-depp-y-el-caracter-de-amber-heard\/#organizationLogo"},"image":{"@id":"https:\/\/eldigitaldeasturias.com\/magazine365\/johnny-depp-y-el-caracter-de-amber-heard\/#organizationLogo"}},{"@type":"Person","@id":"https:\/\/eldigitaldeasturias.com\/magazine365\/author\/admin\/#author","url":"https:\/\/eldigitaldeasturias.com\/magazine365\/author\/admin\/","name":"admin","image":{"@type":"ImageObject","@id":"https:\/\/eldigitaldeasturias.com\/magazine365\/johnny-depp-y-el-caracter-de-amber-heard\/#authorImage","url":"https:\/\/eldigitaldeasturias.com\/magazine365\/wp-content\/litespeed\/avatar\/e571bcf59a0edd6fa6838245a470f2fe.jpg?ver=1776969259","width":96,"height":96,"caption":"admin"}},{"@type":"WebPage","@id":"https:\/\/eldigitaldeasturias.com\/magazine365\/johnny-depp-y-el-caracter-de-amber-heard\/#webpage","url":"https:\/\/eldigitaldeasturias.com\/magazine365\/johnny-depp-y-el-caracter-de-amber-heard\/","name":"Johnny Depp y el car\u00e1cter de Amber Heard | El Digital de Asturias","description":"Aunque es cierto que cada grupo de amigos tiene sus propias tradiciones a la hora de recibir a las nuevas parejas de su c\u00edrculo, en el caso de los allegados a la actriz Amber Heard no queda muy claro si se trata de una bonita costumbre o m\u00e1s bien de una pesada broma, ya que","inLanguage":"es-ES","isPartOf":{"@id":"https:\/\/eldigitaldeasturias.com\/magazine365\/#website"},"breadcrumb":{"@id":"https:\/\/eldigitaldeasturias.com\/magazine365\/johnny-depp-y-el-caracter-de-amber-heard\/#breadcrumblist"},"author":{"@id":"https:\/\/eldigitaldeasturias.com\/magazine365\/author\/admin\/#author"},"creator":{"@id":"https:\/\/eldigitaldeasturias.com\/magazine365\/author\/admin\/#author"},"image":{"@type":"ImageObject","url":"https:\/\/eldigitaldeasturias.com\/magazine365\/wp-content\/uploads\/2014\/05\/Alertan-a-Johnny-Depp-del-fuerte-car\u00e1cter-de-Amber-Heard.jpg","@id":"https:\/\/eldigitaldeasturias.com\/magazine365\/johnny-depp-y-el-caracter-de-amber-heard\/#mainImage","width":650,"height":650},"primaryImageOfPage":{"@id":"https:\/\/eldigitaldeasturias.com\/magazine365\/johnny-depp-y-el-caracter-de-amber-heard\/#mainImage"},"datePublished":"2014-05-27T19:20:28+02:00","dateModified":"2014-05-27T19:20:28+02:00"},{"@type":"WebSite","@id":"https:\/\/eldigitaldeasturias.com\/magazine365\/#website","url":"https:\/\/eldigitaldeasturias.com\/magazine365\/","name":"El Digital de Asturias","description":"Revista de ocio, turismo y estilo de vida","inLanguage":"es-ES","publisher":{"@id":"https:\/\/eldigitaldeasturias.com\/magazine365\/#organization"}}]},"og:locale":"es_ES","og:site_name":"El Digital de Asturias \u2013 Revista de ocio, turismo y estilo de vida","og:type":"article","og:title":"Johnny Depp y el car\u00e1cter de Amber Heard | El Digital de Asturias","og:description":"Aunque es cierto que cada grupo de amigos tiene sus propias tradiciones a la hora de recibir a las nuevas parejas de su c\u00edrculo, en el caso de los allegados a la actriz Amber Heard no queda muy claro si se trata de una bonita costumbre o m\u00e1s bien de una pesada broma, ya que","og:url":"https:\/\/eldigitaldeasturias.com\/magazine365\/johnny-depp-y-el-caracter-de-amber-heard\/","og:image":"https:\/\/eldigitaldeasturias.com\/magazine365\/wp-content\/uploads\/2014\/05\/Alertan-a-Johnny-Depp-del-fuerte-car\u00e1cter-de-Amber-Heard.jpg","og:image:secure_url":"https:\/\/eldigitaldeasturias.com\/magazine365\/wp-content\/uploads\/2014\/05\/Alertan-a-Johnny-Depp-del-fuerte-car\u00e1cter-de-Amber-Heard.jpg","og:image:width":650,"og:image:height":650,"article:published_time":"2014-05-27T21:20:28+00:00","article:modified_time":"2014-05-27T21:20:28+00:00","twitter:card":"summary_large_image","twitter:title":"Johnny Depp y el car\u00e1cter de Amber Heard | El Digital de Asturias","twitter:description":"Aunque es cierto que cada grupo de amigos tiene sus propias tradiciones a la hora de recibir a las nuevas parejas de su c\u00edrculo, en el caso de los allegados a la actriz Amber Heard no queda muy claro si se trata de una bonita costumbre o m\u00e1s bien de una pesada broma, ya que","twitter:image":"https:\/\/eldigitaldeasturias.com\/magazine365\/wp-content\/uploads\/2014\/05\/Alertan-a-Johnny-Depp-del-fuerte-car\u00e1cter-de-Amber-Heard.jpg"},"aioseo_meta_data":{"post_id":"14076","title":null,"description":null,"keywords":null,"keyphrases":null,"primary_term":null,"canonical_url":null,"og_title":null,"og_description":null,"og_object_type":"default","og_image_type":"default","og_image_url":null,"og_image_width":null,"og_image_height":null,"og_image_custom_url":null,"og_image_custom_fields":null,"og_video":null,"og_custom_url":null,"og_article_section":null,"og_article_tags":null,"twitter_use_og":false,"twitter_card":"default","twitter_image_type":"default","twitter_image_url":null,"twitter_image_custom_url":null,"twitter_image_custom_fields":null,"twitter_title":null,"twitter_description":null,"schema":{"blockGraphs":[],"customGraphs":[],"default":{"data":{"Article":[],"Course":[],"Dataset":[],"FAQPage":[],"Movie":[],"Person":[],"Product":[],"ProductReview":[],"Car":[],"Recipe":[],"Service":[],"SoftwareApplication":[],"WebPage":[]},"graphName":"","isEnabled":true},"graphs":[],"defaultGraph":"","defaultPostTypeGraph":""},"schema_type":null,"schema_type_options":null,"pillar_content":false,"robots_default":true,"robots_noindex":false,"robots_noarchive":false,"robots_nosnippet":false,"robots_nofollow":false,"robots_noimageindex":false,"robots_noodp":false,"robots_notranslate":false,"robots_max_snippet":null,"robots_max_videopreview":null,"robots_max_imagepreview":"large","priority":null,"frequency":null,"location":null,"local_seo":null,"seo_analyzer_scan_date":"2025-09-17 09:28:58","breadcrumb_settings":null,"limit_modified_date":false,"open_ai":null,"ai":null,"created":"2021-03-09 08:19:40","updated":"2025-09-17 09:28:58"},"aioseo_breadcrumb":"<div class=\"aioseo-breadcrumbs\"><span class=\"aioseo-breadcrumb\">\n\t<a href=\"https:\/\/eldigitaldeasturias.com\/magazine365\" title=\"Home\">Home<\/a>\n<\/span><span class=\"aioseo-breadcrumb-separator\">\u2013<\/span><span class=\"aioseo-breadcrumb\">\n\t<a href=\"https:\/\/eldigitaldeasturias.com\/magazine365\/category\/noticias-actualidad\/\" title=\"Noticias y Actualidad\">Noticias y Actualidad<\/a>\n<\/span><span class=\"aioseo-breadcrumb-separator\">\u2013<\/span><span class=\"aioseo-breadcrumb\">\n\t<a href=\"https:\/\/eldigitaldeasturias.com\/magazine365\/johnny-depp-y-el-caracter-de-amber-heard\/\" title=\"Johnny Depp y el car\u00e1cter de Amber Heard\">Johnny Depp y el car\u00e1cter de Amber Heard<\/a>\n<\/span><\/div>","aioseo_breadcrumb_json":[{"label":"Home","link":"https:\/\/eldigitaldeasturias.com\/magazine365"},{"label":"Noticias y Actualidad","link":"https:\/\/eldigitaldeasturias.com\/magazine365\/category\/noticias-actualidad\/"},{"label":"Johnny Depp y el car\u00e1cter de Amber Heard","link":"https:\/\/eldigitaldeasturias.com\/magazine365\/johnny-depp-y-el-caracter-de-amber-heard\/"}],"_links":{"self":[{"href":"https:\/\/eldigitaldeasturias.com\/magazine365\/wp-json\/wp\/v2\/posts\/14076","targetHints":{"allow":["GET"]}}],"collection":[{"href":"https:\/\/eldigitaldeasturias.com\/magazine365\/wp-json\/wp\/v2\/posts"}],"about":[{"href":"https:\/\/eldigitaldeasturias.com\/magazine365\/wp-json\/wp\/v2\/types\/post"}],"author":[{"embeddable":true,"href":"https:\/\/eldigitaldeasturias.com\/magazine365\/wp-json\/wp\/v2\/users\/1"}],"replies":[{"embeddable":true,"href":"https:\/\/eldigitaldeasturias.com\/magazine365\/wp-json\/wp\/v2\/comments?post=14076"}],"version-history":[{"count":0,"href":"https:\/\/eldigitaldeasturias.com\/magazine365\/wp-json\/wp\/v2\/posts\/14076\/revisions"}],"wp:featuredmedia":[{"embeddable":true,"href":"https:\/\/eldigitaldeasturias.com\/magazine365\/wp-json\/wp\/v2\/media\/14077"}],"wp:attachment":[{"href":"https:\/\/eldigitaldeasturias.com\/magazine365\/wp-json\/wp\/v2\/media?parent=14076"}],"wp:term":[{"taxonomy":"category","embeddable":true,"href":"https:\/\/eldigitaldeasturias.com\/magazine365\/wp-json\/wp\/v2\/categories?post=14076"},{"taxonomy":"post_tag","embeddable":true,"href":"https:\/\/eldigitaldeasturias.com\/magazine365\/wp-json\/wp\/v2\/tags?post=14076"}],"curies":[{"name":"wp","href":"https:\/\/api.w.org\/{rel}","templated":true}]}}