{"id":14061,"date":"2014-05-27T19:12:31","date_gmt":"2014-05-27T21:12:31","guid":{"rendered":"http:\/\/eldigitaldeasturias.com\/magazine365\/?p=14061"},"modified":"2014-05-27T19:12:31","modified_gmt":"2014-05-27T21:12:31","slug":"alejandro-sanz-su-aniversario-de-boda-y-la-politica","status":"publish","type":"post","link":"https:\/\/eldigitaldeasturias.com\/magazine365\/alejandro-sanz-su-aniversario-de-boda-y-la-politica\/","title":{"rendered":"Alejandro Sanz, su aniversario de boda y la pol\u00edtica"},"content":{"rendered":"<p><img fetchpriority=\"high\" decoding=\"async\" class=\"alignleft size-medium wp-image-14062\" alt=\"getImgIntranet\" src=\"https:\/\/eldigitaldeasturias.com\/magazine365\/wp-content\/uploads\/2014\/05\/getImgIntranet-300x300.jpg\" width=\"300\" height=\"300\" srcset=\"https:\/\/eldigitaldeasturias.com\/magazine365\/wp-content\/uploads\/2014\/05\/getImgIntranet-300x300.jpg 300w, https:\/\/eldigitaldeasturias.com\/magazine365\/wp-content\/uploads\/2014\/05\/getImgIntranet-640x640.jpg 640w, https:\/\/eldigitaldeasturias.com\/magazine365\/wp-content\/uploads\/2014\/05\/getImgIntranet-150x150.jpg 150w, https:\/\/eldigitaldeasturias.com\/magazine365\/wp-content\/uploads\/2014\/05\/getImgIntranet-450x450.jpg 450w, https:\/\/eldigitaldeasturias.com\/magazine365\/wp-content\/uploads\/2014\/05\/getImgIntranet-420x420.jpg 420w, https:\/\/eldigitaldeasturias.com\/magazine365\/wp-content\/uploads\/2014\/05\/getImgIntranet-50x50.jpg 50w, https:\/\/eldigitaldeasturias.com\/magazine365\/wp-content\/uploads\/2014\/05\/getImgIntranet.jpg 650w\" sizes=\"(max-width: 300px) 100vw, 300px\" \/>Aunque la entusiasta Raquel Perera no ha podido resistirse a felicitar al hombre de su vida por los dos a\u00f1os de estable matrimonio que comparten -la pareja contrajo matrimonio en su finca de Extremadura durante el bautizo de su hijo Dylan- el comprometido Alejandro Sanz ha preferido ignorar en p\u00fablico la felicidad que vive en el \u00e1mbito sentimental para expresar su indignaci\u00f3n por el resultado de las pasadas elecciones al Parlamento Europeo.<\/p>\n<p>\u00abEres la manera que tiene el mundo de decirme qu\u00e9 bonita es la vida. #Aniversario #Love (sic)\u00bb, escribi\u00f3 Raquel en su perfil de Instagram junto a la imagen que ambos difundieron a trav\u00e9s de los medios para anunciar oficialmente su enlace, un mensaje que contrasta con la agresividad que muestra el cantautor madrile\u00f1o a la hora de valorar el ascenso de partidos extremistas en los \u00faltimos comicios continentales.<\/p>\n<p>\u00abMe parece una verg\u00fcenza que los partidos xen\u00f3fobos y de extrema derecha hayan podido presentarse a las elecciones europeas\u00bb, se limit\u00f3 a escribir el artista en su perfil de Twitter tras un fin de semana muy intenso en el que tambi\u00e9n sigui\u00f3 muy de cerca el triunfo del Real Madrid en la final de la Liga de Campeones. \u00abMe alegro por mi Madrid y le doy las gracias al equipo, pero todo mi respeto al Atl\u00e9tico\u00bb, escrib\u00eda d\u00edas antes.<\/p>\n<p>Pese a las notables diferencias entre sus cuentas de la esfera virtual, Alejandro Sanz y Raquel Perera forman uno de los matrimonios m\u00e1s consolidados de la cr\u00f3nica social y, de hecho, ambos est\u00e1n ya enfrascados en los preparativos de la llegada de un nuevo miembro de su familia. Ninguno de los dos quiso hacer declaraciones cuando salt\u00f3 la noticia de que esperan una hermanita para el peque\u00f1o Dylan, pero el astro de la m\u00fasica dejaba entrever ante sus seguidores de Twitter que estaba emocionado ante los cambios que le brindar\u00eda la llegada del a\u00f1o nuevo.<\/p>\n<p>\u00abCierro el 2013 como si diera un portazo y abro 2014 como quien abre la ventana a una visita inesperada. Gracias por todo lo que me has dado y por mi gente buena. Brindo por todas las personitas que ya han nacido este a\u00f1o y por todas las que est\u00e1n por venir\u00bb, compart\u00eda con sus admiradores poco despu\u00e9s de dar la bienvenida al 2014, un mensaje que cobraba mucho m\u00e1s sentido en el contexto de su\u00a0 nueva paternidad.<\/p>\n<p>Pero el famoso artista no solo tiene en mente los nuevos desaf\u00edos personales que le traer\u00e1 su peque\u00f1a y que se a\u00f1adir\u00e1n a sus responsabilidades como padre de sus otros dos hijos, Manuela (12) y Alexander (10), ya que tambi\u00e9n se encuentra muy ajetreado con la composici\u00f3n de los temas que dar\u00e1n forma a su nuevo trabajo discogr\u00e1fico: un tema del que s\u00ed que no tiene reparo a la hora de ofrecer detalles.<\/p>\n<p>\u00abLlevo ya 41 canciones escritas y solo acabamos de empezar con la tormenta de ideas. Llamadme obseso, pero estoy dispuesto a hacer una gran obra esta vez. Buenas noches a todos, voy a seguir trabajando\u00bb, desvelaba en su espacio personal.<\/p>\n","protected":false},"excerpt":{"rendered":"<p>Aunque la entusiasta Raquel Perera no ha podido resistirse a felicitar al hombre de su vida por los dos a\u00f1os de estable matrimonio que comparten -la pareja contrajo matrimonio en su finca de Extremadura durante el bautizo de su hijo Dylan- el comprometido Alejandro Sanz ha preferido ignorar en p\u00fablico la felicidad que vive en<\/p>\n","protected":false},"author":1,"featured_media":14062,"comment_status":"open","ping_status":"closed","sticky":false,"template":"","format":"standard","meta":{"footnotes":""},"categories":[224],"tags":[],"class_list":{"0":"post-14061","1":"post","2":"type-post","3":"status-publish","4":"format-standard","5":"has-post-thumbnail","7":"category-noticias-actualidad"},"aioseo_notices":[],"aioseo_head":"\n\t\t<!-- All in One SEO Pro 4.9.6.1 - aioseo.com -->\n\t<meta name=\"description\" content=\"Aunque la entusiasta Raquel Perera no ha podido resistirse a felicitar al hombre de su vida por los dos a\u00f1os de estable matrimonio que comparten -la pareja contrajo matrimonio en su finca de Extremadura durante el bautizo de su hijo Dylan- el comprometido Alejandro Sanz ha preferido ignorar en p\u00fablico la felicidad que vive en\" \/>\n\t<meta name=\"robots\" content=\"max-image-preview:large\" \/>\n\t<meta name=\"author\" content=\"admin\"\/>\n\t<meta name=\"google-site-verification\" content=\"UA-38556648-1\" \/>\n\t<meta name=\"keywords\" content=\"noticias y actualidad\" \/>\n\t<link rel=\"canonical\" href=\"https:\/\/eldigitaldeasturias.com\/magazine365\/alejandro-sanz-su-aniversario-de-boda-y-la-politica\/\" \/>\n\t<meta name=\"generator\" content=\"All in One SEO Pro (AIOSEO) 4.9.6.1\" \/>\n\t\t<meta property=\"og:locale\" content=\"es_ES\" \/>\n\t\t<meta property=\"og:site_name\" content=\"El Digital de Asturias \u2013 Revista de ocio, turismo y estilo de vida\" \/>\n\t\t<meta property=\"og:type\" content=\"article\" \/>\n\t\t<meta property=\"og:title\" content=\"Alejandro Sanz, su aniversario de boda y la pol\u00edtica | El Digital de Asturias\" \/>\n\t\t<meta property=\"og:description\" content=\"Aunque la entusiasta Raquel Perera no ha podido resistirse a felicitar al hombre de su vida por los dos a\u00f1os de estable matrimonio que comparten -la pareja contrajo matrimonio en su finca de Extremadura durante el bautizo de su hijo Dylan- el comprometido Alejandro Sanz ha preferido ignorar en p\u00fablico la felicidad que vive en\" \/>\n\t\t<meta property=\"og:url\" content=\"https:\/\/eldigitaldeasturias.com\/magazine365\/alejandro-sanz-su-aniversario-de-boda-y-la-politica\/\" \/>\n\t\t<meta property=\"og:image\" content=\"https:\/\/eldigitaldeasturias.com\/magazine365\/wp-content\/uploads\/2014\/05\/getImgIntranet.jpg\" \/>\n\t\t<meta property=\"og:image:secure_url\" content=\"https:\/\/eldigitaldeasturias.com\/magazine365\/wp-content\/uploads\/2014\/05\/getImgIntranet.jpg\" \/>\n\t\t<meta property=\"og:image:width\" content=\"650\" \/>\n\t\t<meta property=\"og:image:height\" content=\"650\" \/>\n\t\t<meta property=\"article:published_time\" content=\"2014-05-27T21:12:31+00:00\" \/>\n\t\t<meta property=\"article:modified_time\" content=\"2014-05-27T21:12:31+00:00\" \/>\n\t\t<meta name=\"twitter:card\" content=\"summary_large_image\" \/>\n\t\t<meta name=\"twitter:title\" content=\"Alejandro Sanz, su aniversario de boda y la pol\u00edtica | El Digital de Asturias\" \/>\n\t\t<meta name=\"twitter:description\" content=\"Aunque la entusiasta Raquel Perera no ha podido resistirse a felicitar al hombre de su vida por los dos a\u00f1os de estable matrimonio que comparten -la pareja contrajo matrimonio en su finca de Extremadura durante el bautizo de su hijo Dylan- el comprometido Alejandro Sanz ha preferido ignorar en p\u00fablico la felicidad que vive en\" \/>\n\t\t<meta name=\"twitter:image\" content=\"https:\/\/eldigitaldeasturias.com\/magazine365\/wp-content\/uploads\/2014\/05\/getImgIntranet.jpg\" \/>\n\t\t<script type=\"application\/ld+json\" class=\"aioseo-schema\">\n\t\t\t{\"@context\":\"https:\\\/\\\/schema.org\",\"@graph\":[{\"@type\":\"Article\",\"@id\":\"https:\\\/\\\/eldigitaldeasturias.com\\\/magazine365\\\/alejandro-sanz-su-aniversario-de-boda-y-la-politica\\\/#article\",\"name\":\"Alejandro Sanz, su aniversario de boda y la pol\\u00edtica | El Digital de Asturias\",\"headline\":\"Alejandro Sanz, su aniversario de boda y la pol\\u00edtica\",\"author\":{\"@id\":\"https:\\\/\\\/eldigitaldeasturias.com\\\/magazine365\\\/author\\\/admin\\\/#author\"},\"publisher\":{\"@id\":\"https:\\\/\\\/eldigitaldeasturias.com\\\/magazine365\\\/#organization\"},\"image\":{\"@type\":\"ImageObject\",\"url\":\"https:\\\/\\\/eldigitaldeasturias.com\\\/magazine365\\\/wp-content\\\/uploads\\\/2014\\\/05\\\/getImgIntranet.jpg\",\"width\":650,\"height\":650},\"datePublished\":\"2014-05-27T19:12:31+02:00\",\"dateModified\":\"2014-05-27T19:12:31+02:00\",\"inLanguage\":\"es-ES\",\"mainEntityOfPage\":{\"@id\":\"https:\\\/\\\/eldigitaldeasturias.com\\\/magazine365\\\/alejandro-sanz-su-aniversario-de-boda-y-la-politica\\\/#webpage\"},\"isPartOf\":{\"@id\":\"https:\\\/\\\/eldigitaldeasturias.com\\\/magazine365\\\/alejandro-sanz-su-aniversario-de-boda-y-la-politica\\\/#webpage\"},\"articleSection\":\"Noticias y Actualidad\"},{\"@type\":\"BreadcrumbList\",\"@id\":\"https:\\\/\\\/eldigitaldeasturias.com\\\/magazine365\\\/alejandro-sanz-su-aniversario-de-boda-y-la-politica\\\/#breadcrumblist\",\"itemListElement\":[{\"@type\":\"ListItem\",\"@id\":\"https:\\\/\\\/eldigitaldeasturias.com\\\/magazine365#listItem\",\"position\":1,\"name\":\"Home\",\"item\":\"https:\\\/\\\/eldigitaldeasturias.com\\\/magazine365\",\"nextItem\":{\"@type\":\"ListItem\",\"@id\":\"https:\\\/\\\/eldigitaldeasturias.com\\\/magazine365\\\/category\\\/noticias-actualidad\\\/#listItem\",\"name\":\"Noticias y Actualidad\"}},{\"@type\":\"ListItem\",\"@id\":\"https:\\\/\\\/eldigitaldeasturias.com\\\/magazine365\\\/category\\\/noticias-actualidad\\\/#listItem\",\"position\":2,\"name\":\"Noticias y Actualidad\",\"item\":\"https:\\\/\\\/eldigitaldeasturias.com\\\/magazine365\\\/category\\\/noticias-actualidad\\\/\",\"nextItem\":{\"@type\":\"ListItem\",\"@id\":\"https:\\\/\\\/eldigitaldeasturias.com\\\/magazine365\\\/alejandro-sanz-su-aniversario-de-boda-y-la-politica\\\/#listItem\",\"name\":\"Alejandro Sanz, su aniversario de boda y la pol\\u00edtica\"},\"previousItem\":{\"@type\":\"ListItem\",\"@id\":\"https:\\\/\\\/eldigitaldeasturias.com\\\/magazine365#listItem\",\"name\":\"Home\"}},{\"@type\":\"ListItem\",\"@id\":\"https:\\\/\\\/eldigitaldeasturias.com\\\/magazine365\\\/alejandro-sanz-su-aniversario-de-boda-y-la-politica\\\/#listItem\",\"position\":3,\"name\":\"Alejandro Sanz, su aniversario de boda y la pol\\u00edtica\",\"previousItem\":{\"@type\":\"ListItem\",\"@id\":\"https:\\\/\\\/eldigitaldeasturias.com\\\/magazine365\\\/category\\\/noticias-actualidad\\\/#listItem\",\"name\":\"Noticias y Actualidad\"}}]},{\"@type\":\"Organization\",\"@id\":\"https:\\\/\\\/eldigitaldeasturias.com\\\/magazine365\\\/#organization\",\"name\":\"El digital de Asturias\",\"description\":\"Revista de ocio, turismo y estilo de vida\",\"url\":\"https:\\\/\\\/eldigitaldeasturias.com\\\/magazine365\\\/\",\"logo\":{\"@type\":\"ImageObject\",\"url\":\"https:\\\/\\\/www.eldigitaldeasturias.com\\\/noticias\\\/wp-content\\\/uploads\\\/2020\\\/12\\\/EDA.jpg\",\"@id\":\"https:\\\/\\\/eldigitaldeasturias.com\\\/magazine365\\\/alejandro-sanz-su-aniversario-de-boda-y-la-politica\\\/#organizationLogo\"},\"image\":{\"@id\":\"https:\\\/\\\/eldigitaldeasturias.com\\\/magazine365\\\/alejandro-sanz-su-aniversario-de-boda-y-la-politica\\\/#organizationLogo\"}},{\"@type\":\"Person\",\"@id\":\"https:\\\/\\\/eldigitaldeasturias.com\\\/magazine365\\\/author\\\/admin\\\/#author\",\"url\":\"https:\\\/\\\/eldigitaldeasturias.com\\\/magazine365\\\/author\\\/admin\\\/\",\"name\":\"admin\",\"image\":{\"@type\":\"ImageObject\",\"@id\":\"https:\\\/\\\/eldigitaldeasturias.com\\\/magazine365\\\/alejandro-sanz-su-aniversario-de-boda-y-la-politica\\\/#authorImage\",\"url\":\"https:\\\/\\\/eldigitaldeasturias.com\\\/magazine365\\\/wp-content\\\/litespeed\\\/avatar\\\/e571bcf59a0edd6fa6838245a470f2fe.jpg?ver=1776969259\",\"width\":96,\"height\":96,\"caption\":\"admin\"}},{\"@type\":\"WebPage\",\"@id\":\"https:\\\/\\\/eldigitaldeasturias.com\\\/magazine365\\\/alejandro-sanz-su-aniversario-de-boda-y-la-politica\\\/#webpage\",\"url\":\"https:\\\/\\\/eldigitaldeasturias.com\\\/magazine365\\\/alejandro-sanz-su-aniversario-de-boda-y-la-politica\\\/\",\"name\":\"Alejandro Sanz, su aniversario de boda y la pol\\u00edtica | El Digital de Asturias\",\"description\":\"Aunque la entusiasta Raquel Perera no ha podido resistirse a felicitar al hombre de su vida por los dos a\\u00f1os de estable matrimonio que comparten -la pareja contrajo matrimonio en su finca de Extremadura durante el bautizo de su hijo Dylan- el comprometido Alejandro Sanz ha preferido ignorar en p\\u00fablico la felicidad que vive en\",\"inLanguage\":\"es-ES\",\"isPartOf\":{\"@id\":\"https:\\\/\\\/eldigitaldeasturias.com\\\/magazine365\\\/#website\"},\"breadcrumb\":{\"@id\":\"https:\\\/\\\/eldigitaldeasturias.com\\\/magazine365\\\/alejandro-sanz-su-aniversario-de-boda-y-la-politica\\\/#breadcrumblist\"},\"author\":{\"@id\":\"https:\\\/\\\/eldigitaldeasturias.com\\\/magazine365\\\/author\\\/admin\\\/#author\"},\"creator\":{\"@id\":\"https:\\\/\\\/eldigitaldeasturias.com\\\/magazine365\\\/author\\\/admin\\\/#author\"},\"image\":{\"@type\":\"ImageObject\",\"url\":\"https:\\\/\\\/eldigitaldeasturias.com\\\/magazine365\\\/wp-content\\\/uploads\\\/2014\\\/05\\\/getImgIntranet.jpg\",\"@id\":\"https:\\\/\\\/eldigitaldeasturias.com\\\/magazine365\\\/alejandro-sanz-su-aniversario-de-boda-y-la-politica\\\/#mainImage\",\"width\":650,\"height\":650},\"primaryImageOfPage\":{\"@id\":\"https:\\\/\\\/eldigitaldeasturias.com\\\/magazine365\\\/alejandro-sanz-su-aniversario-de-boda-y-la-politica\\\/#mainImage\"},\"datePublished\":\"2014-05-27T19:12:31+02:00\",\"dateModified\":\"2014-05-27T19:12:31+02:00\"},{\"@type\":\"WebSite\",\"@id\":\"https:\\\/\\\/eldigitaldeasturias.com\\\/magazine365\\\/#website\",\"url\":\"https:\\\/\\\/eldigitaldeasturias.com\\\/magazine365\\\/\",\"name\":\"El Digital de Asturias\",\"description\":\"Revista de ocio, turismo y estilo de vida\",\"inLanguage\":\"es-ES\",\"publisher\":{\"@id\":\"https:\\\/\\\/eldigitaldeasturias.com\\\/magazine365\\\/#organization\"}}]}\n\t\t<\/script>\n\t\t<!-- All in One SEO Pro -->\r\n\t\t<title>Alejandro Sanz, su aniversario de boda y la pol\u00edtica | El Digital de Asturias<\/title>\n\n","aioseo_head_json":{"title":"Alejandro Sanz, su aniversario de boda y la pol\u00edtica | El Digital de Asturias","description":"Aunque la entusiasta Raquel Perera no ha podido resistirse a felicitar al hombre de su vida por los dos a\u00f1os de estable matrimonio que comparten -la pareja contrajo matrimonio en su finca de Extremadura durante el bautizo de su hijo Dylan- el comprometido Alejandro Sanz ha preferido ignorar en p\u00fablico la felicidad que vive en","canonical_url":"https:\/\/eldigitaldeasturias.com\/magazine365\/alejandro-sanz-su-aniversario-de-boda-y-la-politica\/","robots":"max-image-preview:large","keywords":"noticias y actualidad","webmasterTools":{"google-site-verification":"UA-38556648-1","miscellaneous":""},"schema":{"@context":"https:\/\/schema.org","@graph":[{"@type":"Article","@id":"https:\/\/eldigitaldeasturias.com\/magazine365\/alejandro-sanz-su-aniversario-de-boda-y-la-politica\/#article","name":"Alejandro Sanz, su aniversario de boda y la pol\u00edtica | El Digital de Asturias","headline":"Alejandro Sanz, su aniversario de boda y la pol\u00edtica","author":{"@id":"https:\/\/eldigitaldeasturias.com\/magazine365\/author\/admin\/#author"},"publisher":{"@id":"https:\/\/eldigitaldeasturias.com\/magazine365\/#organization"},"image":{"@type":"ImageObject","url":"https:\/\/eldigitaldeasturias.com\/magazine365\/wp-content\/uploads\/2014\/05\/getImgIntranet.jpg","width":650,"height":650},"datePublished":"2014-05-27T19:12:31+02:00","dateModified":"2014-05-27T19:12:31+02:00","inLanguage":"es-ES","mainEntityOfPage":{"@id":"https:\/\/eldigitaldeasturias.com\/magazine365\/alejandro-sanz-su-aniversario-de-boda-y-la-politica\/#webpage"},"isPartOf":{"@id":"https:\/\/eldigitaldeasturias.com\/magazine365\/alejandro-sanz-su-aniversario-de-boda-y-la-politica\/#webpage"},"articleSection":"Noticias y Actualidad"},{"@type":"BreadcrumbList","@id":"https:\/\/eldigitaldeasturias.com\/magazine365\/alejandro-sanz-su-aniversario-de-boda-y-la-politica\/#breadcrumblist","itemListElement":[{"@type":"ListItem","@id":"https:\/\/eldigitaldeasturias.com\/magazine365#listItem","position":1,"name":"Home","item":"https:\/\/eldigitaldeasturias.com\/magazine365","nextItem":{"@type":"ListItem","@id":"https:\/\/eldigitaldeasturias.com\/magazine365\/category\/noticias-actualidad\/#listItem","name":"Noticias y Actualidad"}},{"@type":"ListItem","@id":"https:\/\/eldigitaldeasturias.com\/magazine365\/category\/noticias-actualidad\/#listItem","position":2,"name":"Noticias y Actualidad","item":"https:\/\/eldigitaldeasturias.com\/magazine365\/category\/noticias-actualidad\/","nextItem":{"@type":"ListItem","@id":"https:\/\/eldigitaldeasturias.com\/magazine365\/alejandro-sanz-su-aniversario-de-boda-y-la-politica\/#listItem","name":"Alejandro Sanz, su aniversario de boda y la pol\u00edtica"},"previousItem":{"@type":"ListItem","@id":"https:\/\/eldigitaldeasturias.com\/magazine365#listItem","name":"Home"}},{"@type":"ListItem","@id":"https:\/\/eldigitaldeasturias.com\/magazine365\/alejandro-sanz-su-aniversario-de-boda-y-la-politica\/#listItem","position":3,"name":"Alejandro Sanz, su aniversario de boda y la pol\u00edtica","previousItem":{"@type":"ListItem","@id":"https:\/\/eldigitaldeasturias.com\/magazine365\/category\/noticias-actualidad\/#listItem","name":"Noticias y Actualidad"}}]},{"@type":"Organization","@id":"https:\/\/eldigitaldeasturias.com\/magazine365\/#organization","name":"El digital de Asturias","description":"Revista de ocio, turismo y estilo de vida","url":"https:\/\/eldigitaldeasturias.com\/magazine365\/","logo":{"@type":"ImageObject","url":"https:\/\/www.eldigitaldeasturias.com\/noticias\/wp-content\/uploads\/2020\/12\/EDA.jpg","@id":"https:\/\/eldigitaldeasturias.com\/magazine365\/alejandro-sanz-su-aniversario-de-boda-y-la-politica\/#organizationLogo"},"image":{"@id":"https:\/\/eldigitaldeasturias.com\/magazine365\/alejandro-sanz-su-aniversario-de-boda-y-la-politica\/#organizationLogo"}},{"@type":"Person","@id":"https:\/\/eldigitaldeasturias.com\/magazine365\/author\/admin\/#author","url":"https:\/\/eldigitaldeasturias.com\/magazine365\/author\/admin\/","name":"admin","image":{"@type":"ImageObject","@id":"https:\/\/eldigitaldeasturias.com\/magazine365\/alejandro-sanz-su-aniversario-de-boda-y-la-politica\/#authorImage","url":"https:\/\/eldigitaldeasturias.com\/magazine365\/wp-content\/litespeed\/avatar\/e571bcf59a0edd6fa6838245a470f2fe.jpg?ver=1776969259","width":96,"height":96,"caption":"admin"}},{"@type":"WebPage","@id":"https:\/\/eldigitaldeasturias.com\/magazine365\/alejandro-sanz-su-aniversario-de-boda-y-la-politica\/#webpage","url":"https:\/\/eldigitaldeasturias.com\/magazine365\/alejandro-sanz-su-aniversario-de-boda-y-la-politica\/","name":"Alejandro Sanz, su aniversario de boda y la pol\u00edtica | El Digital de Asturias","description":"Aunque la entusiasta Raquel Perera no ha podido resistirse a felicitar al hombre de su vida por los dos a\u00f1os de estable matrimonio que comparten -la pareja contrajo matrimonio en su finca de Extremadura durante el bautizo de su hijo Dylan- el comprometido Alejandro Sanz ha preferido ignorar en p\u00fablico la felicidad que vive en","inLanguage":"es-ES","isPartOf":{"@id":"https:\/\/eldigitaldeasturias.com\/magazine365\/#website"},"breadcrumb":{"@id":"https:\/\/eldigitaldeasturias.com\/magazine365\/alejandro-sanz-su-aniversario-de-boda-y-la-politica\/#breadcrumblist"},"author":{"@id":"https:\/\/eldigitaldeasturias.com\/magazine365\/author\/admin\/#author"},"creator":{"@id":"https:\/\/eldigitaldeasturias.com\/magazine365\/author\/admin\/#author"},"image":{"@type":"ImageObject","url":"https:\/\/eldigitaldeasturias.com\/magazine365\/wp-content\/uploads\/2014\/05\/getImgIntranet.jpg","@id":"https:\/\/eldigitaldeasturias.com\/magazine365\/alejandro-sanz-su-aniversario-de-boda-y-la-politica\/#mainImage","width":650,"height":650},"primaryImageOfPage":{"@id":"https:\/\/eldigitaldeasturias.com\/magazine365\/alejandro-sanz-su-aniversario-de-boda-y-la-politica\/#mainImage"},"datePublished":"2014-05-27T19:12:31+02:00","dateModified":"2014-05-27T19:12:31+02:00"},{"@type":"WebSite","@id":"https:\/\/eldigitaldeasturias.com\/magazine365\/#website","url":"https:\/\/eldigitaldeasturias.com\/magazine365\/","name":"El Digital de Asturias","description":"Revista de ocio, turismo y estilo de vida","inLanguage":"es-ES","publisher":{"@id":"https:\/\/eldigitaldeasturias.com\/magazine365\/#organization"}}]},"og:locale":"es_ES","og:site_name":"El Digital de Asturias \u2013 Revista de ocio, turismo y estilo de vida","og:type":"article","og:title":"Alejandro Sanz, su aniversario de boda y la pol\u00edtica | El Digital de Asturias","og:description":"Aunque la entusiasta Raquel Perera no ha podido resistirse a felicitar al hombre de su vida por los dos a\u00f1os de estable matrimonio que comparten -la pareja contrajo matrimonio en su finca de Extremadura durante el bautizo de su hijo Dylan- el comprometido Alejandro Sanz ha preferido ignorar en p\u00fablico la felicidad que vive en","og:url":"https:\/\/eldigitaldeasturias.com\/magazine365\/alejandro-sanz-su-aniversario-de-boda-y-la-politica\/","og:image":"https:\/\/eldigitaldeasturias.com\/magazine365\/wp-content\/uploads\/2014\/05\/getImgIntranet.jpg","og:image:secure_url":"https:\/\/eldigitaldeasturias.com\/magazine365\/wp-content\/uploads\/2014\/05\/getImgIntranet.jpg","og:image:width":650,"og:image:height":650,"article:published_time":"2014-05-27T21:12:31+00:00","article:modified_time":"2014-05-27T21:12:31+00:00","twitter:card":"summary_large_image","twitter:title":"Alejandro Sanz, su aniversario de boda y la pol\u00edtica | El Digital de Asturias","twitter:description":"Aunque la entusiasta Raquel Perera no ha podido resistirse a felicitar al hombre de su vida por los dos a\u00f1os de estable matrimonio que comparten -la pareja contrajo matrimonio en su finca de Extremadura durante el bautizo de su hijo Dylan- el comprometido Alejandro Sanz ha preferido ignorar en p\u00fablico la felicidad que vive en","twitter:image":"https:\/\/eldigitaldeasturias.com\/magazine365\/wp-content\/uploads\/2014\/05\/getImgIntranet.jpg"},"aioseo_meta_data":{"post_id":"14061","title":null,"description":null,"keywords":null,"keyphrases":null,"primary_term":null,"canonical_url":null,"og_title":null,"og_description":null,"og_object_type":"default","og_image_type":"default","og_image_url":null,"og_image_width":null,"og_image_height":null,"og_image_custom_url":null,"og_image_custom_fields":null,"og_video":null,"og_custom_url":null,"og_article_section":null,"og_article_tags":null,"twitter_use_og":false,"twitter_card":"default","twitter_image_type":"default","twitter_image_url":null,"twitter_image_custom_url":null,"twitter_image_custom_fields":null,"twitter_title":null,"twitter_description":null,"schema":{"blockGraphs":[],"customGraphs":[],"default":{"data":{"Article":[],"Course":[],"Dataset":[],"FAQPage":[],"Movie":[],"Person":[],"Product":[],"ProductReview":[],"Car":[],"Recipe":[],"Service":[],"SoftwareApplication":[],"WebPage":[]},"graphName":"","isEnabled":true},"graphs":[],"defaultGraph":"","defaultPostTypeGraph":""},"schema_type":null,"schema_type_options":null,"pillar_content":false,"robots_default":true,"robots_noindex":false,"robots_noarchive":false,"robots_nosnippet":false,"robots_nofollow":false,"robots_noimageindex":false,"robots_noodp":false,"robots_notranslate":false,"robots_max_snippet":null,"robots_max_videopreview":null,"robots_max_imagepreview":"large","priority":null,"frequency":null,"location":null,"local_seo":null,"seo_analyzer_scan_date":"2025-09-17 09:27:24","breadcrumb_settings":null,"limit_modified_date":false,"open_ai":null,"ai":null,"created":"2021-03-09 08:20:43","updated":"2025-09-17 09:27:24"},"aioseo_breadcrumb":"<div class=\"aioseo-breadcrumbs\"><span class=\"aioseo-breadcrumb\">\n\t<a href=\"https:\/\/eldigitaldeasturias.com\/magazine365\" title=\"Home\">Home<\/a>\n<\/span><span class=\"aioseo-breadcrumb-separator\">\u2013<\/span><span class=\"aioseo-breadcrumb\">\n\t<a href=\"https:\/\/eldigitaldeasturias.com\/magazine365\/category\/noticias-actualidad\/\" title=\"Noticias y Actualidad\">Noticias y Actualidad<\/a>\n<\/span><span class=\"aioseo-breadcrumb-separator\">\u2013<\/span><span class=\"aioseo-breadcrumb\">\n\t<a href=\"https:\/\/eldigitaldeasturias.com\/magazine365\/alejandro-sanz-su-aniversario-de-boda-y-la-politica\/\" title=\"Alejandro Sanz, su aniversario de boda y la pol\u00edtica\">Alejandro Sanz, su aniversario de boda y la pol\u00edtica<\/a>\n<\/span><\/div>","aioseo_breadcrumb_json":[{"label":"Home","link":"https:\/\/eldigitaldeasturias.com\/magazine365"},{"label":"Noticias y Actualidad","link":"https:\/\/eldigitaldeasturias.com\/magazine365\/category\/noticias-actualidad\/"},{"label":"Alejandro Sanz, su aniversario de boda y la pol\u00edtica","link":"https:\/\/eldigitaldeasturias.com\/magazine365\/alejandro-sanz-su-aniversario-de-boda-y-la-politica\/"}],"_links":{"self":[{"href":"https:\/\/eldigitaldeasturias.com\/magazine365\/wp-json\/wp\/v2\/posts\/14061","targetHints":{"allow":["GET"]}}],"collection":[{"href":"https:\/\/eldigitaldeasturias.com\/magazine365\/wp-json\/wp\/v2\/posts"}],"about":[{"href":"https:\/\/eldigitaldeasturias.com\/magazine365\/wp-json\/wp\/v2\/types\/post"}],"author":[{"embeddable":true,"href":"https:\/\/eldigitaldeasturias.com\/magazine365\/wp-json\/wp\/v2\/users\/1"}],"replies":[{"embeddable":true,"href":"https:\/\/eldigitaldeasturias.com\/magazine365\/wp-json\/wp\/v2\/comments?post=14061"}],"version-history":[{"count":0,"href":"https:\/\/eldigitaldeasturias.com\/magazine365\/wp-json\/wp\/v2\/posts\/14061\/revisions"}],"wp:featuredmedia":[{"embeddable":true,"href":"https:\/\/eldigitaldeasturias.com\/magazine365\/wp-json\/wp\/v2\/media\/14062"}],"wp:attachment":[{"href":"https:\/\/eldigitaldeasturias.com\/magazine365\/wp-json\/wp\/v2\/media?parent=14061"}],"wp:term":[{"taxonomy":"category","embeddable":true,"href":"https:\/\/eldigitaldeasturias.com\/magazine365\/wp-json\/wp\/v2\/categories?post=14061"},{"taxonomy":"post_tag","embeddable":true,"href":"https:\/\/eldigitaldeasturias.com\/magazine365\/wp-json\/wp\/v2\/tags?post=14061"}],"curies":[{"name":"wp","href":"https:\/\/api.w.org\/{rel}","templated":true}]}}