{"id":14046,"date":"2014-05-27T19:03:47","date_gmt":"2014-05-27T21:03:47","guid":{"rendered":"http:\/\/eldigitaldeasturias.com\/magazine365\/?p=14046"},"modified":"2014-05-27T19:03:47","modified_gmt":"2014-05-27T21:03:47","slug":"ricky-martin-ya-no-sufre-por-amor","status":"publish","type":"post","link":"https:\/\/eldigitaldeasturias.com\/magazine365\/ricky-martin-ya-no-sufre-por-amor\/","title":{"rendered":"Ricky Martin \u00abya no sufre\u00bb por amor"},"content":{"rendered":"<p><img fetchpriority=\"high\" decoding=\"async\" class=\"alignleft size-medium wp-image-14047\" alt=\"Armani - One Night Only New York at SuperPier in New York City\" src=\"https:\/\/eldigitaldeasturias.com\/magazine365\/wp-content\/uploads\/2014\/05\/Ricky-Martin-ya-no-sufre-por-amor-300x300.jpg\" width=\"300\" height=\"300\" srcset=\"https:\/\/eldigitaldeasturias.com\/magazine365\/wp-content\/uploads\/2014\/05\/Ricky-Martin-ya-no-sufre-por-amor-300x300.jpg 300w, https:\/\/eldigitaldeasturias.com\/magazine365\/wp-content\/uploads\/2014\/05\/Ricky-Martin-ya-no-sufre-por-amor-640x640.jpg 640w, https:\/\/eldigitaldeasturias.com\/magazine365\/wp-content\/uploads\/2014\/05\/Ricky-Martin-ya-no-sufre-por-amor-150x150.jpg 150w, https:\/\/eldigitaldeasturias.com\/magazine365\/wp-content\/uploads\/2014\/05\/Ricky-Martin-ya-no-sufre-por-amor-450x450.jpg 450w, https:\/\/eldigitaldeasturias.com\/magazine365\/wp-content\/uploads\/2014\/05\/Ricky-Martin-ya-no-sufre-por-amor-420x420.jpg 420w, https:\/\/eldigitaldeasturias.com\/magazine365\/wp-content\/uploads\/2014\/05\/Ricky-Martin-ya-no-sufre-por-amor-50x50.jpg 50w, https:\/\/eldigitaldeasturias.com\/magazine365\/wp-content\/uploads\/2014\/05\/Ricky-Martin-ya-no-sufre-por-amor.jpg 650w\" sizes=\"(max-width: 300px) 100vw, 300px\" \/>A pesar de haber protagonizado una dolorosa ruptura sentimental a principios de este a\u00f1o, al menos en p\u00fablico Ricky Martin no parece estar demasiado afectado por el desenga\u00f1o amoroso vivido con el empresario Carlos Gonz\u00e1lez Abella, ya que no duda en afirmar que se encuentra en uno de los \u00abmejores\u00bb momentos de su vida y dispuesto a rehacer su vida personal tan pronto como llegue el momento oportuno.<\/p>\n<p>\u00abNo voy a decir que s\u00ed ni que no [a la pregunta de si vuelve a estar enamorado], pero la verdad es que estoy viviendo uno de los mejores momentos de mi existencia a todos los niveles y que estoy muy ilusionado ante cualquier cosa que me depare el futuro. No podr\u00eda estar en un lugar mejor ahora mismo\u00bb, asegur\u00f3 el artista portorrique\u00f1o al presentador Andy Cohen en el programa estadounidense &#8216;Watch What Happens Live&#8217;, haciendo gala de una m\u00e1s que estudiada ambig\u00fcedad.<\/p>\n<p>El optimismo que exhibe el popular artista en todo tipo de apariciones p\u00fablicas se debe a los \u00e9xitos y alegr\u00edas que le proporciona su prol\u00edfica carrera musical, principalmente porque no ha dejado de acumular trabajo desde que revelara al mundo que volv\u00eda a ser un hombre soltero. No obstante, sus numerosos compromisos profesionales -su papel de mentor en &#8216;La Voz&#8217;, su pr\u00f3xima gira mundial y la promoci\u00f3n de su nuevo sencillo &#8216;Vida&#8217;- no le impiden recordar con emoci\u00f3n los sentimientos que le invadieron cuando, hace m\u00e1s de 20 a\u00f1os, escuch\u00f3 su primer sencillo en las emisoras de radio de todo el mundo.<\/p>\n<p>\u00abRecuerdo que estaba en Ciudad de M\u00e9xico y que me encontraba solo en ese momento. Me puse a llorar desconsoladamente con una extra\u00f1a mezcla de alegr\u00eda y de tristeza, porque no ten\u00eda a nadie con quien compartir un momento tan importante\u00bb, a\u00f1adi\u00f3 el carism\u00e1tico vocalista.<\/p>\n<p>Adem\u00e1s de apoyarse en su carrera musical y en sus hijos Matteo y Valentino cuando la vida le pone en una situaci\u00f3n complicada, Ricky Martin tiene la suerte de poder evadirse del mundo en su Puerto Rico natal cuando necesita desconectar de las responsabilidades y obligaciones del d\u00eda a d\u00eda, lo que explica que -pese a su infernal ritmo de trabajo- el artista proyecte una serenidad impropia de una estrella de su categor\u00eda.<\/p>\n<p>\u00abMe voy a descansar a Puerto Rico siempre que puedo, porque me cri\u00e9 en esa isla y porque es fundamental para m\u00ed estar cerca del Caribe. Adem\u00e1s, es en Puerto Rico donde puedo olvidarme de todo por un momento y disfrutar de mi familia y de mis or\u00edgenes. La playa me da la vida\u00bb, apunt\u00f3.<\/p>\n","protected":false},"excerpt":{"rendered":"<p>A pesar de haber protagonizado una dolorosa ruptura sentimental a principios de este a\u00f1o, al menos en p\u00fablico Ricky Martin no parece estar demasiado afectado por el desenga\u00f1o amoroso vivido con el empresario Carlos Gonz\u00e1lez Abella, ya que no duda en afirmar que se encuentra en uno de los \u00abmejores\u00bb momentos de su vida y<\/p>\n","protected":false},"author":1,"featured_media":14047,"comment_status":"open","ping_status":"closed","sticky":false,"template":"","format":"standard","meta":{"footnotes":""},"categories":[224],"tags":[],"class_list":{"0":"post-14046","1":"post","2":"type-post","3":"status-publish","4":"format-standard","5":"has-post-thumbnail","7":"category-noticias-actualidad"},"aioseo_notices":[],"aioseo_head":"\n\t\t<!-- All in One SEO Pro 4.9.6.1 - aioseo.com -->\n\t<meta name=\"description\" content=\"A pesar de haber protagonizado una dolorosa ruptura sentimental a principios de este a\u00f1o, al menos en p\u00fablico Ricky Martin no parece estar demasiado afectado por el desenga\u00f1o amoroso vivido con el empresario Carlos Gonz\u00e1lez Abella, ya que no duda en afirmar que se encuentra en uno de los &quot;mejores&quot; momentos de su vida y\" \/>\n\t<meta name=\"robots\" content=\"max-image-preview:large\" \/>\n\t<meta name=\"author\" content=\"admin\"\/>\n\t<meta name=\"google-site-verification\" content=\"UA-38556648-1\" \/>\n\t<meta name=\"keywords\" content=\"noticias y actualidad\" \/>\n\t<link rel=\"canonical\" href=\"https:\/\/eldigitaldeasturias.com\/magazine365\/ricky-martin-ya-no-sufre-por-amor\/\" \/>\n\t<meta name=\"generator\" content=\"All in One SEO Pro (AIOSEO) 4.9.6.1\" \/>\n\t\t<meta property=\"og:locale\" content=\"es_ES\" \/>\n\t\t<meta property=\"og:site_name\" content=\"El Digital de Asturias \u2013 Revista de ocio, turismo y estilo de vida\" \/>\n\t\t<meta property=\"og:type\" content=\"article\" \/>\n\t\t<meta property=\"og:title\" content=\"Ricky Martin \u00abya no sufre\u00bb por amor | El Digital de Asturias\" \/>\n\t\t<meta property=\"og:description\" content=\"A pesar de haber protagonizado una dolorosa ruptura sentimental a principios de este a\u00f1o, al menos en p\u00fablico Ricky Martin no parece estar demasiado afectado por el desenga\u00f1o amoroso vivido con el empresario Carlos Gonz\u00e1lez Abella, ya que no duda en afirmar que se encuentra en uno de los &quot;mejores&quot; momentos de su vida y\" \/>\n\t\t<meta property=\"og:url\" content=\"https:\/\/eldigitaldeasturias.com\/magazine365\/ricky-martin-ya-no-sufre-por-amor\/\" \/>\n\t\t<meta property=\"og:image\" content=\"https:\/\/eldigitaldeasturias.com\/magazine365\/wp-content\/uploads\/2014\/05\/Ricky-Martin-ya-no-sufre-por-amor.jpg\" \/>\n\t\t<meta property=\"og:image:secure_url\" content=\"https:\/\/eldigitaldeasturias.com\/magazine365\/wp-content\/uploads\/2014\/05\/Ricky-Martin-ya-no-sufre-por-amor.jpg\" \/>\n\t\t<meta property=\"og:image:width\" content=\"650\" \/>\n\t\t<meta property=\"og:image:height\" content=\"650\" \/>\n\t\t<meta property=\"article:published_time\" content=\"2014-05-27T21:03:47+00:00\" \/>\n\t\t<meta property=\"article:modified_time\" content=\"2014-05-27T21:03:47+00:00\" \/>\n\t\t<meta name=\"twitter:card\" content=\"summary_large_image\" \/>\n\t\t<meta name=\"twitter:title\" content=\"Ricky Martin \u00abya no sufre\u00bb por amor | El Digital de Asturias\" \/>\n\t\t<meta name=\"twitter:description\" content=\"A pesar de haber protagonizado una dolorosa ruptura sentimental a principios de este a\u00f1o, al menos en p\u00fablico Ricky Martin no parece estar demasiado afectado por el desenga\u00f1o amoroso vivido con el empresario Carlos Gonz\u00e1lez Abella, ya que no duda en afirmar que se encuentra en uno de los &quot;mejores&quot; momentos de su vida y\" \/>\n\t\t<meta name=\"twitter:image\" content=\"https:\/\/eldigitaldeasturias.com\/magazine365\/wp-content\/uploads\/2014\/05\/Ricky-Martin-ya-no-sufre-por-amor.jpg\" \/>\n\t\t<script type=\"application\/ld+json\" class=\"aioseo-schema\">\n\t\t\t{\"@context\":\"https:\\\/\\\/schema.org\",\"@graph\":[{\"@type\":\"Article\",\"@id\":\"https:\\\/\\\/eldigitaldeasturias.com\\\/magazine365\\\/ricky-martin-ya-no-sufre-por-amor\\\/#article\",\"name\":\"Ricky Martin \\u00abya no sufre\\u00bb por amor | El Digital de Asturias\",\"headline\":\"Ricky Martin \\u00abya no sufre\\u00bb por amor\",\"author\":{\"@id\":\"https:\\\/\\\/eldigitaldeasturias.com\\\/magazine365\\\/author\\\/admin\\\/#author\"},\"publisher\":{\"@id\":\"https:\\\/\\\/eldigitaldeasturias.com\\\/magazine365\\\/#organization\"},\"image\":{\"@type\":\"ImageObject\",\"url\":\"https:\\\/\\\/eldigitaldeasturias.com\\\/magazine365\\\/wp-content\\\/uploads\\\/2014\\\/05\\\/Ricky-Martin-ya-no-sufre-por-amor.jpg\",\"width\":650,\"height\":650},\"datePublished\":\"2014-05-27T19:03:47+02:00\",\"dateModified\":\"2014-05-27T19:03:47+02:00\",\"inLanguage\":\"es-ES\",\"mainEntityOfPage\":{\"@id\":\"https:\\\/\\\/eldigitaldeasturias.com\\\/magazine365\\\/ricky-martin-ya-no-sufre-por-amor\\\/#webpage\"},\"isPartOf\":{\"@id\":\"https:\\\/\\\/eldigitaldeasturias.com\\\/magazine365\\\/ricky-martin-ya-no-sufre-por-amor\\\/#webpage\"},\"articleSection\":\"Noticias y Actualidad\"},{\"@type\":\"BreadcrumbList\",\"@id\":\"https:\\\/\\\/eldigitaldeasturias.com\\\/magazine365\\\/ricky-martin-ya-no-sufre-por-amor\\\/#breadcrumblist\",\"itemListElement\":[{\"@type\":\"ListItem\",\"@id\":\"https:\\\/\\\/eldigitaldeasturias.com\\\/magazine365#listItem\",\"position\":1,\"name\":\"Home\",\"item\":\"https:\\\/\\\/eldigitaldeasturias.com\\\/magazine365\",\"nextItem\":{\"@type\":\"ListItem\",\"@id\":\"https:\\\/\\\/eldigitaldeasturias.com\\\/magazine365\\\/category\\\/noticias-actualidad\\\/#listItem\",\"name\":\"Noticias y Actualidad\"}},{\"@type\":\"ListItem\",\"@id\":\"https:\\\/\\\/eldigitaldeasturias.com\\\/magazine365\\\/category\\\/noticias-actualidad\\\/#listItem\",\"position\":2,\"name\":\"Noticias y Actualidad\",\"item\":\"https:\\\/\\\/eldigitaldeasturias.com\\\/magazine365\\\/category\\\/noticias-actualidad\\\/\",\"nextItem\":{\"@type\":\"ListItem\",\"@id\":\"https:\\\/\\\/eldigitaldeasturias.com\\\/magazine365\\\/ricky-martin-ya-no-sufre-por-amor\\\/#listItem\",\"name\":\"Ricky Martin \\u00abya no sufre\\u00bb por amor\"},\"previousItem\":{\"@type\":\"ListItem\",\"@id\":\"https:\\\/\\\/eldigitaldeasturias.com\\\/magazine365#listItem\",\"name\":\"Home\"}},{\"@type\":\"ListItem\",\"@id\":\"https:\\\/\\\/eldigitaldeasturias.com\\\/magazine365\\\/ricky-martin-ya-no-sufre-por-amor\\\/#listItem\",\"position\":3,\"name\":\"Ricky Martin \\u00abya no sufre\\u00bb por amor\",\"previousItem\":{\"@type\":\"ListItem\",\"@id\":\"https:\\\/\\\/eldigitaldeasturias.com\\\/magazine365\\\/category\\\/noticias-actualidad\\\/#listItem\",\"name\":\"Noticias y Actualidad\"}}]},{\"@type\":\"Organization\",\"@id\":\"https:\\\/\\\/eldigitaldeasturias.com\\\/magazine365\\\/#organization\",\"name\":\"El digital de Asturias\",\"description\":\"Revista de ocio, turismo y estilo de vida\",\"url\":\"https:\\\/\\\/eldigitaldeasturias.com\\\/magazine365\\\/\",\"logo\":{\"@type\":\"ImageObject\",\"url\":\"https:\\\/\\\/www.eldigitaldeasturias.com\\\/noticias\\\/wp-content\\\/uploads\\\/2020\\\/12\\\/EDA.jpg\",\"@id\":\"https:\\\/\\\/eldigitaldeasturias.com\\\/magazine365\\\/ricky-martin-ya-no-sufre-por-amor\\\/#organizationLogo\"},\"image\":{\"@id\":\"https:\\\/\\\/eldigitaldeasturias.com\\\/magazine365\\\/ricky-martin-ya-no-sufre-por-amor\\\/#organizationLogo\"}},{\"@type\":\"Person\",\"@id\":\"https:\\\/\\\/eldigitaldeasturias.com\\\/magazine365\\\/author\\\/admin\\\/#author\",\"url\":\"https:\\\/\\\/eldigitaldeasturias.com\\\/magazine365\\\/author\\\/admin\\\/\",\"name\":\"admin\",\"image\":{\"@type\":\"ImageObject\",\"@id\":\"https:\\\/\\\/eldigitaldeasturias.com\\\/magazine365\\\/ricky-martin-ya-no-sufre-por-amor\\\/#authorImage\",\"url\":\"https:\\\/\\\/eldigitaldeasturias.com\\\/magazine365\\\/wp-content\\\/litespeed\\\/avatar\\\/e571bcf59a0edd6fa6838245a470f2fe.jpg?ver=1776969259\",\"width\":96,\"height\":96,\"caption\":\"admin\"}},{\"@type\":\"WebPage\",\"@id\":\"https:\\\/\\\/eldigitaldeasturias.com\\\/magazine365\\\/ricky-martin-ya-no-sufre-por-amor\\\/#webpage\",\"url\":\"https:\\\/\\\/eldigitaldeasturias.com\\\/magazine365\\\/ricky-martin-ya-no-sufre-por-amor\\\/\",\"name\":\"Ricky Martin \\u00abya no sufre\\u00bb por amor | El Digital de Asturias\",\"description\":\"A pesar de haber protagonizado una dolorosa ruptura sentimental a principios de este a\\u00f1o, al menos en p\\u00fablico Ricky Martin no parece estar demasiado afectado por el desenga\\u00f1o amoroso vivido con el empresario Carlos Gonz\\u00e1lez Abella, ya que no duda en afirmar que se encuentra en uno de los \\\"mejores\\\" momentos de su vida y\",\"inLanguage\":\"es-ES\",\"isPartOf\":{\"@id\":\"https:\\\/\\\/eldigitaldeasturias.com\\\/magazine365\\\/#website\"},\"breadcrumb\":{\"@id\":\"https:\\\/\\\/eldigitaldeasturias.com\\\/magazine365\\\/ricky-martin-ya-no-sufre-por-amor\\\/#breadcrumblist\"},\"author\":{\"@id\":\"https:\\\/\\\/eldigitaldeasturias.com\\\/magazine365\\\/author\\\/admin\\\/#author\"},\"creator\":{\"@id\":\"https:\\\/\\\/eldigitaldeasturias.com\\\/magazine365\\\/author\\\/admin\\\/#author\"},\"image\":{\"@type\":\"ImageObject\",\"url\":\"https:\\\/\\\/eldigitaldeasturias.com\\\/magazine365\\\/wp-content\\\/uploads\\\/2014\\\/05\\\/Ricky-Martin-ya-no-sufre-por-amor.jpg\",\"@id\":\"https:\\\/\\\/eldigitaldeasturias.com\\\/magazine365\\\/ricky-martin-ya-no-sufre-por-amor\\\/#mainImage\",\"width\":650,\"height\":650},\"primaryImageOfPage\":{\"@id\":\"https:\\\/\\\/eldigitaldeasturias.com\\\/magazine365\\\/ricky-martin-ya-no-sufre-por-amor\\\/#mainImage\"},\"datePublished\":\"2014-05-27T19:03:47+02:00\",\"dateModified\":\"2014-05-27T19:03:47+02:00\"},{\"@type\":\"WebSite\",\"@id\":\"https:\\\/\\\/eldigitaldeasturias.com\\\/magazine365\\\/#website\",\"url\":\"https:\\\/\\\/eldigitaldeasturias.com\\\/magazine365\\\/\",\"name\":\"El Digital de Asturias\",\"description\":\"Revista de ocio, turismo y estilo de vida\",\"inLanguage\":\"es-ES\",\"publisher\":{\"@id\":\"https:\\\/\\\/eldigitaldeasturias.com\\\/magazine365\\\/#organization\"}}]}\n\t\t<\/script>\n\t\t<!-- All in One SEO Pro -->\r\n\t\t<title>Ricky Martin \u00abya no sufre\u00bb por amor | El Digital de Asturias<\/title>\n\n","aioseo_head_json":{"title":"Ricky Martin \u00abya no sufre\u00bb por amor | El Digital de Asturias","description":"A pesar de haber protagonizado una dolorosa ruptura sentimental a principios de este a\u00f1o, al menos en p\u00fablico Ricky Martin no parece estar demasiado afectado por el desenga\u00f1o amoroso vivido con el empresario Carlos Gonz\u00e1lez Abella, ya que no duda en afirmar que se encuentra en uno de los \"mejores\" momentos de su vida y","canonical_url":"https:\/\/eldigitaldeasturias.com\/magazine365\/ricky-martin-ya-no-sufre-por-amor\/","robots":"max-image-preview:large","keywords":"noticias y actualidad","webmasterTools":{"google-site-verification":"UA-38556648-1","miscellaneous":""},"schema":{"@context":"https:\/\/schema.org","@graph":[{"@type":"Article","@id":"https:\/\/eldigitaldeasturias.com\/magazine365\/ricky-martin-ya-no-sufre-por-amor\/#article","name":"Ricky Martin \u00abya no sufre\u00bb por amor | El Digital de Asturias","headline":"Ricky Martin \u00abya no sufre\u00bb por amor","author":{"@id":"https:\/\/eldigitaldeasturias.com\/magazine365\/author\/admin\/#author"},"publisher":{"@id":"https:\/\/eldigitaldeasturias.com\/magazine365\/#organization"},"image":{"@type":"ImageObject","url":"https:\/\/eldigitaldeasturias.com\/magazine365\/wp-content\/uploads\/2014\/05\/Ricky-Martin-ya-no-sufre-por-amor.jpg","width":650,"height":650},"datePublished":"2014-05-27T19:03:47+02:00","dateModified":"2014-05-27T19:03:47+02:00","inLanguage":"es-ES","mainEntityOfPage":{"@id":"https:\/\/eldigitaldeasturias.com\/magazine365\/ricky-martin-ya-no-sufre-por-amor\/#webpage"},"isPartOf":{"@id":"https:\/\/eldigitaldeasturias.com\/magazine365\/ricky-martin-ya-no-sufre-por-amor\/#webpage"},"articleSection":"Noticias y Actualidad"},{"@type":"BreadcrumbList","@id":"https:\/\/eldigitaldeasturias.com\/magazine365\/ricky-martin-ya-no-sufre-por-amor\/#breadcrumblist","itemListElement":[{"@type":"ListItem","@id":"https:\/\/eldigitaldeasturias.com\/magazine365#listItem","position":1,"name":"Home","item":"https:\/\/eldigitaldeasturias.com\/magazine365","nextItem":{"@type":"ListItem","@id":"https:\/\/eldigitaldeasturias.com\/magazine365\/category\/noticias-actualidad\/#listItem","name":"Noticias y Actualidad"}},{"@type":"ListItem","@id":"https:\/\/eldigitaldeasturias.com\/magazine365\/category\/noticias-actualidad\/#listItem","position":2,"name":"Noticias y Actualidad","item":"https:\/\/eldigitaldeasturias.com\/magazine365\/category\/noticias-actualidad\/","nextItem":{"@type":"ListItem","@id":"https:\/\/eldigitaldeasturias.com\/magazine365\/ricky-martin-ya-no-sufre-por-amor\/#listItem","name":"Ricky Martin \u00abya no sufre\u00bb por amor"},"previousItem":{"@type":"ListItem","@id":"https:\/\/eldigitaldeasturias.com\/magazine365#listItem","name":"Home"}},{"@type":"ListItem","@id":"https:\/\/eldigitaldeasturias.com\/magazine365\/ricky-martin-ya-no-sufre-por-amor\/#listItem","position":3,"name":"Ricky Martin \u00abya no sufre\u00bb por amor","previousItem":{"@type":"ListItem","@id":"https:\/\/eldigitaldeasturias.com\/magazine365\/category\/noticias-actualidad\/#listItem","name":"Noticias y Actualidad"}}]},{"@type":"Organization","@id":"https:\/\/eldigitaldeasturias.com\/magazine365\/#organization","name":"El digital de Asturias","description":"Revista de ocio, turismo y estilo de vida","url":"https:\/\/eldigitaldeasturias.com\/magazine365\/","logo":{"@type":"ImageObject","url":"https:\/\/www.eldigitaldeasturias.com\/noticias\/wp-content\/uploads\/2020\/12\/EDA.jpg","@id":"https:\/\/eldigitaldeasturias.com\/magazine365\/ricky-martin-ya-no-sufre-por-amor\/#organizationLogo"},"image":{"@id":"https:\/\/eldigitaldeasturias.com\/magazine365\/ricky-martin-ya-no-sufre-por-amor\/#organizationLogo"}},{"@type":"Person","@id":"https:\/\/eldigitaldeasturias.com\/magazine365\/author\/admin\/#author","url":"https:\/\/eldigitaldeasturias.com\/magazine365\/author\/admin\/","name":"admin","image":{"@type":"ImageObject","@id":"https:\/\/eldigitaldeasturias.com\/magazine365\/ricky-martin-ya-no-sufre-por-amor\/#authorImage","url":"https:\/\/eldigitaldeasturias.com\/magazine365\/wp-content\/litespeed\/avatar\/e571bcf59a0edd6fa6838245a470f2fe.jpg?ver=1776969259","width":96,"height":96,"caption":"admin"}},{"@type":"WebPage","@id":"https:\/\/eldigitaldeasturias.com\/magazine365\/ricky-martin-ya-no-sufre-por-amor\/#webpage","url":"https:\/\/eldigitaldeasturias.com\/magazine365\/ricky-martin-ya-no-sufre-por-amor\/","name":"Ricky Martin \u00abya no sufre\u00bb por amor | El Digital de Asturias","description":"A pesar de haber protagonizado una dolorosa ruptura sentimental a principios de este a\u00f1o, al menos en p\u00fablico Ricky Martin no parece estar demasiado afectado por el desenga\u00f1o amoroso vivido con el empresario Carlos Gonz\u00e1lez Abella, ya que no duda en afirmar que se encuentra en uno de los \"mejores\" momentos de su vida y","inLanguage":"es-ES","isPartOf":{"@id":"https:\/\/eldigitaldeasturias.com\/magazine365\/#website"},"breadcrumb":{"@id":"https:\/\/eldigitaldeasturias.com\/magazine365\/ricky-martin-ya-no-sufre-por-amor\/#breadcrumblist"},"author":{"@id":"https:\/\/eldigitaldeasturias.com\/magazine365\/author\/admin\/#author"},"creator":{"@id":"https:\/\/eldigitaldeasturias.com\/magazine365\/author\/admin\/#author"},"image":{"@type":"ImageObject","url":"https:\/\/eldigitaldeasturias.com\/magazine365\/wp-content\/uploads\/2014\/05\/Ricky-Martin-ya-no-sufre-por-amor.jpg","@id":"https:\/\/eldigitaldeasturias.com\/magazine365\/ricky-martin-ya-no-sufre-por-amor\/#mainImage","width":650,"height":650},"primaryImageOfPage":{"@id":"https:\/\/eldigitaldeasturias.com\/magazine365\/ricky-martin-ya-no-sufre-por-amor\/#mainImage"},"datePublished":"2014-05-27T19:03:47+02:00","dateModified":"2014-05-27T19:03:47+02:00"},{"@type":"WebSite","@id":"https:\/\/eldigitaldeasturias.com\/magazine365\/#website","url":"https:\/\/eldigitaldeasturias.com\/magazine365\/","name":"El Digital de Asturias","description":"Revista de ocio, turismo y estilo de vida","inLanguage":"es-ES","publisher":{"@id":"https:\/\/eldigitaldeasturias.com\/magazine365\/#organization"}}]},"og:locale":"es_ES","og:site_name":"El Digital de Asturias \u2013 Revista de ocio, turismo y estilo de vida","og:type":"article","og:title":"Ricky Martin \u00abya no sufre\u00bb por amor | El Digital de Asturias","og:description":"A pesar de haber protagonizado una dolorosa ruptura sentimental a principios de este a\u00f1o, al menos en p\u00fablico Ricky Martin no parece estar demasiado afectado por el desenga\u00f1o amoroso vivido con el empresario Carlos Gonz\u00e1lez Abella, ya que no duda en afirmar que se encuentra en uno de los &quot;mejores&quot; momentos de su vida y","og:url":"https:\/\/eldigitaldeasturias.com\/magazine365\/ricky-martin-ya-no-sufre-por-amor\/","og:image":"https:\/\/eldigitaldeasturias.com\/magazine365\/wp-content\/uploads\/2014\/05\/Ricky-Martin-ya-no-sufre-por-amor.jpg","og:image:secure_url":"https:\/\/eldigitaldeasturias.com\/magazine365\/wp-content\/uploads\/2014\/05\/Ricky-Martin-ya-no-sufre-por-amor.jpg","og:image:width":650,"og:image:height":650,"article:published_time":"2014-05-27T21:03:47+00:00","article:modified_time":"2014-05-27T21:03:47+00:00","twitter:card":"summary_large_image","twitter:title":"Ricky Martin \u00abya no sufre\u00bb por amor | El Digital de Asturias","twitter:description":"A pesar de haber protagonizado una dolorosa ruptura sentimental a principios de este a\u00f1o, al menos en p\u00fablico Ricky Martin no parece estar demasiado afectado por el desenga\u00f1o amoroso vivido con el empresario Carlos Gonz\u00e1lez Abella, ya que no duda en afirmar que se encuentra en uno de los &quot;mejores&quot; momentos de su vida y","twitter:image":"https:\/\/eldigitaldeasturias.com\/magazine365\/wp-content\/uploads\/2014\/05\/Ricky-Martin-ya-no-sufre-por-amor.jpg"},"aioseo_meta_data":{"post_id":"14046","title":null,"description":null,"keywords":null,"keyphrases":null,"primary_term":null,"canonical_url":null,"og_title":null,"og_description":null,"og_object_type":"default","og_image_type":"default","og_image_url":null,"og_image_width":null,"og_image_height":null,"og_image_custom_url":null,"og_image_custom_fields":null,"og_video":null,"og_custom_url":null,"og_article_section":null,"og_article_tags":null,"twitter_use_og":false,"twitter_card":"default","twitter_image_type":"default","twitter_image_url":null,"twitter_image_custom_url":null,"twitter_image_custom_fields":null,"twitter_title":null,"twitter_description":null,"schema":{"blockGraphs":[],"customGraphs":[],"default":{"data":{"Article":[],"Course":[],"Dataset":[],"FAQPage":[],"Movie":[],"Person":[],"Product":[],"ProductReview":[],"Car":[],"Recipe":[],"Service":[],"SoftwareApplication":[],"WebPage":[]},"graphName":"","isEnabled":true},"graphs":[],"defaultGraph":"","defaultPostTypeGraph":""},"schema_type":null,"schema_type_options":null,"pillar_content":false,"robots_default":true,"robots_noindex":false,"robots_noarchive":false,"robots_nosnippet":false,"robots_nofollow":false,"robots_noimageindex":false,"robots_noodp":false,"robots_notranslate":false,"robots_max_snippet":null,"robots_max_videopreview":null,"robots_max_imagepreview":"large","priority":null,"frequency":null,"location":null,"local_seo":null,"seo_analyzer_scan_date":"2025-09-17 09:25:10","breadcrumb_settings":null,"limit_modified_date":false,"open_ai":null,"ai":null,"created":"2021-03-09 08:20:43","updated":"2025-09-17 09:25:10"},"aioseo_breadcrumb":"<div class=\"aioseo-breadcrumbs\"><span class=\"aioseo-breadcrumb\">\n\t<a href=\"https:\/\/eldigitaldeasturias.com\/magazine365\" title=\"Home\">Home<\/a>\n<\/span><span class=\"aioseo-breadcrumb-separator\">\u2013<\/span><span class=\"aioseo-breadcrumb\">\n\t<a href=\"https:\/\/eldigitaldeasturias.com\/magazine365\/category\/noticias-actualidad\/\" title=\"Noticias y Actualidad\">Noticias y Actualidad<\/a>\n<\/span><span class=\"aioseo-breadcrumb-separator\">\u2013<\/span><span class=\"aioseo-breadcrumb\">\n\t<a href=\"https:\/\/eldigitaldeasturias.com\/magazine365\/ricky-martin-ya-no-sufre-por-amor\/\" title=\"Ricky Martin \u00abya no sufre\u00bb por amor\">Ricky Martin \u00abya no sufre\u00bb por amor<\/a>\n<\/span><\/div>","aioseo_breadcrumb_json":[{"label":"Home","link":"https:\/\/eldigitaldeasturias.com\/magazine365"},{"label":"Noticias y Actualidad","link":"https:\/\/eldigitaldeasturias.com\/magazine365\/category\/noticias-actualidad\/"},{"label":"Ricky Martin \u00abya no sufre\u00bb por amor","link":"https:\/\/eldigitaldeasturias.com\/magazine365\/ricky-martin-ya-no-sufre-por-amor\/"}],"_links":{"self":[{"href":"https:\/\/eldigitaldeasturias.com\/magazine365\/wp-json\/wp\/v2\/posts\/14046","targetHints":{"allow":["GET"]}}],"collection":[{"href":"https:\/\/eldigitaldeasturias.com\/magazine365\/wp-json\/wp\/v2\/posts"}],"about":[{"href":"https:\/\/eldigitaldeasturias.com\/magazine365\/wp-json\/wp\/v2\/types\/post"}],"author":[{"embeddable":true,"href":"https:\/\/eldigitaldeasturias.com\/magazine365\/wp-json\/wp\/v2\/users\/1"}],"replies":[{"embeddable":true,"href":"https:\/\/eldigitaldeasturias.com\/magazine365\/wp-json\/wp\/v2\/comments?post=14046"}],"version-history":[{"count":0,"href":"https:\/\/eldigitaldeasturias.com\/magazine365\/wp-json\/wp\/v2\/posts\/14046\/revisions"}],"wp:featuredmedia":[{"embeddable":true,"href":"https:\/\/eldigitaldeasturias.com\/magazine365\/wp-json\/wp\/v2\/media\/14047"}],"wp:attachment":[{"href":"https:\/\/eldigitaldeasturias.com\/magazine365\/wp-json\/wp\/v2\/media?parent=14046"}],"wp:term":[{"taxonomy":"category","embeddable":true,"href":"https:\/\/eldigitaldeasturias.com\/magazine365\/wp-json\/wp\/v2\/categories?post=14046"},{"taxonomy":"post_tag","embeddable":true,"href":"https:\/\/eldigitaldeasturias.com\/magazine365\/wp-json\/wp\/v2\/tags?post=14046"}],"curies":[{"name":"wp","href":"https:\/\/api.w.org\/{rel}","templated":true}]}}