{"id":14031,"date":"2014-05-27T18:55:15","date_gmt":"2014-05-27T20:55:15","guid":{"rendered":"http:\/\/eldigitaldeasturias.com\/magazine365\/?p=14031"},"modified":"2014-05-27T18:55:15","modified_gmt":"2014-05-27T20:55:15","slug":"julieta-venegas-quiere-cantar-con-caetano-veloso","status":"publish","type":"post","link":"https:\/\/eldigitaldeasturias.com\/magazine365\/julieta-venegas-quiere-cantar-con-caetano-veloso\/","title":{"rendered":"Julieta Venegas quiere cantar con Caetano Veloso"},"content":{"rendered":"<p><img fetchpriority=\"high\" decoding=\"async\" class=\"alignleft size-medium wp-image-14032\" alt=\"2013 Latin Grammy Awards at Mandalay Bay\" src=\"https:\/\/eldigitaldeasturias.com\/magazine365\/wp-content\/uploads\/2014\/05\/Julieta-Venegas-quiere-cantar-con-Caetano-Veloso-300x300.jpg\" width=\"300\" height=\"300\" srcset=\"https:\/\/eldigitaldeasturias.com\/magazine365\/wp-content\/uploads\/2014\/05\/Julieta-Venegas-quiere-cantar-con-Caetano-Veloso-300x300.jpg 300w, https:\/\/eldigitaldeasturias.com\/magazine365\/wp-content\/uploads\/2014\/05\/Julieta-Venegas-quiere-cantar-con-Caetano-Veloso-640x640.jpg 640w, https:\/\/eldigitaldeasturias.com\/magazine365\/wp-content\/uploads\/2014\/05\/Julieta-Venegas-quiere-cantar-con-Caetano-Veloso-150x150.jpg 150w, https:\/\/eldigitaldeasturias.com\/magazine365\/wp-content\/uploads\/2014\/05\/Julieta-Venegas-quiere-cantar-con-Caetano-Veloso-450x450.jpg 450w, https:\/\/eldigitaldeasturias.com\/magazine365\/wp-content\/uploads\/2014\/05\/Julieta-Venegas-quiere-cantar-con-Caetano-Veloso-420x420.jpg 420w, https:\/\/eldigitaldeasturias.com\/magazine365\/wp-content\/uploads\/2014\/05\/Julieta-Venegas-quiere-cantar-con-Caetano-Veloso-50x50.jpg 50w, https:\/\/eldigitaldeasturias.com\/magazine365\/wp-content\/uploads\/2014\/05\/Julieta-Venegas-quiere-cantar-con-Caetano-Veloso.jpg 650w\" sizes=\"(max-width: 300px) 100vw, 300px\" \/>La artista mexicana Julieta Venegas es una de las grandes embajadoras de la m\u00fasica tradicional de su pa\u00eds en la escena internacional, pero eso no le impide so\u00f1ar con la idea de protagonizar un anhelado dueto con quien todav\u00eda se erige como uno de los artistas m\u00e1s influyentes de la cultura brasile\u00f1a: el reconocido cantautor Caetano Veloso, por quien la carism\u00e1tica int\u00e9rprete siente verdadera devoci\u00f3n.<\/p>\n<p>\u00abNo sabr\u00eda c\u00f3mo encajar el estilo de Caetano Veloso en la estructura de mis canciones, pero siempre ha sido uno de mis grandes referentes y la mejor fuente de inspiraci\u00f3n en el plano de la composici\u00f3n. Es uno de esos m\u00fasicos a los que me ser\u00eda imposible no admirar, siempre me ha encantado. Ojal\u00e1 alg\u00fan d\u00eda tenga la oportunidad de cantar con \u00e9l; hemos coincidido en tres ocasiones, pero solo hemos tenido tiempo para saludarnos\u00bb, confes\u00f3 la artista al diario carioca O Dia.<\/p>\n<p>El deseo que tiene Julieta de compartir escenario con el ic\u00f3nico int\u00e9rprete brasile\u00f1o no resulta precisamente descabellado, ya que Caetano Veloso dej\u00f3 claro en el a\u00f1o 2002 -al participar en la banda sonora de &#8216;Frida&#8217;, cinta protagonizada por Salma Hayek- que sabe adaptarse con maestr\u00eda a los ritmos m\u00e1s identificativos de la tradici\u00f3n mexicana sin por ello renunciar a su sosegado estilo.<\/p>\n<p>Mientras la hipot\u00e9tica pareja art\u00edstica se plantea c\u00f3mo dar forma a una posible colaboraci\u00f3n art\u00edstica, la estrella latina sigue disfrutando al m\u00e1ximo de su actual estancia brasile\u00f1a y se prepara a conciencia para deleitar a sus fans del pa\u00eds con una serie de esperados conciertos. Consciente de que en los \u00faltimos a\u00f1os su base de fans ha crecido notablemente en el &#8216;gigante sudamericano&#8217;, no es de extra\u00f1ar que Julieta solo tenga entusiastas palabras de agradecimiento para describir su \u00abespecial\u00bb relaci\u00f3n con Brasil.<\/p>\n<p>\u00abLa verdad es que siempre trato de programar fechas en Brasil, en parte, por puro ego\u00edsmo, porque no concibo salir por el mundo de gira sin hacer una parada en un pa\u00eds al que tengo un cari\u00f1o especial. Me agrada mucho el estilo de vida que tienen mis amigos brasile\u00f1os, la pasi\u00f3n que demuestran mis seguidores cuando toco para ellos, y adem\u00e1s soy una gran admiradora de muchos artistas de aqu\u00ed. Puedo notar el cari\u00f1o de la gente cuando voy por la calle, y esa es una de las razones por las que Brasil me tiene enamorada\u00bb, asever\u00f3 al mismo medio.<\/p>\n","protected":false},"excerpt":{"rendered":"<p>La artista mexicana Julieta Venegas es una de las grandes embajadoras de la m\u00fasica tradicional de su pa\u00eds en la escena internacional, pero eso no le impide so\u00f1ar con la idea de protagonizar un anhelado dueto con quien todav\u00eda se erige como uno de los artistas m\u00e1s influyentes de la cultura brasile\u00f1a: el reconocido cantautor<\/p>\n","protected":false},"author":1,"featured_media":14032,"comment_status":"open","ping_status":"closed","sticky":false,"template":"","format":"standard","meta":{"footnotes":""},"categories":[224],"tags":[],"class_list":{"0":"post-14031","1":"post","2":"type-post","3":"status-publish","4":"format-standard","5":"has-post-thumbnail","7":"category-noticias-actualidad"},"aioseo_notices":[],"aioseo_head":"\n\t\t<!-- All in One SEO Pro 4.9.6.1 - aioseo.com -->\n\t<meta name=\"description\" content=\"La artista mexicana Julieta Venegas es una de las grandes embajadoras de la m\u00fasica tradicional de su pa\u00eds en la escena internacional, pero eso no le impide so\u00f1ar con la idea de protagonizar un anhelado dueto con quien todav\u00eda se erige como uno de los artistas m\u00e1s influyentes de la cultura brasile\u00f1a: el reconocido cantautor\" \/>\n\t<meta name=\"robots\" content=\"max-image-preview:large\" \/>\n\t<meta name=\"author\" content=\"admin\"\/>\n\t<meta name=\"google-site-verification\" content=\"UA-38556648-1\" \/>\n\t<meta name=\"keywords\" content=\"noticias y actualidad\" \/>\n\t<link rel=\"canonical\" href=\"https:\/\/eldigitaldeasturias.com\/magazine365\/julieta-venegas-quiere-cantar-con-caetano-veloso\/\" \/>\n\t<meta name=\"generator\" content=\"All in One SEO Pro (AIOSEO) 4.9.6.1\" \/>\n\t\t<meta property=\"og:locale\" content=\"es_ES\" \/>\n\t\t<meta property=\"og:site_name\" content=\"El Digital de Asturias \u2013 Revista de ocio, turismo y estilo de vida\" \/>\n\t\t<meta property=\"og:type\" content=\"article\" \/>\n\t\t<meta property=\"og:title\" content=\"Julieta Venegas quiere cantar con Caetano Veloso | El Digital de Asturias\" \/>\n\t\t<meta property=\"og:description\" content=\"La artista mexicana Julieta Venegas es una de las grandes embajadoras de la m\u00fasica tradicional de su pa\u00eds en la escena internacional, pero eso no le impide so\u00f1ar con la idea de protagonizar un anhelado dueto con quien todav\u00eda se erige como uno de los artistas m\u00e1s influyentes de la cultura brasile\u00f1a: el reconocido cantautor\" \/>\n\t\t<meta property=\"og:url\" content=\"https:\/\/eldigitaldeasturias.com\/magazine365\/julieta-venegas-quiere-cantar-con-caetano-veloso\/\" \/>\n\t\t<meta property=\"og:image\" content=\"https:\/\/eldigitaldeasturias.com\/magazine365\/wp-content\/uploads\/2014\/05\/Julieta-Venegas-quiere-cantar-con-Caetano-Veloso.jpg\" \/>\n\t\t<meta property=\"og:image:secure_url\" content=\"https:\/\/eldigitaldeasturias.com\/magazine365\/wp-content\/uploads\/2014\/05\/Julieta-Venegas-quiere-cantar-con-Caetano-Veloso.jpg\" \/>\n\t\t<meta property=\"og:image:width\" content=\"650\" \/>\n\t\t<meta property=\"og:image:height\" content=\"650\" \/>\n\t\t<meta property=\"article:published_time\" content=\"2014-05-27T20:55:15+00:00\" \/>\n\t\t<meta property=\"article:modified_time\" content=\"2014-05-27T20:55:15+00:00\" \/>\n\t\t<meta name=\"twitter:card\" content=\"summary_large_image\" \/>\n\t\t<meta name=\"twitter:title\" content=\"Julieta Venegas quiere cantar con Caetano Veloso | El Digital de Asturias\" \/>\n\t\t<meta name=\"twitter:description\" content=\"La artista mexicana Julieta Venegas es una de las grandes embajadoras de la m\u00fasica tradicional de su pa\u00eds en la escena internacional, pero eso no le impide so\u00f1ar con la idea de protagonizar un anhelado dueto con quien todav\u00eda se erige como uno de los artistas m\u00e1s influyentes de la cultura brasile\u00f1a: el reconocido cantautor\" \/>\n\t\t<meta name=\"twitter:image\" content=\"https:\/\/eldigitaldeasturias.com\/magazine365\/wp-content\/uploads\/2014\/05\/Julieta-Venegas-quiere-cantar-con-Caetano-Veloso.jpg\" \/>\n\t\t<script type=\"application\/ld+json\" class=\"aioseo-schema\">\n\t\t\t{\"@context\":\"https:\\\/\\\/schema.org\",\"@graph\":[{\"@type\":\"Article\",\"@id\":\"https:\\\/\\\/eldigitaldeasturias.com\\\/magazine365\\\/julieta-venegas-quiere-cantar-con-caetano-veloso\\\/#article\",\"name\":\"Julieta Venegas quiere cantar con Caetano Veloso | El Digital de Asturias\",\"headline\":\"Julieta Venegas quiere cantar con Caetano Veloso\",\"author\":{\"@id\":\"https:\\\/\\\/eldigitaldeasturias.com\\\/magazine365\\\/author\\\/admin\\\/#author\"},\"publisher\":{\"@id\":\"https:\\\/\\\/eldigitaldeasturias.com\\\/magazine365\\\/#organization\"},\"image\":{\"@type\":\"ImageObject\",\"url\":\"https:\\\/\\\/eldigitaldeasturias.com\\\/magazine365\\\/wp-content\\\/uploads\\\/2014\\\/05\\\/Julieta-Venegas-quiere-cantar-con-Caetano-Veloso.jpg\",\"width\":650,\"height\":650},\"datePublished\":\"2014-05-27T18:55:15+02:00\",\"dateModified\":\"2014-05-27T18:55:15+02:00\",\"inLanguage\":\"es-ES\",\"mainEntityOfPage\":{\"@id\":\"https:\\\/\\\/eldigitaldeasturias.com\\\/magazine365\\\/julieta-venegas-quiere-cantar-con-caetano-veloso\\\/#webpage\"},\"isPartOf\":{\"@id\":\"https:\\\/\\\/eldigitaldeasturias.com\\\/magazine365\\\/julieta-venegas-quiere-cantar-con-caetano-veloso\\\/#webpage\"},\"articleSection\":\"Noticias y Actualidad\"},{\"@type\":\"BreadcrumbList\",\"@id\":\"https:\\\/\\\/eldigitaldeasturias.com\\\/magazine365\\\/julieta-venegas-quiere-cantar-con-caetano-veloso\\\/#breadcrumblist\",\"itemListElement\":[{\"@type\":\"ListItem\",\"@id\":\"https:\\\/\\\/eldigitaldeasturias.com\\\/magazine365#listItem\",\"position\":1,\"name\":\"Home\",\"item\":\"https:\\\/\\\/eldigitaldeasturias.com\\\/magazine365\",\"nextItem\":{\"@type\":\"ListItem\",\"@id\":\"https:\\\/\\\/eldigitaldeasturias.com\\\/magazine365\\\/category\\\/noticias-actualidad\\\/#listItem\",\"name\":\"Noticias y Actualidad\"}},{\"@type\":\"ListItem\",\"@id\":\"https:\\\/\\\/eldigitaldeasturias.com\\\/magazine365\\\/category\\\/noticias-actualidad\\\/#listItem\",\"position\":2,\"name\":\"Noticias y Actualidad\",\"item\":\"https:\\\/\\\/eldigitaldeasturias.com\\\/magazine365\\\/category\\\/noticias-actualidad\\\/\",\"nextItem\":{\"@type\":\"ListItem\",\"@id\":\"https:\\\/\\\/eldigitaldeasturias.com\\\/magazine365\\\/julieta-venegas-quiere-cantar-con-caetano-veloso\\\/#listItem\",\"name\":\"Julieta Venegas quiere cantar con Caetano Veloso\"},\"previousItem\":{\"@type\":\"ListItem\",\"@id\":\"https:\\\/\\\/eldigitaldeasturias.com\\\/magazine365#listItem\",\"name\":\"Home\"}},{\"@type\":\"ListItem\",\"@id\":\"https:\\\/\\\/eldigitaldeasturias.com\\\/magazine365\\\/julieta-venegas-quiere-cantar-con-caetano-veloso\\\/#listItem\",\"position\":3,\"name\":\"Julieta Venegas quiere cantar con Caetano Veloso\",\"previousItem\":{\"@type\":\"ListItem\",\"@id\":\"https:\\\/\\\/eldigitaldeasturias.com\\\/magazine365\\\/category\\\/noticias-actualidad\\\/#listItem\",\"name\":\"Noticias y Actualidad\"}}]},{\"@type\":\"Organization\",\"@id\":\"https:\\\/\\\/eldigitaldeasturias.com\\\/magazine365\\\/#organization\",\"name\":\"El digital de Asturias\",\"description\":\"Revista de ocio, turismo y estilo de vida\",\"url\":\"https:\\\/\\\/eldigitaldeasturias.com\\\/magazine365\\\/\",\"logo\":{\"@type\":\"ImageObject\",\"url\":\"https:\\\/\\\/www.eldigitaldeasturias.com\\\/noticias\\\/wp-content\\\/uploads\\\/2020\\\/12\\\/EDA.jpg\",\"@id\":\"https:\\\/\\\/eldigitaldeasturias.com\\\/magazine365\\\/julieta-venegas-quiere-cantar-con-caetano-veloso\\\/#organizationLogo\"},\"image\":{\"@id\":\"https:\\\/\\\/eldigitaldeasturias.com\\\/magazine365\\\/julieta-venegas-quiere-cantar-con-caetano-veloso\\\/#organizationLogo\"}},{\"@type\":\"Person\",\"@id\":\"https:\\\/\\\/eldigitaldeasturias.com\\\/magazine365\\\/author\\\/admin\\\/#author\",\"url\":\"https:\\\/\\\/eldigitaldeasturias.com\\\/magazine365\\\/author\\\/admin\\\/\",\"name\":\"admin\",\"image\":{\"@type\":\"ImageObject\",\"@id\":\"https:\\\/\\\/eldigitaldeasturias.com\\\/magazine365\\\/julieta-venegas-quiere-cantar-con-caetano-veloso\\\/#authorImage\",\"url\":\"https:\\\/\\\/eldigitaldeasturias.com\\\/magazine365\\\/wp-content\\\/litespeed\\\/avatar\\\/e571bcf59a0edd6fa6838245a470f2fe.jpg?ver=1776969259\",\"width\":96,\"height\":96,\"caption\":\"admin\"}},{\"@type\":\"WebPage\",\"@id\":\"https:\\\/\\\/eldigitaldeasturias.com\\\/magazine365\\\/julieta-venegas-quiere-cantar-con-caetano-veloso\\\/#webpage\",\"url\":\"https:\\\/\\\/eldigitaldeasturias.com\\\/magazine365\\\/julieta-venegas-quiere-cantar-con-caetano-veloso\\\/\",\"name\":\"Julieta Venegas quiere cantar con Caetano Veloso | El Digital de Asturias\",\"description\":\"La artista mexicana Julieta Venegas es una de las grandes embajadoras de la m\\u00fasica tradicional de su pa\\u00eds en la escena internacional, pero eso no le impide so\\u00f1ar con la idea de protagonizar un anhelado dueto con quien todav\\u00eda se erige como uno de los artistas m\\u00e1s influyentes de la cultura brasile\\u00f1a: el reconocido cantautor\",\"inLanguage\":\"es-ES\",\"isPartOf\":{\"@id\":\"https:\\\/\\\/eldigitaldeasturias.com\\\/magazine365\\\/#website\"},\"breadcrumb\":{\"@id\":\"https:\\\/\\\/eldigitaldeasturias.com\\\/magazine365\\\/julieta-venegas-quiere-cantar-con-caetano-veloso\\\/#breadcrumblist\"},\"author\":{\"@id\":\"https:\\\/\\\/eldigitaldeasturias.com\\\/magazine365\\\/author\\\/admin\\\/#author\"},\"creator\":{\"@id\":\"https:\\\/\\\/eldigitaldeasturias.com\\\/magazine365\\\/author\\\/admin\\\/#author\"},\"image\":{\"@type\":\"ImageObject\",\"url\":\"https:\\\/\\\/eldigitaldeasturias.com\\\/magazine365\\\/wp-content\\\/uploads\\\/2014\\\/05\\\/Julieta-Venegas-quiere-cantar-con-Caetano-Veloso.jpg\",\"@id\":\"https:\\\/\\\/eldigitaldeasturias.com\\\/magazine365\\\/julieta-venegas-quiere-cantar-con-caetano-veloso\\\/#mainImage\",\"width\":650,\"height\":650},\"primaryImageOfPage\":{\"@id\":\"https:\\\/\\\/eldigitaldeasturias.com\\\/magazine365\\\/julieta-venegas-quiere-cantar-con-caetano-veloso\\\/#mainImage\"},\"datePublished\":\"2014-05-27T18:55:15+02:00\",\"dateModified\":\"2014-05-27T18:55:15+02:00\"},{\"@type\":\"WebSite\",\"@id\":\"https:\\\/\\\/eldigitaldeasturias.com\\\/magazine365\\\/#website\",\"url\":\"https:\\\/\\\/eldigitaldeasturias.com\\\/magazine365\\\/\",\"name\":\"El Digital de Asturias\",\"description\":\"Revista de ocio, turismo y estilo de vida\",\"inLanguage\":\"es-ES\",\"publisher\":{\"@id\":\"https:\\\/\\\/eldigitaldeasturias.com\\\/magazine365\\\/#organization\"}}]}\n\t\t<\/script>\n\t\t<!-- All in One SEO Pro -->\r\n\t\t<title>Julieta Venegas quiere cantar con Caetano Veloso | El Digital de Asturias<\/title>\n\n","aioseo_head_json":{"title":"Julieta Venegas quiere cantar con Caetano Veloso | El Digital de Asturias","description":"La artista mexicana Julieta Venegas es una de las grandes embajadoras de la m\u00fasica tradicional de su pa\u00eds en la escena internacional, pero eso no le impide so\u00f1ar con la idea de protagonizar un anhelado dueto con quien todav\u00eda se erige como uno de los artistas m\u00e1s influyentes de la cultura brasile\u00f1a: el reconocido cantautor","canonical_url":"https:\/\/eldigitaldeasturias.com\/magazine365\/julieta-venegas-quiere-cantar-con-caetano-veloso\/","robots":"max-image-preview:large","keywords":"noticias y actualidad","webmasterTools":{"google-site-verification":"UA-38556648-1","miscellaneous":""},"schema":{"@context":"https:\/\/schema.org","@graph":[{"@type":"Article","@id":"https:\/\/eldigitaldeasturias.com\/magazine365\/julieta-venegas-quiere-cantar-con-caetano-veloso\/#article","name":"Julieta Venegas quiere cantar con Caetano Veloso | El Digital de Asturias","headline":"Julieta Venegas quiere cantar con Caetano Veloso","author":{"@id":"https:\/\/eldigitaldeasturias.com\/magazine365\/author\/admin\/#author"},"publisher":{"@id":"https:\/\/eldigitaldeasturias.com\/magazine365\/#organization"},"image":{"@type":"ImageObject","url":"https:\/\/eldigitaldeasturias.com\/magazine365\/wp-content\/uploads\/2014\/05\/Julieta-Venegas-quiere-cantar-con-Caetano-Veloso.jpg","width":650,"height":650},"datePublished":"2014-05-27T18:55:15+02:00","dateModified":"2014-05-27T18:55:15+02:00","inLanguage":"es-ES","mainEntityOfPage":{"@id":"https:\/\/eldigitaldeasturias.com\/magazine365\/julieta-venegas-quiere-cantar-con-caetano-veloso\/#webpage"},"isPartOf":{"@id":"https:\/\/eldigitaldeasturias.com\/magazine365\/julieta-venegas-quiere-cantar-con-caetano-veloso\/#webpage"},"articleSection":"Noticias y Actualidad"},{"@type":"BreadcrumbList","@id":"https:\/\/eldigitaldeasturias.com\/magazine365\/julieta-venegas-quiere-cantar-con-caetano-veloso\/#breadcrumblist","itemListElement":[{"@type":"ListItem","@id":"https:\/\/eldigitaldeasturias.com\/magazine365#listItem","position":1,"name":"Home","item":"https:\/\/eldigitaldeasturias.com\/magazine365","nextItem":{"@type":"ListItem","@id":"https:\/\/eldigitaldeasturias.com\/magazine365\/category\/noticias-actualidad\/#listItem","name":"Noticias y Actualidad"}},{"@type":"ListItem","@id":"https:\/\/eldigitaldeasturias.com\/magazine365\/category\/noticias-actualidad\/#listItem","position":2,"name":"Noticias y Actualidad","item":"https:\/\/eldigitaldeasturias.com\/magazine365\/category\/noticias-actualidad\/","nextItem":{"@type":"ListItem","@id":"https:\/\/eldigitaldeasturias.com\/magazine365\/julieta-venegas-quiere-cantar-con-caetano-veloso\/#listItem","name":"Julieta Venegas quiere cantar con Caetano Veloso"},"previousItem":{"@type":"ListItem","@id":"https:\/\/eldigitaldeasturias.com\/magazine365#listItem","name":"Home"}},{"@type":"ListItem","@id":"https:\/\/eldigitaldeasturias.com\/magazine365\/julieta-venegas-quiere-cantar-con-caetano-veloso\/#listItem","position":3,"name":"Julieta Venegas quiere cantar con Caetano Veloso","previousItem":{"@type":"ListItem","@id":"https:\/\/eldigitaldeasturias.com\/magazine365\/category\/noticias-actualidad\/#listItem","name":"Noticias y Actualidad"}}]},{"@type":"Organization","@id":"https:\/\/eldigitaldeasturias.com\/magazine365\/#organization","name":"El digital de Asturias","description":"Revista de ocio, turismo y estilo de vida","url":"https:\/\/eldigitaldeasturias.com\/magazine365\/","logo":{"@type":"ImageObject","url":"https:\/\/www.eldigitaldeasturias.com\/noticias\/wp-content\/uploads\/2020\/12\/EDA.jpg","@id":"https:\/\/eldigitaldeasturias.com\/magazine365\/julieta-venegas-quiere-cantar-con-caetano-veloso\/#organizationLogo"},"image":{"@id":"https:\/\/eldigitaldeasturias.com\/magazine365\/julieta-venegas-quiere-cantar-con-caetano-veloso\/#organizationLogo"}},{"@type":"Person","@id":"https:\/\/eldigitaldeasturias.com\/magazine365\/author\/admin\/#author","url":"https:\/\/eldigitaldeasturias.com\/magazine365\/author\/admin\/","name":"admin","image":{"@type":"ImageObject","@id":"https:\/\/eldigitaldeasturias.com\/magazine365\/julieta-venegas-quiere-cantar-con-caetano-veloso\/#authorImage","url":"https:\/\/eldigitaldeasturias.com\/magazine365\/wp-content\/litespeed\/avatar\/e571bcf59a0edd6fa6838245a470f2fe.jpg?ver=1776969259","width":96,"height":96,"caption":"admin"}},{"@type":"WebPage","@id":"https:\/\/eldigitaldeasturias.com\/magazine365\/julieta-venegas-quiere-cantar-con-caetano-veloso\/#webpage","url":"https:\/\/eldigitaldeasturias.com\/magazine365\/julieta-venegas-quiere-cantar-con-caetano-veloso\/","name":"Julieta Venegas quiere cantar con Caetano Veloso | El Digital de Asturias","description":"La artista mexicana Julieta Venegas es una de las grandes embajadoras de la m\u00fasica tradicional de su pa\u00eds en la escena internacional, pero eso no le impide so\u00f1ar con la idea de protagonizar un anhelado dueto con quien todav\u00eda se erige como uno de los artistas m\u00e1s influyentes de la cultura brasile\u00f1a: el reconocido cantautor","inLanguage":"es-ES","isPartOf":{"@id":"https:\/\/eldigitaldeasturias.com\/magazine365\/#website"},"breadcrumb":{"@id":"https:\/\/eldigitaldeasturias.com\/magazine365\/julieta-venegas-quiere-cantar-con-caetano-veloso\/#breadcrumblist"},"author":{"@id":"https:\/\/eldigitaldeasturias.com\/magazine365\/author\/admin\/#author"},"creator":{"@id":"https:\/\/eldigitaldeasturias.com\/magazine365\/author\/admin\/#author"},"image":{"@type":"ImageObject","url":"https:\/\/eldigitaldeasturias.com\/magazine365\/wp-content\/uploads\/2014\/05\/Julieta-Venegas-quiere-cantar-con-Caetano-Veloso.jpg","@id":"https:\/\/eldigitaldeasturias.com\/magazine365\/julieta-venegas-quiere-cantar-con-caetano-veloso\/#mainImage","width":650,"height":650},"primaryImageOfPage":{"@id":"https:\/\/eldigitaldeasturias.com\/magazine365\/julieta-venegas-quiere-cantar-con-caetano-veloso\/#mainImage"},"datePublished":"2014-05-27T18:55:15+02:00","dateModified":"2014-05-27T18:55:15+02:00"},{"@type":"WebSite","@id":"https:\/\/eldigitaldeasturias.com\/magazine365\/#website","url":"https:\/\/eldigitaldeasturias.com\/magazine365\/","name":"El Digital de Asturias","description":"Revista de ocio, turismo y estilo de vida","inLanguage":"es-ES","publisher":{"@id":"https:\/\/eldigitaldeasturias.com\/magazine365\/#organization"}}]},"og:locale":"es_ES","og:site_name":"El Digital de Asturias \u2013 Revista de ocio, turismo y estilo de vida","og:type":"article","og:title":"Julieta Venegas quiere cantar con Caetano Veloso | El Digital de Asturias","og:description":"La artista mexicana Julieta Venegas es una de las grandes embajadoras de la m\u00fasica tradicional de su pa\u00eds en la escena internacional, pero eso no le impide so\u00f1ar con la idea de protagonizar un anhelado dueto con quien todav\u00eda se erige como uno de los artistas m\u00e1s influyentes de la cultura brasile\u00f1a: el reconocido cantautor","og:url":"https:\/\/eldigitaldeasturias.com\/magazine365\/julieta-venegas-quiere-cantar-con-caetano-veloso\/","og:image":"https:\/\/eldigitaldeasturias.com\/magazine365\/wp-content\/uploads\/2014\/05\/Julieta-Venegas-quiere-cantar-con-Caetano-Veloso.jpg","og:image:secure_url":"https:\/\/eldigitaldeasturias.com\/magazine365\/wp-content\/uploads\/2014\/05\/Julieta-Venegas-quiere-cantar-con-Caetano-Veloso.jpg","og:image:width":650,"og:image:height":650,"article:published_time":"2014-05-27T20:55:15+00:00","article:modified_time":"2014-05-27T20:55:15+00:00","twitter:card":"summary_large_image","twitter:title":"Julieta Venegas quiere cantar con Caetano Veloso | El Digital de Asturias","twitter:description":"La artista mexicana Julieta Venegas es una de las grandes embajadoras de la m\u00fasica tradicional de su pa\u00eds en la escena internacional, pero eso no le impide so\u00f1ar con la idea de protagonizar un anhelado dueto con quien todav\u00eda se erige como uno de los artistas m\u00e1s influyentes de la cultura brasile\u00f1a: el reconocido cantautor","twitter:image":"https:\/\/eldigitaldeasturias.com\/magazine365\/wp-content\/uploads\/2014\/05\/Julieta-Venegas-quiere-cantar-con-Caetano-Veloso.jpg"},"aioseo_meta_data":{"post_id":"14031","title":null,"description":null,"keywords":null,"keyphrases":null,"primary_term":null,"canonical_url":null,"og_title":null,"og_description":null,"og_object_type":"default","og_image_type":"default","og_image_url":null,"og_image_width":null,"og_image_height":null,"og_image_custom_url":null,"og_image_custom_fields":null,"og_video":null,"og_custom_url":null,"og_article_section":null,"og_article_tags":null,"twitter_use_og":false,"twitter_card":"default","twitter_image_type":"default","twitter_image_url":null,"twitter_image_custom_url":null,"twitter_image_custom_fields":null,"twitter_title":null,"twitter_description":null,"schema":{"blockGraphs":[],"customGraphs":[],"default":{"data":{"Article":[],"Course":[],"Dataset":[],"FAQPage":[],"Movie":[],"Person":[],"Product":[],"ProductReview":[],"Car":[],"Recipe":[],"Service":[],"SoftwareApplication":[],"WebPage":[]},"graphName":"","isEnabled":true},"graphs":[],"defaultGraph":"","defaultPostTypeGraph":""},"schema_type":null,"schema_type_options":null,"pillar_content":false,"robots_default":true,"robots_noindex":false,"robots_noarchive":false,"robots_nosnippet":false,"robots_nofollow":false,"robots_noimageindex":false,"robots_noodp":false,"robots_notranslate":false,"robots_max_snippet":null,"robots_max_videopreview":null,"robots_max_imagepreview":"large","priority":null,"frequency":null,"location":null,"local_seo":null,"seo_analyzer_scan_date":"2025-09-17 09:23:10","breadcrumb_settings":null,"limit_modified_date":false,"open_ai":null,"ai":null,"created":"2021-03-09 08:20:43","updated":"2025-09-17 09:23:10"},"aioseo_breadcrumb":"<div class=\"aioseo-breadcrumbs\"><span class=\"aioseo-breadcrumb\">\n\t<a href=\"https:\/\/eldigitaldeasturias.com\/magazine365\" title=\"Home\">Home<\/a>\n<\/span><span class=\"aioseo-breadcrumb-separator\">\u2013<\/span><span class=\"aioseo-breadcrumb\">\n\t<a href=\"https:\/\/eldigitaldeasturias.com\/magazine365\/category\/noticias-actualidad\/\" title=\"Noticias y Actualidad\">Noticias y Actualidad<\/a>\n<\/span><span class=\"aioseo-breadcrumb-separator\">\u2013<\/span><span class=\"aioseo-breadcrumb\">\n\t<a href=\"https:\/\/eldigitaldeasturias.com\/magazine365\/julieta-venegas-quiere-cantar-con-caetano-veloso\/\" title=\"Julieta Venegas quiere cantar con Caetano Veloso\">Julieta Venegas quiere cantar con Caetano Veloso<\/a>\n<\/span><\/div>","aioseo_breadcrumb_json":[{"label":"Home","link":"https:\/\/eldigitaldeasturias.com\/magazine365"},{"label":"Noticias y Actualidad","link":"https:\/\/eldigitaldeasturias.com\/magazine365\/category\/noticias-actualidad\/"},{"label":"Julieta Venegas quiere cantar con Caetano Veloso","link":"https:\/\/eldigitaldeasturias.com\/magazine365\/julieta-venegas-quiere-cantar-con-caetano-veloso\/"}],"_links":{"self":[{"href":"https:\/\/eldigitaldeasturias.com\/magazine365\/wp-json\/wp\/v2\/posts\/14031","targetHints":{"allow":["GET"]}}],"collection":[{"href":"https:\/\/eldigitaldeasturias.com\/magazine365\/wp-json\/wp\/v2\/posts"}],"about":[{"href":"https:\/\/eldigitaldeasturias.com\/magazine365\/wp-json\/wp\/v2\/types\/post"}],"author":[{"embeddable":true,"href":"https:\/\/eldigitaldeasturias.com\/magazine365\/wp-json\/wp\/v2\/users\/1"}],"replies":[{"embeddable":true,"href":"https:\/\/eldigitaldeasturias.com\/magazine365\/wp-json\/wp\/v2\/comments?post=14031"}],"version-history":[{"count":0,"href":"https:\/\/eldigitaldeasturias.com\/magazine365\/wp-json\/wp\/v2\/posts\/14031\/revisions"}],"wp:featuredmedia":[{"embeddable":true,"href":"https:\/\/eldigitaldeasturias.com\/magazine365\/wp-json\/wp\/v2\/media\/14032"}],"wp:attachment":[{"href":"https:\/\/eldigitaldeasturias.com\/magazine365\/wp-json\/wp\/v2\/media?parent=14031"}],"wp:term":[{"taxonomy":"category","embeddable":true,"href":"https:\/\/eldigitaldeasturias.com\/magazine365\/wp-json\/wp\/v2\/categories?post=14031"},{"taxonomy":"post_tag","embeddable":true,"href":"https:\/\/eldigitaldeasturias.com\/magazine365\/wp-json\/wp\/v2\/tags?post=14031"}],"curies":[{"name":"wp","href":"https:\/\/api.w.org\/{rel}","templated":true}]}}