{"id":14028,"date":"2014-05-27T18:53:59","date_gmt":"2014-05-27T20:53:59","guid":{"rendered":"http:\/\/eldigitaldeasturias.com\/magazine365\/?p=14028"},"modified":"2014-05-27T18:53:59","modified_gmt":"2014-05-27T20:53:59","slug":"mila-kunis-y-ashton-kutcher-decoran-la-habitacion-de-su-bebe","status":"publish","type":"post","link":"https:\/\/eldigitaldeasturias.com\/magazine365\/mila-kunis-y-ashton-kutcher-decoran-la-habitacion-de-su-bebe\/","title":{"rendered":"Mila Kunis y Ashton Kutcher decoran la habitaci\u00f3n de su beb\u00e9"},"content":{"rendered":"<p><img fetchpriority=\"high\" decoding=\"async\" class=\"alignleft size-medium wp-image-14029\" alt=\"Ashton Kutcher and Mila Kunis watch Lakers play Suns, Los Angeles, CA\" src=\"https:\/\/eldigitaldeasturias.com\/magazine365\/wp-content\/uploads\/2014\/05\/Mila-Kunis-y-Ashton-Kutcher-decoran-la-habitaci\u00f3n-de-su-beb\u00e9-300x300.jpg\" width=\"300\" height=\"300\" srcset=\"https:\/\/eldigitaldeasturias.com\/magazine365\/wp-content\/uploads\/2014\/05\/Mila-Kunis-y-Ashton-Kutcher-decoran-la-habitaci\u00f3n-de-su-beb\u00e9-300x300.jpg 300w, https:\/\/eldigitaldeasturias.com\/magazine365\/wp-content\/uploads\/2014\/05\/Mila-Kunis-y-Ashton-Kutcher-decoran-la-habitaci\u00f3n-de-su-beb\u00e9-640x640.jpg 640w, https:\/\/eldigitaldeasturias.com\/magazine365\/wp-content\/uploads\/2014\/05\/Mila-Kunis-y-Ashton-Kutcher-decoran-la-habitaci\u00f3n-de-su-beb\u00e9-150x150.jpg 150w, https:\/\/eldigitaldeasturias.com\/magazine365\/wp-content\/uploads\/2014\/05\/Mila-Kunis-y-Ashton-Kutcher-decoran-la-habitaci\u00f3n-de-su-beb\u00e9-450x450.jpg 450w, https:\/\/eldigitaldeasturias.com\/magazine365\/wp-content\/uploads\/2014\/05\/Mila-Kunis-y-Ashton-Kutcher-decoran-la-habitaci\u00f3n-de-su-beb\u00e9-420x420.jpg 420w, https:\/\/eldigitaldeasturias.com\/magazine365\/wp-content\/uploads\/2014\/05\/Mila-Kunis-y-Ashton-Kutcher-decoran-la-habitaci\u00f3n-de-su-beb\u00e9-50x50.jpg 50w, https:\/\/eldigitaldeasturias.com\/magazine365\/wp-content\/uploads\/2014\/05\/Mila-Kunis-y-Ashton-Kutcher-decoran-la-habitaci\u00f3n-de-su-beb\u00e9.jpg 650w\" sizes=\"(max-width: 300px) 100vw, 300px\" \/>Aunque todav\u00eda les quedan varios meses por delante hasta el esperado nacimiento de su primog\u00e9nita, tanto Mila Kunis como Ashton Kutcher han querido ponerse manos a la obra cuanto antes para terminar de equipar la futura habitaci\u00f3n de su peque\u00f1a, por lo que la pareja de actores ha emprendido varias jornadas de compras en los \u00faltimos d\u00edas para hacerse con los productos de primera necesidad m\u00e1s apremiantes, entre los que destacan una cuna y un cambiador.<\/p>\n<p>\u00abMila no quiere una habitaci\u00f3n para el beb\u00e9 abarrotada de cosas innecesarias, as\u00ed que Ashton y ella van a tener mucho cuidado para no caer en la fiebre de las compras compulsivas\u00bb, asegur\u00f3 a la revista People un miembro de su c\u00edrculo cercano.<\/p>\n<p>Pese a la determinaci\u00f3n que Mila siempre ha mostrado a la hora de proteger su \u00e1mbito m\u00e1s \u00edntimo y familiar, la futura madre primeriza planea organizar una fiesta con la que celebrar entusiasmada la venida al mundo de su peque\u00f1a, por lo que habr\u00eda aprovechado sus recientes salidas por Los \u00c1ngeles para hacerse de paso con todo tipo de art\u00edculos festivos.<\/p>\n<p>\u00abSe tratar\u00e1 de una reuni\u00f3n muy privada, \u00fanicamente para la familia y para los amigos m\u00e1s cercanos\u00bb, a\u00f1adi\u00f3 la misma fuente.<\/p>\n<p>Mientras las dos estrellas se ocupan de acondicionar su hogar para que a su primera hija no le falte de nada cuando llegue en octubre, esta misma semana se hac\u00eda p\u00fablico que fue el propio Ashton el encargado de comunicar a su expareja, la tambi\u00e9n actriz Demi Moore, el embarazo de su prometida.<\/p>\n<p>\u00abDemi fue una de las primeras personas a las que Ashton llam\u00f3 al enterarse de que Mila estaba esperando su primer hijo. Aunque pueda parecer extra\u00f1o debido a lo conflictivo de su ruptura, esa era simplemente la mejor manera de que Demi no se enterara por la prensa. Ashton siempre ha sido honesto y muy sincero con ella, tambi\u00e9n era consciente de que la noticia iba a provocar un gran impacto en Demi y por eso quer\u00eda ser \u00e9l quien se lo contara todo\u00bb, concluy\u00f3.<\/p>\n","protected":false},"excerpt":{"rendered":"<p>Aunque todav\u00eda les quedan varios meses por delante hasta el esperado nacimiento de su primog\u00e9nita, tanto Mila Kunis como Ashton Kutcher han querido ponerse manos a la obra cuanto antes para terminar de equipar la futura habitaci\u00f3n de su peque\u00f1a, por lo que la pareja de actores ha emprendido varias jornadas de compras en los<\/p>\n","protected":false},"author":1,"featured_media":14029,"comment_status":"open","ping_status":"closed","sticky":false,"template":"","format":"standard","meta":{"footnotes":""},"categories":[224],"tags":[],"class_list":{"0":"post-14028","1":"post","2":"type-post","3":"status-publish","4":"format-standard","5":"has-post-thumbnail","7":"category-noticias-actualidad"},"aioseo_notices":[],"aioseo_head":"\n\t\t<!-- All in One SEO Pro 4.9.6.1 - aioseo.com -->\n\t<meta name=\"description\" content=\"Aunque todav\u00eda les quedan varios meses por delante hasta el esperado nacimiento de su primog\u00e9nita, tanto Mila Kunis como Ashton Kutcher han querido ponerse manos a la obra cuanto antes para terminar de equipar la futura habitaci\u00f3n de su peque\u00f1a, por lo que la pareja de actores ha emprendido varias jornadas de compras en los\" \/>\n\t<meta name=\"robots\" content=\"max-image-preview:large\" \/>\n\t<meta name=\"author\" content=\"admin\"\/>\n\t<meta name=\"google-site-verification\" content=\"UA-38556648-1\" \/>\n\t<meta name=\"keywords\" content=\"noticias y actualidad\" \/>\n\t<link rel=\"canonical\" href=\"https:\/\/eldigitaldeasturias.com\/magazine365\/mila-kunis-y-ashton-kutcher-decoran-la-habitacion-de-su-bebe\/\" \/>\n\t<meta name=\"generator\" content=\"All in One SEO Pro (AIOSEO) 4.9.6.1\" \/>\n\t\t<meta property=\"og:locale\" content=\"es_ES\" \/>\n\t\t<meta property=\"og:site_name\" content=\"El Digital de Asturias \u2013 Revista de ocio, turismo y estilo de vida\" \/>\n\t\t<meta property=\"og:type\" content=\"article\" \/>\n\t\t<meta property=\"og:title\" content=\"Mila Kunis y Ashton Kutcher decoran la habitaci\u00f3n de su beb\u00e9 | El Digital de Asturias\" \/>\n\t\t<meta property=\"og:description\" content=\"Aunque todav\u00eda les quedan varios meses por delante hasta el esperado nacimiento de su primog\u00e9nita, tanto Mila Kunis como Ashton Kutcher han querido ponerse manos a la obra cuanto antes para terminar de equipar la futura habitaci\u00f3n de su peque\u00f1a, por lo que la pareja de actores ha emprendido varias jornadas de compras en los\" \/>\n\t\t<meta property=\"og:url\" content=\"https:\/\/eldigitaldeasturias.com\/magazine365\/mila-kunis-y-ashton-kutcher-decoran-la-habitacion-de-su-bebe\/\" \/>\n\t\t<meta property=\"og:image\" content=\"https:\/\/eldigitaldeasturias.com\/magazine365\/wp-content\/uploads\/2014\/05\/Mila-Kunis-y-Ashton-Kutcher-decoran-la-habitaci\u00f3n-de-su-beb\u00e9.jpg\" \/>\n\t\t<meta property=\"og:image:secure_url\" content=\"https:\/\/eldigitaldeasturias.com\/magazine365\/wp-content\/uploads\/2014\/05\/Mila-Kunis-y-Ashton-Kutcher-decoran-la-habitaci\u00f3n-de-su-beb\u00e9.jpg\" \/>\n\t\t<meta property=\"og:image:width\" content=\"650\" \/>\n\t\t<meta property=\"og:image:height\" content=\"650\" \/>\n\t\t<meta property=\"article:published_time\" content=\"2014-05-27T20:53:59+00:00\" \/>\n\t\t<meta property=\"article:modified_time\" content=\"2014-05-27T20:53:59+00:00\" \/>\n\t\t<meta name=\"twitter:card\" content=\"summary_large_image\" \/>\n\t\t<meta name=\"twitter:title\" content=\"Mila Kunis y Ashton Kutcher decoran la habitaci\u00f3n de su beb\u00e9 | El Digital de Asturias\" \/>\n\t\t<meta name=\"twitter:description\" content=\"Aunque todav\u00eda les quedan varios meses por delante hasta el esperado nacimiento de su primog\u00e9nita, tanto Mila Kunis como Ashton Kutcher han querido ponerse manos a la obra cuanto antes para terminar de equipar la futura habitaci\u00f3n de su peque\u00f1a, por lo que la pareja de actores ha emprendido varias jornadas de compras en los\" \/>\n\t\t<meta name=\"twitter:image\" content=\"https:\/\/eldigitaldeasturias.com\/magazine365\/wp-content\/uploads\/2014\/05\/Mila-Kunis-y-Ashton-Kutcher-decoran-la-habitaci\u00f3n-de-su-beb\u00e9.jpg\" \/>\n\t\t<script type=\"application\/ld+json\" class=\"aioseo-schema\">\n\t\t\t{\"@context\":\"https:\\\/\\\/schema.org\",\"@graph\":[{\"@type\":\"Article\",\"@id\":\"https:\\\/\\\/eldigitaldeasturias.com\\\/magazine365\\\/mila-kunis-y-ashton-kutcher-decoran-la-habitacion-de-su-bebe\\\/#article\",\"name\":\"Mila Kunis y Ashton Kutcher decoran la habitaci\\u00f3n de su beb\\u00e9 | El Digital de Asturias\",\"headline\":\"Mila Kunis y Ashton Kutcher decoran la habitaci\\u00f3n de su beb\\u00e9\",\"author\":{\"@id\":\"https:\\\/\\\/eldigitaldeasturias.com\\\/magazine365\\\/author\\\/admin\\\/#author\"},\"publisher\":{\"@id\":\"https:\\\/\\\/eldigitaldeasturias.com\\\/magazine365\\\/#organization\"},\"image\":{\"@type\":\"ImageObject\",\"url\":\"https:\\\/\\\/eldigitaldeasturias.com\\\/magazine365\\\/wp-content\\\/uploads\\\/2014\\\/05\\\/Mila-Kunis-y-Ashton-Kutcher-decoran-la-habitaci\\u00f3n-de-su-beb\\u00e9.jpg\",\"width\":650,\"height\":650},\"datePublished\":\"2014-05-27T18:53:59+02:00\",\"dateModified\":\"2014-05-27T18:53:59+02:00\",\"inLanguage\":\"es-ES\",\"mainEntityOfPage\":{\"@id\":\"https:\\\/\\\/eldigitaldeasturias.com\\\/magazine365\\\/mila-kunis-y-ashton-kutcher-decoran-la-habitacion-de-su-bebe\\\/#webpage\"},\"isPartOf\":{\"@id\":\"https:\\\/\\\/eldigitaldeasturias.com\\\/magazine365\\\/mila-kunis-y-ashton-kutcher-decoran-la-habitacion-de-su-bebe\\\/#webpage\"},\"articleSection\":\"Noticias y Actualidad\"},{\"@type\":\"BreadcrumbList\",\"@id\":\"https:\\\/\\\/eldigitaldeasturias.com\\\/magazine365\\\/mila-kunis-y-ashton-kutcher-decoran-la-habitacion-de-su-bebe\\\/#breadcrumblist\",\"itemListElement\":[{\"@type\":\"ListItem\",\"@id\":\"https:\\\/\\\/eldigitaldeasturias.com\\\/magazine365#listItem\",\"position\":1,\"name\":\"Home\",\"item\":\"https:\\\/\\\/eldigitaldeasturias.com\\\/magazine365\",\"nextItem\":{\"@type\":\"ListItem\",\"@id\":\"https:\\\/\\\/eldigitaldeasturias.com\\\/magazine365\\\/category\\\/noticias-actualidad\\\/#listItem\",\"name\":\"Noticias y Actualidad\"}},{\"@type\":\"ListItem\",\"@id\":\"https:\\\/\\\/eldigitaldeasturias.com\\\/magazine365\\\/category\\\/noticias-actualidad\\\/#listItem\",\"position\":2,\"name\":\"Noticias y Actualidad\",\"item\":\"https:\\\/\\\/eldigitaldeasturias.com\\\/magazine365\\\/category\\\/noticias-actualidad\\\/\",\"nextItem\":{\"@type\":\"ListItem\",\"@id\":\"https:\\\/\\\/eldigitaldeasturias.com\\\/magazine365\\\/mila-kunis-y-ashton-kutcher-decoran-la-habitacion-de-su-bebe\\\/#listItem\",\"name\":\"Mila Kunis y Ashton Kutcher decoran la habitaci\\u00f3n de su beb\\u00e9\"},\"previousItem\":{\"@type\":\"ListItem\",\"@id\":\"https:\\\/\\\/eldigitaldeasturias.com\\\/magazine365#listItem\",\"name\":\"Home\"}},{\"@type\":\"ListItem\",\"@id\":\"https:\\\/\\\/eldigitaldeasturias.com\\\/magazine365\\\/mila-kunis-y-ashton-kutcher-decoran-la-habitacion-de-su-bebe\\\/#listItem\",\"position\":3,\"name\":\"Mila Kunis y Ashton Kutcher decoran la habitaci\\u00f3n de su beb\\u00e9\",\"previousItem\":{\"@type\":\"ListItem\",\"@id\":\"https:\\\/\\\/eldigitaldeasturias.com\\\/magazine365\\\/category\\\/noticias-actualidad\\\/#listItem\",\"name\":\"Noticias y Actualidad\"}}]},{\"@type\":\"Organization\",\"@id\":\"https:\\\/\\\/eldigitaldeasturias.com\\\/magazine365\\\/#organization\",\"name\":\"El digital de Asturias\",\"description\":\"Revista de ocio, turismo y estilo de vida\",\"url\":\"https:\\\/\\\/eldigitaldeasturias.com\\\/magazine365\\\/\",\"logo\":{\"@type\":\"ImageObject\",\"url\":\"https:\\\/\\\/www.eldigitaldeasturias.com\\\/noticias\\\/wp-content\\\/uploads\\\/2020\\\/12\\\/EDA.jpg\",\"@id\":\"https:\\\/\\\/eldigitaldeasturias.com\\\/magazine365\\\/mila-kunis-y-ashton-kutcher-decoran-la-habitacion-de-su-bebe\\\/#organizationLogo\"},\"image\":{\"@id\":\"https:\\\/\\\/eldigitaldeasturias.com\\\/magazine365\\\/mila-kunis-y-ashton-kutcher-decoran-la-habitacion-de-su-bebe\\\/#organizationLogo\"}},{\"@type\":\"Person\",\"@id\":\"https:\\\/\\\/eldigitaldeasturias.com\\\/magazine365\\\/author\\\/admin\\\/#author\",\"url\":\"https:\\\/\\\/eldigitaldeasturias.com\\\/magazine365\\\/author\\\/admin\\\/\",\"name\":\"admin\",\"image\":{\"@type\":\"ImageObject\",\"@id\":\"https:\\\/\\\/eldigitaldeasturias.com\\\/magazine365\\\/mila-kunis-y-ashton-kutcher-decoran-la-habitacion-de-su-bebe\\\/#authorImage\",\"url\":\"https:\\\/\\\/eldigitaldeasturias.com\\\/magazine365\\\/wp-content\\\/litespeed\\\/avatar\\\/e571bcf59a0edd6fa6838245a470f2fe.jpg?ver=1776969259\",\"width\":96,\"height\":96,\"caption\":\"admin\"}},{\"@type\":\"WebPage\",\"@id\":\"https:\\\/\\\/eldigitaldeasturias.com\\\/magazine365\\\/mila-kunis-y-ashton-kutcher-decoran-la-habitacion-de-su-bebe\\\/#webpage\",\"url\":\"https:\\\/\\\/eldigitaldeasturias.com\\\/magazine365\\\/mila-kunis-y-ashton-kutcher-decoran-la-habitacion-de-su-bebe\\\/\",\"name\":\"Mila Kunis y Ashton Kutcher decoran la habitaci\\u00f3n de su beb\\u00e9 | El Digital de Asturias\",\"description\":\"Aunque todav\\u00eda les quedan varios meses por delante hasta el esperado nacimiento de su primog\\u00e9nita, tanto Mila Kunis como Ashton Kutcher han querido ponerse manos a la obra cuanto antes para terminar de equipar la futura habitaci\\u00f3n de su peque\\u00f1a, por lo que la pareja de actores ha emprendido varias jornadas de compras en los\",\"inLanguage\":\"es-ES\",\"isPartOf\":{\"@id\":\"https:\\\/\\\/eldigitaldeasturias.com\\\/magazine365\\\/#website\"},\"breadcrumb\":{\"@id\":\"https:\\\/\\\/eldigitaldeasturias.com\\\/magazine365\\\/mila-kunis-y-ashton-kutcher-decoran-la-habitacion-de-su-bebe\\\/#breadcrumblist\"},\"author\":{\"@id\":\"https:\\\/\\\/eldigitaldeasturias.com\\\/magazine365\\\/author\\\/admin\\\/#author\"},\"creator\":{\"@id\":\"https:\\\/\\\/eldigitaldeasturias.com\\\/magazine365\\\/author\\\/admin\\\/#author\"},\"image\":{\"@type\":\"ImageObject\",\"url\":\"https:\\\/\\\/eldigitaldeasturias.com\\\/magazine365\\\/wp-content\\\/uploads\\\/2014\\\/05\\\/Mila-Kunis-y-Ashton-Kutcher-decoran-la-habitaci\\u00f3n-de-su-beb\\u00e9.jpg\",\"@id\":\"https:\\\/\\\/eldigitaldeasturias.com\\\/magazine365\\\/mila-kunis-y-ashton-kutcher-decoran-la-habitacion-de-su-bebe\\\/#mainImage\",\"width\":650,\"height\":650},\"primaryImageOfPage\":{\"@id\":\"https:\\\/\\\/eldigitaldeasturias.com\\\/magazine365\\\/mila-kunis-y-ashton-kutcher-decoran-la-habitacion-de-su-bebe\\\/#mainImage\"},\"datePublished\":\"2014-05-27T18:53:59+02:00\",\"dateModified\":\"2014-05-27T18:53:59+02:00\"},{\"@type\":\"WebSite\",\"@id\":\"https:\\\/\\\/eldigitaldeasturias.com\\\/magazine365\\\/#website\",\"url\":\"https:\\\/\\\/eldigitaldeasturias.com\\\/magazine365\\\/\",\"name\":\"El Digital de Asturias\",\"description\":\"Revista de ocio, turismo y estilo de vida\",\"inLanguage\":\"es-ES\",\"publisher\":{\"@id\":\"https:\\\/\\\/eldigitaldeasturias.com\\\/magazine365\\\/#organization\"}}]}\n\t\t<\/script>\n\t\t<!-- All in One SEO Pro -->\r\n\t\t<title>Mila Kunis y Ashton Kutcher decoran la habitaci\u00f3n de su beb\u00e9 | El Digital de Asturias<\/title>\n\n","aioseo_head_json":{"title":"Mila Kunis y Ashton Kutcher decoran la habitaci\u00f3n de su beb\u00e9 | El Digital de Asturias","description":"Aunque todav\u00eda les quedan varios meses por delante hasta el esperado nacimiento de su primog\u00e9nita, tanto Mila Kunis como Ashton Kutcher han querido ponerse manos a la obra cuanto antes para terminar de equipar la futura habitaci\u00f3n de su peque\u00f1a, por lo que la pareja de actores ha emprendido varias jornadas de compras en los","canonical_url":"https:\/\/eldigitaldeasturias.com\/magazine365\/mila-kunis-y-ashton-kutcher-decoran-la-habitacion-de-su-bebe\/","robots":"max-image-preview:large","keywords":"noticias y actualidad","webmasterTools":{"google-site-verification":"UA-38556648-1","miscellaneous":""},"schema":{"@context":"https:\/\/schema.org","@graph":[{"@type":"Article","@id":"https:\/\/eldigitaldeasturias.com\/magazine365\/mila-kunis-y-ashton-kutcher-decoran-la-habitacion-de-su-bebe\/#article","name":"Mila Kunis y Ashton Kutcher decoran la habitaci\u00f3n de su beb\u00e9 | El Digital de Asturias","headline":"Mila Kunis y Ashton Kutcher decoran la habitaci\u00f3n de su beb\u00e9","author":{"@id":"https:\/\/eldigitaldeasturias.com\/magazine365\/author\/admin\/#author"},"publisher":{"@id":"https:\/\/eldigitaldeasturias.com\/magazine365\/#organization"},"image":{"@type":"ImageObject","url":"https:\/\/eldigitaldeasturias.com\/magazine365\/wp-content\/uploads\/2014\/05\/Mila-Kunis-y-Ashton-Kutcher-decoran-la-habitaci\u00f3n-de-su-beb\u00e9.jpg","width":650,"height":650},"datePublished":"2014-05-27T18:53:59+02:00","dateModified":"2014-05-27T18:53:59+02:00","inLanguage":"es-ES","mainEntityOfPage":{"@id":"https:\/\/eldigitaldeasturias.com\/magazine365\/mila-kunis-y-ashton-kutcher-decoran-la-habitacion-de-su-bebe\/#webpage"},"isPartOf":{"@id":"https:\/\/eldigitaldeasturias.com\/magazine365\/mila-kunis-y-ashton-kutcher-decoran-la-habitacion-de-su-bebe\/#webpage"},"articleSection":"Noticias y Actualidad"},{"@type":"BreadcrumbList","@id":"https:\/\/eldigitaldeasturias.com\/magazine365\/mila-kunis-y-ashton-kutcher-decoran-la-habitacion-de-su-bebe\/#breadcrumblist","itemListElement":[{"@type":"ListItem","@id":"https:\/\/eldigitaldeasturias.com\/magazine365#listItem","position":1,"name":"Home","item":"https:\/\/eldigitaldeasturias.com\/magazine365","nextItem":{"@type":"ListItem","@id":"https:\/\/eldigitaldeasturias.com\/magazine365\/category\/noticias-actualidad\/#listItem","name":"Noticias y Actualidad"}},{"@type":"ListItem","@id":"https:\/\/eldigitaldeasturias.com\/magazine365\/category\/noticias-actualidad\/#listItem","position":2,"name":"Noticias y Actualidad","item":"https:\/\/eldigitaldeasturias.com\/magazine365\/category\/noticias-actualidad\/","nextItem":{"@type":"ListItem","@id":"https:\/\/eldigitaldeasturias.com\/magazine365\/mila-kunis-y-ashton-kutcher-decoran-la-habitacion-de-su-bebe\/#listItem","name":"Mila Kunis y Ashton Kutcher decoran la habitaci\u00f3n de su beb\u00e9"},"previousItem":{"@type":"ListItem","@id":"https:\/\/eldigitaldeasturias.com\/magazine365#listItem","name":"Home"}},{"@type":"ListItem","@id":"https:\/\/eldigitaldeasturias.com\/magazine365\/mila-kunis-y-ashton-kutcher-decoran-la-habitacion-de-su-bebe\/#listItem","position":3,"name":"Mila Kunis y Ashton Kutcher decoran la habitaci\u00f3n de su beb\u00e9","previousItem":{"@type":"ListItem","@id":"https:\/\/eldigitaldeasturias.com\/magazine365\/category\/noticias-actualidad\/#listItem","name":"Noticias y Actualidad"}}]},{"@type":"Organization","@id":"https:\/\/eldigitaldeasturias.com\/magazine365\/#organization","name":"El digital de Asturias","description":"Revista de ocio, turismo y estilo de vida","url":"https:\/\/eldigitaldeasturias.com\/magazine365\/","logo":{"@type":"ImageObject","url":"https:\/\/www.eldigitaldeasturias.com\/noticias\/wp-content\/uploads\/2020\/12\/EDA.jpg","@id":"https:\/\/eldigitaldeasturias.com\/magazine365\/mila-kunis-y-ashton-kutcher-decoran-la-habitacion-de-su-bebe\/#organizationLogo"},"image":{"@id":"https:\/\/eldigitaldeasturias.com\/magazine365\/mila-kunis-y-ashton-kutcher-decoran-la-habitacion-de-su-bebe\/#organizationLogo"}},{"@type":"Person","@id":"https:\/\/eldigitaldeasturias.com\/magazine365\/author\/admin\/#author","url":"https:\/\/eldigitaldeasturias.com\/magazine365\/author\/admin\/","name":"admin","image":{"@type":"ImageObject","@id":"https:\/\/eldigitaldeasturias.com\/magazine365\/mila-kunis-y-ashton-kutcher-decoran-la-habitacion-de-su-bebe\/#authorImage","url":"https:\/\/eldigitaldeasturias.com\/magazine365\/wp-content\/litespeed\/avatar\/e571bcf59a0edd6fa6838245a470f2fe.jpg?ver=1776969259","width":96,"height":96,"caption":"admin"}},{"@type":"WebPage","@id":"https:\/\/eldigitaldeasturias.com\/magazine365\/mila-kunis-y-ashton-kutcher-decoran-la-habitacion-de-su-bebe\/#webpage","url":"https:\/\/eldigitaldeasturias.com\/magazine365\/mila-kunis-y-ashton-kutcher-decoran-la-habitacion-de-su-bebe\/","name":"Mila Kunis y Ashton Kutcher decoran la habitaci\u00f3n de su beb\u00e9 | El Digital de Asturias","description":"Aunque todav\u00eda les quedan varios meses por delante hasta el esperado nacimiento de su primog\u00e9nita, tanto Mila Kunis como Ashton Kutcher han querido ponerse manos a la obra cuanto antes para terminar de equipar la futura habitaci\u00f3n de su peque\u00f1a, por lo que la pareja de actores ha emprendido varias jornadas de compras en los","inLanguage":"es-ES","isPartOf":{"@id":"https:\/\/eldigitaldeasturias.com\/magazine365\/#website"},"breadcrumb":{"@id":"https:\/\/eldigitaldeasturias.com\/magazine365\/mila-kunis-y-ashton-kutcher-decoran-la-habitacion-de-su-bebe\/#breadcrumblist"},"author":{"@id":"https:\/\/eldigitaldeasturias.com\/magazine365\/author\/admin\/#author"},"creator":{"@id":"https:\/\/eldigitaldeasturias.com\/magazine365\/author\/admin\/#author"},"image":{"@type":"ImageObject","url":"https:\/\/eldigitaldeasturias.com\/magazine365\/wp-content\/uploads\/2014\/05\/Mila-Kunis-y-Ashton-Kutcher-decoran-la-habitaci\u00f3n-de-su-beb\u00e9.jpg","@id":"https:\/\/eldigitaldeasturias.com\/magazine365\/mila-kunis-y-ashton-kutcher-decoran-la-habitacion-de-su-bebe\/#mainImage","width":650,"height":650},"primaryImageOfPage":{"@id":"https:\/\/eldigitaldeasturias.com\/magazine365\/mila-kunis-y-ashton-kutcher-decoran-la-habitacion-de-su-bebe\/#mainImage"},"datePublished":"2014-05-27T18:53:59+02:00","dateModified":"2014-05-27T18:53:59+02:00"},{"@type":"WebSite","@id":"https:\/\/eldigitaldeasturias.com\/magazine365\/#website","url":"https:\/\/eldigitaldeasturias.com\/magazine365\/","name":"El Digital de Asturias","description":"Revista de ocio, turismo y estilo de vida","inLanguage":"es-ES","publisher":{"@id":"https:\/\/eldigitaldeasturias.com\/magazine365\/#organization"}}]},"og:locale":"es_ES","og:site_name":"El Digital de Asturias \u2013 Revista de ocio, turismo y estilo de vida","og:type":"article","og:title":"Mila Kunis y Ashton Kutcher decoran la habitaci\u00f3n de su beb\u00e9 | El Digital de Asturias","og:description":"Aunque todav\u00eda les quedan varios meses por delante hasta el esperado nacimiento de su primog\u00e9nita, tanto Mila Kunis como Ashton Kutcher han querido ponerse manos a la obra cuanto antes para terminar de equipar la futura habitaci\u00f3n de su peque\u00f1a, por lo que la pareja de actores ha emprendido varias jornadas de compras en los","og:url":"https:\/\/eldigitaldeasturias.com\/magazine365\/mila-kunis-y-ashton-kutcher-decoran-la-habitacion-de-su-bebe\/","og:image":"https:\/\/eldigitaldeasturias.com\/magazine365\/wp-content\/uploads\/2014\/05\/Mila-Kunis-y-Ashton-Kutcher-decoran-la-habitaci\u00f3n-de-su-beb\u00e9.jpg","og:image:secure_url":"https:\/\/eldigitaldeasturias.com\/magazine365\/wp-content\/uploads\/2014\/05\/Mila-Kunis-y-Ashton-Kutcher-decoran-la-habitaci\u00f3n-de-su-beb\u00e9.jpg","og:image:width":650,"og:image:height":650,"article:published_time":"2014-05-27T20:53:59+00:00","article:modified_time":"2014-05-27T20:53:59+00:00","twitter:card":"summary_large_image","twitter:title":"Mila Kunis y Ashton Kutcher decoran la habitaci\u00f3n de su beb\u00e9 | El Digital de Asturias","twitter:description":"Aunque todav\u00eda les quedan varios meses por delante hasta el esperado nacimiento de su primog\u00e9nita, tanto Mila Kunis como Ashton Kutcher han querido ponerse manos a la obra cuanto antes para terminar de equipar la futura habitaci\u00f3n de su peque\u00f1a, por lo que la pareja de actores ha emprendido varias jornadas de compras en los","twitter:image":"https:\/\/eldigitaldeasturias.com\/magazine365\/wp-content\/uploads\/2014\/05\/Mila-Kunis-y-Ashton-Kutcher-decoran-la-habitaci\u00f3n-de-su-beb\u00e9.jpg"},"aioseo_meta_data":{"post_id":"14028","title":null,"description":null,"keywords":null,"keyphrases":null,"primary_term":null,"canonical_url":null,"og_title":null,"og_description":null,"og_object_type":"default","og_image_type":"default","og_image_url":null,"og_image_width":null,"og_image_height":null,"og_image_custom_url":null,"og_image_custom_fields":null,"og_video":null,"og_custom_url":null,"og_article_section":null,"og_article_tags":null,"twitter_use_og":false,"twitter_card":"default","twitter_image_type":"default","twitter_image_url":null,"twitter_image_custom_url":null,"twitter_image_custom_fields":null,"twitter_title":null,"twitter_description":null,"schema":{"blockGraphs":[],"customGraphs":[],"default":{"data":{"Article":[],"Course":[],"Dataset":[],"FAQPage":[],"Movie":[],"Person":[],"Product":[],"ProductReview":[],"Car":[],"Recipe":[],"Service":[],"SoftwareApplication":[],"WebPage":[]},"graphName":"","isEnabled":true},"graphs":[],"defaultGraph":"","defaultPostTypeGraph":""},"schema_type":null,"schema_type_options":null,"pillar_content":false,"robots_default":true,"robots_noindex":false,"robots_noarchive":false,"robots_nosnippet":false,"robots_nofollow":false,"robots_noimageindex":false,"robots_noodp":false,"robots_notranslate":false,"robots_max_snippet":null,"robots_max_videopreview":null,"robots_max_imagepreview":"large","priority":null,"frequency":null,"location":null,"local_seo":null,"seo_analyzer_scan_date":"2025-09-17 09:23:08","breadcrumb_settings":null,"limit_modified_date":false,"open_ai":null,"ai":null,"created":"2021-03-09 08:20:43","updated":"2025-09-17 09:23:08"},"aioseo_breadcrumb":"<div class=\"aioseo-breadcrumbs\"><span class=\"aioseo-breadcrumb\">\n\t<a href=\"https:\/\/eldigitaldeasturias.com\/magazine365\" title=\"Home\">Home<\/a>\n<\/span><span class=\"aioseo-breadcrumb-separator\">\u2013<\/span><span class=\"aioseo-breadcrumb\">\n\t<a href=\"https:\/\/eldigitaldeasturias.com\/magazine365\/category\/noticias-actualidad\/\" title=\"Noticias y Actualidad\">Noticias y Actualidad<\/a>\n<\/span><span class=\"aioseo-breadcrumb-separator\">\u2013<\/span><span class=\"aioseo-breadcrumb\">\n\t<a href=\"https:\/\/eldigitaldeasturias.com\/magazine365\/mila-kunis-y-ashton-kutcher-decoran-la-habitacion-de-su-bebe\/\" title=\"Mila Kunis y Ashton Kutcher decoran la habitaci\u00f3n de su beb\u00e9\">Mila Kunis y Ashton Kutcher decoran la habitaci\u00f3n de su beb\u00e9<\/a>\n<\/span><\/div>","aioseo_breadcrumb_json":[{"label":"Home","link":"https:\/\/eldigitaldeasturias.com\/magazine365"},{"label":"Noticias y Actualidad","link":"https:\/\/eldigitaldeasturias.com\/magazine365\/category\/noticias-actualidad\/"},{"label":"Mila Kunis y Ashton Kutcher decoran la habitaci\u00f3n de su beb\u00e9","link":"https:\/\/eldigitaldeasturias.com\/magazine365\/mila-kunis-y-ashton-kutcher-decoran-la-habitacion-de-su-bebe\/"}],"_links":{"self":[{"href":"https:\/\/eldigitaldeasturias.com\/magazine365\/wp-json\/wp\/v2\/posts\/14028","targetHints":{"allow":["GET"]}}],"collection":[{"href":"https:\/\/eldigitaldeasturias.com\/magazine365\/wp-json\/wp\/v2\/posts"}],"about":[{"href":"https:\/\/eldigitaldeasturias.com\/magazine365\/wp-json\/wp\/v2\/types\/post"}],"author":[{"embeddable":true,"href":"https:\/\/eldigitaldeasturias.com\/magazine365\/wp-json\/wp\/v2\/users\/1"}],"replies":[{"embeddable":true,"href":"https:\/\/eldigitaldeasturias.com\/magazine365\/wp-json\/wp\/v2\/comments?post=14028"}],"version-history":[{"count":0,"href":"https:\/\/eldigitaldeasturias.com\/magazine365\/wp-json\/wp\/v2\/posts\/14028\/revisions"}],"wp:featuredmedia":[{"embeddable":true,"href":"https:\/\/eldigitaldeasturias.com\/magazine365\/wp-json\/wp\/v2\/media\/14029"}],"wp:attachment":[{"href":"https:\/\/eldigitaldeasturias.com\/magazine365\/wp-json\/wp\/v2\/media?parent=14028"}],"wp:term":[{"taxonomy":"category","embeddable":true,"href":"https:\/\/eldigitaldeasturias.com\/magazine365\/wp-json\/wp\/v2\/categories?post=14028"},{"taxonomy":"post_tag","embeddable":true,"href":"https:\/\/eldigitaldeasturias.com\/magazine365\/wp-json\/wp\/v2\/tags?post=14028"}],"curies":[{"name":"wp","href":"https:\/\/api.w.org\/{rel}","templated":true}]}}