{"id":14015,"date":"2014-05-27T04:03:20","date_gmt":"2014-05-27T06:03:20","guid":{"rendered":"http:\/\/eldigitaldeasturias.com\/magazine365\/?p=14015"},"modified":"2014-05-27T04:03:20","modified_gmt":"2014-05-27T06:03:20","slug":"un-baul-azul-en-una-buhardilla-guardo-la-gran-historia-de-amor-de-ruben-dario","status":"publish","type":"post","link":"https:\/\/eldigitaldeasturias.com\/magazine365\/un-baul-azul-en-una-buhardilla-guardo-la-gran-historia-de-amor-de-ruben-dario\/","title":{"rendered":"Un ba\u00fal azul en una buhardilla guard\u00f3 la gran historia de amor de Rub\u00e9n Dar\u00edo"},"content":{"rendered":"<p><img fetchpriority=\"high\" decoding=\"async\" class=\"alignleft size-medium wp-image-14016\" alt=\"6303200w\" src=\"https:\/\/eldigitaldeasturias.com\/magazine365\/wp-content\/uploads\/2014\/05\/6303200w-211x300.jpg\" width=\"211\" height=\"300\" srcset=\"https:\/\/eldigitaldeasturias.com\/magazine365\/wp-content\/uploads\/2014\/05\/6303200w-211x300.jpg 211w, https:\/\/eldigitaldeasturias.com\/magazine365\/wp-content\/uploads\/2014\/05\/6303200w-451x640.jpg 451w, https:\/\/eldigitaldeasturias.com\/magazine365\/wp-content\/uploads\/2014\/05\/6303200w-150x213.jpg 150w, https:\/\/eldigitaldeasturias.com\/magazine365\/wp-content\/uploads\/2014\/05\/6303200w-450x638.jpg 450w, https:\/\/eldigitaldeasturias.com\/magazine365\/wp-content\/uploads\/2014\/05\/6303200w-696x987.jpg 696w, https:\/\/eldigitaldeasturias.com\/magazine365\/wp-content\/uploads\/2014\/05\/6303200w-296x420.jpg 296w, https:\/\/eldigitaldeasturias.com\/magazine365\/wp-content\/uploads\/2014\/05\/6303200w.jpg 700w\" sizes=\"(max-width: 211px) 100vw, 211px\" \/>Madrid, 26 may (EFE).- Un ba\u00fal azul permaneci\u00f3 durante a\u00f1os en la buhardilla de la casa en la que vivi\u00f3 su infancia Rosa Villacast\u00edn, en el que su abuela guardaba 17 a\u00f1os de su vida, los que comparti\u00f3 con el poeta Rub\u00e9n Dar\u00edo y que ahora la periodista ha novelado en un homenaje a una mujer \u00abmuy valiente\u00bb que salt\u00f3 barreras por amor.<\/p>\n<p>\u00ab\u00bfQui\u00e9n es ese se\u00f1or, Rub\u00e9n Dar\u00edo?\u00bb, recuerda Rosa Villacast\u00edn que pregunt\u00f3 a su abuela cuando ten\u00eda nueve a\u00f1os y comenz\u00f3 a escuchar su nombre, a lo que ella, Francisca S\u00e1nchez, contest\u00f3: \u00abha sido el gran amor de mi vida\u00bb.<\/p>\n<p>El ba\u00fal azul conten\u00eda cerca de 5.000 documentos entre cartas, objetos y manuscritos que Francisca S\u00e1nchez conservaba de su vida con el poeta nicarag\u00fcense, el \u00abPr\u00edncipe de las letras\u00bb que la convirti\u00f3 en \u00abla princesa Paca\u00bb, como fue conocida por los amigos del escritor en la bohemia parisina y madrile\u00f1a de la \u00e9poca.<\/p>\n<p>Estos documentos, que fueron cedidos por Francisca S\u00e1nchez al Estado espa\u00f1ol, fueron catalogados por Rosa Villacast\u00edn en los a\u00f1os ochenta y han servido de base para la novela \u00abLa princesa Paca\u00bb, editada por Plaza &amp; Jan\u00e9s, de la que la periodista es coautora junto al novelista, poeta, guionista, cr\u00edtico literario y dramaturgo Manuel Francisco Reina.<\/p>\n<p>Era un libro \u00abque ten\u00eda que escribir, es un homenaje a mi abuela porque moralmente todo lo que soy se lo debo a ella\u00bb, asegura Villacast\u00edn en una entrevista con Efe, en la que recuerda a su abuela como una mujer \u00abmuy valiente, que salt\u00f3 barreras\u00bb porque Rub\u00e9n Dar\u00edo era \u00abel amor de su vida\u00bb.<\/p>\n<p>Y es que Francisca S\u00e1nchez, una mujer humilde, analfabeta e hija de un jardinero del Palacio Real de Madrid, conoci\u00f3 a Rub\u00e9n Dar\u00edo un d\u00eda de 1899 en el que este paseaba por la zona acompa\u00f1ado de Valle-Incl\u00e1n. El nicarag\u00fcense, entonces corresponsal del peri\u00f3dico La Naci\u00f3n, se enamor\u00f3 perdidamente de la joven, al igual que ella de \u00e9l.<\/p>\n<p>Pero Rub\u00e9n Dar\u00edo, explica la periodista, se encontraba casado con una compatriota, una mujer con la que hab\u00eda contra\u00eddo matrimonio durante una borrachera y que le enga\u00f1\u00f3 y no le concedi\u00f3 la nulidad para poderse unir a Francisca, con la que tuvo cuatro hijos, de los que s\u00f3lo sobrevivi\u00f3 uno.<\/p>\n<p>\u00abMi abuela dio un hogar a Rub\u00e9n Dar\u00edo, el que no hab\u00eda tenido hasta entonces\u00bb, se\u00f1ala Villacast\u00edn, que explica que para Francisca, su relaci\u00f3n con el poeta fue \u00abun cuento de hadas\u00bb: \u00abven\u00eda de una familia muy humilde y conoci\u00f3 a un hombre que era tan ex\u00f3tico..\u00bb, aprendi\u00f3 a leer y a escribir de la mano del poeta y de la de su amigo Amado Nervo.<\/p>\n<p>Rosa Villacast\u00edn, que recuerda tambi\u00e9n la amistad que uni\u00f3 a Francisca con Leonor, la mujer de Antonio Machado, a los que ayudaron durante su estancia en Par\u00eds, asegura que con esta novela tambi\u00e9n quiere hacer un reconocimiento \u00abal papel de las mujeres que han estado y est\u00e1n al lado de hombres importantes\u00bb.<\/p>\n<p>Antonio y Manuel Machado, Miguel de Unamuno o Amado Nervo fueron algunos de los escritores que visitaron la casa en Par\u00eds de la pareja, que tambi\u00e9n vivi\u00f3 en Madrid, M\u00e1laga y Barcelona, entre otras ciudades.<\/p>\n<p>Sin su abuela, Rub\u00e9n Dar\u00edo, que falleci\u00f3 de cirrosis a los 48 a\u00f1os en Nicaragua, lejos de su amada, habr\u00eda muerto mucho antes ya que beb\u00eda mucho, recuerda Villacast\u00edn, que explica que los cuatro testamentos que hab\u00eda del poeta estaban a nombre de Francisca.<\/p>\n<p>\u00abCuando me muera vas a poder comulgar\u00bb le escribi\u00f3 el poeta a Francisca.<\/p>\n<p>El ba\u00fal azul acompa\u00f1\u00f3 a Francisca en todos sus viajes porque \u00abera su vida\u00bb y acab\u00f3 en la buhardilla de la casa de \u00c1vila en la que vivi\u00f3 con su pareja posterior, su marido, el abuelo de Rosa Villacast\u00edn, un hombre muy culto que admiraba a Rub\u00e9n Dar\u00edo.<\/p>\n<p>Su abuela fue siempre reacia a abrir el ba\u00fal y no lo hizo hasta que la tambi\u00e9n poeta Carmen Conde la visit\u00f3 en su casa junto con su marido y le dijo: \u00abFrancisca, s\u00f3lo venimos a acompa\u00f1arle\u00bb, frase que hac\u00eda referencia al poema que Dar\u00edo le dedic\u00f3 y que acababa con el verso \u00abFrancisca S\u00e1nchez, acomp\u00e1\u00f1ame\u00bb.<\/p>\n","protected":false},"excerpt":{"rendered":"<p>Madrid, 26 may (EFE).- Un ba\u00fal azul permaneci\u00f3 durante a\u00f1os en la buhardilla de la casa en la que vivi\u00f3 su infancia Rosa Villacast\u00edn, en el que su abuela guardaba 17 a\u00f1os de su vida, los que comparti\u00f3 con el poeta Rub\u00e9n Dar\u00edo y que ahora la periodista ha novelado en un homenaje a una<\/p>\n","protected":false},"author":1,"featured_media":14016,"comment_status":"open","ping_status":"closed","sticky":false,"template":"","format":"standard","meta":{"footnotes":""},"categories":[224],"tags":[],"class_list":{"0":"post-14015","1":"post","2":"type-post","3":"status-publish","4":"format-standard","5":"has-post-thumbnail","7":"category-noticias-actualidad"},"aioseo_notices":[],"aioseo_head":"\n\t\t<!-- All in One SEO Pro 4.9.6.1 - aioseo.com -->\n\t<meta name=\"description\" content=\"Madrid, 26 may (EFE).- Un ba\u00fal azul permaneci\u00f3 durante a\u00f1os en la buhardilla de la casa en la que vivi\u00f3 su infancia Rosa Villacast\u00edn, en el que su abuela guardaba 17 a\u00f1os de su vida, los que comparti\u00f3 con el poeta Rub\u00e9n Dar\u00edo y que ahora la periodista ha novelado en un homenaje a una\" \/>\n\t<meta name=\"robots\" content=\"max-image-preview:large\" \/>\n\t<meta name=\"author\" content=\"admin\"\/>\n\t<meta name=\"google-site-verification\" content=\"UA-38556648-1\" \/>\n\t<meta name=\"keywords\" content=\"noticias y actualidad\" \/>\n\t<link rel=\"canonical\" href=\"https:\/\/eldigitaldeasturias.com\/magazine365\/un-baul-azul-en-una-buhardilla-guardo-la-gran-historia-de-amor-de-ruben-dario\/\" \/>\n\t<meta name=\"generator\" content=\"All in One SEO Pro (AIOSEO) 4.9.6.1\" \/>\n\t\t<meta property=\"og:locale\" content=\"es_ES\" \/>\n\t\t<meta property=\"og:site_name\" content=\"El Digital de Asturias \u2013 Revista de ocio, turismo y estilo de vida\" \/>\n\t\t<meta property=\"og:type\" content=\"article\" \/>\n\t\t<meta property=\"og:title\" content=\"Un ba\u00fal azul en una buhardilla guard\u00f3 la gran historia de amor de Rub\u00e9n Dar\u00edo | El Digital de Asturias\" \/>\n\t\t<meta property=\"og:description\" content=\"Madrid, 26 may (EFE).- Un ba\u00fal azul permaneci\u00f3 durante a\u00f1os en la buhardilla de la casa en la que vivi\u00f3 su infancia Rosa Villacast\u00edn, en el que su abuela guardaba 17 a\u00f1os de su vida, los que comparti\u00f3 con el poeta Rub\u00e9n Dar\u00edo y que ahora la periodista ha novelado en un homenaje a una\" \/>\n\t\t<meta property=\"og:url\" content=\"https:\/\/eldigitaldeasturias.com\/magazine365\/un-baul-azul-en-una-buhardilla-guardo-la-gran-historia-de-amor-de-ruben-dario\/\" \/>\n\t\t<meta property=\"og:image\" content=\"https:\/\/eldigitaldeasturias.com\/magazine365\/wp-content\/uploads\/2014\/05\/6303200w.jpg\" \/>\n\t\t<meta property=\"og:image:secure_url\" content=\"https:\/\/eldigitaldeasturias.com\/magazine365\/wp-content\/uploads\/2014\/05\/6303200w.jpg\" \/>\n\t\t<meta property=\"og:image:width\" content=\"700\" \/>\n\t\t<meta property=\"og:image:height\" content=\"993\" \/>\n\t\t<meta property=\"article:published_time\" content=\"2014-05-27T06:03:20+00:00\" \/>\n\t\t<meta property=\"article:modified_time\" content=\"2014-05-27T06:03:20+00:00\" \/>\n\t\t<meta name=\"twitter:card\" content=\"summary_large_image\" \/>\n\t\t<meta name=\"twitter:title\" content=\"Un ba\u00fal azul en una buhardilla guard\u00f3 la gran historia de amor de Rub\u00e9n Dar\u00edo | El Digital de Asturias\" \/>\n\t\t<meta name=\"twitter:description\" content=\"Madrid, 26 may (EFE).- Un ba\u00fal azul permaneci\u00f3 durante a\u00f1os en la buhardilla de la casa en la que vivi\u00f3 su infancia Rosa Villacast\u00edn, en el que su abuela guardaba 17 a\u00f1os de su vida, los que comparti\u00f3 con el poeta Rub\u00e9n Dar\u00edo y que ahora la periodista ha novelado en un homenaje a una\" \/>\n\t\t<meta name=\"twitter:image\" content=\"https:\/\/eldigitaldeasturias.com\/magazine365\/wp-content\/uploads\/2014\/05\/6303200w.jpg\" \/>\n\t\t<script type=\"application\/ld+json\" class=\"aioseo-schema\">\n\t\t\t{\"@context\":\"https:\\\/\\\/schema.org\",\"@graph\":[{\"@type\":\"Article\",\"@id\":\"https:\\\/\\\/eldigitaldeasturias.com\\\/magazine365\\\/un-baul-azul-en-una-buhardilla-guardo-la-gran-historia-de-amor-de-ruben-dario\\\/#article\",\"name\":\"Un ba\\u00fal azul en una buhardilla guard\\u00f3 la gran historia de amor de Rub\\u00e9n Dar\\u00edo | El Digital de Asturias\",\"headline\":\"Un ba\\u00fal azul en una buhardilla guard\\u00f3 la gran historia de amor de Rub\\u00e9n Dar\\u00edo\",\"author\":{\"@id\":\"https:\\\/\\\/eldigitaldeasturias.com\\\/magazine365\\\/author\\\/admin\\\/#author\"},\"publisher\":{\"@id\":\"https:\\\/\\\/eldigitaldeasturias.com\\\/magazine365\\\/#organization\"},\"image\":{\"@type\":\"ImageObject\",\"url\":\"https:\\\/\\\/eldigitaldeasturias.com\\\/magazine365\\\/wp-content\\\/uploads\\\/2014\\\/05\\\/6303200w.jpg\",\"width\":700,\"height\":993},\"datePublished\":\"2014-05-27T04:03:20+02:00\",\"dateModified\":\"2014-05-27T04:03:20+02:00\",\"inLanguage\":\"es-ES\",\"mainEntityOfPage\":{\"@id\":\"https:\\\/\\\/eldigitaldeasturias.com\\\/magazine365\\\/un-baul-azul-en-una-buhardilla-guardo-la-gran-historia-de-amor-de-ruben-dario\\\/#webpage\"},\"isPartOf\":{\"@id\":\"https:\\\/\\\/eldigitaldeasturias.com\\\/magazine365\\\/un-baul-azul-en-una-buhardilla-guardo-la-gran-historia-de-amor-de-ruben-dario\\\/#webpage\"},\"articleSection\":\"Noticias y Actualidad\"},{\"@type\":\"BreadcrumbList\",\"@id\":\"https:\\\/\\\/eldigitaldeasturias.com\\\/magazine365\\\/un-baul-azul-en-una-buhardilla-guardo-la-gran-historia-de-amor-de-ruben-dario\\\/#breadcrumblist\",\"itemListElement\":[{\"@type\":\"ListItem\",\"@id\":\"https:\\\/\\\/eldigitaldeasturias.com\\\/magazine365#listItem\",\"position\":1,\"name\":\"Home\",\"item\":\"https:\\\/\\\/eldigitaldeasturias.com\\\/magazine365\",\"nextItem\":{\"@type\":\"ListItem\",\"@id\":\"https:\\\/\\\/eldigitaldeasturias.com\\\/magazine365\\\/category\\\/noticias-actualidad\\\/#listItem\",\"name\":\"Noticias y Actualidad\"}},{\"@type\":\"ListItem\",\"@id\":\"https:\\\/\\\/eldigitaldeasturias.com\\\/magazine365\\\/category\\\/noticias-actualidad\\\/#listItem\",\"position\":2,\"name\":\"Noticias y Actualidad\",\"item\":\"https:\\\/\\\/eldigitaldeasturias.com\\\/magazine365\\\/category\\\/noticias-actualidad\\\/\",\"nextItem\":{\"@type\":\"ListItem\",\"@id\":\"https:\\\/\\\/eldigitaldeasturias.com\\\/magazine365\\\/un-baul-azul-en-una-buhardilla-guardo-la-gran-historia-de-amor-de-ruben-dario\\\/#listItem\",\"name\":\"Un ba\\u00fal azul en una buhardilla guard\\u00f3 la gran historia de amor de Rub\\u00e9n Dar\\u00edo\"},\"previousItem\":{\"@type\":\"ListItem\",\"@id\":\"https:\\\/\\\/eldigitaldeasturias.com\\\/magazine365#listItem\",\"name\":\"Home\"}},{\"@type\":\"ListItem\",\"@id\":\"https:\\\/\\\/eldigitaldeasturias.com\\\/magazine365\\\/un-baul-azul-en-una-buhardilla-guardo-la-gran-historia-de-amor-de-ruben-dario\\\/#listItem\",\"position\":3,\"name\":\"Un ba\\u00fal azul en una buhardilla guard\\u00f3 la gran historia de amor de Rub\\u00e9n Dar\\u00edo\",\"previousItem\":{\"@type\":\"ListItem\",\"@id\":\"https:\\\/\\\/eldigitaldeasturias.com\\\/magazine365\\\/category\\\/noticias-actualidad\\\/#listItem\",\"name\":\"Noticias y Actualidad\"}}]},{\"@type\":\"Organization\",\"@id\":\"https:\\\/\\\/eldigitaldeasturias.com\\\/magazine365\\\/#organization\",\"name\":\"El digital de Asturias\",\"description\":\"Revista de ocio, turismo y estilo de vida\",\"url\":\"https:\\\/\\\/eldigitaldeasturias.com\\\/magazine365\\\/\",\"logo\":{\"@type\":\"ImageObject\",\"url\":\"https:\\\/\\\/www.eldigitaldeasturias.com\\\/noticias\\\/wp-content\\\/uploads\\\/2020\\\/12\\\/EDA.jpg\",\"@id\":\"https:\\\/\\\/eldigitaldeasturias.com\\\/magazine365\\\/un-baul-azul-en-una-buhardilla-guardo-la-gran-historia-de-amor-de-ruben-dario\\\/#organizationLogo\"},\"image\":{\"@id\":\"https:\\\/\\\/eldigitaldeasturias.com\\\/magazine365\\\/un-baul-azul-en-una-buhardilla-guardo-la-gran-historia-de-amor-de-ruben-dario\\\/#organizationLogo\"}},{\"@type\":\"Person\",\"@id\":\"https:\\\/\\\/eldigitaldeasturias.com\\\/magazine365\\\/author\\\/admin\\\/#author\",\"url\":\"https:\\\/\\\/eldigitaldeasturias.com\\\/magazine365\\\/author\\\/admin\\\/\",\"name\":\"admin\",\"image\":{\"@type\":\"ImageObject\",\"@id\":\"https:\\\/\\\/eldigitaldeasturias.com\\\/magazine365\\\/un-baul-azul-en-una-buhardilla-guardo-la-gran-historia-de-amor-de-ruben-dario\\\/#authorImage\",\"url\":\"https:\\\/\\\/eldigitaldeasturias.com\\\/magazine365\\\/wp-content\\\/litespeed\\\/avatar\\\/e571bcf59a0edd6fa6838245a470f2fe.jpg?ver=1776969259\",\"width\":96,\"height\":96,\"caption\":\"admin\"}},{\"@type\":\"WebPage\",\"@id\":\"https:\\\/\\\/eldigitaldeasturias.com\\\/magazine365\\\/un-baul-azul-en-una-buhardilla-guardo-la-gran-historia-de-amor-de-ruben-dario\\\/#webpage\",\"url\":\"https:\\\/\\\/eldigitaldeasturias.com\\\/magazine365\\\/un-baul-azul-en-una-buhardilla-guardo-la-gran-historia-de-amor-de-ruben-dario\\\/\",\"name\":\"Un ba\\u00fal azul en una buhardilla guard\\u00f3 la gran historia de amor de Rub\\u00e9n Dar\\u00edo | El Digital de Asturias\",\"description\":\"Madrid, 26 may (EFE).- Un ba\\u00fal azul permaneci\\u00f3 durante a\\u00f1os en la buhardilla de la casa en la que vivi\\u00f3 su infancia Rosa Villacast\\u00edn, en el que su abuela guardaba 17 a\\u00f1os de su vida, los que comparti\\u00f3 con el poeta Rub\\u00e9n Dar\\u00edo y que ahora la periodista ha novelado en un homenaje a una\",\"inLanguage\":\"es-ES\",\"isPartOf\":{\"@id\":\"https:\\\/\\\/eldigitaldeasturias.com\\\/magazine365\\\/#website\"},\"breadcrumb\":{\"@id\":\"https:\\\/\\\/eldigitaldeasturias.com\\\/magazine365\\\/un-baul-azul-en-una-buhardilla-guardo-la-gran-historia-de-amor-de-ruben-dario\\\/#breadcrumblist\"},\"author\":{\"@id\":\"https:\\\/\\\/eldigitaldeasturias.com\\\/magazine365\\\/author\\\/admin\\\/#author\"},\"creator\":{\"@id\":\"https:\\\/\\\/eldigitaldeasturias.com\\\/magazine365\\\/author\\\/admin\\\/#author\"},\"image\":{\"@type\":\"ImageObject\",\"url\":\"https:\\\/\\\/eldigitaldeasturias.com\\\/magazine365\\\/wp-content\\\/uploads\\\/2014\\\/05\\\/6303200w.jpg\",\"@id\":\"https:\\\/\\\/eldigitaldeasturias.com\\\/magazine365\\\/un-baul-azul-en-una-buhardilla-guardo-la-gran-historia-de-amor-de-ruben-dario\\\/#mainImage\",\"width\":700,\"height\":993},\"primaryImageOfPage\":{\"@id\":\"https:\\\/\\\/eldigitaldeasturias.com\\\/magazine365\\\/un-baul-azul-en-una-buhardilla-guardo-la-gran-historia-de-amor-de-ruben-dario\\\/#mainImage\"},\"datePublished\":\"2014-05-27T04:03:20+02:00\",\"dateModified\":\"2014-05-27T04:03:20+02:00\"},{\"@type\":\"WebSite\",\"@id\":\"https:\\\/\\\/eldigitaldeasturias.com\\\/magazine365\\\/#website\",\"url\":\"https:\\\/\\\/eldigitaldeasturias.com\\\/magazine365\\\/\",\"name\":\"El Digital de Asturias\",\"description\":\"Revista de ocio, turismo y estilo de vida\",\"inLanguage\":\"es-ES\",\"publisher\":{\"@id\":\"https:\\\/\\\/eldigitaldeasturias.com\\\/magazine365\\\/#organization\"}}]}\n\t\t<\/script>\n\t\t<!-- All in One SEO Pro -->\r\n\t\t<title>Un ba\u00fal azul en una buhardilla guard\u00f3 la gran historia de amor de Rub\u00e9n Dar\u00edo | El Digital de Asturias<\/title>\n\n","aioseo_head_json":{"title":"Un ba\u00fal azul en una buhardilla guard\u00f3 la gran historia de amor de Rub\u00e9n Dar\u00edo | El Digital de Asturias","description":"Madrid, 26 may (EFE).- Un ba\u00fal azul permaneci\u00f3 durante a\u00f1os en la buhardilla de la casa en la que vivi\u00f3 su infancia Rosa Villacast\u00edn, en el que su abuela guardaba 17 a\u00f1os de su vida, los que comparti\u00f3 con el poeta Rub\u00e9n Dar\u00edo y que ahora la periodista ha novelado en un homenaje a una","canonical_url":"https:\/\/eldigitaldeasturias.com\/magazine365\/un-baul-azul-en-una-buhardilla-guardo-la-gran-historia-de-amor-de-ruben-dario\/","robots":"max-image-preview:large","keywords":"noticias y actualidad","webmasterTools":{"google-site-verification":"UA-38556648-1","miscellaneous":""},"schema":{"@context":"https:\/\/schema.org","@graph":[{"@type":"Article","@id":"https:\/\/eldigitaldeasturias.com\/magazine365\/un-baul-azul-en-una-buhardilla-guardo-la-gran-historia-de-amor-de-ruben-dario\/#article","name":"Un ba\u00fal azul en una buhardilla guard\u00f3 la gran historia de amor de Rub\u00e9n Dar\u00edo | El Digital de Asturias","headline":"Un ba\u00fal azul en una buhardilla guard\u00f3 la gran historia de amor de Rub\u00e9n Dar\u00edo","author":{"@id":"https:\/\/eldigitaldeasturias.com\/magazine365\/author\/admin\/#author"},"publisher":{"@id":"https:\/\/eldigitaldeasturias.com\/magazine365\/#organization"},"image":{"@type":"ImageObject","url":"https:\/\/eldigitaldeasturias.com\/magazine365\/wp-content\/uploads\/2014\/05\/6303200w.jpg","width":700,"height":993},"datePublished":"2014-05-27T04:03:20+02:00","dateModified":"2014-05-27T04:03:20+02:00","inLanguage":"es-ES","mainEntityOfPage":{"@id":"https:\/\/eldigitaldeasturias.com\/magazine365\/un-baul-azul-en-una-buhardilla-guardo-la-gran-historia-de-amor-de-ruben-dario\/#webpage"},"isPartOf":{"@id":"https:\/\/eldigitaldeasturias.com\/magazine365\/un-baul-azul-en-una-buhardilla-guardo-la-gran-historia-de-amor-de-ruben-dario\/#webpage"},"articleSection":"Noticias y Actualidad"},{"@type":"BreadcrumbList","@id":"https:\/\/eldigitaldeasturias.com\/magazine365\/un-baul-azul-en-una-buhardilla-guardo-la-gran-historia-de-amor-de-ruben-dario\/#breadcrumblist","itemListElement":[{"@type":"ListItem","@id":"https:\/\/eldigitaldeasturias.com\/magazine365#listItem","position":1,"name":"Home","item":"https:\/\/eldigitaldeasturias.com\/magazine365","nextItem":{"@type":"ListItem","@id":"https:\/\/eldigitaldeasturias.com\/magazine365\/category\/noticias-actualidad\/#listItem","name":"Noticias y Actualidad"}},{"@type":"ListItem","@id":"https:\/\/eldigitaldeasturias.com\/magazine365\/category\/noticias-actualidad\/#listItem","position":2,"name":"Noticias y Actualidad","item":"https:\/\/eldigitaldeasturias.com\/magazine365\/category\/noticias-actualidad\/","nextItem":{"@type":"ListItem","@id":"https:\/\/eldigitaldeasturias.com\/magazine365\/un-baul-azul-en-una-buhardilla-guardo-la-gran-historia-de-amor-de-ruben-dario\/#listItem","name":"Un ba\u00fal azul en una buhardilla guard\u00f3 la gran historia de amor de Rub\u00e9n Dar\u00edo"},"previousItem":{"@type":"ListItem","@id":"https:\/\/eldigitaldeasturias.com\/magazine365#listItem","name":"Home"}},{"@type":"ListItem","@id":"https:\/\/eldigitaldeasturias.com\/magazine365\/un-baul-azul-en-una-buhardilla-guardo-la-gran-historia-de-amor-de-ruben-dario\/#listItem","position":3,"name":"Un ba\u00fal azul en una buhardilla guard\u00f3 la gran historia de amor de Rub\u00e9n Dar\u00edo","previousItem":{"@type":"ListItem","@id":"https:\/\/eldigitaldeasturias.com\/magazine365\/category\/noticias-actualidad\/#listItem","name":"Noticias y Actualidad"}}]},{"@type":"Organization","@id":"https:\/\/eldigitaldeasturias.com\/magazine365\/#organization","name":"El digital de Asturias","description":"Revista de ocio, turismo y estilo de vida","url":"https:\/\/eldigitaldeasturias.com\/magazine365\/","logo":{"@type":"ImageObject","url":"https:\/\/www.eldigitaldeasturias.com\/noticias\/wp-content\/uploads\/2020\/12\/EDA.jpg","@id":"https:\/\/eldigitaldeasturias.com\/magazine365\/un-baul-azul-en-una-buhardilla-guardo-la-gran-historia-de-amor-de-ruben-dario\/#organizationLogo"},"image":{"@id":"https:\/\/eldigitaldeasturias.com\/magazine365\/un-baul-azul-en-una-buhardilla-guardo-la-gran-historia-de-amor-de-ruben-dario\/#organizationLogo"}},{"@type":"Person","@id":"https:\/\/eldigitaldeasturias.com\/magazine365\/author\/admin\/#author","url":"https:\/\/eldigitaldeasturias.com\/magazine365\/author\/admin\/","name":"admin","image":{"@type":"ImageObject","@id":"https:\/\/eldigitaldeasturias.com\/magazine365\/un-baul-azul-en-una-buhardilla-guardo-la-gran-historia-de-amor-de-ruben-dario\/#authorImage","url":"https:\/\/eldigitaldeasturias.com\/magazine365\/wp-content\/litespeed\/avatar\/e571bcf59a0edd6fa6838245a470f2fe.jpg?ver=1776969259","width":96,"height":96,"caption":"admin"}},{"@type":"WebPage","@id":"https:\/\/eldigitaldeasturias.com\/magazine365\/un-baul-azul-en-una-buhardilla-guardo-la-gran-historia-de-amor-de-ruben-dario\/#webpage","url":"https:\/\/eldigitaldeasturias.com\/magazine365\/un-baul-azul-en-una-buhardilla-guardo-la-gran-historia-de-amor-de-ruben-dario\/","name":"Un ba\u00fal azul en una buhardilla guard\u00f3 la gran historia de amor de Rub\u00e9n Dar\u00edo | El Digital de Asturias","description":"Madrid, 26 may (EFE).- Un ba\u00fal azul permaneci\u00f3 durante a\u00f1os en la buhardilla de la casa en la que vivi\u00f3 su infancia Rosa Villacast\u00edn, en el que su abuela guardaba 17 a\u00f1os de su vida, los que comparti\u00f3 con el poeta Rub\u00e9n Dar\u00edo y que ahora la periodista ha novelado en un homenaje a una","inLanguage":"es-ES","isPartOf":{"@id":"https:\/\/eldigitaldeasturias.com\/magazine365\/#website"},"breadcrumb":{"@id":"https:\/\/eldigitaldeasturias.com\/magazine365\/un-baul-azul-en-una-buhardilla-guardo-la-gran-historia-de-amor-de-ruben-dario\/#breadcrumblist"},"author":{"@id":"https:\/\/eldigitaldeasturias.com\/magazine365\/author\/admin\/#author"},"creator":{"@id":"https:\/\/eldigitaldeasturias.com\/magazine365\/author\/admin\/#author"},"image":{"@type":"ImageObject","url":"https:\/\/eldigitaldeasturias.com\/magazine365\/wp-content\/uploads\/2014\/05\/6303200w.jpg","@id":"https:\/\/eldigitaldeasturias.com\/magazine365\/un-baul-azul-en-una-buhardilla-guardo-la-gran-historia-de-amor-de-ruben-dario\/#mainImage","width":700,"height":993},"primaryImageOfPage":{"@id":"https:\/\/eldigitaldeasturias.com\/magazine365\/un-baul-azul-en-una-buhardilla-guardo-la-gran-historia-de-amor-de-ruben-dario\/#mainImage"},"datePublished":"2014-05-27T04:03:20+02:00","dateModified":"2014-05-27T04:03:20+02:00"},{"@type":"WebSite","@id":"https:\/\/eldigitaldeasturias.com\/magazine365\/#website","url":"https:\/\/eldigitaldeasturias.com\/magazine365\/","name":"El Digital de Asturias","description":"Revista de ocio, turismo y estilo de vida","inLanguage":"es-ES","publisher":{"@id":"https:\/\/eldigitaldeasturias.com\/magazine365\/#organization"}}]},"og:locale":"es_ES","og:site_name":"El Digital de Asturias \u2013 Revista de ocio, turismo y estilo de vida","og:type":"article","og:title":"Un ba\u00fal azul en una buhardilla guard\u00f3 la gran historia de amor de Rub\u00e9n Dar\u00edo | El Digital de Asturias","og:description":"Madrid, 26 may (EFE).- Un ba\u00fal azul permaneci\u00f3 durante a\u00f1os en la buhardilla de la casa en la que vivi\u00f3 su infancia Rosa Villacast\u00edn, en el que su abuela guardaba 17 a\u00f1os de su vida, los que comparti\u00f3 con el poeta Rub\u00e9n Dar\u00edo y que ahora la periodista ha novelado en un homenaje a una","og:url":"https:\/\/eldigitaldeasturias.com\/magazine365\/un-baul-azul-en-una-buhardilla-guardo-la-gran-historia-de-amor-de-ruben-dario\/","og:image":"https:\/\/eldigitaldeasturias.com\/magazine365\/wp-content\/uploads\/2014\/05\/6303200w.jpg","og:image:secure_url":"https:\/\/eldigitaldeasturias.com\/magazine365\/wp-content\/uploads\/2014\/05\/6303200w.jpg","og:image:width":700,"og:image:height":993,"article:published_time":"2014-05-27T06:03:20+00:00","article:modified_time":"2014-05-27T06:03:20+00:00","twitter:card":"summary_large_image","twitter:title":"Un ba\u00fal azul en una buhardilla guard\u00f3 la gran historia de amor de Rub\u00e9n Dar\u00edo | El Digital de Asturias","twitter:description":"Madrid, 26 may (EFE).- Un ba\u00fal azul permaneci\u00f3 durante a\u00f1os en la buhardilla de la casa en la que vivi\u00f3 su infancia Rosa Villacast\u00edn, en el que su abuela guardaba 17 a\u00f1os de su vida, los que comparti\u00f3 con el poeta Rub\u00e9n Dar\u00edo y que ahora la periodista ha novelado en un homenaje a una","twitter:image":"https:\/\/eldigitaldeasturias.com\/magazine365\/wp-content\/uploads\/2014\/05\/6303200w.jpg"},"aioseo_meta_data":{"post_id":"14015","title":null,"description":null,"keywords":null,"keyphrases":null,"primary_term":null,"canonical_url":null,"og_title":null,"og_description":null,"og_object_type":"default","og_image_type":"default","og_image_url":null,"og_image_width":null,"og_image_height":null,"og_image_custom_url":null,"og_image_custom_fields":null,"og_video":null,"og_custom_url":null,"og_article_section":null,"og_article_tags":null,"twitter_use_og":false,"twitter_card":"default","twitter_image_type":"default","twitter_image_url":null,"twitter_image_custom_url":null,"twitter_image_custom_fields":null,"twitter_title":null,"twitter_description":null,"schema":{"blockGraphs":[],"customGraphs":[],"default":{"data":{"Article":[],"Course":[],"Dataset":[],"FAQPage":[],"Movie":[],"Person":[],"Product":[],"ProductReview":[],"Car":[],"Recipe":[],"Service":[],"SoftwareApplication":[],"WebPage":[]},"graphName":"","isEnabled":true},"graphs":[],"defaultGraph":"","defaultPostTypeGraph":""},"schema_type":null,"schema_type_options":null,"pillar_content":false,"robots_default":true,"robots_noindex":false,"robots_noarchive":false,"robots_nosnippet":false,"robots_nofollow":false,"robots_noimageindex":false,"robots_noodp":false,"robots_notranslate":false,"robots_max_snippet":null,"robots_max_videopreview":null,"robots_max_imagepreview":"large","priority":null,"frequency":null,"location":null,"local_seo":null,"seo_analyzer_scan_date":"2025-09-17 09:21:58","breadcrumb_settings":null,"limit_modified_date":false,"open_ai":null,"ai":null,"created":"2021-03-09 08:20:43","updated":"2025-09-17 09:21:58"},"aioseo_breadcrumb":"<div class=\"aioseo-breadcrumbs\"><span class=\"aioseo-breadcrumb\">\n\t<a href=\"https:\/\/eldigitaldeasturias.com\/magazine365\" title=\"Home\">Home<\/a>\n<\/span><span class=\"aioseo-breadcrumb-separator\">\u2013<\/span><span class=\"aioseo-breadcrumb\">\n\t<a href=\"https:\/\/eldigitaldeasturias.com\/magazine365\/category\/noticias-actualidad\/\" title=\"Noticias y Actualidad\">Noticias y Actualidad<\/a>\n<\/span><span class=\"aioseo-breadcrumb-separator\">\u2013<\/span><span class=\"aioseo-breadcrumb\">\n\t<a href=\"https:\/\/eldigitaldeasturias.com\/magazine365\/un-baul-azul-en-una-buhardilla-guardo-la-gran-historia-de-amor-de-ruben-dario\/\" title=\"Un ba\u00fal azul en una buhardilla guard\u00f3 la gran historia de amor de Rub\u00e9n Dar\u00edo\">Un ba\u00fal azul en una buhardilla guard\u00f3 la gran historia de amor de Rub\u00e9n Dar\u00edo<\/a>\n<\/span><\/div>","aioseo_breadcrumb_json":[{"label":"Home","link":"https:\/\/eldigitaldeasturias.com\/magazine365"},{"label":"Noticias y Actualidad","link":"https:\/\/eldigitaldeasturias.com\/magazine365\/category\/noticias-actualidad\/"},{"label":"Un ba\u00fal azul en una buhardilla guard\u00f3 la gran historia de amor de Rub\u00e9n Dar\u00edo","link":"https:\/\/eldigitaldeasturias.com\/magazine365\/un-baul-azul-en-una-buhardilla-guardo-la-gran-historia-de-amor-de-ruben-dario\/"}],"_links":{"self":[{"href":"https:\/\/eldigitaldeasturias.com\/magazine365\/wp-json\/wp\/v2\/posts\/14015","targetHints":{"allow":["GET"]}}],"collection":[{"href":"https:\/\/eldigitaldeasturias.com\/magazine365\/wp-json\/wp\/v2\/posts"}],"about":[{"href":"https:\/\/eldigitaldeasturias.com\/magazine365\/wp-json\/wp\/v2\/types\/post"}],"author":[{"embeddable":true,"href":"https:\/\/eldigitaldeasturias.com\/magazine365\/wp-json\/wp\/v2\/users\/1"}],"replies":[{"embeddable":true,"href":"https:\/\/eldigitaldeasturias.com\/magazine365\/wp-json\/wp\/v2\/comments?post=14015"}],"version-history":[{"count":0,"href":"https:\/\/eldigitaldeasturias.com\/magazine365\/wp-json\/wp\/v2\/posts\/14015\/revisions"}],"wp:featuredmedia":[{"embeddable":true,"href":"https:\/\/eldigitaldeasturias.com\/magazine365\/wp-json\/wp\/v2\/media\/14016"}],"wp:attachment":[{"href":"https:\/\/eldigitaldeasturias.com\/magazine365\/wp-json\/wp\/v2\/media?parent=14015"}],"wp:term":[{"taxonomy":"category","embeddable":true,"href":"https:\/\/eldigitaldeasturias.com\/magazine365\/wp-json\/wp\/v2\/categories?post=14015"},{"taxonomy":"post_tag","embeddable":true,"href":"https:\/\/eldigitaldeasturias.com\/magazine365\/wp-json\/wp\/v2\/tags?post=14015"}],"curies":[{"name":"wp","href":"https:\/\/api.w.org\/{rel}","templated":true}]}}