{"id":14012,"date":"2014-05-27T04:01:58","date_gmt":"2014-05-27T06:01:58","guid":{"rendered":"http:\/\/eldigitaldeasturias.com\/magazine365\/?p=14012"},"modified":"2014-05-27T04:01:58","modified_gmt":"2014-05-27T06:01:58","slug":"el-festival-nocturna-despliega-su-alfombra-negra-de-terror-y-fantasia","status":"publish","type":"post","link":"https:\/\/eldigitaldeasturias.com\/magazine365\/el-festival-nocturna-despliega-su-alfombra-negra-de-terror-y-fantasia\/","title":{"rendered":"El Festival Nocturna despliega su alfombra negra de terror y fantas\u00eda"},"content":{"rendered":"<p><img fetchpriority=\"high\" decoding=\"async\" class=\"alignleft size-medium wp-image-14013\" alt=\"6302024w\" src=\"https:\/\/eldigitaldeasturias.com\/magazine365\/wp-content\/uploads\/2014\/05\/6302024w-360x236.jpg\" width=\"360\" height=\"236\" \/>Madrid, 26 may (EFE).- Ocho t\u00edtulos en competici\u00f3n oficial, preestrenos internacionales y homenajes a Tobe Hooper (\u00abLa Matanza de Texas\u00bb), Dario Argento (\u00abRojo oscuro\u00bb) y Jaume Balaguer\u00f3 (\u00abREC\u00bb), son algunos reclamos de la segunda edici\u00f3n de Nocturna, el Festival Internacional de Cine Fant\u00e1stico de Madrid, que arranca hoy.<\/p>\n<p>Si el a\u00f1o pasado el certamen dio la sorpresa al convocar a m\u00e1s de 20.000 personas, en esta segunda edici\u00f3n sus responsables aspiran a doblar esa cifra y consolidarse como cita imprescindible del g\u00e9nero.<\/p>\n<p>\u00abEn la primera edici\u00f3n result\u00f3 muy dif\u00edcil conseguir buenos t\u00edtulos, porque nadie nos conoc\u00eda, pero este a\u00f1o hemos subido un escal\u00f3n y hemos accedido a pel\u00edculas interesant\u00edsimas\u00bb, asegur\u00f3 hoy Jos\u00e9 Luis Alem\u00e1n, productor de Nocturna, durante la rueda de prensa de presentaci\u00f3n.<\/p>\n<p>As\u00ed, esta noche comienzan con la proyecci\u00f3n de \u00abThe Zero Theorem\u00bb de Terry Gilliam, uno de los grandes visionarios del cine fant\u00e1stico y el mi\u00e9rcoles acoger\u00e1n el preestreno en Espa\u00f1a de \u00abAl filo del ma\u00f1ana\u00bb, con Tom Cruise atrapado en el tiempo y muriendo una y otra vez, junto a Emily Blunt.<\/p>\n<p>La cinta, dirigida por Doug Liman (\u00abEl caso Bourne\u00bb, \u00abSe\u00f1or y se\u00f1ora Smith\u00bb), se ubica en la secci\u00f3n no competitiva Panorama, dedicada a las mejores producciones recientes del g\u00e9nero, en la que tambi\u00e9n tendr\u00e1 cabida \u00abVIY\u00bb, de Oleg Stepchenko, un \u00e9xito de taquilla en Rusia que recaud\u00f3 m\u00e1s de 17 millones de euros el primer fin de semana.<\/p>\n<p>O el documental \u00abZarpazos, un viaje por el spanish horror\u00bb, de V\u00edctor Matellanos.<\/p>\n<p>En la secci\u00f3n oficial destaca el estreno europeo de \u00abExtraterrestrial\u00bb (anteriormente conocida como \u00abThe Visitors\u00bb), la nueva pel\u00edcula de los Vicious Brothers, que lleva a un grupo de estudiantes a una caba\u00f1a aislada en el bosque durante un fin de semana.<\/p>\n<p>Otras ya han pasado por varios festivales como \u00abThe Sacrament\u00bb dirigido por Ti West (\u00abHouse of the devil\u00bb) y producido por Eli Roth, un \u00e9xito en Sitges, Toronto o Venecia sobre tres reporteros cautivados por el l\u00edder de una secta.<\/p>\n<p>\u00abHemos intentado hacer una programaci\u00f3n heterog\u00e9nea, fiel al esp\u00edritu del festival, con predominio de t\u00edtulos &#8216;indies&#8217;, pero que conviven con algunas grandes producciones. Es una buena muestra del estado de cine fant\u00e1stico actual\u00bb, se\u00f1al\u00f3 Rosales.<\/p>\n<p>El jueves 29 ser\u00e1 uno de los m\u00e1s especiales. El norteamericano Tobe Hooper, uno de los padres del terror moderno y responsable de la introducci\u00f3n de la sierra mec\u00e1nica en las pesadillas de muchos cin\u00e9filos, asistir\u00e1 a la proyecci\u00f3n de su cl\u00e1sico \u00abLa matanza de Texas\u00bb, que este a\u00f1o cumple cuatro d\u00e9cadas.<\/p>\n<p>El festival tambi\u00e9n contar\u00e1 con la presencia de los otros dos homenajeados: el italiano Dario Argento, autor de \u00abSuspiria\u00bb, \u00abInferno\u00bb, \u00abPhenomena\u00bb y \u00abRojo Oscuro\u00bb, para muchos su mejor pel\u00edcula, y de Jaume Balaguer\u00f3, que conversar\u00e1 con el p\u00fablico tras la proyecci\u00f3n de \u00abMientras Duermes\u00bb, con Luis Tosar y Marta Etura.<\/p>\n<p>Habr\u00e1 asimismo espacio para cl\u00e1sicos del terror patrio, como \u00abUna vela para el diablo\u00bb (1973), de Eugenio Mart\u00edn, protagonizada por Aurora Bautista y cocinada al calor del auge del turismo en la Espa\u00f1a de los 60.<\/p>\n<p>Y para la clausura se reservan \u00abThe Raid 2: Berandal\u00bb, el esperado filme de Gareth Evans que da un paso m\u00e1s en el g\u00e9nero de acci\u00f3n con una secuela m\u00e1s \u00e9pica que la anterior.<\/p>\n<p>Para todo esto, los organizadores han contado con un presupuesto de 70.000 euros y ninguna ayuda oficial -s\u00f3lo se puede acceder a ellas a partir de la tercera edici\u00f3n-, unas dimensiones que les sit\u00faan a\u00fan muy lejos de cert\u00e1menes como Sitges.<\/p>\n<p>\u00abSitges es un referente para cualquier amante del g\u00e9nero\u00bb, resalt\u00f3 Rosales. \u00abNo somos competencia ni queremos serlo. Ellos manejan un presupuesto de dos millones de euros, por lo que es dif\u00edcil batallar, pero tampoco queremos, es m\u00e1s, estamos buscando f\u00f3rmulas de colaboraci\u00f3n\u00bb, concluy\u00f3.<\/p>\n","protected":false},"excerpt":{"rendered":"<p>Madrid, 26 may (EFE).- Ocho t\u00edtulos en competici\u00f3n oficial, preestrenos internacionales y homenajes a Tobe Hooper (\u00abLa Matanza de Texas\u00bb), Dario Argento (\u00abRojo oscuro\u00bb) y Jaume Balaguer\u00f3 (\u00abREC\u00bb), son algunos reclamos de la segunda edici\u00f3n de Nocturna, el Festival Internacional de Cine Fant\u00e1stico de Madrid, que arranca hoy. Si el a\u00f1o pasado el certamen dio<\/p>\n","protected":false},"author":1,"featured_media":14013,"comment_status":"open","ping_status":"closed","sticky":false,"template":"","format":"standard","meta":{"footnotes":""},"categories":[224],"tags":[],"class_list":{"0":"post-14012","1":"post","2":"type-post","3":"status-publish","4":"format-standard","5":"has-post-thumbnail","7":"category-noticias-actualidad"},"aioseo_notices":[],"aioseo_head":"\n\t\t<!-- All in One SEO Pro 4.9.6.1 - aioseo.com -->\n\t<meta name=\"description\" content=\"Madrid, 26 may (EFE).- Ocho t\u00edtulos en competici\u00f3n oficial, preestrenos internacionales y homenajes a Tobe Hooper (&quot;La Matanza de Texas&quot;), Dario Argento (&quot;Rojo oscuro&quot;) y Jaume Balaguer\u00f3 (&quot;REC&quot;), son algunos reclamos de la segunda edici\u00f3n de Nocturna, el Festival Internacional de Cine Fant\u00e1stico de Madrid, que arranca hoy. Si el a\u00f1o pasado el certamen dio\" \/>\n\t<meta name=\"robots\" content=\"max-image-preview:large\" \/>\n\t<meta name=\"author\" content=\"admin\"\/>\n\t<meta name=\"google-site-verification\" content=\"UA-38556648-1\" \/>\n\t<meta name=\"keywords\" content=\"noticias y actualidad\" \/>\n\t<link rel=\"canonical\" href=\"https:\/\/eldigitaldeasturias.com\/magazine365\/el-festival-nocturna-despliega-su-alfombra-negra-de-terror-y-fantasia\/\" \/>\n\t<meta name=\"generator\" content=\"All in One SEO Pro (AIOSEO) 4.9.6.1\" \/>\n\t\t<meta property=\"og:locale\" content=\"es_ES\" \/>\n\t\t<meta property=\"og:site_name\" content=\"El Digital de Asturias \u2013 Revista de ocio, turismo y estilo de vida\" \/>\n\t\t<meta property=\"og:type\" content=\"article\" \/>\n\t\t<meta property=\"og:title\" content=\"El Festival Nocturna despliega su alfombra negra de terror y fantas\u00eda | El Digital de Asturias\" \/>\n\t\t<meta property=\"og:description\" content=\"Madrid, 26 may (EFE).- Ocho t\u00edtulos en competici\u00f3n oficial, preestrenos internacionales y homenajes a Tobe Hooper (&quot;La Matanza de Texas&quot;), Dario Argento (&quot;Rojo oscuro&quot;) y Jaume Balaguer\u00f3 (&quot;REC&quot;), son algunos reclamos de la segunda edici\u00f3n de Nocturna, el Festival Internacional de Cine Fant\u00e1stico de Madrid, que arranca hoy. Si el a\u00f1o pasado el certamen dio\" \/>\n\t\t<meta property=\"og:url\" content=\"https:\/\/eldigitaldeasturias.com\/magazine365\/el-festival-nocturna-despliega-su-alfombra-negra-de-terror-y-fantasia\/\" \/>\n\t\t<meta property=\"og:image\" content=\"https:\/\/eldigitaldeasturias.com\/magazine365\/wp-content\/uploads\/2014\/05\/6302024w.jpg\" \/>\n\t\t<meta property=\"og:image:secure_url\" content=\"https:\/\/eldigitaldeasturias.com\/magazine365\/wp-content\/uploads\/2014\/05\/6302024w.jpg\" \/>\n\t\t<meta property=\"og:image:width\" content=\"800\" \/>\n\t\t<meta property=\"og:image:height\" content=\"526\" \/>\n\t\t<meta property=\"article:published_time\" content=\"2014-05-27T06:01:58+00:00\" \/>\n\t\t<meta property=\"article:modified_time\" content=\"2014-05-27T06:01:58+00:00\" \/>\n\t\t<meta name=\"twitter:card\" content=\"summary_large_image\" \/>\n\t\t<meta name=\"twitter:title\" content=\"El Festival Nocturna despliega su alfombra negra de terror y fantas\u00eda | El Digital de Asturias\" \/>\n\t\t<meta name=\"twitter:description\" content=\"Madrid, 26 may (EFE).- Ocho t\u00edtulos en competici\u00f3n oficial, preestrenos internacionales y homenajes a Tobe Hooper (&quot;La Matanza de Texas&quot;), Dario Argento (&quot;Rojo oscuro&quot;) y Jaume Balaguer\u00f3 (&quot;REC&quot;), son algunos reclamos de la segunda edici\u00f3n de Nocturna, el Festival Internacional de Cine Fant\u00e1stico de Madrid, que arranca hoy. Si el a\u00f1o pasado el certamen dio\" \/>\n\t\t<meta name=\"twitter:image\" content=\"https:\/\/eldigitaldeasturias.com\/magazine365\/wp-content\/uploads\/2014\/05\/6302024w.jpg\" \/>\n\t\t<script type=\"application\/ld+json\" class=\"aioseo-schema\">\n\t\t\t{\"@context\":\"https:\\\/\\\/schema.org\",\"@graph\":[{\"@type\":\"Article\",\"@id\":\"https:\\\/\\\/eldigitaldeasturias.com\\\/magazine365\\\/el-festival-nocturna-despliega-su-alfombra-negra-de-terror-y-fantasia\\\/#article\",\"name\":\"El Festival Nocturna despliega su alfombra negra de terror y fantas\\u00eda | El Digital de Asturias\",\"headline\":\"El Festival Nocturna despliega su alfombra negra de terror y fantas\\u00eda\",\"author\":{\"@id\":\"https:\\\/\\\/eldigitaldeasturias.com\\\/magazine365\\\/author\\\/admin\\\/#author\"},\"publisher\":{\"@id\":\"https:\\\/\\\/eldigitaldeasturias.com\\\/magazine365\\\/#organization\"},\"image\":{\"@type\":\"ImageObject\",\"url\":\"https:\\\/\\\/eldigitaldeasturias.com\\\/magazine365\\\/wp-content\\\/uploads\\\/2014\\\/05\\\/6302024w.jpg\",\"width\":800,\"height\":526},\"datePublished\":\"2014-05-27T04:01:58+02:00\",\"dateModified\":\"2014-05-27T04:01:58+02:00\",\"inLanguage\":\"es-ES\",\"mainEntityOfPage\":{\"@id\":\"https:\\\/\\\/eldigitaldeasturias.com\\\/magazine365\\\/el-festival-nocturna-despliega-su-alfombra-negra-de-terror-y-fantasia\\\/#webpage\"},\"isPartOf\":{\"@id\":\"https:\\\/\\\/eldigitaldeasturias.com\\\/magazine365\\\/el-festival-nocturna-despliega-su-alfombra-negra-de-terror-y-fantasia\\\/#webpage\"},\"articleSection\":\"Noticias y Actualidad\"},{\"@type\":\"BreadcrumbList\",\"@id\":\"https:\\\/\\\/eldigitaldeasturias.com\\\/magazine365\\\/el-festival-nocturna-despliega-su-alfombra-negra-de-terror-y-fantasia\\\/#breadcrumblist\",\"itemListElement\":[{\"@type\":\"ListItem\",\"@id\":\"https:\\\/\\\/eldigitaldeasturias.com\\\/magazine365#listItem\",\"position\":1,\"name\":\"Home\",\"item\":\"https:\\\/\\\/eldigitaldeasturias.com\\\/magazine365\",\"nextItem\":{\"@type\":\"ListItem\",\"@id\":\"https:\\\/\\\/eldigitaldeasturias.com\\\/magazine365\\\/category\\\/noticias-actualidad\\\/#listItem\",\"name\":\"Noticias y Actualidad\"}},{\"@type\":\"ListItem\",\"@id\":\"https:\\\/\\\/eldigitaldeasturias.com\\\/magazine365\\\/category\\\/noticias-actualidad\\\/#listItem\",\"position\":2,\"name\":\"Noticias y Actualidad\",\"item\":\"https:\\\/\\\/eldigitaldeasturias.com\\\/magazine365\\\/category\\\/noticias-actualidad\\\/\",\"nextItem\":{\"@type\":\"ListItem\",\"@id\":\"https:\\\/\\\/eldigitaldeasturias.com\\\/magazine365\\\/el-festival-nocturna-despliega-su-alfombra-negra-de-terror-y-fantasia\\\/#listItem\",\"name\":\"El Festival Nocturna despliega su alfombra negra de terror y fantas\\u00eda\"},\"previousItem\":{\"@type\":\"ListItem\",\"@id\":\"https:\\\/\\\/eldigitaldeasturias.com\\\/magazine365#listItem\",\"name\":\"Home\"}},{\"@type\":\"ListItem\",\"@id\":\"https:\\\/\\\/eldigitaldeasturias.com\\\/magazine365\\\/el-festival-nocturna-despliega-su-alfombra-negra-de-terror-y-fantasia\\\/#listItem\",\"position\":3,\"name\":\"El Festival Nocturna despliega su alfombra negra de terror y fantas\\u00eda\",\"previousItem\":{\"@type\":\"ListItem\",\"@id\":\"https:\\\/\\\/eldigitaldeasturias.com\\\/magazine365\\\/category\\\/noticias-actualidad\\\/#listItem\",\"name\":\"Noticias y Actualidad\"}}]},{\"@type\":\"Organization\",\"@id\":\"https:\\\/\\\/eldigitaldeasturias.com\\\/magazine365\\\/#organization\",\"name\":\"El digital de Asturias\",\"description\":\"Revista de ocio, turismo y estilo de vida\",\"url\":\"https:\\\/\\\/eldigitaldeasturias.com\\\/magazine365\\\/\",\"logo\":{\"@type\":\"ImageObject\",\"url\":\"https:\\\/\\\/www.eldigitaldeasturias.com\\\/noticias\\\/wp-content\\\/uploads\\\/2020\\\/12\\\/EDA.jpg\",\"@id\":\"https:\\\/\\\/eldigitaldeasturias.com\\\/magazine365\\\/el-festival-nocturna-despliega-su-alfombra-negra-de-terror-y-fantasia\\\/#organizationLogo\"},\"image\":{\"@id\":\"https:\\\/\\\/eldigitaldeasturias.com\\\/magazine365\\\/el-festival-nocturna-despliega-su-alfombra-negra-de-terror-y-fantasia\\\/#organizationLogo\"}},{\"@type\":\"Person\",\"@id\":\"https:\\\/\\\/eldigitaldeasturias.com\\\/magazine365\\\/author\\\/admin\\\/#author\",\"url\":\"https:\\\/\\\/eldigitaldeasturias.com\\\/magazine365\\\/author\\\/admin\\\/\",\"name\":\"admin\",\"image\":{\"@type\":\"ImageObject\",\"@id\":\"https:\\\/\\\/eldigitaldeasturias.com\\\/magazine365\\\/el-festival-nocturna-despliega-su-alfombra-negra-de-terror-y-fantasia\\\/#authorImage\",\"url\":\"https:\\\/\\\/eldigitaldeasturias.com\\\/magazine365\\\/wp-content\\\/litespeed\\\/avatar\\\/e571bcf59a0edd6fa6838245a470f2fe.jpg?ver=1776969259\",\"width\":96,\"height\":96,\"caption\":\"admin\"}},{\"@type\":\"WebPage\",\"@id\":\"https:\\\/\\\/eldigitaldeasturias.com\\\/magazine365\\\/el-festival-nocturna-despliega-su-alfombra-negra-de-terror-y-fantasia\\\/#webpage\",\"url\":\"https:\\\/\\\/eldigitaldeasturias.com\\\/magazine365\\\/el-festival-nocturna-despliega-su-alfombra-negra-de-terror-y-fantasia\\\/\",\"name\":\"El Festival Nocturna despliega su alfombra negra de terror y fantas\\u00eda | El Digital de Asturias\",\"description\":\"Madrid, 26 may (EFE).- Ocho t\\u00edtulos en competici\\u00f3n oficial, preestrenos internacionales y homenajes a Tobe Hooper (\\\"La Matanza de Texas\\\"), Dario Argento (\\\"Rojo oscuro\\\") y Jaume Balaguer\\u00f3 (\\\"REC\\\"), son algunos reclamos de la segunda edici\\u00f3n de Nocturna, el Festival Internacional de Cine Fant\\u00e1stico de Madrid, que arranca hoy. Si el a\\u00f1o pasado el certamen dio\",\"inLanguage\":\"es-ES\",\"isPartOf\":{\"@id\":\"https:\\\/\\\/eldigitaldeasturias.com\\\/magazine365\\\/#website\"},\"breadcrumb\":{\"@id\":\"https:\\\/\\\/eldigitaldeasturias.com\\\/magazine365\\\/el-festival-nocturna-despliega-su-alfombra-negra-de-terror-y-fantasia\\\/#breadcrumblist\"},\"author\":{\"@id\":\"https:\\\/\\\/eldigitaldeasturias.com\\\/magazine365\\\/author\\\/admin\\\/#author\"},\"creator\":{\"@id\":\"https:\\\/\\\/eldigitaldeasturias.com\\\/magazine365\\\/author\\\/admin\\\/#author\"},\"image\":{\"@type\":\"ImageObject\",\"url\":\"https:\\\/\\\/eldigitaldeasturias.com\\\/magazine365\\\/wp-content\\\/uploads\\\/2014\\\/05\\\/6302024w.jpg\",\"@id\":\"https:\\\/\\\/eldigitaldeasturias.com\\\/magazine365\\\/el-festival-nocturna-despliega-su-alfombra-negra-de-terror-y-fantasia\\\/#mainImage\",\"width\":800,\"height\":526},\"primaryImageOfPage\":{\"@id\":\"https:\\\/\\\/eldigitaldeasturias.com\\\/magazine365\\\/el-festival-nocturna-despliega-su-alfombra-negra-de-terror-y-fantasia\\\/#mainImage\"},\"datePublished\":\"2014-05-27T04:01:58+02:00\",\"dateModified\":\"2014-05-27T04:01:58+02:00\"},{\"@type\":\"WebSite\",\"@id\":\"https:\\\/\\\/eldigitaldeasturias.com\\\/magazine365\\\/#website\",\"url\":\"https:\\\/\\\/eldigitaldeasturias.com\\\/magazine365\\\/\",\"name\":\"El Digital de Asturias\",\"description\":\"Revista de ocio, turismo y estilo de vida\",\"inLanguage\":\"es-ES\",\"publisher\":{\"@id\":\"https:\\\/\\\/eldigitaldeasturias.com\\\/magazine365\\\/#organization\"}}]}\n\t\t<\/script>\n\t\t<!-- All in One SEO Pro -->\r\n\t\t<title>El Festival Nocturna despliega su alfombra negra de terror y fantas\u00eda | El Digital de Asturias<\/title>\n\n","aioseo_head_json":{"title":"El Festival Nocturna despliega su alfombra negra de terror y fantas\u00eda | El Digital de Asturias","description":"Madrid, 26 may (EFE).- Ocho t\u00edtulos en competici\u00f3n oficial, preestrenos internacionales y homenajes a Tobe Hooper (\"La Matanza de Texas\"), Dario Argento (\"Rojo oscuro\") y Jaume Balaguer\u00f3 (\"REC\"), son algunos reclamos de la segunda edici\u00f3n de Nocturna, el Festival Internacional de Cine Fant\u00e1stico de Madrid, que arranca hoy. Si el a\u00f1o pasado el certamen dio","canonical_url":"https:\/\/eldigitaldeasturias.com\/magazine365\/el-festival-nocturna-despliega-su-alfombra-negra-de-terror-y-fantasia\/","robots":"max-image-preview:large","keywords":"noticias y actualidad","webmasterTools":{"google-site-verification":"UA-38556648-1","miscellaneous":""},"schema":{"@context":"https:\/\/schema.org","@graph":[{"@type":"Article","@id":"https:\/\/eldigitaldeasturias.com\/magazine365\/el-festival-nocturna-despliega-su-alfombra-negra-de-terror-y-fantasia\/#article","name":"El Festival Nocturna despliega su alfombra negra de terror y fantas\u00eda | El Digital de Asturias","headline":"El Festival Nocturna despliega su alfombra negra de terror y fantas\u00eda","author":{"@id":"https:\/\/eldigitaldeasturias.com\/magazine365\/author\/admin\/#author"},"publisher":{"@id":"https:\/\/eldigitaldeasturias.com\/magazine365\/#organization"},"image":{"@type":"ImageObject","url":"https:\/\/eldigitaldeasturias.com\/magazine365\/wp-content\/uploads\/2014\/05\/6302024w.jpg","width":800,"height":526},"datePublished":"2014-05-27T04:01:58+02:00","dateModified":"2014-05-27T04:01:58+02:00","inLanguage":"es-ES","mainEntityOfPage":{"@id":"https:\/\/eldigitaldeasturias.com\/magazine365\/el-festival-nocturna-despliega-su-alfombra-negra-de-terror-y-fantasia\/#webpage"},"isPartOf":{"@id":"https:\/\/eldigitaldeasturias.com\/magazine365\/el-festival-nocturna-despliega-su-alfombra-negra-de-terror-y-fantasia\/#webpage"},"articleSection":"Noticias y Actualidad"},{"@type":"BreadcrumbList","@id":"https:\/\/eldigitaldeasturias.com\/magazine365\/el-festival-nocturna-despliega-su-alfombra-negra-de-terror-y-fantasia\/#breadcrumblist","itemListElement":[{"@type":"ListItem","@id":"https:\/\/eldigitaldeasturias.com\/magazine365#listItem","position":1,"name":"Home","item":"https:\/\/eldigitaldeasturias.com\/magazine365","nextItem":{"@type":"ListItem","@id":"https:\/\/eldigitaldeasturias.com\/magazine365\/category\/noticias-actualidad\/#listItem","name":"Noticias y Actualidad"}},{"@type":"ListItem","@id":"https:\/\/eldigitaldeasturias.com\/magazine365\/category\/noticias-actualidad\/#listItem","position":2,"name":"Noticias y Actualidad","item":"https:\/\/eldigitaldeasturias.com\/magazine365\/category\/noticias-actualidad\/","nextItem":{"@type":"ListItem","@id":"https:\/\/eldigitaldeasturias.com\/magazine365\/el-festival-nocturna-despliega-su-alfombra-negra-de-terror-y-fantasia\/#listItem","name":"El Festival Nocturna despliega su alfombra negra de terror y fantas\u00eda"},"previousItem":{"@type":"ListItem","@id":"https:\/\/eldigitaldeasturias.com\/magazine365#listItem","name":"Home"}},{"@type":"ListItem","@id":"https:\/\/eldigitaldeasturias.com\/magazine365\/el-festival-nocturna-despliega-su-alfombra-negra-de-terror-y-fantasia\/#listItem","position":3,"name":"El Festival Nocturna despliega su alfombra negra de terror y fantas\u00eda","previousItem":{"@type":"ListItem","@id":"https:\/\/eldigitaldeasturias.com\/magazine365\/category\/noticias-actualidad\/#listItem","name":"Noticias y Actualidad"}}]},{"@type":"Organization","@id":"https:\/\/eldigitaldeasturias.com\/magazine365\/#organization","name":"El digital de Asturias","description":"Revista de ocio, turismo y estilo de vida","url":"https:\/\/eldigitaldeasturias.com\/magazine365\/","logo":{"@type":"ImageObject","url":"https:\/\/www.eldigitaldeasturias.com\/noticias\/wp-content\/uploads\/2020\/12\/EDA.jpg","@id":"https:\/\/eldigitaldeasturias.com\/magazine365\/el-festival-nocturna-despliega-su-alfombra-negra-de-terror-y-fantasia\/#organizationLogo"},"image":{"@id":"https:\/\/eldigitaldeasturias.com\/magazine365\/el-festival-nocturna-despliega-su-alfombra-negra-de-terror-y-fantasia\/#organizationLogo"}},{"@type":"Person","@id":"https:\/\/eldigitaldeasturias.com\/magazine365\/author\/admin\/#author","url":"https:\/\/eldigitaldeasturias.com\/magazine365\/author\/admin\/","name":"admin","image":{"@type":"ImageObject","@id":"https:\/\/eldigitaldeasturias.com\/magazine365\/el-festival-nocturna-despliega-su-alfombra-negra-de-terror-y-fantasia\/#authorImage","url":"https:\/\/eldigitaldeasturias.com\/magazine365\/wp-content\/litespeed\/avatar\/e571bcf59a0edd6fa6838245a470f2fe.jpg?ver=1776969259","width":96,"height":96,"caption":"admin"}},{"@type":"WebPage","@id":"https:\/\/eldigitaldeasturias.com\/magazine365\/el-festival-nocturna-despliega-su-alfombra-negra-de-terror-y-fantasia\/#webpage","url":"https:\/\/eldigitaldeasturias.com\/magazine365\/el-festival-nocturna-despliega-su-alfombra-negra-de-terror-y-fantasia\/","name":"El Festival Nocturna despliega su alfombra negra de terror y fantas\u00eda | El Digital de Asturias","description":"Madrid, 26 may (EFE).- Ocho t\u00edtulos en competici\u00f3n oficial, preestrenos internacionales y homenajes a Tobe Hooper (\"La Matanza de Texas\"), Dario Argento (\"Rojo oscuro\") y Jaume Balaguer\u00f3 (\"REC\"), son algunos reclamos de la segunda edici\u00f3n de Nocturna, el Festival Internacional de Cine Fant\u00e1stico de Madrid, que arranca hoy. Si el a\u00f1o pasado el certamen dio","inLanguage":"es-ES","isPartOf":{"@id":"https:\/\/eldigitaldeasturias.com\/magazine365\/#website"},"breadcrumb":{"@id":"https:\/\/eldigitaldeasturias.com\/magazine365\/el-festival-nocturna-despliega-su-alfombra-negra-de-terror-y-fantasia\/#breadcrumblist"},"author":{"@id":"https:\/\/eldigitaldeasturias.com\/magazine365\/author\/admin\/#author"},"creator":{"@id":"https:\/\/eldigitaldeasturias.com\/magazine365\/author\/admin\/#author"},"image":{"@type":"ImageObject","url":"https:\/\/eldigitaldeasturias.com\/magazine365\/wp-content\/uploads\/2014\/05\/6302024w.jpg","@id":"https:\/\/eldigitaldeasturias.com\/magazine365\/el-festival-nocturna-despliega-su-alfombra-negra-de-terror-y-fantasia\/#mainImage","width":800,"height":526},"primaryImageOfPage":{"@id":"https:\/\/eldigitaldeasturias.com\/magazine365\/el-festival-nocturna-despliega-su-alfombra-negra-de-terror-y-fantasia\/#mainImage"},"datePublished":"2014-05-27T04:01:58+02:00","dateModified":"2014-05-27T04:01:58+02:00"},{"@type":"WebSite","@id":"https:\/\/eldigitaldeasturias.com\/magazine365\/#website","url":"https:\/\/eldigitaldeasturias.com\/magazine365\/","name":"El Digital de Asturias","description":"Revista de ocio, turismo y estilo de vida","inLanguage":"es-ES","publisher":{"@id":"https:\/\/eldigitaldeasturias.com\/magazine365\/#organization"}}]},"og:locale":"es_ES","og:site_name":"El Digital de Asturias \u2013 Revista de ocio, turismo y estilo de vida","og:type":"article","og:title":"El Festival Nocturna despliega su alfombra negra de terror y fantas\u00eda | El Digital de Asturias","og:description":"Madrid, 26 may (EFE).- Ocho t\u00edtulos en competici\u00f3n oficial, preestrenos internacionales y homenajes a Tobe Hooper (&quot;La Matanza de Texas&quot;), Dario Argento (&quot;Rojo oscuro&quot;) y Jaume Balaguer\u00f3 (&quot;REC&quot;), son algunos reclamos de la segunda edici\u00f3n de Nocturna, el Festival Internacional de Cine Fant\u00e1stico de Madrid, que arranca hoy. Si el a\u00f1o pasado el certamen dio","og:url":"https:\/\/eldigitaldeasturias.com\/magazine365\/el-festival-nocturna-despliega-su-alfombra-negra-de-terror-y-fantasia\/","og:image":"https:\/\/eldigitaldeasturias.com\/magazine365\/wp-content\/uploads\/2014\/05\/6302024w.jpg","og:image:secure_url":"https:\/\/eldigitaldeasturias.com\/magazine365\/wp-content\/uploads\/2014\/05\/6302024w.jpg","og:image:width":800,"og:image:height":526,"article:published_time":"2014-05-27T06:01:58+00:00","article:modified_time":"2014-05-27T06:01:58+00:00","twitter:card":"summary_large_image","twitter:title":"El Festival Nocturna despliega su alfombra negra de terror y fantas\u00eda | El Digital de Asturias","twitter:description":"Madrid, 26 may (EFE).- Ocho t\u00edtulos en competici\u00f3n oficial, preestrenos internacionales y homenajes a Tobe Hooper (&quot;La Matanza de Texas&quot;), Dario Argento (&quot;Rojo oscuro&quot;) y Jaume Balaguer\u00f3 (&quot;REC&quot;), son algunos reclamos de la segunda edici\u00f3n de Nocturna, el Festival Internacional de Cine Fant\u00e1stico de Madrid, que arranca hoy. Si el a\u00f1o pasado el certamen dio","twitter:image":"https:\/\/eldigitaldeasturias.com\/magazine365\/wp-content\/uploads\/2014\/05\/6302024w.jpg"},"aioseo_meta_data":{"post_id":"14012","title":null,"description":null,"keywords":null,"keyphrases":null,"primary_term":null,"canonical_url":null,"og_title":null,"og_description":null,"og_object_type":"default","og_image_type":"default","og_image_url":null,"og_image_width":null,"og_image_height":null,"og_image_custom_url":null,"og_image_custom_fields":null,"og_video":null,"og_custom_url":null,"og_article_section":null,"og_article_tags":null,"twitter_use_og":false,"twitter_card":"default","twitter_image_type":"default","twitter_image_url":null,"twitter_image_custom_url":null,"twitter_image_custom_fields":null,"twitter_title":null,"twitter_description":null,"schema":{"blockGraphs":[],"customGraphs":[],"default":{"data":{"Article":[],"Course":[],"Dataset":[],"FAQPage":[],"Movie":[],"Person":[],"Product":[],"ProductReview":[],"Car":[],"Recipe":[],"Service":[],"SoftwareApplication":[],"WebPage":[]},"graphName":"","isEnabled":true},"graphs":[],"defaultGraph":"","defaultPostTypeGraph":""},"schema_type":null,"schema_type_options":null,"pillar_content":false,"robots_default":true,"robots_noindex":false,"robots_noarchive":false,"robots_nosnippet":false,"robots_nofollow":false,"robots_noimageindex":false,"robots_noodp":false,"robots_notranslate":false,"robots_max_snippet":null,"robots_max_videopreview":null,"robots_max_imagepreview":"large","priority":null,"frequency":null,"location":null,"local_seo":null,"seo_analyzer_scan_date":"2025-09-17 09:21:55","breadcrumb_settings":null,"limit_modified_date":false,"open_ai":null,"ai":null,"created":"2021-03-09 08:20:43","updated":"2025-09-17 09:21:55"},"aioseo_breadcrumb":"<div class=\"aioseo-breadcrumbs\"><span class=\"aioseo-breadcrumb\">\n\t<a href=\"https:\/\/eldigitaldeasturias.com\/magazine365\" title=\"Home\">Home<\/a>\n<\/span><span class=\"aioseo-breadcrumb-separator\">\u2013<\/span><span class=\"aioseo-breadcrumb\">\n\t<a href=\"https:\/\/eldigitaldeasturias.com\/magazine365\/category\/noticias-actualidad\/\" title=\"Noticias y Actualidad\">Noticias y Actualidad<\/a>\n<\/span><span class=\"aioseo-breadcrumb-separator\">\u2013<\/span><span class=\"aioseo-breadcrumb\">\n\t<a href=\"https:\/\/eldigitaldeasturias.com\/magazine365\/el-festival-nocturna-despliega-su-alfombra-negra-de-terror-y-fantasia\/\" title=\"El Festival Nocturna despliega su alfombra negra de terror y fantas\u00eda\">El Festival Nocturna despliega su alfombra negra de terror y fantas\u00eda<\/a>\n<\/span><\/div>","aioseo_breadcrumb_json":[{"label":"Home","link":"https:\/\/eldigitaldeasturias.com\/magazine365"},{"label":"Noticias y Actualidad","link":"https:\/\/eldigitaldeasturias.com\/magazine365\/category\/noticias-actualidad\/"},{"label":"El Festival Nocturna despliega su alfombra negra de terror y fantas\u00eda","link":"https:\/\/eldigitaldeasturias.com\/magazine365\/el-festival-nocturna-despliega-su-alfombra-negra-de-terror-y-fantasia\/"}],"_links":{"self":[{"href":"https:\/\/eldigitaldeasturias.com\/magazine365\/wp-json\/wp\/v2\/posts\/14012","targetHints":{"allow":["GET"]}}],"collection":[{"href":"https:\/\/eldigitaldeasturias.com\/magazine365\/wp-json\/wp\/v2\/posts"}],"about":[{"href":"https:\/\/eldigitaldeasturias.com\/magazine365\/wp-json\/wp\/v2\/types\/post"}],"author":[{"embeddable":true,"href":"https:\/\/eldigitaldeasturias.com\/magazine365\/wp-json\/wp\/v2\/users\/1"}],"replies":[{"embeddable":true,"href":"https:\/\/eldigitaldeasturias.com\/magazine365\/wp-json\/wp\/v2\/comments?post=14012"}],"version-history":[{"count":0,"href":"https:\/\/eldigitaldeasturias.com\/magazine365\/wp-json\/wp\/v2\/posts\/14012\/revisions"}],"wp:featuredmedia":[{"embeddable":true,"href":"https:\/\/eldigitaldeasturias.com\/magazine365\/wp-json\/wp\/v2\/media\/14013"}],"wp:attachment":[{"href":"https:\/\/eldigitaldeasturias.com\/magazine365\/wp-json\/wp\/v2\/media?parent=14012"}],"wp:term":[{"taxonomy":"category","embeddable":true,"href":"https:\/\/eldigitaldeasturias.com\/magazine365\/wp-json\/wp\/v2\/categories?post=14012"},{"taxonomy":"post_tag","embeddable":true,"href":"https:\/\/eldigitaldeasturias.com\/magazine365\/wp-json\/wp\/v2\/tags?post=14012"}],"curies":[{"name":"wp","href":"https:\/\/api.w.org\/{rel}","templated":true}]}}