{"id":14006,"date":"2014-05-27T03:58:28","date_gmt":"2014-05-27T05:58:28","guid":{"rendered":"http:\/\/eldigitaldeasturias.com\/magazine365\/?p=14006"},"modified":"2014-05-31T23:42:53","modified_gmt":"2014-06-01T01:42:53","slug":"a-20-pasos-de-la-fama-las-coristas-del-rock-dan-un-paso-al-frente","status":"publish","type":"post","link":"https:\/\/eldigitaldeasturias.com\/magazine365\/a-20-pasos-de-la-fama-las-coristas-del-rock-dan-un-paso-al-frente\/","title":{"rendered":"\u00abA 20 pasos de la fama\u00bb, las coristas del rock dan un paso al frente"},"content":{"rendered":"<p><img fetchpriority=\"high\" decoding=\"async\" class=\"alignleft size-medium wp-image-14007\" alt=\"6302649w\" src=\"https:\/\/eldigitaldeasturias.com\/magazine365\/wp-content\/uploads\/2014\/05\/6302649w-360x202.jpg\" width=\"360\" height=\"202\" srcset=\"https:\/\/eldigitaldeasturias.com\/magazine365\/wp-content\/uploads\/2014\/05\/6302649w-360x202.jpg 360w, https:\/\/eldigitaldeasturias.com\/magazine365\/wp-content\/uploads\/2014\/05\/6302649w-650x365.jpg 650w, https:\/\/eldigitaldeasturias.com\/magazine365\/wp-content\/uploads\/2014\/05\/6302649w-768x431.jpg 768w, https:\/\/eldigitaldeasturias.com\/magazine365\/wp-content\/uploads\/2014\/05\/6302649w-150x84.jpg 150w, https:\/\/eldigitaldeasturias.com\/magazine365\/wp-content\/uploads\/2014\/05\/6302649w-450x253.jpg 450w, https:\/\/eldigitaldeasturias.com\/magazine365\/wp-content\/uploads\/2014\/05\/6302649w-696x391.jpg 696w, https:\/\/eldigitaldeasturias.com\/magazine365\/wp-content\/uploads\/2014\/05\/6302649w-748x420.jpg 748w, https:\/\/eldigitaldeasturias.com\/magazine365\/wp-content\/uploads\/2014\/05\/6302649w-499x280.jpg 499w, https:\/\/eldigitaldeasturias.com\/magazine365\/wp-content\/uploads\/2014\/05\/6302649w.jpg 800w\" sizes=\"(max-width: 360px) 100vw, 360px\" \/>Madrid, 26 may (EFE).- Canciones legendarias como \u00abWalk on the wild side\u00bb de Lou Reed o \u00abWhat I&#8217;d say\u00bb de Ray Charles ser\u00edan inimaginables sin los coros y, sin embargo, los rostros y nombres de esas voces han pasado d\u00e9cadas en el anonimato, hasta que Morgan Neville les ha puesto el foco encima en \u00abA 20 pasos de la fama\u00bb.<\/p>\n<p>\u00abBrindar su justo reconocimiento\u00bb a esas mujeres -porque sobre todo son mujeres, como Merry Clayton, Claudia Lennear, Lisa Fischer o Darlene Love- ha sido el principal motor que ha impulsado este trabajo, se\u00f1ala a Efe su autor, que vio compensado el esfuerzo con un Oscar al mejor documental en marzo pasado.<\/p>\n<p>El m\u00e9rito fue compartido con su productor, Gil Friesen, fundador de A&amp;M Records y promotor de la idea, fallecido en diciembre de 2012. \u00abGil me eligi\u00f3 por mi experiencia con documentales musicales. Me pareci\u00f3 muy interesante y cuando le pregunt\u00e9 cual era el enfoque \u00e9l respondi\u00f3: &#8216;no lo s\u00e9, esa es tu tarea'\u00bb.<\/p>\n<p>Una labor que se alarg\u00f3 tres a\u00f1os, y que se ha plasmado en un intenso viaje de una hora y media imprescindible para los amantes del rock, el soul y el rythm and blues, con testimonios de estrellas como Mick Jagger, Bruce Springsteen, Stevie Wonder o Sting.<\/p>\n<p>\u00abMilagrosamente, todo el mundo que quer\u00edamos que estuviera en la pel\u00edcula dijo que s\u00ed. Yo atribuyo ese \u00e9xito a Gil Friesen, que era muy respetado en la industria musical y ten\u00eda relaciones personales o conexiones con la mayor\u00eda de las estrellas que aparecen\u00bb, afirma el tambi\u00e9n autor de documentales sobre Muddy Waters o Johhny Cash.<\/p>\n<p>\u00abA 20 pasos de la fama\u00bb cuenta c\u00f3mo el rock fue la tabla de salvaci\u00f3n para cantantes como Lisa Fischer, acompa\u00f1ante en los 70 y 80 de figuras del soul como Luther Vandross o Roberta Flack y que en los 90 -y hasta hoy- empez\u00f3 a hacer giras con Sting y los Stones.<\/p>\n<p>O historias como la de Darlene Love, que puso voz a algunos de los mayores \u00e9xitos de Phil Spector (\u00abHe&#8217;s sure the boy I love\u00bb, 1965), sin que su nombre ni siquiera figurase en los cr\u00e9ditos del disco. Hoy, eso s\u00ed, cuenta con estrella propia en el Paseo de la Fama.<\/p>\n<p>Para Neville una de las experiencias m\u00e1s emocionantes fue rodar con Merry Clayton en el estudio donde grab\u00f3 sus m\u00edticos coros para \u00abGimme Shelter\u00bb (1969), de los Rolling Stones. \u00abSe nos pusieron a todos los pelos de punta\u00bb, se\u00f1ala.<\/p>\n<p>No es para menos. Clayton cuenta a c\u00e1mara que eran las dos de la ma\u00f1ana, ella estaba embarazada y durmiendo en la cama, cuando recibi\u00f3 una llamada dici\u00e9ndole que Jagger y los suyos quer\u00edan su voz para unos coros que dieran un contrapunto femenino a la canci\u00f3n. \u00abApareci\u00f3 con los rulos puestos\u00bb, dice Jagger en la pel\u00edcula.<\/p>\n<p>Lo que no aclara ni el l\u00edder de los Rolling ni nadie es si, tal y como cuenta la leyenda, Claudia Lennear, corista de Ike y Tina Turner o de Joe Cocker, fue quien inspir\u00f3 la canci\u00f3n \u00abBrown Sugar\u00bb. \u00abDepende de a quien preguntes\u00bb, se limita a se\u00f1alar Neville.<\/p>\n<p>Aunque algunas de estas cantantes emprendieron carreras en solitario, casi nunca despegaron, lo que abre en la cinta una reflexi\u00f3n sobre qu\u00e9 cualidades requiere el estrellato.<\/p>\n<p>\u00abPara mi ser una estrella significa sentir una verdadera pasi\u00f3n hacia lo que haces y pasarte la vida perfeccionando tu oficio\u00bb, opina el director. \u00abLa fama puede ser una maldici\u00f3n o una bendici\u00f3n. Para mi la gente que se entrega a ese viaje, con todos sus altibajos, son verdaderas estrellas\u00bb.<\/p>\n<p>Magdalena Tsanis<\/p>\n","protected":false},"excerpt":{"rendered":"<p>Madrid, 26 may (EFE).- Canciones legendarias como \u00abWalk on the wild side\u00bb de Lou Reed o \u00abWhat I&#8217;d say\u00bb de Ray Charles ser\u00edan inimaginables sin los coros y, sin embargo, los rostros y nombres de esas voces han pasado d\u00e9cadas en el anonimato, hasta que Morgan Neville les ha puesto el foco encima en \u00abA<\/p>\n","protected":false},"author":1,"featured_media":14007,"comment_status":"open","ping_status":"closed","sticky":false,"template":"","format":"standard","meta":{"footnotes":""},"categories":[224],"tags":[],"class_list":{"0":"post-14006","1":"post","2":"type-post","3":"status-publish","4":"format-standard","5":"has-post-thumbnail","7":"category-noticias-actualidad"},"aioseo_notices":[],"aioseo_head":"\n\t\t<!-- All in One SEO Pro 4.9.6.1 - aioseo.com -->\n\t<meta name=\"description\" content=\"Madrid, 26 may (EFE).- Canciones legendarias como &quot;Walk on the wild side&quot; de Lou Reed o &quot;What I&#039;d say&quot; de Ray Charles ser\u00edan inimaginables sin los coros y, sin embargo, los rostros y nombres de esas voces han pasado d\u00e9cadas en el anonimato, hasta que Morgan Neville les ha puesto el foco encima en &quot;A\" \/>\n\t<meta name=\"robots\" content=\"max-image-preview:large\" \/>\n\t<meta name=\"author\" content=\"admin\"\/>\n\t<meta name=\"google-site-verification\" content=\"UA-38556648-1\" \/>\n\t<meta name=\"keywords\" content=\"noticias y actualidad\" \/>\n\t<link rel=\"canonical\" href=\"https:\/\/eldigitaldeasturias.com\/magazine365\/a-20-pasos-de-la-fama-las-coristas-del-rock-dan-un-paso-al-frente\/\" \/>\n\t<meta name=\"generator\" content=\"All in One SEO Pro (AIOSEO) 4.9.6.1\" \/>\n\t\t<meta property=\"og:locale\" content=\"es_ES\" \/>\n\t\t<meta property=\"og:site_name\" content=\"El Digital de Asturias \u2013 Revista de ocio, turismo y estilo de vida\" \/>\n\t\t<meta property=\"og:type\" content=\"article\" \/>\n\t\t<meta property=\"og:title\" content=\"\u00abA 20 pasos de la fama\u00bb, las coristas del rock dan un paso al frente | El Digital de Asturias\" \/>\n\t\t<meta property=\"og:description\" content=\"Madrid, 26 may (EFE).- Canciones legendarias como &quot;Walk on the wild side&quot; de Lou Reed o &quot;What I&#039;d say&quot; de Ray Charles ser\u00edan inimaginables sin los coros y, sin embargo, los rostros y nombres de esas voces han pasado d\u00e9cadas en el anonimato, hasta que Morgan Neville les ha puesto el foco encima en &quot;A\" \/>\n\t\t<meta property=\"og:url\" content=\"https:\/\/eldigitaldeasturias.com\/magazine365\/a-20-pasos-de-la-fama-las-coristas-del-rock-dan-un-paso-al-frente\/\" \/>\n\t\t<meta property=\"og:image\" content=\"https:\/\/eldigitaldeasturias.com\/magazine365\/wp-content\/uploads\/2014\/05\/6302649w.jpg\" \/>\n\t\t<meta property=\"og:image:secure_url\" content=\"https:\/\/eldigitaldeasturias.com\/magazine365\/wp-content\/uploads\/2014\/05\/6302649w.jpg\" \/>\n\t\t<meta property=\"og:image:width\" content=\"800\" \/>\n\t\t<meta property=\"og:image:height\" content=\"449\" \/>\n\t\t<meta property=\"article:published_time\" content=\"2014-05-27T05:58:28+00:00\" \/>\n\t\t<meta property=\"article:modified_time\" content=\"2014-06-01T01:42:53+00:00\" \/>\n\t\t<meta name=\"twitter:card\" content=\"summary_large_image\" \/>\n\t\t<meta name=\"twitter:title\" content=\"\u00abA 20 pasos de la fama\u00bb, las coristas del rock dan un paso al frente | El Digital de Asturias\" \/>\n\t\t<meta name=\"twitter:description\" content=\"Madrid, 26 may (EFE).- Canciones legendarias como &quot;Walk on the wild side&quot; de Lou Reed o &quot;What I&#039;d say&quot; de Ray Charles ser\u00edan inimaginables sin los coros y, sin embargo, los rostros y nombres de esas voces han pasado d\u00e9cadas en el anonimato, hasta que Morgan Neville les ha puesto el foco encima en &quot;A\" \/>\n\t\t<meta name=\"twitter:image\" content=\"https:\/\/eldigitaldeasturias.com\/magazine365\/wp-content\/uploads\/2014\/05\/6302649w.jpg\" \/>\n\t\t<script type=\"application\/ld+json\" class=\"aioseo-schema\">\n\t\t\t{\"@context\":\"https:\\\/\\\/schema.org\",\"@graph\":[{\"@type\":\"Article\",\"@id\":\"https:\\\/\\\/eldigitaldeasturias.com\\\/magazine365\\\/a-20-pasos-de-la-fama-las-coristas-del-rock-dan-un-paso-al-frente\\\/#article\",\"name\":\"\\u00abA 20 pasos de la fama\\u00bb, las coristas del rock dan un paso al frente | El Digital de Asturias\",\"headline\":\"\\u00abA 20 pasos de la fama\\u00bb, las coristas del rock dan un paso al frente\",\"author\":{\"@id\":\"https:\\\/\\\/eldigitaldeasturias.com\\\/magazine365\\\/author\\\/admin\\\/#author\"},\"publisher\":{\"@id\":\"https:\\\/\\\/eldigitaldeasturias.com\\\/magazine365\\\/#organization\"},\"image\":{\"@type\":\"ImageObject\",\"url\":\"https:\\\/\\\/eldigitaldeasturias.com\\\/magazine365\\\/wp-content\\\/uploads\\\/2014\\\/05\\\/6302649w.jpg\",\"width\":800,\"height\":449},\"datePublished\":\"2014-05-27T03:58:28+02:00\",\"dateModified\":\"2014-05-31T23:42:53+02:00\",\"inLanguage\":\"es-ES\",\"mainEntityOfPage\":{\"@id\":\"https:\\\/\\\/eldigitaldeasturias.com\\\/magazine365\\\/a-20-pasos-de-la-fama-las-coristas-del-rock-dan-un-paso-al-frente\\\/#webpage\"},\"isPartOf\":{\"@id\":\"https:\\\/\\\/eldigitaldeasturias.com\\\/magazine365\\\/a-20-pasos-de-la-fama-las-coristas-del-rock-dan-un-paso-al-frente\\\/#webpage\"},\"articleSection\":\"Noticias y Actualidad\"},{\"@type\":\"BreadcrumbList\",\"@id\":\"https:\\\/\\\/eldigitaldeasturias.com\\\/magazine365\\\/a-20-pasos-de-la-fama-las-coristas-del-rock-dan-un-paso-al-frente\\\/#breadcrumblist\",\"itemListElement\":[{\"@type\":\"ListItem\",\"@id\":\"https:\\\/\\\/eldigitaldeasturias.com\\\/magazine365#listItem\",\"position\":1,\"name\":\"Home\",\"item\":\"https:\\\/\\\/eldigitaldeasturias.com\\\/magazine365\",\"nextItem\":{\"@type\":\"ListItem\",\"@id\":\"https:\\\/\\\/eldigitaldeasturias.com\\\/magazine365\\\/category\\\/noticias-actualidad\\\/#listItem\",\"name\":\"Noticias y Actualidad\"}},{\"@type\":\"ListItem\",\"@id\":\"https:\\\/\\\/eldigitaldeasturias.com\\\/magazine365\\\/category\\\/noticias-actualidad\\\/#listItem\",\"position\":2,\"name\":\"Noticias y Actualidad\",\"item\":\"https:\\\/\\\/eldigitaldeasturias.com\\\/magazine365\\\/category\\\/noticias-actualidad\\\/\",\"nextItem\":{\"@type\":\"ListItem\",\"@id\":\"https:\\\/\\\/eldigitaldeasturias.com\\\/magazine365\\\/a-20-pasos-de-la-fama-las-coristas-del-rock-dan-un-paso-al-frente\\\/#listItem\",\"name\":\"\\u00abA 20 pasos de la fama\\u00bb, las coristas del rock dan un paso al frente\"},\"previousItem\":{\"@type\":\"ListItem\",\"@id\":\"https:\\\/\\\/eldigitaldeasturias.com\\\/magazine365#listItem\",\"name\":\"Home\"}},{\"@type\":\"ListItem\",\"@id\":\"https:\\\/\\\/eldigitaldeasturias.com\\\/magazine365\\\/a-20-pasos-de-la-fama-las-coristas-del-rock-dan-un-paso-al-frente\\\/#listItem\",\"position\":3,\"name\":\"\\u00abA 20 pasos de la fama\\u00bb, las coristas del rock dan un paso al frente\",\"previousItem\":{\"@type\":\"ListItem\",\"@id\":\"https:\\\/\\\/eldigitaldeasturias.com\\\/magazine365\\\/category\\\/noticias-actualidad\\\/#listItem\",\"name\":\"Noticias y Actualidad\"}}]},{\"@type\":\"Organization\",\"@id\":\"https:\\\/\\\/eldigitaldeasturias.com\\\/magazine365\\\/#organization\",\"name\":\"El digital de Asturias\",\"description\":\"Revista de ocio, turismo y estilo de vida\",\"url\":\"https:\\\/\\\/eldigitaldeasturias.com\\\/magazine365\\\/\",\"logo\":{\"@type\":\"ImageObject\",\"url\":\"https:\\\/\\\/www.eldigitaldeasturias.com\\\/noticias\\\/wp-content\\\/uploads\\\/2020\\\/12\\\/EDA.jpg\",\"@id\":\"https:\\\/\\\/eldigitaldeasturias.com\\\/magazine365\\\/a-20-pasos-de-la-fama-las-coristas-del-rock-dan-un-paso-al-frente\\\/#organizationLogo\"},\"image\":{\"@id\":\"https:\\\/\\\/eldigitaldeasturias.com\\\/magazine365\\\/a-20-pasos-de-la-fama-las-coristas-del-rock-dan-un-paso-al-frente\\\/#organizationLogo\"}},{\"@type\":\"Person\",\"@id\":\"https:\\\/\\\/eldigitaldeasturias.com\\\/magazine365\\\/author\\\/admin\\\/#author\",\"url\":\"https:\\\/\\\/eldigitaldeasturias.com\\\/magazine365\\\/author\\\/admin\\\/\",\"name\":\"admin\",\"image\":{\"@type\":\"ImageObject\",\"@id\":\"https:\\\/\\\/eldigitaldeasturias.com\\\/magazine365\\\/a-20-pasos-de-la-fama-las-coristas-del-rock-dan-un-paso-al-frente\\\/#authorImage\",\"url\":\"https:\\\/\\\/eldigitaldeasturias.com\\\/magazine365\\\/wp-content\\\/litespeed\\\/avatar\\\/e571bcf59a0edd6fa6838245a470f2fe.jpg?ver=1776969259\",\"width\":96,\"height\":96,\"caption\":\"admin\"}},{\"@type\":\"WebPage\",\"@id\":\"https:\\\/\\\/eldigitaldeasturias.com\\\/magazine365\\\/a-20-pasos-de-la-fama-las-coristas-del-rock-dan-un-paso-al-frente\\\/#webpage\",\"url\":\"https:\\\/\\\/eldigitaldeasturias.com\\\/magazine365\\\/a-20-pasos-de-la-fama-las-coristas-del-rock-dan-un-paso-al-frente\\\/\",\"name\":\"\\u00abA 20 pasos de la fama\\u00bb, las coristas del rock dan un paso al frente | El Digital de Asturias\",\"description\":\"Madrid, 26 may (EFE).- Canciones legendarias como \\\"Walk on the wild side\\\" de Lou Reed o \\\"What I'd say\\\" de Ray Charles ser\\u00edan inimaginables sin los coros y, sin embargo, los rostros y nombres de esas voces han pasado d\\u00e9cadas en el anonimato, hasta que Morgan Neville les ha puesto el foco encima en \\\"A\",\"inLanguage\":\"es-ES\",\"isPartOf\":{\"@id\":\"https:\\\/\\\/eldigitaldeasturias.com\\\/magazine365\\\/#website\"},\"breadcrumb\":{\"@id\":\"https:\\\/\\\/eldigitaldeasturias.com\\\/magazine365\\\/a-20-pasos-de-la-fama-las-coristas-del-rock-dan-un-paso-al-frente\\\/#breadcrumblist\"},\"author\":{\"@id\":\"https:\\\/\\\/eldigitaldeasturias.com\\\/magazine365\\\/author\\\/admin\\\/#author\"},\"creator\":{\"@id\":\"https:\\\/\\\/eldigitaldeasturias.com\\\/magazine365\\\/author\\\/admin\\\/#author\"},\"image\":{\"@type\":\"ImageObject\",\"url\":\"https:\\\/\\\/eldigitaldeasturias.com\\\/magazine365\\\/wp-content\\\/uploads\\\/2014\\\/05\\\/6302649w.jpg\",\"@id\":\"https:\\\/\\\/eldigitaldeasturias.com\\\/magazine365\\\/a-20-pasos-de-la-fama-las-coristas-del-rock-dan-un-paso-al-frente\\\/#mainImage\",\"width\":800,\"height\":449},\"primaryImageOfPage\":{\"@id\":\"https:\\\/\\\/eldigitaldeasturias.com\\\/magazine365\\\/a-20-pasos-de-la-fama-las-coristas-del-rock-dan-un-paso-al-frente\\\/#mainImage\"},\"datePublished\":\"2014-05-27T03:58:28+02:00\",\"dateModified\":\"2014-05-31T23:42:53+02:00\"},{\"@type\":\"WebSite\",\"@id\":\"https:\\\/\\\/eldigitaldeasturias.com\\\/magazine365\\\/#website\",\"url\":\"https:\\\/\\\/eldigitaldeasturias.com\\\/magazine365\\\/\",\"name\":\"El Digital de Asturias\",\"description\":\"Revista de ocio, turismo y estilo de vida\",\"inLanguage\":\"es-ES\",\"publisher\":{\"@id\":\"https:\\\/\\\/eldigitaldeasturias.com\\\/magazine365\\\/#organization\"}}]}\n\t\t<\/script>\n\t\t<!-- All in One SEO Pro -->\r\n\t\t<title>\u00abA 20 pasos de la fama\u00bb, las coristas del rock dan un paso al frente | El Digital de Asturias<\/title>\n\n","aioseo_head_json":{"title":"\u00abA 20 pasos de la fama\u00bb, las coristas del rock dan un paso al frente | El Digital de Asturias","description":"Madrid, 26 may (EFE).- Canciones legendarias como \"Walk on the wild side\" de Lou Reed o \"What I'd say\" de Ray Charles ser\u00edan inimaginables sin los coros y, sin embargo, los rostros y nombres de esas voces han pasado d\u00e9cadas en el anonimato, hasta que Morgan Neville les ha puesto el foco encima en \"A","canonical_url":"https:\/\/eldigitaldeasturias.com\/magazine365\/a-20-pasos-de-la-fama-las-coristas-del-rock-dan-un-paso-al-frente\/","robots":"max-image-preview:large","keywords":"noticias y actualidad","webmasterTools":{"google-site-verification":"UA-38556648-1","miscellaneous":""},"schema":{"@context":"https:\/\/schema.org","@graph":[{"@type":"Article","@id":"https:\/\/eldigitaldeasturias.com\/magazine365\/a-20-pasos-de-la-fama-las-coristas-del-rock-dan-un-paso-al-frente\/#article","name":"\u00abA 20 pasos de la fama\u00bb, las coristas del rock dan un paso al frente | El Digital de Asturias","headline":"\u00abA 20 pasos de la fama\u00bb, las coristas del rock dan un paso al frente","author":{"@id":"https:\/\/eldigitaldeasturias.com\/magazine365\/author\/admin\/#author"},"publisher":{"@id":"https:\/\/eldigitaldeasturias.com\/magazine365\/#organization"},"image":{"@type":"ImageObject","url":"https:\/\/eldigitaldeasturias.com\/magazine365\/wp-content\/uploads\/2014\/05\/6302649w.jpg","width":800,"height":449},"datePublished":"2014-05-27T03:58:28+02:00","dateModified":"2014-05-31T23:42:53+02:00","inLanguage":"es-ES","mainEntityOfPage":{"@id":"https:\/\/eldigitaldeasturias.com\/magazine365\/a-20-pasos-de-la-fama-las-coristas-del-rock-dan-un-paso-al-frente\/#webpage"},"isPartOf":{"@id":"https:\/\/eldigitaldeasturias.com\/magazine365\/a-20-pasos-de-la-fama-las-coristas-del-rock-dan-un-paso-al-frente\/#webpage"},"articleSection":"Noticias y Actualidad"},{"@type":"BreadcrumbList","@id":"https:\/\/eldigitaldeasturias.com\/magazine365\/a-20-pasos-de-la-fama-las-coristas-del-rock-dan-un-paso-al-frente\/#breadcrumblist","itemListElement":[{"@type":"ListItem","@id":"https:\/\/eldigitaldeasturias.com\/magazine365#listItem","position":1,"name":"Home","item":"https:\/\/eldigitaldeasturias.com\/magazine365","nextItem":{"@type":"ListItem","@id":"https:\/\/eldigitaldeasturias.com\/magazine365\/category\/noticias-actualidad\/#listItem","name":"Noticias y Actualidad"}},{"@type":"ListItem","@id":"https:\/\/eldigitaldeasturias.com\/magazine365\/category\/noticias-actualidad\/#listItem","position":2,"name":"Noticias y Actualidad","item":"https:\/\/eldigitaldeasturias.com\/magazine365\/category\/noticias-actualidad\/","nextItem":{"@type":"ListItem","@id":"https:\/\/eldigitaldeasturias.com\/magazine365\/a-20-pasos-de-la-fama-las-coristas-del-rock-dan-un-paso-al-frente\/#listItem","name":"\u00abA 20 pasos de la fama\u00bb, las coristas del rock dan un paso al frente"},"previousItem":{"@type":"ListItem","@id":"https:\/\/eldigitaldeasturias.com\/magazine365#listItem","name":"Home"}},{"@type":"ListItem","@id":"https:\/\/eldigitaldeasturias.com\/magazine365\/a-20-pasos-de-la-fama-las-coristas-del-rock-dan-un-paso-al-frente\/#listItem","position":3,"name":"\u00abA 20 pasos de la fama\u00bb, las coristas del rock dan un paso al frente","previousItem":{"@type":"ListItem","@id":"https:\/\/eldigitaldeasturias.com\/magazine365\/category\/noticias-actualidad\/#listItem","name":"Noticias y Actualidad"}}]},{"@type":"Organization","@id":"https:\/\/eldigitaldeasturias.com\/magazine365\/#organization","name":"El digital de Asturias","description":"Revista de ocio, turismo y estilo de vida","url":"https:\/\/eldigitaldeasturias.com\/magazine365\/","logo":{"@type":"ImageObject","url":"https:\/\/www.eldigitaldeasturias.com\/noticias\/wp-content\/uploads\/2020\/12\/EDA.jpg","@id":"https:\/\/eldigitaldeasturias.com\/magazine365\/a-20-pasos-de-la-fama-las-coristas-del-rock-dan-un-paso-al-frente\/#organizationLogo"},"image":{"@id":"https:\/\/eldigitaldeasturias.com\/magazine365\/a-20-pasos-de-la-fama-las-coristas-del-rock-dan-un-paso-al-frente\/#organizationLogo"}},{"@type":"Person","@id":"https:\/\/eldigitaldeasturias.com\/magazine365\/author\/admin\/#author","url":"https:\/\/eldigitaldeasturias.com\/magazine365\/author\/admin\/","name":"admin","image":{"@type":"ImageObject","@id":"https:\/\/eldigitaldeasturias.com\/magazine365\/a-20-pasos-de-la-fama-las-coristas-del-rock-dan-un-paso-al-frente\/#authorImage","url":"https:\/\/eldigitaldeasturias.com\/magazine365\/wp-content\/litespeed\/avatar\/e571bcf59a0edd6fa6838245a470f2fe.jpg?ver=1776969259","width":96,"height":96,"caption":"admin"}},{"@type":"WebPage","@id":"https:\/\/eldigitaldeasturias.com\/magazine365\/a-20-pasos-de-la-fama-las-coristas-del-rock-dan-un-paso-al-frente\/#webpage","url":"https:\/\/eldigitaldeasturias.com\/magazine365\/a-20-pasos-de-la-fama-las-coristas-del-rock-dan-un-paso-al-frente\/","name":"\u00abA 20 pasos de la fama\u00bb, las coristas del rock dan un paso al frente | El Digital de Asturias","description":"Madrid, 26 may (EFE).- Canciones legendarias como \"Walk on the wild side\" de Lou Reed o \"What I'd say\" de Ray Charles ser\u00edan inimaginables sin los coros y, sin embargo, los rostros y nombres de esas voces han pasado d\u00e9cadas en el anonimato, hasta que Morgan Neville les ha puesto el foco encima en \"A","inLanguage":"es-ES","isPartOf":{"@id":"https:\/\/eldigitaldeasturias.com\/magazine365\/#website"},"breadcrumb":{"@id":"https:\/\/eldigitaldeasturias.com\/magazine365\/a-20-pasos-de-la-fama-las-coristas-del-rock-dan-un-paso-al-frente\/#breadcrumblist"},"author":{"@id":"https:\/\/eldigitaldeasturias.com\/magazine365\/author\/admin\/#author"},"creator":{"@id":"https:\/\/eldigitaldeasturias.com\/magazine365\/author\/admin\/#author"},"image":{"@type":"ImageObject","url":"https:\/\/eldigitaldeasturias.com\/magazine365\/wp-content\/uploads\/2014\/05\/6302649w.jpg","@id":"https:\/\/eldigitaldeasturias.com\/magazine365\/a-20-pasos-de-la-fama-las-coristas-del-rock-dan-un-paso-al-frente\/#mainImage","width":800,"height":449},"primaryImageOfPage":{"@id":"https:\/\/eldigitaldeasturias.com\/magazine365\/a-20-pasos-de-la-fama-las-coristas-del-rock-dan-un-paso-al-frente\/#mainImage"},"datePublished":"2014-05-27T03:58:28+02:00","dateModified":"2014-05-31T23:42:53+02:00"},{"@type":"WebSite","@id":"https:\/\/eldigitaldeasturias.com\/magazine365\/#website","url":"https:\/\/eldigitaldeasturias.com\/magazine365\/","name":"El Digital de Asturias","description":"Revista de ocio, turismo y estilo de vida","inLanguage":"es-ES","publisher":{"@id":"https:\/\/eldigitaldeasturias.com\/magazine365\/#organization"}}]},"og:locale":"es_ES","og:site_name":"El Digital de Asturias \u2013 Revista de ocio, turismo y estilo de vida","og:type":"article","og:title":"\u00abA 20 pasos de la fama\u00bb, las coristas del rock dan un paso al frente | El Digital de Asturias","og:description":"Madrid, 26 may (EFE).- Canciones legendarias como &quot;Walk on the wild side&quot; de Lou Reed o &quot;What I'd say&quot; de Ray Charles ser\u00edan inimaginables sin los coros y, sin embargo, los rostros y nombres de esas voces han pasado d\u00e9cadas en el anonimato, hasta que Morgan Neville les ha puesto el foco encima en &quot;A","og:url":"https:\/\/eldigitaldeasturias.com\/magazine365\/a-20-pasos-de-la-fama-las-coristas-del-rock-dan-un-paso-al-frente\/","og:image":"https:\/\/eldigitaldeasturias.com\/magazine365\/wp-content\/uploads\/2014\/05\/6302649w.jpg","og:image:secure_url":"https:\/\/eldigitaldeasturias.com\/magazine365\/wp-content\/uploads\/2014\/05\/6302649w.jpg","og:image:width":800,"og:image:height":449,"article:published_time":"2014-05-27T05:58:28+00:00","article:modified_time":"2014-06-01T01:42:53+00:00","twitter:card":"summary_large_image","twitter:title":"\u00abA 20 pasos de la fama\u00bb, las coristas del rock dan un paso al frente | El Digital de Asturias","twitter:description":"Madrid, 26 may (EFE).- Canciones legendarias como &quot;Walk on the wild side&quot; de Lou Reed o &quot;What I'd say&quot; de Ray Charles ser\u00edan inimaginables sin los coros y, sin embargo, los rostros y nombres de esas voces han pasado d\u00e9cadas en el anonimato, hasta que Morgan Neville les ha puesto el foco encima en &quot;A","twitter:image":"https:\/\/eldigitaldeasturias.com\/magazine365\/wp-content\/uploads\/2014\/05\/6302649w.jpg"},"aioseo_meta_data":{"post_id":"14006","title":null,"description":null,"keywords":null,"keyphrases":null,"primary_term":null,"canonical_url":null,"og_title":null,"og_description":null,"og_object_type":"default","og_image_type":"default","og_image_url":null,"og_image_width":null,"og_image_height":null,"og_image_custom_url":null,"og_image_custom_fields":null,"og_video":null,"og_custom_url":null,"og_article_section":null,"og_article_tags":null,"twitter_use_og":false,"twitter_card":"default","twitter_image_type":"default","twitter_image_url":null,"twitter_image_custom_url":null,"twitter_image_custom_fields":null,"twitter_title":null,"twitter_description":null,"schema":{"blockGraphs":[],"customGraphs":[],"default":{"data":{"Article":[],"Course":[],"Dataset":[],"FAQPage":[],"Movie":[],"Person":[],"Product":[],"ProductReview":[],"Car":[],"Recipe":[],"Service":[],"SoftwareApplication":[],"WebPage":[]},"graphName":"","isEnabled":true},"graphs":[],"defaultGraph":"","defaultPostTypeGraph":""},"schema_type":null,"schema_type_options":null,"pillar_content":false,"robots_default":true,"robots_noindex":false,"robots_noarchive":false,"robots_nosnippet":false,"robots_nofollow":false,"robots_noimageindex":false,"robots_noodp":false,"robots_notranslate":false,"robots_max_snippet":null,"robots_max_videopreview":null,"robots_max_imagepreview":"large","priority":null,"frequency":null,"location":null,"local_seo":null,"seo_analyzer_scan_date":"2025-09-17 09:20:50","breadcrumb_settings":null,"limit_modified_date":false,"open_ai":null,"ai":null,"created":"2021-03-09 08:20:43","updated":"2025-09-17 09:20:50"},"aioseo_breadcrumb":"<div class=\"aioseo-breadcrumbs\"><span class=\"aioseo-breadcrumb\">\n\t<a href=\"https:\/\/eldigitaldeasturias.com\/magazine365\" title=\"Home\">Home<\/a>\n<\/span><span class=\"aioseo-breadcrumb-separator\">\u2013<\/span><span class=\"aioseo-breadcrumb\">\n\t<a href=\"https:\/\/eldigitaldeasturias.com\/magazine365\/category\/noticias-actualidad\/\" title=\"Noticias y Actualidad\">Noticias y Actualidad<\/a>\n<\/span><span class=\"aioseo-breadcrumb-separator\">\u2013<\/span><span class=\"aioseo-breadcrumb\">\n\t<a href=\"https:\/\/eldigitaldeasturias.com\/magazine365\/a-20-pasos-de-la-fama-las-coristas-del-rock-dan-un-paso-al-frente\/\" title=\"\u00abA 20 pasos de la fama\u00bb, las coristas del rock dan un paso al frente\">\u00abA 20 pasos de la fama\u00bb, las coristas del rock dan un paso al frente<\/a>\n<\/span><\/div>","aioseo_breadcrumb_json":[{"label":"Home","link":"https:\/\/eldigitaldeasturias.com\/magazine365"},{"label":"Noticias y Actualidad","link":"https:\/\/eldigitaldeasturias.com\/magazine365\/category\/noticias-actualidad\/"},{"label":"\u00abA 20 pasos de la fama\u00bb, las coristas del rock dan un paso al frente","link":"https:\/\/eldigitaldeasturias.com\/magazine365\/a-20-pasos-de-la-fama-las-coristas-del-rock-dan-un-paso-al-frente\/"}],"_links":{"self":[{"href":"https:\/\/eldigitaldeasturias.com\/magazine365\/wp-json\/wp\/v2\/posts\/14006","targetHints":{"allow":["GET"]}}],"collection":[{"href":"https:\/\/eldigitaldeasturias.com\/magazine365\/wp-json\/wp\/v2\/posts"}],"about":[{"href":"https:\/\/eldigitaldeasturias.com\/magazine365\/wp-json\/wp\/v2\/types\/post"}],"author":[{"embeddable":true,"href":"https:\/\/eldigitaldeasturias.com\/magazine365\/wp-json\/wp\/v2\/users\/1"}],"replies":[{"embeddable":true,"href":"https:\/\/eldigitaldeasturias.com\/magazine365\/wp-json\/wp\/v2\/comments?post=14006"}],"version-history":[{"count":0,"href":"https:\/\/eldigitaldeasturias.com\/magazine365\/wp-json\/wp\/v2\/posts\/14006\/revisions"}],"wp:featuredmedia":[{"embeddable":true,"href":"https:\/\/eldigitaldeasturias.com\/magazine365\/wp-json\/wp\/v2\/media\/14007"}],"wp:attachment":[{"href":"https:\/\/eldigitaldeasturias.com\/magazine365\/wp-json\/wp\/v2\/media?parent=14006"}],"wp:term":[{"taxonomy":"category","embeddable":true,"href":"https:\/\/eldigitaldeasturias.com\/magazine365\/wp-json\/wp\/v2\/categories?post=14006"},{"taxonomy":"post_tag","embeddable":true,"href":"https:\/\/eldigitaldeasturias.com\/magazine365\/wp-json\/wp\/v2\/tags?post=14006"}],"curies":[{"name":"wp","href":"https:\/\/api.w.org\/{rel}","templated":true}]}}