{"id":14003,"date":"2014-05-27T03:57:26","date_gmt":"2014-05-27T05:57:26","guid":{"rendered":"http:\/\/eldigitaldeasturias.com\/magazine365\/?p=14003"},"modified":"2014-05-27T03:57:26","modified_gmt":"2014-05-27T05:57:26","slug":"josep-carreras-y-ainhoa-arteta-actuaran-juntos-en-starlite-festival-marbella","status":"publish","type":"post","link":"https:\/\/eldigitaldeasturias.com\/magazine365\/josep-carreras-y-ainhoa-arteta-actuaran-juntos-en-starlite-festival-marbella\/","title":{"rendered":"Josep Carreras y Ainhoa Arteta actuar\u00e1n juntos en Starlite Festival Marbella"},"content":{"rendered":"<p><img fetchpriority=\"high\" decoding=\"async\" class=\"alignleft size-medium wp-image-14004\" alt=\"6302256w\" src=\"https:\/\/eldigitaldeasturias.com\/magazine365\/wp-content\/uploads\/2014\/05\/6302256w-360x255.jpg\" width=\"360\" height=\"255\" \/>Marbella (M\u00e1laga), 26 may EFE.- El tenor catal\u00e1n Josep Carreras y la soprano vasca Ainhoa Arteta protagonizar\u00e1n juntos una noche de \u00f3pera el 31 de julio en el festival de conciertos \u00abStarlite\u00bb, que se celebrar\u00e1 en Marbella entre el 23 de julio y el 23 de agosto, seg\u00fan ha informado hoy la organizaci\u00f3n del evento en un comunicado.<\/p>\n<p>Las dos referencias de la interpretaci\u00f3n l\u00edrica mundial estar\u00e1n acompa\u00f1ados por la Orquesta Filarm\u00f3nica de M\u00e1laga, compuesta por 60 m\u00fasicos y dirigida por el maestro David Gim\u00e9nez, y la organizaci\u00f3n ha se\u00f1alado que \u00abser\u00e1 un elenco de lujo que convertir\u00e1 la cita en una noche m\u00e1gica\u00bb.<\/p>\n<p>El tenor se ha mostrado ilusionado por actuar en la cita art\u00edstica marbell\u00ed -que este a\u00f1o celebra su tercera edici\u00f3n- \u00abm\u00e1s cerca que nunca\u00bb del p\u00fablico.<\/p>\n<p>Carreras, distinguido por sus interpretaciones de obras de Giuseppe Verdi y Giacomo Puccini, fue uno de los integrantes de Los Tres Tenores, junto a Luciano Pavarotti y Pl\u00e1cido Domingo.<\/p>\n<p>El tenor catal\u00e1n se reencuentra sobre un escenario con Arteta tras la actuaci\u00f3n que protagonizaron juntos en el Palau de la M\u00fasica en 2007.<\/p>\n<p>La soprano, que ultima su participaci\u00f3n en la obra \u00abLa Wally\u00bb en el Gran Teathre de G\u00e9nova, es uno de los nombres espa\u00f1oles que han despuntado en los principales escenarios l\u00edricos del mundo y ha trabajado junto a los m\u00e1s reputados maestros y pianistas.<\/p>\n<p>\u00abSus voces, aut\u00e9nticos referentes internacionales, demostrar\u00e1n unidas la inigualable ac\u00fastica que ya en 1983, tras la primera actuaci\u00f3n en la cantera de Marbella ofrecida por Pl\u00e1cido Domingo, supuso el germen de Starlite\u00bb, a\u00f1ade la organizaci\u00f3n.<\/p>\n<p>David Gim\u00e9nez ha dirigido a las orquestas m\u00e1s importantes del mundo y la Filarm\u00f3nica de M\u00e1laga es conocida por cosechar importantes \u00e9xitos en renombrados teatros, festivales nacionales y giras por Europa.<\/p>\n<p>Otros nombres del mundo de la m\u00fasica internacional que han confirmado su presencia en el festival de m\u00fasica de Marbella (M\u00e1laga) \u00abStarlite\u00bb, cuyo aforo es de 2.200 localidades, son Tom Jones, Alejandro Sanz, Julio Iglesias o Chucho Vald\u00e9s, entre otros.<\/p>\n","protected":false},"excerpt":{"rendered":"<p>Marbella (M\u00e1laga), 26 may EFE.- El tenor catal\u00e1n Josep Carreras y la soprano vasca Ainhoa Arteta protagonizar\u00e1n juntos una noche de \u00f3pera el 31 de julio en el festival de conciertos \u00abStarlite\u00bb, que se celebrar\u00e1 en Marbella entre el 23 de julio y el 23 de agosto, seg\u00fan ha informado hoy la organizaci\u00f3n del evento<\/p>\n","protected":false},"author":1,"featured_media":14004,"comment_status":"open","ping_status":"closed","sticky":false,"template":"","format":"standard","meta":{"footnotes":""},"categories":[224],"tags":[],"class_list":{"0":"post-14003","1":"post","2":"type-post","3":"status-publish","4":"format-standard","5":"has-post-thumbnail","7":"category-noticias-actualidad"},"aioseo_notices":[],"aioseo_head":"\n\t\t<!-- All in One SEO Pro 4.9.6.1 - aioseo.com -->\n\t<meta name=\"description\" content=\"Marbella (M\u00e1laga), 26 may EFE.- El tenor catal\u00e1n Josep Carreras y la soprano vasca Ainhoa Arteta protagonizar\u00e1n juntos una noche de \u00f3pera el 31 de julio en el festival de conciertos &quot;Starlite&quot;, que se celebrar\u00e1 en Marbella entre el 23 de julio y el 23 de agosto, seg\u00fan ha informado hoy la organizaci\u00f3n del evento\" \/>\n\t<meta name=\"robots\" content=\"max-image-preview:large\" \/>\n\t<meta name=\"author\" content=\"admin\"\/>\n\t<meta name=\"google-site-verification\" content=\"UA-38556648-1\" \/>\n\t<meta name=\"keywords\" content=\"noticias y actualidad\" \/>\n\t<link rel=\"canonical\" href=\"https:\/\/eldigitaldeasturias.com\/magazine365\/josep-carreras-y-ainhoa-arteta-actuaran-juntos-en-starlite-festival-marbella\/\" \/>\n\t<meta name=\"generator\" content=\"All in One SEO Pro (AIOSEO) 4.9.6.1\" \/>\n\t\t<meta property=\"og:locale\" content=\"es_ES\" \/>\n\t\t<meta property=\"og:site_name\" content=\"El Digital de Asturias \u2013 Revista de ocio, turismo y estilo de vida\" \/>\n\t\t<meta property=\"og:type\" content=\"article\" \/>\n\t\t<meta property=\"og:title\" content=\"Josep Carreras y Ainhoa Arteta actuar\u00e1n juntos en Starlite Festival Marbella | El Digital de Asturias\" \/>\n\t\t<meta property=\"og:description\" content=\"Marbella (M\u00e1laga), 26 may EFE.- El tenor catal\u00e1n Josep Carreras y la soprano vasca Ainhoa Arteta protagonizar\u00e1n juntos una noche de \u00f3pera el 31 de julio en el festival de conciertos &quot;Starlite&quot;, que se celebrar\u00e1 en Marbella entre el 23 de julio y el 23 de agosto, seg\u00fan ha informado hoy la organizaci\u00f3n del evento\" \/>\n\t\t<meta property=\"og:url\" content=\"https:\/\/eldigitaldeasturias.com\/magazine365\/josep-carreras-y-ainhoa-arteta-actuaran-juntos-en-starlite-festival-marbella\/\" \/>\n\t\t<meta property=\"og:image\" content=\"https:\/\/eldigitaldeasturias.com\/magazine365\/wp-content\/uploads\/2014\/05\/6302256w.jpg\" \/>\n\t\t<meta property=\"og:image:secure_url\" content=\"https:\/\/eldigitaldeasturias.com\/magazine365\/wp-content\/uploads\/2014\/05\/6302256w.jpg\" \/>\n\t\t<meta property=\"og:image:width\" content=\"800\" \/>\n\t\t<meta property=\"og:image:height\" content=\"568\" \/>\n\t\t<meta property=\"article:published_time\" content=\"2014-05-27T05:57:26+00:00\" \/>\n\t\t<meta property=\"article:modified_time\" content=\"2014-05-27T05:57:26+00:00\" \/>\n\t\t<meta name=\"twitter:card\" content=\"summary_large_image\" \/>\n\t\t<meta name=\"twitter:title\" content=\"Josep Carreras y Ainhoa Arteta actuar\u00e1n juntos en Starlite Festival Marbella | El Digital de Asturias\" \/>\n\t\t<meta name=\"twitter:description\" content=\"Marbella (M\u00e1laga), 26 may EFE.- El tenor catal\u00e1n Josep Carreras y la soprano vasca Ainhoa Arteta protagonizar\u00e1n juntos una noche de \u00f3pera el 31 de julio en el festival de conciertos &quot;Starlite&quot;, que se celebrar\u00e1 en Marbella entre el 23 de julio y el 23 de agosto, seg\u00fan ha informado hoy la organizaci\u00f3n del evento\" \/>\n\t\t<meta name=\"twitter:image\" content=\"https:\/\/eldigitaldeasturias.com\/magazine365\/wp-content\/uploads\/2014\/05\/6302256w.jpg\" \/>\n\t\t<script type=\"application\/ld+json\" class=\"aioseo-schema\">\n\t\t\t{\"@context\":\"https:\\\/\\\/schema.org\",\"@graph\":[{\"@type\":\"Article\",\"@id\":\"https:\\\/\\\/eldigitaldeasturias.com\\\/magazine365\\\/josep-carreras-y-ainhoa-arteta-actuaran-juntos-en-starlite-festival-marbella\\\/#article\",\"name\":\"Josep Carreras y Ainhoa Arteta actuar\\u00e1n juntos en Starlite Festival Marbella | El Digital de Asturias\",\"headline\":\"Josep Carreras y Ainhoa Arteta actuar\\u00e1n juntos en Starlite Festival Marbella\",\"author\":{\"@id\":\"https:\\\/\\\/eldigitaldeasturias.com\\\/magazine365\\\/author\\\/admin\\\/#author\"},\"publisher\":{\"@id\":\"https:\\\/\\\/eldigitaldeasturias.com\\\/magazine365\\\/#organization\"},\"image\":{\"@type\":\"ImageObject\",\"url\":\"https:\\\/\\\/eldigitaldeasturias.com\\\/magazine365\\\/wp-content\\\/uploads\\\/2014\\\/05\\\/6302256w.jpg\",\"width\":800,\"height\":568},\"datePublished\":\"2014-05-27T03:57:26+02:00\",\"dateModified\":\"2014-05-27T03:57:26+02:00\",\"inLanguage\":\"es-ES\",\"mainEntityOfPage\":{\"@id\":\"https:\\\/\\\/eldigitaldeasturias.com\\\/magazine365\\\/josep-carreras-y-ainhoa-arteta-actuaran-juntos-en-starlite-festival-marbella\\\/#webpage\"},\"isPartOf\":{\"@id\":\"https:\\\/\\\/eldigitaldeasturias.com\\\/magazine365\\\/josep-carreras-y-ainhoa-arteta-actuaran-juntos-en-starlite-festival-marbella\\\/#webpage\"},\"articleSection\":\"Noticias y Actualidad\"},{\"@type\":\"BreadcrumbList\",\"@id\":\"https:\\\/\\\/eldigitaldeasturias.com\\\/magazine365\\\/josep-carreras-y-ainhoa-arteta-actuaran-juntos-en-starlite-festival-marbella\\\/#breadcrumblist\",\"itemListElement\":[{\"@type\":\"ListItem\",\"@id\":\"https:\\\/\\\/eldigitaldeasturias.com\\\/magazine365#listItem\",\"position\":1,\"name\":\"Home\",\"item\":\"https:\\\/\\\/eldigitaldeasturias.com\\\/magazine365\",\"nextItem\":{\"@type\":\"ListItem\",\"@id\":\"https:\\\/\\\/eldigitaldeasturias.com\\\/magazine365\\\/category\\\/noticias-actualidad\\\/#listItem\",\"name\":\"Noticias y Actualidad\"}},{\"@type\":\"ListItem\",\"@id\":\"https:\\\/\\\/eldigitaldeasturias.com\\\/magazine365\\\/category\\\/noticias-actualidad\\\/#listItem\",\"position\":2,\"name\":\"Noticias y Actualidad\",\"item\":\"https:\\\/\\\/eldigitaldeasturias.com\\\/magazine365\\\/category\\\/noticias-actualidad\\\/\",\"nextItem\":{\"@type\":\"ListItem\",\"@id\":\"https:\\\/\\\/eldigitaldeasturias.com\\\/magazine365\\\/josep-carreras-y-ainhoa-arteta-actuaran-juntos-en-starlite-festival-marbella\\\/#listItem\",\"name\":\"Josep Carreras y Ainhoa Arteta actuar\\u00e1n juntos en Starlite Festival Marbella\"},\"previousItem\":{\"@type\":\"ListItem\",\"@id\":\"https:\\\/\\\/eldigitaldeasturias.com\\\/magazine365#listItem\",\"name\":\"Home\"}},{\"@type\":\"ListItem\",\"@id\":\"https:\\\/\\\/eldigitaldeasturias.com\\\/magazine365\\\/josep-carreras-y-ainhoa-arteta-actuaran-juntos-en-starlite-festival-marbella\\\/#listItem\",\"position\":3,\"name\":\"Josep Carreras y Ainhoa Arteta actuar\\u00e1n juntos en Starlite Festival Marbella\",\"previousItem\":{\"@type\":\"ListItem\",\"@id\":\"https:\\\/\\\/eldigitaldeasturias.com\\\/magazine365\\\/category\\\/noticias-actualidad\\\/#listItem\",\"name\":\"Noticias y Actualidad\"}}]},{\"@type\":\"Organization\",\"@id\":\"https:\\\/\\\/eldigitaldeasturias.com\\\/magazine365\\\/#organization\",\"name\":\"El digital de Asturias\",\"description\":\"Revista de ocio, turismo y estilo de vida\",\"url\":\"https:\\\/\\\/eldigitaldeasturias.com\\\/magazine365\\\/\",\"logo\":{\"@type\":\"ImageObject\",\"url\":\"https:\\\/\\\/www.eldigitaldeasturias.com\\\/noticias\\\/wp-content\\\/uploads\\\/2020\\\/12\\\/EDA.jpg\",\"@id\":\"https:\\\/\\\/eldigitaldeasturias.com\\\/magazine365\\\/josep-carreras-y-ainhoa-arteta-actuaran-juntos-en-starlite-festival-marbella\\\/#organizationLogo\"},\"image\":{\"@id\":\"https:\\\/\\\/eldigitaldeasturias.com\\\/magazine365\\\/josep-carreras-y-ainhoa-arteta-actuaran-juntos-en-starlite-festival-marbella\\\/#organizationLogo\"}},{\"@type\":\"Person\",\"@id\":\"https:\\\/\\\/eldigitaldeasturias.com\\\/magazine365\\\/author\\\/admin\\\/#author\",\"url\":\"https:\\\/\\\/eldigitaldeasturias.com\\\/magazine365\\\/author\\\/admin\\\/\",\"name\":\"admin\",\"image\":{\"@type\":\"ImageObject\",\"@id\":\"https:\\\/\\\/eldigitaldeasturias.com\\\/magazine365\\\/josep-carreras-y-ainhoa-arteta-actuaran-juntos-en-starlite-festival-marbella\\\/#authorImage\",\"url\":\"https:\\\/\\\/eldigitaldeasturias.com\\\/magazine365\\\/wp-content\\\/litespeed\\\/avatar\\\/e571bcf59a0edd6fa6838245a470f2fe.jpg?ver=1776969259\",\"width\":96,\"height\":96,\"caption\":\"admin\"}},{\"@type\":\"WebPage\",\"@id\":\"https:\\\/\\\/eldigitaldeasturias.com\\\/magazine365\\\/josep-carreras-y-ainhoa-arteta-actuaran-juntos-en-starlite-festival-marbella\\\/#webpage\",\"url\":\"https:\\\/\\\/eldigitaldeasturias.com\\\/magazine365\\\/josep-carreras-y-ainhoa-arteta-actuaran-juntos-en-starlite-festival-marbella\\\/\",\"name\":\"Josep Carreras y Ainhoa Arteta actuar\\u00e1n juntos en Starlite Festival Marbella | El Digital de Asturias\",\"description\":\"Marbella (M\\u00e1laga), 26 may EFE.- El tenor catal\\u00e1n Josep Carreras y la soprano vasca Ainhoa Arteta protagonizar\\u00e1n juntos una noche de \\u00f3pera el 31 de julio en el festival de conciertos \\\"Starlite\\\", que se celebrar\\u00e1 en Marbella entre el 23 de julio y el 23 de agosto, seg\\u00fan ha informado hoy la organizaci\\u00f3n del evento\",\"inLanguage\":\"es-ES\",\"isPartOf\":{\"@id\":\"https:\\\/\\\/eldigitaldeasturias.com\\\/magazine365\\\/#website\"},\"breadcrumb\":{\"@id\":\"https:\\\/\\\/eldigitaldeasturias.com\\\/magazine365\\\/josep-carreras-y-ainhoa-arteta-actuaran-juntos-en-starlite-festival-marbella\\\/#breadcrumblist\"},\"author\":{\"@id\":\"https:\\\/\\\/eldigitaldeasturias.com\\\/magazine365\\\/author\\\/admin\\\/#author\"},\"creator\":{\"@id\":\"https:\\\/\\\/eldigitaldeasturias.com\\\/magazine365\\\/author\\\/admin\\\/#author\"},\"image\":{\"@type\":\"ImageObject\",\"url\":\"https:\\\/\\\/eldigitaldeasturias.com\\\/magazine365\\\/wp-content\\\/uploads\\\/2014\\\/05\\\/6302256w.jpg\",\"@id\":\"https:\\\/\\\/eldigitaldeasturias.com\\\/magazine365\\\/josep-carreras-y-ainhoa-arteta-actuaran-juntos-en-starlite-festival-marbella\\\/#mainImage\",\"width\":800,\"height\":568},\"primaryImageOfPage\":{\"@id\":\"https:\\\/\\\/eldigitaldeasturias.com\\\/magazine365\\\/josep-carreras-y-ainhoa-arteta-actuaran-juntos-en-starlite-festival-marbella\\\/#mainImage\"},\"datePublished\":\"2014-05-27T03:57:26+02:00\",\"dateModified\":\"2014-05-27T03:57:26+02:00\"},{\"@type\":\"WebSite\",\"@id\":\"https:\\\/\\\/eldigitaldeasturias.com\\\/magazine365\\\/#website\",\"url\":\"https:\\\/\\\/eldigitaldeasturias.com\\\/magazine365\\\/\",\"name\":\"El Digital de Asturias\",\"description\":\"Revista de ocio, turismo y estilo de vida\",\"inLanguage\":\"es-ES\",\"publisher\":{\"@id\":\"https:\\\/\\\/eldigitaldeasturias.com\\\/magazine365\\\/#organization\"}}]}\n\t\t<\/script>\n\t\t<!-- All in One SEO Pro -->\r\n\t\t<title>Josep Carreras y Ainhoa Arteta actuar\u00e1n juntos en Starlite Festival Marbella | El Digital de Asturias<\/title>\n\n","aioseo_head_json":{"title":"Josep Carreras y Ainhoa Arteta actuar\u00e1n juntos en Starlite Festival Marbella | El Digital de Asturias","description":"Marbella (M\u00e1laga), 26 may EFE.- El tenor catal\u00e1n Josep Carreras y la soprano vasca Ainhoa Arteta protagonizar\u00e1n juntos una noche de \u00f3pera el 31 de julio en el festival de conciertos \"Starlite\", que se celebrar\u00e1 en Marbella entre el 23 de julio y el 23 de agosto, seg\u00fan ha informado hoy la organizaci\u00f3n del evento","canonical_url":"https:\/\/eldigitaldeasturias.com\/magazine365\/josep-carreras-y-ainhoa-arteta-actuaran-juntos-en-starlite-festival-marbella\/","robots":"max-image-preview:large","keywords":"noticias y actualidad","webmasterTools":{"google-site-verification":"UA-38556648-1","miscellaneous":""},"schema":{"@context":"https:\/\/schema.org","@graph":[{"@type":"Article","@id":"https:\/\/eldigitaldeasturias.com\/magazine365\/josep-carreras-y-ainhoa-arteta-actuaran-juntos-en-starlite-festival-marbella\/#article","name":"Josep Carreras y Ainhoa Arteta actuar\u00e1n juntos en Starlite Festival Marbella | El Digital de Asturias","headline":"Josep Carreras y Ainhoa Arteta actuar\u00e1n juntos en Starlite Festival Marbella","author":{"@id":"https:\/\/eldigitaldeasturias.com\/magazine365\/author\/admin\/#author"},"publisher":{"@id":"https:\/\/eldigitaldeasturias.com\/magazine365\/#organization"},"image":{"@type":"ImageObject","url":"https:\/\/eldigitaldeasturias.com\/magazine365\/wp-content\/uploads\/2014\/05\/6302256w.jpg","width":800,"height":568},"datePublished":"2014-05-27T03:57:26+02:00","dateModified":"2014-05-27T03:57:26+02:00","inLanguage":"es-ES","mainEntityOfPage":{"@id":"https:\/\/eldigitaldeasturias.com\/magazine365\/josep-carreras-y-ainhoa-arteta-actuaran-juntos-en-starlite-festival-marbella\/#webpage"},"isPartOf":{"@id":"https:\/\/eldigitaldeasturias.com\/magazine365\/josep-carreras-y-ainhoa-arteta-actuaran-juntos-en-starlite-festival-marbella\/#webpage"},"articleSection":"Noticias y Actualidad"},{"@type":"BreadcrumbList","@id":"https:\/\/eldigitaldeasturias.com\/magazine365\/josep-carreras-y-ainhoa-arteta-actuaran-juntos-en-starlite-festival-marbella\/#breadcrumblist","itemListElement":[{"@type":"ListItem","@id":"https:\/\/eldigitaldeasturias.com\/magazine365#listItem","position":1,"name":"Home","item":"https:\/\/eldigitaldeasturias.com\/magazine365","nextItem":{"@type":"ListItem","@id":"https:\/\/eldigitaldeasturias.com\/magazine365\/category\/noticias-actualidad\/#listItem","name":"Noticias y Actualidad"}},{"@type":"ListItem","@id":"https:\/\/eldigitaldeasturias.com\/magazine365\/category\/noticias-actualidad\/#listItem","position":2,"name":"Noticias y Actualidad","item":"https:\/\/eldigitaldeasturias.com\/magazine365\/category\/noticias-actualidad\/","nextItem":{"@type":"ListItem","@id":"https:\/\/eldigitaldeasturias.com\/magazine365\/josep-carreras-y-ainhoa-arteta-actuaran-juntos-en-starlite-festival-marbella\/#listItem","name":"Josep Carreras y Ainhoa Arteta actuar\u00e1n juntos en Starlite Festival Marbella"},"previousItem":{"@type":"ListItem","@id":"https:\/\/eldigitaldeasturias.com\/magazine365#listItem","name":"Home"}},{"@type":"ListItem","@id":"https:\/\/eldigitaldeasturias.com\/magazine365\/josep-carreras-y-ainhoa-arteta-actuaran-juntos-en-starlite-festival-marbella\/#listItem","position":3,"name":"Josep Carreras y Ainhoa Arteta actuar\u00e1n juntos en Starlite Festival Marbella","previousItem":{"@type":"ListItem","@id":"https:\/\/eldigitaldeasturias.com\/magazine365\/category\/noticias-actualidad\/#listItem","name":"Noticias y Actualidad"}}]},{"@type":"Organization","@id":"https:\/\/eldigitaldeasturias.com\/magazine365\/#organization","name":"El digital de Asturias","description":"Revista de ocio, turismo y estilo de vida","url":"https:\/\/eldigitaldeasturias.com\/magazine365\/","logo":{"@type":"ImageObject","url":"https:\/\/www.eldigitaldeasturias.com\/noticias\/wp-content\/uploads\/2020\/12\/EDA.jpg","@id":"https:\/\/eldigitaldeasturias.com\/magazine365\/josep-carreras-y-ainhoa-arteta-actuaran-juntos-en-starlite-festival-marbella\/#organizationLogo"},"image":{"@id":"https:\/\/eldigitaldeasturias.com\/magazine365\/josep-carreras-y-ainhoa-arteta-actuaran-juntos-en-starlite-festival-marbella\/#organizationLogo"}},{"@type":"Person","@id":"https:\/\/eldigitaldeasturias.com\/magazine365\/author\/admin\/#author","url":"https:\/\/eldigitaldeasturias.com\/magazine365\/author\/admin\/","name":"admin","image":{"@type":"ImageObject","@id":"https:\/\/eldigitaldeasturias.com\/magazine365\/josep-carreras-y-ainhoa-arteta-actuaran-juntos-en-starlite-festival-marbella\/#authorImage","url":"https:\/\/eldigitaldeasturias.com\/magazine365\/wp-content\/litespeed\/avatar\/e571bcf59a0edd6fa6838245a470f2fe.jpg?ver=1776969259","width":96,"height":96,"caption":"admin"}},{"@type":"WebPage","@id":"https:\/\/eldigitaldeasturias.com\/magazine365\/josep-carreras-y-ainhoa-arteta-actuaran-juntos-en-starlite-festival-marbella\/#webpage","url":"https:\/\/eldigitaldeasturias.com\/magazine365\/josep-carreras-y-ainhoa-arteta-actuaran-juntos-en-starlite-festival-marbella\/","name":"Josep Carreras y Ainhoa Arteta actuar\u00e1n juntos en Starlite Festival Marbella | El Digital de Asturias","description":"Marbella (M\u00e1laga), 26 may EFE.- El tenor catal\u00e1n Josep Carreras y la soprano vasca Ainhoa Arteta protagonizar\u00e1n juntos una noche de \u00f3pera el 31 de julio en el festival de conciertos \"Starlite\", que se celebrar\u00e1 en Marbella entre el 23 de julio y el 23 de agosto, seg\u00fan ha informado hoy la organizaci\u00f3n del evento","inLanguage":"es-ES","isPartOf":{"@id":"https:\/\/eldigitaldeasturias.com\/magazine365\/#website"},"breadcrumb":{"@id":"https:\/\/eldigitaldeasturias.com\/magazine365\/josep-carreras-y-ainhoa-arteta-actuaran-juntos-en-starlite-festival-marbella\/#breadcrumblist"},"author":{"@id":"https:\/\/eldigitaldeasturias.com\/magazine365\/author\/admin\/#author"},"creator":{"@id":"https:\/\/eldigitaldeasturias.com\/magazine365\/author\/admin\/#author"},"image":{"@type":"ImageObject","url":"https:\/\/eldigitaldeasturias.com\/magazine365\/wp-content\/uploads\/2014\/05\/6302256w.jpg","@id":"https:\/\/eldigitaldeasturias.com\/magazine365\/josep-carreras-y-ainhoa-arteta-actuaran-juntos-en-starlite-festival-marbella\/#mainImage","width":800,"height":568},"primaryImageOfPage":{"@id":"https:\/\/eldigitaldeasturias.com\/magazine365\/josep-carreras-y-ainhoa-arteta-actuaran-juntos-en-starlite-festival-marbella\/#mainImage"},"datePublished":"2014-05-27T03:57:26+02:00","dateModified":"2014-05-27T03:57:26+02:00"},{"@type":"WebSite","@id":"https:\/\/eldigitaldeasturias.com\/magazine365\/#website","url":"https:\/\/eldigitaldeasturias.com\/magazine365\/","name":"El Digital de Asturias","description":"Revista de ocio, turismo y estilo de vida","inLanguage":"es-ES","publisher":{"@id":"https:\/\/eldigitaldeasturias.com\/magazine365\/#organization"}}]},"og:locale":"es_ES","og:site_name":"El Digital de Asturias \u2013 Revista de ocio, turismo y estilo de vida","og:type":"article","og:title":"Josep Carreras y Ainhoa Arteta actuar\u00e1n juntos en Starlite Festival Marbella | El Digital de Asturias","og:description":"Marbella (M\u00e1laga), 26 may EFE.- El tenor catal\u00e1n Josep Carreras y la soprano vasca Ainhoa Arteta protagonizar\u00e1n juntos una noche de \u00f3pera el 31 de julio en el festival de conciertos &quot;Starlite&quot;, que se celebrar\u00e1 en Marbella entre el 23 de julio y el 23 de agosto, seg\u00fan ha informado hoy la organizaci\u00f3n del evento","og:url":"https:\/\/eldigitaldeasturias.com\/magazine365\/josep-carreras-y-ainhoa-arteta-actuaran-juntos-en-starlite-festival-marbella\/","og:image":"https:\/\/eldigitaldeasturias.com\/magazine365\/wp-content\/uploads\/2014\/05\/6302256w.jpg","og:image:secure_url":"https:\/\/eldigitaldeasturias.com\/magazine365\/wp-content\/uploads\/2014\/05\/6302256w.jpg","og:image:width":800,"og:image:height":568,"article:published_time":"2014-05-27T05:57:26+00:00","article:modified_time":"2014-05-27T05:57:26+00:00","twitter:card":"summary_large_image","twitter:title":"Josep Carreras y Ainhoa Arteta actuar\u00e1n juntos en Starlite Festival Marbella | El Digital de Asturias","twitter:description":"Marbella (M\u00e1laga), 26 may EFE.- El tenor catal\u00e1n Josep Carreras y la soprano vasca Ainhoa Arteta protagonizar\u00e1n juntos una noche de \u00f3pera el 31 de julio en el festival de conciertos &quot;Starlite&quot;, que se celebrar\u00e1 en Marbella entre el 23 de julio y el 23 de agosto, seg\u00fan ha informado hoy la organizaci\u00f3n del evento","twitter:image":"https:\/\/eldigitaldeasturias.com\/magazine365\/wp-content\/uploads\/2014\/05\/6302256w.jpg"},"aioseo_meta_data":{"post_id":"14003","title":null,"description":null,"keywords":null,"keyphrases":null,"primary_term":null,"canonical_url":null,"og_title":null,"og_description":null,"og_object_type":"default","og_image_type":"default","og_image_url":null,"og_image_width":null,"og_image_height":null,"og_image_custom_url":null,"og_image_custom_fields":null,"og_video":null,"og_custom_url":null,"og_article_section":null,"og_article_tags":null,"twitter_use_og":false,"twitter_card":"default","twitter_image_type":"default","twitter_image_url":null,"twitter_image_custom_url":null,"twitter_image_custom_fields":null,"twitter_title":null,"twitter_description":null,"schema":{"blockGraphs":[],"customGraphs":[],"default":{"data":{"Article":[],"Course":[],"Dataset":[],"FAQPage":[],"Movie":[],"Person":[],"Product":[],"ProductReview":[],"Car":[],"Recipe":[],"Service":[],"SoftwareApplication":[],"WebPage":[]},"graphName":"","isEnabled":true},"graphs":[],"defaultGraph":"","defaultPostTypeGraph":""},"schema_type":null,"schema_type_options":null,"pillar_content":false,"robots_default":true,"robots_noindex":false,"robots_noarchive":false,"robots_nosnippet":false,"robots_nofollow":false,"robots_noimageindex":false,"robots_noodp":false,"robots_notranslate":false,"robots_max_snippet":null,"robots_max_videopreview":null,"robots_max_imagepreview":"large","priority":null,"frequency":null,"location":null,"local_seo":null,"seo_analyzer_scan_date":"2025-09-17 09:20:47","breadcrumb_settings":null,"limit_modified_date":false,"open_ai":null,"ai":null,"created":"2021-03-09 08:20:43","updated":"2025-09-17 09:20:47"},"aioseo_breadcrumb":"<div class=\"aioseo-breadcrumbs\"><span class=\"aioseo-breadcrumb\">\n\t<a href=\"https:\/\/eldigitaldeasturias.com\/magazine365\" title=\"Home\">Home<\/a>\n<\/span><span class=\"aioseo-breadcrumb-separator\">\u2013<\/span><span class=\"aioseo-breadcrumb\">\n\t<a href=\"https:\/\/eldigitaldeasturias.com\/magazine365\/category\/noticias-actualidad\/\" title=\"Noticias y Actualidad\">Noticias y Actualidad<\/a>\n<\/span><span class=\"aioseo-breadcrumb-separator\">\u2013<\/span><span class=\"aioseo-breadcrumb\">\n\t<a href=\"https:\/\/eldigitaldeasturias.com\/magazine365\/josep-carreras-y-ainhoa-arteta-actuaran-juntos-en-starlite-festival-marbella\/\" title=\"Josep Carreras y Ainhoa Arteta actuar\u00e1n juntos en Starlite Festival Marbella\">Josep Carreras y Ainhoa Arteta actuar\u00e1n juntos en Starlite Festival Marbella<\/a>\n<\/span><\/div>","aioseo_breadcrumb_json":[{"label":"Home","link":"https:\/\/eldigitaldeasturias.com\/magazine365"},{"label":"Noticias y Actualidad","link":"https:\/\/eldigitaldeasturias.com\/magazine365\/category\/noticias-actualidad\/"},{"label":"Josep Carreras y Ainhoa Arteta actuar\u00e1n juntos en Starlite Festival Marbella","link":"https:\/\/eldigitaldeasturias.com\/magazine365\/josep-carreras-y-ainhoa-arteta-actuaran-juntos-en-starlite-festival-marbella\/"}],"_links":{"self":[{"href":"https:\/\/eldigitaldeasturias.com\/magazine365\/wp-json\/wp\/v2\/posts\/14003","targetHints":{"allow":["GET"]}}],"collection":[{"href":"https:\/\/eldigitaldeasturias.com\/magazine365\/wp-json\/wp\/v2\/posts"}],"about":[{"href":"https:\/\/eldigitaldeasturias.com\/magazine365\/wp-json\/wp\/v2\/types\/post"}],"author":[{"embeddable":true,"href":"https:\/\/eldigitaldeasturias.com\/magazine365\/wp-json\/wp\/v2\/users\/1"}],"replies":[{"embeddable":true,"href":"https:\/\/eldigitaldeasturias.com\/magazine365\/wp-json\/wp\/v2\/comments?post=14003"}],"version-history":[{"count":0,"href":"https:\/\/eldigitaldeasturias.com\/magazine365\/wp-json\/wp\/v2\/posts\/14003\/revisions"}],"wp:featuredmedia":[{"embeddable":true,"href":"https:\/\/eldigitaldeasturias.com\/magazine365\/wp-json\/wp\/v2\/media\/14004"}],"wp:attachment":[{"href":"https:\/\/eldigitaldeasturias.com\/magazine365\/wp-json\/wp\/v2\/media?parent=14003"}],"wp:term":[{"taxonomy":"category","embeddable":true,"href":"https:\/\/eldigitaldeasturias.com\/magazine365\/wp-json\/wp\/v2\/categories?post=14003"},{"taxonomy":"post_tag","embeddable":true,"href":"https:\/\/eldigitaldeasturias.com\/magazine365\/wp-json\/wp\/v2\/tags?post=14003"}],"curies":[{"name":"wp","href":"https:\/\/api.w.org\/{rel}","templated":true}]}}