{"id":14000,"date":"2014-05-27T03:56:26","date_gmt":"2014-05-27T05:56:26","guid":{"rendered":"http:\/\/eldigitaldeasturias.com\/magazine365\/?p=14000"},"modified":"2014-05-27T03:56:26","modified_gmt":"2014-05-27T05:56:26","slug":"el-primavera-sound-espera-incrementar-en-un-10-por-ciento-el-numero-de-espectadores","status":"publish","type":"post","link":"https:\/\/eldigitaldeasturias.com\/magazine365\/el-primavera-sound-espera-incrementar-en-un-10-por-ciento-el-numero-de-espectadores\/","title":{"rendered":"El Primavera Sound espera incrementar en un 10 por ciento el n\u00famero de espectadores"},"content":{"rendered":"<p><img fetchpriority=\"high\" decoding=\"async\" class=\"alignleft size-medium wp-image-14001\" alt=\"6302134w\" src=\"https:\/\/eldigitaldeasturias.com\/magazine365\/wp-content\/uploads\/2014\/05\/6302134w-360x239.jpg\" width=\"360\" height=\"239\" \/>Barcelona, 26 may (EFE).- El Festival Primavera Sound, que el a\u00f1o pasado contabiliz\u00f3 170.000 espectadores a lo largo de las cinco jornadas centrales, espera este a\u00f1o aumentar en un 10 por ciento el n\u00famero de visitantes, seg\u00fan ha dicho hoy el codirector del certamen Pablo Soler.<\/p>\n<p>Unas expectativas que Soler espera cumplir, \u00abincluso si llueve, porque ya hemos vendido el grueso de las entradas\u00bb, seg\u00fan ha a\u00f1adido a Efe el codirector, que sabe que las previsiones anuncian lluvia para los primeros d\u00edas de esta semana, pero auguran buen tiempo a partir del jueves d\u00eda 29, fecha en la que empiezan las jornadas de pago.<\/p>\n<p>\u00abEl Primavera ya est\u00e1 colonizando la ciudad\u00bb, ha se\u00f1alado el teniente de alcalde del Ayuntamiento de Barcelona, Jaume Ciurana, en referencia a los visitantes que ya han empezado a llegar y los conciertos en diferentes salas de ciudad que hoy arrancan.<\/p>\n<p>No obstante, los platos fuertes del festival se servir\u00e1n en el Parc del F\u00f2rum entre el 29 y el 31 de mayo, donde actuar\u00e1n bandas de la talla de The National, Pixies o Arcade Fire.<\/p>\n<p>Un total de 292 bandas, formadas por m\u00e1s de 800 m\u00fasicos, desembarcar\u00e1n a lo largo de esta semana en la decimocuarta edici\u00f3n del Primavera Sound, un certamen que est\u00e1 \u00aben su punto \u00e1lgido\u00bb, seg\u00fan el conseller de Cultura, Ferran Mascarell.<\/p>\n<p>Ciertamente, este festival sigue creciendo a pesar de la crisis, tanto en espectadores como en presupuesto, y este a\u00f1o cuenta con 9,7 millones de euros, que provienen principalmente de la taquilla y los patrocinadores.<\/p>\n<p>Un capital con el que Primavera Sound ofrecer\u00e1 348 actuaciones este semana, 228 de las cuales tendr\u00e1n lugar en el Parc del F\u00f2rum y 120 en diferentes enclaves de la ciudad.<\/p>\n<p>El festival cuenta este a\u00f1o con 13 escenarios repartidos en 180.000 metros cuadrados dentro del Parc del F\u00f2rum, un espacio que dobla la ya gigantesca extensi\u00f3n de 90.000 metros cuadrados del a\u00f1o pasado.<\/p>\n<p>Fuera del Parc del F\u00f2rum, el festival se extiende por diferentes lugares de la ciudad, especialmente por el barrio del Borne, donde los organizadores quieren crear \u00abel espacio diurno del Primavera\u00bb, seg\u00fan el tambi\u00e9n codirector del festival Alberto Guijarro.<\/p>\n<p>Salas emblem\u00e1ticas de la ciudad tambi\u00e9n participan en el certamen, como es el caso de Apolo, BARTS, Teatre Principal y Teatro Latino, que forman parte del llamado Primavera als Clubs que hoy arranca con Darren Hayman, Tigercats y The Free Fall Band.<\/p>\n<p>Estos primeros conciertos ya han empezado a atraer visitantes, aunque la mayor parte aterrizar\u00e1 en Barcelona a partir del jueves.<\/p>\n<p>Los organizadores calculan que llegar\u00e1 p\u00fablico procedentes de m\u00e1s de 80 pa\u00edses que supondr\u00e1n para el sector hotelero unas 100.000 pernoctaciones.<\/p>\n<p>\u00abEl impacto econ\u00f3mico no es nuestro principal objetivo, pero es muy importante\u00bb, ha dicho Ciurana, que ha comparado el dinero que entra en la ciudad durante el Primavera Sound con el que entra durante el Gran Premio de F\u00f3rmula 1.<\/p>\n<p>Por su parte, Ferran Mascarell ha destacado la importancia del PrimaveraPro, el encuentro internacional de la industria musical que se celebra de forma paralela.<\/p>\n<p>\u00abEl Primavera Pro se est\u00e1 convirtiendo en el puente entre la industria musical de Latinoam\u00e9rica y la del resto de los continentes\u00bb, seg\u00fan Guijarro.<\/p>\n<p>Mascarell tambi\u00e9n se ha referido al IVA cultural y en los derechos de autor y ha dicho que es necesario \u00abarmonizar cifras con Europa\u00bb.<\/p>\n","protected":false},"excerpt":{"rendered":"<p>Barcelona, 26 may (EFE).- El Festival Primavera Sound, que el a\u00f1o pasado contabiliz\u00f3 170.000 espectadores a lo largo de las cinco jornadas centrales, espera este a\u00f1o aumentar en un 10 por ciento el n\u00famero de visitantes, seg\u00fan ha dicho hoy el codirector del certamen Pablo Soler. Unas expectativas que Soler espera cumplir, \u00abincluso si llueve,<\/p>\n","protected":false},"author":1,"featured_media":14001,"comment_status":"open","ping_status":"closed","sticky":false,"template":"","format":"standard","meta":{"footnotes":""},"categories":[224],"tags":[],"class_list":{"0":"post-14000","1":"post","2":"type-post","3":"status-publish","4":"format-standard","5":"has-post-thumbnail","7":"category-noticias-actualidad"},"aioseo_notices":[],"aioseo_head":"\n\t\t<!-- All in One SEO Pro 4.9.6.1 - aioseo.com -->\n\t<meta name=\"description\" content=\"Barcelona, 26 may (EFE).- El Festival Primavera Sound, que el a\u00f1o pasado contabiliz\u00f3 170.000 espectadores a lo largo de las cinco jornadas centrales, espera este a\u00f1o aumentar en un 10 por ciento el n\u00famero de visitantes, seg\u00fan ha dicho hoy el codirector del certamen Pablo Soler. Unas expectativas que Soler espera cumplir, &quot;incluso si llueve,\" \/>\n\t<meta name=\"robots\" content=\"max-image-preview:large\" \/>\n\t<meta name=\"author\" content=\"admin\"\/>\n\t<meta name=\"google-site-verification\" content=\"UA-38556648-1\" \/>\n\t<meta name=\"keywords\" content=\"noticias y actualidad\" \/>\n\t<link rel=\"canonical\" href=\"https:\/\/eldigitaldeasturias.com\/magazine365\/el-primavera-sound-espera-incrementar-en-un-10-por-ciento-el-numero-de-espectadores\/\" \/>\n\t<meta name=\"generator\" content=\"All in One SEO Pro (AIOSEO) 4.9.6.1\" \/>\n\t\t<meta property=\"og:locale\" content=\"es_ES\" \/>\n\t\t<meta property=\"og:site_name\" content=\"El Digital de Asturias \u2013 Revista de ocio, turismo y estilo de vida\" \/>\n\t\t<meta property=\"og:type\" content=\"article\" \/>\n\t\t<meta property=\"og:title\" content=\"El Primavera Sound espera incrementar en un 10 por ciento el n\u00famero de espectadores | El Digital de Asturias\" \/>\n\t\t<meta property=\"og:description\" content=\"Barcelona, 26 may (EFE).- El Festival Primavera Sound, que el a\u00f1o pasado contabiliz\u00f3 170.000 espectadores a lo largo de las cinco jornadas centrales, espera este a\u00f1o aumentar en un 10 por ciento el n\u00famero de visitantes, seg\u00fan ha dicho hoy el codirector del certamen Pablo Soler. Unas expectativas que Soler espera cumplir, &quot;incluso si llueve,\" \/>\n\t\t<meta property=\"og:url\" content=\"https:\/\/eldigitaldeasturias.com\/magazine365\/el-primavera-sound-espera-incrementar-en-un-10-por-ciento-el-numero-de-espectadores\/\" \/>\n\t\t<meta property=\"og:image\" content=\"https:\/\/eldigitaldeasturias.com\/magazine365\/wp-content\/uploads\/2014\/05\/6302134w.jpg\" \/>\n\t\t<meta property=\"og:image:secure_url\" content=\"https:\/\/eldigitaldeasturias.com\/magazine365\/wp-content\/uploads\/2014\/05\/6302134w.jpg\" \/>\n\t\t<meta property=\"og:image:width\" content=\"800\" \/>\n\t\t<meta property=\"og:image:height\" content=\"533\" \/>\n\t\t<meta property=\"article:published_time\" content=\"2014-05-27T05:56:26+00:00\" \/>\n\t\t<meta property=\"article:modified_time\" content=\"2014-05-27T05:56:26+00:00\" \/>\n\t\t<meta name=\"twitter:card\" content=\"summary_large_image\" \/>\n\t\t<meta name=\"twitter:title\" content=\"El Primavera Sound espera incrementar en un 10 por ciento el n\u00famero de espectadores | El Digital de Asturias\" \/>\n\t\t<meta name=\"twitter:description\" content=\"Barcelona, 26 may (EFE).- El Festival Primavera Sound, que el a\u00f1o pasado contabiliz\u00f3 170.000 espectadores a lo largo de las cinco jornadas centrales, espera este a\u00f1o aumentar en un 10 por ciento el n\u00famero de visitantes, seg\u00fan ha dicho hoy el codirector del certamen Pablo Soler. Unas expectativas que Soler espera cumplir, &quot;incluso si llueve,\" \/>\n\t\t<meta name=\"twitter:image\" content=\"https:\/\/eldigitaldeasturias.com\/magazine365\/wp-content\/uploads\/2014\/05\/6302134w.jpg\" \/>\n\t\t<script type=\"application\/ld+json\" class=\"aioseo-schema\">\n\t\t\t{\"@context\":\"https:\\\/\\\/schema.org\",\"@graph\":[{\"@type\":\"Article\",\"@id\":\"https:\\\/\\\/eldigitaldeasturias.com\\\/magazine365\\\/el-primavera-sound-espera-incrementar-en-un-10-por-ciento-el-numero-de-espectadores\\\/#article\",\"name\":\"El Primavera Sound espera incrementar en un 10 por ciento el n\\u00famero de espectadores | El Digital de Asturias\",\"headline\":\"El Primavera Sound espera incrementar en un 10 por ciento el n\\u00famero de espectadores\",\"author\":{\"@id\":\"https:\\\/\\\/eldigitaldeasturias.com\\\/magazine365\\\/author\\\/admin\\\/#author\"},\"publisher\":{\"@id\":\"https:\\\/\\\/eldigitaldeasturias.com\\\/magazine365\\\/#organization\"},\"image\":{\"@type\":\"ImageObject\",\"url\":\"https:\\\/\\\/eldigitaldeasturias.com\\\/magazine365\\\/wp-content\\\/uploads\\\/2014\\\/05\\\/6302134w.jpg\",\"width\":800,\"height\":533},\"datePublished\":\"2014-05-27T03:56:26+02:00\",\"dateModified\":\"2014-05-27T03:56:26+02:00\",\"inLanguage\":\"es-ES\",\"mainEntityOfPage\":{\"@id\":\"https:\\\/\\\/eldigitaldeasturias.com\\\/magazine365\\\/el-primavera-sound-espera-incrementar-en-un-10-por-ciento-el-numero-de-espectadores\\\/#webpage\"},\"isPartOf\":{\"@id\":\"https:\\\/\\\/eldigitaldeasturias.com\\\/magazine365\\\/el-primavera-sound-espera-incrementar-en-un-10-por-ciento-el-numero-de-espectadores\\\/#webpage\"},\"articleSection\":\"Noticias y Actualidad\"},{\"@type\":\"BreadcrumbList\",\"@id\":\"https:\\\/\\\/eldigitaldeasturias.com\\\/magazine365\\\/el-primavera-sound-espera-incrementar-en-un-10-por-ciento-el-numero-de-espectadores\\\/#breadcrumblist\",\"itemListElement\":[{\"@type\":\"ListItem\",\"@id\":\"https:\\\/\\\/eldigitaldeasturias.com\\\/magazine365#listItem\",\"position\":1,\"name\":\"Home\",\"item\":\"https:\\\/\\\/eldigitaldeasturias.com\\\/magazine365\",\"nextItem\":{\"@type\":\"ListItem\",\"@id\":\"https:\\\/\\\/eldigitaldeasturias.com\\\/magazine365\\\/category\\\/noticias-actualidad\\\/#listItem\",\"name\":\"Noticias y Actualidad\"}},{\"@type\":\"ListItem\",\"@id\":\"https:\\\/\\\/eldigitaldeasturias.com\\\/magazine365\\\/category\\\/noticias-actualidad\\\/#listItem\",\"position\":2,\"name\":\"Noticias y Actualidad\",\"item\":\"https:\\\/\\\/eldigitaldeasturias.com\\\/magazine365\\\/category\\\/noticias-actualidad\\\/\",\"nextItem\":{\"@type\":\"ListItem\",\"@id\":\"https:\\\/\\\/eldigitaldeasturias.com\\\/magazine365\\\/el-primavera-sound-espera-incrementar-en-un-10-por-ciento-el-numero-de-espectadores\\\/#listItem\",\"name\":\"El Primavera Sound espera incrementar en un 10 por ciento el n\\u00famero de espectadores\"},\"previousItem\":{\"@type\":\"ListItem\",\"@id\":\"https:\\\/\\\/eldigitaldeasturias.com\\\/magazine365#listItem\",\"name\":\"Home\"}},{\"@type\":\"ListItem\",\"@id\":\"https:\\\/\\\/eldigitaldeasturias.com\\\/magazine365\\\/el-primavera-sound-espera-incrementar-en-un-10-por-ciento-el-numero-de-espectadores\\\/#listItem\",\"position\":3,\"name\":\"El Primavera Sound espera incrementar en un 10 por ciento el n\\u00famero de espectadores\",\"previousItem\":{\"@type\":\"ListItem\",\"@id\":\"https:\\\/\\\/eldigitaldeasturias.com\\\/magazine365\\\/category\\\/noticias-actualidad\\\/#listItem\",\"name\":\"Noticias y Actualidad\"}}]},{\"@type\":\"Organization\",\"@id\":\"https:\\\/\\\/eldigitaldeasturias.com\\\/magazine365\\\/#organization\",\"name\":\"El digital de Asturias\",\"description\":\"Revista de ocio, turismo y estilo de vida\",\"url\":\"https:\\\/\\\/eldigitaldeasturias.com\\\/magazine365\\\/\",\"logo\":{\"@type\":\"ImageObject\",\"url\":\"https:\\\/\\\/www.eldigitaldeasturias.com\\\/noticias\\\/wp-content\\\/uploads\\\/2020\\\/12\\\/EDA.jpg\",\"@id\":\"https:\\\/\\\/eldigitaldeasturias.com\\\/magazine365\\\/el-primavera-sound-espera-incrementar-en-un-10-por-ciento-el-numero-de-espectadores\\\/#organizationLogo\"},\"image\":{\"@id\":\"https:\\\/\\\/eldigitaldeasturias.com\\\/magazine365\\\/el-primavera-sound-espera-incrementar-en-un-10-por-ciento-el-numero-de-espectadores\\\/#organizationLogo\"}},{\"@type\":\"Person\",\"@id\":\"https:\\\/\\\/eldigitaldeasturias.com\\\/magazine365\\\/author\\\/admin\\\/#author\",\"url\":\"https:\\\/\\\/eldigitaldeasturias.com\\\/magazine365\\\/author\\\/admin\\\/\",\"name\":\"admin\",\"image\":{\"@type\":\"ImageObject\",\"@id\":\"https:\\\/\\\/eldigitaldeasturias.com\\\/magazine365\\\/el-primavera-sound-espera-incrementar-en-un-10-por-ciento-el-numero-de-espectadores\\\/#authorImage\",\"url\":\"https:\\\/\\\/eldigitaldeasturias.com\\\/magazine365\\\/wp-content\\\/litespeed\\\/avatar\\\/e571bcf59a0edd6fa6838245a470f2fe.jpg?ver=1776969259\",\"width\":96,\"height\":96,\"caption\":\"admin\"}},{\"@type\":\"WebPage\",\"@id\":\"https:\\\/\\\/eldigitaldeasturias.com\\\/magazine365\\\/el-primavera-sound-espera-incrementar-en-un-10-por-ciento-el-numero-de-espectadores\\\/#webpage\",\"url\":\"https:\\\/\\\/eldigitaldeasturias.com\\\/magazine365\\\/el-primavera-sound-espera-incrementar-en-un-10-por-ciento-el-numero-de-espectadores\\\/\",\"name\":\"El Primavera Sound espera incrementar en un 10 por ciento el n\\u00famero de espectadores | El Digital de Asturias\",\"description\":\"Barcelona, 26 may (EFE).- El Festival Primavera Sound, que el a\\u00f1o pasado contabiliz\\u00f3 170.000 espectadores a lo largo de las cinco jornadas centrales, espera este a\\u00f1o aumentar en un 10 por ciento el n\\u00famero de visitantes, seg\\u00fan ha dicho hoy el codirector del certamen Pablo Soler. Unas expectativas que Soler espera cumplir, \\\"incluso si llueve,\",\"inLanguage\":\"es-ES\",\"isPartOf\":{\"@id\":\"https:\\\/\\\/eldigitaldeasturias.com\\\/magazine365\\\/#website\"},\"breadcrumb\":{\"@id\":\"https:\\\/\\\/eldigitaldeasturias.com\\\/magazine365\\\/el-primavera-sound-espera-incrementar-en-un-10-por-ciento-el-numero-de-espectadores\\\/#breadcrumblist\"},\"author\":{\"@id\":\"https:\\\/\\\/eldigitaldeasturias.com\\\/magazine365\\\/author\\\/admin\\\/#author\"},\"creator\":{\"@id\":\"https:\\\/\\\/eldigitaldeasturias.com\\\/magazine365\\\/author\\\/admin\\\/#author\"},\"image\":{\"@type\":\"ImageObject\",\"url\":\"https:\\\/\\\/eldigitaldeasturias.com\\\/magazine365\\\/wp-content\\\/uploads\\\/2014\\\/05\\\/6302134w.jpg\",\"@id\":\"https:\\\/\\\/eldigitaldeasturias.com\\\/magazine365\\\/el-primavera-sound-espera-incrementar-en-un-10-por-ciento-el-numero-de-espectadores\\\/#mainImage\",\"width\":800,\"height\":533},\"primaryImageOfPage\":{\"@id\":\"https:\\\/\\\/eldigitaldeasturias.com\\\/magazine365\\\/el-primavera-sound-espera-incrementar-en-un-10-por-ciento-el-numero-de-espectadores\\\/#mainImage\"},\"datePublished\":\"2014-05-27T03:56:26+02:00\",\"dateModified\":\"2014-05-27T03:56:26+02:00\"},{\"@type\":\"WebSite\",\"@id\":\"https:\\\/\\\/eldigitaldeasturias.com\\\/magazine365\\\/#website\",\"url\":\"https:\\\/\\\/eldigitaldeasturias.com\\\/magazine365\\\/\",\"name\":\"El Digital de Asturias\",\"description\":\"Revista de ocio, turismo y estilo de vida\",\"inLanguage\":\"es-ES\",\"publisher\":{\"@id\":\"https:\\\/\\\/eldigitaldeasturias.com\\\/magazine365\\\/#organization\"}}]}\n\t\t<\/script>\n\t\t<!-- All in One SEO Pro -->\r\n\t\t<title>El Primavera Sound espera incrementar en un 10 por ciento el n\u00famero de espectadores | El Digital de Asturias<\/title>\n\n","aioseo_head_json":{"title":"El Primavera Sound espera incrementar en un 10 por ciento el n\u00famero de espectadores | El Digital de Asturias","description":"Barcelona, 26 may (EFE).- El Festival Primavera Sound, que el a\u00f1o pasado contabiliz\u00f3 170.000 espectadores a lo largo de las cinco jornadas centrales, espera este a\u00f1o aumentar en un 10 por ciento el n\u00famero de visitantes, seg\u00fan ha dicho hoy el codirector del certamen Pablo Soler. Unas expectativas que Soler espera cumplir, \"incluso si llueve,","canonical_url":"https:\/\/eldigitaldeasturias.com\/magazine365\/el-primavera-sound-espera-incrementar-en-un-10-por-ciento-el-numero-de-espectadores\/","robots":"max-image-preview:large","keywords":"noticias y actualidad","webmasterTools":{"google-site-verification":"UA-38556648-1","miscellaneous":""},"schema":{"@context":"https:\/\/schema.org","@graph":[{"@type":"Article","@id":"https:\/\/eldigitaldeasturias.com\/magazine365\/el-primavera-sound-espera-incrementar-en-un-10-por-ciento-el-numero-de-espectadores\/#article","name":"El Primavera Sound espera incrementar en un 10 por ciento el n\u00famero de espectadores | El Digital de Asturias","headline":"El Primavera Sound espera incrementar en un 10 por ciento el n\u00famero de espectadores","author":{"@id":"https:\/\/eldigitaldeasturias.com\/magazine365\/author\/admin\/#author"},"publisher":{"@id":"https:\/\/eldigitaldeasturias.com\/magazine365\/#organization"},"image":{"@type":"ImageObject","url":"https:\/\/eldigitaldeasturias.com\/magazine365\/wp-content\/uploads\/2014\/05\/6302134w.jpg","width":800,"height":533},"datePublished":"2014-05-27T03:56:26+02:00","dateModified":"2014-05-27T03:56:26+02:00","inLanguage":"es-ES","mainEntityOfPage":{"@id":"https:\/\/eldigitaldeasturias.com\/magazine365\/el-primavera-sound-espera-incrementar-en-un-10-por-ciento-el-numero-de-espectadores\/#webpage"},"isPartOf":{"@id":"https:\/\/eldigitaldeasturias.com\/magazine365\/el-primavera-sound-espera-incrementar-en-un-10-por-ciento-el-numero-de-espectadores\/#webpage"},"articleSection":"Noticias y Actualidad"},{"@type":"BreadcrumbList","@id":"https:\/\/eldigitaldeasturias.com\/magazine365\/el-primavera-sound-espera-incrementar-en-un-10-por-ciento-el-numero-de-espectadores\/#breadcrumblist","itemListElement":[{"@type":"ListItem","@id":"https:\/\/eldigitaldeasturias.com\/magazine365#listItem","position":1,"name":"Home","item":"https:\/\/eldigitaldeasturias.com\/magazine365","nextItem":{"@type":"ListItem","@id":"https:\/\/eldigitaldeasturias.com\/magazine365\/category\/noticias-actualidad\/#listItem","name":"Noticias y Actualidad"}},{"@type":"ListItem","@id":"https:\/\/eldigitaldeasturias.com\/magazine365\/category\/noticias-actualidad\/#listItem","position":2,"name":"Noticias y Actualidad","item":"https:\/\/eldigitaldeasturias.com\/magazine365\/category\/noticias-actualidad\/","nextItem":{"@type":"ListItem","@id":"https:\/\/eldigitaldeasturias.com\/magazine365\/el-primavera-sound-espera-incrementar-en-un-10-por-ciento-el-numero-de-espectadores\/#listItem","name":"El Primavera Sound espera incrementar en un 10 por ciento el n\u00famero de espectadores"},"previousItem":{"@type":"ListItem","@id":"https:\/\/eldigitaldeasturias.com\/magazine365#listItem","name":"Home"}},{"@type":"ListItem","@id":"https:\/\/eldigitaldeasturias.com\/magazine365\/el-primavera-sound-espera-incrementar-en-un-10-por-ciento-el-numero-de-espectadores\/#listItem","position":3,"name":"El Primavera Sound espera incrementar en un 10 por ciento el n\u00famero de espectadores","previousItem":{"@type":"ListItem","@id":"https:\/\/eldigitaldeasturias.com\/magazine365\/category\/noticias-actualidad\/#listItem","name":"Noticias y Actualidad"}}]},{"@type":"Organization","@id":"https:\/\/eldigitaldeasturias.com\/magazine365\/#organization","name":"El digital de Asturias","description":"Revista de ocio, turismo y estilo de vida","url":"https:\/\/eldigitaldeasturias.com\/magazine365\/","logo":{"@type":"ImageObject","url":"https:\/\/www.eldigitaldeasturias.com\/noticias\/wp-content\/uploads\/2020\/12\/EDA.jpg","@id":"https:\/\/eldigitaldeasturias.com\/magazine365\/el-primavera-sound-espera-incrementar-en-un-10-por-ciento-el-numero-de-espectadores\/#organizationLogo"},"image":{"@id":"https:\/\/eldigitaldeasturias.com\/magazine365\/el-primavera-sound-espera-incrementar-en-un-10-por-ciento-el-numero-de-espectadores\/#organizationLogo"}},{"@type":"Person","@id":"https:\/\/eldigitaldeasturias.com\/magazine365\/author\/admin\/#author","url":"https:\/\/eldigitaldeasturias.com\/magazine365\/author\/admin\/","name":"admin","image":{"@type":"ImageObject","@id":"https:\/\/eldigitaldeasturias.com\/magazine365\/el-primavera-sound-espera-incrementar-en-un-10-por-ciento-el-numero-de-espectadores\/#authorImage","url":"https:\/\/eldigitaldeasturias.com\/magazine365\/wp-content\/litespeed\/avatar\/e571bcf59a0edd6fa6838245a470f2fe.jpg?ver=1776969259","width":96,"height":96,"caption":"admin"}},{"@type":"WebPage","@id":"https:\/\/eldigitaldeasturias.com\/magazine365\/el-primavera-sound-espera-incrementar-en-un-10-por-ciento-el-numero-de-espectadores\/#webpage","url":"https:\/\/eldigitaldeasturias.com\/magazine365\/el-primavera-sound-espera-incrementar-en-un-10-por-ciento-el-numero-de-espectadores\/","name":"El Primavera Sound espera incrementar en un 10 por ciento el n\u00famero de espectadores | El Digital de Asturias","description":"Barcelona, 26 may (EFE).- El Festival Primavera Sound, que el a\u00f1o pasado contabiliz\u00f3 170.000 espectadores a lo largo de las cinco jornadas centrales, espera este a\u00f1o aumentar en un 10 por ciento el n\u00famero de visitantes, seg\u00fan ha dicho hoy el codirector del certamen Pablo Soler. Unas expectativas que Soler espera cumplir, \"incluso si llueve,","inLanguage":"es-ES","isPartOf":{"@id":"https:\/\/eldigitaldeasturias.com\/magazine365\/#website"},"breadcrumb":{"@id":"https:\/\/eldigitaldeasturias.com\/magazine365\/el-primavera-sound-espera-incrementar-en-un-10-por-ciento-el-numero-de-espectadores\/#breadcrumblist"},"author":{"@id":"https:\/\/eldigitaldeasturias.com\/magazine365\/author\/admin\/#author"},"creator":{"@id":"https:\/\/eldigitaldeasturias.com\/magazine365\/author\/admin\/#author"},"image":{"@type":"ImageObject","url":"https:\/\/eldigitaldeasturias.com\/magazine365\/wp-content\/uploads\/2014\/05\/6302134w.jpg","@id":"https:\/\/eldigitaldeasturias.com\/magazine365\/el-primavera-sound-espera-incrementar-en-un-10-por-ciento-el-numero-de-espectadores\/#mainImage","width":800,"height":533},"primaryImageOfPage":{"@id":"https:\/\/eldigitaldeasturias.com\/magazine365\/el-primavera-sound-espera-incrementar-en-un-10-por-ciento-el-numero-de-espectadores\/#mainImage"},"datePublished":"2014-05-27T03:56:26+02:00","dateModified":"2014-05-27T03:56:26+02:00"},{"@type":"WebSite","@id":"https:\/\/eldigitaldeasturias.com\/magazine365\/#website","url":"https:\/\/eldigitaldeasturias.com\/magazine365\/","name":"El Digital de Asturias","description":"Revista de ocio, turismo y estilo de vida","inLanguage":"es-ES","publisher":{"@id":"https:\/\/eldigitaldeasturias.com\/magazine365\/#organization"}}]},"og:locale":"es_ES","og:site_name":"El Digital de Asturias \u2013 Revista de ocio, turismo y estilo de vida","og:type":"article","og:title":"El Primavera Sound espera incrementar en un 10 por ciento el n\u00famero de espectadores | El Digital de Asturias","og:description":"Barcelona, 26 may (EFE).- El Festival Primavera Sound, que el a\u00f1o pasado contabiliz\u00f3 170.000 espectadores a lo largo de las cinco jornadas centrales, espera este a\u00f1o aumentar en un 10 por ciento el n\u00famero de visitantes, seg\u00fan ha dicho hoy el codirector del certamen Pablo Soler. Unas expectativas que Soler espera cumplir, &quot;incluso si llueve,","og:url":"https:\/\/eldigitaldeasturias.com\/magazine365\/el-primavera-sound-espera-incrementar-en-un-10-por-ciento-el-numero-de-espectadores\/","og:image":"https:\/\/eldigitaldeasturias.com\/magazine365\/wp-content\/uploads\/2014\/05\/6302134w.jpg","og:image:secure_url":"https:\/\/eldigitaldeasturias.com\/magazine365\/wp-content\/uploads\/2014\/05\/6302134w.jpg","og:image:width":800,"og:image:height":533,"article:published_time":"2014-05-27T05:56:26+00:00","article:modified_time":"2014-05-27T05:56:26+00:00","twitter:card":"summary_large_image","twitter:title":"El Primavera Sound espera incrementar en un 10 por ciento el n\u00famero de espectadores | El Digital de Asturias","twitter:description":"Barcelona, 26 may (EFE).- El Festival Primavera Sound, que el a\u00f1o pasado contabiliz\u00f3 170.000 espectadores a lo largo de las cinco jornadas centrales, espera este a\u00f1o aumentar en un 10 por ciento el n\u00famero de visitantes, seg\u00fan ha dicho hoy el codirector del certamen Pablo Soler. Unas expectativas que Soler espera cumplir, &quot;incluso si llueve,","twitter:image":"https:\/\/eldigitaldeasturias.com\/magazine365\/wp-content\/uploads\/2014\/05\/6302134w.jpg"},"aioseo_meta_data":{"post_id":"14000","title":null,"description":null,"keywords":null,"keyphrases":null,"primary_term":null,"canonical_url":null,"og_title":null,"og_description":null,"og_object_type":"default","og_image_type":"default","og_image_url":null,"og_image_width":null,"og_image_height":null,"og_image_custom_url":null,"og_image_custom_fields":null,"og_video":null,"og_custom_url":null,"og_article_section":null,"og_article_tags":null,"twitter_use_og":false,"twitter_card":"default","twitter_image_type":"default","twitter_image_url":null,"twitter_image_custom_url":null,"twitter_image_custom_fields":null,"twitter_title":null,"twitter_description":null,"schema":{"blockGraphs":[],"customGraphs":[],"default":{"data":{"Article":[],"Course":[],"Dataset":[],"FAQPage":[],"Movie":[],"Person":[],"Product":[],"ProductReview":[],"Car":[],"Recipe":[],"Service":[],"SoftwareApplication":[],"WebPage":[]},"graphName":"","isEnabled":true},"graphs":[],"defaultGraph":"","defaultPostTypeGraph":""},"schema_type":null,"schema_type_options":null,"pillar_content":false,"robots_default":true,"robots_noindex":false,"robots_noarchive":false,"robots_nosnippet":false,"robots_nofollow":false,"robots_noimageindex":false,"robots_noodp":false,"robots_notranslate":false,"robots_max_snippet":null,"robots_max_videopreview":null,"robots_max_imagepreview":"large","priority":null,"frequency":null,"location":null,"local_seo":null,"seo_analyzer_scan_date":"2025-09-17 09:20:45","breadcrumb_settings":null,"limit_modified_date":false,"open_ai":null,"ai":null,"created":"2021-03-09 08:20:43","updated":"2025-09-17 09:20:45"},"aioseo_breadcrumb":"<div class=\"aioseo-breadcrumbs\"><span class=\"aioseo-breadcrumb\">\n\t<a href=\"https:\/\/eldigitaldeasturias.com\/magazine365\" title=\"Home\">Home<\/a>\n<\/span><span class=\"aioseo-breadcrumb-separator\">\u2013<\/span><span class=\"aioseo-breadcrumb\">\n\t<a href=\"https:\/\/eldigitaldeasturias.com\/magazine365\/category\/noticias-actualidad\/\" title=\"Noticias y Actualidad\">Noticias y Actualidad<\/a>\n<\/span><span class=\"aioseo-breadcrumb-separator\">\u2013<\/span><span class=\"aioseo-breadcrumb\">\n\t<a href=\"https:\/\/eldigitaldeasturias.com\/magazine365\/el-primavera-sound-espera-incrementar-en-un-10-por-ciento-el-numero-de-espectadores\/\" title=\"El Primavera Sound espera incrementar en un 10 por ciento el n\u00famero de espectadores\">El Primavera Sound espera incrementar en un 10 por ciento el n\u00famero de espectadores<\/a>\n<\/span><\/div>","aioseo_breadcrumb_json":[{"label":"Home","link":"https:\/\/eldigitaldeasturias.com\/magazine365"},{"label":"Noticias y Actualidad","link":"https:\/\/eldigitaldeasturias.com\/magazine365\/category\/noticias-actualidad\/"},{"label":"El Primavera Sound espera incrementar en un 10 por ciento el n\u00famero de espectadores","link":"https:\/\/eldigitaldeasturias.com\/magazine365\/el-primavera-sound-espera-incrementar-en-un-10-por-ciento-el-numero-de-espectadores\/"}],"_links":{"self":[{"href":"https:\/\/eldigitaldeasturias.com\/magazine365\/wp-json\/wp\/v2\/posts\/14000","targetHints":{"allow":["GET"]}}],"collection":[{"href":"https:\/\/eldigitaldeasturias.com\/magazine365\/wp-json\/wp\/v2\/posts"}],"about":[{"href":"https:\/\/eldigitaldeasturias.com\/magazine365\/wp-json\/wp\/v2\/types\/post"}],"author":[{"embeddable":true,"href":"https:\/\/eldigitaldeasturias.com\/magazine365\/wp-json\/wp\/v2\/users\/1"}],"replies":[{"embeddable":true,"href":"https:\/\/eldigitaldeasturias.com\/magazine365\/wp-json\/wp\/v2\/comments?post=14000"}],"version-history":[{"count":0,"href":"https:\/\/eldigitaldeasturias.com\/magazine365\/wp-json\/wp\/v2\/posts\/14000\/revisions"}],"wp:featuredmedia":[{"embeddable":true,"href":"https:\/\/eldigitaldeasturias.com\/magazine365\/wp-json\/wp\/v2\/media\/14001"}],"wp:attachment":[{"href":"https:\/\/eldigitaldeasturias.com\/magazine365\/wp-json\/wp\/v2\/media?parent=14000"}],"wp:term":[{"taxonomy":"category","embeddable":true,"href":"https:\/\/eldigitaldeasturias.com\/magazine365\/wp-json\/wp\/v2\/categories?post=14000"},{"taxonomy":"post_tag","embeddable":true,"href":"https:\/\/eldigitaldeasturias.com\/magazine365\/wp-json\/wp\/v2\/tags?post=14000"}],"curies":[{"name":"wp","href":"https:\/\/api.w.org\/{rel}","templated":true}]}}