{"id":13997,"date":"2014-05-27T03:55:36","date_gmt":"2014-05-27T05:55:36","guid":{"rendered":"http:\/\/eldigitaldeasturias.com\/magazine365\/?p=13997"},"modified":"2014-05-27T03:55:36","modified_gmt":"2014-05-27T05:55:36","slug":"minarro-a-la-vuelta-de-cannes-dice-que-el-cine-de-autor-pierde-cada-vez-mas-apoyos","status":"publish","type":"post","link":"https:\/\/eldigitaldeasturias.com\/magazine365\/minarro-a-la-vuelta-de-cannes-dice-que-el-cine-de-autor-pierde-cada-vez-mas-apoyos\/","title":{"rendered":"Mi\u00f1arro, a la vuelta de Cannes, dice que \u00abel cine de autor pierde cada vez m\u00e1s apoyos\u00bb"},"content":{"rendered":"<p><img fetchpriority=\"high\" decoding=\"async\" class=\"alignleft size-medium wp-image-13998\" alt=\"6302096w\" src=\"https:\/\/eldigitaldeasturias.com\/magazine365\/wp-content\/uploads\/2014\/05\/6302096w-360x239.jpg\" width=\"360\" height=\"239\" srcset=\"https:\/\/eldigitaldeasturias.com\/magazine365\/wp-content\/uploads\/2014\/05\/6302096w-360x239.jpg 360w, https:\/\/eldigitaldeasturias.com\/magazine365\/wp-content\/uploads\/2014\/05\/6302096w-650x432.jpg 650w, https:\/\/eldigitaldeasturias.com\/magazine365\/wp-content\/uploads\/2014\/05\/6302096w-768x511.jpg 768w, https:\/\/eldigitaldeasturias.com\/magazine365\/wp-content\/uploads\/2014\/05\/6302096w-150x100.jpg 150w, https:\/\/eldigitaldeasturias.com\/magazine365\/wp-content\/uploads\/2014\/05\/6302096w-450x299.jpg 450w, https:\/\/eldigitaldeasturias.com\/magazine365\/wp-content\/uploads\/2014\/05\/6302096w-696x463.jpg 696w, https:\/\/eldigitaldeasturias.com\/magazine365\/wp-content\/uploads\/2014\/05\/6302096w-632x420.jpg 632w, https:\/\/eldigitaldeasturias.com\/magazine365\/wp-content\/uploads\/2014\/05\/6302096w-84x55.jpg 84w, https:\/\/eldigitaldeasturias.com\/magazine365\/wp-content\/uploads\/2014\/05\/6302096w.jpg 800w\" sizes=\"(max-width: 360px) 100vw, 360px\" \/>Madrid, 26 may (EFE).- El productor catal\u00e1n Luis Mi\u00f1arro, que acaba de volver del Festival de Cannes donde ha concursado por la Palma de Oro con su pel\u00edcula \u00abStill the water\u00bb, de la japonesa Naomi Kawase, ha comentado hoy con Efe que este encuentro internacional de cineastas exige cada a\u00f1o \u00abm\u00e1s dedicaci\u00f3n y m\u00e1s trabajo\u00bb.<\/p>\n<p>\u00abLa sensaci\u00f3n de este a\u00f1o en el festival es la misma para todos -es verdad que en unos pa\u00edses m\u00e1s que en otros, considera-, de que el tipo de cine m\u00e1s creativo va a la baja; no el m\u00e1s comercial, pero el de autor pierde cada vez m\u00e1s soportes y tiene menos apoyos\u00bb, como sucede con las televisiones, explica.<\/p>\n<p>El cineasta, que ya consigui\u00f3 el m\u00e1ximo galard\u00f3n de Cannes en 2010 con la producci\u00f3n \u00abUncle Boonmee recuerda sus vidas pasadas\u00bb, de Apichatpong Weerasethakul, presentaba hoy en Madrid su primer largometraje como director, \u00abStella cadente\u00bb, que protagonizan B\u00e1rbara Lennie y \u00c1lex Brendem\u00fchl, otro asiduo de Cannes.<\/p>\n<p>Mi\u00f1arro, que a trav\u00e9s de su productora Eddie Saeta ha apoyado siempre opciones de un cine m\u00e1s alejado de las directrices del mercado, se\u00f1ala que hoy, el mercado internacional que es Cannes \u00abcada vez te exige m\u00e1s dedicaci\u00f3n, m\u00e1s trabajo, m\u00e1s entrevistas\u00bb.<\/p>\n<p>\u00abTal vez la explicaci\u00f3n -considera- es que la situaci\u00f3n est\u00e1 un poco cr\u00edtica en Europa, quieras que no, todo el mundo est\u00e1 buscando con qui\u00e9n puede cooproducir para sacar adelante los proyectos\u00bb.<\/p>\n<p>En su opini\u00f3n, el Festival de Cannes es cada vez m\u00e1s un reflejo de una sociedad en la que la medi\u00e1tica, sobre todo hoy d\u00eda, ocupa un puesto important\u00edsimo, es el &#8216;vocero&#8217;, pero un &#8216;vocero&#8217; que no llega al meollo, simplemente lo representa; es la propia industria del cine la que es un reflejo de la sociedad, y Cannes es m\u00e1s que teatro, es el circo casi, todo es falso\u00bb.<\/p>\n<p>Y comenta, como ejemplo, que en uno de los actos a los que asisti\u00f3 este a\u00f1o vio a \u00abUma Thurman, subir unas escaleras para presentar la pel\u00edcula de Olivier Assayas y luego ya no est\u00e1 en la sala; se ha ido, a lo mejor, a una fiesta de Loreal a hacerse otra foto\u00bb.<\/p>\n<p>\u00abStill the water\u00bb, una coproducci\u00f3n de Mi\u00f1arro con Jap\u00f3n y Francia, cuenta la historia de dos adolescentes, Kyoko, cuya madre est\u00e1 muriendo, y Kaito, un chico callado y solitario que no asume la separaci\u00f3n de sus padres.<\/p>\n<p>El catal\u00e1n, productor de autores como Manoel de Oliveira y de pel\u00edculas aclamadas como \u00abLa mosquitera\u00bb, \u00abEl muerto y ser feliz\u00bb o \u00abCosas que nunca te dije\u00bb, se vino esta vez sin el deseado premio.<\/p>\n","protected":false},"excerpt":{"rendered":"<p>Madrid, 26 may (EFE).- El productor catal\u00e1n Luis Mi\u00f1arro, que acaba de volver del Festival de Cannes donde ha concursado por la Palma de Oro con su pel\u00edcula \u00abStill the water\u00bb, de la japonesa Naomi Kawase, ha comentado hoy con Efe que este encuentro internacional de cineastas exige cada a\u00f1o \u00abm\u00e1s dedicaci\u00f3n y m\u00e1s trabajo\u00bb.<\/p>\n","protected":false},"author":1,"featured_media":13998,"comment_status":"open","ping_status":"closed","sticky":false,"template":"","format":"standard","meta":{"footnotes":""},"categories":[224],"tags":[],"class_list":{"0":"post-13997","1":"post","2":"type-post","3":"status-publish","4":"format-standard","5":"has-post-thumbnail","7":"category-noticias-actualidad"},"aioseo_notices":[],"aioseo_head":"\n\t\t<!-- All in One SEO Pro 4.9.6.1 - aioseo.com -->\n\t<meta name=\"description\" content=\"Madrid, 26 may (EFE).- El productor catal\u00e1n Luis Mi\u00f1arro, que acaba de volver del Festival de Cannes donde ha concursado por la Palma de Oro con su pel\u00edcula &quot;Still the water&quot;, de la japonesa Naomi Kawase, ha comentado hoy con Efe que este encuentro internacional de cineastas exige cada a\u00f1o &quot;m\u00e1s dedicaci\u00f3n y m\u00e1s trabajo&quot;.\" \/>\n\t<meta name=\"robots\" content=\"max-image-preview:large\" \/>\n\t<meta name=\"author\" content=\"admin\"\/>\n\t<meta name=\"google-site-verification\" content=\"UA-38556648-1\" \/>\n\t<meta name=\"keywords\" content=\"noticias y actualidad\" \/>\n\t<link rel=\"canonical\" href=\"https:\/\/eldigitaldeasturias.com\/magazine365\/minarro-a-la-vuelta-de-cannes-dice-que-el-cine-de-autor-pierde-cada-vez-mas-apoyos\/\" \/>\n\t<meta name=\"generator\" content=\"All in One SEO Pro (AIOSEO) 4.9.6.1\" \/>\n\t\t<meta property=\"og:locale\" content=\"es_ES\" \/>\n\t\t<meta property=\"og:site_name\" content=\"El Digital de Asturias \u2013 Revista de ocio, turismo y estilo de vida\" \/>\n\t\t<meta property=\"og:type\" content=\"article\" \/>\n\t\t<meta property=\"og:title\" content=\"Mi\u00f1arro, a la vuelta de Cannes, dice que \u00abel cine de autor pierde cada vez m\u00e1s apoyos\u00bb | El Digital de Asturias\" \/>\n\t\t<meta property=\"og:description\" content=\"Madrid, 26 may (EFE).- El productor catal\u00e1n Luis Mi\u00f1arro, que acaba de volver del Festival de Cannes donde ha concursado por la Palma de Oro con su pel\u00edcula &quot;Still the water&quot;, de la japonesa Naomi Kawase, ha comentado hoy con Efe que este encuentro internacional de cineastas exige cada a\u00f1o &quot;m\u00e1s dedicaci\u00f3n y m\u00e1s trabajo&quot;.\" \/>\n\t\t<meta property=\"og:url\" content=\"https:\/\/eldigitaldeasturias.com\/magazine365\/minarro-a-la-vuelta-de-cannes-dice-que-el-cine-de-autor-pierde-cada-vez-mas-apoyos\/\" \/>\n\t\t<meta property=\"og:image\" content=\"https:\/\/eldigitaldeasturias.com\/magazine365\/wp-content\/uploads\/2014\/05\/6302096w.jpg\" \/>\n\t\t<meta property=\"og:image:secure_url\" content=\"https:\/\/eldigitaldeasturias.com\/magazine365\/wp-content\/uploads\/2014\/05\/6302096w.jpg\" \/>\n\t\t<meta property=\"og:image:width\" content=\"800\" \/>\n\t\t<meta property=\"og:image:height\" content=\"532\" \/>\n\t\t<meta property=\"article:published_time\" content=\"2014-05-27T05:55:36+00:00\" \/>\n\t\t<meta property=\"article:modified_time\" content=\"2014-05-27T05:55:36+00:00\" \/>\n\t\t<meta name=\"twitter:card\" content=\"summary_large_image\" \/>\n\t\t<meta name=\"twitter:title\" content=\"Mi\u00f1arro, a la vuelta de Cannes, dice que \u00abel cine de autor pierde cada vez m\u00e1s apoyos\u00bb | El Digital de Asturias\" \/>\n\t\t<meta name=\"twitter:description\" content=\"Madrid, 26 may (EFE).- El productor catal\u00e1n Luis Mi\u00f1arro, que acaba de volver del Festival de Cannes donde ha concursado por la Palma de Oro con su pel\u00edcula &quot;Still the water&quot;, de la japonesa Naomi Kawase, ha comentado hoy con Efe que este encuentro internacional de cineastas exige cada a\u00f1o &quot;m\u00e1s dedicaci\u00f3n y m\u00e1s trabajo&quot;.\" \/>\n\t\t<meta name=\"twitter:image\" content=\"https:\/\/eldigitaldeasturias.com\/magazine365\/wp-content\/uploads\/2014\/05\/6302096w.jpg\" \/>\n\t\t<script type=\"application\/ld+json\" class=\"aioseo-schema\">\n\t\t\t{\"@context\":\"https:\\\/\\\/schema.org\",\"@graph\":[{\"@type\":\"Article\",\"@id\":\"https:\\\/\\\/eldigitaldeasturias.com\\\/magazine365\\\/minarro-a-la-vuelta-de-cannes-dice-que-el-cine-de-autor-pierde-cada-vez-mas-apoyos\\\/#article\",\"name\":\"Mi\\u00f1arro, a la vuelta de Cannes, dice que \\u00abel cine de autor pierde cada vez m\\u00e1s apoyos\\u00bb | El Digital de Asturias\",\"headline\":\"Mi\\u00f1arro, a la vuelta de Cannes, dice que \\u00abel cine de autor pierde cada vez m\\u00e1s apoyos\\u00bb\",\"author\":{\"@id\":\"https:\\\/\\\/eldigitaldeasturias.com\\\/magazine365\\\/author\\\/admin\\\/#author\"},\"publisher\":{\"@id\":\"https:\\\/\\\/eldigitaldeasturias.com\\\/magazine365\\\/#organization\"},\"image\":{\"@type\":\"ImageObject\",\"url\":\"https:\\\/\\\/eldigitaldeasturias.com\\\/magazine365\\\/wp-content\\\/uploads\\\/2014\\\/05\\\/6302096w.jpg\",\"width\":800,\"height\":532},\"datePublished\":\"2014-05-27T03:55:36+02:00\",\"dateModified\":\"2014-05-27T03:55:36+02:00\",\"inLanguage\":\"es-ES\",\"mainEntityOfPage\":{\"@id\":\"https:\\\/\\\/eldigitaldeasturias.com\\\/magazine365\\\/minarro-a-la-vuelta-de-cannes-dice-que-el-cine-de-autor-pierde-cada-vez-mas-apoyos\\\/#webpage\"},\"isPartOf\":{\"@id\":\"https:\\\/\\\/eldigitaldeasturias.com\\\/magazine365\\\/minarro-a-la-vuelta-de-cannes-dice-que-el-cine-de-autor-pierde-cada-vez-mas-apoyos\\\/#webpage\"},\"articleSection\":\"Noticias y Actualidad\"},{\"@type\":\"BreadcrumbList\",\"@id\":\"https:\\\/\\\/eldigitaldeasturias.com\\\/magazine365\\\/minarro-a-la-vuelta-de-cannes-dice-que-el-cine-de-autor-pierde-cada-vez-mas-apoyos\\\/#breadcrumblist\",\"itemListElement\":[{\"@type\":\"ListItem\",\"@id\":\"https:\\\/\\\/eldigitaldeasturias.com\\\/magazine365#listItem\",\"position\":1,\"name\":\"Home\",\"item\":\"https:\\\/\\\/eldigitaldeasturias.com\\\/magazine365\",\"nextItem\":{\"@type\":\"ListItem\",\"@id\":\"https:\\\/\\\/eldigitaldeasturias.com\\\/magazine365\\\/category\\\/noticias-actualidad\\\/#listItem\",\"name\":\"Noticias y Actualidad\"}},{\"@type\":\"ListItem\",\"@id\":\"https:\\\/\\\/eldigitaldeasturias.com\\\/magazine365\\\/category\\\/noticias-actualidad\\\/#listItem\",\"position\":2,\"name\":\"Noticias y Actualidad\",\"item\":\"https:\\\/\\\/eldigitaldeasturias.com\\\/magazine365\\\/category\\\/noticias-actualidad\\\/\",\"nextItem\":{\"@type\":\"ListItem\",\"@id\":\"https:\\\/\\\/eldigitaldeasturias.com\\\/magazine365\\\/minarro-a-la-vuelta-de-cannes-dice-que-el-cine-de-autor-pierde-cada-vez-mas-apoyos\\\/#listItem\",\"name\":\"Mi\\u00f1arro, a la vuelta de Cannes, dice que \\u00abel cine de autor pierde cada vez m\\u00e1s apoyos\\u00bb\"},\"previousItem\":{\"@type\":\"ListItem\",\"@id\":\"https:\\\/\\\/eldigitaldeasturias.com\\\/magazine365#listItem\",\"name\":\"Home\"}},{\"@type\":\"ListItem\",\"@id\":\"https:\\\/\\\/eldigitaldeasturias.com\\\/magazine365\\\/minarro-a-la-vuelta-de-cannes-dice-que-el-cine-de-autor-pierde-cada-vez-mas-apoyos\\\/#listItem\",\"position\":3,\"name\":\"Mi\\u00f1arro, a la vuelta de Cannes, dice que \\u00abel cine de autor pierde cada vez m\\u00e1s apoyos\\u00bb\",\"previousItem\":{\"@type\":\"ListItem\",\"@id\":\"https:\\\/\\\/eldigitaldeasturias.com\\\/magazine365\\\/category\\\/noticias-actualidad\\\/#listItem\",\"name\":\"Noticias y Actualidad\"}}]},{\"@type\":\"Organization\",\"@id\":\"https:\\\/\\\/eldigitaldeasturias.com\\\/magazine365\\\/#organization\",\"name\":\"El digital de Asturias\",\"description\":\"Revista de ocio, turismo y estilo de vida\",\"url\":\"https:\\\/\\\/eldigitaldeasturias.com\\\/magazine365\\\/\",\"logo\":{\"@type\":\"ImageObject\",\"url\":\"https:\\\/\\\/www.eldigitaldeasturias.com\\\/noticias\\\/wp-content\\\/uploads\\\/2020\\\/12\\\/EDA.jpg\",\"@id\":\"https:\\\/\\\/eldigitaldeasturias.com\\\/magazine365\\\/minarro-a-la-vuelta-de-cannes-dice-que-el-cine-de-autor-pierde-cada-vez-mas-apoyos\\\/#organizationLogo\"},\"image\":{\"@id\":\"https:\\\/\\\/eldigitaldeasturias.com\\\/magazine365\\\/minarro-a-la-vuelta-de-cannes-dice-que-el-cine-de-autor-pierde-cada-vez-mas-apoyos\\\/#organizationLogo\"}},{\"@type\":\"Person\",\"@id\":\"https:\\\/\\\/eldigitaldeasturias.com\\\/magazine365\\\/author\\\/admin\\\/#author\",\"url\":\"https:\\\/\\\/eldigitaldeasturias.com\\\/magazine365\\\/author\\\/admin\\\/\",\"name\":\"admin\",\"image\":{\"@type\":\"ImageObject\",\"@id\":\"https:\\\/\\\/eldigitaldeasturias.com\\\/magazine365\\\/minarro-a-la-vuelta-de-cannes-dice-que-el-cine-de-autor-pierde-cada-vez-mas-apoyos\\\/#authorImage\",\"url\":\"https:\\\/\\\/eldigitaldeasturias.com\\\/magazine365\\\/wp-content\\\/litespeed\\\/avatar\\\/e571bcf59a0edd6fa6838245a470f2fe.jpg?ver=1776969259\",\"width\":96,\"height\":96,\"caption\":\"admin\"}},{\"@type\":\"WebPage\",\"@id\":\"https:\\\/\\\/eldigitaldeasturias.com\\\/magazine365\\\/minarro-a-la-vuelta-de-cannes-dice-que-el-cine-de-autor-pierde-cada-vez-mas-apoyos\\\/#webpage\",\"url\":\"https:\\\/\\\/eldigitaldeasturias.com\\\/magazine365\\\/minarro-a-la-vuelta-de-cannes-dice-que-el-cine-de-autor-pierde-cada-vez-mas-apoyos\\\/\",\"name\":\"Mi\\u00f1arro, a la vuelta de Cannes, dice que \\u00abel cine de autor pierde cada vez m\\u00e1s apoyos\\u00bb | El Digital de Asturias\",\"description\":\"Madrid, 26 may (EFE).- El productor catal\\u00e1n Luis Mi\\u00f1arro, que acaba de volver del Festival de Cannes donde ha concursado por la Palma de Oro con su pel\\u00edcula \\\"Still the water\\\", de la japonesa Naomi Kawase, ha comentado hoy con Efe que este encuentro internacional de cineastas exige cada a\\u00f1o \\\"m\\u00e1s dedicaci\\u00f3n y m\\u00e1s trabajo\\\".\",\"inLanguage\":\"es-ES\",\"isPartOf\":{\"@id\":\"https:\\\/\\\/eldigitaldeasturias.com\\\/magazine365\\\/#website\"},\"breadcrumb\":{\"@id\":\"https:\\\/\\\/eldigitaldeasturias.com\\\/magazine365\\\/minarro-a-la-vuelta-de-cannes-dice-que-el-cine-de-autor-pierde-cada-vez-mas-apoyos\\\/#breadcrumblist\"},\"author\":{\"@id\":\"https:\\\/\\\/eldigitaldeasturias.com\\\/magazine365\\\/author\\\/admin\\\/#author\"},\"creator\":{\"@id\":\"https:\\\/\\\/eldigitaldeasturias.com\\\/magazine365\\\/author\\\/admin\\\/#author\"},\"image\":{\"@type\":\"ImageObject\",\"url\":\"https:\\\/\\\/eldigitaldeasturias.com\\\/magazine365\\\/wp-content\\\/uploads\\\/2014\\\/05\\\/6302096w.jpg\",\"@id\":\"https:\\\/\\\/eldigitaldeasturias.com\\\/magazine365\\\/minarro-a-la-vuelta-de-cannes-dice-que-el-cine-de-autor-pierde-cada-vez-mas-apoyos\\\/#mainImage\",\"width\":800,\"height\":532},\"primaryImageOfPage\":{\"@id\":\"https:\\\/\\\/eldigitaldeasturias.com\\\/magazine365\\\/minarro-a-la-vuelta-de-cannes-dice-que-el-cine-de-autor-pierde-cada-vez-mas-apoyos\\\/#mainImage\"},\"datePublished\":\"2014-05-27T03:55:36+02:00\",\"dateModified\":\"2014-05-27T03:55:36+02:00\"},{\"@type\":\"WebSite\",\"@id\":\"https:\\\/\\\/eldigitaldeasturias.com\\\/magazine365\\\/#website\",\"url\":\"https:\\\/\\\/eldigitaldeasturias.com\\\/magazine365\\\/\",\"name\":\"El Digital de Asturias\",\"description\":\"Revista de ocio, turismo y estilo de vida\",\"inLanguage\":\"es-ES\",\"publisher\":{\"@id\":\"https:\\\/\\\/eldigitaldeasturias.com\\\/magazine365\\\/#organization\"}}]}\n\t\t<\/script>\n\t\t<!-- All in One SEO Pro -->\r\n\t\t<title>Mi\u00f1arro, a la vuelta de Cannes, dice que \u00abel cine de autor pierde cada vez m\u00e1s apoyos\u00bb | El Digital de Asturias<\/title>\n\n","aioseo_head_json":{"title":"Mi\u00f1arro, a la vuelta de Cannes, dice que \u00abel cine de autor pierde cada vez m\u00e1s apoyos\u00bb | El Digital de Asturias","description":"Madrid, 26 may (EFE).- El productor catal\u00e1n Luis Mi\u00f1arro, que acaba de volver del Festival de Cannes donde ha concursado por la Palma de Oro con su pel\u00edcula \"Still the water\", de la japonesa Naomi Kawase, ha comentado hoy con Efe que este encuentro internacional de cineastas exige cada a\u00f1o \"m\u00e1s dedicaci\u00f3n y m\u00e1s trabajo\".","canonical_url":"https:\/\/eldigitaldeasturias.com\/magazine365\/minarro-a-la-vuelta-de-cannes-dice-que-el-cine-de-autor-pierde-cada-vez-mas-apoyos\/","robots":"max-image-preview:large","keywords":"noticias y actualidad","webmasterTools":{"google-site-verification":"UA-38556648-1","miscellaneous":""},"schema":{"@context":"https:\/\/schema.org","@graph":[{"@type":"Article","@id":"https:\/\/eldigitaldeasturias.com\/magazine365\/minarro-a-la-vuelta-de-cannes-dice-que-el-cine-de-autor-pierde-cada-vez-mas-apoyos\/#article","name":"Mi\u00f1arro, a la vuelta de Cannes, dice que \u00abel cine de autor pierde cada vez m\u00e1s apoyos\u00bb | El Digital de Asturias","headline":"Mi\u00f1arro, a la vuelta de Cannes, dice que \u00abel cine de autor pierde cada vez m\u00e1s apoyos\u00bb","author":{"@id":"https:\/\/eldigitaldeasturias.com\/magazine365\/author\/admin\/#author"},"publisher":{"@id":"https:\/\/eldigitaldeasturias.com\/magazine365\/#organization"},"image":{"@type":"ImageObject","url":"https:\/\/eldigitaldeasturias.com\/magazine365\/wp-content\/uploads\/2014\/05\/6302096w.jpg","width":800,"height":532},"datePublished":"2014-05-27T03:55:36+02:00","dateModified":"2014-05-27T03:55:36+02:00","inLanguage":"es-ES","mainEntityOfPage":{"@id":"https:\/\/eldigitaldeasturias.com\/magazine365\/minarro-a-la-vuelta-de-cannes-dice-que-el-cine-de-autor-pierde-cada-vez-mas-apoyos\/#webpage"},"isPartOf":{"@id":"https:\/\/eldigitaldeasturias.com\/magazine365\/minarro-a-la-vuelta-de-cannes-dice-que-el-cine-de-autor-pierde-cada-vez-mas-apoyos\/#webpage"},"articleSection":"Noticias y Actualidad"},{"@type":"BreadcrumbList","@id":"https:\/\/eldigitaldeasturias.com\/magazine365\/minarro-a-la-vuelta-de-cannes-dice-que-el-cine-de-autor-pierde-cada-vez-mas-apoyos\/#breadcrumblist","itemListElement":[{"@type":"ListItem","@id":"https:\/\/eldigitaldeasturias.com\/magazine365#listItem","position":1,"name":"Home","item":"https:\/\/eldigitaldeasturias.com\/magazine365","nextItem":{"@type":"ListItem","@id":"https:\/\/eldigitaldeasturias.com\/magazine365\/category\/noticias-actualidad\/#listItem","name":"Noticias y Actualidad"}},{"@type":"ListItem","@id":"https:\/\/eldigitaldeasturias.com\/magazine365\/category\/noticias-actualidad\/#listItem","position":2,"name":"Noticias y Actualidad","item":"https:\/\/eldigitaldeasturias.com\/magazine365\/category\/noticias-actualidad\/","nextItem":{"@type":"ListItem","@id":"https:\/\/eldigitaldeasturias.com\/magazine365\/minarro-a-la-vuelta-de-cannes-dice-que-el-cine-de-autor-pierde-cada-vez-mas-apoyos\/#listItem","name":"Mi\u00f1arro, a la vuelta de Cannes, dice que \u00abel cine de autor pierde cada vez m\u00e1s apoyos\u00bb"},"previousItem":{"@type":"ListItem","@id":"https:\/\/eldigitaldeasturias.com\/magazine365#listItem","name":"Home"}},{"@type":"ListItem","@id":"https:\/\/eldigitaldeasturias.com\/magazine365\/minarro-a-la-vuelta-de-cannes-dice-que-el-cine-de-autor-pierde-cada-vez-mas-apoyos\/#listItem","position":3,"name":"Mi\u00f1arro, a la vuelta de Cannes, dice que \u00abel cine de autor pierde cada vez m\u00e1s apoyos\u00bb","previousItem":{"@type":"ListItem","@id":"https:\/\/eldigitaldeasturias.com\/magazine365\/category\/noticias-actualidad\/#listItem","name":"Noticias y Actualidad"}}]},{"@type":"Organization","@id":"https:\/\/eldigitaldeasturias.com\/magazine365\/#organization","name":"El digital de Asturias","description":"Revista de ocio, turismo y estilo de vida","url":"https:\/\/eldigitaldeasturias.com\/magazine365\/","logo":{"@type":"ImageObject","url":"https:\/\/www.eldigitaldeasturias.com\/noticias\/wp-content\/uploads\/2020\/12\/EDA.jpg","@id":"https:\/\/eldigitaldeasturias.com\/magazine365\/minarro-a-la-vuelta-de-cannes-dice-que-el-cine-de-autor-pierde-cada-vez-mas-apoyos\/#organizationLogo"},"image":{"@id":"https:\/\/eldigitaldeasturias.com\/magazine365\/minarro-a-la-vuelta-de-cannes-dice-que-el-cine-de-autor-pierde-cada-vez-mas-apoyos\/#organizationLogo"}},{"@type":"Person","@id":"https:\/\/eldigitaldeasturias.com\/magazine365\/author\/admin\/#author","url":"https:\/\/eldigitaldeasturias.com\/magazine365\/author\/admin\/","name":"admin","image":{"@type":"ImageObject","@id":"https:\/\/eldigitaldeasturias.com\/magazine365\/minarro-a-la-vuelta-de-cannes-dice-que-el-cine-de-autor-pierde-cada-vez-mas-apoyos\/#authorImage","url":"https:\/\/eldigitaldeasturias.com\/magazine365\/wp-content\/litespeed\/avatar\/e571bcf59a0edd6fa6838245a470f2fe.jpg?ver=1776969259","width":96,"height":96,"caption":"admin"}},{"@type":"WebPage","@id":"https:\/\/eldigitaldeasturias.com\/magazine365\/minarro-a-la-vuelta-de-cannes-dice-que-el-cine-de-autor-pierde-cada-vez-mas-apoyos\/#webpage","url":"https:\/\/eldigitaldeasturias.com\/magazine365\/minarro-a-la-vuelta-de-cannes-dice-que-el-cine-de-autor-pierde-cada-vez-mas-apoyos\/","name":"Mi\u00f1arro, a la vuelta de Cannes, dice que \u00abel cine de autor pierde cada vez m\u00e1s apoyos\u00bb | El Digital de Asturias","description":"Madrid, 26 may (EFE).- El productor catal\u00e1n Luis Mi\u00f1arro, que acaba de volver del Festival de Cannes donde ha concursado por la Palma de Oro con su pel\u00edcula \"Still the water\", de la japonesa Naomi Kawase, ha comentado hoy con Efe que este encuentro internacional de cineastas exige cada a\u00f1o \"m\u00e1s dedicaci\u00f3n y m\u00e1s trabajo\".","inLanguage":"es-ES","isPartOf":{"@id":"https:\/\/eldigitaldeasturias.com\/magazine365\/#website"},"breadcrumb":{"@id":"https:\/\/eldigitaldeasturias.com\/magazine365\/minarro-a-la-vuelta-de-cannes-dice-que-el-cine-de-autor-pierde-cada-vez-mas-apoyos\/#breadcrumblist"},"author":{"@id":"https:\/\/eldigitaldeasturias.com\/magazine365\/author\/admin\/#author"},"creator":{"@id":"https:\/\/eldigitaldeasturias.com\/magazine365\/author\/admin\/#author"},"image":{"@type":"ImageObject","url":"https:\/\/eldigitaldeasturias.com\/magazine365\/wp-content\/uploads\/2014\/05\/6302096w.jpg","@id":"https:\/\/eldigitaldeasturias.com\/magazine365\/minarro-a-la-vuelta-de-cannes-dice-que-el-cine-de-autor-pierde-cada-vez-mas-apoyos\/#mainImage","width":800,"height":532},"primaryImageOfPage":{"@id":"https:\/\/eldigitaldeasturias.com\/magazine365\/minarro-a-la-vuelta-de-cannes-dice-que-el-cine-de-autor-pierde-cada-vez-mas-apoyos\/#mainImage"},"datePublished":"2014-05-27T03:55:36+02:00","dateModified":"2014-05-27T03:55:36+02:00"},{"@type":"WebSite","@id":"https:\/\/eldigitaldeasturias.com\/magazine365\/#website","url":"https:\/\/eldigitaldeasturias.com\/magazine365\/","name":"El Digital de Asturias","description":"Revista de ocio, turismo y estilo de vida","inLanguage":"es-ES","publisher":{"@id":"https:\/\/eldigitaldeasturias.com\/magazine365\/#organization"}}]},"og:locale":"es_ES","og:site_name":"El Digital de Asturias \u2013 Revista de ocio, turismo y estilo de vida","og:type":"article","og:title":"Mi\u00f1arro, a la vuelta de Cannes, dice que \u00abel cine de autor pierde cada vez m\u00e1s apoyos\u00bb | El Digital de Asturias","og:description":"Madrid, 26 may (EFE).- El productor catal\u00e1n Luis Mi\u00f1arro, que acaba de volver del Festival de Cannes donde ha concursado por la Palma de Oro con su pel\u00edcula &quot;Still the water&quot;, de la japonesa Naomi Kawase, ha comentado hoy con Efe que este encuentro internacional de cineastas exige cada a\u00f1o &quot;m\u00e1s dedicaci\u00f3n y m\u00e1s trabajo&quot;.","og:url":"https:\/\/eldigitaldeasturias.com\/magazine365\/minarro-a-la-vuelta-de-cannes-dice-que-el-cine-de-autor-pierde-cada-vez-mas-apoyos\/","og:image":"https:\/\/eldigitaldeasturias.com\/magazine365\/wp-content\/uploads\/2014\/05\/6302096w.jpg","og:image:secure_url":"https:\/\/eldigitaldeasturias.com\/magazine365\/wp-content\/uploads\/2014\/05\/6302096w.jpg","og:image:width":800,"og:image:height":532,"article:published_time":"2014-05-27T05:55:36+00:00","article:modified_time":"2014-05-27T05:55:36+00:00","twitter:card":"summary_large_image","twitter:title":"Mi\u00f1arro, a la vuelta de Cannes, dice que \u00abel cine de autor pierde cada vez m\u00e1s apoyos\u00bb | El Digital de Asturias","twitter:description":"Madrid, 26 may (EFE).- El productor catal\u00e1n Luis Mi\u00f1arro, que acaba de volver del Festival de Cannes donde ha concursado por la Palma de Oro con su pel\u00edcula &quot;Still the water&quot;, de la japonesa Naomi Kawase, ha comentado hoy con Efe que este encuentro internacional de cineastas exige cada a\u00f1o &quot;m\u00e1s dedicaci\u00f3n y m\u00e1s trabajo&quot;.","twitter:image":"https:\/\/eldigitaldeasturias.com\/magazine365\/wp-content\/uploads\/2014\/05\/6302096w.jpg"},"aioseo_meta_data":{"post_id":"13997","title":null,"description":null,"keywords":null,"keyphrases":null,"primary_term":null,"canonical_url":null,"og_title":null,"og_description":null,"og_object_type":"default","og_image_type":"default","og_image_url":null,"og_image_width":null,"og_image_height":null,"og_image_custom_url":null,"og_image_custom_fields":null,"og_video":null,"og_custom_url":null,"og_article_section":null,"og_article_tags":null,"twitter_use_og":false,"twitter_card":"default","twitter_image_type":"default","twitter_image_url":null,"twitter_image_custom_url":null,"twitter_image_custom_fields":null,"twitter_title":null,"twitter_description":null,"schema":{"blockGraphs":[],"customGraphs":[],"default":{"data":{"Article":[],"Course":[],"Dataset":[],"FAQPage":[],"Movie":[],"Person":[],"Product":[],"ProductReview":[],"Car":[],"Recipe":[],"Service":[],"SoftwareApplication":[],"WebPage":[]},"graphName":"","isEnabled":true},"graphs":[],"defaultGraph":"","defaultPostTypeGraph":""},"schema_type":null,"schema_type_options":null,"pillar_content":false,"robots_default":true,"robots_noindex":false,"robots_noarchive":false,"robots_nosnippet":false,"robots_nofollow":false,"robots_noimageindex":false,"robots_noodp":false,"robots_notranslate":false,"robots_max_snippet":null,"robots_max_videopreview":null,"robots_max_imagepreview":"large","priority":null,"frequency":null,"location":null,"local_seo":null,"seo_analyzer_scan_date":"2025-09-17 09:20:44","breadcrumb_settings":null,"limit_modified_date":false,"open_ai":null,"ai":null,"created":"2021-03-09 08:20:43","updated":"2025-09-17 09:20:44"},"aioseo_breadcrumb":"<div class=\"aioseo-breadcrumbs\"><span class=\"aioseo-breadcrumb\">\n\t<a href=\"https:\/\/eldigitaldeasturias.com\/magazine365\" title=\"Home\">Home<\/a>\n<\/span><span class=\"aioseo-breadcrumb-separator\">\u2013<\/span><span class=\"aioseo-breadcrumb\">\n\t<a href=\"https:\/\/eldigitaldeasturias.com\/magazine365\/category\/noticias-actualidad\/\" title=\"Noticias y Actualidad\">Noticias y Actualidad<\/a>\n<\/span><span class=\"aioseo-breadcrumb-separator\">\u2013<\/span><span class=\"aioseo-breadcrumb\">\n\t<a href=\"https:\/\/eldigitaldeasturias.com\/magazine365\/minarro-a-la-vuelta-de-cannes-dice-que-el-cine-de-autor-pierde-cada-vez-mas-apoyos\/\" title=\"Mi\u00f1arro, a la vuelta de Cannes, dice que \u00abel cine de autor pierde cada vez m\u00e1s apoyos\u00bb\">Mi\u00f1arro, a la vuelta de Cannes, dice que \u00abel cine de autor pierde cada vez m\u00e1s apoyos\u00bb<\/a>\n<\/span><\/div>","aioseo_breadcrumb_json":[{"label":"Home","link":"https:\/\/eldigitaldeasturias.com\/magazine365"},{"label":"Noticias y Actualidad","link":"https:\/\/eldigitaldeasturias.com\/magazine365\/category\/noticias-actualidad\/"},{"label":"Mi\u00f1arro, a la vuelta de Cannes, dice que \u00abel cine de autor pierde cada vez m\u00e1s apoyos\u00bb","link":"https:\/\/eldigitaldeasturias.com\/magazine365\/minarro-a-la-vuelta-de-cannes-dice-que-el-cine-de-autor-pierde-cada-vez-mas-apoyos\/"}],"_links":{"self":[{"href":"https:\/\/eldigitaldeasturias.com\/magazine365\/wp-json\/wp\/v2\/posts\/13997","targetHints":{"allow":["GET"]}}],"collection":[{"href":"https:\/\/eldigitaldeasturias.com\/magazine365\/wp-json\/wp\/v2\/posts"}],"about":[{"href":"https:\/\/eldigitaldeasturias.com\/magazine365\/wp-json\/wp\/v2\/types\/post"}],"author":[{"embeddable":true,"href":"https:\/\/eldigitaldeasturias.com\/magazine365\/wp-json\/wp\/v2\/users\/1"}],"replies":[{"embeddable":true,"href":"https:\/\/eldigitaldeasturias.com\/magazine365\/wp-json\/wp\/v2\/comments?post=13997"}],"version-history":[{"count":0,"href":"https:\/\/eldigitaldeasturias.com\/magazine365\/wp-json\/wp\/v2\/posts\/13997\/revisions"}],"wp:featuredmedia":[{"embeddable":true,"href":"https:\/\/eldigitaldeasturias.com\/magazine365\/wp-json\/wp\/v2\/media\/13998"}],"wp:attachment":[{"href":"https:\/\/eldigitaldeasturias.com\/magazine365\/wp-json\/wp\/v2\/media?parent=13997"}],"wp:term":[{"taxonomy":"category","embeddable":true,"href":"https:\/\/eldigitaldeasturias.com\/magazine365\/wp-json\/wp\/v2\/categories?post=13997"},{"taxonomy":"post_tag","embeddable":true,"href":"https:\/\/eldigitaldeasturias.com\/magazine365\/wp-json\/wp\/v2\/tags?post=13997"}],"curies":[{"name":"wp","href":"https:\/\/api.w.org\/{rel}","templated":true}]}}