{"id":13991,"date":"2014-05-27T03:53:06","date_gmt":"2014-05-27T05:53:06","guid":{"rendered":"http:\/\/eldigitaldeasturias.com\/magazine365\/?p=13991"},"modified":"2014-05-27T03:53:06","modified_gmt":"2014-05-27T05:53:06","slug":"los-reyes-de-holanda-visitan-el-norte-de-alemania","status":"publish","type":"post","link":"https:\/\/eldigitaldeasturias.com\/magazine365\/los-reyes-de-holanda-visitan-el-norte-de-alemania\/","title":{"rendered":"Los reyes de Holanda visitan el norte de Alemania"},"content":{"rendered":"<p><img fetchpriority=\"high\" decoding=\"async\" class=\"alignleft size-medium wp-image-13992\" alt=\"6302242w\" src=\"https:\/\/eldigitaldeasturias.com\/magazine365\/wp-content\/uploads\/2014\/05\/6302242w-360x241.jpg\" width=\"360\" height=\"241\" \/>Berl\u00edn, 26 may (EFE).- Los reyes Guillermo Alejandro y M\u00e1xima de Holanda realizan una visita de dos d\u00edas a Alemania que comenz\u00f3 esta ma\u00f1ana en la Universidad de Oldenburg (noroeste), en el estado de Niederschasen, y que continuar\u00e1 ma\u00f1ana en Renania del Norte-Westfalia (oeste).<\/p>\n<p>La visita oficial de los monarcas se inaugur\u00f3 esta ma\u00f1ana en el Centro universitario de Investigaci\u00f3n de Energ\u00eda Renovable de Oldenburg, donde fueron recibidos por el ministro del Partido Socialdem\u00f3crata (SPD) en la regi\u00f3n, Stephan Weil, y el alcalde de Oldenburg, Gerd Schwandner.<\/p>\n<p>Weil asegur\u00f3 que \u00abla pareja es muy simp\u00e1tica, gente amigable que est\u00e1 muy bien informada\u00bb, y manifest\u00f3 que pretenden \u00abtrabajar juntos de manera intensa en los pr\u00f3ximos a\u00f1os\u00bb con el objetivo de forjar futuras alianzas entre los dos pa\u00edses.<\/p>\n<p>Cerca de 150 personas se acercaron a recibir a los monarcas con ramos de flores, banderas y sombreros decorados con los colores de Holanda.<\/p>\n<p>Algunos de los curiosos permanecieron hasta su salida y aseguraron que la regente M\u00e1xima de Holanda, nacida en Argentina, es \u00abmuy simp\u00e1tica y muy guapa\u00bb.<\/p>\n<p>Se espera que esta tarde los monarcas visiten el Centro de Excelencia Mar\u00edtima de la ciudad de Leer, as\u00ed como el proyecto \u00abe-gas\u00bb de Audi en Werlte.<\/p>\n<p>Esta noche continuar\u00e1n su visita viajando a M\u00fcnster, en el estado de Renania del Norte-Westfalia, donde, tras una recepci\u00f3n y cena con la primera ministra de este estado, Hannelore Kraft, continuar\u00e1n ma\u00f1ana su programa en Essen y Dortmund (oeste).<\/p>\n","protected":false},"excerpt":{"rendered":"<p>Berl\u00edn, 26 may (EFE).- Los reyes Guillermo Alejandro y M\u00e1xima de Holanda realizan una visita de dos d\u00edas a Alemania que comenz\u00f3 esta ma\u00f1ana en la Universidad de Oldenburg (noroeste), en el estado de Niederschasen, y que continuar\u00e1 ma\u00f1ana en Renania del Norte-Westfalia (oeste). La visita oficial de los monarcas se inaugur\u00f3 esta ma\u00f1ana en<\/p>\n","protected":false},"author":1,"featured_media":13992,"comment_status":"open","ping_status":"closed","sticky":false,"template":"","format":"standard","meta":{"footnotes":""},"categories":[224],"tags":[],"class_list":{"0":"post-13991","1":"post","2":"type-post","3":"status-publish","4":"format-standard","5":"has-post-thumbnail","7":"category-noticias-actualidad"},"aioseo_notices":[],"aioseo_head":"\n\t\t<!-- All in One SEO Pro 4.9.6.1 - aioseo.com -->\n\t<meta name=\"description\" content=\"Berl\u00edn, 26 may (EFE).- Los reyes Guillermo Alejandro y M\u00e1xima de Holanda realizan una visita de dos d\u00edas a Alemania que comenz\u00f3 esta ma\u00f1ana en la Universidad de Oldenburg (noroeste), en el estado de Niederschasen, y que continuar\u00e1 ma\u00f1ana en Renania del Norte-Westfalia (oeste). La visita oficial de los monarcas se inaugur\u00f3 esta ma\u00f1ana en\" \/>\n\t<meta name=\"robots\" content=\"max-image-preview:large\" \/>\n\t<meta name=\"author\" content=\"admin\"\/>\n\t<meta name=\"google-site-verification\" content=\"UA-38556648-1\" \/>\n\t<meta name=\"keywords\" content=\"noticias y actualidad\" \/>\n\t<link rel=\"canonical\" href=\"https:\/\/eldigitaldeasturias.com\/magazine365\/los-reyes-de-holanda-visitan-el-norte-de-alemania\/\" \/>\n\t<meta name=\"generator\" content=\"All in One SEO Pro (AIOSEO) 4.9.6.1\" \/>\n\t\t<meta property=\"og:locale\" content=\"es_ES\" \/>\n\t\t<meta property=\"og:site_name\" content=\"El Digital de Asturias \u2013 Revista de ocio, turismo y estilo de vida\" \/>\n\t\t<meta property=\"og:type\" content=\"article\" \/>\n\t\t<meta property=\"og:title\" content=\"Los reyes de Holanda visitan el norte de Alemania | El Digital de Asturias\" \/>\n\t\t<meta property=\"og:description\" content=\"Berl\u00edn, 26 may (EFE).- Los reyes Guillermo Alejandro y M\u00e1xima de Holanda realizan una visita de dos d\u00edas a Alemania que comenz\u00f3 esta ma\u00f1ana en la Universidad de Oldenburg (noroeste), en el estado de Niederschasen, y que continuar\u00e1 ma\u00f1ana en Renania del Norte-Westfalia (oeste). La visita oficial de los monarcas se inaugur\u00f3 esta ma\u00f1ana en\" \/>\n\t\t<meta property=\"og:url\" content=\"https:\/\/eldigitaldeasturias.com\/magazine365\/los-reyes-de-holanda-visitan-el-norte-de-alemania\/\" \/>\n\t\t<meta property=\"og:image\" content=\"https:\/\/eldigitaldeasturias.com\/magazine365\/wp-content\/uploads\/2014\/05\/6302242w.jpg\" \/>\n\t\t<meta property=\"og:image:secure_url\" content=\"https:\/\/eldigitaldeasturias.com\/magazine365\/wp-content\/uploads\/2014\/05\/6302242w.jpg\" \/>\n\t\t<meta property=\"og:image:width\" content=\"800\" \/>\n\t\t<meta property=\"og:image:height\" content=\"537\" \/>\n\t\t<meta property=\"article:published_time\" content=\"2014-05-27T05:53:06+00:00\" \/>\n\t\t<meta property=\"article:modified_time\" content=\"2014-05-27T05:53:06+00:00\" \/>\n\t\t<meta name=\"twitter:card\" content=\"summary_large_image\" \/>\n\t\t<meta name=\"twitter:title\" content=\"Los reyes de Holanda visitan el norte de Alemania | El Digital de Asturias\" \/>\n\t\t<meta name=\"twitter:description\" content=\"Berl\u00edn, 26 may (EFE).- Los reyes Guillermo Alejandro y M\u00e1xima de Holanda realizan una visita de dos d\u00edas a Alemania que comenz\u00f3 esta ma\u00f1ana en la Universidad de Oldenburg (noroeste), en el estado de Niederschasen, y que continuar\u00e1 ma\u00f1ana en Renania del Norte-Westfalia (oeste). La visita oficial de los monarcas se inaugur\u00f3 esta ma\u00f1ana en\" \/>\n\t\t<meta name=\"twitter:image\" content=\"https:\/\/eldigitaldeasturias.com\/magazine365\/wp-content\/uploads\/2014\/05\/6302242w.jpg\" \/>\n\t\t<script type=\"application\/ld+json\" class=\"aioseo-schema\">\n\t\t\t{\"@context\":\"https:\\\/\\\/schema.org\",\"@graph\":[{\"@type\":\"Article\",\"@id\":\"https:\\\/\\\/eldigitaldeasturias.com\\\/magazine365\\\/los-reyes-de-holanda-visitan-el-norte-de-alemania\\\/#article\",\"name\":\"Los reyes de Holanda visitan el norte de Alemania | El Digital de Asturias\",\"headline\":\"Los reyes de Holanda visitan el norte de Alemania\",\"author\":{\"@id\":\"https:\\\/\\\/eldigitaldeasturias.com\\\/magazine365\\\/author\\\/admin\\\/#author\"},\"publisher\":{\"@id\":\"https:\\\/\\\/eldigitaldeasturias.com\\\/magazine365\\\/#organization\"},\"image\":{\"@type\":\"ImageObject\",\"url\":\"https:\\\/\\\/eldigitaldeasturias.com\\\/magazine365\\\/wp-content\\\/uploads\\\/2014\\\/05\\\/6302242w.jpg\",\"width\":800,\"height\":537},\"datePublished\":\"2014-05-27T03:53:06+02:00\",\"dateModified\":\"2014-05-27T03:53:06+02:00\",\"inLanguage\":\"es-ES\",\"mainEntityOfPage\":{\"@id\":\"https:\\\/\\\/eldigitaldeasturias.com\\\/magazine365\\\/los-reyes-de-holanda-visitan-el-norte-de-alemania\\\/#webpage\"},\"isPartOf\":{\"@id\":\"https:\\\/\\\/eldigitaldeasturias.com\\\/magazine365\\\/los-reyes-de-holanda-visitan-el-norte-de-alemania\\\/#webpage\"},\"articleSection\":\"Noticias y Actualidad\"},{\"@type\":\"BreadcrumbList\",\"@id\":\"https:\\\/\\\/eldigitaldeasturias.com\\\/magazine365\\\/los-reyes-de-holanda-visitan-el-norte-de-alemania\\\/#breadcrumblist\",\"itemListElement\":[{\"@type\":\"ListItem\",\"@id\":\"https:\\\/\\\/eldigitaldeasturias.com\\\/magazine365#listItem\",\"position\":1,\"name\":\"Home\",\"item\":\"https:\\\/\\\/eldigitaldeasturias.com\\\/magazine365\",\"nextItem\":{\"@type\":\"ListItem\",\"@id\":\"https:\\\/\\\/eldigitaldeasturias.com\\\/magazine365\\\/category\\\/noticias-actualidad\\\/#listItem\",\"name\":\"Noticias y Actualidad\"}},{\"@type\":\"ListItem\",\"@id\":\"https:\\\/\\\/eldigitaldeasturias.com\\\/magazine365\\\/category\\\/noticias-actualidad\\\/#listItem\",\"position\":2,\"name\":\"Noticias y Actualidad\",\"item\":\"https:\\\/\\\/eldigitaldeasturias.com\\\/magazine365\\\/category\\\/noticias-actualidad\\\/\",\"nextItem\":{\"@type\":\"ListItem\",\"@id\":\"https:\\\/\\\/eldigitaldeasturias.com\\\/magazine365\\\/los-reyes-de-holanda-visitan-el-norte-de-alemania\\\/#listItem\",\"name\":\"Los reyes de Holanda visitan el norte de Alemania\"},\"previousItem\":{\"@type\":\"ListItem\",\"@id\":\"https:\\\/\\\/eldigitaldeasturias.com\\\/magazine365#listItem\",\"name\":\"Home\"}},{\"@type\":\"ListItem\",\"@id\":\"https:\\\/\\\/eldigitaldeasturias.com\\\/magazine365\\\/los-reyes-de-holanda-visitan-el-norte-de-alemania\\\/#listItem\",\"position\":3,\"name\":\"Los reyes de Holanda visitan el norte de Alemania\",\"previousItem\":{\"@type\":\"ListItem\",\"@id\":\"https:\\\/\\\/eldigitaldeasturias.com\\\/magazine365\\\/category\\\/noticias-actualidad\\\/#listItem\",\"name\":\"Noticias y Actualidad\"}}]},{\"@type\":\"Organization\",\"@id\":\"https:\\\/\\\/eldigitaldeasturias.com\\\/magazine365\\\/#organization\",\"name\":\"El digital de Asturias\",\"description\":\"Revista de ocio, turismo y estilo de vida\",\"url\":\"https:\\\/\\\/eldigitaldeasturias.com\\\/magazine365\\\/\",\"logo\":{\"@type\":\"ImageObject\",\"url\":\"https:\\\/\\\/www.eldigitaldeasturias.com\\\/noticias\\\/wp-content\\\/uploads\\\/2020\\\/12\\\/EDA.jpg\",\"@id\":\"https:\\\/\\\/eldigitaldeasturias.com\\\/magazine365\\\/los-reyes-de-holanda-visitan-el-norte-de-alemania\\\/#organizationLogo\"},\"image\":{\"@id\":\"https:\\\/\\\/eldigitaldeasturias.com\\\/magazine365\\\/los-reyes-de-holanda-visitan-el-norte-de-alemania\\\/#organizationLogo\"}},{\"@type\":\"Person\",\"@id\":\"https:\\\/\\\/eldigitaldeasturias.com\\\/magazine365\\\/author\\\/admin\\\/#author\",\"url\":\"https:\\\/\\\/eldigitaldeasturias.com\\\/magazine365\\\/author\\\/admin\\\/\",\"name\":\"admin\",\"image\":{\"@type\":\"ImageObject\",\"@id\":\"https:\\\/\\\/eldigitaldeasturias.com\\\/magazine365\\\/los-reyes-de-holanda-visitan-el-norte-de-alemania\\\/#authorImage\",\"url\":\"https:\\\/\\\/eldigitaldeasturias.com\\\/magazine365\\\/wp-content\\\/litespeed\\\/avatar\\\/e571bcf59a0edd6fa6838245a470f2fe.jpg?ver=1776969259\",\"width\":96,\"height\":96,\"caption\":\"admin\"}},{\"@type\":\"WebPage\",\"@id\":\"https:\\\/\\\/eldigitaldeasturias.com\\\/magazine365\\\/los-reyes-de-holanda-visitan-el-norte-de-alemania\\\/#webpage\",\"url\":\"https:\\\/\\\/eldigitaldeasturias.com\\\/magazine365\\\/los-reyes-de-holanda-visitan-el-norte-de-alemania\\\/\",\"name\":\"Los reyes de Holanda visitan el norte de Alemania | El Digital de Asturias\",\"description\":\"Berl\\u00edn, 26 may (EFE).- Los reyes Guillermo Alejandro y M\\u00e1xima de Holanda realizan una visita de dos d\\u00edas a Alemania que comenz\\u00f3 esta ma\\u00f1ana en la Universidad de Oldenburg (noroeste), en el estado de Niederschasen, y que continuar\\u00e1 ma\\u00f1ana en Renania del Norte-Westfalia (oeste). La visita oficial de los monarcas se inaugur\\u00f3 esta ma\\u00f1ana en\",\"inLanguage\":\"es-ES\",\"isPartOf\":{\"@id\":\"https:\\\/\\\/eldigitaldeasturias.com\\\/magazine365\\\/#website\"},\"breadcrumb\":{\"@id\":\"https:\\\/\\\/eldigitaldeasturias.com\\\/magazine365\\\/los-reyes-de-holanda-visitan-el-norte-de-alemania\\\/#breadcrumblist\"},\"author\":{\"@id\":\"https:\\\/\\\/eldigitaldeasturias.com\\\/magazine365\\\/author\\\/admin\\\/#author\"},\"creator\":{\"@id\":\"https:\\\/\\\/eldigitaldeasturias.com\\\/magazine365\\\/author\\\/admin\\\/#author\"},\"image\":{\"@type\":\"ImageObject\",\"url\":\"https:\\\/\\\/eldigitaldeasturias.com\\\/magazine365\\\/wp-content\\\/uploads\\\/2014\\\/05\\\/6302242w.jpg\",\"@id\":\"https:\\\/\\\/eldigitaldeasturias.com\\\/magazine365\\\/los-reyes-de-holanda-visitan-el-norte-de-alemania\\\/#mainImage\",\"width\":800,\"height\":537},\"primaryImageOfPage\":{\"@id\":\"https:\\\/\\\/eldigitaldeasturias.com\\\/magazine365\\\/los-reyes-de-holanda-visitan-el-norte-de-alemania\\\/#mainImage\"},\"datePublished\":\"2014-05-27T03:53:06+02:00\",\"dateModified\":\"2014-05-27T03:53:06+02:00\"},{\"@type\":\"WebSite\",\"@id\":\"https:\\\/\\\/eldigitaldeasturias.com\\\/magazine365\\\/#website\",\"url\":\"https:\\\/\\\/eldigitaldeasturias.com\\\/magazine365\\\/\",\"name\":\"El Digital de Asturias\",\"description\":\"Revista de ocio, turismo y estilo de vida\",\"inLanguage\":\"es-ES\",\"publisher\":{\"@id\":\"https:\\\/\\\/eldigitaldeasturias.com\\\/magazine365\\\/#organization\"}}]}\n\t\t<\/script>\n\t\t<!-- All in One SEO Pro -->\r\n\t\t<title>Los reyes de Holanda visitan el norte de Alemania | El Digital de Asturias<\/title>\n\n","aioseo_head_json":{"title":"Los reyes de Holanda visitan el norte de Alemania | El Digital de Asturias","description":"Berl\u00edn, 26 may (EFE).- Los reyes Guillermo Alejandro y M\u00e1xima de Holanda realizan una visita de dos d\u00edas a Alemania que comenz\u00f3 esta ma\u00f1ana en la Universidad de Oldenburg (noroeste), en el estado de Niederschasen, y que continuar\u00e1 ma\u00f1ana en Renania del Norte-Westfalia (oeste). La visita oficial de los monarcas se inaugur\u00f3 esta ma\u00f1ana en","canonical_url":"https:\/\/eldigitaldeasturias.com\/magazine365\/los-reyes-de-holanda-visitan-el-norte-de-alemania\/","robots":"max-image-preview:large","keywords":"noticias y actualidad","webmasterTools":{"google-site-verification":"UA-38556648-1","miscellaneous":""},"schema":{"@context":"https:\/\/schema.org","@graph":[{"@type":"Article","@id":"https:\/\/eldigitaldeasturias.com\/magazine365\/los-reyes-de-holanda-visitan-el-norte-de-alemania\/#article","name":"Los reyes de Holanda visitan el norte de Alemania | El Digital de Asturias","headline":"Los reyes de Holanda visitan el norte de Alemania","author":{"@id":"https:\/\/eldigitaldeasturias.com\/magazine365\/author\/admin\/#author"},"publisher":{"@id":"https:\/\/eldigitaldeasturias.com\/magazine365\/#organization"},"image":{"@type":"ImageObject","url":"https:\/\/eldigitaldeasturias.com\/magazine365\/wp-content\/uploads\/2014\/05\/6302242w.jpg","width":800,"height":537},"datePublished":"2014-05-27T03:53:06+02:00","dateModified":"2014-05-27T03:53:06+02:00","inLanguage":"es-ES","mainEntityOfPage":{"@id":"https:\/\/eldigitaldeasturias.com\/magazine365\/los-reyes-de-holanda-visitan-el-norte-de-alemania\/#webpage"},"isPartOf":{"@id":"https:\/\/eldigitaldeasturias.com\/magazine365\/los-reyes-de-holanda-visitan-el-norte-de-alemania\/#webpage"},"articleSection":"Noticias y Actualidad"},{"@type":"BreadcrumbList","@id":"https:\/\/eldigitaldeasturias.com\/magazine365\/los-reyes-de-holanda-visitan-el-norte-de-alemania\/#breadcrumblist","itemListElement":[{"@type":"ListItem","@id":"https:\/\/eldigitaldeasturias.com\/magazine365#listItem","position":1,"name":"Home","item":"https:\/\/eldigitaldeasturias.com\/magazine365","nextItem":{"@type":"ListItem","@id":"https:\/\/eldigitaldeasturias.com\/magazine365\/category\/noticias-actualidad\/#listItem","name":"Noticias y Actualidad"}},{"@type":"ListItem","@id":"https:\/\/eldigitaldeasturias.com\/magazine365\/category\/noticias-actualidad\/#listItem","position":2,"name":"Noticias y Actualidad","item":"https:\/\/eldigitaldeasturias.com\/magazine365\/category\/noticias-actualidad\/","nextItem":{"@type":"ListItem","@id":"https:\/\/eldigitaldeasturias.com\/magazine365\/los-reyes-de-holanda-visitan-el-norte-de-alemania\/#listItem","name":"Los reyes de Holanda visitan el norte de Alemania"},"previousItem":{"@type":"ListItem","@id":"https:\/\/eldigitaldeasturias.com\/magazine365#listItem","name":"Home"}},{"@type":"ListItem","@id":"https:\/\/eldigitaldeasturias.com\/magazine365\/los-reyes-de-holanda-visitan-el-norte-de-alemania\/#listItem","position":3,"name":"Los reyes de Holanda visitan el norte de Alemania","previousItem":{"@type":"ListItem","@id":"https:\/\/eldigitaldeasturias.com\/magazine365\/category\/noticias-actualidad\/#listItem","name":"Noticias y Actualidad"}}]},{"@type":"Organization","@id":"https:\/\/eldigitaldeasturias.com\/magazine365\/#organization","name":"El digital de Asturias","description":"Revista de ocio, turismo y estilo de vida","url":"https:\/\/eldigitaldeasturias.com\/magazine365\/","logo":{"@type":"ImageObject","url":"https:\/\/www.eldigitaldeasturias.com\/noticias\/wp-content\/uploads\/2020\/12\/EDA.jpg","@id":"https:\/\/eldigitaldeasturias.com\/magazine365\/los-reyes-de-holanda-visitan-el-norte-de-alemania\/#organizationLogo"},"image":{"@id":"https:\/\/eldigitaldeasturias.com\/magazine365\/los-reyes-de-holanda-visitan-el-norte-de-alemania\/#organizationLogo"}},{"@type":"Person","@id":"https:\/\/eldigitaldeasturias.com\/magazine365\/author\/admin\/#author","url":"https:\/\/eldigitaldeasturias.com\/magazine365\/author\/admin\/","name":"admin","image":{"@type":"ImageObject","@id":"https:\/\/eldigitaldeasturias.com\/magazine365\/los-reyes-de-holanda-visitan-el-norte-de-alemania\/#authorImage","url":"https:\/\/eldigitaldeasturias.com\/magazine365\/wp-content\/litespeed\/avatar\/e571bcf59a0edd6fa6838245a470f2fe.jpg?ver=1776969259","width":96,"height":96,"caption":"admin"}},{"@type":"WebPage","@id":"https:\/\/eldigitaldeasturias.com\/magazine365\/los-reyes-de-holanda-visitan-el-norte-de-alemania\/#webpage","url":"https:\/\/eldigitaldeasturias.com\/magazine365\/los-reyes-de-holanda-visitan-el-norte-de-alemania\/","name":"Los reyes de Holanda visitan el norte de Alemania | El Digital de Asturias","description":"Berl\u00edn, 26 may (EFE).- Los reyes Guillermo Alejandro y M\u00e1xima de Holanda realizan una visita de dos d\u00edas a Alemania que comenz\u00f3 esta ma\u00f1ana en la Universidad de Oldenburg (noroeste), en el estado de Niederschasen, y que continuar\u00e1 ma\u00f1ana en Renania del Norte-Westfalia (oeste). La visita oficial de los monarcas se inaugur\u00f3 esta ma\u00f1ana en","inLanguage":"es-ES","isPartOf":{"@id":"https:\/\/eldigitaldeasturias.com\/magazine365\/#website"},"breadcrumb":{"@id":"https:\/\/eldigitaldeasturias.com\/magazine365\/los-reyes-de-holanda-visitan-el-norte-de-alemania\/#breadcrumblist"},"author":{"@id":"https:\/\/eldigitaldeasturias.com\/magazine365\/author\/admin\/#author"},"creator":{"@id":"https:\/\/eldigitaldeasturias.com\/magazine365\/author\/admin\/#author"},"image":{"@type":"ImageObject","url":"https:\/\/eldigitaldeasturias.com\/magazine365\/wp-content\/uploads\/2014\/05\/6302242w.jpg","@id":"https:\/\/eldigitaldeasturias.com\/magazine365\/los-reyes-de-holanda-visitan-el-norte-de-alemania\/#mainImage","width":800,"height":537},"primaryImageOfPage":{"@id":"https:\/\/eldigitaldeasturias.com\/magazine365\/los-reyes-de-holanda-visitan-el-norte-de-alemania\/#mainImage"},"datePublished":"2014-05-27T03:53:06+02:00","dateModified":"2014-05-27T03:53:06+02:00"},{"@type":"WebSite","@id":"https:\/\/eldigitaldeasturias.com\/magazine365\/#website","url":"https:\/\/eldigitaldeasturias.com\/magazine365\/","name":"El Digital de Asturias","description":"Revista de ocio, turismo y estilo de vida","inLanguage":"es-ES","publisher":{"@id":"https:\/\/eldigitaldeasturias.com\/magazine365\/#organization"}}]},"og:locale":"es_ES","og:site_name":"El Digital de Asturias \u2013 Revista de ocio, turismo y estilo de vida","og:type":"article","og:title":"Los reyes de Holanda visitan el norte de Alemania | El Digital de Asturias","og:description":"Berl\u00edn, 26 may (EFE).- Los reyes Guillermo Alejandro y M\u00e1xima de Holanda realizan una visita de dos d\u00edas a Alemania que comenz\u00f3 esta ma\u00f1ana en la Universidad de Oldenburg (noroeste), en el estado de Niederschasen, y que continuar\u00e1 ma\u00f1ana en Renania del Norte-Westfalia (oeste). La visita oficial de los monarcas se inaugur\u00f3 esta ma\u00f1ana en","og:url":"https:\/\/eldigitaldeasturias.com\/magazine365\/los-reyes-de-holanda-visitan-el-norte-de-alemania\/","og:image":"https:\/\/eldigitaldeasturias.com\/magazine365\/wp-content\/uploads\/2014\/05\/6302242w.jpg","og:image:secure_url":"https:\/\/eldigitaldeasturias.com\/magazine365\/wp-content\/uploads\/2014\/05\/6302242w.jpg","og:image:width":800,"og:image:height":537,"article:published_time":"2014-05-27T05:53:06+00:00","article:modified_time":"2014-05-27T05:53:06+00:00","twitter:card":"summary_large_image","twitter:title":"Los reyes de Holanda visitan el norte de Alemania | El Digital de Asturias","twitter:description":"Berl\u00edn, 26 may (EFE).- Los reyes Guillermo Alejandro y M\u00e1xima de Holanda realizan una visita de dos d\u00edas a Alemania que comenz\u00f3 esta ma\u00f1ana en la Universidad de Oldenburg (noroeste), en el estado de Niederschasen, y que continuar\u00e1 ma\u00f1ana en Renania del Norte-Westfalia (oeste). La visita oficial de los monarcas se inaugur\u00f3 esta ma\u00f1ana en","twitter:image":"https:\/\/eldigitaldeasturias.com\/magazine365\/wp-content\/uploads\/2014\/05\/6302242w.jpg"},"aioseo_meta_data":{"post_id":"13991","title":null,"description":null,"keywords":null,"keyphrases":null,"primary_term":null,"canonical_url":null,"og_title":null,"og_description":null,"og_object_type":"default","og_image_type":"default","og_image_url":null,"og_image_width":null,"og_image_height":null,"og_image_custom_url":null,"og_image_custom_fields":null,"og_video":null,"og_custom_url":null,"og_article_section":null,"og_article_tags":null,"twitter_use_og":false,"twitter_card":"default","twitter_image_type":"default","twitter_image_url":null,"twitter_image_custom_url":null,"twitter_image_custom_fields":null,"twitter_title":null,"twitter_description":null,"schema":{"blockGraphs":[],"customGraphs":[],"default":{"data":{"Article":[],"Course":[],"Dataset":[],"FAQPage":[],"Movie":[],"Person":[],"Product":[],"ProductReview":[],"Car":[],"Recipe":[],"Service":[],"SoftwareApplication":[],"WebPage":[]},"graphName":"","isEnabled":true},"graphs":[],"defaultGraph":"","defaultPostTypeGraph":""},"schema_type":null,"schema_type_options":null,"pillar_content":false,"robots_default":true,"robots_noindex":false,"robots_noarchive":false,"robots_nosnippet":false,"robots_nofollow":false,"robots_noimageindex":false,"robots_noodp":false,"robots_notranslate":false,"robots_max_snippet":null,"robots_max_videopreview":null,"robots_max_imagepreview":"large","priority":null,"frequency":null,"location":null,"local_seo":null,"seo_analyzer_scan_date":"2025-09-17 09:18:17","breadcrumb_settings":null,"limit_modified_date":false,"open_ai":null,"ai":null,"created":"2021-03-09 08:20:43","updated":"2025-09-17 09:18:17"},"aioseo_breadcrumb":"<div class=\"aioseo-breadcrumbs\"><span class=\"aioseo-breadcrumb\">\n\t<a href=\"https:\/\/eldigitaldeasturias.com\/magazine365\" title=\"Home\">Home<\/a>\n<\/span><span class=\"aioseo-breadcrumb-separator\">\u2013<\/span><span class=\"aioseo-breadcrumb\">\n\t<a href=\"https:\/\/eldigitaldeasturias.com\/magazine365\/category\/noticias-actualidad\/\" title=\"Noticias y Actualidad\">Noticias y Actualidad<\/a>\n<\/span><span class=\"aioseo-breadcrumb-separator\">\u2013<\/span><span class=\"aioseo-breadcrumb\">\n\t<a href=\"https:\/\/eldigitaldeasturias.com\/magazine365\/los-reyes-de-holanda-visitan-el-norte-de-alemania\/\" title=\"Los reyes de Holanda visitan el norte de Alemania\">Los reyes de Holanda visitan el norte de Alemania<\/a>\n<\/span><\/div>","aioseo_breadcrumb_json":[{"label":"Home","link":"https:\/\/eldigitaldeasturias.com\/magazine365"},{"label":"Noticias y Actualidad","link":"https:\/\/eldigitaldeasturias.com\/magazine365\/category\/noticias-actualidad\/"},{"label":"Los reyes de Holanda visitan el norte de Alemania","link":"https:\/\/eldigitaldeasturias.com\/magazine365\/los-reyes-de-holanda-visitan-el-norte-de-alemania\/"}],"_links":{"self":[{"href":"https:\/\/eldigitaldeasturias.com\/magazine365\/wp-json\/wp\/v2\/posts\/13991","targetHints":{"allow":["GET"]}}],"collection":[{"href":"https:\/\/eldigitaldeasturias.com\/magazine365\/wp-json\/wp\/v2\/posts"}],"about":[{"href":"https:\/\/eldigitaldeasturias.com\/magazine365\/wp-json\/wp\/v2\/types\/post"}],"author":[{"embeddable":true,"href":"https:\/\/eldigitaldeasturias.com\/magazine365\/wp-json\/wp\/v2\/users\/1"}],"replies":[{"embeddable":true,"href":"https:\/\/eldigitaldeasturias.com\/magazine365\/wp-json\/wp\/v2\/comments?post=13991"}],"version-history":[{"count":0,"href":"https:\/\/eldigitaldeasturias.com\/magazine365\/wp-json\/wp\/v2\/posts\/13991\/revisions"}],"wp:featuredmedia":[{"embeddable":true,"href":"https:\/\/eldigitaldeasturias.com\/magazine365\/wp-json\/wp\/v2\/media\/13992"}],"wp:attachment":[{"href":"https:\/\/eldigitaldeasturias.com\/magazine365\/wp-json\/wp\/v2\/media?parent=13991"}],"wp:term":[{"taxonomy":"category","embeddable":true,"href":"https:\/\/eldigitaldeasturias.com\/magazine365\/wp-json\/wp\/v2\/categories?post=13991"},{"taxonomy":"post_tag","embeddable":true,"href":"https:\/\/eldigitaldeasturias.com\/magazine365\/wp-json\/wp\/v2\/tags?post=13991"}],"curies":[{"name":"wp","href":"https:\/\/api.w.org\/{rel}","templated":true}]}}