{"id":13985,"date":"2014-05-26T19:50:32","date_gmt":"2014-05-26T21:50:32","guid":{"rendered":"http:\/\/eldigitaldeasturias.com\/magazine365\/?p=13985"},"modified":"2014-05-26T19:50:32","modified_gmt":"2014-05-26T21:50:32","slug":"descubren-el-gen-que-causa-malformaciones-heterotopicas-del-cerebro","status":"publish","type":"post","link":"https:\/\/eldigitaldeasturias.com\/magazine365\/descubren-el-gen-que-causa-malformaciones-heterotopicas-del-cerebro\/","title":{"rendered":"Descubren el gen que causa malformaciones heterot\u00f3picas del cerebro"},"content":{"rendered":"<p><img fetchpriority=\"high\" decoding=\"async\" class=\"alignleft size-medium wp-image-13986\" alt=\"6302172w\" src=\"https:\/\/eldigitaldeasturias.com\/magazine365\/wp-content\/uploads\/2014\/05\/6302172w-360x231.jpg\" width=\"360\" height=\"231\" srcset=\"https:\/\/eldigitaldeasturias.com\/magazine365\/wp-content\/uploads\/2014\/05\/6302172w-360x231.jpg 360w, https:\/\/eldigitaldeasturias.com\/magazine365\/wp-content\/uploads\/2014\/05\/6302172w-650x418.jpg 650w, https:\/\/eldigitaldeasturias.com\/magazine365\/wp-content\/uploads\/2014\/05\/6302172w-768x493.jpg 768w, https:\/\/eldigitaldeasturias.com\/magazine365\/wp-content\/uploads\/2014\/05\/6302172w-150x96.jpg 150w, https:\/\/eldigitaldeasturias.com\/magazine365\/wp-content\/uploads\/2014\/05\/6302172w-450x289.jpg 450w, https:\/\/eldigitaldeasturias.com\/magazine365\/wp-content\/uploads\/2014\/05\/6302172w-696x447.jpg 696w, https:\/\/eldigitaldeasturias.com\/magazine365\/wp-content\/uploads\/2014\/05\/6302172w-654x420.jpg 654w, https:\/\/eldigitaldeasturias.com\/magazine365\/wp-content\/uploads\/2014\/05\/6302172w-225x145.jpg 225w, https:\/\/eldigitaldeasturias.com\/magazine365\/wp-content\/uploads\/2014\/05\/6302172w-84x55.jpg 84w, https:\/\/eldigitaldeasturias.com\/magazine365\/wp-content\/uploads\/2014\/05\/6302172w.jpg 800w\" sizes=\"(max-width: 360px) 100vw, 360px\" \/>Madrid, 26 may (EFE).- Un equipo internacional de cient\u00edficos ha descubierto que una mutaci\u00f3n del gen Eml1 es la responsable de malformaciones heterot\u00f3picas en el cerebro, un s\u00edndrome que provoca la acumulaci\u00f3n de grandes masas de neuronas en \u00e1reas del cerebro en las que estas c\u00e9lulas no deber\u00edan estar.<\/p>\n<p>El estudio, en el que han participado investigadores del Instituto de Neurociencias de Alicante, centro mixto del CSIC y la Universidad Miguel Hern\u00e1ndez, se publica hoy en Nature Neuroscience.<\/p>\n<p>La heterotopia es un tipo de malformaci\u00f3n del cerebro que aparece en varias dolencias humanas y que causa epilepsia intratable y discapacidad intelectual o retraso mental profundo.<\/p>\n<p>Esta malformaci\u00f3n se caracteriza por generar grandes grupos o masas de neuronas en lugares donde no deber\u00eda haberlas, ha explicado a Efe V\u00edctor Borrell, investigador del CSIC y coautor del estudio.<\/p>\n<p>\u00abEn enfermedades como la epilepsia, estas heterotopias son muy usuales, sobre todo en las epilepsias intratables, las que aparecen incluso antes de nacer y para las que no hay ning\u00fan f\u00e1rmaco en el mercado, pero tambi\u00e9n est\u00e1n asociadas a la discapacidad intelectual severa\u00bb.<\/p>\n<p>Estas heterotopias pueden afectar a una parte peque\u00f1a del cerebro o a pr\u00e1cticamente todo el cerebro pero lo normal es que \u00abcuanto mayores son las masas, mayor es tambi\u00e9n la discapacidad intelectual y m\u00e1s grave es la epilepsia\u00bb.<\/p>\n<p>En estos dos casos es donde m\u00e1s probabilidades hay de encontrarse con el gen Eml1 mutado, el origen de estas malformaciones.<\/p>\n<p>\u00abEn el estudio hemos descubierto que este gen est\u00e1 mutado en los pacientes que tienen esta malformaci\u00f3n\u00bb, un hallazgo importante como \u00abherramienta de diagnostico\u00bb y \u00fatil para las parejas que quieran tener hijos y saber si son portadores de este gen mutado.<\/p>\n<p>Asimismo, conocer el mecanismo celular en el que este gen est\u00e1 implicado abre tambi\u00e9n la puerta al desarrollo de futuros f\u00e1rmacos.<\/p>\n<p>La investigaci\u00f3n comenz\u00f3 con la identificaci\u00f3n en el laboratorio de un rat\u00f3n que apareci\u00f3 \u00abmutado espont\u00e1neamente\u00bb y que ten\u00eda un comportamiento extra\u00f1o, explica Borrell.<\/p>\n<p>\u00abObservamos que ten\u00eda malformaciones en el cerebro y a partir de ah\u00ed se hizo un an\u00e1lisis gen\u00e9tico del animal hasta identificar cu\u00e1l era el gen mutado\u00bb, se\u00f1ala.<\/p>\n<p>Posteriormente, los investigadores compararon la informaci\u00f3n gen\u00e9tica de este rat\u00f3n con la de varias familias cuyos hijos tambi\u00e9n hab\u00edan desarrollado estas malformaciones y vieron que en ambos casos las mutaciones se hab\u00edan producido en este mismo gen.<\/p>\n<p>En una segunda parte del trabajo, los investigadores analizaron el desarrollo embrionario de estos ratones para \u00abintentar comprender c\u00f3mo y cu\u00e1ndo se produce esta malformaci\u00f3n\u00bb.<\/p>\n<p>Observaron entonces que el origen de la heterotopia est\u00e1 en las c\u00e9lulas progenitoras, \u00ablas encargadas de producir y distribuir las neuronas por el cerebro correctamente\u00bb.<\/p>\n<p>Cuando el gen Eml1 est\u00e1 mutado, estas c\u00e9lulas, \u00abque normalmente act\u00faan con una organizaci\u00f3n muy estereotipada\u00bb, colocan las neuronas de forma \u00abmuy desorganizada y en lugares que no deber\u00edan estar\u00bb, causando as\u00ed la acumulaci\u00f3n de neuronas fuera de su lugar normal o heterotopia.<\/p>\n<p>Este hallazgo demuestra adem\u00e1s que, en contra de lo pensado hasta ahora, algunas de estas malformaciones no tienen su origen en las neuronas -que est\u00e1n en perfecto estado-, sino en sus c\u00e9lulas progenitoras.<\/p>\n","protected":false},"excerpt":{"rendered":"<p>Madrid, 26 may (EFE).- Un equipo internacional de cient\u00edficos ha descubierto que una mutaci\u00f3n del gen Eml1 es la responsable de malformaciones heterot\u00f3picas en el cerebro, un s\u00edndrome que provoca la acumulaci\u00f3n de grandes masas de neuronas en \u00e1reas del cerebro en las que estas c\u00e9lulas no deber\u00edan estar. El estudio, en el que han<\/p>\n","protected":false},"author":1,"featured_media":13986,"comment_status":"open","ping_status":"closed","sticky":false,"template":"","format":"standard","meta":{"footnotes":""},"categories":[224],"tags":[],"class_list":{"0":"post-13985","1":"post","2":"type-post","3":"status-publish","4":"format-standard","5":"has-post-thumbnail","7":"category-noticias-actualidad"},"aioseo_notices":[],"aioseo_head":"\n\t\t<!-- All in One SEO Pro 4.9.6.1 - aioseo.com -->\n\t<meta name=\"description\" content=\"Madrid, 26 may (EFE).- Un equipo internacional de cient\u00edficos ha descubierto que una mutaci\u00f3n del gen Eml1 es la responsable de malformaciones heterot\u00f3picas en el cerebro, un s\u00edndrome que provoca la acumulaci\u00f3n de grandes masas de neuronas en \u00e1reas del cerebro en las que estas c\u00e9lulas no deber\u00edan estar. El estudio, en el que han\" \/>\n\t<meta name=\"robots\" content=\"max-image-preview:large\" \/>\n\t<meta name=\"author\" content=\"admin\"\/>\n\t<meta name=\"google-site-verification\" content=\"UA-38556648-1\" \/>\n\t<meta name=\"keywords\" content=\"noticias y actualidad\" \/>\n\t<link rel=\"canonical\" href=\"https:\/\/eldigitaldeasturias.com\/magazine365\/descubren-el-gen-que-causa-malformaciones-heterotopicas-del-cerebro\/\" \/>\n\t<meta name=\"generator\" content=\"All in One SEO Pro (AIOSEO) 4.9.6.1\" \/>\n\t\t<meta property=\"og:locale\" content=\"es_ES\" \/>\n\t\t<meta property=\"og:site_name\" content=\"El Digital de Asturias \u2013 Revista de ocio, turismo y estilo de vida\" \/>\n\t\t<meta property=\"og:type\" content=\"article\" \/>\n\t\t<meta property=\"og:title\" content=\"Descubren el gen que causa malformaciones heterot\u00f3picas del cerebro | El Digital de Asturias\" \/>\n\t\t<meta property=\"og:description\" content=\"Madrid, 26 may (EFE).- Un equipo internacional de cient\u00edficos ha descubierto que una mutaci\u00f3n del gen Eml1 es la responsable de malformaciones heterot\u00f3picas en el cerebro, un s\u00edndrome que provoca la acumulaci\u00f3n de grandes masas de neuronas en \u00e1reas del cerebro en las que estas c\u00e9lulas no deber\u00edan estar. El estudio, en el que han\" \/>\n\t\t<meta property=\"og:url\" content=\"https:\/\/eldigitaldeasturias.com\/magazine365\/descubren-el-gen-que-causa-malformaciones-heterotopicas-del-cerebro\/\" \/>\n\t\t<meta property=\"og:image\" content=\"https:\/\/eldigitaldeasturias.com\/magazine365\/wp-content\/uploads\/2014\/05\/6302172w.jpg\" \/>\n\t\t<meta property=\"og:image:secure_url\" content=\"https:\/\/eldigitaldeasturias.com\/magazine365\/wp-content\/uploads\/2014\/05\/6302172w.jpg\" \/>\n\t\t<meta property=\"og:image:width\" content=\"800\" \/>\n\t\t<meta property=\"og:image:height\" content=\"514\" \/>\n\t\t<meta property=\"article:published_time\" content=\"2014-05-26T21:50:32+00:00\" \/>\n\t\t<meta property=\"article:modified_time\" content=\"2014-05-26T21:50:32+00:00\" \/>\n\t\t<meta name=\"twitter:card\" content=\"summary_large_image\" \/>\n\t\t<meta name=\"twitter:title\" content=\"Descubren el gen que causa malformaciones heterot\u00f3picas del cerebro | El Digital de Asturias\" \/>\n\t\t<meta name=\"twitter:description\" content=\"Madrid, 26 may (EFE).- Un equipo internacional de cient\u00edficos ha descubierto que una mutaci\u00f3n del gen Eml1 es la responsable de malformaciones heterot\u00f3picas en el cerebro, un s\u00edndrome que provoca la acumulaci\u00f3n de grandes masas de neuronas en \u00e1reas del cerebro en las que estas c\u00e9lulas no deber\u00edan estar. El estudio, en el que han\" \/>\n\t\t<meta name=\"twitter:image\" content=\"https:\/\/eldigitaldeasturias.com\/magazine365\/wp-content\/uploads\/2014\/05\/6302172w.jpg\" \/>\n\t\t<script type=\"application\/ld+json\" class=\"aioseo-schema\">\n\t\t\t{\"@context\":\"https:\\\/\\\/schema.org\",\"@graph\":[{\"@type\":\"Article\",\"@id\":\"https:\\\/\\\/eldigitaldeasturias.com\\\/magazine365\\\/descubren-el-gen-que-causa-malformaciones-heterotopicas-del-cerebro\\\/#article\",\"name\":\"Descubren el gen que causa malformaciones heterot\\u00f3picas del cerebro | El Digital de Asturias\",\"headline\":\"Descubren el gen que causa malformaciones heterot\\u00f3picas del cerebro\",\"author\":{\"@id\":\"https:\\\/\\\/eldigitaldeasturias.com\\\/magazine365\\\/author\\\/admin\\\/#author\"},\"publisher\":{\"@id\":\"https:\\\/\\\/eldigitaldeasturias.com\\\/magazine365\\\/#organization\"},\"image\":{\"@type\":\"ImageObject\",\"url\":\"https:\\\/\\\/eldigitaldeasturias.com\\\/magazine365\\\/wp-content\\\/uploads\\\/2014\\\/05\\\/6302172w.jpg\",\"width\":800,\"height\":514},\"datePublished\":\"2014-05-26T19:50:32+02:00\",\"dateModified\":\"2014-05-26T19:50:32+02:00\",\"inLanguage\":\"es-ES\",\"mainEntityOfPage\":{\"@id\":\"https:\\\/\\\/eldigitaldeasturias.com\\\/magazine365\\\/descubren-el-gen-que-causa-malformaciones-heterotopicas-del-cerebro\\\/#webpage\"},\"isPartOf\":{\"@id\":\"https:\\\/\\\/eldigitaldeasturias.com\\\/magazine365\\\/descubren-el-gen-que-causa-malformaciones-heterotopicas-del-cerebro\\\/#webpage\"},\"articleSection\":\"Noticias y Actualidad\"},{\"@type\":\"BreadcrumbList\",\"@id\":\"https:\\\/\\\/eldigitaldeasturias.com\\\/magazine365\\\/descubren-el-gen-que-causa-malformaciones-heterotopicas-del-cerebro\\\/#breadcrumblist\",\"itemListElement\":[{\"@type\":\"ListItem\",\"@id\":\"https:\\\/\\\/eldigitaldeasturias.com\\\/magazine365#listItem\",\"position\":1,\"name\":\"Home\",\"item\":\"https:\\\/\\\/eldigitaldeasturias.com\\\/magazine365\",\"nextItem\":{\"@type\":\"ListItem\",\"@id\":\"https:\\\/\\\/eldigitaldeasturias.com\\\/magazine365\\\/category\\\/noticias-actualidad\\\/#listItem\",\"name\":\"Noticias y Actualidad\"}},{\"@type\":\"ListItem\",\"@id\":\"https:\\\/\\\/eldigitaldeasturias.com\\\/magazine365\\\/category\\\/noticias-actualidad\\\/#listItem\",\"position\":2,\"name\":\"Noticias y Actualidad\",\"item\":\"https:\\\/\\\/eldigitaldeasturias.com\\\/magazine365\\\/category\\\/noticias-actualidad\\\/\",\"nextItem\":{\"@type\":\"ListItem\",\"@id\":\"https:\\\/\\\/eldigitaldeasturias.com\\\/magazine365\\\/descubren-el-gen-que-causa-malformaciones-heterotopicas-del-cerebro\\\/#listItem\",\"name\":\"Descubren el gen que causa malformaciones heterot\\u00f3picas del cerebro\"},\"previousItem\":{\"@type\":\"ListItem\",\"@id\":\"https:\\\/\\\/eldigitaldeasturias.com\\\/magazine365#listItem\",\"name\":\"Home\"}},{\"@type\":\"ListItem\",\"@id\":\"https:\\\/\\\/eldigitaldeasturias.com\\\/magazine365\\\/descubren-el-gen-que-causa-malformaciones-heterotopicas-del-cerebro\\\/#listItem\",\"position\":3,\"name\":\"Descubren el gen que causa malformaciones heterot\\u00f3picas del cerebro\",\"previousItem\":{\"@type\":\"ListItem\",\"@id\":\"https:\\\/\\\/eldigitaldeasturias.com\\\/magazine365\\\/category\\\/noticias-actualidad\\\/#listItem\",\"name\":\"Noticias y Actualidad\"}}]},{\"@type\":\"Organization\",\"@id\":\"https:\\\/\\\/eldigitaldeasturias.com\\\/magazine365\\\/#organization\",\"name\":\"El digital de Asturias\",\"description\":\"Revista de ocio, turismo y estilo de vida\",\"url\":\"https:\\\/\\\/eldigitaldeasturias.com\\\/magazine365\\\/\",\"logo\":{\"@type\":\"ImageObject\",\"url\":\"https:\\\/\\\/www.eldigitaldeasturias.com\\\/noticias\\\/wp-content\\\/uploads\\\/2020\\\/12\\\/EDA.jpg\",\"@id\":\"https:\\\/\\\/eldigitaldeasturias.com\\\/magazine365\\\/descubren-el-gen-que-causa-malformaciones-heterotopicas-del-cerebro\\\/#organizationLogo\"},\"image\":{\"@id\":\"https:\\\/\\\/eldigitaldeasturias.com\\\/magazine365\\\/descubren-el-gen-que-causa-malformaciones-heterotopicas-del-cerebro\\\/#organizationLogo\"}},{\"@type\":\"Person\",\"@id\":\"https:\\\/\\\/eldigitaldeasturias.com\\\/magazine365\\\/author\\\/admin\\\/#author\",\"url\":\"https:\\\/\\\/eldigitaldeasturias.com\\\/magazine365\\\/author\\\/admin\\\/\",\"name\":\"admin\",\"image\":{\"@type\":\"ImageObject\",\"@id\":\"https:\\\/\\\/eldigitaldeasturias.com\\\/magazine365\\\/descubren-el-gen-que-causa-malformaciones-heterotopicas-del-cerebro\\\/#authorImage\",\"url\":\"https:\\\/\\\/eldigitaldeasturias.com\\\/magazine365\\\/wp-content\\\/litespeed\\\/avatar\\\/e571bcf59a0edd6fa6838245a470f2fe.jpg?ver=1776969259\",\"width\":96,\"height\":96,\"caption\":\"admin\"}},{\"@type\":\"WebPage\",\"@id\":\"https:\\\/\\\/eldigitaldeasturias.com\\\/magazine365\\\/descubren-el-gen-que-causa-malformaciones-heterotopicas-del-cerebro\\\/#webpage\",\"url\":\"https:\\\/\\\/eldigitaldeasturias.com\\\/magazine365\\\/descubren-el-gen-que-causa-malformaciones-heterotopicas-del-cerebro\\\/\",\"name\":\"Descubren el gen que causa malformaciones heterot\\u00f3picas del cerebro | El Digital de Asturias\",\"description\":\"Madrid, 26 may (EFE).- Un equipo internacional de cient\\u00edficos ha descubierto que una mutaci\\u00f3n del gen Eml1 es la responsable de malformaciones heterot\\u00f3picas en el cerebro, un s\\u00edndrome que provoca la acumulaci\\u00f3n de grandes masas de neuronas en \\u00e1reas del cerebro en las que estas c\\u00e9lulas no deber\\u00edan estar. El estudio, en el que han\",\"inLanguage\":\"es-ES\",\"isPartOf\":{\"@id\":\"https:\\\/\\\/eldigitaldeasturias.com\\\/magazine365\\\/#website\"},\"breadcrumb\":{\"@id\":\"https:\\\/\\\/eldigitaldeasturias.com\\\/magazine365\\\/descubren-el-gen-que-causa-malformaciones-heterotopicas-del-cerebro\\\/#breadcrumblist\"},\"author\":{\"@id\":\"https:\\\/\\\/eldigitaldeasturias.com\\\/magazine365\\\/author\\\/admin\\\/#author\"},\"creator\":{\"@id\":\"https:\\\/\\\/eldigitaldeasturias.com\\\/magazine365\\\/author\\\/admin\\\/#author\"},\"image\":{\"@type\":\"ImageObject\",\"url\":\"https:\\\/\\\/eldigitaldeasturias.com\\\/magazine365\\\/wp-content\\\/uploads\\\/2014\\\/05\\\/6302172w.jpg\",\"@id\":\"https:\\\/\\\/eldigitaldeasturias.com\\\/magazine365\\\/descubren-el-gen-que-causa-malformaciones-heterotopicas-del-cerebro\\\/#mainImage\",\"width\":800,\"height\":514},\"primaryImageOfPage\":{\"@id\":\"https:\\\/\\\/eldigitaldeasturias.com\\\/magazine365\\\/descubren-el-gen-que-causa-malformaciones-heterotopicas-del-cerebro\\\/#mainImage\"},\"datePublished\":\"2014-05-26T19:50:32+02:00\",\"dateModified\":\"2014-05-26T19:50:32+02:00\"},{\"@type\":\"WebSite\",\"@id\":\"https:\\\/\\\/eldigitaldeasturias.com\\\/magazine365\\\/#website\",\"url\":\"https:\\\/\\\/eldigitaldeasturias.com\\\/magazine365\\\/\",\"name\":\"El Digital de Asturias\",\"description\":\"Revista de ocio, turismo y estilo de vida\",\"inLanguage\":\"es-ES\",\"publisher\":{\"@id\":\"https:\\\/\\\/eldigitaldeasturias.com\\\/magazine365\\\/#organization\"}}]}\n\t\t<\/script>\n\t\t<!-- All in One SEO Pro -->\r\n\t\t<title>Descubren el gen que causa malformaciones heterot\u00f3picas del cerebro | El Digital de Asturias<\/title>\n\n","aioseo_head_json":{"title":"Descubren el gen que causa malformaciones heterot\u00f3picas del cerebro | El Digital de Asturias","description":"Madrid, 26 may (EFE).- Un equipo internacional de cient\u00edficos ha descubierto que una mutaci\u00f3n del gen Eml1 es la responsable de malformaciones heterot\u00f3picas en el cerebro, un s\u00edndrome que provoca la acumulaci\u00f3n de grandes masas de neuronas en \u00e1reas del cerebro en las que estas c\u00e9lulas no deber\u00edan estar. El estudio, en el que han","canonical_url":"https:\/\/eldigitaldeasturias.com\/magazine365\/descubren-el-gen-que-causa-malformaciones-heterotopicas-del-cerebro\/","robots":"max-image-preview:large","keywords":"noticias y actualidad","webmasterTools":{"google-site-verification":"UA-38556648-1","miscellaneous":""},"schema":{"@context":"https:\/\/schema.org","@graph":[{"@type":"Article","@id":"https:\/\/eldigitaldeasturias.com\/magazine365\/descubren-el-gen-que-causa-malformaciones-heterotopicas-del-cerebro\/#article","name":"Descubren el gen que causa malformaciones heterot\u00f3picas del cerebro | El Digital de Asturias","headline":"Descubren el gen que causa malformaciones heterot\u00f3picas del cerebro","author":{"@id":"https:\/\/eldigitaldeasturias.com\/magazine365\/author\/admin\/#author"},"publisher":{"@id":"https:\/\/eldigitaldeasturias.com\/magazine365\/#organization"},"image":{"@type":"ImageObject","url":"https:\/\/eldigitaldeasturias.com\/magazine365\/wp-content\/uploads\/2014\/05\/6302172w.jpg","width":800,"height":514},"datePublished":"2014-05-26T19:50:32+02:00","dateModified":"2014-05-26T19:50:32+02:00","inLanguage":"es-ES","mainEntityOfPage":{"@id":"https:\/\/eldigitaldeasturias.com\/magazine365\/descubren-el-gen-que-causa-malformaciones-heterotopicas-del-cerebro\/#webpage"},"isPartOf":{"@id":"https:\/\/eldigitaldeasturias.com\/magazine365\/descubren-el-gen-que-causa-malformaciones-heterotopicas-del-cerebro\/#webpage"},"articleSection":"Noticias y Actualidad"},{"@type":"BreadcrumbList","@id":"https:\/\/eldigitaldeasturias.com\/magazine365\/descubren-el-gen-que-causa-malformaciones-heterotopicas-del-cerebro\/#breadcrumblist","itemListElement":[{"@type":"ListItem","@id":"https:\/\/eldigitaldeasturias.com\/magazine365#listItem","position":1,"name":"Home","item":"https:\/\/eldigitaldeasturias.com\/magazine365","nextItem":{"@type":"ListItem","@id":"https:\/\/eldigitaldeasturias.com\/magazine365\/category\/noticias-actualidad\/#listItem","name":"Noticias y Actualidad"}},{"@type":"ListItem","@id":"https:\/\/eldigitaldeasturias.com\/magazine365\/category\/noticias-actualidad\/#listItem","position":2,"name":"Noticias y Actualidad","item":"https:\/\/eldigitaldeasturias.com\/magazine365\/category\/noticias-actualidad\/","nextItem":{"@type":"ListItem","@id":"https:\/\/eldigitaldeasturias.com\/magazine365\/descubren-el-gen-que-causa-malformaciones-heterotopicas-del-cerebro\/#listItem","name":"Descubren el gen que causa malformaciones heterot\u00f3picas del cerebro"},"previousItem":{"@type":"ListItem","@id":"https:\/\/eldigitaldeasturias.com\/magazine365#listItem","name":"Home"}},{"@type":"ListItem","@id":"https:\/\/eldigitaldeasturias.com\/magazine365\/descubren-el-gen-que-causa-malformaciones-heterotopicas-del-cerebro\/#listItem","position":3,"name":"Descubren el gen que causa malformaciones heterot\u00f3picas del cerebro","previousItem":{"@type":"ListItem","@id":"https:\/\/eldigitaldeasturias.com\/magazine365\/category\/noticias-actualidad\/#listItem","name":"Noticias y Actualidad"}}]},{"@type":"Organization","@id":"https:\/\/eldigitaldeasturias.com\/magazine365\/#organization","name":"El digital de Asturias","description":"Revista de ocio, turismo y estilo de vida","url":"https:\/\/eldigitaldeasturias.com\/magazine365\/","logo":{"@type":"ImageObject","url":"https:\/\/www.eldigitaldeasturias.com\/noticias\/wp-content\/uploads\/2020\/12\/EDA.jpg","@id":"https:\/\/eldigitaldeasturias.com\/magazine365\/descubren-el-gen-que-causa-malformaciones-heterotopicas-del-cerebro\/#organizationLogo"},"image":{"@id":"https:\/\/eldigitaldeasturias.com\/magazine365\/descubren-el-gen-que-causa-malformaciones-heterotopicas-del-cerebro\/#organizationLogo"}},{"@type":"Person","@id":"https:\/\/eldigitaldeasturias.com\/magazine365\/author\/admin\/#author","url":"https:\/\/eldigitaldeasturias.com\/magazine365\/author\/admin\/","name":"admin","image":{"@type":"ImageObject","@id":"https:\/\/eldigitaldeasturias.com\/magazine365\/descubren-el-gen-que-causa-malformaciones-heterotopicas-del-cerebro\/#authorImage","url":"https:\/\/eldigitaldeasturias.com\/magazine365\/wp-content\/litespeed\/avatar\/e571bcf59a0edd6fa6838245a470f2fe.jpg?ver=1776969259","width":96,"height":96,"caption":"admin"}},{"@type":"WebPage","@id":"https:\/\/eldigitaldeasturias.com\/magazine365\/descubren-el-gen-que-causa-malformaciones-heterotopicas-del-cerebro\/#webpage","url":"https:\/\/eldigitaldeasturias.com\/magazine365\/descubren-el-gen-que-causa-malformaciones-heterotopicas-del-cerebro\/","name":"Descubren el gen que causa malformaciones heterot\u00f3picas del cerebro | El Digital de Asturias","description":"Madrid, 26 may (EFE).- Un equipo internacional de cient\u00edficos ha descubierto que una mutaci\u00f3n del gen Eml1 es la responsable de malformaciones heterot\u00f3picas en el cerebro, un s\u00edndrome que provoca la acumulaci\u00f3n de grandes masas de neuronas en \u00e1reas del cerebro en las que estas c\u00e9lulas no deber\u00edan estar. El estudio, en el que han","inLanguage":"es-ES","isPartOf":{"@id":"https:\/\/eldigitaldeasturias.com\/magazine365\/#website"},"breadcrumb":{"@id":"https:\/\/eldigitaldeasturias.com\/magazine365\/descubren-el-gen-que-causa-malformaciones-heterotopicas-del-cerebro\/#breadcrumblist"},"author":{"@id":"https:\/\/eldigitaldeasturias.com\/magazine365\/author\/admin\/#author"},"creator":{"@id":"https:\/\/eldigitaldeasturias.com\/magazine365\/author\/admin\/#author"},"image":{"@type":"ImageObject","url":"https:\/\/eldigitaldeasturias.com\/magazine365\/wp-content\/uploads\/2014\/05\/6302172w.jpg","@id":"https:\/\/eldigitaldeasturias.com\/magazine365\/descubren-el-gen-que-causa-malformaciones-heterotopicas-del-cerebro\/#mainImage","width":800,"height":514},"primaryImageOfPage":{"@id":"https:\/\/eldigitaldeasturias.com\/magazine365\/descubren-el-gen-que-causa-malformaciones-heterotopicas-del-cerebro\/#mainImage"},"datePublished":"2014-05-26T19:50:32+02:00","dateModified":"2014-05-26T19:50:32+02:00"},{"@type":"WebSite","@id":"https:\/\/eldigitaldeasturias.com\/magazine365\/#website","url":"https:\/\/eldigitaldeasturias.com\/magazine365\/","name":"El Digital de Asturias","description":"Revista de ocio, turismo y estilo de vida","inLanguage":"es-ES","publisher":{"@id":"https:\/\/eldigitaldeasturias.com\/magazine365\/#organization"}}]},"og:locale":"es_ES","og:site_name":"El Digital de Asturias \u2013 Revista de ocio, turismo y estilo de vida","og:type":"article","og:title":"Descubren el gen que causa malformaciones heterot\u00f3picas del cerebro | El Digital de Asturias","og:description":"Madrid, 26 may (EFE).- Un equipo internacional de cient\u00edficos ha descubierto que una mutaci\u00f3n del gen Eml1 es la responsable de malformaciones heterot\u00f3picas en el cerebro, un s\u00edndrome que provoca la acumulaci\u00f3n de grandes masas de neuronas en \u00e1reas del cerebro en las que estas c\u00e9lulas no deber\u00edan estar. El estudio, en el que han","og:url":"https:\/\/eldigitaldeasturias.com\/magazine365\/descubren-el-gen-que-causa-malformaciones-heterotopicas-del-cerebro\/","og:image":"https:\/\/eldigitaldeasturias.com\/magazine365\/wp-content\/uploads\/2014\/05\/6302172w.jpg","og:image:secure_url":"https:\/\/eldigitaldeasturias.com\/magazine365\/wp-content\/uploads\/2014\/05\/6302172w.jpg","og:image:width":800,"og:image:height":514,"article:published_time":"2014-05-26T21:50:32+00:00","article:modified_time":"2014-05-26T21:50:32+00:00","twitter:card":"summary_large_image","twitter:title":"Descubren el gen que causa malformaciones heterot\u00f3picas del cerebro | El Digital de Asturias","twitter:description":"Madrid, 26 may (EFE).- Un equipo internacional de cient\u00edficos ha descubierto que una mutaci\u00f3n del gen Eml1 es la responsable de malformaciones heterot\u00f3picas en el cerebro, un s\u00edndrome que provoca la acumulaci\u00f3n de grandes masas de neuronas en \u00e1reas del cerebro en las que estas c\u00e9lulas no deber\u00edan estar. El estudio, en el que han","twitter:image":"https:\/\/eldigitaldeasturias.com\/magazine365\/wp-content\/uploads\/2014\/05\/6302172w.jpg"},"aioseo_meta_data":{"post_id":"13985","title":null,"description":null,"keywords":null,"keyphrases":null,"primary_term":null,"canonical_url":null,"og_title":null,"og_description":null,"og_object_type":"default","og_image_type":"default","og_image_url":null,"og_image_width":null,"og_image_height":null,"og_image_custom_url":null,"og_image_custom_fields":null,"og_video":null,"og_custom_url":null,"og_article_section":null,"og_article_tags":null,"twitter_use_og":false,"twitter_card":"default","twitter_image_type":"default","twitter_image_url":null,"twitter_image_custom_url":null,"twitter_image_custom_fields":null,"twitter_title":null,"twitter_description":null,"schema":{"blockGraphs":[],"customGraphs":[],"default":{"data":{"Article":[],"Course":[],"Dataset":[],"FAQPage":[],"Movie":[],"Person":[],"Product":[],"ProductReview":[],"Car":[],"Recipe":[],"Service":[],"SoftwareApplication":[],"WebPage":[]},"graphName":"","isEnabled":true},"graphs":[],"defaultGraph":"","defaultPostTypeGraph":""},"schema_type":null,"schema_type_options":null,"pillar_content":false,"robots_default":true,"robots_noindex":false,"robots_noarchive":false,"robots_nosnippet":false,"robots_nofollow":false,"robots_noimageindex":false,"robots_noodp":false,"robots_notranslate":false,"robots_max_snippet":null,"robots_max_videopreview":null,"robots_max_imagepreview":"large","priority":null,"frequency":null,"location":null,"local_seo":null,"seo_analyzer_scan_date":"2025-09-17 09:18:15","breadcrumb_settings":null,"limit_modified_date":false,"open_ai":null,"ai":null,"created":"2021-03-09 08:21:40","updated":"2025-09-17 09:18:15"},"aioseo_breadcrumb":"<div class=\"aioseo-breadcrumbs\"><span class=\"aioseo-breadcrumb\">\n\t<a href=\"https:\/\/eldigitaldeasturias.com\/magazine365\" title=\"Home\">Home<\/a>\n<\/span><span class=\"aioseo-breadcrumb-separator\">\u2013<\/span><span class=\"aioseo-breadcrumb\">\n\t<a href=\"https:\/\/eldigitaldeasturias.com\/magazine365\/category\/noticias-actualidad\/\" title=\"Noticias y Actualidad\">Noticias y Actualidad<\/a>\n<\/span><span class=\"aioseo-breadcrumb-separator\">\u2013<\/span><span class=\"aioseo-breadcrumb\">\n\t<a href=\"https:\/\/eldigitaldeasturias.com\/magazine365\/descubren-el-gen-que-causa-malformaciones-heterotopicas-del-cerebro\/\" title=\"Descubren el gen que causa malformaciones heterot\u00f3picas del cerebro\">Descubren el gen que causa malformaciones heterot\u00f3picas del cerebro<\/a>\n<\/span><\/div>","aioseo_breadcrumb_json":[{"label":"Home","link":"https:\/\/eldigitaldeasturias.com\/magazine365"},{"label":"Noticias y Actualidad","link":"https:\/\/eldigitaldeasturias.com\/magazine365\/category\/noticias-actualidad\/"},{"label":"Descubren el gen que causa malformaciones heterot\u00f3picas del cerebro","link":"https:\/\/eldigitaldeasturias.com\/magazine365\/descubren-el-gen-que-causa-malformaciones-heterotopicas-del-cerebro\/"}],"_links":{"self":[{"href":"https:\/\/eldigitaldeasturias.com\/magazine365\/wp-json\/wp\/v2\/posts\/13985","targetHints":{"allow":["GET"]}}],"collection":[{"href":"https:\/\/eldigitaldeasturias.com\/magazine365\/wp-json\/wp\/v2\/posts"}],"about":[{"href":"https:\/\/eldigitaldeasturias.com\/magazine365\/wp-json\/wp\/v2\/types\/post"}],"author":[{"embeddable":true,"href":"https:\/\/eldigitaldeasturias.com\/magazine365\/wp-json\/wp\/v2\/users\/1"}],"replies":[{"embeddable":true,"href":"https:\/\/eldigitaldeasturias.com\/magazine365\/wp-json\/wp\/v2\/comments?post=13985"}],"version-history":[{"count":0,"href":"https:\/\/eldigitaldeasturias.com\/magazine365\/wp-json\/wp\/v2\/posts\/13985\/revisions"}],"wp:featuredmedia":[{"embeddable":true,"href":"https:\/\/eldigitaldeasturias.com\/magazine365\/wp-json\/wp\/v2\/media\/13986"}],"wp:attachment":[{"href":"https:\/\/eldigitaldeasturias.com\/magazine365\/wp-json\/wp\/v2\/media?parent=13985"}],"wp:term":[{"taxonomy":"category","embeddable":true,"href":"https:\/\/eldigitaldeasturias.com\/magazine365\/wp-json\/wp\/v2\/categories?post=13985"},{"taxonomy":"post_tag","embeddable":true,"href":"https:\/\/eldigitaldeasturias.com\/magazine365\/wp-json\/wp\/v2\/tags?post=13985"}],"curies":[{"name":"wp","href":"https:\/\/api.w.org\/{rel}","templated":true}]}}