{"id":13982,"date":"2014-05-26T19:46:20","date_gmt":"2014-05-26T21:46:20","guid":{"rendered":"http:\/\/eldigitaldeasturias.com\/magazine365\/?p=13982"},"modified":"2014-05-26T19:46:20","modified_gmt":"2014-05-26T21:46:20","slug":"la-fundacion-carreras-y-lahm-anuncian-un-campamento-en-munich-para-ninos-con-cancer","status":"publish","type":"post","link":"https:\/\/eldigitaldeasturias.com\/magazine365\/la-fundacion-carreras-y-lahm-anuncian-un-campamento-en-munich-para-ninos-con-cancer\/","title":{"rendered":"La Fundaci\u00f3n Carreras y Lahm anuncian un campamento en M\u00fanich para ni\u00f1os con c\u00e1ncer"},"content":{"rendered":"<p><img fetchpriority=\"high\" decoding=\"async\" class=\"alignleft size-medium wp-image-13983\" alt=\"6302194w\" src=\"https:\/\/eldigitaldeasturias.com\/magazine365\/wp-content\/uploads\/2014\/05\/6302194w-360x248.jpg\" width=\"360\" height=\"248\" \/>Berl\u00edn, 26 may (EFE).- La Fundaci\u00f3n Josep Carreras contra la leucemia anunci\u00f3 hoy la organizaci\u00f3n por cuarto a\u00f1o consecutivo de un campamento de verano en M\u00fanich (sur) para j\u00f3venes que padecen esta enfermedad, en un proyecto conjunto con la fundaci\u00f3n del futbolista internacional alem\u00e1n Philipp Lahm.<\/p>\n<p>El campamento, que tendr\u00e1 lugar del 27 al 2 de julio, tiene como objetivo que los menores de entre 9 a 12 a\u00f1os \u00abdejen atr\u00e1s sus molestias y preocupaciones por una semana\u00bb, para lo que tambi\u00e9n podr\u00e1n llevar un hermano o un amigo que les acompa\u00f1e.<\/p>\n<p>\u00abLa experiencia de los \u00faltimos a\u00f1os ha demostrado que los ni\u00f1os y ni\u00f1as realmente desconectan durante esos d\u00edas de un momento muy dif\u00edcil en sus vidas, y que a menudo participan con gran entusiasmo en el campamento\u00bb, asegur\u00f3 Lahm en un comunicado en el que a\u00f1adi\u00f3 \u00abestar deseando que llegue el momento de visitarles\u00bb.<\/p>\n<p>El director general de la Fundaci\u00f3n Josep Carreras, Gabriele Kr\u00f6ner, asegur\u00f3 que para los pacientes el campamento supone \u00abuna experiencia muy importante de la que pueden sacar valor, fuerza y alegr\u00eda para sus vidas, y tambi\u00e9n para sus hermanos, que a menudo se ven afectados por el entorno familiar\u00bb.<\/p>\n<p>Durante los d\u00edas de campamento, los ni\u00f1os y ni\u00f1as estar\u00e1n continuamente supervisados por educadores especializados, y la proximidad de centros cl\u00ednicos en las ciudades de Rosenheim, M\u00fanich y Tegernsee (sur) asegurar\u00e1n la atenci\u00f3n sanitaria en caso de necesidad.<\/p>\n","protected":false},"excerpt":{"rendered":"<p>Berl\u00edn, 26 may (EFE).- La Fundaci\u00f3n Josep Carreras contra la leucemia anunci\u00f3 hoy la organizaci\u00f3n por cuarto a\u00f1o consecutivo de un campamento de verano en M\u00fanich (sur) para j\u00f3venes que padecen esta enfermedad, en un proyecto conjunto con la fundaci\u00f3n del futbolista internacional alem\u00e1n Philipp Lahm. El campamento, que tendr\u00e1 lugar del 27 al 2<\/p>\n","protected":false},"author":1,"featured_media":13983,"comment_status":"open","ping_status":"closed","sticky":false,"template":"","format":"standard","meta":{"footnotes":""},"categories":[224],"tags":[],"class_list":{"0":"post-13982","1":"post","2":"type-post","3":"status-publish","4":"format-standard","5":"has-post-thumbnail","7":"category-noticias-actualidad"},"aioseo_notices":[],"aioseo_head":"\n\t\t<!-- All in One SEO Pro 4.9.6.1 - aioseo.com -->\n\t<meta name=\"description\" content=\"Berl\u00edn, 26 may (EFE).- La Fundaci\u00f3n Josep Carreras contra la leucemia anunci\u00f3 hoy la organizaci\u00f3n por cuarto a\u00f1o consecutivo de un campamento de verano en M\u00fanich (sur) para j\u00f3venes que padecen esta enfermedad, en un proyecto conjunto con la fundaci\u00f3n del futbolista internacional alem\u00e1n Philipp Lahm. El campamento, que tendr\u00e1 lugar del 27 al 2\" \/>\n\t<meta name=\"robots\" content=\"max-image-preview:large\" \/>\n\t<meta name=\"author\" content=\"admin\"\/>\n\t<meta name=\"google-site-verification\" content=\"UA-38556648-1\" \/>\n\t<meta name=\"keywords\" content=\"noticias y actualidad\" \/>\n\t<link rel=\"canonical\" href=\"https:\/\/eldigitaldeasturias.com\/magazine365\/la-fundacion-carreras-y-lahm-anuncian-un-campamento-en-munich-para-ninos-con-cancer\/\" \/>\n\t<meta name=\"generator\" content=\"All in One SEO Pro (AIOSEO) 4.9.6.1\" \/>\n\t\t<meta property=\"og:locale\" content=\"es_ES\" \/>\n\t\t<meta property=\"og:site_name\" content=\"El Digital de Asturias \u2013 Revista de ocio, turismo y estilo de vida\" \/>\n\t\t<meta property=\"og:type\" content=\"article\" \/>\n\t\t<meta property=\"og:title\" content=\"La Fundaci\u00f3n Carreras y Lahm anuncian un campamento en M\u00fanich para ni\u00f1os con c\u00e1ncer | El Digital de Asturias\" \/>\n\t\t<meta property=\"og:description\" content=\"Berl\u00edn, 26 may (EFE).- La Fundaci\u00f3n Josep Carreras contra la leucemia anunci\u00f3 hoy la organizaci\u00f3n por cuarto a\u00f1o consecutivo de un campamento de verano en M\u00fanich (sur) para j\u00f3venes que padecen esta enfermedad, en un proyecto conjunto con la fundaci\u00f3n del futbolista internacional alem\u00e1n Philipp Lahm. El campamento, que tendr\u00e1 lugar del 27 al 2\" \/>\n\t\t<meta property=\"og:url\" content=\"https:\/\/eldigitaldeasturias.com\/magazine365\/la-fundacion-carreras-y-lahm-anuncian-un-campamento-en-munich-para-ninos-con-cancer\/\" \/>\n\t\t<meta property=\"og:image\" content=\"https:\/\/eldigitaldeasturias.com\/magazine365\/wp-content\/uploads\/2014\/05\/6302194w.jpg\" \/>\n\t\t<meta property=\"og:image:secure_url\" content=\"https:\/\/eldigitaldeasturias.com\/magazine365\/wp-content\/uploads\/2014\/05\/6302194w.jpg\" \/>\n\t\t<meta property=\"og:image:width\" content=\"800\" \/>\n\t\t<meta property=\"og:image:height\" content=\"553\" \/>\n\t\t<meta property=\"article:published_time\" content=\"2014-05-26T21:46:20+00:00\" \/>\n\t\t<meta property=\"article:modified_time\" content=\"2014-05-26T21:46:20+00:00\" \/>\n\t\t<meta name=\"twitter:card\" content=\"summary_large_image\" \/>\n\t\t<meta name=\"twitter:title\" content=\"La Fundaci\u00f3n Carreras y Lahm anuncian un campamento en M\u00fanich para ni\u00f1os con c\u00e1ncer | El Digital de Asturias\" \/>\n\t\t<meta name=\"twitter:description\" content=\"Berl\u00edn, 26 may (EFE).- La Fundaci\u00f3n Josep Carreras contra la leucemia anunci\u00f3 hoy la organizaci\u00f3n por cuarto a\u00f1o consecutivo de un campamento de verano en M\u00fanich (sur) para j\u00f3venes que padecen esta enfermedad, en un proyecto conjunto con la fundaci\u00f3n del futbolista internacional alem\u00e1n Philipp Lahm. El campamento, que tendr\u00e1 lugar del 27 al 2\" \/>\n\t\t<meta name=\"twitter:image\" content=\"https:\/\/eldigitaldeasturias.com\/magazine365\/wp-content\/uploads\/2014\/05\/6302194w.jpg\" \/>\n\t\t<script type=\"application\/ld+json\" class=\"aioseo-schema\">\n\t\t\t{\"@context\":\"https:\\\/\\\/schema.org\",\"@graph\":[{\"@type\":\"Article\",\"@id\":\"https:\\\/\\\/eldigitaldeasturias.com\\\/magazine365\\\/la-fundacion-carreras-y-lahm-anuncian-un-campamento-en-munich-para-ninos-con-cancer\\\/#article\",\"name\":\"La Fundaci\\u00f3n Carreras y Lahm anuncian un campamento en M\\u00fanich para ni\\u00f1os con c\\u00e1ncer | El Digital de Asturias\",\"headline\":\"La Fundaci\\u00f3n Carreras y Lahm anuncian un campamento en M\\u00fanich para ni\\u00f1os con c\\u00e1ncer\",\"author\":{\"@id\":\"https:\\\/\\\/eldigitaldeasturias.com\\\/magazine365\\\/author\\\/admin\\\/#author\"},\"publisher\":{\"@id\":\"https:\\\/\\\/eldigitaldeasturias.com\\\/magazine365\\\/#organization\"},\"image\":{\"@type\":\"ImageObject\",\"url\":\"https:\\\/\\\/eldigitaldeasturias.com\\\/magazine365\\\/wp-content\\\/uploads\\\/2014\\\/05\\\/6302194w.jpg\",\"width\":800,\"height\":553},\"datePublished\":\"2014-05-26T19:46:20+02:00\",\"dateModified\":\"2014-05-26T19:46:20+02:00\",\"inLanguage\":\"es-ES\",\"mainEntityOfPage\":{\"@id\":\"https:\\\/\\\/eldigitaldeasturias.com\\\/magazine365\\\/la-fundacion-carreras-y-lahm-anuncian-un-campamento-en-munich-para-ninos-con-cancer\\\/#webpage\"},\"isPartOf\":{\"@id\":\"https:\\\/\\\/eldigitaldeasturias.com\\\/magazine365\\\/la-fundacion-carreras-y-lahm-anuncian-un-campamento-en-munich-para-ninos-con-cancer\\\/#webpage\"},\"articleSection\":\"Noticias y Actualidad\"},{\"@type\":\"BreadcrumbList\",\"@id\":\"https:\\\/\\\/eldigitaldeasturias.com\\\/magazine365\\\/la-fundacion-carreras-y-lahm-anuncian-un-campamento-en-munich-para-ninos-con-cancer\\\/#breadcrumblist\",\"itemListElement\":[{\"@type\":\"ListItem\",\"@id\":\"https:\\\/\\\/eldigitaldeasturias.com\\\/magazine365#listItem\",\"position\":1,\"name\":\"Home\",\"item\":\"https:\\\/\\\/eldigitaldeasturias.com\\\/magazine365\",\"nextItem\":{\"@type\":\"ListItem\",\"@id\":\"https:\\\/\\\/eldigitaldeasturias.com\\\/magazine365\\\/category\\\/noticias-actualidad\\\/#listItem\",\"name\":\"Noticias y Actualidad\"}},{\"@type\":\"ListItem\",\"@id\":\"https:\\\/\\\/eldigitaldeasturias.com\\\/magazine365\\\/category\\\/noticias-actualidad\\\/#listItem\",\"position\":2,\"name\":\"Noticias y Actualidad\",\"item\":\"https:\\\/\\\/eldigitaldeasturias.com\\\/magazine365\\\/category\\\/noticias-actualidad\\\/\",\"nextItem\":{\"@type\":\"ListItem\",\"@id\":\"https:\\\/\\\/eldigitaldeasturias.com\\\/magazine365\\\/la-fundacion-carreras-y-lahm-anuncian-un-campamento-en-munich-para-ninos-con-cancer\\\/#listItem\",\"name\":\"La Fundaci\\u00f3n Carreras y Lahm anuncian un campamento en M\\u00fanich para ni\\u00f1os con c\\u00e1ncer\"},\"previousItem\":{\"@type\":\"ListItem\",\"@id\":\"https:\\\/\\\/eldigitaldeasturias.com\\\/magazine365#listItem\",\"name\":\"Home\"}},{\"@type\":\"ListItem\",\"@id\":\"https:\\\/\\\/eldigitaldeasturias.com\\\/magazine365\\\/la-fundacion-carreras-y-lahm-anuncian-un-campamento-en-munich-para-ninos-con-cancer\\\/#listItem\",\"position\":3,\"name\":\"La Fundaci\\u00f3n Carreras y Lahm anuncian un campamento en M\\u00fanich para ni\\u00f1os con c\\u00e1ncer\",\"previousItem\":{\"@type\":\"ListItem\",\"@id\":\"https:\\\/\\\/eldigitaldeasturias.com\\\/magazine365\\\/category\\\/noticias-actualidad\\\/#listItem\",\"name\":\"Noticias y Actualidad\"}}]},{\"@type\":\"Organization\",\"@id\":\"https:\\\/\\\/eldigitaldeasturias.com\\\/magazine365\\\/#organization\",\"name\":\"El digital de Asturias\",\"description\":\"Revista de ocio, turismo y estilo de vida\",\"url\":\"https:\\\/\\\/eldigitaldeasturias.com\\\/magazine365\\\/\",\"logo\":{\"@type\":\"ImageObject\",\"url\":\"https:\\\/\\\/www.eldigitaldeasturias.com\\\/noticias\\\/wp-content\\\/uploads\\\/2020\\\/12\\\/EDA.jpg\",\"@id\":\"https:\\\/\\\/eldigitaldeasturias.com\\\/magazine365\\\/la-fundacion-carreras-y-lahm-anuncian-un-campamento-en-munich-para-ninos-con-cancer\\\/#organizationLogo\"},\"image\":{\"@id\":\"https:\\\/\\\/eldigitaldeasturias.com\\\/magazine365\\\/la-fundacion-carreras-y-lahm-anuncian-un-campamento-en-munich-para-ninos-con-cancer\\\/#organizationLogo\"}},{\"@type\":\"Person\",\"@id\":\"https:\\\/\\\/eldigitaldeasturias.com\\\/magazine365\\\/author\\\/admin\\\/#author\",\"url\":\"https:\\\/\\\/eldigitaldeasturias.com\\\/magazine365\\\/author\\\/admin\\\/\",\"name\":\"admin\",\"image\":{\"@type\":\"ImageObject\",\"@id\":\"https:\\\/\\\/eldigitaldeasturias.com\\\/magazine365\\\/la-fundacion-carreras-y-lahm-anuncian-un-campamento-en-munich-para-ninos-con-cancer\\\/#authorImage\",\"url\":\"https:\\\/\\\/eldigitaldeasturias.com\\\/magazine365\\\/wp-content\\\/litespeed\\\/avatar\\\/e571bcf59a0edd6fa6838245a470f2fe.jpg?ver=1776969259\",\"width\":96,\"height\":96,\"caption\":\"admin\"}},{\"@type\":\"WebPage\",\"@id\":\"https:\\\/\\\/eldigitaldeasturias.com\\\/magazine365\\\/la-fundacion-carreras-y-lahm-anuncian-un-campamento-en-munich-para-ninos-con-cancer\\\/#webpage\",\"url\":\"https:\\\/\\\/eldigitaldeasturias.com\\\/magazine365\\\/la-fundacion-carreras-y-lahm-anuncian-un-campamento-en-munich-para-ninos-con-cancer\\\/\",\"name\":\"La Fundaci\\u00f3n Carreras y Lahm anuncian un campamento en M\\u00fanich para ni\\u00f1os con c\\u00e1ncer | El Digital de Asturias\",\"description\":\"Berl\\u00edn, 26 may (EFE).- La Fundaci\\u00f3n Josep Carreras contra la leucemia anunci\\u00f3 hoy la organizaci\\u00f3n por cuarto a\\u00f1o consecutivo de un campamento de verano en M\\u00fanich (sur) para j\\u00f3venes que padecen esta enfermedad, en un proyecto conjunto con la fundaci\\u00f3n del futbolista internacional alem\\u00e1n Philipp Lahm. El campamento, que tendr\\u00e1 lugar del 27 al 2\",\"inLanguage\":\"es-ES\",\"isPartOf\":{\"@id\":\"https:\\\/\\\/eldigitaldeasturias.com\\\/magazine365\\\/#website\"},\"breadcrumb\":{\"@id\":\"https:\\\/\\\/eldigitaldeasturias.com\\\/magazine365\\\/la-fundacion-carreras-y-lahm-anuncian-un-campamento-en-munich-para-ninos-con-cancer\\\/#breadcrumblist\"},\"author\":{\"@id\":\"https:\\\/\\\/eldigitaldeasturias.com\\\/magazine365\\\/author\\\/admin\\\/#author\"},\"creator\":{\"@id\":\"https:\\\/\\\/eldigitaldeasturias.com\\\/magazine365\\\/author\\\/admin\\\/#author\"},\"image\":{\"@type\":\"ImageObject\",\"url\":\"https:\\\/\\\/eldigitaldeasturias.com\\\/magazine365\\\/wp-content\\\/uploads\\\/2014\\\/05\\\/6302194w.jpg\",\"@id\":\"https:\\\/\\\/eldigitaldeasturias.com\\\/magazine365\\\/la-fundacion-carreras-y-lahm-anuncian-un-campamento-en-munich-para-ninos-con-cancer\\\/#mainImage\",\"width\":800,\"height\":553},\"primaryImageOfPage\":{\"@id\":\"https:\\\/\\\/eldigitaldeasturias.com\\\/magazine365\\\/la-fundacion-carreras-y-lahm-anuncian-un-campamento-en-munich-para-ninos-con-cancer\\\/#mainImage\"},\"datePublished\":\"2014-05-26T19:46:20+02:00\",\"dateModified\":\"2014-05-26T19:46:20+02:00\"},{\"@type\":\"WebSite\",\"@id\":\"https:\\\/\\\/eldigitaldeasturias.com\\\/magazine365\\\/#website\",\"url\":\"https:\\\/\\\/eldigitaldeasturias.com\\\/magazine365\\\/\",\"name\":\"El Digital de Asturias\",\"description\":\"Revista de ocio, turismo y estilo de vida\",\"inLanguage\":\"es-ES\",\"publisher\":{\"@id\":\"https:\\\/\\\/eldigitaldeasturias.com\\\/magazine365\\\/#organization\"}}]}\n\t\t<\/script>\n\t\t<!-- All in One SEO Pro -->\r\n\t\t<title>La Fundaci\u00f3n Carreras y Lahm anuncian un campamento en M\u00fanich para ni\u00f1os con c\u00e1ncer | El Digital de Asturias<\/title>\n\n","aioseo_head_json":{"title":"La Fundaci\u00f3n Carreras y Lahm anuncian un campamento en M\u00fanich para ni\u00f1os con c\u00e1ncer | El Digital de Asturias","description":"Berl\u00edn, 26 may (EFE).- La Fundaci\u00f3n Josep Carreras contra la leucemia anunci\u00f3 hoy la organizaci\u00f3n por cuarto a\u00f1o consecutivo de un campamento de verano en M\u00fanich (sur) para j\u00f3venes que padecen esta enfermedad, en un proyecto conjunto con la fundaci\u00f3n del futbolista internacional alem\u00e1n Philipp Lahm. El campamento, que tendr\u00e1 lugar del 27 al 2","canonical_url":"https:\/\/eldigitaldeasturias.com\/magazine365\/la-fundacion-carreras-y-lahm-anuncian-un-campamento-en-munich-para-ninos-con-cancer\/","robots":"max-image-preview:large","keywords":"noticias y actualidad","webmasterTools":{"google-site-verification":"UA-38556648-1","miscellaneous":""},"schema":{"@context":"https:\/\/schema.org","@graph":[{"@type":"Article","@id":"https:\/\/eldigitaldeasturias.com\/magazine365\/la-fundacion-carreras-y-lahm-anuncian-un-campamento-en-munich-para-ninos-con-cancer\/#article","name":"La Fundaci\u00f3n Carreras y Lahm anuncian un campamento en M\u00fanich para ni\u00f1os con c\u00e1ncer | El Digital de Asturias","headline":"La Fundaci\u00f3n Carreras y Lahm anuncian un campamento en M\u00fanich para ni\u00f1os con c\u00e1ncer","author":{"@id":"https:\/\/eldigitaldeasturias.com\/magazine365\/author\/admin\/#author"},"publisher":{"@id":"https:\/\/eldigitaldeasturias.com\/magazine365\/#organization"},"image":{"@type":"ImageObject","url":"https:\/\/eldigitaldeasturias.com\/magazine365\/wp-content\/uploads\/2014\/05\/6302194w.jpg","width":800,"height":553},"datePublished":"2014-05-26T19:46:20+02:00","dateModified":"2014-05-26T19:46:20+02:00","inLanguage":"es-ES","mainEntityOfPage":{"@id":"https:\/\/eldigitaldeasturias.com\/magazine365\/la-fundacion-carreras-y-lahm-anuncian-un-campamento-en-munich-para-ninos-con-cancer\/#webpage"},"isPartOf":{"@id":"https:\/\/eldigitaldeasturias.com\/magazine365\/la-fundacion-carreras-y-lahm-anuncian-un-campamento-en-munich-para-ninos-con-cancer\/#webpage"},"articleSection":"Noticias y Actualidad"},{"@type":"BreadcrumbList","@id":"https:\/\/eldigitaldeasturias.com\/magazine365\/la-fundacion-carreras-y-lahm-anuncian-un-campamento-en-munich-para-ninos-con-cancer\/#breadcrumblist","itemListElement":[{"@type":"ListItem","@id":"https:\/\/eldigitaldeasturias.com\/magazine365#listItem","position":1,"name":"Home","item":"https:\/\/eldigitaldeasturias.com\/magazine365","nextItem":{"@type":"ListItem","@id":"https:\/\/eldigitaldeasturias.com\/magazine365\/category\/noticias-actualidad\/#listItem","name":"Noticias y Actualidad"}},{"@type":"ListItem","@id":"https:\/\/eldigitaldeasturias.com\/magazine365\/category\/noticias-actualidad\/#listItem","position":2,"name":"Noticias y Actualidad","item":"https:\/\/eldigitaldeasturias.com\/magazine365\/category\/noticias-actualidad\/","nextItem":{"@type":"ListItem","@id":"https:\/\/eldigitaldeasturias.com\/magazine365\/la-fundacion-carreras-y-lahm-anuncian-un-campamento-en-munich-para-ninos-con-cancer\/#listItem","name":"La Fundaci\u00f3n Carreras y Lahm anuncian un campamento en M\u00fanich para ni\u00f1os con c\u00e1ncer"},"previousItem":{"@type":"ListItem","@id":"https:\/\/eldigitaldeasturias.com\/magazine365#listItem","name":"Home"}},{"@type":"ListItem","@id":"https:\/\/eldigitaldeasturias.com\/magazine365\/la-fundacion-carreras-y-lahm-anuncian-un-campamento-en-munich-para-ninos-con-cancer\/#listItem","position":3,"name":"La Fundaci\u00f3n Carreras y Lahm anuncian un campamento en M\u00fanich para ni\u00f1os con c\u00e1ncer","previousItem":{"@type":"ListItem","@id":"https:\/\/eldigitaldeasturias.com\/magazine365\/category\/noticias-actualidad\/#listItem","name":"Noticias y Actualidad"}}]},{"@type":"Organization","@id":"https:\/\/eldigitaldeasturias.com\/magazine365\/#organization","name":"El digital de Asturias","description":"Revista de ocio, turismo y estilo de vida","url":"https:\/\/eldigitaldeasturias.com\/magazine365\/","logo":{"@type":"ImageObject","url":"https:\/\/www.eldigitaldeasturias.com\/noticias\/wp-content\/uploads\/2020\/12\/EDA.jpg","@id":"https:\/\/eldigitaldeasturias.com\/magazine365\/la-fundacion-carreras-y-lahm-anuncian-un-campamento-en-munich-para-ninos-con-cancer\/#organizationLogo"},"image":{"@id":"https:\/\/eldigitaldeasturias.com\/magazine365\/la-fundacion-carreras-y-lahm-anuncian-un-campamento-en-munich-para-ninos-con-cancer\/#organizationLogo"}},{"@type":"Person","@id":"https:\/\/eldigitaldeasturias.com\/magazine365\/author\/admin\/#author","url":"https:\/\/eldigitaldeasturias.com\/magazine365\/author\/admin\/","name":"admin","image":{"@type":"ImageObject","@id":"https:\/\/eldigitaldeasturias.com\/magazine365\/la-fundacion-carreras-y-lahm-anuncian-un-campamento-en-munich-para-ninos-con-cancer\/#authorImage","url":"https:\/\/eldigitaldeasturias.com\/magazine365\/wp-content\/litespeed\/avatar\/e571bcf59a0edd6fa6838245a470f2fe.jpg?ver=1776969259","width":96,"height":96,"caption":"admin"}},{"@type":"WebPage","@id":"https:\/\/eldigitaldeasturias.com\/magazine365\/la-fundacion-carreras-y-lahm-anuncian-un-campamento-en-munich-para-ninos-con-cancer\/#webpage","url":"https:\/\/eldigitaldeasturias.com\/magazine365\/la-fundacion-carreras-y-lahm-anuncian-un-campamento-en-munich-para-ninos-con-cancer\/","name":"La Fundaci\u00f3n Carreras y Lahm anuncian un campamento en M\u00fanich para ni\u00f1os con c\u00e1ncer | El Digital de Asturias","description":"Berl\u00edn, 26 may (EFE).- La Fundaci\u00f3n Josep Carreras contra la leucemia anunci\u00f3 hoy la organizaci\u00f3n por cuarto a\u00f1o consecutivo de un campamento de verano en M\u00fanich (sur) para j\u00f3venes que padecen esta enfermedad, en un proyecto conjunto con la fundaci\u00f3n del futbolista internacional alem\u00e1n Philipp Lahm. El campamento, que tendr\u00e1 lugar del 27 al 2","inLanguage":"es-ES","isPartOf":{"@id":"https:\/\/eldigitaldeasturias.com\/magazine365\/#website"},"breadcrumb":{"@id":"https:\/\/eldigitaldeasturias.com\/magazine365\/la-fundacion-carreras-y-lahm-anuncian-un-campamento-en-munich-para-ninos-con-cancer\/#breadcrumblist"},"author":{"@id":"https:\/\/eldigitaldeasturias.com\/magazine365\/author\/admin\/#author"},"creator":{"@id":"https:\/\/eldigitaldeasturias.com\/magazine365\/author\/admin\/#author"},"image":{"@type":"ImageObject","url":"https:\/\/eldigitaldeasturias.com\/magazine365\/wp-content\/uploads\/2014\/05\/6302194w.jpg","@id":"https:\/\/eldigitaldeasturias.com\/magazine365\/la-fundacion-carreras-y-lahm-anuncian-un-campamento-en-munich-para-ninos-con-cancer\/#mainImage","width":800,"height":553},"primaryImageOfPage":{"@id":"https:\/\/eldigitaldeasturias.com\/magazine365\/la-fundacion-carreras-y-lahm-anuncian-un-campamento-en-munich-para-ninos-con-cancer\/#mainImage"},"datePublished":"2014-05-26T19:46:20+02:00","dateModified":"2014-05-26T19:46:20+02:00"},{"@type":"WebSite","@id":"https:\/\/eldigitaldeasturias.com\/magazine365\/#website","url":"https:\/\/eldigitaldeasturias.com\/magazine365\/","name":"El Digital de Asturias","description":"Revista de ocio, turismo y estilo de vida","inLanguage":"es-ES","publisher":{"@id":"https:\/\/eldigitaldeasturias.com\/magazine365\/#organization"}}]},"og:locale":"es_ES","og:site_name":"El Digital de Asturias \u2013 Revista de ocio, turismo y estilo de vida","og:type":"article","og:title":"La Fundaci\u00f3n Carreras y Lahm anuncian un campamento en M\u00fanich para ni\u00f1os con c\u00e1ncer | El Digital de Asturias","og:description":"Berl\u00edn, 26 may (EFE).- La Fundaci\u00f3n Josep Carreras contra la leucemia anunci\u00f3 hoy la organizaci\u00f3n por cuarto a\u00f1o consecutivo de un campamento de verano en M\u00fanich (sur) para j\u00f3venes que padecen esta enfermedad, en un proyecto conjunto con la fundaci\u00f3n del futbolista internacional alem\u00e1n Philipp Lahm. El campamento, que tendr\u00e1 lugar del 27 al 2","og:url":"https:\/\/eldigitaldeasturias.com\/magazine365\/la-fundacion-carreras-y-lahm-anuncian-un-campamento-en-munich-para-ninos-con-cancer\/","og:image":"https:\/\/eldigitaldeasturias.com\/magazine365\/wp-content\/uploads\/2014\/05\/6302194w.jpg","og:image:secure_url":"https:\/\/eldigitaldeasturias.com\/magazine365\/wp-content\/uploads\/2014\/05\/6302194w.jpg","og:image:width":800,"og:image:height":553,"article:published_time":"2014-05-26T21:46:20+00:00","article:modified_time":"2014-05-26T21:46:20+00:00","twitter:card":"summary_large_image","twitter:title":"La Fundaci\u00f3n Carreras y Lahm anuncian un campamento en M\u00fanich para ni\u00f1os con c\u00e1ncer | El Digital de Asturias","twitter:description":"Berl\u00edn, 26 may (EFE).- La Fundaci\u00f3n Josep Carreras contra la leucemia anunci\u00f3 hoy la organizaci\u00f3n por cuarto a\u00f1o consecutivo de un campamento de verano en M\u00fanich (sur) para j\u00f3venes que padecen esta enfermedad, en un proyecto conjunto con la fundaci\u00f3n del futbolista internacional alem\u00e1n Philipp Lahm. El campamento, que tendr\u00e1 lugar del 27 al 2","twitter:image":"https:\/\/eldigitaldeasturias.com\/magazine365\/wp-content\/uploads\/2014\/05\/6302194w.jpg"},"aioseo_meta_data":{"post_id":"13982","title":null,"description":null,"keywords":null,"keyphrases":null,"primary_term":null,"canonical_url":null,"og_title":null,"og_description":null,"og_object_type":"default","og_image_type":"default","og_image_url":null,"og_image_width":null,"og_image_height":null,"og_image_custom_url":null,"og_image_custom_fields":null,"og_video":null,"og_custom_url":null,"og_article_section":null,"og_article_tags":null,"twitter_use_og":false,"twitter_card":"default","twitter_image_type":"default","twitter_image_url":null,"twitter_image_custom_url":null,"twitter_image_custom_fields":null,"twitter_title":null,"twitter_description":null,"schema":{"blockGraphs":[],"customGraphs":[],"default":{"data":{"Article":[],"Course":[],"Dataset":[],"FAQPage":[],"Movie":[],"Person":[],"Product":[],"ProductReview":[],"Car":[],"Recipe":[],"Service":[],"SoftwareApplication":[],"WebPage":[]},"graphName":"","isEnabled":true},"graphs":[],"defaultGraph":"","defaultPostTypeGraph":""},"schema_type":null,"schema_type_options":null,"pillar_content":false,"robots_default":true,"robots_noindex":false,"robots_noarchive":false,"robots_nosnippet":false,"robots_nofollow":false,"robots_noimageindex":false,"robots_noodp":false,"robots_notranslate":false,"robots_max_snippet":null,"robots_max_videopreview":null,"robots_max_imagepreview":"large","priority":null,"frequency":null,"location":null,"local_seo":null,"seo_analyzer_scan_date":"2025-09-17 09:18:14","breadcrumb_settings":null,"limit_modified_date":false,"open_ai":null,"ai":null,"created":"2021-03-09 08:21:40","updated":"2025-09-17 09:18:14"},"aioseo_breadcrumb":"<div class=\"aioseo-breadcrumbs\"><span class=\"aioseo-breadcrumb\">\n\t<a href=\"https:\/\/eldigitaldeasturias.com\/magazine365\" title=\"Home\">Home<\/a>\n<\/span><span class=\"aioseo-breadcrumb-separator\">\u2013<\/span><span class=\"aioseo-breadcrumb\">\n\t<a href=\"https:\/\/eldigitaldeasturias.com\/magazine365\/category\/noticias-actualidad\/\" title=\"Noticias y Actualidad\">Noticias y Actualidad<\/a>\n<\/span><span class=\"aioseo-breadcrumb-separator\">\u2013<\/span><span class=\"aioseo-breadcrumb\">\n\t<a href=\"https:\/\/eldigitaldeasturias.com\/magazine365\/la-fundacion-carreras-y-lahm-anuncian-un-campamento-en-munich-para-ninos-con-cancer\/\" title=\"La Fundaci\u00f3n Carreras y Lahm anuncian un campamento en M\u00fanich para ni\u00f1os con c\u00e1ncer\">La Fundaci\u00f3n Carreras y Lahm anuncian un campamento en M\u00fanich para ni\u00f1os con c\u00e1ncer<\/a>\n<\/span><\/div>","aioseo_breadcrumb_json":[{"label":"Home","link":"https:\/\/eldigitaldeasturias.com\/magazine365"},{"label":"Noticias y Actualidad","link":"https:\/\/eldigitaldeasturias.com\/magazine365\/category\/noticias-actualidad\/"},{"label":"La Fundaci\u00f3n Carreras y Lahm anuncian un campamento en M\u00fanich para ni\u00f1os con c\u00e1ncer","link":"https:\/\/eldigitaldeasturias.com\/magazine365\/la-fundacion-carreras-y-lahm-anuncian-un-campamento-en-munich-para-ninos-con-cancer\/"}],"_links":{"self":[{"href":"https:\/\/eldigitaldeasturias.com\/magazine365\/wp-json\/wp\/v2\/posts\/13982","targetHints":{"allow":["GET"]}}],"collection":[{"href":"https:\/\/eldigitaldeasturias.com\/magazine365\/wp-json\/wp\/v2\/posts"}],"about":[{"href":"https:\/\/eldigitaldeasturias.com\/magazine365\/wp-json\/wp\/v2\/types\/post"}],"author":[{"embeddable":true,"href":"https:\/\/eldigitaldeasturias.com\/magazine365\/wp-json\/wp\/v2\/users\/1"}],"replies":[{"embeddable":true,"href":"https:\/\/eldigitaldeasturias.com\/magazine365\/wp-json\/wp\/v2\/comments?post=13982"}],"version-history":[{"count":0,"href":"https:\/\/eldigitaldeasturias.com\/magazine365\/wp-json\/wp\/v2\/posts\/13982\/revisions"}],"wp:featuredmedia":[{"embeddable":true,"href":"https:\/\/eldigitaldeasturias.com\/magazine365\/wp-json\/wp\/v2\/media\/13983"}],"wp:attachment":[{"href":"https:\/\/eldigitaldeasturias.com\/magazine365\/wp-json\/wp\/v2\/media?parent=13982"}],"wp:term":[{"taxonomy":"category","embeddable":true,"href":"https:\/\/eldigitaldeasturias.com\/magazine365\/wp-json\/wp\/v2\/categories?post=13982"},{"taxonomy":"post_tag","embeddable":true,"href":"https:\/\/eldigitaldeasturias.com\/magazine365\/wp-json\/wp\/v2\/tags?post=13982"}],"curies":[{"name":"wp","href":"https:\/\/api.w.org\/{rel}","templated":true}]}}