{"id":13979,"date":"2014-05-26T19:43:58","date_gmt":"2014-05-26T21:43:58","guid":{"rendered":"http:\/\/eldigitaldeasturias.com\/magazine365\/?p=13979"},"modified":"2014-05-26T19:43:59","modified_gmt":"2014-05-26T21:43:59","slug":"la-peste-porcina-y-el-control-de-enfermedades-son-las-estrellas-de-la-oie","status":"publish","type":"post","link":"https:\/\/eldigitaldeasturias.com\/magazine365\/la-peste-porcina-y-el-control-de-enfermedades-son-las-estrellas-de-la-oie\/","title":{"rendered":"La peste porcina y el control de enfermedades son las estrellas de la OIE"},"content":{"rendered":"<p><img fetchpriority=\"high\" decoding=\"async\" class=\"alignleft size-medium wp-image-13980\" alt=\"6302190w\" src=\"https:\/\/eldigitaldeasturias.com\/magazine365\/wp-content\/uploads\/2014\/05\/6302190w-360x240.jpg\" width=\"360\" height=\"240\" srcset=\"https:\/\/eldigitaldeasturias.com\/magazine365\/wp-content\/uploads\/2014\/05\/6302190w-360x240.jpg 360w, https:\/\/eldigitaldeasturias.com\/magazine365\/wp-content\/uploads\/2014\/05\/6302190w-650x434.jpg 650w, https:\/\/eldigitaldeasturias.com\/magazine365\/wp-content\/uploads\/2014\/05\/6302190w-768x513.jpg 768w, https:\/\/eldigitaldeasturias.com\/magazine365\/wp-content\/uploads\/2014\/05\/6302190w-150x100.jpg 150w, https:\/\/eldigitaldeasturias.com\/magazine365\/wp-content\/uploads\/2014\/05\/6302190w-450x300.jpg 450w, https:\/\/eldigitaldeasturias.com\/magazine365\/wp-content\/uploads\/2014\/05\/6302190w-696x465.jpg 696w, https:\/\/eldigitaldeasturias.com\/magazine365\/wp-content\/uploads\/2014\/05\/6302190w-629x420.jpg 629w, https:\/\/eldigitaldeasturias.com\/magazine365\/wp-content\/uploads\/2014\/05\/6302190w-84x55.jpg 84w, https:\/\/eldigitaldeasturias.com\/magazine365\/wp-content\/uploads\/2014\/05\/6302190w.jpg 800w\" sizes=\"(max-width: 360px) 100vw, 360px\" \/>Par\u00eds, 26 may (EFE).- La peste porcina africana y los programas oficiales de control de enfermedades animales son los temas desarrollados desde hoy en la sesi\u00f3n general de la asamblea de la Organizaci\u00f3n Mundial de Sanidad Animal (OIE).<\/p>\n<p>Los criterios y factores recomendados para fijar categor\u00edas y prioridades en las enfermedades de animales terrestres y acu\u00e1ticos fue objeto de un primer seminario de expertos abordado esta ma\u00f1ana en la sesi\u00f3n anual de la OIE, que este a\u00f1o cumple su 90 aniversario.<\/p>\n<p>Ma\u00f1ana est\u00e1 previsto tratar, en una nuevo seminario t\u00e9cnico, los nuevos retos y medidas para evitar la propagaci\u00f3n de la peste porcina africana, precis\u00f3 la organizaci\u00f3n en un comunicado.<\/p>\n<p>Los m\u00e1s de 800 representantes de los pa\u00edses miembros que participan en el encuentro van a dedicar especial atenci\u00f3n durante esta semana a la situaci\u00f3n de los \u00faltimos episodios sanitarios importantes.<\/p>\n<p>Se trata de la diarrea epid\u00e9mica porcina en Estados Unidos, Jap\u00f3n y Canad\u00e1, el s\u00edndrome respiratorio de Oriente Medio por coronavirus, la encefalopat\u00eda espongiforme bovina o \u00abenfermedad de las vacas locas\u00bb en Brasil, la gripe por virus H7N9 y H5N8 en Asia, la rabia de fauna salvaje en Taipei y la peste porcina africana en el este de Europa.<\/p>\n<p>Los delegados debatir\u00e1n los \u00faltimos datos notificados por los pa\u00edses miembros afectados por estas enfermedades con vistas a preparar medidas para prevenir que contin\u00fae la propagaci\u00f3n de esos virus en la caba\u00f1a animal.<\/p>\n<p>Un grupo de expertos mantendr\u00e1 un encuentro t\u00e9cnico para analizar los riesgos derivados de la diarrea epid\u00e9mica porcina en la importaci\u00f3n de este ganado y de sus productos.<\/p>\n<p>El jueves se adoptar\u00e1n los cambios en los estatutos de las enfermedades prioritarias, en funci\u00f3n de la situaci\u00f3n constatada.<\/p>\n<p>El director general de la OIE, Bernard Vallat, present\u00f3 esta ma\u00f1ana ante la asamblea una propuesta de resoluci\u00f3n para el control y la erradicaci\u00f3n a nivel mundial de la peste de peque\u00f1os rumiantes, una enfermedad devastadora que afecta a ovejas y cabras.<\/p>\n<p>Ayer se celebr\u00f3 el acto de inauguraci\u00f3n de esta asamblea anual, en la que intervino Vallat junto a los directores generales de la Organizaci\u00f3n Mundial de la Salud (OMS), Margaret Chan, y de la Organizaci\u00f3n de Naciones Unidas para la Agricultura y la Alimentaci\u00f3n (FAO), Jos\u00e9 Graziano da Silva.<\/p>\n<p>Chan destac\u00f3 que \u00abpara prevenir y controlar las enfermedades en la interfaz ser humano-animal, as\u00ed como para contener la amenaza de la resistencia a los agentes antimicrobianos, es fundamental una coordinaci\u00f3n multisectorial no s\u00f3lo a nivel mundial, sino tambi\u00e9n regional y nacional\u00bb.<\/p>\n<p>\u00abCon este fin, la OMS y la OIE han colaborado muy estrechamente con el apoyo del Banco Mundial y en el marco de la colaboraci\u00f3n tripartita entre la FAO, la OMS y la OIE\u00bb, a\u00f1adi\u00f3 Chan.<\/p>\n<p>En una l\u00ednea paralela, Da Silva record\u00f3 que \u00abla FAO y la OIE cuentan con un honroso historial de colaboraci\u00f3n en gran variedad de \u00e1mbitos, el m\u00e1s notable de los cuales tal vez sea la exitosa erradicaci\u00f3n de la peste bovina a nivel mundial\u00bb.<\/p>\n<p>El director general de la FAO hizo notar que ahora ambos organismos \u00abest\u00e1n reafirmando este esp\u00edritu de cooperaci\u00f3n y pretenden seguir luchando tanto por la salud humana como por la sanidad animal\u00bb.<\/p>\n","protected":false},"excerpt":{"rendered":"<p>Par\u00eds, 26 may (EFE).- La peste porcina africana y los programas oficiales de control de enfermedades animales son los temas desarrollados desde hoy en la sesi\u00f3n general de la asamblea de la Organizaci\u00f3n Mundial de Sanidad Animal (OIE). Los criterios y factores recomendados para fijar categor\u00edas y prioridades en las enfermedades de animales terrestres y<\/p>\n","protected":false},"author":1,"featured_media":13980,"comment_status":"open","ping_status":"closed","sticky":false,"template":"","format":"standard","meta":{"footnotes":""},"categories":[224],"tags":[],"class_list":{"0":"post-13979","1":"post","2":"type-post","3":"status-publish","4":"format-standard","5":"has-post-thumbnail","7":"category-noticias-actualidad"},"aioseo_notices":[],"aioseo_head":"\n\t\t<!-- All in One SEO Pro 4.9.6.1 - aioseo.com -->\n\t<meta name=\"description\" content=\"Par\u00eds, 26 may (EFE).- La peste porcina africana y los programas oficiales de control de enfermedades animales son los temas desarrollados desde hoy en la sesi\u00f3n general de la asamblea de la Organizaci\u00f3n Mundial de Sanidad Animal (OIE). Los criterios y factores recomendados para fijar categor\u00edas y prioridades en las enfermedades de animales terrestres y\" \/>\n\t<meta name=\"robots\" content=\"max-image-preview:large\" \/>\n\t<meta name=\"author\" content=\"admin\"\/>\n\t<meta name=\"google-site-verification\" content=\"UA-38556648-1\" \/>\n\t<meta name=\"keywords\" content=\"noticias y actualidad\" \/>\n\t<link rel=\"canonical\" href=\"https:\/\/eldigitaldeasturias.com\/magazine365\/la-peste-porcina-y-el-control-de-enfermedades-son-las-estrellas-de-la-oie\/\" \/>\n\t<meta name=\"generator\" content=\"All in One SEO Pro (AIOSEO) 4.9.6.1\" \/>\n\t\t<meta property=\"og:locale\" content=\"es_ES\" \/>\n\t\t<meta property=\"og:site_name\" content=\"El Digital de Asturias \u2013 Revista de ocio, turismo y estilo de vida\" \/>\n\t\t<meta property=\"og:type\" content=\"article\" \/>\n\t\t<meta property=\"og:title\" content=\"La peste porcina y el control de enfermedades son las estrellas de la OIE | El Digital de Asturias\" \/>\n\t\t<meta property=\"og:description\" content=\"Par\u00eds, 26 may (EFE).- La peste porcina africana y los programas oficiales de control de enfermedades animales son los temas desarrollados desde hoy en la sesi\u00f3n general de la asamblea de la Organizaci\u00f3n Mundial de Sanidad Animal (OIE). Los criterios y factores recomendados para fijar categor\u00edas y prioridades en las enfermedades de animales terrestres y\" \/>\n\t\t<meta property=\"og:url\" content=\"https:\/\/eldigitaldeasturias.com\/magazine365\/la-peste-porcina-y-el-control-de-enfermedades-son-las-estrellas-de-la-oie\/\" \/>\n\t\t<meta property=\"og:image\" content=\"https:\/\/eldigitaldeasturias.com\/magazine365\/wp-content\/uploads\/2014\/05\/6302190w.jpg\" \/>\n\t\t<meta property=\"og:image:secure_url\" content=\"https:\/\/eldigitaldeasturias.com\/magazine365\/wp-content\/uploads\/2014\/05\/6302190w.jpg\" \/>\n\t\t<meta property=\"og:image:width\" content=\"800\" \/>\n\t\t<meta property=\"og:image:height\" content=\"534\" \/>\n\t\t<meta property=\"article:published_time\" content=\"2014-05-26T21:43:58+00:00\" \/>\n\t\t<meta property=\"article:modified_time\" content=\"2014-05-26T21:43:59+00:00\" \/>\n\t\t<meta name=\"twitter:card\" content=\"summary_large_image\" \/>\n\t\t<meta name=\"twitter:title\" content=\"La peste porcina y el control de enfermedades son las estrellas de la OIE | El Digital de Asturias\" \/>\n\t\t<meta name=\"twitter:description\" content=\"Par\u00eds, 26 may (EFE).- La peste porcina africana y los programas oficiales de control de enfermedades animales son los temas desarrollados desde hoy en la sesi\u00f3n general de la asamblea de la Organizaci\u00f3n Mundial de Sanidad Animal (OIE). Los criterios y factores recomendados para fijar categor\u00edas y prioridades en las enfermedades de animales terrestres y\" \/>\n\t\t<meta name=\"twitter:image\" content=\"https:\/\/eldigitaldeasturias.com\/magazine365\/wp-content\/uploads\/2014\/05\/6302190w.jpg\" \/>\n\t\t<script type=\"application\/ld+json\" class=\"aioseo-schema\">\n\t\t\t{\"@context\":\"https:\\\/\\\/schema.org\",\"@graph\":[{\"@type\":\"Article\",\"@id\":\"https:\\\/\\\/eldigitaldeasturias.com\\\/magazine365\\\/la-peste-porcina-y-el-control-de-enfermedades-son-las-estrellas-de-la-oie\\\/#article\",\"name\":\"La peste porcina y el control de enfermedades son las estrellas de la OIE | El Digital de Asturias\",\"headline\":\"La peste porcina y el control de enfermedades son las estrellas de la OIE\",\"author\":{\"@id\":\"https:\\\/\\\/eldigitaldeasturias.com\\\/magazine365\\\/author\\\/admin\\\/#author\"},\"publisher\":{\"@id\":\"https:\\\/\\\/eldigitaldeasturias.com\\\/magazine365\\\/#organization\"},\"image\":{\"@type\":\"ImageObject\",\"url\":\"https:\\\/\\\/eldigitaldeasturias.com\\\/magazine365\\\/wp-content\\\/uploads\\\/2014\\\/05\\\/6302190w.jpg\",\"width\":800,\"height\":534},\"datePublished\":\"2014-05-26T19:43:58+02:00\",\"dateModified\":\"2014-05-26T19:43:59+02:00\",\"inLanguage\":\"es-ES\",\"mainEntityOfPage\":{\"@id\":\"https:\\\/\\\/eldigitaldeasturias.com\\\/magazine365\\\/la-peste-porcina-y-el-control-de-enfermedades-son-las-estrellas-de-la-oie\\\/#webpage\"},\"isPartOf\":{\"@id\":\"https:\\\/\\\/eldigitaldeasturias.com\\\/magazine365\\\/la-peste-porcina-y-el-control-de-enfermedades-son-las-estrellas-de-la-oie\\\/#webpage\"},\"articleSection\":\"Noticias y Actualidad\"},{\"@type\":\"BreadcrumbList\",\"@id\":\"https:\\\/\\\/eldigitaldeasturias.com\\\/magazine365\\\/la-peste-porcina-y-el-control-de-enfermedades-son-las-estrellas-de-la-oie\\\/#breadcrumblist\",\"itemListElement\":[{\"@type\":\"ListItem\",\"@id\":\"https:\\\/\\\/eldigitaldeasturias.com\\\/magazine365#listItem\",\"position\":1,\"name\":\"Home\",\"item\":\"https:\\\/\\\/eldigitaldeasturias.com\\\/magazine365\",\"nextItem\":{\"@type\":\"ListItem\",\"@id\":\"https:\\\/\\\/eldigitaldeasturias.com\\\/magazine365\\\/category\\\/noticias-actualidad\\\/#listItem\",\"name\":\"Noticias y Actualidad\"}},{\"@type\":\"ListItem\",\"@id\":\"https:\\\/\\\/eldigitaldeasturias.com\\\/magazine365\\\/category\\\/noticias-actualidad\\\/#listItem\",\"position\":2,\"name\":\"Noticias y Actualidad\",\"item\":\"https:\\\/\\\/eldigitaldeasturias.com\\\/magazine365\\\/category\\\/noticias-actualidad\\\/\",\"nextItem\":{\"@type\":\"ListItem\",\"@id\":\"https:\\\/\\\/eldigitaldeasturias.com\\\/magazine365\\\/la-peste-porcina-y-el-control-de-enfermedades-son-las-estrellas-de-la-oie\\\/#listItem\",\"name\":\"La peste porcina y el control de enfermedades son las estrellas de la OIE\"},\"previousItem\":{\"@type\":\"ListItem\",\"@id\":\"https:\\\/\\\/eldigitaldeasturias.com\\\/magazine365#listItem\",\"name\":\"Home\"}},{\"@type\":\"ListItem\",\"@id\":\"https:\\\/\\\/eldigitaldeasturias.com\\\/magazine365\\\/la-peste-porcina-y-el-control-de-enfermedades-son-las-estrellas-de-la-oie\\\/#listItem\",\"position\":3,\"name\":\"La peste porcina y el control de enfermedades son las estrellas de la OIE\",\"previousItem\":{\"@type\":\"ListItem\",\"@id\":\"https:\\\/\\\/eldigitaldeasturias.com\\\/magazine365\\\/category\\\/noticias-actualidad\\\/#listItem\",\"name\":\"Noticias y Actualidad\"}}]},{\"@type\":\"Organization\",\"@id\":\"https:\\\/\\\/eldigitaldeasturias.com\\\/magazine365\\\/#organization\",\"name\":\"El digital de Asturias\",\"description\":\"Revista de ocio, turismo y estilo de vida\",\"url\":\"https:\\\/\\\/eldigitaldeasturias.com\\\/magazine365\\\/\",\"logo\":{\"@type\":\"ImageObject\",\"url\":\"https:\\\/\\\/www.eldigitaldeasturias.com\\\/noticias\\\/wp-content\\\/uploads\\\/2020\\\/12\\\/EDA.jpg\",\"@id\":\"https:\\\/\\\/eldigitaldeasturias.com\\\/magazine365\\\/la-peste-porcina-y-el-control-de-enfermedades-son-las-estrellas-de-la-oie\\\/#organizationLogo\"},\"image\":{\"@id\":\"https:\\\/\\\/eldigitaldeasturias.com\\\/magazine365\\\/la-peste-porcina-y-el-control-de-enfermedades-son-las-estrellas-de-la-oie\\\/#organizationLogo\"}},{\"@type\":\"Person\",\"@id\":\"https:\\\/\\\/eldigitaldeasturias.com\\\/magazine365\\\/author\\\/admin\\\/#author\",\"url\":\"https:\\\/\\\/eldigitaldeasturias.com\\\/magazine365\\\/author\\\/admin\\\/\",\"name\":\"admin\",\"image\":{\"@type\":\"ImageObject\",\"@id\":\"https:\\\/\\\/eldigitaldeasturias.com\\\/magazine365\\\/la-peste-porcina-y-el-control-de-enfermedades-son-las-estrellas-de-la-oie\\\/#authorImage\",\"url\":\"https:\\\/\\\/eldigitaldeasturias.com\\\/magazine365\\\/wp-content\\\/litespeed\\\/avatar\\\/e571bcf59a0edd6fa6838245a470f2fe.jpg?ver=1776969259\",\"width\":96,\"height\":96,\"caption\":\"admin\"}},{\"@type\":\"WebPage\",\"@id\":\"https:\\\/\\\/eldigitaldeasturias.com\\\/magazine365\\\/la-peste-porcina-y-el-control-de-enfermedades-son-las-estrellas-de-la-oie\\\/#webpage\",\"url\":\"https:\\\/\\\/eldigitaldeasturias.com\\\/magazine365\\\/la-peste-porcina-y-el-control-de-enfermedades-son-las-estrellas-de-la-oie\\\/\",\"name\":\"La peste porcina y el control de enfermedades son las estrellas de la OIE | El Digital de Asturias\",\"description\":\"Par\\u00eds, 26 may (EFE).- La peste porcina africana y los programas oficiales de control de enfermedades animales son los temas desarrollados desde hoy en la sesi\\u00f3n general de la asamblea de la Organizaci\\u00f3n Mundial de Sanidad Animal (OIE). Los criterios y factores recomendados para fijar categor\\u00edas y prioridades en las enfermedades de animales terrestres y\",\"inLanguage\":\"es-ES\",\"isPartOf\":{\"@id\":\"https:\\\/\\\/eldigitaldeasturias.com\\\/magazine365\\\/#website\"},\"breadcrumb\":{\"@id\":\"https:\\\/\\\/eldigitaldeasturias.com\\\/magazine365\\\/la-peste-porcina-y-el-control-de-enfermedades-son-las-estrellas-de-la-oie\\\/#breadcrumblist\"},\"author\":{\"@id\":\"https:\\\/\\\/eldigitaldeasturias.com\\\/magazine365\\\/author\\\/admin\\\/#author\"},\"creator\":{\"@id\":\"https:\\\/\\\/eldigitaldeasturias.com\\\/magazine365\\\/author\\\/admin\\\/#author\"},\"image\":{\"@type\":\"ImageObject\",\"url\":\"https:\\\/\\\/eldigitaldeasturias.com\\\/magazine365\\\/wp-content\\\/uploads\\\/2014\\\/05\\\/6302190w.jpg\",\"@id\":\"https:\\\/\\\/eldigitaldeasturias.com\\\/magazine365\\\/la-peste-porcina-y-el-control-de-enfermedades-son-las-estrellas-de-la-oie\\\/#mainImage\",\"width\":800,\"height\":534},\"primaryImageOfPage\":{\"@id\":\"https:\\\/\\\/eldigitaldeasturias.com\\\/magazine365\\\/la-peste-porcina-y-el-control-de-enfermedades-son-las-estrellas-de-la-oie\\\/#mainImage\"},\"datePublished\":\"2014-05-26T19:43:58+02:00\",\"dateModified\":\"2014-05-26T19:43:59+02:00\"},{\"@type\":\"WebSite\",\"@id\":\"https:\\\/\\\/eldigitaldeasturias.com\\\/magazine365\\\/#website\",\"url\":\"https:\\\/\\\/eldigitaldeasturias.com\\\/magazine365\\\/\",\"name\":\"El Digital de Asturias\",\"description\":\"Revista de ocio, turismo y estilo de vida\",\"inLanguage\":\"es-ES\",\"publisher\":{\"@id\":\"https:\\\/\\\/eldigitaldeasturias.com\\\/magazine365\\\/#organization\"}}]}\n\t\t<\/script>\n\t\t<!-- All in One SEO Pro -->\r\n\t\t<title>La peste porcina y el control de enfermedades son las estrellas de la OIE | El Digital de Asturias<\/title>\n\n","aioseo_head_json":{"title":"La peste porcina y el control de enfermedades son las estrellas de la OIE | El Digital de Asturias","description":"Par\u00eds, 26 may (EFE).- La peste porcina africana y los programas oficiales de control de enfermedades animales son los temas desarrollados desde hoy en la sesi\u00f3n general de la asamblea de la Organizaci\u00f3n Mundial de Sanidad Animal (OIE). Los criterios y factores recomendados para fijar categor\u00edas y prioridades en las enfermedades de animales terrestres y","canonical_url":"https:\/\/eldigitaldeasturias.com\/magazine365\/la-peste-porcina-y-el-control-de-enfermedades-son-las-estrellas-de-la-oie\/","robots":"max-image-preview:large","keywords":"noticias y actualidad","webmasterTools":{"google-site-verification":"UA-38556648-1","miscellaneous":""},"schema":{"@context":"https:\/\/schema.org","@graph":[{"@type":"Article","@id":"https:\/\/eldigitaldeasturias.com\/magazine365\/la-peste-porcina-y-el-control-de-enfermedades-son-las-estrellas-de-la-oie\/#article","name":"La peste porcina y el control de enfermedades son las estrellas de la OIE | El Digital de Asturias","headline":"La peste porcina y el control de enfermedades son las estrellas de la OIE","author":{"@id":"https:\/\/eldigitaldeasturias.com\/magazine365\/author\/admin\/#author"},"publisher":{"@id":"https:\/\/eldigitaldeasturias.com\/magazine365\/#organization"},"image":{"@type":"ImageObject","url":"https:\/\/eldigitaldeasturias.com\/magazine365\/wp-content\/uploads\/2014\/05\/6302190w.jpg","width":800,"height":534},"datePublished":"2014-05-26T19:43:58+02:00","dateModified":"2014-05-26T19:43:59+02:00","inLanguage":"es-ES","mainEntityOfPage":{"@id":"https:\/\/eldigitaldeasturias.com\/magazine365\/la-peste-porcina-y-el-control-de-enfermedades-son-las-estrellas-de-la-oie\/#webpage"},"isPartOf":{"@id":"https:\/\/eldigitaldeasturias.com\/magazine365\/la-peste-porcina-y-el-control-de-enfermedades-son-las-estrellas-de-la-oie\/#webpage"},"articleSection":"Noticias y Actualidad"},{"@type":"BreadcrumbList","@id":"https:\/\/eldigitaldeasturias.com\/magazine365\/la-peste-porcina-y-el-control-de-enfermedades-son-las-estrellas-de-la-oie\/#breadcrumblist","itemListElement":[{"@type":"ListItem","@id":"https:\/\/eldigitaldeasturias.com\/magazine365#listItem","position":1,"name":"Home","item":"https:\/\/eldigitaldeasturias.com\/magazine365","nextItem":{"@type":"ListItem","@id":"https:\/\/eldigitaldeasturias.com\/magazine365\/category\/noticias-actualidad\/#listItem","name":"Noticias y Actualidad"}},{"@type":"ListItem","@id":"https:\/\/eldigitaldeasturias.com\/magazine365\/category\/noticias-actualidad\/#listItem","position":2,"name":"Noticias y Actualidad","item":"https:\/\/eldigitaldeasturias.com\/magazine365\/category\/noticias-actualidad\/","nextItem":{"@type":"ListItem","@id":"https:\/\/eldigitaldeasturias.com\/magazine365\/la-peste-porcina-y-el-control-de-enfermedades-son-las-estrellas-de-la-oie\/#listItem","name":"La peste porcina y el control de enfermedades son las estrellas de la OIE"},"previousItem":{"@type":"ListItem","@id":"https:\/\/eldigitaldeasturias.com\/magazine365#listItem","name":"Home"}},{"@type":"ListItem","@id":"https:\/\/eldigitaldeasturias.com\/magazine365\/la-peste-porcina-y-el-control-de-enfermedades-son-las-estrellas-de-la-oie\/#listItem","position":3,"name":"La peste porcina y el control de enfermedades son las estrellas de la OIE","previousItem":{"@type":"ListItem","@id":"https:\/\/eldigitaldeasturias.com\/magazine365\/category\/noticias-actualidad\/#listItem","name":"Noticias y Actualidad"}}]},{"@type":"Organization","@id":"https:\/\/eldigitaldeasturias.com\/magazine365\/#organization","name":"El digital de Asturias","description":"Revista de ocio, turismo y estilo de vida","url":"https:\/\/eldigitaldeasturias.com\/magazine365\/","logo":{"@type":"ImageObject","url":"https:\/\/www.eldigitaldeasturias.com\/noticias\/wp-content\/uploads\/2020\/12\/EDA.jpg","@id":"https:\/\/eldigitaldeasturias.com\/magazine365\/la-peste-porcina-y-el-control-de-enfermedades-son-las-estrellas-de-la-oie\/#organizationLogo"},"image":{"@id":"https:\/\/eldigitaldeasturias.com\/magazine365\/la-peste-porcina-y-el-control-de-enfermedades-son-las-estrellas-de-la-oie\/#organizationLogo"}},{"@type":"Person","@id":"https:\/\/eldigitaldeasturias.com\/magazine365\/author\/admin\/#author","url":"https:\/\/eldigitaldeasturias.com\/magazine365\/author\/admin\/","name":"admin","image":{"@type":"ImageObject","@id":"https:\/\/eldigitaldeasturias.com\/magazine365\/la-peste-porcina-y-el-control-de-enfermedades-son-las-estrellas-de-la-oie\/#authorImage","url":"https:\/\/eldigitaldeasturias.com\/magazine365\/wp-content\/litespeed\/avatar\/e571bcf59a0edd6fa6838245a470f2fe.jpg?ver=1776969259","width":96,"height":96,"caption":"admin"}},{"@type":"WebPage","@id":"https:\/\/eldigitaldeasturias.com\/magazine365\/la-peste-porcina-y-el-control-de-enfermedades-son-las-estrellas-de-la-oie\/#webpage","url":"https:\/\/eldigitaldeasturias.com\/magazine365\/la-peste-porcina-y-el-control-de-enfermedades-son-las-estrellas-de-la-oie\/","name":"La peste porcina y el control de enfermedades son las estrellas de la OIE | El Digital de Asturias","description":"Par\u00eds, 26 may (EFE).- La peste porcina africana y los programas oficiales de control de enfermedades animales son los temas desarrollados desde hoy en la sesi\u00f3n general de la asamblea de la Organizaci\u00f3n Mundial de Sanidad Animal (OIE). Los criterios y factores recomendados para fijar categor\u00edas y prioridades en las enfermedades de animales terrestres y","inLanguage":"es-ES","isPartOf":{"@id":"https:\/\/eldigitaldeasturias.com\/magazine365\/#website"},"breadcrumb":{"@id":"https:\/\/eldigitaldeasturias.com\/magazine365\/la-peste-porcina-y-el-control-de-enfermedades-son-las-estrellas-de-la-oie\/#breadcrumblist"},"author":{"@id":"https:\/\/eldigitaldeasturias.com\/magazine365\/author\/admin\/#author"},"creator":{"@id":"https:\/\/eldigitaldeasturias.com\/magazine365\/author\/admin\/#author"},"image":{"@type":"ImageObject","url":"https:\/\/eldigitaldeasturias.com\/magazine365\/wp-content\/uploads\/2014\/05\/6302190w.jpg","@id":"https:\/\/eldigitaldeasturias.com\/magazine365\/la-peste-porcina-y-el-control-de-enfermedades-son-las-estrellas-de-la-oie\/#mainImage","width":800,"height":534},"primaryImageOfPage":{"@id":"https:\/\/eldigitaldeasturias.com\/magazine365\/la-peste-porcina-y-el-control-de-enfermedades-son-las-estrellas-de-la-oie\/#mainImage"},"datePublished":"2014-05-26T19:43:58+02:00","dateModified":"2014-05-26T19:43:59+02:00"},{"@type":"WebSite","@id":"https:\/\/eldigitaldeasturias.com\/magazine365\/#website","url":"https:\/\/eldigitaldeasturias.com\/magazine365\/","name":"El Digital de Asturias","description":"Revista de ocio, turismo y estilo de vida","inLanguage":"es-ES","publisher":{"@id":"https:\/\/eldigitaldeasturias.com\/magazine365\/#organization"}}]},"og:locale":"es_ES","og:site_name":"El Digital de Asturias \u2013 Revista de ocio, turismo y estilo de vida","og:type":"article","og:title":"La peste porcina y el control de enfermedades son las estrellas de la OIE | El Digital de Asturias","og:description":"Par\u00eds, 26 may (EFE).- La peste porcina africana y los programas oficiales de control de enfermedades animales son los temas desarrollados desde hoy en la sesi\u00f3n general de la asamblea de la Organizaci\u00f3n Mundial de Sanidad Animal (OIE). Los criterios y factores recomendados para fijar categor\u00edas y prioridades en las enfermedades de animales terrestres y","og:url":"https:\/\/eldigitaldeasturias.com\/magazine365\/la-peste-porcina-y-el-control-de-enfermedades-son-las-estrellas-de-la-oie\/","og:image":"https:\/\/eldigitaldeasturias.com\/magazine365\/wp-content\/uploads\/2014\/05\/6302190w.jpg","og:image:secure_url":"https:\/\/eldigitaldeasturias.com\/magazine365\/wp-content\/uploads\/2014\/05\/6302190w.jpg","og:image:width":800,"og:image:height":534,"article:published_time":"2014-05-26T21:43:58+00:00","article:modified_time":"2014-05-26T21:43:59+00:00","twitter:card":"summary_large_image","twitter:title":"La peste porcina y el control de enfermedades son las estrellas de la OIE | El Digital de Asturias","twitter:description":"Par\u00eds, 26 may (EFE).- La peste porcina africana y los programas oficiales de control de enfermedades animales son los temas desarrollados desde hoy en la sesi\u00f3n general de la asamblea de la Organizaci\u00f3n Mundial de Sanidad Animal (OIE). Los criterios y factores recomendados para fijar categor\u00edas y prioridades en las enfermedades de animales terrestres y","twitter:image":"https:\/\/eldigitaldeasturias.com\/magazine365\/wp-content\/uploads\/2014\/05\/6302190w.jpg"},"aioseo_meta_data":{"post_id":"13979","title":null,"description":null,"keywords":null,"keyphrases":null,"primary_term":null,"canonical_url":null,"og_title":null,"og_description":null,"og_object_type":"default","og_image_type":"default","og_image_url":null,"og_image_width":null,"og_image_height":null,"og_image_custom_url":null,"og_image_custom_fields":null,"og_video":null,"og_custom_url":null,"og_article_section":null,"og_article_tags":null,"twitter_use_og":false,"twitter_card":"default","twitter_image_type":"default","twitter_image_url":null,"twitter_image_custom_url":null,"twitter_image_custom_fields":null,"twitter_title":null,"twitter_description":null,"schema":{"blockGraphs":[],"customGraphs":[],"default":{"data":{"Article":[],"Course":[],"Dataset":[],"FAQPage":[],"Movie":[],"Person":[],"Product":[],"ProductReview":[],"Car":[],"Recipe":[],"Service":[],"SoftwareApplication":[],"WebPage":[]},"graphName":"","isEnabled":true},"graphs":[],"defaultGraph":"","defaultPostTypeGraph":""},"schema_type":null,"schema_type_options":null,"pillar_content":false,"robots_default":true,"robots_noindex":false,"robots_noarchive":false,"robots_nosnippet":false,"robots_nofollow":false,"robots_noimageindex":false,"robots_noodp":false,"robots_notranslate":false,"robots_max_snippet":null,"robots_max_videopreview":null,"robots_max_imagepreview":"large","priority":null,"frequency":null,"location":null,"local_seo":null,"seo_analyzer_scan_date":"2025-09-17 09:18:12","breadcrumb_settings":null,"limit_modified_date":false,"open_ai":null,"ai":null,"created":"2021-03-09 08:21:40","updated":"2025-09-17 09:18:12"},"aioseo_breadcrumb":"<div class=\"aioseo-breadcrumbs\"><span class=\"aioseo-breadcrumb\">\n\t<a href=\"https:\/\/eldigitaldeasturias.com\/magazine365\" title=\"Home\">Home<\/a>\n<\/span><span class=\"aioseo-breadcrumb-separator\">\u2013<\/span><span class=\"aioseo-breadcrumb\">\n\t<a href=\"https:\/\/eldigitaldeasturias.com\/magazine365\/category\/noticias-actualidad\/\" title=\"Noticias y Actualidad\">Noticias y Actualidad<\/a>\n<\/span><span class=\"aioseo-breadcrumb-separator\">\u2013<\/span><span class=\"aioseo-breadcrumb\">\n\t<a href=\"https:\/\/eldigitaldeasturias.com\/magazine365\/la-peste-porcina-y-el-control-de-enfermedades-son-las-estrellas-de-la-oie\/\" title=\"La peste porcina y el control de enfermedades son las estrellas de la OIE\">La peste porcina y el control de enfermedades son las estrellas de la OIE<\/a>\n<\/span><\/div>","aioseo_breadcrumb_json":[{"label":"Home","link":"https:\/\/eldigitaldeasturias.com\/magazine365"},{"label":"Noticias y Actualidad","link":"https:\/\/eldigitaldeasturias.com\/magazine365\/category\/noticias-actualidad\/"},{"label":"La peste porcina y el control de enfermedades son las estrellas de la OIE","link":"https:\/\/eldigitaldeasturias.com\/magazine365\/la-peste-porcina-y-el-control-de-enfermedades-son-las-estrellas-de-la-oie\/"}],"_links":{"self":[{"href":"https:\/\/eldigitaldeasturias.com\/magazine365\/wp-json\/wp\/v2\/posts\/13979","targetHints":{"allow":["GET"]}}],"collection":[{"href":"https:\/\/eldigitaldeasturias.com\/magazine365\/wp-json\/wp\/v2\/posts"}],"about":[{"href":"https:\/\/eldigitaldeasturias.com\/magazine365\/wp-json\/wp\/v2\/types\/post"}],"author":[{"embeddable":true,"href":"https:\/\/eldigitaldeasturias.com\/magazine365\/wp-json\/wp\/v2\/users\/1"}],"replies":[{"embeddable":true,"href":"https:\/\/eldigitaldeasturias.com\/magazine365\/wp-json\/wp\/v2\/comments?post=13979"}],"version-history":[{"count":0,"href":"https:\/\/eldigitaldeasturias.com\/magazine365\/wp-json\/wp\/v2\/posts\/13979\/revisions"}],"wp:featuredmedia":[{"embeddable":true,"href":"https:\/\/eldigitaldeasturias.com\/magazine365\/wp-json\/wp\/v2\/media\/13980"}],"wp:attachment":[{"href":"https:\/\/eldigitaldeasturias.com\/magazine365\/wp-json\/wp\/v2\/media?parent=13979"}],"wp:term":[{"taxonomy":"category","embeddable":true,"href":"https:\/\/eldigitaldeasturias.com\/magazine365\/wp-json\/wp\/v2\/categories?post=13979"},{"taxonomy":"post_tag","embeddable":true,"href":"https:\/\/eldigitaldeasturias.com\/magazine365\/wp-json\/wp\/v2\/tags?post=13979"}],"curies":[{"name":"wp","href":"https:\/\/api.w.org\/{rel}","templated":true}]}}