{"id":13973,"date":"2014-05-26T19:38:55","date_gmt":"2014-05-26T21:38:55","guid":{"rendered":"http:\/\/eldigitaldeasturias.com\/magazine365\/?p=13973"},"modified":"2014-05-26T19:38:55","modified_gmt":"2014-05-26T21:38:55","slug":"los-stones-reanudan-hoy-en-oslo-su-gira-mundial-tras-dos-meses-de-paron","status":"publish","type":"post","link":"https:\/\/eldigitaldeasturias.com\/magazine365\/los-stones-reanudan-hoy-en-oslo-su-gira-mundial-tras-dos-meses-de-paron\/","title":{"rendered":"Los Stones reanudan hoy en Oslo su gira mundial tras dos meses de par\u00f3n"},"content":{"rendered":"<p><img fetchpriority=\"high\" decoding=\"async\" class=\"alignleft size-medium wp-image-13974\" alt=\"6302011w\" src=\"https:\/\/eldigitaldeasturias.com\/magazine365\/wp-content\/uploads\/2014\/05\/6302011w-360x259.jpg\" width=\"360\" height=\"259\" \/>Copenhague, 26 may (EFE).- Los Rolling Stones reanudan hoy en Oslo su gira mundial despu\u00e9s de dos meses de par\u00f3n debido al suicidio de L&#8217;Wren Scott, la pareja durante los \u00faltimos trece a\u00f1os del cantante del grupo, Mick Jagger.<\/p>\n<p>La muerte de la dise\u00f1adora el pasado 17 de marzo en su apartamento de Nueva York oblig\u00f3 a suspender las actuaciones en Australia y en Nueva Zelanda de la veterana banda de rock, con m\u00e1s de medio siglo sobre los escenarios.<\/p>\n<p>El concierto en el Telenor Arena de Oslo ser\u00e1 el primero de catorce en pa\u00edses europeos, que incluir\u00e1n, por ejemplo, actuaciones en Lisboa (29 de mayo), Par\u00eds (13 de junio) y el Festival de Roskilde (Dinamarca, 3 de julio).<\/p>\n<p>Los \u00abStones\u00bb est\u00e1n en Noruega desde el martes pasado, pero su estancia en este pa\u00eds n\u00f3rdico ha estado marcada por la discreci\u00f3n y apenas se ha visto alguna foto de Ronnie Wood en una limusina despu\u00e9s de uno de los ensayos del grupo.<\/p>\n<p>Otra imagen colgada por el propio Keith Richards en su cuenta de la red social Instagram revel\u00f3 un encuentro en la capital noruega con Steven van Zandt, guitarrista de la E Street Band, el grupo que acompa\u00f1a a Bruce Springsteen y viejo amigo del grupo.<\/p>\n<p>\u00abLittle Steven\u00bb, que ya ejerci\u00f3 de actor por ejemplo en \u00abLos Soprano\u00bb, se encuentra en Oslo rodando nuevos episodios de la serie \u00abLilyhammer\u00bb, ambientada en Noruega.<\/p>\n<p>\u00abNo lo veo con suficiente frecuencia. Desear\u00eda que pas\u00e1ramos m\u00e1s tiempo juntos, pero cada uno tiene sus ocupaciones. Nuestros caminos se cruzan de vez en cuando y siempre es divertido. Es un buen amigo\u00bb, dijo sobre Richards a \u00abDagbladet\u00bb Van Zandt.<\/p>\n<p>Seg\u00fan este peri\u00f3dico, \u00abLittle Steven\u00bb sali\u00f3 a cenar el s\u00e1bado por la noche con Jagger, Ronnie Wood y la esposa de \u00e9ste a un conocido local de la capital noruega.<\/p>\n<p>La inactividad forzada de estos meses ha hecho aparentemente mella en el septuagenario Jagger, que de acuerdo con \u00abDagbladet\u00bb ha recibido varias clases durante su estancia en Oslo de Charles Klapow, un core\u00f3grafo que trabaj\u00f3 con Michael Jackson.<\/p>\n<p>El concierto en el Telenor Arena, cuyas 20.000 localidades se agotaron en 13 minutos, ser\u00e1 la octava visita a Noruega de los Stones, que hace casi 49 a\u00f1os tocaron por primera vez en Oslo.<\/p>\n","protected":false},"excerpt":{"rendered":"<p>Copenhague, 26 may (EFE).- Los Rolling Stones reanudan hoy en Oslo su gira mundial despu\u00e9s de dos meses de par\u00f3n debido al suicidio de L&#8217;Wren Scott, la pareja durante los \u00faltimos trece a\u00f1os del cantante del grupo, Mick Jagger. La muerte de la dise\u00f1adora el pasado 17 de marzo en su apartamento de Nueva York<\/p>\n","protected":false},"author":1,"featured_media":13974,"comment_status":"open","ping_status":"closed","sticky":false,"template":"","format":"standard","meta":{"footnotes":""},"categories":[224],"tags":[],"class_list":{"0":"post-13973","1":"post","2":"type-post","3":"status-publish","4":"format-standard","5":"has-post-thumbnail","7":"category-noticias-actualidad"},"aioseo_notices":[],"aioseo_head":"\n\t\t<!-- All in One SEO Pro 4.9.6.1 - aioseo.com -->\n\t<meta name=\"description\" content=\"Copenhague, 26 may (EFE).- Los Rolling Stones reanudan hoy en Oslo su gira mundial despu\u00e9s de dos meses de par\u00f3n debido al suicidio de L&#039;Wren Scott, la pareja durante los \u00faltimos trece a\u00f1os del cantante del grupo, Mick Jagger. La muerte de la dise\u00f1adora el pasado 17 de marzo en su apartamento de Nueva York\" \/>\n\t<meta name=\"robots\" content=\"max-image-preview:large\" \/>\n\t<meta name=\"author\" content=\"admin\"\/>\n\t<meta name=\"google-site-verification\" content=\"UA-38556648-1\" \/>\n\t<meta name=\"keywords\" content=\"noticias y actualidad\" \/>\n\t<link rel=\"canonical\" href=\"https:\/\/eldigitaldeasturias.com\/magazine365\/los-stones-reanudan-hoy-en-oslo-su-gira-mundial-tras-dos-meses-de-paron\/\" \/>\n\t<meta name=\"generator\" content=\"All in One SEO Pro (AIOSEO) 4.9.6.1\" \/>\n\t\t<meta property=\"og:locale\" content=\"es_ES\" \/>\n\t\t<meta property=\"og:site_name\" content=\"El Digital de Asturias \u2013 Revista de ocio, turismo y estilo de vida\" \/>\n\t\t<meta property=\"og:type\" content=\"article\" \/>\n\t\t<meta property=\"og:title\" content=\"Los Stones reanudan hoy en Oslo su gira mundial tras dos meses de par\u00f3n | El Digital de Asturias\" \/>\n\t\t<meta property=\"og:description\" content=\"Copenhague, 26 may (EFE).- Los Rolling Stones reanudan hoy en Oslo su gira mundial despu\u00e9s de dos meses de par\u00f3n debido al suicidio de L&#039;Wren Scott, la pareja durante los \u00faltimos trece a\u00f1os del cantante del grupo, Mick Jagger. La muerte de la dise\u00f1adora el pasado 17 de marzo en su apartamento de Nueva York\" \/>\n\t\t<meta property=\"og:url\" content=\"https:\/\/eldigitaldeasturias.com\/magazine365\/los-stones-reanudan-hoy-en-oslo-su-gira-mundial-tras-dos-meses-de-paron\/\" \/>\n\t\t<meta property=\"og:image\" content=\"https:\/\/eldigitaldeasturias.com\/magazine365\/wp-content\/uploads\/2014\/05\/6302011w.jpg\" \/>\n\t\t<meta property=\"og:image:secure_url\" content=\"https:\/\/eldigitaldeasturias.com\/magazine365\/wp-content\/uploads\/2014\/05\/6302011w.jpg\" \/>\n\t\t<meta property=\"og:image:width\" content=\"800\" \/>\n\t\t<meta property=\"og:image:height\" content=\"577\" \/>\n\t\t<meta property=\"article:published_time\" content=\"2014-05-26T21:38:55+00:00\" \/>\n\t\t<meta property=\"article:modified_time\" content=\"2014-05-26T21:38:55+00:00\" \/>\n\t\t<meta name=\"twitter:card\" content=\"summary_large_image\" \/>\n\t\t<meta name=\"twitter:title\" content=\"Los Stones reanudan hoy en Oslo su gira mundial tras dos meses de par\u00f3n | El Digital de Asturias\" \/>\n\t\t<meta name=\"twitter:description\" content=\"Copenhague, 26 may (EFE).- Los Rolling Stones reanudan hoy en Oslo su gira mundial despu\u00e9s de dos meses de par\u00f3n debido al suicidio de L&#039;Wren Scott, la pareja durante los \u00faltimos trece a\u00f1os del cantante del grupo, Mick Jagger. La muerte de la dise\u00f1adora el pasado 17 de marzo en su apartamento de Nueva York\" \/>\n\t\t<meta name=\"twitter:image\" content=\"https:\/\/eldigitaldeasturias.com\/magazine365\/wp-content\/uploads\/2014\/05\/6302011w.jpg\" \/>\n\t\t<script type=\"application\/ld+json\" class=\"aioseo-schema\">\n\t\t\t{\"@context\":\"https:\\\/\\\/schema.org\",\"@graph\":[{\"@type\":\"Article\",\"@id\":\"https:\\\/\\\/eldigitaldeasturias.com\\\/magazine365\\\/los-stones-reanudan-hoy-en-oslo-su-gira-mundial-tras-dos-meses-de-paron\\\/#article\",\"name\":\"Los Stones reanudan hoy en Oslo su gira mundial tras dos meses de par\\u00f3n | El Digital de Asturias\",\"headline\":\"Los Stones reanudan hoy en Oslo su gira mundial tras dos meses de par\\u00f3n\",\"author\":{\"@id\":\"https:\\\/\\\/eldigitaldeasturias.com\\\/magazine365\\\/author\\\/admin\\\/#author\"},\"publisher\":{\"@id\":\"https:\\\/\\\/eldigitaldeasturias.com\\\/magazine365\\\/#organization\"},\"image\":{\"@type\":\"ImageObject\",\"url\":\"https:\\\/\\\/eldigitaldeasturias.com\\\/magazine365\\\/wp-content\\\/uploads\\\/2014\\\/05\\\/6302011w.jpg\",\"width\":800,\"height\":577},\"datePublished\":\"2014-05-26T19:38:55+02:00\",\"dateModified\":\"2014-05-26T19:38:55+02:00\",\"inLanguage\":\"es-ES\",\"mainEntityOfPage\":{\"@id\":\"https:\\\/\\\/eldigitaldeasturias.com\\\/magazine365\\\/los-stones-reanudan-hoy-en-oslo-su-gira-mundial-tras-dos-meses-de-paron\\\/#webpage\"},\"isPartOf\":{\"@id\":\"https:\\\/\\\/eldigitaldeasturias.com\\\/magazine365\\\/los-stones-reanudan-hoy-en-oslo-su-gira-mundial-tras-dos-meses-de-paron\\\/#webpage\"},\"articleSection\":\"Noticias y Actualidad\"},{\"@type\":\"BreadcrumbList\",\"@id\":\"https:\\\/\\\/eldigitaldeasturias.com\\\/magazine365\\\/los-stones-reanudan-hoy-en-oslo-su-gira-mundial-tras-dos-meses-de-paron\\\/#breadcrumblist\",\"itemListElement\":[{\"@type\":\"ListItem\",\"@id\":\"https:\\\/\\\/eldigitaldeasturias.com\\\/magazine365#listItem\",\"position\":1,\"name\":\"Home\",\"item\":\"https:\\\/\\\/eldigitaldeasturias.com\\\/magazine365\",\"nextItem\":{\"@type\":\"ListItem\",\"@id\":\"https:\\\/\\\/eldigitaldeasturias.com\\\/magazine365\\\/category\\\/noticias-actualidad\\\/#listItem\",\"name\":\"Noticias y Actualidad\"}},{\"@type\":\"ListItem\",\"@id\":\"https:\\\/\\\/eldigitaldeasturias.com\\\/magazine365\\\/category\\\/noticias-actualidad\\\/#listItem\",\"position\":2,\"name\":\"Noticias y Actualidad\",\"item\":\"https:\\\/\\\/eldigitaldeasturias.com\\\/magazine365\\\/category\\\/noticias-actualidad\\\/\",\"nextItem\":{\"@type\":\"ListItem\",\"@id\":\"https:\\\/\\\/eldigitaldeasturias.com\\\/magazine365\\\/los-stones-reanudan-hoy-en-oslo-su-gira-mundial-tras-dos-meses-de-paron\\\/#listItem\",\"name\":\"Los Stones reanudan hoy en Oslo su gira mundial tras dos meses de par\\u00f3n\"},\"previousItem\":{\"@type\":\"ListItem\",\"@id\":\"https:\\\/\\\/eldigitaldeasturias.com\\\/magazine365#listItem\",\"name\":\"Home\"}},{\"@type\":\"ListItem\",\"@id\":\"https:\\\/\\\/eldigitaldeasturias.com\\\/magazine365\\\/los-stones-reanudan-hoy-en-oslo-su-gira-mundial-tras-dos-meses-de-paron\\\/#listItem\",\"position\":3,\"name\":\"Los Stones reanudan hoy en Oslo su gira mundial tras dos meses de par\\u00f3n\",\"previousItem\":{\"@type\":\"ListItem\",\"@id\":\"https:\\\/\\\/eldigitaldeasturias.com\\\/magazine365\\\/category\\\/noticias-actualidad\\\/#listItem\",\"name\":\"Noticias y Actualidad\"}}]},{\"@type\":\"Organization\",\"@id\":\"https:\\\/\\\/eldigitaldeasturias.com\\\/magazine365\\\/#organization\",\"name\":\"El digital de Asturias\",\"description\":\"Revista de ocio, turismo y estilo de vida\",\"url\":\"https:\\\/\\\/eldigitaldeasturias.com\\\/magazine365\\\/\",\"logo\":{\"@type\":\"ImageObject\",\"url\":\"https:\\\/\\\/www.eldigitaldeasturias.com\\\/noticias\\\/wp-content\\\/uploads\\\/2020\\\/12\\\/EDA.jpg\",\"@id\":\"https:\\\/\\\/eldigitaldeasturias.com\\\/magazine365\\\/los-stones-reanudan-hoy-en-oslo-su-gira-mundial-tras-dos-meses-de-paron\\\/#organizationLogo\"},\"image\":{\"@id\":\"https:\\\/\\\/eldigitaldeasturias.com\\\/magazine365\\\/los-stones-reanudan-hoy-en-oslo-su-gira-mundial-tras-dos-meses-de-paron\\\/#organizationLogo\"}},{\"@type\":\"Person\",\"@id\":\"https:\\\/\\\/eldigitaldeasturias.com\\\/magazine365\\\/author\\\/admin\\\/#author\",\"url\":\"https:\\\/\\\/eldigitaldeasturias.com\\\/magazine365\\\/author\\\/admin\\\/\",\"name\":\"admin\",\"image\":{\"@type\":\"ImageObject\",\"@id\":\"https:\\\/\\\/eldigitaldeasturias.com\\\/magazine365\\\/los-stones-reanudan-hoy-en-oslo-su-gira-mundial-tras-dos-meses-de-paron\\\/#authorImage\",\"url\":\"https:\\\/\\\/eldigitaldeasturias.com\\\/magazine365\\\/wp-content\\\/litespeed\\\/avatar\\\/e571bcf59a0edd6fa6838245a470f2fe.jpg?ver=1776969259\",\"width\":96,\"height\":96,\"caption\":\"admin\"}},{\"@type\":\"WebPage\",\"@id\":\"https:\\\/\\\/eldigitaldeasturias.com\\\/magazine365\\\/los-stones-reanudan-hoy-en-oslo-su-gira-mundial-tras-dos-meses-de-paron\\\/#webpage\",\"url\":\"https:\\\/\\\/eldigitaldeasturias.com\\\/magazine365\\\/los-stones-reanudan-hoy-en-oslo-su-gira-mundial-tras-dos-meses-de-paron\\\/\",\"name\":\"Los Stones reanudan hoy en Oslo su gira mundial tras dos meses de par\\u00f3n | El Digital de Asturias\",\"description\":\"Copenhague, 26 may (EFE).- Los Rolling Stones reanudan hoy en Oslo su gira mundial despu\\u00e9s de dos meses de par\\u00f3n debido al suicidio de L'Wren Scott, la pareja durante los \\u00faltimos trece a\\u00f1os del cantante del grupo, Mick Jagger. La muerte de la dise\\u00f1adora el pasado 17 de marzo en su apartamento de Nueva York\",\"inLanguage\":\"es-ES\",\"isPartOf\":{\"@id\":\"https:\\\/\\\/eldigitaldeasturias.com\\\/magazine365\\\/#website\"},\"breadcrumb\":{\"@id\":\"https:\\\/\\\/eldigitaldeasturias.com\\\/magazine365\\\/los-stones-reanudan-hoy-en-oslo-su-gira-mundial-tras-dos-meses-de-paron\\\/#breadcrumblist\"},\"author\":{\"@id\":\"https:\\\/\\\/eldigitaldeasturias.com\\\/magazine365\\\/author\\\/admin\\\/#author\"},\"creator\":{\"@id\":\"https:\\\/\\\/eldigitaldeasturias.com\\\/magazine365\\\/author\\\/admin\\\/#author\"},\"image\":{\"@type\":\"ImageObject\",\"url\":\"https:\\\/\\\/eldigitaldeasturias.com\\\/magazine365\\\/wp-content\\\/uploads\\\/2014\\\/05\\\/6302011w.jpg\",\"@id\":\"https:\\\/\\\/eldigitaldeasturias.com\\\/magazine365\\\/los-stones-reanudan-hoy-en-oslo-su-gira-mundial-tras-dos-meses-de-paron\\\/#mainImage\",\"width\":800,\"height\":577},\"primaryImageOfPage\":{\"@id\":\"https:\\\/\\\/eldigitaldeasturias.com\\\/magazine365\\\/los-stones-reanudan-hoy-en-oslo-su-gira-mundial-tras-dos-meses-de-paron\\\/#mainImage\"},\"datePublished\":\"2014-05-26T19:38:55+02:00\",\"dateModified\":\"2014-05-26T19:38:55+02:00\"},{\"@type\":\"WebSite\",\"@id\":\"https:\\\/\\\/eldigitaldeasturias.com\\\/magazine365\\\/#website\",\"url\":\"https:\\\/\\\/eldigitaldeasturias.com\\\/magazine365\\\/\",\"name\":\"El Digital de Asturias\",\"description\":\"Revista de ocio, turismo y estilo de vida\",\"inLanguage\":\"es-ES\",\"publisher\":{\"@id\":\"https:\\\/\\\/eldigitaldeasturias.com\\\/magazine365\\\/#organization\"}}]}\n\t\t<\/script>\n\t\t<!-- All in One SEO Pro -->\r\n\t\t<title>Los Stones reanudan hoy en Oslo su gira mundial tras dos meses de par\u00f3n | El Digital de Asturias<\/title>\n\n","aioseo_head_json":{"title":"Los Stones reanudan hoy en Oslo su gira mundial tras dos meses de par\u00f3n | El Digital de Asturias","description":"Copenhague, 26 may (EFE).- Los Rolling Stones reanudan hoy en Oslo su gira mundial despu\u00e9s de dos meses de par\u00f3n debido al suicidio de L'Wren Scott, la pareja durante los \u00faltimos trece a\u00f1os del cantante del grupo, Mick Jagger. La muerte de la dise\u00f1adora el pasado 17 de marzo en su apartamento de Nueva York","canonical_url":"https:\/\/eldigitaldeasturias.com\/magazine365\/los-stones-reanudan-hoy-en-oslo-su-gira-mundial-tras-dos-meses-de-paron\/","robots":"max-image-preview:large","keywords":"noticias y actualidad","webmasterTools":{"google-site-verification":"UA-38556648-1","miscellaneous":""},"schema":{"@context":"https:\/\/schema.org","@graph":[{"@type":"Article","@id":"https:\/\/eldigitaldeasturias.com\/magazine365\/los-stones-reanudan-hoy-en-oslo-su-gira-mundial-tras-dos-meses-de-paron\/#article","name":"Los Stones reanudan hoy en Oslo su gira mundial tras dos meses de par\u00f3n | El Digital de Asturias","headline":"Los Stones reanudan hoy en Oslo su gira mundial tras dos meses de par\u00f3n","author":{"@id":"https:\/\/eldigitaldeasturias.com\/magazine365\/author\/admin\/#author"},"publisher":{"@id":"https:\/\/eldigitaldeasturias.com\/magazine365\/#organization"},"image":{"@type":"ImageObject","url":"https:\/\/eldigitaldeasturias.com\/magazine365\/wp-content\/uploads\/2014\/05\/6302011w.jpg","width":800,"height":577},"datePublished":"2014-05-26T19:38:55+02:00","dateModified":"2014-05-26T19:38:55+02:00","inLanguage":"es-ES","mainEntityOfPage":{"@id":"https:\/\/eldigitaldeasturias.com\/magazine365\/los-stones-reanudan-hoy-en-oslo-su-gira-mundial-tras-dos-meses-de-paron\/#webpage"},"isPartOf":{"@id":"https:\/\/eldigitaldeasturias.com\/magazine365\/los-stones-reanudan-hoy-en-oslo-su-gira-mundial-tras-dos-meses-de-paron\/#webpage"},"articleSection":"Noticias y Actualidad"},{"@type":"BreadcrumbList","@id":"https:\/\/eldigitaldeasturias.com\/magazine365\/los-stones-reanudan-hoy-en-oslo-su-gira-mundial-tras-dos-meses-de-paron\/#breadcrumblist","itemListElement":[{"@type":"ListItem","@id":"https:\/\/eldigitaldeasturias.com\/magazine365#listItem","position":1,"name":"Home","item":"https:\/\/eldigitaldeasturias.com\/magazine365","nextItem":{"@type":"ListItem","@id":"https:\/\/eldigitaldeasturias.com\/magazine365\/category\/noticias-actualidad\/#listItem","name":"Noticias y Actualidad"}},{"@type":"ListItem","@id":"https:\/\/eldigitaldeasturias.com\/magazine365\/category\/noticias-actualidad\/#listItem","position":2,"name":"Noticias y Actualidad","item":"https:\/\/eldigitaldeasturias.com\/magazine365\/category\/noticias-actualidad\/","nextItem":{"@type":"ListItem","@id":"https:\/\/eldigitaldeasturias.com\/magazine365\/los-stones-reanudan-hoy-en-oslo-su-gira-mundial-tras-dos-meses-de-paron\/#listItem","name":"Los Stones reanudan hoy en Oslo su gira mundial tras dos meses de par\u00f3n"},"previousItem":{"@type":"ListItem","@id":"https:\/\/eldigitaldeasturias.com\/magazine365#listItem","name":"Home"}},{"@type":"ListItem","@id":"https:\/\/eldigitaldeasturias.com\/magazine365\/los-stones-reanudan-hoy-en-oslo-su-gira-mundial-tras-dos-meses-de-paron\/#listItem","position":3,"name":"Los Stones reanudan hoy en Oslo su gira mundial tras dos meses de par\u00f3n","previousItem":{"@type":"ListItem","@id":"https:\/\/eldigitaldeasturias.com\/magazine365\/category\/noticias-actualidad\/#listItem","name":"Noticias y Actualidad"}}]},{"@type":"Organization","@id":"https:\/\/eldigitaldeasturias.com\/magazine365\/#organization","name":"El digital de Asturias","description":"Revista de ocio, turismo y estilo de vida","url":"https:\/\/eldigitaldeasturias.com\/magazine365\/","logo":{"@type":"ImageObject","url":"https:\/\/www.eldigitaldeasturias.com\/noticias\/wp-content\/uploads\/2020\/12\/EDA.jpg","@id":"https:\/\/eldigitaldeasturias.com\/magazine365\/los-stones-reanudan-hoy-en-oslo-su-gira-mundial-tras-dos-meses-de-paron\/#organizationLogo"},"image":{"@id":"https:\/\/eldigitaldeasturias.com\/magazine365\/los-stones-reanudan-hoy-en-oslo-su-gira-mundial-tras-dos-meses-de-paron\/#organizationLogo"}},{"@type":"Person","@id":"https:\/\/eldigitaldeasturias.com\/magazine365\/author\/admin\/#author","url":"https:\/\/eldigitaldeasturias.com\/magazine365\/author\/admin\/","name":"admin","image":{"@type":"ImageObject","@id":"https:\/\/eldigitaldeasturias.com\/magazine365\/los-stones-reanudan-hoy-en-oslo-su-gira-mundial-tras-dos-meses-de-paron\/#authorImage","url":"https:\/\/eldigitaldeasturias.com\/magazine365\/wp-content\/litespeed\/avatar\/e571bcf59a0edd6fa6838245a470f2fe.jpg?ver=1776969259","width":96,"height":96,"caption":"admin"}},{"@type":"WebPage","@id":"https:\/\/eldigitaldeasturias.com\/magazine365\/los-stones-reanudan-hoy-en-oslo-su-gira-mundial-tras-dos-meses-de-paron\/#webpage","url":"https:\/\/eldigitaldeasturias.com\/magazine365\/los-stones-reanudan-hoy-en-oslo-su-gira-mundial-tras-dos-meses-de-paron\/","name":"Los Stones reanudan hoy en Oslo su gira mundial tras dos meses de par\u00f3n | El Digital de Asturias","description":"Copenhague, 26 may (EFE).- Los Rolling Stones reanudan hoy en Oslo su gira mundial despu\u00e9s de dos meses de par\u00f3n debido al suicidio de L'Wren Scott, la pareja durante los \u00faltimos trece a\u00f1os del cantante del grupo, Mick Jagger. La muerte de la dise\u00f1adora el pasado 17 de marzo en su apartamento de Nueva York","inLanguage":"es-ES","isPartOf":{"@id":"https:\/\/eldigitaldeasturias.com\/magazine365\/#website"},"breadcrumb":{"@id":"https:\/\/eldigitaldeasturias.com\/magazine365\/los-stones-reanudan-hoy-en-oslo-su-gira-mundial-tras-dos-meses-de-paron\/#breadcrumblist"},"author":{"@id":"https:\/\/eldigitaldeasturias.com\/magazine365\/author\/admin\/#author"},"creator":{"@id":"https:\/\/eldigitaldeasturias.com\/magazine365\/author\/admin\/#author"},"image":{"@type":"ImageObject","url":"https:\/\/eldigitaldeasturias.com\/magazine365\/wp-content\/uploads\/2014\/05\/6302011w.jpg","@id":"https:\/\/eldigitaldeasturias.com\/magazine365\/los-stones-reanudan-hoy-en-oslo-su-gira-mundial-tras-dos-meses-de-paron\/#mainImage","width":800,"height":577},"primaryImageOfPage":{"@id":"https:\/\/eldigitaldeasturias.com\/magazine365\/los-stones-reanudan-hoy-en-oslo-su-gira-mundial-tras-dos-meses-de-paron\/#mainImage"},"datePublished":"2014-05-26T19:38:55+02:00","dateModified":"2014-05-26T19:38:55+02:00"},{"@type":"WebSite","@id":"https:\/\/eldigitaldeasturias.com\/magazine365\/#website","url":"https:\/\/eldigitaldeasturias.com\/magazine365\/","name":"El Digital de Asturias","description":"Revista de ocio, turismo y estilo de vida","inLanguage":"es-ES","publisher":{"@id":"https:\/\/eldigitaldeasturias.com\/magazine365\/#organization"}}]},"og:locale":"es_ES","og:site_name":"El Digital de Asturias \u2013 Revista de ocio, turismo y estilo de vida","og:type":"article","og:title":"Los Stones reanudan hoy en Oslo su gira mundial tras dos meses de par\u00f3n | El Digital de Asturias","og:description":"Copenhague, 26 may (EFE).- Los Rolling Stones reanudan hoy en Oslo su gira mundial despu\u00e9s de dos meses de par\u00f3n debido al suicidio de L'Wren Scott, la pareja durante los \u00faltimos trece a\u00f1os del cantante del grupo, Mick Jagger. La muerte de la dise\u00f1adora el pasado 17 de marzo en su apartamento de Nueva York","og:url":"https:\/\/eldigitaldeasturias.com\/magazine365\/los-stones-reanudan-hoy-en-oslo-su-gira-mundial-tras-dos-meses-de-paron\/","og:image":"https:\/\/eldigitaldeasturias.com\/magazine365\/wp-content\/uploads\/2014\/05\/6302011w.jpg","og:image:secure_url":"https:\/\/eldigitaldeasturias.com\/magazine365\/wp-content\/uploads\/2014\/05\/6302011w.jpg","og:image:width":800,"og:image:height":577,"article:published_time":"2014-05-26T21:38:55+00:00","article:modified_time":"2014-05-26T21:38:55+00:00","twitter:card":"summary_large_image","twitter:title":"Los Stones reanudan hoy en Oslo su gira mundial tras dos meses de par\u00f3n | El Digital de Asturias","twitter:description":"Copenhague, 26 may (EFE).- Los Rolling Stones reanudan hoy en Oslo su gira mundial despu\u00e9s de dos meses de par\u00f3n debido al suicidio de L'Wren Scott, la pareja durante los \u00faltimos trece a\u00f1os del cantante del grupo, Mick Jagger. La muerte de la dise\u00f1adora el pasado 17 de marzo en su apartamento de Nueva York","twitter:image":"https:\/\/eldigitaldeasturias.com\/magazine365\/wp-content\/uploads\/2014\/05\/6302011w.jpg"},"aioseo_meta_data":{"post_id":"13973","title":null,"description":null,"keywords":null,"keyphrases":null,"primary_term":null,"canonical_url":null,"og_title":null,"og_description":null,"og_object_type":"default","og_image_type":"default","og_image_url":null,"og_image_width":null,"og_image_height":null,"og_image_custom_url":null,"og_image_custom_fields":null,"og_video":null,"og_custom_url":null,"og_article_section":null,"og_article_tags":null,"twitter_use_og":false,"twitter_card":"default","twitter_image_type":"default","twitter_image_url":null,"twitter_image_custom_url":null,"twitter_image_custom_fields":null,"twitter_title":null,"twitter_description":null,"schema":{"blockGraphs":[],"customGraphs":[],"default":{"data":{"Article":[],"Course":[],"Dataset":[],"FAQPage":[],"Movie":[],"Person":[],"Product":[],"ProductReview":[],"Car":[],"Recipe":[],"Service":[],"SoftwareApplication":[],"WebPage":[]},"graphName":"","isEnabled":true},"graphs":[],"defaultGraph":"","defaultPostTypeGraph":""},"schema_type":null,"schema_type_options":null,"pillar_content":false,"robots_default":true,"robots_noindex":false,"robots_noarchive":false,"robots_nosnippet":false,"robots_nofollow":false,"robots_noimageindex":false,"robots_noodp":false,"robots_notranslate":false,"robots_max_snippet":null,"robots_max_videopreview":null,"robots_max_imagepreview":"large","priority":null,"frequency":null,"location":null,"local_seo":null,"seo_analyzer_scan_date":"2025-09-17 09:16:58","breadcrumb_settings":null,"limit_modified_date":false,"open_ai":null,"ai":null,"created":"2021-03-09 08:21:40","updated":"2025-09-17 09:16:58"},"aioseo_breadcrumb":"<div class=\"aioseo-breadcrumbs\"><span class=\"aioseo-breadcrumb\">\n\t<a href=\"https:\/\/eldigitaldeasturias.com\/magazine365\" title=\"Home\">Home<\/a>\n<\/span><span class=\"aioseo-breadcrumb-separator\">\u2013<\/span><span class=\"aioseo-breadcrumb\">\n\t<a href=\"https:\/\/eldigitaldeasturias.com\/magazine365\/category\/noticias-actualidad\/\" title=\"Noticias y Actualidad\">Noticias y Actualidad<\/a>\n<\/span><span class=\"aioseo-breadcrumb-separator\">\u2013<\/span><span class=\"aioseo-breadcrumb\">\n\t<a href=\"https:\/\/eldigitaldeasturias.com\/magazine365\/los-stones-reanudan-hoy-en-oslo-su-gira-mundial-tras-dos-meses-de-paron\/\" title=\"Los Stones reanudan hoy en Oslo su gira mundial tras dos meses de par\u00f3n\">Los Stones reanudan hoy en Oslo su gira mundial tras dos meses de par\u00f3n<\/a>\n<\/span><\/div>","aioseo_breadcrumb_json":[{"label":"Home","link":"https:\/\/eldigitaldeasturias.com\/magazine365"},{"label":"Noticias y Actualidad","link":"https:\/\/eldigitaldeasturias.com\/magazine365\/category\/noticias-actualidad\/"},{"label":"Los Stones reanudan hoy en Oslo su gira mundial tras dos meses de par\u00f3n","link":"https:\/\/eldigitaldeasturias.com\/magazine365\/los-stones-reanudan-hoy-en-oslo-su-gira-mundial-tras-dos-meses-de-paron\/"}],"_links":{"self":[{"href":"https:\/\/eldigitaldeasturias.com\/magazine365\/wp-json\/wp\/v2\/posts\/13973","targetHints":{"allow":["GET"]}}],"collection":[{"href":"https:\/\/eldigitaldeasturias.com\/magazine365\/wp-json\/wp\/v2\/posts"}],"about":[{"href":"https:\/\/eldigitaldeasturias.com\/magazine365\/wp-json\/wp\/v2\/types\/post"}],"author":[{"embeddable":true,"href":"https:\/\/eldigitaldeasturias.com\/magazine365\/wp-json\/wp\/v2\/users\/1"}],"replies":[{"embeddable":true,"href":"https:\/\/eldigitaldeasturias.com\/magazine365\/wp-json\/wp\/v2\/comments?post=13973"}],"version-history":[{"count":0,"href":"https:\/\/eldigitaldeasturias.com\/magazine365\/wp-json\/wp\/v2\/posts\/13973\/revisions"}],"wp:featuredmedia":[{"embeddable":true,"href":"https:\/\/eldigitaldeasturias.com\/magazine365\/wp-json\/wp\/v2\/media\/13974"}],"wp:attachment":[{"href":"https:\/\/eldigitaldeasturias.com\/magazine365\/wp-json\/wp\/v2\/media?parent=13973"}],"wp:term":[{"taxonomy":"category","embeddable":true,"href":"https:\/\/eldigitaldeasturias.com\/magazine365\/wp-json\/wp\/v2\/categories?post=13973"},{"taxonomy":"post_tag","embeddable":true,"href":"https:\/\/eldigitaldeasturias.com\/magazine365\/wp-json\/wp\/v2\/tags?post=13973"}],"curies":[{"name":"wp","href":"https:\/\/api.w.org\/{rel}","templated":true}]}}