{"id":13964,"date":"2014-05-26T19:34:46","date_gmt":"2014-05-26T21:34:46","guid":{"rendered":"http:\/\/eldigitaldeasturias.com\/magazine365\/?p=13964"},"modified":"2014-05-26T19:34:46","modified_gmt":"2014-05-26T21:34:46","slug":"la-bienal-de-flamenco-va-a-la-escuela","status":"publish","type":"post","link":"https:\/\/eldigitaldeasturias.com\/magazine365\/la-bienal-de-flamenco-va-a-la-escuela\/","title":{"rendered":"La Bienal de Flamenco va a la escuela"},"content":{"rendered":"<p><img fetchpriority=\"high\" decoding=\"async\" class=\"alignleft size-medium wp-image-13965\" alt=\"6301681w\" src=\"https:\/\/eldigitaldeasturias.com\/magazine365\/wp-content\/uploads\/2014\/05\/6301681w-360x223.jpg\" width=\"360\" height=\"223\" srcset=\"https:\/\/eldigitaldeasturias.com\/magazine365\/wp-content\/uploads\/2014\/05\/6301681w-360x223.jpg 360w, https:\/\/eldigitaldeasturias.com\/magazine365\/wp-content\/uploads\/2014\/05\/6301681w-650x403.jpg 650w, https:\/\/eldigitaldeasturias.com\/magazine365\/wp-content\/uploads\/2014\/05\/6301681w-768x476.jpg 768w, https:\/\/eldigitaldeasturias.com\/magazine365\/wp-content\/uploads\/2014\/05\/6301681w-150x93.jpg 150w, https:\/\/eldigitaldeasturias.com\/magazine365\/wp-content\/uploads\/2014\/05\/6301681w-450x279.jpg 450w, https:\/\/eldigitaldeasturias.com\/magazine365\/wp-content\/uploads\/2014\/05\/6301681w-356x220.jpg 356w, https:\/\/eldigitaldeasturias.com\/magazine365\/wp-content\/uploads\/2014\/05\/6301681w-696x432.jpg 696w, https:\/\/eldigitaldeasturias.com\/magazine365\/wp-content\/uploads\/2014\/05\/6301681w-677x420.jpg 677w, https:\/\/eldigitaldeasturias.com\/magazine365\/wp-content\/uploads\/2014\/05\/6301681w-279x173.jpg 279w, https:\/\/eldigitaldeasturias.com\/magazine365\/wp-content\/uploads\/2014\/05\/6301681w.jpg 800w\" sizes=\"(max-width: 360px) 100vw, 360px\" \/>Sevilla, 26 may (EFE).- La Bienal de Flamenco, que se celebrar\u00e1 en septiembre, estrenar\u00e1 un nuevo programa, La Bienal va a la escuela, que hoy ha sido presentado por la cantaora Estrella Morente en un colegio de Triana (Sevilla), donde varios alumnos han demostrado que alguna idea tienen de lo que es el comp\u00e1s.<\/p>\n<p>Los 450 alumnos de infantil y primaria del Colegio San Jacinto, en el coraz\u00f3n de ese barrio sevillano, han visto c\u00f3mo el recreo se ampliaba hoy, cuando Estrella Morente se ha presentado en el patio, justo debajo de la espada\u00f1a de la Iglesia de San Jacinto, acompa\u00f1ada por el alcalde de la ciudad, Juan Ignacio Zoido, para hablarles de flamenco y para cantarles un poquito.<\/p>\n<p>El alcalde ha presentado a Estrella Morente dici\u00e9ndoles a los ni\u00f1os que es \u00abuna aut\u00e9ntica figura en el mundo del flamenco\u00bb y pidi\u00e9ndoles que miraran al cielo y le mandaran un aplauso al cantaor Enrique Morente, padre de Estrella.<\/p>\n<p>\u00abEl flamenco es cultura, y lo digo en Triana, sabiendo lo que digo, porque, si hay un barrio importante y que sabe lo que es el flamenco, es \u00e9ste\u00bb, ha dicho el alcalde despu\u00e9s de recordar los intercambios internacionales que hacen los alumnos de este centro y, como en el \u00faltimo, los escolares ingleses se sorprendieron con el flamenco.<\/p>\n<p>Estrella Morente, que al final de su intervenci\u00f3n ha cantado un poco por tangos y rumbas, les ha dicho a los escolares que han tenido la suerte de nacer \u00aben la ciudad del arte\u00bb y que ella, a su edad, ya sab\u00eda lo que era el flamenco, porque lo escuchaba desde que estaba en la cuna con chupete.<\/p>\n<p>La cantaora les ha hablado de la riqueza musical de Espa\u00f1a, que va desde los int\u00e9rpretes de jazz a sus sopranos y tenores, \u00abpero -les ha advertido- nuestra identidad es el flamenco\u00bb, y les ha asegurado que \u00abes muy importante tener conciencia de nuestra cultura\u00bb.<\/p>\n<p>Ante de cantar, Morente les ha pedido a los ni\u00f1os que salieran a cantar lo que quisieran, y el esp\u00edritu art\u00edstico de Triana no se ha hecho de rogar. Primero, ha salido \u00c1ngela, de 8 a\u00f1os, que ha interpretado el \u00abWaka-waka\u00bb de Shakira; luego lo ha hecho Nerea, de 9 a\u00f1os, con \u00abPajaritos en el aire\u00bb, de Andy Rivera.<\/p>\n<p>Al flamenco se ha aproximado Pedro, de sexto curso, con una rumba y quien ha terminado por coger el comp\u00e1s ha sido Claudia, de tercero, a la que ha habido que ponerle una silla para que alcanzara el micr\u00f3fono para cantar \u00abRomero verde\u00bb.<\/p>\n<p>Tras las improvisadas actuaciones infantiles, que se habr\u00edan alargado hasta la tarde si los organizadores del acto no les hubieran puesto t\u00e9rmino, Estrella Morente ha agradecido el cante de los ni\u00f1os exclamando: \u00abSois los mejores altavoces que podemos tener para dar a conocer la gracia\u00bb.<\/p>\n<p>Al agradecer al director de la Bienal de Flamenco, Crist\u00f3bal Ortega, que tuviera la idea de llevar el flamenco a los colegios, un escolar le ha preguntado a la cantaora que cu\u00e1ndo empez\u00f3 cu carrera art\u00edstica,, y Morente ha explicado que con siete a\u00f1os ya grab\u00f3 una pieza nada m\u00e1s y nada menos que con el maestro Sabicas.<\/p>\n<p>Antes de que los ni\u00f1os volvieran a las aulas, la cantaora les ha preguntado a los ni\u00f1os si sab\u00edan qu\u00e9 son los palos y, aunque ha cosechado un clamoroso \u00abs\u00ed\u00bb, los ha definido como \u00ablas distintas formas y maneras de expresar el cante y el baile\u00bb flamencos, y ha a\u00f1adido que, para ella, \u00abno hay diferencia entre el folclore popular y el flamenco\u00bb.<\/p>\n<p>Morente, granadina, se ha despedido de los ni\u00f1os dici\u00e9ndoles que \u00abla mejor cantaora de todos los tiempos era de Sevilla, Pastora Pav\u00f3n, la Ni\u00f1a de los Peines\u00bb.<\/p>\n<p>Estrella Morente intervendr\u00e1 en dos espect\u00e1culos de la pr\u00f3xima bienal, uno propio con la Real Orquesta Sinf\u00f3nica de Sevilla (ROSS) y en la gala de inauguraci\u00f3n, un homenaje a Enrique Morente, del que hoy ha recordado que tanto le gustaba el flamenco como los ni\u00f1os.<\/p>\n<p>En el programa de La Bienal va a la escuela, dirigido a escolares de entre 6 y 12 a\u00f1os, participar\u00e1n 5.000 ni\u00f1os de 50 centros educativos.<\/p>\n<p>&nbsp;<\/p>\n<p>Por Alfredo Valenzuela<\/p>\n","protected":false},"excerpt":{"rendered":"<p>Sevilla, 26 may (EFE).- La Bienal de Flamenco, que se celebrar\u00e1 en septiembre, estrenar\u00e1 un nuevo programa, La Bienal va a la escuela, que hoy ha sido presentado por la cantaora Estrella Morente en un colegio de Triana (Sevilla), donde varios alumnos han demostrado que alguna idea tienen de lo que es el comp\u00e1s. Los<\/p>\n","protected":false},"author":1,"featured_media":13965,"comment_status":"open","ping_status":"closed","sticky":false,"template":"","format":"standard","meta":{"footnotes":""},"categories":[224],"tags":[],"class_list":{"0":"post-13964","1":"post","2":"type-post","3":"status-publish","4":"format-standard","5":"has-post-thumbnail","7":"category-noticias-actualidad"},"aioseo_notices":[],"aioseo_head":"\n\t\t<!-- All in One SEO Pro 4.9.6.1 - aioseo.com -->\n\t<meta name=\"description\" content=\"Sevilla, 26 may (EFE).- La Bienal de Flamenco, que se celebrar\u00e1 en septiembre, estrenar\u00e1 un nuevo programa, La Bienal va a la escuela, que hoy ha sido presentado por la cantaora Estrella Morente en un colegio de Triana (Sevilla), donde varios alumnos han demostrado que alguna idea tienen de lo que es el comp\u00e1s. Los\" \/>\n\t<meta name=\"robots\" content=\"max-image-preview:large\" \/>\n\t<meta name=\"author\" content=\"admin\"\/>\n\t<meta name=\"google-site-verification\" content=\"UA-38556648-1\" \/>\n\t<meta name=\"keywords\" content=\"noticias y actualidad\" \/>\n\t<link rel=\"canonical\" href=\"https:\/\/eldigitaldeasturias.com\/magazine365\/la-bienal-de-flamenco-va-a-la-escuela\/\" \/>\n\t<meta name=\"generator\" content=\"All in One SEO Pro (AIOSEO) 4.9.6.1\" \/>\n\t\t<meta property=\"og:locale\" content=\"es_ES\" \/>\n\t\t<meta property=\"og:site_name\" content=\"El Digital de Asturias \u2013 Revista de ocio, turismo y estilo de vida\" \/>\n\t\t<meta property=\"og:type\" content=\"article\" \/>\n\t\t<meta property=\"og:title\" content=\"La Bienal de Flamenco va a la escuela | El Digital de Asturias\" \/>\n\t\t<meta property=\"og:description\" content=\"Sevilla, 26 may (EFE).- La Bienal de Flamenco, que se celebrar\u00e1 en septiembre, estrenar\u00e1 un nuevo programa, La Bienal va a la escuela, que hoy ha sido presentado por la cantaora Estrella Morente en un colegio de Triana (Sevilla), donde varios alumnos han demostrado que alguna idea tienen de lo que es el comp\u00e1s. Los\" \/>\n\t\t<meta property=\"og:url\" content=\"https:\/\/eldigitaldeasturias.com\/magazine365\/la-bienal-de-flamenco-va-a-la-escuela\/\" \/>\n\t\t<meta property=\"og:image\" content=\"https:\/\/eldigitaldeasturias.com\/magazine365\/wp-content\/uploads\/2014\/05\/6301681w.jpg\" \/>\n\t\t<meta property=\"og:image:secure_url\" content=\"https:\/\/eldigitaldeasturias.com\/magazine365\/wp-content\/uploads\/2014\/05\/6301681w.jpg\" \/>\n\t\t<meta property=\"og:image:width\" content=\"800\" \/>\n\t\t<meta property=\"og:image:height\" content=\"496\" \/>\n\t\t<meta property=\"article:published_time\" content=\"2014-05-26T21:34:46+00:00\" \/>\n\t\t<meta property=\"article:modified_time\" content=\"2014-05-26T21:34:46+00:00\" \/>\n\t\t<meta name=\"twitter:card\" content=\"summary_large_image\" \/>\n\t\t<meta name=\"twitter:title\" content=\"La Bienal de Flamenco va a la escuela | El Digital de Asturias\" \/>\n\t\t<meta name=\"twitter:description\" content=\"Sevilla, 26 may (EFE).- La Bienal de Flamenco, que se celebrar\u00e1 en septiembre, estrenar\u00e1 un nuevo programa, La Bienal va a la escuela, que hoy ha sido presentado por la cantaora Estrella Morente en un colegio de Triana (Sevilla), donde varios alumnos han demostrado que alguna idea tienen de lo que es el comp\u00e1s. Los\" \/>\n\t\t<meta name=\"twitter:image\" content=\"https:\/\/eldigitaldeasturias.com\/magazine365\/wp-content\/uploads\/2014\/05\/6301681w.jpg\" \/>\n\t\t<script type=\"application\/ld+json\" class=\"aioseo-schema\">\n\t\t\t{\"@context\":\"https:\\\/\\\/schema.org\",\"@graph\":[{\"@type\":\"Article\",\"@id\":\"https:\\\/\\\/eldigitaldeasturias.com\\\/magazine365\\\/la-bienal-de-flamenco-va-a-la-escuela\\\/#article\",\"name\":\"La Bienal de Flamenco va a la escuela | El Digital de Asturias\",\"headline\":\"La Bienal de Flamenco va a la escuela\",\"author\":{\"@id\":\"https:\\\/\\\/eldigitaldeasturias.com\\\/magazine365\\\/author\\\/admin\\\/#author\"},\"publisher\":{\"@id\":\"https:\\\/\\\/eldigitaldeasturias.com\\\/magazine365\\\/#organization\"},\"image\":{\"@type\":\"ImageObject\",\"url\":\"https:\\\/\\\/eldigitaldeasturias.com\\\/magazine365\\\/wp-content\\\/uploads\\\/2014\\\/05\\\/6301681w.jpg\",\"width\":800,\"height\":496},\"datePublished\":\"2014-05-26T19:34:46+02:00\",\"dateModified\":\"2014-05-26T19:34:46+02:00\",\"inLanguage\":\"es-ES\",\"mainEntityOfPage\":{\"@id\":\"https:\\\/\\\/eldigitaldeasturias.com\\\/magazine365\\\/la-bienal-de-flamenco-va-a-la-escuela\\\/#webpage\"},\"isPartOf\":{\"@id\":\"https:\\\/\\\/eldigitaldeasturias.com\\\/magazine365\\\/la-bienal-de-flamenco-va-a-la-escuela\\\/#webpage\"},\"articleSection\":\"Noticias y Actualidad\"},{\"@type\":\"BreadcrumbList\",\"@id\":\"https:\\\/\\\/eldigitaldeasturias.com\\\/magazine365\\\/la-bienal-de-flamenco-va-a-la-escuela\\\/#breadcrumblist\",\"itemListElement\":[{\"@type\":\"ListItem\",\"@id\":\"https:\\\/\\\/eldigitaldeasturias.com\\\/magazine365#listItem\",\"position\":1,\"name\":\"Home\",\"item\":\"https:\\\/\\\/eldigitaldeasturias.com\\\/magazine365\",\"nextItem\":{\"@type\":\"ListItem\",\"@id\":\"https:\\\/\\\/eldigitaldeasturias.com\\\/magazine365\\\/category\\\/noticias-actualidad\\\/#listItem\",\"name\":\"Noticias y Actualidad\"}},{\"@type\":\"ListItem\",\"@id\":\"https:\\\/\\\/eldigitaldeasturias.com\\\/magazine365\\\/category\\\/noticias-actualidad\\\/#listItem\",\"position\":2,\"name\":\"Noticias y Actualidad\",\"item\":\"https:\\\/\\\/eldigitaldeasturias.com\\\/magazine365\\\/category\\\/noticias-actualidad\\\/\",\"nextItem\":{\"@type\":\"ListItem\",\"@id\":\"https:\\\/\\\/eldigitaldeasturias.com\\\/magazine365\\\/la-bienal-de-flamenco-va-a-la-escuela\\\/#listItem\",\"name\":\"La Bienal de Flamenco va a la escuela\"},\"previousItem\":{\"@type\":\"ListItem\",\"@id\":\"https:\\\/\\\/eldigitaldeasturias.com\\\/magazine365#listItem\",\"name\":\"Home\"}},{\"@type\":\"ListItem\",\"@id\":\"https:\\\/\\\/eldigitaldeasturias.com\\\/magazine365\\\/la-bienal-de-flamenco-va-a-la-escuela\\\/#listItem\",\"position\":3,\"name\":\"La Bienal de Flamenco va a la escuela\",\"previousItem\":{\"@type\":\"ListItem\",\"@id\":\"https:\\\/\\\/eldigitaldeasturias.com\\\/magazine365\\\/category\\\/noticias-actualidad\\\/#listItem\",\"name\":\"Noticias y Actualidad\"}}]},{\"@type\":\"Organization\",\"@id\":\"https:\\\/\\\/eldigitaldeasturias.com\\\/magazine365\\\/#organization\",\"name\":\"El digital de Asturias\",\"description\":\"Revista de ocio, turismo y estilo de vida\",\"url\":\"https:\\\/\\\/eldigitaldeasturias.com\\\/magazine365\\\/\",\"logo\":{\"@type\":\"ImageObject\",\"url\":\"https:\\\/\\\/www.eldigitaldeasturias.com\\\/noticias\\\/wp-content\\\/uploads\\\/2020\\\/12\\\/EDA.jpg\",\"@id\":\"https:\\\/\\\/eldigitaldeasturias.com\\\/magazine365\\\/la-bienal-de-flamenco-va-a-la-escuela\\\/#organizationLogo\"},\"image\":{\"@id\":\"https:\\\/\\\/eldigitaldeasturias.com\\\/magazine365\\\/la-bienal-de-flamenco-va-a-la-escuela\\\/#organizationLogo\"}},{\"@type\":\"Person\",\"@id\":\"https:\\\/\\\/eldigitaldeasturias.com\\\/magazine365\\\/author\\\/admin\\\/#author\",\"url\":\"https:\\\/\\\/eldigitaldeasturias.com\\\/magazine365\\\/author\\\/admin\\\/\",\"name\":\"admin\",\"image\":{\"@type\":\"ImageObject\",\"@id\":\"https:\\\/\\\/eldigitaldeasturias.com\\\/magazine365\\\/la-bienal-de-flamenco-va-a-la-escuela\\\/#authorImage\",\"url\":\"https:\\\/\\\/eldigitaldeasturias.com\\\/magazine365\\\/wp-content\\\/litespeed\\\/avatar\\\/e571bcf59a0edd6fa6838245a470f2fe.jpg?ver=1776969259\",\"width\":96,\"height\":96,\"caption\":\"admin\"}},{\"@type\":\"WebPage\",\"@id\":\"https:\\\/\\\/eldigitaldeasturias.com\\\/magazine365\\\/la-bienal-de-flamenco-va-a-la-escuela\\\/#webpage\",\"url\":\"https:\\\/\\\/eldigitaldeasturias.com\\\/magazine365\\\/la-bienal-de-flamenco-va-a-la-escuela\\\/\",\"name\":\"La Bienal de Flamenco va a la escuela | El Digital de Asturias\",\"description\":\"Sevilla, 26 may (EFE).- La Bienal de Flamenco, que se celebrar\\u00e1 en septiembre, estrenar\\u00e1 un nuevo programa, La Bienal va a la escuela, que hoy ha sido presentado por la cantaora Estrella Morente en un colegio de Triana (Sevilla), donde varios alumnos han demostrado que alguna idea tienen de lo que es el comp\\u00e1s. Los\",\"inLanguage\":\"es-ES\",\"isPartOf\":{\"@id\":\"https:\\\/\\\/eldigitaldeasturias.com\\\/magazine365\\\/#website\"},\"breadcrumb\":{\"@id\":\"https:\\\/\\\/eldigitaldeasturias.com\\\/magazine365\\\/la-bienal-de-flamenco-va-a-la-escuela\\\/#breadcrumblist\"},\"author\":{\"@id\":\"https:\\\/\\\/eldigitaldeasturias.com\\\/magazine365\\\/author\\\/admin\\\/#author\"},\"creator\":{\"@id\":\"https:\\\/\\\/eldigitaldeasturias.com\\\/magazine365\\\/author\\\/admin\\\/#author\"},\"image\":{\"@type\":\"ImageObject\",\"url\":\"https:\\\/\\\/eldigitaldeasturias.com\\\/magazine365\\\/wp-content\\\/uploads\\\/2014\\\/05\\\/6301681w.jpg\",\"@id\":\"https:\\\/\\\/eldigitaldeasturias.com\\\/magazine365\\\/la-bienal-de-flamenco-va-a-la-escuela\\\/#mainImage\",\"width\":800,\"height\":496},\"primaryImageOfPage\":{\"@id\":\"https:\\\/\\\/eldigitaldeasturias.com\\\/magazine365\\\/la-bienal-de-flamenco-va-a-la-escuela\\\/#mainImage\"},\"datePublished\":\"2014-05-26T19:34:46+02:00\",\"dateModified\":\"2014-05-26T19:34:46+02:00\"},{\"@type\":\"WebSite\",\"@id\":\"https:\\\/\\\/eldigitaldeasturias.com\\\/magazine365\\\/#website\",\"url\":\"https:\\\/\\\/eldigitaldeasturias.com\\\/magazine365\\\/\",\"name\":\"El Digital de Asturias\",\"description\":\"Revista de ocio, turismo y estilo de vida\",\"inLanguage\":\"es-ES\",\"publisher\":{\"@id\":\"https:\\\/\\\/eldigitaldeasturias.com\\\/magazine365\\\/#organization\"}}]}\n\t\t<\/script>\n\t\t<!-- All in One SEO Pro -->\r\n\t\t<title>La Bienal de Flamenco va a la escuela | El Digital de Asturias<\/title>\n\n","aioseo_head_json":{"title":"La Bienal de Flamenco va a la escuela | El Digital de Asturias","description":"Sevilla, 26 may (EFE).- La Bienal de Flamenco, que se celebrar\u00e1 en septiembre, estrenar\u00e1 un nuevo programa, La Bienal va a la escuela, que hoy ha sido presentado por la cantaora Estrella Morente en un colegio de Triana (Sevilla), donde varios alumnos han demostrado que alguna idea tienen de lo que es el comp\u00e1s. Los","canonical_url":"https:\/\/eldigitaldeasturias.com\/magazine365\/la-bienal-de-flamenco-va-a-la-escuela\/","robots":"max-image-preview:large","keywords":"noticias y actualidad","webmasterTools":{"google-site-verification":"UA-38556648-1","miscellaneous":""},"schema":{"@context":"https:\/\/schema.org","@graph":[{"@type":"Article","@id":"https:\/\/eldigitaldeasturias.com\/magazine365\/la-bienal-de-flamenco-va-a-la-escuela\/#article","name":"La Bienal de Flamenco va a la escuela | El Digital de Asturias","headline":"La Bienal de Flamenco va a la escuela","author":{"@id":"https:\/\/eldigitaldeasturias.com\/magazine365\/author\/admin\/#author"},"publisher":{"@id":"https:\/\/eldigitaldeasturias.com\/magazine365\/#organization"},"image":{"@type":"ImageObject","url":"https:\/\/eldigitaldeasturias.com\/magazine365\/wp-content\/uploads\/2014\/05\/6301681w.jpg","width":800,"height":496},"datePublished":"2014-05-26T19:34:46+02:00","dateModified":"2014-05-26T19:34:46+02:00","inLanguage":"es-ES","mainEntityOfPage":{"@id":"https:\/\/eldigitaldeasturias.com\/magazine365\/la-bienal-de-flamenco-va-a-la-escuela\/#webpage"},"isPartOf":{"@id":"https:\/\/eldigitaldeasturias.com\/magazine365\/la-bienal-de-flamenco-va-a-la-escuela\/#webpage"},"articleSection":"Noticias y Actualidad"},{"@type":"BreadcrumbList","@id":"https:\/\/eldigitaldeasturias.com\/magazine365\/la-bienal-de-flamenco-va-a-la-escuela\/#breadcrumblist","itemListElement":[{"@type":"ListItem","@id":"https:\/\/eldigitaldeasturias.com\/magazine365#listItem","position":1,"name":"Home","item":"https:\/\/eldigitaldeasturias.com\/magazine365","nextItem":{"@type":"ListItem","@id":"https:\/\/eldigitaldeasturias.com\/magazine365\/category\/noticias-actualidad\/#listItem","name":"Noticias y Actualidad"}},{"@type":"ListItem","@id":"https:\/\/eldigitaldeasturias.com\/magazine365\/category\/noticias-actualidad\/#listItem","position":2,"name":"Noticias y Actualidad","item":"https:\/\/eldigitaldeasturias.com\/magazine365\/category\/noticias-actualidad\/","nextItem":{"@type":"ListItem","@id":"https:\/\/eldigitaldeasturias.com\/magazine365\/la-bienal-de-flamenco-va-a-la-escuela\/#listItem","name":"La Bienal de Flamenco va a la escuela"},"previousItem":{"@type":"ListItem","@id":"https:\/\/eldigitaldeasturias.com\/magazine365#listItem","name":"Home"}},{"@type":"ListItem","@id":"https:\/\/eldigitaldeasturias.com\/magazine365\/la-bienal-de-flamenco-va-a-la-escuela\/#listItem","position":3,"name":"La Bienal de Flamenco va a la escuela","previousItem":{"@type":"ListItem","@id":"https:\/\/eldigitaldeasturias.com\/magazine365\/category\/noticias-actualidad\/#listItem","name":"Noticias y Actualidad"}}]},{"@type":"Organization","@id":"https:\/\/eldigitaldeasturias.com\/magazine365\/#organization","name":"El digital de Asturias","description":"Revista de ocio, turismo y estilo de vida","url":"https:\/\/eldigitaldeasturias.com\/magazine365\/","logo":{"@type":"ImageObject","url":"https:\/\/www.eldigitaldeasturias.com\/noticias\/wp-content\/uploads\/2020\/12\/EDA.jpg","@id":"https:\/\/eldigitaldeasturias.com\/magazine365\/la-bienal-de-flamenco-va-a-la-escuela\/#organizationLogo"},"image":{"@id":"https:\/\/eldigitaldeasturias.com\/magazine365\/la-bienal-de-flamenco-va-a-la-escuela\/#organizationLogo"}},{"@type":"Person","@id":"https:\/\/eldigitaldeasturias.com\/magazine365\/author\/admin\/#author","url":"https:\/\/eldigitaldeasturias.com\/magazine365\/author\/admin\/","name":"admin","image":{"@type":"ImageObject","@id":"https:\/\/eldigitaldeasturias.com\/magazine365\/la-bienal-de-flamenco-va-a-la-escuela\/#authorImage","url":"https:\/\/eldigitaldeasturias.com\/magazine365\/wp-content\/litespeed\/avatar\/e571bcf59a0edd6fa6838245a470f2fe.jpg?ver=1776969259","width":96,"height":96,"caption":"admin"}},{"@type":"WebPage","@id":"https:\/\/eldigitaldeasturias.com\/magazine365\/la-bienal-de-flamenco-va-a-la-escuela\/#webpage","url":"https:\/\/eldigitaldeasturias.com\/magazine365\/la-bienal-de-flamenco-va-a-la-escuela\/","name":"La Bienal de Flamenco va a la escuela | El Digital de Asturias","description":"Sevilla, 26 may (EFE).- La Bienal de Flamenco, que se celebrar\u00e1 en septiembre, estrenar\u00e1 un nuevo programa, La Bienal va a la escuela, que hoy ha sido presentado por la cantaora Estrella Morente en un colegio de Triana (Sevilla), donde varios alumnos han demostrado que alguna idea tienen de lo que es el comp\u00e1s. Los","inLanguage":"es-ES","isPartOf":{"@id":"https:\/\/eldigitaldeasturias.com\/magazine365\/#website"},"breadcrumb":{"@id":"https:\/\/eldigitaldeasturias.com\/magazine365\/la-bienal-de-flamenco-va-a-la-escuela\/#breadcrumblist"},"author":{"@id":"https:\/\/eldigitaldeasturias.com\/magazine365\/author\/admin\/#author"},"creator":{"@id":"https:\/\/eldigitaldeasturias.com\/magazine365\/author\/admin\/#author"},"image":{"@type":"ImageObject","url":"https:\/\/eldigitaldeasturias.com\/magazine365\/wp-content\/uploads\/2014\/05\/6301681w.jpg","@id":"https:\/\/eldigitaldeasturias.com\/magazine365\/la-bienal-de-flamenco-va-a-la-escuela\/#mainImage","width":800,"height":496},"primaryImageOfPage":{"@id":"https:\/\/eldigitaldeasturias.com\/magazine365\/la-bienal-de-flamenco-va-a-la-escuela\/#mainImage"},"datePublished":"2014-05-26T19:34:46+02:00","dateModified":"2014-05-26T19:34:46+02:00"},{"@type":"WebSite","@id":"https:\/\/eldigitaldeasturias.com\/magazine365\/#website","url":"https:\/\/eldigitaldeasturias.com\/magazine365\/","name":"El Digital de Asturias","description":"Revista de ocio, turismo y estilo de vida","inLanguage":"es-ES","publisher":{"@id":"https:\/\/eldigitaldeasturias.com\/magazine365\/#organization"}}]},"og:locale":"es_ES","og:site_name":"El Digital de Asturias \u2013 Revista de ocio, turismo y estilo de vida","og:type":"article","og:title":"La Bienal de Flamenco va a la escuela | El Digital de Asturias","og:description":"Sevilla, 26 may (EFE).- La Bienal de Flamenco, que se celebrar\u00e1 en septiembre, estrenar\u00e1 un nuevo programa, La Bienal va a la escuela, que hoy ha sido presentado por la cantaora Estrella Morente en un colegio de Triana (Sevilla), donde varios alumnos han demostrado que alguna idea tienen de lo que es el comp\u00e1s. Los","og:url":"https:\/\/eldigitaldeasturias.com\/magazine365\/la-bienal-de-flamenco-va-a-la-escuela\/","og:image":"https:\/\/eldigitaldeasturias.com\/magazine365\/wp-content\/uploads\/2014\/05\/6301681w.jpg","og:image:secure_url":"https:\/\/eldigitaldeasturias.com\/magazine365\/wp-content\/uploads\/2014\/05\/6301681w.jpg","og:image:width":800,"og:image:height":496,"article:published_time":"2014-05-26T21:34:46+00:00","article:modified_time":"2014-05-26T21:34:46+00:00","twitter:card":"summary_large_image","twitter:title":"La Bienal de Flamenco va a la escuela | El Digital de Asturias","twitter:description":"Sevilla, 26 may (EFE).- La Bienal de Flamenco, que se celebrar\u00e1 en septiembre, estrenar\u00e1 un nuevo programa, La Bienal va a la escuela, que hoy ha sido presentado por la cantaora Estrella Morente en un colegio de Triana (Sevilla), donde varios alumnos han demostrado que alguna idea tienen de lo que es el comp\u00e1s. Los","twitter:image":"https:\/\/eldigitaldeasturias.com\/magazine365\/wp-content\/uploads\/2014\/05\/6301681w.jpg"},"aioseo_meta_data":{"post_id":"13964","title":null,"description":null,"keywords":null,"keyphrases":null,"primary_term":null,"canonical_url":null,"og_title":null,"og_description":null,"og_object_type":"default","og_image_type":"default","og_image_url":null,"og_image_width":null,"og_image_height":null,"og_image_custom_url":null,"og_image_custom_fields":null,"og_video":null,"og_custom_url":null,"og_article_section":null,"og_article_tags":null,"twitter_use_og":false,"twitter_card":"default","twitter_image_type":"default","twitter_image_url":null,"twitter_image_custom_url":null,"twitter_image_custom_fields":null,"twitter_title":null,"twitter_description":null,"schema":{"blockGraphs":[],"customGraphs":[],"default":{"data":{"Article":[],"Course":[],"Dataset":[],"FAQPage":[],"Movie":[],"Person":[],"Product":[],"ProductReview":[],"Car":[],"Recipe":[],"Service":[],"SoftwareApplication":[],"WebPage":[]},"graphName":"","isEnabled":true},"graphs":[],"defaultGraph":"","defaultPostTypeGraph":""},"schema_type":null,"schema_type_options":null,"pillar_content":false,"robots_default":true,"robots_noindex":false,"robots_noarchive":false,"robots_nosnippet":false,"robots_nofollow":false,"robots_noimageindex":false,"robots_noodp":false,"robots_notranslate":false,"robots_max_snippet":null,"robots_max_videopreview":null,"robots_max_imagepreview":"large","priority":null,"frequency":null,"location":null,"local_seo":null,"seo_analyzer_scan_date":"2025-09-17 09:16:55","breadcrumb_settings":null,"limit_modified_date":false,"open_ai":null,"ai":null,"created":"2021-03-09 08:21:40","updated":"2025-09-17 09:16:55"},"aioseo_breadcrumb":"<div class=\"aioseo-breadcrumbs\"><span class=\"aioseo-breadcrumb\">\n\t<a href=\"https:\/\/eldigitaldeasturias.com\/magazine365\" title=\"Home\">Home<\/a>\n<\/span><span class=\"aioseo-breadcrumb-separator\">\u2013<\/span><span class=\"aioseo-breadcrumb\">\n\t<a href=\"https:\/\/eldigitaldeasturias.com\/magazine365\/category\/noticias-actualidad\/\" title=\"Noticias y Actualidad\">Noticias y Actualidad<\/a>\n<\/span><span class=\"aioseo-breadcrumb-separator\">\u2013<\/span><span class=\"aioseo-breadcrumb\">\n\t<a href=\"https:\/\/eldigitaldeasturias.com\/magazine365\/la-bienal-de-flamenco-va-a-la-escuela\/\" title=\"La Bienal de Flamenco va a la escuela\">La Bienal de Flamenco va a la escuela<\/a>\n<\/span><\/div>","aioseo_breadcrumb_json":[{"label":"Home","link":"https:\/\/eldigitaldeasturias.com\/magazine365"},{"label":"Noticias y Actualidad","link":"https:\/\/eldigitaldeasturias.com\/magazine365\/category\/noticias-actualidad\/"},{"label":"La Bienal de Flamenco va a la escuela","link":"https:\/\/eldigitaldeasturias.com\/magazine365\/la-bienal-de-flamenco-va-a-la-escuela\/"}],"_links":{"self":[{"href":"https:\/\/eldigitaldeasturias.com\/magazine365\/wp-json\/wp\/v2\/posts\/13964","targetHints":{"allow":["GET"]}}],"collection":[{"href":"https:\/\/eldigitaldeasturias.com\/magazine365\/wp-json\/wp\/v2\/posts"}],"about":[{"href":"https:\/\/eldigitaldeasturias.com\/magazine365\/wp-json\/wp\/v2\/types\/post"}],"author":[{"embeddable":true,"href":"https:\/\/eldigitaldeasturias.com\/magazine365\/wp-json\/wp\/v2\/users\/1"}],"replies":[{"embeddable":true,"href":"https:\/\/eldigitaldeasturias.com\/magazine365\/wp-json\/wp\/v2\/comments?post=13964"}],"version-history":[{"count":0,"href":"https:\/\/eldigitaldeasturias.com\/magazine365\/wp-json\/wp\/v2\/posts\/13964\/revisions"}],"wp:featuredmedia":[{"embeddable":true,"href":"https:\/\/eldigitaldeasturias.com\/magazine365\/wp-json\/wp\/v2\/media\/13965"}],"wp:attachment":[{"href":"https:\/\/eldigitaldeasturias.com\/magazine365\/wp-json\/wp\/v2\/media?parent=13964"}],"wp:term":[{"taxonomy":"category","embeddable":true,"href":"https:\/\/eldigitaldeasturias.com\/magazine365\/wp-json\/wp\/v2\/categories?post=13964"},{"taxonomy":"post_tag","embeddable":true,"href":"https:\/\/eldigitaldeasturias.com\/magazine365\/wp-json\/wp\/v2\/tags?post=13964"}],"curies":[{"name":"wp","href":"https:\/\/api.w.org\/{rel}","templated":true}]}}