{"id":13940,"date":"2014-05-26T19:21:57","date_gmt":"2014-05-26T21:21:57","guid":{"rendered":"http:\/\/eldigitaldeasturias.com\/magazine365\/?p=13940"},"modified":"2014-05-26T19:21:57","modified_gmt":"2014-05-26T21:21:57","slug":"mariah-carey-la-cantante-de-la-inspiracion-esquiva","status":"publish","type":"post","link":"https:\/\/eldigitaldeasturias.com\/magazine365\/mariah-carey-la-cantante-de-la-inspiracion-esquiva\/","title":{"rendered":"Mariah Carey, la cantante (de la inspiraci\u00f3n) esquiva"},"content":{"rendered":"<p><img fetchpriority=\"high\" decoding=\"async\" class=\"alignleft size-medium wp-image-13941\" alt=\"6300501w\" src=\"https:\/\/eldigitaldeasturias.com\/magazine365\/wp-content\/uploads\/2014\/05\/6300501w-290x300.jpg\" width=\"290\" height=\"300\" srcset=\"https:\/\/eldigitaldeasturias.com\/magazine365\/wp-content\/uploads\/2014\/05\/6300501w-290x300.jpg 290w, https:\/\/eldigitaldeasturias.com\/magazine365\/wp-content\/uploads\/2014\/05\/6300501w-620x640.jpg 620w, https:\/\/eldigitaldeasturias.com\/magazine365\/wp-content\/uploads\/2014\/05\/6300501w-150x155.jpg 150w, https:\/\/eldigitaldeasturias.com\/magazine365\/wp-content\/uploads\/2014\/05\/6300501w-450x465.jpg 450w, https:\/\/eldigitaldeasturias.com\/magazine365\/wp-content\/uploads\/2014\/05\/6300501w-696x719.jpg 696w, https:\/\/eldigitaldeasturias.com\/magazine365\/wp-content\/uploads\/2014\/05\/6300501w-407x420.jpg 407w, https:\/\/eldigitaldeasturias.com\/magazine365\/wp-content\/uploads\/2014\/05\/6300501w.jpg 700w\" sizes=\"(max-width: 290px) 100vw, 290px\" \/>Madrid, 26 may (EFE).- Mariah Carey publica esta semana uno de los trabajos m\u00e1s arduos de su carrera, dilatado y postergado varias veces hasta su publicaci\u00f3n ma\u00f1ana, con el que, seg\u00fan varios medios, es uno de los peores t\u00edtulos de la historia de la m\u00fasica.<\/p>\n<p>\u00abMe. I Am Mariah&#8230; The Elusive Chanteuse\u00bb, algo as\u00ed como \u00abYo. Soy Mariah&#8230; La cantante esquiva\u00bb, devuelve al primer plano a la artista femenina con m\u00e1s ventas de la historia, la que sol\u00eda alumbrar n\u00fameros 1 sin aparente esfuerzo (al menos, en EE.UU.) y que desde \u00abWe belong together\u00bb anda m\u00e1s que hu\u00e9rfana de acierto.<\/p>\n<p>Junto al cantante Miguel estuvo muy cerca de amarrarlo con \u00ab#beautiful\u00bb, probablemente uno de los mejores cortes de su nuevo \u00e1lbum, en el que hizo virtud de algo que suele faltarle, sencillez, a partir de un \u00absoul\u00bb soleado, de reminiscencias costeras y relajadas, sin estridencias vocales.<\/p>\n<p>Tras el lanzamiento de su segundo disco navide\u00f1o, \u00abMerry Christmas II You\u00bb (2010), la artista dio a luz a los gemelos fruto de su matrimonio con Nick Cannon -los ni\u00f1os, por cierto, intervienen en el \u00e1lbum- y pronto llegaron noticias de que esta adicta al trabajo hab\u00eda empezado a fabricar el siguiente \u00e1lbum.<\/p>\n<p>\u00abTriumphant (get&#8217;em)\u00bb, en el verano de 2012, surgi\u00f3 como primer anticipo, pero la g\u00e9lida acogida del sencillo a pesar de su t\u00edtulo par\u00f3 en seco las m\u00e1quinas. Luego llegaron su millonaria y fallida colaboraci\u00f3n como jurado en \u00abAmerican Idol\u00bb y otro intento frustrado de relanzamiento en julio de 2013 a lomos de \u00abAlmost home\u00bb, incluido en la BSO de \u00abOz, un mundo de fantas\u00eda\u00bb.<\/p>\n<p>\u00ab#beautiful\u00bb, que s\u00ed entr\u00f3 en el \u00abtop\u00bb 20 de la lista estadounidense, despej\u00f3 el camino y hasta se avanz\u00f3 otro posible t\u00edtulo para el \u00e1lbum, \u00abThe art of letting go\u00bb, nombre de una balada de corte cl\u00e1sico que llegar\u00eda a presentar oficialmente, pero que al final ni siquiera figura en el repertorio est\u00e1ndar.<\/p>\n<p>Prescindi\u00f3 de su eterno colaborador Randy Jackson y lo sustituy\u00f3 por Jermaine Dupri, trabajando hasta el \u00faltimo momento, intentando dar sin acierto con la alquimia de \u00e9xitos como \u00abHero\u00bb, \u00abAlways be my baby\u00bb o \u00abMy All\u00bb.<\/p>\n<p>Pasaron los meses, estren\u00f3 tambi\u00e9n sin pena ni gloria \u00abYou&#8217;re mine (Eternal)\u00bb y, en la \u00faltima semana, el juguet\u00f3n r&amp;b \u00abThirsty\u00bb, de lo mejor de la nueva cosecha, aunque carece de la pegada de aquellos.<\/p>\n<p>Con la excepci\u00f3n de su interpretaci\u00f3n de \u00abOne more try\u00bb de George Michael, hay que valorar la insistencia en entregar material nuevo y no tirar de la f\u00f3rmula manida de las versiones que, en su caso, probablemente ser\u00edan un trallazo con est\u00e1ndares de \u00absoul\u00bb y, cuando menos, le deparar\u00edan menos dolores de cabeza.<\/p>\n<p>En \u00abMe. I am Mariah&#8230;\u00bb se aprecia un esfuerzo por madurar, por realizar un ejercicio m\u00e1s concienzudo de m\u00fasica negra, con menos edulcorarante y unicornios que en los bochornosos y naifs \u00abCharmbracelet\u00bb (2002) o \u00abMemoirs of an imperfect angel\u00bb (2009), pero su estilo est\u00e1 ya tan marcado que es dif\u00edcil (y quiz\u00e1s contraproducente) borrarlo.<\/p>\n<p>B\u00e1sicamente, sustituye el az\u00facar refinado por el moreno, que es m\u00e1s natural y se digiere mejor, aunque siga echando tres cucharadas a casi todo.<\/p>\n<p>Esto se aprecia en el acercamiento a estructuras cl\u00e1sicas del \u00absoul\u00bb de los 60 (\u00abMake it look good\u00bb) y del disco-funk de los 70 (ojal\u00e1 incidiera m\u00e1s en la l\u00ednea de \u00abYou don&#8217;t know what to do\u00bb), revisitadas por la bater\u00eda de car\u00edsimos productores urbanitas para llevarlas a su terreno y darles en mayor o menor grado una p\u00e1tina de modernidad.<\/p>\n<p>Encontramos temas m\u00e1s desnudos, como \u00abCry\u00bb, un tema a piano at\u00edpico en su producci\u00f3n, sobre todo para iniciar el \u00e1lbum, y otros mucho m\u00e1s vestidos, con ideas interesantes como el arranque de \u00abMoney\u00bb.<\/p>\n<p>Sin embargo, al resultado final le falta inmediatez y consistencia, un poco m\u00e1s de melod\u00eda directa y menos arreglo, que es su peor vicio, menos rizo superfluo y menos grititos de delf\u00edn. \u00bfNecesita un talento vocal como el suyo una sobreproducci\u00f3n en la que esa prodigiosa voz se solapa a s\u00ed misma y ahoga el prop\u00f3sito inicial?<\/p>\n<p>Y luego est\u00e1 lo de titular un disco conforme al autorretrato que alguien se hizo de ni\u00f1a como una artista de \u00e9xito: \u00bfse trata de un s\u00edntoma de honestidad fruto de un ejercicio de introspecci\u00f3n o m\u00e1s bien de un clar\u00edsimo regodeo narcisista? Fastidiaros, abusones del colegio, \u00absoy yo, soy Mariah\u00bb.<\/p>\n<p>Javier Herrero.<\/p>\n","protected":false},"excerpt":{"rendered":"<p>Madrid, 26 may (EFE).- Mariah Carey publica esta semana uno de los trabajos m\u00e1s arduos de su carrera, dilatado y postergado varias veces hasta su publicaci\u00f3n ma\u00f1ana, con el que, seg\u00fan varios medios, es uno de los peores t\u00edtulos de la historia de la m\u00fasica. \u00abMe. I Am Mariah&#8230; The Elusive Chanteuse\u00bb, algo as\u00ed como<\/p>\n","protected":false},"author":1,"featured_media":13941,"comment_status":"open","ping_status":"closed","sticky":false,"template":"","format":"standard","meta":{"footnotes":""},"categories":[224],"tags":[],"class_list":{"0":"post-13940","1":"post","2":"type-post","3":"status-publish","4":"format-standard","5":"has-post-thumbnail","7":"category-noticias-actualidad"},"aioseo_notices":[],"aioseo_head":"\n\t\t<!-- All in One SEO Pro 4.9.6.1 - aioseo.com -->\n\t<meta name=\"description\" content=\"Madrid, 26 may (EFE).- Mariah Carey publica esta semana uno de los trabajos m\u00e1s arduos de su carrera, dilatado y postergado varias veces hasta su publicaci\u00f3n ma\u00f1ana, con el que, seg\u00fan varios medios, es uno de los peores t\u00edtulos de la historia de la m\u00fasica. &quot;Me. I Am Mariah... The Elusive Chanteuse&quot;, algo as\u00ed como\" \/>\n\t<meta name=\"robots\" content=\"max-image-preview:large\" \/>\n\t<meta name=\"author\" content=\"admin\"\/>\n\t<meta name=\"google-site-verification\" content=\"UA-38556648-1\" \/>\n\t<meta name=\"keywords\" content=\"noticias y actualidad\" \/>\n\t<link rel=\"canonical\" href=\"https:\/\/eldigitaldeasturias.com\/magazine365\/mariah-carey-la-cantante-de-la-inspiracion-esquiva\/\" \/>\n\t<meta name=\"generator\" content=\"All in One SEO Pro (AIOSEO) 4.9.6.1\" \/>\n\t\t<meta property=\"og:locale\" content=\"es_ES\" \/>\n\t\t<meta property=\"og:site_name\" content=\"El Digital de Asturias \u2013 Revista de ocio, turismo y estilo de vida\" \/>\n\t\t<meta property=\"og:type\" content=\"article\" \/>\n\t\t<meta property=\"og:title\" content=\"Mariah Carey, la cantante (de la inspiraci\u00f3n) esquiva | El Digital de Asturias\" \/>\n\t\t<meta property=\"og:description\" content=\"Madrid, 26 may (EFE).- Mariah Carey publica esta semana uno de los trabajos m\u00e1s arduos de su carrera, dilatado y postergado varias veces hasta su publicaci\u00f3n ma\u00f1ana, con el que, seg\u00fan varios medios, es uno de los peores t\u00edtulos de la historia de la m\u00fasica. &quot;Me. I Am Mariah... The Elusive Chanteuse&quot;, algo as\u00ed como\" \/>\n\t\t<meta property=\"og:url\" content=\"https:\/\/eldigitaldeasturias.com\/magazine365\/mariah-carey-la-cantante-de-la-inspiracion-esquiva\/\" \/>\n\t\t<meta property=\"og:image\" content=\"https:\/\/eldigitaldeasturias.com\/magazine365\/wp-content\/uploads\/2014\/05\/6300501w.jpg\" \/>\n\t\t<meta property=\"og:image:secure_url\" content=\"https:\/\/eldigitaldeasturias.com\/magazine365\/wp-content\/uploads\/2014\/05\/6300501w.jpg\" \/>\n\t\t<meta property=\"og:image:width\" content=\"700\" \/>\n\t\t<meta property=\"og:image:height\" content=\"723\" \/>\n\t\t<meta property=\"article:published_time\" content=\"2014-05-26T21:21:57+00:00\" \/>\n\t\t<meta property=\"article:modified_time\" content=\"2014-05-26T21:21:57+00:00\" \/>\n\t\t<meta name=\"twitter:card\" content=\"summary_large_image\" \/>\n\t\t<meta name=\"twitter:title\" content=\"Mariah Carey, la cantante (de la inspiraci\u00f3n) esquiva | El Digital de Asturias\" \/>\n\t\t<meta name=\"twitter:description\" content=\"Madrid, 26 may (EFE).- Mariah Carey publica esta semana uno de los trabajos m\u00e1s arduos de su carrera, dilatado y postergado varias veces hasta su publicaci\u00f3n ma\u00f1ana, con el que, seg\u00fan varios medios, es uno de los peores t\u00edtulos de la historia de la m\u00fasica. &quot;Me. I Am Mariah... The Elusive Chanteuse&quot;, algo as\u00ed como\" \/>\n\t\t<meta name=\"twitter:image\" content=\"https:\/\/eldigitaldeasturias.com\/magazine365\/wp-content\/uploads\/2014\/05\/6300501w.jpg\" \/>\n\t\t<script type=\"application\/ld+json\" class=\"aioseo-schema\">\n\t\t\t{\"@context\":\"https:\\\/\\\/schema.org\",\"@graph\":[{\"@type\":\"Article\",\"@id\":\"https:\\\/\\\/eldigitaldeasturias.com\\\/magazine365\\\/mariah-carey-la-cantante-de-la-inspiracion-esquiva\\\/#article\",\"name\":\"Mariah Carey, la cantante (de la inspiraci\\u00f3n) esquiva | El Digital de Asturias\",\"headline\":\"Mariah Carey, la cantante (de la inspiraci\\u00f3n) esquiva\",\"author\":{\"@id\":\"https:\\\/\\\/eldigitaldeasturias.com\\\/magazine365\\\/author\\\/admin\\\/#author\"},\"publisher\":{\"@id\":\"https:\\\/\\\/eldigitaldeasturias.com\\\/magazine365\\\/#organization\"},\"image\":{\"@type\":\"ImageObject\",\"url\":\"https:\\\/\\\/eldigitaldeasturias.com\\\/magazine365\\\/wp-content\\\/uploads\\\/2014\\\/05\\\/6300501w.jpg\",\"width\":700,\"height\":723},\"datePublished\":\"2014-05-26T19:21:57+02:00\",\"dateModified\":\"2014-05-26T19:21:57+02:00\",\"inLanguage\":\"es-ES\",\"mainEntityOfPage\":{\"@id\":\"https:\\\/\\\/eldigitaldeasturias.com\\\/magazine365\\\/mariah-carey-la-cantante-de-la-inspiracion-esquiva\\\/#webpage\"},\"isPartOf\":{\"@id\":\"https:\\\/\\\/eldigitaldeasturias.com\\\/magazine365\\\/mariah-carey-la-cantante-de-la-inspiracion-esquiva\\\/#webpage\"},\"articleSection\":\"Noticias y Actualidad\"},{\"@type\":\"BreadcrumbList\",\"@id\":\"https:\\\/\\\/eldigitaldeasturias.com\\\/magazine365\\\/mariah-carey-la-cantante-de-la-inspiracion-esquiva\\\/#breadcrumblist\",\"itemListElement\":[{\"@type\":\"ListItem\",\"@id\":\"https:\\\/\\\/eldigitaldeasturias.com\\\/magazine365#listItem\",\"position\":1,\"name\":\"Home\",\"item\":\"https:\\\/\\\/eldigitaldeasturias.com\\\/magazine365\",\"nextItem\":{\"@type\":\"ListItem\",\"@id\":\"https:\\\/\\\/eldigitaldeasturias.com\\\/magazine365\\\/category\\\/noticias-actualidad\\\/#listItem\",\"name\":\"Noticias y Actualidad\"}},{\"@type\":\"ListItem\",\"@id\":\"https:\\\/\\\/eldigitaldeasturias.com\\\/magazine365\\\/category\\\/noticias-actualidad\\\/#listItem\",\"position\":2,\"name\":\"Noticias y Actualidad\",\"item\":\"https:\\\/\\\/eldigitaldeasturias.com\\\/magazine365\\\/category\\\/noticias-actualidad\\\/\",\"nextItem\":{\"@type\":\"ListItem\",\"@id\":\"https:\\\/\\\/eldigitaldeasturias.com\\\/magazine365\\\/mariah-carey-la-cantante-de-la-inspiracion-esquiva\\\/#listItem\",\"name\":\"Mariah Carey, la cantante (de la inspiraci\\u00f3n) esquiva\"},\"previousItem\":{\"@type\":\"ListItem\",\"@id\":\"https:\\\/\\\/eldigitaldeasturias.com\\\/magazine365#listItem\",\"name\":\"Home\"}},{\"@type\":\"ListItem\",\"@id\":\"https:\\\/\\\/eldigitaldeasturias.com\\\/magazine365\\\/mariah-carey-la-cantante-de-la-inspiracion-esquiva\\\/#listItem\",\"position\":3,\"name\":\"Mariah Carey, la cantante (de la inspiraci\\u00f3n) esquiva\",\"previousItem\":{\"@type\":\"ListItem\",\"@id\":\"https:\\\/\\\/eldigitaldeasturias.com\\\/magazine365\\\/category\\\/noticias-actualidad\\\/#listItem\",\"name\":\"Noticias y Actualidad\"}}]},{\"@type\":\"Organization\",\"@id\":\"https:\\\/\\\/eldigitaldeasturias.com\\\/magazine365\\\/#organization\",\"name\":\"El digital de Asturias\",\"description\":\"Revista de ocio, turismo y estilo de vida\",\"url\":\"https:\\\/\\\/eldigitaldeasturias.com\\\/magazine365\\\/\",\"logo\":{\"@type\":\"ImageObject\",\"url\":\"https:\\\/\\\/www.eldigitaldeasturias.com\\\/noticias\\\/wp-content\\\/uploads\\\/2020\\\/12\\\/EDA.jpg\",\"@id\":\"https:\\\/\\\/eldigitaldeasturias.com\\\/magazine365\\\/mariah-carey-la-cantante-de-la-inspiracion-esquiva\\\/#organizationLogo\"},\"image\":{\"@id\":\"https:\\\/\\\/eldigitaldeasturias.com\\\/magazine365\\\/mariah-carey-la-cantante-de-la-inspiracion-esquiva\\\/#organizationLogo\"}},{\"@type\":\"Person\",\"@id\":\"https:\\\/\\\/eldigitaldeasturias.com\\\/magazine365\\\/author\\\/admin\\\/#author\",\"url\":\"https:\\\/\\\/eldigitaldeasturias.com\\\/magazine365\\\/author\\\/admin\\\/\",\"name\":\"admin\",\"image\":{\"@type\":\"ImageObject\",\"@id\":\"https:\\\/\\\/eldigitaldeasturias.com\\\/magazine365\\\/mariah-carey-la-cantante-de-la-inspiracion-esquiva\\\/#authorImage\",\"url\":\"https:\\\/\\\/eldigitaldeasturias.com\\\/magazine365\\\/wp-content\\\/litespeed\\\/avatar\\\/e571bcf59a0edd6fa6838245a470f2fe.jpg?ver=1776969259\",\"width\":96,\"height\":96,\"caption\":\"admin\"}},{\"@type\":\"WebPage\",\"@id\":\"https:\\\/\\\/eldigitaldeasturias.com\\\/magazine365\\\/mariah-carey-la-cantante-de-la-inspiracion-esquiva\\\/#webpage\",\"url\":\"https:\\\/\\\/eldigitaldeasturias.com\\\/magazine365\\\/mariah-carey-la-cantante-de-la-inspiracion-esquiva\\\/\",\"name\":\"Mariah Carey, la cantante (de la inspiraci\\u00f3n) esquiva | El Digital de Asturias\",\"description\":\"Madrid, 26 may (EFE).- Mariah Carey publica esta semana uno de los trabajos m\\u00e1s arduos de su carrera, dilatado y postergado varias veces hasta su publicaci\\u00f3n ma\\u00f1ana, con el que, seg\\u00fan varios medios, es uno de los peores t\\u00edtulos de la historia de la m\\u00fasica. \\\"Me. I Am Mariah... The Elusive Chanteuse\\\", algo as\\u00ed como\",\"inLanguage\":\"es-ES\",\"isPartOf\":{\"@id\":\"https:\\\/\\\/eldigitaldeasturias.com\\\/magazine365\\\/#website\"},\"breadcrumb\":{\"@id\":\"https:\\\/\\\/eldigitaldeasturias.com\\\/magazine365\\\/mariah-carey-la-cantante-de-la-inspiracion-esquiva\\\/#breadcrumblist\"},\"author\":{\"@id\":\"https:\\\/\\\/eldigitaldeasturias.com\\\/magazine365\\\/author\\\/admin\\\/#author\"},\"creator\":{\"@id\":\"https:\\\/\\\/eldigitaldeasturias.com\\\/magazine365\\\/author\\\/admin\\\/#author\"},\"image\":{\"@type\":\"ImageObject\",\"url\":\"https:\\\/\\\/eldigitaldeasturias.com\\\/magazine365\\\/wp-content\\\/uploads\\\/2014\\\/05\\\/6300501w.jpg\",\"@id\":\"https:\\\/\\\/eldigitaldeasturias.com\\\/magazine365\\\/mariah-carey-la-cantante-de-la-inspiracion-esquiva\\\/#mainImage\",\"width\":700,\"height\":723},\"primaryImageOfPage\":{\"@id\":\"https:\\\/\\\/eldigitaldeasturias.com\\\/magazine365\\\/mariah-carey-la-cantante-de-la-inspiracion-esquiva\\\/#mainImage\"},\"datePublished\":\"2014-05-26T19:21:57+02:00\",\"dateModified\":\"2014-05-26T19:21:57+02:00\"},{\"@type\":\"WebSite\",\"@id\":\"https:\\\/\\\/eldigitaldeasturias.com\\\/magazine365\\\/#website\",\"url\":\"https:\\\/\\\/eldigitaldeasturias.com\\\/magazine365\\\/\",\"name\":\"El Digital de Asturias\",\"description\":\"Revista de ocio, turismo y estilo de vida\",\"inLanguage\":\"es-ES\",\"publisher\":{\"@id\":\"https:\\\/\\\/eldigitaldeasturias.com\\\/magazine365\\\/#organization\"}}]}\n\t\t<\/script>\n\t\t<!-- All in One SEO Pro -->\r\n\t\t<title>Mariah Carey, la cantante (de la inspiraci\u00f3n) esquiva | El Digital de Asturias<\/title>\n\n","aioseo_head_json":{"title":"Mariah Carey, la cantante (de la inspiraci\u00f3n) esquiva | El Digital de Asturias","description":"Madrid, 26 may (EFE).- Mariah Carey publica esta semana uno de los trabajos m\u00e1s arduos de su carrera, dilatado y postergado varias veces hasta su publicaci\u00f3n ma\u00f1ana, con el que, seg\u00fan varios medios, es uno de los peores t\u00edtulos de la historia de la m\u00fasica. \"Me. I Am Mariah... The Elusive Chanteuse\", algo as\u00ed como","canonical_url":"https:\/\/eldigitaldeasturias.com\/magazine365\/mariah-carey-la-cantante-de-la-inspiracion-esquiva\/","robots":"max-image-preview:large","keywords":"noticias y actualidad","webmasterTools":{"google-site-verification":"UA-38556648-1","miscellaneous":""},"schema":{"@context":"https:\/\/schema.org","@graph":[{"@type":"Article","@id":"https:\/\/eldigitaldeasturias.com\/magazine365\/mariah-carey-la-cantante-de-la-inspiracion-esquiva\/#article","name":"Mariah Carey, la cantante (de la inspiraci\u00f3n) esquiva | El Digital de Asturias","headline":"Mariah Carey, la cantante (de la inspiraci\u00f3n) esquiva","author":{"@id":"https:\/\/eldigitaldeasturias.com\/magazine365\/author\/admin\/#author"},"publisher":{"@id":"https:\/\/eldigitaldeasturias.com\/magazine365\/#organization"},"image":{"@type":"ImageObject","url":"https:\/\/eldigitaldeasturias.com\/magazine365\/wp-content\/uploads\/2014\/05\/6300501w.jpg","width":700,"height":723},"datePublished":"2014-05-26T19:21:57+02:00","dateModified":"2014-05-26T19:21:57+02:00","inLanguage":"es-ES","mainEntityOfPage":{"@id":"https:\/\/eldigitaldeasturias.com\/magazine365\/mariah-carey-la-cantante-de-la-inspiracion-esquiva\/#webpage"},"isPartOf":{"@id":"https:\/\/eldigitaldeasturias.com\/magazine365\/mariah-carey-la-cantante-de-la-inspiracion-esquiva\/#webpage"},"articleSection":"Noticias y Actualidad"},{"@type":"BreadcrumbList","@id":"https:\/\/eldigitaldeasturias.com\/magazine365\/mariah-carey-la-cantante-de-la-inspiracion-esquiva\/#breadcrumblist","itemListElement":[{"@type":"ListItem","@id":"https:\/\/eldigitaldeasturias.com\/magazine365#listItem","position":1,"name":"Home","item":"https:\/\/eldigitaldeasturias.com\/magazine365","nextItem":{"@type":"ListItem","@id":"https:\/\/eldigitaldeasturias.com\/magazine365\/category\/noticias-actualidad\/#listItem","name":"Noticias y Actualidad"}},{"@type":"ListItem","@id":"https:\/\/eldigitaldeasturias.com\/magazine365\/category\/noticias-actualidad\/#listItem","position":2,"name":"Noticias y Actualidad","item":"https:\/\/eldigitaldeasturias.com\/magazine365\/category\/noticias-actualidad\/","nextItem":{"@type":"ListItem","@id":"https:\/\/eldigitaldeasturias.com\/magazine365\/mariah-carey-la-cantante-de-la-inspiracion-esquiva\/#listItem","name":"Mariah Carey, la cantante (de la inspiraci\u00f3n) esquiva"},"previousItem":{"@type":"ListItem","@id":"https:\/\/eldigitaldeasturias.com\/magazine365#listItem","name":"Home"}},{"@type":"ListItem","@id":"https:\/\/eldigitaldeasturias.com\/magazine365\/mariah-carey-la-cantante-de-la-inspiracion-esquiva\/#listItem","position":3,"name":"Mariah Carey, la cantante (de la inspiraci\u00f3n) esquiva","previousItem":{"@type":"ListItem","@id":"https:\/\/eldigitaldeasturias.com\/magazine365\/category\/noticias-actualidad\/#listItem","name":"Noticias y Actualidad"}}]},{"@type":"Organization","@id":"https:\/\/eldigitaldeasturias.com\/magazine365\/#organization","name":"El digital de Asturias","description":"Revista de ocio, turismo y estilo de vida","url":"https:\/\/eldigitaldeasturias.com\/magazine365\/","logo":{"@type":"ImageObject","url":"https:\/\/www.eldigitaldeasturias.com\/noticias\/wp-content\/uploads\/2020\/12\/EDA.jpg","@id":"https:\/\/eldigitaldeasturias.com\/magazine365\/mariah-carey-la-cantante-de-la-inspiracion-esquiva\/#organizationLogo"},"image":{"@id":"https:\/\/eldigitaldeasturias.com\/magazine365\/mariah-carey-la-cantante-de-la-inspiracion-esquiva\/#organizationLogo"}},{"@type":"Person","@id":"https:\/\/eldigitaldeasturias.com\/magazine365\/author\/admin\/#author","url":"https:\/\/eldigitaldeasturias.com\/magazine365\/author\/admin\/","name":"admin","image":{"@type":"ImageObject","@id":"https:\/\/eldigitaldeasturias.com\/magazine365\/mariah-carey-la-cantante-de-la-inspiracion-esquiva\/#authorImage","url":"https:\/\/eldigitaldeasturias.com\/magazine365\/wp-content\/litespeed\/avatar\/e571bcf59a0edd6fa6838245a470f2fe.jpg?ver=1776969259","width":96,"height":96,"caption":"admin"}},{"@type":"WebPage","@id":"https:\/\/eldigitaldeasturias.com\/magazine365\/mariah-carey-la-cantante-de-la-inspiracion-esquiva\/#webpage","url":"https:\/\/eldigitaldeasturias.com\/magazine365\/mariah-carey-la-cantante-de-la-inspiracion-esquiva\/","name":"Mariah Carey, la cantante (de la inspiraci\u00f3n) esquiva | El Digital de Asturias","description":"Madrid, 26 may (EFE).- Mariah Carey publica esta semana uno de los trabajos m\u00e1s arduos de su carrera, dilatado y postergado varias veces hasta su publicaci\u00f3n ma\u00f1ana, con el que, seg\u00fan varios medios, es uno de los peores t\u00edtulos de la historia de la m\u00fasica. \"Me. I Am Mariah... The Elusive Chanteuse\", algo as\u00ed como","inLanguage":"es-ES","isPartOf":{"@id":"https:\/\/eldigitaldeasturias.com\/magazine365\/#website"},"breadcrumb":{"@id":"https:\/\/eldigitaldeasturias.com\/magazine365\/mariah-carey-la-cantante-de-la-inspiracion-esquiva\/#breadcrumblist"},"author":{"@id":"https:\/\/eldigitaldeasturias.com\/magazine365\/author\/admin\/#author"},"creator":{"@id":"https:\/\/eldigitaldeasturias.com\/magazine365\/author\/admin\/#author"},"image":{"@type":"ImageObject","url":"https:\/\/eldigitaldeasturias.com\/magazine365\/wp-content\/uploads\/2014\/05\/6300501w.jpg","@id":"https:\/\/eldigitaldeasturias.com\/magazine365\/mariah-carey-la-cantante-de-la-inspiracion-esquiva\/#mainImage","width":700,"height":723},"primaryImageOfPage":{"@id":"https:\/\/eldigitaldeasturias.com\/magazine365\/mariah-carey-la-cantante-de-la-inspiracion-esquiva\/#mainImage"},"datePublished":"2014-05-26T19:21:57+02:00","dateModified":"2014-05-26T19:21:57+02:00"},{"@type":"WebSite","@id":"https:\/\/eldigitaldeasturias.com\/magazine365\/#website","url":"https:\/\/eldigitaldeasturias.com\/magazine365\/","name":"El Digital de Asturias","description":"Revista de ocio, turismo y estilo de vida","inLanguage":"es-ES","publisher":{"@id":"https:\/\/eldigitaldeasturias.com\/magazine365\/#organization"}}]},"og:locale":"es_ES","og:site_name":"El Digital de Asturias \u2013 Revista de ocio, turismo y estilo de vida","og:type":"article","og:title":"Mariah Carey, la cantante (de la inspiraci\u00f3n) esquiva | El Digital de Asturias","og:description":"Madrid, 26 may (EFE).- Mariah Carey publica esta semana uno de los trabajos m\u00e1s arduos de su carrera, dilatado y postergado varias veces hasta su publicaci\u00f3n ma\u00f1ana, con el que, seg\u00fan varios medios, es uno de los peores t\u00edtulos de la historia de la m\u00fasica. &quot;Me. I Am Mariah... The Elusive Chanteuse&quot;, algo as\u00ed como","og:url":"https:\/\/eldigitaldeasturias.com\/magazine365\/mariah-carey-la-cantante-de-la-inspiracion-esquiva\/","og:image":"https:\/\/eldigitaldeasturias.com\/magazine365\/wp-content\/uploads\/2014\/05\/6300501w.jpg","og:image:secure_url":"https:\/\/eldigitaldeasturias.com\/magazine365\/wp-content\/uploads\/2014\/05\/6300501w.jpg","og:image:width":700,"og:image:height":723,"article:published_time":"2014-05-26T21:21:57+00:00","article:modified_time":"2014-05-26T21:21:57+00:00","twitter:card":"summary_large_image","twitter:title":"Mariah Carey, la cantante (de la inspiraci\u00f3n) esquiva | El Digital de Asturias","twitter:description":"Madrid, 26 may (EFE).- Mariah Carey publica esta semana uno de los trabajos m\u00e1s arduos de su carrera, dilatado y postergado varias veces hasta su publicaci\u00f3n ma\u00f1ana, con el que, seg\u00fan varios medios, es uno de los peores t\u00edtulos de la historia de la m\u00fasica. &quot;Me. I Am Mariah... The Elusive Chanteuse&quot;, algo as\u00ed como","twitter:image":"https:\/\/eldigitaldeasturias.com\/magazine365\/wp-content\/uploads\/2014\/05\/6300501w.jpg"},"aioseo_meta_data":{"post_id":"13940","title":null,"description":null,"keywords":null,"keyphrases":null,"primary_term":null,"canonical_url":null,"og_title":null,"og_description":null,"og_object_type":"default","og_image_type":"default","og_image_url":null,"og_image_width":null,"og_image_height":null,"og_image_custom_url":null,"og_image_custom_fields":null,"og_video":null,"og_custom_url":null,"og_article_section":null,"og_article_tags":null,"twitter_use_og":false,"twitter_card":"default","twitter_image_type":"default","twitter_image_url":null,"twitter_image_custom_url":null,"twitter_image_custom_fields":null,"twitter_title":null,"twitter_description":null,"schema":{"blockGraphs":[],"customGraphs":[],"default":{"data":{"Article":[],"Course":[],"Dataset":[],"FAQPage":[],"Movie":[],"Person":[],"Product":[],"ProductReview":[],"Car":[],"Recipe":[],"Service":[],"SoftwareApplication":[],"WebPage":[]},"graphName":"","isEnabled":true},"graphs":[],"defaultGraph":"","defaultPostTypeGraph":""},"schema_type":null,"schema_type_options":null,"pillar_content":false,"robots_default":true,"robots_noindex":false,"robots_noarchive":false,"robots_nosnippet":false,"robots_nofollow":false,"robots_noimageindex":false,"robots_noodp":false,"robots_notranslate":false,"robots_max_snippet":null,"robots_max_videopreview":null,"robots_max_imagepreview":"large","priority":null,"frequency":null,"location":null,"local_seo":null,"seo_analyzer_scan_date":"2025-09-17 09:13:18","breadcrumb_settings":null,"limit_modified_date":false,"open_ai":null,"ai":null,"created":"2021-03-09 08:21:40","updated":"2025-09-17 09:13:18"},"aioseo_breadcrumb":"<div class=\"aioseo-breadcrumbs\"><span class=\"aioseo-breadcrumb\">\n\t<a href=\"https:\/\/eldigitaldeasturias.com\/magazine365\" title=\"Home\">Home<\/a>\n<\/span><span class=\"aioseo-breadcrumb-separator\">\u2013<\/span><span class=\"aioseo-breadcrumb\">\n\t<a href=\"https:\/\/eldigitaldeasturias.com\/magazine365\/category\/noticias-actualidad\/\" title=\"Noticias y Actualidad\">Noticias y Actualidad<\/a>\n<\/span><span class=\"aioseo-breadcrumb-separator\">\u2013<\/span><span class=\"aioseo-breadcrumb\">\n\t<a href=\"https:\/\/eldigitaldeasturias.com\/magazine365\/mariah-carey-la-cantante-de-la-inspiracion-esquiva\/\" title=\"Mariah Carey, la cantante (de la inspiraci\u00f3n) esquiva\">Mariah Carey, la cantante (de la inspiraci\u00f3n) esquiva<\/a>\n<\/span><\/div>","aioseo_breadcrumb_json":[{"label":"Home","link":"https:\/\/eldigitaldeasturias.com\/magazine365"},{"label":"Noticias y Actualidad","link":"https:\/\/eldigitaldeasturias.com\/magazine365\/category\/noticias-actualidad\/"},{"label":"Mariah Carey, la cantante (de la inspiraci\u00f3n) esquiva","link":"https:\/\/eldigitaldeasturias.com\/magazine365\/mariah-carey-la-cantante-de-la-inspiracion-esquiva\/"}],"_links":{"self":[{"href":"https:\/\/eldigitaldeasturias.com\/magazine365\/wp-json\/wp\/v2\/posts\/13940","targetHints":{"allow":["GET"]}}],"collection":[{"href":"https:\/\/eldigitaldeasturias.com\/magazine365\/wp-json\/wp\/v2\/posts"}],"about":[{"href":"https:\/\/eldigitaldeasturias.com\/magazine365\/wp-json\/wp\/v2\/types\/post"}],"author":[{"embeddable":true,"href":"https:\/\/eldigitaldeasturias.com\/magazine365\/wp-json\/wp\/v2\/users\/1"}],"replies":[{"embeddable":true,"href":"https:\/\/eldigitaldeasturias.com\/magazine365\/wp-json\/wp\/v2\/comments?post=13940"}],"version-history":[{"count":0,"href":"https:\/\/eldigitaldeasturias.com\/magazine365\/wp-json\/wp\/v2\/posts\/13940\/revisions"}],"wp:featuredmedia":[{"embeddable":true,"href":"https:\/\/eldigitaldeasturias.com\/magazine365\/wp-json\/wp\/v2\/media\/13941"}],"wp:attachment":[{"href":"https:\/\/eldigitaldeasturias.com\/magazine365\/wp-json\/wp\/v2\/media?parent=13940"}],"wp:term":[{"taxonomy":"category","embeddable":true,"href":"https:\/\/eldigitaldeasturias.com\/magazine365\/wp-json\/wp\/v2\/categories?post=13940"},{"taxonomy":"post_tag","embeddable":true,"href":"https:\/\/eldigitaldeasturias.com\/magazine365\/wp-json\/wp\/v2\/tags?post=13940"}],"curies":[{"name":"wp","href":"https:\/\/api.w.org\/{rel}","templated":true}]}}