{"id":13922,"date":"2014-05-25T22:11:59","date_gmt":"2014-05-26T00:11:59","guid":{"rendered":"http:\/\/eldigitaldeasturias.com\/magazine365\/?p=13922"},"modified":"2014-05-25T22:11:59","modified_gmt":"2014-05-26T00:11:59","slug":"robbie-williams-e-ivete-sangalo-abren-hoy-una-nueva-edicion-del-rock-in-rio","status":"publish","type":"post","link":"https:\/\/eldigitaldeasturias.com\/magazine365\/robbie-williams-e-ivete-sangalo-abren-hoy-una-nueva-edicion-del-rock-in-rio\/","title":{"rendered":"Robbie Williams e Ivete Sangalo abren hoy una nueva edici\u00f3n del Rock in R\u00edo"},"content":{"rendered":"<p><img fetchpriority=\"high\" decoding=\"async\" class=\"alignleft size-medium wp-image-13923\" alt=\"6299071w\" src=\"https:\/\/eldigitaldeasturias.com\/magazine365\/wp-content\/uploads\/2014\/05\/6299071w-360x191.jpg\" width=\"360\" height=\"191\" srcset=\"https:\/\/eldigitaldeasturias.com\/magazine365\/wp-content\/uploads\/2014\/05\/6299071w-360x191.jpg 360w, https:\/\/eldigitaldeasturias.com\/magazine365\/wp-content\/uploads\/2014\/05\/6299071w-650x345.jpg 650w, https:\/\/eldigitaldeasturias.com\/magazine365\/wp-content\/uploads\/2014\/05\/6299071w-768x408.jpg 768w, https:\/\/eldigitaldeasturias.com\/magazine365\/wp-content\/uploads\/2014\/05\/6299071w-150x80.jpg 150w, https:\/\/eldigitaldeasturias.com\/magazine365\/wp-content\/uploads\/2014\/05\/6299071w-450x239.jpg 450w, https:\/\/eldigitaldeasturias.com\/magazine365\/wp-content\/uploads\/2014\/05\/6299071w-696x370.jpg 696w, https:\/\/eldigitaldeasturias.com\/magazine365\/wp-content\/uploads\/2014\/05\/6299071w-791x420.jpg 791w, https:\/\/eldigitaldeasturias.com\/magazine365\/wp-content\/uploads\/2014\/05\/6299071w.jpg 800w\" sizes=\"(max-width: 360px) 100vw, 360px\" \/>Lisboa, 25 may (EFE).- La sexta edici\u00f3n del Rock in R\u00edo Lisboa abri\u00f3 hoy sus puertas en el parque Bela Vista, donde comienzan a posicionarse cientos de aficionados para asistir las actuaciones m\u00e1s esperadas de la jornada, las del brit\u00e1nico Robbie Williams y la brasile\u00f1a Ivete Sangalo.<\/p>\n<p>El buen tiempo acompa\u00f1a el primero de los cinco d\u00edas de fiesta previstos en esta edici\u00f3n, que se prev\u00e9 atraer\u00e1 a un total de 350.000 personas en un recinto con capacidad para unas 90.000 personas.<\/p>\n<p>Las autoridades de Lisboa han reforzado las medidas de seguridad en el recinto y han cortado al tr\u00e1fico en algunas de las v\u00edas de acceso para facilitar la llegada de los participantes a este espect\u00e1culo musical, uno de los m\u00e1s importantes a nivel mundial.<\/p>\n<p>Tambi\u00e9n han reforzado los servicios de transporte p\u00fablico e incentivado el uso de bicicleta con la instalaci\u00f3n de un parque de estacionamiento espec\u00edfico.<\/p>\n<p>Como cabeza de cartel, Robbie Williams, es el favorito de los que ya est\u00e1n situados en la llamada \u00abciudad del rock\u00bb, concretamente en el Palco Mundo, donde est\u00e1 prevista la actuaci\u00f3n del artista brit\u00e1nico esta noche.<\/p>\n<p>Despu\u00e9s ser\u00e1 el turno de Ivete Sangalo, la \u00fanica brasile\u00f1a que no se ha perdido ninguna de las ediciones del certamen celebradas en Portugal.<\/p>\n<p>Aunque Rock in R\u00edo se fund\u00f3 en R\u00edo de Janeiro en 1985, son ya m\u00e1s las ediciones celebradas en Portugal que en Brasil, donde est\u00e1 confirmado que volver\u00e1 en 2015.<\/p>\n<p>La vicepresidenta del certamen e hija del fundador, la brasile\u00f1a Roberta Medina, dijo en una entrevista a EFE que el cartel de esta edici\u00f3n es \u00abimbatible\u00bb, solo comparable al de la primera cuando los Queen actuaron ante 300.000 personas en R\u00edo de Janeiro.<\/p>\n<p>La sexta edici\u00f3n de Rock in R\u00edo Lisboa, -ya que se celebra cada dos a\u00f1os desde 2004-, tiene conciertos programados tambi\u00e9n para los d\u00edas 29, 30, 31 de mayo y 1 de junio.<\/p>\n<p>El concierto m\u00e1s esperado, con las entradas agotadas desde hace tiempo, es el del d\u00eda 29, el de la m\u00edtica banda de rock, The Rolling Stones.<\/p>\n<p>Al d\u00eda siguiente, y manteniendo la onda rock, el festival volver\u00e1 a sonar con los estadounidenses Linkin Park, una de las bandas m\u00e1s solicitadas y seguidas en la web oficial del evento.<\/p>\n<p>El 31, en cabeza de cartel estar\u00e1 la banda canadiense Arcade Fire, que actuar\u00e1 por primera vez en Rock in R\u00edo.<\/p>\n<p>Y como colof\u00f3n, el d\u00eda 1 de junio el festival presentar\u00e1 a otra gran estrella de esta edici\u00f3n en Portugal, el estadounidense Justin Timberlake, cuyo concierto fue considerado como el mejor de Rock in R\u00edo Brasil 2013, que congreg\u00f3 a cerca de 85.000 personas en la capital brasile\u00f1a.<\/p>\n<p>Adem\u00e1s de los conciertos, la animaci\u00f3n est\u00e1 garantizada en el recinto del festival, con actividades paralelas como espect\u00e1culos diarios de Street Dance y actuaciones de m\u00e1s de veinte DJ&#8217;s de todo el mundo.<\/p>\n","protected":false},"excerpt":{"rendered":"<p>Lisboa, 25 may (EFE).- La sexta edici\u00f3n del Rock in R\u00edo Lisboa abri\u00f3 hoy sus puertas en el parque Bela Vista, donde comienzan a posicionarse cientos de aficionados para asistir las actuaciones m\u00e1s esperadas de la jornada, las del brit\u00e1nico Robbie Williams y la brasile\u00f1a Ivete Sangalo. El buen tiempo acompa\u00f1a el primero de los<\/p>\n","protected":false},"author":1,"featured_media":13923,"comment_status":"open","ping_status":"closed","sticky":false,"template":"","format":"standard","meta":{"footnotes":""},"categories":[224],"tags":[],"class_list":{"0":"post-13922","1":"post","2":"type-post","3":"status-publish","4":"format-standard","5":"has-post-thumbnail","7":"category-noticias-actualidad"},"aioseo_notices":[],"aioseo_head":"\n\t\t<!-- All in One SEO Pro 4.9.6.1 - aioseo.com -->\n\t<meta name=\"description\" content=\"Lisboa, 25 may (EFE).- La sexta edici\u00f3n del Rock in R\u00edo Lisboa abri\u00f3 hoy sus puertas en el parque Bela Vista, donde comienzan a posicionarse cientos de aficionados para asistir las actuaciones m\u00e1s esperadas de la jornada, las del brit\u00e1nico Robbie Williams y la brasile\u00f1a Ivete Sangalo. El buen tiempo acompa\u00f1a el primero de los\" \/>\n\t<meta name=\"robots\" content=\"max-image-preview:large\" \/>\n\t<meta name=\"author\" content=\"admin\"\/>\n\t<meta name=\"google-site-verification\" content=\"UA-38556648-1\" \/>\n\t<meta name=\"keywords\" content=\"noticias y actualidad\" \/>\n\t<link rel=\"canonical\" href=\"https:\/\/eldigitaldeasturias.com\/magazine365\/robbie-williams-e-ivete-sangalo-abren-hoy-una-nueva-edicion-del-rock-in-rio\/\" \/>\n\t<meta name=\"generator\" content=\"All in One SEO Pro (AIOSEO) 4.9.6.1\" \/>\n\t\t<meta property=\"og:locale\" content=\"es_ES\" \/>\n\t\t<meta property=\"og:site_name\" content=\"El Digital de Asturias \u2013 Revista de ocio, turismo y estilo de vida\" \/>\n\t\t<meta property=\"og:type\" content=\"article\" \/>\n\t\t<meta property=\"og:title\" content=\"Robbie Williams e Ivete Sangalo abren hoy una nueva edici\u00f3n del Rock in R\u00edo | El Digital de Asturias\" \/>\n\t\t<meta property=\"og:description\" content=\"Lisboa, 25 may (EFE).- La sexta edici\u00f3n del Rock in R\u00edo Lisboa abri\u00f3 hoy sus puertas en el parque Bela Vista, donde comienzan a posicionarse cientos de aficionados para asistir las actuaciones m\u00e1s esperadas de la jornada, las del brit\u00e1nico Robbie Williams y la brasile\u00f1a Ivete Sangalo. El buen tiempo acompa\u00f1a el primero de los\" \/>\n\t\t<meta property=\"og:url\" content=\"https:\/\/eldigitaldeasturias.com\/magazine365\/robbie-williams-e-ivete-sangalo-abren-hoy-una-nueva-edicion-del-rock-in-rio\/\" \/>\n\t\t<meta property=\"og:image\" content=\"https:\/\/eldigitaldeasturias.com\/magazine365\/wp-content\/uploads\/2014\/05\/6299071w.jpg\" \/>\n\t\t<meta property=\"og:image:secure_url\" content=\"https:\/\/eldigitaldeasturias.com\/magazine365\/wp-content\/uploads\/2014\/05\/6299071w.jpg\" \/>\n\t\t<meta property=\"og:image:width\" content=\"800\" \/>\n\t\t<meta property=\"og:image:height\" content=\"425\" \/>\n\t\t<meta property=\"article:published_time\" content=\"2014-05-26T00:11:59+00:00\" \/>\n\t\t<meta property=\"article:modified_time\" content=\"2014-05-26T00:11:59+00:00\" \/>\n\t\t<meta name=\"twitter:card\" content=\"summary_large_image\" \/>\n\t\t<meta name=\"twitter:title\" content=\"Robbie Williams e Ivete Sangalo abren hoy una nueva edici\u00f3n del Rock in R\u00edo | El Digital de Asturias\" \/>\n\t\t<meta name=\"twitter:description\" content=\"Lisboa, 25 may (EFE).- La sexta edici\u00f3n del Rock in R\u00edo Lisboa abri\u00f3 hoy sus puertas en el parque Bela Vista, donde comienzan a posicionarse cientos de aficionados para asistir las actuaciones m\u00e1s esperadas de la jornada, las del brit\u00e1nico Robbie Williams y la brasile\u00f1a Ivete Sangalo. El buen tiempo acompa\u00f1a el primero de los\" \/>\n\t\t<meta name=\"twitter:image\" content=\"https:\/\/eldigitaldeasturias.com\/magazine365\/wp-content\/uploads\/2014\/05\/6299071w.jpg\" \/>\n\t\t<script type=\"application\/ld+json\" class=\"aioseo-schema\">\n\t\t\t{\"@context\":\"https:\\\/\\\/schema.org\",\"@graph\":[{\"@type\":\"Article\",\"@id\":\"https:\\\/\\\/eldigitaldeasturias.com\\\/magazine365\\\/robbie-williams-e-ivete-sangalo-abren-hoy-una-nueva-edicion-del-rock-in-rio\\\/#article\",\"name\":\"Robbie Williams e Ivete Sangalo abren hoy una nueva edici\\u00f3n del Rock in R\\u00edo | El Digital de Asturias\",\"headline\":\"Robbie Williams e Ivete Sangalo abren hoy una nueva edici\\u00f3n del Rock in R\\u00edo\",\"author\":{\"@id\":\"https:\\\/\\\/eldigitaldeasturias.com\\\/magazine365\\\/author\\\/admin\\\/#author\"},\"publisher\":{\"@id\":\"https:\\\/\\\/eldigitaldeasturias.com\\\/magazine365\\\/#organization\"},\"image\":{\"@type\":\"ImageObject\",\"url\":\"https:\\\/\\\/eldigitaldeasturias.com\\\/magazine365\\\/wp-content\\\/uploads\\\/2014\\\/05\\\/6299071w.jpg\",\"width\":800,\"height\":425},\"datePublished\":\"2014-05-25T22:11:59+02:00\",\"dateModified\":\"2014-05-25T22:11:59+02:00\",\"inLanguage\":\"es-ES\",\"mainEntityOfPage\":{\"@id\":\"https:\\\/\\\/eldigitaldeasturias.com\\\/magazine365\\\/robbie-williams-e-ivete-sangalo-abren-hoy-una-nueva-edicion-del-rock-in-rio\\\/#webpage\"},\"isPartOf\":{\"@id\":\"https:\\\/\\\/eldigitaldeasturias.com\\\/magazine365\\\/robbie-williams-e-ivete-sangalo-abren-hoy-una-nueva-edicion-del-rock-in-rio\\\/#webpage\"},\"articleSection\":\"Noticias y Actualidad\"},{\"@type\":\"BreadcrumbList\",\"@id\":\"https:\\\/\\\/eldigitaldeasturias.com\\\/magazine365\\\/robbie-williams-e-ivete-sangalo-abren-hoy-una-nueva-edicion-del-rock-in-rio\\\/#breadcrumblist\",\"itemListElement\":[{\"@type\":\"ListItem\",\"@id\":\"https:\\\/\\\/eldigitaldeasturias.com\\\/magazine365#listItem\",\"position\":1,\"name\":\"Home\",\"item\":\"https:\\\/\\\/eldigitaldeasturias.com\\\/magazine365\",\"nextItem\":{\"@type\":\"ListItem\",\"@id\":\"https:\\\/\\\/eldigitaldeasturias.com\\\/magazine365\\\/category\\\/noticias-actualidad\\\/#listItem\",\"name\":\"Noticias y Actualidad\"}},{\"@type\":\"ListItem\",\"@id\":\"https:\\\/\\\/eldigitaldeasturias.com\\\/magazine365\\\/category\\\/noticias-actualidad\\\/#listItem\",\"position\":2,\"name\":\"Noticias y Actualidad\",\"item\":\"https:\\\/\\\/eldigitaldeasturias.com\\\/magazine365\\\/category\\\/noticias-actualidad\\\/\",\"nextItem\":{\"@type\":\"ListItem\",\"@id\":\"https:\\\/\\\/eldigitaldeasturias.com\\\/magazine365\\\/robbie-williams-e-ivete-sangalo-abren-hoy-una-nueva-edicion-del-rock-in-rio\\\/#listItem\",\"name\":\"Robbie Williams e Ivete Sangalo abren hoy una nueva edici\\u00f3n del Rock in R\\u00edo\"},\"previousItem\":{\"@type\":\"ListItem\",\"@id\":\"https:\\\/\\\/eldigitaldeasturias.com\\\/magazine365#listItem\",\"name\":\"Home\"}},{\"@type\":\"ListItem\",\"@id\":\"https:\\\/\\\/eldigitaldeasturias.com\\\/magazine365\\\/robbie-williams-e-ivete-sangalo-abren-hoy-una-nueva-edicion-del-rock-in-rio\\\/#listItem\",\"position\":3,\"name\":\"Robbie Williams e Ivete Sangalo abren hoy una nueva edici\\u00f3n del Rock in R\\u00edo\",\"previousItem\":{\"@type\":\"ListItem\",\"@id\":\"https:\\\/\\\/eldigitaldeasturias.com\\\/magazine365\\\/category\\\/noticias-actualidad\\\/#listItem\",\"name\":\"Noticias y Actualidad\"}}]},{\"@type\":\"Organization\",\"@id\":\"https:\\\/\\\/eldigitaldeasturias.com\\\/magazine365\\\/#organization\",\"name\":\"El digital de Asturias\",\"description\":\"Revista de ocio, turismo y estilo de vida\",\"url\":\"https:\\\/\\\/eldigitaldeasturias.com\\\/magazine365\\\/\",\"logo\":{\"@type\":\"ImageObject\",\"url\":\"https:\\\/\\\/www.eldigitaldeasturias.com\\\/noticias\\\/wp-content\\\/uploads\\\/2020\\\/12\\\/EDA.jpg\",\"@id\":\"https:\\\/\\\/eldigitaldeasturias.com\\\/magazine365\\\/robbie-williams-e-ivete-sangalo-abren-hoy-una-nueva-edicion-del-rock-in-rio\\\/#organizationLogo\"},\"image\":{\"@id\":\"https:\\\/\\\/eldigitaldeasturias.com\\\/magazine365\\\/robbie-williams-e-ivete-sangalo-abren-hoy-una-nueva-edicion-del-rock-in-rio\\\/#organizationLogo\"}},{\"@type\":\"Person\",\"@id\":\"https:\\\/\\\/eldigitaldeasturias.com\\\/magazine365\\\/author\\\/admin\\\/#author\",\"url\":\"https:\\\/\\\/eldigitaldeasturias.com\\\/magazine365\\\/author\\\/admin\\\/\",\"name\":\"admin\",\"image\":{\"@type\":\"ImageObject\",\"@id\":\"https:\\\/\\\/eldigitaldeasturias.com\\\/magazine365\\\/robbie-williams-e-ivete-sangalo-abren-hoy-una-nueva-edicion-del-rock-in-rio\\\/#authorImage\",\"url\":\"https:\\\/\\\/eldigitaldeasturias.com\\\/magazine365\\\/wp-content\\\/litespeed\\\/avatar\\\/e571bcf59a0edd6fa6838245a470f2fe.jpg?ver=1776969259\",\"width\":96,\"height\":96,\"caption\":\"admin\"}},{\"@type\":\"WebPage\",\"@id\":\"https:\\\/\\\/eldigitaldeasturias.com\\\/magazine365\\\/robbie-williams-e-ivete-sangalo-abren-hoy-una-nueva-edicion-del-rock-in-rio\\\/#webpage\",\"url\":\"https:\\\/\\\/eldigitaldeasturias.com\\\/magazine365\\\/robbie-williams-e-ivete-sangalo-abren-hoy-una-nueva-edicion-del-rock-in-rio\\\/\",\"name\":\"Robbie Williams e Ivete Sangalo abren hoy una nueva edici\\u00f3n del Rock in R\\u00edo | El Digital de Asturias\",\"description\":\"Lisboa, 25 may (EFE).- La sexta edici\\u00f3n del Rock in R\\u00edo Lisboa abri\\u00f3 hoy sus puertas en el parque Bela Vista, donde comienzan a posicionarse cientos de aficionados para asistir las actuaciones m\\u00e1s esperadas de la jornada, las del brit\\u00e1nico Robbie Williams y la brasile\\u00f1a Ivete Sangalo. El buen tiempo acompa\\u00f1a el primero de los\",\"inLanguage\":\"es-ES\",\"isPartOf\":{\"@id\":\"https:\\\/\\\/eldigitaldeasturias.com\\\/magazine365\\\/#website\"},\"breadcrumb\":{\"@id\":\"https:\\\/\\\/eldigitaldeasturias.com\\\/magazine365\\\/robbie-williams-e-ivete-sangalo-abren-hoy-una-nueva-edicion-del-rock-in-rio\\\/#breadcrumblist\"},\"author\":{\"@id\":\"https:\\\/\\\/eldigitaldeasturias.com\\\/magazine365\\\/author\\\/admin\\\/#author\"},\"creator\":{\"@id\":\"https:\\\/\\\/eldigitaldeasturias.com\\\/magazine365\\\/author\\\/admin\\\/#author\"},\"image\":{\"@type\":\"ImageObject\",\"url\":\"https:\\\/\\\/eldigitaldeasturias.com\\\/magazine365\\\/wp-content\\\/uploads\\\/2014\\\/05\\\/6299071w.jpg\",\"@id\":\"https:\\\/\\\/eldigitaldeasturias.com\\\/magazine365\\\/robbie-williams-e-ivete-sangalo-abren-hoy-una-nueva-edicion-del-rock-in-rio\\\/#mainImage\",\"width\":800,\"height\":425},\"primaryImageOfPage\":{\"@id\":\"https:\\\/\\\/eldigitaldeasturias.com\\\/magazine365\\\/robbie-williams-e-ivete-sangalo-abren-hoy-una-nueva-edicion-del-rock-in-rio\\\/#mainImage\"},\"datePublished\":\"2014-05-25T22:11:59+02:00\",\"dateModified\":\"2014-05-25T22:11:59+02:00\"},{\"@type\":\"WebSite\",\"@id\":\"https:\\\/\\\/eldigitaldeasturias.com\\\/magazine365\\\/#website\",\"url\":\"https:\\\/\\\/eldigitaldeasturias.com\\\/magazine365\\\/\",\"name\":\"El Digital de Asturias\",\"description\":\"Revista de ocio, turismo y estilo de vida\",\"inLanguage\":\"es-ES\",\"publisher\":{\"@id\":\"https:\\\/\\\/eldigitaldeasturias.com\\\/magazine365\\\/#organization\"}}]}\n\t\t<\/script>\n\t\t<!-- All in One SEO Pro -->\r\n\t\t<title>Robbie Williams e Ivete Sangalo abren hoy una nueva edici\u00f3n del Rock in R\u00edo | El Digital de Asturias<\/title>\n\n","aioseo_head_json":{"title":"Robbie Williams e Ivete Sangalo abren hoy una nueva edici\u00f3n del Rock in R\u00edo | El Digital de Asturias","description":"Lisboa, 25 may (EFE).- La sexta edici\u00f3n del Rock in R\u00edo Lisboa abri\u00f3 hoy sus puertas en el parque Bela Vista, donde comienzan a posicionarse cientos de aficionados para asistir las actuaciones m\u00e1s esperadas de la jornada, las del brit\u00e1nico Robbie Williams y la brasile\u00f1a Ivete Sangalo. El buen tiempo acompa\u00f1a el primero de los","canonical_url":"https:\/\/eldigitaldeasturias.com\/magazine365\/robbie-williams-e-ivete-sangalo-abren-hoy-una-nueva-edicion-del-rock-in-rio\/","robots":"max-image-preview:large","keywords":"noticias y actualidad","webmasterTools":{"google-site-verification":"UA-38556648-1","miscellaneous":""},"schema":{"@context":"https:\/\/schema.org","@graph":[{"@type":"Article","@id":"https:\/\/eldigitaldeasturias.com\/magazine365\/robbie-williams-e-ivete-sangalo-abren-hoy-una-nueva-edicion-del-rock-in-rio\/#article","name":"Robbie Williams e Ivete Sangalo abren hoy una nueva edici\u00f3n del Rock in R\u00edo | El Digital de Asturias","headline":"Robbie Williams e Ivete Sangalo abren hoy una nueva edici\u00f3n del Rock in R\u00edo","author":{"@id":"https:\/\/eldigitaldeasturias.com\/magazine365\/author\/admin\/#author"},"publisher":{"@id":"https:\/\/eldigitaldeasturias.com\/magazine365\/#organization"},"image":{"@type":"ImageObject","url":"https:\/\/eldigitaldeasturias.com\/magazine365\/wp-content\/uploads\/2014\/05\/6299071w.jpg","width":800,"height":425},"datePublished":"2014-05-25T22:11:59+02:00","dateModified":"2014-05-25T22:11:59+02:00","inLanguage":"es-ES","mainEntityOfPage":{"@id":"https:\/\/eldigitaldeasturias.com\/magazine365\/robbie-williams-e-ivete-sangalo-abren-hoy-una-nueva-edicion-del-rock-in-rio\/#webpage"},"isPartOf":{"@id":"https:\/\/eldigitaldeasturias.com\/magazine365\/robbie-williams-e-ivete-sangalo-abren-hoy-una-nueva-edicion-del-rock-in-rio\/#webpage"},"articleSection":"Noticias y Actualidad"},{"@type":"BreadcrumbList","@id":"https:\/\/eldigitaldeasturias.com\/magazine365\/robbie-williams-e-ivete-sangalo-abren-hoy-una-nueva-edicion-del-rock-in-rio\/#breadcrumblist","itemListElement":[{"@type":"ListItem","@id":"https:\/\/eldigitaldeasturias.com\/magazine365#listItem","position":1,"name":"Home","item":"https:\/\/eldigitaldeasturias.com\/magazine365","nextItem":{"@type":"ListItem","@id":"https:\/\/eldigitaldeasturias.com\/magazine365\/category\/noticias-actualidad\/#listItem","name":"Noticias y Actualidad"}},{"@type":"ListItem","@id":"https:\/\/eldigitaldeasturias.com\/magazine365\/category\/noticias-actualidad\/#listItem","position":2,"name":"Noticias y Actualidad","item":"https:\/\/eldigitaldeasturias.com\/magazine365\/category\/noticias-actualidad\/","nextItem":{"@type":"ListItem","@id":"https:\/\/eldigitaldeasturias.com\/magazine365\/robbie-williams-e-ivete-sangalo-abren-hoy-una-nueva-edicion-del-rock-in-rio\/#listItem","name":"Robbie Williams e Ivete Sangalo abren hoy una nueva edici\u00f3n del Rock in R\u00edo"},"previousItem":{"@type":"ListItem","@id":"https:\/\/eldigitaldeasturias.com\/magazine365#listItem","name":"Home"}},{"@type":"ListItem","@id":"https:\/\/eldigitaldeasturias.com\/magazine365\/robbie-williams-e-ivete-sangalo-abren-hoy-una-nueva-edicion-del-rock-in-rio\/#listItem","position":3,"name":"Robbie Williams e Ivete Sangalo abren hoy una nueva edici\u00f3n del Rock in R\u00edo","previousItem":{"@type":"ListItem","@id":"https:\/\/eldigitaldeasturias.com\/magazine365\/category\/noticias-actualidad\/#listItem","name":"Noticias y Actualidad"}}]},{"@type":"Organization","@id":"https:\/\/eldigitaldeasturias.com\/magazine365\/#organization","name":"El digital de Asturias","description":"Revista de ocio, turismo y estilo de vida","url":"https:\/\/eldigitaldeasturias.com\/magazine365\/","logo":{"@type":"ImageObject","url":"https:\/\/www.eldigitaldeasturias.com\/noticias\/wp-content\/uploads\/2020\/12\/EDA.jpg","@id":"https:\/\/eldigitaldeasturias.com\/magazine365\/robbie-williams-e-ivete-sangalo-abren-hoy-una-nueva-edicion-del-rock-in-rio\/#organizationLogo"},"image":{"@id":"https:\/\/eldigitaldeasturias.com\/magazine365\/robbie-williams-e-ivete-sangalo-abren-hoy-una-nueva-edicion-del-rock-in-rio\/#organizationLogo"}},{"@type":"Person","@id":"https:\/\/eldigitaldeasturias.com\/magazine365\/author\/admin\/#author","url":"https:\/\/eldigitaldeasturias.com\/magazine365\/author\/admin\/","name":"admin","image":{"@type":"ImageObject","@id":"https:\/\/eldigitaldeasturias.com\/magazine365\/robbie-williams-e-ivete-sangalo-abren-hoy-una-nueva-edicion-del-rock-in-rio\/#authorImage","url":"https:\/\/eldigitaldeasturias.com\/magazine365\/wp-content\/litespeed\/avatar\/e571bcf59a0edd6fa6838245a470f2fe.jpg?ver=1776969259","width":96,"height":96,"caption":"admin"}},{"@type":"WebPage","@id":"https:\/\/eldigitaldeasturias.com\/magazine365\/robbie-williams-e-ivete-sangalo-abren-hoy-una-nueva-edicion-del-rock-in-rio\/#webpage","url":"https:\/\/eldigitaldeasturias.com\/magazine365\/robbie-williams-e-ivete-sangalo-abren-hoy-una-nueva-edicion-del-rock-in-rio\/","name":"Robbie Williams e Ivete Sangalo abren hoy una nueva edici\u00f3n del Rock in R\u00edo | El Digital de Asturias","description":"Lisboa, 25 may (EFE).- La sexta edici\u00f3n del Rock in R\u00edo Lisboa abri\u00f3 hoy sus puertas en el parque Bela Vista, donde comienzan a posicionarse cientos de aficionados para asistir las actuaciones m\u00e1s esperadas de la jornada, las del brit\u00e1nico Robbie Williams y la brasile\u00f1a Ivete Sangalo. El buen tiempo acompa\u00f1a el primero de los","inLanguage":"es-ES","isPartOf":{"@id":"https:\/\/eldigitaldeasturias.com\/magazine365\/#website"},"breadcrumb":{"@id":"https:\/\/eldigitaldeasturias.com\/magazine365\/robbie-williams-e-ivete-sangalo-abren-hoy-una-nueva-edicion-del-rock-in-rio\/#breadcrumblist"},"author":{"@id":"https:\/\/eldigitaldeasturias.com\/magazine365\/author\/admin\/#author"},"creator":{"@id":"https:\/\/eldigitaldeasturias.com\/magazine365\/author\/admin\/#author"},"image":{"@type":"ImageObject","url":"https:\/\/eldigitaldeasturias.com\/magazine365\/wp-content\/uploads\/2014\/05\/6299071w.jpg","@id":"https:\/\/eldigitaldeasturias.com\/magazine365\/robbie-williams-e-ivete-sangalo-abren-hoy-una-nueva-edicion-del-rock-in-rio\/#mainImage","width":800,"height":425},"primaryImageOfPage":{"@id":"https:\/\/eldigitaldeasturias.com\/magazine365\/robbie-williams-e-ivete-sangalo-abren-hoy-una-nueva-edicion-del-rock-in-rio\/#mainImage"},"datePublished":"2014-05-25T22:11:59+02:00","dateModified":"2014-05-25T22:11:59+02:00"},{"@type":"WebSite","@id":"https:\/\/eldigitaldeasturias.com\/magazine365\/#website","url":"https:\/\/eldigitaldeasturias.com\/magazine365\/","name":"El Digital de Asturias","description":"Revista de ocio, turismo y estilo de vida","inLanguage":"es-ES","publisher":{"@id":"https:\/\/eldigitaldeasturias.com\/magazine365\/#organization"}}]},"og:locale":"es_ES","og:site_name":"El Digital de Asturias \u2013 Revista de ocio, turismo y estilo de vida","og:type":"article","og:title":"Robbie Williams e Ivete Sangalo abren hoy una nueva edici\u00f3n del Rock in R\u00edo | El Digital de Asturias","og:description":"Lisboa, 25 may (EFE).- La sexta edici\u00f3n del Rock in R\u00edo Lisboa abri\u00f3 hoy sus puertas en el parque Bela Vista, donde comienzan a posicionarse cientos de aficionados para asistir las actuaciones m\u00e1s esperadas de la jornada, las del brit\u00e1nico Robbie Williams y la brasile\u00f1a Ivete Sangalo. El buen tiempo acompa\u00f1a el primero de los","og:url":"https:\/\/eldigitaldeasturias.com\/magazine365\/robbie-williams-e-ivete-sangalo-abren-hoy-una-nueva-edicion-del-rock-in-rio\/","og:image":"https:\/\/eldigitaldeasturias.com\/magazine365\/wp-content\/uploads\/2014\/05\/6299071w.jpg","og:image:secure_url":"https:\/\/eldigitaldeasturias.com\/magazine365\/wp-content\/uploads\/2014\/05\/6299071w.jpg","og:image:width":800,"og:image:height":425,"article:published_time":"2014-05-26T00:11:59+00:00","article:modified_time":"2014-05-26T00:11:59+00:00","twitter:card":"summary_large_image","twitter:title":"Robbie Williams e Ivete Sangalo abren hoy una nueva edici\u00f3n del Rock in R\u00edo | El Digital de Asturias","twitter:description":"Lisboa, 25 may (EFE).- La sexta edici\u00f3n del Rock in R\u00edo Lisboa abri\u00f3 hoy sus puertas en el parque Bela Vista, donde comienzan a posicionarse cientos de aficionados para asistir las actuaciones m\u00e1s esperadas de la jornada, las del brit\u00e1nico Robbie Williams y la brasile\u00f1a Ivete Sangalo. El buen tiempo acompa\u00f1a el primero de los","twitter:image":"https:\/\/eldigitaldeasturias.com\/magazine365\/wp-content\/uploads\/2014\/05\/6299071w.jpg"},"aioseo_meta_data":{"post_id":"13922","title":null,"description":null,"keywords":null,"keyphrases":null,"primary_term":null,"canonical_url":null,"og_title":null,"og_description":null,"og_object_type":"default","og_image_type":"default","og_image_url":null,"og_image_width":null,"og_image_height":null,"og_image_custom_url":null,"og_image_custom_fields":null,"og_video":null,"og_custom_url":null,"og_article_section":null,"og_article_tags":null,"twitter_use_og":false,"twitter_card":"default","twitter_image_type":"default","twitter_image_url":null,"twitter_image_custom_url":null,"twitter_image_custom_fields":null,"twitter_title":null,"twitter_description":null,"schema":{"blockGraphs":[],"customGraphs":[],"default":{"data":{"Article":[],"Course":[],"Dataset":[],"FAQPage":[],"Movie":[],"Person":[],"Product":[],"ProductReview":[],"Car":[],"Recipe":[],"Service":[],"SoftwareApplication":[],"WebPage":[]},"graphName":"","isEnabled":true},"graphs":[],"defaultGraph":"","defaultPostTypeGraph":""},"schema_type":null,"schema_type_options":null,"pillar_content":false,"robots_default":true,"robots_noindex":false,"robots_noarchive":false,"robots_nosnippet":false,"robots_nofollow":false,"robots_noimageindex":false,"robots_noodp":false,"robots_notranslate":false,"robots_max_snippet":null,"robots_max_videopreview":null,"robots_max_imagepreview":"large","priority":null,"frequency":null,"location":null,"local_seo":null,"seo_analyzer_scan_date":"2025-09-17 09:11:57","breadcrumb_settings":null,"limit_modified_date":false,"open_ai":null,"ai":null,"created":"2021-03-09 08:21:40","updated":"2025-09-17 09:11:57"},"aioseo_breadcrumb":"<div class=\"aioseo-breadcrumbs\"><span class=\"aioseo-breadcrumb\">\n\t<a href=\"https:\/\/eldigitaldeasturias.com\/magazine365\" title=\"Home\">Home<\/a>\n<\/span><span class=\"aioseo-breadcrumb-separator\">\u2013<\/span><span class=\"aioseo-breadcrumb\">\n\t<a href=\"https:\/\/eldigitaldeasturias.com\/magazine365\/category\/noticias-actualidad\/\" title=\"Noticias y Actualidad\">Noticias y Actualidad<\/a>\n<\/span><span class=\"aioseo-breadcrumb-separator\">\u2013<\/span><span class=\"aioseo-breadcrumb\">\n\t<a href=\"https:\/\/eldigitaldeasturias.com\/magazine365\/robbie-williams-e-ivete-sangalo-abren-hoy-una-nueva-edicion-del-rock-in-rio\/\" title=\"Robbie Williams e Ivete Sangalo abren hoy una nueva edici\u00f3n del Rock in R\u00edo\">Robbie Williams e Ivete Sangalo abren hoy una nueva edici\u00f3n del Rock in R\u00edo<\/a>\n<\/span><\/div>","aioseo_breadcrumb_json":[{"label":"Home","link":"https:\/\/eldigitaldeasturias.com\/magazine365"},{"label":"Noticias y Actualidad","link":"https:\/\/eldigitaldeasturias.com\/magazine365\/category\/noticias-actualidad\/"},{"label":"Robbie Williams e Ivete Sangalo abren hoy una nueva edici\u00f3n del Rock in R\u00edo","link":"https:\/\/eldigitaldeasturias.com\/magazine365\/robbie-williams-e-ivete-sangalo-abren-hoy-una-nueva-edicion-del-rock-in-rio\/"}],"_links":{"self":[{"href":"https:\/\/eldigitaldeasturias.com\/magazine365\/wp-json\/wp\/v2\/posts\/13922","targetHints":{"allow":["GET"]}}],"collection":[{"href":"https:\/\/eldigitaldeasturias.com\/magazine365\/wp-json\/wp\/v2\/posts"}],"about":[{"href":"https:\/\/eldigitaldeasturias.com\/magazine365\/wp-json\/wp\/v2\/types\/post"}],"author":[{"embeddable":true,"href":"https:\/\/eldigitaldeasturias.com\/magazine365\/wp-json\/wp\/v2\/users\/1"}],"replies":[{"embeddable":true,"href":"https:\/\/eldigitaldeasturias.com\/magazine365\/wp-json\/wp\/v2\/comments?post=13922"}],"version-history":[{"count":0,"href":"https:\/\/eldigitaldeasturias.com\/magazine365\/wp-json\/wp\/v2\/posts\/13922\/revisions"}],"wp:featuredmedia":[{"embeddable":true,"href":"https:\/\/eldigitaldeasturias.com\/magazine365\/wp-json\/wp\/v2\/media\/13923"}],"wp:attachment":[{"href":"https:\/\/eldigitaldeasturias.com\/magazine365\/wp-json\/wp\/v2\/media?parent=13922"}],"wp:term":[{"taxonomy":"category","embeddable":true,"href":"https:\/\/eldigitaldeasturias.com\/magazine365\/wp-json\/wp\/v2\/categories?post=13922"},{"taxonomy":"post_tag","embeddable":true,"href":"https:\/\/eldigitaldeasturias.com\/magazine365\/wp-json\/wp\/v2\/tags?post=13922"}],"curies":[{"name":"wp","href":"https:\/\/api.w.org\/{rel}","templated":true}]}}