{"id":13919,"date":"2014-05-25T17:56:32","date_gmt":"2014-05-25T19:56:32","guid":{"rendered":"http:\/\/eldigitaldeasturias.com\/magazine365\/?p=13919"},"modified":"2014-05-25T17:56:32","modified_gmt":"2014-05-25T19:56:32","slug":"the-united-states-of-amnesia-el-testamento-cinematografico-de-gore-vidal","status":"publish","type":"post","link":"https:\/\/eldigitaldeasturias.com\/magazine365\/the-united-states-of-amnesia-el-testamento-cinematografico-de-gore-vidal\/","title":{"rendered":"\u00abThe United States of Amnesia\u00bb, el testamento cinematogr\u00e1fico de Gore Vidal"},"content":{"rendered":"<p><img fetchpriority=\"high\" decoding=\"async\" class=\"alignleft size-medium wp-image-13920\" alt=\"6298604w\" src=\"https:\/\/eldigitaldeasturias.com\/magazine365\/wp-content\/uploads\/2014\/05\/6298604w-199x300.jpg\" width=\"199\" height=\"300\" \/>Nueva York, 25 may (EFE).- La potencia intelectual, la cr\u00edtica pol\u00edtica, la honestidad emocional y sexual y la dolorosa vigencia del discurso de Gore Vidal reviven en \u00abThe United States of Amnesia\u00bb, un exhaustivo documental que se estrena en EEUU y que recoge su \u00faltima gran entrevista, que ocup\u00f3 desde 2005 hasta 2011.<\/p>\n<p>\u00abCuando empezamos la pel\u00edcula no era consciente, pero conforme se convert\u00eda en un proyecto que duraba tantos a\u00f1os, con tantos problemas de financiaci\u00f3n, me di cuenta de que iba a ser su \u00faltima palabra, una especie de testamento. Me sent\u00ed honrado pero tambi\u00e9n que ten\u00eda que dar algo que lo representara correctamente\u00bb, explica a Efe su director, Nicholas Wrathall.<\/p>\n<p>En agosto se cumplen dos a\u00f1os de la muerte de Vidal, el hombre que sacudi\u00f3 las conciencias estadounidenses durante d\u00e9cadas, bien a trav\u00e9s de ensayo pol\u00edtico, como \u00abWashington DC\u00bb, analista de la moral y las relaciones personales en \u00abSexualmente hablando\u00bb o como guionista de cine en \u00abSuddenly, Last Summer\u00bb.<\/p>\n<p>Y \u00abThe United States of Amnesia\u00bb es un paneg\u00edrico de su vida y su obra. El repaso de un hombre omnipresente en la historia del pa\u00eds de las barras y las estrellas.<\/p>\n<p>\u00abConoci\u00f3, literalmente, a todo el mundo en la segunda parte del siglo XX. No puedes imaginar que una sola persona pueda haber hecho todo eso\u00bb, asegura el cineasta, quien en el filme capta la condena del visionario: su pesar por ver c\u00f3mo el mundo acaba dando raz\u00f3n a sus sagaces vaticinios.<\/p>\n<p>\u00abLo que es incre\u00edble es que en todo ese material que tenemos de los a\u00f1os cincuenta y sesenta Gore est\u00e1 hablando de temas que siguen discuti\u00e9ndose. Pensamos que hemos progresado, pero estamos en un p\u00e9ndulo\u00bb, dice Wrathall.<\/p>\n<p>Explica c\u00f3mo \u00abGore Vidal estaba muy frustrado con la direcci\u00f3n que el pa\u00eds hab\u00eda tomado, mucho menos progresista de lo que deber\u00eda, hab\u00eda mucho potencial despu\u00e9s de Vietnam para ir hacia otro lado y no sucedi\u00f3\u00bb.<\/p>\n<p>Vidal, ya en los cincuenta, con la televisi\u00f3n en blanco y negro, aseguraba que la diferencia entre homosexualidad y heterosexualidad era la misma que entre ojos azules o marrones, denunciaba la alarmante grieta de la desigualdad en Estados Unidos, un pa\u00eds del que dec\u00eda que fue creado por los mejores hombres y desde entonces nadie ha vuelto a saber de ellos.<\/p>\n<p>\u00abUnited States of Amnesia\u00bb no arroja ninguna nueva luz sobre su vida y sus testimonios. Simplemente los deja brillar tal y como se sabe que sucedieron, lo cual no es poco, y los coloca en una fren\u00e9tica yuxtaposici\u00f3n de una hora y media.<\/p>\n<p>El director se centra m\u00e1s en c\u00f3mo Vidal lamentaba la deriva de la sociedad estadounidense, siempre con humor y algo de arrogancia, aunque tambi\u00e9n muestra su fe infatigable en el hombre, al ver mostrar su ilusi\u00f3n con el movimiento \u00abOccupy Wall Street\u00bb. Pero reh\u00fasa voluntariamente a buscarle las debilidades.<\/p>\n<p>\u00abPod\u00eda ser muy viperino y muy cortante con la gente. A veces ten\u00eda que tener mucho cuidado durante el rodaje, pero creo que algo de eso se ve en sus discusiones p\u00fablicas con Norman Mailer. No ve\u00eda ninguna raz\u00f3n para darle a eso un toque sensacionalista\u00bb, se justifica su director.<\/p>\n<p>\u00abHay cosas que quedan sugeridas, como su afici\u00f3n a la bebida. Beb\u00eda mucho y hacia el final hab\u00eda momentos en los que estaba borracho y enfadado. Pero mi objetivo era que la gente se volviera a inspirar con su intelecto\u00bb, a\u00f1ade.<\/p>\n<p>El director asegura que Vidal mantuvo la brillantez hasta casi el final. \u00abAl menos hasta seis meses antes de morir estuvo en plena forma intelectual. Con una memoria prodigiosa, capaz de recitar citas enteras de muchos de los libros que se hab\u00eda le\u00eddo\u00bb.<\/p>\n<p>Ni siquiera al final baj\u00f3 la guardia y derrib\u00f3 la frontera de su h\u00e1bil oratoria para dejar entrever su cara \u00edntima.<\/p>\n<p>\u00abSiempre era muy reservado con su n\u00facleo emocional. No quer\u00eda hablar de su relaci\u00f3n personal con Howard (Austen, su pareja) o con su madre. No desde luego ante las c\u00e1maras, pero tambi\u00e9n muy poco fuera de ellas. Despu\u00e9s de varios a\u00f1os con \u00e9l, s\u00ed que empec\u00e9 a descifrar algo y algo de ello creo que ha quedado en la pel\u00edcula\u00bb, dice.<\/p>\n<p>Pero la gran pregunta que queda abierta en el documental es la de qu\u00e9 va a ser de Estados Unidos sin alguien que ponga al pa\u00eds contra las cuerdas como hac\u00eda \u00e9l. \u00abAhora se ha ido, ahora veremos. No hay nadie como \u00e9l, eso est\u00e1 claro. La gente despu\u00e9s de la pel\u00edcula se pregunta, &#8216;\u00bfqui\u00e9n ser\u00e1 el nuevo Gore Vidal?'\u00bb, concluye Wrathall.<\/p>\n","protected":false},"excerpt":{"rendered":"<p>Nueva York, 25 may (EFE).- La potencia intelectual, la cr\u00edtica pol\u00edtica, la honestidad emocional y sexual y la dolorosa vigencia del discurso de Gore Vidal reviven en \u00abThe United States of Amnesia\u00bb, un exhaustivo documental que se estrena en EEUU y que recoge su \u00faltima gran entrevista, que ocup\u00f3 desde 2005 hasta 2011. \u00abCuando empezamos<\/p>\n","protected":false},"author":1,"featured_media":13920,"comment_status":"open","ping_status":"closed","sticky":false,"template":"","format":"standard","meta":{"footnotes":""},"categories":[224],"tags":[],"class_list":{"0":"post-13919","1":"post","2":"type-post","3":"status-publish","4":"format-standard","5":"has-post-thumbnail","7":"category-noticias-actualidad"},"aioseo_notices":[],"aioseo_head":"\n\t\t<!-- All in One SEO Pro 4.9.6.1 - aioseo.com -->\n\t<meta name=\"description\" content=\"Nueva York, 25 may (EFE).- La potencia intelectual, la cr\u00edtica pol\u00edtica, la honestidad emocional y sexual y la dolorosa vigencia del discurso de Gore Vidal reviven en &quot;The United States of Amnesia&quot;, un exhaustivo documental que se estrena en EEUU y que recoge su \u00faltima gran entrevista, que ocup\u00f3 desde 2005 hasta 2011. &quot;Cuando empezamos\" \/>\n\t<meta name=\"robots\" content=\"max-image-preview:large\" \/>\n\t<meta name=\"author\" content=\"admin\"\/>\n\t<meta name=\"google-site-verification\" content=\"UA-38556648-1\" \/>\n\t<meta name=\"keywords\" content=\"noticias y actualidad\" \/>\n\t<link rel=\"canonical\" href=\"https:\/\/eldigitaldeasturias.com\/magazine365\/the-united-states-of-amnesia-el-testamento-cinematografico-de-gore-vidal\/\" \/>\n\t<meta name=\"generator\" content=\"All in One SEO Pro (AIOSEO) 4.9.6.1\" \/>\n\t\t<meta property=\"og:locale\" content=\"es_ES\" \/>\n\t\t<meta property=\"og:site_name\" content=\"El Digital de Asturias \u2013 Revista de ocio, turismo y estilo de vida\" \/>\n\t\t<meta property=\"og:type\" content=\"article\" \/>\n\t\t<meta property=\"og:title\" content=\"\u00abThe United States of Amnesia\u00bb, el testamento cinematogr\u00e1fico de Gore Vidal | El Digital de Asturias\" \/>\n\t\t<meta property=\"og:description\" content=\"Nueva York, 25 may (EFE).- La potencia intelectual, la cr\u00edtica pol\u00edtica, la honestidad emocional y sexual y la dolorosa vigencia del discurso de Gore Vidal reviven en &quot;The United States of Amnesia&quot;, un exhaustivo documental que se estrena en EEUU y que recoge su \u00faltima gran entrevista, que ocup\u00f3 desde 2005 hasta 2011. &quot;Cuando empezamos\" \/>\n\t\t<meta property=\"og:url\" content=\"https:\/\/eldigitaldeasturias.com\/magazine365\/the-united-states-of-amnesia-el-testamento-cinematografico-de-gore-vidal\/\" \/>\n\t\t<meta property=\"og:image\" content=\"https:\/\/eldigitaldeasturias.com\/magazine365\/wp-content\/uploads\/2014\/05\/6298604w.jpg\" \/>\n\t\t<meta property=\"og:image:secure_url\" content=\"https:\/\/eldigitaldeasturias.com\/magazine365\/wp-content\/uploads\/2014\/05\/6298604w.jpg\" \/>\n\t\t<meta property=\"og:image:width\" content=\"700\" \/>\n\t\t<meta property=\"og:image:height\" content=\"1051\" \/>\n\t\t<meta property=\"article:published_time\" content=\"2014-05-25T19:56:32+00:00\" \/>\n\t\t<meta property=\"article:modified_time\" content=\"2014-05-25T19:56:32+00:00\" \/>\n\t\t<meta name=\"twitter:card\" content=\"summary_large_image\" \/>\n\t\t<meta name=\"twitter:title\" content=\"\u00abThe United States of Amnesia\u00bb, el testamento cinematogr\u00e1fico de Gore Vidal | El Digital de Asturias\" \/>\n\t\t<meta name=\"twitter:description\" content=\"Nueva York, 25 may (EFE).- La potencia intelectual, la cr\u00edtica pol\u00edtica, la honestidad emocional y sexual y la dolorosa vigencia del discurso de Gore Vidal reviven en &quot;The United States of Amnesia&quot;, un exhaustivo documental que se estrena en EEUU y que recoge su \u00faltima gran entrevista, que ocup\u00f3 desde 2005 hasta 2011. &quot;Cuando empezamos\" \/>\n\t\t<meta name=\"twitter:image\" content=\"https:\/\/eldigitaldeasturias.com\/magazine365\/wp-content\/uploads\/2014\/05\/6298604w.jpg\" \/>\n\t\t<script type=\"application\/ld+json\" class=\"aioseo-schema\">\n\t\t\t{\"@context\":\"https:\\\/\\\/schema.org\",\"@graph\":[{\"@type\":\"Article\",\"@id\":\"https:\\\/\\\/eldigitaldeasturias.com\\\/magazine365\\\/the-united-states-of-amnesia-el-testamento-cinematografico-de-gore-vidal\\\/#article\",\"name\":\"\\u00abThe United States of Amnesia\\u00bb, el testamento cinematogr\\u00e1fico de Gore Vidal | El Digital de Asturias\",\"headline\":\"\\u00abThe United States of Amnesia\\u00bb, el testamento cinematogr\\u00e1fico de Gore Vidal\",\"author\":{\"@id\":\"https:\\\/\\\/eldigitaldeasturias.com\\\/magazine365\\\/author\\\/admin\\\/#author\"},\"publisher\":{\"@id\":\"https:\\\/\\\/eldigitaldeasturias.com\\\/magazine365\\\/#organization\"},\"image\":{\"@type\":\"ImageObject\",\"url\":\"https:\\\/\\\/eldigitaldeasturias.com\\\/magazine365\\\/wp-content\\\/uploads\\\/2014\\\/05\\\/6298604w.jpg\",\"width\":700,\"height\":1051},\"datePublished\":\"2014-05-25T17:56:32+02:00\",\"dateModified\":\"2014-05-25T17:56:32+02:00\",\"inLanguage\":\"es-ES\",\"mainEntityOfPage\":{\"@id\":\"https:\\\/\\\/eldigitaldeasturias.com\\\/magazine365\\\/the-united-states-of-amnesia-el-testamento-cinematografico-de-gore-vidal\\\/#webpage\"},\"isPartOf\":{\"@id\":\"https:\\\/\\\/eldigitaldeasturias.com\\\/magazine365\\\/the-united-states-of-amnesia-el-testamento-cinematografico-de-gore-vidal\\\/#webpage\"},\"articleSection\":\"Noticias y Actualidad\"},{\"@type\":\"BreadcrumbList\",\"@id\":\"https:\\\/\\\/eldigitaldeasturias.com\\\/magazine365\\\/the-united-states-of-amnesia-el-testamento-cinematografico-de-gore-vidal\\\/#breadcrumblist\",\"itemListElement\":[{\"@type\":\"ListItem\",\"@id\":\"https:\\\/\\\/eldigitaldeasturias.com\\\/magazine365#listItem\",\"position\":1,\"name\":\"Home\",\"item\":\"https:\\\/\\\/eldigitaldeasturias.com\\\/magazine365\",\"nextItem\":{\"@type\":\"ListItem\",\"@id\":\"https:\\\/\\\/eldigitaldeasturias.com\\\/magazine365\\\/category\\\/noticias-actualidad\\\/#listItem\",\"name\":\"Noticias y Actualidad\"}},{\"@type\":\"ListItem\",\"@id\":\"https:\\\/\\\/eldigitaldeasturias.com\\\/magazine365\\\/category\\\/noticias-actualidad\\\/#listItem\",\"position\":2,\"name\":\"Noticias y Actualidad\",\"item\":\"https:\\\/\\\/eldigitaldeasturias.com\\\/magazine365\\\/category\\\/noticias-actualidad\\\/\",\"nextItem\":{\"@type\":\"ListItem\",\"@id\":\"https:\\\/\\\/eldigitaldeasturias.com\\\/magazine365\\\/the-united-states-of-amnesia-el-testamento-cinematografico-de-gore-vidal\\\/#listItem\",\"name\":\"\\u00abThe United States of Amnesia\\u00bb, el testamento cinematogr\\u00e1fico de Gore Vidal\"},\"previousItem\":{\"@type\":\"ListItem\",\"@id\":\"https:\\\/\\\/eldigitaldeasturias.com\\\/magazine365#listItem\",\"name\":\"Home\"}},{\"@type\":\"ListItem\",\"@id\":\"https:\\\/\\\/eldigitaldeasturias.com\\\/magazine365\\\/the-united-states-of-amnesia-el-testamento-cinematografico-de-gore-vidal\\\/#listItem\",\"position\":3,\"name\":\"\\u00abThe United States of Amnesia\\u00bb, el testamento cinematogr\\u00e1fico de Gore Vidal\",\"previousItem\":{\"@type\":\"ListItem\",\"@id\":\"https:\\\/\\\/eldigitaldeasturias.com\\\/magazine365\\\/category\\\/noticias-actualidad\\\/#listItem\",\"name\":\"Noticias y Actualidad\"}}]},{\"@type\":\"Organization\",\"@id\":\"https:\\\/\\\/eldigitaldeasturias.com\\\/magazine365\\\/#organization\",\"name\":\"El digital de Asturias\",\"description\":\"Revista de ocio, turismo y estilo de vida\",\"url\":\"https:\\\/\\\/eldigitaldeasturias.com\\\/magazine365\\\/\",\"logo\":{\"@type\":\"ImageObject\",\"url\":\"https:\\\/\\\/www.eldigitaldeasturias.com\\\/noticias\\\/wp-content\\\/uploads\\\/2020\\\/12\\\/EDA.jpg\",\"@id\":\"https:\\\/\\\/eldigitaldeasturias.com\\\/magazine365\\\/the-united-states-of-amnesia-el-testamento-cinematografico-de-gore-vidal\\\/#organizationLogo\"},\"image\":{\"@id\":\"https:\\\/\\\/eldigitaldeasturias.com\\\/magazine365\\\/the-united-states-of-amnesia-el-testamento-cinematografico-de-gore-vidal\\\/#organizationLogo\"}},{\"@type\":\"Person\",\"@id\":\"https:\\\/\\\/eldigitaldeasturias.com\\\/magazine365\\\/author\\\/admin\\\/#author\",\"url\":\"https:\\\/\\\/eldigitaldeasturias.com\\\/magazine365\\\/author\\\/admin\\\/\",\"name\":\"admin\",\"image\":{\"@type\":\"ImageObject\",\"@id\":\"https:\\\/\\\/eldigitaldeasturias.com\\\/magazine365\\\/the-united-states-of-amnesia-el-testamento-cinematografico-de-gore-vidal\\\/#authorImage\",\"url\":\"https:\\\/\\\/eldigitaldeasturias.com\\\/magazine365\\\/wp-content\\\/litespeed\\\/avatar\\\/e571bcf59a0edd6fa6838245a470f2fe.jpg?ver=1776969259\",\"width\":96,\"height\":96,\"caption\":\"admin\"}},{\"@type\":\"WebPage\",\"@id\":\"https:\\\/\\\/eldigitaldeasturias.com\\\/magazine365\\\/the-united-states-of-amnesia-el-testamento-cinematografico-de-gore-vidal\\\/#webpage\",\"url\":\"https:\\\/\\\/eldigitaldeasturias.com\\\/magazine365\\\/the-united-states-of-amnesia-el-testamento-cinematografico-de-gore-vidal\\\/\",\"name\":\"\\u00abThe United States of Amnesia\\u00bb, el testamento cinematogr\\u00e1fico de Gore Vidal | El Digital de Asturias\",\"description\":\"Nueva York, 25 may (EFE).- La potencia intelectual, la cr\\u00edtica pol\\u00edtica, la honestidad emocional y sexual y la dolorosa vigencia del discurso de Gore Vidal reviven en \\\"The United States of Amnesia\\\", un exhaustivo documental que se estrena en EEUU y que recoge su \\u00faltima gran entrevista, que ocup\\u00f3 desde 2005 hasta 2011. \\\"Cuando empezamos\",\"inLanguage\":\"es-ES\",\"isPartOf\":{\"@id\":\"https:\\\/\\\/eldigitaldeasturias.com\\\/magazine365\\\/#website\"},\"breadcrumb\":{\"@id\":\"https:\\\/\\\/eldigitaldeasturias.com\\\/magazine365\\\/the-united-states-of-amnesia-el-testamento-cinematografico-de-gore-vidal\\\/#breadcrumblist\"},\"author\":{\"@id\":\"https:\\\/\\\/eldigitaldeasturias.com\\\/magazine365\\\/author\\\/admin\\\/#author\"},\"creator\":{\"@id\":\"https:\\\/\\\/eldigitaldeasturias.com\\\/magazine365\\\/author\\\/admin\\\/#author\"},\"image\":{\"@type\":\"ImageObject\",\"url\":\"https:\\\/\\\/eldigitaldeasturias.com\\\/magazine365\\\/wp-content\\\/uploads\\\/2014\\\/05\\\/6298604w.jpg\",\"@id\":\"https:\\\/\\\/eldigitaldeasturias.com\\\/magazine365\\\/the-united-states-of-amnesia-el-testamento-cinematografico-de-gore-vidal\\\/#mainImage\",\"width\":700,\"height\":1051},\"primaryImageOfPage\":{\"@id\":\"https:\\\/\\\/eldigitaldeasturias.com\\\/magazine365\\\/the-united-states-of-amnesia-el-testamento-cinematografico-de-gore-vidal\\\/#mainImage\"},\"datePublished\":\"2014-05-25T17:56:32+02:00\",\"dateModified\":\"2014-05-25T17:56:32+02:00\"},{\"@type\":\"WebSite\",\"@id\":\"https:\\\/\\\/eldigitaldeasturias.com\\\/magazine365\\\/#website\",\"url\":\"https:\\\/\\\/eldigitaldeasturias.com\\\/magazine365\\\/\",\"name\":\"El Digital de Asturias\",\"description\":\"Revista de ocio, turismo y estilo de vida\",\"inLanguage\":\"es-ES\",\"publisher\":{\"@id\":\"https:\\\/\\\/eldigitaldeasturias.com\\\/magazine365\\\/#organization\"}}]}\n\t\t<\/script>\n\t\t<!-- All in One SEO Pro -->\r\n\t\t<title>\u00abThe United States of Amnesia\u00bb, el testamento cinematogr\u00e1fico de Gore Vidal | El Digital de Asturias<\/title>\n\n","aioseo_head_json":{"title":"\u00abThe United States of Amnesia\u00bb, el testamento cinematogr\u00e1fico de Gore Vidal | El Digital de Asturias","description":"Nueva York, 25 may (EFE).- La potencia intelectual, la cr\u00edtica pol\u00edtica, la honestidad emocional y sexual y la dolorosa vigencia del discurso de Gore Vidal reviven en \"The United States of Amnesia\", un exhaustivo documental que se estrena en EEUU y que recoge su \u00faltima gran entrevista, que ocup\u00f3 desde 2005 hasta 2011. \"Cuando empezamos","canonical_url":"https:\/\/eldigitaldeasturias.com\/magazine365\/the-united-states-of-amnesia-el-testamento-cinematografico-de-gore-vidal\/","robots":"max-image-preview:large","keywords":"noticias y actualidad","webmasterTools":{"google-site-verification":"UA-38556648-1","miscellaneous":""},"schema":{"@context":"https:\/\/schema.org","@graph":[{"@type":"Article","@id":"https:\/\/eldigitaldeasturias.com\/magazine365\/the-united-states-of-amnesia-el-testamento-cinematografico-de-gore-vidal\/#article","name":"\u00abThe United States of Amnesia\u00bb, el testamento cinematogr\u00e1fico de Gore Vidal | El Digital de Asturias","headline":"\u00abThe United States of Amnesia\u00bb, el testamento cinematogr\u00e1fico de Gore Vidal","author":{"@id":"https:\/\/eldigitaldeasturias.com\/magazine365\/author\/admin\/#author"},"publisher":{"@id":"https:\/\/eldigitaldeasturias.com\/magazine365\/#organization"},"image":{"@type":"ImageObject","url":"https:\/\/eldigitaldeasturias.com\/magazine365\/wp-content\/uploads\/2014\/05\/6298604w.jpg","width":700,"height":1051},"datePublished":"2014-05-25T17:56:32+02:00","dateModified":"2014-05-25T17:56:32+02:00","inLanguage":"es-ES","mainEntityOfPage":{"@id":"https:\/\/eldigitaldeasturias.com\/magazine365\/the-united-states-of-amnesia-el-testamento-cinematografico-de-gore-vidal\/#webpage"},"isPartOf":{"@id":"https:\/\/eldigitaldeasturias.com\/magazine365\/the-united-states-of-amnesia-el-testamento-cinematografico-de-gore-vidal\/#webpage"},"articleSection":"Noticias y Actualidad"},{"@type":"BreadcrumbList","@id":"https:\/\/eldigitaldeasturias.com\/magazine365\/the-united-states-of-amnesia-el-testamento-cinematografico-de-gore-vidal\/#breadcrumblist","itemListElement":[{"@type":"ListItem","@id":"https:\/\/eldigitaldeasturias.com\/magazine365#listItem","position":1,"name":"Home","item":"https:\/\/eldigitaldeasturias.com\/magazine365","nextItem":{"@type":"ListItem","@id":"https:\/\/eldigitaldeasturias.com\/magazine365\/category\/noticias-actualidad\/#listItem","name":"Noticias y Actualidad"}},{"@type":"ListItem","@id":"https:\/\/eldigitaldeasturias.com\/magazine365\/category\/noticias-actualidad\/#listItem","position":2,"name":"Noticias y Actualidad","item":"https:\/\/eldigitaldeasturias.com\/magazine365\/category\/noticias-actualidad\/","nextItem":{"@type":"ListItem","@id":"https:\/\/eldigitaldeasturias.com\/magazine365\/the-united-states-of-amnesia-el-testamento-cinematografico-de-gore-vidal\/#listItem","name":"\u00abThe United States of Amnesia\u00bb, el testamento cinematogr\u00e1fico de Gore Vidal"},"previousItem":{"@type":"ListItem","@id":"https:\/\/eldigitaldeasturias.com\/magazine365#listItem","name":"Home"}},{"@type":"ListItem","@id":"https:\/\/eldigitaldeasturias.com\/magazine365\/the-united-states-of-amnesia-el-testamento-cinematografico-de-gore-vidal\/#listItem","position":3,"name":"\u00abThe United States of Amnesia\u00bb, el testamento cinematogr\u00e1fico de Gore Vidal","previousItem":{"@type":"ListItem","@id":"https:\/\/eldigitaldeasturias.com\/magazine365\/category\/noticias-actualidad\/#listItem","name":"Noticias y Actualidad"}}]},{"@type":"Organization","@id":"https:\/\/eldigitaldeasturias.com\/magazine365\/#organization","name":"El digital de Asturias","description":"Revista de ocio, turismo y estilo de vida","url":"https:\/\/eldigitaldeasturias.com\/magazine365\/","logo":{"@type":"ImageObject","url":"https:\/\/www.eldigitaldeasturias.com\/noticias\/wp-content\/uploads\/2020\/12\/EDA.jpg","@id":"https:\/\/eldigitaldeasturias.com\/magazine365\/the-united-states-of-amnesia-el-testamento-cinematografico-de-gore-vidal\/#organizationLogo"},"image":{"@id":"https:\/\/eldigitaldeasturias.com\/magazine365\/the-united-states-of-amnesia-el-testamento-cinematografico-de-gore-vidal\/#organizationLogo"}},{"@type":"Person","@id":"https:\/\/eldigitaldeasturias.com\/magazine365\/author\/admin\/#author","url":"https:\/\/eldigitaldeasturias.com\/magazine365\/author\/admin\/","name":"admin","image":{"@type":"ImageObject","@id":"https:\/\/eldigitaldeasturias.com\/magazine365\/the-united-states-of-amnesia-el-testamento-cinematografico-de-gore-vidal\/#authorImage","url":"https:\/\/eldigitaldeasturias.com\/magazine365\/wp-content\/litespeed\/avatar\/e571bcf59a0edd6fa6838245a470f2fe.jpg?ver=1776969259","width":96,"height":96,"caption":"admin"}},{"@type":"WebPage","@id":"https:\/\/eldigitaldeasturias.com\/magazine365\/the-united-states-of-amnesia-el-testamento-cinematografico-de-gore-vidal\/#webpage","url":"https:\/\/eldigitaldeasturias.com\/magazine365\/the-united-states-of-amnesia-el-testamento-cinematografico-de-gore-vidal\/","name":"\u00abThe United States of Amnesia\u00bb, el testamento cinematogr\u00e1fico de Gore Vidal | El Digital de Asturias","description":"Nueva York, 25 may (EFE).- La potencia intelectual, la cr\u00edtica pol\u00edtica, la honestidad emocional y sexual y la dolorosa vigencia del discurso de Gore Vidal reviven en \"The United States of Amnesia\", un exhaustivo documental que se estrena en EEUU y que recoge su \u00faltima gran entrevista, que ocup\u00f3 desde 2005 hasta 2011. \"Cuando empezamos","inLanguage":"es-ES","isPartOf":{"@id":"https:\/\/eldigitaldeasturias.com\/magazine365\/#website"},"breadcrumb":{"@id":"https:\/\/eldigitaldeasturias.com\/magazine365\/the-united-states-of-amnesia-el-testamento-cinematografico-de-gore-vidal\/#breadcrumblist"},"author":{"@id":"https:\/\/eldigitaldeasturias.com\/magazine365\/author\/admin\/#author"},"creator":{"@id":"https:\/\/eldigitaldeasturias.com\/magazine365\/author\/admin\/#author"},"image":{"@type":"ImageObject","url":"https:\/\/eldigitaldeasturias.com\/magazine365\/wp-content\/uploads\/2014\/05\/6298604w.jpg","@id":"https:\/\/eldigitaldeasturias.com\/magazine365\/the-united-states-of-amnesia-el-testamento-cinematografico-de-gore-vidal\/#mainImage","width":700,"height":1051},"primaryImageOfPage":{"@id":"https:\/\/eldigitaldeasturias.com\/magazine365\/the-united-states-of-amnesia-el-testamento-cinematografico-de-gore-vidal\/#mainImage"},"datePublished":"2014-05-25T17:56:32+02:00","dateModified":"2014-05-25T17:56:32+02:00"},{"@type":"WebSite","@id":"https:\/\/eldigitaldeasturias.com\/magazine365\/#website","url":"https:\/\/eldigitaldeasturias.com\/magazine365\/","name":"El Digital de Asturias","description":"Revista de ocio, turismo y estilo de vida","inLanguage":"es-ES","publisher":{"@id":"https:\/\/eldigitaldeasturias.com\/magazine365\/#organization"}}]},"og:locale":"es_ES","og:site_name":"El Digital de Asturias \u2013 Revista de ocio, turismo y estilo de vida","og:type":"article","og:title":"\u00abThe United States of Amnesia\u00bb, el testamento cinematogr\u00e1fico de Gore Vidal | El Digital de Asturias","og:description":"Nueva York, 25 may (EFE).- La potencia intelectual, la cr\u00edtica pol\u00edtica, la honestidad emocional y sexual y la dolorosa vigencia del discurso de Gore Vidal reviven en &quot;The United States of Amnesia&quot;, un exhaustivo documental que se estrena en EEUU y que recoge su \u00faltima gran entrevista, que ocup\u00f3 desde 2005 hasta 2011. &quot;Cuando empezamos","og:url":"https:\/\/eldigitaldeasturias.com\/magazine365\/the-united-states-of-amnesia-el-testamento-cinematografico-de-gore-vidal\/","og:image":"https:\/\/eldigitaldeasturias.com\/magazine365\/wp-content\/uploads\/2014\/05\/6298604w.jpg","og:image:secure_url":"https:\/\/eldigitaldeasturias.com\/magazine365\/wp-content\/uploads\/2014\/05\/6298604w.jpg","og:image:width":700,"og:image:height":1051,"article:published_time":"2014-05-25T19:56:32+00:00","article:modified_time":"2014-05-25T19:56:32+00:00","twitter:card":"summary_large_image","twitter:title":"\u00abThe United States of Amnesia\u00bb, el testamento cinematogr\u00e1fico de Gore Vidal | El Digital de Asturias","twitter:description":"Nueva York, 25 may (EFE).- La potencia intelectual, la cr\u00edtica pol\u00edtica, la honestidad emocional y sexual y la dolorosa vigencia del discurso de Gore Vidal reviven en &quot;The United States of Amnesia&quot;, un exhaustivo documental que se estrena en EEUU y que recoge su \u00faltima gran entrevista, que ocup\u00f3 desde 2005 hasta 2011. &quot;Cuando empezamos","twitter:image":"https:\/\/eldigitaldeasturias.com\/magazine365\/wp-content\/uploads\/2014\/05\/6298604w.jpg"},"aioseo_meta_data":{"post_id":"13919","title":null,"description":null,"keywords":null,"keyphrases":null,"primary_term":null,"canonical_url":null,"og_title":null,"og_description":null,"og_object_type":"default","og_image_type":"default","og_image_url":null,"og_image_width":null,"og_image_height":null,"og_image_custom_url":null,"og_image_custom_fields":null,"og_video":null,"og_custom_url":null,"og_article_section":null,"og_article_tags":null,"twitter_use_og":false,"twitter_card":"default","twitter_image_type":"default","twitter_image_url":null,"twitter_image_custom_url":null,"twitter_image_custom_fields":null,"twitter_title":null,"twitter_description":null,"schema":{"blockGraphs":[],"customGraphs":[],"default":{"data":{"Article":[],"Course":[],"Dataset":[],"FAQPage":[],"Movie":[],"Person":[],"Product":[],"ProductReview":[],"Car":[],"Recipe":[],"Service":[],"SoftwareApplication":[],"WebPage":[]},"graphName":"","isEnabled":true},"graphs":[],"defaultGraph":"","defaultPostTypeGraph":""},"schema_type":null,"schema_type_options":null,"pillar_content":false,"robots_default":true,"robots_noindex":false,"robots_noarchive":false,"robots_nosnippet":false,"robots_nofollow":false,"robots_noimageindex":false,"robots_noodp":false,"robots_notranslate":false,"robots_max_snippet":null,"robots_max_videopreview":null,"robots_max_imagepreview":"large","priority":null,"frequency":null,"location":null,"local_seo":null,"seo_analyzer_scan_date":"2025-09-17 09:11:56","breadcrumb_settings":null,"limit_modified_date":false,"open_ai":null,"ai":null,"created":"2021-03-09 08:21:40","updated":"2025-09-17 09:11:56"},"aioseo_breadcrumb":"<div class=\"aioseo-breadcrumbs\"><span class=\"aioseo-breadcrumb\">\n\t<a href=\"https:\/\/eldigitaldeasturias.com\/magazine365\" title=\"Home\">Home<\/a>\n<\/span><span class=\"aioseo-breadcrumb-separator\">\u2013<\/span><span class=\"aioseo-breadcrumb\">\n\t<a href=\"https:\/\/eldigitaldeasturias.com\/magazine365\/category\/noticias-actualidad\/\" title=\"Noticias y Actualidad\">Noticias y Actualidad<\/a>\n<\/span><span class=\"aioseo-breadcrumb-separator\">\u2013<\/span><span class=\"aioseo-breadcrumb\">\n\t<a href=\"https:\/\/eldigitaldeasturias.com\/magazine365\/the-united-states-of-amnesia-el-testamento-cinematografico-de-gore-vidal\/\" title=\"\u00abThe United States of Amnesia\u00bb, el testamento cinematogr\u00e1fico de Gore Vidal\">\u00abThe United States of Amnesia\u00bb, el testamento cinematogr\u00e1fico de Gore Vidal<\/a>\n<\/span><\/div>","aioseo_breadcrumb_json":[{"label":"Home","link":"https:\/\/eldigitaldeasturias.com\/magazine365"},{"label":"Noticias y Actualidad","link":"https:\/\/eldigitaldeasturias.com\/magazine365\/category\/noticias-actualidad\/"},{"label":"\u00abThe United States of Amnesia\u00bb, el testamento cinematogr\u00e1fico de Gore Vidal","link":"https:\/\/eldigitaldeasturias.com\/magazine365\/the-united-states-of-amnesia-el-testamento-cinematografico-de-gore-vidal\/"}],"_links":{"self":[{"href":"https:\/\/eldigitaldeasturias.com\/magazine365\/wp-json\/wp\/v2\/posts\/13919","targetHints":{"allow":["GET"]}}],"collection":[{"href":"https:\/\/eldigitaldeasturias.com\/magazine365\/wp-json\/wp\/v2\/posts"}],"about":[{"href":"https:\/\/eldigitaldeasturias.com\/magazine365\/wp-json\/wp\/v2\/types\/post"}],"author":[{"embeddable":true,"href":"https:\/\/eldigitaldeasturias.com\/magazine365\/wp-json\/wp\/v2\/users\/1"}],"replies":[{"embeddable":true,"href":"https:\/\/eldigitaldeasturias.com\/magazine365\/wp-json\/wp\/v2\/comments?post=13919"}],"version-history":[{"count":0,"href":"https:\/\/eldigitaldeasturias.com\/magazine365\/wp-json\/wp\/v2\/posts\/13919\/revisions"}],"wp:featuredmedia":[{"embeddable":true,"href":"https:\/\/eldigitaldeasturias.com\/magazine365\/wp-json\/wp\/v2\/media\/13920"}],"wp:attachment":[{"href":"https:\/\/eldigitaldeasturias.com\/magazine365\/wp-json\/wp\/v2\/media?parent=13919"}],"wp:term":[{"taxonomy":"category","embeddable":true,"href":"https:\/\/eldigitaldeasturias.com\/magazine365\/wp-json\/wp\/v2\/categories?post=13919"},{"taxonomy":"post_tag","embeddable":true,"href":"https:\/\/eldigitaldeasturias.com\/magazine365\/wp-json\/wp\/v2\/tags?post=13919"}],"curies":[{"name":"wp","href":"https:\/\/api.w.org\/{rel}","templated":true}]}}