{"id":13913,"date":"2014-05-25T17:53:39","date_gmt":"2014-05-25T19:53:39","guid":{"rendered":"http:\/\/eldigitaldeasturias.com\/magazine365\/?p=13913"},"modified":"2014-05-25T17:53:39","modified_gmt":"2014-05-25T19:53:39","slug":"elena-anaya-nunca-se-imagino-como-una-estrella-del-rock","status":"publish","type":"post","link":"https:\/\/eldigitaldeasturias.com\/magazine365\/elena-anaya-nunca-se-imagino-como-una-estrella-del-rock\/","title":{"rendered":"Elena Anaya nunca se imagin\u00f3 como \u00abuna estrella del rock\u00bb"},"content":{"rendered":"<p><img fetchpriority=\"high\" decoding=\"async\" class=\"alignleft size-medium wp-image-13914\" alt=\"6298201w\" src=\"https:\/\/eldigitaldeasturias.com\/magazine365\/wp-content\/uploads\/2014\/05\/6298201w-360x239.jpg\" width=\"360\" height=\"239\" \/>Madrid, 25 may (EFE).- Con el pelo cardado y un estampado &#8216;ochentero&#8217;, Elena Anaya aparece tocando el teclado, cantando y seduciendo desde el escenario en \u00abTodos est\u00e1n muertos\u00bb, la \u00f3pera prima de Beatriz Sanch\u00eds. La imagen, pese a lo convincente, se aleja mucho de la que la actriz palentina tiene de s\u00ed misma.<\/p>\n<p>\u00abNunca me imagin\u00e9 como estrella del rock, soy m\u00e1s bien sosa\u00bb, ha asegurado a Efe en una entrevista para promocionar la pel\u00edcula, que tras su paso por el Festival de M\u00e1laga, donde se llev\u00f3 el premio especial del jurado y el de mejor actriz, llega el pr\u00f3ximo viernes a las salas de cine.<\/p>\n<p>Anaya interpreta a Lupe, una antigua estrella del rock que en los ochenta llenaba Las Ventas, junto a su hermano Diego, en un grupo llamado \u00abGroenlandia\u00bb -un gui\u00f1o a Bernardo Bonezzi-. Pero eso fue 14 a\u00f1os atr\u00e1s. En el presente, Lupe sufre agorafobia y se pasa los d\u00edas encerrada, haciendo tartas e ignorando a su hijo adolescente.<\/p>\n<p>As\u00ed, hasta que un d\u00eda se le aparece su hermano, con su aspecto de siempre, joven y rebelde. Nada raro si no fuera porque Diego falleci\u00f3 en un accidente de tr\u00e1fico hace exactamente 14 a\u00f1os.<\/p>\n<p>\u00abEs una pel\u00edcula muy arriesgada\u00bb, admite Anaya durante la entrevista, que tiene lugar en un sal\u00f3n de la Casa de Am\u00e9rica, un edificio fantasmag\u00f3rico, seg\u00fan la leyenda, muy a tono con el argumento de la pel\u00edcula.<\/p>\n<p>\u00abPero el resultado es m\u00e1gico y conmovedor. Tiene un gui\u00f3n virtuoso, se mete con todo, y lo hace con elegancia y con luminosidad, porque habla de la muerte, no como algo oscuro y prohibido sino como el inicio de algo\u00bb, explica la actriz.<\/p>\n<p>\u00abEs una historia que te impulsa a querer agarrar el toro por los cuernos y a decir &#8216;a por todas, vamos a vivir, a disfrutar, a amarnos y a ser valientes&#8217;, porque de eso va la vida\u00bb, a\u00f1ade.<\/p>\n<p>Para meterse en la cabeza y el coraz\u00f3n de Lupe, la ganadora de un Goya por \u00abLa piel que habito\u00bb investig\u00f3 en la m\u00fasica de los ochenta, que en buena medida ella, nacida en 1975, se perdi\u00f3.<\/p>\n<p>\u00abBuscaba teclistas mujeres que me dieran una inspiraci\u00f3n y encontr\u00e9 una mirada \u00fanica en el panorama del pop en Espa\u00f1a que era Ana Curra\u00bb. Casualidades de la vida, Sanch\u00eds le cont\u00f3 un d\u00eda que Curra hab\u00eda perdido a su pareja en un accidente de coche viniendo de un concierto, lo que le aproximaba a\u00fan m\u00e1s a su personaje.<\/p>\n<p>As\u00ed que Lupe ha resultado ser un homenaje, \u00abun peque\u00f1o tributo\u00bb a Ana Curra. \u00abMe acuerdo en concreto de un disco, &#8216;Volver\u00e9&#8217;, despu\u00e9s del accidente. Su mirada en esa portada me impact\u00f3 mucho -se\u00f1ala-; hay algo en ella que duele, el impacto de algo tan grave hace que queden heridas\u00bb.<\/p>\n<p>La actriz tambi\u00e9n indag\u00f3 en los efectos de la agorafobia y para ello cont\u00f3 con testimonios de gente cercana. \u00abGente que me dej\u00f3 entrar en su casa, gente que entr\u00f3 en la m\u00eda y gente que me llam\u00f3 por tel\u00e9fono porque no pod\u00edan salir\u00bb, cuenta.<\/p>\n<p>\u00abUna amiga me explic\u00f3 que lo que ocurre es que se crea un muro, como una puerta que no se abre, no se puede abrir, y simplemente de pensarlo sientes, f\u00edsicamente, que te vas a morir\u00bb, detalla.<\/p>\n<p>El gui\u00f3n de \u00abTodos est\u00e1n muertos\u00bb parte de una experiencia personal de su directora. Sanch\u00eds perdi\u00f3 a su mejor amigo cuando s\u00f3lo ten\u00eda 19 a\u00f1os. \u00abFue muy traum\u00e1tico para mi -explica-, aunque no tanto como para Lupe\u00bb.<\/p>\n<p>\u00abComo no tuve la suerte de despedirme de \u00e9l, durante mucho tiempo fantase\u00e9 con la idea de poder hacerlo\u00bb, a\u00f1ade. Y de ese deseo surgi\u00f3 todo.<\/p>\n<p>Magdalena Tsanis<\/p>\n","protected":false},"excerpt":{"rendered":"<p>Madrid, 25 may (EFE).- Con el pelo cardado y un estampado &#8216;ochentero&#8217;, Elena Anaya aparece tocando el teclado, cantando y seduciendo desde el escenario en \u00abTodos est\u00e1n muertos\u00bb, la \u00f3pera prima de Beatriz Sanch\u00eds. La imagen, pese a lo convincente, se aleja mucho de la que la actriz palentina tiene de s\u00ed misma. \u00abNunca me<\/p>\n","protected":false},"author":1,"featured_media":13914,"comment_status":"open","ping_status":"closed","sticky":false,"template":"","format":"standard","meta":{"footnotes":""},"categories":[224],"tags":[],"class_list":{"0":"post-13913","1":"post","2":"type-post","3":"status-publish","4":"format-standard","5":"has-post-thumbnail","7":"category-noticias-actualidad"},"aioseo_notices":[],"aioseo_head":"\n\t\t<!-- All in One SEO Pro 4.9.6.1 - aioseo.com -->\n\t<meta name=\"description\" content=\"Madrid, 25 may (EFE).- Con el pelo cardado y un estampado &#039;ochentero&#039;, Elena Anaya aparece tocando el teclado, cantando y seduciendo desde el escenario en &quot;Todos est\u00e1n muertos&quot;, la \u00f3pera prima de Beatriz Sanch\u00eds. La imagen, pese a lo convincente, se aleja mucho de la que la actriz palentina tiene de s\u00ed misma. &quot;Nunca me\" \/>\n\t<meta name=\"robots\" content=\"max-image-preview:large\" \/>\n\t<meta name=\"author\" content=\"admin\"\/>\n\t<meta name=\"google-site-verification\" content=\"UA-38556648-1\" \/>\n\t<meta name=\"keywords\" content=\"noticias y actualidad\" \/>\n\t<link rel=\"canonical\" href=\"https:\/\/eldigitaldeasturias.com\/magazine365\/elena-anaya-nunca-se-imagino-como-una-estrella-del-rock\/\" \/>\n\t<meta name=\"generator\" content=\"All in One SEO Pro (AIOSEO) 4.9.6.1\" \/>\n\t\t<meta property=\"og:locale\" content=\"es_ES\" \/>\n\t\t<meta property=\"og:site_name\" content=\"El Digital de Asturias \u2013 Revista de ocio, turismo y estilo de vida\" \/>\n\t\t<meta property=\"og:type\" content=\"article\" \/>\n\t\t<meta property=\"og:title\" content=\"Elena Anaya nunca se imagin\u00f3 como \u00abuna estrella del rock\u00bb | El Digital de Asturias\" \/>\n\t\t<meta property=\"og:description\" content=\"Madrid, 25 may (EFE).- Con el pelo cardado y un estampado &#039;ochentero&#039;, Elena Anaya aparece tocando el teclado, cantando y seduciendo desde el escenario en &quot;Todos est\u00e1n muertos&quot;, la \u00f3pera prima de Beatriz Sanch\u00eds. La imagen, pese a lo convincente, se aleja mucho de la que la actriz palentina tiene de s\u00ed misma. &quot;Nunca me\" \/>\n\t\t<meta property=\"og:url\" content=\"https:\/\/eldigitaldeasturias.com\/magazine365\/elena-anaya-nunca-se-imagino-como-una-estrella-del-rock\/\" \/>\n\t\t<meta property=\"og:image\" content=\"https:\/\/eldigitaldeasturias.com\/magazine365\/wp-content\/uploads\/2014\/05\/6298201w.jpg\" \/>\n\t\t<meta property=\"og:image:secure_url\" content=\"https:\/\/eldigitaldeasturias.com\/magazine365\/wp-content\/uploads\/2014\/05\/6298201w.jpg\" \/>\n\t\t<meta property=\"og:image:width\" content=\"800\" \/>\n\t\t<meta property=\"og:image:height\" content=\"533\" \/>\n\t\t<meta property=\"article:published_time\" content=\"2014-05-25T19:53:39+00:00\" \/>\n\t\t<meta property=\"article:modified_time\" content=\"2014-05-25T19:53:39+00:00\" \/>\n\t\t<meta name=\"twitter:card\" content=\"summary_large_image\" \/>\n\t\t<meta name=\"twitter:title\" content=\"Elena Anaya nunca se imagin\u00f3 como \u00abuna estrella del rock\u00bb | El Digital de Asturias\" \/>\n\t\t<meta name=\"twitter:description\" content=\"Madrid, 25 may (EFE).- Con el pelo cardado y un estampado &#039;ochentero&#039;, Elena Anaya aparece tocando el teclado, cantando y seduciendo desde el escenario en &quot;Todos est\u00e1n muertos&quot;, la \u00f3pera prima de Beatriz Sanch\u00eds. La imagen, pese a lo convincente, se aleja mucho de la que la actriz palentina tiene de s\u00ed misma. &quot;Nunca me\" \/>\n\t\t<meta name=\"twitter:image\" content=\"https:\/\/eldigitaldeasturias.com\/magazine365\/wp-content\/uploads\/2014\/05\/6298201w.jpg\" \/>\n\t\t<script type=\"application\/ld+json\" class=\"aioseo-schema\">\n\t\t\t{\"@context\":\"https:\\\/\\\/schema.org\",\"@graph\":[{\"@type\":\"Article\",\"@id\":\"https:\\\/\\\/eldigitaldeasturias.com\\\/magazine365\\\/elena-anaya-nunca-se-imagino-como-una-estrella-del-rock\\\/#article\",\"name\":\"Elena Anaya nunca se imagin\\u00f3 como \\u00abuna estrella del rock\\u00bb | El Digital de Asturias\",\"headline\":\"Elena Anaya nunca se imagin\\u00f3 como \\u00abuna estrella del rock\\u00bb\",\"author\":{\"@id\":\"https:\\\/\\\/eldigitaldeasturias.com\\\/magazine365\\\/author\\\/admin\\\/#author\"},\"publisher\":{\"@id\":\"https:\\\/\\\/eldigitaldeasturias.com\\\/magazine365\\\/#organization\"},\"image\":{\"@type\":\"ImageObject\",\"url\":\"https:\\\/\\\/eldigitaldeasturias.com\\\/magazine365\\\/wp-content\\\/uploads\\\/2014\\\/05\\\/6298201w.jpg\",\"width\":800,\"height\":533},\"datePublished\":\"2014-05-25T17:53:39+02:00\",\"dateModified\":\"2014-05-25T17:53:39+02:00\",\"inLanguage\":\"es-ES\",\"mainEntityOfPage\":{\"@id\":\"https:\\\/\\\/eldigitaldeasturias.com\\\/magazine365\\\/elena-anaya-nunca-se-imagino-como-una-estrella-del-rock\\\/#webpage\"},\"isPartOf\":{\"@id\":\"https:\\\/\\\/eldigitaldeasturias.com\\\/magazine365\\\/elena-anaya-nunca-se-imagino-como-una-estrella-del-rock\\\/#webpage\"},\"articleSection\":\"Noticias y Actualidad\"},{\"@type\":\"BreadcrumbList\",\"@id\":\"https:\\\/\\\/eldigitaldeasturias.com\\\/magazine365\\\/elena-anaya-nunca-se-imagino-como-una-estrella-del-rock\\\/#breadcrumblist\",\"itemListElement\":[{\"@type\":\"ListItem\",\"@id\":\"https:\\\/\\\/eldigitaldeasturias.com\\\/magazine365#listItem\",\"position\":1,\"name\":\"Home\",\"item\":\"https:\\\/\\\/eldigitaldeasturias.com\\\/magazine365\",\"nextItem\":{\"@type\":\"ListItem\",\"@id\":\"https:\\\/\\\/eldigitaldeasturias.com\\\/magazine365\\\/category\\\/noticias-actualidad\\\/#listItem\",\"name\":\"Noticias y Actualidad\"}},{\"@type\":\"ListItem\",\"@id\":\"https:\\\/\\\/eldigitaldeasturias.com\\\/magazine365\\\/category\\\/noticias-actualidad\\\/#listItem\",\"position\":2,\"name\":\"Noticias y Actualidad\",\"item\":\"https:\\\/\\\/eldigitaldeasturias.com\\\/magazine365\\\/category\\\/noticias-actualidad\\\/\",\"nextItem\":{\"@type\":\"ListItem\",\"@id\":\"https:\\\/\\\/eldigitaldeasturias.com\\\/magazine365\\\/elena-anaya-nunca-se-imagino-como-una-estrella-del-rock\\\/#listItem\",\"name\":\"Elena Anaya nunca se imagin\\u00f3 como \\u00abuna estrella del rock\\u00bb\"},\"previousItem\":{\"@type\":\"ListItem\",\"@id\":\"https:\\\/\\\/eldigitaldeasturias.com\\\/magazine365#listItem\",\"name\":\"Home\"}},{\"@type\":\"ListItem\",\"@id\":\"https:\\\/\\\/eldigitaldeasturias.com\\\/magazine365\\\/elena-anaya-nunca-se-imagino-como-una-estrella-del-rock\\\/#listItem\",\"position\":3,\"name\":\"Elena Anaya nunca se imagin\\u00f3 como \\u00abuna estrella del rock\\u00bb\",\"previousItem\":{\"@type\":\"ListItem\",\"@id\":\"https:\\\/\\\/eldigitaldeasturias.com\\\/magazine365\\\/category\\\/noticias-actualidad\\\/#listItem\",\"name\":\"Noticias y Actualidad\"}}]},{\"@type\":\"Organization\",\"@id\":\"https:\\\/\\\/eldigitaldeasturias.com\\\/magazine365\\\/#organization\",\"name\":\"El digital de Asturias\",\"description\":\"Revista de ocio, turismo y estilo de vida\",\"url\":\"https:\\\/\\\/eldigitaldeasturias.com\\\/magazine365\\\/\",\"logo\":{\"@type\":\"ImageObject\",\"url\":\"https:\\\/\\\/www.eldigitaldeasturias.com\\\/noticias\\\/wp-content\\\/uploads\\\/2020\\\/12\\\/EDA.jpg\",\"@id\":\"https:\\\/\\\/eldigitaldeasturias.com\\\/magazine365\\\/elena-anaya-nunca-se-imagino-como-una-estrella-del-rock\\\/#organizationLogo\"},\"image\":{\"@id\":\"https:\\\/\\\/eldigitaldeasturias.com\\\/magazine365\\\/elena-anaya-nunca-se-imagino-como-una-estrella-del-rock\\\/#organizationLogo\"}},{\"@type\":\"Person\",\"@id\":\"https:\\\/\\\/eldigitaldeasturias.com\\\/magazine365\\\/author\\\/admin\\\/#author\",\"url\":\"https:\\\/\\\/eldigitaldeasturias.com\\\/magazine365\\\/author\\\/admin\\\/\",\"name\":\"admin\",\"image\":{\"@type\":\"ImageObject\",\"@id\":\"https:\\\/\\\/eldigitaldeasturias.com\\\/magazine365\\\/elena-anaya-nunca-se-imagino-como-una-estrella-del-rock\\\/#authorImage\",\"url\":\"https:\\\/\\\/eldigitaldeasturias.com\\\/magazine365\\\/wp-content\\\/litespeed\\\/avatar\\\/e571bcf59a0edd6fa6838245a470f2fe.jpg?ver=1776969259\",\"width\":96,\"height\":96,\"caption\":\"admin\"}},{\"@type\":\"WebPage\",\"@id\":\"https:\\\/\\\/eldigitaldeasturias.com\\\/magazine365\\\/elena-anaya-nunca-se-imagino-como-una-estrella-del-rock\\\/#webpage\",\"url\":\"https:\\\/\\\/eldigitaldeasturias.com\\\/magazine365\\\/elena-anaya-nunca-se-imagino-como-una-estrella-del-rock\\\/\",\"name\":\"Elena Anaya nunca se imagin\\u00f3 como \\u00abuna estrella del rock\\u00bb | El Digital de Asturias\",\"description\":\"Madrid, 25 may (EFE).- Con el pelo cardado y un estampado 'ochentero', Elena Anaya aparece tocando el teclado, cantando y seduciendo desde el escenario en \\\"Todos est\\u00e1n muertos\\\", la \\u00f3pera prima de Beatriz Sanch\\u00eds. La imagen, pese a lo convincente, se aleja mucho de la que la actriz palentina tiene de s\\u00ed misma. \\\"Nunca me\",\"inLanguage\":\"es-ES\",\"isPartOf\":{\"@id\":\"https:\\\/\\\/eldigitaldeasturias.com\\\/magazine365\\\/#website\"},\"breadcrumb\":{\"@id\":\"https:\\\/\\\/eldigitaldeasturias.com\\\/magazine365\\\/elena-anaya-nunca-se-imagino-como-una-estrella-del-rock\\\/#breadcrumblist\"},\"author\":{\"@id\":\"https:\\\/\\\/eldigitaldeasturias.com\\\/magazine365\\\/author\\\/admin\\\/#author\"},\"creator\":{\"@id\":\"https:\\\/\\\/eldigitaldeasturias.com\\\/magazine365\\\/author\\\/admin\\\/#author\"},\"image\":{\"@type\":\"ImageObject\",\"url\":\"https:\\\/\\\/eldigitaldeasturias.com\\\/magazine365\\\/wp-content\\\/uploads\\\/2014\\\/05\\\/6298201w.jpg\",\"@id\":\"https:\\\/\\\/eldigitaldeasturias.com\\\/magazine365\\\/elena-anaya-nunca-se-imagino-como-una-estrella-del-rock\\\/#mainImage\",\"width\":800,\"height\":533},\"primaryImageOfPage\":{\"@id\":\"https:\\\/\\\/eldigitaldeasturias.com\\\/magazine365\\\/elena-anaya-nunca-se-imagino-como-una-estrella-del-rock\\\/#mainImage\"},\"datePublished\":\"2014-05-25T17:53:39+02:00\",\"dateModified\":\"2014-05-25T17:53:39+02:00\"},{\"@type\":\"WebSite\",\"@id\":\"https:\\\/\\\/eldigitaldeasturias.com\\\/magazine365\\\/#website\",\"url\":\"https:\\\/\\\/eldigitaldeasturias.com\\\/magazine365\\\/\",\"name\":\"El Digital de Asturias\",\"description\":\"Revista de ocio, turismo y estilo de vida\",\"inLanguage\":\"es-ES\",\"publisher\":{\"@id\":\"https:\\\/\\\/eldigitaldeasturias.com\\\/magazine365\\\/#organization\"}}]}\n\t\t<\/script>\n\t\t<!-- All in One SEO Pro -->\r\n\t\t<title>Elena Anaya nunca se imagin\u00f3 como \u00abuna estrella del rock\u00bb | El Digital de Asturias<\/title>\n\n","aioseo_head_json":{"title":"Elena Anaya nunca se imagin\u00f3 como \u00abuna estrella del rock\u00bb | El Digital de Asturias","description":"Madrid, 25 may (EFE).- Con el pelo cardado y un estampado 'ochentero', Elena Anaya aparece tocando el teclado, cantando y seduciendo desde el escenario en \"Todos est\u00e1n muertos\", la \u00f3pera prima de Beatriz Sanch\u00eds. La imagen, pese a lo convincente, se aleja mucho de la que la actriz palentina tiene de s\u00ed misma. \"Nunca me","canonical_url":"https:\/\/eldigitaldeasturias.com\/magazine365\/elena-anaya-nunca-se-imagino-como-una-estrella-del-rock\/","robots":"max-image-preview:large","keywords":"noticias y actualidad","webmasterTools":{"google-site-verification":"UA-38556648-1","miscellaneous":""},"schema":{"@context":"https:\/\/schema.org","@graph":[{"@type":"Article","@id":"https:\/\/eldigitaldeasturias.com\/magazine365\/elena-anaya-nunca-se-imagino-como-una-estrella-del-rock\/#article","name":"Elena Anaya nunca se imagin\u00f3 como \u00abuna estrella del rock\u00bb | El Digital de Asturias","headline":"Elena Anaya nunca se imagin\u00f3 como \u00abuna estrella del rock\u00bb","author":{"@id":"https:\/\/eldigitaldeasturias.com\/magazine365\/author\/admin\/#author"},"publisher":{"@id":"https:\/\/eldigitaldeasturias.com\/magazine365\/#organization"},"image":{"@type":"ImageObject","url":"https:\/\/eldigitaldeasturias.com\/magazine365\/wp-content\/uploads\/2014\/05\/6298201w.jpg","width":800,"height":533},"datePublished":"2014-05-25T17:53:39+02:00","dateModified":"2014-05-25T17:53:39+02:00","inLanguage":"es-ES","mainEntityOfPage":{"@id":"https:\/\/eldigitaldeasturias.com\/magazine365\/elena-anaya-nunca-se-imagino-como-una-estrella-del-rock\/#webpage"},"isPartOf":{"@id":"https:\/\/eldigitaldeasturias.com\/magazine365\/elena-anaya-nunca-se-imagino-como-una-estrella-del-rock\/#webpage"},"articleSection":"Noticias y Actualidad"},{"@type":"BreadcrumbList","@id":"https:\/\/eldigitaldeasturias.com\/magazine365\/elena-anaya-nunca-se-imagino-como-una-estrella-del-rock\/#breadcrumblist","itemListElement":[{"@type":"ListItem","@id":"https:\/\/eldigitaldeasturias.com\/magazine365#listItem","position":1,"name":"Home","item":"https:\/\/eldigitaldeasturias.com\/magazine365","nextItem":{"@type":"ListItem","@id":"https:\/\/eldigitaldeasturias.com\/magazine365\/category\/noticias-actualidad\/#listItem","name":"Noticias y Actualidad"}},{"@type":"ListItem","@id":"https:\/\/eldigitaldeasturias.com\/magazine365\/category\/noticias-actualidad\/#listItem","position":2,"name":"Noticias y Actualidad","item":"https:\/\/eldigitaldeasturias.com\/magazine365\/category\/noticias-actualidad\/","nextItem":{"@type":"ListItem","@id":"https:\/\/eldigitaldeasturias.com\/magazine365\/elena-anaya-nunca-se-imagino-como-una-estrella-del-rock\/#listItem","name":"Elena Anaya nunca se imagin\u00f3 como \u00abuna estrella del rock\u00bb"},"previousItem":{"@type":"ListItem","@id":"https:\/\/eldigitaldeasturias.com\/magazine365#listItem","name":"Home"}},{"@type":"ListItem","@id":"https:\/\/eldigitaldeasturias.com\/magazine365\/elena-anaya-nunca-se-imagino-como-una-estrella-del-rock\/#listItem","position":3,"name":"Elena Anaya nunca se imagin\u00f3 como \u00abuna estrella del rock\u00bb","previousItem":{"@type":"ListItem","@id":"https:\/\/eldigitaldeasturias.com\/magazine365\/category\/noticias-actualidad\/#listItem","name":"Noticias y Actualidad"}}]},{"@type":"Organization","@id":"https:\/\/eldigitaldeasturias.com\/magazine365\/#organization","name":"El digital de Asturias","description":"Revista de ocio, turismo y estilo de vida","url":"https:\/\/eldigitaldeasturias.com\/magazine365\/","logo":{"@type":"ImageObject","url":"https:\/\/www.eldigitaldeasturias.com\/noticias\/wp-content\/uploads\/2020\/12\/EDA.jpg","@id":"https:\/\/eldigitaldeasturias.com\/magazine365\/elena-anaya-nunca-se-imagino-como-una-estrella-del-rock\/#organizationLogo"},"image":{"@id":"https:\/\/eldigitaldeasturias.com\/magazine365\/elena-anaya-nunca-se-imagino-como-una-estrella-del-rock\/#organizationLogo"}},{"@type":"Person","@id":"https:\/\/eldigitaldeasturias.com\/magazine365\/author\/admin\/#author","url":"https:\/\/eldigitaldeasturias.com\/magazine365\/author\/admin\/","name":"admin","image":{"@type":"ImageObject","@id":"https:\/\/eldigitaldeasturias.com\/magazine365\/elena-anaya-nunca-se-imagino-como-una-estrella-del-rock\/#authorImage","url":"https:\/\/eldigitaldeasturias.com\/magazine365\/wp-content\/litespeed\/avatar\/e571bcf59a0edd6fa6838245a470f2fe.jpg?ver=1776969259","width":96,"height":96,"caption":"admin"}},{"@type":"WebPage","@id":"https:\/\/eldigitaldeasturias.com\/magazine365\/elena-anaya-nunca-se-imagino-como-una-estrella-del-rock\/#webpage","url":"https:\/\/eldigitaldeasturias.com\/magazine365\/elena-anaya-nunca-se-imagino-como-una-estrella-del-rock\/","name":"Elena Anaya nunca se imagin\u00f3 como \u00abuna estrella del rock\u00bb | El Digital de Asturias","description":"Madrid, 25 may (EFE).- Con el pelo cardado y un estampado 'ochentero', Elena Anaya aparece tocando el teclado, cantando y seduciendo desde el escenario en \"Todos est\u00e1n muertos\", la \u00f3pera prima de Beatriz Sanch\u00eds. La imagen, pese a lo convincente, se aleja mucho de la que la actriz palentina tiene de s\u00ed misma. \"Nunca me","inLanguage":"es-ES","isPartOf":{"@id":"https:\/\/eldigitaldeasturias.com\/magazine365\/#website"},"breadcrumb":{"@id":"https:\/\/eldigitaldeasturias.com\/magazine365\/elena-anaya-nunca-se-imagino-como-una-estrella-del-rock\/#breadcrumblist"},"author":{"@id":"https:\/\/eldigitaldeasturias.com\/magazine365\/author\/admin\/#author"},"creator":{"@id":"https:\/\/eldigitaldeasturias.com\/magazine365\/author\/admin\/#author"},"image":{"@type":"ImageObject","url":"https:\/\/eldigitaldeasturias.com\/magazine365\/wp-content\/uploads\/2014\/05\/6298201w.jpg","@id":"https:\/\/eldigitaldeasturias.com\/magazine365\/elena-anaya-nunca-se-imagino-como-una-estrella-del-rock\/#mainImage","width":800,"height":533},"primaryImageOfPage":{"@id":"https:\/\/eldigitaldeasturias.com\/magazine365\/elena-anaya-nunca-se-imagino-como-una-estrella-del-rock\/#mainImage"},"datePublished":"2014-05-25T17:53:39+02:00","dateModified":"2014-05-25T17:53:39+02:00"},{"@type":"WebSite","@id":"https:\/\/eldigitaldeasturias.com\/magazine365\/#website","url":"https:\/\/eldigitaldeasturias.com\/magazine365\/","name":"El Digital de Asturias","description":"Revista de ocio, turismo y estilo de vida","inLanguage":"es-ES","publisher":{"@id":"https:\/\/eldigitaldeasturias.com\/magazine365\/#organization"}}]},"og:locale":"es_ES","og:site_name":"El Digital de Asturias \u2013 Revista de ocio, turismo y estilo de vida","og:type":"article","og:title":"Elena Anaya nunca se imagin\u00f3 como \u00abuna estrella del rock\u00bb | El Digital de Asturias","og:description":"Madrid, 25 may (EFE).- Con el pelo cardado y un estampado 'ochentero', Elena Anaya aparece tocando el teclado, cantando y seduciendo desde el escenario en &quot;Todos est\u00e1n muertos&quot;, la \u00f3pera prima de Beatriz Sanch\u00eds. La imagen, pese a lo convincente, se aleja mucho de la que la actriz palentina tiene de s\u00ed misma. &quot;Nunca me","og:url":"https:\/\/eldigitaldeasturias.com\/magazine365\/elena-anaya-nunca-se-imagino-como-una-estrella-del-rock\/","og:image":"https:\/\/eldigitaldeasturias.com\/magazine365\/wp-content\/uploads\/2014\/05\/6298201w.jpg","og:image:secure_url":"https:\/\/eldigitaldeasturias.com\/magazine365\/wp-content\/uploads\/2014\/05\/6298201w.jpg","og:image:width":800,"og:image:height":533,"article:published_time":"2014-05-25T19:53:39+00:00","article:modified_time":"2014-05-25T19:53:39+00:00","twitter:card":"summary_large_image","twitter:title":"Elena Anaya nunca se imagin\u00f3 como \u00abuna estrella del rock\u00bb | El Digital de Asturias","twitter:description":"Madrid, 25 may (EFE).- Con el pelo cardado y un estampado 'ochentero', Elena Anaya aparece tocando el teclado, cantando y seduciendo desde el escenario en &quot;Todos est\u00e1n muertos&quot;, la \u00f3pera prima de Beatriz Sanch\u00eds. La imagen, pese a lo convincente, se aleja mucho de la que la actriz palentina tiene de s\u00ed misma. &quot;Nunca me","twitter:image":"https:\/\/eldigitaldeasturias.com\/magazine365\/wp-content\/uploads\/2014\/05\/6298201w.jpg"},"aioseo_meta_data":{"post_id":"13913","title":null,"description":null,"keywords":null,"keyphrases":null,"primary_term":null,"canonical_url":null,"og_title":null,"og_description":null,"og_object_type":"default","og_image_type":"default","og_image_url":null,"og_image_width":null,"og_image_height":null,"og_image_custom_url":null,"og_image_custom_fields":null,"og_video":null,"og_custom_url":null,"og_article_section":null,"og_article_tags":null,"twitter_use_og":false,"twitter_card":"default","twitter_image_type":"default","twitter_image_url":null,"twitter_image_custom_url":null,"twitter_image_custom_fields":null,"twitter_title":null,"twitter_description":null,"schema":{"blockGraphs":[],"customGraphs":[],"default":{"data":{"Article":[],"Course":[],"Dataset":[],"FAQPage":[],"Movie":[],"Person":[],"Product":[],"ProductReview":[],"Car":[],"Recipe":[],"Service":[],"SoftwareApplication":[],"WebPage":[]},"graphName":"","isEnabled":true},"graphs":[],"defaultGraph":"","defaultPostTypeGraph":""},"schema_type":null,"schema_type_options":null,"pillar_content":false,"robots_default":true,"robots_noindex":false,"robots_noarchive":false,"robots_nosnippet":false,"robots_nofollow":false,"robots_noimageindex":false,"robots_noodp":false,"robots_notranslate":false,"robots_max_snippet":null,"robots_max_videopreview":null,"robots_max_imagepreview":"large","priority":null,"frequency":null,"location":null,"local_seo":null,"seo_analyzer_scan_date":"2025-09-17 09:10:25","breadcrumb_settings":null,"limit_modified_date":false,"open_ai":null,"ai":null,"created":"2021-03-09 08:21:40","updated":"2025-09-17 09:10:25"},"aioseo_breadcrumb":"<div class=\"aioseo-breadcrumbs\"><span class=\"aioseo-breadcrumb\">\n\t<a href=\"https:\/\/eldigitaldeasturias.com\/magazine365\" title=\"Home\">Home<\/a>\n<\/span><span class=\"aioseo-breadcrumb-separator\">\u2013<\/span><span class=\"aioseo-breadcrumb\">\n\t<a href=\"https:\/\/eldigitaldeasturias.com\/magazine365\/category\/noticias-actualidad\/\" title=\"Noticias y Actualidad\">Noticias y Actualidad<\/a>\n<\/span><span class=\"aioseo-breadcrumb-separator\">\u2013<\/span><span class=\"aioseo-breadcrumb\">\n\t<a href=\"https:\/\/eldigitaldeasturias.com\/magazine365\/elena-anaya-nunca-se-imagino-como-una-estrella-del-rock\/\" title=\"Elena Anaya nunca se imagin\u00f3 como \u00abuna estrella del rock\u00bb\">Elena Anaya nunca se imagin\u00f3 como \u00abuna estrella del rock\u00bb<\/a>\n<\/span><\/div>","aioseo_breadcrumb_json":[{"label":"Home","link":"https:\/\/eldigitaldeasturias.com\/magazine365"},{"label":"Noticias y Actualidad","link":"https:\/\/eldigitaldeasturias.com\/magazine365\/category\/noticias-actualidad\/"},{"label":"Elena Anaya nunca se imagin\u00f3 como \u00abuna estrella del rock\u00bb","link":"https:\/\/eldigitaldeasturias.com\/magazine365\/elena-anaya-nunca-se-imagino-como-una-estrella-del-rock\/"}],"_links":{"self":[{"href":"https:\/\/eldigitaldeasturias.com\/magazine365\/wp-json\/wp\/v2\/posts\/13913","targetHints":{"allow":["GET"]}}],"collection":[{"href":"https:\/\/eldigitaldeasturias.com\/magazine365\/wp-json\/wp\/v2\/posts"}],"about":[{"href":"https:\/\/eldigitaldeasturias.com\/magazine365\/wp-json\/wp\/v2\/types\/post"}],"author":[{"embeddable":true,"href":"https:\/\/eldigitaldeasturias.com\/magazine365\/wp-json\/wp\/v2\/users\/1"}],"replies":[{"embeddable":true,"href":"https:\/\/eldigitaldeasturias.com\/magazine365\/wp-json\/wp\/v2\/comments?post=13913"}],"version-history":[{"count":0,"href":"https:\/\/eldigitaldeasturias.com\/magazine365\/wp-json\/wp\/v2\/posts\/13913\/revisions"}],"wp:featuredmedia":[{"embeddable":true,"href":"https:\/\/eldigitaldeasturias.com\/magazine365\/wp-json\/wp\/v2\/media\/13914"}],"wp:attachment":[{"href":"https:\/\/eldigitaldeasturias.com\/magazine365\/wp-json\/wp\/v2\/media?parent=13913"}],"wp:term":[{"taxonomy":"category","embeddable":true,"href":"https:\/\/eldigitaldeasturias.com\/magazine365\/wp-json\/wp\/v2\/categories?post=13913"},{"taxonomy":"post_tag","embeddable":true,"href":"https:\/\/eldigitaldeasturias.com\/magazine365\/wp-json\/wp\/v2\/tags?post=13913"}],"curies":[{"name":"wp","href":"https:\/\/api.w.org\/{rel}","templated":true}]}}