{"id":13910,"date":"2014-05-25T17:51:45","date_gmt":"2014-05-25T19:51:45","guid":{"rendered":"http:\/\/eldigitaldeasturias.com\/magazine365\/?p=13910"},"modified":"2014-05-25T17:51:45","modified_gmt":"2014-05-25T19:51:45","slug":"los-stones-arcade-fire-y-miley-suplen-con-creces-un-verano-sin-rock-in-rio","status":"publish","type":"post","link":"https:\/\/eldigitaldeasturias.com\/magazine365\/los-stones-arcade-fire-y-miley-suplen-con-creces-un-verano-sin-rock-in-rio\/","title":{"rendered":"Los Stones, Arcade Fire y Miley suplen con creces un verano sin Rock in Rio"},"content":{"rendered":"<p><img fetchpriority=\"high\" decoding=\"async\" class=\"alignleft size-medium wp-image-13911\" alt=\"6298132w\" src=\"https:\/\/eldigitaldeasturias.com\/magazine365\/wp-content\/uploads\/2014\/05\/6298132w-360x259.jpg\" width=\"360\" height=\"259\" \/>Madrid, 25 may (EFE).- La temporada veraniega que ma\u00f1ana anticipa el festival Primavera Sound de Barcelona perder\u00e1 citas destacadas como el Rock in Rio, pero a cambio contar\u00e1 con nuevos foros para suplirlos y grandes actuaciones internacionales como las de Arcade Fire, The Black Keys, Miley Cyrus y, sobre todo, The Rolling Stones.<\/p>\n<p>A pesar de las dificultades t\u00e9cnicas, un d\u00eda bast\u00f3 para agotar las 54.000 entradas del concierto m\u00e1s multitudinario de \u00abSus Sat\u00e1nicas Majestades\u00bb en la capital, en el estadio Santiago Bernab\u00e9u, donde tocar\u00e1n el 25 de junio bajo la expectativa de que adem\u00e1s de su \u00fanico espect\u00e1culo en Espa\u00f1a, tambi\u00e9n pueda ser el \u00faltimo.<\/p>\n<p>No ser\u00e1 la \u00fanica cita de aforo m\u00e1ximo, ya que los brit\u00e1nicos One Direction ofrecer\u00e1n un recital el 8 de julio en el Estadi Ol\u00edmpic de Barcelona y dos m\u00e1s en el estadio Vicente Calder\u00f3n de Madrid los d\u00edas 10 (para el que est\u00e1n agotadas las entradas) y 11 de ese mes.<\/p>\n<p>Sin aguardar tanto, el festival peninsular m\u00e1s potente, el Primavera Sound, acoge desde ma\u00f1ana actuaciones de Queens of the Stone Age, The National, Nine Inch Nail, Caetano Veloso, Foals, John Grant, Mogwai, Metronomy, las hermanas Haim y Stromae, entre otros.<\/p>\n<p>En su siempre nutrido cartel destaca un nombre, el de los canadienses Arcade Fire, que presentar\u00e1n en Espa\u00f1a su \u00faltimo \u00e1lbum, \u00abReflektor\u00bb, considerado uno de los mejores de 2013.<\/p>\n<p>Barcelona se consolidar\u00e1 como epicentro musical del pa\u00eds, ya que seguidamente recibir\u00e1 al cicl\u00f3n medi\u00e1tico de la temporada, Miley Cyrus, que actuar\u00e1 el 13 de junio en el Palau Sant Jordi (el 17 estar\u00e1 en el Palacio de los Deportes de Madrid), y el festival S\u00f3nar, que del 12 al 14 de junio congregar\u00e1 a artistas como Chic, Neneh Cherry, Lykke Li, Massive Attack y Richie Hawtin.<\/p>\n<p>Por si fuera poco, del 3 al 6 de julio, el nuevo Vida Festival de Vilanova i la Geltr\u00fa contar\u00e1 con Rufus Wainwright y Lana del Rey, que estrena \u00abUltraviolence\u00bb, y del 11 al 13 de julio, el Cruilla ha contratado al d\u00fao de hip hop del a\u00f1o, Macklemore &amp; Ryan Lewis, adem\u00e1s de a Damon Albarn, Band of Horses y Calle 13.<\/p>\n<p>Fuera de la ciudad condal, el 20 y 21 de junio se celebrar\u00e1 en Vitoria el Azkena Rock Festival, con Scorpions, Blondie y Joe Bonamassa, entre otros.<\/p>\n<p>Los mismo d\u00edas tendr\u00e1 lugar en el Matadero Madrid el D\u00eda de la M\u00fasica, que conmemorar\u00e1 el 25 aniversario del nacimiento del sello Subterfuge, con actuaciones de grupos emblem\u00e1ticos de su discograf\u00eda como Fangoria, algunos reunidos para la ocasi\u00f3n, como Najwajean, Los Fresones Rebeldes, Sexy Sadie o Australia Blonde.<\/p>\n<p>El verano de 2014 en Madrid no ver\u00e1 al p\u00fablico del Sonisphere o del Rock in Rio Madrid hollar sus terrenos por la crisis, pero su lugar ser\u00e1 tomado por una legi\u00f3n de nuevos festivales que, siguiendo el modelo del Sonorama o el Contempopranea, llevar\u00e1 a \u00abprovincias\u00bb una extensa programaci\u00f3n nacional, con Amaral, Lori Meyers, Love of Lesbian y Vetusta Morla como importantes reclamos.<\/p>\n<p>Ejemplo de ello son el Tres Sesenta Festival de Pamplona (que contar\u00e1 con Calamaro entre el 5 y el 7 de junio), el Festival No Sin M\u00fasica de C\u00e1diz el 20 de junio y, ya en julio, el 101 Sun Festival de M\u00e1laga, con Franz Ferdinand como estrellas for\u00e1neas.<\/p>\n<p>Estos repetir\u00e1n, del 10 al 12 de julio, en el BBK Live de Bilbao, que en su cartel contar\u00e1 adem\u00e1s con Phoenix, Crystal Fighters, The Prodigy, MGMT, The Lumineers y, especialmente, con la actuaci\u00f3n exclusiva de The Black Keys, n\u00famero 1 en EE.UU. con su \u00e1lbum \u00abTurn blue\u00bb.<\/p>\n<p>Los d\u00edas 18 y 19 y 25 y 26 de julio, Madrid inaugurar\u00e1 un nuevo festival \u00abgourmet\u00bb, el Tomavistas, con sede en el Hip\u00f3dromo de La Zarzuela y m\u00fasica a cargo de El Columpio Asesino, Tri\u00e1ngulo de Amor Bizarro, Delorean y otros valores del \u00abindie\u00bb patrio.<\/p>\n<p>La costa levantina tomar\u00e1 el relevo del 17 al 20 de julio, con el Festival Internacional de Benic\u00e0ssim (FIB), que presenta en su especial vig\u00e9sima edici\u00f3n a Kasabian, Manic Street Preachers, Paul Weller, Travis, The Libertines, M.I.A., Katy B, Ellie Goulding y Lilly Allen.<\/p>\n<p>El Low Festival de Benidorm (Alicante) pierde el \u00abcost\u00bb en su denominaci\u00f3n para ofrecer del 25 al 27 de julio a Massive Attack, Kaiser Chiefs, Editors, Mo, The Horrors y The Hives, mientras que del Arenal Sound de Burriana (Castell\u00f3n), el m\u00e1s concurrido del pa\u00eds, del 29 de julio al 3 de agosto, cabe destacar a Biffy Clyro, Azealia Banks, Miles Kane y Placebo.<\/p>\n<p>Estos brit\u00e1nicos, junto a Elton John, Pet Shop Boys, Barbara Hendricks, Bryan Adams y James Blunt, protagonizar\u00e1n las veladas musicales de los Jardines de Cap Roig, en Calella de Palafrugell (Girona), del 4 de julio al 15 de agosto.<\/p>\n<p>Placebo tambi\u00e9n estar\u00e1 en Madrid el 30 de julio en el Palacio de los Deportes, un recinto que abrir\u00e1 el d\u00eda 1 de ese mes el \u00abtigre de Gales\u00bb, Tom Jones, una de las estrellas a su vez del Starlite Festival de Marbella (M\u00e1laga).<\/p>\n<p>En ese foro de lujo y postureo actuar\u00e1n del 23 de julio al 23 de agosto otros iconos como Pet Shop Boys, The Beach Boys, Julio Iglesias, Alejandro Sanz, Albert Hammond y Alejandro Fern\u00e1ndez, en la \u00faltima de sus cinco citas en suelo nacional, tras Madrid (19 de julio), Barcelona (20 de julio), Santander (24 de julio) y Murcia (26 de julio).<\/p>\n<p>Del 13 al 16 de agosto el Sonorama Ribera, el festival con denominaci\u00f3n de origen de Aranda de Duero (Burgos), se atrever\u00e1 con una de las combinaciones m\u00e1s osadas: juntar la m\u00fasica de Nacho Vegas, David Fonseca y Elefantes, en su vuelta a los escenarios, con la de Raphael, gran estrella de la cita.<\/p>\n<p>El verano se cerrar\u00e1 con el \u00faltimo festival de la temporada, el DCODE de Madrid que, a falta de nuevas confirmaciones, contar\u00e1 el 13 de septiembre con Russian Red, Bombay Bicycle Club, Anna Calvi y Vetusta Morla, una garant\u00eda de \u00e9xito cada vez que tocan en casa.<\/p>\n<p>Javier Herrero<\/p>\n","protected":false},"excerpt":{"rendered":"<p>Madrid, 25 may (EFE).- La temporada veraniega que ma\u00f1ana anticipa el festival Primavera Sound de Barcelona perder\u00e1 citas destacadas como el Rock in Rio, pero a cambio contar\u00e1 con nuevos foros para suplirlos y grandes actuaciones internacionales como las de Arcade Fire, The Black Keys, Miley Cyrus y, sobre todo, The Rolling Stones. A pesar<\/p>\n","protected":false},"author":1,"featured_media":13911,"comment_status":"open","ping_status":"closed","sticky":false,"template":"","format":"standard","meta":{"footnotes":""},"categories":[224],"tags":[],"class_list":{"0":"post-13910","1":"post","2":"type-post","3":"status-publish","4":"format-standard","5":"has-post-thumbnail","7":"category-noticias-actualidad"},"aioseo_notices":[],"aioseo_head":"\n\t\t<!-- All in One SEO Pro 4.9.6.1 - aioseo.com -->\n\t<meta name=\"description\" content=\"Madrid, 25 may (EFE).- La temporada veraniega que ma\u00f1ana anticipa el festival Primavera Sound de Barcelona perder\u00e1 citas destacadas como el Rock in Rio, pero a cambio contar\u00e1 con nuevos foros para suplirlos y grandes actuaciones internacionales como las de Arcade Fire, The Black Keys, Miley Cyrus y, sobre todo, The Rolling Stones. A pesar\" \/>\n\t<meta name=\"robots\" content=\"max-image-preview:large\" \/>\n\t<meta name=\"author\" content=\"admin\"\/>\n\t<meta name=\"google-site-verification\" content=\"UA-38556648-1\" \/>\n\t<meta name=\"keywords\" content=\"noticias y actualidad\" \/>\n\t<link rel=\"canonical\" href=\"https:\/\/eldigitaldeasturias.com\/magazine365\/los-stones-arcade-fire-y-miley-suplen-con-creces-un-verano-sin-rock-in-rio\/\" \/>\n\t<meta name=\"generator\" content=\"All in One SEO Pro (AIOSEO) 4.9.6.1\" \/>\n\t\t<meta property=\"og:locale\" content=\"es_ES\" \/>\n\t\t<meta property=\"og:site_name\" content=\"El Digital de Asturias \u2013 Revista de ocio, turismo y estilo de vida\" \/>\n\t\t<meta property=\"og:type\" content=\"article\" \/>\n\t\t<meta property=\"og:title\" content=\"Los Stones, Arcade Fire y Miley suplen con creces un verano sin Rock in Rio | El Digital de Asturias\" \/>\n\t\t<meta property=\"og:description\" content=\"Madrid, 25 may (EFE).- La temporada veraniega que ma\u00f1ana anticipa el festival Primavera Sound de Barcelona perder\u00e1 citas destacadas como el Rock in Rio, pero a cambio contar\u00e1 con nuevos foros para suplirlos y grandes actuaciones internacionales como las de Arcade Fire, The Black Keys, Miley Cyrus y, sobre todo, The Rolling Stones. A pesar\" \/>\n\t\t<meta property=\"og:url\" content=\"https:\/\/eldigitaldeasturias.com\/magazine365\/los-stones-arcade-fire-y-miley-suplen-con-creces-un-verano-sin-rock-in-rio\/\" \/>\n\t\t<meta property=\"og:image\" content=\"https:\/\/eldigitaldeasturias.com\/magazine365\/wp-content\/uploads\/2014\/05\/6298132w.jpg\" \/>\n\t\t<meta property=\"og:image:secure_url\" content=\"https:\/\/eldigitaldeasturias.com\/magazine365\/wp-content\/uploads\/2014\/05\/6298132w.jpg\" \/>\n\t\t<meta property=\"og:image:width\" content=\"800\" \/>\n\t\t<meta property=\"og:image:height\" content=\"577\" \/>\n\t\t<meta property=\"article:published_time\" content=\"2014-05-25T19:51:45+00:00\" \/>\n\t\t<meta property=\"article:modified_time\" content=\"2014-05-25T19:51:45+00:00\" \/>\n\t\t<meta name=\"twitter:card\" content=\"summary_large_image\" \/>\n\t\t<meta name=\"twitter:title\" content=\"Los Stones, Arcade Fire y Miley suplen con creces un verano sin Rock in Rio | El Digital de Asturias\" \/>\n\t\t<meta name=\"twitter:description\" content=\"Madrid, 25 may (EFE).- La temporada veraniega que ma\u00f1ana anticipa el festival Primavera Sound de Barcelona perder\u00e1 citas destacadas como el Rock in Rio, pero a cambio contar\u00e1 con nuevos foros para suplirlos y grandes actuaciones internacionales como las de Arcade Fire, The Black Keys, Miley Cyrus y, sobre todo, The Rolling Stones. A pesar\" \/>\n\t\t<meta name=\"twitter:image\" content=\"https:\/\/eldigitaldeasturias.com\/magazine365\/wp-content\/uploads\/2014\/05\/6298132w.jpg\" \/>\n\t\t<script type=\"application\/ld+json\" class=\"aioseo-schema\">\n\t\t\t{\"@context\":\"https:\\\/\\\/schema.org\",\"@graph\":[{\"@type\":\"Article\",\"@id\":\"https:\\\/\\\/eldigitaldeasturias.com\\\/magazine365\\\/los-stones-arcade-fire-y-miley-suplen-con-creces-un-verano-sin-rock-in-rio\\\/#article\",\"name\":\"Los Stones, Arcade Fire y Miley suplen con creces un verano sin Rock in Rio | El Digital de Asturias\",\"headline\":\"Los Stones, Arcade Fire y Miley suplen con creces un verano sin Rock in Rio\",\"author\":{\"@id\":\"https:\\\/\\\/eldigitaldeasturias.com\\\/magazine365\\\/author\\\/admin\\\/#author\"},\"publisher\":{\"@id\":\"https:\\\/\\\/eldigitaldeasturias.com\\\/magazine365\\\/#organization\"},\"image\":{\"@type\":\"ImageObject\",\"url\":\"https:\\\/\\\/eldigitaldeasturias.com\\\/magazine365\\\/wp-content\\\/uploads\\\/2014\\\/05\\\/6298132w.jpg\",\"width\":800,\"height\":577},\"datePublished\":\"2014-05-25T17:51:45+02:00\",\"dateModified\":\"2014-05-25T17:51:45+02:00\",\"inLanguage\":\"es-ES\",\"mainEntityOfPage\":{\"@id\":\"https:\\\/\\\/eldigitaldeasturias.com\\\/magazine365\\\/los-stones-arcade-fire-y-miley-suplen-con-creces-un-verano-sin-rock-in-rio\\\/#webpage\"},\"isPartOf\":{\"@id\":\"https:\\\/\\\/eldigitaldeasturias.com\\\/magazine365\\\/los-stones-arcade-fire-y-miley-suplen-con-creces-un-verano-sin-rock-in-rio\\\/#webpage\"},\"articleSection\":\"Noticias y Actualidad\"},{\"@type\":\"BreadcrumbList\",\"@id\":\"https:\\\/\\\/eldigitaldeasturias.com\\\/magazine365\\\/los-stones-arcade-fire-y-miley-suplen-con-creces-un-verano-sin-rock-in-rio\\\/#breadcrumblist\",\"itemListElement\":[{\"@type\":\"ListItem\",\"@id\":\"https:\\\/\\\/eldigitaldeasturias.com\\\/magazine365#listItem\",\"position\":1,\"name\":\"Home\",\"item\":\"https:\\\/\\\/eldigitaldeasturias.com\\\/magazine365\",\"nextItem\":{\"@type\":\"ListItem\",\"@id\":\"https:\\\/\\\/eldigitaldeasturias.com\\\/magazine365\\\/category\\\/noticias-actualidad\\\/#listItem\",\"name\":\"Noticias y Actualidad\"}},{\"@type\":\"ListItem\",\"@id\":\"https:\\\/\\\/eldigitaldeasturias.com\\\/magazine365\\\/category\\\/noticias-actualidad\\\/#listItem\",\"position\":2,\"name\":\"Noticias y Actualidad\",\"item\":\"https:\\\/\\\/eldigitaldeasturias.com\\\/magazine365\\\/category\\\/noticias-actualidad\\\/\",\"nextItem\":{\"@type\":\"ListItem\",\"@id\":\"https:\\\/\\\/eldigitaldeasturias.com\\\/magazine365\\\/los-stones-arcade-fire-y-miley-suplen-con-creces-un-verano-sin-rock-in-rio\\\/#listItem\",\"name\":\"Los Stones, Arcade Fire y Miley suplen con creces un verano sin Rock in Rio\"},\"previousItem\":{\"@type\":\"ListItem\",\"@id\":\"https:\\\/\\\/eldigitaldeasturias.com\\\/magazine365#listItem\",\"name\":\"Home\"}},{\"@type\":\"ListItem\",\"@id\":\"https:\\\/\\\/eldigitaldeasturias.com\\\/magazine365\\\/los-stones-arcade-fire-y-miley-suplen-con-creces-un-verano-sin-rock-in-rio\\\/#listItem\",\"position\":3,\"name\":\"Los Stones, Arcade Fire y Miley suplen con creces un verano sin Rock in Rio\",\"previousItem\":{\"@type\":\"ListItem\",\"@id\":\"https:\\\/\\\/eldigitaldeasturias.com\\\/magazine365\\\/category\\\/noticias-actualidad\\\/#listItem\",\"name\":\"Noticias y Actualidad\"}}]},{\"@type\":\"Organization\",\"@id\":\"https:\\\/\\\/eldigitaldeasturias.com\\\/magazine365\\\/#organization\",\"name\":\"El digital de Asturias\",\"description\":\"Revista de ocio, turismo y estilo de vida\",\"url\":\"https:\\\/\\\/eldigitaldeasturias.com\\\/magazine365\\\/\",\"logo\":{\"@type\":\"ImageObject\",\"url\":\"https:\\\/\\\/www.eldigitaldeasturias.com\\\/noticias\\\/wp-content\\\/uploads\\\/2020\\\/12\\\/EDA.jpg\",\"@id\":\"https:\\\/\\\/eldigitaldeasturias.com\\\/magazine365\\\/los-stones-arcade-fire-y-miley-suplen-con-creces-un-verano-sin-rock-in-rio\\\/#organizationLogo\"},\"image\":{\"@id\":\"https:\\\/\\\/eldigitaldeasturias.com\\\/magazine365\\\/los-stones-arcade-fire-y-miley-suplen-con-creces-un-verano-sin-rock-in-rio\\\/#organizationLogo\"}},{\"@type\":\"Person\",\"@id\":\"https:\\\/\\\/eldigitaldeasturias.com\\\/magazine365\\\/author\\\/admin\\\/#author\",\"url\":\"https:\\\/\\\/eldigitaldeasturias.com\\\/magazine365\\\/author\\\/admin\\\/\",\"name\":\"admin\",\"image\":{\"@type\":\"ImageObject\",\"@id\":\"https:\\\/\\\/eldigitaldeasturias.com\\\/magazine365\\\/los-stones-arcade-fire-y-miley-suplen-con-creces-un-verano-sin-rock-in-rio\\\/#authorImage\",\"url\":\"https:\\\/\\\/eldigitaldeasturias.com\\\/magazine365\\\/wp-content\\\/litespeed\\\/avatar\\\/e571bcf59a0edd6fa6838245a470f2fe.jpg?ver=1776969259\",\"width\":96,\"height\":96,\"caption\":\"admin\"}},{\"@type\":\"WebPage\",\"@id\":\"https:\\\/\\\/eldigitaldeasturias.com\\\/magazine365\\\/los-stones-arcade-fire-y-miley-suplen-con-creces-un-verano-sin-rock-in-rio\\\/#webpage\",\"url\":\"https:\\\/\\\/eldigitaldeasturias.com\\\/magazine365\\\/los-stones-arcade-fire-y-miley-suplen-con-creces-un-verano-sin-rock-in-rio\\\/\",\"name\":\"Los Stones, Arcade Fire y Miley suplen con creces un verano sin Rock in Rio | El Digital de Asturias\",\"description\":\"Madrid, 25 may (EFE).- La temporada veraniega que ma\\u00f1ana anticipa el festival Primavera Sound de Barcelona perder\\u00e1 citas destacadas como el Rock in Rio, pero a cambio contar\\u00e1 con nuevos foros para suplirlos y grandes actuaciones internacionales como las de Arcade Fire, The Black Keys, Miley Cyrus y, sobre todo, The Rolling Stones. A pesar\",\"inLanguage\":\"es-ES\",\"isPartOf\":{\"@id\":\"https:\\\/\\\/eldigitaldeasturias.com\\\/magazine365\\\/#website\"},\"breadcrumb\":{\"@id\":\"https:\\\/\\\/eldigitaldeasturias.com\\\/magazine365\\\/los-stones-arcade-fire-y-miley-suplen-con-creces-un-verano-sin-rock-in-rio\\\/#breadcrumblist\"},\"author\":{\"@id\":\"https:\\\/\\\/eldigitaldeasturias.com\\\/magazine365\\\/author\\\/admin\\\/#author\"},\"creator\":{\"@id\":\"https:\\\/\\\/eldigitaldeasturias.com\\\/magazine365\\\/author\\\/admin\\\/#author\"},\"image\":{\"@type\":\"ImageObject\",\"url\":\"https:\\\/\\\/eldigitaldeasturias.com\\\/magazine365\\\/wp-content\\\/uploads\\\/2014\\\/05\\\/6298132w.jpg\",\"@id\":\"https:\\\/\\\/eldigitaldeasturias.com\\\/magazine365\\\/los-stones-arcade-fire-y-miley-suplen-con-creces-un-verano-sin-rock-in-rio\\\/#mainImage\",\"width\":800,\"height\":577},\"primaryImageOfPage\":{\"@id\":\"https:\\\/\\\/eldigitaldeasturias.com\\\/magazine365\\\/los-stones-arcade-fire-y-miley-suplen-con-creces-un-verano-sin-rock-in-rio\\\/#mainImage\"},\"datePublished\":\"2014-05-25T17:51:45+02:00\",\"dateModified\":\"2014-05-25T17:51:45+02:00\"},{\"@type\":\"WebSite\",\"@id\":\"https:\\\/\\\/eldigitaldeasturias.com\\\/magazine365\\\/#website\",\"url\":\"https:\\\/\\\/eldigitaldeasturias.com\\\/magazine365\\\/\",\"name\":\"El Digital de Asturias\",\"description\":\"Revista de ocio, turismo y estilo de vida\",\"inLanguage\":\"es-ES\",\"publisher\":{\"@id\":\"https:\\\/\\\/eldigitaldeasturias.com\\\/magazine365\\\/#organization\"}}]}\n\t\t<\/script>\n\t\t<!-- All in One SEO Pro -->\r\n\t\t<title>Los Stones, Arcade Fire y Miley suplen con creces un verano sin Rock in Rio | El Digital de Asturias<\/title>\n\n","aioseo_head_json":{"title":"Los Stones, Arcade Fire y Miley suplen con creces un verano sin Rock in Rio | El Digital de Asturias","description":"Madrid, 25 may (EFE).- La temporada veraniega que ma\u00f1ana anticipa el festival Primavera Sound de Barcelona perder\u00e1 citas destacadas como el Rock in Rio, pero a cambio contar\u00e1 con nuevos foros para suplirlos y grandes actuaciones internacionales como las de Arcade Fire, The Black Keys, Miley Cyrus y, sobre todo, The Rolling Stones. A pesar","canonical_url":"https:\/\/eldigitaldeasturias.com\/magazine365\/los-stones-arcade-fire-y-miley-suplen-con-creces-un-verano-sin-rock-in-rio\/","robots":"max-image-preview:large","keywords":"noticias y actualidad","webmasterTools":{"google-site-verification":"UA-38556648-1","miscellaneous":""},"schema":{"@context":"https:\/\/schema.org","@graph":[{"@type":"Article","@id":"https:\/\/eldigitaldeasturias.com\/magazine365\/los-stones-arcade-fire-y-miley-suplen-con-creces-un-verano-sin-rock-in-rio\/#article","name":"Los Stones, Arcade Fire y Miley suplen con creces un verano sin Rock in Rio | El Digital de Asturias","headline":"Los Stones, Arcade Fire y Miley suplen con creces un verano sin Rock in Rio","author":{"@id":"https:\/\/eldigitaldeasturias.com\/magazine365\/author\/admin\/#author"},"publisher":{"@id":"https:\/\/eldigitaldeasturias.com\/magazine365\/#organization"},"image":{"@type":"ImageObject","url":"https:\/\/eldigitaldeasturias.com\/magazine365\/wp-content\/uploads\/2014\/05\/6298132w.jpg","width":800,"height":577},"datePublished":"2014-05-25T17:51:45+02:00","dateModified":"2014-05-25T17:51:45+02:00","inLanguage":"es-ES","mainEntityOfPage":{"@id":"https:\/\/eldigitaldeasturias.com\/magazine365\/los-stones-arcade-fire-y-miley-suplen-con-creces-un-verano-sin-rock-in-rio\/#webpage"},"isPartOf":{"@id":"https:\/\/eldigitaldeasturias.com\/magazine365\/los-stones-arcade-fire-y-miley-suplen-con-creces-un-verano-sin-rock-in-rio\/#webpage"},"articleSection":"Noticias y Actualidad"},{"@type":"BreadcrumbList","@id":"https:\/\/eldigitaldeasturias.com\/magazine365\/los-stones-arcade-fire-y-miley-suplen-con-creces-un-verano-sin-rock-in-rio\/#breadcrumblist","itemListElement":[{"@type":"ListItem","@id":"https:\/\/eldigitaldeasturias.com\/magazine365#listItem","position":1,"name":"Home","item":"https:\/\/eldigitaldeasturias.com\/magazine365","nextItem":{"@type":"ListItem","@id":"https:\/\/eldigitaldeasturias.com\/magazine365\/category\/noticias-actualidad\/#listItem","name":"Noticias y Actualidad"}},{"@type":"ListItem","@id":"https:\/\/eldigitaldeasturias.com\/magazine365\/category\/noticias-actualidad\/#listItem","position":2,"name":"Noticias y Actualidad","item":"https:\/\/eldigitaldeasturias.com\/magazine365\/category\/noticias-actualidad\/","nextItem":{"@type":"ListItem","@id":"https:\/\/eldigitaldeasturias.com\/magazine365\/los-stones-arcade-fire-y-miley-suplen-con-creces-un-verano-sin-rock-in-rio\/#listItem","name":"Los Stones, Arcade Fire y Miley suplen con creces un verano sin Rock in Rio"},"previousItem":{"@type":"ListItem","@id":"https:\/\/eldigitaldeasturias.com\/magazine365#listItem","name":"Home"}},{"@type":"ListItem","@id":"https:\/\/eldigitaldeasturias.com\/magazine365\/los-stones-arcade-fire-y-miley-suplen-con-creces-un-verano-sin-rock-in-rio\/#listItem","position":3,"name":"Los Stones, Arcade Fire y Miley suplen con creces un verano sin Rock in Rio","previousItem":{"@type":"ListItem","@id":"https:\/\/eldigitaldeasturias.com\/magazine365\/category\/noticias-actualidad\/#listItem","name":"Noticias y Actualidad"}}]},{"@type":"Organization","@id":"https:\/\/eldigitaldeasturias.com\/magazine365\/#organization","name":"El digital de Asturias","description":"Revista de ocio, turismo y estilo de vida","url":"https:\/\/eldigitaldeasturias.com\/magazine365\/","logo":{"@type":"ImageObject","url":"https:\/\/www.eldigitaldeasturias.com\/noticias\/wp-content\/uploads\/2020\/12\/EDA.jpg","@id":"https:\/\/eldigitaldeasturias.com\/magazine365\/los-stones-arcade-fire-y-miley-suplen-con-creces-un-verano-sin-rock-in-rio\/#organizationLogo"},"image":{"@id":"https:\/\/eldigitaldeasturias.com\/magazine365\/los-stones-arcade-fire-y-miley-suplen-con-creces-un-verano-sin-rock-in-rio\/#organizationLogo"}},{"@type":"Person","@id":"https:\/\/eldigitaldeasturias.com\/magazine365\/author\/admin\/#author","url":"https:\/\/eldigitaldeasturias.com\/magazine365\/author\/admin\/","name":"admin","image":{"@type":"ImageObject","@id":"https:\/\/eldigitaldeasturias.com\/magazine365\/los-stones-arcade-fire-y-miley-suplen-con-creces-un-verano-sin-rock-in-rio\/#authorImage","url":"https:\/\/eldigitaldeasturias.com\/magazine365\/wp-content\/litespeed\/avatar\/e571bcf59a0edd6fa6838245a470f2fe.jpg?ver=1776969259","width":96,"height":96,"caption":"admin"}},{"@type":"WebPage","@id":"https:\/\/eldigitaldeasturias.com\/magazine365\/los-stones-arcade-fire-y-miley-suplen-con-creces-un-verano-sin-rock-in-rio\/#webpage","url":"https:\/\/eldigitaldeasturias.com\/magazine365\/los-stones-arcade-fire-y-miley-suplen-con-creces-un-verano-sin-rock-in-rio\/","name":"Los Stones, Arcade Fire y Miley suplen con creces un verano sin Rock in Rio | El Digital de Asturias","description":"Madrid, 25 may (EFE).- La temporada veraniega que ma\u00f1ana anticipa el festival Primavera Sound de Barcelona perder\u00e1 citas destacadas como el Rock in Rio, pero a cambio contar\u00e1 con nuevos foros para suplirlos y grandes actuaciones internacionales como las de Arcade Fire, The Black Keys, Miley Cyrus y, sobre todo, The Rolling Stones. A pesar","inLanguage":"es-ES","isPartOf":{"@id":"https:\/\/eldigitaldeasturias.com\/magazine365\/#website"},"breadcrumb":{"@id":"https:\/\/eldigitaldeasturias.com\/magazine365\/los-stones-arcade-fire-y-miley-suplen-con-creces-un-verano-sin-rock-in-rio\/#breadcrumblist"},"author":{"@id":"https:\/\/eldigitaldeasturias.com\/magazine365\/author\/admin\/#author"},"creator":{"@id":"https:\/\/eldigitaldeasturias.com\/magazine365\/author\/admin\/#author"},"image":{"@type":"ImageObject","url":"https:\/\/eldigitaldeasturias.com\/magazine365\/wp-content\/uploads\/2014\/05\/6298132w.jpg","@id":"https:\/\/eldigitaldeasturias.com\/magazine365\/los-stones-arcade-fire-y-miley-suplen-con-creces-un-verano-sin-rock-in-rio\/#mainImage","width":800,"height":577},"primaryImageOfPage":{"@id":"https:\/\/eldigitaldeasturias.com\/magazine365\/los-stones-arcade-fire-y-miley-suplen-con-creces-un-verano-sin-rock-in-rio\/#mainImage"},"datePublished":"2014-05-25T17:51:45+02:00","dateModified":"2014-05-25T17:51:45+02:00"},{"@type":"WebSite","@id":"https:\/\/eldigitaldeasturias.com\/magazine365\/#website","url":"https:\/\/eldigitaldeasturias.com\/magazine365\/","name":"El Digital de Asturias","description":"Revista de ocio, turismo y estilo de vida","inLanguage":"es-ES","publisher":{"@id":"https:\/\/eldigitaldeasturias.com\/magazine365\/#organization"}}]},"og:locale":"es_ES","og:site_name":"El Digital de Asturias \u2013 Revista de ocio, turismo y estilo de vida","og:type":"article","og:title":"Los Stones, Arcade Fire y Miley suplen con creces un verano sin Rock in Rio | El Digital de Asturias","og:description":"Madrid, 25 may (EFE).- La temporada veraniega que ma\u00f1ana anticipa el festival Primavera Sound de Barcelona perder\u00e1 citas destacadas como el Rock in Rio, pero a cambio contar\u00e1 con nuevos foros para suplirlos y grandes actuaciones internacionales como las de Arcade Fire, The Black Keys, Miley Cyrus y, sobre todo, The Rolling Stones. A pesar","og:url":"https:\/\/eldigitaldeasturias.com\/magazine365\/los-stones-arcade-fire-y-miley-suplen-con-creces-un-verano-sin-rock-in-rio\/","og:image":"https:\/\/eldigitaldeasturias.com\/magazine365\/wp-content\/uploads\/2014\/05\/6298132w.jpg","og:image:secure_url":"https:\/\/eldigitaldeasturias.com\/magazine365\/wp-content\/uploads\/2014\/05\/6298132w.jpg","og:image:width":800,"og:image:height":577,"article:published_time":"2014-05-25T19:51:45+00:00","article:modified_time":"2014-05-25T19:51:45+00:00","twitter:card":"summary_large_image","twitter:title":"Los Stones, Arcade Fire y Miley suplen con creces un verano sin Rock in Rio | El Digital de Asturias","twitter:description":"Madrid, 25 may (EFE).- La temporada veraniega que ma\u00f1ana anticipa el festival Primavera Sound de Barcelona perder\u00e1 citas destacadas como el Rock in Rio, pero a cambio contar\u00e1 con nuevos foros para suplirlos y grandes actuaciones internacionales como las de Arcade Fire, The Black Keys, Miley Cyrus y, sobre todo, The Rolling Stones. A pesar","twitter:image":"https:\/\/eldigitaldeasturias.com\/magazine365\/wp-content\/uploads\/2014\/05\/6298132w.jpg"},"aioseo_meta_data":{"post_id":"13910","title":null,"description":null,"keywords":null,"keyphrases":null,"primary_term":null,"canonical_url":null,"og_title":null,"og_description":null,"og_object_type":"default","og_image_type":"default","og_image_url":null,"og_image_width":null,"og_image_height":null,"og_image_custom_url":null,"og_image_custom_fields":null,"og_video":null,"og_custom_url":null,"og_article_section":null,"og_article_tags":null,"twitter_use_og":false,"twitter_card":"default","twitter_image_type":"default","twitter_image_url":null,"twitter_image_custom_url":null,"twitter_image_custom_fields":null,"twitter_title":null,"twitter_description":null,"schema":{"blockGraphs":[],"customGraphs":[],"default":{"data":{"Article":[],"Course":[],"Dataset":[],"FAQPage":[],"Movie":[],"Person":[],"Product":[],"ProductReview":[],"Car":[],"Recipe":[],"Service":[],"SoftwareApplication":[],"WebPage":[]},"graphName":"","isEnabled":true},"graphs":[]},"schema_type":null,"schema_type_options":null,"pillar_content":false,"robots_default":true,"robots_noindex":false,"robots_noarchive":false,"robots_nosnippet":false,"robots_nofollow":false,"robots_noimageindex":false,"robots_noodp":false,"robots_notranslate":false,"robots_max_snippet":null,"robots_max_videopreview":null,"robots_max_imagepreview":"large","priority":null,"frequency":null,"location":null,"local_seo":null,"seo_analyzer_scan_date":"2025-09-17 09:10:23","breadcrumb_settings":null,"limit_modified_date":false,"open_ai":null,"ai":null,"created":"2021-03-09 08:22:46","updated":"2025-09-17 09:10:23"},"aioseo_breadcrumb":"<div class=\"aioseo-breadcrumbs\"><span class=\"aioseo-breadcrumb\">\n\t<a href=\"https:\/\/eldigitaldeasturias.com\/magazine365\" title=\"Home\">Home<\/a>\n<\/span><span class=\"aioseo-breadcrumb-separator\">\u2013<\/span><span class=\"aioseo-breadcrumb\">\n\t<a href=\"https:\/\/eldigitaldeasturias.com\/magazine365\/category\/noticias-actualidad\/\" title=\"Noticias y Actualidad\">Noticias y Actualidad<\/a>\n<\/span><span class=\"aioseo-breadcrumb-separator\">\u2013<\/span><span class=\"aioseo-breadcrumb\">\n\t<a href=\"https:\/\/eldigitaldeasturias.com\/magazine365\/los-stones-arcade-fire-y-miley-suplen-con-creces-un-verano-sin-rock-in-rio\/\" title=\"Los Stones, Arcade Fire y Miley suplen con creces un verano sin Rock in Rio\">Los Stones, Arcade Fire y Miley suplen con creces un verano sin Rock in Rio<\/a>\n<\/span><\/div>","aioseo_breadcrumb_json":[{"label":"Home","link":"https:\/\/eldigitaldeasturias.com\/magazine365"},{"label":"Noticias y Actualidad","link":"https:\/\/eldigitaldeasturias.com\/magazine365\/category\/noticias-actualidad\/"},{"label":"Los Stones, Arcade Fire y Miley suplen con creces un verano sin Rock in Rio","link":"https:\/\/eldigitaldeasturias.com\/magazine365\/los-stones-arcade-fire-y-miley-suplen-con-creces-un-verano-sin-rock-in-rio\/"}],"_links":{"self":[{"href":"https:\/\/eldigitaldeasturias.com\/magazine365\/wp-json\/wp\/v2\/posts\/13910","targetHints":{"allow":["GET"]}}],"collection":[{"href":"https:\/\/eldigitaldeasturias.com\/magazine365\/wp-json\/wp\/v2\/posts"}],"about":[{"href":"https:\/\/eldigitaldeasturias.com\/magazine365\/wp-json\/wp\/v2\/types\/post"}],"author":[{"embeddable":true,"href":"https:\/\/eldigitaldeasturias.com\/magazine365\/wp-json\/wp\/v2\/users\/1"}],"replies":[{"embeddable":true,"href":"https:\/\/eldigitaldeasturias.com\/magazine365\/wp-json\/wp\/v2\/comments?post=13910"}],"version-history":[{"count":0,"href":"https:\/\/eldigitaldeasturias.com\/magazine365\/wp-json\/wp\/v2\/posts\/13910\/revisions"}],"wp:featuredmedia":[{"embeddable":true,"href":"https:\/\/eldigitaldeasturias.com\/magazine365\/wp-json\/wp\/v2\/media\/13911"}],"wp:attachment":[{"href":"https:\/\/eldigitaldeasturias.com\/magazine365\/wp-json\/wp\/v2\/media?parent=13910"}],"wp:term":[{"taxonomy":"category","embeddable":true,"href":"https:\/\/eldigitaldeasturias.com\/magazine365\/wp-json\/wp\/v2\/categories?post=13910"},{"taxonomy":"post_tag","embeddable":true,"href":"https:\/\/eldigitaldeasturias.com\/magazine365\/wp-json\/wp\/v2\/tags?post=13910"}],"curies":[{"name":"wp","href":"https:\/\/api.w.org\/{rel}","templated":true}]}}