{"id":13907,"date":"2014-05-25T17:50:29","date_gmt":"2014-05-25T19:50:29","guid":{"rendered":"http:\/\/eldigitaldeasturias.com\/magazine365\/?p=13907"},"modified":"2014-05-25T17:50:29","modified_gmt":"2014-05-25T19:50:29","slug":"un-libro-recoge-lo-mejor-del-periodismo-alimenticio-que-ejercio-lanzmann","status":"publish","type":"post","link":"https:\/\/eldigitaldeasturias.com\/magazine365\/un-libro-recoge-lo-mejor-del-periodismo-alimenticio-que-ejercio-lanzmann\/","title":{"rendered":"Un libro recoge lo mejor del \u00abperiodismo alimenticio\u00bb que ejerci\u00f3 Lanzmann"},"content":{"rendered":"<p><img fetchpriority=\"high\" decoding=\"async\" class=\"alignleft size-medium wp-image-13908\" alt=\"6298051w\" src=\"https:\/\/eldigitaldeasturias.com\/magazine365\/wp-content\/uploads\/2014\/05\/6298051w-360x266.jpg\" width=\"360\" height=\"266\" srcset=\"https:\/\/eldigitaldeasturias.com\/magazine365\/wp-content\/uploads\/2014\/05\/6298051w-360x266.jpg 360w, https:\/\/eldigitaldeasturias.com\/magazine365\/wp-content\/uploads\/2014\/05\/6298051w-650x481.jpg 650w, https:\/\/eldigitaldeasturias.com\/magazine365\/wp-content\/uploads\/2014\/05\/6298051w-768x568.jpg 768w, https:\/\/eldigitaldeasturias.com\/magazine365\/wp-content\/uploads\/2014\/05\/6298051w-150x111.jpg 150w, https:\/\/eldigitaldeasturias.com\/magazine365\/wp-content\/uploads\/2014\/05\/6298051w-450x333.jpg 450w, https:\/\/eldigitaldeasturias.com\/magazine365\/wp-content\/uploads\/2014\/05\/6298051w-80x60.jpg 80w, https:\/\/eldigitaldeasturias.com\/magazine365\/wp-content\/uploads\/2014\/05\/6298051w-696x515.jpg 696w, https:\/\/eldigitaldeasturias.com\/magazine365\/wp-content\/uploads\/2014\/05\/6298051w-568x420.jpg 568w, https:\/\/eldigitaldeasturias.com\/magazine365\/wp-content\/uploads\/2014\/05\/6298051w-338x250.jpg 338w, https:\/\/eldigitaldeasturias.com\/magazine365\/wp-content\/uploads\/2014\/05\/6298051w-90x67.jpg 90w, https:\/\/eldigitaldeasturias.com\/magazine365\/wp-content\/uploads\/2014\/05\/6298051w-100x75.jpg 100w, https:\/\/eldigitaldeasturias.com\/magazine365\/wp-content\/uploads\/2014\/05\/6298051w.jpg 800w\" sizes=\"(max-width: 360px) 100vw, 360px\" \/>M\u00e1laga, 25 may (EFE).- Antes de comenzar su faceta de cineasta, que tiene en el documental sobre el holocausto \u00abShoah\u00bb su obra cumbre, Claude Lanzmann vivi\u00f3 durante veinte a\u00f1os de lo que \u00e9l mismo denomin\u00f3 \u00abperiodismo alimenticio\u00bb, una etapa resumida ahora a trav\u00e9s de sus mejores textos en un libro.<\/p>\n<p>\u00abLa tumba del sublime nadador\u00bb, publicado por la editorial andaluza Confluencias, es el testimonio de sus a\u00f1os de periodista, vocaci\u00f3n que impregna su obra cinematogr\u00e1fica y que contin\u00faa ejerciendo todav\u00eda como director de \u00abLes Temps Modernes\u00bb, la revista que cre\u00f3 Jean-Paul Sartre.<\/p>\n<p>La selecci\u00f3n de textos fue realizada por el propio Lanzmann, que inicialmente confes\u00f3 que lo hac\u00eda sin demasiada confianza, aunque para su propia sorpresa se gust\u00f3 como periodista m\u00e1s de lo que recordaba, han informado a Efe fuentes de la editorial.<\/p>\n<p>En las casi quinientas p\u00e1ginas del libro hay art\u00edculos centrados en personalidades del espect\u00e1culo y la literatura francesas, de Jean Paul Belmondo a Serge Gainsbourg, pasando por Edith Piaff, Jacques Tati o Albert Cohen.<\/p>\n<p>Sin embargo, tambi\u00e9n hay espacio para reportajes duros y profundos de denuncia, desde la represi\u00f3n policial contra los argelinos en el Par\u00eds de los 60 a la actividad de las bandas juveniles nacidas de la marginaci\u00f3n.<\/p>\n<p>Un tercer bloque del libro est\u00e1 dedicado a las pol\u00e9micas cercanas a \u00abShoah\u00bb, y en estas p\u00e1ginas surge un intelectual valiente y arriesgado como Lanzmann, capaz de arremeter contra cualquier atisbo revisionista o antisemita en la pol\u00edtica francesa y de cuestionar la obra de un admirador como Steven Spielberg.<\/p>\n<p>Claude Lanzmann (Bois-Colombes, 1925) es m\u00e1s conocido como el director de \u00abShoah\u00bb, obra capital del cine documental, un proyecto en el que trabaj\u00f3 desde 1974 hasta su estreno en 1985, con ocho horas de testimonios que recorrieron el mundo y le convirtieron en uno de los cineastas m\u00e1s respetados de nuestro tiempo.<\/p>\n<p>Hijo de emigrantes jud\u00edos de la Europa del Este, fue miembro del maquis en la Francia ocupada, desde las filas de las Juventudes Comunistas, y fue condecorado con la Medalla de la Resistencia.<\/p>\n<p>Tras estudiar Literatura y Filosof\u00eda, se volc\u00f3 en el periodismo, tanto el llamado \u00abalimenticio\u00bb, desde las p\u00e1ginas de \u00abLe Monde\u00bb y \u00abElle\u00bb, como el m\u00e1s inquieto, desde las p\u00e1ginas de \u00abLes Temps Modernes\u00bb, revista en la fue invitado a participar por su admirado Jean Paul Sartre, y que dirige en la actualidad.<\/p>\n<p>Desde 1970 se dedica al cine, y adem\u00e1s de \u00abShoah\u00bb ha dirigido otras obras de gran reconocimiento como \u00abEl \u00faltimo de los injustos\u00bb (2013), por la que fue galardonado en el pasado Festival de Cine Europeo de Sevilla.<\/p>\n<p>Jos\u00e9 Luis Pic\u00f3n<\/p>\n","protected":false},"excerpt":{"rendered":"<p>M\u00e1laga, 25 may (EFE).- Antes de comenzar su faceta de cineasta, que tiene en el documental sobre el holocausto \u00abShoah\u00bb su obra cumbre, Claude Lanzmann vivi\u00f3 durante veinte a\u00f1os de lo que \u00e9l mismo denomin\u00f3 \u00abperiodismo alimenticio\u00bb, una etapa resumida ahora a trav\u00e9s de sus mejores textos en un libro. \u00abLa tumba del sublime nadador\u00bb,<\/p>\n","protected":false},"author":1,"featured_media":13908,"comment_status":"open","ping_status":"closed","sticky":false,"template":"","format":"standard","meta":{"footnotes":""},"categories":[224],"tags":[],"class_list":{"0":"post-13907","1":"post","2":"type-post","3":"status-publish","4":"format-standard","5":"has-post-thumbnail","7":"category-noticias-actualidad"},"aioseo_notices":[],"aioseo_head":"\n\t\t<!-- All in One SEO Pro 4.9.6.1 - aioseo.com -->\n\t<meta name=\"description\" content=\"M\u00e1laga, 25 may (EFE).- Antes de comenzar su faceta de cineasta, que tiene en el documental sobre el holocausto &quot;Shoah&quot; su obra cumbre, Claude Lanzmann vivi\u00f3 durante veinte a\u00f1os de lo que \u00e9l mismo denomin\u00f3 &quot;periodismo alimenticio&quot;, una etapa resumida ahora a trav\u00e9s de sus mejores textos en un libro. &quot;La tumba del sublime nadador&quot;,\" \/>\n\t<meta name=\"robots\" content=\"max-image-preview:large\" \/>\n\t<meta name=\"author\" content=\"admin\"\/>\n\t<meta name=\"google-site-verification\" content=\"UA-38556648-1\" \/>\n\t<meta name=\"keywords\" content=\"noticias y actualidad\" \/>\n\t<link rel=\"canonical\" href=\"https:\/\/eldigitaldeasturias.com\/magazine365\/un-libro-recoge-lo-mejor-del-periodismo-alimenticio-que-ejercio-lanzmann\/\" \/>\n\t<meta name=\"generator\" content=\"All in One SEO Pro (AIOSEO) 4.9.6.1\" \/>\n\t\t<meta property=\"og:locale\" content=\"es_ES\" \/>\n\t\t<meta property=\"og:site_name\" content=\"El Digital de Asturias \u2013 Revista de ocio, turismo y estilo de vida\" \/>\n\t\t<meta property=\"og:type\" content=\"article\" \/>\n\t\t<meta property=\"og:title\" content=\"Un libro recoge lo mejor del \u00abperiodismo alimenticio\u00bb que ejerci\u00f3 Lanzmann | El Digital de Asturias\" \/>\n\t\t<meta property=\"og:description\" content=\"M\u00e1laga, 25 may (EFE).- Antes de comenzar su faceta de cineasta, que tiene en el documental sobre el holocausto &quot;Shoah&quot; su obra cumbre, Claude Lanzmann vivi\u00f3 durante veinte a\u00f1os de lo que \u00e9l mismo denomin\u00f3 &quot;periodismo alimenticio&quot;, una etapa resumida ahora a trav\u00e9s de sus mejores textos en un libro. &quot;La tumba del sublime nadador&quot;,\" \/>\n\t\t<meta property=\"og:url\" content=\"https:\/\/eldigitaldeasturias.com\/magazine365\/un-libro-recoge-lo-mejor-del-periodismo-alimenticio-que-ejercio-lanzmann\/\" \/>\n\t\t<meta property=\"og:image\" content=\"https:\/\/eldigitaldeasturias.com\/magazine365\/wp-content\/uploads\/2014\/05\/6298051w.jpg\" \/>\n\t\t<meta property=\"og:image:secure_url\" content=\"https:\/\/eldigitaldeasturias.com\/magazine365\/wp-content\/uploads\/2014\/05\/6298051w.jpg\" \/>\n\t\t<meta property=\"og:image:width\" content=\"800\" \/>\n\t\t<meta property=\"og:image:height\" content=\"592\" \/>\n\t\t<meta property=\"article:published_time\" content=\"2014-05-25T19:50:29+00:00\" \/>\n\t\t<meta property=\"article:modified_time\" content=\"2014-05-25T19:50:29+00:00\" \/>\n\t\t<meta name=\"twitter:card\" content=\"summary_large_image\" \/>\n\t\t<meta name=\"twitter:title\" content=\"Un libro recoge lo mejor del \u00abperiodismo alimenticio\u00bb que ejerci\u00f3 Lanzmann | El Digital de Asturias\" \/>\n\t\t<meta name=\"twitter:description\" content=\"M\u00e1laga, 25 may (EFE).- Antes de comenzar su faceta de cineasta, que tiene en el documental sobre el holocausto &quot;Shoah&quot; su obra cumbre, Claude Lanzmann vivi\u00f3 durante veinte a\u00f1os de lo que \u00e9l mismo denomin\u00f3 &quot;periodismo alimenticio&quot;, una etapa resumida ahora a trav\u00e9s de sus mejores textos en un libro. &quot;La tumba del sublime nadador&quot;,\" \/>\n\t\t<meta name=\"twitter:image\" content=\"https:\/\/eldigitaldeasturias.com\/magazine365\/wp-content\/uploads\/2014\/05\/6298051w.jpg\" \/>\n\t\t<script type=\"application\/ld+json\" class=\"aioseo-schema\">\n\t\t\t{\"@context\":\"https:\\\/\\\/schema.org\",\"@graph\":[{\"@type\":\"Article\",\"@id\":\"https:\\\/\\\/eldigitaldeasturias.com\\\/magazine365\\\/un-libro-recoge-lo-mejor-del-periodismo-alimenticio-que-ejercio-lanzmann\\\/#article\",\"name\":\"Un libro recoge lo mejor del \\u00abperiodismo alimenticio\\u00bb que ejerci\\u00f3 Lanzmann | El Digital de Asturias\",\"headline\":\"Un libro recoge lo mejor del \\u00abperiodismo alimenticio\\u00bb que ejerci\\u00f3 Lanzmann\",\"author\":{\"@id\":\"https:\\\/\\\/eldigitaldeasturias.com\\\/magazine365\\\/author\\\/admin\\\/#author\"},\"publisher\":{\"@id\":\"https:\\\/\\\/eldigitaldeasturias.com\\\/magazine365\\\/#organization\"},\"image\":{\"@type\":\"ImageObject\",\"url\":\"https:\\\/\\\/eldigitaldeasturias.com\\\/magazine365\\\/wp-content\\\/uploads\\\/2014\\\/05\\\/6298051w.jpg\",\"width\":800,\"height\":592},\"datePublished\":\"2014-05-25T17:50:29+02:00\",\"dateModified\":\"2014-05-25T17:50:29+02:00\",\"inLanguage\":\"es-ES\",\"mainEntityOfPage\":{\"@id\":\"https:\\\/\\\/eldigitaldeasturias.com\\\/magazine365\\\/un-libro-recoge-lo-mejor-del-periodismo-alimenticio-que-ejercio-lanzmann\\\/#webpage\"},\"isPartOf\":{\"@id\":\"https:\\\/\\\/eldigitaldeasturias.com\\\/magazine365\\\/un-libro-recoge-lo-mejor-del-periodismo-alimenticio-que-ejercio-lanzmann\\\/#webpage\"},\"articleSection\":\"Noticias y Actualidad\"},{\"@type\":\"BreadcrumbList\",\"@id\":\"https:\\\/\\\/eldigitaldeasturias.com\\\/magazine365\\\/un-libro-recoge-lo-mejor-del-periodismo-alimenticio-que-ejercio-lanzmann\\\/#breadcrumblist\",\"itemListElement\":[{\"@type\":\"ListItem\",\"@id\":\"https:\\\/\\\/eldigitaldeasturias.com\\\/magazine365#listItem\",\"position\":1,\"name\":\"Home\",\"item\":\"https:\\\/\\\/eldigitaldeasturias.com\\\/magazine365\",\"nextItem\":{\"@type\":\"ListItem\",\"@id\":\"https:\\\/\\\/eldigitaldeasturias.com\\\/magazine365\\\/category\\\/noticias-actualidad\\\/#listItem\",\"name\":\"Noticias y Actualidad\"}},{\"@type\":\"ListItem\",\"@id\":\"https:\\\/\\\/eldigitaldeasturias.com\\\/magazine365\\\/category\\\/noticias-actualidad\\\/#listItem\",\"position\":2,\"name\":\"Noticias y Actualidad\",\"item\":\"https:\\\/\\\/eldigitaldeasturias.com\\\/magazine365\\\/category\\\/noticias-actualidad\\\/\",\"nextItem\":{\"@type\":\"ListItem\",\"@id\":\"https:\\\/\\\/eldigitaldeasturias.com\\\/magazine365\\\/un-libro-recoge-lo-mejor-del-periodismo-alimenticio-que-ejercio-lanzmann\\\/#listItem\",\"name\":\"Un libro recoge lo mejor del \\u00abperiodismo alimenticio\\u00bb que ejerci\\u00f3 Lanzmann\"},\"previousItem\":{\"@type\":\"ListItem\",\"@id\":\"https:\\\/\\\/eldigitaldeasturias.com\\\/magazine365#listItem\",\"name\":\"Home\"}},{\"@type\":\"ListItem\",\"@id\":\"https:\\\/\\\/eldigitaldeasturias.com\\\/magazine365\\\/un-libro-recoge-lo-mejor-del-periodismo-alimenticio-que-ejercio-lanzmann\\\/#listItem\",\"position\":3,\"name\":\"Un libro recoge lo mejor del \\u00abperiodismo alimenticio\\u00bb que ejerci\\u00f3 Lanzmann\",\"previousItem\":{\"@type\":\"ListItem\",\"@id\":\"https:\\\/\\\/eldigitaldeasturias.com\\\/magazine365\\\/category\\\/noticias-actualidad\\\/#listItem\",\"name\":\"Noticias y Actualidad\"}}]},{\"@type\":\"Organization\",\"@id\":\"https:\\\/\\\/eldigitaldeasturias.com\\\/magazine365\\\/#organization\",\"name\":\"El digital de Asturias\",\"description\":\"Revista de ocio, turismo y estilo de vida\",\"url\":\"https:\\\/\\\/eldigitaldeasturias.com\\\/magazine365\\\/\",\"logo\":{\"@type\":\"ImageObject\",\"url\":\"https:\\\/\\\/www.eldigitaldeasturias.com\\\/noticias\\\/wp-content\\\/uploads\\\/2020\\\/12\\\/EDA.jpg\",\"@id\":\"https:\\\/\\\/eldigitaldeasturias.com\\\/magazine365\\\/un-libro-recoge-lo-mejor-del-periodismo-alimenticio-que-ejercio-lanzmann\\\/#organizationLogo\"},\"image\":{\"@id\":\"https:\\\/\\\/eldigitaldeasturias.com\\\/magazine365\\\/un-libro-recoge-lo-mejor-del-periodismo-alimenticio-que-ejercio-lanzmann\\\/#organizationLogo\"}},{\"@type\":\"Person\",\"@id\":\"https:\\\/\\\/eldigitaldeasturias.com\\\/magazine365\\\/author\\\/admin\\\/#author\",\"url\":\"https:\\\/\\\/eldigitaldeasturias.com\\\/magazine365\\\/author\\\/admin\\\/\",\"name\":\"admin\",\"image\":{\"@type\":\"ImageObject\",\"@id\":\"https:\\\/\\\/eldigitaldeasturias.com\\\/magazine365\\\/un-libro-recoge-lo-mejor-del-periodismo-alimenticio-que-ejercio-lanzmann\\\/#authorImage\",\"url\":\"https:\\\/\\\/eldigitaldeasturias.com\\\/magazine365\\\/wp-content\\\/litespeed\\\/avatar\\\/e571bcf59a0edd6fa6838245a470f2fe.jpg?ver=1776969259\",\"width\":96,\"height\":96,\"caption\":\"admin\"}},{\"@type\":\"WebPage\",\"@id\":\"https:\\\/\\\/eldigitaldeasturias.com\\\/magazine365\\\/un-libro-recoge-lo-mejor-del-periodismo-alimenticio-que-ejercio-lanzmann\\\/#webpage\",\"url\":\"https:\\\/\\\/eldigitaldeasturias.com\\\/magazine365\\\/un-libro-recoge-lo-mejor-del-periodismo-alimenticio-que-ejercio-lanzmann\\\/\",\"name\":\"Un libro recoge lo mejor del \\u00abperiodismo alimenticio\\u00bb que ejerci\\u00f3 Lanzmann | El Digital de Asturias\",\"description\":\"M\\u00e1laga, 25 may (EFE).- Antes de comenzar su faceta de cineasta, que tiene en el documental sobre el holocausto \\\"Shoah\\\" su obra cumbre, Claude Lanzmann vivi\\u00f3 durante veinte a\\u00f1os de lo que \\u00e9l mismo denomin\\u00f3 \\\"periodismo alimenticio\\\", una etapa resumida ahora a trav\\u00e9s de sus mejores textos en un libro. \\\"La tumba del sublime nadador\\\",\",\"inLanguage\":\"es-ES\",\"isPartOf\":{\"@id\":\"https:\\\/\\\/eldigitaldeasturias.com\\\/magazine365\\\/#website\"},\"breadcrumb\":{\"@id\":\"https:\\\/\\\/eldigitaldeasturias.com\\\/magazine365\\\/un-libro-recoge-lo-mejor-del-periodismo-alimenticio-que-ejercio-lanzmann\\\/#breadcrumblist\"},\"author\":{\"@id\":\"https:\\\/\\\/eldigitaldeasturias.com\\\/magazine365\\\/author\\\/admin\\\/#author\"},\"creator\":{\"@id\":\"https:\\\/\\\/eldigitaldeasturias.com\\\/magazine365\\\/author\\\/admin\\\/#author\"},\"image\":{\"@type\":\"ImageObject\",\"url\":\"https:\\\/\\\/eldigitaldeasturias.com\\\/magazine365\\\/wp-content\\\/uploads\\\/2014\\\/05\\\/6298051w.jpg\",\"@id\":\"https:\\\/\\\/eldigitaldeasturias.com\\\/magazine365\\\/un-libro-recoge-lo-mejor-del-periodismo-alimenticio-que-ejercio-lanzmann\\\/#mainImage\",\"width\":800,\"height\":592},\"primaryImageOfPage\":{\"@id\":\"https:\\\/\\\/eldigitaldeasturias.com\\\/magazine365\\\/un-libro-recoge-lo-mejor-del-periodismo-alimenticio-que-ejercio-lanzmann\\\/#mainImage\"},\"datePublished\":\"2014-05-25T17:50:29+02:00\",\"dateModified\":\"2014-05-25T17:50:29+02:00\"},{\"@type\":\"WebSite\",\"@id\":\"https:\\\/\\\/eldigitaldeasturias.com\\\/magazine365\\\/#website\",\"url\":\"https:\\\/\\\/eldigitaldeasturias.com\\\/magazine365\\\/\",\"name\":\"El Digital de Asturias\",\"description\":\"Revista de ocio, turismo y estilo de vida\",\"inLanguage\":\"es-ES\",\"publisher\":{\"@id\":\"https:\\\/\\\/eldigitaldeasturias.com\\\/magazine365\\\/#organization\"}}]}\n\t\t<\/script>\n\t\t<!-- All in One SEO Pro -->\r\n\t\t<title>Un libro recoge lo mejor del \u00abperiodismo alimenticio\u00bb que ejerci\u00f3 Lanzmann | El Digital de Asturias<\/title>\n\n","aioseo_head_json":{"title":"Un libro recoge lo mejor del \u00abperiodismo alimenticio\u00bb que ejerci\u00f3 Lanzmann | El Digital de Asturias","description":"M\u00e1laga, 25 may (EFE).- Antes de comenzar su faceta de cineasta, que tiene en el documental sobre el holocausto \"Shoah\" su obra cumbre, Claude Lanzmann vivi\u00f3 durante veinte a\u00f1os de lo que \u00e9l mismo denomin\u00f3 \"periodismo alimenticio\", una etapa resumida ahora a trav\u00e9s de sus mejores textos en un libro. \"La tumba del sublime nadador\",","canonical_url":"https:\/\/eldigitaldeasturias.com\/magazine365\/un-libro-recoge-lo-mejor-del-periodismo-alimenticio-que-ejercio-lanzmann\/","robots":"max-image-preview:large","keywords":"noticias y actualidad","webmasterTools":{"google-site-verification":"UA-38556648-1","miscellaneous":""},"schema":{"@context":"https:\/\/schema.org","@graph":[{"@type":"Article","@id":"https:\/\/eldigitaldeasturias.com\/magazine365\/un-libro-recoge-lo-mejor-del-periodismo-alimenticio-que-ejercio-lanzmann\/#article","name":"Un libro recoge lo mejor del \u00abperiodismo alimenticio\u00bb que ejerci\u00f3 Lanzmann | El Digital de Asturias","headline":"Un libro recoge lo mejor del \u00abperiodismo alimenticio\u00bb que ejerci\u00f3 Lanzmann","author":{"@id":"https:\/\/eldigitaldeasturias.com\/magazine365\/author\/admin\/#author"},"publisher":{"@id":"https:\/\/eldigitaldeasturias.com\/magazine365\/#organization"},"image":{"@type":"ImageObject","url":"https:\/\/eldigitaldeasturias.com\/magazine365\/wp-content\/uploads\/2014\/05\/6298051w.jpg","width":800,"height":592},"datePublished":"2014-05-25T17:50:29+02:00","dateModified":"2014-05-25T17:50:29+02:00","inLanguage":"es-ES","mainEntityOfPage":{"@id":"https:\/\/eldigitaldeasturias.com\/magazine365\/un-libro-recoge-lo-mejor-del-periodismo-alimenticio-que-ejercio-lanzmann\/#webpage"},"isPartOf":{"@id":"https:\/\/eldigitaldeasturias.com\/magazine365\/un-libro-recoge-lo-mejor-del-periodismo-alimenticio-que-ejercio-lanzmann\/#webpage"},"articleSection":"Noticias y Actualidad"},{"@type":"BreadcrumbList","@id":"https:\/\/eldigitaldeasturias.com\/magazine365\/un-libro-recoge-lo-mejor-del-periodismo-alimenticio-que-ejercio-lanzmann\/#breadcrumblist","itemListElement":[{"@type":"ListItem","@id":"https:\/\/eldigitaldeasturias.com\/magazine365#listItem","position":1,"name":"Home","item":"https:\/\/eldigitaldeasturias.com\/magazine365","nextItem":{"@type":"ListItem","@id":"https:\/\/eldigitaldeasturias.com\/magazine365\/category\/noticias-actualidad\/#listItem","name":"Noticias y Actualidad"}},{"@type":"ListItem","@id":"https:\/\/eldigitaldeasturias.com\/magazine365\/category\/noticias-actualidad\/#listItem","position":2,"name":"Noticias y Actualidad","item":"https:\/\/eldigitaldeasturias.com\/magazine365\/category\/noticias-actualidad\/","nextItem":{"@type":"ListItem","@id":"https:\/\/eldigitaldeasturias.com\/magazine365\/un-libro-recoge-lo-mejor-del-periodismo-alimenticio-que-ejercio-lanzmann\/#listItem","name":"Un libro recoge lo mejor del \u00abperiodismo alimenticio\u00bb que ejerci\u00f3 Lanzmann"},"previousItem":{"@type":"ListItem","@id":"https:\/\/eldigitaldeasturias.com\/magazine365#listItem","name":"Home"}},{"@type":"ListItem","@id":"https:\/\/eldigitaldeasturias.com\/magazine365\/un-libro-recoge-lo-mejor-del-periodismo-alimenticio-que-ejercio-lanzmann\/#listItem","position":3,"name":"Un libro recoge lo mejor del \u00abperiodismo alimenticio\u00bb que ejerci\u00f3 Lanzmann","previousItem":{"@type":"ListItem","@id":"https:\/\/eldigitaldeasturias.com\/magazine365\/category\/noticias-actualidad\/#listItem","name":"Noticias y Actualidad"}}]},{"@type":"Organization","@id":"https:\/\/eldigitaldeasturias.com\/magazine365\/#organization","name":"El digital de Asturias","description":"Revista de ocio, turismo y estilo de vida","url":"https:\/\/eldigitaldeasturias.com\/magazine365\/","logo":{"@type":"ImageObject","url":"https:\/\/www.eldigitaldeasturias.com\/noticias\/wp-content\/uploads\/2020\/12\/EDA.jpg","@id":"https:\/\/eldigitaldeasturias.com\/magazine365\/un-libro-recoge-lo-mejor-del-periodismo-alimenticio-que-ejercio-lanzmann\/#organizationLogo"},"image":{"@id":"https:\/\/eldigitaldeasturias.com\/magazine365\/un-libro-recoge-lo-mejor-del-periodismo-alimenticio-que-ejercio-lanzmann\/#organizationLogo"}},{"@type":"Person","@id":"https:\/\/eldigitaldeasturias.com\/magazine365\/author\/admin\/#author","url":"https:\/\/eldigitaldeasturias.com\/magazine365\/author\/admin\/","name":"admin","image":{"@type":"ImageObject","@id":"https:\/\/eldigitaldeasturias.com\/magazine365\/un-libro-recoge-lo-mejor-del-periodismo-alimenticio-que-ejercio-lanzmann\/#authorImage","url":"https:\/\/eldigitaldeasturias.com\/magazine365\/wp-content\/litespeed\/avatar\/e571bcf59a0edd6fa6838245a470f2fe.jpg?ver=1776969259","width":96,"height":96,"caption":"admin"}},{"@type":"WebPage","@id":"https:\/\/eldigitaldeasturias.com\/magazine365\/un-libro-recoge-lo-mejor-del-periodismo-alimenticio-que-ejercio-lanzmann\/#webpage","url":"https:\/\/eldigitaldeasturias.com\/magazine365\/un-libro-recoge-lo-mejor-del-periodismo-alimenticio-que-ejercio-lanzmann\/","name":"Un libro recoge lo mejor del \u00abperiodismo alimenticio\u00bb que ejerci\u00f3 Lanzmann | El Digital de Asturias","description":"M\u00e1laga, 25 may (EFE).- Antes de comenzar su faceta de cineasta, que tiene en el documental sobre el holocausto \"Shoah\" su obra cumbre, Claude Lanzmann vivi\u00f3 durante veinte a\u00f1os de lo que \u00e9l mismo denomin\u00f3 \"periodismo alimenticio\", una etapa resumida ahora a trav\u00e9s de sus mejores textos en un libro. \"La tumba del sublime nadador\",","inLanguage":"es-ES","isPartOf":{"@id":"https:\/\/eldigitaldeasturias.com\/magazine365\/#website"},"breadcrumb":{"@id":"https:\/\/eldigitaldeasturias.com\/magazine365\/un-libro-recoge-lo-mejor-del-periodismo-alimenticio-que-ejercio-lanzmann\/#breadcrumblist"},"author":{"@id":"https:\/\/eldigitaldeasturias.com\/magazine365\/author\/admin\/#author"},"creator":{"@id":"https:\/\/eldigitaldeasturias.com\/magazine365\/author\/admin\/#author"},"image":{"@type":"ImageObject","url":"https:\/\/eldigitaldeasturias.com\/magazine365\/wp-content\/uploads\/2014\/05\/6298051w.jpg","@id":"https:\/\/eldigitaldeasturias.com\/magazine365\/un-libro-recoge-lo-mejor-del-periodismo-alimenticio-que-ejercio-lanzmann\/#mainImage","width":800,"height":592},"primaryImageOfPage":{"@id":"https:\/\/eldigitaldeasturias.com\/magazine365\/un-libro-recoge-lo-mejor-del-periodismo-alimenticio-que-ejercio-lanzmann\/#mainImage"},"datePublished":"2014-05-25T17:50:29+02:00","dateModified":"2014-05-25T17:50:29+02:00"},{"@type":"WebSite","@id":"https:\/\/eldigitaldeasturias.com\/magazine365\/#website","url":"https:\/\/eldigitaldeasturias.com\/magazine365\/","name":"El Digital de Asturias","description":"Revista de ocio, turismo y estilo de vida","inLanguage":"es-ES","publisher":{"@id":"https:\/\/eldigitaldeasturias.com\/magazine365\/#organization"}}]},"og:locale":"es_ES","og:site_name":"El Digital de Asturias \u2013 Revista de ocio, turismo y estilo de vida","og:type":"article","og:title":"Un libro recoge lo mejor del \u00abperiodismo alimenticio\u00bb que ejerci\u00f3 Lanzmann | El Digital de Asturias","og:description":"M\u00e1laga, 25 may (EFE).- Antes de comenzar su faceta de cineasta, que tiene en el documental sobre el holocausto &quot;Shoah&quot; su obra cumbre, Claude Lanzmann vivi\u00f3 durante veinte a\u00f1os de lo que \u00e9l mismo denomin\u00f3 &quot;periodismo alimenticio&quot;, una etapa resumida ahora a trav\u00e9s de sus mejores textos en un libro. &quot;La tumba del sublime nadador&quot;,","og:url":"https:\/\/eldigitaldeasturias.com\/magazine365\/un-libro-recoge-lo-mejor-del-periodismo-alimenticio-que-ejercio-lanzmann\/","og:image":"https:\/\/eldigitaldeasturias.com\/magazine365\/wp-content\/uploads\/2014\/05\/6298051w.jpg","og:image:secure_url":"https:\/\/eldigitaldeasturias.com\/magazine365\/wp-content\/uploads\/2014\/05\/6298051w.jpg","og:image:width":800,"og:image:height":592,"article:published_time":"2014-05-25T19:50:29+00:00","article:modified_time":"2014-05-25T19:50:29+00:00","twitter:card":"summary_large_image","twitter:title":"Un libro recoge lo mejor del \u00abperiodismo alimenticio\u00bb que ejerci\u00f3 Lanzmann | El Digital de Asturias","twitter:description":"M\u00e1laga, 25 may (EFE).- Antes de comenzar su faceta de cineasta, que tiene en el documental sobre el holocausto &quot;Shoah&quot; su obra cumbre, Claude Lanzmann vivi\u00f3 durante veinte a\u00f1os de lo que \u00e9l mismo denomin\u00f3 &quot;periodismo alimenticio&quot;, una etapa resumida ahora a trav\u00e9s de sus mejores textos en un libro. &quot;La tumba del sublime nadador&quot;,","twitter:image":"https:\/\/eldigitaldeasturias.com\/magazine365\/wp-content\/uploads\/2014\/05\/6298051w.jpg"},"aioseo_meta_data":{"post_id":"13907","title":null,"description":null,"keywords":null,"keyphrases":null,"primary_term":null,"canonical_url":null,"og_title":null,"og_description":null,"og_object_type":"default","og_image_type":"default","og_image_url":null,"og_image_width":null,"og_image_height":null,"og_image_custom_url":null,"og_image_custom_fields":null,"og_video":null,"og_custom_url":null,"og_article_section":null,"og_article_tags":null,"twitter_use_og":false,"twitter_card":"default","twitter_image_type":"default","twitter_image_url":null,"twitter_image_custom_url":null,"twitter_image_custom_fields":null,"twitter_title":null,"twitter_description":null,"schema":{"blockGraphs":[],"customGraphs":[],"default":{"data":{"Article":[],"Course":[],"Dataset":[],"FAQPage":[],"Movie":[],"Person":[],"Product":[],"ProductReview":[],"Car":[],"Recipe":[],"Service":[],"SoftwareApplication":[],"WebPage":[]},"graphName":"","isEnabled":true},"graphs":[],"defaultGraph":"","defaultPostTypeGraph":""},"schema_type":null,"schema_type_options":null,"pillar_content":false,"robots_default":true,"robots_noindex":false,"robots_noarchive":false,"robots_nosnippet":false,"robots_nofollow":false,"robots_noimageindex":false,"robots_noodp":false,"robots_notranslate":false,"robots_max_snippet":null,"robots_max_videopreview":null,"robots_max_imagepreview":"large","priority":null,"frequency":null,"location":null,"local_seo":null,"seo_analyzer_scan_date":"2025-09-17 09:10:21","breadcrumb_settings":null,"limit_modified_date":false,"open_ai":null,"ai":null,"created":"2021-03-09 08:22:46","updated":"2025-09-17 09:10:21"},"aioseo_breadcrumb":"<div class=\"aioseo-breadcrumbs\"><span class=\"aioseo-breadcrumb\">\n\t<a href=\"https:\/\/eldigitaldeasturias.com\/magazine365\" title=\"Home\">Home<\/a>\n<\/span><span class=\"aioseo-breadcrumb-separator\">\u2013<\/span><span class=\"aioseo-breadcrumb\">\n\t<a href=\"https:\/\/eldigitaldeasturias.com\/magazine365\/category\/noticias-actualidad\/\" title=\"Noticias y Actualidad\">Noticias y Actualidad<\/a>\n<\/span><span class=\"aioseo-breadcrumb-separator\">\u2013<\/span><span class=\"aioseo-breadcrumb\">\n\t<a href=\"https:\/\/eldigitaldeasturias.com\/magazine365\/un-libro-recoge-lo-mejor-del-periodismo-alimenticio-que-ejercio-lanzmann\/\" title=\"Un libro recoge lo mejor del \u00abperiodismo alimenticio\u00bb que ejerci\u00f3 Lanzmann\">Un libro recoge lo mejor del \u00abperiodismo alimenticio\u00bb que ejerci\u00f3 Lanzmann<\/a>\n<\/span><\/div>","aioseo_breadcrumb_json":[{"label":"Home","link":"https:\/\/eldigitaldeasturias.com\/magazine365"},{"label":"Noticias y Actualidad","link":"https:\/\/eldigitaldeasturias.com\/magazine365\/category\/noticias-actualidad\/"},{"label":"Un libro recoge lo mejor del \u00abperiodismo alimenticio\u00bb que ejerci\u00f3 Lanzmann","link":"https:\/\/eldigitaldeasturias.com\/magazine365\/un-libro-recoge-lo-mejor-del-periodismo-alimenticio-que-ejercio-lanzmann\/"}],"_links":{"self":[{"href":"https:\/\/eldigitaldeasturias.com\/magazine365\/wp-json\/wp\/v2\/posts\/13907","targetHints":{"allow":["GET"]}}],"collection":[{"href":"https:\/\/eldigitaldeasturias.com\/magazine365\/wp-json\/wp\/v2\/posts"}],"about":[{"href":"https:\/\/eldigitaldeasturias.com\/magazine365\/wp-json\/wp\/v2\/types\/post"}],"author":[{"embeddable":true,"href":"https:\/\/eldigitaldeasturias.com\/magazine365\/wp-json\/wp\/v2\/users\/1"}],"replies":[{"embeddable":true,"href":"https:\/\/eldigitaldeasturias.com\/magazine365\/wp-json\/wp\/v2\/comments?post=13907"}],"version-history":[{"count":0,"href":"https:\/\/eldigitaldeasturias.com\/magazine365\/wp-json\/wp\/v2\/posts\/13907\/revisions"}],"wp:featuredmedia":[{"embeddable":true,"href":"https:\/\/eldigitaldeasturias.com\/magazine365\/wp-json\/wp\/v2\/media\/13908"}],"wp:attachment":[{"href":"https:\/\/eldigitaldeasturias.com\/magazine365\/wp-json\/wp\/v2\/media?parent=13907"}],"wp:term":[{"taxonomy":"category","embeddable":true,"href":"https:\/\/eldigitaldeasturias.com\/magazine365\/wp-json\/wp\/v2\/categories?post=13907"},{"taxonomy":"post_tag","embeddable":true,"href":"https:\/\/eldigitaldeasturias.com\/magazine365\/wp-json\/wp\/v2\/tags?post=13907"}],"curies":[{"name":"wp","href":"https:\/\/api.w.org\/{rel}","templated":true}]}}