{"id":13898,"date":"2014-05-25T07:13:43","date_gmt":"2014-05-25T09:13:43","guid":{"rendered":"http:\/\/eldigitaldeasturias.com\/magazine365\/?p=13898"},"modified":"2014-05-25T07:13:43","modified_gmt":"2014-05-25T09:13:43","slug":"amigos-de-paco-de-lucia-le-rinden-homenaje-con-su-musica-en-mexico","status":"publish","type":"post","link":"https:\/\/eldigitaldeasturias.com\/magazine365\/amigos-de-paco-de-lucia-le-rinden-homenaje-con-su-musica-en-mexico\/","title":{"rendered":"Amigos de Paco de Luc\u00eda le rinden homenaje con su m\u00fasica en M\u00e9xico"},"content":{"rendered":"<p><img fetchpriority=\"high\" decoding=\"async\" class=\"alignleft size-medium wp-image-13899\" alt=\"6297781w\" src=\"https:\/\/eldigitaldeasturias.com\/magazine365\/wp-content\/uploads\/2014\/05\/6297781w-360x239.jpg\" width=\"360\" height=\"239\" \/>Canc\u00fan (M\u00e9xico), 25 may (EFE).- Amigos del guitarrista espa\u00f1ol Paco de Luc\u00eda que un d\u00eda compartieron escenario con \u00e9l participaron hoy en un festival en M\u00e9xico con el que quisieron homenajear al maestro de la guitarra, fallecido en este pa\u00eds hace tres meses.<\/p>\n<p>El homenaje al m\u00fasico comenz\u00f3 ayer, concluye esta noche en el balneario mexicano de Canc\u00fan y se caracteriz\u00f3 por un ambiente que pasaba de lo festivo a lo nost\u00e1lgico en cuesti\u00f3n de segundos.<\/p>\n<p>El \u00abOasis Jazz U Lat\u00edn Fusi\u00f3n 2014\u00bb logr\u00f3 reunir no s\u00f3lo a grandes amigos y cercanos colaboradores de Paco de Luc\u00eda, sino a grandes exponentes del flamenco, el jazz, la salsa y otros ritmos latinos.<\/p>\n<p>De los momentos m\u00e1s emotivos para el p\u00fablico asistente sin duda alguna fueron las palabras de la viuda del maestro, Gabriela Canseco, que subi\u00f3 al escenario para hablar de lo mucho que amaba De Luc\u00eda a esta zona del Caribe donde viv\u00eda por temporadas. \u00abMi esposo amaba Canc\u00fan\u00bb, cont\u00f3.<\/p>\n<p>El nacimiento de su hijo fue una de las an\u00e9cdotas que la mexicana Canseco comparti\u00f3 con el p\u00fablico y con los amigos de Paco de Luc\u00eda.<\/p>\n<p>\u00abAqu\u00ed sucedi\u00f3 toda nuestra historia, aqu\u00ed nos conocimos, tenemos una hija orgullosamente cancunense. Mi hijo iba a nacer aqu\u00ed pero un hurac\u00e1n nos hizo salir y tuvo que nacer en la Ciudad de M\u00e9xico, sino tambi\u00e9n ser\u00eda cancunense\u00bb, record\u00f3.<\/p>\n<p>En declaraciones a Efe, Pedro Pueyo, presidente de Oasis, dijo que el homenaje al guitarrista de flamenco m\u00e1s grande de todos los tiempos, era algo que se ten\u00eda que hacer en Canc\u00fan porque era el lugar que \u00e9l amaba.<\/p>\n<p>\u00abPaco de Luc\u00eda eligi\u00f3 vivir aqu\u00ed, muri\u00f3 aqu\u00ed, por eso su homenaje es aqu\u00ed. Su familia est\u00e1 muy contenta con lo que se ha logrado, Gabriela ha estado aqu\u00ed\u00bb, coment\u00f3.<\/p>\n<p>Algunos de los artistas que han pisado el escenario estos dos d\u00edas de m\u00fasica han sido Chuchito Valdez, Carles Benavent, Paquito D&#8217;Rivera, Antonio S\u00e1nchez, Jorge Pardo, Josearia Bandera, Alonso Arreola, \u00d3scar D&#8217;Leon. Y Juan D&#8217;Any\u00e9lica, este \u00faltimo, organizador del homenaje.<\/p>\n<p>El pasado 25 de febrero, el m\u00fasico falleci\u00f3 tras sufrir un infarto a los 66 a\u00f1os en un hospital de la ciudad de Playa del Carmen, ubicada a pocos kil\u00f3metros donde hoy se celebr\u00f3 el festival.<\/p>\n","protected":false},"excerpt":{"rendered":"<p>Canc\u00fan (M\u00e9xico), 25 may (EFE).- Amigos del guitarrista espa\u00f1ol Paco de Luc\u00eda que un d\u00eda compartieron escenario con \u00e9l participaron hoy en un festival en M\u00e9xico con el que quisieron homenajear al maestro de la guitarra, fallecido en este pa\u00eds hace tres meses. El homenaje al m\u00fasico comenz\u00f3 ayer, concluye esta noche en el balneario<\/p>\n","protected":false},"author":1,"featured_media":13899,"comment_status":"open","ping_status":"closed","sticky":false,"template":"","format":"standard","meta":{"footnotes":""},"categories":[224],"tags":[],"class_list":{"0":"post-13898","1":"post","2":"type-post","3":"status-publish","4":"format-standard","5":"has-post-thumbnail","7":"category-noticias-actualidad"},"aioseo_notices":[],"aioseo_head":"\n\t\t<!-- All in One SEO Pro 4.9.6.1 - aioseo.com -->\n\t<meta name=\"description\" content=\"Canc\u00fan (M\u00e9xico), 25 may (EFE).- Amigos del guitarrista espa\u00f1ol Paco de Luc\u00eda que un d\u00eda compartieron escenario con \u00e9l participaron hoy en un festival en M\u00e9xico con el que quisieron homenajear al maestro de la guitarra, fallecido en este pa\u00eds hace tres meses. El homenaje al m\u00fasico comenz\u00f3 ayer, concluye esta noche en el balneario\" \/>\n\t<meta name=\"robots\" content=\"max-image-preview:large\" \/>\n\t<meta name=\"author\" content=\"admin\"\/>\n\t<meta name=\"google-site-verification\" content=\"UA-38556648-1\" \/>\n\t<meta name=\"keywords\" content=\"noticias y actualidad\" \/>\n\t<link rel=\"canonical\" href=\"https:\/\/eldigitaldeasturias.com\/magazine365\/amigos-de-paco-de-lucia-le-rinden-homenaje-con-su-musica-en-mexico\/\" \/>\n\t<meta name=\"generator\" content=\"All in One SEO Pro (AIOSEO) 4.9.6.1\" \/>\n\t\t<meta property=\"og:locale\" content=\"es_ES\" \/>\n\t\t<meta property=\"og:site_name\" content=\"El Digital de Asturias \u2013 Revista de ocio, turismo y estilo de vida\" \/>\n\t\t<meta property=\"og:type\" content=\"article\" \/>\n\t\t<meta property=\"og:title\" content=\"Amigos de Paco de Luc\u00eda le rinden homenaje con su m\u00fasica en M\u00e9xico | El Digital de Asturias\" \/>\n\t\t<meta property=\"og:description\" content=\"Canc\u00fan (M\u00e9xico), 25 may (EFE).- Amigos del guitarrista espa\u00f1ol Paco de Luc\u00eda que un d\u00eda compartieron escenario con \u00e9l participaron hoy en un festival en M\u00e9xico con el que quisieron homenajear al maestro de la guitarra, fallecido en este pa\u00eds hace tres meses. El homenaje al m\u00fasico comenz\u00f3 ayer, concluye esta noche en el balneario\" \/>\n\t\t<meta property=\"og:url\" content=\"https:\/\/eldigitaldeasturias.com\/magazine365\/amigos-de-paco-de-lucia-le-rinden-homenaje-con-su-musica-en-mexico\/\" \/>\n\t\t<meta property=\"og:image\" content=\"https:\/\/eldigitaldeasturias.com\/magazine365\/wp-content\/uploads\/2014\/05\/6297781w.jpg\" \/>\n\t\t<meta property=\"og:image:secure_url\" content=\"https:\/\/eldigitaldeasturias.com\/magazine365\/wp-content\/uploads\/2014\/05\/6297781w.jpg\" \/>\n\t\t<meta property=\"og:image:width\" content=\"800\" \/>\n\t\t<meta property=\"og:image:height\" content=\"533\" \/>\n\t\t<meta property=\"article:published_time\" content=\"2014-05-25T09:13:43+00:00\" \/>\n\t\t<meta property=\"article:modified_time\" content=\"2014-05-25T09:13:43+00:00\" \/>\n\t\t<meta name=\"twitter:card\" content=\"summary_large_image\" \/>\n\t\t<meta name=\"twitter:title\" content=\"Amigos de Paco de Luc\u00eda le rinden homenaje con su m\u00fasica en M\u00e9xico | El Digital de Asturias\" \/>\n\t\t<meta name=\"twitter:description\" content=\"Canc\u00fan (M\u00e9xico), 25 may (EFE).- Amigos del guitarrista espa\u00f1ol Paco de Luc\u00eda que un d\u00eda compartieron escenario con \u00e9l participaron hoy en un festival en M\u00e9xico con el que quisieron homenajear al maestro de la guitarra, fallecido en este pa\u00eds hace tres meses. El homenaje al m\u00fasico comenz\u00f3 ayer, concluye esta noche en el balneario\" \/>\n\t\t<meta name=\"twitter:image\" content=\"https:\/\/eldigitaldeasturias.com\/magazine365\/wp-content\/uploads\/2014\/05\/6297781w.jpg\" \/>\n\t\t<script type=\"application\/ld+json\" class=\"aioseo-schema\">\n\t\t\t{\"@context\":\"https:\\\/\\\/schema.org\",\"@graph\":[{\"@type\":\"Article\",\"@id\":\"https:\\\/\\\/eldigitaldeasturias.com\\\/magazine365\\\/amigos-de-paco-de-lucia-le-rinden-homenaje-con-su-musica-en-mexico\\\/#article\",\"name\":\"Amigos de Paco de Luc\\u00eda le rinden homenaje con su m\\u00fasica en M\\u00e9xico | El Digital de Asturias\",\"headline\":\"Amigos de Paco de Luc\\u00eda le rinden homenaje con su m\\u00fasica en M\\u00e9xico\",\"author\":{\"@id\":\"https:\\\/\\\/eldigitaldeasturias.com\\\/magazine365\\\/author\\\/admin\\\/#author\"},\"publisher\":{\"@id\":\"https:\\\/\\\/eldigitaldeasturias.com\\\/magazine365\\\/#organization\"},\"image\":{\"@type\":\"ImageObject\",\"url\":\"https:\\\/\\\/eldigitaldeasturias.com\\\/magazine365\\\/wp-content\\\/uploads\\\/2014\\\/05\\\/6297781w.jpg\",\"width\":800,\"height\":533},\"datePublished\":\"2014-05-25T07:13:43+02:00\",\"dateModified\":\"2014-05-25T07:13:43+02:00\",\"inLanguage\":\"es-ES\",\"mainEntityOfPage\":{\"@id\":\"https:\\\/\\\/eldigitaldeasturias.com\\\/magazine365\\\/amigos-de-paco-de-lucia-le-rinden-homenaje-con-su-musica-en-mexico\\\/#webpage\"},\"isPartOf\":{\"@id\":\"https:\\\/\\\/eldigitaldeasturias.com\\\/magazine365\\\/amigos-de-paco-de-lucia-le-rinden-homenaje-con-su-musica-en-mexico\\\/#webpage\"},\"articleSection\":\"Noticias y Actualidad\"},{\"@type\":\"BreadcrumbList\",\"@id\":\"https:\\\/\\\/eldigitaldeasturias.com\\\/magazine365\\\/amigos-de-paco-de-lucia-le-rinden-homenaje-con-su-musica-en-mexico\\\/#breadcrumblist\",\"itemListElement\":[{\"@type\":\"ListItem\",\"@id\":\"https:\\\/\\\/eldigitaldeasturias.com\\\/magazine365#listItem\",\"position\":1,\"name\":\"Home\",\"item\":\"https:\\\/\\\/eldigitaldeasturias.com\\\/magazine365\",\"nextItem\":{\"@type\":\"ListItem\",\"@id\":\"https:\\\/\\\/eldigitaldeasturias.com\\\/magazine365\\\/category\\\/noticias-actualidad\\\/#listItem\",\"name\":\"Noticias y Actualidad\"}},{\"@type\":\"ListItem\",\"@id\":\"https:\\\/\\\/eldigitaldeasturias.com\\\/magazine365\\\/category\\\/noticias-actualidad\\\/#listItem\",\"position\":2,\"name\":\"Noticias y Actualidad\",\"item\":\"https:\\\/\\\/eldigitaldeasturias.com\\\/magazine365\\\/category\\\/noticias-actualidad\\\/\",\"nextItem\":{\"@type\":\"ListItem\",\"@id\":\"https:\\\/\\\/eldigitaldeasturias.com\\\/magazine365\\\/amigos-de-paco-de-lucia-le-rinden-homenaje-con-su-musica-en-mexico\\\/#listItem\",\"name\":\"Amigos de Paco de Luc\\u00eda le rinden homenaje con su m\\u00fasica en M\\u00e9xico\"},\"previousItem\":{\"@type\":\"ListItem\",\"@id\":\"https:\\\/\\\/eldigitaldeasturias.com\\\/magazine365#listItem\",\"name\":\"Home\"}},{\"@type\":\"ListItem\",\"@id\":\"https:\\\/\\\/eldigitaldeasturias.com\\\/magazine365\\\/amigos-de-paco-de-lucia-le-rinden-homenaje-con-su-musica-en-mexico\\\/#listItem\",\"position\":3,\"name\":\"Amigos de Paco de Luc\\u00eda le rinden homenaje con su m\\u00fasica en M\\u00e9xico\",\"previousItem\":{\"@type\":\"ListItem\",\"@id\":\"https:\\\/\\\/eldigitaldeasturias.com\\\/magazine365\\\/category\\\/noticias-actualidad\\\/#listItem\",\"name\":\"Noticias y Actualidad\"}}]},{\"@type\":\"Organization\",\"@id\":\"https:\\\/\\\/eldigitaldeasturias.com\\\/magazine365\\\/#organization\",\"name\":\"El digital de Asturias\",\"description\":\"Revista de ocio, turismo y estilo de vida\",\"url\":\"https:\\\/\\\/eldigitaldeasturias.com\\\/magazine365\\\/\",\"logo\":{\"@type\":\"ImageObject\",\"url\":\"https:\\\/\\\/www.eldigitaldeasturias.com\\\/noticias\\\/wp-content\\\/uploads\\\/2020\\\/12\\\/EDA.jpg\",\"@id\":\"https:\\\/\\\/eldigitaldeasturias.com\\\/magazine365\\\/amigos-de-paco-de-lucia-le-rinden-homenaje-con-su-musica-en-mexico\\\/#organizationLogo\"},\"image\":{\"@id\":\"https:\\\/\\\/eldigitaldeasturias.com\\\/magazine365\\\/amigos-de-paco-de-lucia-le-rinden-homenaje-con-su-musica-en-mexico\\\/#organizationLogo\"}},{\"@type\":\"Person\",\"@id\":\"https:\\\/\\\/eldigitaldeasturias.com\\\/magazine365\\\/author\\\/admin\\\/#author\",\"url\":\"https:\\\/\\\/eldigitaldeasturias.com\\\/magazine365\\\/author\\\/admin\\\/\",\"name\":\"admin\",\"image\":{\"@type\":\"ImageObject\",\"@id\":\"https:\\\/\\\/eldigitaldeasturias.com\\\/magazine365\\\/amigos-de-paco-de-lucia-le-rinden-homenaje-con-su-musica-en-mexico\\\/#authorImage\",\"url\":\"https:\\\/\\\/eldigitaldeasturias.com\\\/magazine365\\\/wp-content\\\/litespeed\\\/avatar\\\/e571bcf59a0edd6fa6838245a470f2fe.jpg?ver=1776969259\",\"width\":96,\"height\":96,\"caption\":\"admin\"}},{\"@type\":\"WebPage\",\"@id\":\"https:\\\/\\\/eldigitaldeasturias.com\\\/magazine365\\\/amigos-de-paco-de-lucia-le-rinden-homenaje-con-su-musica-en-mexico\\\/#webpage\",\"url\":\"https:\\\/\\\/eldigitaldeasturias.com\\\/magazine365\\\/amigos-de-paco-de-lucia-le-rinden-homenaje-con-su-musica-en-mexico\\\/\",\"name\":\"Amigos de Paco de Luc\\u00eda le rinden homenaje con su m\\u00fasica en M\\u00e9xico | El Digital de Asturias\",\"description\":\"Canc\\u00fan (M\\u00e9xico), 25 may (EFE).- Amigos del guitarrista espa\\u00f1ol Paco de Luc\\u00eda que un d\\u00eda compartieron escenario con \\u00e9l participaron hoy en un festival en M\\u00e9xico con el que quisieron homenajear al maestro de la guitarra, fallecido en este pa\\u00eds hace tres meses. El homenaje al m\\u00fasico comenz\\u00f3 ayer, concluye esta noche en el balneario\",\"inLanguage\":\"es-ES\",\"isPartOf\":{\"@id\":\"https:\\\/\\\/eldigitaldeasturias.com\\\/magazine365\\\/#website\"},\"breadcrumb\":{\"@id\":\"https:\\\/\\\/eldigitaldeasturias.com\\\/magazine365\\\/amigos-de-paco-de-lucia-le-rinden-homenaje-con-su-musica-en-mexico\\\/#breadcrumblist\"},\"author\":{\"@id\":\"https:\\\/\\\/eldigitaldeasturias.com\\\/magazine365\\\/author\\\/admin\\\/#author\"},\"creator\":{\"@id\":\"https:\\\/\\\/eldigitaldeasturias.com\\\/magazine365\\\/author\\\/admin\\\/#author\"},\"image\":{\"@type\":\"ImageObject\",\"url\":\"https:\\\/\\\/eldigitaldeasturias.com\\\/magazine365\\\/wp-content\\\/uploads\\\/2014\\\/05\\\/6297781w.jpg\",\"@id\":\"https:\\\/\\\/eldigitaldeasturias.com\\\/magazine365\\\/amigos-de-paco-de-lucia-le-rinden-homenaje-con-su-musica-en-mexico\\\/#mainImage\",\"width\":800,\"height\":533},\"primaryImageOfPage\":{\"@id\":\"https:\\\/\\\/eldigitaldeasturias.com\\\/magazine365\\\/amigos-de-paco-de-lucia-le-rinden-homenaje-con-su-musica-en-mexico\\\/#mainImage\"},\"datePublished\":\"2014-05-25T07:13:43+02:00\",\"dateModified\":\"2014-05-25T07:13:43+02:00\"},{\"@type\":\"WebSite\",\"@id\":\"https:\\\/\\\/eldigitaldeasturias.com\\\/magazine365\\\/#website\",\"url\":\"https:\\\/\\\/eldigitaldeasturias.com\\\/magazine365\\\/\",\"name\":\"El Digital de Asturias\",\"description\":\"Revista de ocio, turismo y estilo de vida\",\"inLanguage\":\"es-ES\",\"publisher\":{\"@id\":\"https:\\\/\\\/eldigitaldeasturias.com\\\/magazine365\\\/#organization\"}}]}\n\t\t<\/script>\n\t\t<!-- All in One SEO Pro -->\r\n\t\t<title>Amigos de Paco de Luc\u00eda le rinden homenaje con su m\u00fasica en M\u00e9xico | El Digital de Asturias<\/title>\n\n","aioseo_head_json":{"title":"Amigos de Paco de Luc\u00eda le rinden homenaje con su m\u00fasica en M\u00e9xico | El Digital de Asturias","description":"Canc\u00fan (M\u00e9xico), 25 may (EFE).- Amigos del guitarrista espa\u00f1ol Paco de Luc\u00eda que un d\u00eda compartieron escenario con \u00e9l participaron hoy en un festival en M\u00e9xico con el que quisieron homenajear al maestro de la guitarra, fallecido en este pa\u00eds hace tres meses. El homenaje al m\u00fasico comenz\u00f3 ayer, concluye esta noche en el balneario","canonical_url":"https:\/\/eldigitaldeasturias.com\/magazine365\/amigos-de-paco-de-lucia-le-rinden-homenaje-con-su-musica-en-mexico\/","robots":"max-image-preview:large","keywords":"noticias y actualidad","webmasterTools":{"google-site-verification":"UA-38556648-1","miscellaneous":""},"schema":{"@context":"https:\/\/schema.org","@graph":[{"@type":"Article","@id":"https:\/\/eldigitaldeasturias.com\/magazine365\/amigos-de-paco-de-lucia-le-rinden-homenaje-con-su-musica-en-mexico\/#article","name":"Amigos de Paco de Luc\u00eda le rinden homenaje con su m\u00fasica en M\u00e9xico | El Digital de Asturias","headline":"Amigos de Paco de Luc\u00eda le rinden homenaje con su m\u00fasica en M\u00e9xico","author":{"@id":"https:\/\/eldigitaldeasturias.com\/magazine365\/author\/admin\/#author"},"publisher":{"@id":"https:\/\/eldigitaldeasturias.com\/magazine365\/#organization"},"image":{"@type":"ImageObject","url":"https:\/\/eldigitaldeasturias.com\/magazine365\/wp-content\/uploads\/2014\/05\/6297781w.jpg","width":800,"height":533},"datePublished":"2014-05-25T07:13:43+02:00","dateModified":"2014-05-25T07:13:43+02:00","inLanguage":"es-ES","mainEntityOfPage":{"@id":"https:\/\/eldigitaldeasturias.com\/magazine365\/amigos-de-paco-de-lucia-le-rinden-homenaje-con-su-musica-en-mexico\/#webpage"},"isPartOf":{"@id":"https:\/\/eldigitaldeasturias.com\/magazine365\/amigos-de-paco-de-lucia-le-rinden-homenaje-con-su-musica-en-mexico\/#webpage"},"articleSection":"Noticias y Actualidad"},{"@type":"BreadcrumbList","@id":"https:\/\/eldigitaldeasturias.com\/magazine365\/amigos-de-paco-de-lucia-le-rinden-homenaje-con-su-musica-en-mexico\/#breadcrumblist","itemListElement":[{"@type":"ListItem","@id":"https:\/\/eldigitaldeasturias.com\/magazine365#listItem","position":1,"name":"Home","item":"https:\/\/eldigitaldeasturias.com\/magazine365","nextItem":{"@type":"ListItem","@id":"https:\/\/eldigitaldeasturias.com\/magazine365\/category\/noticias-actualidad\/#listItem","name":"Noticias y Actualidad"}},{"@type":"ListItem","@id":"https:\/\/eldigitaldeasturias.com\/magazine365\/category\/noticias-actualidad\/#listItem","position":2,"name":"Noticias y Actualidad","item":"https:\/\/eldigitaldeasturias.com\/magazine365\/category\/noticias-actualidad\/","nextItem":{"@type":"ListItem","@id":"https:\/\/eldigitaldeasturias.com\/magazine365\/amigos-de-paco-de-lucia-le-rinden-homenaje-con-su-musica-en-mexico\/#listItem","name":"Amigos de Paco de Luc\u00eda le rinden homenaje con su m\u00fasica en M\u00e9xico"},"previousItem":{"@type":"ListItem","@id":"https:\/\/eldigitaldeasturias.com\/magazine365#listItem","name":"Home"}},{"@type":"ListItem","@id":"https:\/\/eldigitaldeasturias.com\/magazine365\/amigos-de-paco-de-lucia-le-rinden-homenaje-con-su-musica-en-mexico\/#listItem","position":3,"name":"Amigos de Paco de Luc\u00eda le rinden homenaje con su m\u00fasica en M\u00e9xico","previousItem":{"@type":"ListItem","@id":"https:\/\/eldigitaldeasturias.com\/magazine365\/category\/noticias-actualidad\/#listItem","name":"Noticias y Actualidad"}}]},{"@type":"Organization","@id":"https:\/\/eldigitaldeasturias.com\/magazine365\/#organization","name":"El digital de Asturias","description":"Revista de ocio, turismo y estilo de vida","url":"https:\/\/eldigitaldeasturias.com\/magazine365\/","logo":{"@type":"ImageObject","url":"https:\/\/www.eldigitaldeasturias.com\/noticias\/wp-content\/uploads\/2020\/12\/EDA.jpg","@id":"https:\/\/eldigitaldeasturias.com\/magazine365\/amigos-de-paco-de-lucia-le-rinden-homenaje-con-su-musica-en-mexico\/#organizationLogo"},"image":{"@id":"https:\/\/eldigitaldeasturias.com\/magazine365\/amigos-de-paco-de-lucia-le-rinden-homenaje-con-su-musica-en-mexico\/#organizationLogo"}},{"@type":"Person","@id":"https:\/\/eldigitaldeasturias.com\/magazine365\/author\/admin\/#author","url":"https:\/\/eldigitaldeasturias.com\/magazine365\/author\/admin\/","name":"admin","image":{"@type":"ImageObject","@id":"https:\/\/eldigitaldeasturias.com\/magazine365\/amigos-de-paco-de-lucia-le-rinden-homenaje-con-su-musica-en-mexico\/#authorImage","url":"https:\/\/eldigitaldeasturias.com\/magazine365\/wp-content\/litespeed\/avatar\/e571bcf59a0edd6fa6838245a470f2fe.jpg?ver=1776969259","width":96,"height":96,"caption":"admin"}},{"@type":"WebPage","@id":"https:\/\/eldigitaldeasturias.com\/magazine365\/amigos-de-paco-de-lucia-le-rinden-homenaje-con-su-musica-en-mexico\/#webpage","url":"https:\/\/eldigitaldeasturias.com\/magazine365\/amigos-de-paco-de-lucia-le-rinden-homenaje-con-su-musica-en-mexico\/","name":"Amigos de Paco de Luc\u00eda le rinden homenaje con su m\u00fasica en M\u00e9xico | El Digital de Asturias","description":"Canc\u00fan (M\u00e9xico), 25 may (EFE).- Amigos del guitarrista espa\u00f1ol Paco de Luc\u00eda que un d\u00eda compartieron escenario con \u00e9l participaron hoy en un festival en M\u00e9xico con el que quisieron homenajear al maestro de la guitarra, fallecido en este pa\u00eds hace tres meses. El homenaje al m\u00fasico comenz\u00f3 ayer, concluye esta noche en el balneario","inLanguage":"es-ES","isPartOf":{"@id":"https:\/\/eldigitaldeasturias.com\/magazine365\/#website"},"breadcrumb":{"@id":"https:\/\/eldigitaldeasturias.com\/magazine365\/amigos-de-paco-de-lucia-le-rinden-homenaje-con-su-musica-en-mexico\/#breadcrumblist"},"author":{"@id":"https:\/\/eldigitaldeasturias.com\/magazine365\/author\/admin\/#author"},"creator":{"@id":"https:\/\/eldigitaldeasturias.com\/magazine365\/author\/admin\/#author"},"image":{"@type":"ImageObject","url":"https:\/\/eldigitaldeasturias.com\/magazine365\/wp-content\/uploads\/2014\/05\/6297781w.jpg","@id":"https:\/\/eldigitaldeasturias.com\/magazine365\/amigos-de-paco-de-lucia-le-rinden-homenaje-con-su-musica-en-mexico\/#mainImage","width":800,"height":533},"primaryImageOfPage":{"@id":"https:\/\/eldigitaldeasturias.com\/magazine365\/amigos-de-paco-de-lucia-le-rinden-homenaje-con-su-musica-en-mexico\/#mainImage"},"datePublished":"2014-05-25T07:13:43+02:00","dateModified":"2014-05-25T07:13:43+02:00"},{"@type":"WebSite","@id":"https:\/\/eldigitaldeasturias.com\/magazine365\/#website","url":"https:\/\/eldigitaldeasturias.com\/magazine365\/","name":"El Digital de Asturias","description":"Revista de ocio, turismo y estilo de vida","inLanguage":"es-ES","publisher":{"@id":"https:\/\/eldigitaldeasturias.com\/magazine365\/#organization"}}]},"og:locale":"es_ES","og:site_name":"El Digital de Asturias \u2013 Revista de ocio, turismo y estilo de vida","og:type":"article","og:title":"Amigos de Paco de Luc\u00eda le rinden homenaje con su m\u00fasica en M\u00e9xico | El Digital de Asturias","og:description":"Canc\u00fan (M\u00e9xico), 25 may (EFE).- Amigos del guitarrista espa\u00f1ol Paco de Luc\u00eda que un d\u00eda compartieron escenario con \u00e9l participaron hoy en un festival en M\u00e9xico con el que quisieron homenajear al maestro de la guitarra, fallecido en este pa\u00eds hace tres meses. El homenaje al m\u00fasico comenz\u00f3 ayer, concluye esta noche en el balneario","og:url":"https:\/\/eldigitaldeasturias.com\/magazine365\/amigos-de-paco-de-lucia-le-rinden-homenaje-con-su-musica-en-mexico\/","og:image":"https:\/\/eldigitaldeasturias.com\/magazine365\/wp-content\/uploads\/2014\/05\/6297781w.jpg","og:image:secure_url":"https:\/\/eldigitaldeasturias.com\/magazine365\/wp-content\/uploads\/2014\/05\/6297781w.jpg","og:image:width":800,"og:image:height":533,"article:published_time":"2014-05-25T09:13:43+00:00","article:modified_time":"2014-05-25T09:13:43+00:00","twitter:card":"summary_large_image","twitter:title":"Amigos de Paco de Luc\u00eda le rinden homenaje con su m\u00fasica en M\u00e9xico | El Digital de Asturias","twitter:description":"Canc\u00fan (M\u00e9xico), 25 may (EFE).- Amigos del guitarrista espa\u00f1ol Paco de Luc\u00eda que un d\u00eda compartieron escenario con \u00e9l participaron hoy en un festival en M\u00e9xico con el que quisieron homenajear al maestro de la guitarra, fallecido en este pa\u00eds hace tres meses. El homenaje al m\u00fasico comenz\u00f3 ayer, concluye esta noche en el balneario","twitter:image":"https:\/\/eldigitaldeasturias.com\/magazine365\/wp-content\/uploads\/2014\/05\/6297781w.jpg"},"aioseo_meta_data":{"post_id":"13898","title":null,"description":null,"keywords":null,"keyphrases":null,"primary_term":null,"canonical_url":null,"og_title":null,"og_description":null,"og_object_type":"default","og_image_type":"default","og_image_url":null,"og_image_width":null,"og_image_height":null,"og_image_custom_url":null,"og_image_custom_fields":null,"og_video":null,"og_custom_url":null,"og_article_section":null,"og_article_tags":null,"twitter_use_og":false,"twitter_card":"default","twitter_image_type":"default","twitter_image_url":null,"twitter_image_custom_url":null,"twitter_image_custom_fields":null,"twitter_title":null,"twitter_description":null,"schema":{"blockGraphs":[],"customGraphs":[],"default":{"data":{"Article":[],"Course":[],"Dataset":[],"FAQPage":[],"Movie":[],"Person":[],"Product":[],"ProductReview":[],"Car":[],"Recipe":[],"Service":[],"SoftwareApplication":[],"WebPage":[]},"graphName":"","isEnabled":true},"graphs":[],"defaultGraph":"","defaultPostTypeGraph":""},"schema_type":null,"schema_type_options":null,"pillar_content":false,"robots_default":true,"robots_noindex":false,"robots_noarchive":false,"robots_nosnippet":false,"robots_nofollow":false,"robots_noimageindex":false,"robots_noodp":false,"robots_notranslate":false,"robots_max_snippet":null,"robots_max_videopreview":null,"robots_max_imagepreview":"large","priority":null,"frequency":null,"location":null,"local_seo":null,"seo_analyzer_scan_date":"2025-09-17 09:09:13","breadcrumb_settings":null,"limit_modified_date":false,"open_ai":null,"ai":null,"created":"2021-03-09 08:22:46","updated":"2025-09-17 09:09:13"},"aioseo_breadcrumb":"<div class=\"aioseo-breadcrumbs\"><span class=\"aioseo-breadcrumb\">\n\t<a href=\"https:\/\/eldigitaldeasturias.com\/magazine365\" title=\"Home\">Home<\/a>\n<\/span><span class=\"aioseo-breadcrumb-separator\">\u2013<\/span><span class=\"aioseo-breadcrumb\">\n\t<a href=\"https:\/\/eldigitaldeasturias.com\/magazine365\/category\/noticias-actualidad\/\" title=\"Noticias y Actualidad\">Noticias y Actualidad<\/a>\n<\/span><span class=\"aioseo-breadcrumb-separator\">\u2013<\/span><span class=\"aioseo-breadcrumb\">\n\t<a href=\"https:\/\/eldigitaldeasturias.com\/magazine365\/amigos-de-paco-de-lucia-le-rinden-homenaje-con-su-musica-en-mexico\/\" title=\"Amigos de Paco de Luc\u00eda le rinden homenaje con su m\u00fasica en M\u00e9xico\">Amigos de Paco de Luc\u00eda le rinden homenaje con su m\u00fasica en M\u00e9xico<\/a>\n<\/span><\/div>","aioseo_breadcrumb_json":[{"label":"Home","link":"https:\/\/eldigitaldeasturias.com\/magazine365"},{"label":"Noticias y Actualidad","link":"https:\/\/eldigitaldeasturias.com\/magazine365\/category\/noticias-actualidad\/"},{"label":"Amigos de Paco de Luc\u00eda le rinden homenaje con su m\u00fasica en M\u00e9xico","link":"https:\/\/eldigitaldeasturias.com\/magazine365\/amigos-de-paco-de-lucia-le-rinden-homenaje-con-su-musica-en-mexico\/"}],"_links":{"self":[{"href":"https:\/\/eldigitaldeasturias.com\/magazine365\/wp-json\/wp\/v2\/posts\/13898","targetHints":{"allow":["GET"]}}],"collection":[{"href":"https:\/\/eldigitaldeasturias.com\/magazine365\/wp-json\/wp\/v2\/posts"}],"about":[{"href":"https:\/\/eldigitaldeasturias.com\/magazine365\/wp-json\/wp\/v2\/types\/post"}],"author":[{"embeddable":true,"href":"https:\/\/eldigitaldeasturias.com\/magazine365\/wp-json\/wp\/v2\/users\/1"}],"replies":[{"embeddable":true,"href":"https:\/\/eldigitaldeasturias.com\/magazine365\/wp-json\/wp\/v2\/comments?post=13898"}],"version-history":[{"count":0,"href":"https:\/\/eldigitaldeasturias.com\/magazine365\/wp-json\/wp\/v2\/posts\/13898\/revisions"}],"wp:featuredmedia":[{"embeddable":true,"href":"https:\/\/eldigitaldeasturias.com\/magazine365\/wp-json\/wp\/v2\/media\/13899"}],"wp:attachment":[{"href":"https:\/\/eldigitaldeasturias.com\/magazine365\/wp-json\/wp\/v2\/media?parent=13898"}],"wp:term":[{"taxonomy":"category","embeddable":true,"href":"https:\/\/eldigitaldeasturias.com\/magazine365\/wp-json\/wp\/v2\/categories?post=13898"},{"taxonomy":"post_tag","embeddable":true,"href":"https:\/\/eldigitaldeasturias.com\/magazine365\/wp-json\/wp\/v2\/tags?post=13898"}],"curies":[{"name":"wp","href":"https:\/\/api.w.org\/{rel}","templated":true}]}}