{"id":13892,"date":"2014-05-24T23:59:13","date_gmt":"2014-05-25T01:59:13","guid":{"rendered":"http:\/\/eldigitaldeasturias.com\/magazine365\/?p=13892"},"modified":"2014-05-24T23:59:13","modified_gmt":"2014-05-25T01:59:13","slug":"kim-kardashian-y-kanye-west-montan-una-gran-fiesta-en-florencia","status":"publish","type":"post","link":"https:\/\/eldigitaldeasturias.com\/magazine365\/kim-kardashian-y-kanye-west-montan-una-gran-fiesta-en-florencia\/","title":{"rendered":"Kim Kardashian y Kanye West montan una gran fiesta en Florencia"},"content":{"rendered":"<p><img fetchpriority=\"high\" decoding=\"async\" class=\"alignleft size-medium wp-image-13893\" alt=\"6297407w\" src=\"https:\/\/eldigitaldeasturias.com\/magazine365\/wp-content\/uploads\/2014\/05\/6297407w-360x239.jpg\" width=\"360\" height=\"239\" srcset=\"https:\/\/eldigitaldeasturias.com\/magazine365\/wp-content\/uploads\/2014\/05\/6297407w-360x239.jpg 360w, https:\/\/eldigitaldeasturias.com\/magazine365\/wp-content\/uploads\/2014\/05\/6297407w-650x432.jpg 650w, https:\/\/eldigitaldeasturias.com\/magazine365\/wp-content\/uploads\/2014\/05\/6297407w-768x511.jpg 768w, https:\/\/eldigitaldeasturias.com\/magazine365\/wp-content\/uploads\/2014\/05\/6297407w-150x100.jpg 150w, https:\/\/eldigitaldeasturias.com\/magazine365\/wp-content\/uploads\/2014\/05\/6297407w-450x299.jpg 450w, https:\/\/eldigitaldeasturias.com\/magazine365\/wp-content\/uploads\/2014\/05\/6297407w-696x463.jpg 696w, https:\/\/eldigitaldeasturias.com\/magazine365\/wp-content\/uploads\/2014\/05\/6297407w-632x420.jpg 632w, https:\/\/eldigitaldeasturias.com\/magazine365\/wp-content\/uploads\/2014\/05\/6297407w-84x55.jpg 84w, https:\/\/eldigitaldeasturias.com\/magazine365\/wp-content\/uploads\/2014\/05\/6297407w.jpg 800w\" sizes=\"(max-width: 360px) 100vw, 360px\" \/>Roma, 24 may (EFE).- La pareja formada por la estrella televisiva estadounidense Kim Kardashian y por el rapero Kanye West mont\u00f3 hoy una gran fiesta en Florencia (centro de Italia) preparada al parecer para contraer matrimonio, celebrarlo o pasarlo bien con amigos.<\/p>\n<p>Tanto rode\u00f3 hoy de secreto al evento que los medios de comunicaci\u00f3n locales y los llegados de fuera, sobre todo de Estados Unidos, no ten\u00edan claro si ambos se estaban casando en la ciudad toscana o si llegaban a ella ya como marido y mujer.<\/p>\n<p>Hubo eso s\u00ed el alboroto, la afluencia de fans y la disposici\u00f3n de medidas de seguridad excepcionales especialmente alrededor del lugar elegido para la ocasi\u00f3n, el Forte Belvedere de la ciudad italiana, y de los hoteles reservados para la pareja y sus amigos.<\/p>\n<p>\u00abLa Nazione\u00bb aseguraba saber que Kardashian hab\u00eda llegado a primera hora de la tarde en avi\u00f3n privado desde Par\u00eds, como el resto, y se dirigi\u00f3 inmediatamente a la vecina Fiesole, a la Villa San Michele, donde iba a elegir el presunto vestido de novia.<\/p>\n<p>Seg\u00fan la fuente, la celebridad estadounidense ten\u00eda a su disposici\u00f3n sendos modelos de Givency (dise\u00f1ado por Riccardo Tisci), Maison Martin Margiela, Ermanno Scervino y Vera Wang.<\/p>\n<p>Algunos medios aseguraron que el cantante Andrea Bocelli abri\u00f3 la fiesta, en la que tambi\u00e9n iba a dar un concierto Lana del Rey.<\/p>\n<p>Los dos presuntos contrayentes proced\u00edan de Par\u00eds, donde se tomaron las t\u00edpicas fotos de turistas delante de la Torre Eiffel, de lo que dieron prueba las redes sociales, despu\u00e9s de haber fracasado en el intento de organizar el festejo nupcial en el Palacio de Versalles.<\/p>\n<p>Ante la negativa de los responsables del monumento franc\u00e9s construido para disfrute de Luis XIV, la pareja se limit\u00f3 a aceptar la invitaci\u00f3n de visitarlo de manera privada el viernes.<\/p>\n<p>Los dos acudieron a Florencia tras una semana de celebraciones previas en la capital gala, que la propia Kardashian se encarg\u00f3 de difundir v\u00eda Twitter, aunque desde el viernes la cuenta de la famosa enmudeci\u00f3.<\/p>\n<p>Seg\u00fan la prensa del coraz\u00f3n la pareja puede haber vendido por 21 millones de euros la exclusiva de boda, raz\u00f3n que explicar\u00eda el silencio twitter autoimpuesto por Kardashian y que a los invitados a Florencia se les requisaran m\u00f3viles, datos todos ellos sin confirmaci\u00f3n de ning\u00fan tipo pero que circulan en esos medios.<\/p>\n<p>De confirmarse el matrimonio, es el tercero para Kardashian, de 33 a\u00f1os, despu\u00e9s de los que contrajo con el productor musical Damon Thomas y con el jugador de baloncesto Kris Humphries.<\/p>\n<p>Seg\u00fan la revista estadounidense Life &amp; Style Weekly, la pareja ya se cas\u00f3 de manera civil en California (EE.UU.) a principios de mayo y la de Florencia puede que haya sido la segunda vez que se hayan dado ambos el s\u00ed quiero, en sociedad y exclusiva mediante.<\/p>\n","protected":false},"excerpt":{"rendered":"<p>Roma, 24 may (EFE).- La pareja formada por la estrella televisiva estadounidense Kim Kardashian y por el rapero Kanye West mont\u00f3 hoy una gran fiesta en Florencia (centro de Italia) preparada al parecer para contraer matrimonio, celebrarlo o pasarlo bien con amigos. Tanto rode\u00f3 hoy de secreto al evento que los medios de comunicaci\u00f3n locales<\/p>\n","protected":false},"author":1,"featured_media":13893,"comment_status":"open","ping_status":"closed","sticky":false,"template":"","format":"standard","meta":{"footnotes":""},"categories":[224],"tags":[],"class_list":{"0":"post-13892","1":"post","2":"type-post","3":"status-publish","4":"format-standard","5":"has-post-thumbnail","7":"category-noticias-actualidad"},"aioseo_notices":[],"aioseo_head":"\n\t\t<!-- All in One SEO Pro 4.9.6.1 - aioseo.com -->\n\t<meta name=\"description\" content=\"Roma, 24 may (EFE).- La pareja formada por la estrella televisiva estadounidense Kim Kardashian y por el rapero Kanye West mont\u00f3 hoy una gran fiesta en Florencia (centro de Italia) preparada al parecer para contraer matrimonio, celebrarlo o pasarlo bien con amigos. Tanto rode\u00f3 hoy de secreto al evento que los medios de comunicaci\u00f3n locales\" \/>\n\t<meta name=\"robots\" content=\"max-image-preview:large\" \/>\n\t<meta name=\"author\" content=\"admin\"\/>\n\t<meta name=\"google-site-verification\" content=\"UA-38556648-1\" \/>\n\t<meta name=\"keywords\" content=\"noticias y actualidad\" \/>\n\t<link rel=\"canonical\" href=\"https:\/\/eldigitaldeasturias.com\/magazine365\/kim-kardashian-y-kanye-west-montan-una-gran-fiesta-en-florencia\/\" \/>\n\t<meta name=\"generator\" content=\"All in One SEO Pro (AIOSEO) 4.9.6.1\" \/>\n\t\t<meta property=\"og:locale\" content=\"es_ES\" \/>\n\t\t<meta property=\"og:site_name\" content=\"El Digital de Asturias \u2013 Revista de ocio, turismo y estilo de vida\" \/>\n\t\t<meta property=\"og:type\" content=\"article\" \/>\n\t\t<meta property=\"og:title\" content=\"Kim Kardashian y Kanye West montan una gran fiesta en Florencia | El Digital de Asturias\" \/>\n\t\t<meta property=\"og:description\" content=\"Roma, 24 may (EFE).- La pareja formada por la estrella televisiva estadounidense Kim Kardashian y por el rapero Kanye West mont\u00f3 hoy una gran fiesta en Florencia (centro de Italia) preparada al parecer para contraer matrimonio, celebrarlo o pasarlo bien con amigos. Tanto rode\u00f3 hoy de secreto al evento que los medios de comunicaci\u00f3n locales\" \/>\n\t\t<meta property=\"og:url\" content=\"https:\/\/eldigitaldeasturias.com\/magazine365\/kim-kardashian-y-kanye-west-montan-una-gran-fiesta-en-florencia\/\" \/>\n\t\t<meta property=\"og:image\" content=\"https:\/\/eldigitaldeasturias.com\/magazine365\/wp-content\/uploads\/2014\/05\/6297407w.jpg\" \/>\n\t\t<meta property=\"og:image:secure_url\" content=\"https:\/\/eldigitaldeasturias.com\/magazine365\/wp-content\/uploads\/2014\/05\/6297407w.jpg\" \/>\n\t\t<meta property=\"og:image:width\" content=\"800\" \/>\n\t\t<meta property=\"og:image:height\" content=\"532\" \/>\n\t\t<meta property=\"article:published_time\" content=\"2014-05-25T01:59:13+00:00\" \/>\n\t\t<meta property=\"article:modified_time\" content=\"2014-05-25T01:59:13+00:00\" \/>\n\t\t<meta name=\"twitter:card\" content=\"summary_large_image\" \/>\n\t\t<meta name=\"twitter:title\" content=\"Kim Kardashian y Kanye West montan una gran fiesta en Florencia | El Digital de Asturias\" \/>\n\t\t<meta name=\"twitter:description\" content=\"Roma, 24 may (EFE).- La pareja formada por la estrella televisiva estadounidense Kim Kardashian y por el rapero Kanye West mont\u00f3 hoy una gran fiesta en Florencia (centro de Italia) preparada al parecer para contraer matrimonio, celebrarlo o pasarlo bien con amigos. Tanto rode\u00f3 hoy de secreto al evento que los medios de comunicaci\u00f3n locales\" \/>\n\t\t<meta name=\"twitter:image\" content=\"https:\/\/eldigitaldeasturias.com\/magazine365\/wp-content\/uploads\/2014\/05\/6297407w.jpg\" \/>\n\t\t<script type=\"application\/ld+json\" class=\"aioseo-schema\">\n\t\t\t{\"@context\":\"https:\\\/\\\/schema.org\",\"@graph\":[{\"@type\":\"Article\",\"@id\":\"https:\\\/\\\/eldigitaldeasturias.com\\\/magazine365\\\/kim-kardashian-y-kanye-west-montan-una-gran-fiesta-en-florencia\\\/#article\",\"name\":\"Kim Kardashian y Kanye West montan una gran fiesta en Florencia | El Digital de Asturias\",\"headline\":\"Kim Kardashian y Kanye West montan una gran fiesta en Florencia\",\"author\":{\"@id\":\"https:\\\/\\\/eldigitaldeasturias.com\\\/magazine365\\\/author\\\/admin\\\/#author\"},\"publisher\":{\"@id\":\"https:\\\/\\\/eldigitaldeasturias.com\\\/magazine365\\\/#organization\"},\"image\":{\"@type\":\"ImageObject\",\"url\":\"https:\\\/\\\/eldigitaldeasturias.com\\\/magazine365\\\/wp-content\\\/uploads\\\/2014\\\/05\\\/6297407w.jpg\",\"width\":800,\"height\":532},\"datePublished\":\"2014-05-24T23:59:13+02:00\",\"dateModified\":\"2014-05-24T23:59:13+02:00\",\"inLanguage\":\"es-ES\",\"mainEntityOfPage\":{\"@id\":\"https:\\\/\\\/eldigitaldeasturias.com\\\/magazine365\\\/kim-kardashian-y-kanye-west-montan-una-gran-fiesta-en-florencia\\\/#webpage\"},\"isPartOf\":{\"@id\":\"https:\\\/\\\/eldigitaldeasturias.com\\\/magazine365\\\/kim-kardashian-y-kanye-west-montan-una-gran-fiesta-en-florencia\\\/#webpage\"},\"articleSection\":\"Noticias y Actualidad\"},{\"@type\":\"BreadcrumbList\",\"@id\":\"https:\\\/\\\/eldigitaldeasturias.com\\\/magazine365\\\/kim-kardashian-y-kanye-west-montan-una-gran-fiesta-en-florencia\\\/#breadcrumblist\",\"itemListElement\":[{\"@type\":\"ListItem\",\"@id\":\"https:\\\/\\\/eldigitaldeasturias.com\\\/magazine365#listItem\",\"position\":1,\"name\":\"Home\",\"item\":\"https:\\\/\\\/eldigitaldeasturias.com\\\/magazine365\",\"nextItem\":{\"@type\":\"ListItem\",\"@id\":\"https:\\\/\\\/eldigitaldeasturias.com\\\/magazine365\\\/category\\\/noticias-actualidad\\\/#listItem\",\"name\":\"Noticias y Actualidad\"}},{\"@type\":\"ListItem\",\"@id\":\"https:\\\/\\\/eldigitaldeasturias.com\\\/magazine365\\\/category\\\/noticias-actualidad\\\/#listItem\",\"position\":2,\"name\":\"Noticias y Actualidad\",\"item\":\"https:\\\/\\\/eldigitaldeasturias.com\\\/magazine365\\\/category\\\/noticias-actualidad\\\/\",\"nextItem\":{\"@type\":\"ListItem\",\"@id\":\"https:\\\/\\\/eldigitaldeasturias.com\\\/magazine365\\\/kim-kardashian-y-kanye-west-montan-una-gran-fiesta-en-florencia\\\/#listItem\",\"name\":\"Kim Kardashian y Kanye West montan una gran fiesta en Florencia\"},\"previousItem\":{\"@type\":\"ListItem\",\"@id\":\"https:\\\/\\\/eldigitaldeasturias.com\\\/magazine365#listItem\",\"name\":\"Home\"}},{\"@type\":\"ListItem\",\"@id\":\"https:\\\/\\\/eldigitaldeasturias.com\\\/magazine365\\\/kim-kardashian-y-kanye-west-montan-una-gran-fiesta-en-florencia\\\/#listItem\",\"position\":3,\"name\":\"Kim Kardashian y Kanye West montan una gran fiesta en Florencia\",\"previousItem\":{\"@type\":\"ListItem\",\"@id\":\"https:\\\/\\\/eldigitaldeasturias.com\\\/magazine365\\\/category\\\/noticias-actualidad\\\/#listItem\",\"name\":\"Noticias y Actualidad\"}}]},{\"@type\":\"Organization\",\"@id\":\"https:\\\/\\\/eldigitaldeasturias.com\\\/magazine365\\\/#organization\",\"name\":\"El digital de Asturias\",\"description\":\"Revista de ocio, turismo y estilo de vida\",\"url\":\"https:\\\/\\\/eldigitaldeasturias.com\\\/magazine365\\\/\",\"logo\":{\"@type\":\"ImageObject\",\"url\":\"https:\\\/\\\/www.eldigitaldeasturias.com\\\/noticias\\\/wp-content\\\/uploads\\\/2020\\\/12\\\/EDA.jpg\",\"@id\":\"https:\\\/\\\/eldigitaldeasturias.com\\\/magazine365\\\/kim-kardashian-y-kanye-west-montan-una-gran-fiesta-en-florencia\\\/#organizationLogo\"},\"image\":{\"@id\":\"https:\\\/\\\/eldigitaldeasturias.com\\\/magazine365\\\/kim-kardashian-y-kanye-west-montan-una-gran-fiesta-en-florencia\\\/#organizationLogo\"}},{\"@type\":\"Person\",\"@id\":\"https:\\\/\\\/eldigitaldeasturias.com\\\/magazine365\\\/author\\\/admin\\\/#author\",\"url\":\"https:\\\/\\\/eldigitaldeasturias.com\\\/magazine365\\\/author\\\/admin\\\/\",\"name\":\"admin\",\"image\":{\"@type\":\"ImageObject\",\"@id\":\"https:\\\/\\\/eldigitaldeasturias.com\\\/magazine365\\\/kim-kardashian-y-kanye-west-montan-una-gran-fiesta-en-florencia\\\/#authorImage\",\"url\":\"https:\\\/\\\/eldigitaldeasturias.com\\\/magazine365\\\/wp-content\\\/litespeed\\\/avatar\\\/e571bcf59a0edd6fa6838245a470f2fe.jpg?ver=1776969259\",\"width\":96,\"height\":96,\"caption\":\"admin\"}},{\"@type\":\"WebPage\",\"@id\":\"https:\\\/\\\/eldigitaldeasturias.com\\\/magazine365\\\/kim-kardashian-y-kanye-west-montan-una-gran-fiesta-en-florencia\\\/#webpage\",\"url\":\"https:\\\/\\\/eldigitaldeasturias.com\\\/magazine365\\\/kim-kardashian-y-kanye-west-montan-una-gran-fiesta-en-florencia\\\/\",\"name\":\"Kim Kardashian y Kanye West montan una gran fiesta en Florencia | El Digital de Asturias\",\"description\":\"Roma, 24 may (EFE).- La pareja formada por la estrella televisiva estadounidense Kim Kardashian y por el rapero Kanye West mont\\u00f3 hoy una gran fiesta en Florencia (centro de Italia) preparada al parecer para contraer matrimonio, celebrarlo o pasarlo bien con amigos. Tanto rode\\u00f3 hoy de secreto al evento que los medios de comunicaci\\u00f3n locales\",\"inLanguage\":\"es-ES\",\"isPartOf\":{\"@id\":\"https:\\\/\\\/eldigitaldeasturias.com\\\/magazine365\\\/#website\"},\"breadcrumb\":{\"@id\":\"https:\\\/\\\/eldigitaldeasturias.com\\\/magazine365\\\/kim-kardashian-y-kanye-west-montan-una-gran-fiesta-en-florencia\\\/#breadcrumblist\"},\"author\":{\"@id\":\"https:\\\/\\\/eldigitaldeasturias.com\\\/magazine365\\\/author\\\/admin\\\/#author\"},\"creator\":{\"@id\":\"https:\\\/\\\/eldigitaldeasturias.com\\\/magazine365\\\/author\\\/admin\\\/#author\"},\"image\":{\"@type\":\"ImageObject\",\"url\":\"https:\\\/\\\/eldigitaldeasturias.com\\\/magazine365\\\/wp-content\\\/uploads\\\/2014\\\/05\\\/6297407w.jpg\",\"@id\":\"https:\\\/\\\/eldigitaldeasturias.com\\\/magazine365\\\/kim-kardashian-y-kanye-west-montan-una-gran-fiesta-en-florencia\\\/#mainImage\",\"width\":800,\"height\":532},\"primaryImageOfPage\":{\"@id\":\"https:\\\/\\\/eldigitaldeasturias.com\\\/magazine365\\\/kim-kardashian-y-kanye-west-montan-una-gran-fiesta-en-florencia\\\/#mainImage\"},\"datePublished\":\"2014-05-24T23:59:13+02:00\",\"dateModified\":\"2014-05-24T23:59:13+02:00\"},{\"@type\":\"WebSite\",\"@id\":\"https:\\\/\\\/eldigitaldeasturias.com\\\/magazine365\\\/#website\",\"url\":\"https:\\\/\\\/eldigitaldeasturias.com\\\/magazine365\\\/\",\"name\":\"El Digital de Asturias\",\"description\":\"Revista de ocio, turismo y estilo de vida\",\"inLanguage\":\"es-ES\",\"publisher\":{\"@id\":\"https:\\\/\\\/eldigitaldeasturias.com\\\/magazine365\\\/#organization\"}}]}\n\t\t<\/script>\n\t\t<!-- All in One SEO Pro -->\r\n\t\t<title>Kim Kardashian y Kanye West montan una gran fiesta en Florencia | El Digital de Asturias<\/title>\n\n","aioseo_head_json":{"title":"Kim Kardashian y Kanye West montan una gran fiesta en Florencia | El Digital de Asturias","description":"Roma, 24 may (EFE).- La pareja formada por la estrella televisiva estadounidense Kim Kardashian y por el rapero Kanye West mont\u00f3 hoy una gran fiesta en Florencia (centro de Italia) preparada al parecer para contraer matrimonio, celebrarlo o pasarlo bien con amigos. Tanto rode\u00f3 hoy de secreto al evento que los medios de comunicaci\u00f3n locales","canonical_url":"https:\/\/eldigitaldeasturias.com\/magazine365\/kim-kardashian-y-kanye-west-montan-una-gran-fiesta-en-florencia\/","robots":"max-image-preview:large","keywords":"noticias y actualidad","webmasterTools":{"google-site-verification":"UA-38556648-1","miscellaneous":""},"schema":{"@context":"https:\/\/schema.org","@graph":[{"@type":"Article","@id":"https:\/\/eldigitaldeasturias.com\/magazine365\/kim-kardashian-y-kanye-west-montan-una-gran-fiesta-en-florencia\/#article","name":"Kim Kardashian y Kanye West montan una gran fiesta en Florencia | El Digital de Asturias","headline":"Kim Kardashian y Kanye West montan una gran fiesta en Florencia","author":{"@id":"https:\/\/eldigitaldeasturias.com\/magazine365\/author\/admin\/#author"},"publisher":{"@id":"https:\/\/eldigitaldeasturias.com\/magazine365\/#organization"},"image":{"@type":"ImageObject","url":"https:\/\/eldigitaldeasturias.com\/magazine365\/wp-content\/uploads\/2014\/05\/6297407w.jpg","width":800,"height":532},"datePublished":"2014-05-24T23:59:13+02:00","dateModified":"2014-05-24T23:59:13+02:00","inLanguage":"es-ES","mainEntityOfPage":{"@id":"https:\/\/eldigitaldeasturias.com\/magazine365\/kim-kardashian-y-kanye-west-montan-una-gran-fiesta-en-florencia\/#webpage"},"isPartOf":{"@id":"https:\/\/eldigitaldeasturias.com\/magazine365\/kim-kardashian-y-kanye-west-montan-una-gran-fiesta-en-florencia\/#webpage"},"articleSection":"Noticias y Actualidad"},{"@type":"BreadcrumbList","@id":"https:\/\/eldigitaldeasturias.com\/magazine365\/kim-kardashian-y-kanye-west-montan-una-gran-fiesta-en-florencia\/#breadcrumblist","itemListElement":[{"@type":"ListItem","@id":"https:\/\/eldigitaldeasturias.com\/magazine365#listItem","position":1,"name":"Home","item":"https:\/\/eldigitaldeasturias.com\/magazine365","nextItem":{"@type":"ListItem","@id":"https:\/\/eldigitaldeasturias.com\/magazine365\/category\/noticias-actualidad\/#listItem","name":"Noticias y Actualidad"}},{"@type":"ListItem","@id":"https:\/\/eldigitaldeasturias.com\/magazine365\/category\/noticias-actualidad\/#listItem","position":2,"name":"Noticias y Actualidad","item":"https:\/\/eldigitaldeasturias.com\/magazine365\/category\/noticias-actualidad\/","nextItem":{"@type":"ListItem","@id":"https:\/\/eldigitaldeasturias.com\/magazine365\/kim-kardashian-y-kanye-west-montan-una-gran-fiesta-en-florencia\/#listItem","name":"Kim Kardashian y Kanye West montan una gran fiesta en Florencia"},"previousItem":{"@type":"ListItem","@id":"https:\/\/eldigitaldeasturias.com\/magazine365#listItem","name":"Home"}},{"@type":"ListItem","@id":"https:\/\/eldigitaldeasturias.com\/magazine365\/kim-kardashian-y-kanye-west-montan-una-gran-fiesta-en-florencia\/#listItem","position":3,"name":"Kim Kardashian y Kanye West montan una gran fiesta en Florencia","previousItem":{"@type":"ListItem","@id":"https:\/\/eldigitaldeasturias.com\/magazine365\/category\/noticias-actualidad\/#listItem","name":"Noticias y Actualidad"}}]},{"@type":"Organization","@id":"https:\/\/eldigitaldeasturias.com\/magazine365\/#organization","name":"El digital de Asturias","description":"Revista de ocio, turismo y estilo de vida","url":"https:\/\/eldigitaldeasturias.com\/magazine365\/","logo":{"@type":"ImageObject","url":"https:\/\/www.eldigitaldeasturias.com\/noticias\/wp-content\/uploads\/2020\/12\/EDA.jpg","@id":"https:\/\/eldigitaldeasturias.com\/magazine365\/kim-kardashian-y-kanye-west-montan-una-gran-fiesta-en-florencia\/#organizationLogo"},"image":{"@id":"https:\/\/eldigitaldeasturias.com\/magazine365\/kim-kardashian-y-kanye-west-montan-una-gran-fiesta-en-florencia\/#organizationLogo"}},{"@type":"Person","@id":"https:\/\/eldigitaldeasturias.com\/magazine365\/author\/admin\/#author","url":"https:\/\/eldigitaldeasturias.com\/magazine365\/author\/admin\/","name":"admin","image":{"@type":"ImageObject","@id":"https:\/\/eldigitaldeasturias.com\/magazine365\/kim-kardashian-y-kanye-west-montan-una-gran-fiesta-en-florencia\/#authorImage","url":"https:\/\/eldigitaldeasturias.com\/magazine365\/wp-content\/litespeed\/avatar\/e571bcf59a0edd6fa6838245a470f2fe.jpg?ver=1776969259","width":96,"height":96,"caption":"admin"}},{"@type":"WebPage","@id":"https:\/\/eldigitaldeasturias.com\/magazine365\/kim-kardashian-y-kanye-west-montan-una-gran-fiesta-en-florencia\/#webpage","url":"https:\/\/eldigitaldeasturias.com\/magazine365\/kim-kardashian-y-kanye-west-montan-una-gran-fiesta-en-florencia\/","name":"Kim Kardashian y Kanye West montan una gran fiesta en Florencia | El Digital de Asturias","description":"Roma, 24 may (EFE).- La pareja formada por la estrella televisiva estadounidense Kim Kardashian y por el rapero Kanye West mont\u00f3 hoy una gran fiesta en Florencia (centro de Italia) preparada al parecer para contraer matrimonio, celebrarlo o pasarlo bien con amigos. Tanto rode\u00f3 hoy de secreto al evento que los medios de comunicaci\u00f3n locales","inLanguage":"es-ES","isPartOf":{"@id":"https:\/\/eldigitaldeasturias.com\/magazine365\/#website"},"breadcrumb":{"@id":"https:\/\/eldigitaldeasturias.com\/magazine365\/kim-kardashian-y-kanye-west-montan-una-gran-fiesta-en-florencia\/#breadcrumblist"},"author":{"@id":"https:\/\/eldigitaldeasturias.com\/magazine365\/author\/admin\/#author"},"creator":{"@id":"https:\/\/eldigitaldeasturias.com\/magazine365\/author\/admin\/#author"},"image":{"@type":"ImageObject","url":"https:\/\/eldigitaldeasturias.com\/magazine365\/wp-content\/uploads\/2014\/05\/6297407w.jpg","@id":"https:\/\/eldigitaldeasturias.com\/magazine365\/kim-kardashian-y-kanye-west-montan-una-gran-fiesta-en-florencia\/#mainImage","width":800,"height":532},"primaryImageOfPage":{"@id":"https:\/\/eldigitaldeasturias.com\/magazine365\/kim-kardashian-y-kanye-west-montan-una-gran-fiesta-en-florencia\/#mainImage"},"datePublished":"2014-05-24T23:59:13+02:00","dateModified":"2014-05-24T23:59:13+02:00"},{"@type":"WebSite","@id":"https:\/\/eldigitaldeasturias.com\/magazine365\/#website","url":"https:\/\/eldigitaldeasturias.com\/magazine365\/","name":"El Digital de Asturias","description":"Revista de ocio, turismo y estilo de vida","inLanguage":"es-ES","publisher":{"@id":"https:\/\/eldigitaldeasturias.com\/magazine365\/#organization"}}]},"og:locale":"es_ES","og:site_name":"El Digital de Asturias \u2013 Revista de ocio, turismo y estilo de vida","og:type":"article","og:title":"Kim Kardashian y Kanye West montan una gran fiesta en Florencia | El Digital de Asturias","og:description":"Roma, 24 may (EFE).- La pareja formada por la estrella televisiva estadounidense Kim Kardashian y por el rapero Kanye West mont\u00f3 hoy una gran fiesta en Florencia (centro de Italia) preparada al parecer para contraer matrimonio, celebrarlo o pasarlo bien con amigos. Tanto rode\u00f3 hoy de secreto al evento que los medios de comunicaci\u00f3n locales","og:url":"https:\/\/eldigitaldeasturias.com\/magazine365\/kim-kardashian-y-kanye-west-montan-una-gran-fiesta-en-florencia\/","og:image":"https:\/\/eldigitaldeasturias.com\/magazine365\/wp-content\/uploads\/2014\/05\/6297407w.jpg","og:image:secure_url":"https:\/\/eldigitaldeasturias.com\/magazine365\/wp-content\/uploads\/2014\/05\/6297407w.jpg","og:image:width":800,"og:image:height":532,"article:published_time":"2014-05-25T01:59:13+00:00","article:modified_time":"2014-05-25T01:59:13+00:00","twitter:card":"summary_large_image","twitter:title":"Kim Kardashian y Kanye West montan una gran fiesta en Florencia | El Digital de Asturias","twitter:description":"Roma, 24 may (EFE).- La pareja formada por la estrella televisiva estadounidense Kim Kardashian y por el rapero Kanye West mont\u00f3 hoy una gran fiesta en Florencia (centro de Italia) preparada al parecer para contraer matrimonio, celebrarlo o pasarlo bien con amigos. Tanto rode\u00f3 hoy de secreto al evento que los medios de comunicaci\u00f3n locales","twitter:image":"https:\/\/eldigitaldeasturias.com\/magazine365\/wp-content\/uploads\/2014\/05\/6297407w.jpg"},"aioseo_meta_data":{"post_id":"13892","title":null,"description":null,"keywords":null,"keyphrases":null,"primary_term":null,"canonical_url":null,"og_title":null,"og_description":null,"og_object_type":"default","og_image_type":"default","og_image_url":null,"og_image_width":null,"og_image_height":null,"og_image_custom_url":null,"og_image_custom_fields":null,"og_video":null,"og_custom_url":null,"og_article_section":null,"og_article_tags":null,"twitter_use_og":false,"twitter_card":"default","twitter_image_type":"default","twitter_image_url":null,"twitter_image_custom_url":null,"twitter_image_custom_fields":null,"twitter_title":null,"twitter_description":null,"schema":{"blockGraphs":[],"customGraphs":[],"default":{"data":{"Article":[],"Course":[],"Dataset":[],"FAQPage":[],"Movie":[],"Person":[],"Product":[],"ProductReview":[],"Car":[],"Recipe":[],"Service":[],"SoftwareApplication":[],"WebPage":[]},"graphName":"","isEnabled":true},"graphs":[],"defaultGraph":"","defaultPostTypeGraph":""},"schema_type":null,"schema_type_options":null,"pillar_content":false,"robots_default":true,"robots_noindex":false,"robots_noarchive":false,"robots_nosnippet":false,"robots_nofollow":false,"robots_noimageindex":false,"robots_noodp":false,"robots_notranslate":false,"robots_max_snippet":null,"robots_max_videopreview":null,"robots_max_imagepreview":"large","priority":null,"frequency":null,"location":null,"local_seo":null,"seo_analyzer_scan_date":"2025-09-17 09:09:06","breadcrumb_settings":null,"limit_modified_date":false,"open_ai":null,"ai":null,"created":"2021-03-09 08:22:47","updated":"2025-09-17 09:09:06"},"aioseo_breadcrumb":"<div class=\"aioseo-breadcrumbs\"><span class=\"aioseo-breadcrumb\">\n\t<a href=\"https:\/\/eldigitaldeasturias.com\/magazine365\" title=\"Home\">Home<\/a>\n<\/span><span class=\"aioseo-breadcrumb-separator\">\u2013<\/span><span class=\"aioseo-breadcrumb\">\n\t<a href=\"https:\/\/eldigitaldeasturias.com\/magazine365\/category\/noticias-actualidad\/\" title=\"Noticias y Actualidad\">Noticias y Actualidad<\/a>\n<\/span><span class=\"aioseo-breadcrumb-separator\">\u2013<\/span><span class=\"aioseo-breadcrumb\">\n\t<a href=\"https:\/\/eldigitaldeasturias.com\/magazine365\/kim-kardashian-y-kanye-west-montan-una-gran-fiesta-en-florencia\/\" title=\"Kim Kardashian y Kanye West montan una gran fiesta en Florencia\">Kim Kardashian y Kanye West montan una gran fiesta en Florencia<\/a>\n<\/span><\/div>","aioseo_breadcrumb_json":[{"label":"Home","link":"https:\/\/eldigitaldeasturias.com\/magazine365"},{"label":"Noticias y Actualidad","link":"https:\/\/eldigitaldeasturias.com\/magazine365\/category\/noticias-actualidad\/"},{"label":"Kim Kardashian y Kanye West montan una gran fiesta en Florencia","link":"https:\/\/eldigitaldeasturias.com\/magazine365\/kim-kardashian-y-kanye-west-montan-una-gran-fiesta-en-florencia\/"}],"_links":{"self":[{"href":"https:\/\/eldigitaldeasturias.com\/magazine365\/wp-json\/wp\/v2\/posts\/13892","targetHints":{"allow":["GET"]}}],"collection":[{"href":"https:\/\/eldigitaldeasturias.com\/magazine365\/wp-json\/wp\/v2\/posts"}],"about":[{"href":"https:\/\/eldigitaldeasturias.com\/magazine365\/wp-json\/wp\/v2\/types\/post"}],"author":[{"embeddable":true,"href":"https:\/\/eldigitaldeasturias.com\/magazine365\/wp-json\/wp\/v2\/users\/1"}],"replies":[{"embeddable":true,"href":"https:\/\/eldigitaldeasturias.com\/magazine365\/wp-json\/wp\/v2\/comments?post=13892"}],"version-history":[{"count":0,"href":"https:\/\/eldigitaldeasturias.com\/magazine365\/wp-json\/wp\/v2\/posts\/13892\/revisions"}],"wp:featuredmedia":[{"embeddable":true,"href":"https:\/\/eldigitaldeasturias.com\/magazine365\/wp-json\/wp\/v2\/media\/13893"}],"wp:attachment":[{"href":"https:\/\/eldigitaldeasturias.com\/magazine365\/wp-json\/wp\/v2\/media?parent=13892"}],"wp:term":[{"taxonomy":"category","embeddable":true,"href":"https:\/\/eldigitaldeasturias.com\/magazine365\/wp-json\/wp\/v2\/categories?post=13892"},{"taxonomy":"post_tag","embeddable":true,"href":"https:\/\/eldigitaldeasturias.com\/magazine365\/wp-json\/wp\/v2\/tags?post=13892"}],"curies":[{"name":"wp","href":"https:\/\/api.w.org\/{rel}","templated":true}]}}