{"id":13889,"date":"2014-05-24T23:56:18","date_gmt":"2014-05-25T01:56:18","guid":{"rendered":"http:\/\/eldigitaldeasturias.com\/magazine365\/?p=13889"},"modified":"2014-05-24T23:56:18","modified_gmt":"2014-05-25T01:56:18","slug":"el-festival-de-cans-combina-identidad-y-productos-audiovisuales-gallegos","status":"publish","type":"post","link":"https:\/\/eldigitaldeasturias.com\/magazine365\/el-festival-de-cans-combina-identidad-y-productos-audiovisuales-gallegos\/","title":{"rendered":"El Festival de Cans combina identidad y productos audiovisuales gallegos"},"content":{"rendered":"<p><img fetchpriority=\"high\" decoding=\"async\" class=\"alignleft size-medium wp-image-13890\" alt=\"6297475w\" src=\"https:\/\/eldigitaldeasturias.com\/magazine365\/wp-content\/uploads\/2014\/05\/6297475w-360x239.jpg\" width=\"360\" height=\"239\" \/>O Porri\u00f1o (Pontevedra) 24 may (EFE).- El glamour, la alfombra roja o los dise\u00f1os m\u00e1s espectaculares y llamativos no tienen hueco en el festival de Cans, que se celebra en O Porri\u00f1o (Pontevedra) desde hace ya once a\u00f1os, pero s\u00ed el humor, ya que se combinan a partes iguales, en un c\u00f3ctel explosivo, \u00abidentidad\u00bb y \u00abproductos audiovisuales gallegos\u00bb.<\/p>\n<p>Una tarde de sol con buenas temperaturas y miles de asistentes ha sido el cierre de jornada perfecto para la und\u00e9cima edici\u00f3n del festival que m\u00e1s impulso da al \u00abagroglamour\u00bb m\u00e1s gallego y m\u00e1s peculiar de la Comunidad.<\/p>\n<p>\u00abEmpez\u00f3 como una broma\u00bb, recuerda para Efe Alfonso Pato, director y organizador de este evento \u00fanico. Pero, tras la primera edici\u00f3n, que se celebr\u00f3 en 2004, su \u00e9xito y su repercusi\u00f3n han ido creciendo a pasos agigantados.<\/p>\n<p>Su objetivo no dista mucho de su casi tocayo, el Festival de Cannes, que se celebra en la Costa Azul francesa, \u00abacercar la cultura y el cine\u00bb, pero con un sello propio, de una forma diferente o por lo menos inusual, que llama la atenci\u00f3n.<\/p>\n<p>Ni\u00f1os, adolescentes, adultos y no tan j\u00f3venes conviven y disfrutan en un espacio singular, especial y extraordinario, marcado por la recuperaci\u00f3n de s\u00edmbolos propios de la realidad gallega de anta\u00f1o: cobertizos, bodegas, gallineros, establos, huertos y \u00ableiras\u00bb (fincas) recobran una visi\u00f3n particular, convirti\u00e9ndose en improvisados escenarios.<\/p>\n<p>\u00abLos visitantes que se acercan se quedan sorprendidos y llevan una impresi\u00f3n grata\u00bb, explica Pato. Un festival que transmite una visi\u00f3n diferente de la cultura y la identidad de Galicia, lo que establece la diferencia y crea una \u00abmarca propia\u00bb que encanta y engancha.<\/p>\n<p>Dolores es uno de esos ejemplos. Luguesa de adopci\u00f3n, esta extreme\u00f1a afincada en Galicia desde hace un par de a\u00f1os cont\u00f3 a Efe el por qu\u00e9 de esta pasi\u00f3n y a la vez adicci\u00f3n: \u00abLlegu\u00e9 aqu\u00ed la primera vez casi de rebote, y la verdad es que desde hace cinco a\u00f1os no me lo pierdo. Es una buena manera conocer m\u00e1s de cerca otra realidad de la cultura gallega a veces desconocida o malentendida\u00bb.<\/p>\n<p>Y vaya si llama la atenci\u00f3n. La pasada edici\u00f3n superaron los 10.000 visitantes y este a\u00f1o prev\u00e9n estar a la altura, en un peque\u00f1o pueblo de apenas 350 habitantes, que aumenta su poblaci\u00f3n hasta n\u00fameros casi impensables.<\/p>\n<p>Los vecinos se muestran encantados con esta celebraci\u00f3n que atrae a multitud de curiosos y turistas que, adem\u00e1s, ayudan a incentivar la peque\u00f1a econom\u00eda de la zona que, al menos durante unos d\u00edas, se convierte en un epicentro de cultura variopinta.<\/p>\n<p>Este a\u00f1o adem\u00e1s se celebra la conmemoraci\u00f3n de los 20 a\u00f1os de la primavera rock del gallego, en un a\u00f1o en el que resultar\u00e1n premiados doce trabajos en diferentes categor\u00edas, de los 35 presentados al festival.<\/p>\n<p>Proyecciones, conciertos, coloquios o presentaciones de proyectos son algunas de las otras actividades que marcan la agenda de un festival que hoy cierra sus puertas con un broche de oro hasta esperar al a\u00f1o que viene.<\/p>\n<p>La actriz gallega Mar\u00eda Bouzas recibe el premio \u00abPedigree&#8217;14\u00bb como reconocimiento a su trayectoria profesional, y el humorista Juan Ib\u00e1\u00f1ez y la octogenaria vecina de la propia aldea de Cans, Divina Campos, el \u00abchimp\u00edn\u00bb de plata, como reconocimiento a su colaboraci\u00f3n e implicaci\u00f3n en el festival.<\/p>\n<p>El desfile de los \u00abchimpines\u00bb (peque\u00f1os tractores) transformados en improvisados autobuses es otra de las atracciones de este evento que, adornados para la ocasi\u00f3n, pasean por la aldea a todos los curiosos que se acercan poniendo el toque m\u00e1s dulce del festival, tirando chuches a su paso.<\/p>\n<p>Charangas con el ritmo m\u00e1s animado y variado y intr\u00e9pidos participantes ataviados con el uniforme m\u00e1s improvisado y atrevido, marcan el comp\u00e1s de esta marcha entre v\u00edtores de alegr\u00eda, donde la artesan\u00eda y la gastronom\u00eda tambi\u00e9n tienen cabida.<\/p>\n<p>Todos los ingredientes necesarios en esta amalgama de estilos para hacer \u00abel mejor cierre de campa\u00f1a\u00bb y el m\u00e1s animado en \u00abuna jornada de reflexi\u00f3n\u00bb en la que todo vale siempre y cuando el humor sea uno de sus ingredientes, en el festival m\u00e1s social, donde todos aportan \u00absu peque\u00f1o granito de arena\u00bb a un encuentro \u00abcon pedigree\u00bb.<\/p>\n<p>&nbsp;<\/p>\n<p>Patricia Pernas<\/p>\n","protected":false},"excerpt":{"rendered":"<p>O Porri\u00f1o (Pontevedra) 24 may (EFE).- El glamour, la alfombra roja o los dise\u00f1os m\u00e1s espectaculares y llamativos no tienen hueco en el festival de Cans, que se celebra en O Porri\u00f1o (Pontevedra) desde hace ya once a\u00f1os, pero s\u00ed el humor, ya que se combinan a partes iguales, en un c\u00f3ctel explosivo, \u00abidentidad\u00bb y<\/p>\n","protected":false},"author":1,"featured_media":13890,"comment_status":"open","ping_status":"closed","sticky":false,"template":"","format":"standard","meta":{"footnotes":""},"categories":[224],"tags":[],"class_list":{"0":"post-13889","1":"post","2":"type-post","3":"status-publish","4":"format-standard","5":"has-post-thumbnail","7":"category-noticias-actualidad"},"aioseo_notices":[],"aioseo_head":"\n\t\t<!-- All in One SEO Pro 4.9.6.1 - aioseo.com -->\n\t<meta name=\"description\" content=\"O Porri\u00f1o (Pontevedra) 24 may (EFE).- El glamour, la alfombra roja o los dise\u00f1os m\u00e1s espectaculares y llamativos no tienen hueco en el festival de Cans, que se celebra en O Porri\u00f1o (Pontevedra) desde hace ya once a\u00f1os, pero s\u00ed el humor, ya que se combinan a partes iguales, en un c\u00f3ctel explosivo, &quot;identidad&quot; y\" \/>\n\t<meta name=\"robots\" content=\"max-image-preview:large\" \/>\n\t<meta name=\"author\" content=\"admin\"\/>\n\t<meta name=\"google-site-verification\" content=\"UA-38556648-1\" \/>\n\t<meta name=\"keywords\" content=\"noticias y actualidad\" \/>\n\t<link rel=\"canonical\" href=\"https:\/\/eldigitaldeasturias.com\/magazine365\/el-festival-de-cans-combina-identidad-y-productos-audiovisuales-gallegos\/\" \/>\n\t<meta name=\"generator\" content=\"All in One SEO Pro (AIOSEO) 4.9.6.1\" \/>\n\t\t<meta property=\"og:locale\" content=\"es_ES\" \/>\n\t\t<meta property=\"og:site_name\" content=\"El Digital de Asturias \u2013 Revista de ocio, turismo y estilo de vida\" \/>\n\t\t<meta property=\"og:type\" content=\"article\" \/>\n\t\t<meta property=\"og:title\" content=\"El Festival de Cans combina identidad y productos audiovisuales gallegos | El Digital de Asturias\" \/>\n\t\t<meta property=\"og:description\" content=\"O Porri\u00f1o (Pontevedra) 24 may (EFE).- El glamour, la alfombra roja o los dise\u00f1os m\u00e1s espectaculares y llamativos no tienen hueco en el festival de Cans, que se celebra en O Porri\u00f1o (Pontevedra) desde hace ya once a\u00f1os, pero s\u00ed el humor, ya que se combinan a partes iguales, en un c\u00f3ctel explosivo, &quot;identidad&quot; y\" \/>\n\t\t<meta property=\"og:url\" content=\"https:\/\/eldigitaldeasturias.com\/magazine365\/el-festival-de-cans-combina-identidad-y-productos-audiovisuales-gallegos\/\" \/>\n\t\t<meta property=\"og:image\" content=\"https:\/\/eldigitaldeasturias.com\/magazine365\/wp-content\/uploads\/2014\/05\/6297475w.jpg\" \/>\n\t\t<meta property=\"og:image:secure_url\" content=\"https:\/\/eldigitaldeasturias.com\/magazine365\/wp-content\/uploads\/2014\/05\/6297475w.jpg\" \/>\n\t\t<meta property=\"og:image:width\" content=\"800\" \/>\n\t\t<meta property=\"og:image:height\" content=\"533\" \/>\n\t\t<meta property=\"article:published_time\" content=\"2014-05-25T01:56:18+00:00\" \/>\n\t\t<meta property=\"article:modified_time\" content=\"2014-05-25T01:56:18+00:00\" \/>\n\t\t<meta name=\"twitter:card\" content=\"summary_large_image\" \/>\n\t\t<meta name=\"twitter:title\" content=\"El Festival de Cans combina identidad y productos audiovisuales gallegos | El Digital de Asturias\" \/>\n\t\t<meta name=\"twitter:description\" content=\"O Porri\u00f1o (Pontevedra) 24 may (EFE).- El glamour, la alfombra roja o los dise\u00f1os m\u00e1s espectaculares y llamativos no tienen hueco en el festival de Cans, que se celebra en O Porri\u00f1o (Pontevedra) desde hace ya once a\u00f1os, pero s\u00ed el humor, ya que se combinan a partes iguales, en un c\u00f3ctel explosivo, &quot;identidad&quot; y\" \/>\n\t\t<meta name=\"twitter:image\" content=\"https:\/\/eldigitaldeasturias.com\/magazine365\/wp-content\/uploads\/2014\/05\/6297475w.jpg\" \/>\n\t\t<script type=\"application\/ld+json\" class=\"aioseo-schema\">\n\t\t\t{\"@context\":\"https:\\\/\\\/schema.org\",\"@graph\":[{\"@type\":\"Article\",\"@id\":\"https:\\\/\\\/eldigitaldeasturias.com\\\/magazine365\\\/el-festival-de-cans-combina-identidad-y-productos-audiovisuales-gallegos\\\/#article\",\"name\":\"El Festival de Cans combina identidad y productos audiovisuales gallegos | El Digital de Asturias\",\"headline\":\"El Festival de Cans combina identidad y productos audiovisuales gallegos\",\"author\":{\"@id\":\"https:\\\/\\\/eldigitaldeasturias.com\\\/magazine365\\\/author\\\/admin\\\/#author\"},\"publisher\":{\"@id\":\"https:\\\/\\\/eldigitaldeasturias.com\\\/magazine365\\\/#organization\"},\"image\":{\"@type\":\"ImageObject\",\"url\":\"https:\\\/\\\/eldigitaldeasturias.com\\\/magazine365\\\/wp-content\\\/uploads\\\/2014\\\/05\\\/6297475w.jpg\",\"width\":800,\"height\":533},\"datePublished\":\"2014-05-24T23:56:18+02:00\",\"dateModified\":\"2014-05-24T23:56:18+02:00\",\"inLanguage\":\"es-ES\",\"mainEntityOfPage\":{\"@id\":\"https:\\\/\\\/eldigitaldeasturias.com\\\/magazine365\\\/el-festival-de-cans-combina-identidad-y-productos-audiovisuales-gallegos\\\/#webpage\"},\"isPartOf\":{\"@id\":\"https:\\\/\\\/eldigitaldeasturias.com\\\/magazine365\\\/el-festival-de-cans-combina-identidad-y-productos-audiovisuales-gallegos\\\/#webpage\"},\"articleSection\":\"Noticias y Actualidad\"},{\"@type\":\"BreadcrumbList\",\"@id\":\"https:\\\/\\\/eldigitaldeasturias.com\\\/magazine365\\\/el-festival-de-cans-combina-identidad-y-productos-audiovisuales-gallegos\\\/#breadcrumblist\",\"itemListElement\":[{\"@type\":\"ListItem\",\"@id\":\"https:\\\/\\\/eldigitaldeasturias.com\\\/magazine365#listItem\",\"position\":1,\"name\":\"Home\",\"item\":\"https:\\\/\\\/eldigitaldeasturias.com\\\/magazine365\",\"nextItem\":{\"@type\":\"ListItem\",\"@id\":\"https:\\\/\\\/eldigitaldeasturias.com\\\/magazine365\\\/category\\\/noticias-actualidad\\\/#listItem\",\"name\":\"Noticias y Actualidad\"}},{\"@type\":\"ListItem\",\"@id\":\"https:\\\/\\\/eldigitaldeasturias.com\\\/magazine365\\\/category\\\/noticias-actualidad\\\/#listItem\",\"position\":2,\"name\":\"Noticias y Actualidad\",\"item\":\"https:\\\/\\\/eldigitaldeasturias.com\\\/magazine365\\\/category\\\/noticias-actualidad\\\/\",\"nextItem\":{\"@type\":\"ListItem\",\"@id\":\"https:\\\/\\\/eldigitaldeasturias.com\\\/magazine365\\\/el-festival-de-cans-combina-identidad-y-productos-audiovisuales-gallegos\\\/#listItem\",\"name\":\"El Festival de Cans combina identidad y productos audiovisuales gallegos\"},\"previousItem\":{\"@type\":\"ListItem\",\"@id\":\"https:\\\/\\\/eldigitaldeasturias.com\\\/magazine365#listItem\",\"name\":\"Home\"}},{\"@type\":\"ListItem\",\"@id\":\"https:\\\/\\\/eldigitaldeasturias.com\\\/magazine365\\\/el-festival-de-cans-combina-identidad-y-productos-audiovisuales-gallegos\\\/#listItem\",\"position\":3,\"name\":\"El Festival de Cans combina identidad y productos audiovisuales gallegos\",\"previousItem\":{\"@type\":\"ListItem\",\"@id\":\"https:\\\/\\\/eldigitaldeasturias.com\\\/magazine365\\\/category\\\/noticias-actualidad\\\/#listItem\",\"name\":\"Noticias y Actualidad\"}}]},{\"@type\":\"Organization\",\"@id\":\"https:\\\/\\\/eldigitaldeasturias.com\\\/magazine365\\\/#organization\",\"name\":\"El digital de Asturias\",\"description\":\"Revista de ocio, turismo y estilo de vida\",\"url\":\"https:\\\/\\\/eldigitaldeasturias.com\\\/magazine365\\\/\",\"logo\":{\"@type\":\"ImageObject\",\"url\":\"https:\\\/\\\/www.eldigitaldeasturias.com\\\/noticias\\\/wp-content\\\/uploads\\\/2020\\\/12\\\/EDA.jpg\",\"@id\":\"https:\\\/\\\/eldigitaldeasturias.com\\\/magazine365\\\/el-festival-de-cans-combina-identidad-y-productos-audiovisuales-gallegos\\\/#organizationLogo\"},\"image\":{\"@id\":\"https:\\\/\\\/eldigitaldeasturias.com\\\/magazine365\\\/el-festival-de-cans-combina-identidad-y-productos-audiovisuales-gallegos\\\/#organizationLogo\"}},{\"@type\":\"Person\",\"@id\":\"https:\\\/\\\/eldigitaldeasturias.com\\\/magazine365\\\/author\\\/admin\\\/#author\",\"url\":\"https:\\\/\\\/eldigitaldeasturias.com\\\/magazine365\\\/author\\\/admin\\\/\",\"name\":\"admin\",\"image\":{\"@type\":\"ImageObject\",\"@id\":\"https:\\\/\\\/eldigitaldeasturias.com\\\/magazine365\\\/el-festival-de-cans-combina-identidad-y-productos-audiovisuales-gallegos\\\/#authorImage\",\"url\":\"https:\\\/\\\/eldigitaldeasturias.com\\\/magazine365\\\/wp-content\\\/litespeed\\\/avatar\\\/e571bcf59a0edd6fa6838245a470f2fe.jpg?ver=1776969259\",\"width\":96,\"height\":96,\"caption\":\"admin\"}},{\"@type\":\"WebPage\",\"@id\":\"https:\\\/\\\/eldigitaldeasturias.com\\\/magazine365\\\/el-festival-de-cans-combina-identidad-y-productos-audiovisuales-gallegos\\\/#webpage\",\"url\":\"https:\\\/\\\/eldigitaldeasturias.com\\\/magazine365\\\/el-festival-de-cans-combina-identidad-y-productos-audiovisuales-gallegos\\\/\",\"name\":\"El Festival de Cans combina identidad y productos audiovisuales gallegos | El Digital de Asturias\",\"description\":\"O Porri\\u00f1o (Pontevedra) 24 may (EFE).- El glamour, la alfombra roja o los dise\\u00f1os m\\u00e1s espectaculares y llamativos no tienen hueco en el festival de Cans, que se celebra en O Porri\\u00f1o (Pontevedra) desde hace ya once a\\u00f1os, pero s\\u00ed el humor, ya que se combinan a partes iguales, en un c\\u00f3ctel explosivo, \\\"identidad\\\" y\",\"inLanguage\":\"es-ES\",\"isPartOf\":{\"@id\":\"https:\\\/\\\/eldigitaldeasturias.com\\\/magazine365\\\/#website\"},\"breadcrumb\":{\"@id\":\"https:\\\/\\\/eldigitaldeasturias.com\\\/magazine365\\\/el-festival-de-cans-combina-identidad-y-productos-audiovisuales-gallegos\\\/#breadcrumblist\"},\"author\":{\"@id\":\"https:\\\/\\\/eldigitaldeasturias.com\\\/magazine365\\\/author\\\/admin\\\/#author\"},\"creator\":{\"@id\":\"https:\\\/\\\/eldigitaldeasturias.com\\\/magazine365\\\/author\\\/admin\\\/#author\"},\"image\":{\"@type\":\"ImageObject\",\"url\":\"https:\\\/\\\/eldigitaldeasturias.com\\\/magazine365\\\/wp-content\\\/uploads\\\/2014\\\/05\\\/6297475w.jpg\",\"@id\":\"https:\\\/\\\/eldigitaldeasturias.com\\\/magazine365\\\/el-festival-de-cans-combina-identidad-y-productos-audiovisuales-gallegos\\\/#mainImage\",\"width\":800,\"height\":533},\"primaryImageOfPage\":{\"@id\":\"https:\\\/\\\/eldigitaldeasturias.com\\\/magazine365\\\/el-festival-de-cans-combina-identidad-y-productos-audiovisuales-gallegos\\\/#mainImage\"},\"datePublished\":\"2014-05-24T23:56:18+02:00\",\"dateModified\":\"2014-05-24T23:56:18+02:00\"},{\"@type\":\"WebSite\",\"@id\":\"https:\\\/\\\/eldigitaldeasturias.com\\\/magazine365\\\/#website\",\"url\":\"https:\\\/\\\/eldigitaldeasturias.com\\\/magazine365\\\/\",\"name\":\"El Digital de Asturias\",\"description\":\"Revista de ocio, turismo y estilo de vida\",\"inLanguage\":\"es-ES\",\"publisher\":{\"@id\":\"https:\\\/\\\/eldigitaldeasturias.com\\\/magazine365\\\/#organization\"}}]}\n\t\t<\/script>\n\t\t<!-- All in One SEO Pro -->\r\n\t\t<title>El Festival de Cans combina identidad y productos audiovisuales gallegos | El Digital de Asturias<\/title>\n\n","aioseo_head_json":{"title":"El Festival de Cans combina identidad y productos audiovisuales gallegos | El Digital de Asturias","description":"O Porri\u00f1o (Pontevedra) 24 may (EFE).- El glamour, la alfombra roja o los dise\u00f1os m\u00e1s espectaculares y llamativos no tienen hueco en el festival de Cans, que se celebra en O Porri\u00f1o (Pontevedra) desde hace ya once a\u00f1os, pero s\u00ed el humor, ya que se combinan a partes iguales, en un c\u00f3ctel explosivo, \"identidad\" y","canonical_url":"https:\/\/eldigitaldeasturias.com\/magazine365\/el-festival-de-cans-combina-identidad-y-productos-audiovisuales-gallegos\/","robots":"max-image-preview:large","keywords":"noticias y actualidad","webmasterTools":{"google-site-verification":"UA-38556648-1","miscellaneous":""},"schema":{"@context":"https:\/\/schema.org","@graph":[{"@type":"Article","@id":"https:\/\/eldigitaldeasturias.com\/magazine365\/el-festival-de-cans-combina-identidad-y-productos-audiovisuales-gallegos\/#article","name":"El Festival de Cans combina identidad y productos audiovisuales gallegos | El Digital de Asturias","headline":"El Festival de Cans combina identidad y productos audiovisuales gallegos","author":{"@id":"https:\/\/eldigitaldeasturias.com\/magazine365\/author\/admin\/#author"},"publisher":{"@id":"https:\/\/eldigitaldeasturias.com\/magazine365\/#organization"},"image":{"@type":"ImageObject","url":"https:\/\/eldigitaldeasturias.com\/magazine365\/wp-content\/uploads\/2014\/05\/6297475w.jpg","width":800,"height":533},"datePublished":"2014-05-24T23:56:18+02:00","dateModified":"2014-05-24T23:56:18+02:00","inLanguage":"es-ES","mainEntityOfPage":{"@id":"https:\/\/eldigitaldeasturias.com\/magazine365\/el-festival-de-cans-combina-identidad-y-productos-audiovisuales-gallegos\/#webpage"},"isPartOf":{"@id":"https:\/\/eldigitaldeasturias.com\/magazine365\/el-festival-de-cans-combina-identidad-y-productos-audiovisuales-gallegos\/#webpage"},"articleSection":"Noticias y Actualidad"},{"@type":"BreadcrumbList","@id":"https:\/\/eldigitaldeasturias.com\/magazine365\/el-festival-de-cans-combina-identidad-y-productos-audiovisuales-gallegos\/#breadcrumblist","itemListElement":[{"@type":"ListItem","@id":"https:\/\/eldigitaldeasturias.com\/magazine365#listItem","position":1,"name":"Home","item":"https:\/\/eldigitaldeasturias.com\/magazine365","nextItem":{"@type":"ListItem","@id":"https:\/\/eldigitaldeasturias.com\/magazine365\/category\/noticias-actualidad\/#listItem","name":"Noticias y Actualidad"}},{"@type":"ListItem","@id":"https:\/\/eldigitaldeasturias.com\/magazine365\/category\/noticias-actualidad\/#listItem","position":2,"name":"Noticias y Actualidad","item":"https:\/\/eldigitaldeasturias.com\/magazine365\/category\/noticias-actualidad\/","nextItem":{"@type":"ListItem","@id":"https:\/\/eldigitaldeasturias.com\/magazine365\/el-festival-de-cans-combina-identidad-y-productos-audiovisuales-gallegos\/#listItem","name":"El Festival de Cans combina identidad y productos audiovisuales gallegos"},"previousItem":{"@type":"ListItem","@id":"https:\/\/eldigitaldeasturias.com\/magazine365#listItem","name":"Home"}},{"@type":"ListItem","@id":"https:\/\/eldigitaldeasturias.com\/magazine365\/el-festival-de-cans-combina-identidad-y-productos-audiovisuales-gallegos\/#listItem","position":3,"name":"El Festival de Cans combina identidad y productos audiovisuales gallegos","previousItem":{"@type":"ListItem","@id":"https:\/\/eldigitaldeasturias.com\/magazine365\/category\/noticias-actualidad\/#listItem","name":"Noticias y Actualidad"}}]},{"@type":"Organization","@id":"https:\/\/eldigitaldeasturias.com\/magazine365\/#organization","name":"El digital de Asturias","description":"Revista de ocio, turismo y estilo de vida","url":"https:\/\/eldigitaldeasturias.com\/magazine365\/","logo":{"@type":"ImageObject","url":"https:\/\/www.eldigitaldeasturias.com\/noticias\/wp-content\/uploads\/2020\/12\/EDA.jpg","@id":"https:\/\/eldigitaldeasturias.com\/magazine365\/el-festival-de-cans-combina-identidad-y-productos-audiovisuales-gallegos\/#organizationLogo"},"image":{"@id":"https:\/\/eldigitaldeasturias.com\/magazine365\/el-festival-de-cans-combina-identidad-y-productos-audiovisuales-gallegos\/#organizationLogo"}},{"@type":"Person","@id":"https:\/\/eldigitaldeasturias.com\/magazine365\/author\/admin\/#author","url":"https:\/\/eldigitaldeasturias.com\/magazine365\/author\/admin\/","name":"admin","image":{"@type":"ImageObject","@id":"https:\/\/eldigitaldeasturias.com\/magazine365\/el-festival-de-cans-combina-identidad-y-productos-audiovisuales-gallegos\/#authorImage","url":"https:\/\/eldigitaldeasturias.com\/magazine365\/wp-content\/litespeed\/avatar\/e571bcf59a0edd6fa6838245a470f2fe.jpg?ver=1776969259","width":96,"height":96,"caption":"admin"}},{"@type":"WebPage","@id":"https:\/\/eldigitaldeasturias.com\/magazine365\/el-festival-de-cans-combina-identidad-y-productos-audiovisuales-gallegos\/#webpage","url":"https:\/\/eldigitaldeasturias.com\/magazine365\/el-festival-de-cans-combina-identidad-y-productos-audiovisuales-gallegos\/","name":"El Festival de Cans combina identidad y productos audiovisuales gallegos | El Digital de Asturias","description":"O Porri\u00f1o (Pontevedra) 24 may (EFE).- El glamour, la alfombra roja o los dise\u00f1os m\u00e1s espectaculares y llamativos no tienen hueco en el festival de Cans, que se celebra en O Porri\u00f1o (Pontevedra) desde hace ya once a\u00f1os, pero s\u00ed el humor, ya que se combinan a partes iguales, en un c\u00f3ctel explosivo, \"identidad\" y","inLanguage":"es-ES","isPartOf":{"@id":"https:\/\/eldigitaldeasturias.com\/magazine365\/#website"},"breadcrumb":{"@id":"https:\/\/eldigitaldeasturias.com\/magazine365\/el-festival-de-cans-combina-identidad-y-productos-audiovisuales-gallegos\/#breadcrumblist"},"author":{"@id":"https:\/\/eldigitaldeasturias.com\/magazine365\/author\/admin\/#author"},"creator":{"@id":"https:\/\/eldigitaldeasturias.com\/magazine365\/author\/admin\/#author"},"image":{"@type":"ImageObject","url":"https:\/\/eldigitaldeasturias.com\/magazine365\/wp-content\/uploads\/2014\/05\/6297475w.jpg","@id":"https:\/\/eldigitaldeasturias.com\/magazine365\/el-festival-de-cans-combina-identidad-y-productos-audiovisuales-gallegos\/#mainImage","width":800,"height":533},"primaryImageOfPage":{"@id":"https:\/\/eldigitaldeasturias.com\/magazine365\/el-festival-de-cans-combina-identidad-y-productos-audiovisuales-gallegos\/#mainImage"},"datePublished":"2014-05-24T23:56:18+02:00","dateModified":"2014-05-24T23:56:18+02:00"},{"@type":"WebSite","@id":"https:\/\/eldigitaldeasturias.com\/magazine365\/#website","url":"https:\/\/eldigitaldeasturias.com\/magazine365\/","name":"El Digital de Asturias","description":"Revista de ocio, turismo y estilo de vida","inLanguage":"es-ES","publisher":{"@id":"https:\/\/eldigitaldeasturias.com\/magazine365\/#organization"}}]},"og:locale":"es_ES","og:site_name":"El Digital de Asturias \u2013 Revista de ocio, turismo y estilo de vida","og:type":"article","og:title":"El Festival de Cans combina identidad y productos audiovisuales gallegos | El Digital de Asturias","og:description":"O Porri\u00f1o (Pontevedra) 24 may (EFE).- El glamour, la alfombra roja o los dise\u00f1os m\u00e1s espectaculares y llamativos no tienen hueco en el festival de Cans, que se celebra en O Porri\u00f1o (Pontevedra) desde hace ya once a\u00f1os, pero s\u00ed el humor, ya que se combinan a partes iguales, en un c\u00f3ctel explosivo, &quot;identidad&quot; y","og:url":"https:\/\/eldigitaldeasturias.com\/magazine365\/el-festival-de-cans-combina-identidad-y-productos-audiovisuales-gallegos\/","og:image":"https:\/\/eldigitaldeasturias.com\/magazine365\/wp-content\/uploads\/2014\/05\/6297475w.jpg","og:image:secure_url":"https:\/\/eldigitaldeasturias.com\/magazine365\/wp-content\/uploads\/2014\/05\/6297475w.jpg","og:image:width":800,"og:image:height":533,"article:published_time":"2014-05-25T01:56:18+00:00","article:modified_time":"2014-05-25T01:56:18+00:00","twitter:card":"summary_large_image","twitter:title":"El Festival de Cans combina identidad y productos audiovisuales gallegos | El Digital de Asturias","twitter:description":"O Porri\u00f1o (Pontevedra) 24 may (EFE).- El glamour, la alfombra roja o los dise\u00f1os m\u00e1s espectaculares y llamativos no tienen hueco en el festival de Cans, que se celebra en O Porri\u00f1o (Pontevedra) desde hace ya once a\u00f1os, pero s\u00ed el humor, ya que se combinan a partes iguales, en un c\u00f3ctel explosivo, &quot;identidad&quot; y","twitter:image":"https:\/\/eldigitaldeasturias.com\/magazine365\/wp-content\/uploads\/2014\/05\/6297475w.jpg"},"aioseo_meta_data":{"post_id":"13889","title":null,"description":null,"keywords":null,"keyphrases":null,"primary_term":null,"canonical_url":null,"og_title":null,"og_description":null,"og_object_type":"default","og_image_type":"default","og_image_url":null,"og_image_width":null,"og_image_height":null,"og_image_custom_url":null,"og_image_custom_fields":null,"og_video":null,"og_custom_url":null,"og_article_section":null,"og_article_tags":null,"twitter_use_og":false,"twitter_card":"default","twitter_image_type":"default","twitter_image_url":null,"twitter_image_custom_url":null,"twitter_image_custom_fields":null,"twitter_title":null,"twitter_description":null,"schema":{"blockGraphs":[],"customGraphs":[],"default":{"data":{"Article":[],"Course":[],"Dataset":[],"FAQPage":[],"Movie":[],"Person":[],"Product":[],"ProductReview":[],"Car":[],"Recipe":[],"Service":[],"SoftwareApplication":[],"WebPage":[]},"graphName":"","isEnabled":true},"graphs":[],"defaultGraph":"","defaultPostTypeGraph":""},"schema_type":null,"schema_type_options":null,"pillar_content":false,"robots_default":true,"robots_noindex":false,"robots_noarchive":false,"robots_nosnippet":false,"robots_nofollow":false,"robots_noimageindex":false,"robots_noodp":false,"robots_notranslate":false,"robots_max_snippet":null,"robots_max_videopreview":null,"robots_max_imagepreview":"large","priority":null,"frequency":null,"location":null,"local_seo":null,"seo_analyzer_scan_date":"2025-09-17 09:09:05","breadcrumb_settings":null,"limit_modified_date":false,"open_ai":null,"ai":null,"created":"2021-03-09 08:22:47","updated":"2025-09-17 09:09:05"},"aioseo_breadcrumb":"<div class=\"aioseo-breadcrumbs\"><span class=\"aioseo-breadcrumb\">\n\t<a href=\"https:\/\/eldigitaldeasturias.com\/magazine365\" title=\"Home\">Home<\/a>\n<\/span><span class=\"aioseo-breadcrumb-separator\">\u2013<\/span><span class=\"aioseo-breadcrumb\">\n\t<a href=\"https:\/\/eldigitaldeasturias.com\/magazine365\/category\/noticias-actualidad\/\" title=\"Noticias y Actualidad\">Noticias y Actualidad<\/a>\n<\/span><span class=\"aioseo-breadcrumb-separator\">\u2013<\/span><span class=\"aioseo-breadcrumb\">\n\t<a href=\"https:\/\/eldigitaldeasturias.com\/magazine365\/el-festival-de-cans-combina-identidad-y-productos-audiovisuales-gallegos\/\" title=\"El Festival de Cans combina identidad y productos audiovisuales gallegos\">El Festival de Cans combina identidad y productos audiovisuales gallegos<\/a>\n<\/span><\/div>","aioseo_breadcrumb_json":[{"label":"Home","link":"https:\/\/eldigitaldeasturias.com\/magazine365"},{"label":"Noticias y Actualidad","link":"https:\/\/eldigitaldeasturias.com\/magazine365\/category\/noticias-actualidad\/"},{"label":"El Festival de Cans combina identidad y productos audiovisuales gallegos","link":"https:\/\/eldigitaldeasturias.com\/magazine365\/el-festival-de-cans-combina-identidad-y-productos-audiovisuales-gallegos\/"}],"_links":{"self":[{"href":"https:\/\/eldigitaldeasturias.com\/magazine365\/wp-json\/wp\/v2\/posts\/13889","targetHints":{"allow":["GET"]}}],"collection":[{"href":"https:\/\/eldigitaldeasturias.com\/magazine365\/wp-json\/wp\/v2\/posts"}],"about":[{"href":"https:\/\/eldigitaldeasturias.com\/magazine365\/wp-json\/wp\/v2\/types\/post"}],"author":[{"embeddable":true,"href":"https:\/\/eldigitaldeasturias.com\/magazine365\/wp-json\/wp\/v2\/users\/1"}],"replies":[{"embeddable":true,"href":"https:\/\/eldigitaldeasturias.com\/magazine365\/wp-json\/wp\/v2\/comments?post=13889"}],"version-history":[{"count":0,"href":"https:\/\/eldigitaldeasturias.com\/magazine365\/wp-json\/wp\/v2\/posts\/13889\/revisions"}],"wp:featuredmedia":[{"embeddable":true,"href":"https:\/\/eldigitaldeasturias.com\/magazine365\/wp-json\/wp\/v2\/media\/13890"}],"wp:attachment":[{"href":"https:\/\/eldigitaldeasturias.com\/magazine365\/wp-json\/wp\/v2\/media?parent=13889"}],"wp:term":[{"taxonomy":"category","embeddable":true,"href":"https:\/\/eldigitaldeasturias.com\/magazine365\/wp-json\/wp\/v2\/categories?post=13889"},{"taxonomy":"post_tag","embeddable":true,"href":"https:\/\/eldigitaldeasturias.com\/magazine365\/wp-json\/wp\/v2\/tags?post=13889"}],"curies":[{"name":"wp","href":"https:\/\/api.w.org\/{rel}","templated":true}]}}