{"id":13886,"date":"2014-05-24T23:51:08","date_gmt":"2014-05-25T01:51:08","guid":{"rendered":"http:\/\/eldigitaldeasturias.com\/magazine365\/?p=13886"},"modified":"2014-05-24T23:51:08","modified_gmt":"2014-05-25T01:51:08","slug":"alfonso-cuaron-dice-que-no-tiene-planes-de-ningun-tipo-para-volver-a-rodar","status":"publish","type":"post","link":"https:\/\/eldigitaldeasturias.com\/magazine365\/alfonso-cuaron-dice-que-no-tiene-planes-de-ningun-tipo-para-volver-a-rodar\/","title":{"rendered":"Alfonso Cuar\u00f3n dice que no tiene planes \u00abde ning\u00fan tipo\u00bb para volver a rodar"},"content":{"rendered":"<p><img fetchpriority=\"high\" decoding=\"async\" class=\"alignleft size-medium wp-image-13887\" alt=\"6297446w\" src=\"https:\/\/eldigitaldeasturias.com\/magazine365\/wp-content\/uploads\/2014\/05\/6297446w-200x300.jpg\" width=\"200\" height=\"300\" srcset=\"https:\/\/eldigitaldeasturias.com\/magazine365\/wp-content\/uploads\/2014\/05\/6297446w-200x300.jpg 200w, https:\/\/eldigitaldeasturias.com\/magazine365\/wp-content\/uploads\/2014\/05\/6297446w-427x640.jpg 427w, https:\/\/eldigitaldeasturias.com\/magazine365\/wp-content\/uploads\/2014\/05\/6297446w-150x225.jpg 150w, https:\/\/eldigitaldeasturias.com\/magazine365\/wp-content\/uploads\/2014\/05\/6297446w-450x674.jpg 450w, https:\/\/eldigitaldeasturias.com\/magazine365\/wp-content\/uploads\/2014\/05\/6297446w-696x1043.jpg 696w, https:\/\/eldigitaldeasturias.com\/magazine365\/wp-content\/uploads\/2014\/05\/6297446w-280x420.jpg 280w, https:\/\/eldigitaldeasturias.com\/magazine365\/wp-content\/uploads\/2014\/05\/6297446w.jpg 700w\" sizes=\"(max-width: 200px) 100vw, 200px\" \/>Pietrasanta (Italia), 24 may (EFE).- El cineasta mexicano Alfonso Cuar\u00f3n, ganador del \u00d3scar al mejor director por la pel\u00edcula \u00abGravity\u00bb, asegur\u00f3 hoy que, por ahora, no tiene planes \u00abde ning\u00fan tipo\u00bb para volver a ponerse detr\u00e1s de las c\u00e1maras.<\/p>\n<p>\u00abMis planes cercanos en los pr\u00f3ximos meses son llevar a mis hijos a la escuela y planear qu\u00e9 voy a hacer este verano con ellos. Ahora estoy volviendo a conectarme con la vida, no tengo ning\u00fan plan de ning\u00fan tipo\u00bb, dijo Cuar\u00f3n a Efe en la localidad italiana de Pietrasanta, en Toscana.<\/p>\n<p>En los \u00faltimos d\u00edas, algunos medios especializados de Estados Unidos informaron de la posibilidad de que Cuar\u00f3n dirija la pel\u00edcula derivada de la saga de Harry Potter \u00abAnimales fant\u00e1sticos y d\u00f3nde encontrarlos\u00bb, actualmente en fase de preproducci\u00f3n.<\/p>\n<p>\u00abFue una experiencia bell\u00edsima para m\u00ed, le tengo mucho cari\u00f1o a ese universo y admiro tremendamente a J.K. Rowling, pero hoy por hoy no me atraen proyectos que est\u00e9n basados alrededor de muchos efectos visuales. Vengo de un proceso de cinco a\u00f1os de estar haciendo efectos visuales y ahora como que quiero limpiarme un poco el paladar de eso\u00bb, asever\u00f3.<\/p>\n<p>Pero los rumores no solo han apuntado hacia la nueva pel\u00edcula del mundo de Harry Potter, sino que en las \u00faltimas horas tambi\u00e9n han se\u00f1alado a Cuar\u00f3n como uno de los candidatos a dirigir la precuela de \u00abEl Resplandor\u00bb, que producir\u00e1 Warner Bros.<\/p>\n<p>Cuar\u00f3n asegur\u00f3 que es \u00abun gran fan\u00bb de la pel\u00edcula dirigida por Stanley Kubrick en 1980 pero tambi\u00e9n asegur\u00f3 que ni siquiera est\u00e1 al tanto de las noticias que le colocan como uno de los posibles directores de la precuela, que llevar\u00e1 el nombre de \u00abThe Overlook Hostel\u00bb.<\/p>\n<p>El cineasta mexicano se encuentra estos d\u00edas afincado en la toscana Pietrasanta, en Italia, donde viven sus hijos y donde hoy acompa\u00f1\u00f3 a su compatriota escultor Gustavo Aceves durante la clausura de la muestra Lapidarium en la localidad.<\/p>\n","protected":false},"excerpt":{"rendered":"<p>Pietrasanta (Italia), 24 may (EFE).- El cineasta mexicano Alfonso Cuar\u00f3n, ganador del \u00d3scar al mejor director por la pel\u00edcula \u00abGravity\u00bb, asegur\u00f3 hoy que, por ahora, no tiene planes \u00abde ning\u00fan tipo\u00bb para volver a ponerse detr\u00e1s de las c\u00e1maras. \u00abMis planes cercanos en los pr\u00f3ximos meses son llevar a mis hijos a la escuela y<\/p>\n","protected":false},"author":1,"featured_media":13887,"comment_status":"open","ping_status":"closed","sticky":false,"template":"","format":"standard","meta":{"footnotes":""},"categories":[224],"tags":[],"class_list":{"0":"post-13886","1":"post","2":"type-post","3":"status-publish","4":"format-standard","5":"has-post-thumbnail","7":"category-noticias-actualidad"},"aioseo_notices":[],"aioseo_head":"\n\t\t<!-- All in One SEO Pro 4.9.6.1 - aioseo.com -->\n\t<meta name=\"description\" content=\"Pietrasanta (Italia), 24 may (EFE).- El cineasta mexicano Alfonso Cuar\u00f3n, ganador del \u00d3scar al mejor director por la pel\u00edcula &quot;Gravity&quot;, asegur\u00f3 hoy que, por ahora, no tiene planes &quot;de ning\u00fan tipo&quot; para volver a ponerse detr\u00e1s de las c\u00e1maras. &quot;Mis planes cercanos en los pr\u00f3ximos meses son llevar a mis hijos a la escuela y\" \/>\n\t<meta name=\"robots\" content=\"max-image-preview:large\" \/>\n\t<meta name=\"author\" content=\"admin\"\/>\n\t<meta name=\"google-site-verification\" content=\"UA-38556648-1\" \/>\n\t<meta name=\"keywords\" content=\"noticias y actualidad\" \/>\n\t<link rel=\"canonical\" href=\"https:\/\/eldigitaldeasturias.com\/magazine365\/alfonso-cuaron-dice-que-no-tiene-planes-de-ningun-tipo-para-volver-a-rodar\/\" \/>\n\t<meta name=\"generator\" content=\"All in One SEO Pro (AIOSEO) 4.9.6.1\" \/>\n\t\t<meta property=\"og:locale\" content=\"es_ES\" \/>\n\t\t<meta property=\"og:site_name\" content=\"El Digital de Asturias \u2013 Revista de ocio, turismo y estilo de vida\" \/>\n\t\t<meta property=\"og:type\" content=\"article\" \/>\n\t\t<meta property=\"og:title\" content=\"Alfonso Cuar\u00f3n dice que no tiene planes \u00abde ning\u00fan tipo\u00bb para volver a rodar | El Digital de Asturias\" \/>\n\t\t<meta property=\"og:description\" content=\"Pietrasanta (Italia), 24 may (EFE).- El cineasta mexicano Alfonso Cuar\u00f3n, ganador del \u00d3scar al mejor director por la pel\u00edcula &quot;Gravity&quot;, asegur\u00f3 hoy que, por ahora, no tiene planes &quot;de ning\u00fan tipo&quot; para volver a ponerse detr\u00e1s de las c\u00e1maras. &quot;Mis planes cercanos en los pr\u00f3ximos meses son llevar a mis hijos a la escuela y\" \/>\n\t\t<meta property=\"og:url\" content=\"https:\/\/eldigitaldeasturias.com\/magazine365\/alfonso-cuaron-dice-que-no-tiene-planes-de-ningun-tipo-para-volver-a-rodar\/\" \/>\n\t\t<meta property=\"og:image\" content=\"https:\/\/eldigitaldeasturias.com\/magazine365\/wp-content\/uploads\/2014\/05\/6297446w.jpg\" \/>\n\t\t<meta property=\"og:image:secure_url\" content=\"https:\/\/eldigitaldeasturias.com\/magazine365\/wp-content\/uploads\/2014\/05\/6297446w.jpg\" \/>\n\t\t<meta property=\"og:image:width\" content=\"700\" \/>\n\t\t<meta property=\"og:image:height\" content=\"1049\" \/>\n\t\t<meta property=\"article:published_time\" content=\"2014-05-25T01:51:08+00:00\" \/>\n\t\t<meta property=\"article:modified_time\" content=\"2014-05-25T01:51:08+00:00\" \/>\n\t\t<meta name=\"twitter:card\" content=\"summary_large_image\" \/>\n\t\t<meta name=\"twitter:title\" content=\"Alfonso Cuar\u00f3n dice que no tiene planes \u00abde ning\u00fan tipo\u00bb para volver a rodar | El Digital de Asturias\" \/>\n\t\t<meta name=\"twitter:description\" content=\"Pietrasanta (Italia), 24 may (EFE).- El cineasta mexicano Alfonso Cuar\u00f3n, ganador del \u00d3scar al mejor director por la pel\u00edcula &quot;Gravity&quot;, asegur\u00f3 hoy que, por ahora, no tiene planes &quot;de ning\u00fan tipo&quot; para volver a ponerse detr\u00e1s de las c\u00e1maras. &quot;Mis planes cercanos en los pr\u00f3ximos meses son llevar a mis hijos a la escuela y\" \/>\n\t\t<meta name=\"twitter:image\" content=\"https:\/\/eldigitaldeasturias.com\/magazine365\/wp-content\/uploads\/2014\/05\/6297446w.jpg\" \/>\n\t\t<script type=\"application\/ld+json\" class=\"aioseo-schema\">\n\t\t\t{\"@context\":\"https:\\\/\\\/schema.org\",\"@graph\":[{\"@type\":\"Article\",\"@id\":\"https:\\\/\\\/eldigitaldeasturias.com\\\/magazine365\\\/alfonso-cuaron-dice-que-no-tiene-planes-de-ningun-tipo-para-volver-a-rodar\\\/#article\",\"name\":\"Alfonso Cuar\\u00f3n dice que no tiene planes \\u00abde ning\\u00fan tipo\\u00bb para volver a rodar | El Digital de Asturias\",\"headline\":\"Alfonso Cuar\\u00f3n dice que no tiene planes \\u00abde ning\\u00fan tipo\\u00bb para volver a rodar\",\"author\":{\"@id\":\"https:\\\/\\\/eldigitaldeasturias.com\\\/magazine365\\\/author\\\/admin\\\/#author\"},\"publisher\":{\"@id\":\"https:\\\/\\\/eldigitaldeasturias.com\\\/magazine365\\\/#organization\"},\"image\":{\"@type\":\"ImageObject\",\"url\":\"https:\\\/\\\/eldigitaldeasturias.com\\\/magazine365\\\/wp-content\\\/uploads\\\/2014\\\/05\\\/6297446w.jpg\",\"width\":700,\"height\":1049},\"datePublished\":\"2014-05-24T23:51:08+02:00\",\"dateModified\":\"2014-05-24T23:51:08+02:00\",\"inLanguage\":\"es-ES\",\"mainEntityOfPage\":{\"@id\":\"https:\\\/\\\/eldigitaldeasturias.com\\\/magazine365\\\/alfonso-cuaron-dice-que-no-tiene-planes-de-ningun-tipo-para-volver-a-rodar\\\/#webpage\"},\"isPartOf\":{\"@id\":\"https:\\\/\\\/eldigitaldeasturias.com\\\/magazine365\\\/alfonso-cuaron-dice-que-no-tiene-planes-de-ningun-tipo-para-volver-a-rodar\\\/#webpage\"},\"articleSection\":\"Noticias y Actualidad\"},{\"@type\":\"BreadcrumbList\",\"@id\":\"https:\\\/\\\/eldigitaldeasturias.com\\\/magazine365\\\/alfonso-cuaron-dice-que-no-tiene-planes-de-ningun-tipo-para-volver-a-rodar\\\/#breadcrumblist\",\"itemListElement\":[{\"@type\":\"ListItem\",\"@id\":\"https:\\\/\\\/eldigitaldeasturias.com\\\/magazine365#listItem\",\"position\":1,\"name\":\"Home\",\"item\":\"https:\\\/\\\/eldigitaldeasturias.com\\\/magazine365\",\"nextItem\":{\"@type\":\"ListItem\",\"@id\":\"https:\\\/\\\/eldigitaldeasturias.com\\\/magazine365\\\/category\\\/noticias-actualidad\\\/#listItem\",\"name\":\"Noticias y Actualidad\"}},{\"@type\":\"ListItem\",\"@id\":\"https:\\\/\\\/eldigitaldeasturias.com\\\/magazine365\\\/category\\\/noticias-actualidad\\\/#listItem\",\"position\":2,\"name\":\"Noticias y Actualidad\",\"item\":\"https:\\\/\\\/eldigitaldeasturias.com\\\/magazine365\\\/category\\\/noticias-actualidad\\\/\",\"nextItem\":{\"@type\":\"ListItem\",\"@id\":\"https:\\\/\\\/eldigitaldeasturias.com\\\/magazine365\\\/alfonso-cuaron-dice-que-no-tiene-planes-de-ningun-tipo-para-volver-a-rodar\\\/#listItem\",\"name\":\"Alfonso Cuar\\u00f3n dice que no tiene planes \\u00abde ning\\u00fan tipo\\u00bb para volver a rodar\"},\"previousItem\":{\"@type\":\"ListItem\",\"@id\":\"https:\\\/\\\/eldigitaldeasturias.com\\\/magazine365#listItem\",\"name\":\"Home\"}},{\"@type\":\"ListItem\",\"@id\":\"https:\\\/\\\/eldigitaldeasturias.com\\\/magazine365\\\/alfonso-cuaron-dice-que-no-tiene-planes-de-ningun-tipo-para-volver-a-rodar\\\/#listItem\",\"position\":3,\"name\":\"Alfonso Cuar\\u00f3n dice que no tiene planes \\u00abde ning\\u00fan tipo\\u00bb para volver a rodar\",\"previousItem\":{\"@type\":\"ListItem\",\"@id\":\"https:\\\/\\\/eldigitaldeasturias.com\\\/magazine365\\\/category\\\/noticias-actualidad\\\/#listItem\",\"name\":\"Noticias y Actualidad\"}}]},{\"@type\":\"Organization\",\"@id\":\"https:\\\/\\\/eldigitaldeasturias.com\\\/magazine365\\\/#organization\",\"name\":\"El digital de Asturias\",\"description\":\"Revista de ocio, turismo y estilo de vida\",\"url\":\"https:\\\/\\\/eldigitaldeasturias.com\\\/magazine365\\\/\",\"logo\":{\"@type\":\"ImageObject\",\"url\":\"https:\\\/\\\/www.eldigitaldeasturias.com\\\/noticias\\\/wp-content\\\/uploads\\\/2020\\\/12\\\/EDA.jpg\",\"@id\":\"https:\\\/\\\/eldigitaldeasturias.com\\\/magazine365\\\/alfonso-cuaron-dice-que-no-tiene-planes-de-ningun-tipo-para-volver-a-rodar\\\/#organizationLogo\"},\"image\":{\"@id\":\"https:\\\/\\\/eldigitaldeasturias.com\\\/magazine365\\\/alfonso-cuaron-dice-que-no-tiene-planes-de-ningun-tipo-para-volver-a-rodar\\\/#organizationLogo\"}},{\"@type\":\"Person\",\"@id\":\"https:\\\/\\\/eldigitaldeasturias.com\\\/magazine365\\\/author\\\/admin\\\/#author\",\"url\":\"https:\\\/\\\/eldigitaldeasturias.com\\\/magazine365\\\/author\\\/admin\\\/\",\"name\":\"admin\",\"image\":{\"@type\":\"ImageObject\",\"@id\":\"https:\\\/\\\/eldigitaldeasturias.com\\\/magazine365\\\/alfonso-cuaron-dice-que-no-tiene-planes-de-ningun-tipo-para-volver-a-rodar\\\/#authorImage\",\"url\":\"https:\\\/\\\/eldigitaldeasturias.com\\\/magazine365\\\/wp-content\\\/litespeed\\\/avatar\\\/e571bcf59a0edd6fa6838245a470f2fe.jpg?ver=1776969259\",\"width\":96,\"height\":96,\"caption\":\"admin\"}},{\"@type\":\"WebPage\",\"@id\":\"https:\\\/\\\/eldigitaldeasturias.com\\\/magazine365\\\/alfonso-cuaron-dice-que-no-tiene-planes-de-ningun-tipo-para-volver-a-rodar\\\/#webpage\",\"url\":\"https:\\\/\\\/eldigitaldeasturias.com\\\/magazine365\\\/alfonso-cuaron-dice-que-no-tiene-planes-de-ningun-tipo-para-volver-a-rodar\\\/\",\"name\":\"Alfonso Cuar\\u00f3n dice que no tiene planes \\u00abde ning\\u00fan tipo\\u00bb para volver a rodar | El Digital de Asturias\",\"description\":\"Pietrasanta (Italia), 24 may (EFE).- El cineasta mexicano Alfonso Cuar\\u00f3n, ganador del \\u00d3scar al mejor director por la pel\\u00edcula \\\"Gravity\\\", asegur\\u00f3 hoy que, por ahora, no tiene planes \\\"de ning\\u00fan tipo\\\" para volver a ponerse detr\\u00e1s de las c\\u00e1maras. \\\"Mis planes cercanos en los pr\\u00f3ximos meses son llevar a mis hijos a la escuela y\",\"inLanguage\":\"es-ES\",\"isPartOf\":{\"@id\":\"https:\\\/\\\/eldigitaldeasturias.com\\\/magazine365\\\/#website\"},\"breadcrumb\":{\"@id\":\"https:\\\/\\\/eldigitaldeasturias.com\\\/magazine365\\\/alfonso-cuaron-dice-que-no-tiene-planes-de-ningun-tipo-para-volver-a-rodar\\\/#breadcrumblist\"},\"author\":{\"@id\":\"https:\\\/\\\/eldigitaldeasturias.com\\\/magazine365\\\/author\\\/admin\\\/#author\"},\"creator\":{\"@id\":\"https:\\\/\\\/eldigitaldeasturias.com\\\/magazine365\\\/author\\\/admin\\\/#author\"},\"image\":{\"@type\":\"ImageObject\",\"url\":\"https:\\\/\\\/eldigitaldeasturias.com\\\/magazine365\\\/wp-content\\\/uploads\\\/2014\\\/05\\\/6297446w.jpg\",\"@id\":\"https:\\\/\\\/eldigitaldeasturias.com\\\/magazine365\\\/alfonso-cuaron-dice-que-no-tiene-planes-de-ningun-tipo-para-volver-a-rodar\\\/#mainImage\",\"width\":700,\"height\":1049},\"primaryImageOfPage\":{\"@id\":\"https:\\\/\\\/eldigitaldeasturias.com\\\/magazine365\\\/alfonso-cuaron-dice-que-no-tiene-planes-de-ningun-tipo-para-volver-a-rodar\\\/#mainImage\"},\"datePublished\":\"2014-05-24T23:51:08+02:00\",\"dateModified\":\"2014-05-24T23:51:08+02:00\"},{\"@type\":\"WebSite\",\"@id\":\"https:\\\/\\\/eldigitaldeasturias.com\\\/magazine365\\\/#website\",\"url\":\"https:\\\/\\\/eldigitaldeasturias.com\\\/magazine365\\\/\",\"name\":\"El Digital de Asturias\",\"description\":\"Revista de ocio, turismo y estilo de vida\",\"inLanguage\":\"es-ES\",\"publisher\":{\"@id\":\"https:\\\/\\\/eldigitaldeasturias.com\\\/magazine365\\\/#organization\"}}]}\n\t\t<\/script>\n\t\t<!-- All in One SEO Pro -->\r\n\t\t<title>Alfonso Cuar\u00f3n dice que no tiene planes \u00abde ning\u00fan tipo\u00bb para volver a rodar | El Digital de Asturias<\/title>\n\n","aioseo_head_json":{"title":"Alfonso Cuar\u00f3n dice que no tiene planes \u00abde ning\u00fan tipo\u00bb para volver a rodar | El Digital de Asturias","description":"Pietrasanta (Italia), 24 may (EFE).- El cineasta mexicano Alfonso Cuar\u00f3n, ganador del \u00d3scar al mejor director por la pel\u00edcula \"Gravity\", asegur\u00f3 hoy que, por ahora, no tiene planes \"de ning\u00fan tipo\" para volver a ponerse detr\u00e1s de las c\u00e1maras. \"Mis planes cercanos en los pr\u00f3ximos meses son llevar a mis hijos a la escuela y","canonical_url":"https:\/\/eldigitaldeasturias.com\/magazine365\/alfonso-cuaron-dice-que-no-tiene-planes-de-ningun-tipo-para-volver-a-rodar\/","robots":"max-image-preview:large","keywords":"noticias y actualidad","webmasterTools":{"google-site-verification":"UA-38556648-1","miscellaneous":""},"schema":{"@context":"https:\/\/schema.org","@graph":[{"@type":"Article","@id":"https:\/\/eldigitaldeasturias.com\/magazine365\/alfonso-cuaron-dice-que-no-tiene-planes-de-ningun-tipo-para-volver-a-rodar\/#article","name":"Alfonso Cuar\u00f3n dice que no tiene planes \u00abde ning\u00fan tipo\u00bb para volver a rodar | El Digital de Asturias","headline":"Alfonso Cuar\u00f3n dice que no tiene planes \u00abde ning\u00fan tipo\u00bb para volver a rodar","author":{"@id":"https:\/\/eldigitaldeasturias.com\/magazine365\/author\/admin\/#author"},"publisher":{"@id":"https:\/\/eldigitaldeasturias.com\/magazine365\/#organization"},"image":{"@type":"ImageObject","url":"https:\/\/eldigitaldeasturias.com\/magazine365\/wp-content\/uploads\/2014\/05\/6297446w.jpg","width":700,"height":1049},"datePublished":"2014-05-24T23:51:08+02:00","dateModified":"2014-05-24T23:51:08+02:00","inLanguage":"es-ES","mainEntityOfPage":{"@id":"https:\/\/eldigitaldeasturias.com\/magazine365\/alfonso-cuaron-dice-que-no-tiene-planes-de-ningun-tipo-para-volver-a-rodar\/#webpage"},"isPartOf":{"@id":"https:\/\/eldigitaldeasturias.com\/magazine365\/alfonso-cuaron-dice-que-no-tiene-planes-de-ningun-tipo-para-volver-a-rodar\/#webpage"},"articleSection":"Noticias y Actualidad"},{"@type":"BreadcrumbList","@id":"https:\/\/eldigitaldeasturias.com\/magazine365\/alfonso-cuaron-dice-que-no-tiene-planes-de-ningun-tipo-para-volver-a-rodar\/#breadcrumblist","itemListElement":[{"@type":"ListItem","@id":"https:\/\/eldigitaldeasturias.com\/magazine365#listItem","position":1,"name":"Home","item":"https:\/\/eldigitaldeasturias.com\/magazine365","nextItem":{"@type":"ListItem","@id":"https:\/\/eldigitaldeasturias.com\/magazine365\/category\/noticias-actualidad\/#listItem","name":"Noticias y Actualidad"}},{"@type":"ListItem","@id":"https:\/\/eldigitaldeasturias.com\/magazine365\/category\/noticias-actualidad\/#listItem","position":2,"name":"Noticias y Actualidad","item":"https:\/\/eldigitaldeasturias.com\/magazine365\/category\/noticias-actualidad\/","nextItem":{"@type":"ListItem","@id":"https:\/\/eldigitaldeasturias.com\/magazine365\/alfonso-cuaron-dice-que-no-tiene-planes-de-ningun-tipo-para-volver-a-rodar\/#listItem","name":"Alfonso Cuar\u00f3n dice que no tiene planes \u00abde ning\u00fan tipo\u00bb para volver a rodar"},"previousItem":{"@type":"ListItem","@id":"https:\/\/eldigitaldeasturias.com\/magazine365#listItem","name":"Home"}},{"@type":"ListItem","@id":"https:\/\/eldigitaldeasturias.com\/magazine365\/alfonso-cuaron-dice-que-no-tiene-planes-de-ningun-tipo-para-volver-a-rodar\/#listItem","position":3,"name":"Alfonso Cuar\u00f3n dice que no tiene planes \u00abde ning\u00fan tipo\u00bb para volver a rodar","previousItem":{"@type":"ListItem","@id":"https:\/\/eldigitaldeasturias.com\/magazine365\/category\/noticias-actualidad\/#listItem","name":"Noticias y Actualidad"}}]},{"@type":"Organization","@id":"https:\/\/eldigitaldeasturias.com\/magazine365\/#organization","name":"El digital de Asturias","description":"Revista de ocio, turismo y estilo de vida","url":"https:\/\/eldigitaldeasturias.com\/magazine365\/","logo":{"@type":"ImageObject","url":"https:\/\/www.eldigitaldeasturias.com\/noticias\/wp-content\/uploads\/2020\/12\/EDA.jpg","@id":"https:\/\/eldigitaldeasturias.com\/magazine365\/alfonso-cuaron-dice-que-no-tiene-planes-de-ningun-tipo-para-volver-a-rodar\/#organizationLogo"},"image":{"@id":"https:\/\/eldigitaldeasturias.com\/magazine365\/alfonso-cuaron-dice-que-no-tiene-planes-de-ningun-tipo-para-volver-a-rodar\/#organizationLogo"}},{"@type":"Person","@id":"https:\/\/eldigitaldeasturias.com\/magazine365\/author\/admin\/#author","url":"https:\/\/eldigitaldeasturias.com\/magazine365\/author\/admin\/","name":"admin","image":{"@type":"ImageObject","@id":"https:\/\/eldigitaldeasturias.com\/magazine365\/alfonso-cuaron-dice-que-no-tiene-planes-de-ningun-tipo-para-volver-a-rodar\/#authorImage","url":"https:\/\/eldigitaldeasturias.com\/magazine365\/wp-content\/litespeed\/avatar\/e571bcf59a0edd6fa6838245a470f2fe.jpg?ver=1776969259","width":96,"height":96,"caption":"admin"}},{"@type":"WebPage","@id":"https:\/\/eldigitaldeasturias.com\/magazine365\/alfonso-cuaron-dice-que-no-tiene-planes-de-ningun-tipo-para-volver-a-rodar\/#webpage","url":"https:\/\/eldigitaldeasturias.com\/magazine365\/alfonso-cuaron-dice-que-no-tiene-planes-de-ningun-tipo-para-volver-a-rodar\/","name":"Alfonso Cuar\u00f3n dice que no tiene planes \u00abde ning\u00fan tipo\u00bb para volver a rodar | El Digital de Asturias","description":"Pietrasanta (Italia), 24 may (EFE).- El cineasta mexicano Alfonso Cuar\u00f3n, ganador del \u00d3scar al mejor director por la pel\u00edcula \"Gravity\", asegur\u00f3 hoy que, por ahora, no tiene planes \"de ning\u00fan tipo\" para volver a ponerse detr\u00e1s de las c\u00e1maras. \"Mis planes cercanos en los pr\u00f3ximos meses son llevar a mis hijos a la escuela y","inLanguage":"es-ES","isPartOf":{"@id":"https:\/\/eldigitaldeasturias.com\/magazine365\/#website"},"breadcrumb":{"@id":"https:\/\/eldigitaldeasturias.com\/magazine365\/alfonso-cuaron-dice-que-no-tiene-planes-de-ningun-tipo-para-volver-a-rodar\/#breadcrumblist"},"author":{"@id":"https:\/\/eldigitaldeasturias.com\/magazine365\/author\/admin\/#author"},"creator":{"@id":"https:\/\/eldigitaldeasturias.com\/magazine365\/author\/admin\/#author"},"image":{"@type":"ImageObject","url":"https:\/\/eldigitaldeasturias.com\/magazine365\/wp-content\/uploads\/2014\/05\/6297446w.jpg","@id":"https:\/\/eldigitaldeasturias.com\/magazine365\/alfonso-cuaron-dice-que-no-tiene-planes-de-ningun-tipo-para-volver-a-rodar\/#mainImage","width":700,"height":1049},"primaryImageOfPage":{"@id":"https:\/\/eldigitaldeasturias.com\/magazine365\/alfonso-cuaron-dice-que-no-tiene-planes-de-ningun-tipo-para-volver-a-rodar\/#mainImage"},"datePublished":"2014-05-24T23:51:08+02:00","dateModified":"2014-05-24T23:51:08+02:00"},{"@type":"WebSite","@id":"https:\/\/eldigitaldeasturias.com\/magazine365\/#website","url":"https:\/\/eldigitaldeasturias.com\/magazine365\/","name":"El Digital de Asturias","description":"Revista de ocio, turismo y estilo de vida","inLanguage":"es-ES","publisher":{"@id":"https:\/\/eldigitaldeasturias.com\/magazine365\/#organization"}}]},"og:locale":"es_ES","og:site_name":"El Digital de Asturias \u2013 Revista de ocio, turismo y estilo de vida","og:type":"article","og:title":"Alfonso Cuar\u00f3n dice que no tiene planes \u00abde ning\u00fan tipo\u00bb para volver a rodar | El Digital de Asturias","og:description":"Pietrasanta (Italia), 24 may (EFE).- El cineasta mexicano Alfonso Cuar\u00f3n, ganador del \u00d3scar al mejor director por la pel\u00edcula &quot;Gravity&quot;, asegur\u00f3 hoy que, por ahora, no tiene planes &quot;de ning\u00fan tipo&quot; para volver a ponerse detr\u00e1s de las c\u00e1maras. &quot;Mis planes cercanos en los pr\u00f3ximos meses son llevar a mis hijos a la escuela y","og:url":"https:\/\/eldigitaldeasturias.com\/magazine365\/alfonso-cuaron-dice-que-no-tiene-planes-de-ningun-tipo-para-volver-a-rodar\/","og:image":"https:\/\/eldigitaldeasturias.com\/magazine365\/wp-content\/uploads\/2014\/05\/6297446w.jpg","og:image:secure_url":"https:\/\/eldigitaldeasturias.com\/magazine365\/wp-content\/uploads\/2014\/05\/6297446w.jpg","og:image:width":700,"og:image:height":1049,"article:published_time":"2014-05-25T01:51:08+00:00","article:modified_time":"2014-05-25T01:51:08+00:00","twitter:card":"summary_large_image","twitter:title":"Alfonso Cuar\u00f3n dice que no tiene planes \u00abde ning\u00fan tipo\u00bb para volver a rodar | El Digital de Asturias","twitter:description":"Pietrasanta (Italia), 24 may (EFE).- El cineasta mexicano Alfonso Cuar\u00f3n, ganador del \u00d3scar al mejor director por la pel\u00edcula &quot;Gravity&quot;, asegur\u00f3 hoy que, por ahora, no tiene planes &quot;de ning\u00fan tipo&quot; para volver a ponerse detr\u00e1s de las c\u00e1maras. &quot;Mis planes cercanos en los pr\u00f3ximos meses son llevar a mis hijos a la escuela y","twitter:image":"https:\/\/eldigitaldeasturias.com\/magazine365\/wp-content\/uploads\/2014\/05\/6297446w.jpg"},"aioseo_meta_data":{"post_id":"13886","title":null,"description":null,"keywords":null,"keyphrases":null,"primary_term":null,"canonical_url":null,"og_title":null,"og_description":null,"og_object_type":"default","og_image_type":"default","og_image_url":null,"og_image_width":null,"og_image_height":null,"og_image_custom_url":null,"og_image_custom_fields":null,"og_video":null,"og_custom_url":null,"og_article_section":null,"og_article_tags":null,"twitter_use_og":false,"twitter_card":"default","twitter_image_type":"default","twitter_image_url":null,"twitter_image_custom_url":null,"twitter_image_custom_fields":null,"twitter_title":null,"twitter_description":null,"schema":{"blockGraphs":[],"customGraphs":[],"default":{"data":{"Article":[],"Course":[],"Dataset":[],"FAQPage":[],"Movie":[],"Person":[],"Product":[],"ProductReview":[],"Car":[],"Recipe":[],"Service":[],"SoftwareApplication":[],"WebPage":[]},"graphName":"","isEnabled":true},"graphs":[],"defaultGraph":"","defaultPostTypeGraph":""},"schema_type":null,"schema_type_options":null,"pillar_content":false,"robots_default":true,"robots_noindex":false,"robots_noarchive":false,"robots_nosnippet":false,"robots_nofollow":false,"robots_noimageindex":false,"robots_noodp":false,"robots_notranslate":false,"robots_max_snippet":null,"robots_max_videopreview":null,"robots_max_imagepreview":"large","priority":null,"frequency":null,"location":null,"local_seo":null,"seo_analyzer_scan_date":"2025-09-17 09:09:04","breadcrumb_settings":null,"limit_modified_date":false,"open_ai":null,"ai":null,"created":"2021-03-09 08:22:47","updated":"2025-09-17 09:09:04"},"aioseo_breadcrumb":"<div class=\"aioseo-breadcrumbs\"><span class=\"aioseo-breadcrumb\">\n\t<a href=\"https:\/\/eldigitaldeasturias.com\/magazine365\" title=\"Home\">Home<\/a>\n<\/span><span class=\"aioseo-breadcrumb-separator\">\u2013<\/span><span class=\"aioseo-breadcrumb\">\n\t<a href=\"https:\/\/eldigitaldeasturias.com\/magazine365\/category\/noticias-actualidad\/\" title=\"Noticias y Actualidad\">Noticias y Actualidad<\/a>\n<\/span><span class=\"aioseo-breadcrumb-separator\">\u2013<\/span><span class=\"aioseo-breadcrumb\">\n\t<a href=\"https:\/\/eldigitaldeasturias.com\/magazine365\/alfonso-cuaron-dice-que-no-tiene-planes-de-ningun-tipo-para-volver-a-rodar\/\" title=\"Alfonso Cuar\u00f3n dice que no tiene planes \u00abde ning\u00fan tipo\u00bb para volver a rodar\">Alfonso Cuar\u00f3n dice que no tiene planes \u00abde ning\u00fan tipo\u00bb para volver a rodar<\/a>\n<\/span><\/div>","aioseo_breadcrumb_json":[{"label":"Home","link":"https:\/\/eldigitaldeasturias.com\/magazine365"},{"label":"Noticias y Actualidad","link":"https:\/\/eldigitaldeasturias.com\/magazine365\/category\/noticias-actualidad\/"},{"label":"Alfonso Cuar\u00f3n dice que no tiene planes \u00abde ning\u00fan tipo\u00bb para volver a rodar","link":"https:\/\/eldigitaldeasturias.com\/magazine365\/alfonso-cuaron-dice-que-no-tiene-planes-de-ningun-tipo-para-volver-a-rodar\/"}],"_links":{"self":[{"href":"https:\/\/eldigitaldeasturias.com\/magazine365\/wp-json\/wp\/v2\/posts\/13886","targetHints":{"allow":["GET"]}}],"collection":[{"href":"https:\/\/eldigitaldeasturias.com\/magazine365\/wp-json\/wp\/v2\/posts"}],"about":[{"href":"https:\/\/eldigitaldeasturias.com\/magazine365\/wp-json\/wp\/v2\/types\/post"}],"author":[{"embeddable":true,"href":"https:\/\/eldigitaldeasturias.com\/magazine365\/wp-json\/wp\/v2\/users\/1"}],"replies":[{"embeddable":true,"href":"https:\/\/eldigitaldeasturias.com\/magazine365\/wp-json\/wp\/v2\/comments?post=13886"}],"version-history":[{"count":0,"href":"https:\/\/eldigitaldeasturias.com\/magazine365\/wp-json\/wp\/v2\/posts\/13886\/revisions"}],"wp:featuredmedia":[{"embeddable":true,"href":"https:\/\/eldigitaldeasturias.com\/magazine365\/wp-json\/wp\/v2\/media\/13887"}],"wp:attachment":[{"href":"https:\/\/eldigitaldeasturias.com\/magazine365\/wp-json\/wp\/v2\/media?parent=13886"}],"wp:term":[{"taxonomy":"category","embeddable":true,"href":"https:\/\/eldigitaldeasturias.com\/magazine365\/wp-json\/wp\/v2\/categories?post=13886"},{"taxonomy":"post_tag","embeddable":true,"href":"https:\/\/eldigitaldeasturias.com\/magazine365\/wp-json\/wp\/v2\/tags?post=13886"}],"curies":[{"name":"wp","href":"https:\/\/api.w.org\/{rel}","templated":true}]}}