{"id":13873,"date":"2014-05-24T20:08:02","date_gmt":"2014-05-24T22:08:02","guid":{"rendered":"http:\/\/eldigitaldeasturias.com\/magazine365\/?p=13873"},"modified":"2014-05-24T20:08:02","modified_gmt":"2014-05-24T22:08:02","slug":"winter-sleep-del-turco-nuri-bilge-ceylan-palma-de-oro-de-cannes","status":"publish","type":"post","link":"https:\/\/eldigitaldeasturias.com\/magazine365\/winter-sleep-del-turco-nuri-bilge-ceylan-palma-de-oro-de-cannes\/","title":{"rendered":"\u00abWinter Sleep\u00bb, del turco Nuri Bilge Ceylan, Palma de Oro de Cannes"},"content":{"rendered":"<p><img fetchpriority=\"high\" decoding=\"async\" class=\"alignleft size-medium wp-image-13874\" alt=\"cannes\" src=\"https:\/\/eldigitaldeasturias.com\/magazine365\/wp-content\/uploads\/2014\/05\/cannes-360x240.jpg\" width=\"360\" height=\"240\" srcset=\"https:\/\/eldigitaldeasturias.com\/magazine365\/wp-content\/uploads\/2014\/05\/cannes-360x240.jpg 360w, https:\/\/eldigitaldeasturias.com\/magazine365\/wp-content\/uploads\/2014\/05\/cannes-650x434.jpg 650w, https:\/\/eldigitaldeasturias.com\/magazine365\/wp-content\/uploads\/2014\/05\/cannes-768x513.jpg 768w, https:\/\/eldigitaldeasturias.com\/magazine365\/wp-content\/uploads\/2014\/05\/cannes-150x100.jpg 150w, https:\/\/eldigitaldeasturias.com\/magazine365\/wp-content\/uploads\/2014\/05\/cannes-450x300.jpg 450w, https:\/\/eldigitaldeasturias.com\/magazine365\/wp-content\/uploads\/2014\/05\/cannes-696x465.jpg 696w, https:\/\/eldigitaldeasturias.com\/magazine365\/wp-content\/uploads\/2014\/05\/cannes-629x420.jpg 629w, https:\/\/eldigitaldeasturias.com\/magazine365\/wp-content\/uploads\/2014\/05\/cannes-84x55.jpg 84w, https:\/\/eldigitaldeasturias.com\/magazine365\/wp-content\/uploads\/2014\/05\/cannes.jpg 800w\" sizes=\"(max-width: 360px) 100vw, 360px\" \/>Cannes (Francia), 24 may (EFE).- La pel\u00edcula \u00abWinter Sleep\u00bb, del realizador turco Nuri Bilge Ceylan, de 55 a\u00f1os, se hizo hoy con la Palma de Oro de la 67 edici\u00f3n del Festival de Cannes, que le fue entregada por Quentin Tarantino y Uma Thurman.<\/p>\n","protected":false},"excerpt":{"rendered":"<p>Cannes (Francia), 24 may (EFE).- La pel\u00edcula \u00abWinter Sleep\u00bb, del realizador turco Nuri Bilge Ceylan, de 55 a\u00f1os, se hizo hoy con la Palma de Oro de la 67 edici\u00f3n del Festival de Cannes, que le fue entregada por Quentin Tarantino y Uma Thurman.<\/p>\n","protected":false},"author":1,"featured_media":13874,"comment_status":"open","ping_status":"closed","sticky":false,"template":"","format":"standard","meta":{"footnotes":""},"categories":[224],"tags":[],"class_list":{"0":"post-13873","1":"post","2":"type-post","3":"status-publish","4":"format-standard","5":"has-post-thumbnail","7":"category-noticias-actualidad"},"aioseo_notices":[],"aioseo_head":"\n\t\t<!-- All in One SEO Pro 4.9.6.1 - aioseo.com -->\n\t<meta name=\"description\" content=\"Cannes (Francia), 24 may (EFE).- La pel\u00edcula &quot;Winter Sleep&quot;, del realizador turco Nuri Bilge Ceylan, de 55 a\u00f1os, se hizo hoy con la Palma de Oro de la 67 edici\u00f3n del Festival de Cannes, que le fue entregada por Quentin Tarantino y Uma Thurman.\" \/>\n\t<meta name=\"robots\" content=\"max-image-preview:large\" \/>\n\t<meta name=\"author\" content=\"admin\"\/>\n\t<meta name=\"google-site-verification\" content=\"UA-38556648-1\" \/>\n\t<meta name=\"keywords\" content=\"noticias y actualidad\" \/>\n\t<link rel=\"canonical\" href=\"https:\/\/eldigitaldeasturias.com\/magazine365\/winter-sleep-del-turco-nuri-bilge-ceylan-palma-de-oro-de-cannes\/\" \/>\n\t<meta name=\"generator\" content=\"All in One SEO Pro (AIOSEO) 4.9.6.1\" \/>\n\t\t<meta property=\"og:locale\" content=\"es_ES\" \/>\n\t\t<meta property=\"og:site_name\" content=\"El Digital de Asturias \u2013 Revista de ocio, turismo y estilo de vida\" \/>\n\t\t<meta property=\"og:type\" content=\"article\" \/>\n\t\t<meta property=\"og:title\" content=\"\u00abWinter Sleep\u00bb, del turco Nuri Bilge Ceylan, Palma de Oro de Cannes | El Digital de Asturias\" \/>\n\t\t<meta property=\"og:description\" content=\"Cannes (Francia), 24 may (EFE).- La pel\u00edcula &quot;Winter Sleep&quot;, del realizador turco Nuri Bilge Ceylan, de 55 a\u00f1os, se hizo hoy con la Palma de Oro de la 67 edici\u00f3n del Festival de Cannes, que le fue entregada por Quentin Tarantino y Uma Thurman.\" \/>\n\t\t<meta property=\"og:url\" content=\"https:\/\/eldigitaldeasturias.com\/magazine365\/winter-sleep-del-turco-nuri-bilge-ceylan-palma-de-oro-de-cannes\/\" \/>\n\t\t<meta property=\"og:image\" content=\"https:\/\/eldigitaldeasturias.com\/magazine365\/wp-content\/uploads\/2014\/05\/cannes.jpg\" \/>\n\t\t<meta property=\"og:image:secure_url\" content=\"https:\/\/eldigitaldeasturias.com\/magazine365\/wp-content\/uploads\/2014\/05\/cannes.jpg\" \/>\n\t\t<meta property=\"og:image:width\" content=\"800\" \/>\n\t\t<meta property=\"og:image:height\" content=\"534\" \/>\n\t\t<meta property=\"article:published_time\" content=\"2014-05-24T22:08:02+00:00\" \/>\n\t\t<meta property=\"article:modified_time\" content=\"2014-05-24T22:08:02+00:00\" \/>\n\t\t<meta name=\"twitter:card\" content=\"summary_large_image\" \/>\n\t\t<meta name=\"twitter:title\" content=\"\u00abWinter Sleep\u00bb, del turco Nuri Bilge Ceylan, Palma de Oro de Cannes | El Digital de Asturias\" \/>\n\t\t<meta name=\"twitter:description\" content=\"Cannes (Francia), 24 may (EFE).- La pel\u00edcula &quot;Winter Sleep&quot;, del realizador turco Nuri Bilge Ceylan, de 55 a\u00f1os, se hizo hoy con la Palma de Oro de la 67 edici\u00f3n del Festival de Cannes, que le fue entregada por Quentin Tarantino y Uma Thurman.\" \/>\n\t\t<meta name=\"twitter:image\" content=\"https:\/\/eldigitaldeasturias.com\/magazine365\/wp-content\/uploads\/2014\/05\/cannes.jpg\" \/>\n\t\t<script type=\"application\/ld+json\" class=\"aioseo-schema\">\n\t\t\t{\"@context\":\"https:\\\/\\\/schema.org\",\"@graph\":[{\"@type\":\"Article\",\"@id\":\"https:\\\/\\\/eldigitaldeasturias.com\\\/magazine365\\\/winter-sleep-del-turco-nuri-bilge-ceylan-palma-de-oro-de-cannes\\\/#article\",\"name\":\"\\u00abWinter Sleep\\u00bb, del turco Nuri Bilge Ceylan, Palma de Oro de Cannes | El Digital de Asturias\",\"headline\":\"\\u00abWinter Sleep\\u00bb, del turco Nuri Bilge Ceylan, Palma de Oro de Cannes\",\"author\":{\"@id\":\"https:\\\/\\\/eldigitaldeasturias.com\\\/magazine365\\\/author\\\/admin\\\/#author\"},\"publisher\":{\"@id\":\"https:\\\/\\\/eldigitaldeasturias.com\\\/magazine365\\\/#organization\"},\"image\":{\"@type\":\"ImageObject\",\"url\":\"https:\\\/\\\/eldigitaldeasturias.com\\\/magazine365\\\/wp-content\\\/uploads\\\/2014\\\/05\\\/cannes.jpg\",\"width\":800,\"height\":534},\"datePublished\":\"2014-05-24T20:08:02+02:00\",\"dateModified\":\"2014-05-24T20:08:02+02:00\",\"inLanguage\":\"es-ES\",\"mainEntityOfPage\":{\"@id\":\"https:\\\/\\\/eldigitaldeasturias.com\\\/magazine365\\\/winter-sleep-del-turco-nuri-bilge-ceylan-palma-de-oro-de-cannes\\\/#webpage\"},\"isPartOf\":{\"@id\":\"https:\\\/\\\/eldigitaldeasturias.com\\\/magazine365\\\/winter-sleep-del-turco-nuri-bilge-ceylan-palma-de-oro-de-cannes\\\/#webpage\"},\"articleSection\":\"Noticias y Actualidad\"},{\"@type\":\"BreadcrumbList\",\"@id\":\"https:\\\/\\\/eldigitaldeasturias.com\\\/magazine365\\\/winter-sleep-del-turco-nuri-bilge-ceylan-palma-de-oro-de-cannes\\\/#breadcrumblist\",\"itemListElement\":[{\"@type\":\"ListItem\",\"@id\":\"https:\\\/\\\/eldigitaldeasturias.com\\\/magazine365#listItem\",\"position\":1,\"name\":\"Home\",\"item\":\"https:\\\/\\\/eldigitaldeasturias.com\\\/magazine365\",\"nextItem\":{\"@type\":\"ListItem\",\"@id\":\"https:\\\/\\\/eldigitaldeasturias.com\\\/magazine365\\\/category\\\/noticias-actualidad\\\/#listItem\",\"name\":\"Noticias y Actualidad\"}},{\"@type\":\"ListItem\",\"@id\":\"https:\\\/\\\/eldigitaldeasturias.com\\\/magazine365\\\/category\\\/noticias-actualidad\\\/#listItem\",\"position\":2,\"name\":\"Noticias y Actualidad\",\"item\":\"https:\\\/\\\/eldigitaldeasturias.com\\\/magazine365\\\/category\\\/noticias-actualidad\\\/\",\"nextItem\":{\"@type\":\"ListItem\",\"@id\":\"https:\\\/\\\/eldigitaldeasturias.com\\\/magazine365\\\/winter-sleep-del-turco-nuri-bilge-ceylan-palma-de-oro-de-cannes\\\/#listItem\",\"name\":\"\\u00abWinter Sleep\\u00bb, del turco Nuri Bilge Ceylan, Palma de Oro de Cannes\"},\"previousItem\":{\"@type\":\"ListItem\",\"@id\":\"https:\\\/\\\/eldigitaldeasturias.com\\\/magazine365#listItem\",\"name\":\"Home\"}},{\"@type\":\"ListItem\",\"@id\":\"https:\\\/\\\/eldigitaldeasturias.com\\\/magazine365\\\/winter-sleep-del-turco-nuri-bilge-ceylan-palma-de-oro-de-cannes\\\/#listItem\",\"position\":3,\"name\":\"\\u00abWinter Sleep\\u00bb, del turco Nuri Bilge Ceylan, Palma de Oro de Cannes\",\"previousItem\":{\"@type\":\"ListItem\",\"@id\":\"https:\\\/\\\/eldigitaldeasturias.com\\\/magazine365\\\/category\\\/noticias-actualidad\\\/#listItem\",\"name\":\"Noticias y Actualidad\"}}]},{\"@type\":\"Organization\",\"@id\":\"https:\\\/\\\/eldigitaldeasturias.com\\\/magazine365\\\/#organization\",\"name\":\"El digital de Asturias\",\"description\":\"Revista de ocio, turismo y estilo de vida\",\"url\":\"https:\\\/\\\/eldigitaldeasturias.com\\\/magazine365\\\/\",\"logo\":{\"@type\":\"ImageObject\",\"url\":\"https:\\\/\\\/www.eldigitaldeasturias.com\\\/noticias\\\/wp-content\\\/uploads\\\/2020\\\/12\\\/EDA.jpg\",\"@id\":\"https:\\\/\\\/eldigitaldeasturias.com\\\/magazine365\\\/winter-sleep-del-turco-nuri-bilge-ceylan-palma-de-oro-de-cannes\\\/#organizationLogo\"},\"image\":{\"@id\":\"https:\\\/\\\/eldigitaldeasturias.com\\\/magazine365\\\/winter-sleep-del-turco-nuri-bilge-ceylan-palma-de-oro-de-cannes\\\/#organizationLogo\"}},{\"@type\":\"Person\",\"@id\":\"https:\\\/\\\/eldigitaldeasturias.com\\\/magazine365\\\/author\\\/admin\\\/#author\",\"url\":\"https:\\\/\\\/eldigitaldeasturias.com\\\/magazine365\\\/author\\\/admin\\\/\",\"name\":\"admin\",\"image\":{\"@type\":\"ImageObject\",\"@id\":\"https:\\\/\\\/eldigitaldeasturias.com\\\/magazine365\\\/winter-sleep-del-turco-nuri-bilge-ceylan-palma-de-oro-de-cannes\\\/#authorImage\",\"url\":\"https:\\\/\\\/eldigitaldeasturias.com\\\/magazine365\\\/wp-content\\\/litespeed\\\/avatar\\\/e571bcf59a0edd6fa6838245a470f2fe.jpg?ver=1776969259\",\"width\":96,\"height\":96,\"caption\":\"admin\"}},{\"@type\":\"WebPage\",\"@id\":\"https:\\\/\\\/eldigitaldeasturias.com\\\/magazine365\\\/winter-sleep-del-turco-nuri-bilge-ceylan-palma-de-oro-de-cannes\\\/#webpage\",\"url\":\"https:\\\/\\\/eldigitaldeasturias.com\\\/magazine365\\\/winter-sleep-del-turco-nuri-bilge-ceylan-palma-de-oro-de-cannes\\\/\",\"name\":\"\\u00abWinter Sleep\\u00bb, del turco Nuri Bilge Ceylan, Palma de Oro de Cannes | El Digital de Asturias\",\"description\":\"Cannes (Francia), 24 may (EFE).- La pel\\u00edcula \\\"Winter Sleep\\\", del realizador turco Nuri Bilge Ceylan, de 55 a\\u00f1os, se hizo hoy con la Palma de Oro de la 67 edici\\u00f3n del Festival de Cannes, que le fue entregada por Quentin Tarantino y Uma Thurman.\",\"inLanguage\":\"es-ES\",\"isPartOf\":{\"@id\":\"https:\\\/\\\/eldigitaldeasturias.com\\\/magazine365\\\/#website\"},\"breadcrumb\":{\"@id\":\"https:\\\/\\\/eldigitaldeasturias.com\\\/magazine365\\\/winter-sleep-del-turco-nuri-bilge-ceylan-palma-de-oro-de-cannes\\\/#breadcrumblist\"},\"author\":{\"@id\":\"https:\\\/\\\/eldigitaldeasturias.com\\\/magazine365\\\/author\\\/admin\\\/#author\"},\"creator\":{\"@id\":\"https:\\\/\\\/eldigitaldeasturias.com\\\/magazine365\\\/author\\\/admin\\\/#author\"},\"image\":{\"@type\":\"ImageObject\",\"url\":\"https:\\\/\\\/eldigitaldeasturias.com\\\/magazine365\\\/wp-content\\\/uploads\\\/2014\\\/05\\\/cannes.jpg\",\"@id\":\"https:\\\/\\\/eldigitaldeasturias.com\\\/magazine365\\\/winter-sleep-del-turco-nuri-bilge-ceylan-palma-de-oro-de-cannes\\\/#mainImage\",\"width\":800,\"height\":534},\"primaryImageOfPage\":{\"@id\":\"https:\\\/\\\/eldigitaldeasturias.com\\\/magazine365\\\/winter-sleep-del-turco-nuri-bilge-ceylan-palma-de-oro-de-cannes\\\/#mainImage\"},\"datePublished\":\"2014-05-24T20:08:02+02:00\",\"dateModified\":\"2014-05-24T20:08:02+02:00\"},{\"@type\":\"WebSite\",\"@id\":\"https:\\\/\\\/eldigitaldeasturias.com\\\/magazine365\\\/#website\",\"url\":\"https:\\\/\\\/eldigitaldeasturias.com\\\/magazine365\\\/\",\"name\":\"El Digital de Asturias\",\"description\":\"Revista de ocio, turismo y estilo de vida\",\"inLanguage\":\"es-ES\",\"publisher\":{\"@id\":\"https:\\\/\\\/eldigitaldeasturias.com\\\/magazine365\\\/#organization\"}}]}\n\t\t<\/script>\n\t\t<!-- All in One SEO Pro -->\r\n\t\t<title>\u00abWinter Sleep\u00bb, del turco Nuri Bilge Ceylan, Palma de Oro de Cannes | El Digital de Asturias<\/title>\n\n","aioseo_head_json":{"title":"\u00abWinter Sleep\u00bb, del turco Nuri Bilge Ceylan, Palma de Oro de Cannes | El Digital de Asturias","description":"Cannes (Francia), 24 may (EFE).- La pel\u00edcula \"Winter Sleep\", del realizador turco Nuri Bilge Ceylan, de 55 a\u00f1os, se hizo hoy con la Palma de Oro de la 67 edici\u00f3n del Festival de Cannes, que le fue entregada por Quentin Tarantino y Uma Thurman.","canonical_url":"https:\/\/eldigitaldeasturias.com\/magazine365\/winter-sleep-del-turco-nuri-bilge-ceylan-palma-de-oro-de-cannes\/","robots":"max-image-preview:large","keywords":"noticias y actualidad","webmasterTools":{"google-site-verification":"UA-38556648-1","miscellaneous":""},"schema":{"@context":"https:\/\/schema.org","@graph":[{"@type":"Article","@id":"https:\/\/eldigitaldeasturias.com\/magazine365\/winter-sleep-del-turco-nuri-bilge-ceylan-palma-de-oro-de-cannes\/#article","name":"\u00abWinter Sleep\u00bb, del turco Nuri Bilge Ceylan, Palma de Oro de Cannes | El Digital de Asturias","headline":"\u00abWinter Sleep\u00bb, del turco Nuri Bilge Ceylan, Palma de Oro de Cannes","author":{"@id":"https:\/\/eldigitaldeasturias.com\/magazine365\/author\/admin\/#author"},"publisher":{"@id":"https:\/\/eldigitaldeasturias.com\/magazine365\/#organization"},"image":{"@type":"ImageObject","url":"https:\/\/eldigitaldeasturias.com\/magazine365\/wp-content\/uploads\/2014\/05\/cannes.jpg","width":800,"height":534},"datePublished":"2014-05-24T20:08:02+02:00","dateModified":"2014-05-24T20:08:02+02:00","inLanguage":"es-ES","mainEntityOfPage":{"@id":"https:\/\/eldigitaldeasturias.com\/magazine365\/winter-sleep-del-turco-nuri-bilge-ceylan-palma-de-oro-de-cannes\/#webpage"},"isPartOf":{"@id":"https:\/\/eldigitaldeasturias.com\/magazine365\/winter-sleep-del-turco-nuri-bilge-ceylan-palma-de-oro-de-cannes\/#webpage"},"articleSection":"Noticias y Actualidad"},{"@type":"BreadcrumbList","@id":"https:\/\/eldigitaldeasturias.com\/magazine365\/winter-sleep-del-turco-nuri-bilge-ceylan-palma-de-oro-de-cannes\/#breadcrumblist","itemListElement":[{"@type":"ListItem","@id":"https:\/\/eldigitaldeasturias.com\/magazine365#listItem","position":1,"name":"Home","item":"https:\/\/eldigitaldeasturias.com\/magazine365","nextItem":{"@type":"ListItem","@id":"https:\/\/eldigitaldeasturias.com\/magazine365\/category\/noticias-actualidad\/#listItem","name":"Noticias y Actualidad"}},{"@type":"ListItem","@id":"https:\/\/eldigitaldeasturias.com\/magazine365\/category\/noticias-actualidad\/#listItem","position":2,"name":"Noticias y Actualidad","item":"https:\/\/eldigitaldeasturias.com\/magazine365\/category\/noticias-actualidad\/","nextItem":{"@type":"ListItem","@id":"https:\/\/eldigitaldeasturias.com\/magazine365\/winter-sleep-del-turco-nuri-bilge-ceylan-palma-de-oro-de-cannes\/#listItem","name":"\u00abWinter Sleep\u00bb, del turco Nuri Bilge Ceylan, Palma de Oro de Cannes"},"previousItem":{"@type":"ListItem","@id":"https:\/\/eldigitaldeasturias.com\/magazine365#listItem","name":"Home"}},{"@type":"ListItem","@id":"https:\/\/eldigitaldeasturias.com\/magazine365\/winter-sleep-del-turco-nuri-bilge-ceylan-palma-de-oro-de-cannes\/#listItem","position":3,"name":"\u00abWinter Sleep\u00bb, del turco Nuri Bilge Ceylan, Palma de Oro de Cannes","previousItem":{"@type":"ListItem","@id":"https:\/\/eldigitaldeasturias.com\/magazine365\/category\/noticias-actualidad\/#listItem","name":"Noticias y Actualidad"}}]},{"@type":"Organization","@id":"https:\/\/eldigitaldeasturias.com\/magazine365\/#organization","name":"El digital de Asturias","description":"Revista de ocio, turismo y estilo de vida","url":"https:\/\/eldigitaldeasturias.com\/magazine365\/","logo":{"@type":"ImageObject","url":"https:\/\/www.eldigitaldeasturias.com\/noticias\/wp-content\/uploads\/2020\/12\/EDA.jpg","@id":"https:\/\/eldigitaldeasturias.com\/magazine365\/winter-sleep-del-turco-nuri-bilge-ceylan-palma-de-oro-de-cannes\/#organizationLogo"},"image":{"@id":"https:\/\/eldigitaldeasturias.com\/magazine365\/winter-sleep-del-turco-nuri-bilge-ceylan-palma-de-oro-de-cannes\/#organizationLogo"}},{"@type":"Person","@id":"https:\/\/eldigitaldeasturias.com\/magazine365\/author\/admin\/#author","url":"https:\/\/eldigitaldeasturias.com\/magazine365\/author\/admin\/","name":"admin","image":{"@type":"ImageObject","@id":"https:\/\/eldigitaldeasturias.com\/magazine365\/winter-sleep-del-turco-nuri-bilge-ceylan-palma-de-oro-de-cannes\/#authorImage","url":"https:\/\/eldigitaldeasturias.com\/magazine365\/wp-content\/litespeed\/avatar\/e571bcf59a0edd6fa6838245a470f2fe.jpg?ver=1776969259","width":96,"height":96,"caption":"admin"}},{"@type":"WebPage","@id":"https:\/\/eldigitaldeasturias.com\/magazine365\/winter-sleep-del-turco-nuri-bilge-ceylan-palma-de-oro-de-cannes\/#webpage","url":"https:\/\/eldigitaldeasturias.com\/magazine365\/winter-sleep-del-turco-nuri-bilge-ceylan-palma-de-oro-de-cannes\/","name":"\u00abWinter Sleep\u00bb, del turco Nuri Bilge Ceylan, Palma de Oro de Cannes | El Digital de Asturias","description":"Cannes (Francia), 24 may (EFE).- La pel\u00edcula \"Winter Sleep\", del realizador turco Nuri Bilge Ceylan, de 55 a\u00f1os, se hizo hoy con la Palma de Oro de la 67 edici\u00f3n del Festival de Cannes, que le fue entregada por Quentin Tarantino y Uma Thurman.","inLanguage":"es-ES","isPartOf":{"@id":"https:\/\/eldigitaldeasturias.com\/magazine365\/#website"},"breadcrumb":{"@id":"https:\/\/eldigitaldeasturias.com\/magazine365\/winter-sleep-del-turco-nuri-bilge-ceylan-palma-de-oro-de-cannes\/#breadcrumblist"},"author":{"@id":"https:\/\/eldigitaldeasturias.com\/magazine365\/author\/admin\/#author"},"creator":{"@id":"https:\/\/eldigitaldeasturias.com\/magazine365\/author\/admin\/#author"},"image":{"@type":"ImageObject","url":"https:\/\/eldigitaldeasturias.com\/magazine365\/wp-content\/uploads\/2014\/05\/cannes.jpg","@id":"https:\/\/eldigitaldeasturias.com\/magazine365\/winter-sleep-del-turco-nuri-bilge-ceylan-palma-de-oro-de-cannes\/#mainImage","width":800,"height":534},"primaryImageOfPage":{"@id":"https:\/\/eldigitaldeasturias.com\/magazine365\/winter-sleep-del-turco-nuri-bilge-ceylan-palma-de-oro-de-cannes\/#mainImage"},"datePublished":"2014-05-24T20:08:02+02:00","dateModified":"2014-05-24T20:08:02+02:00"},{"@type":"WebSite","@id":"https:\/\/eldigitaldeasturias.com\/magazine365\/#website","url":"https:\/\/eldigitaldeasturias.com\/magazine365\/","name":"El Digital de Asturias","description":"Revista de ocio, turismo y estilo de vida","inLanguage":"es-ES","publisher":{"@id":"https:\/\/eldigitaldeasturias.com\/magazine365\/#organization"}}]},"og:locale":"es_ES","og:site_name":"El Digital de Asturias \u2013 Revista de ocio, turismo y estilo de vida","og:type":"article","og:title":"\u00abWinter Sleep\u00bb, del turco Nuri Bilge Ceylan, Palma de Oro de Cannes | El Digital de Asturias","og:description":"Cannes (Francia), 24 may (EFE).- La pel\u00edcula &quot;Winter Sleep&quot;, del realizador turco Nuri Bilge Ceylan, de 55 a\u00f1os, se hizo hoy con la Palma de Oro de la 67 edici\u00f3n del Festival de Cannes, que le fue entregada por Quentin Tarantino y Uma Thurman.","og:url":"https:\/\/eldigitaldeasturias.com\/magazine365\/winter-sleep-del-turco-nuri-bilge-ceylan-palma-de-oro-de-cannes\/","og:image":"https:\/\/eldigitaldeasturias.com\/magazine365\/wp-content\/uploads\/2014\/05\/cannes.jpg","og:image:secure_url":"https:\/\/eldigitaldeasturias.com\/magazine365\/wp-content\/uploads\/2014\/05\/cannes.jpg","og:image:width":800,"og:image:height":534,"article:published_time":"2014-05-24T22:08:02+00:00","article:modified_time":"2014-05-24T22:08:02+00:00","twitter:card":"summary_large_image","twitter:title":"\u00abWinter Sleep\u00bb, del turco Nuri Bilge Ceylan, Palma de Oro de Cannes | El Digital de Asturias","twitter:description":"Cannes (Francia), 24 may (EFE).- La pel\u00edcula &quot;Winter Sleep&quot;, del realizador turco Nuri Bilge Ceylan, de 55 a\u00f1os, se hizo hoy con la Palma de Oro de la 67 edici\u00f3n del Festival de Cannes, que le fue entregada por Quentin Tarantino y Uma Thurman.","twitter:image":"https:\/\/eldigitaldeasturias.com\/magazine365\/wp-content\/uploads\/2014\/05\/cannes.jpg"},"aioseo_meta_data":{"post_id":"13873","title":null,"description":null,"keywords":null,"keyphrases":null,"primary_term":null,"canonical_url":null,"og_title":null,"og_description":null,"og_object_type":"default","og_image_type":"default","og_image_url":null,"og_image_width":null,"og_image_height":null,"og_image_custom_url":null,"og_image_custom_fields":null,"og_video":null,"og_custom_url":null,"og_article_section":null,"og_article_tags":null,"twitter_use_og":false,"twitter_card":"default","twitter_image_type":"default","twitter_image_url":null,"twitter_image_custom_url":null,"twitter_image_custom_fields":null,"twitter_title":null,"twitter_description":null,"schema":{"blockGraphs":[],"customGraphs":[],"default":{"data":{"Article":[],"Course":[],"Dataset":[],"FAQPage":[],"Movie":[],"Person":[],"Product":[],"ProductReview":[],"Car":[],"Recipe":[],"Service":[],"SoftwareApplication":[],"WebPage":[]},"graphName":"","isEnabled":true},"graphs":[],"defaultGraph":"","defaultPostTypeGraph":""},"schema_type":null,"schema_type_options":null,"pillar_content":false,"robots_default":true,"robots_noindex":false,"robots_noarchive":false,"robots_nosnippet":false,"robots_nofollow":false,"robots_noimageindex":false,"robots_noodp":false,"robots_notranslate":false,"robots_max_snippet":null,"robots_max_videopreview":null,"robots_max_imagepreview":"large","priority":null,"frequency":null,"location":null,"local_seo":null,"seo_analyzer_scan_date":"2025-09-17 09:07:54","breadcrumb_settings":null,"limit_modified_date":false,"open_ai":null,"ai":null,"created":"2021-03-09 08:22:47","updated":"2025-09-17 09:07:54"},"aioseo_breadcrumb":"<div class=\"aioseo-breadcrumbs\"><span class=\"aioseo-breadcrumb\">\n\t<a href=\"https:\/\/eldigitaldeasturias.com\/magazine365\" title=\"Home\">Home<\/a>\n<\/span><span class=\"aioseo-breadcrumb-separator\">\u2013<\/span><span class=\"aioseo-breadcrumb\">\n\t<a href=\"https:\/\/eldigitaldeasturias.com\/magazine365\/category\/noticias-actualidad\/\" title=\"Noticias y Actualidad\">Noticias y Actualidad<\/a>\n<\/span><span class=\"aioseo-breadcrumb-separator\">\u2013<\/span><span class=\"aioseo-breadcrumb\">\n\t<a href=\"https:\/\/eldigitaldeasturias.com\/magazine365\/winter-sleep-del-turco-nuri-bilge-ceylan-palma-de-oro-de-cannes\/\" title=\"\u00abWinter Sleep\u00bb, del turco Nuri Bilge Ceylan, Palma de Oro de Cannes\">\u00abWinter Sleep\u00bb, del turco Nuri Bilge Ceylan, Palma de Oro de Cannes<\/a>\n<\/span><\/div>","aioseo_breadcrumb_json":[{"label":"Home","link":"https:\/\/eldigitaldeasturias.com\/magazine365"},{"label":"Noticias y Actualidad","link":"https:\/\/eldigitaldeasturias.com\/magazine365\/category\/noticias-actualidad\/"},{"label":"\u00abWinter Sleep\u00bb, del turco Nuri Bilge Ceylan, Palma de Oro de Cannes","link":"https:\/\/eldigitaldeasturias.com\/magazine365\/winter-sleep-del-turco-nuri-bilge-ceylan-palma-de-oro-de-cannes\/"}],"_links":{"self":[{"href":"https:\/\/eldigitaldeasturias.com\/magazine365\/wp-json\/wp\/v2\/posts\/13873","targetHints":{"allow":["GET"]}}],"collection":[{"href":"https:\/\/eldigitaldeasturias.com\/magazine365\/wp-json\/wp\/v2\/posts"}],"about":[{"href":"https:\/\/eldigitaldeasturias.com\/magazine365\/wp-json\/wp\/v2\/types\/post"}],"author":[{"embeddable":true,"href":"https:\/\/eldigitaldeasturias.com\/magazine365\/wp-json\/wp\/v2\/users\/1"}],"replies":[{"embeddable":true,"href":"https:\/\/eldigitaldeasturias.com\/magazine365\/wp-json\/wp\/v2\/comments?post=13873"}],"version-history":[{"count":0,"href":"https:\/\/eldigitaldeasturias.com\/magazine365\/wp-json\/wp\/v2\/posts\/13873\/revisions"}],"wp:featuredmedia":[{"embeddable":true,"href":"https:\/\/eldigitaldeasturias.com\/magazine365\/wp-json\/wp\/v2\/media\/13874"}],"wp:attachment":[{"href":"https:\/\/eldigitaldeasturias.com\/magazine365\/wp-json\/wp\/v2\/media?parent=13873"}],"wp:term":[{"taxonomy":"category","embeddable":true,"href":"https:\/\/eldigitaldeasturias.com\/magazine365\/wp-json\/wp\/v2\/categories?post=13873"},{"taxonomy":"post_tag","embeddable":true,"href":"https:\/\/eldigitaldeasturias.com\/magazine365\/wp-json\/wp\/v2\/tags?post=13873"}],"curies":[{"name":"wp","href":"https:\/\/api.w.org\/{rel}","templated":true}]}}