{"id":13861,"date":"2014-05-24T20:02:25","date_gmt":"2014-05-24T22:02:25","guid":{"rendered":"http:\/\/eldigitaldeasturias.com\/magazine365\/?p=13861"},"modified":"2014-05-24T20:02:25","modified_gmt":"2014-05-24T22:02:25","slug":"la-academia-de-cine-renueva-su-confianza-en-gonzalez-macho","status":"publish","type":"post","link":"https:\/\/eldigitaldeasturias.com\/magazine365\/la-academia-de-cine-renueva-su-confianza-en-gonzalez-macho\/","title":{"rendered":"La Academia de Cine renueva su confianza en Gonz\u00e1lez Macho"},"content":{"rendered":"<p><img fetchpriority=\"high\" decoding=\"async\" class=\"alignleft size-medium wp-image-13862\" alt=\"6296746w\" src=\"https:\/\/eldigitaldeasturias.com\/magazine365\/wp-content\/uploads\/2014\/05\/6296746w-360x217.jpg\" width=\"360\" height=\"217\" srcset=\"https:\/\/eldigitaldeasturias.com\/magazine365\/wp-content\/uploads\/2014\/05\/6296746w-360x217.jpg 360w, https:\/\/eldigitaldeasturias.com\/magazine365\/wp-content\/uploads\/2014\/05\/6296746w-650x392.jpg 650w, https:\/\/eldigitaldeasturias.com\/magazine365\/wp-content\/uploads\/2014\/05\/6296746w-768x464.jpg 768w, https:\/\/eldigitaldeasturias.com\/magazine365\/wp-content\/uploads\/2014\/05\/6296746w-150x91.jpg 150w, https:\/\/eldigitaldeasturias.com\/magazine365\/wp-content\/uploads\/2014\/05\/6296746w-450x272.jpg 450w, https:\/\/eldigitaldeasturias.com\/magazine365\/wp-content\/uploads\/2014\/05\/6296746w-696x420.jpg 696w, https:\/\/eldigitaldeasturias.com\/magazine365\/wp-content\/uploads\/2014\/05\/6296746w.jpg 800w\" sizes=\"(max-width: 360px) 100vw, 360px\" \/>Madrid, 24 may (EFE).- La Academia de Cine ha apostado hoy por la continuidad con la reelecci\u00f3n del empresario cinematogr\u00e1fico Enrique Gonz\u00e1lez Macho (Santander, 1947) como presidente de la instituci\u00f3n para los pr\u00f3ximos tres a\u00f1os, frente a su rival, la productora Piluca Baquero.<\/p>\n<p>Gonz\u00e1lez Macho, con 290 votos, ha obtenido casi el triple que Baquero, con 110. Adem\u00e1s, ha habido 22 votos en blanco y uno nulo. La Academia la componen 1.200 personas del gremio, pero no todas tienen derecho a voto -al no estar al corriente en los pagos de las cuotas- y el censo real de votantes no es p\u00fablico.<\/p>\n<p>Al fundador de Alta Films y de los Cines Renoir le acompa\u00f1aban en la terna el actor Antonio Resines, que ser\u00e1 el vicepresidente primero y la directora y guionista Judith Colell que repetir\u00e1 como vicepresidenta segunda.<\/p>\n<p>El recuento final de votos, realizado ante notario y que incluye el efectuado por correo y el presencial esta ma\u00f1ana en la sede de la Academia, se ha producido en un ambiente de cierta crispaci\u00f3n por la designaci\u00f3n de un nuevo director general en v\u00edsperas de la votaci\u00f3n.<\/p>\n<p>Desde la Academia indican que el nombre de Porfirio Enr\u00edquez, de 71 a\u00f1os, a\u00fan debe ser ratificado por la Junta Directiva y que el momento de su designaci\u00f3n es una mera coincidencia, ya que Emilio A. Pina dej\u00f3 el puesto vacante hace unos meses.<\/p>\n<p>En sus primeras declaraciones a los medios tras el anuncio de su reelecci\u00f3n, Gonz\u00e1lez Macho ha se\u00f1alado que el principal reto que el sector sigue teniendo por delante es la definici\u00f3n del nuevo marco legal del cine.<\/p>\n<p>\u00abEstamos en el aire desde hace ya tres a\u00f1os, ese es el rescoldo m\u00e1s importante que queda, y luego el tema de la pirater\u00eda\u00bb, ha indicado en una rueda de prensa acompa\u00f1ado por Colell.<\/p>\n<p>\u00abPor desgracia las cosas no cambian, pero lo que me gustar\u00eda es poder decir cosas nuevas, que cesara la incertidumbre y que todo el potencial que tiene el cine espa\u00f1ol pudiera aprovecharse\u00bb, ha a\u00f1adido.<\/p>\n<p>La directora de \u00abElisa K\u00bb ha puntualizado que en los \u00faltimos meses tambi\u00e9n ha habido noticias positivas. \u00abPel\u00edculas como &#8216;Ocho apellidos vascos&#8217;, &#8216;Carmina y am\u00e9n&#8217; o &#8216;10.000 kil\u00f3metros&#8217; confirman la buena relaci\u00f3n del cine espa\u00f1ol con el espectador, y eso es important\u00edsimo\u00bb, ha subrayado.<\/p>\n<p>Colell tambi\u00e9n se ha congratulado por la \u00abalta participaci\u00f3n\u00bb, con 423 votantes frente a los 376 de la anterior convocatoria, en la que Gonz\u00e1lez Macho derrot\u00f3 a Bigas Luna por 256 a 101 votos.<\/p>\n<p>\u00abDe lo que se trata ahora es de que trabajemos todos juntos. Es bueno que haya debate y que se mejoren cosas\u00bb, ha indicado.<\/p>\n<p>En los meses previos a la convocatoria de elecciones, Gonz\u00e1lez Macho hab\u00eda asegurado que no ten\u00eda intenci\u00f3n de presentarse a la reelecci\u00f3n. Sin embargo, en el \u00faltimo momento y tras registrarse la candidatura de Baquero, anunci\u00f3 que s\u00ed competir\u00eda por la presidencia.<\/p>\n<p>El tambi\u00e9n creador de la plataforma Filmin tiene una amplia trayectoria en la industria del cine, en la que empez\u00f3 a trabajar con 20 a\u00f1os, y fue uno de los introductores en Espa\u00f1a de las versiones originales subtituladas.<\/p>\n<p>En 1969 mont\u00f3 la productora Alta Films, que con el tiempo fue expandiendo su negocio a la distribuci\u00f3n y la exhibici\u00f3n, principalmente de pel\u00edculas independientes, europeas y espa\u00f1olas, a cuya defensa a dedicado gran parte de su carrera.<\/p>\n<p>Expresidente del Instituto de Cine y Artes Audiovisuales, recibi\u00f3 en 1997 el Premio Nacional de Cinematograf\u00eda y el Europa Cinemas 2006 al mejor empresario, adem\u00e1s del t\u00edtulo de Caballero de las Artes y las Letras de Francia (1998).<\/p>\n<p>Sin embargo, en los \u00faltimos a\u00f1os ha vivido la crisis del sector en carne propia, y el a\u00f1o pasado la actividad de Alta Films qued\u00f3 reducida al m\u00ednimo, con despidos y el cierre de la mayor\u00eda de las salas, de las que lleg\u00f3 a tener m\u00e1s de 200.<\/p>\n<p>Baquero, productora de t\u00edtulos como \u00abLo que s\u00e9 de Lola\u00bb, \u00abEl coche de pedales\u00bb o \u00abLena\u00bb, se ha declarado \u00abfeliz\u00bb con el impacto que ha tenido su campa\u00f1a, basada en las nuevas tecnolog\u00edas, en combatir la imagen negativa del cine espa\u00f1ol y dar un vuelco a la gala de los Goya.<\/p>\n","protected":false},"excerpt":{"rendered":"<p>Madrid, 24 may (EFE).- La Academia de Cine ha apostado hoy por la continuidad con la reelecci\u00f3n del empresario cinematogr\u00e1fico Enrique Gonz\u00e1lez Macho (Santander, 1947) como presidente de la instituci\u00f3n para los pr\u00f3ximos tres a\u00f1os, frente a su rival, la productora Piluca Baquero. Gonz\u00e1lez Macho, con 290 votos, ha obtenido casi el triple que Baquero,<\/p>\n","protected":false},"author":1,"featured_media":13862,"comment_status":"open","ping_status":"closed","sticky":false,"template":"","format":"standard","meta":{"footnotes":""},"categories":[224],"tags":[],"class_list":{"0":"post-13861","1":"post","2":"type-post","3":"status-publish","4":"format-standard","5":"has-post-thumbnail","7":"category-noticias-actualidad"},"aioseo_notices":[],"aioseo_head":"\n\t\t<!-- All in One SEO Pro 4.9.6.1 - aioseo.com -->\n\t<meta name=\"description\" content=\"Madrid, 24 may (EFE).- La Academia de Cine ha apostado hoy por la continuidad con la reelecci\u00f3n del empresario cinematogr\u00e1fico Enrique Gonz\u00e1lez Macho (Santander, 1947) como presidente de la instituci\u00f3n para los pr\u00f3ximos tres a\u00f1os, frente a su rival, la productora Piluca Baquero. Gonz\u00e1lez Macho, con 290 votos, ha obtenido casi el triple que Baquero,\" \/>\n\t<meta name=\"robots\" content=\"max-image-preview:large\" \/>\n\t<meta name=\"author\" content=\"admin\"\/>\n\t<meta name=\"google-site-verification\" content=\"UA-38556648-1\" \/>\n\t<meta name=\"keywords\" content=\"noticias y actualidad\" \/>\n\t<link rel=\"canonical\" href=\"https:\/\/eldigitaldeasturias.com\/magazine365\/la-academia-de-cine-renueva-su-confianza-en-gonzalez-macho\/\" \/>\n\t<meta name=\"generator\" content=\"All in One SEO Pro (AIOSEO) 4.9.6.1\" \/>\n\t\t<meta property=\"og:locale\" content=\"es_ES\" \/>\n\t\t<meta property=\"og:site_name\" content=\"El Digital de Asturias \u2013 Revista de ocio, turismo y estilo de vida\" \/>\n\t\t<meta property=\"og:type\" content=\"article\" \/>\n\t\t<meta property=\"og:title\" content=\"La Academia de Cine renueva su confianza en Gonz\u00e1lez Macho | El Digital de Asturias\" \/>\n\t\t<meta property=\"og:description\" content=\"Madrid, 24 may (EFE).- La Academia de Cine ha apostado hoy por la continuidad con la reelecci\u00f3n del empresario cinematogr\u00e1fico Enrique Gonz\u00e1lez Macho (Santander, 1947) como presidente de la instituci\u00f3n para los pr\u00f3ximos tres a\u00f1os, frente a su rival, la productora Piluca Baquero. Gonz\u00e1lez Macho, con 290 votos, ha obtenido casi el triple que Baquero,\" \/>\n\t\t<meta property=\"og:url\" content=\"https:\/\/eldigitaldeasturias.com\/magazine365\/la-academia-de-cine-renueva-su-confianza-en-gonzalez-macho\/\" \/>\n\t\t<meta property=\"og:image\" content=\"https:\/\/eldigitaldeasturias.com\/magazine365\/wp-content\/uploads\/2014\/05\/6296746w.jpg\" \/>\n\t\t<meta property=\"og:image:secure_url\" content=\"https:\/\/eldigitaldeasturias.com\/magazine365\/wp-content\/uploads\/2014\/05\/6296746w.jpg\" \/>\n\t\t<meta property=\"og:image:width\" content=\"800\" \/>\n\t\t<meta property=\"og:image:height\" content=\"483\" \/>\n\t\t<meta property=\"article:published_time\" content=\"2014-05-24T22:02:25+00:00\" \/>\n\t\t<meta property=\"article:modified_time\" content=\"2014-05-24T22:02:25+00:00\" \/>\n\t\t<meta name=\"twitter:card\" content=\"summary_large_image\" \/>\n\t\t<meta name=\"twitter:title\" content=\"La Academia de Cine renueva su confianza en Gonz\u00e1lez Macho | El Digital de Asturias\" \/>\n\t\t<meta name=\"twitter:description\" content=\"Madrid, 24 may (EFE).- La Academia de Cine ha apostado hoy por la continuidad con la reelecci\u00f3n del empresario cinematogr\u00e1fico Enrique Gonz\u00e1lez Macho (Santander, 1947) como presidente de la instituci\u00f3n para los pr\u00f3ximos tres a\u00f1os, frente a su rival, la productora Piluca Baquero. Gonz\u00e1lez Macho, con 290 votos, ha obtenido casi el triple que Baquero,\" \/>\n\t\t<meta name=\"twitter:image\" content=\"https:\/\/eldigitaldeasturias.com\/magazine365\/wp-content\/uploads\/2014\/05\/6296746w.jpg\" \/>\n\t\t<script type=\"application\/ld+json\" class=\"aioseo-schema\">\n\t\t\t{\"@context\":\"https:\\\/\\\/schema.org\",\"@graph\":[{\"@type\":\"Article\",\"@id\":\"https:\\\/\\\/eldigitaldeasturias.com\\\/magazine365\\\/la-academia-de-cine-renueva-su-confianza-en-gonzalez-macho\\\/#article\",\"name\":\"La Academia de Cine renueva su confianza en Gonz\\u00e1lez Macho | El Digital de Asturias\",\"headline\":\"La Academia de Cine renueva su confianza en Gonz\\u00e1lez Macho\",\"author\":{\"@id\":\"https:\\\/\\\/eldigitaldeasturias.com\\\/magazine365\\\/author\\\/admin\\\/#author\"},\"publisher\":{\"@id\":\"https:\\\/\\\/eldigitaldeasturias.com\\\/magazine365\\\/#organization\"},\"image\":{\"@type\":\"ImageObject\",\"url\":\"https:\\\/\\\/eldigitaldeasturias.com\\\/magazine365\\\/wp-content\\\/uploads\\\/2014\\\/05\\\/6296746w.jpg\",\"width\":800,\"height\":483},\"datePublished\":\"2014-05-24T20:02:25+02:00\",\"dateModified\":\"2014-05-24T20:02:25+02:00\",\"inLanguage\":\"es-ES\",\"mainEntityOfPage\":{\"@id\":\"https:\\\/\\\/eldigitaldeasturias.com\\\/magazine365\\\/la-academia-de-cine-renueva-su-confianza-en-gonzalez-macho\\\/#webpage\"},\"isPartOf\":{\"@id\":\"https:\\\/\\\/eldigitaldeasturias.com\\\/magazine365\\\/la-academia-de-cine-renueva-su-confianza-en-gonzalez-macho\\\/#webpage\"},\"articleSection\":\"Noticias y Actualidad\"},{\"@type\":\"BreadcrumbList\",\"@id\":\"https:\\\/\\\/eldigitaldeasturias.com\\\/magazine365\\\/la-academia-de-cine-renueva-su-confianza-en-gonzalez-macho\\\/#breadcrumblist\",\"itemListElement\":[{\"@type\":\"ListItem\",\"@id\":\"https:\\\/\\\/eldigitaldeasturias.com\\\/magazine365#listItem\",\"position\":1,\"name\":\"Home\",\"item\":\"https:\\\/\\\/eldigitaldeasturias.com\\\/magazine365\",\"nextItem\":{\"@type\":\"ListItem\",\"@id\":\"https:\\\/\\\/eldigitaldeasturias.com\\\/magazine365\\\/category\\\/noticias-actualidad\\\/#listItem\",\"name\":\"Noticias y Actualidad\"}},{\"@type\":\"ListItem\",\"@id\":\"https:\\\/\\\/eldigitaldeasturias.com\\\/magazine365\\\/category\\\/noticias-actualidad\\\/#listItem\",\"position\":2,\"name\":\"Noticias y Actualidad\",\"item\":\"https:\\\/\\\/eldigitaldeasturias.com\\\/magazine365\\\/category\\\/noticias-actualidad\\\/\",\"nextItem\":{\"@type\":\"ListItem\",\"@id\":\"https:\\\/\\\/eldigitaldeasturias.com\\\/magazine365\\\/la-academia-de-cine-renueva-su-confianza-en-gonzalez-macho\\\/#listItem\",\"name\":\"La Academia de Cine renueva su confianza en Gonz\\u00e1lez Macho\"},\"previousItem\":{\"@type\":\"ListItem\",\"@id\":\"https:\\\/\\\/eldigitaldeasturias.com\\\/magazine365#listItem\",\"name\":\"Home\"}},{\"@type\":\"ListItem\",\"@id\":\"https:\\\/\\\/eldigitaldeasturias.com\\\/magazine365\\\/la-academia-de-cine-renueva-su-confianza-en-gonzalez-macho\\\/#listItem\",\"position\":3,\"name\":\"La Academia de Cine renueva su confianza en Gonz\\u00e1lez Macho\",\"previousItem\":{\"@type\":\"ListItem\",\"@id\":\"https:\\\/\\\/eldigitaldeasturias.com\\\/magazine365\\\/category\\\/noticias-actualidad\\\/#listItem\",\"name\":\"Noticias y Actualidad\"}}]},{\"@type\":\"Organization\",\"@id\":\"https:\\\/\\\/eldigitaldeasturias.com\\\/magazine365\\\/#organization\",\"name\":\"El digital de Asturias\",\"description\":\"Revista de ocio, turismo y estilo de vida\",\"url\":\"https:\\\/\\\/eldigitaldeasturias.com\\\/magazine365\\\/\",\"logo\":{\"@type\":\"ImageObject\",\"url\":\"https:\\\/\\\/www.eldigitaldeasturias.com\\\/noticias\\\/wp-content\\\/uploads\\\/2020\\\/12\\\/EDA.jpg\",\"@id\":\"https:\\\/\\\/eldigitaldeasturias.com\\\/magazine365\\\/la-academia-de-cine-renueva-su-confianza-en-gonzalez-macho\\\/#organizationLogo\"},\"image\":{\"@id\":\"https:\\\/\\\/eldigitaldeasturias.com\\\/magazine365\\\/la-academia-de-cine-renueva-su-confianza-en-gonzalez-macho\\\/#organizationLogo\"}},{\"@type\":\"Person\",\"@id\":\"https:\\\/\\\/eldigitaldeasturias.com\\\/magazine365\\\/author\\\/admin\\\/#author\",\"url\":\"https:\\\/\\\/eldigitaldeasturias.com\\\/magazine365\\\/author\\\/admin\\\/\",\"name\":\"admin\",\"image\":{\"@type\":\"ImageObject\",\"@id\":\"https:\\\/\\\/eldigitaldeasturias.com\\\/magazine365\\\/la-academia-de-cine-renueva-su-confianza-en-gonzalez-macho\\\/#authorImage\",\"url\":\"https:\\\/\\\/eldigitaldeasturias.com\\\/magazine365\\\/wp-content\\\/litespeed\\\/avatar\\\/e571bcf59a0edd6fa6838245a470f2fe.jpg?ver=1776969259\",\"width\":96,\"height\":96,\"caption\":\"admin\"}},{\"@type\":\"WebPage\",\"@id\":\"https:\\\/\\\/eldigitaldeasturias.com\\\/magazine365\\\/la-academia-de-cine-renueva-su-confianza-en-gonzalez-macho\\\/#webpage\",\"url\":\"https:\\\/\\\/eldigitaldeasturias.com\\\/magazine365\\\/la-academia-de-cine-renueva-su-confianza-en-gonzalez-macho\\\/\",\"name\":\"La Academia de Cine renueva su confianza en Gonz\\u00e1lez Macho | El Digital de Asturias\",\"description\":\"Madrid, 24 may (EFE).- La Academia de Cine ha apostado hoy por la continuidad con la reelecci\\u00f3n del empresario cinematogr\\u00e1fico Enrique Gonz\\u00e1lez Macho (Santander, 1947) como presidente de la instituci\\u00f3n para los pr\\u00f3ximos tres a\\u00f1os, frente a su rival, la productora Piluca Baquero. Gonz\\u00e1lez Macho, con 290 votos, ha obtenido casi el triple que Baquero,\",\"inLanguage\":\"es-ES\",\"isPartOf\":{\"@id\":\"https:\\\/\\\/eldigitaldeasturias.com\\\/magazine365\\\/#website\"},\"breadcrumb\":{\"@id\":\"https:\\\/\\\/eldigitaldeasturias.com\\\/magazine365\\\/la-academia-de-cine-renueva-su-confianza-en-gonzalez-macho\\\/#breadcrumblist\"},\"author\":{\"@id\":\"https:\\\/\\\/eldigitaldeasturias.com\\\/magazine365\\\/author\\\/admin\\\/#author\"},\"creator\":{\"@id\":\"https:\\\/\\\/eldigitaldeasturias.com\\\/magazine365\\\/author\\\/admin\\\/#author\"},\"image\":{\"@type\":\"ImageObject\",\"url\":\"https:\\\/\\\/eldigitaldeasturias.com\\\/magazine365\\\/wp-content\\\/uploads\\\/2014\\\/05\\\/6296746w.jpg\",\"@id\":\"https:\\\/\\\/eldigitaldeasturias.com\\\/magazine365\\\/la-academia-de-cine-renueva-su-confianza-en-gonzalez-macho\\\/#mainImage\",\"width\":800,\"height\":483},\"primaryImageOfPage\":{\"@id\":\"https:\\\/\\\/eldigitaldeasturias.com\\\/magazine365\\\/la-academia-de-cine-renueva-su-confianza-en-gonzalez-macho\\\/#mainImage\"},\"datePublished\":\"2014-05-24T20:02:25+02:00\",\"dateModified\":\"2014-05-24T20:02:25+02:00\"},{\"@type\":\"WebSite\",\"@id\":\"https:\\\/\\\/eldigitaldeasturias.com\\\/magazine365\\\/#website\",\"url\":\"https:\\\/\\\/eldigitaldeasturias.com\\\/magazine365\\\/\",\"name\":\"El Digital de Asturias\",\"description\":\"Revista de ocio, turismo y estilo de vida\",\"inLanguage\":\"es-ES\",\"publisher\":{\"@id\":\"https:\\\/\\\/eldigitaldeasturias.com\\\/magazine365\\\/#organization\"}}]}\n\t\t<\/script>\n\t\t<!-- All in One SEO Pro -->\r\n\t\t<title>La Academia de Cine renueva su confianza en Gonz\u00e1lez Macho | El Digital de Asturias<\/title>\n\n","aioseo_head_json":{"title":"La Academia de Cine renueva su confianza en Gonz\u00e1lez Macho | El Digital de Asturias","description":"Madrid, 24 may (EFE).- La Academia de Cine ha apostado hoy por la continuidad con la reelecci\u00f3n del empresario cinematogr\u00e1fico Enrique Gonz\u00e1lez Macho (Santander, 1947) como presidente de la instituci\u00f3n para los pr\u00f3ximos tres a\u00f1os, frente a su rival, la productora Piluca Baquero. Gonz\u00e1lez Macho, con 290 votos, ha obtenido casi el triple que Baquero,","canonical_url":"https:\/\/eldigitaldeasturias.com\/magazine365\/la-academia-de-cine-renueva-su-confianza-en-gonzalez-macho\/","robots":"max-image-preview:large","keywords":"noticias y actualidad","webmasterTools":{"google-site-verification":"UA-38556648-1","miscellaneous":""},"schema":{"@context":"https:\/\/schema.org","@graph":[{"@type":"Article","@id":"https:\/\/eldigitaldeasturias.com\/magazine365\/la-academia-de-cine-renueva-su-confianza-en-gonzalez-macho\/#article","name":"La Academia de Cine renueva su confianza en Gonz\u00e1lez Macho | El Digital de Asturias","headline":"La Academia de Cine renueva su confianza en Gonz\u00e1lez Macho","author":{"@id":"https:\/\/eldigitaldeasturias.com\/magazine365\/author\/admin\/#author"},"publisher":{"@id":"https:\/\/eldigitaldeasturias.com\/magazine365\/#organization"},"image":{"@type":"ImageObject","url":"https:\/\/eldigitaldeasturias.com\/magazine365\/wp-content\/uploads\/2014\/05\/6296746w.jpg","width":800,"height":483},"datePublished":"2014-05-24T20:02:25+02:00","dateModified":"2014-05-24T20:02:25+02:00","inLanguage":"es-ES","mainEntityOfPage":{"@id":"https:\/\/eldigitaldeasturias.com\/magazine365\/la-academia-de-cine-renueva-su-confianza-en-gonzalez-macho\/#webpage"},"isPartOf":{"@id":"https:\/\/eldigitaldeasturias.com\/magazine365\/la-academia-de-cine-renueva-su-confianza-en-gonzalez-macho\/#webpage"},"articleSection":"Noticias y Actualidad"},{"@type":"BreadcrumbList","@id":"https:\/\/eldigitaldeasturias.com\/magazine365\/la-academia-de-cine-renueva-su-confianza-en-gonzalez-macho\/#breadcrumblist","itemListElement":[{"@type":"ListItem","@id":"https:\/\/eldigitaldeasturias.com\/magazine365#listItem","position":1,"name":"Home","item":"https:\/\/eldigitaldeasturias.com\/magazine365","nextItem":{"@type":"ListItem","@id":"https:\/\/eldigitaldeasturias.com\/magazine365\/category\/noticias-actualidad\/#listItem","name":"Noticias y Actualidad"}},{"@type":"ListItem","@id":"https:\/\/eldigitaldeasturias.com\/magazine365\/category\/noticias-actualidad\/#listItem","position":2,"name":"Noticias y Actualidad","item":"https:\/\/eldigitaldeasturias.com\/magazine365\/category\/noticias-actualidad\/","nextItem":{"@type":"ListItem","@id":"https:\/\/eldigitaldeasturias.com\/magazine365\/la-academia-de-cine-renueva-su-confianza-en-gonzalez-macho\/#listItem","name":"La Academia de Cine renueva su confianza en Gonz\u00e1lez Macho"},"previousItem":{"@type":"ListItem","@id":"https:\/\/eldigitaldeasturias.com\/magazine365#listItem","name":"Home"}},{"@type":"ListItem","@id":"https:\/\/eldigitaldeasturias.com\/magazine365\/la-academia-de-cine-renueva-su-confianza-en-gonzalez-macho\/#listItem","position":3,"name":"La Academia de Cine renueva su confianza en Gonz\u00e1lez Macho","previousItem":{"@type":"ListItem","@id":"https:\/\/eldigitaldeasturias.com\/magazine365\/category\/noticias-actualidad\/#listItem","name":"Noticias y Actualidad"}}]},{"@type":"Organization","@id":"https:\/\/eldigitaldeasturias.com\/magazine365\/#organization","name":"El digital de Asturias","description":"Revista de ocio, turismo y estilo de vida","url":"https:\/\/eldigitaldeasturias.com\/magazine365\/","logo":{"@type":"ImageObject","url":"https:\/\/www.eldigitaldeasturias.com\/noticias\/wp-content\/uploads\/2020\/12\/EDA.jpg","@id":"https:\/\/eldigitaldeasturias.com\/magazine365\/la-academia-de-cine-renueva-su-confianza-en-gonzalez-macho\/#organizationLogo"},"image":{"@id":"https:\/\/eldigitaldeasturias.com\/magazine365\/la-academia-de-cine-renueva-su-confianza-en-gonzalez-macho\/#organizationLogo"}},{"@type":"Person","@id":"https:\/\/eldigitaldeasturias.com\/magazine365\/author\/admin\/#author","url":"https:\/\/eldigitaldeasturias.com\/magazine365\/author\/admin\/","name":"admin","image":{"@type":"ImageObject","@id":"https:\/\/eldigitaldeasturias.com\/magazine365\/la-academia-de-cine-renueva-su-confianza-en-gonzalez-macho\/#authorImage","url":"https:\/\/eldigitaldeasturias.com\/magazine365\/wp-content\/litespeed\/avatar\/e571bcf59a0edd6fa6838245a470f2fe.jpg?ver=1776969259","width":96,"height":96,"caption":"admin"}},{"@type":"WebPage","@id":"https:\/\/eldigitaldeasturias.com\/magazine365\/la-academia-de-cine-renueva-su-confianza-en-gonzalez-macho\/#webpage","url":"https:\/\/eldigitaldeasturias.com\/magazine365\/la-academia-de-cine-renueva-su-confianza-en-gonzalez-macho\/","name":"La Academia de Cine renueva su confianza en Gonz\u00e1lez Macho | El Digital de Asturias","description":"Madrid, 24 may (EFE).- La Academia de Cine ha apostado hoy por la continuidad con la reelecci\u00f3n del empresario cinematogr\u00e1fico Enrique Gonz\u00e1lez Macho (Santander, 1947) como presidente de la instituci\u00f3n para los pr\u00f3ximos tres a\u00f1os, frente a su rival, la productora Piluca Baquero. Gonz\u00e1lez Macho, con 290 votos, ha obtenido casi el triple que Baquero,","inLanguage":"es-ES","isPartOf":{"@id":"https:\/\/eldigitaldeasturias.com\/magazine365\/#website"},"breadcrumb":{"@id":"https:\/\/eldigitaldeasturias.com\/magazine365\/la-academia-de-cine-renueva-su-confianza-en-gonzalez-macho\/#breadcrumblist"},"author":{"@id":"https:\/\/eldigitaldeasturias.com\/magazine365\/author\/admin\/#author"},"creator":{"@id":"https:\/\/eldigitaldeasturias.com\/magazine365\/author\/admin\/#author"},"image":{"@type":"ImageObject","url":"https:\/\/eldigitaldeasturias.com\/magazine365\/wp-content\/uploads\/2014\/05\/6296746w.jpg","@id":"https:\/\/eldigitaldeasturias.com\/magazine365\/la-academia-de-cine-renueva-su-confianza-en-gonzalez-macho\/#mainImage","width":800,"height":483},"primaryImageOfPage":{"@id":"https:\/\/eldigitaldeasturias.com\/magazine365\/la-academia-de-cine-renueva-su-confianza-en-gonzalez-macho\/#mainImage"},"datePublished":"2014-05-24T20:02:25+02:00","dateModified":"2014-05-24T20:02:25+02:00"},{"@type":"WebSite","@id":"https:\/\/eldigitaldeasturias.com\/magazine365\/#website","url":"https:\/\/eldigitaldeasturias.com\/magazine365\/","name":"El Digital de Asturias","description":"Revista de ocio, turismo y estilo de vida","inLanguage":"es-ES","publisher":{"@id":"https:\/\/eldigitaldeasturias.com\/magazine365\/#organization"}}]},"og:locale":"es_ES","og:site_name":"El Digital de Asturias \u2013 Revista de ocio, turismo y estilo de vida","og:type":"article","og:title":"La Academia de Cine renueva su confianza en Gonz\u00e1lez Macho | El Digital de Asturias","og:description":"Madrid, 24 may (EFE).- La Academia de Cine ha apostado hoy por la continuidad con la reelecci\u00f3n del empresario cinematogr\u00e1fico Enrique Gonz\u00e1lez Macho (Santander, 1947) como presidente de la instituci\u00f3n para los pr\u00f3ximos tres a\u00f1os, frente a su rival, la productora Piluca Baquero. Gonz\u00e1lez Macho, con 290 votos, ha obtenido casi el triple que Baquero,","og:url":"https:\/\/eldigitaldeasturias.com\/magazine365\/la-academia-de-cine-renueva-su-confianza-en-gonzalez-macho\/","og:image":"https:\/\/eldigitaldeasturias.com\/magazine365\/wp-content\/uploads\/2014\/05\/6296746w.jpg","og:image:secure_url":"https:\/\/eldigitaldeasturias.com\/magazine365\/wp-content\/uploads\/2014\/05\/6296746w.jpg","og:image:width":800,"og:image:height":483,"article:published_time":"2014-05-24T22:02:25+00:00","article:modified_time":"2014-05-24T22:02:25+00:00","twitter:card":"summary_large_image","twitter:title":"La Academia de Cine renueva su confianza en Gonz\u00e1lez Macho | El Digital de Asturias","twitter:description":"Madrid, 24 may (EFE).- La Academia de Cine ha apostado hoy por la continuidad con la reelecci\u00f3n del empresario cinematogr\u00e1fico Enrique Gonz\u00e1lez Macho (Santander, 1947) como presidente de la instituci\u00f3n para los pr\u00f3ximos tres a\u00f1os, frente a su rival, la productora Piluca Baquero. Gonz\u00e1lez Macho, con 290 votos, ha obtenido casi el triple que Baquero,","twitter:image":"https:\/\/eldigitaldeasturias.com\/magazine365\/wp-content\/uploads\/2014\/05\/6296746w.jpg"},"aioseo_meta_data":{"post_id":"13861","title":null,"description":null,"keywords":null,"keyphrases":null,"primary_term":null,"canonical_url":null,"og_title":null,"og_description":null,"og_object_type":"default","og_image_type":"default","og_image_url":null,"og_image_width":null,"og_image_height":null,"og_image_custom_url":null,"og_image_custom_fields":null,"og_video":null,"og_custom_url":null,"og_article_section":null,"og_article_tags":null,"twitter_use_og":false,"twitter_card":"default","twitter_image_type":"default","twitter_image_url":null,"twitter_image_custom_url":null,"twitter_image_custom_fields":null,"twitter_title":null,"twitter_description":null,"schema":{"blockGraphs":[],"customGraphs":[],"default":{"data":{"Article":[],"Course":[],"Dataset":[],"FAQPage":[],"Movie":[],"Person":[],"Product":[],"ProductReview":[],"Car":[],"Recipe":[],"Service":[],"SoftwareApplication":[],"WebPage":[]},"graphName":"","isEnabled":true},"graphs":[]},"schema_type":null,"schema_type_options":null,"pillar_content":false,"robots_default":true,"robots_noindex":false,"robots_noarchive":false,"robots_nosnippet":false,"robots_nofollow":false,"robots_noimageindex":false,"robots_noodp":false,"robots_notranslate":false,"robots_max_snippet":null,"robots_max_videopreview":null,"robots_max_imagepreview":"large","priority":null,"frequency":null,"location":null,"local_seo":null,"seo_analyzer_scan_date":"2025-09-17 09:06:04","breadcrumb_settings":null,"limit_modified_date":false,"open_ai":null,"ai":null,"created":"2021-03-09 08:22:47","updated":"2025-09-17 09:06:04"},"aioseo_breadcrumb":"<div class=\"aioseo-breadcrumbs\"><span class=\"aioseo-breadcrumb\">\n\t<a href=\"https:\/\/eldigitaldeasturias.com\/magazine365\" title=\"Home\">Home<\/a>\n<\/span><span class=\"aioseo-breadcrumb-separator\">\u2013<\/span><span class=\"aioseo-breadcrumb\">\n\t<a href=\"https:\/\/eldigitaldeasturias.com\/magazine365\/category\/noticias-actualidad\/\" title=\"Noticias y Actualidad\">Noticias y Actualidad<\/a>\n<\/span><span class=\"aioseo-breadcrumb-separator\">\u2013<\/span><span class=\"aioseo-breadcrumb\">\n\t<a href=\"https:\/\/eldigitaldeasturias.com\/magazine365\/la-academia-de-cine-renueva-su-confianza-en-gonzalez-macho\/\" title=\"La Academia de Cine renueva su confianza en Gonz\u00e1lez Macho\">La Academia de Cine renueva su confianza en Gonz\u00e1lez Macho<\/a>\n<\/span><\/div>","aioseo_breadcrumb_json":[{"label":"Home","link":"https:\/\/eldigitaldeasturias.com\/magazine365"},{"label":"Noticias y Actualidad","link":"https:\/\/eldigitaldeasturias.com\/magazine365\/category\/noticias-actualidad\/"},{"label":"La Academia de Cine renueva su confianza en Gonz\u00e1lez Macho","link":"https:\/\/eldigitaldeasturias.com\/magazine365\/la-academia-de-cine-renueva-su-confianza-en-gonzalez-macho\/"}],"_links":{"self":[{"href":"https:\/\/eldigitaldeasturias.com\/magazine365\/wp-json\/wp\/v2\/posts\/13861","targetHints":{"allow":["GET"]}}],"collection":[{"href":"https:\/\/eldigitaldeasturias.com\/magazine365\/wp-json\/wp\/v2\/posts"}],"about":[{"href":"https:\/\/eldigitaldeasturias.com\/magazine365\/wp-json\/wp\/v2\/types\/post"}],"author":[{"embeddable":true,"href":"https:\/\/eldigitaldeasturias.com\/magazine365\/wp-json\/wp\/v2\/users\/1"}],"replies":[{"embeddable":true,"href":"https:\/\/eldigitaldeasturias.com\/magazine365\/wp-json\/wp\/v2\/comments?post=13861"}],"version-history":[{"count":0,"href":"https:\/\/eldigitaldeasturias.com\/magazine365\/wp-json\/wp\/v2\/posts\/13861\/revisions"}],"wp:featuredmedia":[{"embeddable":true,"href":"https:\/\/eldigitaldeasturias.com\/magazine365\/wp-json\/wp\/v2\/media\/13862"}],"wp:attachment":[{"href":"https:\/\/eldigitaldeasturias.com\/magazine365\/wp-json\/wp\/v2\/media?parent=13861"}],"wp:term":[{"taxonomy":"category","embeddable":true,"href":"https:\/\/eldigitaldeasturias.com\/magazine365\/wp-json\/wp\/v2\/categories?post=13861"},{"taxonomy":"post_tag","embeddable":true,"href":"https:\/\/eldigitaldeasturias.com\/magazine365\/wp-json\/wp\/v2\/tags?post=13861"}],"curies":[{"name":"wp","href":"https:\/\/api.w.org\/{rel}","templated":true}]}}