{"id":13858,"date":"2014-05-24T20:01:02","date_gmt":"2014-05-24T22:01:02","guid":{"rendered":"http:\/\/eldigitaldeasturias.com\/magazine365\/?p=13858"},"modified":"2014-05-24T20:01:02","modified_gmt":"2014-05-24T22:01:02","slug":"la-plaza-mayor-de-madrid-acoge-la-clase-de-yoga-mas-multitudinaria-de-espana","status":"publish","type":"post","link":"https:\/\/eldigitaldeasturias.com\/magazine365\/la-plaza-mayor-de-madrid-acoge-la-clase-de-yoga-mas-multitudinaria-de-espana\/","title":{"rendered":"La Plaza Mayor de Madrid acoge la clase de yoga m\u00e1s multitudinaria de Espa\u00f1a"},"content":{"rendered":"<p><img fetchpriority=\"high\" decoding=\"async\" class=\"alignleft size-medium wp-image-13859\" alt=\"6296877w\" src=\"https:\/\/eldigitaldeasturias.com\/magazine365\/wp-content\/uploads\/2014\/05\/6296877w-360x239.jpg\" width=\"360\" height=\"239\" srcset=\"https:\/\/eldigitaldeasturias.com\/magazine365\/wp-content\/uploads\/2014\/05\/6296877w-360x239.jpg 360w, https:\/\/eldigitaldeasturias.com\/magazine365\/wp-content\/uploads\/2014\/05\/6296877w-650x432.jpg 650w, https:\/\/eldigitaldeasturias.com\/magazine365\/wp-content\/uploads\/2014\/05\/6296877w-768x511.jpg 768w, https:\/\/eldigitaldeasturias.com\/magazine365\/wp-content\/uploads\/2014\/05\/6296877w-150x100.jpg 150w, https:\/\/eldigitaldeasturias.com\/magazine365\/wp-content\/uploads\/2014\/05\/6296877w-450x299.jpg 450w, https:\/\/eldigitaldeasturias.com\/magazine365\/wp-content\/uploads\/2014\/05\/6296877w-696x463.jpg 696w, https:\/\/eldigitaldeasturias.com\/magazine365\/wp-content\/uploads\/2014\/05\/6296877w-632x420.jpg 632w, https:\/\/eldigitaldeasturias.com\/magazine365\/wp-content\/uploads\/2014\/05\/6296877w-84x55.jpg 84w, https:\/\/eldigitaldeasturias.com\/magazine365\/wp-content\/uploads\/2014\/05\/6296877w.jpg 800w\" sizes=\"(max-width: 360px) 100vw, 360px\" \/>Madrid, 24 may (EFE).- La Plaza Mayor de Madrid ha acogido hoy una clase de yoga gratuita a la que han asistido 3.000 personas, lo que la convierte en la m\u00e1s multitudinaria celebrada hasta la fecha en Espa\u00f1a, seg\u00fan los organizadores.<\/p>\n<p>La participaci\u00f3n del p\u00fablico en la segunda edici\u00f3n del Free Yoga by Oysho Madrid ha superado las cifras del a\u00f1o anterior, cuando acudieron 2.000 personas.<\/p>\n<p>La modelo Vanessa Lorenzo, gran aficionada a esta pr\u00e1ctica, ha amadrinado este evento acompa\u00f1ada en el escenario por su profesora de yoga, Xuan-Lan Trinh.<\/p>\n<p>Las pr\u00f3ximas citas tendr\u00e1n lugar en Mil\u00e1n, el 7 de junio, y en Barcelona, el 4 de octubre, donde la organizaci\u00f3n repite por tercer a\u00f1o consecutivo.<\/p>\n","protected":false},"excerpt":{"rendered":"<p>Madrid, 24 may (EFE).- La Plaza Mayor de Madrid ha acogido hoy una clase de yoga gratuita a la que han asistido 3.000 personas, lo que la convierte en la m\u00e1s multitudinaria celebrada hasta la fecha en Espa\u00f1a, seg\u00fan los organizadores. La participaci\u00f3n del p\u00fablico en la segunda edici\u00f3n del Free Yoga by Oysho Madrid<\/p>\n","protected":false},"author":1,"featured_media":13859,"comment_status":"open","ping_status":"closed","sticky":false,"template":"","format":"standard","meta":{"footnotes":""},"categories":[224],"tags":[],"class_list":{"0":"post-13858","1":"post","2":"type-post","3":"status-publish","4":"format-standard","5":"has-post-thumbnail","7":"category-noticias-actualidad"},"aioseo_notices":[],"aioseo_head":"\n\t\t<!-- All in One SEO Pro 4.9.6.1 - aioseo.com -->\n\t<meta name=\"description\" content=\"Madrid, 24 may (EFE).- La Plaza Mayor de Madrid ha acogido hoy una clase de yoga gratuita a la que han asistido 3.000 personas, lo que la convierte en la m\u00e1s multitudinaria celebrada hasta la fecha en Espa\u00f1a, seg\u00fan los organizadores. La participaci\u00f3n del p\u00fablico en la segunda edici\u00f3n del Free Yoga by Oysho Madrid\" \/>\n\t<meta name=\"robots\" content=\"max-image-preview:large\" \/>\n\t<meta name=\"author\" content=\"admin\"\/>\n\t<meta name=\"google-site-verification\" content=\"UA-38556648-1\" \/>\n\t<meta name=\"keywords\" content=\"noticias y actualidad\" \/>\n\t<link rel=\"canonical\" href=\"https:\/\/eldigitaldeasturias.com\/magazine365\/la-plaza-mayor-de-madrid-acoge-la-clase-de-yoga-mas-multitudinaria-de-espana\/\" \/>\n\t<meta name=\"generator\" content=\"All in One SEO Pro (AIOSEO) 4.9.6.1\" \/>\n\t\t<meta property=\"og:locale\" content=\"es_ES\" \/>\n\t\t<meta property=\"og:site_name\" content=\"El Digital de Asturias \u2013 Revista de ocio, turismo y estilo de vida\" \/>\n\t\t<meta property=\"og:type\" content=\"article\" \/>\n\t\t<meta property=\"og:title\" content=\"La Plaza Mayor de Madrid acoge la clase de yoga m\u00e1s multitudinaria de Espa\u00f1a | El Digital de Asturias\" \/>\n\t\t<meta property=\"og:description\" content=\"Madrid, 24 may (EFE).- La Plaza Mayor de Madrid ha acogido hoy una clase de yoga gratuita a la que han asistido 3.000 personas, lo que la convierte en la m\u00e1s multitudinaria celebrada hasta la fecha en Espa\u00f1a, seg\u00fan los organizadores. La participaci\u00f3n del p\u00fablico en la segunda edici\u00f3n del Free Yoga by Oysho Madrid\" \/>\n\t\t<meta property=\"og:url\" content=\"https:\/\/eldigitaldeasturias.com\/magazine365\/la-plaza-mayor-de-madrid-acoge-la-clase-de-yoga-mas-multitudinaria-de-espana\/\" \/>\n\t\t<meta property=\"og:image\" content=\"https:\/\/eldigitaldeasturias.com\/magazine365\/wp-content\/uploads\/2014\/05\/6296877w.jpg\" \/>\n\t\t<meta property=\"og:image:secure_url\" content=\"https:\/\/eldigitaldeasturias.com\/magazine365\/wp-content\/uploads\/2014\/05\/6296877w.jpg\" \/>\n\t\t<meta property=\"og:image:width\" content=\"800\" \/>\n\t\t<meta property=\"og:image:height\" content=\"532\" \/>\n\t\t<meta property=\"article:published_time\" content=\"2014-05-24T22:01:02+00:00\" \/>\n\t\t<meta property=\"article:modified_time\" content=\"2014-05-24T22:01:02+00:00\" \/>\n\t\t<meta name=\"twitter:card\" content=\"summary_large_image\" \/>\n\t\t<meta name=\"twitter:title\" content=\"La Plaza Mayor de Madrid acoge la clase de yoga m\u00e1s multitudinaria de Espa\u00f1a | El Digital de Asturias\" \/>\n\t\t<meta name=\"twitter:description\" content=\"Madrid, 24 may (EFE).- La Plaza Mayor de Madrid ha acogido hoy una clase de yoga gratuita a la que han asistido 3.000 personas, lo que la convierte en la m\u00e1s multitudinaria celebrada hasta la fecha en Espa\u00f1a, seg\u00fan los organizadores. La participaci\u00f3n del p\u00fablico en la segunda edici\u00f3n del Free Yoga by Oysho Madrid\" \/>\n\t\t<meta name=\"twitter:image\" content=\"https:\/\/eldigitaldeasturias.com\/magazine365\/wp-content\/uploads\/2014\/05\/6296877w.jpg\" \/>\n\t\t<script type=\"application\/ld+json\" class=\"aioseo-schema\">\n\t\t\t{\"@context\":\"https:\\\/\\\/schema.org\",\"@graph\":[{\"@type\":\"Article\",\"@id\":\"https:\\\/\\\/eldigitaldeasturias.com\\\/magazine365\\\/la-plaza-mayor-de-madrid-acoge-la-clase-de-yoga-mas-multitudinaria-de-espana\\\/#article\",\"name\":\"La Plaza Mayor de Madrid acoge la clase de yoga m\\u00e1s multitudinaria de Espa\\u00f1a | El Digital de Asturias\",\"headline\":\"La Plaza Mayor de Madrid acoge la clase de yoga m\\u00e1s multitudinaria de Espa\\u00f1a\",\"author\":{\"@id\":\"https:\\\/\\\/eldigitaldeasturias.com\\\/magazine365\\\/author\\\/admin\\\/#author\"},\"publisher\":{\"@id\":\"https:\\\/\\\/eldigitaldeasturias.com\\\/magazine365\\\/#organization\"},\"image\":{\"@type\":\"ImageObject\",\"url\":\"https:\\\/\\\/eldigitaldeasturias.com\\\/magazine365\\\/wp-content\\\/uploads\\\/2014\\\/05\\\/6296877w.jpg\",\"width\":800,\"height\":532},\"datePublished\":\"2014-05-24T20:01:02+02:00\",\"dateModified\":\"2014-05-24T20:01:02+02:00\",\"inLanguage\":\"es-ES\",\"mainEntityOfPage\":{\"@id\":\"https:\\\/\\\/eldigitaldeasturias.com\\\/magazine365\\\/la-plaza-mayor-de-madrid-acoge-la-clase-de-yoga-mas-multitudinaria-de-espana\\\/#webpage\"},\"isPartOf\":{\"@id\":\"https:\\\/\\\/eldigitaldeasturias.com\\\/magazine365\\\/la-plaza-mayor-de-madrid-acoge-la-clase-de-yoga-mas-multitudinaria-de-espana\\\/#webpage\"},\"articleSection\":\"Noticias y Actualidad\"},{\"@type\":\"BreadcrumbList\",\"@id\":\"https:\\\/\\\/eldigitaldeasturias.com\\\/magazine365\\\/la-plaza-mayor-de-madrid-acoge-la-clase-de-yoga-mas-multitudinaria-de-espana\\\/#breadcrumblist\",\"itemListElement\":[{\"@type\":\"ListItem\",\"@id\":\"https:\\\/\\\/eldigitaldeasturias.com\\\/magazine365#listItem\",\"position\":1,\"name\":\"Home\",\"item\":\"https:\\\/\\\/eldigitaldeasturias.com\\\/magazine365\",\"nextItem\":{\"@type\":\"ListItem\",\"@id\":\"https:\\\/\\\/eldigitaldeasturias.com\\\/magazine365\\\/category\\\/noticias-actualidad\\\/#listItem\",\"name\":\"Noticias y Actualidad\"}},{\"@type\":\"ListItem\",\"@id\":\"https:\\\/\\\/eldigitaldeasturias.com\\\/magazine365\\\/category\\\/noticias-actualidad\\\/#listItem\",\"position\":2,\"name\":\"Noticias y Actualidad\",\"item\":\"https:\\\/\\\/eldigitaldeasturias.com\\\/magazine365\\\/category\\\/noticias-actualidad\\\/\",\"nextItem\":{\"@type\":\"ListItem\",\"@id\":\"https:\\\/\\\/eldigitaldeasturias.com\\\/magazine365\\\/la-plaza-mayor-de-madrid-acoge-la-clase-de-yoga-mas-multitudinaria-de-espana\\\/#listItem\",\"name\":\"La Plaza Mayor de Madrid acoge la clase de yoga m\\u00e1s multitudinaria de Espa\\u00f1a\"},\"previousItem\":{\"@type\":\"ListItem\",\"@id\":\"https:\\\/\\\/eldigitaldeasturias.com\\\/magazine365#listItem\",\"name\":\"Home\"}},{\"@type\":\"ListItem\",\"@id\":\"https:\\\/\\\/eldigitaldeasturias.com\\\/magazine365\\\/la-plaza-mayor-de-madrid-acoge-la-clase-de-yoga-mas-multitudinaria-de-espana\\\/#listItem\",\"position\":3,\"name\":\"La Plaza Mayor de Madrid acoge la clase de yoga m\\u00e1s multitudinaria de Espa\\u00f1a\",\"previousItem\":{\"@type\":\"ListItem\",\"@id\":\"https:\\\/\\\/eldigitaldeasturias.com\\\/magazine365\\\/category\\\/noticias-actualidad\\\/#listItem\",\"name\":\"Noticias y Actualidad\"}}]},{\"@type\":\"Organization\",\"@id\":\"https:\\\/\\\/eldigitaldeasturias.com\\\/magazine365\\\/#organization\",\"name\":\"El digital de Asturias\",\"description\":\"Revista de ocio, turismo y estilo de vida\",\"url\":\"https:\\\/\\\/eldigitaldeasturias.com\\\/magazine365\\\/\",\"logo\":{\"@type\":\"ImageObject\",\"url\":\"https:\\\/\\\/www.eldigitaldeasturias.com\\\/noticias\\\/wp-content\\\/uploads\\\/2020\\\/12\\\/EDA.jpg\",\"@id\":\"https:\\\/\\\/eldigitaldeasturias.com\\\/magazine365\\\/la-plaza-mayor-de-madrid-acoge-la-clase-de-yoga-mas-multitudinaria-de-espana\\\/#organizationLogo\"},\"image\":{\"@id\":\"https:\\\/\\\/eldigitaldeasturias.com\\\/magazine365\\\/la-plaza-mayor-de-madrid-acoge-la-clase-de-yoga-mas-multitudinaria-de-espana\\\/#organizationLogo\"}},{\"@type\":\"Person\",\"@id\":\"https:\\\/\\\/eldigitaldeasturias.com\\\/magazine365\\\/author\\\/admin\\\/#author\",\"url\":\"https:\\\/\\\/eldigitaldeasturias.com\\\/magazine365\\\/author\\\/admin\\\/\",\"name\":\"admin\",\"image\":{\"@type\":\"ImageObject\",\"@id\":\"https:\\\/\\\/eldigitaldeasturias.com\\\/magazine365\\\/la-plaza-mayor-de-madrid-acoge-la-clase-de-yoga-mas-multitudinaria-de-espana\\\/#authorImage\",\"url\":\"https:\\\/\\\/eldigitaldeasturias.com\\\/magazine365\\\/wp-content\\\/litespeed\\\/avatar\\\/e571bcf59a0edd6fa6838245a470f2fe.jpg?ver=1776969259\",\"width\":96,\"height\":96,\"caption\":\"admin\"}},{\"@type\":\"WebPage\",\"@id\":\"https:\\\/\\\/eldigitaldeasturias.com\\\/magazine365\\\/la-plaza-mayor-de-madrid-acoge-la-clase-de-yoga-mas-multitudinaria-de-espana\\\/#webpage\",\"url\":\"https:\\\/\\\/eldigitaldeasturias.com\\\/magazine365\\\/la-plaza-mayor-de-madrid-acoge-la-clase-de-yoga-mas-multitudinaria-de-espana\\\/\",\"name\":\"La Plaza Mayor de Madrid acoge la clase de yoga m\\u00e1s multitudinaria de Espa\\u00f1a | El Digital de Asturias\",\"description\":\"Madrid, 24 may (EFE).- La Plaza Mayor de Madrid ha acogido hoy una clase de yoga gratuita a la que han asistido 3.000 personas, lo que la convierte en la m\\u00e1s multitudinaria celebrada hasta la fecha en Espa\\u00f1a, seg\\u00fan los organizadores. La participaci\\u00f3n del p\\u00fablico en la segunda edici\\u00f3n del Free Yoga by Oysho Madrid\",\"inLanguage\":\"es-ES\",\"isPartOf\":{\"@id\":\"https:\\\/\\\/eldigitaldeasturias.com\\\/magazine365\\\/#website\"},\"breadcrumb\":{\"@id\":\"https:\\\/\\\/eldigitaldeasturias.com\\\/magazine365\\\/la-plaza-mayor-de-madrid-acoge-la-clase-de-yoga-mas-multitudinaria-de-espana\\\/#breadcrumblist\"},\"author\":{\"@id\":\"https:\\\/\\\/eldigitaldeasturias.com\\\/magazine365\\\/author\\\/admin\\\/#author\"},\"creator\":{\"@id\":\"https:\\\/\\\/eldigitaldeasturias.com\\\/magazine365\\\/author\\\/admin\\\/#author\"},\"image\":{\"@type\":\"ImageObject\",\"url\":\"https:\\\/\\\/eldigitaldeasturias.com\\\/magazine365\\\/wp-content\\\/uploads\\\/2014\\\/05\\\/6296877w.jpg\",\"@id\":\"https:\\\/\\\/eldigitaldeasturias.com\\\/magazine365\\\/la-plaza-mayor-de-madrid-acoge-la-clase-de-yoga-mas-multitudinaria-de-espana\\\/#mainImage\",\"width\":800,\"height\":532},\"primaryImageOfPage\":{\"@id\":\"https:\\\/\\\/eldigitaldeasturias.com\\\/magazine365\\\/la-plaza-mayor-de-madrid-acoge-la-clase-de-yoga-mas-multitudinaria-de-espana\\\/#mainImage\"},\"datePublished\":\"2014-05-24T20:01:02+02:00\",\"dateModified\":\"2014-05-24T20:01:02+02:00\"},{\"@type\":\"WebSite\",\"@id\":\"https:\\\/\\\/eldigitaldeasturias.com\\\/magazine365\\\/#website\",\"url\":\"https:\\\/\\\/eldigitaldeasturias.com\\\/magazine365\\\/\",\"name\":\"El Digital de Asturias\",\"description\":\"Revista de ocio, turismo y estilo de vida\",\"inLanguage\":\"es-ES\",\"publisher\":{\"@id\":\"https:\\\/\\\/eldigitaldeasturias.com\\\/magazine365\\\/#organization\"}}]}\n\t\t<\/script>\n\t\t<!-- All in One SEO Pro -->\r\n\t\t<title>La Plaza Mayor de Madrid acoge la clase de yoga m\u00e1s multitudinaria de Espa\u00f1a | El Digital de Asturias<\/title>\n\n","aioseo_head_json":{"title":"La Plaza Mayor de Madrid acoge la clase de yoga m\u00e1s multitudinaria de Espa\u00f1a | El Digital de Asturias","description":"Madrid, 24 may (EFE).- La Plaza Mayor de Madrid ha acogido hoy una clase de yoga gratuita a la que han asistido 3.000 personas, lo que la convierte en la m\u00e1s multitudinaria celebrada hasta la fecha en Espa\u00f1a, seg\u00fan los organizadores. La participaci\u00f3n del p\u00fablico en la segunda edici\u00f3n del Free Yoga by Oysho Madrid","canonical_url":"https:\/\/eldigitaldeasturias.com\/magazine365\/la-plaza-mayor-de-madrid-acoge-la-clase-de-yoga-mas-multitudinaria-de-espana\/","robots":"max-image-preview:large","keywords":"noticias y actualidad","webmasterTools":{"google-site-verification":"UA-38556648-1","miscellaneous":""},"schema":{"@context":"https:\/\/schema.org","@graph":[{"@type":"Article","@id":"https:\/\/eldigitaldeasturias.com\/magazine365\/la-plaza-mayor-de-madrid-acoge-la-clase-de-yoga-mas-multitudinaria-de-espana\/#article","name":"La Plaza Mayor de Madrid acoge la clase de yoga m\u00e1s multitudinaria de Espa\u00f1a | El Digital de Asturias","headline":"La Plaza Mayor de Madrid acoge la clase de yoga m\u00e1s multitudinaria de Espa\u00f1a","author":{"@id":"https:\/\/eldigitaldeasturias.com\/magazine365\/author\/admin\/#author"},"publisher":{"@id":"https:\/\/eldigitaldeasturias.com\/magazine365\/#organization"},"image":{"@type":"ImageObject","url":"https:\/\/eldigitaldeasturias.com\/magazine365\/wp-content\/uploads\/2014\/05\/6296877w.jpg","width":800,"height":532},"datePublished":"2014-05-24T20:01:02+02:00","dateModified":"2014-05-24T20:01:02+02:00","inLanguage":"es-ES","mainEntityOfPage":{"@id":"https:\/\/eldigitaldeasturias.com\/magazine365\/la-plaza-mayor-de-madrid-acoge-la-clase-de-yoga-mas-multitudinaria-de-espana\/#webpage"},"isPartOf":{"@id":"https:\/\/eldigitaldeasturias.com\/magazine365\/la-plaza-mayor-de-madrid-acoge-la-clase-de-yoga-mas-multitudinaria-de-espana\/#webpage"},"articleSection":"Noticias y Actualidad"},{"@type":"BreadcrumbList","@id":"https:\/\/eldigitaldeasturias.com\/magazine365\/la-plaza-mayor-de-madrid-acoge-la-clase-de-yoga-mas-multitudinaria-de-espana\/#breadcrumblist","itemListElement":[{"@type":"ListItem","@id":"https:\/\/eldigitaldeasturias.com\/magazine365#listItem","position":1,"name":"Home","item":"https:\/\/eldigitaldeasturias.com\/magazine365","nextItem":{"@type":"ListItem","@id":"https:\/\/eldigitaldeasturias.com\/magazine365\/category\/noticias-actualidad\/#listItem","name":"Noticias y Actualidad"}},{"@type":"ListItem","@id":"https:\/\/eldigitaldeasturias.com\/magazine365\/category\/noticias-actualidad\/#listItem","position":2,"name":"Noticias y Actualidad","item":"https:\/\/eldigitaldeasturias.com\/magazine365\/category\/noticias-actualidad\/","nextItem":{"@type":"ListItem","@id":"https:\/\/eldigitaldeasturias.com\/magazine365\/la-plaza-mayor-de-madrid-acoge-la-clase-de-yoga-mas-multitudinaria-de-espana\/#listItem","name":"La Plaza Mayor de Madrid acoge la clase de yoga m\u00e1s multitudinaria de Espa\u00f1a"},"previousItem":{"@type":"ListItem","@id":"https:\/\/eldigitaldeasturias.com\/magazine365#listItem","name":"Home"}},{"@type":"ListItem","@id":"https:\/\/eldigitaldeasturias.com\/magazine365\/la-plaza-mayor-de-madrid-acoge-la-clase-de-yoga-mas-multitudinaria-de-espana\/#listItem","position":3,"name":"La Plaza Mayor de Madrid acoge la clase de yoga m\u00e1s multitudinaria de Espa\u00f1a","previousItem":{"@type":"ListItem","@id":"https:\/\/eldigitaldeasturias.com\/magazine365\/category\/noticias-actualidad\/#listItem","name":"Noticias y Actualidad"}}]},{"@type":"Organization","@id":"https:\/\/eldigitaldeasturias.com\/magazine365\/#organization","name":"El digital de Asturias","description":"Revista de ocio, turismo y estilo de vida","url":"https:\/\/eldigitaldeasturias.com\/magazine365\/","logo":{"@type":"ImageObject","url":"https:\/\/www.eldigitaldeasturias.com\/noticias\/wp-content\/uploads\/2020\/12\/EDA.jpg","@id":"https:\/\/eldigitaldeasturias.com\/magazine365\/la-plaza-mayor-de-madrid-acoge-la-clase-de-yoga-mas-multitudinaria-de-espana\/#organizationLogo"},"image":{"@id":"https:\/\/eldigitaldeasturias.com\/magazine365\/la-plaza-mayor-de-madrid-acoge-la-clase-de-yoga-mas-multitudinaria-de-espana\/#organizationLogo"}},{"@type":"Person","@id":"https:\/\/eldigitaldeasturias.com\/magazine365\/author\/admin\/#author","url":"https:\/\/eldigitaldeasturias.com\/magazine365\/author\/admin\/","name":"admin","image":{"@type":"ImageObject","@id":"https:\/\/eldigitaldeasturias.com\/magazine365\/la-plaza-mayor-de-madrid-acoge-la-clase-de-yoga-mas-multitudinaria-de-espana\/#authorImage","url":"https:\/\/eldigitaldeasturias.com\/magazine365\/wp-content\/litespeed\/avatar\/e571bcf59a0edd6fa6838245a470f2fe.jpg?ver=1776969259","width":96,"height":96,"caption":"admin"}},{"@type":"WebPage","@id":"https:\/\/eldigitaldeasturias.com\/magazine365\/la-plaza-mayor-de-madrid-acoge-la-clase-de-yoga-mas-multitudinaria-de-espana\/#webpage","url":"https:\/\/eldigitaldeasturias.com\/magazine365\/la-plaza-mayor-de-madrid-acoge-la-clase-de-yoga-mas-multitudinaria-de-espana\/","name":"La Plaza Mayor de Madrid acoge la clase de yoga m\u00e1s multitudinaria de Espa\u00f1a | El Digital de Asturias","description":"Madrid, 24 may (EFE).- La Plaza Mayor de Madrid ha acogido hoy una clase de yoga gratuita a la que han asistido 3.000 personas, lo que la convierte en la m\u00e1s multitudinaria celebrada hasta la fecha en Espa\u00f1a, seg\u00fan los organizadores. La participaci\u00f3n del p\u00fablico en la segunda edici\u00f3n del Free Yoga by Oysho Madrid","inLanguage":"es-ES","isPartOf":{"@id":"https:\/\/eldigitaldeasturias.com\/magazine365\/#website"},"breadcrumb":{"@id":"https:\/\/eldigitaldeasturias.com\/magazine365\/la-plaza-mayor-de-madrid-acoge-la-clase-de-yoga-mas-multitudinaria-de-espana\/#breadcrumblist"},"author":{"@id":"https:\/\/eldigitaldeasturias.com\/magazine365\/author\/admin\/#author"},"creator":{"@id":"https:\/\/eldigitaldeasturias.com\/magazine365\/author\/admin\/#author"},"image":{"@type":"ImageObject","url":"https:\/\/eldigitaldeasturias.com\/magazine365\/wp-content\/uploads\/2014\/05\/6296877w.jpg","@id":"https:\/\/eldigitaldeasturias.com\/magazine365\/la-plaza-mayor-de-madrid-acoge-la-clase-de-yoga-mas-multitudinaria-de-espana\/#mainImage","width":800,"height":532},"primaryImageOfPage":{"@id":"https:\/\/eldigitaldeasturias.com\/magazine365\/la-plaza-mayor-de-madrid-acoge-la-clase-de-yoga-mas-multitudinaria-de-espana\/#mainImage"},"datePublished":"2014-05-24T20:01:02+02:00","dateModified":"2014-05-24T20:01:02+02:00"},{"@type":"WebSite","@id":"https:\/\/eldigitaldeasturias.com\/magazine365\/#website","url":"https:\/\/eldigitaldeasturias.com\/magazine365\/","name":"El Digital de Asturias","description":"Revista de ocio, turismo y estilo de vida","inLanguage":"es-ES","publisher":{"@id":"https:\/\/eldigitaldeasturias.com\/magazine365\/#organization"}}]},"og:locale":"es_ES","og:site_name":"El Digital de Asturias \u2013 Revista de ocio, turismo y estilo de vida","og:type":"article","og:title":"La Plaza Mayor de Madrid acoge la clase de yoga m\u00e1s multitudinaria de Espa\u00f1a | El Digital de Asturias","og:description":"Madrid, 24 may (EFE).- La Plaza Mayor de Madrid ha acogido hoy una clase de yoga gratuita a la que han asistido 3.000 personas, lo que la convierte en la m\u00e1s multitudinaria celebrada hasta la fecha en Espa\u00f1a, seg\u00fan los organizadores. La participaci\u00f3n del p\u00fablico en la segunda edici\u00f3n del Free Yoga by Oysho Madrid","og:url":"https:\/\/eldigitaldeasturias.com\/magazine365\/la-plaza-mayor-de-madrid-acoge-la-clase-de-yoga-mas-multitudinaria-de-espana\/","og:image":"https:\/\/eldigitaldeasturias.com\/magazine365\/wp-content\/uploads\/2014\/05\/6296877w.jpg","og:image:secure_url":"https:\/\/eldigitaldeasturias.com\/magazine365\/wp-content\/uploads\/2014\/05\/6296877w.jpg","og:image:width":800,"og:image:height":532,"article:published_time":"2014-05-24T22:01:02+00:00","article:modified_time":"2014-05-24T22:01:02+00:00","twitter:card":"summary_large_image","twitter:title":"La Plaza Mayor de Madrid acoge la clase de yoga m\u00e1s multitudinaria de Espa\u00f1a | El Digital de Asturias","twitter:description":"Madrid, 24 may (EFE).- La Plaza Mayor de Madrid ha acogido hoy una clase de yoga gratuita a la que han asistido 3.000 personas, lo que la convierte en la m\u00e1s multitudinaria celebrada hasta la fecha en Espa\u00f1a, seg\u00fan los organizadores. La participaci\u00f3n del p\u00fablico en la segunda edici\u00f3n del Free Yoga by Oysho Madrid","twitter:image":"https:\/\/eldigitaldeasturias.com\/magazine365\/wp-content\/uploads\/2014\/05\/6296877w.jpg"},"aioseo_meta_data":{"post_id":"13858","title":null,"description":null,"keywords":null,"keyphrases":null,"primary_term":null,"canonical_url":null,"og_title":null,"og_description":null,"og_object_type":"default","og_image_type":"default","og_image_url":null,"og_image_width":null,"og_image_height":null,"og_image_custom_url":null,"og_image_custom_fields":null,"og_video":null,"og_custom_url":null,"og_article_section":null,"og_article_tags":null,"twitter_use_og":false,"twitter_card":"default","twitter_image_type":"default","twitter_image_url":null,"twitter_image_custom_url":null,"twitter_image_custom_fields":null,"twitter_title":null,"twitter_description":null,"schema":{"blockGraphs":[],"customGraphs":[],"default":{"data":{"Article":[],"Course":[],"Dataset":[],"FAQPage":[],"Movie":[],"Person":[],"Product":[],"ProductReview":[],"Car":[],"Recipe":[],"Service":[],"SoftwareApplication":[],"WebPage":[]},"graphName":"","isEnabled":true},"graphs":[]},"schema_type":null,"schema_type_options":null,"pillar_content":false,"robots_default":true,"robots_noindex":false,"robots_noarchive":false,"robots_nosnippet":false,"robots_nofollow":false,"robots_noimageindex":false,"robots_noodp":false,"robots_notranslate":false,"robots_max_snippet":null,"robots_max_videopreview":null,"robots_max_imagepreview":"large","priority":null,"frequency":null,"location":null,"local_seo":null,"seo_analyzer_scan_date":"2025-09-17 09:06:03","breadcrumb_settings":null,"limit_modified_date":false,"open_ai":null,"ai":null,"created":"2021-03-09 08:22:47","updated":"2025-09-17 09:06:03"},"aioseo_breadcrumb":"<div class=\"aioseo-breadcrumbs\"><span class=\"aioseo-breadcrumb\">\n\t<a href=\"https:\/\/eldigitaldeasturias.com\/magazine365\" title=\"Home\">Home<\/a>\n<\/span><span class=\"aioseo-breadcrumb-separator\">\u2013<\/span><span class=\"aioseo-breadcrumb\">\n\t<a href=\"https:\/\/eldigitaldeasturias.com\/magazine365\/category\/noticias-actualidad\/\" title=\"Noticias y Actualidad\">Noticias y Actualidad<\/a>\n<\/span><span class=\"aioseo-breadcrumb-separator\">\u2013<\/span><span class=\"aioseo-breadcrumb\">\n\t<a href=\"https:\/\/eldigitaldeasturias.com\/magazine365\/la-plaza-mayor-de-madrid-acoge-la-clase-de-yoga-mas-multitudinaria-de-espana\/\" title=\"La Plaza Mayor de Madrid acoge la clase de yoga m\u00e1s multitudinaria de Espa\u00f1a\">La Plaza Mayor de Madrid acoge la clase de yoga m\u00e1s multitudinaria de Espa\u00f1a<\/a>\n<\/span><\/div>","aioseo_breadcrumb_json":[{"label":"Home","link":"https:\/\/eldigitaldeasturias.com\/magazine365"},{"label":"Noticias y Actualidad","link":"https:\/\/eldigitaldeasturias.com\/magazine365\/category\/noticias-actualidad\/"},{"label":"La Plaza Mayor de Madrid acoge la clase de yoga m\u00e1s multitudinaria de Espa\u00f1a","link":"https:\/\/eldigitaldeasturias.com\/magazine365\/la-plaza-mayor-de-madrid-acoge-la-clase-de-yoga-mas-multitudinaria-de-espana\/"}],"_links":{"self":[{"href":"https:\/\/eldigitaldeasturias.com\/magazine365\/wp-json\/wp\/v2\/posts\/13858","targetHints":{"allow":["GET"]}}],"collection":[{"href":"https:\/\/eldigitaldeasturias.com\/magazine365\/wp-json\/wp\/v2\/posts"}],"about":[{"href":"https:\/\/eldigitaldeasturias.com\/magazine365\/wp-json\/wp\/v2\/types\/post"}],"author":[{"embeddable":true,"href":"https:\/\/eldigitaldeasturias.com\/magazine365\/wp-json\/wp\/v2\/users\/1"}],"replies":[{"embeddable":true,"href":"https:\/\/eldigitaldeasturias.com\/magazine365\/wp-json\/wp\/v2\/comments?post=13858"}],"version-history":[{"count":0,"href":"https:\/\/eldigitaldeasturias.com\/magazine365\/wp-json\/wp\/v2\/posts\/13858\/revisions"}],"wp:featuredmedia":[{"embeddable":true,"href":"https:\/\/eldigitaldeasturias.com\/magazine365\/wp-json\/wp\/v2\/media\/13859"}],"wp:attachment":[{"href":"https:\/\/eldigitaldeasturias.com\/magazine365\/wp-json\/wp\/v2\/media?parent=13858"}],"wp:term":[{"taxonomy":"category","embeddable":true,"href":"https:\/\/eldigitaldeasturias.com\/magazine365\/wp-json\/wp\/v2\/categories?post=13858"},{"taxonomy":"post_tag","embeddable":true,"href":"https:\/\/eldigitaldeasturias.com\/magazine365\/wp-json\/wp\/v2\/tags?post=13858"}],"curies":[{"name":"wp","href":"https:\/\/api.w.org\/{rel}","templated":true}]}}