{"id":13852,"date":"2014-05-24T19:57:57","date_gmt":"2014-05-24T21:57:57","guid":{"rendered":"http:\/\/eldigitaldeasturias.com\/magazine365\/?p=13852"},"modified":"2014-05-24T19:57:57","modified_gmt":"2014-05-24T21:57:57","slug":"cordoba-la-feria-mas-democratica","status":"publish","type":"post","link":"https:\/\/eldigitaldeasturias.com\/magazine365\/cordoba-la-feria-mas-democratica\/","title":{"rendered":"C\u00f3rdoba, la Feria m\u00e1s \u00abdemocr\u00e1tica\u00bb"},"content":{"rendered":"<p><img fetchpriority=\"high\" decoding=\"async\" class=\"alignleft size-medium wp-image-13853\" alt=\"6296273w\" src=\"https:\/\/eldigitaldeasturias.com\/magazine365\/wp-content\/uploads\/2014\/05\/6296273w-360x180.jpg\" width=\"360\" height=\"180\" \/>C\u00f3rdoba, 24 may (EFE).- M\u00e1s de 50.000 bombillas repartidas por el Recinto Ferial de C\u00f3rdoba se iluminaron anoche para dar el pistoletazo de salida oficial de la Feria de Nuestra Se\u00f1ora de La Salud, un festejo distinto a los que se celebran en Andaluc\u00eda, y que este a\u00f1o ser\u00e1 el m\u00e1s democr\u00e1tico por doble motivo.<\/p>\n<p>El principal motivo por el que la Feria de C\u00f3rdoba es muy democr\u00e1tica es por su propia idiosincrasia, puesto que, al contrario que en otras grandes ferias como la de Sevilla, el acceso a las casetas es libre en pr\u00e1cticamente la totalidad de \u00e9stas, al igual que se permite algo m\u00e1s de libertad en la selecci\u00f3n musical, y no es raro ver en estos espacios conciertos de reggae o funk.<\/p>\n<p>El segundo motivo es que este a\u00f1o su celebraci\u00f3n vuelve a coincidir con una nueva \u00abfiesta de la democracia\u00bb, las Elecciones Europeas, que permitir\u00e1n estampas tan pintorescas como las de mujeres y hombres depositando sus votos en los colegios electorales ataviados con su traje de gitana y cordob\u00e9s, respectivamente.<\/p>\n<p>De hecho, la jornada de reflexi\u00f3n arrancaba a medianoche con el encendido de la feria, y los fuegos artificiales, presenciados por pr\u00e1cticamente la totalidad de la Corporaci\u00f3n Municipal, y otras destacadas figuras pol\u00edticas.<\/p>\n<p>El alcalde de C\u00f3rdoba, Jos\u00e9 Antonio Nieto, coincide en esta valoraci\u00f3n democr\u00e1tica de la fiesta, y se\u00f1ala a Efe que la Feria de C\u00f3rdoba se distingue del resto de grandes ferias de interior y tambi\u00e9n de las ferias de costa.<\/p>\n<p>\u00abEs una feria singular, propia, una feria abierta y acogedora, y estamos intentando que las condiciones de integraci\u00f3n sean las mejores posibles\u00bb, ha apostillado el regidor.<\/p>\n<p>En su tercera feria al frente del Consistorio, Nieto afirma que tiene \u00abmucha ilusi\u00f3n\u00bb porque es la \u00fanica que se ha podido dise\u00f1ar \u00absin presi\u00f3n\u00bb, y cree que la de este a\u00f1o va a ser una feria mucho m\u00e1s \u00abexitosa\u00bb que las anteriores y va a prolongar la racha positiva de visitantes que viene registrando la ciudad en los meses de abril y mayo, un mes que ineludiblemente se relaciona con C\u00f3rdoba, y cuyos festejos precisamente cierra la Feria de Nuestra Se\u00f1ora de la Salud.<\/p>\n<p>Su celebraci\u00f3n ha coincidido con la publicaci\u00f3n de los datos de la encuesta del Instituto Nacional de Estad\u00edstica (INE) que reflejaban que en abril llegaron a la capital 98.692 viajeros, un 23,7 por ciento m\u00e1s que en el mismo mes del 2013, generando 149.958 pernoctaciones (+19,79 por ciento).<\/p>\n<p>Y las previsiones de mayo son a\u00fan m\u00e1s optimistas, de ah\u00ed que el alcalde ayer sacara a relucir su positividad en la tradicional recepci\u00f3n a concejales, empresarios y miembros de distintos colectivos en la Caseta Municipal.<\/p>\n<p>De hecho, si se atiende a la gente que paseaba ayer por el Recinto Ferial, las previsiones de asistencia se cumplen, aunque el n\u00famero de casetas este a\u00f1o ha disminuido un poco, y ha quedado por debajo del centenar, despu\u00e9s de que se hayan ca\u00eddo cinco con respecto al a\u00f1o pasado.<\/p>\n<p>Por su parte, 200 puestos y barracas y 75 atracciones (entre ellas dos imponentes norias) est\u00e1n ya instalados en el ferial.<\/p>\n<p>Hoy, adem\u00e1s, habr\u00e1 otro tipo de democracia en la feria, la futbol\u00edstica, que hermanar\u00e1 a seguidores del Real Madrid y del Atl\u00e9tico para disfrutar y festejar de la victoria de uno u otro equipo en la final de Lisboa con el tradicional rebujito.<\/p>\n<p>As\u00ed las cosas, quedan por delante 9 d\u00edas de fiesta, una final de Champions y unos comicios europeos. Muchas cosas que celebrar en la feria m\u00e1s democr\u00e1tica.<\/p>\n<p>Juan Velasco<\/p>\n","protected":false},"excerpt":{"rendered":"<p>C\u00f3rdoba, 24 may (EFE).- M\u00e1s de 50.000 bombillas repartidas por el Recinto Ferial de C\u00f3rdoba se iluminaron anoche para dar el pistoletazo de salida oficial de la Feria de Nuestra Se\u00f1ora de La Salud, un festejo distinto a los que se celebran en Andaluc\u00eda, y que este a\u00f1o ser\u00e1 el m\u00e1s democr\u00e1tico por doble motivo.<\/p>\n","protected":false},"author":1,"featured_media":13853,"comment_status":"open","ping_status":"closed","sticky":false,"template":"","format":"standard","meta":{"footnotes":""},"categories":[224],"tags":[],"class_list":{"0":"post-13852","1":"post","2":"type-post","3":"status-publish","4":"format-standard","5":"has-post-thumbnail","7":"category-noticias-actualidad"},"aioseo_notices":[],"aioseo_head":"\n\t\t<!-- All in One SEO Pro 4.9.6.1 - aioseo.com -->\n\t<meta name=\"description\" content=\"C\u00f3rdoba, 24 may (EFE).- M\u00e1s de 50.000 bombillas repartidas por el Recinto Ferial de C\u00f3rdoba se iluminaron anoche para dar el pistoletazo de salida oficial de la Feria de Nuestra Se\u00f1ora de La Salud, un festejo distinto a los que se celebran en Andaluc\u00eda, y que este a\u00f1o ser\u00e1 el m\u00e1s democr\u00e1tico por doble motivo.\" \/>\n\t<meta name=\"robots\" content=\"max-image-preview:large\" \/>\n\t<meta name=\"author\" content=\"admin\"\/>\n\t<meta name=\"google-site-verification\" content=\"UA-38556648-1\" \/>\n\t<meta name=\"keywords\" content=\"noticias y actualidad\" \/>\n\t<link rel=\"canonical\" href=\"https:\/\/eldigitaldeasturias.com\/magazine365\/cordoba-la-feria-mas-democratica\/\" \/>\n\t<meta name=\"generator\" content=\"All in One SEO Pro (AIOSEO) 4.9.6.1\" \/>\n\t\t<meta property=\"og:locale\" content=\"es_ES\" \/>\n\t\t<meta property=\"og:site_name\" content=\"El Digital de Asturias \u2013 Revista de ocio, turismo y estilo de vida\" \/>\n\t\t<meta property=\"og:type\" content=\"article\" \/>\n\t\t<meta property=\"og:title\" content=\"C\u00f3rdoba, la Feria m\u00e1s \u00abdemocr\u00e1tica\u00bb | El Digital de Asturias\" \/>\n\t\t<meta property=\"og:description\" content=\"C\u00f3rdoba, 24 may (EFE).- M\u00e1s de 50.000 bombillas repartidas por el Recinto Ferial de C\u00f3rdoba se iluminaron anoche para dar el pistoletazo de salida oficial de la Feria de Nuestra Se\u00f1ora de La Salud, un festejo distinto a los que se celebran en Andaluc\u00eda, y que este a\u00f1o ser\u00e1 el m\u00e1s democr\u00e1tico por doble motivo.\" \/>\n\t\t<meta property=\"og:url\" content=\"https:\/\/eldigitaldeasturias.com\/magazine365\/cordoba-la-feria-mas-democratica\/\" \/>\n\t\t<meta property=\"og:image\" content=\"https:\/\/eldigitaldeasturias.com\/magazine365\/wp-content\/uploads\/2014\/05\/6296273w.jpg\" \/>\n\t\t<meta property=\"og:image:secure_url\" content=\"https:\/\/eldigitaldeasturias.com\/magazine365\/wp-content\/uploads\/2014\/05\/6296273w.jpg\" \/>\n\t\t<meta property=\"og:image:width\" content=\"800\" \/>\n\t\t<meta property=\"og:image:height\" content=\"402\" \/>\n\t\t<meta property=\"article:published_time\" content=\"2014-05-24T21:57:57+00:00\" \/>\n\t\t<meta property=\"article:modified_time\" content=\"2014-05-24T21:57:57+00:00\" \/>\n\t\t<meta name=\"twitter:card\" content=\"summary_large_image\" \/>\n\t\t<meta name=\"twitter:title\" content=\"C\u00f3rdoba, la Feria m\u00e1s \u00abdemocr\u00e1tica\u00bb | El Digital de Asturias\" \/>\n\t\t<meta name=\"twitter:description\" content=\"C\u00f3rdoba, 24 may (EFE).- M\u00e1s de 50.000 bombillas repartidas por el Recinto Ferial de C\u00f3rdoba se iluminaron anoche para dar el pistoletazo de salida oficial de la Feria de Nuestra Se\u00f1ora de La Salud, un festejo distinto a los que se celebran en Andaluc\u00eda, y que este a\u00f1o ser\u00e1 el m\u00e1s democr\u00e1tico por doble motivo.\" \/>\n\t\t<meta name=\"twitter:image\" content=\"https:\/\/eldigitaldeasturias.com\/magazine365\/wp-content\/uploads\/2014\/05\/6296273w.jpg\" \/>\n\t\t<script type=\"application\/ld+json\" class=\"aioseo-schema\">\n\t\t\t{\"@context\":\"https:\\\/\\\/schema.org\",\"@graph\":[{\"@type\":\"Article\",\"@id\":\"https:\\\/\\\/eldigitaldeasturias.com\\\/magazine365\\\/cordoba-la-feria-mas-democratica\\\/#article\",\"name\":\"C\\u00f3rdoba, la Feria m\\u00e1s \\u00abdemocr\\u00e1tica\\u00bb | El Digital de Asturias\",\"headline\":\"C\\u00f3rdoba, la Feria m\\u00e1s \\u00abdemocr\\u00e1tica\\u00bb\",\"author\":{\"@id\":\"https:\\\/\\\/eldigitaldeasturias.com\\\/magazine365\\\/author\\\/admin\\\/#author\"},\"publisher\":{\"@id\":\"https:\\\/\\\/eldigitaldeasturias.com\\\/magazine365\\\/#organization\"},\"image\":{\"@type\":\"ImageObject\",\"url\":\"https:\\\/\\\/eldigitaldeasturias.com\\\/magazine365\\\/wp-content\\\/uploads\\\/2014\\\/05\\\/6296273w.jpg\",\"width\":800,\"height\":402},\"datePublished\":\"2014-05-24T19:57:57+02:00\",\"dateModified\":\"2014-05-24T19:57:57+02:00\",\"inLanguage\":\"es-ES\",\"mainEntityOfPage\":{\"@id\":\"https:\\\/\\\/eldigitaldeasturias.com\\\/magazine365\\\/cordoba-la-feria-mas-democratica\\\/#webpage\"},\"isPartOf\":{\"@id\":\"https:\\\/\\\/eldigitaldeasturias.com\\\/magazine365\\\/cordoba-la-feria-mas-democratica\\\/#webpage\"},\"articleSection\":\"Noticias y Actualidad\"},{\"@type\":\"BreadcrumbList\",\"@id\":\"https:\\\/\\\/eldigitaldeasturias.com\\\/magazine365\\\/cordoba-la-feria-mas-democratica\\\/#breadcrumblist\",\"itemListElement\":[{\"@type\":\"ListItem\",\"@id\":\"https:\\\/\\\/eldigitaldeasturias.com\\\/magazine365#listItem\",\"position\":1,\"name\":\"Home\",\"item\":\"https:\\\/\\\/eldigitaldeasturias.com\\\/magazine365\",\"nextItem\":{\"@type\":\"ListItem\",\"@id\":\"https:\\\/\\\/eldigitaldeasturias.com\\\/magazine365\\\/category\\\/noticias-actualidad\\\/#listItem\",\"name\":\"Noticias y Actualidad\"}},{\"@type\":\"ListItem\",\"@id\":\"https:\\\/\\\/eldigitaldeasturias.com\\\/magazine365\\\/category\\\/noticias-actualidad\\\/#listItem\",\"position\":2,\"name\":\"Noticias y Actualidad\",\"item\":\"https:\\\/\\\/eldigitaldeasturias.com\\\/magazine365\\\/category\\\/noticias-actualidad\\\/\",\"nextItem\":{\"@type\":\"ListItem\",\"@id\":\"https:\\\/\\\/eldigitaldeasturias.com\\\/magazine365\\\/cordoba-la-feria-mas-democratica\\\/#listItem\",\"name\":\"C\\u00f3rdoba, la Feria m\\u00e1s \\u00abdemocr\\u00e1tica\\u00bb\"},\"previousItem\":{\"@type\":\"ListItem\",\"@id\":\"https:\\\/\\\/eldigitaldeasturias.com\\\/magazine365#listItem\",\"name\":\"Home\"}},{\"@type\":\"ListItem\",\"@id\":\"https:\\\/\\\/eldigitaldeasturias.com\\\/magazine365\\\/cordoba-la-feria-mas-democratica\\\/#listItem\",\"position\":3,\"name\":\"C\\u00f3rdoba, la Feria m\\u00e1s \\u00abdemocr\\u00e1tica\\u00bb\",\"previousItem\":{\"@type\":\"ListItem\",\"@id\":\"https:\\\/\\\/eldigitaldeasturias.com\\\/magazine365\\\/category\\\/noticias-actualidad\\\/#listItem\",\"name\":\"Noticias y Actualidad\"}}]},{\"@type\":\"Organization\",\"@id\":\"https:\\\/\\\/eldigitaldeasturias.com\\\/magazine365\\\/#organization\",\"name\":\"El digital de Asturias\",\"description\":\"Revista de ocio, turismo y estilo de vida\",\"url\":\"https:\\\/\\\/eldigitaldeasturias.com\\\/magazine365\\\/\",\"logo\":{\"@type\":\"ImageObject\",\"url\":\"https:\\\/\\\/www.eldigitaldeasturias.com\\\/noticias\\\/wp-content\\\/uploads\\\/2020\\\/12\\\/EDA.jpg\",\"@id\":\"https:\\\/\\\/eldigitaldeasturias.com\\\/magazine365\\\/cordoba-la-feria-mas-democratica\\\/#organizationLogo\"},\"image\":{\"@id\":\"https:\\\/\\\/eldigitaldeasturias.com\\\/magazine365\\\/cordoba-la-feria-mas-democratica\\\/#organizationLogo\"}},{\"@type\":\"Person\",\"@id\":\"https:\\\/\\\/eldigitaldeasturias.com\\\/magazine365\\\/author\\\/admin\\\/#author\",\"url\":\"https:\\\/\\\/eldigitaldeasturias.com\\\/magazine365\\\/author\\\/admin\\\/\",\"name\":\"admin\",\"image\":{\"@type\":\"ImageObject\",\"@id\":\"https:\\\/\\\/eldigitaldeasturias.com\\\/magazine365\\\/cordoba-la-feria-mas-democratica\\\/#authorImage\",\"url\":\"https:\\\/\\\/eldigitaldeasturias.com\\\/magazine365\\\/wp-content\\\/litespeed\\\/avatar\\\/e571bcf59a0edd6fa6838245a470f2fe.jpg?ver=1777574230\",\"width\":96,\"height\":96,\"caption\":\"admin\"}},{\"@type\":\"WebPage\",\"@id\":\"https:\\\/\\\/eldigitaldeasturias.com\\\/magazine365\\\/cordoba-la-feria-mas-democratica\\\/#webpage\",\"url\":\"https:\\\/\\\/eldigitaldeasturias.com\\\/magazine365\\\/cordoba-la-feria-mas-democratica\\\/\",\"name\":\"C\\u00f3rdoba, la Feria m\\u00e1s \\u00abdemocr\\u00e1tica\\u00bb | El Digital de Asturias\",\"description\":\"C\\u00f3rdoba, 24 may (EFE).- M\\u00e1s de 50.000 bombillas repartidas por el Recinto Ferial de C\\u00f3rdoba se iluminaron anoche para dar el pistoletazo de salida oficial de la Feria de Nuestra Se\\u00f1ora de La Salud, un festejo distinto a los que se celebran en Andaluc\\u00eda, y que este a\\u00f1o ser\\u00e1 el m\\u00e1s democr\\u00e1tico por doble motivo.\",\"inLanguage\":\"es-ES\",\"isPartOf\":{\"@id\":\"https:\\\/\\\/eldigitaldeasturias.com\\\/magazine365\\\/#website\"},\"breadcrumb\":{\"@id\":\"https:\\\/\\\/eldigitaldeasturias.com\\\/magazine365\\\/cordoba-la-feria-mas-democratica\\\/#breadcrumblist\"},\"author\":{\"@id\":\"https:\\\/\\\/eldigitaldeasturias.com\\\/magazine365\\\/author\\\/admin\\\/#author\"},\"creator\":{\"@id\":\"https:\\\/\\\/eldigitaldeasturias.com\\\/magazine365\\\/author\\\/admin\\\/#author\"},\"image\":{\"@type\":\"ImageObject\",\"url\":\"https:\\\/\\\/eldigitaldeasturias.com\\\/magazine365\\\/wp-content\\\/uploads\\\/2014\\\/05\\\/6296273w.jpg\",\"@id\":\"https:\\\/\\\/eldigitaldeasturias.com\\\/magazine365\\\/cordoba-la-feria-mas-democratica\\\/#mainImage\",\"width\":800,\"height\":402},\"primaryImageOfPage\":{\"@id\":\"https:\\\/\\\/eldigitaldeasturias.com\\\/magazine365\\\/cordoba-la-feria-mas-democratica\\\/#mainImage\"},\"datePublished\":\"2014-05-24T19:57:57+02:00\",\"dateModified\":\"2014-05-24T19:57:57+02:00\"},{\"@type\":\"WebSite\",\"@id\":\"https:\\\/\\\/eldigitaldeasturias.com\\\/magazine365\\\/#website\",\"url\":\"https:\\\/\\\/eldigitaldeasturias.com\\\/magazine365\\\/\",\"name\":\"El Digital de Asturias\",\"description\":\"Revista de ocio, turismo y estilo de vida\",\"inLanguage\":\"es-ES\",\"publisher\":{\"@id\":\"https:\\\/\\\/eldigitaldeasturias.com\\\/magazine365\\\/#organization\"}}]}\n\t\t<\/script>\n\t\t<!-- All in One SEO Pro -->\r\n\t\t<title>C\u00f3rdoba, la Feria m\u00e1s \u00abdemocr\u00e1tica\u00bb | El Digital de Asturias<\/title>\n\n","aioseo_head_json":{"title":"C\u00f3rdoba, la Feria m\u00e1s \u00abdemocr\u00e1tica\u00bb | El Digital de Asturias","description":"C\u00f3rdoba, 24 may (EFE).- M\u00e1s de 50.000 bombillas repartidas por el Recinto Ferial de C\u00f3rdoba se iluminaron anoche para dar el pistoletazo de salida oficial de la Feria de Nuestra Se\u00f1ora de La Salud, un festejo distinto a los que se celebran en Andaluc\u00eda, y que este a\u00f1o ser\u00e1 el m\u00e1s democr\u00e1tico por doble motivo.","canonical_url":"https:\/\/eldigitaldeasturias.com\/magazine365\/cordoba-la-feria-mas-democratica\/","robots":"max-image-preview:large","keywords":"noticias y actualidad","webmasterTools":{"google-site-verification":"UA-38556648-1","miscellaneous":""},"schema":{"@context":"https:\/\/schema.org","@graph":[{"@type":"Article","@id":"https:\/\/eldigitaldeasturias.com\/magazine365\/cordoba-la-feria-mas-democratica\/#article","name":"C\u00f3rdoba, la Feria m\u00e1s \u00abdemocr\u00e1tica\u00bb | El Digital de Asturias","headline":"C\u00f3rdoba, la Feria m\u00e1s \u00abdemocr\u00e1tica\u00bb","author":{"@id":"https:\/\/eldigitaldeasturias.com\/magazine365\/author\/admin\/#author"},"publisher":{"@id":"https:\/\/eldigitaldeasturias.com\/magazine365\/#organization"},"image":{"@type":"ImageObject","url":"https:\/\/eldigitaldeasturias.com\/magazine365\/wp-content\/uploads\/2014\/05\/6296273w.jpg","width":800,"height":402},"datePublished":"2014-05-24T19:57:57+02:00","dateModified":"2014-05-24T19:57:57+02:00","inLanguage":"es-ES","mainEntityOfPage":{"@id":"https:\/\/eldigitaldeasturias.com\/magazine365\/cordoba-la-feria-mas-democratica\/#webpage"},"isPartOf":{"@id":"https:\/\/eldigitaldeasturias.com\/magazine365\/cordoba-la-feria-mas-democratica\/#webpage"},"articleSection":"Noticias y Actualidad"},{"@type":"BreadcrumbList","@id":"https:\/\/eldigitaldeasturias.com\/magazine365\/cordoba-la-feria-mas-democratica\/#breadcrumblist","itemListElement":[{"@type":"ListItem","@id":"https:\/\/eldigitaldeasturias.com\/magazine365#listItem","position":1,"name":"Home","item":"https:\/\/eldigitaldeasturias.com\/magazine365","nextItem":{"@type":"ListItem","@id":"https:\/\/eldigitaldeasturias.com\/magazine365\/category\/noticias-actualidad\/#listItem","name":"Noticias y Actualidad"}},{"@type":"ListItem","@id":"https:\/\/eldigitaldeasturias.com\/magazine365\/category\/noticias-actualidad\/#listItem","position":2,"name":"Noticias y Actualidad","item":"https:\/\/eldigitaldeasturias.com\/magazine365\/category\/noticias-actualidad\/","nextItem":{"@type":"ListItem","@id":"https:\/\/eldigitaldeasturias.com\/magazine365\/cordoba-la-feria-mas-democratica\/#listItem","name":"C\u00f3rdoba, la Feria m\u00e1s \u00abdemocr\u00e1tica\u00bb"},"previousItem":{"@type":"ListItem","@id":"https:\/\/eldigitaldeasturias.com\/magazine365#listItem","name":"Home"}},{"@type":"ListItem","@id":"https:\/\/eldigitaldeasturias.com\/magazine365\/cordoba-la-feria-mas-democratica\/#listItem","position":3,"name":"C\u00f3rdoba, la Feria m\u00e1s \u00abdemocr\u00e1tica\u00bb","previousItem":{"@type":"ListItem","@id":"https:\/\/eldigitaldeasturias.com\/magazine365\/category\/noticias-actualidad\/#listItem","name":"Noticias y Actualidad"}}]},{"@type":"Organization","@id":"https:\/\/eldigitaldeasturias.com\/magazine365\/#organization","name":"El digital de Asturias","description":"Revista de ocio, turismo y estilo de vida","url":"https:\/\/eldigitaldeasturias.com\/magazine365\/","logo":{"@type":"ImageObject","url":"https:\/\/www.eldigitaldeasturias.com\/noticias\/wp-content\/uploads\/2020\/12\/EDA.jpg","@id":"https:\/\/eldigitaldeasturias.com\/magazine365\/cordoba-la-feria-mas-democratica\/#organizationLogo"},"image":{"@id":"https:\/\/eldigitaldeasturias.com\/magazine365\/cordoba-la-feria-mas-democratica\/#organizationLogo"}},{"@type":"Person","@id":"https:\/\/eldigitaldeasturias.com\/magazine365\/author\/admin\/#author","url":"https:\/\/eldigitaldeasturias.com\/magazine365\/author\/admin\/","name":"admin","image":{"@type":"ImageObject","@id":"https:\/\/eldigitaldeasturias.com\/magazine365\/cordoba-la-feria-mas-democratica\/#authorImage","url":"https:\/\/eldigitaldeasturias.com\/magazine365\/wp-content\/litespeed\/avatar\/e571bcf59a0edd6fa6838245a470f2fe.jpg?ver=1777574230","width":96,"height":96,"caption":"admin"}},{"@type":"WebPage","@id":"https:\/\/eldigitaldeasturias.com\/magazine365\/cordoba-la-feria-mas-democratica\/#webpage","url":"https:\/\/eldigitaldeasturias.com\/magazine365\/cordoba-la-feria-mas-democratica\/","name":"C\u00f3rdoba, la Feria m\u00e1s \u00abdemocr\u00e1tica\u00bb | El Digital de Asturias","description":"C\u00f3rdoba, 24 may (EFE).- M\u00e1s de 50.000 bombillas repartidas por el Recinto Ferial de C\u00f3rdoba se iluminaron anoche para dar el pistoletazo de salida oficial de la Feria de Nuestra Se\u00f1ora de La Salud, un festejo distinto a los que se celebran en Andaluc\u00eda, y que este a\u00f1o ser\u00e1 el m\u00e1s democr\u00e1tico por doble motivo.","inLanguage":"es-ES","isPartOf":{"@id":"https:\/\/eldigitaldeasturias.com\/magazine365\/#website"},"breadcrumb":{"@id":"https:\/\/eldigitaldeasturias.com\/magazine365\/cordoba-la-feria-mas-democratica\/#breadcrumblist"},"author":{"@id":"https:\/\/eldigitaldeasturias.com\/magazine365\/author\/admin\/#author"},"creator":{"@id":"https:\/\/eldigitaldeasturias.com\/magazine365\/author\/admin\/#author"},"image":{"@type":"ImageObject","url":"https:\/\/eldigitaldeasturias.com\/magazine365\/wp-content\/uploads\/2014\/05\/6296273w.jpg","@id":"https:\/\/eldigitaldeasturias.com\/magazine365\/cordoba-la-feria-mas-democratica\/#mainImage","width":800,"height":402},"primaryImageOfPage":{"@id":"https:\/\/eldigitaldeasturias.com\/magazine365\/cordoba-la-feria-mas-democratica\/#mainImage"},"datePublished":"2014-05-24T19:57:57+02:00","dateModified":"2014-05-24T19:57:57+02:00"},{"@type":"WebSite","@id":"https:\/\/eldigitaldeasturias.com\/magazine365\/#website","url":"https:\/\/eldigitaldeasturias.com\/magazine365\/","name":"El Digital de Asturias","description":"Revista de ocio, turismo y estilo de vida","inLanguage":"es-ES","publisher":{"@id":"https:\/\/eldigitaldeasturias.com\/magazine365\/#organization"}}]},"og:locale":"es_ES","og:site_name":"El Digital de Asturias \u2013 Revista de ocio, turismo y estilo de vida","og:type":"article","og:title":"C\u00f3rdoba, la Feria m\u00e1s \u00abdemocr\u00e1tica\u00bb | El Digital de Asturias","og:description":"C\u00f3rdoba, 24 may (EFE).- M\u00e1s de 50.000 bombillas repartidas por el Recinto Ferial de C\u00f3rdoba se iluminaron anoche para dar el pistoletazo de salida oficial de la Feria de Nuestra Se\u00f1ora de La Salud, un festejo distinto a los que se celebran en Andaluc\u00eda, y que este a\u00f1o ser\u00e1 el m\u00e1s democr\u00e1tico por doble motivo.","og:url":"https:\/\/eldigitaldeasturias.com\/magazine365\/cordoba-la-feria-mas-democratica\/","og:image":"https:\/\/eldigitaldeasturias.com\/magazine365\/wp-content\/uploads\/2014\/05\/6296273w.jpg","og:image:secure_url":"https:\/\/eldigitaldeasturias.com\/magazine365\/wp-content\/uploads\/2014\/05\/6296273w.jpg","og:image:width":800,"og:image:height":402,"article:published_time":"2014-05-24T21:57:57+00:00","article:modified_time":"2014-05-24T21:57:57+00:00","twitter:card":"summary_large_image","twitter:title":"C\u00f3rdoba, la Feria m\u00e1s \u00abdemocr\u00e1tica\u00bb | El Digital de Asturias","twitter:description":"C\u00f3rdoba, 24 may (EFE).- M\u00e1s de 50.000 bombillas repartidas por el Recinto Ferial de C\u00f3rdoba se iluminaron anoche para dar el pistoletazo de salida oficial de la Feria de Nuestra Se\u00f1ora de La Salud, un festejo distinto a los que se celebran en Andaluc\u00eda, y que este a\u00f1o ser\u00e1 el m\u00e1s democr\u00e1tico por doble motivo.","twitter:image":"https:\/\/eldigitaldeasturias.com\/magazine365\/wp-content\/uploads\/2014\/05\/6296273w.jpg"},"aioseo_meta_data":{"post_id":"13852","title":null,"description":null,"keywords":null,"keyphrases":null,"primary_term":null,"canonical_url":null,"og_title":null,"og_description":null,"og_object_type":"default","og_image_type":"default","og_image_url":null,"og_image_width":null,"og_image_height":null,"og_image_custom_url":null,"og_image_custom_fields":null,"og_video":null,"og_custom_url":null,"og_article_section":null,"og_article_tags":null,"twitter_use_og":false,"twitter_card":"default","twitter_image_type":"default","twitter_image_url":null,"twitter_image_custom_url":null,"twitter_image_custom_fields":null,"twitter_title":null,"twitter_description":null,"schema":{"blockGraphs":[],"customGraphs":[],"default":{"data":{"Article":[],"Course":[],"Dataset":[],"FAQPage":[],"Movie":[],"Person":[],"Product":[],"ProductReview":[],"Car":[],"Recipe":[],"Service":[],"SoftwareApplication":[],"WebPage":[]},"graphName":"","isEnabled":true},"graphs":[],"defaultGraph":"","defaultPostTypeGraph":""},"schema_type":null,"schema_type_options":null,"pillar_content":false,"robots_default":true,"robots_noindex":false,"robots_noarchive":false,"robots_nosnippet":false,"robots_nofollow":false,"robots_noimageindex":false,"robots_noodp":false,"robots_notranslate":false,"robots_max_snippet":null,"robots_max_videopreview":null,"robots_max_imagepreview":"large","priority":null,"frequency":null,"location":null,"local_seo":null,"seo_analyzer_scan_date":"2025-09-17 09:04:17","breadcrumb_settings":null,"limit_modified_date":false,"open_ai":null,"ai":null,"created":"2021-03-09 08:22:47","updated":"2025-09-17 09:04:17"},"aioseo_breadcrumb":"<div class=\"aioseo-breadcrumbs\"><span class=\"aioseo-breadcrumb\">\n\t<a href=\"https:\/\/eldigitaldeasturias.com\/magazine365\" title=\"Home\">Home<\/a>\n<\/span><span class=\"aioseo-breadcrumb-separator\">\u2013<\/span><span class=\"aioseo-breadcrumb\">\n\t<a href=\"https:\/\/eldigitaldeasturias.com\/magazine365\/category\/noticias-actualidad\/\" title=\"Noticias y Actualidad\">Noticias y Actualidad<\/a>\n<\/span><span class=\"aioseo-breadcrumb-separator\">\u2013<\/span><span class=\"aioseo-breadcrumb\">\n\t<a href=\"https:\/\/eldigitaldeasturias.com\/magazine365\/cordoba-la-feria-mas-democratica\/\" title=\"C\u00f3rdoba, la Feria m\u00e1s \u00abdemocr\u00e1tica\u00bb\">C\u00f3rdoba, la Feria m\u00e1s \u00abdemocr\u00e1tica\u00bb<\/a>\n<\/span><\/div>","aioseo_breadcrumb_json":[{"label":"Home","link":"https:\/\/eldigitaldeasturias.com\/magazine365"},{"label":"Noticias y Actualidad","link":"https:\/\/eldigitaldeasturias.com\/magazine365\/category\/noticias-actualidad\/"},{"label":"C\u00f3rdoba, la Feria m\u00e1s \u00abdemocr\u00e1tica\u00bb","link":"https:\/\/eldigitaldeasturias.com\/magazine365\/cordoba-la-feria-mas-democratica\/"}],"_links":{"self":[{"href":"https:\/\/eldigitaldeasturias.com\/magazine365\/wp-json\/wp\/v2\/posts\/13852","targetHints":{"allow":["GET"]}}],"collection":[{"href":"https:\/\/eldigitaldeasturias.com\/magazine365\/wp-json\/wp\/v2\/posts"}],"about":[{"href":"https:\/\/eldigitaldeasturias.com\/magazine365\/wp-json\/wp\/v2\/types\/post"}],"author":[{"embeddable":true,"href":"https:\/\/eldigitaldeasturias.com\/magazine365\/wp-json\/wp\/v2\/users\/1"}],"replies":[{"embeddable":true,"href":"https:\/\/eldigitaldeasturias.com\/magazine365\/wp-json\/wp\/v2\/comments?post=13852"}],"version-history":[{"count":0,"href":"https:\/\/eldigitaldeasturias.com\/magazine365\/wp-json\/wp\/v2\/posts\/13852\/revisions"}],"wp:featuredmedia":[{"embeddable":true,"href":"https:\/\/eldigitaldeasturias.com\/magazine365\/wp-json\/wp\/v2\/media\/13853"}],"wp:attachment":[{"href":"https:\/\/eldigitaldeasturias.com\/magazine365\/wp-json\/wp\/v2\/media?parent=13852"}],"wp:term":[{"taxonomy":"category","embeddable":true,"href":"https:\/\/eldigitaldeasturias.com\/magazine365\/wp-json\/wp\/v2\/categories?post=13852"},{"taxonomy":"post_tag","embeddable":true,"href":"https:\/\/eldigitaldeasturias.com\/magazine365\/wp-json\/wp\/v2\/tags?post=13852"}],"curies":[{"name":"wp","href":"https:\/\/api.w.org\/{rel}","templated":true}]}}