{"id":13843,"date":"2014-05-24T19:49:02","date_gmt":"2014-05-24T21:49:02","guid":{"rendered":"http:\/\/eldigitaldeasturias.com\/magazine365\/?p=13843"},"modified":"2014-05-24T19:49:02","modified_gmt":"2014-05-24T21:49:02","slug":"diaz-yanes-hugo-silva-y-goya-toledo-alzan-el-telon-del-festival-de-alicante","status":"publish","type":"post","link":"https:\/\/eldigitaldeasturias.com\/magazine365\/diaz-yanes-hugo-silva-y-goya-toledo-alzan-el-telon-del-festival-de-alicante\/","title":{"rendered":"D\u00edaz Yanes, Hugo Silva y Goya Toledo alzan el tel\u00f3n del Festival de Alicante"},"content":{"rendered":"<p><img fetchpriority=\"high\" decoding=\"async\" class=\"alignleft size-medium wp-image-13844\" alt=\"6296703w\" src=\"https:\/\/eldigitaldeasturias.com\/magazine365\/wp-content\/uploads\/2014\/05\/6296703w-360x239.jpg\" width=\"360\" height=\"239\" \/>Alicante, 24 may (EFE).- El cineasta Agust\u00edn D\u00edaz Yanes, el actor Hugo Silva y la actriz Goya Toledo ser\u00e1n homenajeados esta noche en el Festival de Cine de Alicante, una cita con el s\u00e9ptimo arte en el que seis pel\u00edculas y 32 cortometrajes competir\u00e1n en la secci\u00f3n oficial.<\/p>\n<p>El Auditorio de Alicante (ADDA) se vestir\u00e1 esta noche de gala para recibir a los invitados de este festival, que cumple su und\u00e9cima edici\u00f3n y cuyo programa de actividades finalizar\u00e1 el 31 de mayo.<\/p>\n<p>Su director, Vicente Seva, ha recibido esta ma\u00f1ana a D\u00edaz Yanes y Hugo Silva, despu\u00e9s de que ayer compareciera ante la prensa junto a Goya Toledo.<\/p>\n<p>D\u00edaz Yanes ha destacado la importancia de este tipo de cert\u00e1menes como \u00abmedio a trav\u00e9s del que se pueden ver pel\u00edculas que no se proyectan en salas comerciales\u00bb, informan fuentes de la organizaci\u00f3n del festival.<\/p>\n<p>\u00abSiempre es agradable recibir premios que te indican que vas por el buen camino\u00bb, ha se\u00f1alado el actor Hugo Silva.<\/p>\n<p>El premio \u00abLucentum\u00bb, que reconoce la trayectoria profesional de directores, ha reca\u00eddo este a\u00f1o en Agust\u00edn D\u00edaz Yanes, ganador en 1996 del Goya al mejor director novel -tambi\u00e9n mejor gui\u00f3n original- por la pel\u00edcula \u00abNadie hablar\u00e1 de nosotras cuando hayamos muerto\u00bb.<\/p>\n<p>D\u00edaz Yanes se sumar\u00e1 as\u00ed a otros compa\u00f1eros de profesi\u00f3n que ya tienen este premio alicantino, como Rodrigo Cort\u00e9s, Alex de la Iglesia, Bigas Luna, Daniel Monz\u00f3n, Gracia Querejeta, Jaume Balaguer\u00f3 y Paco Plaza.<\/p>\n<p>Como parte del homenaje del festival alicantino a este director se proyectar\u00e1 un ciclo con algunas de sus pel\u00edculas, entre las que figuran la ya citada \u00abNadie hablar\u00e1 de nosotras cuando hayamos muerto\u00bb, \u00abSin noticias de Dios\u00bb, \u00abAlatriste\u00bb y \u00abSolo quiero caminar\u00bb.<\/p>\n<p>Como reconocimiento a su prometedora carrera cinematogr\u00e1fica, Hugo Silva recibir\u00e1 el premio \u00abCiudad de Alicante\u00bb por su talento y proyecci\u00f3n en el panorama nacional, seg\u00fan destaca la direcci\u00f3n del certamen.<\/p>\n<p>Silva, que el pasado a\u00f1o trabaj\u00f3 con Pedro Almod\u00f3var en \u00abLos amantes pasajeros\u00bb y con Alex de la Iglesia en \u00abLas Brujas de Zugarramurdi\u00bb, se une a otros compa\u00f1eros de escena que fueron premiados en Alicante (Mario Casas, Luc\u00eda Jim\u00e9nez, Ernesto Alterio, Ra\u00fal Ar\u00e9valo, Fernando Tejero y Natalia Verbeke, entre otros).<\/p>\n<p>El Premio de Honor del festival lo recoger\u00e1 la actriz Goya Toledo por \u00absu extensa trayectoria profesional\u00bb y su \u00abversatilidad para interpretar personajes de todo tipo\u00bb, seg\u00fan ha afirmado el director del certamen alicantino, Juan Seva.<\/p>\n<p>Imanol Arias, Jos\u00e9 Sancho, Mercedes Sampietro, Terele Pavez, Jos\u00e9 Coronado, \u00c1ngela Molina y Maribel Verd\u00fa han sido sus predecesores en recoger este galard\u00f3n.<\/p>\n<p>Toledo, que estrenar\u00e1 este a\u00f1o su \u00faltima pel\u00edcula, \u00abMarsella\u00bb, dirigida por Bel\u00e9n Mac\u00edas, ha estado dos veces nominada a los premios Goya; en 1998 como mejor actriz revelaci\u00f3n en \u00abMarar\u00eda\u00bb y en 2011 por \u00abMaktub\u00bb.<\/p>\n<p>Un total de seis pel\u00edculas, todas ellas espa\u00f1olas, y 32 cortometrajes competir\u00e1n en la secci\u00f3n oficial de esta und\u00e9cima edici\u00f3n, en el que ha batido su r\u00e9cord de participaci\u00f3n al recibir un total de 1.300 cortos procedentes de distintos pa\u00edses y 65 largometrajes nacionales.<\/p>\n<p>Los seis largometrajes finalmente elegidos son: \u00abBlockbuster\u00bb, de Tirso Calero; \u00abEl amor no es lo que era\u00bb, de Gabriel Ochoa Peris; \u00abDioses y perros\u00bb, de David Marqu\u00e9s; \u00abElvira\u00bb, de Manu Ochoa y Antonio Travieso; \u00abLa despedida\u00bb, de \u00c1lvaro D\u00edaz Lorenzo, y \u00abEl Rayo\u00bb, de Ernesto de Nova Rold\u00e1n y Fran Ara\u00fajo.<\/p>\n<p>Estas cintas competir\u00e1n por alzarse con la &#8216;Tesela de Oro&#8217; a la mejor pel\u00edcula, un reconocimiento que estar\u00e1 dotado con una cuant\u00eda de 4.000 euros. Adem\u00e1s, el jurado oficial entregar\u00e1 &#8216;Teselas de plata&#8217; al mejor director, mejor actriz y mejor actor.<\/p>\n<p>Las pel\u00edculas que compiten en la secci\u00f3n oficial tambi\u00e9n optar\u00e1n al premio especial que concede el jurado de la cr\u00edtica al mejor largometraje.<\/p>\n<p>En la secci\u00f3n de cortometrajes han sido seleccionados para el concurso 32 cintas (24 de ficci\u00f3n y 8 de animaci\u00f3n). Estos cortos competir\u00e1n por el premio al mejor cortometraje, dotado con 2.000 euros, y trofeos para el mejor director, mejor actor, mejor actriz y mejor gui\u00f3n.<\/p>\n","protected":false},"excerpt":{"rendered":"<p>Alicante, 24 may (EFE).- El cineasta Agust\u00edn D\u00edaz Yanes, el actor Hugo Silva y la actriz Goya Toledo ser\u00e1n homenajeados esta noche en el Festival de Cine de Alicante, una cita con el s\u00e9ptimo arte en el que seis pel\u00edculas y 32 cortometrajes competir\u00e1n en la secci\u00f3n oficial. El Auditorio de Alicante (ADDA) se vestir\u00e1<\/p>\n","protected":false},"author":1,"featured_media":13844,"comment_status":"open","ping_status":"closed","sticky":false,"template":"","format":"standard","meta":{"footnotes":""},"categories":[224],"tags":[],"class_list":{"0":"post-13843","1":"post","2":"type-post","3":"status-publish","4":"format-standard","5":"has-post-thumbnail","7":"category-noticias-actualidad"},"aioseo_notices":[],"aioseo_head":"\n\t\t<!-- All in One SEO Pro 4.9.6.1 - aioseo.com -->\n\t<meta name=\"description\" content=\"Alicante, 24 may (EFE).- El cineasta Agust\u00edn D\u00edaz Yanes, el actor Hugo Silva y la actriz Goya Toledo ser\u00e1n homenajeados esta noche en el Festival de Cine de Alicante, una cita con el s\u00e9ptimo arte en el que seis pel\u00edculas y 32 cortometrajes competir\u00e1n en la secci\u00f3n oficial. El Auditorio de Alicante (ADDA) se vestir\u00e1\" \/>\n\t<meta name=\"robots\" content=\"max-image-preview:large\" \/>\n\t<meta name=\"author\" content=\"admin\"\/>\n\t<meta name=\"google-site-verification\" content=\"UA-38556648-1\" \/>\n\t<meta name=\"keywords\" content=\"noticias y actualidad\" \/>\n\t<link rel=\"canonical\" href=\"https:\/\/eldigitaldeasturias.com\/magazine365\/diaz-yanes-hugo-silva-y-goya-toledo-alzan-el-telon-del-festival-de-alicante\/\" \/>\n\t<meta name=\"generator\" content=\"All in One SEO Pro (AIOSEO) 4.9.6.1\" \/>\n\t\t<meta property=\"og:locale\" content=\"es_ES\" \/>\n\t\t<meta property=\"og:site_name\" content=\"El Digital de Asturias \u2013 Revista de ocio, turismo y estilo de vida\" \/>\n\t\t<meta property=\"og:type\" content=\"article\" \/>\n\t\t<meta property=\"og:title\" content=\"D\u00edaz Yanes, Hugo Silva y Goya Toledo alzan el tel\u00f3n del Festival de Alicante | El Digital de Asturias\" \/>\n\t\t<meta property=\"og:description\" content=\"Alicante, 24 may (EFE).- El cineasta Agust\u00edn D\u00edaz Yanes, el actor Hugo Silva y la actriz Goya Toledo ser\u00e1n homenajeados esta noche en el Festival de Cine de Alicante, una cita con el s\u00e9ptimo arte en el que seis pel\u00edculas y 32 cortometrajes competir\u00e1n en la secci\u00f3n oficial. El Auditorio de Alicante (ADDA) se vestir\u00e1\" \/>\n\t\t<meta property=\"og:url\" content=\"https:\/\/eldigitaldeasturias.com\/magazine365\/diaz-yanes-hugo-silva-y-goya-toledo-alzan-el-telon-del-festival-de-alicante\/\" \/>\n\t\t<meta property=\"og:image\" content=\"https:\/\/eldigitaldeasturias.com\/magazine365\/wp-content\/uploads\/2014\/05\/6296703w.jpg\" \/>\n\t\t<meta property=\"og:image:secure_url\" content=\"https:\/\/eldigitaldeasturias.com\/magazine365\/wp-content\/uploads\/2014\/05\/6296703w.jpg\" \/>\n\t\t<meta property=\"og:image:width\" content=\"800\" \/>\n\t\t<meta property=\"og:image:height\" content=\"533\" \/>\n\t\t<meta property=\"article:published_time\" content=\"2014-05-24T21:49:02+00:00\" \/>\n\t\t<meta property=\"article:modified_time\" content=\"2014-05-24T21:49:02+00:00\" \/>\n\t\t<meta name=\"twitter:card\" content=\"summary_large_image\" \/>\n\t\t<meta name=\"twitter:title\" content=\"D\u00edaz Yanes, Hugo Silva y Goya Toledo alzan el tel\u00f3n del Festival de Alicante | El Digital de Asturias\" \/>\n\t\t<meta name=\"twitter:description\" content=\"Alicante, 24 may (EFE).- El cineasta Agust\u00edn D\u00edaz Yanes, el actor Hugo Silva y la actriz Goya Toledo ser\u00e1n homenajeados esta noche en el Festival de Cine de Alicante, una cita con el s\u00e9ptimo arte en el que seis pel\u00edculas y 32 cortometrajes competir\u00e1n en la secci\u00f3n oficial. El Auditorio de Alicante (ADDA) se vestir\u00e1\" \/>\n\t\t<meta name=\"twitter:image\" content=\"https:\/\/eldigitaldeasturias.com\/magazine365\/wp-content\/uploads\/2014\/05\/6296703w.jpg\" \/>\n\t\t<script type=\"application\/ld+json\" class=\"aioseo-schema\">\n\t\t\t{\"@context\":\"https:\\\/\\\/schema.org\",\"@graph\":[{\"@type\":\"Article\",\"@id\":\"https:\\\/\\\/eldigitaldeasturias.com\\\/magazine365\\\/diaz-yanes-hugo-silva-y-goya-toledo-alzan-el-telon-del-festival-de-alicante\\\/#article\",\"name\":\"D\\u00edaz Yanes, Hugo Silva y Goya Toledo alzan el tel\\u00f3n del Festival de Alicante | El Digital de Asturias\",\"headline\":\"D\\u00edaz Yanes, Hugo Silva y Goya Toledo alzan el tel\\u00f3n del Festival de Alicante\",\"author\":{\"@id\":\"https:\\\/\\\/eldigitaldeasturias.com\\\/magazine365\\\/author\\\/admin\\\/#author\"},\"publisher\":{\"@id\":\"https:\\\/\\\/eldigitaldeasturias.com\\\/magazine365\\\/#organization\"},\"image\":{\"@type\":\"ImageObject\",\"url\":\"https:\\\/\\\/eldigitaldeasturias.com\\\/magazine365\\\/wp-content\\\/uploads\\\/2014\\\/05\\\/6296703w.jpg\",\"width\":800,\"height\":533},\"datePublished\":\"2014-05-24T19:49:02+02:00\",\"dateModified\":\"2014-05-24T19:49:02+02:00\",\"inLanguage\":\"es-ES\",\"mainEntityOfPage\":{\"@id\":\"https:\\\/\\\/eldigitaldeasturias.com\\\/magazine365\\\/diaz-yanes-hugo-silva-y-goya-toledo-alzan-el-telon-del-festival-de-alicante\\\/#webpage\"},\"isPartOf\":{\"@id\":\"https:\\\/\\\/eldigitaldeasturias.com\\\/magazine365\\\/diaz-yanes-hugo-silva-y-goya-toledo-alzan-el-telon-del-festival-de-alicante\\\/#webpage\"},\"articleSection\":\"Noticias y Actualidad\"},{\"@type\":\"BreadcrumbList\",\"@id\":\"https:\\\/\\\/eldigitaldeasturias.com\\\/magazine365\\\/diaz-yanes-hugo-silva-y-goya-toledo-alzan-el-telon-del-festival-de-alicante\\\/#breadcrumblist\",\"itemListElement\":[{\"@type\":\"ListItem\",\"@id\":\"https:\\\/\\\/eldigitaldeasturias.com\\\/magazine365#listItem\",\"position\":1,\"name\":\"Home\",\"item\":\"https:\\\/\\\/eldigitaldeasturias.com\\\/magazine365\",\"nextItem\":{\"@type\":\"ListItem\",\"@id\":\"https:\\\/\\\/eldigitaldeasturias.com\\\/magazine365\\\/category\\\/noticias-actualidad\\\/#listItem\",\"name\":\"Noticias y Actualidad\"}},{\"@type\":\"ListItem\",\"@id\":\"https:\\\/\\\/eldigitaldeasturias.com\\\/magazine365\\\/category\\\/noticias-actualidad\\\/#listItem\",\"position\":2,\"name\":\"Noticias y Actualidad\",\"item\":\"https:\\\/\\\/eldigitaldeasturias.com\\\/magazine365\\\/category\\\/noticias-actualidad\\\/\",\"nextItem\":{\"@type\":\"ListItem\",\"@id\":\"https:\\\/\\\/eldigitaldeasturias.com\\\/magazine365\\\/diaz-yanes-hugo-silva-y-goya-toledo-alzan-el-telon-del-festival-de-alicante\\\/#listItem\",\"name\":\"D\\u00edaz Yanes, Hugo Silva y Goya Toledo alzan el tel\\u00f3n del Festival de Alicante\"},\"previousItem\":{\"@type\":\"ListItem\",\"@id\":\"https:\\\/\\\/eldigitaldeasturias.com\\\/magazine365#listItem\",\"name\":\"Home\"}},{\"@type\":\"ListItem\",\"@id\":\"https:\\\/\\\/eldigitaldeasturias.com\\\/magazine365\\\/diaz-yanes-hugo-silva-y-goya-toledo-alzan-el-telon-del-festival-de-alicante\\\/#listItem\",\"position\":3,\"name\":\"D\\u00edaz Yanes, Hugo Silva y Goya Toledo alzan el tel\\u00f3n del Festival de Alicante\",\"previousItem\":{\"@type\":\"ListItem\",\"@id\":\"https:\\\/\\\/eldigitaldeasturias.com\\\/magazine365\\\/category\\\/noticias-actualidad\\\/#listItem\",\"name\":\"Noticias y Actualidad\"}}]},{\"@type\":\"Organization\",\"@id\":\"https:\\\/\\\/eldigitaldeasturias.com\\\/magazine365\\\/#organization\",\"name\":\"El digital de Asturias\",\"description\":\"Revista de ocio, turismo y estilo de vida\",\"url\":\"https:\\\/\\\/eldigitaldeasturias.com\\\/magazine365\\\/\",\"logo\":{\"@type\":\"ImageObject\",\"url\":\"https:\\\/\\\/www.eldigitaldeasturias.com\\\/noticias\\\/wp-content\\\/uploads\\\/2020\\\/12\\\/EDA.jpg\",\"@id\":\"https:\\\/\\\/eldigitaldeasturias.com\\\/magazine365\\\/diaz-yanes-hugo-silva-y-goya-toledo-alzan-el-telon-del-festival-de-alicante\\\/#organizationLogo\"},\"image\":{\"@id\":\"https:\\\/\\\/eldigitaldeasturias.com\\\/magazine365\\\/diaz-yanes-hugo-silva-y-goya-toledo-alzan-el-telon-del-festival-de-alicante\\\/#organizationLogo\"}},{\"@type\":\"Person\",\"@id\":\"https:\\\/\\\/eldigitaldeasturias.com\\\/magazine365\\\/author\\\/admin\\\/#author\",\"url\":\"https:\\\/\\\/eldigitaldeasturias.com\\\/magazine365\\\/author\\\/admin\\\/\",\"name\":\"admin\",\"image\":{\"@type\":\"ImageObject\",\"@id\":\"https:\\\/\\\/eldigitaldeasturias.com\\\/magazine365\\\/diaz-yanes-hugo-silva-y-goya-toledo-alzan-el-telon-del-festival-de-alicante\\\/#authorImage\",\"url\":\"https:\\\/\\\/eldigitaldeasturias.com\\\/magazine365\\\/wp-content\\\/litespeed\\\/avatar\\\/e571bcf59a0edd6fa6838245a470f2fe.jpg?ver=1776969259\",\"width\":96,\"height\":96,\"caption\":\"admin\"}},{\"@type\":\"WebPage\",\"@id\":\"https:\\\/\\\/eldigitaldeasturias.com\\\/magazine365\\\/diaz-yanes-hugo-silva-y-goya-toledo-alzan-el-telon-del-festival-de-alicante\\\/#webpage\",\"url\":\"https:\\\/\\\/eldigitaldeasturias.com\\\/magazine365\\\/diaz-yanes-hugo-silva-y-goya-toledo-alzan-el-telon-del-festival-de-alicante\\\/\",\"name\":\"D\\u00edaz Yanes, Hugo Silva y Goya Toledo alzan el tel\\u00f3n del Festival de Alicante | El Digital de Asturias\",\"description\":\"Alicante, 24 may (EFE).- El cineasta Agust\\u00edn D\\u00edaz Yanes, el actor Hugo Silva y la actriz Goya Toledo ser\\u00e1n homenajeados esta noche en el Festival de Cine de Alicante, una cita con el s\\u00e9ptimo arte en el que seis pel\\u00edculas y 32 cortometrajes competir\\u00e1n en la secci\\u00f3n oficial. El Auditorio de Alicante (ADDA) se vestir\\u00e1\",\"inLanguage\":\"es-ES\",\"isPartOf\":{\"@id\":\"https:\\\/\\\/eldigitaldeasturias.com\\\/magazine365\\\/#website\"},\"breadcrumb\":{\"@id\":\"https:\\\/\\\/eldigitaldeasturias.com\\\/magazine365\\\/diaz-yanes-hugo-silva-y-goya-toledo-alzan-el-telon-del-festival-de-alicante\\\/#breadcrumblist\"},\"author\":{\"@id\":\"https:\\\/\\\/eldigitaldeasturias.com\\\/magazine365\\\/author\\\/admin\\\/#author\"},\"creator\":{\"@id\":\"https:\\\/\\\/eldigitaldeasturias.com\\\/magazine365\\\/author\\\/admin\\\/#author\"},\"image\":{\"@type\":\"ImageObject\",\"url\":\"https:\\\/\\\/eldigitaldeasturias.com\\\/magazine365\\\/wp-content\\\/uploads\\\/2014\\\/05\\\/6296703w.jpg\",\"@id\":\"https:\\\/\\\/eldigitaldeasturias.com\\\/magazine365\\\/diaz-yanes-hugo-silva-y-goya-toledo-alzan-el-telon-del-festival-de-alicante\\\/#mainImage\",\"width\":800,\"height\":533},\"primaryImageOfPage\":{\"@id\":\"https:\\\/\\\/eldigitaldeasturias.com\\\/magazine365\\\/diaz-yanes-hugo-silva-y-goya-toledo-alzan-el-telon-del-festival-de-alicante\\\/#mainImage\"},\"datePublished\":\"2014-05-24T19:49:02+02:00\",\"dateModified\":\"2014-05-24T19:49:02+02:00\"},{\"@type\":\"WebSite\",\"@id\":\"https:\\\/\\\/eldigitaldeasturias.com\\\/magazine365\\\/#website\",\"url\":\"https:\\\/\\\/eldigitaldeasturias.com\\\/magazine365\\\/\",\"name\":\"El Digital de Asturias\",\"description\":\"Revista de ocio, turismo y estilo de vida\",\"inLanguage\":\"es-ES\",\"publisher\":{\"@id\":\"https:\\\/\\\/eldigitaldeasturias.com\\\/magazine365\\\/#organization\"}}]}\n\t\t<\/script>\n\t\t<!-- All in One SEO Pro -->\r\n\t\t<title>D\u00edaz Yanes, Hugo Silva y Goya Toledo alzan el tel\u00f3n del Festival de Alicante | El Digital de Asturias<\/title>\n\n","aioseo_head_json":{"title":"D\u00edaz Yanes, Hugo Silva y Goya Toledo alzan el tel\u00f3n del Festival de Alicante | El Digital de Asturias","description":"Alicante, 24 may (EFE).- El cineasta Agust\u00edn D\u00edaz Yanes, el actor Hugo Silva y la actriz Goya Toledo ser\u00e1n homenajeados esta noche en el Festival de Cine de Alicante, una cita con el s\u00e9ptimo arte en el que seis pel\u00edculas y 32 cortometrajes competir\u00e1n en la secci\u00f3n oficial. El Auditorio de Alicante (ADDA) se vestir\u00e1","canonical_url":"https:\/\/eldigitaldeasturias.com\/magazine365\/diaz-yanes-hugo-silva-y-goya-toledo-alzan-el-telon-del-festival-de-alicante\/","robots":"max-image-preview:large","keywords":"noticias y actualidad","webmasterTools":{"google-site-verification":"UA-38556648-1","miscellaneous":""},"schema":{"@context":"https:\/\/schema.org","@graph":[{"@type":"Article","@id":"https:\/\/eldigitaldeasturias.com\/magazine365\/diaz-yanes-hugo-silva-y-goya-toledo-alzan-el-telon-del-festival-de-alicante\/#article","name":"D\u00edaz Yanes, Hugo Silva y Goya Toledo alzan el tel\u00f3n del Festival de Alicante | El Digital de Asturias","headline":"D\u00edaz Yanes, Hugo Silva y Goya Toledo alzan el tel\u00f3n del Festival de Alicante","author":{"@id":"https:\/\/eldigitaldeasturias.com\/magazine365\/author\/admin\/#author"},"publisher":{"@id":"https:\/\/eldigitaldeasturias.com\/magazine365\/#organization"},"image":{"@type":"ImageObject","url":"https:\/\/eldigitaldeasturias.com\/magazine365\/wp-content\/uploads\/2014\/05\/6296703w.jpg","width":800,"height":533},"datePublished":"2014-05-24T19:49:02+02:00","dateModified":"2014-05-24T19:49:02+02:00","inLanguage":"es-ES","mainEntityOfPage":{"@id":"https:\/\/eldigitaldeasturias.com\/magazine365\/diaz-yanes-hugo-silva-y-goya-toledo-alzan-el-telon-del-festival-de-alicante\/#webpage"},"isPartOf":{"@id":"https:\/\/eldigitaldeasturias.com\/magazine365\/diaz-yanes-hugo-silva-y-goya-toledo-alzan-el-telon-del-festival-de-alicante\/#webpage"},"articleSection":"Noticias y Actualidad"},{"@type":"BreadcrumbList","@id":"https:\/\/eldigitaldeasturias.com\/magazine365\/diaz-yanes-hugo-silva-y-goya-toledo-alzan-el-telon-del-festival-de-alicante\/#breadcrumblist","itemListElement":[{"@type":"ListItem","@id":"https:\/\/eldigitaldeasturias.com\/magazine365#listItem","position":1,"name":"Home","item":"https:\/\/eldigitaldeasturias.com\/magazine365","nextItem":{"@type":"ListItem","@id":"https:\/\/eldigitaldeasturias.com\/magazine365\/category\/noticias-actualidad\/#listItem","name":"Noticias y Actualidad"}},{"@type":"ListItem","@id":"https:\/\/eldigitaldeasturias.com\/magazine365\/category\/noticias-actualidad\/#listItem","position":2,"name":"Noticias y Actualidad","item":"https:\/\/eldigitaldeasturias.com\/magazine365\/category\/noticias-actualidad\/","nextItem":{"@type":"ListItem","@id":"https:\/\/eldigitaldeasturias.com\/magazine365\/diaz-yanes-hugo-silva-y-goya-toledo-alzan-el-telon-del-festival-de-alicante\/#listItem","name":"D\u00edaz Yanes, Hugo Silva y Goya Toledo alzan el tel\u00f3n del Festival de Alicante"},"previousItem":{"@type":"ListItem","@id":"https:\/\/eldigitaldeasturias.com\/magazine365#listItem","name":"Home"}},{"@type":"ListItem","@id":"https:\/\/eldigitaldeasturias.com\/magazine365\/diaz-yanes-hugo-silva-y-goya-toledo-alzan-el-telon-del-festival-de-alicante\/#listItem","position":3,"name":"D\u00edaz Yanes, Hugo Silva y Goya Toledo alzan el tel\u00f3n del Festival de Alicante","previousItem":{"@type":"ListItem","@id":"https:\/\/eldigitaldeasturias.com\/magazine365\/category\/noticias-actualidad\/#listItem","name":"Noticias y Actualidad"}}]},{"@type":"Organization","@id":"https:\/\/eldigitaldeasturias.com\/magazine365\/#organization","name":"El digital de Asturias","description":"Revista de ocio, turismo y estilo de vida","url":"https:\/\/eldigitaldeasturias.com\/magazine365\/","logo":{"@type":"ImageObject","url":"https:\/\/www.eldigitaldeasturias.com\/noticias\/wp-content\/uploads\/2020\/12\/EDA.jpg","@id":"https:\/\/eldigitaldeasturias.com\/magazine365\/diaz-yanes-hugo-silva-y-goya-toledo-alzan-el-telon-del-festival-de-alicante\/#organizationLogo"},"image":{"@id":"https:\/\/eldigitaldeasturias.com\/magazine365\/diaz-yanes-hugo-silva-y-goya-toledo-alzan-el-telon-del-festival-de-alicante\/#organizationLogo"}},{"@type":"Person","@id":"https:\/\/eldigitaldeasturias.com\/magazine365\/author\/admin\/#author","url":"https:\/\/eldigitaldeasturias.com\/magazine365\/author\/admin\/","name":"admin","image":{"@type":"ImageObject","@id":"https:\/\/eldigitaldeasturias.com\/magazine365\/diaz-yanes-hugo-silva-y-goya-toledo-alzan-el-telon-del-festival-de-alicante\/#authorImage","url":"https:\/\/eldigitaldeasturias.com\/magazine365\/wp-content\/litespeed\/avatar\/e571bcf59a0edd6fa6838245a470f2fe.jpg?ver=1776969259","width":96,"height":96,"caption":"admin"}},{"@type":"WebPage","@id":"https:\/\/eldigitaldeasturias.com\/magazine365\/diaz-yanes-hugo-silva-y-goya-toledo-alzan-el-telon-del-festival-de-alicante\/#webpage","url":"https:\/\/eldigitaldeasturias.com\/magazine365\/diaz-yanes-hugo-silva-y-goya-toledo-alzan-el-telon-del-festival-de-alicante\/","name":"D\u00edaz Yanes, Hugo Silva y Goya Toledo alzan el tel\u00f3n del Festival de Alicante | El Digital de Asturias","description":"Alicante, 24 may (EFE).- El cineasta Agust\u00edn D\u00edaz Yanes, el actor Hugo Silva y la actriz Goya Toledo ser\u00e1n homenajeados esta noche en el Festival de Cine de Alicante, una cita con el s\u00e9ptimo arte en el que seis pel\u00edculas y 32 cortometrajes competir\u00e1n en la secci\u00f3n oficial. El Auditorio de Alicante (ADDA) se vestir\u00e1","inLanguage":"es-ES","isPartOf":{"@id":"https:\/\/eldigitaldeasturias.com\/magazine365\/#website"},"breadcrumb":{"@id":"https:\/\/eldigitaldeasturias.com\/magazine365\/diaz-yanes-hugo-silva-y-goya-toledo-alzan-el-telon-del-festival-de-alicante\/#breadcrumblist"},"author":{"@id":"https:\/\/eldigitaldeasturias.com\/magazine365\/author\/admin\/#author"},"creator":{"@id":"https:\/\/eldigitaldeasturias.com\/magazine365\/author\/admin\/#author"},"image":{"@type":"ImageObject","url":"https:\/\/eldigitaldeasturias.com\/magazine365\/wp-content\/uploads\/2014\/05\/6296703w.jpg","@id":"https:\/\/eldigitaldeasturias.com\/magazine365\/diaz-yanes-hugo-silva-y-goya-toledo-alzan-el-telon-del-festival-de-alicante\/#mainImage","width":800,"height":533},"primaryImageOfPage":{"@id":"https:\/\/eldigitaldeasturias.com\/magazine365\/diaz-yanes-hugo-silva-y-goya-toledo-alzan-el-telon-del-festival-de-alicante\/#mainImage"},"datePublished":"2014-05-24T19:49:02+02:00","dateModified":"2014-05-24T19:49:02+02:00"},{"@type":"WebSite","@id":"https:\/\/eldigitaldeasturias.com\/magazine365\/#website","url":"https:\/\/eldigitaldeasturias.com\/magazine365\/","name":"El Digital de Asturias","description":"Revista de ocio, turismo y estilo de vida","inLanguage":"es-ES","publisher":{"@id":"https:\/\/eldigitaldeasturias.com\/magazine365\/#organization"}}]},"og:locale":"es_ES","og:site_name":"El Digital de Asturias \u2013 Revista de ocio, turismo y estilo de vida","og:type":"article","og:title":"D\u00edaz Yanes, Hugo Silva y Goya Toledo alzan el tel\u00f3n del Festival de Alicante | El Digital de Asturias","og:description":"Alicante, 24 may (EFE).- El cineasta Agust\u00edn D\u00edaz Yanes, el actor Hugo Silva y la actriz Goya Toledo ser\u00e1n homenajeados esta noche en el Festival de Cine de Alicante, una cita con el s\u00e9ptimo arte en el que seis pel\u00edculas y 32 cortometrajes competir\u00e1n en la secci\u00f3n oficial. El Auditorio de Alicante (ADDA) se vestir\u00e1","og:url":"https:\/\/eldigitaldeasturias.com\/magazine365\/diaz-yanes-hugo-silva-y-goya-toledo-alzan-el-telon-del-festival-de-alicante\/","og:image":"https:\/\/eldigitaldeasturias.com\/magazine365\/wp-content\/uploads\/2014\/05\/6296703w.jpg","og:image:secure_url":"https:\/\/eldigitaldeasturias.com\/magazine365\/wp-content\/uploads\/2014\/05\/6296703w.jpg","og:image:width":800,"og:image:height":533,"article:published_time":"2014-05-24T21:49:02+00:00","article:modified_time":"2014-05-24T21:49:02+00:00","twitter:card":"summary_large_image","twitter:title":"D\u00edaz Yanes, Hugo Silva y Goya Toledo alzan el tel\u00f3n del Festival de Alicante | El Digital de Asturias","twitter:description":"Alicante, 24 may (EFE).- El cineasta Agust\u00edn D\u00edaz Yanes, el actor Hugo Silva y la actriz Goya Toledo ser\u00e1n homenajeados esta noche en el Festival de Cine de Alicante, una cita con el s\u00e9ptimo arte en el que seis pel\u00edculas y 32 cortometrajes competir\u00e1n en la secci\u00f3n oficial. El Auditorio de Alicante (ADDA) se vestir\u00e1","twitter:image":"https:\/\/eldigitaldeasturias.com\/magazine365\/wp-content\/uploads\/2014\/05\/6296703w.jpg"},"aioseo_meta_data":{"post_id":"13843","title":null,"description":null,"keywords":null,"keyphrases":null,"primary_term":null,"canonical_url":null,"og_title":null,"og_description":null,"og_object_type":"default","og_image_type":"default","og_image_url":null,"og_image_width":null,"og_image_height":null,"og_image_custom_url":null,"og_image_custom_fields":null,"og_video":null,"og_custom_url":null,"og_article_section":null,"og_article_tags":null,"twitter_use_og":false,"twitter_card":"default","twitter_image_type":"default","twitter_image_url":null,"twitter_image_custom_url":null,"twitter_image_custom_fields":null,"twitter_title":null,"twitter_description":null,"schema":{"blockGraphs":[],"customGraphs":[],"default":{"data":{"Article":[],"Course":[],"Dataset":[],"FAQPage":[],"Movie":[],"Person":[],"Product":[],"ProductReview":[],"Car":[],"Recipe":[],"Service":[],"SoftwareApplication":[],"WebPage":[]},"graphName":"","isEnabled":true},"graphs":[],"defaultGraph":"","defaultPostTypeGraph":""},"schema_type":null,"schema_type_options":null,"pillar_content":false,"robots_default":true,"robots_noindex":false,"robots_noarchive":false,"robots_nosnippet":false,"robots_nofollow":false,"robots_noimageindex":false,"robots_noodp":false,"robots_notranslate":false,"robots_max_snippet":null,"robots_max_videopreview":null,"robots_max_imagepreview":"large","priority":null,"frequency":null,"location":null,"local_seo":null,"seo_analyzer_scan_date":"2025-09-17 09:04:14","breadcrumb_settings":null,"limit_modified_date":false,"open_ai":null,"ai":null,"created":"2021-03-09 08:22:47","updated":"2025-09-17 09:04:14"},"aioseo_breadcrumb":"<div class=\"aioseo-breadcrumbs\"><span class=\"aioseo-breadcrumb\">\n\t<a href=\"https:\/\/eldigitaldeasturias.com\/magazine365\" title=\"Home\">Home<\/a>\n<\/span><span class=\"aioseo-breadcrumb-separator\">\u2013<\/span><span class=\"aioseo-breadcrumb\">\n\t<a href=\"https:\/\/eldigitaldeasturias.com\/magazine365\/category\/noticias-actualidad\/\" title=\"Noticias y Actualidad\">Noticias y Actualidad<\/a>\n<\/span><span class=\"aioseo-breadcrumb-separator\">\u2013<\/span><span class=\"aioseo-breadcrumb\">\n\t<a href=\"https:\/\/eldigitaldeasturias.com\/magazine365\/diaz-yanes-hugo-silva-y-goya-toledo-alzan-el-telon-del-festival-de-alicante\/\" title=\"D\u00edaz Yanes, Hugo Silva y Goya Toledo alzan el tel\u00f3n del Festival de Alicante\">D\u00edaz Yanes, Hugo Silva y Goya Toledo alzan el tel\u00f3n del Festival de Alicante<\/a>\n<\/span><\/div>","aioseo_breadcrumb_json":[{"label":"Home","link":"https:\/\/eldigitaldeasturias.com\/magazine365"},{"label":"Noticias y Actualidad","link":"https:\/\/eldigitaldeasturias.com\/magazine365\/category\/noticias-actualidad\/"},{"label":"D\u00edaz Yanes, Hugo Silva y Goya Toledo alzan el tel\u00f3n del Festival de Alicante","link":"https:\/\/eldigitaldeasturias.com\/magazine365\/diaz-yanes-hugo-silva-y-goya-toledo-alzan-el-telon-del-festival-de-alicante\/"}],"_links":{"self":[{"href":"https:\/\/eldigitaldeasturias.com\/magazine365\/wp-json\/wp\/v2\/posts\/13843","targetHints":{"allow":["GET"]}}],"collection":[{"href":"https:\/\/eldigitaldeasturias.com\/magazine365\/wp-json\/wp\/v2\/posts"}],"about":[{"href":"https:\/\/eldigitaldeasturias.com\/magazine365\/wp-json\/wp\/v2\/types\/post"}],"author":[{"embeddable":true,"href":"https:\/\/eldigitaldeasturias.com\/magazine365\/wp-json\/wp\/v2\/users\/1"}],"replies":[{"embeddable":true,"href":"https:\/\/eldigitaldeasturias.com\/magazine365\/wp-json\/wp\/v2\/comments?post=13843"}],"version-history":[{"count":0,"href":"https:\/\/eldigitaldeasturias.com\/magazine365\/wp-json\/wp\/v2\/posts\/13843\/revisions"}],"wp:featuredmedia":[{"embeddable":true,"href":"https:\/\/eldigitaldeasturias.com\/magazine365\/wp-json\/wp\/v2\/media\/13844"}],"wp:attachment":[{"href":"https:\/\/eldigitaldeasturias.com\/magazine365\/wp-json\/wp\/v2\/media?parent=13843"}],"wp:term":[{"taxonomy":"category","embeddable":true,"href":"https:\/\/eldigitaldeasturias.com\/magazine365\/wp-json\/wp\/v2\/categories?post=13843"},{"taxonomy":"post_tag","embeddable":true,"href":"https:\/\/eldigitaldeasturias.com\/magazine365\/wp-json\/wp\/v2\/tags?post=13843"}],"curies":[{"name":"wp","href":"https:\/\/api.w.org\/{rel}","templated":true}]}}