{"id":13840,"date":"2014-05-24T19:47:26","date_gmt":"2014-05-24T21:47:26","guid":{"rendered":"http:\/\/eldigitaldeasturias.com\/magazine365\/?p=13840"},"modified":"2014-05-24T19:47:26","modified_gmt":"2014-05-24T21:47:26","slug":"espacios-polivalentes-y-el-negro-ejes-de-las-nuevas-tendencias-en-decoracion","status":"publish","type":"post","link":"https:\/\/eldigitaldeasturias.com\/magazine365\/espacios-polivalentes-y-el-negro-ejes-de-las-nuevas-tendencias-en-decoracion\/","title":{"rendered":"Espacios polivalentes y el negro, ejes de las nuevas tendencias en decoraci\u00f3n"},"content":{"rendered":"<p><img fetchpriority=\"high\" decoding=\"async\" class=\"alignleft size-medium wp-image-13841\" alt=\"6296590w\" src=\"https:\/\/eldigitaldeasturias.com\/magazine365\/wp-content\/uploads\/2014\/05\/6296590w-360x270.jpg\" width=\"360\" height=\"270\" srcset=\"https:\/\/eldigitaldeasturias.com\/magazine365\/wp-content\/uploads\/2014\/05\/6296590w-360x270.jpg 360w, https:\/\/eldigitaldeasturias.com\/magazine365\/wp-content\/uploads\/2014\/05\/6296590w-650x488.jpg 650w, https:\/\/eldigitaldeasturias.com\/magazine365\/wp-content\/uploads\/2014\/05\/6296590w-768x576.jpg 768w, https:\/\/eldigitaldeasturias.com\/magazine365\/wp-content\/uploads\/2014\/05\/6296590w-150x113.jpg 150w, https:\/\/eldigitaldeasturias.com\/magazine365\/wp-content\/uploads\/2014\/05\/6296590w-450x338.jpg 450w, https:\/\/eldigitaldeasturias.com\/magazine365\/wp-content\/uploads\/2014\/05\/6296590w-80x60.jpg 80w, https:\/\/eldigitaldeasturias.com\/magazine365\/wp-content\/uploads\/2014\/05\/6296590w-265x198.jpg 265w, https:\/\/eldigitaldeasturias.com\/magazine365\/wp-content\/uploads\/2014\/05\/6296590w-696x522.jpg 696w, https:\/\/eldigitaldeasturias.com\/magazine365\/wp-content\/uploads\/2014\/05\/6296590w-560x420.jpg 560w, https:\/\/eldigitaldeasturias.com\/magazine365\/wp-content\/uploads\/2014\/05\/6296590w-90x67.jpg 90w, https:\/\/eldigitaldeasturias.com\/magazine365\/wp-content\/uploads\/2014\/05\/6296590w-100x75.jpg 100w, https:\/\/eldigitaldeasturias.com\/magazine365\/wp-content\/uploads\/2014\/05\/6296590w.jpg 800w\" sizes=\"(max-width: 360px) 100vw, 360px\" \/>Madrid, 24 may (EFE).- De manera peri\u00f3dica los interioristas, como los dise\u00f1adores de moda, copan la escena para dar a conocer las nuevas tendencias para el hogar, que en un espacio de referencia como Casa Decor concentra espacios polivalentes y el negro como protagonista.<\/p>\n<p>Cincuenta y cuatro proyectos de interiorismo se distribuyen por las cuatro plantas de la antigua sede del Colegio Oficial de Arquitectos de Madrid, que en su d\u00eda alberg\u00f3 miles de l\u00edneas, planos y propuestas, tanto para el exterior como para el interior de viviendas.<\/p>\n<p>Covadonga Pendones, responsable de comunicaci\u00f3n de Casa Decor, indica que no hay un espacio que predomine sobre otros. Dormitorios, salones, ba\u00f1os, cocinas e incluso jardines brotan en este recorrido continuo en el que la luz forma parte esencial de cada estancia.<\/p>\n<p>Jorge Gancedo y Rafael V\u00e1zquez son los \u00fanicos que se han atrevido con una habitaci\u00f3n adolescente en la que la cama y sof\u00e1 para reposar se encuentran en el mismo m\u00f3dulo, que incluye los huecos de una escalera integrada. Todo un acierto para espacios peque\u00f1os.<\/p>\n<p>Pendones resume que en esta edici\u00f3n se puede encontrar \u00abmucho tratamiento de las paredes, la aut\u00e9ntica escenograf\u00eda de los espacios\u00bb, explica a Efe.<\/p>\n<p>En el recorrido por los 3.000 metros cuadrados de exposici\u00f3n se percibe que es as\u00ed: papel pintado y distintos tratamientos que expresan rugosidad, aprovechamiento de materiales antiguos y acabados naturales que en todos los casos buscan crear una atm\u00f3sfera acogedora y demuestra la importancia de una buena elecci\u00f3n.<\/p>\n<p>Los tonos empolvados contin\u00faan formando parte de la actualidad en la decoraci\u00f3n, un apartado en el que el negro en paredes, mobiliario y textiles ha entrado con fuerza.<\/p>\n<p>\u00abEn realidad todo vale en tendencia. Hay mucho eclecticismo donde el &#8216;vintage&#8217; sigue presente y lo neocl\u00e1sico y la modernidad se mezclan con elementos antiguos\u00bb, apunta la representante de Casa Decor.<\/p>\n<p>Los cojines cobran un protagonismo excepcional sobre los sillones para a\u00f1adir notas de color y complementar as\u00ed un universo crom\u00e1tico dispar.<\/p>\n<p>El negro aparece con fuerza en muebles de sal\u00f3n, chimeneas, paredes, sof\u00e1s, mesas y sillas y tambi\u00e9n en los textiles.<\/p>\n<p>El espacio Samsung plantea una mesa redonda negra, con sillas tambi\u00e9n en el mismo color, que lejos de resultar fr\u00eda invita a sentarse a comer.<\/p>\n<p>Diego Rodr\u00edguez, es uno de los interioristas cl\u00e1sicos de esta muestra siempre aporta un ambiente diferente en cada edici\u00f3n e incluso opuesto al anterior.<\/p>\n<p>\u00abLo que debemos hacer los profesionales es presentar trabajos diferentes, tenemos libertad para ello\u00bb, comenta el responsable de DR Interiores.<\/p>\n<p>\u00abFondos y texturas\u00bb, el nombre de su espacio, destaca por sus proporciones y piezas de mobiliario especiales para \u00e9l, siempre buscando el origen natural en los acabados. Un espacio en el que el negro est\u00e1 muy presente.<\/p>\n<p>\u00abEs un color que est\u00e1 cada vez m\u00e1s en nuestra vida. Yo visto mucho de negro y me parece tambi\u00e9n muy elegante en el mobiliario\u00bb, argumenta.<\/p>\n<p>El metal de la generosa chimenea, el n\u00facleo central del comedor, es oscura, pero tiene un tono gris\u00e1ceo, color que tambi\u00e9n se duplica en la alfombra.<\/p>\n<p>Las paredes por contra est\u00e1n elaborados mediante un sistema de rozado para recuperar \u00abun sistema muy habitual, hace unos a\u00f1os en Par\u00eds\u00bb, con el que se aprovechan los materiales existentes y se recupera al mismo tiempo el concepto de \u00abmobiliario industrial, muy neoyorquino\u00bb.<\/p>\n<p>Texturas, linos y madera natural conforman el conjunto. \u00abHay que saber utilizar lo que existe\u00bb, concluye.<\/p>\n<p>Seg\u00fan Pendones, los espacios polivalentes tambi\u00e9n se incorporan con entusiasmo en esta ocasi\u00f3n. \u00abLas cocinas comedor o los ba\u00f1os formando parte abierta del dormitorio\u00bb son algunas de las opciones.<\/p>\n<p>El objetivo de la organizaci\u00f3n ha sido como siempre que la libertad de creaci\u00f3n de los dise\u00f1adores se complementara con una armon\u00eda del conjunto, y lo han conseguido manteniendo, como era su deseo, su personalidad.<\/p>\n<p>Espacios peque\u00f1os y otros grandiosos, sencillos y llenos de sofisticaci\u00f3n, pero todos con un encanto que nos invita a quedarnos a vivir en ellos.<\/p>\n<p>Inmaculada Tapia<\/p>\n","protected":false},"excerpt":{"rendered":"<p>Madrid, 24 may (EFE).- De manera peri\u00f3dica los interioristas, como los dise\u00f1adores de moda, copan la escena para dar a conocer las nuevas tendencias para el hogar, que en un espacio de referencia como Casa Decor concentra espacios polivalentes y el negro como protagonista. Cincuenta y cuatro proyectos de interiorismo se distribuyen por las cuatro<\/p>\n","protected":false},"author":1,"featured_media":13841,"comment_status":"open","ping_status":"closed","sticky":false,"template":"","format":"standard","meta":{"footnotes":""},"categories":[224],"tags":[],"class_list":{"0":"post-13840","1":"post","2":"type-post","3":"status-publish","4":"format-standard","5":"has-post-thumbnail","7":"category-noticias-actualidad"},"aioseo_notices":[],"aioseo_head":"\n\t\t<!-- All in One SEO Pro 4.9.6.1 - aioseo.com -->\n\t<meta name=\"description\" content=\"Madrid, 24 may (EFE).- De manera peri\u00f3dica los interioristas, como los dise\u00f1adores de moda, copan la escena para dar a conocer las nuevas tendencias para el hogar, que en un espacio de referencia como Casa Decor concentra espacios polivalentes y el negro como protagonista. Cincuenta y cuatro proyectos de interiorismo se distribuyen por las cuatro\" \/>\n\t<meta name=\"robots\" content=\"max-image-preview:large\" \/>\n\t<meta name=\"author\" content=\"admin\"\/>\n\t<meta name=\"google-site-verification\" content=\"UA-38556648-1\" \/>\n\t<meta name=\"keywords\" content=\"noticias y actualidad\" \/>\n\t<link rel=\"canonical\" href=\"https:\/\/eldigitaldeasturias.com\/magazine365\/espacios-polivalentes-y-el-negro-ejes-de-las-nuevas-tendencias-en-decoracion\/\" \/>\n\t<meta name=\"generator\" content=\"All in One SEO Pro (AIOSEO) 4.9.6.1\" \/>\n\t\t<meta property=\"og:locale\" content=\"es_ES\" \/>\n\t\t<meta property=\"og:site_name\" content=\"El Digital de Asturias \u2013 Revista de ocio, turismo y estilo de vida\" \/>\n\t\t<meta property=\"og:type\" content=\"article\" \/>\n\t\t<meta property=\"og:title\" content=\"Espacios polivalentes y el negro, ejes de las nuevas tendencias en decoraci\u00f3n | El Digital de Asturias\" \/>\n\t\t<meta property=\"og:description\" content=\"Madrid, 24 may (EFE).- De manera peri\u00f3dica los interioristas, como los dise\u00f1adores de moda, copan la escena para dar a conocer las nuevas tendencias para el hogar, que en un espacio de referencia como Casa Decor concentra espacios polivalentes y el negro como protagonista. Cincuenta y cuatro proyectos de interiorismo se distribuyen por las cuatro\" \/>\n\t\t<meta property=\"og:url\" content=\"https:\/\/eldigitaldeasturias.com\/magazine365\/espacios-polivalentes-y-el-negro-ejes-de-las-nuevas-tendencias-en-decoracion\/\" \/>\n\t\t<meta property=\"og:image\" content=\"https:\/\/eldigitaldeasturias.com\/magazine365\/wp-content\/uploads\/2014\/05\/6296590w.jpg\" \/>\n\t\t<meta property=\"og:image:secure_url\" content=\"https:\/\/eldigitaldeasturias.com\/magazine365\/wp-content\/uploads\/2014\/05\/6296590w.jpg\" \/>\n\t\t<meta property=\"og:image:width\" content=\"800\" \/>\n\t\t<meta property=\"og:image:height\" content=\"600\" \/>\n\t\t<meta property=\"article:published_time\" content=\"2014-05-24T21:47:26+00:00\" \/>\n\t\t<meta property=\"article:modified_time\" content=\"2014-05-24T21:47:26+00:00\" \/>\n\t\t<meta name=\"twitter:card\" content=\"summary_large_image\" \/>\n\t\t<meta name=\"twitter:title\" content=\"Espacios polivalentes y el negro, ejes de las nuevas tendencias en decoraci\u00f3n | El Digital de Asturias\" \/>\n\t\t<meta name=\"twitter:description\" content=\"Madrid, 24 may (EFE).- De manera peri\u00f3dica los interioristas, como los dise\u00f1adores de moda, copan la escena para dar a conocer las nuevas tendencias para el hogar, que en un espacio de referencia como Casa Decor concentra espacios polivalentes y el negro como protagonista. Cincuenta y cuatro proyectos de interiorismo se distribuyen por las cuatro\" \/>\n\t\t<meta name=\"twitter:image\" content=\"https:\/\/eldigitaldeasturias.com\/magazine365\/wp-content\/uploads\/2014\/05\/6296590w.jpg\" \/>\n\t\t<script type=\"application\/ld+json\" class=\"aioseo-schema\">\n\t\t\t{\"@context\":\"https:\\\/\\\/schema.org\",\"@graph\":[{\"@type\":\"Article\",\"@id\":\"https:\\\/\\\/eldigitaldeasturias.com\\\/magazine365\\\/espacios-polivalentes-y-el-negro-ejes-de-las-nuevas-tendencias-en-decoracion\\\/#article\",\"name\":\"Espacios polivalentes y el negro, ejes de las nuevas tendencias en decoraci\\u00f3n | El Digital de Asturias\",\"headline\":\"Espacios polivalentes y el negro, ejes de las nuevas tendencias en decoraci\\u00f3n\",\"author\":{\"@id\":\"https:\\\/\\\/eldigitaldeasturias.com\\\/magazine365\\\/author\\\/admin\\\/#author\"},\"publisher\":{\"@id\":\"https:\\\/\\\/eldigitaldeasturias.com\\\/magazine365\\\/#organization\"},\"image\":{\"@type\":\"ImageObject\",\"url\":\"https:\\\/\\\/eldigitaldeasturias.com\\\/magazine365\\\/wp-content\\\/uploads\\\/2014\\\/05\\\/6296590w.jpg\",\"width\":800,\"height\":600},\"datePublished\":\"2014-05-24T19:47:26+02:00\",\"dateModified\":\"2014-05-24T19:47:26+02:00\",\"inLanguage\":\"es-ES\",\"mainEntityOfPage\":{\"@id\":\"https:\\\/\\\/eldigitaldeasturias.com\\\/magazine365\\\/espacios-polivalentes-y-el-negro-ejes-de-las-nuevas-tendencias-en-decoracion\\\/#webpage\"},\"isPartOf\":{\"@id\":\"https:\\\/\\\/eldigitaldeasturias.com\\\/magazine365\\\/espacios-polivalentes-y-el-negro-ejes-de-las-nuevas-tendencias-en-decoracion\\\/#webpage\"},\"articleSection\":\"Noticias y Actualidad\"},{\"@type\":\"BreadcrumbList\",\"@id\":\"https:\\\/\\\/eldigitaldeasturias.com\\\/magazine365\\\/espacios-polivalentes-y-el-negro-ejes-de-las-nuevas-tendencias-en-decoracion\\\/#breadcrumblist\",\"itemListElement\":[{\"@type\":\"ListItem\",\"@id\":\"https:\\\/\\\/eldigitaldeasturias.com\\\/magazine365#listItem\",\"position\":1,\"name\":\"Home\",\"item\":\"https:\\\/\\\/eldigitaldeasturias.com\\\/magazine365\",\"nextItem\":{\"@type\":\"ListItem\",\"@id\":\"https:\\\/\\\/eldigitaldeasturias.com\\\/magazine365\\\/category\\\/noticias-actualidad\\\/#listItem\",\"name\":\"Noticias y Actualidad\"}},{\"@type\":\"ListItem\",\"@id\":\"https:\\\/\\\/eldigitaldeasturias.com\\\/magazine365\\\/category\\\/noticias-actualidad\\\/#listItem\",\"position\":2,\"name\":\"Noticias y Actualidad\",\"item\":\"https:\\\/\\\/eldigitaldeasturias.com\\\/magazine365\\\/category\\\/noticias-actualidad\\\/\",\"nextItem\":{\"@type\":\"ListItem\",\"@id\":\"https:\\\/\\\/eldigitaldeasturias.com\\\/magazine365\\\/espacios-polivalentes-y-el-negro-ejes-de-las-nuevas-tendencias-en-decoracion\\\/#listItem\",\"name\":\"Espacios polivalentes y el negro, ejes de las nuevas tendencias en decoraci\\u00f3n\"},\"previousItem\":{\"@type\":\"ListItem\",\"@id\":\"https:\\\/\\\/eldigitaldeasturias.com\\\/magazine365#listItem\",\"name\":\"Home\"}},{\"@type\":\"ListItem\",\"@id\":\"https:\\\/\\\/eldigitaldeasturias.com\\\/magazine365\\\/espacios-polivalentes-y-el-negro-ejes-de-las-nuevas-tendencias-en-decoracion\\\/#listItem\",\"position\":3,\"name\":\"Espacios polivalentes y el negro, ejes de las nuevas tendencias en decoraci\\u00f3n\",\"previousItem\":{\"@type\":\"ListItem\",\"@id\":\"https:\\\/\\\/eldigitaldeasturias.com\\\/magazine365\\\/category\\\/noticias-actualidad\\\/#listItem\",\"name\":\"Noticias y Actualidad\"}}]},{\"@type\":\"Organization\",\"@id\":\"https:\\\/\\\/eldigitaldeasturias.com\\\/magazine365\\\/#organization\",\"name\":\"El digital de Asturias\",\"description\":\"Revista de ocio, turismo y estilo de vida\",\"url\":\"https:\\\/\\\/eldigitaldeasturias.com\\\/magazine365\\\/\",\"logo\":{\"@type\":\"ImageObject\",\"url\":\"https:\\\/\\\/www.eldigitaldeasturias.com\\\/noticias\\\/wp-content\\\/uploads\\\/2020\\\/12\\\/EDA.jpg\",\"@id\":\"https:\\\/\\\/eldigitaldeasturias.com\\\/magazine365\\\/espacios-polivalentes-y-el-negro-ejes-de-las-nuevas-tendencias-en-decoracion\\\/#organizationLogo\"},\"image\":{\"@id\":\"https:\\\/\\\/eldigitaldeasturias.com\\\/magazine365\\\/espacios-polivalentes-y-el-negro-ejes-de-las-nuevas-tendencias-en-decoracion\\\/#organizationLogo\"}},{\"@type\":\"Person\",\"@id\":\"https:\\\/\\\/eldigitaldeasturias.com\\\/magazine365\\\/author\\\/admin\\\/#author\",\"url\":\"https:\\\/\\\/eldigitaldeasturias.com\\\/magazine365\\\/author\\\/admin\\\/\",\"name\":\"admin\",\"image\":{\"@type\":\"ImageObject\",\"@id\":\"https:\\\/\\\/eldigitaldeasturias.com\\\/magazine365\\\/espacios-polivalentes-y-el-negro-ejes-de-las-nuevas-tendencias-en-decoracion\\\/#authorImage\",\"url\":\"https:\\\/\\\/eldigitaldeasturias.com\\\/magazine365\\\/wp-content\\\/litespeed\\\/avatar\\\/e571bcf59a0edd6fa6838245a470f2fe.jpg?ver=1776969259\",\"width\":96,\"height\":96,\"caption\":\"admin\"}},{\"@type\":\"WebPage\",\"@id\":\"https:\\\/\\\/eldigitaldeasturias.com\\\/magazine365\\\/espacios-polivalentes-y-el-negro-ejes-de-las-nuevas-tendencias-en-decoracion\\\/#webpage\",\"url\":\"https:\\\/\\\/eldigitaldeasturias.com\\\/magazine365\\\/espacios-polivalentes-y-el-negro-ejes-de-las-nuevas-tendencias-en-decoracion\\\/\",\"name\":\"Espacios polivalentes y el negro, ejes de las nuevas tendencias en decoraci\\u00f3n | El Digital de Asturias\",\"description\":\"Madrid, 24 may (EFE).- De manera peri\\u00f3dica los interioristas, como los dise\\u00f1adores de moda, copan la escena para dar a conocer las nuevas tendencias para el hogar, que en un espacio de referencia como Casa Decor concentra espacios polivalentes y el negro como protagonista. Cincuenta y cuatro proyectos de interiorismo se distribuyen por las cuatro\",\"inLanguage\":\"es-ES\",\"isPartOf\":{\"@id\":\"https:\\\/\\\/eldigitaldeasturias.com\\\/magazine365\\\/#website\"},\"breadcrumb\":{\"@id\":\"https:\\\/\\\/eldigitaldeasturias.com\\\/magazine365\\\/espacios-polivalentes-y-el-negro-ejes-de-las-nuevas-tendencias-en-decoracion\\\/#breadcrumblist\"},\"author\":{\"@id\":\"https:\\\/\\\/eldigitaldeasturias.com\\\/magazine365\\\/author\\\/admin\\\/#author\"},\"creator\":{\"@id\":\"https:\\\/\\\/eldigitaldeasturias.com\\\/magazine365\\\/author\\\/admin\\\/#author\"},\"image\":{\"@type\":\"ImageObject\",\"url\":\"https:\\\/\\\/eldigitaldeasturias.com\\\/magazine365\\\/wp-content\\\/uploads\\\/2014\\\/05\\\/6296590w.jpg\",\"@id\":\"https:\\\/\\\/eldigitaldeasturias.com\\\/magazine365\\\/espacios-polivalentes-y-el-negro-ejes-de-las-nuevas-tendencias-en-decoracion\\\/#mainImage\",\"width\":800,\"height\":600},\"primaryImageOfPage\":{\"@id\":\"https:\\\/\\\/eldigitaldeasturias.com\\\/magazine365\\\/espacios-polivalentes-y-el-negro-ejes-de-las-nuevas-tendencias-en-decoracion\\\/#mainImage\"},\"datePublished\":\"2014-05-24T19:47:26+02:00\",\"dateModified\":\"2014-05-24T19:47:26+02:00\"},{\"@type\":\"WebSite\",\"@id\":\"https:\\\/\\\/eldigitaldeasturias.com\\\/magazine365\\\/#website\",\"url\":\"https:\\\/\\\/eldigitaldeasturias.com\\\/magazine365\\\/\",\"name\":\"El Digital de Asturias\",\"description\":\"Revista de ocio, turismo y estilo de vida\",\"inLanguage\":\"es-ES\",\"publisher\":{\"@id\":\"https:\\\/\\\/eldigitaldeasturias.com\\\/magazine365\\\/#organization\"}}]}\n\t\t<\/script>\n\t\t<!-- All in One SEO Pro -->\r\n\t\t<title>Espacios polivalentes y el negro, ejes de las nuevas tendencias en decoraci\u00f3n | El Digital de Asturias<\/title>\n\n","aioseo_head_json":{"title":"Espacios polivalentes y el negro, ejes de las nuevas tendencias en decoraci\u00f3n | El Digital de Asturias","description":"Madrid, 24 may (EFE).- De manera peri\u00f3dica los interioristas, como los dise\u00f1adores de moda, copan la escena para dar a conocer las nuevas tendencias para el hogar, que en un espacio de referencia como Casa Decor concentra espacios polivalentes y el negro como protagonista. Cincuenta y cuatro proyectos de interiorismo se distribuyen por las cuatro","canonical_url":"https:\/\/eldigitaldeasturias.com\/magazine365\/espacios-polivalentes-y-el-negro-ejes-de-las-nuevas-tendencias-en-decoracion\/","robots":"max-image-preview:large","keywords":"noticias y actualidad","webmasterTools":{"google-site-verification":"UA-38556648-1","miscellaneous":""},"schema":{"@context":"https:\/\/schema.org","@graph":[{"@type":"Article","@id":"https:\/\/eldigitaldeasturias.com\/magazine365\/espacios-polivalentes-y-el-negro-ejes-de-las-nuevas-tendencias-en-decoracion\/#article","name":"Espacios polivalentes y el negro, ejes de las nuevas tendencias en decoraci\u00f3n | El Digital de Asturias","headline":"Espacios polivalentes y el negro, ejes de las nuevas tendencias en decoraci\u00f3n","author":{"@id":"https:\/\/eldigitaldeasturias.com\/magazine365\/author\/admin\/#author"},"publisher":{"@id":"https:\/\/eldigitaldeasturias.com\/magazine365\/#organization"},"image":{"@type":"ImageObject","url":"https:\/\/eldigitaldeasturias.com\/magazine365\/wp-content\/uploads\/2014\/05\/6296590w.jpg","width":800,"height":600},"datePublished":"2014-05-24T19:47:26+02:00","dateModified":"2014-05-24T19:47:26+02:00","inLanguage":"es-ES","mainEntityOfPage":{"@id":"https:\/\/eldigitaldeasturias.com\/magazine365\/espacios-polivalentes-y-el-negro-ejes-de-las-nuevas-tendencias-en-decoracion\/#webpage"},"isPartOf":{"@id":"https:\/\/eldigitaldeasturias.com\/magazine365\/espacios-polivalentes-y-el-negro-ejes-de-las-nuevas-tendencias-en-decoracion\/#webpage"},"articleSection":"Noticias y Actualidad"},{"@type":"BreadcrumbList","@id":"https:\/\/eldigitaldeasturias.com\/magazine365\/espacios-polivalentes-y-el-negro-ejes-de-las-nuevas-tendencias-en-decoracion\/#breadcrumblist","itemListElement":[{"@type":"ListItem","@id":"https:\/\/eldigitaldeasturias.com\/magazine365#listItem","position":1,"name":"Home","item":"https:\/\/eldigitaldeasturias.com\/magazine365","nextItem":{"@type":"ListItem","@id":"https:\/\/eldigitaldeasturias.com\/magazine365\/category\/noticias-actualidad\/#listItem","name":"Noticias y Actualidad"}},{"@type":"ListItem","@id":"https:\/\/eldigitaldeasturias.com\/magazine365\/category\/noticias-actualidad\/#listItem","position":2,"name":"Noticias y Actualidad","item":"https:\/\/eldigitaldeasturias.com\/magazine365\/category\/noticias-actualidad\/","nextItem":{"@type":"ListItem","@id":"https:\/\/eldigitaldeasturias.com\/magazine365\/espacios-polivalentes-y-el-negro-ejes-de-las-nuevas-tendencias-en-decoracion\/#listItem","name":"Espacios polivalentes y el negro, ejes de las nuevas tendencias en decoraci\u00f3n"},"previousItem":{"@type":"ListItem","@id":"https:\/\/eldigitaldeasturias.com\/magazine365#listItem","name":"Home"}},{"@type":"ListItem","@id":"https:\/\/eldigitaldeasturias.com\/magazine365\/espacios-polivalentes-y-el-negro-ejes-de-las-nuevas-tendencias-en-decoracion\/#listItem","position":3,"name":"Espacios polivalentes y el negro, ejes de las nuevas tendencias en decoraci\u00f3n","previousItem":{"@type":"ListItem","@id":"https:\/\/eldigitaldeasturias.com\/magazine365\/category\/noticias-actualidad\/#listItem","name":"Noticias y Actualidad"}}]},{"@type":"Organization","@id":"https:\/\/eldigitaldeasturias.com\/magazine365\/#organization","name":"El digital de Asturias","description":"Revista de ocio, turismo y estilo de vida","url":"https:\/\/eldigitaldeasturias.com\/magazine365\/","logo":{"@type":"ImageObject","url":"https:\/\/www.eldigitaldeasturias.com\/noticias\/wp-content\/uploads\/2020\/12\/EDA.jpg","@id":"https:\/\/eldigitaldeasturias.com\/magazine365\/espacios-polivalentes-y-el-negro-ejes-de-las-nuevas-tendencias-en-decoracion\/#organizationLogo"},"image":{"@id":"https:\/\/eldigitaldeasturias.com\/magazine365\/espacios-polivalentes-y-el-negro-ejes-de-las-nuevas-tendencias-en-decoracion\/#organizationLogo"}},{"@type":"Person","@id":"https:\/\/eldigitaldeasturias.com\/magazine365\/author\/admin\/#author","url":"https:\/\/eldigitaldeasturias.com\/magazine365\/author\/admin\/","name":"admin","image":{"@type":"ImageObject","@id":"https:\/\/eldigitaldeasturias.com\/magazine365\/espacios-polivalentes-y-el-negro-ejes-de-las-nuevas-tendencias-en-decoracion\/#authorImage","url":"https:\/\/eldigitaldeasturias.com\/magazine365\/wp-content\/litespeed\/avatar\/e571bcf59a0edd6fa6838245a470f2fe.jpg?ver=1776969259","width":96,"height":96,"caption":"admin"}},{"@type":"WebPage","@id":"https:\/\/eldigitaldeasturias.com\/magazine365\/espacios-polivalentes-y-el-negro-ejes-de-las-nuevas-tendencias-en-decoracion\/#webpage","url":"https:\/\/eldigitaldeasturias.com\/magazine365\/espacios-polivalentes-y-el-negro-ejes-de-las-nuevas-tendencias-en-decoracion\/","name":"Espacios polivalentes y el negro, ejes de las nuevas tendencias en decoraci\u00f3n | El Digital de Asturias","description":"Madrid, 24 may (EFE).- De manera peri\u00f3dica los interioristas, como los dise\u00f1adores de moda, copan la escena para dar a conocer las nuevas tendencias para el hogar, que en un espacio de referencia como Casa Decor concentra espacios polivalentes y el negro como protagonista. Cincuenta y cuatro proyectos de interiorismo se distribuyen por las cuatro","inLanguage":"es-ES","isPartOf":{"@id":"https:\/\/eldigitaldeasturias.com\/magazine365\/#website"},"breadcrumb":{"@id":"https:\/\/eldigitaldeasturias.com\/magazine365\/espacios-polivalentes-y-el-negro-ejes-de-las-nuevas-tendencias-en-decoracion\/#breadcrumblist"},"author":{"@id":"https:\/\/eldigitaldeasturias.com\/magazine365\/author\/admin\/#author"},"creator":{"@id":"https:\/\/eldigitaldeasturias.com\/magazine365\/author\/admin\/#author"},"image":{"@type":"ImageObject","url":"https:\/\/eldigitaldeasturias.com\/magazine365\/wp-content\/uploads\/2014\/05\/6296590w.jpg","@id":"https:\/\/eldigitaldeasturias.com\/magazine365\/espacios-polivalentes-y-el-negro-ejes-de-las-nuevas-tendencias-en-decoracion\/#mainImage","width":800,"height":600},"primaryImageOfPage":{"@id":"https:\/\/eldigitaldeasturias.com\/magazine365\/espacios-polivalentes-y-el-negro-ejes-de-las-nuevas-tendencias-en-decoracion\/#mainImage"},"datePublished":"2014-05-24T19:47:26+02:00","dateModified":"2014-05-24T19:47:26+02:00"},{"@type":"WebSite","@id":"https:\/\/eldigitaldeasturias.com\/magazine365\/#website","url":"https:\/\/eldigitaldeasturias.com\/magazine365\/","name":"El Digital de Asturias","description":"Revista de ocio, turismo y estilo de vida","inLanguage":"es-ES","publisher":{"@id":"https:\/\/eldigitaldeasturias.com\/magazine365\/#organization"}}]},"og:locale":"es_ES","og:site_name":"El Digital de Asturias \u2013 Revista de ocio, turismo y estilo de vida","og:type":"article","og:title":"Espacios polivalentes y el negro, ejes de las nuevas tendencias en decoraci\u00f3n | El Digital de Asturias","og:description":"Madrid, 24 may (EFE).- De manera peri\u00f3dica los interioristas, como los dise\u00f1adores de moda, copan la escena para dar a conocer las nuevas tendencias para el hogar, que en un espacio de referencia como Casa Decor concentra espacios polivalentes y el negro como protagonista. Cincuenta y cuatro proyectos de interiorismo se distribuyen por las cuatro","og:url":"https:\/\/eldigitaldeasturias.com\/magazine365\/espacios-polivalentes-y-el-negro-ejes-de-las-nuevas-tendencias-en-decoracion\/","og:image":"https:\/\/eldigitaldeasturias.com\/magazine365\/wp-content\/uploads\/2014\/05\/6296590w.jpg","og:image:secure_url":"https:\/\/eldigitaldeasturias.com\/magazine365\/wp-content\/uploads\/2014\/05\/6296590w.jpg","og:image:width":800,"og:image:height":600,"article:published_time":"2014-05-24T21:47:26+00:00","article:modified_time":"2014-05-24T21:47:26+00:00","twitter:card":"summary_large_image","twitter:title":"Espacios polivalentes y el negro, ejes de las nuevas tendencias en decoraci\u00f3n | El Digital de Asturias","twitter:description":"Madrid, 24 may (EFE).- De manera peri\u00f3dica los interioristas, como los dise\u00f1adores de moda, copan la escena para dar a conocer las nuevas tendencias para el hogar, que en un espacio de referencia como Casa Decor concentra espacios polivalentes y el negro como protagonista. Cincuenta y cuatro proyectos de interiorismo se distribuyen por las cuatro","twitter:image":"https:\/\/eldigitaldeasturias.com\/magazine365\/wp-content\/uploads\/2014\/05\/6296590w.jpg"},"aioseo_meta_data":{"post_id":"13840","title":null,"description":null,"keywords":null,"keyphrases":null,"primary_term":null,"canonical_url":null,"og_title":null,"og_description":null,"og_object_type":"default","og_image_type":"default","og_image_url":null,"og_image_width":null,"og_image_height":null,"og_image_custom_url":null,"og_image_custom_fields":null,"og_video":null,"og_custom_url":null,"og_article_section":null,"og_article_tags":null,"twitter_use_og":false,"twitter_card":"default","twitter_image_type":"default","twitter_image_url":null,"twitter_image_custom_url":null,"twitter_image_custom_fields":null,"twitter_title":null,"twitter_description":null,"schema":{"blockGraphs":[],"customGraphs":[],"default":{"data":{"Article":[],"Course":[],"Dataset":[],"FAQPage":[],"Movie":[],"Person":[],"Product":[],"ProductReview":[],"Car":[],"Recipe":[],"Service":[],"SoftwareApplication":[],"WebPage":[]},"graphName":"","isEnabled":true},"graphs":[],"defaultGraph":"","defaultPostTypeGraph":""},"schema_type":null,"schema_type_options":null,"pillar_content":false,"robots_default":true,"robots_noindex":false,"robots_noarchive":false,"robots_nosnippet":false,"robots_nofollow":false,"robots_noimageindex":false,"robots_noodp":false,"robots_notranslate":false,"robots_max_snippet":null,"robots_max_videopreview":null,"robots_max_imagepreview":"large","priority":null,"frequency":null,"location":null,"local_seo":null,"seo_analyzer_scan_date":"2025-09-17 09:04:12","breadcrumb_settings":null,"limit_modified_date":false,"open_ai":null,"ai":null,"created":"2021-03-09 08:22:47","updated":"2025-09-17 09:04:12"},"aioseo_breadcrumb":"<div class=\"aioseo-breadcrumbs\"><span class=\"aioseo-breadcrumb\">\n\t<a href=\"https:\/\/eldigitaldeasturias.com\/magazine365\" title=\"Home\">Home<\/a>\n<\/span><span class=\"aioseo-breadcrumb-separator\">\u2013<\/span><span class=\"aioseo-breadcrumb\">\n\t<a href=\"https:\/\/eldigitaldeasturias.com\/magazine365\/category\/noticias-actualidad\/\" title=\"Noticias y Actualidad\">Noticias y Actualidad<\/a>\n<\/span><span class=\"aioseo-breadcrumb-separator\">\u2013<\/span><span class=\"aioseo-breadcrumb\">\n\t<a href=\"https:\/\/eldigitaldeasturias.com\/magazine365\/espacios-polivalentes-y-el-negro-ejes-de-las-nuevas-tendencias-en-decoracion\/\" title=\"Espacios polivalentes y el negro, ejes de las nuevas tendencias en decoraci\u00f3n\">Espacios polivalentes y el negro, ejes de las nuevas tendencias en decoraci\u00f3n<\/a>\n<\/span><\/div>","aioseo_breadcrumb_json":[{"label":"Home","link":"https:\/\/eldigitaldeasturias.com\/magazine365"},{"label":"Noticias y Actualidad","link":"https:\/\/eldigitaldeasturias.com\/magazine365\/category\/noticias-actualidad\/"},{"label":"Espacios polivalentes y el negro, ejes de las nuevas tendencias en decoraci\u00f3n","link":"https:\/\/eldigitaldeasturias.com\/magazine365\/espacios-polivalentes-y-el-negro-ejes-de-las-nuevas-tendencias-en-decoracion\/"}],"_links":{"self":[{"href":"https:\/\/eldigitaldeasturias.com\/magazine365\/wp-json\/wp\/v2\/posts\/13840","targetHints":{"allow":["GET"]}}],"collection":[{"href":"https:\/\/eldigitaldeasturias.com\/magazine365\/wp-json\/wp\/v2\/posts"}],"about":[{"href":"https:\/\/eldigitaldeasturias.com\/magazine365\/wp-json\/wp\/v2\/types\/post"}],"author":[{"embeddable":true,"href":"https:\/\/eldigitaldeasturias.com\/magazine365\/wp-json\/wp\/v2\/users\/1"}],"replies":[{"embeddable":true,"href":"https:\/\/eldigitaldeasturias.com\/magazine365\/wp-json\/wp\/v2\/comments?post=13840"}],"version-history":[{"count":0,"href":"https:\/\/eldigitaldeasturias.com\/magazine365\/wp-json\/wp\/v2\/posts\/13840\/revisions"}],"wp:featuredmedia":[{"embeddable":true,"href":"https:\/\/eldigitaldeasturias.com\/magazine365\/wp-json\/wp\/v2\/media\/13841"}],"wp:attachment":[{"href":"https:\/\/eldigitaldeasturias.com\/magazine365\/wp-json\/wp\/v2\/media?parent=13840"}],"wp:term":[{"taxonomy":"category","embeddable":true,"href":"https:\/\/eldigitaldeasturias.com\/magazine365\/wp-json\/wp\/v2\/categories?post=13840"},{"taxonomy":"post_tag","embeddable":true,"href":"https:\/\/eldigitaldeasturias.com\/magazine365\/wp-json\/wp\/v2\/tags?post=13840"}],"curies":[{"name":"wp","href":"https:\/\/api.w.org\/{rel}","templated":true}]}}