{"id":13837,"date":"2014-05-24T19:45:29","date_gmt":"2014-05-24T21:45:29","guid":{"rendered":"http:\/\/eldigitaldeasturias.com\/magazine365\/?p=13837"},"modified":"2014-05-24T19:45:29","modified_gmt":"2014-05-24T21:45:29","slug":"rajoy-gonzalez-botella-margallo-y-wert-asisten-a-la-final-de-la-champions","status":"publish","type":"post","link":"https:\/\/eldigitaldeasturias.com\/magazine365\/rajoy-gonzalez-botella-margallo-y-wert-asisten-a-la-final-de-la-champions\/","title":{"rendered":"Rajoy, Gonz\u00e1lez, Botella, Margallo y Wert asisten a la final de la Champions"},"content":{"rendered":"<p><img fetchpriority=\"high\" decoding=\"async\" class=\"alignleft size-medium wp-image-13838\" alt=\"6296548w\" src=\"https:\/\/eldigitaldeasturias.com\/magazine365\/wp-content\/uploads\/2014\/05\/6296548w-360x209.jpg\" width=\"360\" height=\"209\" srcset=\"https:\/\/eldigitaldeasturias.com\/magazine365\/wp-content\/uploads\/2014\/05\/6296548w-360x209.jpg 360w, https:\/\/eldigitaldeasturias.com\/magazine365\/wp-content\/uploads\/2014\/05\/6296548w-650x378.jpg 650w, https:\/\/eldigitaldeasturias.com\/magazine365\/wp-content\/uploads\/2014\/05\/6296548w-768x446.jpg 768w, https:\/\/eldigitaldeasturias.com\/magazine365\/wp-content\/uploads\/2014\/05\/6296548w-150x87.jpg 150w, https:\/\/eldigitaldeasturias.com\/magazine365\/wp-content\/uploads\/2014\/05\/6296548w-450x262.jpg 450w, https:\/\/eldigitaldeasturias.com\/magazine365\/wp-content\/uploads\/2014\/05\/6296548w-696x405.jpg 696w, https:\/\/eldigitaldeasturias.com\/magazine365\/wp-content\/uploads\/2014\/05\/6296548w-723x420.jpg 723w, https:\/\/eldigitaldeasturias.com\/magazine365\/wp-content\/uploads\/2014\/05\/6296548w-172x100.jpg 172w, https:\/\/eldigitaldeasturias.com\/magazine365\/wp-content\/uploads\/2014\/05\/6296548w.jpg 800w\" sizes=\"(max-width: 360px) 100vw, 360px\" \/>Lisboa, 24 may (EFE).- El presidente del Gobierno, Mariano Rajoy, asistir\u00e1 hoy a la final de la Liga de Campeones junto a los ministros de Exteriores, Jos\u00e9 Manuel Garc\u00eda-Margallo, y de Educaci\u00f3n, Cultura y Deporte, Jos\u00e9 Ignacio Wert, adem\u00e1s del presidente madrile\u00f1o, Ignacio Gonz\u00e1lez, y la alcaldesa, Ana Botella.<\/p>\n<p>Rajoy encabeza la delegaci\u00f3n oficial del Ejecutivo espa\u00f1ol que acudir\u00e1 al in\u00e9dito duelo madridista en el estadio de la Luz lisboeta a partir de las 19:45, hora local, y en la que tambi\u00e9n estar\u00e1n los Reyes acompa\u00f1ados por el jefe del Estado luso, An\u00edbal Cavaco Silva.<\/p>\n<p>Fuentes diplom\u00e1ticas en Lisboa dijeron a Efe que a la comitiva del Gobierno se sumar\u00e1n otras autoridades espa\u00f1olas, como Ignacio Gonz\u00e1lez y Ana Botella.<\/p>\n<p>Botella tiene una cita a primera hora de esta tarde con el alcalde de Lisboa, Ant\u00f3nio Costa, al que devolver\u00e1 las llaves de la capital lusa que \u00e9l le hab\u00eda entregado en su reciente visita a Madrid.<\/p>\n<p>Tambi\u00e9n antes de acudir al partido, el presidente espa\u00f1ol tiene un \u00abalmuerzo de trabajo\u00bb con el jefe del Gobierno luso, Pedro Passos Coelho, en su residencia de S\u00e3o Bento, seg\u00fan inform\u00f3 el gabinete del mandatario luso.<\/p>\n<p>Est\u00e1 previsto que ambos analicen cuestiones como las expectativas ante las elecciones europeas del d\u00eda siguiente e intercambien puntos de vista sobre la reuni\u00f3n informal que mantendr\u00e1n el martes en Bruselas los jefes de Estado y de Gobierno de la UE, convocados por el presidente del Consejo Europeo, Herman van Rompuy, para analizar los resultados de esos comicios.<\/p>\n<p>Seg\u00fan fuentes del Gobierno espa\u00f1ol consultadas por Efe, Rajoy y Passos Coelho conversar\u00e1n igualmente sobre algunos de los asuntos que se tratar\u00e1n en la cumbre bilateral que ambos presidir\u00e1n el pr\u00f3ximo 4 de junio en el peque\u00f1o municipio luso de Vidago, al norte del pa\u00eds.<\/p>\n","protected":false},"excerpt":{"rendered":"<p>Lisboa, 24 may (EFE).- El presidente del Gobierno, Mariano Rajoy, asistir\u00e1 hoy a la final de la Liga de Campeones junto a los ministros de Exteriores, Jos\u00e9 Manuel Garc\u00eda-Margallo, y de Educaci\u00f3n, Cultura y Deporte, Jos\u00e9 Ignacio Wert, adem\u00e1s del presidente madrile\u00f1o, Ignacio Gonz\u00e1lez, y la alcaldesa, Ana Botella. Rajoy encabeza la delegaci\u00f3n oficial del<\/p>\n","protected":false},"author":1,"featured_media":13838,"comment_status":"open","ping_status":"closed","sticky":false,"template":"","format":"standard","meta":{"footnotes":""},"categories":[224],"tags":[],"class_list":{"0":"post-13837","1":"post","2":"type-post","3":"status-publish","4":"format-standard","5":"has-post-thumbnail","7":"category-noticias-actualidad"},"aioseo_notices":[],"aioseo_head":"\n\t\t<!-- All in One SEO Pro 4.9.6.1 - aioseo.com -->\n\t<meta name=\"description\" content=\"Lisboa, 24 may (EFE).- El presidente del Gobierno, Mariano Rajoy, asistir\u00e1 hoy a la final de la Liga de Campeones junto a los ministros de Exteriores, Jos\u00e9 Manuel Garc\u00eda-Margallo, y de Educaci\u00f3n, Cultura y Deporte, Jos\u00e9 Ignacio Wert, adem\u00e1s del presidente madrile\u00f1o, Ignacio Gonz\u00e1lez, y la alcaldesa, Ana Botella. Rajoy encabeza la delegaci\u00f3n oficial del\" \/>\n\t<meta name=\"robots\" content=\"max-image-preview:large\" \/>\n\t<meta name=\"author\" content=\"admin\"\/>\n\t<meta name=\"google-site-verification\" content=\"UA-38556648-1\" \/>\n\t<meta name=\"keywords\" content=\"noticias y actualidad\" \/>\n\t<link rel=\"canonical\" href=\"https:\/\/eldigitaldeasturias.com\/magazine365\/rajoy-gonzalez-botella-margallo-y-wert-asisten-a-la-final-de-la-champions\/\" \/>\n\t<meta name=\"generator\" content=\"All in One SEO Pro (AIOSEO) 4.9.6.1\" \/>\n\t\t<meta property=\"og:locale\" content=\"es_ES\" \/>\n\t\t<meta property=\"og:site_name\" content=\"El Digital de Asturias \u2013 Revista de ocio, turismo y estilo de vida\" \/>\n\t\t<meta property=\"og:type\" content=\"article\" \/>\n\t\t<meta property=\"og:title\" content=\"Rajoy, Gonz\u00e1lez, Botella, Margallo y Wert asisten a la final de la Champions | El Digital de Asturias\" \/>\n\t\t<meta property=\"og:description\" content=\"Lisboa, 24 may (EFE).- El presidente del Gobierno, Mariano Rajoy, asistir\u00e1 hoy a la final de la Liga de Campeones junto a los ministros de Exteriores, Jos\u00e9 Manuel Garc\u00eda-Margallo, y de Educaci\u00f3n, Cultura y Deporte, Jos\u00e9 Ignacio Wert, adem\u00e1s del presidente madrile\u00f1o, Ignacio Gonz\u00e1lez, y la alcaldesa, Ana Botella. Rajoy encabeza la delegaci\u00f3n oficial del\" \/>\n\t\t<meta property=\"og:url\" content=\"https:\/\/eldigitaldeasturias.com\/magazine365\/rajoy-gonzalez-botella-margallo-y-wert-asisten-a-la-final-de-la-champions\/\" \/>\n\t\t<meta property=\"og:image\" content=\"https:\/\/eldigitaldeasturias.com\/magazine365\/wp-content\/uploads\/2014\/05\/6296548w.jpg\" \/>\n\t\t<meta property=\"og:image:secure_url\" content=\"https:\/\/eldigitaldeasturias.com\/magazine365\/wp-content\/uploads\/2014\/05\/6296548w.jpg\" \/>\n\t\t<meta property=\"og:image:width\" content=\"800\" \/>\n\t\t<meta property=\"og:image:height\" content=\"465\" \/>\n\t\t<meta property=\"article:published_time\" content=\"2014-05-24T21:45:29+00:00\" \/>\n\t\t<meta property=\"article:modified_time\" content=\"2014-05-24T21:45:29+00:00\" \/>\n\t\t<meta name=\"twitter:card\" content=\"summary_large_image\" \/>\n\t\t<meta name=\"twitter:title\" content=\"Rajoy, Gonz\u00e1lez, Botella, Margallo y Wert asisten a la final de la Champions | El Digital de Asturias\" \/>\n\t\t<meta name=\"twitter:description\" content=\"Lisboa, 24 may (EFE).- El presidente del Gobierno, Mariano Rajoy, asistir\u00e1 hoy a la final de la Liga de Campeones junto a los ministros de Exteriores, Jos\u00e9 Manuel Garc\u00eda-Margallo, y de Educaci\u00f3n, Cultura y Deporte, Jos\u00e9 Ignacio Wert, adem\u00e1s del presidente madrile\u00f1o, Ignacio Gonz\u00e1lez, y la alcaldesa, Ana Botella. Rajoy encabeza la delegaci\u00f3n oficial del\" \/>\n\t\t<meta name=\"twitter:image\" content=\"https:\/\/eldigitaldeasturias.com\/magazine365\/wp-content\/uploads\/2014\/05\/6296548w.jpg\" \/>\n\t\t<script type=\"application\/ld+json\" class=\"aioseo-schema\">\n\t\t\t{\"@context\":\"https:\\\/\\\/schema.org\",\"@graph\":[{\"@type\":\"Article\",\"@id\":\"https:\\\/\\\/eldigitaldeasturias.com\\\/magazine365\\\/rajoy-gonzalez-botella-margallo-y-wert-asisten-a-la-final-de-la-champions\\\/#article\",\"name\":\"Rajoy, Gonz\\u00e1lez, Botella, Margallo y Wert asisten a la final de la Champions | El Digital de Asturias\",\"headline\":\"Rajoy, Gonz\\u00e1lez, Botella, Margallo y Wert asisten a la final de la Champions\",\"author\":{\"@id\":\"https:\\\/\\\/eldigitaldeasturias.com\\\/magazine365\\\/author\\\/admin\\\/#author\"},\"publisher\":{\"@id\":\"https:\\\/\\\/eldigitaldeasturias.com\\\/magazine365\\\/#organization\"},\"image\":{\"@type\":\"ImageObject\",\"url\":\"https:\\\/\\\/eldigitaldeasturias.com\\\/magazine365\\\/wp-content\\\/uploads\\\/2014\\\/05\\\/6296548w.jpg\",\"width\":800,\"height\":465},\"datePublished\":\"2014-05-24T19:45:29+02:00\",\"dateModified\":\"2014-05-24T19:45:29+02:00\",\"inLanguage\":\"es-ES\",\"mainEntityOfPage\":{\"@id\":\"https:\\\/\\\/eldigitaldeasturias.com\\\/magazine365\\\/rajoy-gonzalez-botella-margallo-y-wert-asisten-a-la-final-de-la-champions\\\/#webpage\"},\"isPartOf\":{\"@id\":\"https:\\\/\\\/eldigitaldeasturias.com\\\/magazine365\\\/rajoy-gonzalez-botella-margallo-y-wert-asisten-a-la-final-de-la-champions\\\/#webpage\"},\"articleSection\":\"Noticias y Actualidad\"},{\"@type\":\"BreadcrumbList\",\"@id\":\"https:\\\/\\\/eldigitaldeasturias.com\\\/magazine365\\\/rajoy-gonzalez-botella-margallo-y-wert-asisten-a-la-final-de-la-champions\\\/#breadcrumblist\",\"itemListElement\":[{\"@type\":\"ListItem\",\"@id\":\"https:\\\/\\\/eldigitaldeasturias.com\\\/magazine365#listItem\",\"position\":1,\"name\":\"Home\",\"item\":\"https:\\\/\\\/eldigitaldeasturias.com\\\/magazine365\",\"nextItem\":{\"@type\":\"ListItem\",\"@id\":\"https:\\\/\\\/eldigitaldeasturias.com\\\/magazine365\\\/category\\\/noticias-actualidad\\\/#listItem\",\"name\":\"Noticias y Actualidad\"}},{\"@type\":\"ListItem\",\"@id\":\"https:\\\/\\\/eldigitaldeasturias.com\\\/magazine365\\\/category\\\/noticias-actualidad\\\/#listItem\",\"position\":2,\"name\":\"Noticias y Actualidad\",\"item\":\"https:\\\/\\\/eldigitaldeasturias.com\\\/magazine365\\\/category\\\/noticias-actualidad\\\/\",\"nextItem\":{\"@type\":\"ListItem\",\"@id\":\"https:\\\/\\\/eldigitaldeasturias.com\\\/magazine365\\\/rajoy-gonzalez-botella-margallo-y-wert-asisten-a-la-final-de-la-champions\\\/#listItem\",\"name\":\"Rajoy, Gonz\\u00e1lez, Botella, Margallo y Wert asisten a la final de la Champions\"},\"previousItem\":{\"@type\":\"ListItem\",\"@id\":\"https:\\\/\\\/eldigitaldeasturias.com\\\/magazine365#listItem\",\"name\":\"Home\"}},{\"@type\":\"ListItem\",\"@id\":\"https:\\\/\\\/eldigitaldeasturias.com\\\/magazine365\\\/rajoy-gonzalez-botella-margallo-y-wert-asisten-a-la-final-de-la-champions\\\/#listItem\",\"position\":3,\"name\":\"Rajoy, Gonz\\u00e1lez, Botella, Margallo y Wert asisten a la final de la Champions\",\"previousItem\":{\"@type\":\"ListItem\",\"@id\":\"https:\\\/\\\/eldigitaldeasturias.com\\\/magazine365\\\/category\\\/noticias-actualidad\\\/#listItem\",\"name\":\"Noticias y Actualidad\"}}]},{\"@type\":\"Organization\",\"@id\":\"https:\\\/\\\/eldigitaldeasturias.com\\\/magazine365\\\/#organization\",\"name\":\"El digital de Asturias\",\"description\":\"Revista de ocio, turismo y estilo de vida\",\"url\":\"https:\\\/\\\/eldigitaldeasturias.com\\\/magazine365\\\/\",\"logo\":{\"@type\":\"ImageObject\",\"url\":\"https:\\\/\\\/www.eldigitaldeasturias.com\\\/noticias\\\/wp-content\\\/uploads\\\/2020\\\/12\\\/EDA.jpg\",\"@id\":\"https:\\\/\\\/eldigitaldeasturias.com\\\/magazine365\\\/rajoy-gonzalez-botella-margallo-y-wert-asisten-a-la-final-de-la-champions\\\/#organizationLogo\"},\"image\":{\"@id\":\"https:\\\/\\\/eldigitaldeasturias.com\\\/magazine365\\\/rajoy-gonzalez-botella-margallo-y-wert-asisten-a-la-final-de-la-champions\\\/#organizationLogo\"}},{\"@type\":\"Person\",\"@id\":\"https:\\\/\\\/eldigitaldeasturias.com\\\/magazine365\\\/author\\\/admin\\\/#author\",\"url\":\"https:\\\/\\\/eldigitaldeasturias.com\\\/magazine365\\\/author\\\/admin\\\/\",\"name\":\"admin\",\"image\":{\"@type\":\"ImageObject\",\"@id\":\"https:\\\/\\\/eldigitaldeasturias.com\\\/magazine365\\\/rajoy-gonzalez-botella-margallo-y-wert-asisten-a-la-final-de-la-champions\\\/#authorImage\",\"url\":\"https:\\\/\\\/eldigitaldeasturias.com\\\/magazine365\\\/wp-content\\\/litespeed\\\/avatar\\\/e571bcf59a0edd6fa6838245a470f2fe.jpg?ver=1776969259\",\"width\":96,\"height\":96,\"caption\":\"admin\"}},{\"@type\":\"WebPage\",\"@id\":\"https:\\\/\\\/eldigitaldeasturias.com\\\/magazine365\\\/rajoy-gonzalez-botella-margallo-y-wert-asisten-a-la-final-de-la-champions\\\/#webpage\",\"url\":\"https:\\\/\\\/eldigitaldeasturias.com\\\/magazine365\\\/rajoy-gonzalez-botella-margallo-y-wert-asisten-a-la-final-de-la-champions\\\/\",\"name\":\"Rajoy, Gonz\\u00e1lez, Botella, Margallo y Wert asisten a la final de la Champions | El Digital de Asturias\",\"description\":\"Lisboa, 24 may (EFE).- El presidente del Gobierno, Mariano Rajoy, asistir\\u00e1 hoy a la final de la Liga de Campeones junto a los ministros de Exteriores, Jos\\u00e9 Manuel Garc\\u00eda-Margallo, y de Educaci\\u00f3n, Cultura y Deporte, Jos\\u00e9 Ignacio Wert, adem\\u00e1s del presidente madrile\\u00f1o, Ignacio Gonz\\u00e1lez, y la alcaldesa, Ana Botella. Rajoy encabeza la delegaci\\u00f3n oficial del\",\"inLanguage\":\"es-ES\",\"isPartOf\":{\"@id\":\"https:\\\/\\\/eldigitaldeasturias.com\\\/magazine365\\\/#website\"},\"breadcrumb\":{\"@id\":\"https:\\\/\\\/eldigitaldeasturias.com\\\/magazine365\\\/rajoy-gonzalez-botella-margallo-y-wert-asisten-a-la-final-de-la-champions\\\/#breadcrumblist\"},\"author\":{\"@id\":\"https:\\\/\\\/eldigitaldeasturias.com\\\/magazine365\\\/author\\\/admin\\\/#author\"},\"creator\":{\"@id\":\"https:\\\/\\\/eldigitaldeasturias.com\\\/magazine365\\\/author\\\/admin\\\/#author\"},\"image\":{\"@type\":\"ImageObject\",\"url\":\"https:\\\/\\\/eldigitaldeasturias.com\\\/magazine365\\\/wp-content\\\/uploads\\\/2014\\\/05\\\/6296548w.jpg\",\"@id\":\"https:\\\/\\\/eldigitaldeasturias.com\\\/magazine365\\\/rajoy-gonzalez-botella-margallo-y-wert-asisten-a-la-final-de-la-champions\\\/#mainImage\",\"width\":800,\"height\":465},\"primaryImageOfPage\":{\"@id\":\"https:\\\/\\\/eldigitaldeasturias.com\\\/magazine365\\\/rajoy-gonzalez-botella-margallo-y-wert-asisten-a-la-final-de-la-champions\\\/#mainImage\"},\"datePublished\":\"2014-05-24T19:45:29+02:00\",\"dateModified\":\"2014-05-24T19:45:29+02:00\"},{\"@type\":\"WebSite\",\"@id\":\"https:\\\/\\\/eldigitaldeasturias.com\\\/magazine365\\\/#website\",\"url\":\"https:\\\/\\\/eldigitaldeasturias.com\\\/magazine365\\\/\",\"name\":\"El Digital de Asturias\",\"description\":\"Revista de ocio, turismo y estilo de vida\",\"inLanguage\":\"es-ES\",\"publisher\":{\"@id\":\"https:\\\/\\\/eldigitaldeasturias.com\\\/magazine365\\\/#organization\"}}]}\n\t\t<\/script>\n\t\t<!-- All in One SEO Pro -->\r\n\t\t<title>Rajoy, Gonz\u00e1lez, Botella, Margallo y Wert asisten a la final de la Champions | El Digital de Asturias<\/title>\n\n","aioseo_head_json":{"title":"Rajoy, Gonz\u00e1lez, Botella, Margallo y Wert asisten a la final de la Champions | El Digital de Asturias","description":"Lisboa, 24 may (EFE).- El presidente del Gobierno, Mariano Rajoy, asistir\u00e1 hoy a la final de la Liga de Campeones junto a los ministros de Exteriores, Jos\u00e9 Manuel Garc\u00eda-Margallo, y de Educaci\u00f3n, Cultura y Deporte, Jos\u00e9 Ignacio Wert, adem\u00e1s del presidente madrile\u00f1o, Ignacio Gonz\u00e1lez, y la alcaldesa, Ana Botella. Rajoy encabeza la delegaci\u00f3n oficial del","canonical_url":"https:\/\/eldigitaldeasturias.com\/magazine365\/rajoy-gonzalez-botella-margallo-y-wert-asisten-a-la-final-de-la-champions\/","robots":"max-image-preview:large","keywords":"noticias y actualidad","webmasterTools":{"google-site-verification":"UA-38556648-1","miscellaneous":""},"schema":{"@context":"https:\/\/schema.org","@graph":[{"@type":"Article","@id":"https:\/\/eldigitaldeasturias.com\/magazine365\/rajoy-gonzalez-botella-margallo-y-wert-asisten-a-la-final-de-la-champions\/#article","name":"Rajoy, Gonz\u00e1lez, Botella, Margallo y Wert asisten a la final de la Champions | El Digital de Asturias","headline":"Rajoy, Gonz\u00e1lez, Botella, Margallo y Wert asisten a la final de la Champions","author":{"@id":"https:\/\/eldigitaldeasturias.com\/magazine365\/author\/admin\/#author"},"publisher":{"@id":"https:\/\/eldigitaldeasturias.com\/magazine365\/#organization"},"image":{"@type":"ImageObject","url":"https:\/\/eldigitaldeasturias.com\/magazine365\/wp-content\/uploads\/2014\/05\/6296548w.jpg","width":800,"height":465},"datePublished":"2014-05-24T19:45:29+02:00","dateModified":"2014-05-24T19:45:29+02:00","inLanguage":"es-ES","mainEntityOfPage":{"@id":"https:\/\/eldigitaldeasturias.com\/magazine365\/rajoy-gonzalez-botella-margallo-y-wert-asisten-a-la-final-de-la-champions\/#webpage"},"isPartOf":{"@id":"https:\/\/eldigitaldeasturias.com\/magazine365\/rajoy-gonzalez-botella-margallo-y-wert-asisten-a-la-final-de-la-champions\/#webpage"},"articleSection":"Noticias y Actualidad"},{"@type":"BreadcrumbList","@id":"https:\/\/eldigitaldeasturias.com\/magazine365\/rajoy-gonzalez-botella-margallo-y-wert-asisten-a-la-final-de-la-champions\/#breadcrumblist","itemListElement":[{"@type":"ListItem","@id":"https:\/\/eldigitaldeasturias.com\/magazine365#listItem","position":1,"name":"Home","item":"https:\/\/eldigitaldeasturias.com\/magazine365","nextItem":{"@type":"ListItem","@id":"https:\/\/eldigitaldeasturias.com\/magazine365\/category\/noticias-actualidad\/#listItem","name":"Noticias y Actualidad"}},{"@type":"ListItem","@id":"https:\/\/eldigitaldeasturias.com\/magazine365\/category\/noticias-actualidad\/#listItem","position":2,"name":"Noticias y Actualidad","item":"https:\/\/eldigitaldeasturias.com\/magazine365\/category\/noticias-actualidad\/","nextItem":{"@type":"ListItem","@id":"https:\/\/eldigitaldeasturias.com\/magazine365\/rajoy-gonzalez-botella-margallo-y-wert-asisten-a-la-final-de-la-champions\/#listItem","name":"Rajoy, Gonz\u00e1lez, Botella, Margallo y Wert asisten a la final de la Champions"},"previousItem":{"@type":"ListItem","@id":"https:\/\/eldigitaldeasturias.com\/magazine365#listItem","name":"Home"}},{"@type":"ListItem","@id":"https:\/\/eldigitaldeasturias.com\/magazine365\/rajoy-gonzalez-botella-margallo-y-wert-asisten-a-la-final-de-la-champions\/#listItem","position":3,"name":"Rajoy, Gonz\u00e1lez, Botella, Margallo y Wert asisten a la final de la Champions","previousItem":{"@type":"ListItem","@id":"https:\/\/eldigitaldeasturias.com\/magazine365\/category\/noticias-actualidad\/#listItem","name":"Noticias y Actualidad"}}]},{"@type":"Organization","@id":"https:\/\/eldigitaldeasturias.com\/magazine365\/#organization","name":"El digital de Asturias","description":"Revista de ocio, turismo y estilo de vida","url":"https:\/\/eldigitaldeasturias.com\/magazine365\/","logo":{"@type":"ImageObject","url":"https:\/\/www.eldigitaldeasturias.com\/noticias\/wp-content\/uploads\/2020\/12\/EDA.jpg","@id":"https:\/\/eldigitaldeasturias.com\/magazine365\/rajoy-gonzalez-botella-margallo-y-wert-asisten-a-la-final-de-la-champions\/#organizationLogo"},"image":{"@id":"https:\/\/eldigitaldeasturias.com\/magazine365\/rajoy-gonzalez-botella-margallo-y-wert-asisten-a-la-final-de-la-champions\/#organizationLogo"}},{"@type":"Person","@id":"https:\/\/eldigitaldeasturias.com\/magazine365\/author\/admin\/#author","url":"https:\/\/eldigitaldeasturias.com\/magazine365\/author\/admin\/","name":"admin","image":{"@type":"ImageObject","@id":"https:\/\/eldigitaldeasturias.com\/magazine365\/rajoy-gonzalez-botella-margallo-y-wert-asisten-a-la-final-de-la-champions\/#authorImage","url":"https:\/\/eldigitaldeasturias.com\/magazine365\/wp-content\/litespeed\/avatar\/e571bcf59a0edd6fa6838245a470f2fe.jpg?ver=1776969259","width":96,"height":96,"caption":"admin"}},{"@type":"WebPage","@id":"https:\/\/eldigitaldeasturias.com\/magazine365\/rajoy-gonzalez-botella-margallo-y-wert-asisten-a-la-final-de-la-champions\/#webpage","url":"https:\/\/eldigitaldeasturias.com\/magazine365\/rajoy-gonzalez-botella-margallo-y-wert-asisten-a-la-final-de-la-champions\/","name":"Rajoy, Gonz\u00e1lez, Botella, Margallo y Wert asisten a la final de la Champions | El Digital de Asturias","description":"Lisboa, 24 may (EFE).- El presidente del Gobierno, Mariano Rajoy, asistir\u00e1 hoy a la final de la Liga de Campeones junto a los ministros de Exteriores, Jos\u00e9 Manuel Garc\u00eda-Margallo, y de Educaci\u00f3n, Cultura y Deporte, Jos\u00e9 Ignacio Wert, adem\u00e1s del presidente madrile\u00f1o, Ignacio Gonz\u00e1lez, y la alcaldesa, Ana Botella. Rajoy encabeza la delegaci\u00f3n oficial del","inLanguage":"es-ES","isPartOf":{"@id":"https:\/\/eldigitaldeasturias.com\/magazine365\/#website"},"breadcrumb":{"@id":"https:\/\/eldigitaldeasturias.com\/magazine365\/rajoy-gonzalez-botella-margallo-y-wert-asisten-a-la-final-de-la-champions\/#breadcrumblist"},"author":{"@id":"https:\/\/eldigitaldeasturias.com\/magazine365\/author\/admin\/#author"},"creator":{"@id":"https:\/\/eldigitaldeasturias.com\/magazine365\/author\/admin\/#author"},"image":{"@type":"ImageObject","url":"https:\/\/eldigitaldeasturias.com\/magazine365\/wp-content\/uploads\/2014\/05\/6296548w.jpg","@id":"https:\/\/eldigitaldeasturias.com\/magazine365\/rajoy-gonzalez-botella-margallo-y-wert-asisten-a-la-final-de-la-champions\/#mainImage","width":800,"height":465},"primaryImageOfPage":{"@id":"https:\/\/eldigitaldeasturias.com\/magazine365\/rajoy-gonzalez-botella-margallo-y-wert-asisten-a-la-final-de-la-champions\/#mainImage"},"datePublished":"2014-05-24T19:45:29+02:00","dateModified":"2014-05-24T19:45:29+02:00"},{"@type":"WebSite","@id":"https:\/\/eldigitaldeasturias.com\/magazine365\/#website","url":"https:\/\/eldigitaldeasturias.com\/magazine365\/","name":"El Digital de Asturias","description":"Revista de ocio, turismo y estilo de vida","inLanguage":"es-ES","publisher":{"@id":"https:\/\/eldigitaldeasturias.com\/magazine365\/#organization"}}]},"og:locale":"es_ES","og:site_name":"El Digital de Asturias \u2013 Revista de ocio, turismo y estilo de vida","og:type":"article","og:title":"Rajoy, Gonz\u00e1lez, Botella, Margallo y Wert asisten a la final de la Champions | El Digital de Asturias","og:description":"Lisboa, 24 may (EFE).- El presidente del Gobierno, Mariano Rajoy, asistir\u00e1 hoy a la final de la Liga de Campeones junto a los ministros de Exteriores, Jos\u00e9 Manuel Garc\u00eda-Margallo, y de Educaci\u00f3n, Cultura y Deporte, Jos\u00e9 Ignacio Wert, adem\u00e1s del presidente madrile\u00f1o, Ignacio Gonz\u00e1lez, y la alcaldesa, Ana Botella. Rajoy encabeza la delegaci\u00f3n oficial del","og:url":"https:\/\/eldigitaldeasturias.com\/magazine365\/rajoy-gonzalez-botella-margallo-y-wert-asisten-a-la-final-de-la-champions\/","og:image":"https:\/\/eldigitaldeasturias.com\/magazine365\/wp-content\/uploads\/2014\/05\/6296548w.jpg","og:image:secure_url":"https:\/\/eldigitaldeasturias.com\/magazine365\/wp-content\/uploads\/2014\/05\/6296548w.jpg","og:image:width":800,"og:image:height":465,"article:published_time":"2014-05-24T21:45:29+00:00","article:modified_time":"2014-05-24T21:45:29+00:00","twitter:card":"summary_large_image","twitter:title":"Rajoy, Gonz\u00e1lez, Botella, Margallo y Wert asisten a la final de la Champions | El Digital de Asturias","twitter:description":"Lisboa, 24 may (EFE).- El presidente del Gobierno, Mariano Rajoy, asistir\u00e1 hoy a la final de la Liga de Campeones junto a los ministros de Exteriores, Jos\u00e9 Manuel Garc\u00eda-Margallo, y de Educaci\u00f3n, Cultura y Deporte, Jos\u00e9 Ignacio Wert, adem\u00e1s del presidente madrile\u00f1o, Ignacio Gonz\u00e1lez, y la alcaldesa, Ana Botella. Rajoy encabeza la delegaci\u00f3n oficial del","twitter:image":"https:\/\/eldigitaldeasturias.com\/magazine365\/wp-content\/uploads\/2014\/05\/6296548w.jpg"},"aioseo_meta_data":{"post_id":"13837","title":null,"description":null,"keywords":null,"keyphrases":null,"primary_term":null,"canonical_url":null,"og_title":null,"og_description":null,"og_object_type":"default","og_image_type":"default","og_image_url":null,"og_image_width":null,"og_image_height":null,"og_image_custom_url":null,"og_image_custom_fields":null,"og_video":null,"og_custom_url":null,"og_article_section":null,"og_article_tags":null,"twitter_use_og":false,"twitter_card":"default","twitter_image_type":"default","twitter_image_url":null,"twitter_image_custom_url":null,"twitter_image_custom_fields":null,"twitter_title":null,"twitter_description":null,"schema":{"blockGraphs":[],"customGraphs":[],"default":{"data":{"Article":[],"Course":[],"Dataset":[],"FAQPage":[],"Movie":[],"Person":[],"Product":[],"ProductReview":[],"Car":[],"Recipe":[],"Service":[],"SoftwareApplication":[],"WebPage":[]},"graphName":"","isEnabled":true},"graphs":[],"defaultGraph":"","defaultPostTypeGraph":""},"schema_type":null,"schema_type_options":null,"pillar_content":false,"robots_default":true,"robots_noindex":false,"robots_noarchive":false,"robots_nosnippet":false,"robots_nofollow":false,"robots_noimageindex":false,"robots_noodp":false,"robots_notranslate":false,"robots_max_snippet":null,"robots_max_videopreview":null,"robots_max_imagepreview":"large","priority":null,"frequency":null,"location":null,"local_seo":null,"seo_analyzer_scan_date":"2025-09-17 09:03:04","breadcrumb_settings":null,"limit_modified_date":false,"open_ai":null,"ai":null,"created":"2021-03-09 08:22:47","updated":"2025-09-17 09:03:04"},"aioseo_breadcrumb":"<div class=\"aioseo-breadcrumbs\"><span class=\"aioseo-breadcrumb\">\n\t<a href=\"https:\/\/eldigitaldeasturias.com\/magazine365\" title=\"Home\">Home<\/a>\n<\/span><span class=\"aioseo-breadcrumb-separator\">\u2013<\/span><span class=\"aioseo-breadcrumb\">\n\t<a href=\"https:\/\/eldigitaldeasturias.com\/magazine365\/category\/noticias-actualidad\/\" title=\"Noticias y Actualidad\">Noticias y Actualidad<\/a>\n<\/span><span class=\"aioseo-breadcrumb-separator\">\u2013<\/span><span class=\"aioseo-breadcrumb\">\n\t<a href=\"https:\/\/eldigitaldeasturias.com\/magazine365\/rajoy-gonzalez-botella-margallo-y-wert-asisten-a-la-final-de-la-champions\/\" title=\"Rajoy, Gonz\u00e1lez, Botella, Margallo y Wert asisten a la final de la Champions\">Rajoy, Gonz\u00e1lez, Botella, Margallo y Wert asisten a la final de la Champions<\/a>\n<\/span><\/div>","aioseo_breadcrumb_json":[{"label":"Home","link":"https:\/\/eldigitaldeasturias.com\/magazine365"},{"label":"Noticias y Actualidad","link":"https:\/\/eldigitaldeasturias.com\/magazine365\/category\/noticias-actualidad\/"},{"label":"Rajoy, Gonz\u00e1lez, Botella, Margallo y Wert asisten a la final de la Champions","link":"https:\/\/eldigitaldeasturias.com\/magazine365\/rajoy-gonzalez-botella-margallo-y-wert-asisten-a-la-final-de-la-champions\/"}],"_links":{"self":[{"href":"https:\/\/eldigitaldeasturias.com\/magazine365\/wp-json\/wp\/v2\/posts\/13837","targetHints":{"allow":["GET"]}}],"collection":[{"href":"https:\/\/eldigitaldeasturias.com\/magazine365\/wp-json\/wp\/v2\/posts"}],"about":[{"href":"https:\/\/eldigitaldeasturias.com\/magazine365\/wp-json\/wp\/v2\/types\/post"}],"author":[{"embeddable":true,"href":"https:\/\/eldigitaldeasturias.com\/magazine365\/wp-json\/wp\/v2\/users\/1"}],"replies":[{"embeddable":true,"href":"https:\/\/eldigitaldeasturias.com\/magazine365\/wp-json\/wp\/v2\/comments?post=13837"}],"version-history":[{"count":0,"href":"https:\/\/eldigitaldeasturias.com\/magazine365\/wp-json\/wp\/v2\/posts\/13837\/revisions"}],"wp:featuredmedia":[{"embeddable":true,"href":"https:\/\/eldigitaldeasturias.com\/magazine365\/wp-json\/wp\/v2\/media\/13838"}],"wp:attachment":[{"href":"https:\/\/eldigitaldeasturias.com\/magazine365\/wp-json\/wp\/v2\/media?parent=13837"}],"wp:term":[{"taxonomy":"category","embeddable":true,"href":"https:\/\/eldigitaldeasturias.com\/magazine365\/wp-json\/wp\/v2\/categories?post=13837"},{"taxonomy":"post_tag","embeddable":true,"href":"https:\/\/eldigitaldeasturias.com\/magazine365\/wp-json\/wp\/v2\/tags?post=13837"}],"curies":[{"name":"wp","href":"https:\/\/api.w.org\/{rel}","templated":true}]}}