{"id":13834,"date":"2014-05-24T13:07:03","date_gmt":"2014-05-24T15:07:03","guid":{"rendered":"http:\/\/eldigitaldeasturias.com\/magazine365\/?p=13834"},"modified":"2014-05-24T13:07:03","modified_gmt":"2014-05-24T15:07:03","slug":"100x100-mascota-acoge-exposiciones-felinas-y-exhibiciones-de-perros-heroes","status":"publish","type":"post","link":"https:\/\/eldigitaldeasturias.com\/magazine365\/100x100-mascota-acoge-exposiciones-felinas-y-exhibiciones-de-perros-heroes\/","title":{"rendered":"100X100 Mascota acoge exposiciones felinas y exhibiciones de \u00abperros h\u00e9roes\u00bb"},"content":{"rendered":"<p><img fetchpriority=\"high\" decoding=\"async\" class=\"alignleft size-medium wp-image-13835\" alt=\"6296500w\" src=\"https:\/\/eldigitaldeasturias.com\/magazine365\/wp-content\/uploads\/2014\/05\/6296500w-360x288.jpg\" width=\"360\" height=\"288\" srcset=\"https:\/\/eldigitaldeasturias.com\/magazine365\/wp-content\/uploads\/2014\/05\/6296500w-360x288.jpg 360w, https:\/\/eldigitaldeasturias.com\/magazine365\/wp-content\/uploads\/2014\/05\/6296500w-650x521.jpg 650w, https:\/\/eldigitaldeasturias.com\/magazine365\/wp-content\/uploads\/2014\/05\/6296500w-768x615.jpg 768w, https:\/\/eldigitaldeasturias.com\/magazine365\/wp-content\/uploads\/2014\/05\/6296500w-150x120.jpg 150w, https:\/\/eldigitaldeasturias.com\/magazine365\/wp-content\/uploads\/2014\/05\/6296500w-450x361.jpg 450w, https:\/\/eldigitaldeasturias.com\/magazine365\/wp-content\/uploads\/2014\/05\/6296500w-696x558.jpg 696w, https:\/\/eldigitaldeasturias.com\/magazine365\/wp-content\/uploads\/2014\/05\/6296500w-524x420.jpg 524w, https:\/\/eldigitaldeasturias.com\/magazine365\/wp-content\/uploads\/2014\/05\/6296500w.jpg 800w\" sizes=\"(max-width: 360px) 100vw, 360px\" \/>Madrid, 24 may (EFE).- La Feria del Animal de Compa\u00f1\u00eda, 100&#215;100 Mascota, abre hoy sus puertas en el Recinto Ferial de Madrid (Ifema) para ofrecer a los amantes de las mascotas exposiciones felinas, exhibiciones de \u00abperros h\u00e9roes\u00bb de la Guardia Civil, Ej\u00e9rcito y Polic\u00eda y la 86\u00ba Exposici\u00f3n Internacional Canina de Primavera.<\/p>\n<p>Desde hoy y hasta ma\u00f1ana, los asistentes a la feria podr\u00e1n disfrutar de diversas actividades, entre las que destacan, adem\u00e1s de la Exposici\u00f3n Internacional Canina de Primavera de la Real Sociedad Canina de Espa\u00f1a (RSCE) Trofeo de Su Majestad El Rey, la Exposici\u00f3n Nacional Canina &#8216;Especial de Razas Espa\u00f1olas&#8217;.<\/p>\n<p>Ifema tambi\u00e9n acoger\u00e1 las pruebas selectivas para el Campeonato de Espa\u00f1a de Agility de la RSCE 2015 y el Campeonato del Mundo de Agility de la FCI 2014, la Alianza Cin\u00f3fila Latina y la VI Copa de Espa\u00f1a de Obediencia, en las que se prev\u00e9 que participen m\u00e1s de 5.000 perros.<\/p>\n<p>Adem\u00e1s de estas actividades caninas, 100&#215;100 Mascota contar\u00e1 con talleres de salud, tenencia responsable y cuidado de mascotas en la academia de &#8216;Los Veterinarios comprometidos&#8217;, demostraciones de peluquer\u00eda y cursos y demostraciones de adiestramiento.<\/p>\n<p>Estos veterinarios tambi\u00e9n reunir\u00e1n en el espacio &#8216;100&#215;100 Adopta&#8217; a cerca de 40 entidades espa\u00f1olas de protecci\u00f3n animal para informar sobre la adopci\u00f3n de mascotas.<\/p>\n<p>La oferta de la feria la completan exhibiciones de &#8216;dog frisbee&#8217;, talleres para los ni\u00f1os, un espacio con burros que ofrece diversas actividades did\u00e1cticas, exposiciones de conejos enanos, cobayas y hurones y concursos de conejos y gallinas.<\/p>\n<p>Este evento tendr\u00e1 hoy horario ininterrumpido de 9.30 a 20.00 horas y, ma\u00f1ana, de 9.30 a 19.00 horas.<\/p>\n<p>La entrada cuesta 8 euros y hay un pase familiar -dos adultos y dos ni\u00f1os- por 25 euros y uno de grupos -a partir de 20 ni\u00f1os y m\u00ednimo 2 adultos- que supone un 25 % de descuento en la entrada del ni\u00f1o y del adulto.<\/p>\n<p>La Feria del Animal de Compa\u00f1\u00eda coincide con la celebraci\u00f3n en Ifema del Sal\u00f3n del Autom\u00f3vil al que los visitantes de 100&#215;100 Mascota pueden acceder gratuitamente.<\/p>\n","protected":false},"excerpt":{"rendered":"<p>Madrid, 24 may (EFE).- La Feria del Animal de Compa\u00f1\u00eda, 100&#215;100 Mascota, abre hoy sus puertas en el Recinto Ferial de Madrid (Ifema) para ofrecer a los amantes de las mascotas exposiciones felinas, exhibiciones de \u00abperros h\u00e9roes\u00bb de la Guardia Civil, Ej\u00e9rcito y Polic\u00eda y la 86\u00ba Exposici\u00f3n Internacional Canina de Primavera. Desde hoy y<\/p>\n","protected":false},"author":1,"featured_media":13835,"comment_status":"open","ping_status":"closed","sticky":false,"template":"","format":"standard","meta":{"footnotes":""},"categories":[224],"tags":[],"class_list":{"0":"post-13834","1":"post","2":"type-post","3":"status-publish","4":"format-standard","5":"has-post-thumbnail","7":"category-noticias-actualidad"},"aioseo_notices":[],"aioseo_head":"\n\t\t<!-- All in One SEO Pro 4.9.6.1 - aioseo.com -->\n\t<meta name=\"description\" content=\"Madrid, 24 may (EFE).- La Feria del Animal de Compa\u00f1\u00eda, 100x100 Mascota, abre hoy sus puertas en el Recinto Ferial de Madrid (Ifema) para ofrecer a los amantes de las mascotas exposiciones felinas, exhibiciones de &quot;perros h\u00e9roes&quot; de la Guardia Civil, Ej\u00e9rcito y Polic\u00eda y la 86\u00ba Exposici\u00f3n Internacional Canina de Primavera. Desde hoy y\" \/>\n\t<meta name=\"robots\" content=\"max-image-preview:large\" \/>\n\t<meta name=\"author\" content=\"admin\"\/>\n\t<meta name=\"google-site-verification\" content=\"UA-38556648-1\" \/>\n\t<meta name=\"keywords\" content=\"noticias y actualidad\" \/>\n\t<link rel=\"canonical\" href=\"https:\/\/eldigitaldeasturias.com\/magazine365\/100x100-mascota-acoge-exposiciones-felinas-y-exhibiciones-de-perros-heroes\/\" \/>\n\t<meta name=\"generator\" content=\"All in One SEO Pro (AIOSEO) 4.9.6.1\" \/>\n\t\t<meta property=\"og:locale\" content=\"es_ES\" \/>\n\t\t<meta property=\"og:site_name\" content=\"El Digital de Asturias \u2013 Revista de ocio, turismo y estilo de vida\" \/>\n\t\t<meta property=\"og:type\" content=\"article\" \/>\n\t\t<meta property=\"og:title\" content=\"100X100 Mascota acoge exposiciones felinas y exhibiciones de \u00abperros h\u00e9roes\u00bb | El Digital de Asturias\" \/>\n\t\t<meta property=\"og:description\" content=\"Madrid, 24 may (EFE).- La Feria del Animal de Compa\u00f1\u00eda, 100x100 Mascota, abre hoy sus puertas en el Recinto Ferial de Madrid (Ifema) para ofrecer a los amantes de las mascotas exposiciones felinas, exhibiciones de &quot;perros h\u00e9roes&quot; de la Guardia Civil, Ej\u00e9rcito y Polic\u00eda y la 86\u00ba Exposici\u00f3n Internacional Canina de Primavera. Desde hoy y\" \/>\n\t\t<meta property=\"og:url\" content=\"https:\/\/eldigitaldeasturias.com\/magazine365\/100x100-mascota-acoge-exposiciones-felinas-y-exhibiciones-de-perros-heroes\/\" \/>\n\t\t<meta property=\"og:image\" content=\"https:\/\/eldigitaldeasturias.com\/magazine365\/wp-content\/uploads\/2014\/05\/6296500w.jpg\" \/>\n\t\t<meta property=\"og:image:secure_url\" content=\"https:\/\/eldigitaldeasturias.com\/magazine365\/wp-content\/uploads\/2014\/05\/6296500w.jpg\" \/>\n\t\t<meta property=\"og:image:width\" content=\"800\" \/>\n\t\t<meta property=\"og:image:height\" content=\"641\" \/>\n\t\t<meta property=\"article:published_time\" content=\"2014-05-24T15:07:03+00:00\" \/>\n\t\t<meta property=\"article:modified_time\" content=\"2014-05-24T15:07:03+00:00\" \/>\n\t\t<meta name=\"twitter:card\" content=\"summary_large_image\" \/>\n\t\t<meta name=\"twitter:title\" content=\"100X100 Mascota acoge exposiciones felinas y exhibiciones de \u00abperros h\u00e9roes\u00bb | El Digital de Asturias\" \/>\n\t\t<meta name=\"twitter:description\" content=\"Madrid, 24 may (EFE).- La Feria del Animal de Compa\u00f1\u00eda, 100x100 Mascota, abre hoy sus puertas en el Recinto Ferial de Madrid (Ifema) para ofrecer a los amantes de las mascotas exposiciones felinas, exhibiciones de &quot;perros h\u00e9roes&quot; de la Guardia Civil, Ej\u00e9rcito y Polic\u00eda y la 86\u00ba Exposici\u00f3n Internacional Canina de Primavera. Desde hoy y\" \/>\n\t\t<meta name=\"twitter:image\" content=\"https:\/\/eldigitaldeasturias.com\/magazine365\/wp-content\/uploads\/2014\/05\/6296500w.jpg\" \/>\n\t\t<script type=\"application\/ld+json\" class=\"aioseo-schema\">\n\t\t\t{\"@context\":\"https:\\\/\\\/schema.org\",\"@graph\":[{\"@type\":\"Article\",\"@id\":\"https:\\\/\\\/eldigitaldeasturias.com\\\/magazine365\\\/100x100-mascota-acoge-exposiciones-felinas-y-exhibiciones-de-perros-heroes\\\/#article\",\"name\":\"100X100 Mascota acoge exposiciones felinas y exhibiciones de \\u00abperros h\\u00e9roes\\u00bb | El Digital de Asturias\",\"headline\":\"100X100 Mascota acoge exposiciones felinas y exhibiciones de \\u00abperros h\\u00e9roes\\u00bb\",\"author\":{\"@id\":\"https:\\\/\\\/eldigitaldeasturias.com\\\/magazine365\\\/author\\\/admin\\\/#author\"},\"publisher\":{\"@id\":\"https:\\\/\\\/eldigitaldeasturias.com\\\/magazine365\\\/#organization\"},\"image\":{\"@type\":\"ImageObject\",\"url\":\"https:\\\/\\\/eldigitaldeasturias.com\\\/magazine365\\\/wp-content\\\/uploads\\\/2014\\\/05\\\/6296500w.jpg\",\"width\":800,\"height\":641},\"datePublished\":\"2014-05-24T13:07:03+02:00\",\"dateModified\":\"2014-05-24T13:07:03+02:00\",\"inLanguage\":\"es-ES\",\"mainEntityOfPage\":{\"@id\":\"https:\\\/\\\/eldigitaldeasturias.com\\\/magazine365\\\/100x100-mascota-acoge-exposiciones-felinas-y-exhibiciones-de-perros-heroes\\\/#webpage\"},\"isPartOf\":{\"@id\":\"https:\\\/\\\/eldigitaldeasturias.com\\\/magazine365\\\/100x100-mascota-acoge-exposiciones-felinas-y-exhibiciones-de-perros-heroes\\\/#webpage\"},\"articleSection\":\"Noticias y Actualidad\"},{\"@type\":\"BreadcrumbList\",\"@id\":\"https:\\\/\\\/eldigitaldeasturias.com\\\/magazine365\\\/100x100-mascota-acoge-exposiciones-felinas-y-exhibiciones-de-perros-heroes\\\/#breadcrumblist\",\"itemListElement\":[{\"@type\":\"ListItem\",\"@id\":\"https:\\\/\\\/eldigitaldeasturias.com\\\/magazine365#listItem\",\"position\":1,\"name\":\"Home\",\"item\":\"https:\\\/\\\/eldigitaldeasturias.com\\\/magazine365\",\"nextItem\":{\"@type\":\"ListItem\",\"@id\":\"https:\\\/\\\/eldigitaldeasturias.com\\\/magazine365\\\/category\\\/noticias-actualidad\\\/#listItem\",\"name\":\"Noticias y Actualidad\"}},{\"@type\":\"ListItem\",\"@id\":\"https:\\\/\\\/eldigitaldeasturias.com\\\/magazine365\\\/category\\\/noticias-actualidad\\\/#listItem\",\"position\":2,\"name\":\"Noticias y Actualidad\",\"item\":\"https:\\\/\\\/eldigitaldeasturias.com\\\/magazine365\\\/category\\\/noticias-actualidad\\\/\",\"nextItem\":{\"@type\":\"ListItem\",\"@id\":\"https:\\\/\\\/eldigitaldeasturias.com\\\/magazine365\\\/100x100-mascota-acoge-exposiciones-felinas-y-exhibiciones-de-perros-heroes\\\/#listItem\",\"name\":\"100X100 Mascota acoge exposiciones felinas y exhibiciones de \\u00abperros h\\u00e9roes\\u00bb\"},\"previousItem\":{\"@type\":\"ListItem\",\"@id\":\"https:\\\/\\\/eldigitaldeasturias.com\\\/magazine365#listItem\",\"name\":\"Home\"}},{\"@type\":\"ListItem\",\"@id\":\"https:\\\/\\\/eldigitaldeasturias.com\\\/magazine365\\\/100x100-mascota-acoge-exposiciones-felinas-y-exhibiciones-de-perros-heroes\\\/#listItem\",\"position\":3,\"name\":\"100X100 Mascota acoge exposiciones felinas y exhibiciones de \\u00abperros h\\u00e9roes\\u00bb\",\"previousItem\":{\"@type\":\"ListItem\",\"@id\":\"https:\\\/\\\/eldigitaldeasturias.com\\\/magazine365\\\/category\\\/noticias-actualidad\\\/#listItem\",\"name\":\"Noticias y Actualidad\"}}]},{\"@type\":\"Organization\",\"@id\":\"https:\\\/\\\/eldigitaldeasturias.com\\\/magazine365\\\/#organization\",\"name\":\"El digital de Asturias\",\"description\":\"Revista de ocio, turismo y estilo de vida\",\"url\":\"https:\\\/\\\/eldigitaldeasturias.com\\\/magazine365\\\/\",\"logo\":{\"@type\":\"ImageObject\",\"url\":\"https:\\\/\\\/www.eldigitaldeasturias.com\\\/noticias\\\/wp-content\\\/uploads\\\/2020\\\/12\\\/EDA.jpg\",\"@id\":\"https:\\\/\\\/eldigitaldeasturias.com\\\/magazine365\\\/100x100-mascota-acoge-exposiciones-felinas-y-exhibiciones-de-perros-heroes\\\/#organizationLogo\"},\"image\":{\"@id\":\"https:\\\/\\\/eldigitaldeasturias.com\\\/magazine365\\\/100x100-mascota-acoge-exposiciones-felinas-y-exhibiciones-de-perros-heroes\\\/#organizationLogo\"}},{\"@type\":\"Person\",\"@id\":\"https:\\\/\\\/eldigitaldeasturias.com\\\/magazine365\\\/author\\\/admin\\\/#author\",\"url\":\"https:\\\/\\\/eldigitaldeasturias.com\\\/magazine365\\\/author\\\/admin\\\/\",\"name\":\"admin\",\"image\":{\"@type\":\"ImageObject\",\"@id\":\"https:\\\/\\\/eldigitaldeasturias.com\\\/magazine365\\\/100x100-mascota-acoge-exposiciones-felinas-y-exhibiciones-de-perros-heroes\\\/#authorImage\",\"url\":\"https:\\\/\\\/eldigitaldeasturias.com\\\/magazine365\\\/wp-content\\\/litespeed\\\/avatar\\\/e571bcf59a0edd6fa6838245a470f2fe.jpg?ver=1776969259\",\"width\":96,\"height\":96,\"caption\":\"admin\"}},{\"@type\":\"WebPage\",\"@id\":\"https:\\\/\\\/eldigitaldeasturias.com\\\/magazine365\\\/100x100-mascota-acoge-exposiciones-felinas-y-exhibiciones-de-perros-heroes\\\/#webpage\",\"url\":\"https:\\\/\\\/eldigitaldeasturias.com\\\/magazine365\\\/100x100-mascota-acoge-exposiciones-felinas-y-exhibiciones-de-perros-heroes\\\/\",\"name\":\"100X100 Mascota acoge exposiciones felinas y exhibiciones de \\u00abperros h\\u00e9roes\\u00bb | El Digital de Asturias\",\"description\":\"Madrid, 24 may (EFE).- La Feria del Animal de Compa\\u00f1\\u00eda, 100x100 Mascota, abre hoy sus puertas en el Recinto Ferial de Madrid (Ifema) para ofrecer a los amantes de las mascotas exposiciones felinas, exhibiciones de \\\"perros h\\u00e9roes\\\" de la Guardia Civil, Ej\\u00e9rcito y Polic\\u00eda y la 86\\u00ba Exposici\\u00f3n Internacional Canina de Primavera. Desde hoy y\",\"inLanguage\":\"es-ES\",\"isPartOf\":{\"@id\":\"https:\\\/\\\/eldigitaldeasturias.com\\\/magazine365\\\/#website\"},\"breadcrumb\":{\"@id\":\"https:\\\/\\\/eldigitaldeasturias.com\\\/magazine365\\\/100x100-mascota-acoge-exposiciones-felinas-y-exhibiciones-de-perros-heroes\\\/#breadcrumblist\"},\"author\":{\"@id\":\"https:\\\/\\\/eldigitaldeasturias.com\\\/magazine365\\\/author\\\/admin\\\/#author\"},\"creator\":{\"@id\":\"https:\\\/\\\/eldigitaldeasturias.com\\\/magazine365\\\/author\\\/admin\\\/#author\"},\"image\":{\"@type\":\"ImageObject\",\"url\":\"https:\\\/\\\/eldigitaldeasturias.com\\\/magazine365\\\/wp-content\\\/uploads\\\/2014\\\/05\\\/6296500w.jpg\",\"@id\":\"https:\\\/\\\/eldigitaldeasturias.com\\\/magazine365\\\/100x100-mascota-acoge-exposiciones-felinas-y-exhibiciones-de-perros-heroes\\\/#mainImage\",\"width\":800,\"height\":641},\"primaryImageOfPage\":{\"@id\":\"https:\\\/\\\/eldigitaldeasturias.com\\\/magazine365\\\/100x100-mascota-acoge-exposiciones-felinas-y-exhibiciones-de-perros-heroes\\\/#mainImage\"},\"datePublished\":\"2014-05-24T13:07:03+02:00\",\"dateModified\":\"2014-05-24T13:07:03+02:00\"},{\"@type\":\"WebSite\",\"@id\":\"https:\\\/\\\/eldigitaldeasturias.com\\\/magazine365\\\/#website\",\"url\":\"https:\\\/\\\/eldigitaldeasturias.com\\\/magazine365\\\/\",\"name\":\"El Digital de Asturias\",\"description\":\"Revista de ocio, turismo y estilo de vida\",\"inLanguage\":\"es-ES\",\"publisher\":{\"@id\":\"https:\\\/\\\/eldigitaldeasturias.com\\\/magazine365\\\/#organization\"}}]}\n\t\t<\/script>\n\t\t<!-- All in One SEO Pro -->\r\n\t\t<title>100X100 Mascota acoge exposiciones felinas y exhibiciones de \u00abperros h\u00e9roes\u00bb | El Digital de Asturias<\/title>\n\n","aioseo_head_json":{"title":"100X100 Mascota acoge exposiciones felinas y exhibiciones de \u00abperros h\u00e9roes\u00bb | El Digital de Asturias","description":"Madrid, 24 may (EFE).- La Feria del Animal de Compa\u00f1\u00eda, 100x100 Mascota, abre hoy sus puertas en el Recinto Ferial de Madrid (Ifema) para ofrecer a los amantes de las mascotas exposiciones felinas, exhibiciones de \"perros h\u00e9roes\" de la Guardia Civil, Ej\u00e9rcito y Polic\u00eda y la 86\u00ba Exposici\u00f3n Internacional Canina de Primavera. Desde hoy y","canonical_url":"https:\/\/eldigitaldeasturias.com\/magazine365\/100x100-mascota-acoge-exposiciones-felinas-y-exhibiciones-de-perros-heroes\/","robots":"max-image-preview:large","keywords":"noticias y actualidad","webmasterTools":{"google-site-verification":"UA-38556648-1","miscellaneous":""},"schema":{"@context":"https:\/\/schema.org","@graph":[{"@type":"Article","@id":"https:\/\/eldigitaldeasturias.com\/magazine365\/100x100-mascota-acoge-exposiciones-felinas-y-exhibiciones-de-perros-heroes\/#article","name":"100X100 Mascota acoge exposiciones felinas y exhibiciones de \u00abperros h\u00e9roes\u00bb | El Digital de Asturias","headline":"100X100 Mascota acoge exposiciones felinas y exhibiciones de \u00abperros h\u00e9roes\u00bb","author":{"@id":"https:\/\/eldigitaldeasturias.com\/magazine365\/author\/admin\/#author"},"publisher":{"@id":"https:\/\/eldigitaldeasturias.com\/magazine365\/#organization"},"image":{"@type":"ImageObject","url":"https:\/\/eldigitaldeasturias.com\/magazine365\/wp-content\/uploads\/2014\/05\/6296500w.jpg","width":800,"height":641},"datePublished":"2014-05-24T13:07:03+02:00","dateModified":"2014-05-24T13:07:03+02:00","inLanguage":"es-ES","mainEntityOfPage":{"@id":"https:\/\/eldigitaldeasturias.com\/magazine365\/100x100-mascota-acoge-exposiciones-felinas-y-exhibiciones-de-perros-heroes\/#webpage"},"isPartOf":{"@id":"https:\/\/eldigitaldeasturias.com\/magazine365\/100x100-mascota-acoge-exposiciones-felinas-y-exhibiciones-de-perros-heroes\/#webpage"},"articleSection":"Noticias y Actualidad"},{"@type":"BreadcrumbList","@id":"https:\/\/eldigitaldeasturias.com\/magazine365\/100x100-mascota-acoge-exposiciones-felinas-y-exhibiciones-de-perros-heroes\/#breadcrumblist","itemListElement":[{"@type":"ListItem","@id":"https:\/\/eldigitaldeasturias.com\/magazine365#listItem","position":1,"name":"Home","item":"https:\/\/eldigitaldeasturias.com\/magazine365","nextItem":{"@type":"ListItem","@id":"https:\/\/eldigitaldeasturias.com\/magazine365\/category\/noticias-actualidad\/#listItem","name":"Noticias y Actualidad"}},{"@type":"ListItem","@id":"https:\/\/eldigitaldeasturias.com\/magazine365\/category\/noticias-actualidad\/#listItem","position":2,"name":"Noticias y Actualidad","item":"https:\/\/eldigitaldeasturias.com\/magazine365\/category\/noticias-actualidad\/","nextItem":{"@type":"ListItem","@id":"https:\/\/eldigitaldeasturias.com\/magazine365\/100x100-mascota-acoge-exposiciones-felinas-y-exhibiciones-de-perros-heroes\/#listItem","name":"100X100 Mascota acoge exposiciones felinas y exhibiciones de \u00abperros h\u00e9roes\u00bb"},"previousItem":{"@type":"ListItem","@id":"https:\/\/eldigitaldeasturias.com\/magazine365#listItem","name":"Home"}},{"@type":"ListItem","@id":"https:\/\/eldigitaldeasturias.com\/magazine365\/100x100-mascota-acoge-exposiciones-felinas-y-exhibiciones-de-perros-heroes\/#listItem","position":3,"name":"100X100 Mascota acoge exposiciones felinas y exhibiciones de \u00abperros h\u00e9roes\u00bb","previousItem":{"@type":"ListItem","@id":"https:\/\/eldigitaldeasturias.com\/magazine365\/category\/noticias-actualidad\/#listItem","name":"Noticias y Actualidad"}}]},{"@type":"Organization","@id":"https:\/\/eldigitaldeasturias.com\/magazine365\/#organization","name":"El digital de Asturias","description":"Revista de ocio, turismo y estilo de vida","url":"https:\/\/eldigitaldeasturias.com\/magazine365\/","logo":{"@type":"ImageObject","url":"https:\/\/www.eldigitaldeasturias.com\/noticias\/wp-content\/uploads\/2020\/12\/EDA.jpg","@id":"https:\/\/eldigitaldeasturias.com\/magazine365\/100x100-mascota-acoge-exposiciones-felinas-y-exhibiciones-de-perros-heroes\/#organizationLogo"},"image":{"@id":"https:\/\/eldigitaldeasturias.com\/magazine365\/100x100-mascota-acoge-exposiciones-felinas-y-exhibiciones-de-perros-heroes\/#organizationLogo"}},{"@type":"Person","@id":"https:\/\/eldigitaldeasturias.com\/magazine365\/author\/admin\/#author","url":"https:\/\/eldigitaldeasturias.com\/magazine365\/author\/admin\/","name":"admin","image":{"@type":"ImageObject","@id":"https:\/\/eldigitaldeasturias.com\/magazine365\/100x100-mascota-acoge-exposiciones-felinas-y-exhibiciones-de-perros-heroes\/#authorImage","url":"https:\/\/eldigitaldeasturias.com\/magazine365\/wp-content\/litespeed\/avatar\/e571bcf59a0edd6fa6838245a470f2fe.jpg?ver=1776969259","width":96,"height":96,"caption":"admin"}},{"@type":"WebPage","@id":"https:\/\/eldigitaldeasturias.com\/magazine365\/100x100-mascota-acoge-exposiciones-felinas-y-exhibiciones-de-perros-heroes\/#webpage","url":"https:\/\/eldigitaldeasturias.com\/magazine365\/100x100-mascota-acoge-exposiciones-felinas-y-exhibiciones-de-perros-heroes\/","name":"100X100 Mascota acoge exposiciones felinas y exhibiciones de \u00abperros h\u00e9roes\u00bb | El Digital de Asturias","description":"Madrid, 24 may (EFE).- La Feria del Animal de Compa\u00f1\u00eda, 100x100 Mascota, abre hoy sus puertas en el Recinto Ferial de Madrid (Ifema) para ofrecer a los amantes de las mascotas exposiciones felinas, exhibiciones de \"perros h\u00e9roes\" de la Guardia Civil, Ej\u00e9rcito y Polic\u00eda y la 86\u00ba Exposici\u00f3n Internacional Canina de Primavera. Desde hoy y","inLanguage":"es-ES","isPartOf":{"@id":"https:\/\/eldigitaldeasturias.com\/magazine365\/#website"},"breadcrumb":{"@id":"https:\/\/eldigitaldeasturias.com\/magazine365\/100x100-mascota-acoge-exposiciones-felinas-y-exhibiciones-de-perros-heroes\/#breadcrumblist"},"author":{"@id":"https:\/\/eldigitaldeasturias.com\/magazine365\/author\/admin\/#author"},"creator":{"@id":"https:\/\/eldigitaldeasturias.com\/magazine365\/author\/admin\/#author"},"image":{"@type":"ImageObject","url":"https:\/\/eldigitaldeasturias.com\/magazine365\/wp-content\/uploads\/2014\/05\/6296500w.jpg","@id":"https:\/\/eldigitaldeasturias.com\/magazine365\/100x100-mascota-acoge-exposiciones-felinas-y-exhibiciones-de-perros-heroes\/#mainImage","width":800,"height":641},"primaryImageOfPage":{"@id":"https:\/\/eldigitaldeasturias.com\/magazine365\/100x100-mascota-acoge-exposiciones-felinas-y-exhibiciones-de-perros-heroes\/#mainImage"},"datePublished":"2014-05-24T13:07:03+02:00","dateModified":"2014-05-24T13:07:03+02:00"},{"@type":"WebSite","@id":"https:\/\/eldigitaldeasturias.com\/magazine365\/#website","url":"https:\/\/eldigitaldeasturias.com\/magazine365\/","name":"El Digital de Asturias","description":"Revista de ocio, turismo y estilo de vida","inLanguage":"es-ES","publisher":{"@id":"https:\/\/eldigitaldeasturias.com\/magazine365\/#organization"}}]},"og:locale":"es_ES","og:site_name":"El Digital de Asturias \u2013 Revista de ocio, turismo y estilo de vida","og:type":"article","og:title":"100X100 Mascota acoge exposiciones felinas y exhibiciones de \u00abperros h\u00e9roes\u00bb | El Digital de Asturias","og:description":"Madrid, 24 may (EFE).- La Feria del Animal de Compa\u00f1\u00eda, 100x100 Mascota, abre hoy sus puertas en el Recinto Ferial de Madrid (Ifema) para ofrecer a los amantes de las mascotas exposiciones felinas, exhibiciones de &quot;perros h\u00e9roes&quot; de la Guardia Civil, Ej\u00e9rcito y Polic\u00eda y la 86\u00ba Exposici\u00f3n Internacional Canina de Primavera. Desde hoy y","og:url":"https:\/\/eldigitaldeasturias.com\/magazine365\/100x100-mascota-acoge-exposiciones-felinas-y-exhibiciones-de-perros-heroes\/","og:image":"https:\/\/eldigitaldeasturias.com\/magazine365\/wp-content\/uploads\/2014\/05\/6296500w.jpg","og:image:secure_url":"https:\/\/eldigitaldeasturias.com\/magazine365\/wp-content\/uploads\/2014\/05\/6296500w.jpg","og:image:width":800,"og:image:height":641,"article:published_time":"2014-05-24T15:07:03+00:00","article:modified_time":"2014-05-24T15:07:03+00:00","twitter:card":"summary_large_image","twitter:title":"100X100 Mascota acoge exposiciones felinas y exhibiciones de \u00abperros h\u00e9roes\u00bb | El Digital de Asturias","twitter:description":"Madrid, 24 may (EFE).- La Feria del Animal de Compa\u00f1\u00eda, 100x100 Mascota, abre hoy sus puertas en el Recinto Ferial de Madrid (Ifema) para ofrecer a los amantes de las mascotas exposiciones felinas, exhibiciones de &quot;perros h\u00e9roes&quot; de la Guardia Civil, Ej\u00e9rcito y Polic\u00eda y la 86\u00ba Exposici\u00f3n Internacional Canina de Primavera. Desde hoy y","twitter:image":"https:\/\/eldigitaldeasturias.com\/magazine365\/wp-content\/uploads\/2014\/05\/6296500w.jpg"},"aioseo_meta_data":{"post_id":"13834","title":null,"description":null,"keywords":null,"keyphrases":null,"primary_term":null,"canonical_url":null,"og_title":null,"og_description":null,"og_object_type":"default","og_image_type":"default","og_image_url":null,"og_image_width":null,"og_image_height":null,"og_image_custom_url":null,"og_image_custom_fields":null,"og_video":null,"og_custom_url":null,"og_article_section":null,"og_article_tags":null,"twitter_use_og":false,"twitter_card":"default","twitter_image_type":"default","twitter_image_url":null,"twitter_image_custom_url":null,"twitter_image_custom_fields":null,"twitter_title":null,"twitter_description":null,"schema":{"blockGraphs":[],"customGraphs":[],"default":{"data":{"Article":[],"Course":[],"Dataset":[],"FAQPage":[],"Movie":[],"Person":[],"Product":[],"ProductReview":[],"Car":[],"Recipe":[],"Service":[],"SoftwareApplication":[],"WebPage":[]},"graphName":"","isEnabled":true},"graphs":[],"defaultGraph":"","defaultPostTypeGraph":""},"schema_type":null,"schema_type_options":null,"pillar_content":false,"robots_default":true,"robots_noindex":false,"robots_noarchive":false,"robots_nosnippet":false,"robots_nofollow":false,"robots_noimageindex":false,"robots_noodp":false,"robots_notranslate":false,"robots_max_snippet":null,"robots_max_videopreview":null,"robots_max_imagepreview":"large","priority":null,"frequency":null,"location":null,"local_seo":null,"seo_analyzer_scan_date":"2025-09-17 09:03:03","breadcrumb_settings":null,"limit_modified_date":false,"open_ai":null,"ai":null,"created":"2021-03-09 08:23:49","updated":"2025-09-17 09:03:03"},"aioseo_breadcrumb":"<div class=\"aioseo-breadcrumbs\"><span class=\"aioseo-breadcrumb\">\n\t<a href=\"https:\/\/eldigitaldeasturias.com\/magazine365\" title=\"Home\">Home<\/a>\n<\/span><span class=\"aioseo-breadcrumb-separator\">\u2013<\/span><span class=\"aioseo-breadcrumb\">\n\t<a href=\"https:\/\/eldigitaldeasturias.com\/magazine365\/category\/noticias-actualidad\/\" title=\"Noticias y Actualidad\">Noticias y Actualidad<\/a>\n<\/span><span class=\"aioseo-breadcrumb-separator\">\u2013<\/span><span class=\"aioseo-breadcrumb\">\n\t<a href=\"https:\/\/eldigitaldeasturias.com\/magazine365\/100x100-mascota-acoge-exposiciones-felinas-y-exhibiciones-de-perros-heroes\/\" title=\"100X100 Mascota acoge exposiciones felinas y exhibiciones de \u00abperros h\u00e9roes\u00bb\">100X100 Mascota acoge exposiciones felinas y exhibiciones de \u00abperros h\u00e9roes\u00bb<\/a>\n<\/span><\/div>","aioseo_breadcrumb_json":[{"label":"Home","link":"https:\/\/eldigitaldeasturias.com\/magazine365"},{"label":"Noticias y Actualidad","link":"https:\/\/eldigitaldeasturias.com\/magazine365\/category\/noticias-actualidad\/"},{"label":"100X100 Mascota acoge exposiciones felinas y exhibiciones de \u00abperros h\u00e9roes\u00bb","link":"https:\/\/eldigitaldeasturias.com\/magazine365\/100x100-mascota-acoge-exposiciones-felinas-y-exhibiciones-de-perros-heroes\/"}],"_links":{"self":[{"href":"https:\/\/eldigitaldeasturias.com\/magazine365\/wp-json\/wp\/v2\/posts\/13834","targetHints":{"allow":["GET"]}}],"collection":[{"href":"https:\/\/eldigitaldeasturias.com\/magazine365\/wp-json\/wp\/v2\/posts"}],"about":[{"href":"https:\/\/eldigitaldeasturias.com\/magazine365\/wp-json\/wp\/v2\/types\/post"}],"author":[{"embeddable":true,"href":"https:\/\/eldigitaldeasturias.com\/magazine365\/wp-json\/wp\/v2\/users\/1"}],"replies":[{"embeddable":true,"href":"https:\/\/eldigitaldeasturias.com\/magazine365\/wp-json\/wp\/v2\/comments?post=13834"}],"version-history":[{"count":0,"href":"https:\/\/eldigitaldeasturias.com\/magazine365\/wp-json\/wp\/v2\/posts\/13834\/revisions"}],"wp:featuredmedia":[{"embeddable":true,"href":"https:\/\/eldigitaldeasturias.com\/magazine365\/wp-json\/wp\/v2\/media\/13835"}],"wp:attachment":[{"href":"https:\/\/eldigitaldeasturias.com\/magazine365\/wp-json\/wp\/v2\/media?parent=13834"}],"wp:term":[{"taxonomy":"category","embeddable":true,"href":"https:\/\/eldigitaldeasturias.com\/magazine365\/wp-json\/wp\/v2\/categories?post=13834"},{"taxonomy":"post_tag","embeddable":true,"href":"https:\/\/eldigitaldeasturias.com\/magazine365\/wp-json\/wp\/v2\/tags?post=13834"}],"curies":[{"name":"wp","href":"https:\/\/api.w.org\/{rel}","templated":true}]}}