{"id":13831,"date":"2014-05-24T13:05:40","date_gmt":"2014-05-24T15:05:40","guid":{"rendered":"http:\/\/eldigitaldeasturias.com\/magazine365\/?p=13831"},"modified":"2014-05-24T13:05:40","modified_gmt":"2014-05-24T15:05:40","slug":"las-cremas-bella-aurora-cumplen-100-anos-en-espana-con-planes-para-el-futuro","status":"publish","type":"post","link":"https:\/\/eldigitaldeasturias.com\/magazine365\/las-cremas-bella-aurora-cumplen-100-anos-en-espana-con-planes-para-el-futuro\/","title":{"rendered":"Las cremas Bella Aurora cumplen 100 a\u00f1os en Espa\u00f1a con planes para el futuro"},"content":{"rendered":"<p><img fetchpriority=\"high\" decoding=\"async\" class=\"alignleft size-medium wp-image-13832\" alt=\"6296484w\" src=\"https:\/\/eldigitaldeasturias.com\/magazine365\/wp-content\/uploads\/2014\/05\/6296484w-360x260.jpg\" width=\"360\" height=\"260\" srcset=\"https:\/\/eldigitaldeasturias.com\/magazine365\/wp-content\/uploads\/2014\/05\/6296484w-360x260.jpg 360w, https:\/\/eldigitaldeasturias.com\/magazine365\/wp-content\/uploads\/2014\/05\/6296484w-650x470.jpg 650w, https:\/\/eldigitaldeasturias.com\/magazine365\/wp-content\/uploads\/2014\/05\/6296484w-768x555.jpg 768w, https:\/\/eldigitaldeasturias.com\/magazine365\/wp-content\/uploads\/2014\/05\/6296484w-150x108.jpg 150w, https:\/\/eldigitaldeasturias.com\/magazine365\/wp-content\/uploads\/2014\/05\/6296484w-450x325.jpg 450w, https:\/\/eldigitaldeasturias.com\/magazine365\/wp-content\/uploads\/2014\/05\/6296484w-324x235.jpg 324w, https:\/\/eldigitaldeasturias.com\/magazine365\/wp-content\/uploads\/2014\/05\/6296484w-696x503.jpg 696w, https:\/\/eldigitaldeasturias.com\/magazine365\/wp-content\/uploads\/2014\/05\/6296484w-581x420.jpg 581w, https:\/\/eldigitaldeasturias.com\/magazine365\/wp-content\/uploads\/2014\/05\/6296484w.jpg 800w\" sizes=\"(max-width: 360px) 100vw, 360px\" \/>Barcelona, 24 may (EFE).- Los cosm\u00e9ticos Bella Aurora han cumplido cien a\u00f1os desde su llegada a Espa\u00f1a, donde se consolidaron durante d\u00e9cadas como una firma de referencia gracias a su rompedora publicidad, que hizo del eslogan \u00abPara Juventud, Belleza y Lozan\u00eda, Bella Aurora cada d\u00eda\u00bb uno de sus mayores activos.<\/p>\n<p>Bella Aurora naci\u00f3 como marca de cosm\u00e9ticos en 1890 en la ciudad de Aurora (Illinois-EEUU), de la mano del laboratorio estadounidense Stillman &amp; Co, pero pasaron m\u00e1s de 20 a\u00f1os hasta que lleg\u00f3 a Espa\u00f1a, seg\u00fan ha explicado a Efe Josep Mar\u00eda Mart\u00ednez Ribes, director general de Bella Aurora Labs, actual propietaria y distribuidora de la marca.<\/p>\n<p>Las cremas llegaron a Espa\u00f1a a principios de 1914 a trav\u00e9s de Gili, un importador que despu\u00e9s se convirti\u00f3 en propietario y que conserv\u00f3 la marca hasta que en el a\u00f1o 2000 la compr\u00f3 IMC Med Cosm\u00e9tics.<\/p>\n<p>Seg\u00fan recuerda Josep Mar\u00eda Mart\u00ednez, Bella Aurora enseguida se hizo famosa por \u00absu calidad, su imagen y por un estilo de publicidad muy innovador, muy al estilo americano, en un momento en el que no exist\u00eda la televisi\u00f3n\u00bb.<\/p>\n<p>Bella Aurora se anunciaba con p\u00e1ginas enteras en los peri\u00f3dicos y lo hac\u00eda con glamurosas y modernas mujeres, y hasta con fotos de barcos como el Titanic y con frases como \u00abha llegado el cargamento de Bella Aurora\u00bb, una gran publicidad que hizo que la marca y el eslogan quedaran grabados en la memoria de generaciones de espa\u00f1oles.<\/p>\n<p>Su eslogan forma actualmente parte del recuerdo de varias generaciones de mujeres, unas porque utilizaron las cremas, otras porque las vieron en el tocador de sus madres y abuelas, y algunas porque vieron sus anuncios en la prensa o escucharon sus cu\u00f1as radiof\u00f3nicas.<\/p>\n<p>Mart\u00ednez Ribes ha destacado que durante m\u00e1s de 50 a\u00f1os tuvo una gran presencia en el mercado, convirti\u00e9ndose en una de las cremas m\u00e1s usadas para embellecer y unificar la piel, y quitar las manchas de la cara, hasta que a finales de los setenta y principios de los ochenta Bella Aurora entr\u00f3 en un periodo de silencio de casi 20 a\u00f1os, aunque la marca segu\u00eda viva como tal.<\/p>\n<p>Para Mart\u00ednez Ribes, la marca se ha convertido en patrimonio emocional de muchas familias que reconocen su olor y lo tienen como algo que les ha acompa\u00f1ado siempre.<\/p>\n<p>Actualmente, Bella Aurora se ha puesto al d\u00eda y se ha tecnificado y las f\u00f3rmulas se han adaptado para adecuarse a las regulaciones de la cosm\u00e9tica.<\/p>\n<p>En los \u00faltimos cinco a\u00f1os, Bella Aurora Labs ha incrementado sus ventas un 20 por ciento anual, y las previsiones para 2014 apuntan a una facturaci\u00f3n de 12 millones de euros, un 23 % m\u00e1s que en 2013, de los cuales el 60 % corresponden a las cremas Bella Aurora.<\/p>\n<p>El legendario producto sigue siendo una crema muy densa que hasta hace unos a\u00f1os se segu\u00eda envasando con esp\u00e1tula, la conocida como \u00abDoble fuerza\u00bb, y que es la m\u00e1s fiel a la f\u00f3rmula que ten\u00eda hace un siglo.<\/p>\n<p>En Barcelona, un anuncio de Bella Aurora ha estado m\u00e1s de 50 a\u00f1os en la fachada de un edificio de la calle Balmes de Barcelona, donde estaba la sede de Gili, y esto ha contribuido a que la marca haya seguido formando parte de la historia de la ciudad.<\/p>\n<p>D\u00e9borah Hap<\/p>\n","protected":false},"excerpt":{"rendered":"<p>Barcelona, 24 may (EFE).- Los cosm\u00e9ticos Bella Aurora han cumplido cien a\u00f1os desde su llegada a Espa\u00f1a, donde se consolidaron durante d\u00e9cadas como una firma de referencia gracias a su rompedora publicidad, que hizo del eslogan \u00abPara Juventud, Belleza y Lozan\u00eda, Bella Aurora cada d\u00eda\u00bb uno de sus mayores activos. Bella Aurora naci\u00f3 como marca<\/p>\n","protected":false},"author":1,"featured_media":13832,"comment_status":"open","ping_status":"closed","sticky":false,"template":"","format":"standard","meta":{"footnotes":""},"categories":[224],"tags":[],"class_list":{"0":"post-13831","1":"post","2":"type-post","3":"status-publish","4":"format-standard","5":"has-post-thumbnail","7":"category-noticias-actualidad"},"aioseo_notices":[],"aioseo_head":"\n\t\t<!-- All in One SEO Pro 4.9.6.1 - aioseo.com -->\n\t<meta name=\"description\" content=\"Barcelona, 24 may (EFE).- Los cosm\u00e9ticos Bella Aurora han cumplido cien a\u00f1os desde su llegada a Espa\u00f1a, donde se consolidaron durante d\u00e9cadas como una firma de referencia gracias a su rompedora publicidad, que hizo del eslogan &quot;Para Juventud, Belleza y Lozan\u00eda, Bella Aurora cada d\u00eda&quot; uno de sus mayores activos. Bella Aurora naci\u00f3 como marca\" \/>\n\t<meta name=\"robots\" content=\"max-image-preview:large\" \/>\n\t<meta name=\"author\" content=\"admin\"\/>\n\t<meta name=\"google-site-verification\" content=\"UA-38556648-1\" \/>\n\t<meta name=\"keywords\" content=\"noticias y actualidad\" \/>\n\t<link rel=\"canonical\" href=\"https:\/\/eldigitaldeasturias.com\/magazine365\/las-cremas-bella-aurora-cumplen-100-anos-en-espana-con-planes-para-el-futuro\/\" \/>\n\t<meta name=\"generator\" content=\"All in One SEO Pro (AIOSEO) 4.9.6.1\" \/>\n\t\t<meta property=\"og:locale\" content=\"es_ES\" \/>\n\t\t<meta property=\"og:site_name\" content=\"El Digital de Asturias \u2013 Revista de ocio, turismo y estilo de vida\" \/>\n\t\t<meta property=\"og:type\" content=\"article\" \/>\n\t\t<meta property=\"og:title\" content=\"Las cremas Bella Aurora cumplen 100 a\u00f1os en Espa\u00f1a con planes para el futuro | El Digital de Asturias\" \/>\n\t\t<meta property=\"og:description\" content=\"Barcelona, 24 may (EFE).- Los cosm\u00e9ticos Bella Aurora han cumplido cien a\u00f1os desde su llegada a Espa\u00f1a, donde se consolidaron durante d\u00e9cadas como una firma de referencia gracias a su rompedora publicidad, que hizo del eslogan &quot;Para Juventud, Belleza y Lozan\u00eda, Bella Aurora cada d\u00eda&quot; uno de sus mayores activos. Bella Aurora naci\u00f3 como marca\" \/>\n\t\t<meta property=\"og:url\" content=\"https:\/\/eldigitaldeasturias.com\/magazine365\/las-cremas-bella-aurora-cumplen-100-anos-en-espana-con-planes-para-el-futuro\/\" \/>\n\t\t<meta property=\"og:image\" content=\"https:\/\/eldigitaldeasturias.com\/magazine365\/wp-content\/uploads\/2014\/05\/6296484w.jpg\" \/>\n\t\t<meta property=\"og:image:secure_url\" content=\"https:\/\/eldigitaldeasturias.com\/magazine365\/wp-content\/uploads\/2014\/05\/6296484w.jpg\" \/>\n\t\t<meta property=\"og:image:width\" content=\"800\" \/>\n\t\t<meta property=\"og:image:height\" content=\"578\" \/>\n\t\t<meta property=\"article:published_time\" content=\"2014-05-24T15:05:40+00:00\" \/>\n\t\t<meta property=\"article:modified_time\" content=\"2014-05-24T15:05:40+00:00\" \/>\n\t\t<meta name=\"twitter:card\" content=\"summary_large_image\" \/>\n\t\t<meta name=\"twitter:title\" content=\"Las cremas Bella Aurora cumplen 100 a\u00f1os en Espa\u00f1a con planes para el futuro | El Digital de Asturias\" \/>\n\t\t<meta name=\"twitter:description\" content=\"Barcelona, 24 may (EFE).- Los cosm\u00e9ticos Bella Aurora han cumplido cien a\u00f1os desde su llegada a Espa\u00f1a, donde se consolidaron durante d\u00e9cadas como una firma de referencia gracias a su rompedora publicidad, que hizo del eslogan &quot;Para Juventud, Belleza y Lozan\u00eda, Bella Aurora cada d\u00eda&quot; uno de sus mayores activos. Bella Aurora naci\u00f3 como marca\" \/>\n\t\t<meta name=\"twitter:image\" content=\"https:\/\/eldigitaldeasturias.com\/magazine365\/wp-content\/uploads\/2014\/05\/6296484w.jpg\" \/>\n\t\t<script type=\"application\/ld+json\" class=\"aioseo-schema\">\n\t\t\t{\"@context\":\"https:\\\/\\\/schema.org\",\"@graph\":[{\"@type\":\"Article\",\"@id\":\"https:\\\/\\\/eldigitaldeasturias.com\\\/magazine365\\\/las-cremas-bella-aurora-cumplen-100-anos-en-espana-con-planes-para-el-futuro\\\/#article\",\"name\":\"Las cremas Bella Aurora cumplen 100 a\\u00f1os en Espa\\u00f1a con planes para el futuro | El Digital de Asturias\",\"headline\":\"Las cremas Bella Aurora cumplen 100 a\\u00f1os en Espa\\u00f1a con planes para el futuro\",\"author\":{\"@id\":\"https:\\\/\\\/eldigitaldeasturias.com\\\/magazine365\\\/author\\\/admin\\\/#author\"},\"publisher\":{\"@id\":\"https:\\\/\\\/eldigitaldeasturias.com\\\/magazine365\\\/#organization\"},\"image\":{\"@type\":\"ImageObject\",\"url\":\"https:\\\/\\\/eldigitaldeasturias.com\\\/magazine365\\\/wp-content\\\/uploads\\\/2014\\\/05\\\/6296484w.jpg\",\"width\":800,\"height\":578},\"datePublished\":\"2014-05-24T13:05:40+02:00\",\"dateModified\":\"2014-05-24T13:05:40+02:00\",\"inLanguage\":\"es-ES\",\"mainEntityOfPage\":{\"@id\":\"https:\\\/\\\/eldigitaldeasturias.com\\\/magazine365\\\/las-cremas-bella-aurora-cumplen-100-anos-en-espana-con-planes-para-el-futuro\\\/#webpage\"},\"isPartOf\":{\"@id\":\"https:\\\/\\\/eldigitaldeasturias.com\\\/magazine365\\\/las-cremas-bella-aurora-cumplen-100-anos-en-espana-con-planes-para-el-futuro\\\/#webpage\"},\"articleSection\":\"Noticias y Actualidad\"},{\"@type\":\"BreadcrumbList\",\"@id\":\"https:\\\/\\\/eldigitaldeasturias.com\\\/magazine365\\\/las-cremas-bella-aurora-cumplen-100-anos-en-espana-con-planes-para-el-futuro\\\/#breadcrumblist\",\"itemListElement\":[{\"@type\":\"ListItem\",\"@id\":\"https:\\\/\\\/eldigitaldeasturias.com\\\/magazine365#listItem\",\"position\":1,\"name\":\"Home\",\"item\":\"https:\\\/\\\/eldigitaldeasturias.com\\\/magazine365\",\"nextItem\":{\"@type\":\"ListItem\",\"@id\":\"https:\\\/\\\/eldigitaldeasturias.com\\\/magazine365\\\/category\\\/noticias-actualidad\\\/#listItem\",\"name\":\"Noticias y Actualidad\"}},{\"@type\":\"ListItem\",\"@id\":\"https:\\\/\\\/eldigitaldeasturias.com\\\/magazine365\\\/category\\\/noticias-actualidad\\\/#listItem\",\"position\":2,\"name\":\"Noticias y Actualidad\",\"item\":\"https:\\\/\\\/eldigitaldeasturias.com\\\/magazine365\\\/category\\\/noticias-actualidad\\\/\",\"nextItem\":{\"@type\":\"ListItem\",\"@id\":\"https:\\\/\\\/eldigitaldeasturias.com\\\/magazine365\\\/las-cremas-bella-aurora-cumplen-100-anos-en-espana-con-planes-para-el-futuro\\\/#listItem\",\"name\":\"Las cremas Bella Aurora cumplen 100 a\\u00f1os en Espa\\u00f1a con planes para el futuro\"},\"previousItem\":{\"@type\":\"ListItem\",\"@id\":\"https:\\\/\\\/eldigitaldeasturias.com\\\/magazine365#listItem\",\"name\":\"Home\"}},{\"@type\":\"ListItem\",\"@id\":\"https:\\\/\\\/eldigitaldeasturias.com\\\/magazine365\\\/las-cremas-bella-aurora-cumplen-100-anos-en-espana-con-planes-para-el-futuro\\\/#listItem\",\"position\":3,\"name\":\"Las cremas Bella Aurora cumplen 100 a\\u00f1os en Espa\\u00f1a con planes para el futuro\",\"previousItem\":{\"@type\":\"ListItem\",\"@id\":\"https:\\\/\\\/eldigitaldeasturias.com\\\/magazine365\\\/category\\\/noticias-actualidad\\\/#listItem\",\"name\":\"Noticias y Actualidad\"}}]},{\"@type\":\"Organization\",\"@id\":\"https:\\\/\\\/eldigitaldeasturias.com\\\/magazine365\\\/#organization\",\"name\":\"El digital de Asturias\",\"description\":\"Revista de ocio, turismo y estilo de vida\",\"url\":\"https:\\\/\\\/eldigitaldeasturias.com\\\/magazine365\\\/\",\"logo\":{\"@type\":\"ImageObject\",\"url\":\"https:\\\/\\\/www.eldigitaldeasturias.com\\\/noticias\\\/wp-content\\\/uploads\\\/2020\\\/12\\\/EDA.jpg\",\"@id\":\"https:\\\/\\\/eldigitaldeasturias.com\\\/magazine365\\\/las-cremas-bella-aurora-cumplen-100-anos-en-espana-con-planes-para-el-futuro\\\/#organizationLogo\"},\"image\":{\"@id\":\"https:\\\/\\\/eldigitaldeasturias.com\\\/magazine365\\\/las-cremas-bella-aurora-cumplen-100-anos-en-espana-con-planes-para-el-futuro\\\/#organizationLogo\"}},{\"@type\":\"Person\",\"@id\":\"https:\\\/\\\/eldigitaldeasturias.com\\\/magazine365\\\/author\\\/admin\\\/#author\",\"url\":\"https:\\\/\\\/eldigitaldeasturias.com\\\/magazine365\\\/author\\\/admin\\\/\",\"name\":\"admin\",\"image\":{\"@type\":\"ImageObject\",\"@id\":\"https:\\\/\\\/eldigitaldeasturias.com\\\/magazine365\\\/las-cremas-bella-aurora-cumplen-100-anos-en-espana-con-planes-para-el-futuro\\\/#authorImage\",\"url\":\"https:\\\/\\\/eldigitaldeasturias.com\\\/magazine365\\\/wp-content\\\/litespeed\\\/avatar\\\/e571bcf59a0edd6fa6838245a470f2fe.jpg?ver=1776969259\",\"width\":96,\"height\":96,\"caption\":\"admin\"}},{\"@type\":\"WebPage\",\"@id\":\"https:\\\/\\\/eldigitaldeasturias.com\\\/magazine365\\\/las-cremas-bella-aurora-cumplen-100-anos-en-espana-con-planes-para-el-futuro\\\/#webpage\",\"url\":\"https:\\\/\\\/eldigitaldeasturias.com\\\/magazine365\\\/las-cremas-bella-aurora-cumplen-100-anos-en-espana-con-planes-para-el-futuro\\\/\",\"name\":\"Las cremas Bella Aurora cumplen 100 a\\u00f1os en Espa\\u00f1a con planes para el futuro | El Digital de Asturias\",\"description\":\"Barcelona, 24 may (EFE).- Los cosm\\u00e9ticos Bella Aurora han cumplido cien a\\u00f1os desde su llegada a Espa\\u00f1a, donde se consolidaron durante d\\u00e9cadas como una firma de referencia gracias a su rompedora publicidad, que hizo del eslogan \\\"Para Juventud, Belleza y Lozan\\u00eda, Bella Aurora cada d\\u00eda\\\" uno de sus mayores activos. Bella Aurora naci\\u00f3 como marca\",\"inLanguage\":\"es-ES\",\"isPartOf\":{\"@id\":\"https:\\\/\\\/eldigitaldeasturias.com\\\/magazine365\\\/#website\"},\"breadcrumb\":{\"@id\":\"https:\\\/\\\/eldigitaldeasturias.com\\\/magazine365\\\/las-cremas-bella-aurora-cumplen-100-anos-en-espana-con-planes-para-el-futuro\\\/#breadcrumblist\"},\"author\":{\"@id\":\"https:\\\/\\\/eldigitaldeasturias.com\\\/magazine365\\\/author\\\/admin\\\/#author\"},\"creator\":{\"@id\":\"https:\\\/\\\/eldigitaldeasturias.com\\\/magazine365\\\/author\\\/admin\\\/#author\"},\"image\":{\"@type\":\"ImageObject\",\"url\":\"https:\\\/\\\/eldigitaldeasturias.com\\\/magazine365\\\/wp-content\\\/uploads\\\/2014\\\/05\\\/6296484w.jpg\",\"@id\":\"https:\\\/\\\/eldigitaldeasturias.com\\\/magazine365\\\/las-cremas-bella-aurora-cumplen-100-anos-en-espana-con-planes-para-el-futuro\\\/#mainImage\",\"width\":800,\"height\":578},\"primaryImageOfPage\":{\"@id\":\"https:\\\/\\\/eldigitaldeasturias.com\\\/magazine365\\\/las-cremas-bella-aurora-cumplen-100-anos-en-espana-con-planes-para-el-futuro\\\/#mainImage\"},\"datePublished\":\"2014-05-24T13:05:40+02:00\",\"dateModified\":\"2014-05-24T13:05:40+02:00\"},{\"@type\":\"WebSite\",\"@id\":\"https:\\\/\\\/eldigitaldeasturias.com\\\/magazine365\\\/#website\",\"url\":\"https:\\\/\\\/eldigitaldeasturias.com\\\/magazine365\\\/\",\"name\":\"El Digital de Asturias\",\"description\":\"Revista de ocio, turismo y estilo de vida\",\"inLanguage\":\"es-ES\",\"publisher\":{\"@id\":\"https:\\\/\\\/eldigitaldeasturias.com\\\/magazine365\\\/#organization\"}}]}\n\t\t<\/script>\n\t\t<!-- All in One SEO Pro -->\r\n\t\t<title>Las cremas Bella Aurora cumplen 100 a\u00f1os en Espa\u00f1a con planes para el futuro | El Digital de Asturias<\/title>\n\n","aioseo_head_json":{"title":"Las cremas Bella Aurora cumplen 100 a\u00f1os en Espa\u00f1a con planes para el futuro | El Digital de Asturias","description":"Barcelona, 24 may (EFE).- Los cosm\u00e9ticos Bella Aurora han cumplido cien a\u00f1os desde su llegada a Espa\u00f1a, donde se consolidaron durante d\u00e9cadas como una firma de referencia gracias a su rompedora publicidad, que hizo del eslogan \"Para Juventud, Belleza y Lozan\u00eda, Bella Aurora cada d\u00eda\" uno de sus mayores activos. Bella Aurora naci\u00f3 como marca","canonical_url":"https:\/\/eldigitaldeasturias.com\/magazine365\/las-cremas-bella-aurora-cumplen-100-anos-en-espana-con-planes-para-el-futuro\/","robots":"max-image-preview:large","keywords":"noticias y actualidad","webmasterTools":{"google-site-verification":"UA-38556648-1","miscellaneous":""},"schema":{"@context":"https:\/\/schema.org","@graph":[{"@type":"Article","@id":"https:\/\/eldigitaldeasturias.com\/magazine365\/las-cremas-bella-aurora-cumplen-100-anos-en-espana-con-planes-para-el-futuro\/#article","name":"Las cremas Bella Aurora cumplen 100 a\u00f1os en Espa\u00f1a con planes para el futuro | El Digital de Asturias","headline":"Las cremas Bella Aurora cumplen 100 a\u00f1os en Espa\u00f1a con planes para el futuro","author":{"@id":"https:\/\/eldigitaldeasturias.com\/magazine365\/author\/admin\/#author"},"publisher":{"@id":"https:\/\/eldigitaldeasturias.com\/magazine365\/#organization"},"image":{"@type":"ImageObject","url":"https:\/\/eldigitaldeasturias.com\/magazine365\/wp-content\/uploads\/2014\/05\/6296484w.jpg","width":800,"height":578},"datePublished":"2014-05-24T13:05:40+02:00","dateModified":"2014-05-24T13:05:40+02:00","inLanguage":"es-ES","mainEntityOfPage":{"@id":"https:\/\/eldigitaldeasturias.com\/magazine365\/las-cremas-bella-aurora-cumplen-100-anos-en-espana-con-planes-para-el-futuro\/#webpage"},"isPartOf":{"@id":"https:\/\/eldigitaldeasturias.com\/magazine365\/las-cremas-bella-aurora-cumplen-100-anos-en-espana-con-planes-para-el-futuro\/#webpage"},"articleSection":"Noticias y Actualidad"},{"@type":"BreadcrumbList","@id":"https:\/\/eldigitaldeasturias.com\/magazine365\/las-cremas-bella-aurora-cumplen-100-anos-en-espana-con-planes-para-el-futuro\/#breadcrumblist","itemListElement":[{"@type":"ListItem","@id":"https:\/\/eldigitaldeasturias.com\/magazine365#listItem","position":1,"name":"Home","item":"https:\/\/eldigitaldeasturias.com\/magazine365","nextItem":{"@type":"ListItem","@id":"https:\/\/eldigitaldeasturias.com\/magazine365\/category\/noticias-actualidad\/#listItem","name":"Noticias y Actualidad"}},{"@type":"ListItem","@id":"https:\/\/eldigitaldeasturias.com\/magazine365\/category\/noticias-actualidad\/#listItem","position":2,"name":"Noticias y Actualidad","item":"https:\/\/eldigitaldeasturias.com\/magazine365\/category\/noticias-actualidad\/","nextItem":{"@type":"ListItem","@id":"https:\/\/eldigitaldeasturias.com\/magazine365\/las-cremas-bella-aurora-cumplen-100-anos-en-espana-con-planes-para-el-futuro\/#listItem","name":"Las cremas Bella Aurora cumplen 100 a\u00f1os en Espa\u00f1a con planes para el futuro"},"previousItem":{"@type":"ListItem","@id":"https:\/\/eldigitaldeasturias.com\/magazine365#listItem","name":"Home"}},{"@type":"ListItem","@id":"https:\/\/eldigitaldeasturias.com\/magazine365\/las-cremas-bella-aurora-cumplen-100-anos-en-espana-con-planes-para-el-futuro\/#listItem","position":3,"name":"Las cremas Bella Aurora cumplen 100 a\u00f1os en Espa\u00f1a con planes para el futuro","previousItem":{"@type":"ListItem","@id":"https:\/\/eldigitaldeasturias.com\/magazine365\/category\/noticias-actualidad\/#listItem","name":"Noticias y Actualidad"}}]},{"@type":"Organization","@id":"https:\/\/eldigitaldeasturias.com\/magazine365\/#organization","name":"El digital de Asturias","description":"Revista de ocio, turismo y estilo de vida","url":"https:\/\/eldigitaldeasturias.com\/magazine365\/","logo":{"@type":"ImageObject","url":"https:\/\/www.eldigitaldeasturias.com\/noticias\/wp-content\/uploads\/2020\/12\/EDA.jpg","@id":"https:\/\/eldigitaldeasturias.com\/magazine365\/las-cremas-bella-aurora-cumplen-100-anos-en-espana-con-planes-para-el-futuro\/#organizationLogo"},"image":{"@id":"https:\/\/eldigitaldeasturias.com\/magazine365\/las-cremas-bella-aurora-cumplen-100-anos-en-espana-con-planes-para-el-futuro\/#organizationLogo"}},{"@type":"Person","@id":"https:\/\/eldigitaldeasturias.com\/magazine365\/author\/admin\/#author","url":"https:\/\/eldigitaldeasturias.com\/magazine365\/author\/admin\/","name":"admin","image":{"@type":"ImageObject","@id":"https:\/\/eldigitaldeasturias.com\/magazine365\/las-cremas-bella-aurora-cumplen-100-anos-en-espana-con-planes-para-el-futuro\/#authorImage","url":"https:\/\/eldigitaldeasturias.com\/magazine365\/wp-content\/litespeed\/avatar\/e571bcf59a0edd6fa6838245a470f2fe.jpg?ver=1776969259","width":96,"height":96,"caption":"admin"}},{"@type":"WebPage","@id":"https:\/\/eldigitaldeasturias.com\/magazine365\/las-cremas-bella-aurora-cumplen-100-anos-en-espana-con-planes-para-el-futuro\/#webpage","url":"https:\/\/eldigitaldeasturias.com\/magazine365\/las-cremas-bella-aurora-cumplen-100-anos-en-espana-con-planes-para-el-futuro\/","name":"Las cremas Bella Aurora cumplen 100 a\u00f1os en Espa\u00f1a con planes para el futuro | El Digital de Asturias","description":"Barcelona, 24 may (EFE).- Los cosm\u00e9ticos Bella Aurora han cumplido cien a\u00f1os desde su llegada a Espa\u00f1a, donde se consolidaron durante d\u00e9cadas como una firma de referencia gracias a su rompedora publicidad, que hizo del eslogan \"Para Juventud, Belleza y Lozan\u00eda, Bella Aurora cada d\u00eda\" uno de sus mayores activos. Bella Aurora naci\u00f3 como marca","inLanguage":"es-ES","isPartOf":{"@id":"https:\/\/eldigitaldeasturias.com\/magazine365\/#website"},"breadcrumb":{"@id":"https:\/\/eldigitaldeasturias.com\/magazine365\/las-cremas-bella-aurora-cumplen-100-anos-en-espana-con-planes-para-el-futuro\/#breadcrumblist"},"author":{"@id":"https:\/\/eldigitaldeasturias.com\/magazine365\/author\/admin\/#author"},"creator":{"@id":"https:\/\/eldigitaldeasturias.com\/magazine365\/author\/admin\/#author"},"image":{"@type":"ImageObject","url":"https:\/\/eldigitaldeasturias.com\/magazine365\/wp-content\/uploads\/2014\/05\/6296484w.jpg","@id":"https:\/\/eldigitaldeasturias.com\/magazine365\/las-cremas-bella-aurora-cumplen-100-anos-en-espana-con-planes-para-el-futuro\/#mainImage","width":800,"height":578},"primaryImageOfPage":{"@id":"https:\/\/eldigitaldeasturias.com\/magazine365\/las-cremas-bella-aurora-cumplen-100-anos-en-espana-con-planes-para-el-futuro\/#mainImage"},"datePublished":"2014-05-24T13:05:40+02:00","dateModified":"2014-05-24T13:05:40+02:00"},{"@type":"WebSite","@id":"https:\/\/eldigitaldeasturias.com\/magazine365\/#website","url":"https:\/\/eldigitaldeasturias.com\/magazine365\/","name":"El Digital de Asturias","description":"Revista de ocio, turismo y estilo de vida","inLanguage":"es-ES","publisher":{"@id":"https:\/\/eldigitaldeasturias.com\/magazine365\/#organization"}}]},"og:locale":"es_ES","og:site_name":"El Digital de Asturias \u2013 Revista de ocio, turismo y estilo de vida","og:type":"article","og:title":"Las cremas Bella Aurora cumplen 100 a\u00f1os en Espa\u00f1a con planes para el futuro | El Digital de Asturias","og:description":"Barcelona, 24 may (EFE).- Los cosm\u00e9ticos Bella Aurora han cumplido cien a\u00f1os desde su llegada a Espa\u00f1a, donde se consolidaron durante d\u00e9cadas como una firma de referencia gracias a su rompedora publicidad, que hizo del eslogan &quot;Para Juventud, Belleza y Lozan\u00eda, Bella Aurora cada d\u00eda&quot; uno de sus mayores activos. Bella Aurora naci\u00f3 como marca","og:url":"https:\/\/eldigitaldeasturias.com\/magazine365\/las-cremas-bella-aurora-cumplen-100-anos-en-espana-con-planes-para-el-futuro\/","og:image":"https:\/\/eldigitaldeasturias.com\/magazine365\/wp-content\/uploads\/2014\/05\/6296484w.jpg","og:image:secure_url":"https:\/\/eldigitaldeasturias.com\/magazine365\/wp-content\/uploads\/2014\/05\/6296484w.jpg","og:image:width":800,"og:image:height":578,"article:published_time":"2014-05-24T15:05:40+00:00","article:modified_time":"2014-05-24T15:05:40+00:00","twitter:card":"summary_large_image","twitter:title":"Las cremas Bella Aurora cumplen 100 a\u00f1os en Espa\u00f1a con planes para el futuro | El Digital de Asturias","twitter:description":"Barcelona, 24 may (EFE).- Los cosm\u00e9ticos Bella Aurora han cumplido cien a\u00f1os desde su llegada a Espa\u00f1a, donde se consolidaron durante d\u00e9cadas como una firma de referencia gracias a su rompedora publicidad, que hizo del eslogan &quot;Para Juventud, Belleza y Lozan\u00eda, Bella Aurora cada d\u00eda&quot; uno de sus mayores activos. Bella Aurora naci\u00f3 como marca","twitter:image":"https:\/\/eldigitaldeasturias.com\/magazine365\/wp-content\/uploads\/2014\/05\/6296484w.jpg"},"aioseo_meta_data":{"post_id":"13831","title":null,"description":null,"keywords":null,"keyphrases":null,"primary_term":null,"canonical_url":null,"og_title":null,"og_description":null,"og_object_type":"default","og_image_type":"default","og_image_url":null,"og_image_width":null,"og_image_height":null,"og_image_custom_url":null,"og_image_custom_fields":null,"og_video":null,"og_custom_url":null,"og_article_section":null,"og_article_tags":null,"twitter_use_og":false,"twitter_card":"default","twitter_image_type":"default","twitter_image_url":null,"twitter_image_custom_url":null,"twitter_image_custom_fields":null,"twitter_title":null,"twitter_description":null,"schema":{"blockGraphs":[],"customGraphs":[],"default":{"data":{"Article":[],"Course":[],"Dataset":[],"FAQPage":[],"Movie":[],"Person":[],"Product":[],"ProductReview":[],"Car":[],"Recipe":[],"Service":[],"SoftwareApplication":[],"WebPage":[]},"graphName":"","isEnabled":true},"graphs":[],"defaultGraph":"","defaultPostTypeGraph":""},"schema_type":null,"schema_type_options":null,"pillar_content":false,"robots_default":true,"robots_noindex":false,"robots_noarchive":false,"robots_nosnippet":false,"robots_nofollow":false,"robots_noimageindex":false,"robots_noodp":false,"robots_notranslate":false,"robots_max_snippet":null,"robots_max_videopreview":null,"robots_max_imagepreview":"large","priority":null,"frequency":null,"location":null,"local_seo":null,"seo_analyzer_scan_date":"2025-09-17 09:03:02","breadcrumb_settings":null,"limit_modified_date":false,"open_ai":null,"ai":null,"created":"2021-03-09 08:23:49","updated":"2025-09-17 09:03:02"},"aioseo_breadcrumb":"<div class=\"aioseo-breadcrumbs\"><span class=\"aioseo-breadcrumb\">\n\t<a href=\"https:\/\/eldigitaldeasturias.com\/magazine365\" title=\"Home\">Home<\/a>\n<\/span><span class=\"aioseo-breadcrumb-separator\">\u2013<\/span><span class=\"aioseo-breadcrumb\">\n\t<a href=\"https:\/\/eldigitaldeasturias.com\/magazine365\/category\/noticias-actualidad\/\" title=\"Noticias y Actualidad\">Noticias y Actualidad<\/a>\n<\/span><span class=\"aioseo-breadcrumb-separator\">\u2013<\/span><span class=\"aioseo-breadcrumb\">\n\t<a href=\"https:\/\/eldigitaldeasturias.com\/magazine365\/las-cremas-bella-aurora-cumplen-100-anos-en-espana-con-planes-para-el-futuro\/\" title=\"Las cremas Bella Aurora cumplen 100 a\u00f1os en Espa\u00f1a con planes para el futuro\">Las cremas Bella Aurora cumplen 100 a\u00f1os en Espa\u00f1a con planes para el futuro<\/a>\n<\/span><\/div>","aioseo_breadcrumb_json":[{"label":"Home","link":"https:\/\/eldigitaldeasturias.com\/magazine365"},{"label":"Noticias y Actualidad","link":"https:\/\/eldigitaldeasturias.com\/magazine365\/category\/noticias-actualidad\/"},{"label":"Las cremas Bella Aurora cumplen 100 a\u00f1os en Espa\u00f1a con planes para el futuro","link":"https:\/\/eldigitaldeasturias.com\/magazine365\/las-cremas-bella-aurora-cumplen-100-anos-en-espana-con-planes-para-el-futuro\/"}],"_links":{"self":[{"href":"https:\/\/eldigitaldeasturias.com\/magazine365\/wp-json\/wp\/v2\/posts\/13831","targetHints":{"allow":["GET"]}}],"collection":[{"href":"https:\/\/eldigitaldeasturias.com\/magazine365\/wp-json\/wp\/v2\/posts"}],"about":[{"href":"https:\/\/eldigitaldeasturias.com\/magazine365\/wp-json\/wp\/v2\/types\/post"}],"author":[{"embeddable":true,"href":"https:\/\/eldigitaldeasturias.com\/magazine365\/wp-json\/wp\/v2\/users\/1"}],"replies":[{"embeddable":true,"href":"https:\/\/eldigitaldeasturias.com\/magazine365\/wp-json\/wp\/v2\/comments?post=13831"}],"version-history":[{"count":0,"href":"https:\/\/eldigitaldeasturias.com\/magazine365\/wp-json\/wp\/v2\/posts\/13831\/revisions"}],"wp:featuredmedia":[{"embeddable":true,"href":"https:\/\/eldigitaldeasturias.com\/magazine365\/wp-json\/wp\/v2\/media\/13832"}],"wp:attachment":[{"href":"https:\/\/eldigitaldeasturias.com\/magazine365\/wp-json\/wp\/v2\/media?parent=13831"}],"wp:term":[{"taxonomy":"category","embeddable":true,"href":"https:\/\/eldigitaldeasturias.com\/magazine365\/wp-json\/wp\/v2\/categories?post=13831"},{"taxonomy":"post_tag","embeddable":true,"href":"https:\/\/eldigitaldeasturias.com\/magazine365\/wp-json\/wp\/v2\/tags?post=13831"}],"curies":[{"name":"wp","href":"https:\/\/api.w.org\/{rel}","templated":true}]}}