{"id":13828,"date":"2014-05-24T13:03:49","date_gmt":"2014-05-24T15:03:49","guid":{"rendered":"http:\/\/eldigitaldeasturias.com\/magazine365\/?p=13828"},"modified":"2014-05-24T13:03:49","modified_gmt":"2014-05-24T15:03:49","slug":"burning-saltara-de-los-escenarios-al-cine-con-noches-de-rock-and-roll","status":"publish","type":"post","link":"https:\/\/eldigitaldeasturias.com\/magazine365\/burning-saltara-de-los-escenarios-al-cine-con-noches-de-rock-and-roll\/","title":{"rendered":"Burning saltar\u00e1 de los escenarios al cine con \u00abNoches de rock and roll\u00bb"},"content":{"rendered":"<p><img fetchpriority=\"high\" decoding=\"async\" class=\"alignleft size-medium wp-image-13829\" alt=\"6296422w\" src=\"https:\/\/eldigitaldeasturias.com\/magazine365\/wp-content\/uploads\/2014\/05\/6296422w-360x243.jpg\" width=\"360\" height=\"243\" \/>Madrid, 24 may (EFE).- El director de cine Fernando Colomo y Johnny Cifuentes, vocalista de la longeva banda Burning, se han unido para rodar \u00abNoches de Rock and Roll\u00bb, un documental sobre los 40 a\u00f1os de vida del grupo madrile\u00f1o que llegar\u00e1 a las pantallas en diciembre.<\/p>\n<p>La pel\u00edcula plantear\u00e1 un recorrido por las cuatro d\u00e9cadas de vida de la banda, nacida en el madrile\u00f1o barrio de la Elipa en 1974 y que ha creado algunas de las canciones m\u00e1s emblem\u00e1ticas del rock espa\u00f1ol, como la reconocida \u00ab\u00bfQu\u00e9 hace una chica como t\u00fa en un sitio como \u00e9ste?\u00bb<\/p>\n<p>\u00abBurning es una banda que permanece rigurosamente vigente y es objeto de culto para varias generaciones\u00bb, suscribe Colomo en una nota de prensa en la que tambi\u00e9n se ha mostrado encantado con la idea del documental.<\/p>\n<p>\u00abCuando me lo propusieron pens\u00e9 que no pod\u00eda hacer nada mejor\u00bb, ha expresado el director.<\/p>\n<p>El film, producido por Uhura Films, tambi\u00e9n contar\u00e1 con numerosas intervenciones de figuras cercanas a Burning a lo largo de toda su trayectoria, como el periodista Jes\u00fas Ordov\u00e1s y Gonzalo Garc\u00eda Pelayo, promotor de su primer disco.<\/p>\n","protected":false},"excerpt":{"rendered":"<p>Madrid, 24 may (EFE).- El director de cine Fernando Colomo y Johnny Cifuentes, vocalista de la longeva banda Burning, se han unido para rodar \u00abNoches de Rock and Roll\u00bb, un documental sobre los 40 a\u00f1os de vida del grupo madrile\u00f1o que llegar\u00e1 a las pantallas en diciembre. La pel\u00edcula plantear\u00e1 un recorrido por las cuatro<\/p>\n","protected":false},"author":1,"featured_media":13829,"comment_status":"open","ping_status":"closed","sticky":false,"template":"","format":"standard","meta":{"footnotes":""},"categories":[224],"tags":[],"class_list":{"0":"post-13828","1":"post","2":"type-post","3":"status-publish","4":"format-standard","5":"has-post-thumbnail","7":"category-noticias-actualidad"},"aioseo_notices":[],"aioseo_head":"\n\t\t<!-- All in One SEO Pro 4.9.6.1 - aioseo.com -->\n\t<meta name=\"description\" content=\"Madrid, 24 may (EFE).- El director de cine Fernando Colomo y Johnny Cifuentes, vocalista de la longeva banda Burning, se han unido para rodar &quot;Noches de Rock and Roll&quot;, un documental sobre los 40 a\u00f1os de vida del grupo madrile\u00f1o que llegar\u00e1 a las pantallas en diciembre. La pel\u00edcula plantear\u00e1 un recorrido por las cuatro\" \/>\n\t<meta name=\"robots\" content=\"max-image-preview:large\" \/>\n\t<meta name=\"author\" content=\"admin\"\/>\n\t<meta name=\"google-site-verification\" content=\"UA-38556648-1\" \/>\n\t<meta name=\"keywords\" content=\"noticias y actualidad\" \/>\n\t<link rel=\"canonical\" href=\"https:\/\/eldigitaldeasturias.com\/magazine365\/burning-saltara-de-los-escenarios-al-cine-con-noches-de-rock-and-roll\/\" \/>\n\t<meta name=\"generator\" content=\"All in One SEO Pro (AIOSEO) 4.9.6.1\" \/>\n\t\t<meta property=\"og:locale\" content=\"es_ES\" \/>\n\t\t<meta property=\"og:site_name\" content=\"El Digital de Asturias \u2013 Revista de ocio, turismo y estilo de vida\" \/>\n\t\t<meta property=\"og:type\" content=\"article\" \/>\n\t\t<meta property=\"og:title\" content=\"Burning saltar\u00e1 de los escenarios al cine con \u00abNoches de rock and roll\u00bb | El Digital de Asturias\" \/>\n\t\t<meta property=\"og:description\" content=\"Madrid, 24 may (EFE).- El director de cine Fernando Colomo y Johnny Cifuentes, vocalista de la longeva banda Burning, se han unido para rodar &quot;Noches de Rock and Roll&quot;, un documental sobre los 40 a\u00f1os de vida del grupo madrile\u00f1o que llegar\u00e1 a las pantallas en diciembre. La pel\u00edcula plantear\u00e1 un recorrido por las cuatro\" \/>\n\t\t<meta property=\"og:url\" content=\"https:\/\/eldigitaldeasturias.com\/magazine365\/burning-saltara-de-los-escenarios-al-cine-con-noches-de-rock-and-roll\/\" \/>\n\t\t<meta property=\"og:image\" content=\"https:\/\/eldigitaldeasturias.com\/magazine365\/wp-content\/uploads\/2014\/05\/6296422w.jpg\" \/>\n\t\t<meta property=\"og:image:secure_url\" content=\"https:\/\/eldigitaldeasturias.com\/magazine365\/wp-content\/uploads\/2014\/05\/6296422w.jpg\" \/>\n\t\t<meta property=\"og:image:width\" content=\"800\" \/>\n\t\t<meta property=\"og:image:height\" content=\"542\" \/>\n\t\t<meta property=\"article:published_time\" content=\"2014-05-24T15:03:49+00:00\" \/>\n\t\t<meta property=\"article:modified_time\" content=\"2014-05-24T15:03:49+00:00\" \/>\n\t\t<meta name=\"twitter:card\" content=\"summary_large_image\" \/>\n\t\t<meta name=\"twitter:title\" content=\"Burning saltar\u00e1 de los escenarios al cine con \u00abNoches de rock and roll\u00bb | El Digital de Asturias\" \/>\n\t\t<meta name=\"twitter:description\" content=\"Madrid, 24 may (EFE).- El director de cine Fernando Colomo y Johnny Cifuentes, vocalista de la longeva banda Burning, se han unido para rodar &quot;Noches de Rock and Roll&quot;, un documental sobre los 40 a\u00f1os de vida del grupo madrile\u00f1o que llegar\u00e1 a las pantallas en diciembre. La pel\u00edcula plantear\u00e1 un recorrido por las cuatro\" \/>\n\t\t<meta name=\"twitter:image\" content=\"https:\/\/eldigitaldeasturias.com\/magazine365\/wp-content\/uploads\/2014\/05\/6296422w.jpg\" \/>\n\t\t<script type=\"application\/ld+json\" class=\"aioseo-schema\">\n\t\t\t{\"@context\":\"https:\\\/\\\/schema.org\",\"@graph\":[{\"@type\":\"Article\",\"@id\":\"https:\\\/\\\/eldigitaldeasturias.com\\\/magazine365\\\/burning-saltara-de-los-escenarios-al-cine-con-noches-de-rock-and-roll\\\/#article\",\"name\":\"Burning saltar\\u00e1 de los escenarios al cine con \\u00abNoches de rock and roll\\u00bb | El Digital de Asturias\",\"headline\":\"Burning saltar\\u00e1 de los escenarios al cine con \\u00abNoches de rock and roll\\u00bb\",\"author\":{\"@id\":\"https:\\\/\\\/eldigitaldeasturias.com\\\/magazine365\\\/author\\\/admin\\\/#author\"},\"publisher\":{\"@id\":\"https:\\\/\\\/eldigitaldeasturias.com\\\/magazine365\\\/#organization\"},\"image\":{\"@type\":\"ImageObject\",\"url\":\"https:\\\/\\\/eldigitaldeasturias.com\\\/magazine365\\\/wp-content\\\/uploads\\\/2014\\\/05\\\/6296422w.jpg\",\"width\":800,\"height\":542},\"datePublished\":\"2014-05-24T13:03:49+02:00\",\"dateModified\":\"2014-05-24T13:03:49+02:00\",\"inLanguage\":\"es-ES\",\"mainEntityOfPage\":{\"@id\":\"https:\\\/\\\/eldigitaldeasturias.com\\\/magazine365\\\/burning-saltara-de-los-escenarios-al-cine-con-noches-de-rock-and-roll\\\/#webpage\"},\"isPartOf\":{\"@id\":\"https:\\\/\\\/eldigitaldeasturias.com\\\/magazine365\\\/burning-saltara-de-los-escenarios-al-cine-con-noches-de-rock-and-roll\\\/#webpage\"},\"articleSection\":\"Noticias y Actualidad\"},{\"@type\":\"BreadcrumbList\",\"@id\":\"https:\\\/\\\/eldigitaldeasturias.com\\\/magazine365\\\/burning-saltara-de-los-escenarios-al-cine-con-noches-de-rock-and-roll\\\/#breadcrumblist\",\"itemListElement\":[{\"@type\":\"ListItem\",\"@id\":\"https:\\\/\\\/eldigitaldeasturias.com\\\/magazine365#listItem\",\"position\":1,\"name\":\"Home\",\"item\":\"https:\\\/\\\/eldigitaldeasturias.com\\\/magazine365\",\"nextItem\":{\"@type\":\"ListItem\",\"@id\":\"https:\\\/\\\/eldigitaldeasturias.com\\\/magazine365\\\/category\\\/noticias-actualidad\\\/#listItem\",\"name\":\"Noticias y Actualidad\"}},{\"@type\":\"ListItem\",\"@id\":\"https:\\\/\\\/eldigitaldeasturias.com\\\/magazine365\\\/category\\\/noticias-actualidad\\\/#listItem\",\"position\":2,\"name\":\"Noticias y Actualidad\",\"item\":\"https:\\\/\\\/eldigitaldeasturias.com\\\/magazine365\\\/category\\\/noticias-actualidad\\\/\",\"nextItem\":{\"@type\":\"ListItem\",\"@id\":\"https:\\\/\\\/eldigitaldeasturias.com\\\/magazine365\\\/burning-saltara-de-los-escenarios-al-cine-con-noches-de-rock-and-roll\\\/#listItem\",\"name\":\"Burning saltar\\u00e1 de los escenarios al cine con \\u00abNoches de rock and roll\\u00bb\"},\"previousItem\":{\"@type\":\"ListItem\",\"@id\":\"https:\\\/\\\/eldigitaldeasturias.com\\\/magazine365#listItem\",\"name\":\"Home\"}},{\"@type\":\"ListItem\",\"@id\":\"https:\\\/\\\/eldigitaldeasturias.com\\\/magazine365\\\/burning-saltara-de-los-escenarios-al-cine-con-noches-de-rock-and-roll\\\/#listItem\",\"position\":3,\"name\":\"Burning saltar\\u00e1 de los escenarios al cine con \\u00abNoches de rock and roll\\u00bb\",\"previousItem\":{\"@type\":\"ListItem\",\"@id\":\"https:\\\/\\\/eldigitaldeasturias.com\\\/magazine365\\\/category\\\/noticias-actualidad\\\/#listItem\",\"name\":\"Noticias y Actualidad\"}}]},{\"@type\":\"Organization\",\"@id\":\"https:\\\/\\\/eldigitaldeasturias.com\\\/magazine365\\\/#organization\",\"name\":\"El digital de Asturias\",\"description\":\"Revista de ocio, turismo y estilo de vida\",\"url\":\"https:\\\/\\\/eldigitaldeasturias.com\\\/magazine365\\\/\",\"logo\":{\"@type\":\"ImageObject\",\"url\":\"https:\\\/\\\/www.eldigitaldeasturias.com\\\/noticias\\\/wp-content\\\/uploads\\\/2020\\\/12\\\/EDA.jpg\",\"@id\":\"https:\\\/\\\/eldigitaldeasturias.com\\\/magazine365\\\/burning-saltara-de-los-escenarios-al-cine-con-noches-de-rock-and-roll\\\/#organizationLogo\"},\"image\":{\"@id\":\"https:\\\/\\\/eldigitaldeasturias.com\\\/magazine365\\\/burning-saltara-de-los-escenarios-al-cine-con-noches-de-rock-and-roll\\\/#organizationLogo\"}},{\"@type\":\"Person\",\"@id\":\"https:\\\/\\\/eldigitaldeasturias.com\\\/magazine365\\\/author\\\/admin\\\/#author\",\"url\":\"https:\\\/\\\/eldigitaldeasturias.com\\\/magazine365\\\/author\\\/admin\\\/\",\"name\":\"admin\",\"image\":{\"@type\":\"ImageObject\",\"@id\":\"https:\\\/\\\/eldigitaldeasturias.com\\\/magazine365\\\/burning-saltara-de-los-escenarios-al-cine-con-noches-de-rock-and-roll\\\/#authorImage\",\"url\":\"https:\\\/\\\/eldigitaldeasturias.com\\\/magazine365\\\/wp-content\\\/litespeed\\\/avatar\\\/e571bcf59a0edd6fa6838245a470f2fe.jpg?ver=1776969259\",\"width\":96,\"height\":96,\"caption\":\"admin\"}},{\"@type\":\"WebPage\",\"@id\":\"https:\\\/\\\/eldigitaldeasturias.com\\\/magazine365\\\/burning-saltara-de-los-escenarios-al-cine-con-noches-de-rock-and-roll\\\/#webpage\",\"url\":\"https:\\\/\\\/eldigitaldeasturias.com\\\/magazine365\\\/burning-saltara-de-los-escenarios-al-cine-con-noches-de-rock-and-roll\\\/\",\"name\":\"Burning saltar\\u00e1 de los escenarios al cine con \\u00abNoches de rock and roll\\u00bb | El Digital de Asturias\",\"description\":\"Madrid, 24 may (EFE).- El director de cine Fernando Colomo y Johnny Cifuentes, vocalista de la longeva banda Burning, se han unido para rodar \\\"Noches de Rock and Roll\\\", un documental sobre los 40 a\\u00f1os de vida del grupo madrile\\u00f1o que llegar\\u00e1 a las pantallas en diciembre. La pel\\u00edcula plantear\\u00e1 un recorrido por las cuatro\",\"inLanguage\":\"es-ES\",\"isPartOf\":{\"@id\":\"https:\\\/\\\/eldigitaldeasturias.com\\\/magazine365\\\/#website\"},\"breadcrumb\":{\"@id\":\"https:\\\/\\\/eldigitaldeasturias.com\\\/magazine365\\\/burning-saltara-de-los-escenarios-al-cine-con-noches-de-rock-and-roll\\\/#breadcrumblist\"},\"author\":{\"@id\":\"https:\\\/\\\/eldigitaldeasturias.com\\\/magazine365\\\/author\\\/admin\\\/#author\"},\"creator\":{\"@id\":\"https:\\\/\\\/eldigitaldeasturias.com\\\/magazine365\\\/author\\\/admin\\\/#author\"},\"image\":{\"@type\":\"ImageObject\",\"url\":\"https:\\\/\\\/eldigitaldeasturias.com\\\/magazine365\\\/wp-content\\\/uploads\\\/2014\\\/05\\\/6296422w.jpg\",\"@id\":\"https:\\\/\\\/eldigitaldeasturias.com\\\/magazine365\\\/burning-saltara-de-los-escenarios-al-cine-con-noches-de-rock-and-roll\\\/#mainImage\",\"width\":800,\"height\":542},\"primaryImageOfPage\":{\"@id\":\"https:\\\/\\\/eldigitaldeasturias.com\\\/magazine365\\\/burning-saltara-de-los-escenarios-al-cine-con-noches-de-rock-and-roll\\\/#mainImage\"},\"datePublished\":\"2014-05-24T13:03:49+02:00\",\"dateModified\":\"2014-05-24T13:03:49+02:00\"},{\"@type\":\"WebSite\",\"@id\":\"https:\\\/\\\/eldigitaldeasturias.com\\\/magazine365\\\/#website\",\"url\":\"https:\\\/\\\/eldigitaldeasturias.com\\\/magazine365\\\/\",\"name\":\"El Digital de Asturias\",\"description\":\"Revista de ocio, turismo y estilo de vida\",\"inLanguage\":\"es-ES\",\"publisher\":{\"@id\":\"https:\\\/\\\/eldigitaldeasturias.com\\\/magazine365\\\/#organization\"}}]}\n\t\t<\/script>\n\t\t<!-- All in One SEO Pro -->\r\n\t\t<title>Burning saltar\u00e1 de los escenarios al cine con \u00abNoches de rock and roll\u00bb | El Digital de Asturias<\/title>\n\n","aioseo_head_json":{"title":"Burning saltar\u00e1 de los escenarios al cine con \u00abNoches de rock and roll\u00bb | El Digital de Asturias","description":"Madrid, 24 may (EFE).- El director de cine Fernando Colomo y Johnny Cifuentes, vocalista de la longeva banda Burning, se han unido para rodar \"Noches de Rock and Roll\", un documental sobre los 40 a\u00f1os de vida del grupo madrile\u00f1o que llegar\u00e1 a las pantallas en diciembre. La pel\u00edcula plantear\u00e1 un recorrido por las cuatro","canonical_url":"https:\/\/eldigitaldeasturias.com\/magazine365\/burning-saltara-de-los-escenarios-al-cine-con-noches-de-rock-and-roll\/","robots":"max-image-preview:large","keywords":"noticias y actualidad","webmasterTools":{"google-site-verification":"UA-38556648-1","miscellaneous":""},"schema":{"@context":"https:\/\/schema.org","@graph":[{"@type":"Article","@id":"https:\/\/eldigitaldeasturias.com\/magazine365\/burning-saltara-de-los-escenarios-al-cine-con-noches-de-rock-and-roll\/#article","name":"Burning saltar\u00e1 de los escenarios al cine con \u00abNoches de rock and roll\u00bb | El Digital de Asturias","headline":"Burning saltar\u00e1 de los escenarios al cine con \u00abNoches de rock and roll\u00bb","author":{"@id":"https:\/\/eldigitaldeasturias.com\/magazine365\/author\/admin\/#author"},"publisher":{"@id":"https:\/\/eldigitaldeasturias.com\/magazine365\/#organization"},"image":{"@type":"ImageObject","url":"https:\/\/eldigitaldeasturias.com\/magazine365\/wp-content\/uploads\/2014\/05\/6296422w.jpg","width":800,"height":542},"datePublished":"2014-05-24T13:03:49+02:00","dateModified":"2014-05-24T13:03:49+02:00","inLanguage":"es-ES","mainEntityOfPage":{"@id":"https:\/\/eldigitaldeasturias.com\/magazine365\/burning-saltara-de-los-escenarios-al-cine-con-noches-de-rock-and-roll\/#webpage"},"isPartOf":{"@id":"https:\/\/eldigitaldeasturias.com\/magazine365\/burning-saltara-de-los-escenarios-al-cine-con-noches-de-rock-and-roll\/#webpage"},"articleSection":"Noticias y Actualidad"},{"@type":"BreadcrumbList","@id":"https:\/\/eldigitaldeasturias.com\/magazine365\/burning-saltara-de-los-escenarios-al-cine-con-noches-de-rock-and-roll\/#breadcrumblist","itemListElement":[{"@type":"ListItem","@id":"https:\/\/eldigitaldeasturias.com\/magazine365#listItem","position":1,"name":"Home","item":"https:\/\/eldigitaldeasturias.com\/magazine365","nextItem":{"@type":"ListItem","@id":"https:\/\/eldigitaldeasturias.com\/magazine365\/category\/noticias-actualidad\/#listItem","name":"Noticias y Actualidad"}},{"@type":"ListItem","@id":"https:\/\/eldigitaldeasturias.com\/magazine365\/category\/noticias-actualidad\/#listItem","position":2,"name":"Noticias y Actualidad","item":"https:\/\/eldigitaldeasturias.com\/magazine365\/category\/noticias-actualidad\/","nextItem":{"@type":"ListItem","@id":"https:\/\/eldigitaldeasturias.com\/magazine365\/burning-saltara-de-los-escenarios-al-cine-con-noches-de-rock-and-roll\/#listItem","name":"Burning saltar\u00e1 de los escenarios al cine con \u00abNoches de rock and roll\u00bb"},"previousItem":{"@type":"ListItem","@id":"https:\/\/eldigitaldeasturias.com\/magazine365#listItem","name":"Home"}},{"@type":"ListItem","@id":"https:\/\/eldigitaldeasturias.com\/magazine365\/burning-saltara-de-los-escenarios-al-cine-con-noches-de-rock-and-roll\/#listItem","position":3,"name":"Burning saltar\u00e1 de los escenarios al cine con \u00abNoches de rock and roll\u00bb","previousItem":{"@type":"ListItem","@id":"https:\/\/eldigitaldeasturias.com\/magazine365\/category\/noticias-actualidad\/#listItem","name":"Noticias y Actualidad"}}]},{"@type":"Organization","@id":"https:\/\/eldigitaldeasturias.com\/magazine365\/#organization","name":"El digital de Asturias","description":"Revista de ocio, turismo y estilo de vida","url":"https:\/\/eldigitaldeasturias.com\/magazine365\/","logo":{"@type":"ImageObject","url":"https:\/\/www.eldigitaldeasturias.com\/noticias\/wp-content\/uploads\/2020\/12\/EDA.jpg","@id":"https:\/\/eldigitaldeasturias.com\/magazine365\/burning-saltara-de-los-escenarios-al-cine-con-noches-de-rock-and-roll\/#organizationLogo"},"image":{"@id":"https:\/\/eldigitaldeasturias.com\/magazine365\/burning-saltara-de-los-escenarios-al-cine-con-noches-de-rock-and-roll\/#organizationLogo"}},{"@type":"Person","@id":"https:\/\/eldigitaldeasturias.com\/magazine365\/author\/admin\/#author","url":"https:\/\/eldigitaldeasturias.com\/magazine365\/author\/admin\/","name":"admin","image":{"@type":"ImageObject","@id":"https:\/\/eldigitaldeasturias.com\/magazine365\/burning-saltara-de-los-escenarios-al-cine-con-noches-de-rock-and-roll\/#authorImage","url":"https:\/\/eldigitaldeasturias.com\/magazine365\/wp-content\/litespeed\/avatar\/e571bcf59a0edd6fa6838245a470f2fe.jpg?ver=1776969259","width":96,"height":96,"caption":"admin"}},{"@type":"WebPage","@id":"https:\/\/eldigitaldeasturias.com\/magazine365\/burning-saltara-de-los-escenarios-al-cine-con-noches-de-rock-and-roll\/#webpage","url":"https:\/\/eldigitaldeasturias.com\/magazine365\/burning-saltara-de-los-escenarios-al-cine-con-noches-de-rock-and-roll\/","name":"Burning saltar\u00e1 de los escenarios al cine con \u00abNoches de rock and roll\u00bb | El Digital de Asturias","description":"Madrid, 24 may (EFE).- El director de cine Fernando Colomo y Johnny Cifuentes, vocalista de la longeva banda Burning, se han unido para rodar \"Noches de Rock and Roll\", un documental sobre los 40 a\u00f1os de vida del grupo madrile\u00f1o que llegar\u00e1 a las pantallas en diciembre. La pel\u00edcula plantear\u00e1 un recorrido por las cuatro","inLanguage":"es-ES","isPartOf":{"@id":"https:\/\/eldigitaldeasturias.com\/magazine365\/#website"},"breadcrumb":{"@id":"https:\/\/eldigitaldeasturias.com\/magazine365\/burning-saltara-de-los-escenarios-al-cine-con-noches-de-rock-and-roll\/#breadcrumblist"},"author":{"@id":"https:\/\/eldigitaldeasturias.com\/magazine365\/author\/admin\/#author"},"creator":{"@id":"https:\/\/eldigitaldeasturias.com\/magazine365\/author\/admin\/#author"},"image":{"@type":"ImageObject","url":"https:\/\/eldigitaldeasturias.com\/magazine365\/wp-content\/uploads\/2014\/05\/6296422w.jpg","@id":"https:\/\/eldigitaldeasturias.com\/magazine365\/burning-saltara-de-los-escenarios-al-cine-con-noches-de-rock-and-roll\/#mainImage","width":800,"height":542},"primaryImageOfPage":{"@id":"https:\/\/eldigitaldeasturias.com\/magazine365\/burning-saltara-de-los-escenarios-al-cine-con-noches-de-rock-and-roll\/#mainImage"},"datePublished":"2014-05-24T13:03:49+02:00","dateModified":"2014-05-24T13:03:49+02:00"},{"@type":"WebSite","@id":"https:\/\/eldigitaldeasturias.com\/magazine365\/#website","url":"https:\/\/eldigitaldeasturias.com\/magazine365\/","name":"El Digital de Asturias","description":"Revista de ocio, turismo y estilo de vida","inLanguage":"es-ES","publisher":{"@id":"https:\/\/eldigitaldeasturias.com\/magazine365\/#organization"}}]},"og:locale":"es_ES","og:site_name":"El Digital de Asturias \u2013 Revista de ocio, turismo y estilo de vida","og:type":"article","og:title":"Burning saltar\u00e1 de los escenarios al cine con \u00abNoches de rock and roll\u00bb | El Digital de Asturias","og:description":"Madrid, 24 may (EFE).- El director de cine Fernando Colomo y Johnny Cifuentes, vocalista de la longeva banda Burning, se han unido para rodar &quot;Noches de Rock and Roll&quot;, un documental sobre los 40 a\u00f1os de vida del grupo madrile\u00f1o que llegar\u00e1 a las pantallas en diciembre. La pel\u00edcula plantear\u00e1 un recorrido por las cuatro","og:url":"https:\/\/eldigitaldeasturias.com\/magazine365\/burning-saltara-de-los-escenarios-al-cine-con-noches-de-rock-and-roll\/","og:image":"https:\/\/eldigitaldeasturias.com\/magazine365\/wp-content\/uploads\/2014\/05\/6296422w.jpg","og:image:secure_url":"https:\/\/eldigitaldeasturias.com\/magazine365\/wp-content\/uploads\/2014\/05\/6296422w.jpg","og:image:width":800,"og:image:height":542,"article:published_time":"2014-05-24T15:03:49+00:00","article:modified_time":"2014-05-24T15:03:49+00:00","twitter:card":"summary_large_image","twitter:title":"Burning saltar\u00e1 de los escenarios al cine con \u00abNoches de rock and roll\u00bb | El Digital de Asturias","twitter:description":"Madrid, 24 may (EFE).- El director de cine Fernando Colomo y Johnny Cifuentes, vocalista de la longeva banda Burning, se han unido para rodar &quot;Noches de Rock and Roll&quot;, un documental sobre los 40 a\u00f1os de vida del grupo madrile\u00f1o que llegar\u00e1 a las pantallas en diciembre. La pel\u00edcula plantear\u00e1 un recorrido por las cuatro","twitter:image":"https:\/\/eldigitaldeasturias.com\/magazine365\/wp-content\/uploads\/2014\/05\/6296422w.jpg"},"aioseo_meta_data":{"post_id":"13828","title":null,"description":null,"keywords":null,"keyphrases":null,"primary_term":null,"canonical_url":null,"og_title":null,"og_description":null,"og_object_type":"default","og_image_type":"default","og_image_url":null,"og_image_width":null,"og_image_height":null,"og_image_custom_url":null,"og_image_custom_fields":null,"og_video":null,"og_custom_url":null,"og_article_section":null,"og_article_tags":null,"twitter_use_og":false,"twitter_card":"default","twitter_image_type":"default","twitter_image_url":null,"twitter_image_custom_url":null,"twitter_image_custom_fields":null,"twitter_title":null,"twitter_description":null,"schema":{"blockGraphs":[],"customGraphs":[],"default":{"data":{"Article":[],"Course":[],"Dataset":[],"FAQPage":[],"Movie":[],"Person":[],"Product":[],"ProductReview":[],"Car":[],"Recipe":[],"Service":[],"SoftwareApplication":[],"WebPage":[]},"graphName":"","isEnabled":true},"graphs":[],"defaultGraph":"","defaultPostTypeGraph":""},"schema_type":null,"schema_type_options":null,"pillar_content":false,"robots_default":true,"robots_noindex":false,"robots_noarchive":false,"robots_nosnippet":false,"robots_nofollow":false,"robots_noimageindex":false,"robots_noodp":false,"robots_notranslate":false,"robots_max_snippet":null,"robots_max_videopreview":null,"robots_max_imagepreview":"large","priority":null,"frequency":null,"location":null,"local_seo":null,"seo_analyzer_scan_date":"2025-09-17 09:03:00","breadcrumb_settings":null,"limit_modified_date":false,"open_ai":null,"ai":null,"created":"2021-03-09 08:23:49","updated":"2025-09-17 09:03:00"},"aioseo_breadcrumb":"<div class=\"aioseo-breadcrumbs\"><span class=\"aioseo-breadcrumb\">\n\t<a href=\"https:\/\/eldigitaldeasturias.com\/magazine365\" title=\"Home\">Home<\/a>\n<\/span><span class=\"aioseo-breadcrumb-separator\">\u2013<\/span><span class=\"aioseo-breadcrumb\">\n\t<a href=\"https:\/\/eldigitaldeasturias.com\/magazine365\/category\/noticias-actualidad\/\" title=\"Noticias y Actualidad\">Noticias y Actualidad<\/a>\n<\/span><span class=\"aioseo-breadcrumb-separator\">\u2013<\/span><span class=\"aioseo-breadcrumb\">\n\t<a href=\"https:\/\/eldigitaldeasturias.com\/magazine365\/burning-saltara-de-los-escenarios-al-cine-con-noches-de-rock-and-roll\/\" title=\"Burning saltar\u00e1 de los escenarios al cine con \u00abNoches de rock and roll\u00bb\">Burning saltar\u00e1 de los escenarios al cine con \u00abNoches de rock and roll\u00bb<\/a>\n<\/span><\/div>","aioseo_breadcrumb_json":[{"label":"Home","link":"https:\/\/eldigitaldeasturias.com\/magazine365"},{"label":"Noticias y Actualidad","link":"https:\/\/eldigitaldeasturias.com\/magazine365\/category\/noticias-actualidad\/"},{"label":"Burning saltar\u00e1 de los escenarios al cine con \u00abNoches de rock and roll\u00bb","link":"https:\/\/eldigitaldeasturias.com\/magazine365\/burning-saltara-de-los-escenarios-al-cine-con-noches-de-rock-and-roll\/"}],"_links":{"self":[{"href":"https:\/\/eldigitaldeasturias.com\/magazine365\/wp-json\/wp\/v2\/posts\/13828","targetHints":{"allow":["GET"]}}],"collection":[{"href":"https:\/\/eldigitaldeasturias.com\/magazine365\/wp-json\/wp\/v2\/posts"}],"about":[{"href":"https:\/\/eldigitaldeasturias.com\/magazine365\/wp-json\/wp\/v2\/types\/post"}],"author":[{"embeddable":true,"href":"https:\/\/eldigitaldeasturias.com\/magazine365\/wp-json\/wp\/v2\/users\/1"}],"replies":[{"embeddable":true,"href":"https:\/\/eldigitaldeasturias.com\/magazine365\/wp-json\/wp\/v2\/comments?post=13828"}],"version-history":[{"count":0,"href":"https:\/\/eldigitaldeasturias.com\/magazine365\/wp-json\/wp\/v2\/posts\/13828\/revisions"}],"wp:featuredmedia":[{"embeddable":true,"href":"https:\/\/eldigitaldeasturias.com\/magazine365\/wp-json\/wp\/v2\/media\/13829"}],"wp:attachment":[{"href":"https:\/\/eldigitaldeasturias.com\/magazine365\/wp-json\/wp\/v2\/media?parent=13828"}],"wp:term":[{"taxonomy":"category","embeddable":true,"href":"https:\/\/eldigitaldeasturias.com\/magazine365\/wp-json\/wp\/v2\/categories?post=13828"},{"taxonomy":"post_tag","embeddable":true,"href":"https:\/\/eldigitaldeasturias.com\/magazine365\/wp-json\/wp\/v2\/tags?post=13828"}],"curies":[{"name":"wp","href":"https:\/\/api.w.org\/{rel}","templated":true}]}}