{"id":13825,"date":"2014-05-24T13:02:12","date_gmt":"2014-05-24T15:02:12","guid":{"rendered":"http:\/\/eldigitaldeasturias.com\/magazine365\/?p=13825"},"modified":"2014-05-26T10:41:50","modified_gmt":"2014-05-26T12:41:50","slug":"los-carbohidratos-fuente-de-energia-y-antidotos-contra-el-cancer","status":"publish","type":"post","link":"https:\/\/eldigitaldeasturias.com\/magazine365\/los-carbohidratos-fuente-de-energia-y-antidotos-contra-el-cancer\/","title":{"rendered":"Los carbohidratos, fuente de energ\u00eda y ant\u00eddotos contra el c\u00e1ncer"},"content":{"rendered":"<p><img fetchpriority=\"high\" decoding=\"async\" class=\"alignleft size-medium wp-image-13826\" alt=\"6296439w\" src=\"https:\/\/eldigitaldeasturias.com\/magazine365\/wp-content\/uploads\/2014\/05\/6296439w-360x214.jpg\" width=\"360\" height=\"214\" srcset=\"https:\/\/eldigitaldeasturias.com\/magazine365\/wp-content\/uploads\/2014\/05\/6296439w-360x214.jpg 360w, https:\/\/eldigitaldeasturias.com\/magazine365\/wp-content\/uploads\/2014\/05\/6296439w-650x387.jpg 650w, https:\/\/eldigitaldeasturias.com\/magazine365\/wp-content\/uploads\/2014\/05\/6296439w-768x457.jpg 768w, https:\/\/eldigitaldeasturias.com\/magazine365\/wp-content\/uploads\/2014\/05\/6296439w-150x89.jpg 150w, https:\/\/eldigitaldeasturias.com\/magazine365\/wp-content\/uploads\/2014\/05\/6296439w-450x268.jpg 450w, https:\/\/eldigitaldeasturias.com\/magazine365\/wp-content\/uploads\/2014\/05\/6296439w-696x414.jpg 696w, https:\/\/eldigitaldeasturias.com\/magazine365\/wp-content\/uploads\/2014\/05\/6296439w-706x420.jpg 706w, https:\/\/eldigitaldeasturias.com\/magazine365\/wp-content\/uploads\/2014\/05\/6296439w.jpg 800w\" sizes=\"(max-width: 360px) 100vw, 360px\" \/>Logro\u00f1o, 24 may (EFE).- La palabra \u00abcarbohidrato\u00bb -o bien sus sin\u00f3nimos \u00abhidrato de carbono\u00bb, \u00abgl\u00facido\u00bb, \u00abaz\u00facar\u00bb o \u00absac\u00e1rido\u00bb- se asocian com\u00fanmente al mundo de la alimentaci\u00f3n por sus conocidas funciones de almacenamiento y consumo de energ\u00eda.<\/p>\n<p>Sin embargo, estas biomol\u00e9culas no solo sirven para \u00abendulzar la vida\u00bb o proporcionar alimento, sino para otras muchas aplicaciones relacionadas con la medicina, entre ellas, la lucha contra el c\u00e1ncer.<\/p>\n<p>As\u00ed lo explica a Efe el catedr\u00e1tico de Qu\u00edmica Org\u00e1nica de la Universidad de La Rioja (UR), Jes\u00fas Manuel Peregrina, con motivo de la celebraci\u00f3n de las XI Jornadas de Carbohidratos, que se celebrar\u00e1n del 28 al 30 pr\u00f3ximos en Logro\u00f1o, organizadas por el Grupo Especializado de Hidratos de Carbono de la Real Sociedad Espa\u00f1ola de Qu\u00edmica.<\/p>\n<p>Un centenar de cient\u00edficos espa\u00f1oles y extranjeros que trabajan en la qu\u00edmica y la biolog\u00eda de los carbohidratos participar\u00e1n en esta reuni\u00f3n de un \u00abalto nivel cient\u00edfico\u00bb, en la que se expondr\u00e1n los \u00faltimos avances en la investigaci\u00f3n con estas biomol\u00e9culas, con el objetivo final de que, en un futuro, se puedan aplicar a humanos f\u00e1rmacos contra el c\u00e1ncer, ha precisado.<\/p>\n<p>Peregrina ha destacado el alcance de esta reuni\u00f3n, ya que las investigaciones m\u00e1s recientes tratan de estudiar c\u00f3mo los carbohidratos presentes en los glicol\u00edpidos y las glicoprote\u00ednas de las membranas celulares son reconocidas por otras prote\u00ednas externas y pueden desencadenar un proceso de regulaci\u00f3n inmune en enfermedades asociadas al c\u00e1ncer o met\u00e1stasis, entre otras.<\/p>\n<p>\u00abTeniendo en cuenta que el c\u00e1ncer es una de las enfermedades de mayor relevancia en el mundo por su incidencia, prevalencia y mortalidad -ha indicado-, los \u00faltimos avances en el campo de los carbohidratos se han centrado en un tipo de glicoprote\u00ednas -carbohidratos unidos a prote\u00ednas-, denominados mucinas\u00bb.<\/p>\n<p>Estas mucinas est\u00e1n presentes en la mayor parte de las membranas de diferentes c\u00e9lulas epiteliales y los carbohidratos que contienen, ha subrayado, act\u00faan como una especie de \u00abescudo protector\u00bb de la c\u00e9lula.<\/p>\n<p>Cuando este \u00abescudo\u00bb se deteriora por un proceso tumoral son los propios carbohidratos que contienen las mucinas los que act\u00faan como ant\u00edgenos en el organismo y son capaces de generar una respuesta inmune y generar anticuerpos, ha asegurado.<\/p>\n<p>Los cient\u00edficos, al observar las interacciones que provocan estas sustancias, han sido capaces de desarrollar vacunas terap\u00e9uticas contra el c\u00e1ncer, como es el caso del profesor Geert-Jan Boons, de la Universidad de Georgia (Estados Unidos) y Premio Internacional Whistler 2014, quien ser\u00e1 uno de los ponentes del congreso.<\/p>\n<p>Este cient\u00edfico, con el que colabora la UR, ha sintetizado una vacuna contra el c\u00e1ncer, basada en derivados de carbohidratos, que es capaz de reducir el tama\u00f1o de los tumores en ratones, aunque \u00aba\u00fan no se ha extrapolado a humanos\u00bb, ha precisado Peregrina.<\/p>\n<p>Esta investigaci\u00f3n se completa con el reciente desarrollo de una vacuna terap\u00e9utica a cargo de la investigadora de la UR, Nuria Mart\u00ednez, en colaboraci\u00f3n con Boons, y que, seg\u00fan los cient\u00edficos, ha indicado Peregrina, abren una puerta a la esperanza cuando se pueda aplicar en humanos.<\/p>\n<p>Ha defendido que el reto en estas investigaciones es \u00abpoder combatir el c\u00e1ncer, pero es muy dif\u00edcil\u00bb, por lo que se trabaja conjuntamente desde todos los puntos de vista de la ciencia, como la Medicina, la Biolog\u00eda, la Bioqu\u00edmica y la Qu\u00edmica, para avanzar en la lucha contra esta enfermedad y conseguir la mayor eficacia en los tratamientos.<\/p>\n<p>En este contexto, ha destacado tambi\u00e9n las aportaciones en este congreso del profesor James Paulson, del The Scripps Research Institute, de California (EEUU), que es uno de los centros de investigaci\u00f3n m\u00e1s prestigiosos del pa\u00eds.<\/p>\n<p>Entre los ponentes, adem\u00e1s, figuran Anthony Davis, profesor de Qu\u00edmica Supramolecular de la Universidad de Bristol (Reino Unido); y Manuel Mart\u00edn-Lomas, fundador y director del Centro de Investigaci\u00f3n Cooperativa CIC biomaGUNE de San Sebasti\u00e1n, a quien se homenajear\u00e1 por su dilatada trayectoria investigadora en el mundo de los carbohidratos.<\/p>\n<p>Adem\u00e1s de los cuatro conferenciantes plenarios, se ha invitado a diez investigadores emergentes a nivel nacional de las Universidades de Sevilla, Barcelona, Zaragoza, Santiago de Compostela, Pa\u00eds Vasco, San Pablo CEU y Rovira i Virgili, as\u00ed como de centros de investigaci\u00f3n del CSIC de Madrid, Sevilla y CIC biomaGUNE de San Sebasti\u00e1n.<\/p>\n<p>Pilar Mazo<\/p>\n","protected":false},"excerpt":{"rendered":"<p>Logro\u00f1o, 24 may (EFE).- La palabra \u00abcarbohidrato\u00bb -o bien sus sin\u00f3nimos \u00abhidrato de carbono\u00bb, \u00abgl\u00facido\u00bb, \u00abaz\u00facar\u00bb o \u00absac\u00e1rido\u00bb- se asocian com\u00fanmente al mundo de la alimentaci\u00f3n por sus conocidas funciones de almacenamiento y consumo de energ\u00eda. Sin embargo, estas biomol\u00e9culas no solo sirven para \u00abendulzar la vida\u00bb o proporcionar alimento, sino para otras muchas aplicaciones<\/p>\n","protected":false},"author":1,"featured_media":13826,"comment_status":"open","ping_status":"closed","sticky":false,"template":"","format":"standard","meta":{"footnotes":""},"categories":[224],"tags":[],"class_list":{"0":"post-13825","1":"post","2":"type-post","3":"status-publish","4":"format-standard","5":"has-post-thumbnail","7":"category-noticias-actualidad"},"aioseo_notices":[],"aioseo_head":"\n\t\t<!-- All in One SEO Pro 4.9.6.1 - aioseo.com -->\n\t<meta name=\"description\" content=\"Logro\u00f1o, 24 may (EFE).- La palabra &quot;carbohidrato&quot; -o bien sus sin\u00f3nimos &quot;hidrato de carbono&quot;, &quot;gl\u00facido&quot;, &quot;az\u00facar&quot; o &quot;sac\u00e1rido&quot;- se asocian com\u00fanmente al mundo de la alimentaci\u00f3n por sus conocidas funciones de almacenamiento y consumo de energ\u00eda. Sin embargo, estas biomol\u00e9culas no solo sirven para &quot;endulzar la vida&quot; o proporcionar alimento, sino para otras muchas aplicaciones\" \/>\n\t<meta name=\"robots\" content=\"max-image-preview:large\" \/>\n\t<meta name=\"author\" content=\"admin\"\/>\n\t<meta name=\"google-site-verification\" content=\"UA-38556648-1\" \/>\n\t<meta name=\"keywords\" content=\"noticias y actualidad\" \/>\n\t<link rel=\"canonical\" href=\"https:\/\/eldigitaldeasturias.com\/magazine365\/los-carbohidratos-fuente-de-energia-y-antidotos-contra-el-cancer\/\" \/>\n\t<meta name=\"generator\" content=\"All in One SEO Pro (AIOSEO) 4.9.6.1\" \/>\n\t\t<meta property=\"og:locale\" content=\"es_ES\" \/>\n\t\t<meta property=\"og:site_name\" content=\"El Digital de Asturias \u2013 Revista de ocio, turismo y estilo de vida\" \/>\n\t\t<meta property=\"og:type\" content=\"article\" \/>\n\t\t<meta property=\"og:title\" content=\"Los carbohidratos, fuente de energ\u00eda y ant\u00eddotos contra el c\u00e1ncer | El Digital de Asturias\" \/>\n\t\t<meta property=\"og:description\" content=\"Logro\u00f1o, 24 may (EFE).- La palabra &quot;carbohidrato&quot; -o bien sus sin\u00f3nimos &quot;hidrato de carbono&quot;, &quot;gl\u00facido&quot;, &quot;az\u00facar&quot; o &quot;sac\u00e1rido&quot;- se asocian com\u00fanmente al mundo de la alimentaci\u00f3n por sus conocidas funciones de almacenamiento y consumo de energ\u00eda. Sin embargo, estas biomol\u00e9culas no solo sirven para &quot;endulzar la vida&quot; o proporcionar alimento, sino para otras muchas aplicaciones\" \/>\n\t\t<meta property=\"og:url\" content=\"https:\/\/eldigitaldeasturias.com\/magazine365\/los-carbohidratos-fuente-de-energia-y-antidotos-contra-el-cancer\/\" \/>\n\t\t<meta property=\"og:image\" content=\"https:\/\/eldigitaldeasturias.com\/magazine365\/wp-content\/uploads\/2014\/05\/6296439w.jpg\" \/>\n\t\t<meta property=\"og:image:secure_url\" content=\"https:\/\/eldigitaldeasturias.com\/magazine365\/wp-content\/uploads\/2014\/05\/6296439w.jpg\" \/>\n\t\t<meta property=\"og:image:width\" content=\"800\" \/>\n\t\t<meta property=\"og:image:height\" content=\"476\" \/>\n\t\t<meta property=\"article:published_time\" content=\"2014-05-24T15:02:12+00:00\" \/>\n\t\t<meta property=\"article:modified_time\" content=\"2014-05-26T12:41:50+00:00\" \/>\n\t\t<meta name=\"twitter:card\" content=\"summary_large_image\" \/>\n\t\t<meta name=\"twitter:title\" content=\"Los carbohidratos, fuente de energ\u00eda y ant\u00eddotos contra el c\u00e1ncer | El Digital de Asturias\" \/>\n\t\t<meta name=\"twitter:description\" content=\"Logro\u00f1o, 24 may (EFE).- La palabra &quot;carbohidrato&quot; -o bien sus sin\u00f3nimos &quot;hidrato de carbono&quot;, &quot;gl\u00facido&quot;, &quot;az\u00facar&quot; o &quot;sac\u00e1rido&quot;- se asocian com\u00fanmente al mundo de la alimentaci\u00f3n por sus conocidas funciones de almacenamiento y consumo de energ\u00eda. Sin embargo, estas biomol\u00e9culas no solo sirven para &quot;endulzar la vida&quot; o proporcionar alimento, sino para otras muchas aplicaciones\" \/>\n\t\t<meta name=\"twitter:image\" content=\"https:\/\/eldigitaldeasturias.com\/magazine365\/wp-content\/uploads\/2014\/05\/6296439w.jpg\" \/>\n\t\t<script type=\"application\/ld+json\" class=\"aioseo-schema\">\n\t\t\t{\"@context\":\"https:\\\/\\\/schema.org\",\"@graph\":[{\"@type\":\"Article\",\"@id\":\"https:\\\/\\\/eldigitaldeasturias.com\\\/magazine365\\\/los-carbohidratos-fuente-de-energia-y-antidotos-contra-el-cancer\\\/#article\",\"name\":\"Los carbohidratos, fuente de energ\\u00eda y ant\\u00eddotos contra el c\\u00e1ncer | El Digital de Asturias\",\"headline\":\"Los carbohidratos, fuente de energ\\u00eda y ant\\u00eddotos contra el c\\u00e1ncer\",\"author\":{\"@id\":\"https:\\\/\\\/eldigitaldeasturias.com\\\/magazine365\\\/author\\\/admin\\\/#author\"},\"publisher\":{\"@id\":\"https:\\\/\\\/eldigitaldeasturias.com\\\/magazine365\\\/#organization\"},\"image\":{\"@type\":\"ImageObject\",\"url\":\"https:\\\/\\\/eldigitaldeasturias.com\\\/magazine365\\\/wp-content\\\/uploads\\\/2014\\\/05\\\/6296439w.jpg\",\"width\":800,\"height\":476},\"datePublished\":\"2014-05-24T13:02:12+02:00\",\"dateModified\":\"2014-05-26T10:41:50+02:00\",\"inLanguage\":\"es-ES\",\"mainEntityOfPage\":{\"@id\":\"https:\\\/\\\/eldigitaldeasturias.com\\\/magazine365\\\/los-carbohidratos-fuente-de-energia-y-antidotos-contra-el-cancer\\\/#webpage\"},\"isPartOf\":{\"@id\":\"https:\\\/\\\/eldigitaldeasturias.com\\\/magazine365\\\/los-carbohidratos-fuente-de-energia-y-antidotos-contra-el-cancer\\\/#webpage\"},\"articleSection\":\"Noticias y Actualidad\"},{\"@type\":\"BreadcrumbList\",\"@id\":\"https:\\\/\\\/eldigitaldeasturias.com\\\/magazine365\\\/los-carbohidratos-fuente-de-energia-y-antidotos-contra-el-cancer\\\/#breadcrumblist\",\"itemListElement\":[{\"@type\":\"ListItem\",\"@id\":\"https:\\\/\\\/eldigitaldeasturias.com\\\/magazine365#listItem\",\"position\":1,\"name\":\"Home\",\"item\":\"https:\\\/\\\/eldigitaldeasturias.com\\\/magazine365\",\"nextItem\":{\"@type\":\"ListItem\",\"@id\":\"https:\\\/\\\/eldigitaldeasturias.com\\\/magazine365\\\/category\\\/noticias-actualidad\\\/#listItem\",\"name\":\"Noticias y Actualidad\"}},{\"@type\":\"ListItem\",\"@id\":\"https:\\\/\\\/eldigitaldeasturias.com\\\/magazine365\\\/category\\\/noticias-actualidad\\\/#listItem\",\"position\":2,\"name\":\"Noticias y Actualidad\",\"item\":\"https:\\\/\\\/eldigitaldeasturias.com\\\/magazine365\\\/category\\\/noticias-actualidad\\\/\",\"nextItem\":{\"@type\":\"ListItem\",\"@id\":\"https:\\\/\\\/eldigitaldeasturias.com\\\/magazine365\\\/los-carbohidratos-fuente-de-energia-y-antidotos-contra-el-cancer\\\/#listItem\",\"name\":\"Los carbohidratos, fuente de energ\\u00eda y ant\\u00eddotos contra el c\\u00e1ncer\"},\"previousItem\":{\"@type\":\"ListItem\",\"@id\":\"https:\\\/\\\/eldigitaldeasturias.com\\\/magazine365#listItem\",\"name\":\"Home\"}},{\"@type\":\"ListItem\",\"@id\":\"https:\\\/\\\/eldigitaldeasturias.com\\\/magazine365\\\/los-carbohidratos-fuente-de-energia-y-antidotos-contra-el-cancer\\\/#listItem\",\"position\":3,\"name\":\"Los carbohidratos, fuente de energ\\u00eda y ant\\u00eddotos contra el c\\u00e1ncer\",\"previousItem\":{\"@type\":\"ListItem\",\"@id\":\"https:\\\/\\\/eldigitaldeasturias.com\\\/magazine365\\\/category\\\/noticias-actualidad\\\/#listItem\",\"name\":\"Noticias y Actualidad\"}}]},{\"@type\":\"Organization\",\"@id\":\"https:\\\/\\\/eldigitaldeasturias.com\\\/magazine365\\\/#organization\",\"name\":\"El digital de Asturias\",\"description\":\"Revista de ocio, turismo y estilo de vida\",\"url\":\"https:\\\/\\\/eldigitaldeasturias.com\\\/magazine365\\\/\",\"logo\":{\"@type\":\"ImageObject\",\"url\":\"https:\\\/\\\/www.eldigitaldeasturias.com\\\/noticias\\\/wp-content\\\/uploads\\\/2020\\\/12\\\/EDA.jpg\",\"@id\":\"https:\\\/\\\/eldigitaldeasturias.com\\\/magazine365\\\/los-carbohidratos-fuente-de-energia-y-antidotos-contra-el-cancer\\\/#organizationLogo\"},\"image\":{\"@id\":\"https:\\\/\\\/eldigitaldeasturias.com\\\/magazine365\\\/los-carbohidratos-fuente-de-energia-y-antidotos-contra-el-cancer\\\/#organizationLogo\"}},{\"@type\":\"Person\",\"@id\":\"https:\\\/\\\/eldigitaldeasturias.com\\\/magazine365\\\/author\\\/admin\\\/#author\",\"url\":\"https:\\\/\\\/eldigitaldeasturias.com\\\/magazine365\\\/author\\\/admin\\\/\",\"name\":\"admin\",\"image\":{\"@type\":\"ImageObject\",\"@id\":\"https:\\\/\\\/eldigitaldeasturias.com\\\/magazine365\\\/los-carbohidratos-fuente-de-energia-y-antidotos-contra-el-cancer\\\/#authorImage\",\"url\":\"https:\\\/\\\/eldigitaldeasturias.com\\\/magazine365\\\/wp-content\\\/litespeed\\\/avatar\\\/e571bcf59a0edd6fa6838245a470f2fe.jpg?ver=1776969259\",\"width\":96,\"height\":96,\"caption\":\"admin\"}},{\"@type\":\"WebPage\",\"@id\":\"https:\\\/\\\/eldigitaldeasturias.com\\\/magazine365\\\/los-carbohidratos-fuente-de-energia-y-antidotos-contra-el-cancer\\\/#webpage\",\"url\":\"https:\\\/\\\/eldigitaldeasturias.com\\\/magazine365\\\/los-carbohidratos-fuente-de-energia-y-antidotos-contra-el-cancer\\\/\",\"name\":\"Los carbohidratos, fuente de energ\\u00eda y ant\\u00eddotos contra el c\\u00e1ncer | El Digital de Asturias\",\"description\":\"Logro\\u00f1o, 24 may (EFE).- La palabra \\\"carbohidrato\\\" -o bien sus sin\\u00f3nimos \\\"hidrato de carbono\\\", \\\"gl\\u00facido\\\", \\\"az\\u00facar\\\" o \\\"sac\\u00e1rido\\\"- se asocian com\\u00fanmente al mundo de la alimentaci\\u00f3n por sus conocidas funciones de almacenamiento y consumo de energ\\u00eda. Sin embargo, estas biomol\\u00e9culas no solo sirven para \\\"endulzar la vida\\\" o proporcionar alimento, sino para otras muchas aplicaciones\",\"inLanguage\":\"es-ES\",\"isPartOf\":{\"@id\":\"https:\\\/\\\/eldigitaldeasturias.com\\\/magazine365\\\/#website\"},\"breadcrumb\":{\"@id\":\"https:\\\/\\\/eldigitaldeasturias.com\\\/magazine365\\\/los-carbohidratos-fuente-de-energia-y-antidotos-contra-el-cancer\\\/#breadcrumblist\"},\"author\":{\"@id\":\"https:\\\/\\\/eldigitaldeasturias.com\\\/magazine365\\\/author\\\/admin\\\/#author\"},\"creator\":{\"@id\":\"https:\\\/\\\/eldigitaldeasturias.com\\\/magazine365\\\/author\\\/admin\\\/#author\"},\"image\":{\"@type\":\"ImageObject\",\"url\":\"https:\\\/\\\/eldigitaldeasturias.com\\\/magazine365\\\/wp-content\\\/uploads\\\/2014\\\/05\\\/6296439w.jpg\",\"@id\":\"https:\\\/\\\/eldigitaldeasturias.com\\\/magazine365\\\/los-carbohidratos-fuente-de-energia-y-antidotos-contra-el-cancer\\\/#mainImage\",\"width\":800,\"height\":476},\"primaryImageOfPage\":{\"@id\":\"https:\\\/\\\/eldigitaldeasturias.com\\\/magazine365\\\/los-carbohidratos-fuente-de-energia-y-antidotos-contra-el-cancer\\\/#mainImage\"},\"datePublished\":\"2014-05-24T13:02:12+02:00\",\"dateModified\":\"2014-05-26T10:41:50+02:00\"},{\"@type\":\"WebSite\",\"@id\":\"https:\\\/\\\/eldigitaldeasturias.com\\\/magazine365\\\/#website\",\"url\":\"https:\\\/\\\/eldigitaldeasturias.com\\\/magazine365\\\/\",\"name\":\"El Digital de Asturias\",\"description\":\"Revista de ocio, turismo y estilo de vida\",\"inLanguage\":\"es-ES\",\"publisher\":{\"@id\":\"https:\\\/\\\/eldigitaldeasturias.com\\\/magazine365\\\/#organization\"}}]}\n\t\t<\/script>\n\t\t<!-- All in One SEO Pro -->\r\n\t\t<title>Los carbohidratos, fuente de energ\u00eda y ant\u00eddotos contra el c\u00e1ncer | El Digital de Asturias<\/title>\n\n","aioseo_head_json":{"title":"Los carbohidratos, fuente de energ\u00eda y ant\u00eddotos contra el c\u00e1ncer | El Digital de Asturias","description":"Logro\u00f1o, 24 may (EFE).- La palabra \"carbohidrato\" -o bien sus sin\u00f3nimos \"hidrato de carbono\", \"gl\u00facido\", \"az\u00facar\" o \"sac\u00e1rido\"- se asocian com\u00fanmente al mundo de la alimentaci\u00f3n por sus conocidas funciones de almacenamiento y consumo de energ\u00eda. Sin embargo, estas biomol\u00e9culas no solo sirven para \"endulzar la vida\" o proporcionar alimento, sino para otras muchas aplicaciones","canonical_url":"https:\/\/eldigitaldeasturias.com\/magazine365\/los-carbohidratos-fuente-de-energia-y-antidotos-contra-el-cancer\/","robots":"max-image-preview:large","keywords":"noticias y actualidad","webmasterTools":{"google-site-verification":"UA-38556648-1","miscellaneous":""},"schema":{"@context":"https:\/\/schema.org","@graph":[{"@type":"Article","@id":"https:\/\/eldigitaldeasturias.com\/magazine365\/los-carbohidratos-fuente-de-energia-y-antidotos-contra-el-cancer\/#article","name":"Los carbohidratos, fuente de energ\u00eda y ant\u00eddotos contra el c\u00e1ncer | El Digital de Asturias","headline":"Los carbohidratos, fuente de energ\u00eda y ant\u00eddotos contra el c\u00e1ncer","author":{"@id":"https:\/\/eldigitaldeasturias.com\/magazine365\/author\/admin\/#author"},"publisher":{"@id":"https:\/\/eldigitaldeasturias.com\/magazine365\/#organization"},"image":{"@type":"ImageObject","url":"https:\/\/eldigitaldeasturias.com\/magazine365\/wp-content\/uploads\/2014\/05\/6296439w.jpg","width":800,"height":476},"datePublished":"2014-05-24T13:02:12+02:00","dateModified":"2014-05-26T10:41:50+02:00","inLanguage":"es-ES","mainEntityOfPage":{"@id":"https:\/\/eldigitaldeasturias.com\/magazine365\/los-carbohidratos-fuente-de-energia-y-antidotos-contra-el-cancer\/#webpage"},"isPartOf":{"@id":"https:\/\/eldigitaldeasturias.com\/magazine365\/los-carbohidratos-fuente-de-energia-y-antidotos-contra-el-cancer\/#webpage"},"articleSection":"Noticias y Actualidad"},{"@type":"BreadcrumbList","@id":"https:\/\/eldigitaldeasturias.com\/magazine365\/los-carbohidratos-fuente-de-energia-y-antidotos-contra-el-cancer\/#breadcrumblist","itemListElement":[{"@type":"ListItem","@id":"https:\/\/eldigitaldeasturias.com\/magazine365#listItem","position":1,"name":"Home","item":"https:\/\/eldigitaldeasturias.com\/magazine365","nextItem":{"@type":"ListItem","@id":"https:\/\/eldigitaldeasturias.com\/magazine365\/category\/noticias-actualidad\/#listItem","name":"Noticias y Actualidad"}},{"@type":"ListItem","@id":"https:\/\/eldigitaldeasturias.com\/magazine365\/category\/noticias-actualidad\/#listItem","position":2,"name":"Noticias y Actualidad","item":"https:\/\/eldigitaldeasturias.com\/magazine365\/category\/noticias-actualidad\/","nextItem":{"@type":"ListItem","@id":"https:\/\/eldigitaldeasturias.com\/magazine365\/los-carbohidratos-fuente-de-energia-y-antidotos-contra-el-cancer\/#listItem","name":"Los carbohidratos, fuente de energ\u00eda y ant\u00eddotos contra el c\u00e1ncer"},"previousItem":{"@type":"ListItem","@id":"https:\/\/eldigitaldeasturias.com\/magazine365#listItem","name":"Home"}},{"@type":"ListItem","@id":"https:\/\/eldigitaldeasturias.com\/magazine365\/los-carbohidratos-fuente-de-energia-y-antidotos-contra-el-cancer\/#listItem","position":3,"name":"Los carbohidratos, fuente de energ\u00eda y ant\u00eddotos contra el c\u00e1ncer","previousItem":{"@type":"ListItem","@id":"https:\/\/eldigitaldeasturias.com\/magazine365\/category\/noticias-actualidad\/#listItem","name":"Noticias y Actualidad"}}]},{"@type":"Organization","@id":"https:\/\/eldigitaldeasturias.com\/magazine365\/#organization","name":"El digital de Asturias","description":"Revista de ocio, turismo y estilo de vida","url":"https:\/\/eldigitaldeasturias.com\/magazine365\/","logo":{"@type":"ImageObject","url":"https:\/\/www.eldigitaldeasturias.com\/noticias\/wp-content\/uploads\/2020\/12\/EDA.jpg","@id":"https:\/\/eldigitaldeasturias.com\/magazine365\/los-carbohidratos-fuente-de-energia-y-antidotos-contra-el-cancer\/#organizationLogo"},"image":{"@id":"https:\/\/eldigitaldeasturias.com\/magazine365\/los-carbohidratos-fuente-de-energia-y-antidotos-contra-el-cancer\/#organizationLogo"}},{"@type":"Person","@id":"https:\/\/eldigitaldeasturias.com\/magazine365\/author\/admin\/#author","url":"https:\/\/eldigitaldeasturias.com\/magazine365\/author\/admin\/","name":"admin","image":{"@type":"ImageObject","@id":"https:\/\/eldigitaldeasturias.com\/magazine365\/los-carbohidratos-fuente-de-energia-y-antidotos-contra-el-cancer\/#authorImage","url":"https:\/\/eldigitaldeasturias.com\/magazine365\/wp-content\/litespeed\/avatar\/e571bcf59a0edd6fa6838245a470f2fe.jpg?ver=1776969259","width":96,"height":96,"caption":"admin"}},{"@type":"WebPage","@id":"https:\/\/eldigitaldeasturias.com\/magazine365\/los-carbohidratos-fuente-de-energia-y-antidotos-contra-el-cancer\/#webpage","url":"https:\/\/eldigitaldeasturias.com\/magazine365\/los-carbohidratos-fuente-de-energia-y-antidotos-contra-el-cancer\/","name":"Los carbohidratos, fuente de energ\u00eda y ant\u00eddotos contra el c\u00e1ncer | El Digital de Asturias","description":"Logro\u00f1o, 24 may (EFE).- La palabra \"carbohidrato\" -o bien sus sin\u00f3nimos \"hidrato de carbono\", \"gl\u00facido\", \"az\u00facar\" o \"sac\u00e1rido\"- se asocian com\u00fanmente al mundo de la alimentaci\u00f3n por sus conocidas funciones de almacenamiento y consumo de energ\u00eda. Sin embargo, estas biomol\u00e9culas no solo sirven para \"endulzar la vida\" o proporcionar alimento, sino para otras muchas aplicaciones","inLanguage":"es-ES","isPartOf":{"@id":"https:\/\/eldigitaldeasturias.com\/magazine365\/#website"},"breadcrumb":{"@id":"https:\/\/eldigitaldeasturias.com\/magazine365\/los-carbohidratos-fuente-de-energia-y-antidotos-contra-el-cancer\/#breadcrumblist"},"author":{"@id":"https:\/\/eldigitaldeasturias.com\/magazine365\/author\/admin\/#author"},"creator":{"@id":"https:\/\/eldigitaldeasturias.com\/magazine365\/author\/admin\/#author"},"image":{"@type":"ImageObject","url":"https:\/\/eldigitaldeasturias.com\/magazine365\/wp-content\/uploads\/2014\/05\/6296439w.jpg","@id":"https:\/\/eldigitaldeasturias.com\/magazine365\/los-carbohidratos-fuente-de-energia-y-antidotos-contra-el-cancer\/#mainImage","width":800,"height":476},"primaryImageOfPage":{"@id":"https:\/\/eldigitaldeasturias.com\/magazine365\/los-carbohidratos-fuente-de-energia-y-antidotos-contra-el-cancer\/#mainImage"},"datePublished":"2014-05-24T13:02:12+02:00","dateModified":"2014-05-26T10:41:50+02:00"},{"@type":"WebSite","@id":"https:\/\/eldigitaldeasturias.com\/magazine365\/#website","url":"https:\/\/eldigitaldeasturias.com\/magazine365\/","name":"El Digital de Asturias","description":"Revista de ocio, turismo y estilo de vida","inLanguage":"es-ES","publisher":{"@id":"https:\/\/eldigitaldeasturias.com\/magazine365\/#organization"}}]},"og:locale":"es_ES","og:site_name":"El Digital de Asturias \u2013 Revista de ocio, turismo y estilo de vida","og:type":"article","og:title":"Los carbohidratos, fuente de energ\u00eda y ant\u00eddotos contra el c\u00e1ncer | El Digital de Asturias","og:description":"Logro\u00f1o, 24 may (EFE).- La palabra &quot;carbohidrato&quot; -o bien sus sin\u00f3nimos &quot;hidrato de carbono&quot;, &quot;gl\u00facido&quot;, &quot;az\u00facar&quot; o &quot;sac\u00e1rido&quot;- se asocian com\u00fanmente al mundo de la alimentaci\u00f3n por sus conocidas funciones de almacenamiento y consumo de energ\u00eda. Sin embargo, estas biomol\u00e9culas no solo sirven para &quot;endulzar la vida&quot; o proporcionar alimento, sino para otras muchas aplicaciones","og:url":"https:\/\/eldigitaldeasturias.com\/magazine365\/los-carbohidratos-fuente-de-energia-y-antidotos-contra-el-cancer\/","og:image":"https:\/\/eldigitaldeasturias.com\/magazine365\/wp-content\/uploads\/2014\/05\/6296439w.jpg","og:image:secure_url":"https:\/\/eldigitaldeasturias.com\/magazine365\/wp-content\/uploads\/2014\/05\/6296439w.jpg","og:image:width":800,"og:image:height":476,"article:published_time":"2014-05-24T15:02:12+00:00","article:modified_time":"2014-05-26T12:41:50+00:00","twitter:card":"summary_large_image","twitter:title":"Los carbohidratos, fuente de energ\u00eda y ant\u00eddotos contra el c\u00e1ncer | El Digital de Asturias","twitter:description":"Logro\u00f1o, 24 may (EFE).- La palabra &quot;carbohidrato&quot; -o bien sus sin\u00f3nimos &quot;hidrato de carbono&quot;, &quot;gl\u00facido&quot;, &quot;az\u00facar&quot; o &quot;sac\u00e1rido&quot;- se asocian com\u00fanmente al mundo de la alimentaci\u00f3n por sus conocidas funciones de almacenamiento y consumo de energ\u00eda. Sin embargo, estas biomol\u00e9culas no solo sirven para &quot;endulzar la vida&quot; o proporcionar alimento, sino para otras muchas aplicaciones","twitter:image":"https:\/\/eldigitaldeasturias.com\/magazine365\/wp-content\/uploads\/2014\/05\/6296439w.jpg"},"aioseo_meta_data":{"post_id":"13825","title":null,"description":null,"keywords":null,"keyphrases":null,"primary_term":null,"canonical_url":null,"og_title":null,"og_description":null,"og_object_type":"default","og_image_type":"default","og_image_url":null,"og_image_width":null,"og_image_height":null,"og_image_custom_url":null,"og_image_custom_fields":null,"og_video":null,"og_custom_url":null,"og_article_section":null,"og_article_tags":null,"twitter_use_og":false,"twitter_card":"default","twitter_image_type":"default","twitter_image_url":null,"twitter_image_custom_url":null,"twitter_image_custom_fields":null,"twitter_title":null,"twitter_description":null,"schema":{"blockGraphs":[],"customGraphs":[],"default":{"data":{"Article":[],"Course":[],"Dataset":[],"FAQPage":[],"Movie":[],"Person":[],"Product":[],"ProductReview":[],"Car":[],"Recipe":[],"Service":[],"SoftwareApplication":[],"WebPage":[]},"graphName":"","isEnabled":true},"graphs":[]},"schema_type":null,"schema_type_options":null,"pillar_content":false,"robots_default":true,"robots_noindex":false,"robots_noarchive":false,"robots_nosnippet":false,"robots_nofollow":false,"robots_noimageindex":false,"robots_noodp":false,"robots_notranslate":false,"robots_max_snippet":null,"robots_max_videopreview":null,"robots_max_imagepreview":"large","priority":null,"frequency":null,"location":null,"local_seo":null,"seo_analyzer_scan_date":"2025-09-17 09:02:59","breadcrumb_settings":null,"limit_modified_date":false,"open_ai":null,"ai":null,"created":"2021-03-09 08:23:49","updated":"2025-09-17 09:02:59"},"aioseo_breadcrumb":"<div class=\"aioseo-breadcrumbs\"><span class=\"aioseo-breadcrumb\">\n\t<a href=\"https:\/\/eldigitaldeasturias.com\/magazine365\" title=\"Home\">Home<\/a>\n<\/span><span class=\"aioseo-breadcrumb-separator\">\u2013<\/span><span class=\"aioseo-breadcrumb\">\n\t<a href=\"https:\/\/eldigitaldeasturias.com\/magazine365\/category\/noticias-actualidad\/\" title=\"Noticias y Actualidad\">Noticias y Actualidad<\/a>\n<\/span><span class=\"aioseo-breadcrumb-separator\">\u2013<\/span><span class=\"aioseo-breadcrumb\">\n\t<a href=\"https:\/\/eldigitaldeasturias.com\/magazine365\/los-carbohidratos-fuente-de-energia-y-antidotos-contra-el-cancer\/\" title=\"Los carbohidratos, fuente de energ\u00eda y ant\u00eddotos contra el c\u00e1ncer\">Los carbohidratos, fuente de energ\u00eda y ant\u00eddotos contra el c\u00e1ncer<\/a>\n<\/span><\/div>","aioseo_breadcrumb_json":[{"label":"Home","link":"https:\/\/eldigitaldeasturias.com\/magazine365"},{"label":"Noticias y Actualidad","link":"https:\/\/eldigitaldeasturias.com\/magazine365\/category\/noticias-actualidad\/"},{"label":"Los carbohidratos, fuente de energ\u00eda y ant\u00eddotos contra el c\u00e1ncer","link":"https:\/\/eldigitaldeasturias.com\/magazine365\/los-carbohidratos-fuente-de-energia-y-antidotos-contra-el-cancer\/"}],"_links":{"self":[{"href":"https:\/\/eldigitaldeasturias.com\/magazine365\/wp-json\/wp\/v2\/posts\/13825","targetHints":{"allow":["GET"]}}],"collection":[{"href":"https:\/\/eldigitaldeasturias.com\/magazine365\/wp-json\/wp\/v2\/posts"}],"about":[{"href":"https:\/\/eldigitaldeasturias.com\/magazine365\/wp-json\/wp\/v2\/types\/post"}],"author":[{"embeddable":true,"href":"https:\/\/eldigitaldeasturias.com\/magazine365\/wp-json\/wp\/v2\/users\/1"}],"replies":[{"embeddable":true,"href":"https:\/\/eldigitaldeasturias.com\/magazine365\/wp-json\/wp\/v2\/comments?post=13825"}],"version-history":[{"count":0,"href":"https:\/\/eldigitaldeasturias.com\/magazine365\/wp-json\/wp\/v2\/posts\/13825\/revisions"}],"wp:featuredmedia":[{"embeddable":true,"href":"https:\/\/eldigitaldeasturias.com\/magazine365\/wp-json\/wp\/v2\/media\/13826"}],"wp:attachment":[{"href":"https:\/\/eldigitaldeasturias.com\/magazine365\/wp-json\/wp\/v2\/media?parent=13825"}],"wp:term":[{"taxonomy":"category","embeddable":true,"href":"https:\/\/eldigitaldeasturias.com\/magazine365\/wp-json\/wp\/v2\/categories?post=13825"},{"taxonomy":"post_tag","embeddable":true,"href":"https:\/\/eldigitaldeasturias.com\/magazine365\/wp-json\/wp\/v2\/tags?post=13825"}],"curies":[{"name":"wp","href":"https:\/\/api.w.org\/{rel}","templated":true}]}}