{"id":13807,"date":"2014-05-24T12:53:35","date_gmt":"2014-05-24T14:53:35","guid":{"rendered":"http:\/\/eldigitaldeasturias.com\/magazine365\/?p=13807"},"modified":"2014-05-24T12:53:35","modified_gmt":"2014-05-24T14:53:35","slug":"sabina-serrat-y-alejandro-sanz-llevan-a-dani-martin-a-las-ligas-mayores","status":"publish","type":"post","link":"https:\/\/eldigitaldeasturias.com\/magazine365\/sabina-serrat-y-alejandro-sanz-llevan-a-dani-martin-a-las-ligas-mayores\/","title":{"rendered":"Sabina, Serrat y Alejandro Sanz llevan a Dani Mart\u00edn a las ligas mayores"},"content":{"rendered":"<p><img fetchpriority=\"high\" decoding=\"async\" class=\"alignleft size-medium wp-image-13808\" alt=\"6295829w\" src=\"https:\/\/eldigitaldeasturias.com\/magazine365\/wp-content\/uploads\/2014\/05\/6295829w-360x238.jpg\" width=\"360\" height=\"238\" \/>(EFE).- No hubo declaraciones de amor en el segundo concierto en Madrid de Dani Mart\u00edn, al menos no de las que interesan al papel couch\u00e9, sino de las que lo consolidan a uno art\u00edsticamente frente a las cr\u00edticas, porque vienen firmadas nada menos que por Joaqu\u00edn Sabina, Joan Manuel Serrat y Alejandro Sanz.<\/p>\n<p>\u00abEsto es un sue\u00f1o\u00bb, ha dicho el ex vocalista de El Canto del Loco, que adem\u00e1s ha recibido la visita de Leiva, Hombres G y el argentino Axel y que ha grabado toda la velada con la vista puesta en un futurible DVD para recordar una noche en la que, usando el t\u00edtulo de uno de sus temas, pas\u00f3 de \u00abCero\u00bb a cien.<\/p>\n<p>Ha sido en el Palacio de los Deportes, ante el aforo completo, es decir, unas 16.000 personas (y m\u00e1s hombres de los que se pudiera pensar en principio), que se han desga\u00f1itado por un m\u00fasico que en el a\u00f1o 2000 se col\u00f3 en esta profesi\u00f3n desde la interpretaci\u00f3n, con lo que parec\u00eda una afici\u00f3n complementaria, y cuyo segundo \u00e1lbum en solitario, de t\u00edtulo hom\u00f3nimo, fue de los m\u00e1s vendidos de 2013.<\/p>\n<p>\u00abUn aplauso para los cr\u00edticos, que les vendr\u00e1 bien\u00bb, ha dicho el cantante en tono ir\u00f3nico en un momento de su concierto, demasiado consciente del escepticismo que a\u00fan despierta fuera de su c\u00edrculo y de que, como se\u00f1al\u00f3 a Efe en su momento, es un artista pop, no \u00abese cantante de rock con una credibilidad acojonante\u00bb, como le habr\u00eda gustado.<\/p>\n<p>Lo que no admite dudas es que a su gente les ofrece un espect\u00e1culo muy generoso en medios, con ocho m\u00fasicos en el escenario, entre ellos un tr\u00edo de viento que da alas a muchas partes del show, y tambi\u00e9n en duraci\u00f3n.<\/p>\n<p>M\u00e1s de dos horas y media ha pasado sobre las tablas sin apenas descanso, sudando la gota gorda para repasar \u00e9xitos de los tiempos de ECDL con los que a\u00fan se identifica (nada de \u00abZapatillas\u00bb ni \u00abLa madre de Jos\u00e9\u00bb, pero s\u00ed \u00abContigo\u00bb y \u00abVolver\u00e1s\u00bb, por citar unos pocos).<\/p>\n<p>No ha roto del todo con aquellos tiempos, con su tosco gesto de chulo de barrio y temas pretendidamente m\u00e1s gamberros que, por otra parte, a\u00f1aden velocidad al repertorio mientras avanza hacia un tipo de canci\u00f3n m\u00e1s mel\u00f3dica, como demuestra en su sentida interpretaci\u00f3n de \u00abMi lamento\u00bb o la misma \u00abCero\u00bb.<\/p>\n<p>Con este tipo de cortes m\u00e1s recientes ha empezado la velada, en concreto con \u00abEmocional\u00bb, \u00abUn mill\u00f3n de luces\u00bb, \u00abMi teatro\u00bb y \u00abEres\u00bb, en un primer bloque marcado por baladas efusivas y cat\u00e1rticas, disfrazadas bajo los punteos de guitarra, a las que tanto gusto est\u00e1 cogiendo, y que ha alternado con cosas menos densas, como \u00abCaramelos\u00bb o \u00abEres tonto\u00bb.<\/p>\n<p>Les han seguido \u00abCaminar\u00bb, una bonita versi\u00f3n a d\u00fao con su corista de \u00abContigo\u00bb y una sencilla pero emocionante interpretaci\u00f3n solo a piano y voz de \u00abMi lamento\u00bb, que compuso en recuerdo de su hermana, fallecida prematuramente.<\/p>\n<p>\u00abOs estamos grabando a todos, espero que os hay\u00e1is peinado, porque deseo que os vean en el mundo entero. \u00a1Desde ahora vamos a sacar el coraz\u00f3n madrile\u00f1o!\u00bb, ha gritado Mart\u00edn a sus paisanos, antes de dar entrada al primero de los invitados, el argentino Axel, quien le ha acompa\u00f1ado en \u00abGretel\u00bb.<\/p>\n<p>No ha sido el \u00fanico. Entre gritos ha aparecido el roquero Leiva, tocado con su sombrero a lo Keith Richards, para interpretar juntos uno de sus temas, \u00abTerriblemente cruel\u00bb, y otro del anfitri\u00f3n, \u00abPeter Pan\u00bb.<\/p>\n<p>Tambi\u00e9n a escena han salido Hombres G, fuente de inspiraci\u00f3n imprescindible en sus primeros tiempos, para entonar \u00abLo noto\u00bb e \u00abInsoportable\u00bb.<\/p>\n<p>Entre medias, ha dedicado a su primo David Otero \u00abEl Pescao\u00bb la canci\u00f3n \u00abTal como eres\u00bb y se ha burlado de las cr\u00edticas de los periodistas en \u00abEstrella de rock\u00bb, eso s\u00ed, sin evitar \u00e9l mismo la pose, con la chaqueta de cuero remangada y mostrando los tatuaje de su antebrazo.<\/p>\n<p>Las mayores sorpresas estaban por llegar, primero, con la aparici\u00f3n de Joaqu\u00edn Sabina, su otro gran referente, para cantar el tema que comparten en el \u00faltimo disco de Mart\u00edn, \u00abPor las venas\u00bb, y, despu\u00e9s, con Joan Manuel Serrat, acometiendo los tres la actuaci\u00f3n antol\u00f3gica de la noche bajo los acordes del m\u00edtico \u00abContigo\u00bb y su arranque: \u00abYo no quiero un amor civilizado&#8230;\u00bb.<\/p>\n<p>El m\u00fasico a\u00fan se guardaba otra baza en la chaqueta de cuero, la participaci\u00f3n de Alejandro Sanz en medio del estupor general para versionar \u00abQu\u00e9 bonita la vida\u00bb.<\/p>\n<p>\u00abHace 5 a\u00f1os nunca me habr\u00eda imaginado que me podr\u00eda pasar esto otra vez, de coraz\u00f3n, muchas gracias a todos, a mis padres, a mis m\u00fasicos y a todos ustedes por comprar una entrada para venir a ver a este imb\u00e9cil. \u00a1For\u00e7a Atleti!\u00bb, ha dicho este \u00abcolchonero\u00bb que, pase lo que pase ma\u00f1ana en la final de la Liga de Campeones, esta noche ya ha ganado.<\/p>\n<p>Javier Herrero<\/p>\n","protected":false},"excerpt":{"rendered":"<p>(EFE).- No hubo declaraciones de amor en el segundo concierto en Madrid de Dani Mart\u00edn, al menos no de las que interesan al papel couch\u00e9, sino de las que lo consolidan a uno art\u00edsticamente frente a las cr\u00edticas, porque vienen firmadas nada menos que por Joaqu\u00edn Sabina, Joan Manuel Serrat y Alejandro Sanz. \u00abEsto es<\/p>\n","protected":false},"author":1,"featured_media":13808,"comment_status":"open","ping_status":"closed","sticky":false,"template":"","format":"standard","meta":{"footnotes":""},"categories":[224],"tags":[],"class_list":{"0":"post-13807","1":"post","2":"type-post","3":"status-publish","4":"format-standard","5":"has-post-thumbnail","7":"category-noticias-actualidad"},"aioseo_notices":[],"aioseo_head":"\n\t\t<!-- All in One SEO Pro 4.9.6.1 - aioseo.com -->\n\t<meta name=\"description\" content=\"(EFE).- No hubo declaraciones de amor en el segundo concierto en Madrid de Dani Mart\u00edn, al menos no de las que interesan al papel couch\u00e9, sino de las que lo consolidan a uno art\u00edsticamente frente a las cr\u00edticas, porque vienen firmadas nada menos que por Joaqu\u00edn Sabina, Joan Manuel Serrat y Alejandro Sanz. &quot;Esto es\" \/>\n\t<meta name=\"robots\" content=\"max-image-preview:large\" \/>\n\t<meta name=\"author\" content=\"admin\"\/>\n\t<meta name=\"google-site-verification\" content=\"UA-38556648-1\" \/>\n\t<meta name=\"keywords\" content=\"noticias y actualidad\" \/>\n\t<link rel=\"canonical\" href=\"https:\/\/eldigitaldeasturias.com\/magazine365\/sabina-serrat-y-alejandro-sanz-llevan-a-dani-martin-a-las-ligas-mayores\/\" \/>\n\t<meta name=\"generator\" content=\"All in One SEO Pro (AIOSEO) 4.9.6.1\" \/>\n\t\t<meta property=\"og:locale\" content=\"es_ES\" \/>\n\t\t<meta property=\"og:site_name\" content=\"El Digital de Asturias \u2013 Revista de ocio, turismo y estilo de vida\" \/>\n\t\t<meta property=\"og:type\" content=\"article\" \/>\n\t\t<meta property=\"og:title\" content=\"Sabina, Serrat y Alejandro Sanz llevan a Dani Mart\u00edn a las ligas mayores | El Digital de Asturias\" \/>\n\t\t<meta property=\"og:description\" content=\"(EFE).- No hubo declaraciones de amor en el segundo concierto en Madrid de Dani Mart\u00edn, al menos no de las que interesan al papel couch\u00e9, sino de las que lo consolidan a uno art\u00edsticamente frente a las cr\u00edticas, porque vienen firmadas nada menos que por Joaqu\u00edn Sabina, Joan Manuel Serrat y Alejandro Sanz. &quot;Esto es\" \/>\n\t\t<meta property=\"og:url\" content=\"https:\/\/eldigitaldeasturias.com\/magazine365\/sabina-serrat-y-alejandro-sanz-llevan-a-dani-martin-a-las-ligas-mayores\/\" \/>\n\t\t<meta property=\"og:image\" content=\"https:\/\/eldigitaldeasturias.com\/magazine365\/wp-content\/uploads\/2014\/05\/6295829w.jpg\" \/>\n\t\t<meta property=\"og:image:secure_url\" content=\"https:\/\/eldigitaldeasturias.com\/magazine365\/wp-content\/uploads\/2014\/05\/6295829w.jpg\" \/>\n\t\t<meta property=\"og:image:width\" content=\"800\" \/>\n\t\t<meta property=\"og:image:height\" content=\"530\" \/>\n\t\t<meta property=\"article:published_time\" content=\"2014-05-24T14:53:35+00:00\" \/>\n\t\t<meta property=\"article:modified_time\" content=\"2014-05-24T14:53:35+00:00\" \/>\n\t\t<meta name=\"twitter:card\" content=\"summary_large_image\" \/>\n\t\t<meta name=\"twitter:title\" content=\"Sabina, Serrat y Alejandro Sanz llevan a Dani Mart\u00edn a las ligas mayores | El Digital de Asturias\" \/>\n\t\t<meta name=\"twitter:description\" content=\"(EFE).- No hubo declaraciones de amor en el segundo concierto en Madrid de Dani Mart\u00edn, al menos no de las que interesan al papel couch\u00e9, sino de las que lo consolidan a uno art\u00edsticamente frente a las cr\u00edticas, porque vienen firmadas nada menos que por Joaqu\u00edn Sabina, Joan Manuel Serrat y Alejandro Sanz. &quot;Esto es\" \/>\n\t\t<meta name=\"twitter:image\" content=\"https:\/\/eldigitaldeasturias.com\/magazine365\/wp-content\/uploads\/2014\/05\/6295829w.jpg\" \/>\n\t\t<script type=\"application\/ld+json\" class=\"aioseo-schema\">\n\t\t\t{\"@context\":\"https:\\\/\\\/schema.org\",\"@graph\":[{\"@type\":\"Article\",\"@id\":\"https:\\\/\\\/eldigitaldeasturias.com\\\/magazine365\\\/sabina-serrat-y-alejandro-sanz-llevan-a-dani-martin-a-las-ligas-mayores\\\/#article\",\"name\":\"Sabina, Serrat y Alejandro Sanz llevan a Dani Mart\\u00edn a las ligas mayores | El Digital de Asturias\",\"headline\":\"Sabina, Serrat y Alejandro Sanz llevan a Dani Mart\\u00edn a las ligas mayores\",\"author\":{\"@id\":\"https:\\\/\\\/eldigitaldeasturias.com\\\/magazine365\\\/author\\\/admin\\\/#author\"},\"publisher\":{\"@id\":\"https:\\\/\\\/eldigitaldeasturias.com\\\/magazine365\\\/#organization\"},\"image\":{\"@type\":\"ImageObject\",\"url\":\"https:\\\/\\\/eldigitaldeasturias.com\\\/magazine365\\\/wp-content\\\/uploads\\\/2014\\\/05\\\/6295829w.jpg\",\"width\":800,\"height\":530},\"datePublished\":\"2014-05-24T12:53:35+02:00\",\"dateModified\":\"2014-05-24T12:53:35+02:00\",\"inLanguage\":\"es-ES\",\"mainEntityOfPage\":{\"@id\":\"https:\\\/\\\/eldigitaldeasturias.com\\\/magazine365\\\/sabina-serrat-y-alejandro-sanz-llevan-a-dani-martin-a-las-ligas-mayores\\\/#webpage\"},\"isPartOf\":{\"@id\":\"https:\\\/\\\/eldigitaldeasturias.com\\\/magazine365\\\/sabina-serrat-y-alejandro-sanz-llevan-a-dani-martin-a-las-ligas-mayores\\\/#webpage\"},\"articleSection\":\"Noticias y Actualidad\"},{\"@type\":\"BreadcrumbList\",\"@id\":\"https:\\\/\\\/eldigitaldeasturias.com\\\/magazine365\\\/sabina-serrat-y-alejandro-sanz-llevan-a-dani-martin-a-las-ligas-mayores\\\/#breadcrumblist\",\"itemListElement\":[{\"@type\":\"ListItem\",\"@id\":\"https:\\\/\\\/eldigitaldeasturias.com\\\/magazine365#listItem\",\"position\":1,\"name\":\"Home\",\"item\":\"https:\\\/\\\/eldigitaldeasturias.com\\\/magazine365\",\"nextItem\":{\"@type\":\"ListItem\",\"@id\":\"https:\\\/\\\/eldigitaldeasturias.com\\\/magazine365\\\/category\\\/noticias-actualidad\\\/#listItem\",\"name\":\"Noticias y Actualidad\"}},{\"@type\":\"ListItem\",\"@id\":\"https:\\\/\\\/eldigitaldeasturias.com\\\/magazine365\\\/category\\\/noticias-actualidad\\\/#listItem\",\"position\":2,\"name\":\"Noticias y Actualidad\",\"item\":\"https:\\\/\\\/eldigitaldeasturias.com\\\/magazine365\\\/category\\\/noticias-actualidad\\\/\",\"nextItem\":{\"@type\":\"ListItem\",\"@id\":\"https:\\\/\\\/eldigitaldeasturias.com\\\/magazine365\\\/sabina-serrat-y-alejandro-sanz-llevan-a-dani-martin-a-las-ligas-mayores\\\/#listItem\",\"name\":\"Sabina, Serrat y Alejandro Sanz llevan a Dani Mart\\u00edn a las ligas mayores\"},\"previousItem\":{\"@type\":\"ListItem\",\"@id\":\"https:\\\/\\\/eldigitaldeasturias.com\\\/magazine365#listItem\",\"name\":\"Home\"}},{\"@type\":\"ListItem\",\"@id\":\"https:\\\/\\\/eldigitaldeasturias.com\\\/magazine365\\\/sabina-serrat-y-alejandro-sanz-llevan-a-dani-martin-a-las-ligas-mayores\\\/#listItem\",\"position\":3,\"name\":\"Sabina, Serrat y Alejandro Sanz llevan a Dani Mart\\u00edn a las ligas mayores\",\"previousItem\":{\"@type\":\"ListItem\",\"@id\":\"https:\\\/\\\/eldigitaldeasturias.com\\\/magazine365\\\/category\\\/noticias-actualidad\\\/#listItem\",\"name\":\"Noticias y Actualidad\"}}]},{\"@type\":\"Organization\",\"@id\":\"https:\\\/\\\/eldigitaldeasturias.com\\\/magazine365\\\/#organization\",\"name\":\"El digital de Asturias\",\"description\":\"Revista de ocio, turismo y estilo de vida\",\"url\":\"https:\\\/\\\/eldigitaldeasturias.com\\\/magazine365\\\/\",\"logo\":{\"@type\":\"ImageObject\",\"url\":\"https:\\\/\\\/www.eldigitaldeasturias.com\\\/noticias\\\/wp-content\\\/uploads\\\/2020\\\/12\\\/EDA.jpg\",\"@id\":\"https:\\\/\\\/eldigitaldeasturias.com\\\/magazine365\\\/sabina-serrat-y-alejandro-sanz-llevan-a-dani-martin-a-las-ligas-mayores\\\/#organizationLogo\"},\"image\":{\"@id\":\"https:\\\/\\\/eldigitaldeasturias.com\\\/magazine365\\\/sabina-serrat-y-alejandro-sanz-llevan-a-dani-martin-a-las-ligas-mayores\\\/#organizationLogo\"}},{\"@type\":\"Person\",\"@id\":\"https:\\\/\\\/eldigitaldeasturias.com\\\/magazine365\\\/author\\\/admin\\\/#author\",\"url\":\"https:\\\/\\\/eldigitaldeasturias.com\\\/magazine365\\\/author\\\/admin\\\/\",\"name\":\"admin\",\"image\":{\"@type\":\"ImageObject\",\"@id\":\"https:\\\/\\\/eldigitaldeasturias.com\\\/magazine365\\\/sabina-serrat-y-alejandro-sanz-llevan-a-dani-martin-a-las-ligas-mayores\\\/#authorImage\",\"url\":\"https:\\\/\\\/eldigitaldeasturias.com\\\/magazine365\\\/wp-content\\\/litespeed\\\/avatar\\\/e571bcf59a0edd6fa6838245a470f2fe.jpg?ver=1776969259\",\"width\":96,\"height\":96,\"caption\":\"admin\"}},{\"@type\":\"WebPage\",\"@id\":\"https:\\\/\\\/eldigitaldeasturias.com\\\/magazine365\\\/sabina-serrat-y-alejandro-sanz-llevan-a-dani-martin-a-las-ligas-mayores\\\/#webpage\",\"url\":\"https:\\\/\\\/eldigitaldeasturias.com\\\/magazine365\\\/sabina-serrat-y-alejandro-sanz-llevan-a-dani-martin-a-las-ligas-mayores\\\/\",\"name\":\"Sabina, Serrat y Alejandro Sanz llevan a Dani Mart\\u00edn a las ligas mayores | El Digital de Asturias\",\"description\":\"(EFE).- No hubo declaraciones de amor en el segundo concierto en Madrid de Dani Mart\\u00edn, al menos no de las que interesan al papel couch\\u00e9, sino de las que lo consolidan a uno art\\u00edsticamente frente a las cr\\u00edticas, porque vienen firmadas nada menos que por Joaqu\\u00edn Sabina, Joan Manuel Serrat y Alejandro Sanz. \\\"Esto es\",\"inLanguage\":\"es-ES\",\"isPartOf\":{\"@id\":\"https:\\\/\\\/eldigitaldeasturias.com\\\/magazine365\\\/#website\"},\"breadcrumb\":{\"@id\":\"https:\\\/\\\/eldigitaldeasturias.com\\\/magazine365\\\/sabina-serrat-y-alejandro-sanz-llevan-a-dani-martin-a-las-ligas-mayores\\\/#breadcrumblist\"},\"author\":{\"@id\":\"https:\\\/\\\/eldigitaldeasturias.com\\\/magazine365\\\/author\\\/admin\\\/#author\"},\"creator\":{\"@id\":\"https:\\\/\\\/eldigitaldeasturias.com\\\/magazine365\\\/author\\\/admin\\\/#author\"},\"image\":{\"@type\":\"ImageObject\",\"url\":\"https:\\\/\\\/eldigitaldeasturias.com\\\/magazine365\\\/wp-content\\\/uploads\\\/2014\\\/05\\\/6295829w.jpg\",\"@id\":\"https:\\\/\\\/eldigitaldeasturias.com\\\/magazine365\\\/sabina-serrat-y-alejandro-sanz-llevan-a-dani-martin-a-las-ligas-mayores\\\/#mainImage\",\"width\":800,\"height\":530},\"primaryImageOfPage\":{\"@id\":\"https:\\\/\\\/eldigitaldeasturias.com\\\/magazine365\\\/sabina-serrat-y-alejandro-sanz-llevan-a-dani-martin-a-las-ligas-mayores\\\/#mainImage\"},\"datePublished\":\"2014-05-24T12:53:35+02:00\",\"dateModified\":\"2014-05-24T12:53:35+02:00\"},{\"@type\":\"WebSite\",\"@id\":\"https:\\\/\\\/eldigitaldeasturias.com\\\/magazine365\\\/#website\",\"url\":\"https:\\\/\\\/eldigitaldeasturias.com\\\/magazine365\\\/\",\"name\":\"El Digital de Asturias\",\"description\":\"Revista de ocio, turismo y estilo de vida\",\"inLanguage\":\"es-ES\",\"publisher\":{\"@id\":\"https:\\\/\\\/eldigitaldeasturias.com\\\/magazine365\\\/#organization\"}}]}\n\t\t<\/script>\n\t\t<!-- All in One SEO Pro -->\r\n\t\t<title>Sabina, Serrat y Alejandro Sanz llevan a Dani Mart\u00edn a las ligas mayores | El Digital de Asturias<\/title>\n\n","aioseo_head_json":{"title":"Sabina, Serrat y Alejandro Sanz llevan a Dani Mart\u00edn a las ligas mayores | El Digital de Asturias","description":"(EFE).- No hubo declaraciones de amor en el segundo concierto en Madrid de Dani Mart\u00edn, al menos no de las que interesan al papel couch\u00e9, sino de las que lo consolidan a uno art\u00edsticamente frente a las cr\u00edticas, porque vienen firmadas nada menos que por Joaqu\u00edn Sabina, Joan Manuel Serrat y Alejandro Sanz. \"Esto es","canonical_url":"https:\/\/eldigitaldeasturias.com\/magazine365\/sabina-serrat-y-alejandro-sanz-llevan-a-dani-martin-a-las-ligas-mayores\/","robots":"max-image-preview:large","keywords":"noticias y actualidad","webmasterTools":{"google-site-verification":"UA-38556648-1","miscellaneous":""},"schema":{"@context":"https:\/\/schema.org","@graph":[{"@type":"Article","@id":"https:\/\/eldigitaldeasturias.com\/magazine365\/sabina-serrat-y-alejandro-sanz-llevan-a-dani-martin-a-las-ligas-mayores\/#article","name":"Sabina, Serrat y Alejandro Sanz llevan a Dani Mart\u00edn a las ligas mayores | El Digital de Asturias","headline":"Sabina, Serrat y Alejandro Sanz llevan a Dani Mart\u00edn a las ligas mayores","author":{"@id":"https:\/\/eldigitaldeasturias.com\/magazine365\/author\/admin\/#author"},"publisher":{"@id":"https:\/\/eldigitaldeasturias.com\/magazine365\/#organization"},"image":{"@type":"ImageObject","url":"https:\/\/eldigitaldeasturias.com\/magazine365\/wp-content\/uploads\/2014\/05\/6295829w.jpg","width":800,"height":530},"datePublished":"2014-05-24T12:53:35+02:00","dateModified":"2014-05-24T12:53:35+02:00","inLanguage":"es-ES","mainEntityOfPage":{"@id":"https:\/\/eldigitaldeasturias.com\/magazine365\/sabina-serrat-y-alejandro-sanz-llevan-a-dani-martin-a-las-ligas-mayores\/#webpage"},"isPartOf":{"@id":"https:\/\/eldigitaldeasturias.com\/magazine365\/sabina-serrat-y-alejandro-sanz-llevan-a-dani-martin-a-las-ligas-mayores\/#webpage"},"articleSection":"Noticias y Actualidad"},{"@type":"BreadcrumbList","@id":"https:\/\/eldigitaldeasturias.com\/magazine365\/sabina-serrat-y-alejandro-sanz-llevan-a-dani-martin-a-las-ligas-mayores\/#breadcrumblist","itemListElement":[{"@type":"ListItem","@id":"https:\/\/eldigitaldeasturias.com\/magazine365#listItem","position":1,"name":"Home","item":"https:\/\/eldigitaldeasturias.com\/magazine365","nextItem":{"@type":"ListItem","@id":"https:\/\/eldigitaldeasturias.com\/magazine365\/category\/noticias-actualidad\/#listItem","name":"Noticias y Actualidad"}},{"@type":"ListItem","@id":"https:\/\/eldigitaldeasturias.com\/magazine365\/category\/noticias-actualidad\/#listItem","position":2,"name":"Noticias y Actualidad","item":"https:\/\/eldigitaldeasturias.com\/magazine365\/category\/noticias-actualidad\/","nextItem":{"@type":"ListItem","@id":"https:\/\/eldigitaldeasturias.com\/magazine365\/sabina-serrat-y-alejandro-sanz-llevan-a-dani-martin-a-las-ligas-mayores\/#listItem","name":"Sabina, Serrat y Alejandro Sanz llevan a Dani Mart\u00edn a las ligas mayores"},"previousItem":{"@type":"ListItem","@id":"https:\/\/eldigitaldeasturias.com\/magazine365#listItem","name":"Home"}},{"@type":"ListItem","@id":"https:\/\/eldigitaldeasturias.com\/magazine365\/sabina-serrat-y-alejandro-sanz-llevan-a-dani-martin-a-las-ligas-mayores\/#listItem","position":3,"name":"Sabina, Serrat y Alejandro Sanz llevan a Dani Mart\u00edn a las ligas mayores","previousItem":{"@type":"ListItem","@id":"https:\/\/eldigitaldeasturias.com\/magazine365\/category\/noticias-actualidad\/#listItem","name":"Noticias y Actualidad"}}]},{"@type":"Organization","@id":"https:\/\/eldigitaldeasturias.com\/magazine365\/#organization","name":"El digital de Asturias","description":"Revista de ocio, turismo y estilo de vida","url":"https:\/\/eldigitaldeasturias.com\/magazine365\/","logo":{"@type":"ImageObject","url":"https:\/\/www.eldigitaldeasturias.com\/noticias\/wp-content\/uploads\/2020\/12\/EDA.jpg","@id":"https:\/\/eldigitaldeasturias.com\/magazine365\/sabina-serrat-y-alejandro-sanz-llevan-a-dani-martin-a-las-ligas-mayores\/#organizationLogo"},"image":{"@id":"https:\/\/eldigitaldeasturias.com\/magazine365\/sabina-serrat-y-alejandro-sanz-llevan-a-dani-martin-a-las-ligas-mayores\/#organizationLogo"}},{"@type":"Person","@id":"https:\/\/eldigitaldeasturias.com\/magazine365\/author\/admin\/#author","url":"https:\/\/eldigitaldeasturias.com\/magazine365\/author\/admin\/","name":"admin","image":{"@type":"ImageObject","@id":"https:\/\/eldigitaldeasturias.com\/magazine365\/sabina-serrat-y-alejandro-sanz-llevan-a-dani-martin-a-las-ligas-mayores\/#authorImage","url":"https:\/\/eldigitaldeasturias.com\/magazine365\/wp-content\/litespeed\/avatar\/e571bcf59a0edd6fa6838245a470f2fe.jpg?ver=1776969259","width":96,"height":96,"caption":"admin"}},{"@type":"WebPage","@id":"https:\/\/eldigitaldeasturias.com\/magazine365\/sabina-serrat-y-alejandro-sanz-llevan-a-dani-martin-a-las-ligas-mayores\/#webpage","url":"https:\/\/eldigitaldeasturias.com\/magazine365\/sabina-serrat-y-alejandro-sanz-llevan-a-dani-martin-a-las-ligas-mayores\/","name":"Sabina, Serrat y Alejandro Sanz llevan a Dani Mart\u00edn a las ligas mayores | El Digital de Asturias","description":"(EFE).- No hubo declaraciones de amor en el segundo concierto en Madrid de Dani Mart\u00edn, al menos no de las que interesan al papel couch\u00e9, sino de las que lo consolidan a uno art\u00edsticamente frente a las cr\u00edticas, porque vienen firmadas nada menos que por Joaqu\u00edn Sabina, Joan Manuel Serrat y Alejandro Sanz. \"Esto es","inLanguage":"es-ES","isPartOf":{"@id":"https:\/\/eldigitaldeasturias.com\/magazine365\/#website"},"breadcrumb":{"@id":"https:\/\/eldigitaldeasturias.com\/magazine365\/sabina-serrat-y-alejandro-sanz-llevan-a-dani-martin-a-las-ligas-mayores\/#breadcrumblist"},"author":{"@id":"https:\/\/eldigitaldeasturias.com\/magazine365\/author\/admin\/#author"},"creator":{"@id":"https:\/\/eldigitaldeasturias.com\/magazine365\/author\/admin\/#author"},"image":{"@type":"ImageObject","url":"https:\/\/eldigitaldeasturias.com\/magazine365\/wp-content\/uploads\/2014\/05\/6295829w.jpg","@id":"https:\/\/eldigitaldeasturias.com\/magazine365\/sabina-serrat-y-alejandro-sanz-llevan-a-dani-martin-a-las-ligas-mayores\/#mainImage","width":800,"height":530},"primaryImageOfPage":{"@id":"https:\/\/eldigitaldeasturias.com\/magazine365\/sabina-serrat-y-alejandro-sanz-llevan-a-dani-martin-a-las-ligas-mayores\/#mainImage"},"datePublished":"2014-05-24T12:53:35+02:00","dateModified":"2014-05-24T12:53:35+02:00"},{"@type":"WebSite","@id":"https:\/\/eldigitaldeasturias.com\/magazine365\/#website","url":"https:\/\/eldigitaldeasturias.com\/magazine365\/","name":"El Digital de Asturias","description":"Revista de ocio, turismo y estilo de vida","inLanguage":"es-ES","publisher":{"@id":"https:\/\/eldigitaldeasturias.com\/magazine365\/#organization"}}]},"og:locale":"es_ES","og:site_name":"El Digital de Asturias \u2013 Revista de ocio, turismo y estilo de vida","og:type":"article","og:title":"Sabina, Serrat y Alejandro Sanz llevan a Dani Mart\u00edn a las ligas mayores | El Digital de Asturias","og:description":"(EFE).- No hubo declaraciones de amor en el segundo concierto en Madrid de Dani Mart\u00edn, al menos no de las que interesan al papel couch\u00e9, sino de las que lo consolidan a uno art\u00edsticamente frente a las cr\u00edticas, porque vienen firmadas nada menos que por Joaqu\u00edn Sabina, Joan Manuel Serrat y Alejandro Sanz. &quot;Esto es","og:url":"https:\/\/eldigitaldeasturias.com\/magazine365\/sabina-serrat-y-alejandro-sanz-llevan-a-dani-martin-a-las-ligas-mayores\/","og:image":"https:\/\/eldigitaldeasturias.com\/magazine365\/wp-content\/uploads\/2014\/05\/6295829w.jpg","og:image:secure_url":"https:\/\/eldigitaldeasturias.com\/magazine365\/wp-content\/uploads\/2014\/05\/6295829w.jpg","og:image:width":800,"og:image:height":530,"article:published_time":"2014-05-24T14:53:35+00:00","article:modified_time":"2014-05-24T14:53:35+00:00","twitter:card":"summary_large_image","twitter:title":"Sabina, Serrat y Alejandro Sanz llevan a Dani Mart\u00edn a las ligas mayores | El Digital de Asturias","twitter:description":"(EFE).- No hubo declaraciones de amor en el segundo concierto en Madrid de Dani Mart\u00edn, al menos no de las que interesan al papel couch\u00e9, sino de las que lo consolidan a uno art\u00edsticamente frente a las cr\u00edticas, porque vienen firmadas nada menos que por Joaqu\u00edn Sabina, Joan Manuel Serrat y Alejandro Sanz. &quot;Esto es","twitter:image":"https:\/\/eldigitaldeasturias.com\/magazine365\/wp-content\/uploads\/2014\/05\/6295829w.jpg"},"aioseo_meta_data":{"post_id":"13807","title":null,"description":null,"keywords":null,"keyphrases":null,"primary_term":null,"canonical_url":null,"og_title":null,"og_description":null,"og_object_type":"default","og_image_type":"default","og_image_url":null,"og_image_width":null,"og_image_height":null,"og_image_custom_url":null,"og_image_custom_fields":null,"og_video":null,"og_custom_url":null,"og_article_section":null,"og_article_tags":null,"twitter_use_og":false,"twitter_card":"default","twitter_image_type":"default","twitter_image_url":null,"twitter_image_custom_url":null,"twitter_image_custom_fields":null,"twitter_title":null,"twitter_description":null,"schema":{"blockGraphs":[],"customGraphs":[],"default":{"data":{"Article":[],"Course":[],"Dataset":[],"FAQPage":[],"Movie":[],"Person":[],"Product":[],"ProductReview":[],"Car":[],"Recipe":[],"Service":[],"SoftwareApplication":[],"WebPage":[]},"graphName":"","isEnabled":true},"graphs":[],"defaultGraph":"","defaultPostTypeGraph":""},"schema_type":null,"schema_type_options":null,"pillar_content":false,"robots_default":true,"robots_noindex":false,"robots_noarchive":false,"robots_nosnippet":false,"robots_nofollow":false,"robots_noimageindex":false,"robots_noodp":false,"robots_notranslate":false,"robots_max_snippet":null,"robots_max_videopreview":null,"robots_max_imagepreview":"large","priority":null,"frequency":null,"location":null,"local_seo":null,"seo_analyzer_scan_date":"2025-09-17 08:59:09","breadcrumb_settings":null,"limit_modified_date":false,"open_ai":null,"ai":null,"created":"2021-03-09 08:23:49","updated":"2025-09-17 08:59:09"},"aioseo_breadcrumb":"<div class=\"aioseo-breadcrumbs\"><span class=\"aioseo-breadcrumb\">\n\t<a href=\"https:\/\/eldigitaldeasturias.com\/magazine365\" title=\"Home\">Home<\/a>\n<\/span><span class=\"aioseo-breadcrumb-separator\">\u2013<\/span><span class=\"aioseo-breadcrumb\">\n\t<a href=\"https:\/\/eldigitaldeasturias.com\/magazine365\/category\/noticias-actualidad\/\" title=\"Noticias y Actualidad\">Noticias y Actualidad<\/a>\n<\/span><span class=\"aioseo-breadcrumb-separator\">\u2013<\/span><span class=\"aioseo-breadcrumb\">\n\t<a href=\"https:\/\/eldigitaldeasturias.com\/magazine365\/sabina-serrat-y-alejandro-sanz-llevan-a-dani-martin-a-las-ligas-mayores\/\" title=\"Sabina, Serrat y Alejandro Sanz llevan a Dani Mart\u00edn a las ligas mayores\">Sabina, Serrat y Alejandro Sanz llevan a Dani Mart\u00edn a las ligas mayores<\/a>\n<\/span><\/div>","aioseo_breadcrumb_json":[{"label":"Home","link":"https:\/\/eldigitaldeasturias.com\/magazine365"},{"label":"Noticias y Actualidad","link":"https:\/\/eldigitaldeasturias.com\/magazine365\/category\/noticias-actualidad\/"},{"label":"Sabina, Serrat y Alejandro Sanz llevan a Dani Mart\u00edn a las ligas mayores","link":"https:\/\/eldigitaldeasturias.com\/magazine365\/sabina-serrat-y-alejandro-sanz-llevan-a-dani-martin-a-las-ligas-mayores\/"}],"_links":{"self":[{"href":"https:\/\/eldigitaldeasturias.com\/magazine365\/wp-json\/wp\/v2\/posts\/13807","targetHints":{"allow":["GET"]}}],"collection":[{"href":"https:\/\/eldigitaldeasturias.com\/magazine365\/wp-json\/wp\/v2\/posts"}],"about":[{"href":"https:\/\/eldigitaldeasturias.com\/magazine365\/wp-json\/wp\/v2\/types\/post"}],"author":[{"embeddable":true,"href":"https:\/\/eldigitaldeasturias.com\/magazine365\/wp-json\/wp\/v2\/users\/1"}],"replies":[{"embeddable":true,"href":"https:\/\/eldigitaldeasturias.com\/magazine365\/wp-json\/wp\/v2\/comments?post=13807"}],"version-history":[{"count":0,"href":"https:\/\/eldigitaldeasturias.com\/magazine365\/wp-json\/wp\/v2\/posts\/13807\/revisions"}],"wp:featuredmedia":[{"embeddable":true,"href":"https:\/\/eldigitaldeasturias.com\/magazine365\/wp-json\/wp\/v2\/media\/13808"}],"wp:attachment":[{"href":"https:\/\/eldigitaldeasturias.com\/magazine365\/wp-json\/wp\/v2\/media?parent=13807"}],"wp:term":[{"taxonomy":"category","embeddable":true,"href":"https:\/\/eldigitaldeasturias.com\/magazine365\/wp-json\/wp\/v2\/categories?post=13807"},{"taxonomy":"post_tag","embeddable":true,"href":"https:\/\/eldigitaldeasturias.com\/magazine365\/wp-json\/wp\/v2\/tags?post=13807"}],"curies":[{"name":"wp","href":"https:\/\/api.w.org\/{rel}","templated":true}]}}