{"id":13804,"date":"2014-05-24T12:52:03","date_gmt":"2014-05-24T14:52:03","guid":{"rendered":"http:\/\/eldigitaldeasturias.com\/magazine365\/?p=13804"},"modified":"2014-05-24T12:52:03","modified_gmt":"2014-05-24T14:52:03","slug":"juanes-cabeza-de-cartel-del-festival-made-in-america-en-los-angeles","status":"publish","type":"post","link":"https:\/\/eldigitaldeasturias.com\/magazine365\/juanes-cabeza-de-cartel-del-festival-made-in-america-en-los-angeles\/","title":{"rendered":"Juanes, cabeza de cartel del festival Made in America en Los \u00c1ngeles"},"content":{"rendered":"<p><img fetchpriority=\"high\" decoding=\"async\" class=\"alignleft size-medium wp-image-13805\" alt=\"6295282w\" src=\"https:\/\/eldigitaldeasturias.com\/magazine365\/wp-content\/uploads\/2014\/05\/6295282w-360x270.jpg\" width=\"360\" height=\"270\" srcset=\"https:\/\/eldigitaldeasturias.com\/magazine365\/wp-content\/uploads\/2014\/05\/6295282w-360x270.jpg 360w, https:\/\/eldigitaldeasturias.com\/magazine365\/wp-content\/uploads\/2014\/05\/6295282w-650x488.jpg 650w, https:\/\/eldigitaldeasturias.com\/magazine365\/wp-content\/uploads\/2014\/05\/6295282w-768x576.jpg 768w, https:\/\/eldigitaldeasturias.com\/magazine365\/wp-content\/uploads\/2014\/05\/6295282w-150x113.jpg 150w, https:\/\/eldigitaldeasturias.com\/magazine365\/wp-content\/uploads\/2014\/05\/6295282w-450x338.jpg 450w, https:\/\/eldigitaldeasturias.com\/magazine365\/wp-content\/uploads\/2014\/05\/6295282w-80x60.jpg 80w, https:\/\/eldigitaldeasturias.com\/magazine365\/wp-content\/uploads\/2014\/05\/6295282w-265x198.jpg 265w, https:\/\/eldigitaldeasturias.com\/magazine365\/wp-content\/uploads\/2014\/05\/6295282w-696x522.jpg 696w, https:\/\/eldigitaldeasturias.com\/magazine365\/wp-content\/uploads\/2014\/05\/6295282w-560x420.jpg 560w, https:\/\/eldigitaldeasturias.com\/magazine365\/wp-content\/uploads\/2014\/05\/6295282w-90x67.jpg 90w, https:\/\/eldigitaldeasturias.com\/magazine365\/wp-content\/uploads\/2014\/05\/6295282w-100x75.jpg 100w, https:\/\/eldigitaldeasturias.com\/magazine365\/wp-content\/uploads\/2014\/05\/6295282w.jpg 800w\" sizes=\"(max-width: 360px) 100vw, 360px\" \/>(EFE).- El cantante colombiano Juanes ser\u00e1 uno de los cabezas de cartel en la versi\u00f3n de Los \u00c1ngeles del pr\u00f3ximo festival de m\u00fasica Made In America, organizado por el rapero Jay Z, inform\u00f3 hoy la organizaci\u00f3n.<\/p>\n<p>Juanes, el \u00fanico artista latino presente en el evento, lidera una alineaci\u00f3n formada por Imagine Dragons, John Mayer, Steve Aoki, Afrojack, Kendrick Lamar, Rise Against, Weezer, Metric, Cypress Hill, Rita Ora, Dr. Dog y ZZ Ward, entre muchos otros.<\/p>\n<p>El festival Made in America se celebrar\u00e1 simult\u00e1neamente entre el 30 y el 31 de agosto en Los \u00c1ngeles y Filadelfia.<\/p>\n<p>En Filadelfia los principales artistas confirmados hasta ahora son Kanye West, Kings of Leon, Ti\u00ebsto, The National, Pharrell Williams, J. Cole, Girl Talk, Spoon, Chromeo, City and Colour, Grimes y De La Soul.<\/p>\n<p>El certamen de Los \u00c1ngeles, que tendr\u00e1 lugar en Grand Park y zonas aleda\u00f1as, a escasos metros del ayuntamiento, espera atraer a unos 50.000 asistentes.<\/p>\n<p>La edici\u00f3n de 2013 de Made in America en el hist\u00f3rico Benjamin Franklin Parkway de Filadelfia atrajo a 60.000 espectadores para los conciertos de Beyonc\u00e9 (esposa de Jay Z), Deadmau5, Kendrick Lamar, Miguel, Nine Inch Nails, Phoenix, Public Enemy, Queens of the Stone Age, Macklemore &amp; Ryan Lewis y Calvin Harris.<\/p>\n<p>\u00abEsto era un sue\u00f1o hace dos a\u00f1os\u00bb, dijo Jay Z en abril durante la presentaci\u00f3n del festival y a\u00f1adi\u00f3: \u00abTuve la visi\u00f3n de organizar un certamen que desdibujar\u00e1 las l\u00edneas entre los distintos g\u00e9neros\u00bb.<\/p>\n","protected":false},"excerpt":{"rendered":"<p>(EFE).- El cantante colombiano Juanes ser\u00e1 uno de los cabezas de cartel en la versi\u00f3n de Los \u00c1ngeles del pr\u00f3ximo festival de m\u00fasica Made In America, organizado por el rapero Jay Z, inform\u00f3 hoy la organizaci\u00f3n. Juanes, el \u00fanico artista latino presente en el evento, lidera una alineaci\u00f3n formada por Imagine Dragons, John Mayer, Steve<\/p>\n","protected":false},"author":1,"featured_media":13805,"comment_status":"open","ping_status":"closed","sticky":false,"template":"","format":"standard","meta":{"footnotes":""},"categories":[224],"tags":[],"class_list":{"0":"post-13804","1":"post","2":"type-post","3":"status-publish","4":"format-standard","5":"has-post-thumbnail","7":"category-noticias-actualidad"},"aioseo_notices":[],"aioseo_head":"\n\t\t<!-- All in One SEO Pro 4.9.6.1 - aioseo.com -->\n\t<meta name=\"description\" content=\"(EFE).- El cantante colombiano Juanes ser\u00e1 uno de los cabezas de cartel en la versi\u00f3n de Los \u00c1ngeles del pr\u00f3ximo festival de m\u00fasica Made In America, organizado por el rapero Jay Z, inform\u00f3 hoy la organizaci\u00f3n. Juanes, el \u00fanico artista latino presente en el evento, lidera una alineaci\u00f3n formada por Imagine Dragons, John Mayer, Steve\" \/>\n\t<meta name=\"robots\" content=\"max-image-preview:large\" \/>\n\t<meta name=\"author\" content=\"admin\"\/>\n\t<meta name=\"google-site-verification\" content=\"UA-38556648-1\" \/>\n\t<meta name=\"keywords\" content=\"noticias y actualidad\" \/>\n\t<link rel=\"canonical\" href=\"https:\/\/eldigitaldeasturias.com\/magazine365\/juanes-cabeza-de-cartel-del-festival-made-in-america-en-los-angeles\/\" \/>\n\t<meta name=\"generator\" content=\"All in One SEO Pro (AIOSEO) 4.9.6.1\" \/>\n\t\t<meta property=\"og:locale\" content=\"es_ES\" \/>\n\t\t<meta property=\"og:site_name\" content=\"El Digital de Asturias \u2013 Revista de ocio, turismo y estilo de vida\" \/>\n\t\t<meta property=\"og:type\" content=\"article\" \/>\n\t\t<meta property=\"og:title\" content=\"Juanes, cabeza de cartel del festival Made in America en Los \u00c1ngeles | El Digital de Asturias\" \/>\n\t\t<meta property=\"og:description\" content=\"(EFE).- El cantante colombiano Juanes ser\u00e1 uno de los cabezas de cartel en la versi\u00f3n de Los \u00c1ngeles del pr\u00f3ximo festival de m\u00fasica Made In America, organizado por el rapero Jay Z, inform\u00f3 hoy la organizaci\u00f3n. Juanes, el \u00fanico artista latino presente en el evento, lidera una alineaci\u00f3n formada por Imagine Dragons, John Mayer, Steve\" \/>\n\t\t<meta property=\"og:url\" content=\"https:\/\/eldigitaldeasturias.com\/magazine365\/juanes-cabeza-de-cartel-del-festival-made-in-america-en-los-angeles\/\" \/>\n\t\t<meta property=\"og:image\" content=\"https:\/\/eldigitaldeasturias.com\/magazine365\/wp-content\/uploads\/2014\/05\/6295282w.jpg\" \/>\n\t\t<meta property=\"og:image:secure_url\" content=\"https:\/\/eldigitaldeasturias.com\/magazine365\/wp-content\/uploads\/2014\/05\/6295282w.jpg\" \/>\n\t\t<meta property=\"og:image:width\" content=\"800\" \/>\n\t\t<meta property=\"og:image:height\" content=\"600\" \/>\n\t\t<meta property=\"article:published_time\" content=\"2014-05-24T14:52:03+00:00\" \/>\n\t\t<meta property=\"article:modified_time\" content=\"2014-05-24T14:52:03+00:00\" \/>\n\t\t<meta name=\"twitter:card\" content=\"summary_large_image\" \/>\n\t\t<meta name=\"twitter:title\" content=\"Juanes, cabeza de cartel del festival Made in America en Los \u00c1ngeles | El Digital de Asturias\" \/>\n\t\t<meta name=\"twitter:description\" content=\"(EFE).- El cantante colombiano Juanes ser\u00e1 uno de los cabezas de cartel en la versi\u00f3n de Los \u00c1ngeles del pr\u00f3ximo festival de m\u00fasica Made In America, organizado por el rapero Jay Z, inform\u00f3 hoy la organizaci\u00f3n. Juanes, el \u00fanico artista latino presente en el evento, lidera una alineaci\u00f3n formada por Imagine Dragons, John Mayer, Steve\" \/>\n\t\t<meta name=\"twitter:image\" content=\"https:\/\/eldigitaldeasturias.com\/magazine365\/wp-content\/uploads\/2014\/05\/6295282w.jpg\" \/>\n\t\t<script type=\"application\/ld+json\" class=\"aioseo-schema\">\n\t\t\t{\"@context\":\"https:\\\/\\\/schema.org\",\"@graph\":[{\"@type\":\"Article\",\"@id\":\"https:\\\/\\\/eldigitaldeasturias.com\\\/magazine365\\\/juanes-cabeza-de-cartel-del-festival-made-in-america-en-los-angeles\\\/#article\",\"name\":\"Juanes, cabeza de cartel del festival Made in America en Los \\u00c1ngeles | El Digital de Asturias\",\"headline\":\"Juanes, cabeza de cartel del festival Made in America en Los \\u00c1ngeles\",\"author\":{\"@id\":\"https:\\\/\\\/eldigitaldeasturias.com\\\/magazine365\\\/author\\\/admin\\\/#author\"},\"publisher\":{\"@id\":\"https:\\\/\\\/eldigitaldeasturias.com\\\/magazine365\\\/#organization\"},\"image\":{\"@type\":\"ImageObject\",\"url\":\"https:\\\/\\\/eldigitaldeasturias.com\\\/magazine365\\\/wp-content\\\/uploads\\\/2014\\\/05\\\/6295282w.jpg\",\"width\":800,\"height\":600},\"datePublished\":\"2014-05-24T12:52:03+02:00\",\"dateModified\":\"2014-05-24T12:52:03+02:00\",\"inLanguage\":\"es-ES\",\"mainEntityOfPage\":{\"@id\":\"https:\\\/\\\/eldigitaldeasturias.com\\\/magazine365\\\/juanes-cabeza-de-cartel-del-festival-made-in-america-en-los-angeles\\\/#webpage\"},\"isPartOf\":{\"@id\":\"https:\\\/\\\/eldigitaldeasturias.com\\\/magazine365\\\/juanes-cabeza-de-cartel-del-festival-made-in-america-en-los-angeles\\\/#webpage\"},\"articleSection\":\"Noticias y Actualidad\"},{\"@type\":\"BreadcrumbList\",\"@id\":\"https:\\\/\\\/eldigitaldeasturias.com\\\/magazine365\\\/juanes-cabeza-de-cartel-del-festival-made-in-america-en-los-angeles\\\/#breadcrumblist\",\"itemListElement\":[{\"@type\":\"ListItem\",\"@id\":\"https:\\\/\\\/eldigitaldeasturias.com\\\/magazine365#listItem\",\"position\":1,\"name\":\"Home\",\"item\":\"https:\\\/\\\/eldigitaldeasturias.com\\\/magazine365\",\"nextItem\":{\"@type\":\"ListItem\",\"@id\":\"https:\\\/\\\/eldigitaldeasturias.com\\\/magazine365\\\/category\\\/noticias-actualidad\\\/#listItem\",\"name\":\"Noticias y Actualidad\"}},{\"@type\":\"ListItem\",\"@id\":\"https:\\\/\\\/eldigitaldeasturias.com\\\/magazine365\\\/category\\\/noticias-actualidad\\\/#listItem\",\"position\":2,\"name\":\"Noticias y Actualidad\",\"item\":\"https:\\\/\\\/eldigitaldeasturias.com\\\/magazine365\\\/category\\\/noticias-actualidad\\\/\",\"nextItem\":{\"@type\":\"ListItem\",\"@id\":\"https:\\\/\\\/eldigitaldeasturias.com\\\/magazine365\\\/juanes-cabeza-de-cartel-del-festival-made-in-america-en-los-angeles\\\/#listItem\",\"name\":\"Juanes, cabeza de cartel del festival Made in America en Los \\u00c1ngeles\"},\"previousItem\":{\"@type\":\"ListItem\",\"@id\":\"https:\\\/\\\/eldigitaldeasturias.com\\\/magazine365#listItem\",\"name\":\"Home\"}},{\"@type\":\"ListItem\",\"@id\":\"https:\\\/\\\/eldigitaldeasturias.com\\\/magazine365\\\/juanes-cabeza-de-cartel-del-festival-made-in-america-en-los-angeles\\\/#listItem\",\"position\":3,\"name\":\"Juanes, cabeza de cartel del festival Made in America en Los \\u00c1ngeles\",\"previousItem\":{\"@type\":\"ListItem\",\"@id\":\"https:\\\/\\\/eldigitaldeasturias.com\\\/magazine365\\\/category\\\/noticias-actualidad\\\/#listItem\",\"name\":\"Noticias y Actualidad\"}}]},{\"@type\":\"Organization\",\"@id\":\"https:\\\/\\\/eldigitaldeasturias.com\\\/magazine365\\\/#organization\",\"name\":\"El digital de Asturias\",\"description\":\"Revista de ocio, turismo y estilo de vida\",\"url\":\"https:\\\/\\\/eldigitaldeasturias.com\\\/magazine365\\\/\",\"logo\":{\"@type\":\"ImageObject\",\"url\":\"https:\\\/\\\/www.eldigitaldeasturias.com\\\/noticias\\\/wp-content\\\/uploads\\\/2020\\\/12\\\/EDA.jpg\",\"@id\":\"https:\\\/\\\/eldigitaldeasturias.com\\\/magazine365\\\/juanes-cabeza-de-cartel-del-festival-made-in-america-en-los-angeles\\\/#organizationLogo\"},\"image\":{\"@id\":\"https:\\\/\\\/eldigitaldeasturias.com\\\/magazine365\\\/juanes-cabeza-de-cartel-del-festival-made-in-america-en-los-angeles\\\/#organizationLogo\"}},{\"@type\":\"Person\",\"@id\":\"https:\\\/\\\/eldigitaldeasturias.com\\\/magazine365\\\/author\\\/admin\\\/#author\",\"url\":\"https:\\\/\\\/eldigitaldeasturias.com\\\/magazine365\\\/author\\\/admin\\\/\",\"name\":\"admin\",\"image\":{\"@type\":\"ImageObject\",\"@id\":\"https:\\\/\\\/eldigitaldeasturias.com\\\/magazine365\\\/juanes-cabeza-de-cartel-del-festival-made-in-america-en-los-angeles\\\/#authorImage\",\"url\":\"https:\\\/\\\/eldigitaldeasturias.com\\\/magazine365\\\/wp-content\\\/litespeed\\\/avatar\\\/e571bcf59a0edd6fa6838245a470f2fe.jpg?ver=1776969259\",\"width\":96,\"height\":96,\"caption\":\"admin\"}},{\"@type\":\"WebPage\",\"@id\":\"https:\\\/\\\/eldigitaldeasturias.com\\\/magazine365\\\/juanes-cabeza-de-cartel-del-festival-made-in-america-en-los-angeles\\\/#webpage\",\"url\":\"https:\\\/\\\/eldigitaldeasturias.com\\\/magazine365\\\/juanes-cabeza-de-cartel-del-festival-made-in-america-en-los-angeles\\\/\",\"name\":\"Juanes, cabeza de cartel del festival Made in America en Los \\u00c1ngeles | El Digital de Asturias\",\"description\":\"(EFE).- El cantante colombiano Juanes ser\\u00e1 uno de los cabezas de cartel en la versi\\u00f3n de Los \\u00c1ngeles del pr\\u00f3ximo festival de m\\u00fasica Made In America, organizado por el rapero Jay Z, inform\\u00f3 hoy la organizaci\\u00f3n. Juanes, el \\u00fanico artista latino presente en el evento, lidera una alineaci\\u00f3n formada por Imagine Dragons, John Mayer, Steve\",\"inLanguage\":\"es-ES\",\"isPartOf\":{\"@id\":\"https:\\\/\\\/eldigitaldeasturias.com\\\/magazine365\\\/#website\"},\"breadcrumb\":{\"@id\":\"https:\\\/\\\/eldigitaldeasturias.com\\\/magazine365\\\/juanes-cabeza-de-cartel-del-festival-made-in-america-en-los-angeles\\\/#breadcrumblist\"},\"author\":{\"@id\":\"https:\\\/\\\/eldigitaldeasturias.com\\\/magazine365\\\/author\\\/admin\\\/#author\"},\"creator\":{\"@id\":\"https:\\\/\\\/eldigitaldeasturias.com\\\/magazine365\\\/author\\\/admin\\\/#author\"},\"image\":{\"@type\":\"ImageObject\",\"url\":\"https:\\\/\\\/eldigitaldeasturias.com\\\/magazine365\\\/wp-content\\\/uploads\\\/2014\\\/05\\\/6295282w.jpg\",\"@id\":\"https:\\\/\\\/eldigitaldeasturias.com\\\/magazine365\\\/juanes-cabeza-de-cartel-del-festival-made-in-america-en-los-angeles\\\/#mainImage\",\"width\":800,\"height\":600},\"primaryImageOfPage\":{\"@id\":\"https:\\\/\\\/eldigitaldeasturias.com\\\/magazine365\\\/juanes-cabeza-de-cartel-del-festival-made-in-america-en-los-angeles\\\/#mainImage\"},\"datePublished\":\"2014-05-24T12:52:03+02:00\",\"dateModified\":\"2014-05-24T12:52:03+02:00\"},{\"@type\":\"WebSite\",\"@id\":\"https:\\\/\\\/eldigitaldeasturias.com\\\/magazine365\\\/#website\",\"url\":\"https:\\\/\\\/eldigitaldeasturias.com\\\/magazine365\\\/\",\"name\":\"El Digital de Asturias\",\"description\":\"Revista de ocio, turismo y estilo de vida\",\"inLanguage\":\"es-ES\",\"publisher\":{\"@id\":\"https:\\\/\\\/eldigitaldeasturias.com\\\/magazine365\\\/#organization\"}}]}\n\t\t<\/script>\n\t\t<!-- All in One SEO Pro -->\r\n\t\t<title>Juanes, cabeza de cartel del festival Made in America en Los \u00c1ngeles | El Digital de Asturias<\/title>\n\n","aioseo_head_json":{"title":"Juanes, cabeza de cartel del festival Made in America en Los \u00c1ngeles | El Digital de Asturias","description":"(EFE).- El cantante colombiano Juanes ser\u00e1 uno de los cabezas de cartel en la versi\u00f3n de Los \u00c1ngeles del pr\u00f3ximo festival de m\u00fasica Made In America, organizado por el rapero Jay Z, inform\u00f3 hoy la organizaci\u00f3n. Juanes, el \u00fanico artista latino presente en el evento, lidera una alineaci\u00f3n formada por Imagine Dragons, John Mayer, Steve","canonical_url":"https:\/\/eldigitaldeasturias.com\/magazine365\/juanes-cabeza-de-cartel-del-festival-made-in-america-en-los-angeles\/","robots":"max-image-preview:large","keywords":"noticias y actualidad","webmasterTools":{"google-site-verification":"UA-38556648-1","miscellaneous":""},"schema":{"@context":"https:\/\/schema.org","@graph":[{"@type":"Article","@id":"https:\/\/eldigitaldeasturias.com\/magazine365\/juanes-cabeza-de-cartel-del-festival-made-in-america-en-los-angeles\/#article","name":"Juanes, cabeza de cartel del festival Made in America en Los \u00c1ngeles | El Digital de Asturias","headline":"Juanes, cabeza de cartel del festival Made in America en Los \u00c1ngeles","author":{"@id":"https:\/\/eldigitaldeasturias.com\/magazine365\/author\/admin\/#author"},"publisher":{"@id":"https:\/\/eldigitaldeasturias.com\/magazine365\/#organization"},"image":{"@type":"ImageObject","url":"https:\/\/eldigitaldeasturias.com\/magazine365\/wp-content\/uploads\/2014\/05\/6295282w.jpg","width":800,"height":600},"datePublished":"2014-05-24T12:52:03+02:00","dateModified":"2014-05-24T12:52:03+02:00","inLanguage":"es-ES","mainEntityOfPage":{"@id":"https:\/\/eldigitaldeasturias.com\/magazine365\/juanes-cabeza-de-cartel-del-festival-made-in-america-en-los-angeles\/#webpage"},"isPartOf":{"@id":"https:\/\/eldigitaldeasturias.com\/magazine365\/juanes-cabeza-de-cartel-del-festival-made-in-america-en-los-angeles\/#webpage"},"articleSection":"Noticias y Actualidad"},{"@type":"BreadcrumbList","@id":"https:\/\/eldigitaldeasturias.com\/magazine365\/juanes-cabeza-de-cartel-del-festival-made-in-america-en-los-angeles\/#breadcrumblist","itemListElement":[{"@type":"ListItem","@id":"https:\/\/eldigitaldeasturias.com\/magazine365#listItem","position":1,"name":"Home","item":"https:\/\/eldigitaldeasturias.com\/magazine365","nextItem":{"@type":"ListItem","@id":"https:\/\/eldigitaldeasturias.com\/magazine365\/category\/noticias-actualidad\/#listItem","name":"Noticias y Actualidad"}},{"@type":"ListItem","@id":"https:\/\/eldigitaldeasturias.com\/magazine365\/category\/noticias-actualidad\/#listItem","position":2,"name":"Noticias y Actualidad","item":"https:\/\/eldigitaldeasturias.com\/magazine365\/category\/noticias-actualidad\/","nextItem":{"@type":"ListItem","@id":"https:\/\/eldigitaldeasturias.com\/magazine365\/juanes-cabeza-de-cartel-del-festival-made-in-america-en-los-angeles\/#listItem","name":"Juanes, cabeza de cartel del festival Made in America en Los \u00c1ngeles"},"previousItem":{"@type":"ListItem","@id":"https:\/\/eldigitaldeasturias.com\/magazine365#listItem","name":"Home"}},{"@type":"ListItem","@id":"https:\/\/eldigitaldeasturias.com\/magazine365\/juanes-cabeza-de-cartel-del-festival-made-in-america-en-los-angeles\/#listItem","position":3,"name":"Juanes, cabeza de cartel del festival Made in America en Los \u00c1ngeles","previousItem":{"@type":"ListItem","@id":"https:\/\/eldigitaldeasturias.com\/magazine365\/category\/noticias-actualidad\/#listItem","name":"Noticias y Actualidad"}}]},{"@type":"Organization","@id":"https:\/\/eldigitaldeasturias.com\/magazine365\/#organization","name":"El digital de Asturias","description":"Revista de ocio, turismo y estilo de vida","url":"https:\/\/eldigitaldeasturias.com\/magazine365\/","logo":{"@type":"ImageObject","url":"https:\/\/www.eldigitaldeasturias.com\/noticias\/wp-content\/uploads\/2020\/12\/EDA.jpg","@id":"https:\/\/eldigitaldeasturias.com\/magazine365\/juanes-cabeza-de-cartel-del-festival-made-in-america-en-los-angeles\/#organizationLogo"},"image":{"@id":"https:\/\/eldigitaldeasturias.com\/magazine365\/juanes-cabeza-de-cartel-del-festival-made-in-america-en-los-angeles\/#organizationLogo"}},{"@type":"Person","@id":"https:\/\/eldigitaldeasturias.com\/magazine365\/author\/admin\/#author","url":"https:\/\/eldigitaldeasturias.com\/magazine365\/author\/admin\/","name":"admin","image":{"@type":"ImageObject","@id":"https:\/\/eldigitaldeasturias.com\/magazine365\/juanes-cabeza-de-cartel-del-festival-made-in-america-en-los-angeles\/#authorImage","url":"https:\/\/eldigitaldeasturias.com\/magazine365\/wp-content\/litespeed\/avatar\/e571bcf59a0edd6fa6838245a470f2fe.jpg?ver=1776969259","width":96,"height":96,"caption":"admin"}},{"@type":"WebPage","@id":"https:\/\/eldigitaldeasturias.com\/magazine365\/juanes-cabeza-de-cartel-del-festival-made-in-america-en-los-angeles\/#webpage","url":"https:\/\/eldigitaldeasturias.com\/magazine365\/juanes-cabeza-de-cartel-del-festival-made-in-america-en-los-angeles\/","name":"Juanes, cabeza de cartel del festival Made in America en Los \u00c1ngeles | El Digital de Asturias","description":"(EFE).- El cantante colombiano Juanes ser\u00e1 uno de los cabezas de cartel en la versi\u00f3n de Los \u00c1ngeles del pr\u00f3ximo festival de m\u00fasica Made In America, organizado por el rapero Jay Z, inform\u00f3 hoy la organizaci\u00f3n. Juanes, el \u00fanico artista latino presente en el evento, lidera una alineaci\u00f3n formada por Imagine Dragons, John Mayer, Steve","inLanguage":"es-ES","isPartOf":{"@id":"https:\/\/eldigitaldeasturias.com\/magazine365\/#website"},"breadcrumb":{"@id":"https:\/\/eldigitaldeasturias.com\/magazine365\/juanes-cabeza-de-cartel-del-festival-made-in-america-en-los-angeles\/#breadcrumblist"},"author":{"@id":"https:\/\/eldigitaldeasturias.com\/magazine365\/author\/admin\/#author"},"creator":{"@id":"https:\/\/eldigitaldeasturias.com\/magazine365\/author\/admin\/#author"},"image":{"@type":"ImageObject","url":"https:\/\/eldigitaldeasturias.com\/magazine365\/wp-content\/uploads\/2014\/05\/6295282w.jpg","@id":"https:\/\/eldigitaldeasturias.com\/magazine365\/juanes-cabeza-de-cartel-del-festival-made-in-america-en-los-angeles\/#mainImage","width":800,"height":600},"primaryImageOfPage":{"@id":"https:\/\/eldigitaldeasturias.com\/magazine365\/juanes-cabeza-de-cartel-del-festival-made-in-america-en-los-angeles\/#mainImage"},"datePublished":"2014-05-24T12:52:03+02:00","dateModified":"2014-05-24T12:52:03+02:00"},{"@type":"WebSite","@id":"https:\/\/eldigitaldeasturias.com\/magazine365\/#website","url":"https:\/\/eldigitaldeasturias.com\/magazine365\/","name":"El Digital de Asturias","description":"Revista de ocio, turismo y estilo de vida","inLanguage":"es-ES","publisher":{"@id":"https:\/\/eldigitaldeasturias.com\/magazine365\/#organization"}}]},"og:locale":"es_ES","og:site_name":"El Digital de Asturias \u2013 Revista de ocio, turismo y estilo de vida","og:type":"article","og:title":"Juanes, cabeza de cartel del festival Made in America en Los \u00c1ngeles | El Digital de Asturias","og:description":"(EFE).- El cantante colombiano Juanes ser\u00e1 uno de los cabezas de cartel en la versi\u00f3n de Los \u00c1ngeles del pr\u00f3ximo festival de m\u00fasica Made In America, organizado por el rapero Jay Z, inform\u00f3 hoy la organizaci\u00f3n. Juanes, el \u00fanico artista latino presente en el evento, lidera una alineaci\u00f3n formada por Imagine Dragons, John Mayer, Steve","og:url":"https:\/\/eldigitaldeasturias.com\/magazine365\/juanes-cabeza-de-cartel-del-festival-made-in-america-en-los-angeles\/","og:image":"https:\/\/eldigitaldeasturias.com\/magazine365\/wp-content\/uploads\/2014\/05\/6295282w.jpg","og:image:secure_url":"https:\/\/eldigitaldeasturias.com\/magazine365\/wp-content\/uploads\/2014\/05\/6295282w.jpg","og:image:width":800,"og:image:height":600,"article:published_time":"2014-05-24T14:52:03+00:00","article:modified_time":"2014-05-24T14:52:03+00:00","twitter:card":"summary_large_image","twitter:title":"Juanes, cabeza de cartel del festival Made in America en Los \u00c1ngeles | El Digital de Asturias","twitter:description":"(EFE).- El cantante colombiano Juanes ser\u00e1 uno de los cabezas de cartel en la versi\u00f3n de Los \u00c1ngeles del pr\u00f3ximo festival de m\u00fasica Made In America, organizado por el rapero Jay Z, inform\u00f3 hoy la organizaci\u00f3n. Juanes, el \u00fanico artista latino presente en el evento, lidera una alineaci\u00f3n formada por Imagine Dragons, John Mayer, Steve","twitter:image":"https:\/\/eldigitaldeasturias.com\/magazine365\/wp-content\/uploads\/2014\/05\/6295282w.jpg"},"aioseo_meta_data":{"post_id":"13804","title":null,"description":null,"keywords":null,"keyphrases":null,"primary_term":null,"canonical_url":null,"og_title":null,"og_description":null,"og_object_type":"default","og_image_type":"default","og_image_url":null,"og_image_width":null,"og_image_height":null,"og_image_custom_url":null,"og_image_custom_fields":null,"og_video":null,"og_custom_url":null,"og_article_section":null,"og_article_tags":null,"twitter_use_og":false,"twitter_card":"default","twitter_image_type":"default","twitter_image_url":null,"twitter_image_custom_url":null,"twitter_image_custom_fields":null,"twitter_title":null,"twitter_description":null,"schema":{"blockGraphs":[],"customGraphs":[],"default":{"data":{"Article":[],"Course":[],"Dataset":[],"FAQPage":[],"Movie":[],"Person":[],"Product":[],"ProductReview":[],"Car":[],"Recipe":[],"Service":[],"SoftwareApplication":[],"WebPage":[]},"graphName":"","isEnabled":true},"graphs":[]},"schema_type":null,"schema_type_options":null,"pillar_content":false,"robots_default":true,"robots_noindex":false,"robots_noarchive":false,"robots_nosnippet":false,"robots_nofollow":false,"robots_noimageindex":false,"robots_noodp":false,"robots_notranslate":false,"robots_max_snippet":null,"robots_max_videopreview":null,"robots_max_imagepreview":"large","priority":null,"frequency":null,"location":null,"local_seo":null,"seo_analyzer_scan_date":"2025-09-17 08:59:06","breadcrumb_settings":null,"limit_modified_date":false,"open_ai":null,"ai":null,"created":"2021-03-09 08:23:49","updated":"2025-09-17 08:59:06"},"aioseo_breadcrumb":"<div class=\"aioseo-breadcrumbs\"><span class=\"aioseo-breadcrumb\">\n\t<a href=\"https:\/\/eldigitaldeasturias.com\/magazine365\" title=\"Home\">Home<\/a>\n<\/span><span class=\"aioseo-breadcrumb-separator\">\u2013<\/span><span class=\"aioseo-breadcrumb\">\n\t<a href=\"https:\/\/eldigitaldeasturias.com\/magazine365\/category\/noticias-actualidad\/\" title=\"Noticias y Actualidad\">Noticias y Actualidad<\/a>\n<\/span><span class=\"aioseo-breadcrumb-separator\">\u2013<\/span><span class=\"aioseo-breadcrumb\">\n\t<a href=\"https:\/\/eldigitaldeasturias.com\/magazine365\/juanes-cabeza-de-cartel-del-festival-made-in-america-en-los-angeles\/\" title=\"Juanes, cabeza de cartel del festival Made in America en Los \u00c1ngeles\">Juanes, cabeza de cartel del festival Made in America en Los \u00c1ngeles<\/a>\n<\/span><\/div>","aioseo_breadcrumb_json":[{"label":"Home","link":"https:\/\/eldigitaldeasturias.com\/magazine365"},{"label":"Noticias y Actualidad","link":"https:\/\/eldigitaldeasturias.com\/magazine365\/category\/noticias-actualidad\/"},{"label":"Juanes, cabeza de cartel del festival Made in America en Los \u00c1ngeles","link":"https:\/\/eldigitaldeasturias.com\/magazine365\/juanes-cabeza-de-cartel-del-festival-made-in-america-en-los-angeles\/"}],"_links":{"self":[{"href":"https:\/\/eldigitaldeasturias.com\/magazine365\/wp-json\/wp\/v2\/posts\/13804","targetHints":{"allow":["GET"]}}],"collection":[{"href":"https:\/\/eldigitaldeasturias.com\/magazine365\/wp-json\/wp\/v2\/posts"}],"about":[{"href":"https:\/\/eldigitaldeasturias.com\/magazine365\/wp-json\/wp\/v2\/types\/post"}],"author":[{"embeddable":true,"href":"https:\/\/eldigitaldeasturias.com\/magazine365\/wp-json\/wp\/v2\/users\/1"}],"replies":[{"embeddable":true,"href":"https:\/\/eldigitaldeasturias.com\/magazine365\/wp-json\/wp\/v2\/comments?post=13804"}],"version-history":[{"count":0,"href":"https:\/\/eldigitaldeasturias.com\/magazine365\/wp-json\/wp\/v2\/posts\/13804\/revisions"}],"wp:featuredmedia":[{"embeddable":true,"href":"https:\/\/eldigitaldeasturias.com\/magazine365\/wp-json\/wp\/v2\/media\/13805"}],"wp:attachment":[{"href":"https:\/\/eldigitaldeasturias.com\/magazine365\/wp-json\/wp\/v2\/media?parent=13804"}],"wp:term":[{"taxonomy":"category","embeddable":true,"href":"https:\/\/eldigitaldeasturias.com\/magazine365\/wp-json\/wp\/v2\/categories?post=13804"},{"taxonomy":"post_tag","embeddable":true,"href":"https:\/\/eldigitaldeasturias.com\/magazine365\/wp-json\/wp\/v2\/tags?post=13804"}],"curies":[{"name":"wp","href":"https:\/\/api.w.org\/{rel}","templated":true}]}}