{"id":13801,"date":"2014-05-24T12:50:55","date_gmt":"2014-05-24T14:50:55","guid":{"rendered":"http:\/\/eldigitaldeasturias.com\/magazine365\/?p=13801"},"modified":"2014-05-24T12:50:55","modified_gmt":"2014-05-24T14:50:55","slug":"la-francesa-les-combattants-arrasa-en-la-quincena-de-realizadores-de-cannes","status":"publish","type":"post","link":"https:\/\/eldigitaldeasturias.com\/magazine365\/la-francesa-les-combattants-arrasa-en-la-quincena-de-realizadores-de-cannes\/","title":{"rendered":"La francesa \u00abLes Combattants\u00bb arrasa en La Quincena de Realizadores de Cannes"},"content":{"rendered":"<p><img fetchpriority=\"high\" decoding=\"async\" class=\"alignleft size-medium wp-image-13802\" alt=\"6295214w\" src=\"https:\/\/eldigitaldeasturias.com\/magazine365\/wp-content\/uploads\/2014\/05\/6295214w-360x238.jpg\" width=\"360\" height=\"238\" \/>(EFE).- La comedia rom\u00e1ntica \u00abLe Combattants\u00bb, primer largometraje del franc\u00e9s Thomas Cailley, se llev\u00f3 hoy los tres principales galardones de La Quincena de Realizadores de Cannes, secci\u00f3n paralela del Festival de Cannes.<\/p>\n<p>La cinta, una historia de amor y supervivencia a partes iguales interpretada por Kevin Aza\u00efs y Ad\u00e8le Haenel se llev\u00f3 el Art Cinema Award, el premio Label Europa Cinema y el que otorga la Sociedad de Autores y Compositores Dram\u00e1ticos.<\/p>\n<p>El galard\u00f3n al mejor cortometraje fue para la portuguesa Margarida Rego por la cinta \u00abA ca\u00e7a revolu\u00e7oes\u00bb, mientras que el corto rumano \u00abTrece si prin perete\u00bb, de Radu Jude, recibi\u00f3 una menci\u00f3n del jurado.<\/p>\n<p>Se qued\u00f3 sin galard\u00f3n \u00abRefugiado\u00bb, un trabajo del director argentino Diego Lerman que cautiv\u00f3 al p\u00fablico en su estreno con la historia que narra la huida de Laura (Julieta D\u00edaz) y su hijo Mat\u00edas (Sebasti\u00e1n Molinaro) para escapar de los golpes de un padre que apalea a su esposa embarazada.<\/p>\n","protected":false},"excerpt":{"rendered":"<p>(EFE).- La comedia rom\u00e1ntica \u00abLe Combattants\u00bb, primer largometraje del franc\u00e9s Thomas Cailley, se llev\u00f3 hoy los tres principales galardones de La Quincena de Realizadores de Cannes, secci\u00f3n paralela del Festival de Cannes. La cinta, una historia de amor y supervivencia a partes iguales interpretada por Kevin Aza\u00efs y Ad\u00e8le Haenel se llev\u00f3 el Art Cinema<\/p>\n","protected":false},"author":1,"featured_media":13802,"comment_status":"open","ping_status":"closed","sticky":false,"template":"","format":"standard","meta":{"footnotes":""},"categories":[224],"tags":[],"class_list":{"0":"post-13801","1":"post","2":"type-post","3":"status-publish","4":"format-standard","5":"has-post-thumbnail","7":"category-noticias-actualidad"},"aioseo_notices":[],"aioseo_head":"\n\t\t<!-- All in One SEO Pro 4.9.6.1 - aioseo.com -->\n\t<meta name=\"description\" content=\"(EFE).- La comedia rom\u00e1ntica &quot;Le Combattants&quot;, primer largometraje del franc\u00e9s Thomas Cailley, se llev\u00f3 hoy los tres principales galardones de La Quincena de Realizadores de Cannes, secci\u00f3n paralela del Festival de Cannes. La cinta, una historia de amor y supervivencia a partes iguales interpretada por Kevin Aza\u00efs y Ad\u00e8le Haenel se llev\u00f3 el Art Cinema\" \/>\n\t<meta name=\"robots\" content=\"max-image-preview:large\" \/>\n\t<meta name=\"author\" content=\"admin\"\/>\n\t<meta name=\"google-site-verification\" content=\"UA-38556648-1\" \/>\n\t<meta name=\"keywords\" content=\"noticias y actualidad\" \/>\n\t<link rel=\"canonical\" href=\"https:\/\/eldigitaldeasturias.com\/magazine365\/la-francesa-les-combattants-arrasa-en-la-quincena-de-realizadores-de-cannes\/\" \/>\n\t<meta name=\"generator\" content=\"All in One SEO Pro (AIOSEO) 4.9.6.1\" \/>\n\t\t<meta property=\"og:locale\" content=\"es_ES\" \/>\n\t\t<meta property=\"og:site_name\" content=\"El Digital de Asturias \u2013 Revista de ocio, turismo y estilo de vida\" \/>\n\t\t<meta property=\"og:type\" content=\"article\" \/>\n\t\t<meta property=\"og:title\" content=\"La francesa \u00abLes Combattants\u00bb arrasa en La Quincena de Realizadores de Cannes | El Digital de Asturias\" \/>\n\t\t<meta property=\"og:description\" content=\"(EFE).- La comedia rom\u00e1ntica &quot;Le Combattants&quot;, primer largometraje del franc\u00e9s Thomas Cailley, se llev\u00f3 hoy los tres principales galardones de La Quincena de Realizadores de Cannes, secci\u00f3n paralela del Festival de Cannes. La cinta, una historia de amor y supervivencia a partes iguales interpretada por Kevin Aza\u00efs y Ad\u00e8le Haenel se llev\u00f3 el Art Cinema\" \/>\n\t\t<meta property=\"og:url\" content=\"https:\/\/eldigitaldeasturias.com\/magazine365\/la-francesa-les-combattants-arrasa-en-la-quincena-de-realizadores-de-cannes\/\" \/>\n\t\t<meta property=\"og:image\" content=\"https:\/\/eldigitaldeasturias.com\/magazine365\/wp-content\/uploads\/2014\/05\/6295214w.jpg\" \/>\n\t\t<meta property=\"og:image:secure_url\" content=\"https:\/\/eldigitaldeasturias.com\/magazine365\/wp-content\/uploads\/2014\/05\/6295214w.jpg\" \/>\n\t\t<meta property=\"og:image:width\" content=\"800\" \/>\n\t\t<meta property=\"og:image:height\" content=\"531\" \/>\n\t\t<meta property=\"article:published_time\" content=\"2014-05-24T14:50:55+00:00\" \/>\n\t\t<meta property=\"article:modified_time\" content=\"2014-05-24T14:50:55+00:00\" \/>\n\t\t<meta name=\"twitter:card\" content=\"summary_large_image\" \/>\n\t\t<meta name=\"twitter:title\" content=\"La francesa \u00abLes Combattants\u00bb arrasa en La Quincena de Realizadores de Cannes | El Digital de Asturias\" \/>\n\t\t<meta name=\"twitter:description\" content=\"(EFE).- La comedia rom\u00e1ntica &quot;Le Combattants&quot;, primer largometraje del franc\u00e9s Thomas Cailley, se llev\u00f3 hoy los tres principales galardones de La Quincena de Realizadores de Cannes, secci\u00f3n paralela del Festival de Cannes. La cinta, una historia de amor y supervivencia a partes iguales interpretada por Kevin Aza\u00efs y Ad\u00e8le Haenel se llev\u00f3 el Art Cinema\" \/>\n\t\t<meta name=\"twitter:image\" content=\"https:\/\/eldigitaldeasturias.com\/magazine365\/wp-content\/uploads\/2014\/05\/6295214w.jpg\" \/>\n\t\t<script type=\"application\/ld+json\" class=\"aioseo-schema\">\n\t\t\t{\"@context\":\"https:\\\/\\\/schema.org\",\"@graph\":[{\"@type\":\"Article\",\"@id\":\"https:\\\/\\\/eldigitaldeasturias.com\\\/magazine365\\\/la-francesa-les-combattants-arrasa-en-la-quincena-de-realizadores-de-cannes\\\/#article\",\"name\":\"La francesa \\u00abLes Combattants\\u00bb arrasa en La Quincena de Realizadores de Cannes | El Digital de Asturias\",\"headline\":\"La francesa \\u00abLes Combattants\\u00bb arrasa en La Quincena de Realizadores de Cannes\",\"author\":{\"@id\":\"https:\\\/\\\/eldigitaldeasturias.com\\\/magazine365\\\/author\\\/admin\\\/#author\"},\"publisher\":{\"@id\":\"https:\\\/\\\/eldigitaldeasturias.com\\\/magazine365\\\/#organization\"},\"image\":{\"@type\":\"ImageObject\",\"url\":\"https:\\\/\\\/eldigitaldeasturias.com\\\/magazine365\\\/wp-content\\\/uploads\\\/2014\\\/05\\\/6295214w.jpg\",\"width\":800,\"height\":531},\"datePublished\":\"2014-05-24T12:50:55+02:00\",\"dateModified\":\"2014-05-24T12:50:55+02:00\",\"inLanguage\":\"es-ES\",\"mainEntityOfPage\":{\"@id\":\"https:\\\/\\\/eldigitaldeasturias.com\\\/magazine365\\\/la-francesa-les-combattants-arrasa-en-la-quincena-de-realizadores-de-cannes\\\/#webpage\"},\"isPartOf\":{\"@id\":\"https:\\\/\\\/eldigitaldeasturias.com\\\/magazine365\\\/la-francesa-les-combattants-arrasa-en-la-quincena-de-realizadores-de-cannes\\\/#webpage\"},\"articleSection\":\"Noticias y Actualidad\"},{\"@type\":\"BreadcrumbList\",\"@id\":\"https:\\\/\\\/eldigitaldeasturias.com\\\/magazine365\\\/la-francesa-les-combattants-arrasa-en-la-quincena-de-realizadores-de-cannes\\\/#breadcrumblist\",\"itemListElement\":[{\"@type\":\"ListItem\",\"@id\":\"https:\\\/\\\/eldigitaldeasturias.com\\\/magazine365#listItem\",\"position\":1,\"name\":\"Home\",\"item\":\"https:\\\/\\\/eldigitaldeasturias.com\\\/magazine365\",\"nextItem\":{\"@type\":\"ListItem\",\"@id\":\"https:\\\/\\\/eldigitaldeasturias.com\\\/magazine365\\\/category\\\/noticias-actualidad\\\/#listItem\",\"name\":\"Noticias y Actualidad\"}},{\"@type\":\"ListItem\",\"@id\":\"https:\\\/\\\/eldigitaldeasturias.com\\\/magazine365\\\/category\\\/noticias-actualidad\\\/#listItem\",\"position\":2,\"name\":\"Noticias y Actualidad\",\"item\":\"https:\\\/\\\/eldigitaldeasturias.com\\\/magazine365\\\/category\\\/noticias-actualidad\\\/\",\"nextItem\":{\"@type\":\"ListItem\",\"@id\":\"https:\\\/\\\/eldigitaldeasturias.com\\\/magazine365\\\/la-francesa-les-combattants-arrasa-en-la-quincena-de-realizadores-de-cannes\\\/#listItem\",\"name\":\"La francesa \\u00abLes Combattants\\u00bb arrasa en La Quincena de Realizadores de Cannes\"},\"previousItem\":{\"@type\":\"ListItem\",\"@id\":\"https:\\\/\\\/eldigitaldeasturias.com\\\/magazine365#listItem\",\"name\":\"Home\"}},{\"@type\":\"ListItem\",\"@id\":\"https:\\\/\\\/eldigitaldeasturias.com\\\/magazine365\\\/la-francesa-les-combattants-arrasa-en-la-quincena-de-realizadores-de-cannes\\\/#listItem\",\"position\":3,\"name\":\"La francesa \\u00abLes Combattants\\u00bb arrasa en La Quincena de Realizadores de Cannes\",\"previousItem\":{\"@type\":\"ListItem\",\"@id\":\"https:\\\/\\\/eldigitaldeasturias.com\\\/magazine365\\\/category\\\/noticias-actualidad\\\/#listItem\",\"name\":\"Noticias y Actualidad\"}}]},{\"@type\":\"Organization\",\"@id\":\"https:\\\/\\\/eldigitaldeasturias.com\\\/magazine365\\\/#organization\",\"name\":\"El digital de Asturias\",\"description\":\"Revista de ocio, turismo y estilo de vida\",\"url\":\"https:\\\/\\\/eldigitaldeasturias.com\\\/magazine365\\\/\",\"logo\":{\"@type\":\"ImageObject\",\"url\":\"https:\\\/\\\/www.eldigitaldeasturias.com\\\/noticias\\\/wp-content\\\/uploads\\\/2020\\\/12\\\/EDA.jpg\",\"@id\":\"https:\\\/\\\/eldigitaldeasturias.com\\\/magazine365\\\/la-francesa-les-combattants-arrasa-en-la-quincena-de-realizadores-de-cannes\\\/#organizationLogo\"},\"image\":{\"@id\":\"https:\\\/\\\/eldigitaldeasturias.com\\\/magazine365\\\/la-francesa-les-combattants-arrasa-en-la-quincena-de-realizadores-de-cannes\\\/#organizationLogo\"}},{\"@type\":\"Person\",\"@id\":\"https:\\\/\\\/eldigitaldeasturias.com\\\/magazine365\\\/author\\\/admin\\\/#author\",\"url\":\"https:\\\/\\\/eldigitaldeasturias.com\\\/magazine365\\\/author\\\/admin\\\/\",\"name\":\"admin\",\"image\":{\"@type\":\"ImageObject\",\"@id\":\"https:\\\/\\\/eldigitaldeasturias.com\\\/magazine365\\\/la-francesa-les-combattants-arrasa-en-la-quincena-de-realizadores-de-cannes\\\/#authorImage\",\"url\":\"https:\\\/\\\/eldigitaldeasturias.com\\\/magazine365\\\/wp-content\\\/litespeed\\\/avatar\\\/e571bcf59a0edd6fa6838245a470f2fe.jpg?ver=1776969259\",\"width\":96,\"height\":96,\"caption\":\"admin\"}},{\"@type\":\"WebPage\",\"@id\":\"https:\\\/\\\/eldigitaldeasturias.com\\\/magazine365\\\/la-francesa-les-combattants-arrasa-en-la-quincena-de-realizadores-de-cannes\\\/#webpage\",\"url\":\"https:\\\/\\\/eldigitaldeasturias.com\\\/magazine365\\\/la-francesa-les-combattants-arrasa-en-la-quincena-de-realizadores-de-cannes\\\/\",\"name\":\"La francesa \\u00abLes Combattants\\u00bb arrasa en La Quincena de Realizadores de Cannes | El Digital de Asturias\",\"description\":\"(EFE).- La comedia rom\\u00e1ntica \\\"Le Combattants\\\", primer largometraje del franc\\u00e9s Thomas Cailley, se llev\\u00f3 hoy los tres principales galardones de La Quincena de Realizadores de Cannes, secci\\u00f3n paralela del Festival de Cannes. La cinta, una historia de amor y supervivencia a partes iguales interpretada por Kevin Aza\\u00efs y Ad\\u00e8le Haenel se llev\\u00f3 el Art Cinema\",\"inLanguage\":\"es-ES\",\"isPartOf\":{\"@id\":\"https:\\\/\\\/eldigitaldeasturias.com\\\/magazine365\\\/#website\"},\"breadcrumb\":{\"@id\":\"https:\\\/\\\/eldigitaldeasturias.com\\\/magazine365\\\/la-francesa-les-combattants-arrasa-en-la-quincena-de-realizadores-de-cannes\\\/#breadcrumblist\"},\"author\":{\"@id\":\"https:\\\/\\\/eldigitaldeasturias.com\\\/magazine365\\\/author\\\/admin\\\/#author\"},\"creator\":{\"@id\":\"https:\\\/\\\/eldigitaldeasturias.com\\\/magazine365\\\/author\\\/admin\\\/#author\"},\"image\":{\"@type\":\"ImageObject\",\"url\":\"https:\\\/\\\/eldigitaldeasturias.com\\\/magazine365\\\/wp-content\\\/uploads\\\/2014\\\/05\\\/6295214w.jpg\",\"@id\":\"https:\\\/\\\/eldigitaldeasturias.com\\\/magazine365\\\/la-francesa-les-combattants-arrasa-en-la-quincena-de-realizadores-de-cannes\\\/#mainImage\",\"width\":800,\"height\":531},\"primaryImageOfPage\":{\"@id\":\"https:\\\/\\\/eldigitaldeasturias.com\\\/magazine365\\\/la-francesa-les-combattants-arrasa-en-la-quincena-de-realizadores-de-cannes\\\/#mainImage\"},\"datePublished\":\"2014-05-24T12:50:55+02:00\",\"dateModified\":\"2014-05-24T12:50:55+02:00\"},{\"@type\":\"WebSite\",\"@id\":\"https:\\\/\\\/eldigitaldeasturias.com\\\/magazine365\\\/#website\",\"url\":\"https:\\\/\\\/eldigitaldeasturias.com\\\/magazine365\\\/\",\"name\":\"El Digital de Asturias\",\"description\":\"Revista de ocio, turismo y estilo de vida\",\"inLanguage\":\"es-ES\",\"publisher\":{\"@id\":\"https:\\\/\\\/eldigitaldeasturias.com\\\/magazine365\\\/#organization\"}}]}\n\t\t<\/script>\n\t\t<!-- All in One SEO Pro -->\r\n\t\t<title>La francesa \u00abLes Combattants\u00bb arrasa en La Quincena de Realizadores de Cannes | El Digital de Asturias<\/title>\n\n","aioseo_head_json":{"title":"La francesa \u00abLes Combattants\u00bb arrasa en La Quincena de Realizadores de Cannes | El Digital de Asturias","description":"(EFE).- La comedia rom\u00e1ntica \"Le Combattants\", primer largometraje del franc\u00e9s Thomas Cailley, se llev\u00f3 hoy los tres principales galardones de La Quincena de Realizadores de Cannes, secci\u00f3n paralela del Festival de Cannes. La cinta, una historia de amor y supervivencia a partes iguales interpretada por Kevin Aza\u00efs y Ad\u00e8le Haenel se llev\u00f3 el Art Cinema","canonical_url":"https:\/\/eldigitaldeasturias.com\/magazine365\/la-francesa-les-combattants-arrasa-en-la-quincena-de-realizadores-de-cannes\/","robots":"max-image-preview:large","keywords":"noticias y actualidad","webmasterTools":{"google-site-verification":"UA-38556648-1","miscellaneous":""},"schema":{"@context":"https:\/\/schema.org","@graph":[{"@type":"Article","@id":"https:\/\/eldigitaldeasturias.com\/magazine365\/la-francesa-les-combattants-arrasa-en-la-quincena-de-realizadores-de-cannes\/#article","name":"La francesa \u00abLes Combattants\u00bb arrasa en La Quincena de Realizadores de Cannes | El Digital de Asturias","headline":"La francesa \u00abLes Combattants\u00bb arrasa en La Quincena de Realizadores de Cannes","author":{"@id":"https:\/\/eldigitaldeasturias.com\/magazine365\/author\/admin\/#author"},"publisher":{"@id":"https:\/\/eldigitaldeasturias.com\/magazine365\/#organization"},"image":{"@type":"ImageObject","url":"https:\/\/eldigitaldeasturias.com\/magazine365\/wp-content\/uploads\/2014\/05\/6295214w.jpg","width":800,"height":531},"datePublished":"2014-05-24T12:50:55+02:00","dateModified":"2014-05-24T12:50:55+02:00","inLanguage":"es-ES","mainEntityOfPage":{"@id":"https:\/\/eldigitaldeasturias.com\/magazine365\/la-francesa-les-combattants-arrasa-en-la-quincena-de-realizadores-de-cannes\/#webpage"},"isPartOf":{"@id":"https:\/\/eldigitaldeasturias.com\/magazine365\/la-francesa-les-combattants-arrasa-en-la-quincena-de-realizadores-de-cannes\/#webpage"},"articleSection":"Noticias y Actualidad"},{"@type":"BreadcrumbList","@id":"https:\/\/eldigitaldeasturias.com\/magazine365\/la-francesa-les-combattants-arrasa-en-la-quincena-de-realizadores-de-cannes\/#breadcrumblist","itemListElement":[{"@type":"ListItem","@id":"https:\/\/eldigitaldeasturias.com\/magazine365#listItem","position":1,"name":"Home","item":"https:\/\/eldigitaldeasturias.com\/magazine365","nextItem":{"@type":"ListItem","@id":"https:\/\/eldigitaldeasturias.com\/magazine365\/category\/noticias-actualidad\/#listItem","name":"Noticias y Actualidad"}},{"@type":"ListItem","@id":"https:\/\/eldigitaldeasturias.com\/magazine365\/category\/noticias-actualidad\/#listItem","position":2,"name":"Noticias y Actualidad","item":"https:\/\/eldigitaldeasturias.com\/magazine365\/category\/noticias-actualidad\/","nextItem":{"@type":"ListItem","@id":"https:\/\/eldigitaldeasturias.com\/magazine365\/la-francesa-les-combattants-arrasa-en-la-quincena-de-realizadores-de-cannes\/#listItem","name":"La francesa \u00abLes Combattants\u00bb arrasa en La Quincena de Realizadores de Cannes"},"previousItem":{"@type":"ListItem","@id":"https:\/\/eldigitaldeasturias.com\/magazine365#listItem","name":"Home"}},{"@type":"ListItem","@id":"https:\/\/eldigitaldeasturias.com\/magazine365\/la-francesa-les-combattants-arrasa-en-la-quincena-de-realizadores-de-cannes\/#listItem","position":3,"name":"La francesa \u00abLes Combattants\u00bb arrasa en La Quincena de Realizadores de Cannes","previousItem":{"@type":"ListItem","@id":"https:\/\/eldigitaldeasturias.com\/magazine365\/category\/noticias-actualidad\/#listItem","name":"Noticias y Actualidad"}}]},{"@type":"Organization","@id":"https:\/\/eldigitaldeasturias.com\/magazine365\/#organization","name":"El digital de Asturias","description":"Revista de ocio, turismo y estilo de vida","url":"https:\/\/eldigitaldeasturias.com\/magazine365\/","logo":{"@type":"ImageObject","url":"https:\/\/www.eldigitaldeasturias.com\/noticias\/wp-content\/uploads\/2020\/12\/EDA.jpg","@id":"https:\/\/eldigitaldeasturias.com\/magazine365\/la-francesa-les-combattants-arrasa-en-la-quincena-de-realizadores-de-cannes\/#organizationLogo"},"image":{"@id":"https:\/\/eldigitaldeasturias.com\/magazine365\/la-francesa-les-combattants-arrasa-en-la-quincena-de-realizadores-de-cannes\/#organizationLogo"}},{"@type":"Person","@id":"https:\/\/eldigitaldeasturias.com\/magazine365\/author\/admin\/#author","url":"https:\/\/eldigitaldeasturias.com\/magazine365\/author\/admin\/","name":"admin","image":{"@type":"ImageObject","@id":"https:\/\/eldigitaldeasturias.com\/magazine365\/la-francesa-les-combattants-arrasa-en-la-quincena-de-realizadores-de-cannes\/#authorImage","url":"https:\/\/eldigitaldeasturias.com\/magazine365\/wp-content\/litespeed\/avatar\/e571bcf59a0edd6fa6838245a470f2fe.jpg?ver=1776969259","width":96,"height":96,"caption":"admin"}},{"@type":"WebPage","@id":"https:\/\/eldigitaldeasturias.com\/magazine365\/la-francesa-les-combattants-arrasa-en-la-quincena-de-realizadores-de-cannes\/#webpage","url":"https:\/\/eldigitaldeasturias.com\/magazine365\/la-francesa-les-combattants-arrasa-en-la-quincena-de-realizadores-de-cannes\/","name":"La francesa \u00abLes Combattants\u00bb arrasa en La Quincena de Realizadores de Cannes | El Digital de Asturias","description":"(EFE).- La comedia rom\u00e1ntica \"Le Combattants\", primer largometraje del franc\u00e9s Thomas Cailley, se llev\u00f3 hoy los tres principales galardones de La Quincena de Realizadores de Cannes, secci\u00f3n paralela del Festival de Cannes. La cinta, una historia de amor y supervivencia a partes iguales interpretada por Kevin Aza\u00efs y Ad\u00e8le Haenel se llev\u00f3 el Art Cinema","inLanguage":"es-ES","isPartOf":{"@id":"https:\/\/eldigitaldeasturias.com\/magazine365\/#website"},"breadcrumb":{"@id":"https:\/\/eldigitaldeasturias.com\/magazine365\/la-francesa-les-combattants-arrasa-en-la-quincena-de-realizadores-de-cannes\/#breadcrumblist"},"author":{"@id":"https:\/\/eldigitaldeasturias.com\/magazine365\/author\/admin\/#author"},"creator":{"@id":"https:\/\/eldigitaldeasturias.com\/magazine365\/author\/admin\/#author"},"image":{"@type":"ImageObject","url":"https:\/\/eldigitaldeasturias.com\/magazine365\/wp-content\/uploads\/2014\/05\/6295214w.jpg","@id":"https:\/\/eldigitaldeasturias.com\/magazine365\/la-francesa-les-combattants-arrasa-en-la-quincena-de-realizadores-de-cannes\/#mainImage","width":800,"height":531},"primaryImageOfPage":{"@id":"https:\/\/eldigitaldeasturias.com\/magazine365\/la-francesa-les-combattants-arrasa-en-la-quincena-de-realizadores-de-cannes\/#mainImage"},"datePublished":"2014-05-24T12:50:55+02:00","dateModified":"2014-05-24T12:50:55+02:00"},{"@type":"WebSite","@id":"https:\/\/eldigitaldeasturias.com\/magazine365\/#website","url":"https:\/\/eldigitaldeasturias.com\/magazine365\/","name":"El Digital de Asturias","description":"Revista de ocio, turismo y estilo de vida","inLanguage":"es-ES","publisher":{"@id":"https:\/\/eldigitaldeasturias.com\/magazine365\/#organization"}}]},"og:locale":"es_ES","og:site_name":"El Digital de Asturias \u2013 Revista de ocio, turismo y estilo de vida","og:type":"article","og:title":"La francesa \u00abLes Combattants\u00bb arrasa en La Quincena de Realizadores de Cannes | El Digital de Asturias","og:description":"(EFE).- La comedia rom\u00e1ntica &quot;Le Combattants&quot;, primer largometraje del franc\u00e9s Thomas Cailley, se llev\u00f3 hoy los tres principales galardones de La Quincena de Realizadores de Cannes, secci\u00f3n paralela del Festival de Cannes. La cinta, una historia de amor y supervivencia a partes iguales interpretada por Kevin Aza\u00efs y Ad\u00e8le Haenel se llev\u00f3 el Art Cinema","og:url":"https:\/\/eldigitaldeasturias.com\/magazine365\/la-francesa-les-combattants-arrasa-en-la-quincena-de-realizadores-de-cannes\/","og:image":"https:\/\/eldigitaldeasturias.com\/magazine365\/wp-content\/uploads\/2014\/05\/6295214w.jpg","og:image:secure_url":"https:\/\/eldigitaldeasturias.com\/magazine365\/wp-content\/uploads\/2014\/05\/6295214w.jpg","og:image:width":800,"og:image:height":531,"article:published_time":"2014-05-24T14:50:55+00:00","article:modified_time":"2014-05-24T14:50:55+00:00","twitter:card":"summary_large_image","twitter:title":"La francesa \u00abLes Combattants\u00bb arrasa en La Quincena de Realizadores de Cannes | El Digital de Asturias","twitter:description":"(EFE).- La comedia rom\u00e1ntica &quot;Le Combattants&quot;, primer largometraje del franc\u00e9s Thomas Cailley, se llev\u00f3 hoy los tres principales galardones de La Quincena de Realizadores de Cannes, secci\u00f3n paralela del Festival de Cannes. La cinta, una historia de amor y supervivencia a partes iguales interpretada por Kevin Aza\u00efs y Ad\u00e8le Haenel se llev\u00f3 el Art Cinema","twitter:image":"https:\/\/eldigitaldeasturias.com\/magazine365\/wp-content\/uploads\/2014\/05\/6295214w.jpg"},"aioseo_meta_data":{"post_id":"13801","title":null,"description":null,"keywords":null,"keyphrases":null,"primary_term":null,"canonical_url":null,"og_title":null,"og_description":null,"og_object_type":"default","og_image_type":"default","og_image_url":null,"og_image_width":null,"og_image_height":null,"og_image_custom_url":null,"og_image_custom_fields":null,"og_video":null,"og_custom_url":null,"og_article_section":null,"og_article_tags":null,"twitter_use_og":false,"twitter_card":"default","twitter_image_type":"default","twitter_image_url":null,"twitter_image_custom_url":null,"twitter_image_custom_fields":null,"twitter_title":null,"twitter_description":null,"schema":{"blockGraphs":[],"customGraphs":[],"default":{"data":{"Article":[],"Course":[],"Dataset":[],"FAQPage":[],"Movie":[],"Person":[],"Product":[],"ProductReview":[],"Car":[],"Recipe":[],"Service":[],"SoftwareApplication":[],"WebPage":[]},"graphName":"","isEnabled":true},"graphs":[],"defaultGraph":"","defaultPostTypeGraph":""},"schema_type":null,"schema_type_options":null,"pillar_content":false,"robots_default":true,"robots_noindex":false,"robots_noarchive":false,"robots_nosnippet":false,"robots_nofollow":false,"robots_noimageindex":false,"robots_noodp":false,"robots_notranslate":false,"robots_max_snippet":null,"robots_max_videopreview":null,"robots_max_imagepreview":"large","priority":null,"frequency":null,"location":null,"local_seo":null,"seo_analyzer_scan_date":"2025-09-17 08:59:04","breadcrumb_settings":null,"limit_modified_date":false,"open_ai":null,"ai":null,"created":"2021-03-09 08:23:49","updated":"2025-09-17 08:59:04"},"aioseo_breadcrumb":"<div class=\"aioseo-breadcrumbs\"><span class=\"aioseo-breadcrumb\">\n\t<a href=\"https:\/\/eldigitaldeasturias.com\/magazine365\" title=\"Home\">Home<\/a>\n<\/span><span class=\"aioseo-breadcrumb-separator\">\u2013<\/span><span class=\"aioseo-breadcrumb\">\n\t<a href=\"https:\/\/eldigitaldeasturias.com\/magazine365\/category\/noticias-actualidad\/\" title=\"Noticias y Actualidad\">Noticias y Actualidad<\/a>\n<\/span><span class=\"aioseo-breadcrumb-separator\">\u2013<\/span><span class=\"aioseo-breadcrumb\">\n\t<a href=\"https:\/\/eldigitaldeasturias.com\/magazine365\/la-francesa-les-combattants-arrasa-en-la-quincena-de-realizadores-de-cannes\/\" title=\"La francesa \u00abLes Combattants\u00bb arrasa en La Quincena de Realizadores de Cannes\">La francesa \u00abLes Combattants\u00bb arrasa en La Quincena de Realizadores de Cannes<\/a>\n<\/span><\/div>","aioseo_breadcrumb_json":[{"label":"Home","link":"https:\/\/eldigitaldeasturias.com\/magazine365"},{"label":"Noticias y Actualidad","link":"https:\/\/eldigitaldeasturias.com\/magazine365\/category\/noticias-actualidad\/"},{"label":"La francesa \u00abLes Combattants\u00bb arrasa en La Quincena de Realizadores de Cannes","link":"https:\/\/eldigitaldeasturias.com\/magazine365\/la-francesa-les-combattants-arrasa-en-la-quincena-de-realizadores-de-cannes\/"}],"_links":{"self":[{"href":"https:\/\/eldigitaldeasturias.com\/magazine365\/wp-json\/wp\/v2\/posts\/13801","targetHints":{"allow":["GET"]}}],"collection":[{"href":"https:\/\/eldigitaldeasturias.com\/magazine365\/wp-json\/wp\/v2\/posts"}],"about":[{"href":"https:\/\/eldigitaldeasturias.com\/magazine365\/wp-json\/wp\/v2\/types\/post"}],"author":[{"embeddable":true,"href":"https:\/\/eldigitaldeasturias.com\/magazine365\/wp-json\/wp\/v2\/users\/1"}],"replies":[{"embeddable":true,"href":"https:\/\/eldigitaldeasturias.com\/magazine365\/wp-json\/wp\/v2\/comments?post=13801"}],"version-history":[{"count":0,"href":"https:\/\/eldigitaldeasturias.com\/magazine365\/wp-json\/wp\/v2\/posts\/13801\/revisions"}],"wp:featuredmedia":[{"embeddable":true,"href":"https:\/\/eldigitaldeasturias.com\/magazine365\/wp-json\/wp\/v2\/media\/13802"}],"wp:attachment":[{"href":"https:\/\/eldigitaldeasturias.com\/magazine365\/wp-json\/wp\/v2\/media?parent=13801"}],"wp:term":[{"taxonomy":"category","embeddable":true,"href":"https:\/\/eldigitaldeasturias.com\/magazine365\/wp-json\/wp\/v2\/categories?post=13801"},{"taxonomy":"post_tag","embeddable":true,"href":"https:\/\/eldigitaldeasturias.com\/magazine365\/wp-json\/wp\/v2\/tags?post=13801"}],"curies":[{"name":"wp","href":"https:\/\/api.w.org\/{rel}","templated":true}]}}