{"id":13798,"date":"2014-05-24T12:48:50","date_gmt":"2014-05-24T14:48:50","guid":{"rendered":"http:\/\/eldigitaldeasturias.com\/magazine365\/?p=13798"},"modified":"2014-05-24T12:48:50","modified_gmt":"2014-05-24T14:48:50","slug":"charly-una-mirada-personal-del-rockero-argentino-a-traves-de-la-camara","status":"publish","type":"post","link":"https:\/\/eldigitaldeasturias.com\/magazine365\/charly-una-mirada-personal-del-rockero-argentino-a-traves-de-la-camara\/","title":{"rendered":"\u00abCharly\u00bb, una mirada personal del rockero argentino a trav\u00e9s de la c\u00e1mara"},"content":{"rendered":"<p><img fetchpriority=\"high\" decoding=\"async\" class=\"alignleft size-medium wp-image-13799\" alt=\"6295159w\" src=\"https:\/\/eldigitaldeasturias.com\/magazine365\/wp-content\/uploads\/2014\/05\/6295159w-360x233.jpg\" width=\"360\" height=\"233\" srcset=\"https:\/\/eldigitaldeasturias.com\/magazine365\/wp-content\/uploads\/2014\/05\/6295159w-360x233.jpg 360w, https:\/\/eldigitaldeasturias.com\/magazine365\/wp-content\/uploads\/2014\/05\/6295159w-650x421.jpg 650w, https:\/\/eldigitaldeasturias.com\/magazine365\/wp-content\/uploads\/2014\/05\/6295159w-768x497.jpg 768w, https:\/\/eldigitaldeasturias.com\/magazine365\/wp-content\/uploads\/2014\/05\/6295159w-150x97.jpg 150w, https:\/\/eldigitaldeasturias.com\/magazine365\/wp-content\/uploads\/2014\/05\/6295159w-450x291.jpg 450w, https:\/\/eldigitaldeasturias.com\/magazine365\/wp-content\/uploads\/2014\/05\/6295159w-696x451.jpg 696w, https:\/\/eldigitaldeasturias.com\/magazine365\/wp-content\/uploads\/2014\/05\/6295159w-649x420.jpg 649w, https:\/\/eldigitaldeasturias.com\/magazine365\/wp-content\/uploads\/2014\/05\/6295159w-225x145.jpg 225w, https:\/\/eldigitaldeasturias.com\/magazine365\/wp-content\/uploads\/2014\/05\/6295159w-84x55.jpg 84w, https:\/\/eldigitaldeasturias.com\/magazine365\/wp-content\/uploads\/2014\/05\/6295159w.jpg 800w\" sizes=\"(max-width: 360px) 100vw, 360px\" \/>(EFE).- A trav\u00e9s de su lente, el fot\u00f3grafo Maximiliano Vernazza repasa en im\u00e1genes 17 a\u00f1os retratando al rockero argentino Charly Garc\u00eda, en una exposici\u00f3n en Buenos Aires, en la que ofrece una mirada personal de uno de los iconos de la m\u00fasica latinoamericana.<\/p>\n<p>Son 39 fotograf\u00edas \u00abplenas\u00bb, y de distintos tama\u00f1os, que conforman una \u00abmuestra viva\u00bb y que tuvieron como punto de partida un trabajo para la revista Gente, donde Vernazza trabaja.<\/p>\n<p>\u00abMi primer contacto con Charly fue en 1996, a trav\u00e9s de una nota para ese medio\u00bb, explica el fot\u00f3grafo argentino en una entrevista con Efe en la que asegura que el rockero se ha convertido ya en parte de su familia.<\/p>\n<p>Desde ese primer encuentro surgi\u00f3 un inter\u00e9s mutuo. \u00abEn mi caso me empez\u00f3 a interesar como trabajo personal, y a veces me llamaba \u00e9l si se le ocurr\u00eda alguna cosa para hacer\u00bb, indica Vernazza, quien con el tiempo se convirti\u00f3 en el fot\u00f3grafo de cabecera de Garc\u00eda.<\/p>\n<p>\u00abNos hicimos amigos y a \u00e9l le gust\u00f3 mi trabajo\u00bb, remarca.<\/p>\n<p>De todos los momentos captados a trav\u00e9s de su c\u00e1mara, surgi\u00f3 hace tres a\u00f1os la exposici\u00f3n \u00abEl Charly que yo conozco\u00bb, que reun\u00eda 26 im\u00e1genes del artista argentino y que despu\u00e9s de presentarse en el Centro Cultural Recoleta de Buenos Aires recorri\u00f3 durante meses varias provincias del pa\u00eds.<\/p>\n<p>La actual colecci\u00f3n, que lleva como t\u00edtulo simplemente \u00abCharly\u00bb, se diferencia de la anterior en la \u00abplenitud\u00bb de las im\u00e1genes e incluye nuevas instant\u00e1neas del m\u00fasico actuando en el Gran Rex y en el Teatro Col\u00f3n de la capital argentina.<\/p>\n<p>\u00abSon fotos de 60&#215;90, que van desde el 97 hasta diciembre de 2013\u00bb, explica Vernazza, quien asegura que no tiene \u00abni idea\u00bb del n\u00famero exacto de im\u00e1genes del rockero que ha ido acumulando a lo largo de estos a\u00f1os. \u00abTal vez, miles y miles\u00bb, apunta.<\/p>\n<p>De todas ellas, siente especial predilecci\u00f3n por dos: \u00abla que capta los detalles de su mano pintada y entre los dedos un cigarrillo, y otra tomada durante una prueba de sonido en el Col\u00f3n. Charly est\u00e1 de espaldas y se ve de fondo el teatro vac\u00edo\u00bb.<\/p>\n<p>A trav\u00e9s de su lente el fot\u00f3grafo ha podido ver la evoluci\u00f3n, musical y personal, del rockero argentino, al que define como una persona \u00abmuy especial\u00bb.<\/p>\n<p>\u00abCharly es una persona muy especial, su forma de vivir es muy especial. Ha cambiado, ahora sabe en qu\u00e9 d\u00eda y en qu\u00e9 hora vive, antes no ten\u00eda ni idea. No ten\u00eda noci\u00f3n, ni la necesitaba\u00bb, explica Vernazza.<\/p>\n<p>Seg\u00fan el fot\u00f3grafo, la fragilidad de su salud ha sido clave para que el cantante se haya serenado y tomado contacto con la realidad, \u00abpero con la del mundo, no con la de \u00e9l, porque \u00e9l vive en otra realidad\u00bb, puntualiza.<\/p>\n<p>\u00abDespu\u00e9s de estar internado, cuando estuvo muy grave, est\u00e1 un poco m\u00e1s normal. En esta nueva etapa ve mucha televisi\u00f3n y eso le hace estar m\u00e1s conectado con el mundo. Est\u00e1 m\u00e1s tranquilo, m\u00e1s cuidado y m\u00e1s grande, porque no, nadie puede estar como estaba toda la vida\u00bb, precisa.<\/p>\n<p>\u00abTambi\u00e9n es cierto -prosigue Vernazza- que para poder hacer lo que hacen ellos (los grandes artistas) tienen que tener un grado de locura, sino no es normal. Yo no podr\u00eda. Por eso creo que Charly hay uno solo. Yo lo comparo mucho con Maradona\u00bb.<\/p>\n<p>Con todas las im\u00e1genes que componen la exposici\u00f3n \u00abCharly\u00bb el fot\u00f3grafo planea editar un cat\u00e1logo: \u00abEst\u00e1 propuesto, ojal\u00e1 que se d\u00e9.<\/p>\n<p>Su relaci\u00f3n con el rockero, al que ve tres o cuatro veces al a\u00f1o, contin\u00faa. \u00abEste a\u00f1o no lo he visto a\u00fan, pero estoy en contacto, y si le hago fotos y veo que se puede, se incorporar\u00e1n a la muestra\u00bb, dice Vernazza.<\/p>\n<p>&nbsp;<\/p>\n<p>Alida Juliani S\u00e1nchez<\/p>\n","protected":false},"excerpt":{"rendered":"<p>(EFE).- A trav\u00e9s de su lente, el fot\u00f3grafo Maximiliano Vernazza repasa en im\u00e1genes 17 a\u00f1os retratando al rockero argentino Charly Garc\u00eda, en una exposici\u00f3n en Buenos Aires, en la que ofrece una mirada personal de uno de los iconos de la m\u00fasica latinoamericana. Son 39 fotograf\u00edas \u00abplenas\u00bb, y de distintos tama\u00f1os, que conforman una \u00abmuestra<\/p>\n","protected":false},"author":1,"featured_media":13799,"comment_status":"open","ping_status":"closed","sticky":false,"template":"","format":"standard","meta":{"footnotes":""},"categories":[224],"tags":[],"class_list":{"0":"post-13798","1":"post","2":"type-post","3":"status-publish","4":"format-standard","5":"has-post-thumbnail","7":"category-noticias-actualidad"},"aioseo_notices":[],"aioseo_head":"\n\t\t<!-- All in One SEO Pro 4.9.6.1 - aioseo.com -->\n\t<meta name=\"description\" content=\"(EFE).- A trav\u00e9s de su lente, el fot\u00f3grafo Maximiliano Vernazza repasa en im\u00e1genes 17 a\u00f1os retratando al rockero argentino Charly Garc\u00eda, en una exposici\u00f3n en Buenos Aires, en la que ofrece una mirada personal de uno de los iconos de la m\u00fasica latinoamericana. Son 39 fotograf\u00edas &quot;plenas&quot;, y de distintos tama\u00f1os, que conforman una &quot;muestra\" \/>\n\t<meta name=\"robots\" content=\"max-image-preview:large\" \/>\n\t<meta name=\"author\" content=\"admin\"\/>\n\t<meta name=\"google-site-verification\" content=\"UA-38556648-1\" \/>\n\t<meta name=\"keywords\" content=\"noticias y actualidad\" \/>\n\t<link rel=\"canonical\" href=\"https:\/\/eldigitaldeasturias.com\/magazine365\/charly-una-mirada-personal-del-rockero-argentino-a-traves-de-la-camara\/\" \/>\n\t<meta name=\"generator\" content=\"All in One SEO Pro (AIOSEO) 4.9.6.1\" \/>\n\t\t<meta property=\"og:locale\" content=\"es_ES\" \/>\n\t\t<meta property=\"og:site_name\" content=\"El Digital de Asturias \u2013 Revista de ocio, turismo y estilo de vida\" \/>\n\t\t<meta property=\"og:type\" content=\"article\" \/>\n\t\t<meta property=\"og:title\" content=\"\u00abCharly\u00bb, una mirada personal del rockero argentino a trav\u00e9s de la c\u00e1mara | El Digital de Asturias\" \/>\n\t\t<meta property=\"og:description\" content=\"(EFE).- A trav\u00e9s de su lente, el fot\u00f3grafo Maximiliano Vernazza repasa en im\u00e1genes 17 a\u00f1os retratando al rockero argentino Charly Garc\u00eda, en una exposici\u00f3n en Buenos Aires, en la que ofrece una mirada personal de uno de los iconos de la m\u00fasica latinoamericana. Son 39 fotograf\u00edas &quot;plenas&quot;, y de distintos tama\u00f1os, que conforman una &quot;muestra\" \/>\n\t\t<meta property=\"og:url\" content=\"https:\/\/eldigitaldeasturias.com\/magazine365\/charly-una-mirada-personal-del-rockero-argentino-a-traves-de-la-camara\/\" \/>\n\t\t<meta property=\"og:image\" content=\"https:\/\/eldigitaldeasturias.com\/magazine365\/wp-content\/uploads\/2014\/05\/6295159w.jpg\" \/>\n\t\t<meta property=\"og:image:secure_url\" content=\"https:\/\/eldigitaldeasturias.com\/magazine365\/wp-content\/uploads\/2014\/05\/6295159w.jpg\" \/>\n\t\t<meta property=\"og:image:width\" content=\"800\" \/>\n\t\t<meta property=\"og:image:height\" content=\"518\" \/>\n\t\t<meta property=\"article:published_time\" content=\"2014-05-24T14:48:50+00:00\" \/>\n\t\t<meta property=\"article:modified_time\" content=\"2014-05-24T14:48:50+00:00\" \/>\n\t\t<meta name=\"twitter:card\" content=\"summary_large_image\" \/>\n\t\t<meta name=\"twitter:title\" content=\"\u00abCharly\u00bb, una mirada personal del rockero argentino a trav\u00e9s de la c\u00e1mara | El Digital de Asturias\" \/>\n\t\t<meta name=\"twitter:description\" content=\"(EFE).- A trav\u00e9s de su lente, el fot\u00f3grafo Maximiliano Vernazza repasa en im\u00e1genes 17 a\u00f1os retratando al rockero argentino Charly Garc\u00eda, en una exposici\u00f3n en Buenos Aires, en la que ofrece una mirada personal de uno de los iconos de la m\u00fasica latinoamericana. Son 39 fotograf\u00edas &quot;plenas&quot;, y de distintos tama\u00f1os, que conforman una &quot;muestra\" \/>\n\t\t<meta name=\"twitter:image\" content=\"https:\/\/eldigitaldeasturias.com\/magazine365\/wp-content\/uploads\/2014\/05\/6295159w.jpg\" \/>\n\t\t<script type=\"application\/ld+json\" class=\"aioseo-schema\">\n\t\t\t{\"@context\":\"https:\\\/\\\/schema.org\",\"@graph\":[{\"@type\":\"Article\",\"@id\":\"https:\\\/\\\/eldigitaldeasturias.com\\\/magazine365\\\/charly-una-mirada-personal-del-rockero-argentino-a-traves-de-la-camara\\\/#article\",\"name\":\"\\u00abCharly\\u00bb, una mirada personal del rockero argentino a trav\\u00e9s de la c\\u00e1mara | El Digital de Asturias\",\"headline\":\"\\u00abCharly\\u00bb, una mirada personal del rockero argentino a trav\\u00e9s de la c\\u00e1mara\",\"author\":{\"@id\":\"https:\\\/\\\/eldigitaldeasturias.com\\\/magazine365\\\/author\\\/admin\\\/#author\"},\"publisher\":{\"@id\":\"https:\\\/\\\/eldigitaldeasturias.com\\\/magazine365\\\/#organization\"},\"image\":{\"@type\":\"ImageObject\",\"url\":\"https:\\\/\\\/eldigitaldeasturias.com\\\/magazine365\\\/wp-content\\\/uploads\\\/2014\\\/05\\\/6295159w.jpg\",\"width\":800,\"height\":518},\"datePublished\":\"2014-05-24T12:48:50+02:00\",\"dateModified\":\"2014-05-24T12:48:50+02:00\",\"inLanguage\":\"es-ES\",\"mainEntityOfPage\":{\"@id\":\"https:\\\/\\\/eldigitaldeasturias.com\\\/magazine365\\\/charly-una-mirada-personal-del-rockero-argentino-a-traves-de-la-camara\\\/#webpage\"},\"isPartOf\":{\"@id\":\"https:\\\/\\\/eldigitaldeasturias.com\\\/magazine365\\\/charly-una-mirada-personal-del-rockero-argentino-a-traves-de-la-camara\\\/#webpage\"},\"articleSection\":\"Noticias y Actualidad\"},{\"@type\":\"BreadcrumbList\",\"@id\":\"https:\\\/\\\/eldigitaldeasturias.com\\\/magazine365\\\/charly-una-mirada-personal-del-rockero-argentino-a-traves-de-la-camara\\\/#breadcrumblist\",\"itemListElement\":[{\"@type\":\"ListItem\",\"@id\":\"https:\\\/\\\/eldigitaldeasturias.com\\\/magazine365#listItem\",\"position\":1,\"name\":\"Home\",\"item\":\"https:\\\/\\\/eldigitaldeasturias.com\\\/magazine365\",\"nextItem\":{\"@type\":\"ListItem\",\"@id\":\"https:\\\/\\\/eldigitaldeasturias.com\\\/magazine365\\\/category\\\/noticias-actualidad\\\/#listItem\",\"name\":\"Noticias y Actualidad\"}},{\"@type\":\"ListItem\",\"@id\":\"https:\\\/\\\/eldigitaldeasturias.com\\\/magazine365\\\/category\\\/noticias-actualidad\\\/#listItem\",\"position\":2,\"name\":\"Noticias y Actualidad\",\"item\":\"https:\\\/\\\/eldigitaldeasturias.com\\\/magazine365\\\/category\\\/noticias-actualidad\\\/\",\"nextItem\":{\"@type\":\"ListItem\",\"@id\":\"https:\\\/\\\/eldigitaldeasturias.com\\\/magazine365\\\/charly-una-mirada-personal-del-rockero-argentino-a-traves-de-la-camara\\\/#listItem\",\"name\":\"\\u00abCharly\\u00bb, una mirada personal del rockero argentino a trav\\u00e9s de la c\\u00e1mara\"},\"previousItem\":{\"@type\":\"ListItem\",\"@id\":\"https:\\\/\\\/eldigitaldeasturias.com\\\/magazine365#listItem\",\"name\":\"Home\"}},{\"@type\":\"ListItem\",\"@id\":\"https:\\\/\\\/eldigitaldeasturias.com\\\/magazine365\\\/charly-una-mirada-personal-del-rockero-argentino-a-traves-de-la-camara\\\/#listItem\",\"position\":3,\"name\":\"\\u00abCharly\\u00bb, una mirada personal del rockero argentino a trav\\u00e9s de la c\\u00e1mara\",\"previousItem\":{\"@type\":\"ListItem\",\"@id\":\"https:\\\/\\\/eldigitaldeasturias.com\\\/magazine365\\\/category\\\/noticias-actualidad\\\/#listItem\",\"name\":\"Noticias y Actualidad\"}}]},{\"@type\":\"Organization\",\"@id\":\"https:\\\/\\\/eldigitaldeasturias.com\\\/magazine365\\\/#organization\",\"name\":\"El digital de Asturias\",\"description\":\"Revista de ocio, turismo y estilo de vida\",\"url\":\"https:\\\/\\\/eldigitaldeasturias.com\\\/magazine365\\\/\",\"logo\":{\"@type\":\"ImageObject\",\"url\":\"https:\\\/\\\/www.eldigitaldeasturias.com\\\/noticias\\\/wp-content\\\/uploads\\\/2020\\\/12\\\/EDA.jpg\",\"@id\":\"https:\\\/\\\/eldigitaldeasturias.com\\\/magazine365\\\/charly-una-mirada-personal-del-rockero-argentino-a-traves-de-la-camara\\\/#organizationLogo\"},\"image\":{\"@id\":\"https:\\\/\\\/eldigitaldeasturias.com\\\/magazine365\\\/charly-una-mirada-personal-del-rockero-argentino-a-traves-de-la-camara\\\/#organizationLogo\"}},{\"@type\":\"Person\",\"@id\":\"https:\\\/\\\/eldigitaldeasturias.com\\\/magazine365\\\/author\\\/admin\\\/#author\",\"url\":\"https:\\\/\\\/eldigitaldeasturias.com\\\/magazine365\\\/author\\\/admin\\\/\",\"name\":\"admin\",\"image\":{\"@type\":\"ImageObject\",\"@id\":\"https:\\\/\\\/eldigitaldeasturias.com\\\/magazine365\\\/charly-una-mirada-personal-del-rockero-argentino-a-traves-de-la-camara\\\/#authorImage\",\"url\":\"https:\\\/\\\/eldigitaldeasturias.com\\\/magazine365\\\/wp-content\\\/litespeed\\\/avatar\\\/e571bcf59a0edd6fa6838245a470f2fe.jpg?ver=1776969259\",\"width\":96,\"height\":96,\"caption\":\"admin\"}},{\"@type\":\"WebPage\",\"@id\":\"https:\\\/\\\/eldigitaldeasturias.com\\\/magazine365\\\/charly-una-mirada-personal-del-rockero-argentino-a-traves-de-la-camara\\\/#webpage\",\"url\":\"https:\\\/\\\/eldigitaldeasturias.com\\\/magazine365\\\/charly-una-mirada-personal-del-rockero-argentino-a-traves-de-la-camara\\\/\",\"name\":\"\\u00abCharly\\u00bb, una mirada personal del rockero argentino a trav\\u00e9s de la c\\u00e1mara | El Digital de Asturias\",\"description\":\"(EFE).- A trav\\u00e9s de su lente, el fot\\u00f3grafo Maximiliano Vernazza repasa en im\\u00e1genes 17 a\\u00f1os retratando al rockero argentino Charly Garc\\u00eda, en una exposici\\u00f3n en Buenos Aires, en la que ofrece una mirada personal de uno de los iconos de la m\\u00fasica latinoamericana. Son 39 fotograf\\u00edas \\\"plenas\\\", y de distintos tama\\u00f1os, que conforman una \\\"muestra\",\"inLanguage\":\"es-ES\",\"isPartOf\":{\"@id\":\"https:\\\/\\\/eldigitaldeasturias.com\\\/magazine365\\\/#website\"},\"breadcrumb\":{\"@id\":\"https:\\\/\\\/eldigitaldeasturias.com\\\/magazine365\\\/charly-una-mirada-personal-del-rockero-argentino-a-traves-de-la-camara\\\/#breadcrumblist\"},\"author\":{\"@id\":\"https:\\\/\\\/eldigitaldeasturias.com\\\/magazine365\\\/author\\\/admin\\\/#author\"},\"creator\":{\"@id\":\"https:\\\/\\\/eldigitaldeasturias.com\\\/magazine365\\\/author\\\/admin\\\/#author\"},\"image\":{\"@type\":\"ImageObject\",\"url\":\"https:\\\/\\\/eldigitaldeasturias.com\\\/magazine365\\\/wp-content\\\/uploads\\\/2014\\\/05\\\/6295159w.jpg\",\"@id\":\"https:\\\/\\\/eldigitaldeasturias.com\\\/magazine365\\\/charly-una-mirada-personal-del-rockero-argentino-a-traves-de-la-camara\\\/#mainImage\",\"width\":800,\"height\":518},\"primaryImageOfPage\":{\"@id\":\"https:\\\/\\\/eldigitaldeasturias.com\\\/magazine365\\\/charly-una-mirada-personal-del-rockero-argentino-a-traves-de-la-camara\\\/#mainImage\"},\"datePublished\":\"2014-05-24T12:48:50+02:00\",\"dateModified\":\"2014-05-24T12:48:50+02:00\"},{\"@type\":\"WebSite\",\"@id\":\"https:\\\/\\\/eldigitaldeasturias.com\\\/magazine365\\\/#website\",\"url\":\"https:\\\/\\\/eldigitaldeasturias.com\\\/magazine365\\\/\",\"name\":\"El Digital de Asturias\",\"description\":\"Revista de ocio, turismo y estilo de vida\",\"inLanguage\":\"es-ES\",\"publisher\":{\"@id\":\"https:\\\/\\\/eldigitaldeasturias.com\\\/magazine365\\\/#organization\"}}]}\n\t\t<\/script>\n\t\t<!-- All in One SEO Pro -->\r\n\t\t<title>\u00abCharly\u00bb, una mirada personal del rockero argentino a trav\u00e9s de la c\u00e1mara | El Digital de Asturias<\/title>\n\n","aioseo_head_json":{"title":"\u00abCharly\u00bb, una mirada personal del rockero argentino a trav\u00e9s de la c\u00e1mara | El Digital de Asturias","description":"(EFE).- A trav\u00e9s de su lente, el fot\u00f3grafo Maximiliano Vernazza repasa en im\u00e1genes 17 a\u00f1os retratando al rockero argentino Charly Garc\u00eda, en una exposici\u00f3n en Buenos Aires, en la que ofrece una mirada personal de uno de los iconos de la m\u00fasica latinoamericana. Son 39 fotograf\u00edas \"plenas\", y de distintos tama\u00f1os, que conforman una \"muestra","canonical_url":"https:\/\/eldigitaldeasturias.com\/magazine365\/charly-una-mirada-personal-del-rockero-argentino-a-traves-de-la-camara\/","robots":"max-image-preview:large","keywords":"noticias y actualidad","webmasterTools":{"google-site-verification":"UA-38556648-1","miscellaneous":""},"schema":{"@context":"https:\/\/schema.org","@graph":[{"@type":"Article","@id":"https:\/\/eldigitaldeasturias.com\/magazine365\/charly-una-mirada-personal-del-rockero-argentino-a-traves-de-la-camara\/#article","name":"\u00abCharly\u00bb, una mirada personal del rockero argentino a trav\u00e9s de la c\u00e1mara | El Digital de Asturias","headline":"\u00abCharly\u00bb, una mirada personal del rockero argentino a trav\u00e9s de la c\u00e1mara","author":{"@id":"https:\/\/eldigitaldeasturias.com\/magazine365\/author\/admin\/#author"},"publisher":{"@id":"https:\/\/eldigitaldeasturias.com\/magazine365\/#organization"},"image":{"@type":"ImageObject","url":"https:\/\/eldigitaldeasturias.com\/magazine365\/wp-content\/uploads\/2014\/05\/6295159w.jpg","width":800,"height":518},"datePublished":"2014-05-24T12:48:50+02:00","dateModified":"2014-05-24T12:48:50+02:00","inLanguage":"es-ES","mainEntityOfPage":{"@id":"https:\/\/eldigitaldeasturias.com\/magazine365\/charly-una-mirada-personal-del-rockero-argentino-a-traves-de-la-camara\/#webpage"},"isPartOf":{"@id":"https:\/\/eldigitaldeasturias.com\/magazine365\/charly-una-mirada-personal-del-rockero-argentino-a-traves-de-la-camara\/#webpage"},"articleSection":"Noticias y Actualidad"},{"@type":"BreadcrumbList","@id":"https:\/\/eldigitaldeasturias.com\/magazine365\/charly-una-mirada-personal-del-rockero-argentino-a-traves-de-la-camara\/#breadcrumblist","itemListElement":[{"@type":"ListItem","@id":"https:\/\/eldigitaldeasturias.com\/magazine365#listItem","position":1,"name":"Home","item":"https:\/\/eldigitaldeasturias.com\/magazine365","nextItem":{"@type":"ListItem","@id":"https:\/\/eldigitaldeasturias.com\/magazine365\/category\/noticias-actualidad\/#listItem","name":"Noticias y Actualidad"}},{"@type":"ListItem","@id":"https:\/\/eldigitaldeasturias.com\/magazine365\/category\/noticias-actualidad\/#listItem","position":2,"name":"Noticias y Actualidad","item":"https:\/\/eldigitaldeasturias.com\/magazine365\/category\/noticias-actualidad\/","nextItem":{"@type":"ListItem","@id":"https:\/\/eldigitaldeasturias.com\/magazine365\/charly-una-mirada-personal-del-rockero-argentino-a-traves-de-la-camara\/#listItem","name":"\u00abCharly\u00bb, una mirada personal del rockero argentino a trav\u00e9s de la c\u00e1mara"},"previousItem":{"@type":"ListItem","@id":"https:\/\/eldigitaldeasturias.com\/magazine365#listItem","name":"Home"}},{"@type":"ListItem","@id":"https:\/\/eldigitaldeasturias.com\/magazine365\/charly-una-mirada-personal-del-rockero-argentino-a-traves-de-la-camara\/#listItem","position":3,"name":"\u00abCharly\u00bb, una mirada personal del rockero argentino a trav\u00e9s de la c\u00e1mara","previousItem":{"@type":"ListItem","@id":"https:\/\/eldigitaldeasturias.com\/magazine365\/category\/noticias-actualidad\/#listItem","name":"Noticias y Actualidad"}}]},{"@type":"Organization","@id":"https:\/\/eldigitaldeasturias.com\/magazine365\/#organization","name":"El digital de Asturias","description":"Revista de ocio, turismo y estilo de vida","url":"https:\/\/eldigitaldeasturias.com\/magazine365\/","logo":{"@type":"ImageObject","url":"https:\/\/www.eldigitaldeasturias.com\/noticias\/wp-content\/uploads\/2020\/12\/EDA.jpg","@id":"https:\/\/eldigitaldeasturias.com\/magazine365\/charly-una-mirada-personal-del-rockero-argentino-a-traves-de-la-camara\/#organizationLogo"},"image":{"@id":"https:\/\/eldigitaldeasturias.com\/magazine365\/charly-una-mirada-personal-del-rockero-argentino-a-traves-de-la-camara\/#organizationLogo"}},{"@type":"Person","@id":"https:\/\/eldigitaldeasturias.com\/magazine365\/author\/admin\/#author","url":"https:\/\/eldigitaldeasturias.com\/magazine365\/author\/admin\/","name":"admin","image":{"@type":"ImageObject","@id":"https:\/\/eldigitaldeasturias.com\/magazine365\/charly-una-mirada-personal-del-rockero-argentino-a-traves-de-la-camara\/#authorImage","url":"https:\/\/eldigitaldeasturias.com\/magazine365\/wp-content\/litespeed\/avatar\/e571bcf59a0edd6fa6838245a470f2fe.jpg?ver=1776969259","width":96,"height":96,"caption":"admin"}},{"@type":"WebPage","@id":"https:\/\/eldigitaldeasturias.com\/magazine365\/charly-una-mirada-personal-del-rockero-argentino-a-traves-de-la-camara\/#webpage","url":"https:\/\/eldigitaldeasturias.com\/magazine365\/charly-una-mirada-personal-del-rockero-argentino-a-traves-de-la-camara\/","name":"\u00abCharly\u00bb, una mirada personal del rockero argentino a trav\u00e9s de la c\u00e1mara | El Digital de Asturias","description":"(EFE).- A trav\u00e9s de su lente, el fot\u00f3grafo Maximiliano Vernazza repasa en im\u00e1genes 17 a\u00f1os retratando al rockero argentino Charly Garc\u00eda, en una exposici\u00f3n en Buenos Aires, en la que ofrece una mirada personal de uno de los iconos de la m\u00fasica latinoamericana. Son 39 fotograf\u00edas \"plenas\", y de distintos tama\u00f1os, que conforman una \"muestra","inLanguage":"es-ES","isPartOf":{"@id":"https:\/\/eldigitaldeasturias.com\/magazine365\/#website"},"breadcrumb":{"@id":"https:\/\/eldigitaldeasturias.com\/magazine365\/charly-una-mirada-personal-del-rockero-argentino-a-traves-de-la-camara\/#breadcrumblist"},"author":{"@id":"https:\/\/eldigitaldeasturias.com\/magazine365\/author\/admin\/#author"},"creator":{"@id":"https:\/\/eldigitaldeasturias.com\/magazine365\/author\/admin\/#author"},"image":{"@type":"ImageObject","url":"https:\/\/eldigitaldeasturias.com\/magazine365\/wp-content\/uploads\/2014\/05\/6295159w.jpg","@id":"https:\/\/eldigitaldeasturias.com\/magazine365\/charly-una-mirada-personal-del-rockero-argentino-a-traves-de-la-camara\/#mainImage","width":800,"height":518},"primaryImageOfPage":{"@id":"https:\/\/eldigitaldeasturias.com\/magazine365\/charly-una-mirada-personal-del-rockero-argentino-a-traves-de-la-camara\/#mainImage"},"datePublished":"2014-05-24T12:48:50+02:00","dateModified":"2014-05-24T12:48:50+02:00"},{"@type":"WebSite","@id":"https:\/\/eldigitaldeasturias.com\/magazine365\/#website","url":"https:\/\/eldigitaldeasturias.com\/magazine365\/","name":"El Digital de Asturias","description":"Revista de ocio, turismo y estilo de vida","inLanguage":"es-ES","publisher":{"@id":"https:\/\/eldigitaldeasturias.com\/magazine365\/#organization"}}]},"og:locale":"es_ES","og:site_name":"El Digital de Asturias \u2013 Revista de ocio, turismo y estilo de vida","og:type":"article","og:title":"\u00abCharly\u00bb, una mirada personal del rockero argentino a trav\u00e9s de la c\u00e1mara | El Digital de Asturias","og:description":"(EFE).- A trav\u00e9s de su lente, el fot\u00f3grafo Maximiliano Vernazza repasa en im\u00e1genes 17 a\u00f1os retratando al rockero argentino Charly Garc\u00eda, en una exposici\u00f3n en Buenos Aires, en la que ofrece una mirada personal de uno de los iconos de la m\u00fasica latinoamericana. Son 39 fotograf\u00edas &quot;plenas&quot;, y de distintos tama\u00f1os, que conforman una &quot;muestra","og:url":"https:\/\/eldigitaldeasturias.com\/magazine365\/charly-una-mirada-personal-del-rockero-argentino-a-traves-de-la-camara\/","og:image":"https:\/\/eldigitaldeasturias.com\/magazine365\/wp-content\/uploads\/2014\/05\/6295159w.jpg","og:image:secure_url":"https:\/\/eldigitaldeasturias.com\/magazine365\/wp-content\/uploads\/2014\/05\/6295159w.jpg","og:image:width":800,"og:image:height":518,"article:published_time":"2014-05-24T14:48:50+00:00","article:modified_time":"2014-05-24T14:48:50+00:00","twitter:card":"summary_large_image","twitter:title":"\u00abCharly\u00bb, una mirada personal del rockero argentino a trav\u00e9s de la c\u00e1mara | El Digital de Asturias","twitter:description":"(EFE).- A trav\u00e9s de su lente, el fot\u00f3grafo Maximiliano Vernazza repasa en im\u00e1genes 17 a\u00f1os retratando al rockero argentino Charly Garc\u00eda, en una exposici\u00f3n en Buenos Aires, en la que ofrece una mirada personal de uno de los iconos de la m\u00fasica latinoamericana. Son 39 fotograf\u00edas &quot;plenas&quot;, y de distintos tama\u00f1os, que conforman una &quot;muestra","twitter:image":"https:\/\/eldigitaldeasturias.com\/magazine365\/wp-content\/uploads\/2014\/05\/6295159w.jpg"},"aioseo_meta_data":{"post_id":"13798","title":null,"description":null,"keywords":null,"keyphrases":null,"primary_term":null,"canonical_url":null,"og_title":null,"og_description":null,"og_object_type":"default","og_image_type":"default","og_image_url":null,"og_image_width":null,"og_image_height":null,"og_image_custom_url":null,"og_image_custom_fields":null,"og_video":null,"og_custom_url":null,"og_article_section":null,"og_article_tags":null,"twitter_use_og":false,"twitter_card":"default","twitter_image_type":"default","twitter_image_url":null,"twitter_image_custom_url":null,"twitter_image_custom_fields":null,"twitter_title":null,"twitter_description":null,"schema":{"blockGraphs":[],"customGraphs":[],"default":{"data":{"Article":[],"Course":[],"Dataset":[],"FAQPage":[],"Movie":[],"Person":[],"Product":[],"ProductReview":[],"Car":[],"Recipe":[],"Service":[],"SoftwareApplication":[],"WebPage":[]},"graphName":"","isEnabled":true},"graphs":[],"defaultGraph":"","defaultPostTypeGraph":""},"schema_type":null,"schema_type_options":null,"pillar_content":false,"robots_default":true,"robots_noindex":false,"robots_noarchive":false,"robots_nosnippet":false,"robots_nofollow":false,"robots_noimageindex":false,"robots_noodp":false,"robots_notranslate":false,"robots_max_snippet":null,"robots_max_videopreview":null,"robots_max_imagepreview":"large","priority":null,"frequency":null,"location":null,"local_seo":null,"seo_analyzer_scan_date":"2025-09-17 08:59:00","breadcrumb_settings":null,"limit_modified_date":false,"open_ai":null,"ai":null,"created":"2021-03-09 08:23:49","updated":"2025-09-17 08:59:00"},"aioseo_breadcrumb":"<div class=\"aioseo-breadcrumbs\"><span class=\"aioseo-breadcrumb\">\n\t<a href=\"https:\/\/eldigitaldeasturias.com\/magazine365\" title=\"Home\">Home<\/a>\n<\/span><span class=\"aioseo-breadcrumb-separator\">\u2013<\/span><span class=\"aioseo-breadcrumb\">\n\t<a href=\"https:\/\/eldigitaldeasturias.com\/magazine365\/category\/noticias-actualidad\/\" title=\"Noticias y Actualidad\">Noticias y Actualidad<\/a>\n<\/span><span class=\"aioseo-breadcrumb-separator\">\u2013<\/span><span class=\"aioseo-breadcrumb\">\n\t<a href=\"https:\/\/eldigitaldeasturias.com\/magazine365\/charly-una-mirada-personal-del-rockero-argentino-a-traves-de-la-camara\/\" title=\"\u00abCharly\u00bb, una mirada personal del rockero argentino a trav\u00e9s de la c\u00e1mara\">\u00abCharly\u00bb, una mirada personal del rockero argentino a trav\u00e9s de la c\u00e1mara<\/a>\n<\/span><\/div>","aioseo_breadcrumb_json":[{"label":"Home","link":"https:\/\/eldigitaldeasturias.com\/magazine365"},{"label":"Noticias y Actualidad","link":"https:\/\/eldigitaldeasturias.com\/magazine365\/category\/noticias-actualidad\/"},{"label":"\u00abCharly\u00bb, una mirada personal del rockero argentino a trav\u00e9s de la c\u00e1mara","link":"https:\/\/eldigitaldeasturias.com\/magazine365\/charly-una-mirada-personal-del-rockero-argentino-a-traves-de-la-camara\/"}],"_links":{"self":[{"href":"https:\/\/eldigitaldeasturias.com\/magazine365\/wp-json\/wp\/v2\/posts\/13798","targetHints":{"allow":["GET"]}}],"collection":[{"href":"https:\/\/eldigitaldeasturias.com\/magazine365\/wp-json\/wp\/v2\/posts"}],"about":[{"href":"https:\/\/eldigitaldeasturias.com\/magazine365\/wp-json\/wp\/v2\/types\/post"}],"author":[{"embeddable":true,"href":"https:\/\/eldigitaldeasturias.com\/magazine365\/wp-json\/wp\/v2\/users\/1"}],"replies":[{"embeddable":true,"href":"https:\/\/eldigitaldeasturias.com\/magazine365\/wp-json\/wp\/v2\/comments?post=13798"}],"version-history":[{"count":0,"href":"https:\/\/eldigitaldeasturias.com\/magazine365\/wp-json\/wp\/v2\/posts\/13798\/revisions"}],"wp:featuredmedia":[{"embeddable":true,"href":"https:\/\/eldigitaldeasturias.com\/magazine365\/wp-json\/wp\/v2\/media\/13799"}],"wp:attachment":[{"href":"https:\/\/eldigitaldeasturias.com\/magazine365\/wp-json\/wp\/v2\/media?parent=13798"}],"wp:term":[{"taxonomy":"category","embeddable":true,"href":"https:\/\/eldigitaldeasturias.com\/magazine365\/wp-json\/wp\/v2\/categories?post=13798"},{"taxonomy":"post_tag","embeddable":true,"href":"https:\/\/eldigitaldeasturias.com\/magazine365\/wp-json\/wp\/v2\/tags?post=13798"}],"curies":[{"name":"wp","href":"https:\/\/api.w.org\/{rel}","templated":true}]}}