{"id":13792,"date":"2014-05-24T12:46:20","date_gmt":"2014-05-24T14:46:20","guid":{"rendered":"http:\/\/eldigitaldeasturias.com\/magazine365\/?p=13792"},"modified":"2014-05-24T12:46:20","modified_gmt":"2014-05-24T14:46:20","slug":"pulp-fiction-vuelve-a-la-alfombra-roja-de-cannes-20-anos-despues","status":"publish","type":"post","link":"https:\/\/eldigitaldeasturias.com\/magazine365\/pulp-fiction-vuelve-a-la-alfombra-roja-de-cannes-20-anos-despues\/","title":{"rendered":"\u00abPulp Fiction\u00bb vuelve a la alfombra roja de Cannes 20 a\u00f1os despu\u00e9s"},"content":{"rendered":"<p><img fetchpriority=\"high\" decoding=\"async\" class=\"alignleft size-medium wp-image-13793\" alt=\"6294846w\" src=\"https:\/\/eldigitaldeasturias.com\/magazine365\/wp-content\/uploads\/2014\/05\/6294846w-360x247.jpg\" width=\"360\" height=\"247\" \/>(EFE).- Los protagonistas de \u00abPulp Fiction\u00bb, Quentin Tarantino y Uma Thurman, protagonizaron hoy la alfombra roja de Cannes, veinte a\u00f1os despu\u00e9s de que el filme de Quentin Tarantino lograra la Palma de Oro del festival.<\/p>\n<p>Travolta, acompa\u00f1ado por su mujer, Kelly Preston, y Thurman apuntaron incluso algunos pases del baile que realizaron en el filme y que se convirti\u00f3 en una de las escenas m\u00e1s emblem\u00e1ticas del cine de Tarantino.<\/p>\n<p>La actriz estadounidense resaltaba sobre la alfombra roja con un vaporoso y complicado vestido amarillo, de profundo escote y aperturas en la falda, mientras que Travolta y Tarantino optaron por trajes y corbatas negras, color elegido tambi\u00e9n por Preston, con un discreto conjunto de pantal\u00f3n y top.<\/p>\n<p>Travolta fue el m\u00e1s simp\u00e1tico en el desfile del equipo por la alfombra roja, haciendo bromas a los fot\u00f3grafos e induciendo a su equipo a seguir un poco el ritmo de la m\u00fasica.<\/p>\n<p>Poco despu\u00e9s de que el equipo de \u00abPulp Fiction\u00bb llegara, hicieron su paseo por la alfombra el director y los protagonistas de \u00abSils Maria\u00bb, la pel\u00edcula que cerr\u00f3 hoy la competici\u00f3n oficial del Festival de Cannes.<\/p>\n<p>Juliette Binoche, con falda negra y blusa blanca, apareci\u00f3 acompa\u00f1ada por Kristen Stewart, toda una sorpresa ya que la actriz estadounidense no compareci\u00f3 esta ma\u00f1ana en la rueda de prensa de presentaci\u00f3n del filme.<\/p>\n<p>Stewart, vestida con pantal\u00f3n y top en lam\u00e9 plateado, luc\u00eda melena pelirroja y media sonrisa en su paseo por la alfombra junto a Binoche y el director del filme, el franc\u00e9s Olivier Assayas.<\/p>\n","protected":false},"excerpt":{"rendered":"<p>(EFE).- Los protagonistas de \u00abPulp Fiction\u00bb, Quentin Tarantino y Uma Thurman, protagonizaron hoy la alfombra roja de Cannes, veinte a\u00f1os despu\u00e9s de que el filme de Quentin Tarantino lograra la Palma de Oro del festival. Travolta, acompa\u00f1ado por su mujer, Kelly Preston, y Thurman apuntaron incluso algunos pases del baile que realizaron en el filme<\/p>\n","protected":false},"author":1,"featured_media":13793,"comment_status":"open","ping_status":"closed","sticky":false,"template":"","format":"standard","meta":{"footnotes":""},"categories":[224],"tags":[],"class_list":{"0":"post-13792","1":"post","2":"type-post","3":"status-publish","4":"format-standard","5":"has-post-thumbnail","7":"category-noticias-actualidad"},"aioseo_notices":[],"aioseo_head":"\n\t\t<!-- All in One SEO Pro 4.9.6.1 - aioseo.com -->\n\t<meta name=\"description\" content=\"(EFE).- Los protagonistas de &quot;Pulp Fiction&quot;, Quentin Tarantino y Uma Thurman, protagonizaron hoy la alfombra roja de Cannes, veinte a\u00f1os despu\u00e9s de que el filme de Quentin Tarantino lograra la Palma de Oro del festival. Travolta, acompa\u00f1ado por su mujer, Kelly Preston, y Thurman apuntaron incluso algunos pases del baile que realizaron en el filme\" \/>\n\t<meta name=\"robots\" content=\"max-image-preview:large\" \/>\n\t<meta name=\"author\" content=\"admin\"\/>\n\t<meta name=\"google-site-verification\" content=\"UA-38556648-1\" \/>\n\t<meta name=\"keywords\" content=\"noticias y actualidad\" \/>\n\t<link rel=\"canonical\" href=\"https:\/\/eldigitaldeasturias.com\/magazine365\/pulp-fiction-vuelve-a-la-alfombra-roja-de-cannes-20-anos-despues\/\" \/>\n\t<meta name=\"generator\" content=\"All in One SEO Pro (AIOSEO) 4.9.6.1\" \/>\n\t\t<meta property=\"og:locale\" content=\"es_ES\" \/>\n\t\t<meta property=\"og:site_name\" content=\"El Digital de Asturias \u2013 Revista de ocio, turismo y estilo de vida\" \/>\n\t\t<meta property=\"og:type\" content=\"article\" \/>\n\t\t<meta property=\"og:title\" content=\"\u00abPulp Fiction\u00bb vuelve a la alfombra roja de Cannes 20 a\u00f1os despu\u00e9s | El Digital de Asturias\" \/>\n\t\t<meta property=\"og:description\" content=\"(EFE).- Los protagonistas de &quot;Pulp Fiction&quot;, Quentin Tarantino y Uma Thurman, protagonizaron hoy la alfombra roja de Cannes, veinte a\u00f1os despu\u00e9s de que el filme de Quentin Tarantino lograra la Palma de Oro del festival. Travolta, acompa\u00f1ado por su mujer, Kelly Preston, y Thurman apuntaron incluso algunos pases del baile que realizaron en el filme\" \/>\n\t\t<meta property=\"og:url\" content=\"https:\/\/eldigitaldeasturias.com\/magazine365\/pulp-fiction-vuelve-a-la-alfombra-roja-de-cannes-20-anos-despues\/\" \/>\n\t\t<meta property=\"og:image\" content=\"https:\/\/eldigitaldeasturias.com\/magazine365\/wp-content\/uploads\/2014\/05\/6294846w.jpg\" \/>\n\t\t<meta property=\"og:image:secure_url\" content=\"https:\/\/eldigitaldeasturias.com\/magazine365\/wp-content\/uploads\/2014\/05\/6294846w.jpg\" \/>\n\t\t<meta property=\"og:image:width\" content=\"800\" \/>\n\t\t<meta property=\"og:image:height\" content=\"551\" \/>\n\t\t<meta property=\"article:published_time\" content=\"2014-05-24T14:46:20+00:00\" \/>\n\t\t<meta property=\"article:modified_time\" content=\"2014-05-24T14:46:20+00:00\" \/>\n\t\t<meta name=\"twitter:card\" content=\"summary_large_image\" \/>\n\t\t<meta name=\"twitter:title\" content=\"\u00abPulp Fiction\u00bb vuelve a la alfombra roja de Cannes 20 a\u00f1os despu\u00e9s | El Digital de Asturias\" \/>\n\t\t<meta name=\"twitter:description\" content=\"(EFE).- Los protagonistas de &quot;Pulp Fiction&quot;, Quentin Tarantino y Uma Thurman, protagonizaron hoy la alfombra roja de Cannes, veinte a\u00f1os despu\u00e9s de que el filme de Quentin Tarantino lograra la Palma de Oro del festival. Travolta, acompa\u00f1ado por su mujer, Kelly Preston, y Thurman apuntaron incluso algunos pases del baile que realizaron en el filme\" \/>\n\t\t<meta name=\"twitter:image\" content=\"https:\/\/eldigitaldeasturias.com\/magazine365\/wp-content\/uploads\/2014\/05\/6294846w.jpg\" \/>\n\t\t<script type=\"application\/ld+json\" class=\"aioseo-schema\">\n\t\t\t{\"@context\":\"https:\\\/\\\/schema.org\",\"@graph\":[{\"@type\":\"Article\",\"@id\":\"https:\\\/\\\/eldigitaldeasturias.com\\\/magazine365\\\/pulp-fiction-vuelve-a-la-alfombra-roja-de-cannes-20-anos-despues\\\/#article\",\"name\":\"\\u00abPulp Fiction\\u00bb vuelve a la alfombra roja de Cannes 20 a\\u00f1os despu\\u00e9s | El Digital de Asturias\",\"headline\":\"\\u00abPulp Fiction\\u00bb vuelve a la alfombra roja de Cannes 20 a\\u00f1os despu\\u00e9s\",\"author\":{\"@id\":\"https:\\\/\\\/eldigitaldeasturias.com\\\/magazine365\\\/author\\\/admin\\\/#author\"},\"publisher\":{\"@id\":\"https:\\\/\\\/eldigitaldeasturias.com\\\/magazine365\\\/#organization\"},\"image\":{\"@type\":\"ImageObject\",\"url\":\"https:\\\/\\\/eldigitaldeasturias.com\\\/magazine365\\\/wp-content\\\/uploads\\\/2014\\\/05\\\/6294846w.jpg\",\"width\":800,\"height\":551},\"datePublished\":\"2014-05-24T12:46:20+02:00\",\"dateModified\":\"2014-05-24T12:46:20+02:00\",\"inLanguage\":\"es-ES\",\"mainEntityOfPage\":{\"@id\":\"https:\\\/\\\/eldigitaldeasturias.com\\\/magazine365\\\/pulp-fiction-vuelve-a-la-alfombra-roja-de-cannes-20-anos-despues\\\/#webpage\"},\"isPartOf\":{\"@id\":\"https:\\\/\\\/eldigitaldeasturias.com\\\/magazine365\\\/pulp-fiction-vuelve-a-la-alfombra-roja-de-cannes-20-anos-despues\\\/#webpage\"},\"articleSection\":\"Noticias y Actualidad\"},{\"@type\":\"BreadcrumbList\",\"@id\":\"https:\\\/\\\/eldigitaldeasturias.com\\\/magazine365\\\/pulp-fiction-vuelve-a-la-alfombra-roja-de-cannes-20-anos-despues\\\/#breadcrumblist\",\"itemListElement\":[{\"@type\":\"ListItem\",\"@id\":\"https:\\\/\\\/eldigitaldeasturias.com\\\/magazine365#listItem\",\"position\":1,\"name\":\"Home\",\"item\":\"https:\\\/\\\/eldigitaldeasturias.com\\\/magazine365\",\"nextItem\":{\"@type\":\"ListItem\",\"@id\":\"https:\\\/\\\/eldigitaldeasturias.com\\\/magazine365\\\/category\\\/noticias-actualidad\\\/#listItem\",\"name\":\"Noticias y Actualidad\"}},{\"@type\":\"ListItem\",\"@id\":\"https:\\\/\\\/eldigitaldeasturias.com\\\/magazine365\\\/category\\\/noticias-actualidad\\\/#listItem\",\"position\":2,\"name\":\"Noticias y Actualidad\",\"item\":\"https:\\\/\\\/eldigitaldeasturias.com\\\/magazine365\\\/category\\\/noticias-actualidad\\\/\",\"nextItem\":{\"@type\":\"ListItem\",\"@id\":\"https:\\\/\\\/eldigitaldeasturias.com\\\/magazine365\\\/pulp-fiction-vuelve-a-la-alfombra-roja-de-cannes-20-anos-despues\\\/#listItem\",\"name\":\"\\u00abPulp Fiction\\u00bb vuelve a la alfombra roja de Cannes 20 a\\u00f1os despu\\u00e9s\"},\"previousItem\":{\"@type\":\"ListItem\",\"@id\":\"https:\\\/\\\/eldigitaldeasturias.com\\\/magazine365#listItem\",\"name\":\"Home\"}},{\"@type\":\"ListItem\",\"@id\":\"https:\\\/\\\/eldigitaldeasturias.com\\\/magazine365\\\/pulp-fiction-vuelve-a-la-alfombra-roja-de-cannes-20-anos-despues\\\/#listItem\",\"position\":3,\"name\":\"\\u00abPulp Fiction\\u00bb vuelve a la alfombra roja de Cannes 20 a\\u00f1os despu\\u00e9s\",\"previousItem\":{\"@type\":\"ListItem\",\"@id\":\"https:\\\/\\\/eldigitaldeasturias.com\\\/magazine365\\\/category\\\/noticias-actualidad\\\/#listItem\",\"name\":\"Noticias y Actualidad\"}}]},{\"@type\":\"Organization\",\"@id\":\"https:\\\/\\\/eldigitaldeasturias.com\\\/magazine365\\\/#organization\",\"name\":\"El digital de Asturias\",\"description\":\"Revista de ocio, turismo y estilo de vida\",\"url\":\"https:\\\/\\\/eldigitaldeasturias.com\\\/magazine365\\\/\",\"logo\":{\"@type\":\"ImageObject\",\"url\":\"https:\\\/\\\/www.eldigitaldeasturias.com\\\/noticias\\\/wp-content\\\/uploads\\\/2020\\\/12\\\/EDA.jpg\",\"@id\":\"https:\\\/\\\/eldigitaldeasturias.com\\\/magazine365\\\/pulp-fiction-vuelve-a-la-alfombra-roja-de-cannes-20-anos-despues\\\/#organizationLogo\"},\"image\":{\"@id\":\"https:\\\/\\\/eldigitaldeasturias.com\\\/magazine365\\\/pulp-fiction-vuelve-a-la-alfombra-roja-de-cannes-20-anos-despues\\\/#organizationLogo\"}},{\"@type\":\"Person\",\"@id\":\"https:\\\/\\\/eldigitaldeasturias.com\\\/magazine365\\\/author\\\/admin\\\/#author\",\"url\":\"https:\\\/\\\/eldigitaldeasturias.com\\\/magazine365\\\/author\\\/admin\\\/\",\"name\":\"admin\",\"image\":{\"@type\":\"ImageObject\",\"@id\":\"https:\\\/\\\/eldigitaldeasturias.com\\\/magazine365\\\/pulp-fiction-vuelve-a-la-alfombra-roja-de-cannes-20-anos-despues\\\/#authorImage\",\"url\":\"https:\\\/\\\/eldigitaldeasturias.com\\\/magazine365\\\/wp-content\\\/litespeed\\\/avatar\\\/e571bcf59a0edd6fa6838245a470f2fe.jpg?ver=1776969259\",\"width\":96,\"height\":96,\"caption\":\"admin\"}},{\"@type\":\"WebPage\",\"@id\":\"https:\\\/\\\/eldigitaldeasturias.com\\\/magazine365\\\/pulp-fiction-vuelve-a-la-alfombra-roja-de-cannes-20-anos-despues\\\/#webpage\",\"url\":\"https:\\\/\\\/eldigitaldeasturias.com\\\/magazine365\\\/pulp-fiction-vuelve-a-la-alfombra-roja-de-cannes-20-anos-despues\\\/\",\"name\":\"\\u00abPulp Fiction\\u00bb vuelve a la alfombra roja de Cannes 20 a\\u00f1os despu\\u00e9s | El Digital de Asturias\",\"description\":\"(EFE).- Los protagonistas de \\\"Pulp Fiction\\\", Quentin Tarantino y Uma Thurman, protagonizaron hoy la alfombra roja de Cannes, veinte a\\u00f1os despu\\u00e9s de que el filme de Quentin Tarantino lograra la Palma de Oro del festival. Travolta, acompa\\u00f1ado por su mujer, Kelly Preston, y Thurman apuntaron incluso algunos pases del baile que realizaron en el filme\",\"inLanguage\":\"es-ES\",\"isPartOf\":{\"@id\":\"https:\\\/\\\/eldigitaldeasturias.com\\\/magazine365\\\/#website\"},\"breadcrumb\":{\"@id\":\"https:\\\/\\\/eldigitaldeasturias.com\\\/magazine365\\\/pulp-fiction-vuelve-a-la-alfombra-roja-de-cannes-20-anos-despues\\\/#breadcrumblist\"},\"author\":{\"@id\":\"https:\\\/\\\/eldigitaldeasturias.com\\\/magazine365\\\/author\\\/admin\\\/#author\"},\"creator\":{\"@id\":\"https:\\\/\\\/eldigitaldeasturias.com\\\/magazine365\\\/author\\\/admin\\\/#author\"},\"image\":{\"@type\":\"ImageObject\",\"url\":\"https:\\\/\\\/eldigitaldeasturias.com\\\/magazine365\\\/wp-content\\\/uploads\\\/2014\\\/05\\\/6294846w.jpg\",\"@id\":\"https:\\\/\\\/eldigitaldeasturias.com\\\/magazine365\\\/pulp-fiction-vuelve-a-la-alfombra-roja-de-cannes-20-anos-despues\\\/#mainImage\",\"width\":800,\"height\":551},\"primaryImageOfPage\":{\"@id\":\"https:\\\/\\\/eldigitaldeasturias.com\\\/magazine365\\\/pulp-fiction-vuelve-a-la-alfombra-roja-de-cannes-20-anos-despues\\\/#mainImage\"},\"datePublished\":\"2014-05-24T12:46:20+02:00\",\"dateModified\":\"2014-05-24T12:46:20+02:00\"},{\"@type\":\"WebSite\",\"@id\":\"https:\\\/\\\/eldigitaldeasturias.com\\\/magazine365\\\/#website\",\"url\":\"https:\\\/\\\/eldigitaldeasturias.com\\\/magazine365\\\/\",\"name\":\"El Digital de Asturias\",\"description\":\"Revista de ocio, turismo y estilo de vida\",\"inLanguage\":\"es-ES\",\"publisher\":{\"@id\":\"https:\\\/\\\/eldigitaldeasturias.com\\\/magazine365\\\/#organization\"}}]}\n\t\t<\/script>\n\t\t<!-- All in One SEO Pro -->\r\n\t\t<title>\u00abPulp Fiction\u00bb vuelve a la alfombra roja de Cannes 20 a\u00f1os despu\u00e9s | El Digital de Asturias<\/title>\n\n","aioseo_head_json":{"title":"\u00abPulp Fiction\u00bb vuelve a la alfombra roja de Cannes 20 a\u00f1os despu\u00e9s | El Digital de Asturias","description":"(EFE).- Los protagonistas de \"Pulp Fiction\", Quentin Tarantino y Uma Thurman, protagonizaron hoy la alfombra roja de Cannes, veinte a\u00f1os despu\u00e9s de que el filme de Quentin Tarantino lograra la Palma de Oro del festival. Travolta, acompa\u00f1ado por su mujer, Kelly Preston, y Thurman apuntaron incluso algunos pases del baile que realizaron en el filme","canonical_url":"https:\/\/eldigitaldeasturias.com\/magazine365\/pulp-fiction-vuelve-a-la-alfombra-roja-de-cannes-20-anos-despues\/","robots":"max-image-preview:large","keywords":"noticias y actualidad","webmasterTools":{"google-site-verification":"UA-38556648-1","miscellaneous":""},"schema":{"@context":"https:\/\/schema.org","@graph":[{"@type":"Article","@id":"https:\/\/eldigitaldeasturias.com\/magazine365\/pulp-fiction-vuelve-a-la-alfombra-roja-de-cannes-20-anos-despues\/#article","name":"\u00abPulp Fiction\u00bb vuelve a la alfombra roja de Cannes 20 a\u00f1os despu\u00e9s | El Digital de Asturias","headline":"\u00abPulp Fiction\u00bb vuelve a la alfombra roja de Cannes 20 a\u00f1os despu\u00e9s","author":{"@id":"https:\/\/eldigitaldeasturias.com\/magazine365\/author\/admin\/#author"},"publisher":{"@id":"https:\/\/eldigitaldeasturias.com\/magazine365\/#organization"},"image":{"@type":"ImageObject","url":"https:\/\/eldigitaldeasturias.com\/magazine365\/wp-content\/uploads\/2014\/05\/6294846w.jpg","width":800,"height":551},"datePublished":"2014-05-24T12:46:20+02:00","dateModified":"2014-05-24T12:46:20+02:00","inLanguage":"es-ES","mainEntityOfPage":{"@id":"https:\/\/eldigitaldeasturias.com\/magazine365\/pulp-fiction-vuelve-a-la-alfombra-roja-de-cannes-20-anos-despues\/#webpage"},"isPartOf":{"@id":"https:\/\/eldigitaldeasturias.com\/magazine365\/pulp-fiction-vuelve-a-la-alfombra-roja-de-cannes-20-anos-despues\/#webpage"},"articleSection":"Noticias y Actualidad"},{"@type":"BreadcrumbList","@id":"https:\/\/eldigitaldeasturias.com\/magazine365\/pulp-fiction-vuelve-a-la-alfombra-roja-de-cannes-20-anos-despues\/#breadcrumblist","itemListElement":[{"@type":"ListItem","@id":"https:\/\/eldigitaldeasturias.com\/magazine365#listItem","position":1,"name":"Home","item":"https:\/\/eldigitaldeasturias.com\/magazine365","nextItem":{"@type":"ListItem","@id":"https:\/\/eldigitaldeasturias.com\/magazine365\/category\/noticias-actualidad\/#listItem","name":"Noticias y Actualidad"}},{"@type":"ListItem","@id":"https:\/\/eldigitaldeasturias.com\/magazine365\/category\/noticias-actualidad\/#listItem","position":2,"name":"Noticias y Actualidad","item":"https:\/\/eldigitaldeasturias.com\/magazine365\/category\/noticias-actualidad\/","nextItem":{"@type":"ListItem","@id":"https:\/\/eldigitaldeasturias.com\/magazine365\/pulp-fiction-vuelve-a-la-alfombra-roja-de-cannes-20-anos-despues\/#listItem","name":"\u00abPulp Fiction\u00bb vuelve a la alfombra roja de Cannes 20 a\u00f1os despu\u00e9s"},"previousItem":{"@type":"ListItem","@id":"https:\/\/eldigitaldeasturias.com\/magazine365#listItem","name":"Home"}},{"@type":"ListItem","@id":"https:\/\/eldigitaldeasturias.com\/magazine365\/pulp-fiction-vuelve-a-la-alfombra-roja-de-cannes-20-anos-despues\/#listItem","position":3,"name":"\u00abPulp Fiction\u00bb vuelve a la alfombra roja de Cannes 20 a\u00f1os despu\u00e9s","previousItem":{"@type":"ListItem","@id":"https:\/\/eldigitaldeasturias.com\/magazine365\/category\/noticias-actualidad\/#listItem","name":"Noticias y Actualidad"}}]},{"@type":"Organization","@id":"https:\/\/eldigitaldeasturias.com\/magazine365\/#organization","name":"El digital de Asturias","description":"Revista de ocio, turismo y estilo de vida","url":"https:\/\/eldigitaldeasturias.com\/magazine365\/","logo":{"@type":"ImageObject","url":"https:\/\/www.eldigitaldeasturias.com\/noticias\/wp-content\/uploads\/2020\/12\/EDA.jpg","@id":"https:\/\/eldigitaldeasturias.com\/magazine365\/pulp-fiction-vuelve-a-la-alfombra-roja-de-cannes-20-anos-despues\/#organizationLogo"},"image":{"@id":"https:\/\/eldigitaldeasturias.com\/magazine365\/pulp-fiction-vuelve-a-la-alfombra-roja-de-cannes-20-anos-despues\/#organizationLogo"}},{"@type":"Person","@id":"https:\/\/eldigitaldeasturias.com\/magazine365\/author\/admin\/#author","url":"https:\/\/eldigitaldeasturias.com\/magazine365\/author\/admin\/","name":"admin","image":{"@type":"ImageObject","@id":"https:\/\/eldigitaldeasturias.com\/magazine365\/pulp-fiction-vuelve-a-la-alfombra-roja-de-cannes-20-anos-despues\/#authorImage","url":"https:\/\/eldigitaldeasturias.com\/magazine365\/wp-content\/litespeed\/avatar\/e571bcf59a0edd6fa6838245a470f2fe.jpg?ver=1776969259","width":96,"height":96,"caption":"admin"}},{"@type":"WebPage","@id":"https:\/\/eldigitaldeasturias.com\/magazine365\/pulp-fiction-vuelve-a-la-alfombra-roja-de-cannes-20-anos-despues\/#webpage","url":"https:\/\/eldigitaldeasturias.com\/magazine365\/pulp-fiction-vuelve-a-la-alfombra-roja-de-cannes-20-anos-despues\/","name":"\u00abPulp Fiction\u00bb vuelve a la alfombra roja de Cannes 20 a\u00f1os despu\u00e9s | El Digital de Asturias","description":"(EFE).- Los protagonistas de \"Pulp Fiction\", Quentin Tarantino y Uma Thurman, protagonizaron hoy la alfombra roja de Cannes, veinte a\u00f1os despu\u00e9s de que el filme de Quentin Tarantino lograra la Palma de Oro del festival. Travolta, acompa\u00f1ado por su mujer, Kelly Preston, y Thurman apuntaron incluso algunos pases del baile que realizaron en el filme","inLanguage":"es-ES","isPartOf":{"@id":"https:\/\/eldigitaldeasturias.com\/magazine365\/#website"},"breadcrumb":{"@id":"https:\/\/eldigitaldeasturias.com\/magazine365\/pulp-fiction-vuelve-a-la-alfombra-roja-de-cannes-20-anos-despues\/#breadcrumblist"},"author":{"@id":"https:\/\/eldigitaldeasturias.com\/magazine365\/author\/admin\/#author"},"creator":{"@id":"https:\/\/eldigitaldeasturias.com\/magazine365\/author\/admin\/#author"},"image":{"@type":"ImageObject","url":"https:\/\/eldigitaldeasturias.com\/magazine365\/wp-content\/uploads\/2014\/05\/6294846w.jpg","@id":"https:\/\/eldigitaldeasturias.com\/magazine365\/pulp-fiction-vuelve-a-la-alfombra-roja-de-cannes-20-anos-despues\/#mainImage","width":800,"height":551},"primaryImageOfPage":{"@id":"https:\/\/eldigitaldeasturias.com\/magazine365\/pulp-fiction-vuelve-a-la-alfombra-roja-de-cannes-20-anos-despues\/#mainImage"},"datePublished":"2014-05-24T12:46:20+02:00","dateModified":"2014-05-24T12:46:20+02:00"},{"@type":"WebSite","@id":"https:\/\/eldigitaldeasturias.com\/magazine365\/#website","url":"https:\/\/eldigitaldeasturias.com\/magazine365\/","name":"El Digital de Asturias","description":"Revista de ocio, turismo y estilo de vida","inLanguage":"es-ES","publisher":{"@id":"https:\/\/eldigitaldeasturias.com\/magazine365\/#organization"}}]},"og:locale":"es_ES","og:site_name":"El Digital de Asturias \u2013 Revista de ocio, turismo y estilo de vida","og:type":"article","og:title":"\u00abPulp Fiction\u00bb vuelve a la alfombra roja de Cannes 20 a\u00f1os despu\u00e9s | El Digital de Asturias","og:description":"(EFE).- Los protagonistas de &quot;Pulp Fiction&quot;, Quentin Tarantino y Uma Thurman, protagonizaron hoy la alfombra roja de Cannes, veinte a\u00f1os despu\u00e9s de que el filme de Quentin Tarantino lograra la Palma de Oro del festival. Travolta, acompa\u00f1ado por su mujer, Kelly Preston, y Thurman apuntaron incluso algunos pases del baile que realizaron en el filme","og:url":"https:\/\/eldigitaldeasturias.com\/magazine365\/pulp-fiction-vuelve-a-la-alfombra-roja-de-cannes-20-anos-despues\/","og:image":"https:\/\/eldigitaldeasturias.com\/magazine365\/wp-content\/uploads\/2014\/05\/6294846w.jpg","og:image:secure_url":"https:\/\/eldigitaldeasturias.com\/magazine365\/wp-content\/uploads\/2014\/05\/6294846w.jpg","og:image:width":800,"og:image:height":551,"article:published_time":"2014-05-24T14:46:20+00:00","article:modified_time":"2014-05-24T14:46:20+00:00","twitter:card":"summary_large_image","twitter:title":"\u00abPulp Fiction\u00bb vuelve a la alfombra roja de Cannes 20 a\u00f1os despu\u00e9s | El Digital de Asturias","twitter:description":"(EFE).- Los protagonistas de &quot;Pulp Fiction&quot;, Quentin Tarantino y Uma Thurman, protagonizaron hoy la alfombra roja de Cannes, veinte a\u00f1os despu\u00e9s de que el filme de Quentin Tarantino lograra la Palma de Oro del festival. Travolta, acompa\u00f1ado por su mujer, Kelly Preston, y Thurman apuntaron incluso algunos pases del baile que realizaron en el filme","twitter:image":"https:\/\/eldigitaldeasturias.com\/magazine365\/wp-content\/uploads\/2014\/05\/6294846w.jpg"},"aioseo_meta_data":{"post_id":"13792","title":null,"description":null,"keywords":null,"keyphrases":null,"primary_term":null,"canonical_url":null,"og_title":null,"og_description":null,"og_object_type":"default","og_image_type":"default","og_image_url":null,"og_image_width":null,"og_image_height":null,"og_image_custom_url":null,"og_image_custom_fields":null,"og_video":null,"og_custom_url":null,"og_article_section":null,"og_article_tags":null,"twitter_use_og":false,"twitter_card":"default","twitter_image_type":"default","twitter_image_url":null,"twitter_image_custom_url":null,"twitter_image_custom_fields":null,"twitter_title":null,"twitter_description":null,"schema":{"blockGraphs":[],"customGraphs":[],"default":{"data":{"Article":[],"Course":[],"Dataset":[],"FAQPage":[],"Movie":[],"Person":[],"Product":[],"ProductReview":[],"Car":[],"Recipe":[],"Service":[],"SoftwareApplication":[],"WebPage":[]},"graphName":"","isEnabled":true},"graphs":[],"defaultGraph":"","defaultPostTypeGraph":""},"schema_type":null,"schema_type_options":null,"pillar_content":false,"robots_default":true,"robots_noindex":false,"robots_noarchive":false,"robots_nosnippet":false,"robots_nofollow":false,"robots_noimageindex":false,"robots_noodp":false,"robots_notranslate":false,"robots_max_snippet":null,"robots_max_videopreview":null,"robots_max_imagepreview":"large","priority":null,"frequency":null,"location":null,"local_seo":null,"seo_analyzer_scan_date":"2025-09-17 08:57:04","breadcrumb_settings":null,"limit_modified_date":false,"open_ai":null,"ai":null,"created":"2021-03-09 08:23:49","updated":"2025-09-17 08:57:04"},"aioseo_breadcrumb":"<div class=\"aioseo-breadcrumbs\"><span class=\"aioseo-breadcrumb\">\n\t<a href=\"https:\/\/eldigitaldeasturias.com\/magazine365\" title=\"Home\">Home<\/a>\n<\/span><span class=\"aioseo-breadcrumb-separator\">\u2013<\/span><span class=\"aioseo-breadcrumb\">\n\t<a href=\"https:\/\/eldigitaldeasturias.com\/magazine365\/category\/noticias-actualidad\/\" title=\"Noticias y Actualidad\">Noticias y Actualidad<\/a>\n<\/span><span class=\"aioseo-breadcrumb-separator\">\u2013<\/span><span class=\"aioseo-breadcrumb\">\n\t<a href=\"https:\/\/eldigitaldeasturias.com\/magazine365\/pulp-fiction-vuelve-a-la-alfombra-roja-de-cannes-20-anos-despues\/\" title=\"\u00abPulp Fiction\u00bb vuelve a la alfombra roja de Cannes 20 a\u00f1os despu\u00e9s\">\u00abPulp Fiction\u00bb vuelve a la alfombra roja de Cannes 20 a\u00f1os despu\u00e9s<\/a>\n<\/span><\/div>","aioseo_breadcrumb_json":[{"label":"Home","link":"https:\/\/eldigitaldeasturias.com\/magazine365"},{"label":"Noticias y Actualidad","link":"https:\/\/eldigitaldeasturias.com\/magazine365\/category\/noticias-actualidad\/"},{"label":"\u00abPulp Fiction\u00bb vuelve a la alfombra roja de Cannes 20 a\u00f1os despu\u00e9s","link":"https:\/\/eldigitaldeasturias.com\/magazine365\/pulp-fiction-vuelve-a-la-alfombra-roja-de-cannes-20-anos-despues\/"}],"_links":{"self":[{"href":"https:\/\/eldigitaldeasturias.com\/magazine365\/wp-json\/wp\/v2\/posts\/13792","targetHints":{"allow":["GET"]}}],"collection":[{"href":"https:\/\/eldigitaldeasturias.com\/magazine365\/wp-json\/wp\/v2\/posts"}],"about":[{"href":"https:\/\/eldigitaldeasturias.com\/magazine365\/wp-json\/wp\/v2\/types\/post"}],"author":[{"embeddable":true,"href":"https:\/\/eldigitaldeasturias.com\/magazine365\/wp-json\/wp\/v2\/users\/1"}],"replies":[{"embeddable":true,"href":"https:\/\/eldigitaldeasturias.com\/magazine365\/wp-json\/wp\/v2\/comments?post=13792"}],"version-history":[{"count":0,"href":"https:\/\/eldigitaldeasturias.com\/magazine365\/wp-json\/wp\/v2\/posts\/13792\/revisions"}],"wp:featuredmedia":[{"embeddable":true,"href":"https:\/\/eldigitaldeasturias.com\/magazine365\/wp-json\/wp\/v2\/media\/13793"}],"wp:attachment":[{"href":"https:\/\/eldigitaldeasturias.com\/magazine365\/wp-json\/wp\/v2\/media?parent=13792"}],"wp:term":[{"taxonomy":"category","embeddable":true,"href":"https:\/\/eldigitaldeasturias.com\/magazine365\/wp-json\/wp\/v2\/categories?post=13792"},{"taxonomy":"post_tag","embeddable":true,"href":"https:\/\/eldigitaldeasturias.com\/magazine365\/wp-json\/wp\/v2\/tags?post=13792"}],"curies":[{"name":"wp","href":"https:\/\/api.w.org\/{rel}","templated":true}]}}